{"id":210111,"date":"2026-09-01T21:41:09","date_gmt":"2026-09-02T00:41:09","guid":{"rendered":"https:\/\/gysfm.com.ar\/inicio\/se-hunden-los-bonos-en-todo-el-mundo-y-crece-el-temor-a-una-aceleracion-de-la-inflacion\/"},"modified":"2026-09-01T21:41:10","modified_gmt":"2026-09-02T00:41:10","slug":"se-hunden-los-bonos-en-todo-el-mundo-y-crece-el-temor-a-una-aceleracion-de-la-inflacion","status":"publish","type":"post","link":"https:\/\/gysfm.com.ar\/inicio\/se-hunden-los-bonos-en-todo-el-mundo-y-crece-el-temor-a-una-aceleracion-de-la-inflacion\/","title":{"rendered":"Se hunden los bonos en todo el mundo y crece el temor a una aceleraci\u00f3n de la inflaci\u00f3n"},"content":{"rendered":"<p> <br \/>\n<\/p>\n<div>\n<p class=\"com-paragraph --capital --s\">WASHINGTON.\u2013 Los mercados financieros comenzaron septiembre bajo presi\u00f3n, con una <strong>fuerte venta de bonos soberanos que elev\u00f3 los costos de endeudamiento<\/strong> en algunas de las principales econom\u00edas del mundo y reaviv\u00f3 el<strong> temor a que la persistencia de la inflaci\u00f3n obligue a los bancos centrales a mantener o incluso subir las tasas de inter\u00e9s<\/strong>.<\/p>\n<p class=\"com-paragraph --s\">En <a href=\"https:\/\/www.lanacion.com.ar\/estados-unidos\/el-secretario-del-ejercito-norteamericano-renuncia-tras-enfrentarse-con-hegseth-por-destituciones-en-nid01092026\/\" target=\"_self\" title=\"https:\/\/www.lanacion.com.ar\/estados-unidos\/el-secretario-del-ejercito-norteamericano-renuncia-tras-enfrentarse-con-hegseth-por-destituciones-en-nid01092026\/\" class=\"com-link break-word\" data-mrf-recirculation=\"n_link_parrafo\">Estados Unidos<\/a>, el <strong>rendimiento del bono del Tesoro a dos a\u00f1os<\/strong>, especialmente sensible a las expectativas sobre las decisiones de la Reserva Federal (Fed), <strong>trep\u00f3<\/strong> este martes al <strong>4,35%<\/strong>, frente al 3,50% de comienzos de a\u00f1o. El <strong>rendimiento del bono a 10 a\u00f1os<\/strong>, una referencia clave para el costo del cr\u00e9dito en la econom\u00eda mundial, <strong>subi\u00f3 al<\/strong> <strong>4,79%<\/strong>, desde el 4,73% del viernes, y alcanz\u00f3 as\u00ed su nivel m\u00e1s alto desde enero de 2025.<\/p>\n<p class=\"com-paragraph --s\">El movimiento no se limita a Estados Unidos. La ola de ventas se extendi\u00f3 por los principales mercados de deuda, en una se\u00f1al de que los <strong>inversores est\u00e1n exigiendo mayores rendimientos para prestar dinero a los gobiernos<\/strong>, preocupados por una combinaci\u00f3n de <strong>inflaci\u00f3n persistente, elevados niveles de deuda y d\u00e9ficits fiscales crecientes<\/strong>.<\/p>\n<p class=\"com-paragraph --s\">En Jap\u00f3n, el rendimiento del bono a 10 a\u00f1os super\u00f3 el 3% por primera vez desde 1996, mientras que en Alemania alcanz\u00f3 tambi\u00e9n el 3%, un nivel que no se ve\u00eda desde 2011. En Gran Breta\u00f1a, el rendimiento de los bonos a 10 a\u00f1os lleg\u00f3 a su mayor nivel desde mediados de 2007.<\/p>\n<div class=\"content-media\">\n<section role=\"button\" class=\"mod-media   \">\n<figure role=\"button\" tabindex=\"0\" class=\"mod-figure \"><figcaption class=\"mod-figcaption\"><span class=\"com-text --caption --twoxs\">El rendimiento del bono japon\u00e9s a 10 a\u00f1os alcanz\u00f3 el 3%, un nivel que no se ve\u00eda desde 1996<\/span><span class=\"com-text --credit --twoxs\">JUNG YEON-JE &#8211; AFP<\/span><\/figcaption><\/figure>\n<\/section>\n<\/div>\n<p class=\"com-paragraph --s\">La presi\u00f3n llega en un momento particularmente delicado para Estados Unidos. La <a href=\"https:\/\/www.lanacion.com.ar\/el-mundo\/estados-unidos-rompe-un-record-historico-y-su-deuda-supera-los-us40-billones-nid20082026\/\" target=\"_self\" title=\"https:\/\/www.lanacion.com.ar\/el-mundo\/estados-unidos-rompe-un-record-historico-y-su-deuda-supera-los-us40-billones-nid20082026\/\" class=\"com-link break-word\" data-mrf-recirculation=\"n_link_parrafo\"><strong>deuda p\u00fablica estadounidense<\/strong> <strong>super\u00f3 por primera vez los 40 billones de d\u00f3lares<\/strong><\/a>, mientras que el <strong>pago de intereses y el gasto en defensa absorben una porci\u00f3n creciente del presupuesto<\/strong> federal. Para los inversores, el problema no es solamente el volumen de deuda sino la percepci\u00f3n de que los gobiernos tienen dificultades para presentar planes cre\u00edbles para contener sus d\u00e9ficits.<\/p>\n<p class=\"com-paragraph --s\">La situaci\u00f3n tambi\u00e9n afecta a los mercados de acciones. Los futuros del <strong>S&amp;P 500 ced\u00edan 0,6%<\/strong>, los del <strong>Dow Jones 0,8%<\/strong> y los del <strong>Nasdaq alrededor de 1%<\/strong>. Las acciones tecnol\u00f3gicas volv\u00edan a estar entre las m\u00e1s castigadas antes de la apertura de Wall Street, con bajas para Nvidia, Microsoft, Alphabet y Micron Technology.<\/p>\n<p><h2 class=\"font-primary font-w-bold text-subheading-lg text-left container-center-100 mb-8\"><span>Crisis energ\u00e9tica<\/span><\/h2>\n<\/p>\n<p class=\"com-paragraph --s\">El principal combustible de la preocupaci\u00f3n vuelve a ser la energ\u00eda. La guerra entre Estados Unidos e Ir\u00e1n y la<strong> reducci\u00f3n del tr\u00e1fico en el<\/strong> <strong>estrecho de Ormuz<\/strong>, por donde antes de la crisis transitaba alrededor del 20% de los env\u00edos mundiales de petr\u00f3leo, mantienen al crudo en niveles elevados.<\/p>\n<p class=\"com-paragraph --s\">El <strong>Brent<\/strong>, referencia internacional, <strong>subi\u00f3 <\/strong>este martes <strong>1,7%, hasta unos 92 d\u00f3lares por barril<\/strong>, despu\u00e9s de haber avanzado 2,7% el lunes. El petr\u00f3leo estadounidense <strong>West Texas Intermediate <\/strong>(WTI)<strong> aument\u00f3 2,2%<\/strong>, hasta 87,67 d\u00f3lares.<\/p>\n<p class=\"com-paragraph --s\">La escalada del crudo amenaza con trasladarse nuevamente a los precios que pagan consumidores y empresas. Seg\u00fan la Asociaci\u00f3n Estadounidense del Autom\u00f3vil (AAA), el precio promedio nacional de la gasolina en Estados Unidos super\u00f3 los <strong>4 d\u00f3lares por gal\u00f3n durante todos los d\u00edas de agosto<\/strong>, algo que <strong>no hab\u00eda ocurrido nunca<\/strong> y que convirti\u00f3 al mes en el m\u00e1s caro registrado en las estaciones de servicio.<\/p>\n<div class=\"content-media\">\n<section role=\"button\" class=\"mod-media   \">\n<figure role=\"button\" tabindex=\"0\" class=\"mod-figure \"><figcaption class=\"mod-figcaption\"><span class=\"com-text --caption --twoxs\">El Brent super\u00f3 los 92 d\u00f3lares por barril tras la reanudaci\u00f3n de los enfrentamientos entre Estados Unidos e Ir\u00e1n<\/span><span class=\"com-text --credit --twoxs\">FREDERIC J. BROWN &#8211; AFP<\/span><\/figcaption><\/figure>\n<\/section>\n<\/div>\n<p class=\"com-paragraph --s\">El problema para la Reserva Federal es que la<strong> inflaci\u00f3n ya se encuentra por encima de su objetivo del<\/strong> <strong>2%<\/strong>. El aumento de la energ\u00eda podr\u00eda reforzar las expectativas de nuevas presiones sobre los precios y dificultar el margen de maniobra del banco central.<\/p>\n<p class=\"com-paragraph --s\">El <strong>presidente de la Fed,<\/strong> <strong>Kevin Warsh<\/strong>, dej\u00f3 abierta la semana pasada la<strong> posibilidad de una suba de tasas si la inflaci\u00f3n no muestra una mejora suficiente<\/strong>. Esta semana, los inversores estar\u00e1n atentos a dos datos clave: el <strong>pr\u00f3ximo informe oficial de inflaci\u00f3n<\/strong> y el <strong>reporte mensual de empleo<\/strong>, que podr\u00edan resultar decisivos para la pr\u00f3xima reuni\u00f3n de la Reserva Federal.<\/p>\n<p><h2 class=\"font-primary font-w-bold text-subheading-lg text-left container-center-100 mb-8\"><span>\u201cSe necesita un factor disciplinario\u201d<\/span><\/h2>\n<\/p>\n<p class=\"com-paragraph --s\">El dilema es especialmente complejo porque el<strong> mercado laboral tambi\u00e9n muestra se\u00f1ales de enfriamiento<\/strong>. Aunque el <strong>desempleo<\/strong> se mantiene relativamente bajo, en <strong>4,1%<\/strong>, la <strong>creaci\u00f3n de puestos de trabajo se estanc\u00f3 inesperadamente<\/strong> el mes pasado. Una suba de tasas podr\u00eda contribuir a contener los precios, pero al mismo tiempo profundizar el deterioro del empleo.<\/p>\n<p class=\"com-paragraph --s\"><strong>\u201cEs una historia global\u201d<\/strong>, resumi\u00f3 Peter Schaffrik, estratega de RBC Capital Markets en Londres, al describir la ola de ventas de deuda.<\/p>\n<div class=\"content-media\">\n<section role=\"button\" class=\"mod-media   \">\n<figure role=\"button\" tabindex=\"0\" class=\"mod-figure \"><figcaption class=\"mod-figcaption\"><span class=\"com-text --caption --twoxs\">Las grandes tecnol\u00f3gicas est\u00e1n recurriendo con fuerza al mercado de bonos para financiar sus inversiones en inteligencia artificial<\/span><span class=\"com-text --credit --twoxs\">Shutterstock<\/span><\/figcaption><\/figure>\n<\/section>\n<\/div>\n<p class=\"com-paragraph --s\">Adem\u00e1s de la inflaci\u00f3n y la deuda p\u00fablica, los mercados enfrentan otro fen\u00f3meno. El <strong>fuerte endeudamiento de las grandes empresas tecnol\u00f3gicas para financiar el desarrollo de sistemas de inteligencia artificial<\/strong>. Las compa\u00f1\u00edas emitieron miles de millones de d\u00f3lares en bonos, aumentando la oferta de deuda y compitiendo por el dinero de los inversores que tradicionalmente se dirige hacia los t\u00edtulos soberanos.<\/p>\n<p class=\"com-paragraph --s\">En Europa, la <strong>preocupaci\u00f3n fiscal <\/strong>es particularmente visible en <strong>Francia<\/strong>. Su <strong>deuda p\u00fablica ya super\u00f3 los 3,5 billones de euros<\/strong>, equivalentes a cerca del <strong>117% de su econom\u00eda<\/strong>, y el mercado comenz\u00f3 a exigir una prima cada vez mayor para financiar al gobierno franc\u00e9s. Este verano, el rendimiento de los bonos franceses lleg\u00f3 incluso a superar al de los t\u00edtulos italianos.<\/p>\n<p class=\"com-paragraph --s\"><strong>Jap\u00f3n <\/strong>enfrenta una situaci\u00f3n a\u00fan m\u00e1s extrema: su <strong>deuda p\u00fablica duplica con creces el tama\u00f1o de su econom\u00eda<\/strong>, mientras el gobierno contin\u00faa con un elevado nivel de gasto.<\/p>\n<p class=\"com-paragraph --s\">Por ahora, no est\u00e1 claro qu\u00e9 factor podr\u00e1 revertir la tendencia. Pero para algunos estrategas, el <strong>mercado de bonos puede terminar funcionando como un mecanismo de presi\u00f3n sobre los gobiernos para que reduzcan sus d\u00e9ficits<\/strong>.<\/p>\n<p class=\"com-paragraph --s\"><strong>\u201cSe necesita alg\u00fan tipo de factor disciplinario, y ese probablemente sea el mercado de bonos\u201d<\/strong>, advirti\u00f3 Schaffrik.<\/p>\n<p class=\"com-paragraph --s\"><strong>Agencias AP y Reuters y diario <\/strong><em><strong>The New York Times<\/strong><\/em><\/p>\n<section class=\"container-center-100 mb-40 border border-bottom border-thin border-neutral-light-700\">\n<hr\/>\n<\/section>\n<\/div>\n<p><script id=\"facebookpixel\" defer=\"\" type=\"text\/javascript\">\n        !function(f,b,e,v,n,t,s)\n        {if(f.fbq)return;n=f.fbq=function(){n.callMethod?\n        n.callMethod.apply(n,arguments):n.queue.push(arguments)};\n        if(!f._fbq)f._fbq=n;n.push=n;n.loaded=!0;n.version='2.0';\n        n.queue=[];t=b.createElement(e);t.async=!0;\n        t.src=v;s=b.getElementsByTagName(e)[0];\n        s.parentNode.insertBefore(t,s)}(window, document,'script',\n        'https:\/\/connect.facebook.net\/en_US\/fbevents.js');\n        fbq('init', '492459597522335');\n        fbq('track', 'PageView');\n    <\/script><br \/>\n<br \/><\/p>\n","protected":false},"excerpt":{"rendered":"<p>WASHINGTON.\u2013 Los mercados financieros comenzaron septiembre bajo presi\u00f3n, con una fuerte venta de bonos soberanos que elev\u00f3 los costos de endeudamiento en algunas de las principales econom\u00edas del mundo y reaviv\u00f3 el temor a que la persistencia de la inflaci\u00f3n obligue a los bancos centrales a mantener o incluso subir las tasas de inter\u00e9s. En [&hellip;]<\/p>\n","protected":false},"author":2,"featured_media":210112,"comment_status":"closed","ping_status":"closed","sticky":false,"template":"","format":"standard","meta":{"footnotes":""},"categories":[26],"tags":[],"class_list":["post-210111","post","type-post","status-publish","format-standard","has-post-thumbnail","hentry","category-internacionales"],"yoast_head":"<!-- This site is optimized with the Yoast SEO plugin v24.4 - https:\/\/yoast.com\/wordpress\/plugins\/seo\/ -->\n<title>Se hunden los bonos en todo el mundo y crece el temor a una aceleraci\u00f3n de la inflaci\u00f3n - GYS NOTICIAS |<\/title>\n<meta name=\"robots\" content=\"index, follow, max-snippet:-1, max-image-preview:large, max-video-preview:-1\" \/>\n<link rel=\"canonical\" href=\"https:\/\/gysfm.com.ar\/inicio\/se-hunden-los-bonos-en-todo-el-mundo-y-crece-el-temor-a-una-aceleracion-de-la-inflacion\/\" \/>\n<meta property=\"og:locale\" content=\"es_ES\" \/>\n<meta property=\"og:type\" content=\"article\" \/>\n<meta property=\"og:title\" content=\"Se hunden los bonos en todo el mundo y crece el temor a una aceleraci\u00f3n de la inflaci\u00f3n - GYS NOTICIAS |\" \/>\n<meta property=\"og:description\" content=\"WASHINGTON.\u2013 Los mercados financieros comenzaron septiembre bajo presi\u00f3n, con una fuerte venta de bonos soberanos que elev\u00f3 los costos de endeudamiento en algunas de las principales econom\u00edas del mundo y reaviv\u00f3 el temor a que la persistencia de la inflaci\u00f3n obligue a los bancos centrales a mantener o incluso subir las tasas de inter\u00e9s. En [&hellip;]\" \/>\n<meta property=\"og:url\" content=\"https:\/\/gysfm.com.ar\/inicio\/se-hunden-los-bonos-en-todo-el-mundo-y-crece-el-temor-a-una-aceleracion-de-la-inflacion\/\" \/>\n<meta property=\"og:site_name\" content=\"GYS NOTICIAS |\" \/>\n<meta property=\"article:published_time\" content=\"2026-09-02T00:41:09+00:00\" \/>\n<meta property=\"article:modified_time\" content=\"2026-09-02T00:41:10+00:00\" \/>\n<meta property=\"og:image\" content=\"https:\/\/gysfm.com.ar\/inicio\/wp-content\/uploads\/2026\/09\/los-bonos-soberanos-de-las-principales-economias-47LMSHTIBZASNM4X65UV6VJEZU.jpg\" \/>\n\t<meta property=\"og:image:width\" content=\"1200\" \/>\n\t<meta property=\"og:image:height\" content=\"800\" \/>\n\t<meta property=\"og:image:type\" content=\"image\/jpeg\" \/>\n<meta name=\"author\" content=\"Prensa G&amp;S FM\" \/>\n<meta name=\"twitter:card\" content=\"summary_large_image\" \/>\n<meta name=\"twitter:label1\" content=\"Escrito por\" \/>\n\t<meta name=\"twitter:data1\" content=\"Prensa G&amp;S FM\" \/>\n\t<meta name=\"twitter:label2\" content=\"Tiempo de lectura\" \/>\n\t<meta name=\"twitter:data2\" content=\"5 minutos\" \/>\n<script type=\"application\/ld+json\" class=\"yoast-schema-graph\">{\"@context\":\"https:\/\/schema.org\",\"@graph\":[{\"@type\":\"Article\",\"@id\":\"https:\/\/gysfm.com.ar\/inicio\/se-hunden-los-bonos-en-todo-el-mundo-y-crece-el-temor-a-una-aceleracion-de-la-inflacion\/#article\",\"isPartOf\":{\"@id\":\"https:\/\/gysfm.com.ar\/inicio\/se-hunden-los-bonos-en-todo-el-mundo-y-crece-el-temor-a-una-aceleracion-de-la-inflacion\/\"},\"author\":{\"name\":\"Prensa G&amp;S FM\",\"@id\":\"https:\/\/gysfm.com.ar\/inicio\/#\/schema\/person\/3abba7593ef2ad19e1be221d54383dc5\"},\"headline\":\"Se hunden los bonos en todo el mundo y crece el temor a una aceleraci\u00f3n de la inflaci\u00f3n\",\"datePublished\":\"2026-09-02T00:41:09+00:00\",\"dateModified\":\"2026-09-02T00:41:10+00:00\",\"mainEntityOfPage\":{\"@id\":\"https:\/\/gysfm.com.ar\/inicio\/se-hunden-los-bonos-en-todo-el-mundo-y-crece-el-temor-a-una-aceleracion-de-la-inflacion\/\"},\"wordCount\":1065,\"publisher\":{\"@id\":\"https:\/\/gysfm.com.ar\/inicio\/#organization\"},\"image\":{\"@id\":\"https:\/\/gysfm.com.ar\/inicio\/se-hunden-los-bonos-en-todo-el-mundo-y-crece-el-temor-a-una-aceleracion-de-la-inflacion\/#primaryimage\"},\"thumbnailUrl\":\"https:\/\/gysfm.com.ar\/inicio\/wp-content\/uploads\/2026\/09\/los-bonos-soberanos-de-las-principales-economias-47LMSHTIBZASNM4X65UV6VJEZU.jpg\",\"articleSection\":[\"INTERNACIONALES\"],\"inLanguage\":\"es\"},{\"@type\":\"WebPage\",\"@id\":\"https:\/\/gysfm.com.ar\/inicio\/se-hunden-los-bonos-en-todo-el-mundo-y-crece-el-temor-a-una-aceleracion-de-la-inflacion\/\",\"url\":\"https:\/\/gysfm.com.ar\/inicio\/se-hunden-los-bonos-en-todo-el-mundo-y-crece-el-temor-a-una-aceleracion-de-la-inflacion\/\",\"name\":\"Se hunden los bonos en todo el mundo y crece el temor a una aceleraci\u00f3n de la inflaci\u00f3n - GYS NOTICIAS |\",\"isPartOf\":{\"@id\":\"https:\/\/gysfm.com.ar\/inicio\/#website\"},\"primaryImageOfPage\":{\"@id\":\"https:\/\/gysfm.com.ar\/inicio\/se-hunden-los-bonos-en-todo-el-mundo-y-crece-el-temor-a-una-aceleracion-de-la-inflacion\/#primaryimage\"},\"image\":{\"@id\":\"https:\/\/gysfm.com.ar\/inicio\/se-hunden-los-bonos-en-todo-el-mundo-y-crece-el-temor-a-una-aceleracion-de-la-inflacion\/#primaryimage\"},\"thumbnailUrl\":\"https:\/\/gysfm.com.ar\/inicio\/wp-content\/uploads\/2026\/09\/los-bonos-soberanos-de-las-principales-economias-47LMSHTIBZASNM4X65UV6VJEZU.jpg\",\"datePublished\":\"2026-09-02T00:41:09+00:00\",\"dateModified\":\"2026-09-02T00:41:10+00:00\",\"breadcrumb\":{\"@id\":\"https:\/\/gysfm.com.ar\/inicio\/se-hunden-los-bonos-en-todo-el-mundo-y-crece-el-temor-a-una-aceleracion-de-la-inflacion\/#breadcrumb\"},\"inLanguage\":\"es\",\"potentialAction\":[{\"@type\":\"ReadAction\",\"target\":[\"https:\/\/gysfm.com.ar\/inicio\/se-hunden-los-bonos-en-todo-el-mundo-y-crece-el-temor-a-una-aceleracion-de-la-inflacion\/\"]}]},{\"@type\":\"ImageObject\",\"inLanguage\":\"es\",\"@id\":\"https:\/\/gysfm.com.ar\/inicio\/se-hunden-los-bonos-en-todo-el-mundo-y-crece-el-temor-a-una-aceleracion-de-la-inflacion\/#primaryimage\",\"url\":\"https:\/\/gysfm.com.ar\/inicio\/wp-content\/uploads\/2026\/09\/los-bonos-soberanos-de-las-principales-economias-47LMSHTIBZASNM4X65UV6VJEZU.jpg\",\"contentUrl\":\"https:\/\/gysfm.com.ar\/inicio\/wp-content\/uploads\/2026\/09\/los-bonos-soberanos-de-las-principales-economias-47LMSHTIBZASNM4X65UV6VJEZU.jpg\",\"width\":1200,\"height\":800},{\"@type\":\"BreadcrumbList\",\"@id\":\"https:\/\/gysfm.com.ar\/inicio\/se-hunden-los-bonos-en-todo-el-mundo-y-crece-el-temor-a-una-aceleracion-de-la-inflacion\/#breadcrumb\",\"itemListElement\":[{\"@type\":\"ListItem\",\"position\":1,\"name\":\"Portada\",\"item\":\"https:\/\/gysfm.com.ar\/inicio\/\"},{\"@type\":\"ListItem\",\"position\":2,\"name\":\"Se hunden los bonos en todo el mundo y crece el temor a una aceleraci\u00f3n de la inflaci\u00f3n\"}]},{\"@type\":\"WebSite\",\"@id\":\"https:\/\/gysfm.com.ar\/inicio\/#website\",\"url\":\"https:\/\/gysfm.com.ar\/inicio\/\",\"name\":\"GYS NOTICIAS |\",\"description\":\"DIARIO - RADIO ONLINE SAN JUAN ARGENTINA\",\"publisher\":{\"@id\":\"https:\/\/gysfm.com.ar\/inicio\/#organization\"},\"potentialAction\":[{\"@type\":\"SearchAction\",\"target\":{\"@type\":\"EntryPoint\",\"urlTemplate\":\"https:\/\/gysfm.com.ar\/inicio\/?s={search_term_string}\"},\"query-input\":{\"@type\":\"PropertyValueSpecification\",\"valueRequired\":true,\"valueName\":\"search_term_string\"}}],\"inLanguage\":\"es\"},{\"@type\":\"Organization\",\"@id\":\"https:\/\/gysfm.com.ar\/inicio\/#organization\",\"name\":\"GYS NOTICIAS |\",\"url\":\"https:\/\/gysfm.com.ar\/inicio\/\",\"logo\":{\"@type\":\"ImageObject\",\"inLanguage\":\"es\",\"@id\":\"https:\/\/gysfm.com.ar\/inicio\/#\/schema\/logo\/image\/\",\"url\":\"https:\/\/gysfm.com.ar\/inicio\/wp-content\/uploads\/2023\/07\/LOGOGYS-OK.png\",\"contentUrl\":\"https:\/\/gysfm.com.ar\/inicio\/wp-content\/uploads\/2023\/07\/LOGOGYS-OK.png\",\"width\":1170,\"height\":872,\"caption\":\"GYS NOTICIAS |\"},\"image\":{\"@id\":\"https:\/\/gysfm.com.ar\/inicio\/#\/schema\/logo\/image\/\"}},{\"@type\":\"Person\",\"@id\":\"https:\/\/gysfm.com.ar\/inicio\/#\/schema\/person\/3abba7593ef2ad19e1be221d54383dc5\",\"name\":\"Prensa G&amp;S FM\",\"image\":{\"@type\":\"ImageObject\",\"inLanguage\":\"es\",\"@id\":\"https:\/\/gysfm.com.ar\/inicio\/#\/schema\/person\/image\/\",\"url\":\"https:\/\/secure.gravatar.com\/avatar\/096ec78df02049ab018702bb4ccedf659377fa92a26540b5247612077a0dbd29?s=96&d=mm&r=g\",\"contentUrl\":\"https:\/\/secure.gravatar.com\/avatar\/096ec78df02049ab018702bb4ccedf659377fa92a26540b5247612077a0dbd29?s=96&d=mm&r=g\",\"caption\":\"Prensa G&amp;S FM\"},\"sameAs\":[\"https:\/\/gysfm.com.ar\/\"],\"url\":\"https:\/\/gysfm.com.ar\/inicio\/author\/lucasm\/\"}]}<\/script>\n<!-- \/ Yoast SEO plugin. -->","yoast_head_json":{"title":"Se hunden los bonos en todo el mundo y crece el temor a una aceleraci\u00f3n de la inflaci\u00f3n - GYS NOTICIAS |","robots":{"index":"index","follow":"follow","max-snippet":"max-snippet:-1","max-image-preview":"max-image-preview:large","max-video-preview":"max-video-preview:-1"},"canonical":"https:\/\/gysfm.com.ar\/inicio\/se-hunden-los-bonos-en-todo-el-mundo-y-crece-el-temor-a-una-aceleracion-de-la-inflacion\/","og_locale":"es_ES","og_type":"article","og_title":"Se hunden los bonos en todo el mundo y crece el temor a una aceleraci\u00f3n de la inflaci\u00f3n - GYS NOTICIAS |","og_description":"WASHINGTON.\u2013 Los mercados financieros comenzaron septiembre bajo presi\u00f3n, con una fuerte venta de bonos soberanos que elev\u00f3 los costos de endeudamiento en algunas de las principales econom\u00edas del mundo y reaviv\u00f3 el temor a que la persistencia de la inflaci\u00f3n obligue a los bancos centrales a mantener o incluso subir las tasas de inter\u00e9s. En [&hellip;]","og_url":"https:\/\/gysfm.com.ar\/inicio\/se-hunden-los-bonos-en-todo-el-mundo-y-crece-el-temor-a-una-aceleracion-de-la-inflacion\/","og_site_name":"GYS NOTICIAS |","article_published_time":"2026-09-02T00:41:09+00:00","article_modified_time":"2026-09-02T00:41:10+00:00","og_image":[{"width":1200,"height":800,"url":"https:\/\/gysfm.com.ar\/inicio\/wp-content\/uploads\/2026\/09\/los-bonos-soberanos-de-las-principales-economias-47LMSHTIBZASNM4X65UV6VJEZU.jpg","type":"image\/jpeg"}],"author":"Prensa G&amp;S FM","twitter_card":"summary_large_image","twitter_misc":{"Escrito por":"Prensa G&amp;S FM","Tiempo de lectura":"5 minutos"},"schema":{"@context":"https:\/\/schema.org","@graph":[{"@type":"Article","@id":"https:\/\/gysfm.com.ar\/inicio\/se-hunden-los-bonos-en-todo-el-mundo-y-crece-el-temor-a-una-aceleracion-de-la-inflacion\/#article","isPartOf":{"@id":"https:\/\/gysfm.com.ar\/inicio\/se-hunden-los-bonos-en-todo-el-mundo-y-crece-el-temor-a-una-aceleracion-de-la-inflacion\/"},"author":{"name":"Prensa G&amp;S FM","@id":"https:\/\/gysfm.com.ar\/inicio\/#\/schema\/person\/3abba7593ef2ad19e1be221d54383dc5"},"headline":"Se hunden los bonos en todo el mundo y crece el temor a una aceleraci\u00f3n de la inflaci\u00f3n","datePublished":"2026-09-02T00:41:09+00:00","dateModified":"2026-09-02T00:41:10+00:00","mainEntityOfPage":{"@id":"https:\/\/gysfm.com.ar\/inicio\/se-hunden-los-bonos-en-todo-el-mundo-y-crece-el-temor-a-una-aceleracion-de-la-inflacion\/"},"wordCount":1065,"publisher":{"@id":"https:\/\/gysfm.com.ar\/inicio\/#organization"},"image":{"@id":"https:\/\/gysfm.com.ar\/inicio\/se-hunden-los-bonos-en-todo-el-mundo-y-crece-el-temor-a-una-aceleracion-de-la-inflacion\/#primaryimage"},"thumbnailUrl":"https:\/\/gysfm.com.ar\/inicio\/wp-content\/uploads\/2026\/09\/los-bonos-soberanos-de-las-principales-economias-47LMSHTIBZASNM4X65UV6VJEZU.jpg","articleSection":["INTERNACIONALES"],"inLanguage":"es"},{"@type":"WebPage","@id":"https:\/\/gysfm.com.ar\/inicio\/se-hunden-los-bonos-en-todo-el-mundo-y-crece-el-temor-a-una-aceleracion-de-la-inflacion\/","url":"https:\/\/gysfm.com.ar\/inicio\/se-hunden-los-bonos-en-todo-el-mundo-y-crece-el-temor-a-una-aceleracion-de-la-inflacion\/","name":"Se hunden los bonos en todo el mundo y crece el temor a una aceleraci\u00f3n de la inflaci\u00f3n - GYS NOTICIAS |","isPartOf":{"@id":"https:\/\/gysfm.com.ar\/inicio\/#website"},"primaryImageOfPage":{"@id":"https:\/\/gysfm.com.ar\/inicio\/se-hunden-los-bonos-en-todo-el-mundo-y-crece-el-temor-a-una-aceleracion-de-la-inflacion\/#primaryimage"},"image":{"@id":"https:\/\/gysfm.com.ar\/inicio\/se-hunden-los-bonos-en-todo-el-mundo-y-crece-el-temor-a-una-aceleracion-de-la-inflacion\/#primaryimage"},"thumbnailUrl":"https:\/\/gysfm.com.ar\/inicio\/wp-content\/uploads\/2026\/09\/los-bonos-soberanos-de-las-principales-economias-47LMSHTIBZASNM4X65UV6VJEZU.jpg","datePublished":"2026-09-02T00:41:09+00:00","dateModified":"2026-09-02T00:41:10+00:00","breadcrumb":{"@id":"https:\/\/gysfm.com.ar\/inicio\/se-hunden-los-bonos-en-todo-el-mundo-y-crece-el-temor-a-una-aceleracion-de-la-inflacion\/#breadcrumb"},"inLanguage":"es","potentialAction":[{"@type":"ReadAction","target":["https:\/\/gysfm.com.ar\/inicio\/se-hunden-los-bonos-en-todo-el-mundo-y-crece-el-temor-a-una-aceleracion-de-la-inflacion\/"]}]},{"@type":"ImageObject","inLanguage":"es","@id":"https:\/\/gysfm.com.ar\/inicio\/se-hunden-los-bonos-en-todo-el-mundo-y-crece-el-temor-a-una-aceleracion-de-la-inflacion\/#primaryimage","url":"https:\/\/gysfm.com.ar\/inicio\/wp-content\/uploads\/2026\/09\/los-bonos-soberanos-de-las-principales-economias-47LMSHTIBZASNM4X65UV6VJEZU.jpg","contentUrl":"https:\/\/gysfm.com.ar\/inicio\/wp-content\/uploads\/2026\/09\/los-bonos-soberanos-de-las-principales-economias-47LMSHTIBZASNM4X65UV6VJEZU.jpg","width":1200,"height":800},{"@type":"BreadcrumbList","@id":"https:\/\/gysfm.com.ar\/inicio\/se-hunden-los-bonos-en-todo-el-mundo-y-crece-el-temor-a-una-aceleracion-de-la-inflacion\/#breadcrumb","itemListElement":[{"@type":"ListItem","position":1,"name":"Portada","item":"https:\/\/gysfm.com.ar\/inicio\/"},{"@type":"ListItem","position":2,"name":"Se hunden los bonos en todo el mundo y crece el temor a una aceleraci\u00f3n de la inflaci\u00f3n"}]},{"@type":"WebSite","@id":"https:\/\/gysfm.com.ar\/inicio\/#website","url":"https:\/\/gysfm.com.ar\/inicio\/","name":"GYS NOTICIAS |","description":"DIARIO - RADIO ONLINE SAN JUAN ARGENTINA","publisher":{"@id":"https:\/\/gysfm.com.ar\/inicio\/#organization"},"potentialAction":[{"@type":"SearchAction","target":{"@type":"EntryPoint","urlTemplate":"https:\/\/gysfm.com.ar\/inicio\/?s={search_term_string}"},"query-input":{"@type":"PropertyValueSpecification","valueRequired":true,"valueName":"search_term_string"}}],"inLanguage":"es"},{"@type":"Organization","@id":"https:\/\/gysfm.com.ar\/inicio\/#organization","name":"GYS NOTICIAS |","url":"https:\/\/gysfm.com.ar\/inicio\/","logo":{"@type":"ImageObject","inLanguage":"es","@id":"https:\/\/gysfm.com.ar\/inicio\/#\/schema\/logo\/image\/","url":"https:\/\/gysfm.com.ar\/inicio\/wp-content\/uploads\/2023\/07\/LOGOGYS-OK.png","contentUrl":"https:\/\/gysfm.com.ar\/inicio\/wp-content\/uploads\/2023\/07\/LOGOGYS-OK.png","width":1170,"height":872,"caption":"GYS NOTICIAS |"},"image":{"@id":"https:\/\/gysfm.com.ar\/inicio\/#\/schema\/logo\/image\/"}},{"@type":"Person","@id":"https:\/\/gysfm.com.ar\/inicio\/#\/schema\/person\/3abba7593ef2ad19e1be221d54383dc5","name":"Prensa G&amp;S FM","image":{"@type":"ImageObject","inLanguage":"es","@id":"https:\/\/gysfm.com.ar\/inicio\/#\/schema\/person\/image\/","url":"https:\/\/secure.gravatar.com\/avatar\/096ec78df02049ab018702bb4ccedf659377fa92a26540b5247612077a0dbd29?s=96&d=mm&r=g","contentUrl":"https:\/\/secure.gravatar.com\/avatar\/096ec78df02049ab018702bb4ccedf659377fa92a26540b5247612077a0dbd29?s=96&d=mm&r=g","caption":"Prensa G&amp;S FM"},"sameAs":["https:\/\/gysfm.com.ar\/"],"url":"https:\/\/gysfm.com.ar\/inicio\/author\/lucasm\/"}]}},"_links":{"self":[{"href":"https:\/\/gysfm.com.ar\/inicio\/wp-json\/wp\/v2\/posts\/210111","targetHints":{"allow":["GET"]}}],"collection":[{"href":"https:\/\/gysfm.com.ar\/inicio\/wp-json\/wp\/v2\/posts"}],"about":[{"href":"https:\/\/gysfm.com.ar\/inicio\/wp-json\/wp\/v2\/types\/post"}],"author":[{"embeddable":true,"href":"https:\/\/gysfm.com.ar\/inicio\/wp-json\/wp\/v2\/users\/2"}],"replies":[{"embeddable":true,"href":"https:\/\/gysfm.com.ar\/inicio\/wp-json\/wp\/v2\/comments?post=210111"}],"version-history":[{"count":1,"href":"https:\/\/gysfm.com.ar\/inicio\/wp-json\/wp\/v2\/posts\/210111\/revisions"}],"predecessor-version":[{"id":210113,"href":"https:\/\/gysfm.com.ar\/inicio\/wp-json\/wp\/v2\/posts\/210111\/revisions\/210113"}],"wp:featuredmedia":[{"embeddable":true,"href":"https:\/\/gysfm.com.ar\/inicio\/wp-json\/wp\/v2\/media\/210112"}],"wp:attachment":[{"href":"https:\/\/gysfm.com.ar\/inicio\/wp-json\/wp\/v2\/media?parent=210111"}],"wp:term":[{"taxonomy":"category","embeddable":true,"href":"https:\/\/gysfm.com.ar\/inicio\/wp-json\/wp\/v2\/categories?post=210111"},{"taxonomy":"post_tag","embeddable":true,"href":"https:\/\/gysfm.com.ar\/inicio\/wp-json\/wp\/v2\/tags?post=210111"}],"curies":[{"name":"wp","href":"https:\/\/api.w.org\/{rel}","templated":true}]}}