{"id":210108,"date":"2026-09-01T20:41:37","date_gmt":"2026-09-01T23:41:37","guid":{"rendered":"https:\/\/gysfm.com.ar\/inicio\/la-recaudacion-se-estanco-en-agosto-pese-al-salto-del-ingreso-por-retenciones\/"},"modified":"2026-09-01T20:41:37","modified_gmt":"2026-09-01T23:41:37","slug":"la-recaudacion-se-estanco-en-agosto-pese-al-salto-del-ingreso-por-retenciones","status":"publish","type":"post","link":"https:\/\/gysfm.com.ar\/inicio\/la-recaudacion-se-estanco-en-agosto-pese-al-salto-del-ingreso-por-retenciones\/","title":{"rendered":"La recaudaci\u00f3n se estanc\u00f3 en agosto pese al salto del ingreso por retenciones"},"content":{"rendered":"<p><\/p>\n<div>\n<p class=\"com-paragraph --capital --s\">La <strong>recaudaci\u00f3n tributaria<\/strong> perdi\u00f3 impulso en agosto.<a href=\"https:\/\/www.lanacion.com.ar\/economia\/la-recaudacion-impositiva-crecio-12-en-julio-nid03082026\/\" target=\"_self\" title=\"https:\/\/www.lanacion.com.ar\/economia\/la-recaudacion-impositiva-crecio-12-en-julio-nid03082026\/\" class=\"com-link break-word\" data-mrf-recirculation=\"n_link_parrafo\"> Luego del crecimiento real interanual de 1,2% registrado en julio<\/a>,<strong> los ingresos del fisco se mantuvieron pr\u00e1cticamente estancados frente al mismo mes del a\u00f1o pasado<\/strong>, pese al fuerte salto que mostraron las retenciones a las exportaciones. En paralelo, mostraron ca\u00eddas dos de los principales tributos vinculados a la actividad: <strong>el IVA, y los aportes y contribuciones a la Seguridad Social.<\/strong><\/p>\n<p class=\"com-paragraph --s\">Seg\u00fan inform\u00f3 la <strong>Agencia de Recaudaci\u00f3n y Control Aduanero (ARCA)<\/strong>, los recursos tributarios alcanzaron en agosto los $20.508.537 millones, con un incremento nominal de 33,5% interanual. Bajo el supuesto de una inflaci\u00f3n mensual de 1,6%, el Instituto Argentino de An\u00e1lisis Fiscal (Iaraf) estim\u00f3 que la recaudaci\u00f3n <strong>\u201cse habr\u00eda mantenido estable en t\u00e9rminos reales interanual\u201d.<\/strong><\/p>\n<p class=\"com-paragraph --s\">El resultado estuvo apuntalado por los derechos de exportaci\u00f3n, que mostraron por amplia diferencia el mayor crecimiento entre los tributos analizados.<strong> Por retenciones ingresaron $1.015.506 millones, un 155,1% m\u00e1s que en agosto de 2025 en t\u00e9rminos nominales<\/strong>. Seg\u00fan los c\u00e1lculos del Iaraf, el incremento fue de 91,1% en t\u00e9rminos reales interanuales.<\/p>\n<p class=\"com-paragraph --s\">ARCA explic\u00f3 que en ese desempe\u00f1o tuvo una incidencia positiva la baja base de comparaci\u00f3n, <strong>debido a que en junio y principios de julio del a\u00f1o pasado se hab\u00edan adelantado derechos que habitualmente ingresaban en agosto<\/strong>. Ese comportamiento estuvo relacionado con la reducci\u00f3n transitoria de al\u00edcuotas establecida por el <strong>decreto 38\/2025<\/strong>, que hab\u00eda estado vigente hasta fines de junio.<\/p>\n<div class=\"content-media\">\n<section role=\"button\" class=\"mod-media   \">\n<figure role=\"button\" tabindex=\"0\" class=\"mod-figure \"><figcaption class=\"mod-figcaption\"><span class=\"com-text --caption --twoxs\">Los derechos de exportaci\u00f3n fueron por amplia diferencia el tributo de mayor crecimiento en agosto, con una suba real interanual de 91,1%. En contraste, el IVA cay\u00f3 6,1% y los recursos de la Seguridad Social, 1,2%.<\/span><\/figcaption><\/figure>\n<\/section>\n<\/div>\n<p class=\"com-paragraph --s\">Tambi\u00e9n jugaron a favor<strong> el incremento del tipo de cambio, la suba interanual del precio promedio de la mayor\u00eda de los productos del complejo sojero y cerealero y de los hidrocarburos, adem\u00e1s de mayores exportaciones de combustibles y minerales<\/strong>. Todo esto ocurri\u00f3 pese a que las al\u00edcuotas aplicadas este agosto fueron menores que las vigentes un a\u00f1o atr\u00e1s, particularmente para la soja, el trigo y el ma\u00edz.<\/p>\n<p class=\"com-paragraph --s\">La situaci\u00f3n fue diferente en el IVA, el impuesto de mayor peso dentro de la recaudaci\u00f3n. <strong>ARCA inform\u00f3 ingresos por $6.675.409 millones, con una suba nominal de 25,3%.<\/strong> Sin embargo, descontada la inflaci\u00f3n estimada por el Iaraf, signific\u00f3 una ca\u00edda real interanual de 6,1%. El IVA impositivo retrocedi\u00f3 2,9% y el componente aduanero, 13,5%.<\/p>\n<p class=\"com-paragraph --s\">En el componente impositivo, el organismo recaudador se\u00f1al\u00f3 que incidieron negativamente una mayor utilizaci\u00f3n de saldos de IVA para cancelar otras obligaciones y las mayores devoluciones del R\u00e9gimen de Comercializaci\u00f3n de Granos respecto del a\u00f1o anterior. En el IVA aduanero, en cambio, tuvo una incidencia positiva el incremento del tipo de cambio.<\/p>\n<p class=\"com-paragraph --s\">Tambi\u00e9n se mantuvo en terreno negativo la recaudaci\u00f3n de la Seguridad Social, el segundo tributo de mayor importancia relativa. Los ingresos alcanzaron los $4.833.581 millones, 31,9% m\u00e1s en t\u00e9rminos nominales, pero representaron una baja real interanual de 1,2%, seg\u00fan el Iaraf.<strong> \u201cEntre los factores explicativos se destacan el comportamiento del salario real y de la cantidad de empleo formal<\/strong>\u201d, se\u00f1al\u00f3 el instituto. ARCA indic\u00f3, por su parte, que incidi\u00f3 favorablemente el aumento de la remuneraci\u00f3n bruta promedio.<\/p>\n<div class=\"content-media\">\n<section role=\"button\" class=\"mod-media   \">\n<figure role=\"button\" tabindex=\"0\" class=\"mod-figure \"><figcaption class=\"mod-figcaption\"><span class=\"com-text --caption --twoxs\">La recaudaci\u00f3n se mantuvo sin cambios en t\u00e9rminos reales en agosto. Los recursos que quedaron en manos de la Naci\u00f3n crecieron 0,2%, mientras que los destinados a las provincias y CABA retrocedieron 0,2%.<\/span><\/figcaption><\/figure>\n<\/section>\n<\/div>\n<p class=\"com-paragraph --s\">Entre los restantes tributos hubo comportamientos dispares. Las mayores ca\u00eddas reales se observaron en los derechos de importaci\u00f3n, con un retroceso de 19,3%, e Impuestos Internos, con una baja de 18,7%. Tambi\u00e9n disminuyeron <strong>Cr\u00e9ditos y D\u00e9bitos (conocido como impuesto al cheque)<\/strong>, 9%, y Bienes Personales, 6,5%. En sentido contrario, Ganancias aument\u00f3 8,8% real y el impuesto a los combustibles, 12,7%.<\/p>\n<p class=\"com-paragraph --s\">En el caso de Ganancias, ARCA inform\u00f3 una recaudaci\u00f3n de $4.636.836 millones, 45,2% superior a la de agosto del a\u00f1o pasado en t\u00e9rminos nominales. Entre los factores positivos mencion\u00f3 los mayores anticipos de las sociedades por el aumento del impuesto determinado para el per\u00edodo fiscal 2025, una menor utilizaci\u00f3n de saldos a favor y el incremento de las retenciones impositivas.<\/p>\n<p class=\"com-paragraph --s\">Por <strong>Combustibles<\/strong> ingresaron, en tanto, $724.899 millones, con un incremento nominal de 50,4%. ARCA atribuy\u00f3 el crecimiento \u201cen mayor medida\u201d a las actualizaciones del impuesto.<\/p>\n<p class=\"com-paragraph --s\">La estabilidad de agosto no alcanz\u00f3 para revertir el resultado negativo acumulado durante el a\u00f1o. En los primeros ocho meses de 2026, la recaudaci\u00f3n cay\u00f3 3,8% real interanual, seg\u00fan el Iaraf. La p\u00e9rdida equivale a aproximadamente $6,5 billones medidos a valores de agosto. Si se excluyen los derechos de exportaci\u00f3n e importaci\u00f3n, la baja fue de 2,6%.<\/p>\n<div class=\"content-media\">\n<section role=\"button\" class=\"mod-media   \">\n<figure role=\"button\" tabindex=\"0\" class=\"mod-figure \"><figcaption class=\"mod-figcaption\"><span class=\"com-text --caption --twoxs\">En los primeros ocho meses del a\u00f1o, la recaudaci\u00f3n acumul\u00f3 una ca\u00edda real de 3,8%. Los derechos de exportaci\u00f3n registraron la mayor baja, de 28,3%, mientras que Combustibles mostr\u00f3 el mayor crecimiento, de 19,3%.<\/span><\/figcaption><\/figure>\n<\/section>\n<\/div>\n<p class=\"com-paragraph --s\">En el acumulado, los derechos de exportaci\u00f3n todav\u00eda registraron una ca\u00edda real de 28,3%, seguidos por los derechos de importaci\u00f3n, con 18,5%, e Internos coparticipados, con 17,3%. El impuesto a los Combustibles fue el de mayor crecimiento, con una suba de 19,3%. El IVA, por su parte, acumul\u00f3 una contracci\u00f3n real de 6,6%, mientras que los aportes y contribuciones de la Seguridad Social bajaron 3,6%.<\/p>\n<p class=\"com-paragraph --s\">El deterioro fue m\u00e1s pronunciado en los recursos que quedaron en manos del gobierno nacional.<strong> El Iaraf calcul\u00f3 que en los primeros ocho meses cayeron 5% real, mientras que los destinados a las provincias y la ciudad de Buenos Aires disminuyeron 1,3%<\/strong>. Expresado en pesos de agosto, Naci\u00f3n habr\u00eda perdido unos $5,83 billones y las provincias y CABA, otros $712.001 millones, frente al mismo per\u00edodo del a\u00f1o anterior.<\/p>\n<section class=\"container-center-100 mb-40 border border-bottom border-thin border-neutral-light-700\">\n<hr\/>\n<\/section>\n<\/div>\n<p><script id=\"facebookpixel\" defer=\"\" type=\"text\/javascript\">\n        !function(f,b,e,v,n,t,s)\n        {if(f.fbq)return;n=f.fbq=function(){n.callMethod?\n        n.callMethod.apply(n,arguments):n.queue.push(arguments)};\n        if(!f._fbq)f._fbq=n;n.push=n;n.loaded=!0;n.version='2.0';\n        n.queue=[];t=b.createElement(e);t.async=!0;\n        t.src=v;s=b.getElementsByTagName(e)[0];\n        s.parentNode.insertBefore(t,s)}(window, document,'script',\n        'https:\/\/connect.facebook.net\/en_US\/fbevents.js');\n        fbq('init', '492459597522335');\n        fbq('track', 'PageView');\n    <\/script><\/p>\n","protected":false},"excerpt":{"rendered":"<p>La recaudaci\u00f3n tributaria perdi\u00f3 impulso en agosto. Luego del crecimiento real interanual de 1,2% registrado en julio, los ingresos del fisco se mantuvieron pr\u00e1cticamente estancados frente al mismo mes del a\u00f1o pasado, pese al fuerte salto que mostraron las retenciones a las exportaciones. En paralelo, mostraron ca\u00eddas dos de los principales tributos vinculados a la [&hellip;]<\/p>\n","protected":false},"author":1,"featured_media":210109,"comment_status":"closed","ping_status":"closed","sticky":false,"template":"","format":"standard","meta":{"footnotes":""},"categories":[28],"tags":[],"class_list":["post-210108","post","type-post","status-publish","format-standard","has-post-thumbnail","hentry","category-economia"],"yoast_head":"<!-- This site is optimized with the Yoast SEO plugin v24.4 - https:\/\/yoast.com\/wordpress\/plugins\/seo\/ -->\n<title>La recaudaci\u00f3n se estanc\u00f3 en agosto pese al salto del ingreso por retenciones - GYS NOTICIAS |<\/title>\n<meta name=\"robots\" content=\"index, follow, max-snippet:-1, max-image-preview:large, max-video-preview:-1\" \/>\n<link rel=\"canonical\" href=\"https:\/\/gysfm.com.ar\/inicio\/la-recaudacion-se-estanco-en-agosto-pese-al-salto-del-ingreso-por-retenciones\/\" \/>\n<meta property=\"og:locale\" content=\"es_ES\" \/>\n<meta property=\"og:type\" content=\"article\" \/>\n<meta property=\"og:title\" content=\"La recaudaci\u00f3n se estanc\u00f3 en agosto pese al salto del ingreso por retenciones - GYS NOTICIAS |\" \/>\n<meta property=\"og:description\" content=\"La recaudaci\u00f3n tributaria perdi\u00f3 impulso en agosto. Luego del crecimiento real interanual de 1,2% registrado en julio, los ingresos del fisco se mantuvieron pr\u00e1cticamente estancados frente al mismo mes del a\u00f1o pasado, pese al fuerte salto que mostraron las retenciones a las exportaciones. En paralelo, mostraron ca\u00eddas dos de los principales tributos vinculados a la [&hellip;]\" \/>\n<meta property=\"og:url\" content=\"https:\/\/gysfm.com.ar\/inicio\/la-recaudacion-se-estanco-en-agosto-pese-al-salto-del-ingreso-por-retenciones\/\" \/>\n<meta property=\"og:site_name\" content=\"GYS NOTICIAS |\" \/>\n<meta property=\"article:published_time\" content=\"2026-09-01T23:41:37+00:00\" \/>\n<meta property=\"og:image\" content=\"https:\/\/gysfm.com.ar\/inicio\/wp-content\/uploads\/2026\/09\/los-ingresos-tributarios-alcanzaron-los-dollar205-TD3Z2JSVLNGZLNKMHJQFSS5HWI.jpg\" \/>\n\t<meta property=\"og:image:width\" content=\"1200\" \/>\n\t<meta property=\"og:image:height\" content=\"800\" \/>\n\t<meta property=\"og:image:type\" content=\"image\/jpeg\" \/>\n<meta name=\"author\" content=\"admin\" \/>\n<meta name=\"twitter:card\" content=\"summary_large_image\" \/>\n<meta name=\"twitter:label1\" content=\"Escrito por\" \/>\n\t<meta name=\"twitter:data1\" content=\"admin\" \/>\n\t<meta name=\"twitter:label2\" content=\"Tiempo de lectura\" \/>\n\t<meta name=\"twitter:data2\" content=\"5 minutos\" \/>\n<script type=\"application\/ld+json\" class=\"yoast-schema-graph\">{\"@context\":\"https:\/\/schema.org\",\"@graph\":[{\"@type\":\"Article\",\"@id\":\"https:\/\/gysfm.com.ar\/inicio\/la-recaudacion-se-estanco-en-agosto-pese-al-salto-del-ingreso-por-retenciones\/#article\",\"isPartOf\":{\"@id\":\"https:\/\/gysfm.com.ar\/inicio\/la-recaudacion-se-estanco-en-agosto-pese-al-salto-del-ingreso-por-retenciones\/\"},\"author\":{\"name\":\"admin\",\"@id\":\"https:\/\/gysfm.com.ar\/inicio\/#\/schema\/person\/5bedd7ecd35cc35548d89effafa23696\"},\"headline\":\"La recaudaci\u00f3n se estanc\u00f3 en agosto pese al salto del ingreso por retenciones\",\"datePublished\":\"2026-09-01T23:41:37+00:00\",\"mainEntityOfPage\":{\"@id\":\"https:\/\/gysfm.com.ar\/inicio\/la-recaudacion-se-estanco-en-agosto-pese-al-salto-del-ingreso-por-retenciones\/\"},\"wordCount\":964,\"publisher\":{\"@id\":\"https:\/\/gysfm.com.ar\/inicio\/#organization\"},\"image\":{\"@id\":\"https:\/\/gysfm.com.ar\/inicio\/la-recaudacion-se-estanco-en-agosto-pese-al-salto-del-ingreso-por-retenciones\/#primaryimage\"},\"thumbnailUrl\":\"https:\/\/gysfm.com.ar\/inicio\/wp-content\/uploads\/2026\/09\/los-ingresos-tributarios-alcanzaron-los-dollar205-TD3Z2JSVLNGZLNKMHJQFSS5HWI.jpg\",\"articleSection\":[\"ECONOMIA\"],\"inLanguage\":\"es\"},{\"@type\":\"WebPage\",\"@id\":\"https:\/\/gysfm.com.ar\/inicio\/la-recaudacion-se-estanco-en-agosto-pese-al-salto-del-ingreso-por-retenciones\/\",\"url\":\"https:\/\/gysfm.com.ar\/inicio\/la-recaudacion-se-estanco-en-agosto-pese-al-salto-del-ingreso-por-retenciones\/\",\"name\":\"La recaudaci\u00f3n se estanc\u00f3 en agosto pese al salto del ingreso por retenciones - GYS NOTICIAS |\",\"isPartOf\":{\"@id\":\"https:\/\/gysfm.com.ar\/inicio\/#website\"},\"primaryImageOfPage\":{\"@id\":\"https:\/\/gysfm.com.ar\/inicio\/la-recaudacion-se-estanco-en-agosto-pese-al-salto-del-ingreso-por-retenciones\/#primaryimage\"},\"image\":{\"@id\":\"https:\/\/gysfm.com.ar\/inicio\/la-recaudacion-se-estanco-en-agosto-pese-al-salto-del-ingreso-por-retenciones\/#primaryimage\"},\"thumbnailUrl\":\"https:\/\/gysfm.com.ar\/inicio\/wp-content\/uploads\/2026\/09\/los-ingresos-tributarios-alcanzaron-los-dollar205-TD3Z2JSVLNGZLNKMHJQFSS5HWI.jpg\",\"datePublished\":\"2026-09-01T23:41:37+00:00\",\"breadcrumb\":{\"@id\":\"https:\/\/gysfm.com.ar\/inicio\/la-recaudacion-se-estanco-en-agosto-pese-al-salto-del-ingreso-por-retenciones\/#breadcrumb\"},\"inLanguage\":\"es\",\"potentialAction\":[{\"@type\":\"ReadAction\",\"target\":[\"https:\/\/gysfm.com.ar\/inicio\/la-recaudacion-se-estanco-en-agosto-pese-al-salto-del-ingreso-por-retenciones\/\"]}]},{\"@type\":\"ImageObject\",\"inLanguage\":\"es\",\"@id\":\"https:\/\/gysfm.com.ar\/inicio\/la-recaudacion-se-estanco-en-agosto-pese-al-salto-del-ingreso-por-retenciones\/#primaryimage\",\"url\":\"https:\/\/gysfm.com.ar\/inicio\/wp-content\/uploads\/2026\/09\/los-ingresos-tributarios-alcanzaron-los-dollar205-TD3Z2JSVLNGZLNKMHJQFSS5HWI.jpg\",\"contentUrl\":\"https:\/\/gysfm.com.ar\/inicio\/wp-content\/uploads\/2026\/09\/los-ingresos-tributarios-alcanzaron-los-dollar205-TD3Z2JSVLNGZLNKMHJQFSS5HWI.jpg\",\"width\":1200,\"height\":800},{\"@type\":\"BreadcrumbList\",\"@id\":\"https:\/\/gysfm.com.ar\/inicio\/la-recaudacion-se-estanco-en-agosto-pese-al-salto-del-ingreso-por-retenciones\/#breadcrumb\",\"itemListElement\":[{\"@type\":\"ListItem\",\"position\":1,\"name\":\"Portada\",\"item\":\"https:\/\/gysfm.com.ar\/inicio\/\"},{\"@type\":\"ListItem\",\"position\":2,\"name\":\"La recaudaci\u00f3n se estanc\u00f3 en agosto pese al salto del ingreso por retenciones\"}]},{\"@type\":\"WebSite\",\"@id\":\"https:\/\/gysfm.com.ar\/inicio\/#website\",\"url\":\"https:\/\/gysfm.com.ar\/inicio\/\",\"name\":\"GYS NOTICIAS |\",\"description\":\"DIARIO - RADIO ONLINE SAN JUAN ARGENTINA\",\"publisher\":{\"@id\":\"https:\/\/gysfm.com.ar\/inicio\/#organization\"},\"potentialAction\":[{\"@type\":\"SearchAction\",\"target\":{\"@type\":\"EntryPoint\",\"urlTemplate\":\"https:\/\/gysfm.com.ar\/inicio\/?s={search_term_string}\"},\"query-input\":{\"@type\":\"PropertyValueSpecification\",\"valueRequired\":true,\"valueName\":\"search_term_string\"}}],\"inLanguage\":\"es\"},{\"@type\":\"Organization\",\"@id\":\"https:\/\/gysfm.com.ar\/inicio\/#organization\",\"name\":\"GYS NOTICIAS |\",\"url\":\"https:\/\/gysfm.com.ar\/inicio\/\",\"logo\":{\"@type\":\"ImageObject\",\"inLanguage\":\"es\",\"@id\":\"https:\/\/gysfm.com.ar\/inicio\/#\/schema\/logo\/image\/\",\"url\":\"https:\/\/gysfm.com.ar\/inicio\/wp-content\/uploads\/2023\/07\/LOGOGYS-OK.png\",\"contentUrl\":\"https:\/\/gysfm.com.ar\/inicio\/wp-content\/uploads\/2023\/07\/LOGOGYS-OK.png\",\"width\":1170,\"height\":872,\"caption\":\"GYS NOTICIAS |\"},\"image\":{\"@id\":\"https:\/\/gysfm.com.ar\/inicio\/#\/schema\/logo\/image\/\"}},{\"@type\":\"Person\",\"@id\":\"https:\/\/gysfm.com.ar\/inicio\/#\/schema\/person\/5bedd7ecd35cc35548d89effafa23696\",\"name\":\"admin\",\"image\":{\"@type\":\"ImageObject\",\"inLanguage\":\"es\",\"@id\":\"https:\/\/gysfm.com.ar\/inicio\/#\/schema\/person\/image\/\",\"url\":\"https:\/\/secure.gravatar.com\/avatar\/c331d312b5243fb64d5ba28108a447b27c925295129a363082c9ea52c28d32c2?s=96&d=mm&r=g\",\"contentUrl\":\"https:\/\/secure.gravatar.com\/avatar\/c331d312b5243fb64d5ba28108a447b27c925295129a363082c9ea52c28d32c2?s=96&d=mm&r=g\",\"caption\":\"admin\"},\"sameAs\":[\"https:\/\/gysfm.com.ar\/inicio\"],\"url\":\"https:\/\/gysfm.com.ar\/inicio\/author\/admin\/\"}]}<\/script>\n<!-- \/ Yoast SEO plugin. -->","yoast_head_json":{"title":"La recaudaci\u00f3n se estanc\u00f3 en agosto pese al salto del ingreso por retenciones - GYS NOTICIAS |","robots":{"index":"index","follow":"follow","max-snippet":"max-snippet:-1","max-image-preview":"max-image-preview:large","max-video-preview":"max-video-preview:-1"},"canonical":"https:\/\/gysfm.com.ar\/inicio\/la-recaudacion-se-estanco-en-agosto-pese-al-salto-del-ingreso-por-retenciones\/","og_locale":"es_ES","og_type":"article","og_title":"La recaudaci\u00f3n se estanc\u00f3 en agosto pese al salto del ingreso por retenciones - GYS NOTICIAS |","og_description":"La recaudaci\u00f3n tributaria perdi\u00f3 impulso en agosto. Luego del crecimiento real interanual de 1,2% registrado en julio, los ingresos del fisco se mantuvieron pr\u00e1cticamente estancados frente al mismo mes del a\u00f1o pasado, pese al fuerte salto que mostraron las retenciones a las exportaciones. En paralelo, mostraron ca\u00eddas dos de los principales tributos vinculados a la [&hellip;]","og_url":"https:\/\/gysfm.com.ar\/inicio\/la-recaudacion-se-estanco-en-agosto-pese-al-salto-del-ingreso-por-retenciones\/","og_site_name":"GYS NOTICIAS |","article_published_time":"2026-09-01T23:41:37+00:00","og_image":[{"width":1200,"height":800,"url":"https:\/\/gysfm.com.ar\/inicio\/wp-content\/uploads\/2026\/09\/los-ingresos-tributarios-alcanzaron-los-dollar205-TD3Z2JSVLNGZLNKMHJQFSS5HWI.jpg","type":"image\/jpeg"}],"author":"admin","twitter_card":"summary_large_image","twitter_misc":{"Escrito por":"admin","Tiempo de lectura":"5 minutos"},"schema":{"@context":"https:\/\/schema.org","@graph":[{"@type":"Article","@id":"https:\/\/gysfm.com.ar\/inicio\/la-recaudacion-se-estanco-en-agosto-pese-al-salto-del-ingreso-por-retenciones\/#article","isPartOf":{"@id":"https:\/\/gysfm.com.ar\/inicio\/la-recaudacion-se-estanco-en-agosto-pese-al-salto-del-ingreso-por-retenciones\/"},"author":{"name":"admin","@id":"https:\/\/gysfm.com.ar\/inicio\/#\/schema\/person\/5bedd7ecd35cc35548d89effafa23696"},"headline":"La recaudaci\u00f3n se estanc\u00f3 en agosto pese al salto del ingreso por retenciones","datePublished":"2026-09-01T23:41:37+00:00","mainEntityOfPage":{"@id":"https:\/\/gysfm.com.ar\/inicio\/la-recaudacion-se-estanco-en-agosto-pese-al-salto-del-ingreso-por-retenciones\/"},"wordCount":964,"publisher":{"@id":"https:\/\/gysfm.com.ar\/inicio\/#organization"},"image":{"@id":"https:\/\/gysfm.com.ar\/inicio\/la-recaudacion-se-estanco-en-agosto-pese-al-salto-del-ingreso-por-retenciones\/#primaryimage"},"thumbnailUrl":"https:\/\/gysfm.com.ar\/inicio\/wp-content\/uploads\/2026\/09\/los-ingresos-tributarios-alcanzaron-los-dollar205-TD3Z2JSVLNGZLNKMHJQFSS5HWI.jpg","articleSection":["ECONOMIA"],"inLanguage":"es"},{"@type":"WebPage","@id":"https:\/\/gysfm.com.ar\/inicio\/la-recaudacion-se-estanco-en-agosto-pese-al-salto-del-ingreso-por-retenciones\/","url":"https:\/\/gysfm.com.ar\/inicio\/la-recaudacion-se-estanco-en-agosto-pese-al-salto-del-ingreso-por-retenciones\/","name":"La recaudaci\u00f3n se estanc\u00f3 en agosto pese al salto del ingreso por retenciones - GYS NOTICIAS |","isPartOf":{"@id":"https:\/\/gysfm.com.ar\/inicio\/#website"},"primaryImageOfPage":{"@id":"https:\/\/gysfm.com.ar\/inicio\/la-recaudacion-se-estanco-en-agosto-pese-al-salto-del-ingreso-por-retenciones\/#primaryimage"},"image":{"@id":"https:\/\/gysfm.com.ar\/inicio\/la-recaudacion-se-estanco-en-agosto-pese-al-salto-del-ingreso-por-retenciones\/#primaryimage"},"thumbnailUrl":"https:\/\/gysfm.com.ar\/inicio\/wp-content\/uploads\/2026\/09\/los-ingresos-tributarios-alcanzaron-los-dollar205-TD3Z2JSVLNGZLNKMHJQFSS5HWI.jpg","datePublished":"2026-09-01T23:41:37+00:00","breadcrumb":{"@id":"https:\/\/gysfm.com.ar\/inicio\/la-recaudacion-se-estanco-en-agosto-pese-al-salto-del-ingreso-por-retenciones\/#breadcrumb"},"inLanguage":"es","potentialAction":[{"@type":"ReadAction","target":["https:\/\/gysfm.com.ar\/inicio\/la-recaudacion-se-estanco-en-agosto-pese-al-salto-del-ingreso-por-retenciones\/"]}]},{"@type":"ImageObject","inLanguage":"es","@id":"https:\/\/gysfm.com.ar\/inicio\/la-recaudacion-se-estanco-en-agosto-pese-al-salto-del-ingreso-por-retenciones\/#primaryimage","url":"https:\/\/gysfm.com.ar\/inicio\/wp-content\/uploads\/2026\/09\/los-ingresos-tributarios-alcanzaron-los-dollar205-TD3Z2JSVLNGZLNKMHJQFSS5HWI.jpg","contentUrl":"https:\/\/gysfm.com.ar\/inicio\/wp-content\/uploads\/2026\/09\/los-ingresos-tributarios-alcanzaron-los-dollar205-TD3Z2JSVLNGZLNKMHJQFSS5HWI.jpg","width":1200,"height":800},{"@type":"BreadcrumbList","@id":"https:\/\/gysfm.com.ar\/inicio\/la-recaudacion-se-estanco-en-agosto-pese-al-salto-del-ingreso-por-retenciones\/#breadcrumb","itemListElement":[{"@type":"ListItem","position":1,"name":"Portada","item":"https:\/\/gysfm.com.ar\/inicio\/"},{"@type":"ListItem","position":2,"name":"La recaudaci\u00f3n se estanc\u00f3 en agosto pese al salto del ingreso por retenciones"}]},{"@type":"WebSite","@id":"https:\/\/gysfm.com.ar\/inicio\/#website","url":"https:\/\/gysfm.com.ar\/inicio\/","name":"GYS NOTICIAS |","description":"DIARIO - RADIO ONLINE SAN JUAN ARGENTINA","publisher":{"@id":"https:\/\/gysfm.com.ar\/inicio\/#organization"},"potentialAction":[{"@type":"SearchAction","target":{"@type":"EntryPoint","urlTemplate":"https:\/\/gysfm.com.ar\/inicio\/?s={search_term_string}"},"query-input":{"@type":"PropertyValueSpecification","valueRequired":true,"valueName":"search_term_string"}}],"inLanguage":"es"},{"@type":"Organization","@id":"https:\/\/gysfm.com.ar\/inicio\/#organization","name":"GYS NOTICIAS |","url":"https:\/\/gysfm.com.ar\/inicio\/","logo":{"@type":"ImageObject","inLanguage":"es","@id":"https:\/\/gysfm.com.ar\/inicio\/#\/schema\/logo\/image\/","url":"https:\/\/gysfm.com.ar\/inicio\/wp-content\/uploads\/2023\/07\/LOGOGYS-OK.png","contentUrl":"https:\/\/gysfm.com.ar\/inicio\/wp-content\/uploads\/2023\/07\/LOGOGYS-OK.png","width":1170,"height":872,"caption":"GYS NOTICIAS |"},"image":{"@id":"https:\/\/gysfm.com.ar\/inicio\/#\/schema\/logo\/image\/"}},{"@type":"Person","@id":"https:\/\/gysfm.com.ar\/inicio\/#\/schema\/person\/5bedd7ecd35cc35548d89effafa23696","name":"admin","image":{"@type":"ImageObject","inLanguage":"es","@id":"https:\/\/gysfm.com.ar\/inicio\/#\/schema\/person\/image\/","url":"https:\/\/secure.gravatar.com\/avatar\/c331d312b5243fb64d5ba28108a447b27c925295129a363082c9ea52c28d32c2?s=96&d=mm&r=g","contentUrl":"https:\/\/secure.gravatar.com\/avatar\/c331d312b5243fb64d5ba28108a447b27c925295129a363082c9ea52c28d32c2?s=96&d=mm&r=g","caption":"admin"},"sameAs":["https:\/\/gysfm.com.ar\/inicio"],"url":"https:\/\/gysfm.com.ar\/inicio\/author\/admin\/"}]}},"_links":{"self":[{"href":"https:\/\/gysfm.com.ar\/inicio\/wp-json\/wp\/v2\/posts\/210108","targetHints":{"allow":["GET"]}}],"collection":[{"href":"https:\/\/gysfm.com.ar\/inicio\/wp-json\/wp\/v2\/posts"}],"about":[{"href":"https:\/\/gysfm.com.ar\/inicio\/wp-json\/wp\/v2\/types\/post"}],"author":[{"embeddable":true,"href":"https:\/\/gysfm.com.ar\/inicio\/wp-json\/wp\/v2\/users\/1"}],"replies":[{"embeddable":true,"href":"https:\/\/gysfm.com.ar\/inicio\/wp-json\/wp\/v2\/comments?post=210108"}],"version-history":[{"count":1,"href":"https:\/\/gysfm.com.ar\/inicio\/wp-json\/wp\/v2\/posts\/210108\/revisions"}],"predecessor-version":[{"id":210110,"href":"https:\/\/gysfm.com.ar\/inicio\/wp-json\/wp\/v2\/posts\/210108\/revisions\/210110"}],"wp:featuredmedia":[{"embeddable":true,"href":"https:\/\/gysfm.com.ar\/inicio\/wp-json\/wp\/v2\/media\/210109"}],"wp:attachment":[{"href":"https:\/\/gysfm.com.ar\/inicio\/wp-json\/wp\/v2\/media?parent=210108"}],"wp:term":[{"taxonomy":"category","embeddable":true,"href":"https:\/\/gysfm.com.ar\/inicio\/wp-json\/wp\/v2\/categories?post=210108"},{"taxonomy":"post_tag","embeddable":true,"href":"https:\/\/gysfm.com.ar\/inicio\/wp-json\/wp\/v2\/tags?post=210108"}],"curies":[{"name":"wp","href":"https:\/\/api.w.org\/{rel}","templated":true}]}}