{"id":210105,"date":"2026-09-01T20:40:31","date_gmt":"2026-09-01T23:40:31","guid":{"rendered":"https:\/\/gysfm.com.ar\/inicio\/gran-bretana-registro-el-verano-mas-caluroso-de-su-historia\/"},"modified":"2026-09-01T20:40:32","modified_gmt":"2026-09-01T23:40:32","slug":"gran-bretana-registro-el-verano-mas-caluroso-de-su-historia","status":"publish","type":"post","link":"https:\/\/gysfm.com.ar\/inicio\/gran-bretana-registro-el-verano-mas-caluroso-de-su-historia\/","title":{"rendered":"Gran Breta\u00f1a registr\u00f3 el verano m\u00e1s caluroso de su historia"},"content":{"rendered":"<p> <br \/>\n<\/p>\n<div>\n<p class=\"com-paragraph --capital --s text-left\">LONDRES.- <strong>Gran Breta\u00f1a registr\u00f3 el verano m\u00e1s caluroso <\/strong>desde que se tienen registros y quebr\u00f3 el <strong>r\u00e9cord de 2025<\/strong>, seg\u00fan anunci\u00f3 el martes la agencia meteorol\u00f3gica brit\u00e1nica (Met Office), tras una temporada de <a href=\"https:\/\/www.lanacion.com.ar\/el-mundo\/la-ola-de-calor-sin-precedente-que-golpea-a-europa-alertas-maximas-records-y-crisis-sanitaria-en-nid23062026\/\" target=\"_self\" title=\"https:\/\/www.lanacion.com.ar\/el-mundo\/la-ola-de-calor-sin-precedente-que-golpea-a-europa-alertas-maximas-records-y-crisis-sanitaria-en-nid23062026\/\" class=\"com-link break-word\" data-mrf-recirculation=\"n_link_parrafo\">sucesivas olas de calor<\/a> y sequ\u00eda. <\/p>\n<p class=\"com-paragraph --s text-left\">La estad\u00edsticas publicadas este martes por la Oficina Meteorol\u00f3gica arrojaron <strong>una temperatura media de 16,5\u00b0C en el per\u00edodo de junio a agosto<\/strong>, una cifra que rompi\u00f3 el <a href=\"https:\/\/www.lanacion.com.ar\/el-mundo\/gran-bretana-alcanza-su-junio-mas-caluroso-y-francia-suma-dos-dias-consecutivos-de-records-nid24062026\/\" target=\"_self\" title=\"https:\/\/www.lanacion.com.ar\/el-mundo\/gran-bretana-alcanza-su-junio-mas-caluroso-y-francia-suma-dos-dias-consecutivos-de-records-nid24062026\/\" class=\"com-link break-word\" data-mrf-recirculation=\"n_link_parrafo\">r\u00e9cord anterior<\/a>, de 16,1\u00b0C, establecido el a\u00f1o pasado. <\/p>\n<div class=\"content-media\">\n<section role=\"button\" class=\"mod-media   \">\n<figure role=\"button\" tabindex=\"0\" class=\"mod-figure \"><figcaption class=\"mod-figcaption\"><span class=\"com-text --caption --twoxs\">Turistas se resguardan del sol bajo una sombrilla con el Big Ben de fondo<\/span><span class=\"com-text --credit --twoxs\">ADRIAN DENNIS &#8211; AFP<\/span><\/figcaption><\/figure>\n<\/section>\n<\/div>\n<p class=\"com-paragraph --s\">La agencia a\u00f1adi\u00f3 que las abrasadoras temperaturas fueron <strong>\u201cmuy probablemente debidas al cambio clim\u00e1tico inducido por el ser humano\u201d<\/strong>. <\/p>\n<p class=\"com-paragraph --s text-left\">Los cient\u00edficos advierten que el cambio clim\u00e1tico est\u00e1 intensificando los <a href=\"https:\/\/www.lanacion.com.ar\/sociedad\/un-informe-alerta-sobre-los-riesgos-del-calor-extremo-para-los-chicos-la-situacion-en-la-argentina-nid26082026\/\" target=\"_self\" title=\"https:\/\/www.lanacion.com.ar\/sociedad\/un-informe-alerta-sobre-los-riesgos-del-calor-extremo-para-los-chicos-la-situacion-en-la-argentina-nid26082026\/\" class=\"com-link break-word\" data-mrf-recirculation=\"n_link_parrafo\">fen\u00f3menos meteorol\u00f3gicos extremos<\/a> y provocando que los r\u00e9cords se rompan con cada vez mayor frecuencia. <\/p>\n<p class=\"com-paragraph --s text-left\">Unos 33 pa\u00edses, en zonas diversas como Europa Occidental, Am\u00e9rica Central y el Sahel, en \u00c1frica, registraron este a\u00f1o el mes de julio m\u00e1s c\u00e1lido en los registros, seg\u00fan datos del observatorio europeo Copernicus. <\/p>\n<div class=\"content-media\">\n<section role=\"button\" class=\"mod-media   \">\n<figure role=\"button\" tabindex=\"0\" class=\"mod-figure \"><figcaption class=\"mod-figcaption\"><span class=\"com-text --caption --twoxs\">Dos adolescentes se lanzan de un puente para refrescarse en el R\u00edo Wey, cerca de Guildford, al sur de Londres<\/span><span class=\"com-text --credit --twoxs\">JUSTIN TALLIS &#8211; AFP<\/span><\/figcaption><\/figure>\n<\/section>\n<\/div>\n<p class=\"com-paragraph --s text-left\">Gran Breta\u00f1a vivi\u00f3 su segundo mes de julio m\u00e1s caluroso de la historia, mientras que Inglaterra registr\u00f3 su <strong>junio m\u00e1s c\u00e1lido a principios de este verano<\/strong>, durante el cual se batieron m\u00faltiple r\u00e9cords de temperatura tras intensas olas de calor. Adem\u00e1s, casi tres cuartas partes de Inglaterra y todo Gales sufrieron sequ\u00edas. <\/p>\n<p class=\"com-paragraph --s text-left\">\u201c<strong>Estos r\u00e9cords se est\u00e1n rompiendo ahora con cada vez mayor frecuencia, lo que refleja la influencia del cambio clim\u00e1tico <\/strong>provocado por el ser humano en las temperaturas que estamos experimentado en el Reino Unido\u201d, dijo Amy Doherty, directora cient\u00edfica de la Oficina Meteorol\u00f3gica. <\/p>\n<p class=\"com-paragraph --s text-left\">Un an\u00e1lisis de la agencia meteorol\u00f3gica determin\u00f3 que las emisiones de gases del efecto invernadero producidas por la actividad humana hicieron que el r\u00e9cord de temperaturas registrado esta temporada fuera <strong>130 veces m\u00e1s probable. <\/strong><\/p>\n<div class=\"content-media\">\n<section role=\"button\" class=\"mod-media   \">\n<figure role=\"button\" tabindex=\"0\" class=\"mod-figure \"><figcaption class=\"mod-figcaption\"><span class=\"com-text --caption --twoxs\">Un turista se protege del sol con un paraguas con la bandera brit\u00e1nica en Londres en medio de la ola de calor<\/span><span class=\"com-text --credit --twoxs\">Alastair Grant &#8211; AP<\/span><\/figcaption><\/figure>\n<\/section>\n<\/div>\n<p class=\"com-paragraph --s text-left\">\u201cEn un clima que se vea afectado por las emisiones humanas de gases de efecto invernadero, un verano como este ser\u00eda excepcionalmente improbable\u201d, se\u00f1al\u00f3 Mark McCarthy, meteor\u00f3logo de la Oficina Meteorol\u00f3gica. <\/p>\n<p class=\"com-paragraph --s text-left\">Los expertos advirtieron al gobierno brit\u00e1nico que <strong>el pa\u00eds no est\u00e1 preparado para las consecuencias del cambio clim\u00e1tico<\/strong>, ya que las viviendas y la infraestructura p\u00fablica no est\u00e1 dise\u00f1adas un clima c\u00e1lido y seco. <\/p>\n<p><h2 class=\"font-primary font-w-bold text-subheading-lg text-left container-center-100 mb-8\"><span>Muertes por calor en Espa\u00f1a <\/span><\/h2>\n<\/p>\n<p class=\"com-paragraph --s\">En tanto, las autoridades espa\u00f1olas estimaron este martes que <strong>casi 2150 personas fallecieron por causas relacionadas con el calor<\/strong> durante el mes de agosto, tras las olas de calor sin precedentes que azotaron Europa Occidental durante el verano. <\/p>\n<p class=\"com-paragraph --s\">Los datos del Sistema de Monitorizaci\u00f3n de la Mortalidad diaria (MoMo) del Ministerio de Sanidad revelaron un exceso de 2149 muertes atribuibles al calor el mes pasado, <strong>la segunda cifra m\u00e1s alta registrada en agosto desde que se iniciaron los registros en 2015<\/strong>, solo superada por el r\u00e9cord del a\u00f1o pasado, de 2184.<\/p>\n<div class=\"content-media\">\n<section role=\"button\" class=\"mod-media   \">\n<figure role=\"button\" tabindex=\"0\" class=\"mod-figure \"><figcaption class=\"mod-figcaption\"><span class=\"com-text --caption --twoxs\">Una mujer usando un abanico para protegerse del sol, en Madrid<\/span><span class=\"com-text --credit --twoxs\">Gustavo Valiente &#8211; XinHua<\/span><\/figcaption><\/figure>\n<\/section>\n<\/div>\n<p class=\"com-paragraph --s\">La agencia estim\u00f3 que<strong> 5234 personas fallecieron por causas relacionadas con el calor entre el 15 de mayo y el 31 de agosto<\/strong>, la cifra m\u00e1s alta registrada para el per\u00edodo estival desde que se puso en marcha el sistema de seguimiento en 2015, incluso sin contar los datos de septiembre. <\/p>\n<p class=\"com-paragraph --s\">Seg\u00fan los datos, el mayor n\u00famero de fallecimientos en agosto se registr\u00f3 en la<strong> regi\u00f3n de Catalu\u00f1a<\/strong>, con 1164 muertos, seguida de las comunidades aut\u00f3nomas de la Comunidad Valenciana y Andaluc\u00eda, con 227 y 138 fallecimientos, respectivamente.<\/p>\n<p class=\"com-paragraph --s\">De las personas fallecidas, 1283 eran mujeres y 866 hombres, mientras que 2064 ten\u00edan m\u00e1s de 65 a\u00f1os, incluidas 1285 mayores de 85 a\u00f1os.<\/p>\n<div class=\"content-media\">\n<section role=\"button\" class=\"mod-media   \">\n<figure role=\"button\" tabindex=\"0\" class=\"mod-figure \"><figcaption class=\"mod-figcaption\"><span class=\"com-text --caption --twoxs\">Unos chicos juegan al f\u00fatbol bajo una fuente en Madrid, sometida como toda Europa a una ola de calor<\/span><span class=\"com-text --credit --twoxs\">OSCAR DEL POZO &#8211; AFP<\/span><\/figcaption><\/figure>\n<\/section>\n<\/div>\n<p class=\"com-paragraph --s\">El calor extremo puede causar <strong>la muerte al provocar un golpe de calor o agravar enfermedades cardiovasculares y respiratorias<\/strong>, con las personas mayores entre las m\u00e1s vulnerables. <\/p>\n<p class=\"com-paragraph --s\">La Agencia Estatal de Meteorolog\u00eda (AEMET) indic\u00f3 que a partir del jueves <strong>se experimentar\u00e1 un episodio de calor inusual para principios de septiembre<\/strong>, que probablemente se prolongar\u00e1 hasta el fin de semana, con temperaturas que superar\u00e1n ampliamente las medias estacionales. Se prev\u00e9 que las m\u00e1ximas superen los 35\u00b0C en gran parte del interior de Espa\u00f1a, acompa\u00f1adas de noches calurosas generalizadas con temperaturas que se mantendr\u00e1n por encima de los 20\u00b0C. <\/p>\n<p class=\"com-paragraph --s\"><strong>Agencias Reuters y AFP<\/strong><\/p>\n<section class=\"container-center-100 mb-40 border border-bottom border-thin border-neutral-light-700\">\n<hr\/>\n<\/section>\n<\/div>\n<p><script id=\"facebookpixel\" defer=\"\" type=\"text\/javascript\">\n        !function(f,b,e,v,n,t,s)\n        {if(f.fbq)return;n=f.fbq=function(){n.callMethod?\n        n.callMethod.apply(n,arguments):n.queue.push(arguments)};\n        if(!f._fbq)f._fbq=n;n.push=n;n.loaded=!0;n.version='2.0';\n        n.queue=[];t=b.createElement(e);t.async=!0;\n        t.src=v;s=b.getElementsByTagName(e)[0];\n        s.parentNode.insertBefore(t,s)}(window, document,'script',\n        'https:\/\/connect.facebook.net\/en_US\/fbevents.js');\n        fbq('init', '492459597522335');\n        fbq('track', 'PageView');\n    <\/script><br \/>\n<br \/><\/p>\n","protected":false},"excerpt":{"rendered":"<p>LONDRES.- Gran Breta\u00f1a registr\u00f3 el verano m\u00e1s caluroso desde que se tienen registros y quebr\u00f3 el r\u00e9cord de 2025, seg\u00fan anunci\u00f3 el martes la agencia meteorol\u00f3gica brit\u00e1nica (Met Office), tras una temporada de sucesivas olas de calor y sequ\u00eda. La estad\u00edsticas publicadas este martes por la Oficina Meteorol\u00f3gica arrojaron una temperatura media de 16,5\u00b0C en [&hellip;]<\/p>\n","protected":false},"author":2,"featured_media":210106,"comment_status":"closed","ping_status":"closed","sticky":false,"template":"","format":"standard","meta":{"footnotes":""},"categories":[26],"tags":[],"class_list":["post-210105","post","type-post","status-publish","format-standard","has-post-thumbnail","hentry","category-internacionales"],"yoast_head":"<!-- This site is optimized with the Yoast SEO plugin v24.4 - https:\/\/yoast.com\/wordpress\/plugins\/seo\/ -->\n<title>Gran Breta\u00f1a registr\u00f3 el verano m\u00e1s caluroso de su historia - GYS NOTICIAS |<\/title>\n<meta name=\"robots\" content=\"index, follow, max-snippet:-1, max-image-preview:large, max-video-preview:-1\" \/>\n<link rel=\"canonical\" href=\"https:\/\/gysfm.com.ar\/inicio\/gran-bretana-registro-el-verano-mas-caluroso-de-su-historia\/\" \/>\n<meta property=\"og:locale\" content=\"es_ES\" \/>\n<meta property=\"og:type\" content=\"article\" \/>\n<meta property=\"og:title\" content=\"Gran Breta\u00f1a registr\u00f3 el verano m\u00e1s caluroso de su historia - GYS NOTICIAS |\" \/>\n<meta property=\"og:description\" content=\"LONDRES.- Gran Breta\u00f1a registr\u00f3 el verano m\u00e1s caluroso desde que se tienen registros y quebr\u00f3 el r\u00e9cord de 2025, seg\u00fan anunci\u00f3 el martes la agencia meteorol\u00f3gica brit\u00e1nica (Met Office), tras una temporada de sucesivas olas de calor y sequ\u00eda. La estad\u00edsticas publicadas este martes por la Oficina Meteorol\u00f3gica arrojaron una temperatura media de 16,5\u00b0C en [&hellip;]\" \/>\n<meta property=\"og:url\" content=\"https:\/\/gysfm.com.ar\/inicio\/gran-bretana-registro-el-verano-mas-caluroso-de-su-historia\/\" \/>\n<meta property=\"og:site_name\" content=\"GYS NOTICIAS |\" \/>\n<meta property=\"article:published_time\" content=\"2026-09-01T23:40:31+00:00\" \/>\n<meta property=\"article:modified_time\" content=\"2026-09-01T23:40:32+00:00\" \/>\n<meta property=\"og:image\" content=\"https:\/\/gysfm.com.ar\/inicio\/wp-content\/uploads\/2026\/09\/multitudes-disfrutan-del-clima-caluroso-en-la-ZE5262T6VVG6NOV5LF24E2DKVY.JPG\" \/>\n\t<meta property=\"og:image:width\" content=\"1200\" \/>\n\t<meta property=\"og:image:height\" content=\"800\" \/>\n\t<meta property=\"og:image:type\" content=\"image\/jpeg\" \/>\n<meta name=\"author\" content=\"Prensa G&amp;S FM\" \/>\n<meta name=\"twitter:card\" content=\"summary_large_image\" \/>\n<meta name=\"twitter:label1\" content=\"Escrito por\" \/>\n\t<meta name=\"twitter:data1\" content=\"Prensa G&amp;S FM\" \/>\n\t<meta name=\"twitter:label2\" content=\"Tiempo de lectura\" \/>\n\t<meta name=\"twitter:data2\" content=\"4 minutos\" \/>\n<script type=\"application\/ld+json\" class=\"yoast-schema-graph\">{\"@context\":\"https:\/\/schema.org\",\"@graph\":[{\"@type\":\"Article\",\"@id\":\"https:\/\/gysfm.com.ar\/inicio\/gran-bretana-registro-el-verano-mas-caluroso-de-su-historia\/#article\",\"isPartOf\":{\"@id\":\"https:\/\/gysfm.com.ar\/inicio\/gran-bretana-registro-el-verano-mas-caluroso-de-su-historia\/\"},\"author\":{\"name\":\"Prensa G&amp;S FM\",\"@id\":\"https:\/\/gysfm.com.ar\/inicio\/#\/schema\/person\/3abba7593ef2ad19e1be221d54383dc5\"},\"headline\":\"Gran Breta\u00f1a registr\u00f3 el verano m\u00e1s caluroso de su historia\",\"datePublished\":\"2026-09-01T23:40:31+00:00\",\"dateModified\":\"2026-09-01T23:40:32+00:00\",\"mainEntityOfPage\":{\"@id\":\"https:\/\/gysfm.com.ar\/inicio\/gran-bretana-registro-el-verano-mas-caluroso-de-su-historia\/\"},\"wordCount\":837,\"publisher\":{\"@id\":\"https:\/\/gysfm.com.ar\/inicio\/#organization\"},\"image\":{\"@id\":\"https:\/\/gysfm.com.ar\/inicio\/gran-bretana-registro-el-verano-mas-caluroso-de-su-historia\/#primaryimage\"},\"thumbnailUrl\":\"https:\/\/gysfm.com.ar\/inicio\/wp-content\/uploads\/2026\/09\/multitudes-disfrutan-del-clima-caluroso-en-la-ZE5262T6VVG6NOV5LF24E2DKVY.JPG\",\"articleSection\":[\"INTERNACIONALES\"],\"inLanguage\":\"es\"},{\"@type\":\"WebPage\",\"@id\":\"https:\/\/gysfm.com.ar\/inicio\/gran-bretana-registro-el-verano-mas-caluroso-de-su-historia\/\",\"url\":\"https:\/\/gysfm.com.ar\/inicio\/gran-bretana-registro-el-verano-mas-caluroso-de-su-historia\/\",\"name\":\"Gran Breta\u00f1a registr\u00f3 el verano m\u00e1s caluroso de su historia - GYS NOTICIAS |\",\"isPartOf\":{\"@id\":\"https:\/\/gysfm.com.ar\/inicio\/#website\"},\"primaryImageOfPage\":{\"@id\":\"https:\/\/gysfm.com.ar\/inicio\/gran-bretana-registro-el-verano-mas-caluroso-de-su-historia\/#primaryimage\"},\"image\":{\"@id\":\"https:\/\/gysfm.com.ar\/inicio\/gran-bretana-registro-el-verano-mas-caluroso-de-su-historia\/#primaryimage\"},\"thumbnailUrl\":\"https:\/\/gysfm.com.ar\/inicio\/wp-content\/uploads\/2026\/09\/multitudes-disfrutan-del-clima-caluroso-en-la-ZE5262T6VVG6NOV5LF24E2DKVY.JPG\",\"datePublished\":\"2026-09-01T23:40:31+00:00\",\"dateModified\":\"2026-09-01T23:40:32+00:00\",\"breadcrumb\":{\"@id\":\"https:\/\/gysfm.com.ar\/inicio\/gran-bretana-registro-el-verano-mas-caluroso-de-su-historia\/#breadcrumb\"},\"inLanguage\":\"es\",\"potentialAction\":[{\"@type\":\"ReadAction\",\"target\":[\"https:\/\/gysfm.com.ar\/inicio\/gran-bretana-registro-el-verano-mas-caluroso-de-su-historia\/\"]}]},{\"@type\":\"ImageObject\",\"inLanguage\":\"es\",\"@id\":\"https:\/\/gysfm.com.ar\/inicio\/gran-bretana-registro-el-verano-mas-caluroso-de-su-historia\/#primaryimage\",\"url\":\"https:\/\/gysfm.com.ar\/inicio\/wp-content\/uploads\/2026\/09\/multitudes-disfrutan-del-clima-caluroso-en-la-ZE5262T6VVG6NOV5LF24E2DKVY.JPG\",\"contentUrl\":\"https:\/\/gysfm.com.ar\/inicio\/wp-content\/uploads\/2026\/09\/multitudes-disfrutan-del-clima-caluroso-en-la-ZE5262T6VVG6NOV5LF24E2DKVY.JPG\",\"width\":1200,\"height\":800},{\"@type\":\"BreadcrumbList\",\"@id\":\"https:\/\/gysfm.com.ar\/inicio\/gran-bretana-registro-el-verano-mas-caluroso-de-su-historia\/#breadcrumb\",\"itemListElement\":[{\"@type\":\"ListItem\",\"position\":1,\"name\":\"Portada\",\"item\":\"https:\/\/gysfm.com.ar\/inicio\/\"},{\"@type\":\"ListItem\",\"position\":2,\"name\":\"Gran Breta\u00f1a registr\u00f3 el verano m\u00e1s caluroso de su historia\"}]},{\"@type\":\"WebSite\",\"@id\":\"https:\/\/gysfm.com.ar\/inicio\/#website\",\"url\":\"https:\/\/gysfm.com.ar\/inicio\/\",\"name\":\"GYS NOTICIAS |\",\"description\":\"DIARIO - RADIO ONLINE SAN JUAN ARGENTINA\",\"publisher\":{\"@id\":\"https:\/\/gysfm.com.ar\/inicio\/#organization\"},\"potentialAction\":[{\"@type\":\"SearchAction\",\"target\":{\"@type\":\"EntryPoint\",\"urlTemplate\":\"https:\/\/gysfm.com.ar\/inicio\/?s={search_term_string}\"},\"query-input\":{\"@type\":\"PropertyValueSpecification\",\"valueRequired\":true,\"valueName\":\"search_term_string\"}}],\"inLanguage\":\"es\"},{\"@type\":\"Organization\",\"@id\":\"https:\/\/gysfm.com.ar\/inicio\/#organization\",\"name\":\"GYS NOTICIAS |\",\"url\":\"https:\/\/gysfm.com.ar\/inicio\/\",\"logo\":{\"@type\":\"ImageObject\",\"inLanguage\":\"es\",\"@id\":\"https:\/\/gysfm.com.ar\/inicio\/#\/schema\/logo\/image\/\",\"url\":\"https:\/\/gysfm.com.ar\/inicio\/wp-content\/uploads\/2023\/07\/LOGOGYS-OK.png\",\"contentUrl\":\"https:\/\/gysfm.com.ar\/inicio\/wp-content\/uploads\/2023\/07\/LOGOGYS-OK.png\",\"width\":1170,\"height\":872,\"caption\":\"GYS NOTICIAS |\"},\"image\":{\"@id\":\"https:\/\/gysfm.com.ar\/inicio\/#\/schema\/logo\/image\/\"}},{\"@type\":\"Person\",\"@id\":\"https:\/\/gysfm.com.ar\/inicio\/#\/schema\/person\/3abba7593ef2ad19e1be221d54383dc5\",\"name\":\"Prensa G&amp;S FM\",\"image\":{\"@type\":\"ImageObject\",\"inLanguage\":\"es\",\"@id\":\"https:\/\/gysfm.com.ar\/inicio\/#\/schema\/person\/image\/\",\"url\":\"https:\/\/secure.gravatar.com\/avatar\/096ec78df02049ab018702bb4ccedf659377fa92a26540b5247612077a0dbd29?s=96&d=mm&r=g\",\"contentUrl\":\"https:\/\/secure.gravatar.com\/avatar\/096ec78df02049ab018702bb4ccedf659377fa92a26540b5247612077a0dbd29?s=96&d=mm&r=g\",\"caption\":\"Prensa G&amp;S FM\"},\"sameAs\":[\"https:\/\/gysfm.com.ar\/\"],\"url\":\"https:\/\/gysfm.com.ar\/inicio\/author\/lucasm\/\"}]}<\/script>\n<!-- \/ Yoast SEO plugin. -->","yoast_head_json":{"title":"Gran Breta\u00f1a registr\u00f3 el verano m\u00e1s caluroso de su historia - GYS NOTICIAS |","robots":{"index":"index","follow":"follow","max-snippet":"max-snippet:-1","max-image-preview":"max-image-preview:large","max-video-preview":"max-video-preview:-1"},"canonical":"https:\/\/gysfm.com.ar\/inicio\/gran-bretana-registro-el-verano-mas-caluroso-de-su-historia\/","og_locale":"es_ES","og_type":"article","og_title":"Gran Breta\u00f1a registr\u00f3 el verano m\u00e1s caluroso de su historia - GYS NOTICIAS |","og_description":"LONDRES.- Gran Breta\u00f1a registr\u00f3 el verano m\u00e1s caluroso desde que se tienen registros y quebr\u00f3 el r\u00e9cord de 2025, seg\u00fan anunci\u00f3 el martes la agencia meteorol\u00f3gica brit\u00e1nica (Met Office), tras una temporada de sucesivas olas de calor y sequ\u00eda. La estad\u00edsticas publicadas este martes por la Oficina Meteorol\u00f3gica arrojaron una temperatura media de 16,5\u00b0C en [&hellip;]","og_url":"https:\/\/gysfm.com.ar\/inicio\/gran-bretana-registro-el-verano-mas-caluroso-de-su-historia\/","og_site_name":"GYS NOTICIAS |","article_published_time":"2026-09-01T23:40:31+00:00","article_modified_time":"2026-09-01T23:40:32+00:00","og_image":[{"width":1200,"height":800,"url":"https:\/\/gysfm.com.ar\/inicio\/wp-content\/uploads\/2026\/09\/multitudes-disfrutan-del-clima-caluroso-en-la-ZE5262T6VVG6NOV5LF24E2DKVY.JPG","type":"image\/jpeg"}],"author":"Prensa G&amp;S FM","twitter_card":"summary_large_image","twitter_misc":{"Escrito por":"Prensa G&amp;S FM","Tiempo de lectura":"4 minutos"},"schema":{"@context":"https:\/\/schema.org","@graph":[{"@type":"Article","@id":"https:\/\/gysfm.com.ar\/inicio\/gran-bretana-registro-el-verano-mas-caluroso-de-su-historia\/#article","isPartOf":{"@id":"https:\/\/gysfm.com.ar\/inicio\/gran-bretana-registro-el-verano-mas-caluroso-de-su-historia\/"},"author":{"name":"Prensa G&amp;S FM","@id":"https:\/\/gysfm.com.ar\/inicio\/#\/schema\/person\/3abba7593ef2ad19e1be221d54383dc5"},"headline":"Gran Breta\u00f1a registr\u00f3 el verano m\u00e1s caluroso de su historia","datePublished":"2026-09-01T23:40:31+00:00","dateModified":"2026-09-01T23:40:32+00:00","mainEntityOfPage":{"@id":"https:\/\/gysfm.com.ar\/inicio\/gran-bretana-registro-el-verano-mas-caluroso-de-su-historia\/"},"wordCount":837,"publisher":{"@id":"https:\/\/gysfm.com.ar\/inicio\/#organization"},"image":{"@id":"https:\/\/gysfm.com.ar\/inicio\/gran-bretana-registro-el-verano-mas-caluroso-de-su-historia\/#primaryimage"},"thumbnailUrl":"https:\/\/gysfm.com.ar\/inicio\/wp-content\/uploads\/2026\/09\/multitudes-disfrutan-del-clima-caluroso-en-la-ZE5262T6VVG6NOV5LF24E2DKVY.JPG","articleSection":["INTERNACIONALES"],"inLanguage":"es"},{"@type":"WebPage","@id":"https:\/\/gysfm.com.ar\/inicio\/gran-bretana-registro-el-verano-mas-caluroso-de-su-historia\/","url":"https:\/\/gysfm.com.ar\/inicio\/gran-bretana-registro-el-verano-mas-caluroso-de-su-historia\/","name":"Gran Breta\u00f1a registr\u00f3 el verano m\u00e1s caluroso de su historia - GYS NOTICIAS |","isPartOf":{"@id":"https:\/\/gysfm.com.ar\/inicio\/#website"},"primaryImageOfPage":{"@id":"https:\/\/gysfm.com.ar\/inicio\/gran-bretana-registro-el-verano-mas-caluroso-de-su-historia\/#primaryimage"},"image":{"@id":"https:\/\/gysfm.com.ar\/inicio\/gran-bretana-registro-el-verano-mas-caluroso-de-su-historia\/#primaryimage"},"thumbnailUrl":"https:\/\/gysfm.com.ar\/inicio\/wp-content\/uploads\/2026\/09\/multitudes-disfrutan-del-clima-caluroso-en-la-ZE5262T6VVG6NOV5LF24E2DKVY.JPG","datePublished":"2026-09-01T23:40:31+00:00","dateModified":"2026-09-01T23:40:32+00:00","breadcrumb":{"@id":"https:\/\/gysfm.com.ar\/inicio\/gran-bretana-registro-el-verano-mas-caluroso-de-su-historia\/#breadcrumb"},"inLanguage":"es","potentialAction":[{"@type":"ReadAction","target":["https:\/\/gysfm.com.ar\/inicio\/gran-bretana-registro-el-verano-mas-caluroso-de-su-historia\/"]}]},{"@type":"ImageObject","inLanguage":"es","@id":"https:\/\/gysfm.com.ar\/inicio\/gran-bretana-registro-el-verano-mas-caluroso-de-su-historia\/#primaryimage","url":"https:\/\/gysfm.com.ar\/inicio\/wp-content\/uploads\/2026\/09\/multitudes-disfrutan-del-clima-caluroso-en-la-ZE5262T6VVG6NOV5LF24E2DKVY.JPG","contentUrl":"https:\/\/gysfm.com.ar\/inicio\/wp-content\/uploads\/2026\/09\/multitudes-disfrutan-del-clima-caluroso-en-la-ZE5262T6VVG6NOV5LF24E2DKVY.JPG","width":1200,"height":800},{"@type":"BreadcrumbList","@id":"https:\/\/gysfm.com.ar\/inicio\/gran-bretana-registro-el-verano-mas-caluroso-de-su-historia\/#breadcrumb","itemListElement":[{"@type":"ListItem","position":1,"name":"Portada","item":"https:\/\/gysfm.com.ar\/inicio\/"},{"@type":"ListItem","position":2,"name":"Gran Breta\u00f1a registr\u00f3 el verano m\u00e1s caluroso de su historia"}]},{"@type":"WebSite","@id":"https:\/\/gysfm.com.ar\/inicio\/#website","url":"https:\/\/gysfm.com.ar\/inicio\/","name":"GYS NOTICIAS |","description":"DIARIO - RADIO ONLINE SAN JUAN ARGENTINA","publisher":{"@id":"https:\/\/gysfm.com.ar\/inicio\/#organization"},"potentialAction":[{"@type":"SearchAction","target":{"@type":"EntryPoint","urlTemplate":"https:\/\/gysfm.com.ar\/inicio\/?s={search_term_string}"},"query-input":{"@type":"PropertyValueSpecification","valueRequired":true,"valueName":"search_term_string"}}],"inLanguage":"es"},{"@type":"Organization","@id":"https:\/\/gysfm.com.ar\/inicio\/#organization","name":"GYS NOTICIAS |","url":"https:\/\/gysfm.com.ar\/inicio\/","logo":{"@type":"ImageObject","inLanguage":"es","@id":"https:\/\/gysfm.com.ar\/inicio\/#\/schema\/logo\/image\/","url":"https:\/\/gysfm.com.ar\/inicio\/wp-content\/uploads\/2023\/07\/LOGOGYS-OK.png","contentUrl":"https:\/\/gysfm.com.ar\/inicio\/wp-content\/uploads\/2023\/07\/LOGOGYS-OK.png","width":1170,"height":872,"caption":"GYS NOTICIAS |"},"image":{"@id":"https:\/\/gysfm.com.ar\/inicio\/#\/schema\/logo\/image\/"}},{"@type":"Person","@id":"https:\/\/gysfm.com.ar\/inicio\/#\/schema\/person\/3abba7593ef2ad19e1be221d54383dc5","name":"Prensa G&amp;S FM","image":{"@type":"ImageObject","inLanguage":"es","@id":"https:\/\/gysfm.com.ar\/inicio\/#\/schema\/person\/image\/","url":"https:\/\/secure.gravatar.com\/avatar\/096ec78df02049ab018702bb4ccedf659377fa92a26540b5247612077a0dbd29?s=96&d=mm&r=g","contentUrl":"https:\/\/secure.gravatar.com\/avatar\/096ec78df02049ab018702bb4ccedf659377fa92a26540b5247612077a0dbd29?s=96&d=mm&r=g","caption":"Prensa G&amp;S FM"},"sameAs":["https:\/\/gysfm.com.ar\/"],"url":"https:\/\/gysfm.com.ar\/inicio\/author\/lucasm\/"}]}},"_links":{"self":[{"href":"https:\/\/gysfm.com.ar\/inicio\/wp-json\/wp\/v2\/posts\/210105","targetHints":{"allow":["GET"]}}],"collection":[{"href":"https:\/\/gysfm.com.ar\/inicio\/wp-json\/wp\/v2\/posts"}],"about":[{"href":"https:\/\/gysfm.com.ar\/inicio\/wp-json\/wp\/v2\/types\/post"}],"author":[{"embeddable":true,"href":"https:\/\/gysfm.com.ar\/inicio\/wp-json\/wp\/v2\/users\/2"}],"replies":[{"embeddable":true,"href":"https:\/\/gysfm.com.ar\/inicio\/wp-json\/wp\/v2\/comments?post=210105"}],"version-history":[{"count":1,"href":"https:\/\/gysfm.com.ar\/inicio\/wp-json\/wp\/v2\/posts\/210105\/revisions"}],"predecessor-version":[{"id":210107,"href":"https:\/\/gysfm.com.ar\/inicio\/wp-json\/wp\/v2\/posts\/210105\/revisions\/210107"}],"wp:featuredmedia":[{"embeddable":true,"href":"https:\/\/gysfm.com.ar\/inicio\/wp-json\/wp\/v2\/media\/210106"}],"wp:attachment":[{"href":"https:\/\/gysfm.com.ar\/inicio\/wp-json\/wp\/v2\/media?parent=210105"}],"wp:term":[{"taxonomy":"category","embeddable":true,"href":"https:\/\/gysfm.com.ar\/inicio\/wp-json\/wp\/v2\/categories?post=210105"},{"taxonomy":"post_tag","embeddable":true,"href":"https:\/\/gysfm.com.ar\/inicio\/wp-json\/wp\/v2\/tags?post=210105"}],"curies":[{"name":"wp","href":"https:\/\/api.w.org\/{rel}","templated":true}]}}