{"id":210101,"date":"2026-09-01T19:38:31","date_gmt":"2026-09-01T22:38:31","guid":{"rendered":"https:\/\/gysfm.com.ar\/inicio\/augusto-cury-el-fenomeno-de-las-redes-que-amenaza-con-romper-la-polarizacion-en-brasil\/"},"modified":"2026-09-01T19:38:32","modified_gmt":"2026-09-01T22:38:32","slug":"augusto-cury-el-fenomeno-de-las-redes-que-amenaza-con-romper-la-polarizacion-en-brasil","status":"publish","type":"post","link":"https:\/\/gysfm.com.ar\/inicio\/augusto-cury-el-fenomeno-de-las-redes-que-amenaza-con-romper-la-polarizacion-en-brasil\/","title":{"rendered":"Augusto Cury, el fen\u00f3meno de las redes que amenaza con romper la polarizaci\u00f3n en Brasil"},"content":{"rendered":"<p> <br \/>\n<\/p>\n<div>\n<p class=\"com-paragraph --capital --s text-left\">BRASILIA.\u2013 Durante meses, la <a href=\"https:\/\/www.lanacion.com.ar\/el-mundo\/quien-gana-las-elecciones-en-brasil-2026-asi-estan-las-encuestas-entre-flavio-bolsonaro-y-lula-hoy-nid31082026\/\" target=\"_self\" title=\"https:\/\/www.lanacion.com.ar\/el-mundo\/quien-gana-las-elecciones-en-brasil-2026-asi-estan-las-encuestas-entre-flavio-bolsonaro-y-lula-hoy-nid31082026\/\" class=\"com-link break-word\" data-mrf-recirculation=\"n_link_parrafo\">elecci\u00f3n presidencial brasile\u00f1a<\/a> pareci\u00f3 condenada a repetir el duelo que domina la pol\u00edtica del pa\u00eds desde hace a\u00f1os: <a href=\"https:\/\/www.lanacion.com.ar\/el-mundo\/bolsonaro-achica-la-distancia-con-lula-y-un-inesperado-tercer-candidato-irrumpe-en-la-pelea-nid31082026\/\" target=\"_self\" title=\"https:\/\/www.lanacion.com.ar\/el-mundo\/bolsonaro-achica-la-distancia-con-lula-y-un-inesperado-tercer-candidato-irrumpe-en-la-pelea-nid31082026\/\" class=\"com-link break-word\" data-mrf-recirculation=\"n_link_parrafo\"><strong>Luiz Inacio Lula da Silva<\/strong><\/a><strong> contra el bolsonarismo<\/strong>. Pero a poco m\u00e1s de un mes de la primera vuelta, un <strong>candidato sin experiencia pol\u00edtica comenz\u00f3 a alterar<\/strong> ese escenario. <strong>Augusto Cury, psiquiatra, escritor de<\/strong><em><strong> best sellers <\/strong><\/em><strong>y personaje televisivo<\/strong>, irrumpi\u00f3 en las encuestas y se convirti\u00f3 en la nueva sorpresa de la campa\u00f1a.<\/p>\n<p class=\"com-paragraph --s\">Cury, de <strong>67 a\u00f1os<\/strong>, pas\u00f3 de ser pr\u00e1cticamente desconocido como candidato a ocupar el <strong>tercer lugar en dos sondeos<\/strong> publicados el lunes. Una encuesta de Nexus, encargada por BTG Pactual, le otorg\u00f3 <strong>11% de intenci\u00f3n de voto<\/strong>, frente al 2% de la medici\u00f3n anterior. Otra, de AtlasIntel\/Bloomberg, lo ubic\u00f3 en 7,8%, frente al 1,6% previo.<\/p>\n<p class=\"com-paragraph --s\">El salto resulta particularmente llamativo porque se produce en una campa\u00f1a dominada por Lula, candidato del Partido de los Trabajadores (PT), y Flavio Bolsonaro, senador e hijo mayor del expresidente Jair Bolsonaro. En el sondeo de Nexus, <strong>Lula obtuvo 39% y Bolsonaro 33%<\/strong>, mientras que AtlasIntel registr\u00f3 43,4% para el presidente y 33,7% para su rival de derecha.<\/p>\n<p class=\"com-paragraph --s\">El avance de Cury, que compite por el peque\u00f1o partido <strong>Avante<\/strong>, todav\u00eda no permite hablar de una amenaza concreta para los favoritos. Pero<strong> <\/strong>\u00bfse trata de un<strong> outsider con margen para seguir creciendo o de un fen\u00f3meno pasajero<\/strong> impulsado por las redes sociales y sus apariciones televisivas?<\/p>\n<p class=\"com-paragraph --s\">Cury intenta ocupar el espacio del<strong> elector desencantado con una polarizaci\u00f3n <\/strong>que lleva a\u00f1os marcando la pol\u00edtica brasile\u00f1a.<strong> Evita definirse como candidato de izquierda o de derecha<\/strong> y utiliza como lema <strong>\u201cCentrados en lo que importa\u201d<\/strong>. En una de sus frases m\u00e1s repetidas, resume su posici\u00f3n pol\u00edtica as\u00ed: <strong>\u201cMi mente es capitalista, mi coraz\u00f3n es social\u201d<\/strong>.<\/p>\n<p class=\"com-paragraph --s\">Su principal capital, sin embargo, no es una estructura partidaria sino su reconocimiento p\u00fablico. M\u00e9dico especializado en psiquiatr\u00eda y psicolog\u00eda, Cury construy\u00f3 durante d\u00e9cadas una carrera como escritor y <strong>conferencista sobre bienestar emocional<\/strong>. Afirma haber vendido <strong>42 millones de libros en m\u00e1s de 70 pa\u00edses<\/strong> y se presenta como el psiquiatra m\u00e1s le\u00eddo del mundo.<\/p>\n<div class=\"content-media\">\n<section role=\"button\" class=\"mod-media   \">\n<figure role=\"button\" tabindex=\"0\" class=\"mod-figure \"><figcaption class=\"mod-figcaption\"><span class=\"com-text --caption --twoxs\">Augusto Cury, estudia el proceso de construcci\u00f3n de pensamientos, la formaci\u00f3n del Yo como administrador ps\u00edquico y los papeles de la memoria<\/span><\/figcaption><\/figure>\n<\/section>\n<\/div>\n<p class=\"com-paragraph --s\">Su llegada a la pol\u00edtica se apoya as\u00ed en una audiencia que ya ten\u00eda antes de lanzarse a la campa\u00f1a. Cury cuenta con <strong>10,7 millones de seguidores en Instagram<\/strong>, una cifra cercana a los 11,4 millones de Flavio Bolsonaro, aunque todav\u00eda por debajo de los 14,9 millones de Lula.<\/p>\n<p class=\"com-paragraph --s\">En las \u00faltimas semanas, adem\u00e1s, su crecimiento digital se aceler\u00f3. El<strong> \u00cdndice de Popularidad Digital de Quaest<\/strong>, que combina <strong>presencia<\/strong>, <strong>interacciones<\/strong> y <strong>reacciones <\/strong>en siete plataformas, mostr\u00f3 que Cury pas\u00f3 de <strong>37,8 a 54,5 puntos sobre 100<\/strong>, saltando del s\u00e9ptimo al cuarto puesto del ranking.<\/p>\n<p class=\"com-paragraph --s\">La expansi\u00f3n tambi\u00e9n se refleja en el alcance de sus contenidos. Un video de su participaci\u00f3n en un debate televisivo acumul\u00f3 <strong>21,2 millones de visualizaciones y 1,3 millones de \u201cme gusta\u201d en Instagram<\/strong>. Su canci\u00f3n de campa\u00f1a, en tanto, alcanz\u00f3 12 millones de visualizaciones y 584.000 \u201cme gusta\u201d en apenas cuatro d\u00edas.<\/p>\n<p><h2 class=\"font-primary font-w-bold text-subheading-lg text-left container-center-100 mb-8\"><span>Propuestas de impacto<\/span><\/h2>\n<\/p>\n<p class=\"com-paragraph --s\">Una de las caracter\u00edsticas de Cury es que sus propuestas, adem\u00e1s de buscar diferenciarlo de Lula y Bolsonaro, suelen generar <strong>repercusi\u00f3n <\/strong>en las redes. En una entrevista televisiva propuso <strong>capacitar a diplom\u00e1ticos para que act\u00faen como influencers y ayuden a \u201cvender Brasil\u201d al mundo<\/strong>. Tambi\u00e9n plante\u00f3 <strong>utilizar drones en la lucha contra los femicidios<\/strong>, una idea que r\u00e1pidamente se convirti\u00f3 en material para memes y cr\u00edticas.<\/p>\n<p class=\"com-paragraph --s\">\u201cEl dron se activa en la comisar\u00eda, sale de ella antes que el agente y hace sonar una sirena de alerta\u201d, explic\u00f3 Cury en televisi\u00f3n, al defender su propuesta.<\/p>\n<div class=\"content-media\">\n<section role=\"button\" class=\"mod-media   \">\n<figure role=\"button\" tabindex=\"0\" class=\"mod-figure \"><figcaption class=\"mod-figcaption\"><span class=\"com-text --caption --twoxs\">Augusto Cury, en un programa televisivo<\/span><\/figcaption><\/figure>\n<\/section>\n<\/div>\n<p class=\"com-paragraph --s\">Desde el oficialismo analizan en qu\u00e9 segmentos de edad y nivel socioecon\u00f3mico est\u00e1 creciendo para determinar si el fen\u00f3meno puede afectar el desempe\u00f1o de Lula. En el campo opositor, en cambio, algunos intentan minimizarlo.<\/p>\n<p class=\"com-paragraph --s\">Un <strong>dirigente cercano a la campa\u00f1a de Flavio Bolsonaro describi\u00f3 a Cury como<\/strong> <strong>\u201cel m\u00e1s grande de los candidatos enanos\u201d<\/strong> y consider\u00f3 que no tiene suficiente potencial para amenazar al senador. <\/p>\n<p class=\"com-paragraph --s\"><strong>Renan Santos<\/strong>, otro de los <strong>candidatos de la llamada tercera v\u00eda<\/strong>, calific\u00f3 el crecimiento digital de Cury como <strong>\u201cartificial\u201d<\/strong> y sostuvo que puede ser simplemente un producto para los votantes cansados de la hiperpolitizaci\u00f3n.<\/p>\n<p class=\"com-paragraph --s\">Maria Cristina Fernandes, columnista de Valor, sostuvo que queda poco tiempo para que Cury alcance a los principales candidatos, aunque admiti\u00f3 que<strong> todav\u00eda puede ganar algunos puntos y quitar votos tanto a Lula como a Bolsonaro<\/strong>. Vera Magalh\u00e3es, de OGlobo, dijo que <strong>todos est\u00e1n hablando del \u201cfen\u00f3meno Cury\u201d<\/strong>, pero que todav\u00eda no est\u00e1 claro si se trata de algo consistente.<\/p>\n<p class=\"com-paragraph --s\">Tambi\u00e9n surgieron <strong>dudas sobre el origen de parte de su crecimiento en las redes sociales<\/strong> y sobre la posible utilizaci\u00f3n de <strong>bots<\/strong>. Para algunos analistas, ser\u00e1 necesario esperar nuevas mediciones de encuestadoras con mayor tradici\u00f3n, como Datafolha y Quaest, antes de determinar si el salto virtual se transforma en votos reales.<\/p>\n<p class=\"com-paragraph --s\">El Eurasia Group plante\u00f3 un umbral m\u00e1s exigente: <strong>para convertirse en una amenaza real para Bolsonaro, Cury deber\u00eda acercarse al<\/strong> <strong>15% hacia mediados de septiembre<\/strong>, mientras el senador deber\u00eda caer hacia el 25%, un escenario que permitir\u00eda hablar de un voto estrat\u00e9gico opositor.<\/p>\n<p class=\"com-paragraph --s\"><strong>Agencias ANSA y Reuters y diario <\/strong><em><strong>OGlobo\/GDA<\/strong><\/em><\/p>\n<section class=\"container-center-100 mb-40 border border-bottom border-thin border-neutral-light-700\">\n<hr\/>\n<\/section>\n<\/div>\n<p><script id=\"facebookpixel\" defer=\"\" type=\"text\/javascript\">\n        !function(f,b,e,v,n,t,s)\n        {if(f.fbq)return;n=f.fbq=function(){n.callMethod?\n        n.callMethod.apply(n,arguments):n.queue.push(arguments)};\n        if(!f._fbq)f._fbq=n;n.push=n;n.loaded=!0;n.version='2.0';\n        n.queue=[];t=b.createElement(e);t.async=!0;\n        t.src=v;s=b.getElementsByTagName(e)[0];\n        s.parentNode.insertBefore(t,s)}(window, document,'script',\n        'https:\/\/connect.facebook.net\/en_US\/fbevents.js');\n        fbq('init', '492459597522335');\n        fbq('track', 'PageView');\n    <\/script><br \/>\n<br \/><\/p>\n","protected":false},"excerpt":{"rendered":"<p>BRASILIA.\u2013 Durante meses, la elecci\u00f3n presidencial brasile\u00f1a pareci\u00f3 condenada a repetir el duelo que domina la pol\u00edtica del pa\u00eds desde hace a\u00f1os: Luiz Inacio Lula da Silva contra el bolsonarismo. Pero a poco m\u00e1s de un mes de la primera vuelta, un candidato sin experiencia pol\u00edtica comenz\u00f3 a alterar ese escenario. Augusto Cury, psiquiatra, escritor [&hellip;]<\/p>\n","protected":false},"author":2,"featured_media":210102,"comment_status":"closed","ping_status":"closed","sticky":false,"template":"","format":"standard","meta":{"footnotes":""},"categories":[26],"tags":[],"class_list":["post-210101","post","type-post","status-publish","format-standard","has-post-thumbnail","hentry","category-internacionales"],"yoast_head":"<!-- This site is optimized with the Yoast SEO plugin v24.4 - https:\/\/yoast.com\/wordpress\/plugins\/seo\/ -->\n<title>Augusto Cury, el fen\u00f3meno de las redes que amenaza con romper la polarizaci\u00f3n en Brasil - GYS NOTICIAS |<\/title>\n<meta name=\"robots\" content=\"index, follow, max-snippet:-1, max-image-preview:large, max-video-preview:-1\" \/>\n<link rel=\"canonical\" href=\"https:\/\/gysfm.com.ar\/inicio\/augusto-cury-el-fenomeno-de-las-redes-que-amenaza-con-romper-la-polarizacion-en-brasil\/\" \/>\n<meta property=\"og:locale\" content=\"es_ES\" \/>\n<meta property=\"og:type\" content=\"article\" \/>\n<meta property=\"og:title\" content=\"Augusto Cury, el fen\u00f3meno de las redes que amenaza con romper la polarizaci\u00f3n en Brasil - GYS NOTICIAS |\" \/>\n<meta property=\"og:description\" content=\"BRASILIA.\u2013 Durante meses, la elecci\u00f3n presidencial brasile\u00f1a pareci\u00f3 condenada a repetir el duelo que domina la pol\u00edtica del pa\u00eds desde hace a\u00f1os: Luiz Inacio Lula da Silva contra el bolsonarismo. Pero a poco m\u00e1s de un mes de la primera vuelta, un candidato sin experiencia pol\u00edtica comenz\u00f3 a alterar ese escenario. Augusto Cury, psiquiatra, escritor [&hellip;]\" \/>\n<meta property=\"og:url\" content=\"https:\/\/gysfm.com.ar\/inicio\/augusto-cury-el-fenomeno-de-las-redes-que-amenaza-con-romper-la-polarizacion-en-brasil\/\" \/>\n<meta property=\"og:site_name\" content=\"GYS NOTICIAS |\" \/>\n<meta property=\"article:published_time\" content=\"2026-09-01T22:38:31+00:00\" \/>\n<meta property=\"article:modified_time\" content=\"2026-09-01T22:38:32+00:00\" \/>\n<meta property=\"og:image\" content=\"https:\/\/gysfm.com.ar\/inicio\/wp-content\/uploads\/2026\/09\/augusto-ZSKSKHAYJZH23DRN36GZ4PUQGA.jpg\" \/>\n\t<meta property=\"og:image:width\" content=\"1200\" \/>\n\t<meta property=\"og:image:height\" content=\"800\" \/>\n\t<meta property=\"og:image:type\" content=\"image\/jpeg\" \/>\n<meta name=\"author\" content=\"Prensa G&amp;S FM\" \/>\n<meta name=\"twitter:card\" content=\"summary_large_image\" \/>\n<meta name=\"twitter:label1\" content=\"Escrito por\" \/>\n\t<meta name=\"twitter:data1\" content=\"Prensa G&amp;S FM\" \/>\n\t<meta name=\"twitter:label2\" content=\"Tiempo de lectura\" \/>\n\t<meta name=\"twitter:data2\" content=\"5 minutos\" \/>\n<script type=\"application\/ld+json\" class=\"yoast-schema-graph\">{\"@context\":\"https:\/\/schema.org\",\"@graph\":[{\"@type\":\"Article\",\"@id\":\"https:\/\/gysfm.com.ar\/inicio\/augusto-cury-el-fenomeno-de-las-redes-que-amenaza-con-romper-la-polarizacion-en-brasil\/#article\",\"isPartOf\":{\"@id\":\"https:\/\/gysfm.com.ar\/inicio\/augusto-cury-el-fenomeno-de-las-redes-que-amenaza-con-romper-la-polarizacion-en-brasil\/\"},\"author\":{\"name\":\"Prensa G&amp;S FM\",\"@id\":\"https:\/\/gysfm.com.ar\/inicio\/#\/schema\/person\/3abba7593ef2ad19e1be221d54383dc5\"},\"headline\":\"Augusto Cury, el fen\u00f3meno de las redes que amenaza con romper la polarizaci\u00f3n en Brasil\",\"datePublished\":\"2026-09-01T22:38:31+00:00\",\"dateModified\":\"2026-09-01T22:38:32+00:00\",\"mainEntityOfPage\":{\"@id\":\"https:\/\/gysfm.com.ar\/inicio\/augusto-cury-el-fenomeno-de-las-redes-que-amenaza-con-romper-la-polarizacion-en-brasil\/\"},\"wordCount\":954,\"publisher\":{\"@id\":\"https:\/\/gysfm.com.ar\/inicio\/#organization\"},\"image\":{\"@id\":\"https:\/\/gysfm.com.ar\/inicio\/augusto-cury-el-fenomeno-de-las-redes-que-amenaza-con-romper-la-polarizacion-en-brasil\/#primaryimage\"},\"thumbnailUrl\":\"https:\/\/gysfm.com.ar\/inicio\/wp-content\/uploads\/2026\/09\/augusto-ZSKSKHAYJZH23DRN36GZ4PUQGA.jpg\",\"articleSection\":[\"INTERNACIONALES\"],\"inLanguage\":\"es\"},{\"@type\":\"WebPage\",\"@id\":\"https:\/\/gysfm.com.ar\/inicio\/augusto-cury-el-fenomeno-de-las-redes-que-amenaza-con-romper-la-polarizacion-en-brasil\/\",\"url\":\"https:\/\/gysfm.com.ar\/inicio\/augusto-cury-el-fenomeno-de-las-redes-que-amenaza-con-romper-la-polarizacion-en-brasil\/\",\"name\":\"Augusto Cury, el fen\u00f3meno de las redes que amenaza con romper la polarizaci\u00f3n en Brasil - GYS NOTICIAS |\",\"isPartOf\":{\"@id\":\"https:\/\/gysfm.com.ar\/inicio\/#website\"},\"primaryImageOfPage\":{\"@id\":\"https:\/\/gysfm.com.ar\/inicio\/augusto-cury-el-fenomeno-de-las-redes-que-amenaza-con-romper-la-polarizacion-en-brasil\/#primaryimage\"},\"image\":{\"@id\":\"https:\/\/gysfm.com.ar\/inicio\/augusto-cury-el-fenomeno-de-las-redes-que-amenaza-con-romper-la-polarizacion-en-brasil\/#primaryimage\"},\"thumbnailUrl\":\"https:\/\/gysfm.com.ar\/inicio\/wp-content\/uploads\/2026\/09\/augusto-ZSKSKHAYJZH23DRN36GZ4PUQGA.jpg\",\"datePublished\":\"2026-09-01T22:38:31+00:00\",\"dateModified\":\"2026-09-01T22:38:32+00:00\",\"breadcrumb\":{\"@id\":\"https:\/\/gysfm.com.ar\/inicio\/augusto-cury-el-fenomeno-de-las-redes-que-amenaza-con-romper-la-polarizacion-en-brasil\/#breadcrumb\"},\"inLanguage\":\"es\",\"potentialAction\":[{\"@type\":\"ReadAction\",\"target\":[\"https:\/\/gysfm.com.ar\/inicio\/augusto-cury-el-fenomeno-de-las-redes-que-amenaza-con-romper-la-polarizacion-en-brasil\/\"]}]},{\"@type\":\"ImageObject\",\"inLanguage\":\"es\",\"@id\":\"https:\/\/gysfm.com.ar\/inicio\/augusto-cury-el-fenomeno-de-las-redes-que-amenaza-con-romper-la-polarizacion-en-brasil\/#primaryimage\",\"url\":\"https:\/\/gysfm.com.ar\/inicio\/wp-content\/uploads\/2026\/09\/augusto-ZSKSKHAYJZH23DRN36GZ4PUQGA.jpg\",\"contentUrl\":\"https:\/\/gysfm.com.ar\/inicio\/wp-content\/uploads\/2026\/09\/augusto-ZSKSKHAYJZH23DRN36GZ4PUQGA.jpg\",\"width\":1200,\"height\":800},{\"@type\":\"BreadcrumbList\",\"@id\":\"https:\/\/gysfm.com.ar\/inicio\/augusto-cury-el-fenomeno-de-las-redes-que-amenaza-con-romper-la-polarizacion-en-brasil\/#breadcrumb\",\"itemListElement\":[{\"@type\":\"ListItem\",\"position\":1,\"name\":\"Portada\",\"item\":\"https:\/\/gysfm.com.ar\/inicio\/\"},{\"@type\":\"ListItem\",\"position\":2,\"name\":\"Augusto Cury, el fen\u00f3meno de las redes que amenaza con romper la polarizaci\u00f3n en Brasil\"}]},{\"@type\":\"WebSite\",\"@id\":\"https:\/\/gysfm.com.ar\/inicio\/#website\",\"url\":\"https:\/\/gysfm.com.ar\/inicio\/\",\"name\":\"GYS NOTICIAS |\",\"description\":\"DIARIO - RADIO ONLINE SAN JUAN ARGENTINA\",\"publisher\":{\"@id\":\"https:\/\/gysfm.com.ar\/inicio\/#organization\"},\"potentialAction\":[{\"@type\":\"SearchAction\",\"target\":{\"@type\":\"EntryPoint\",\"urlTemplate\":\"https:\/\/gysfm.com.ar\/inicio\/?s={search_term_string}\"},\"query-input\":{\"@type\":\"PropertyValueSpecification\",\"valueRequired\":true,\"valueName\":\"search_term_string\"}}],\"inLanguage\":\"es\"},{\"@type\":\"Organization\",\"@id\":\"https:\/\/gysfm.com.ar\/inicio\/#organization\",\"name\":\"GYS NOTICIAS |\",\"url\":\"https:\/\/gysfm.com.ar\/inicio\/\",\"logo\":{\"@type\":\"ImageObject\",\"inLanguage\":\"es\",\"@id\":\"https:\/\/gysfm.com.ar\/inicio\/#\/schema\/logo\/image\/\",\"url\":\"https:\/\/gysfm.com.ar\/inicio\/wp-content\/uploads\/2023\/07\/LOGOGYS-OK.png\",\"contentUrl\":\"https:\/\/gysfm.com.ar\/inicio\/wp-content\/uploads\/2023\/07\/LOGOGYS-OK.png\",\"width\":1170,\"height\":872,\"caption\":\"GYS NOTICIAS |\"},\"image\":{\"@id\":\"https:\/\/gysfm.com.ar\/inicio\/#\/schema\/logo\/image\/\"}},{\"@type\":\"Person\",\"@id\":\"https:\/\/gysfm.com.ar\/inicio\/#\/schema\/person\/3abba7593ef2ad19e1be221d54383dc5\",\"name\":\"Prensa G&amp;S FM\",\"image\":{\"@type\":\"ImageObject\",\"inLanguage\":\"es\",\"@id\":\"https:\/\/gysfm.com.ar\/inicio\/#\/schema\/person\/image\/\",\"url\":\"https:\/\/secure.gravatar.com\/avatar\/096ec78df02049ab018702bb4ccedf659377fa92a26540b5247612077a0dbd29?s=96&d=mm&r=g\",\"contentUrl\":\"https:\/\/secure.gravatar.com\/avatar\/096ec78df02049ab018702bb4ccedf659377fa92a26540b5247612077a0dbd29?s=96&d=mm&r=g\",\"caption\":\"Prensa G&amp;S FM\"},\"sameAs\":[\"https:\/\/gysfm.com.ar\/\"],\"url\":\"https:\/\/gysfm.com.ar\/inicio\/author\/lucasm\/\"}]}<\/script>\n<!-- \/ Yoast SEO plugin. -->","yoast_head_json":{"title":"Augusto Cury, el fen\u00f3meno de las redes que amenaza con romper la polarizaci\u00f3n en Brasil - GYS NOTICIAS |","robots":{"index":"index","follow":"follow","max-snippet":"max-snippet:-1","max-image-preview":"max-image-preview:large","max-video-preview":"max-video-preview:-1"},"canonical":"https:\/\/gysfm.com.ar\/inicio\/augusto-cury-el-fenomeno-de-las-redes-que-amenaza-con-romper-la-polarizacion-en-brasil\/","og_locale":"es_ES","og_type":"article","og_title":"Augusto Cury, el fen\u00f3meno de las redes que amenaza con romper la polarizaci\u00f3n en Brasil - GYS NOTICIAS |","og_description":"BRASILIA.\u2013 Durante meses, la elecci\u00f3n presidencial brasile\u00f1a pareci\u00f3 condenada a repetir el duelo que domina la pol\u00edtica del pa\u00eds desde hace a\u00f1os: Luiz Inacio Lula da Silva contra el bolsonarismo. Pero a poco m\u00e1s de un mes de la primera vuelta, un candidato sin experiencia pol\u00edtica comenz\u00f3 a alterar ese escenario. Augusto Cury, psiquiatra, escritor [&hellip;]","og_url":"https:\/\/gysfm.com.ar\/inicio\/augusto-cury-el-fenomeno-de-las-redes-que-amenaza-con-romper-la-polarizacion-en-brasil\/","og_site_name":"GYS NOTICIAS |","article_published_time":"2026-09-01T22:38:31+00:00","article_modified_time":"2026-09-01T22:38:32+00:00","og_image":[{"width":1200,"height":800,"url":"https:\/\/gysfm.com.ar\/inicio\/wp-content\/uploads\/2026\/09\/augusto-ZSKSKHAYJZH23DRN36GZ4PUQGA.jpg","type":"image\/jpeg"}],"author":"Prensa G&amp;S FM","twitter_card":"summary_large_image","twitter_misc":{"Escrito por":"Prensa G&amp;S FM","Tiempo de lectura":"5 minutos"},"schema":{"@context":"https:\/\/schema.org","@graph":[{"@type":"Article","@id":"https:\/\/gysfm.com.ar\/inicio\/augusto-cury-el-fenomeno-de-las-redes-que-amenaza-con-romper-la-polarizacion-en-brasil\/#article","isPartOf":{"@id":"https:\/\/gysfm.com.ar\/inicio\/augusto-cury-el-fenomeno-de-las-redes-que-amenaza-con-romper-la-polarizacion-en-brasil\/"},"author":{"name":"Prensa G&amp;S FM","@id":"https:\/\/gysfm.com.ar\/inicio\/#\/schema\/person\/3abba7593ef2ad19e1be221d54383dc5"},"headline":"Augusto Cury, el fen\u00f3meno de las redes que amenaza con romper la polarizaci\u00f3n en Brasil","datePublished":"2026-09-01T22:38:31+00:00","dateModified":"2026-09-01T22:38:32+00:00","mainEntityOfPage":{"@id":"https:\/\/gysfm.com.ar\/inicio\/augusto-cury-el-fenomeno-de-las-redes-que-amenaza-con-romper-la-polarizacion-en-brasil\/"},"wordCount":954,"publisher":{"@id":"https:\/\/gysfm.com.ar\/inicio\/#organization"},"image":{"@id":"https:\/\/gysfm.com.ar\/inicio\/augusto-cury-el-fenomeno-de-las-redes-que-amenaza-con-romper-la-polarizacion-en-brasil\/#primaryimage"},"thumbnailUrl":"https:\/\/gysfm.com.ar\/inicio\/wp-content\/uploads\/2026\/09\/augusto-ZSKSKHAYJZH23DRN36GZ4PUQGA.jpg","articleSection":["INTERNACIONALES"],"inLanguage":"es"},{"@type":"WebPage","@id":"https:\/\/gysfm.com.ar\/inicio\/augusto-cury-el-fenomeno-de-las-redes-que-amenaza-con-romper-la-polarizacion-en-brasil\/","url":"https:\/\/gysfm.com.ar\/inicio\/augusto-cury-el-fenomeno-de-las-redes-que-amenaza-con-romper-la-polarizacion-en-brasil\/","name":"Augusto Cury, el fen\u00f3meno de las redes que amenaza con romper la polarizaci\u00f3n en Brasil - GYS NOTICIAS |","isPartOf":{"@id":"https:\/\/gysfm.com.ar\/inicio\/#website"},"primaryImageOfPage":{"@id":"https:\/\/gysfm.com.ar\/inicio\/augusto-cury-el-fenomeno-de-las-redes-que-amenaza-con-romper-la-polarizacion-en-brasil\/#primaryimage"},"image":{"@id":"https:\/\/gysfm.com.ar\/inicio\/augusto-cury-el-fenomeno-de-las-redes-que-amenaza-con-romper-la-polarizacion-en-brasil\/#primaryimage"},"thumbnailUrl":"https:\/\/gysfm.com.ar\/inicio\/wp-content\/uploads\/2026\/09\/augusto-ZSKSKHAYJZH23DRN36GZ4PUQGA.jpg","datePublished":"2026-09-01T22:38:31+00:00","dateModified":"2026-09-01T22:38:32+00:00","breadcrumb":{"@id":"https:\/\/gysfm.com.ar\/inicio\/augusto-cury-el-fenomeno-de-las-redes-que-amenaza-con-romper-la-polarizacion-en-brasil\/#breadcrumb"},"inLanguage":"es","potentialAction":[{"@type":"ReadAction","target":["https:\/\/gysfm.com.ar\/inicio\/augusto-cury-el-fenomeno-de-las-redes-que-amenaza-con-romper-la-polarizacion-en-brasil\/"]}]},{"@type":"ImageObject","inLanguage":"es","@id":"https:\/\/gysfm.com.ar\/inicio\/augusto-cury-el-fenomeno-de-las-redes-que-amenaza-con-romper-la-polarizacion-en-brasil\/#primaryimage","url":"https:\/\/gysfm.com.ar\/inicio\/wp-content\/uploads\/2026\/09\/augusto-ZSKSKHAYJZH23DRN36GZ4PUQGA.jpg","contentUrl":"https:\/\/gysfm.com.ar\/inicio\/wp-content\/uploads\/2026\/09\/augusto-ZSKSKHAYJZH23DRN36GZ4PUQGA.jpg","width":1200,"height":800},{"@type":"BreadcrumbList","@id":"https:\/\/gysfm.com.ar\/inicio\/augusto-cury-el-fenomeno-de-las-redes-que-amenaza-con-romper-la-polarizacion-en-brasil\/#breadcrumb","itemListElement":[{"@type":"ListItem","position":1,"name":"Portada","item":"https:\/\/gysfm.com.ar\/inicio\/"},{"@type":"ListItem","position":2,"name":"Augusto Cury, el fen\u00f3meno de las redes que amenaza con romper la polarizaci\u00f3n en Brasil"}]},{"@type":"WebSite","@id":"https:\/\/gysfm.com.ar\/inicio\/#website","url":"https:\/\/gysfm.com.ar\/inicio\/","name":"GYS NOTICIAS |","description":"DIARIO - RADIO ONLINE SAN JUAN ARGENTINA","publisher":{"@id":"https:\/\/gysfm.com.ar\/inicio\/#organization"},"potentialAction":[{"@type":"SearchAction","target":{"@type":"EntryPoint","urlTemplate":"https:\/\/gysfm.com.ar\/inicio\/?s={search_term_string}"},"query-input":{"@type":"PropertyValueSpecification","valueRequired":true,"valueName":"search_term_string"}}],"inLanguage":"es"},{"@type":"Organization","@id":"https:\/\/gysfm.com.ar\/inicio\/#organization","name":"GYS NOTICIAS |","url":"https:\/\/gysfm.com.ar\/inicio\/","logo":{"@type":"ImageObject","inLanguage":"es","@id":"https:\/\/gysfm.com.ar\/inicio\/#\/schema\/logo\/image\/","url":"https:\/\/gysfm.com.ar\/inicio\/wp-content\/uploads\/2023\/07\/LOGOGYS-OK.png","contentUrl":"https:\/\/gysfm.com.ar\/inicio\/wp-content\/uploads\/2023\/07\/LOGOGYS-OK.png","width":1170,"height":872,"caption":"GYS NOTICIAS |"},"image":{"@id":"https:\/\/gysfm.com.ar\/inicio\/#\/schema\/logo\/image\/"}},{"@type":"Person","@id":"https:\/\/gysfm.com.ar\/inicio\/#\/schema\/person\/3abba7593ef2ad19e1be221d54383dc5","name":"Prensa G&amp;S FM","image":{"@type":"ImageObject","inLanguage":"es","@id":"https:\/\/gysfm.com.ar\/inicio\/#\/schema\/person\/image\/","url":"https:\/\/secure.gravatar.com\/avatar\/096ec78df02049ab018702bb4ccedf659377fa92a26540b5247612077a0dbd29?s=96&d=mm&r=g","contentUrl":"https:\/\/secure.gravatar.com\/avatar\/096ec78df02049ab018702bb4ccedf659377fa92a26540b5247612077a0dbd29?s=96&d=mm&r=g","caption":"Prensa G&amp;S FM"},"sameAs":["https:\/\/gysfm.com.ar\/"],"url":"https:\/\/gysfm.com.ar\/inicio\/author\/lucasm\/"}]}},"_links":{"self":[{"href":"https:\/\/gysfm.com.ar\/inicio\/wp-json\/wp\/v2\/posts\/210101","targetHints":{"allow":["GET"]}}],"collection":[{"href":"https:\/\/gysfm.com.ar\/inicio\/wp-json\/wp\/v2\/posts"}],"about":[{"href":"https:\/\/gysfm.com.ar\/inicio\/wp-json\/wp\/v2\/types\/post"}],"author":[{"embeddable":true,"href":"https:\/\/gysfm.com.ar\/inicio\/wp-json\/wp\/v2\/users\/2"}],"replies":[{"embeddable":true,"href":"https:\/\/gysfm.com.ar\/inicio\/wp-json\/wp\/v2\/comments?post=210101"}],"version-history":[{"count":1,"href":"https:\/\/gysfm.com.ar\/inicio\/wp-json\/wp\/v2\/posts\/210101\/revisions"}],"predecessor-version":[{"id":210103,"href":"https:\/\/gysfm.com.ar\/inicio\/wp-json\/wp\/v2\/posts\/210101\/revisions\/210103"}],"wp:featuredmedia":[{"embeddable":true,"href":"https:\/\/gysfm.com.ar\/inicio\/wp-json\/wp\/v2\/media\/210102"}],"wp:attachment":[{"href":"https:\/\/gysfm.com.ar\/inicio\/wp-json\/wp\/v2\/media?parent=210101"}],"wp:term":[{"taxonomy":"category","embeddable":true,"href":"https:\/\/gysfm.com.ar\/inicio\/wp-json\/wp\/v2\/categories?post=210101"},{"taxonomy":"post_tag","embeddable":true,"href":"https:\/\/gysfm.com.ar\/inicio\/wp-json\/wp\/v2\/tags?post=210101"}],"curies":[{"name":"wp","href":"https:\/\/api.w.org\/{rel}","templated":true}]}}