{"id":210093,"date":"2026-09-01T18:36:40","date_gmt":"2026-09-01T21:36:40","guid":{"rendered":"https:\/\/gysfm.com.ar\/inicio\/ataque-en-times-square-que-se-sabe-de-la-presunta-asesina-que-mato-y-fue-abatida-por-la-policia\/"},"modified":"2026-09-01T18:36:41","modified_gmt":"2026-09-01T21:36:41","slug":"ataque-en-times-square-que-se-sabe-de-la-presunta-asesina-que-mato-y-fue-abatida-por-la-policia","status":"publish","type":"post","link":"https:\/\/gysfm.com.ar\/inicio\/ataque-en-times-square-que-se-sabe-de-la-presunta-asesina-que-mato-y-fue-abatida-por-la-policia\/","title":{"rendered":"Ataque en Times Square: qu\u00e9 se sabe de la presunta asesina que mat\u00f3 y fue abatida por la polic\u00eda"},"content":{"rendered":"<p> <br \/>\n<\/p>\n<div>\n<p class=\"com-paragraph --capital --s\">NUEVA YORK.\u2013 El <a href=\"https:\/\/www.lanacion.com.ar\/el-mundo\/una-mujer-murio-apunalada-en-times-square-y-la-sospechosa-fue-abatida-por-la-policia-nid31082026\/\" target=\"_self\" title=\"https:\/\/www.lanacion.com.ar\/el-mundo\/una-mujer-murio-apunalada-en-times-square-y-la-sospechosa-fue-abatida-por-la-policia-nid31082026\/\" class=\"com-link break-word\" data-mrf-recirculation=\"n_link_parrafo\">violento ataque<\/a> que sacudi\u00f3 este lunes a Times Square, una de las zonas m\u00e1s transitadas y vigiladas de Nueva York, <strong>dej\u00f3 dos mujeres muertas: Erin Piacenti, una vicepresidenta de Bank of America de 32 a\u00f1os que fue apu\u00f1alada al azar, y Pamela Cisneros, la presunta atacante<\/strong>, que muri\u00f3 despu\u00e9s de ser baleada por dos polic\u00edas cuando avanzaba hacia ellos empu\u00f1ando dos grandes cuchillos.<\/p>\n<p class=\"com-paragraph --s\">A medida que las autoridades reconstruyen una secuencia que dur\u00f3 apenas unos minutos, comenzaron a conocerse algunos detalles sobre Cisneros, <strong>una residente de Queens de 49 a\u00f1os<\/strong>, que no ten\u00eda antecedentes de arrestos pero s\u00ed registraba un historial de episodios vinculados con <strong>problemas de salud mental<\/strong>, seg\u00fan inform\u00f3 la comisionada de la Polic\u00eda de Nueva York, Jessica Tisch. <\/p>\n<div class=\"content-media cursor-pointer container-center-100\">\n<section class=\"media-container relative ratio-16-9 mod-media pb-32\">\n<figure class=\"mod-video\">\n<div class=\"video-player bg-black ratio-16-9\" data-has-jwplayer=\"true\" data-video-id-jw=\"92sycfn4\" data-config=\"{&quot;title&quot;:&quot;Ataque con cuchillos en Times Square&quot;,&quot;mediaId&quot;:&quot;92sycfn4&quot;,&quot;playerId&quot;:&quot;ih0086X3&quot;,&quot;playlist&quot;:[{&quot;mediaid&quot;:&quot;92sycfn4&quot;,&quot;sources&quot;:[{&quot;file&quot;:&quot;https:\/\/cdn.jwplayer.com\/manifests\/92sycfn4.m3u8&quot;,&quot;type&quot;:&quot;application\/vnd.apple.mpegurl&quot;},{&quot;bitrate&quot;:496702,&quot;file&quot;:&quot;https:\/\/cdn.jwplayer.com\/videos\/92sycfn4-kTExGaWf.mp4&quot;,&quot;filesize&quot;:7326355,&quot;framerate&quot;:30,&quot;height&quot;:258,&quot;label&quot;:&quot;180p&quot;,&quot;type&quot;:&quot;video\/mp4&quot;,&quot;width&quot;:320},{&quot;bitrate&quot;:721072,&quot;file&quot;:&quot;https:\/\/cdn.jwplayer.com\/videos\/92sycfn4-K8B0kybS.mp4&quot;,&quot;filesize&quot;:10635822,&quot;framerate&quot;:30,&quot;height&quot;:388,&quot;label&quot;:&quot;270p&quot;,&quot;type&quot;:&quot;video\/mp4&quot;,&quot;width&quot;:480},{&quot;bitrate&quot;:2401216,&quot;file&quot;:&quot;https:\/\/cdn.jwplayer.com\/videos\/92sycfn4-46NIuRKO.mp4&quot;,&quot;filesize&quot;:35417941,&quot;framerate&quot;:30,&quot;height&quot;:1032,&quot;label&quot;:&quot;720p&quot;,&quot;type&quot;:&quot;video\/mp4&quot;,&quot;width&quot;:1280},{&quot;bitrate&quot;:114447,&quot;file&quot;:&quot;https:\/\/cdn.jwplayer.com\/videos\/92sycfn4-hz5z2Tv4.m4a&quot;,&quot;filesize&quot;:1688095,&quot;label&quot;:&quot;AAC Audio&quot;,&quot;type&quot;:&quot;audio\/mp4&quot;},{&quot;bitrate&quot;:948494,&quot;file&quot;:&quot;https:\/\/cdn.jwplayer.com\/videos\/92sycfn4-FnZGUVnC.mp4&quot;,&quot;filesize&quot;:13990294,&quot;framerate&quot;:30,&quot;height&quot;:516,&quot;label&quot;:&quot;360p&quot;,&quot;type&quot;:&quot;video\/mp4&quot;,&quot;width&quot;:640},{&quot;bitrate&quot;:1541656,&quot;file&quot;:&quot;https:\/\/cdn.jwplayer.com\/videos\/92sycfn4-0G6Pwvlw.mp4&quot;,&quot;filesize&quot;:22739437,&quot;framerate&quot;:30,&quot;height&quot;:774,&quot;label&quot;:&quot;540p&quot;,&quot;type&quot;:&quot;video\/mp4&quot;,&quot;width&quot;:960}]}],&quot;hasAutoplay&quot;:false,&quot;autostart&quot;:true,&quot;tagsUrl&quot;:&quot;https:\/\/pubads.g.doubleclick.net\/gampad\/ads?slotname=\/133919216\/la_nacion_video\/nota\/preroll&amp;sz=640x480|400x300&amp;ciu_szs=300x250&amp;unviewed_position_start=1&amp;output=vast&amp;impl=s&amp;env=vp&amp;gdfp_req=1&amp;ad_rule=0&amp;vad_type=linear&amp;vpos=preroll&amp;cust_params=tags_nuevos%3Dte_nueva_york%2Cte_estados_unidos%2Cca_estados_unidos%2Cca_el_mundo%2C%2C7HVQ66TBHRGH7KCR6P3MSLVGZQ&amp;pod=3&amp;ppos=1&amp;lip=true&amp;min_ad_duration=0&amp;max_ad_duration=30000&amp;vrid=6256&amp;url=https%3A%2F%2Fwww.lanacion.com.ar%2Festados-unidos%2Fataque-en-times-square-que-se-sabe-de-la-presunta-asesina-que-mato-y-fue-abatida-por-la-policia-nid01092026%2F%3Fvariant%3DA&amp;description_url=https%3A%2F%2Fwww.lanacion.com.ar%2Festados-unidos%2Fataque-en-times-square-que-se-sabe-de-la-presunta-asesina-que-mato-y-fue-abatida-por-la-policia-nid01092026%2F%3Fvariant%3DA&amp;video_doc_id=short_onecue&amp;cmsid=496&amp;kfa=0&amp;tfcd=0&amp;correlator=1788298470412&quot;,&quot;arcSite&quot;:&quot;la-nacion-ar&quot;,&quot;duration&quot;:&quot;118000&quot;}\">\n<div id=\"facade-92sycfn4\" class=\"content-facade-jw relative bg-black ratio-16-9\"><picture><source media=\"(max-width: 767px)\" srcset=\"https:\/\/www.lanacion.com.ar\/resizer\/v2\/https%3A%2F%2Fcdn.jwplayer.com%2Fv2%2Fmedia%2F92sycfn4%2Fposter.jpg%3Fwidth%3D720?auth=df0fa7b0deeb2173bdbb55eba1b0e7080be84a6f1269e3e199db95a8de7610d2&amp;width=480&amp;quality=70&amp;smart=false\"\/><\/picture><\/div>\n<\/div><figcaption class=\"border border-1 border-bottom border-light-300 relative px-16 py-8 min-h-36 w-100_md px-0_l mb-8 bg-white\"><span class=\"text ln-text text-16 block\">Ataque con cuchillos en Times Square<\/span><\/figcaption><\/figure>\n<\/section>\n<\/div>\n<p class=\"com-paragraph --s\">Por el momento, la polic\u00eda no encontr\u00f3 indicios de que conociera a las v\u00edctimas ni de que hubiera elegido espec\u00edficamente a ninguna de ellas. Los investigadores describieron las agresiones como <strong>\u201caleatorias y sin provocaci\u00f3n\u201d<\/strong> y descartaron de manera preliminar que se trate de un acto de terrorismo. Tampoco se conoce todav\u00eda qu\u00e9 pudo haber desencadenado el ataque. <\/p>\n<p class=\"com-paragraph --s\">Ese vac\u00edo sobre el m\u00f3vil convirti\u00f3 ahora el pasado de Cisneros en uno de los principales focos de la investigaci\u00f3n.<\/p>\n<p><h2 class=\"font-primary font-w-bold text-subheading-lg text-left container-center-100 mb-8\"><span>Un historial de problemas de salud mental<\/span><\/h2>\n<\/p>\n<p class=\"com-paragraph --s\">Seg\u00fan Tisch, el nombre de Cisneros ya figuraba en los registros de la polic\u00eda de Nueva York por <strong>dos episodios relacionados con su salud mental, uno en 2018 y otro en 2019<\/strong>. Sin embargo, ninguno termin\u00f3 en un arresto y la mujer no ten\u00eda antecedentes penales registrados por el NYPD. <\/p>\n<p class=\"com-paragraph --s\">Las autoridades no detallaron por ahora en qu\u00e9 consistieron aquellos incidentes ni si Cisneros hab\u00eda recibido tratamiento posteriormente. Tampoco dieron a conocer informaci\u00f3n sobre su situaci\u00f3n familiar, laboral o qu\u00e9 hab\u00eda hecho durante las horas previas al ataque.<\/p>\n<p class=\"com-paragraph --s\">La polic\u00eda la describi\u00f3 como una persona <strong>\u201cemocionalmente perturbada\u201d<\/strong>, aunque los investigadores todav\u00eda intentan determinar qu\u00e9 la llev\u00f3 a salir el lunes por la tarde armada con <strong>dos cuchillos de cocina de gran tama\u00f1o<\/strong> que, seg\u00fan un testigo citado por la polic\u00eda, llevaba dentro de una bolsa roja de Target. <\/p>\n<p><h2 class=\"font-primary font-w-bold text-subheading-lg text-left container-center-100 mb-8\"><span>Dos ataques en apenas 20 segundos<\/span><\/h2>\n<\/p>\n<p class=\"com-paragraph --s\">La secuencia comenz\u00f3 alrededor de las <strong>16.24 del lunes<\/strong>, cerca de West 41st Street y Seventh Avenue, en pleno coraz\u00f3n de Manhattan.<\/p>\n<p class=\"com-paragraph --s\">Seg\u00fan la reconstrucci\u00f3n policial, la primera v\u00edctima, un hombre de 68 a\u00f1os identificado posteriormente como <strong>Tak Kam<\/strong>, de Rhode Island, acababa de salir del subte y esperaba junto a su esposa para cruzar la calle. Fue entonces cuando Cisneros habr\u00eda extra\u00eddo los dos cuchillos de la bolsa, comenzado a agitarlos y, sin que mediara aparentemente ninguna discusi\u00f3n, lo apu\u00f1al\u00f3 en el abdomen. <\/p>\n<p class=\"com-paragraph --s\">Kam fue trasladado de urgencia al Bellevue Hospital. Inicialmente se inform\u00f3 que sus heridas pon\u00edan en riesgo su vida, aunque posteriormente qued\u00f3 <strong>en condici\u00f3n cr\u00edtica pero estable<\/strong>. <\/p>\n<p class=\"com-paragraph --s\">Cisneros continu\u00f3 caminando hacia el norte por la S\u00e9ptima Avenida. Apenas unos <strong>20 segundos despu\u00e9s<\/strong>, seg\u00fan Tisch, se acerc\u00f3 a una segunda desconocida y volvi\u00f3 a atacar.<\/p>\n<p class=\"com-paragraph --s\">La v\u00edctima era Erin Piacenti, de 32 a\u00f1os, <strong>vicepresidenta de Bank of America<\/strong> y parte del \u00e1rea de selecci\u00f3n de negocios y conflictos de la entidad, quien tambi\u00e9n recibi\u00f3 una pu\u00f1alada en el abdomen. La ejecutiva fue trasladada al Bellevue Hospital, donde muri\u00f3 a causa de las heridas.<\/p>\n<p class=\"com-paragraph --s\">Bank of America confirm\u00f3 su muerte y expres\u00f3 su conmoci\u00f3n por la p\u00e9rdida. En un comunicado enviado a Reuters, el gigante financiero la describi\u00f3 como una <strong>\u201cvaliosa integrante\u201d<\/strong> de su equipo y transmiti\u00f3 sus condolencias a la familia y a sus seres queridos.<\/p>\n<p class=\"com-paragraph --s\">Los dos ataques, destac\u00f3 la polic\u00eda, no parecen haber tenido conexi\u00f3n entre s\u00ed m\u00e1s all\u00e1 de su autora.<\/p>\n<p><h2 class=\"font-primary font-w-bold text-subheading-lg text-left container-center-100 mb-8\"><span>La amenaza a los polic\u00edas<\/span><\/h2>\n<\/p>\n<p class=\"com-paragraph --s\">Despu\u00e9s del segundo apu\u00f1alamiento, varios testigos alertaron a agentes que se encontraban en la zona. Cisneros sigui\u00f3 avanzando hacia una <strong>subestaci\u00f3n del NYPD ubicada en Times Square<\/strong>, muy cerca de One Times Square, el emblem\u00e1tico edificio desde donde cada A\u00f1o Nuevo desciende la bola que marca el comienzo del a\u00f1o. <\/p>\n<p class=\"com-paragraph --s\">All\u00ed comenz\u00f3 un enfrentamiento con los polic\u00edas que qued\u00f3 registrado tanto por testigos como por las c\u00e1maras corporales de los agentes.<\/p>\n<p class=\"com-paragraph --s\">Durante unos cuatro minutos, los oficiales le ordenaron repetidamente que soltara las armas. Cisneros se neg\u00f3.<\/p>\n<p class=\"com-paragraph --s\">\u201c<strong>No voy a soltar nada. Preferir\u00eda matarlos a los dos<\/strong>\u201d, les dijo, seg\u00fan el relato de Tisch. Luego volvi\u00f3 a amenazarlos: \u201cLos voy a matar\u201d. <\/p>\n<p class=\"com-paragraph --s\">Las im\u00e1genes difundidas del episodio muestran a la mujer con un cuchillo en cada mano mientras los polic\u00edas mantienen distancia e intentan que deponga las armas.<\/p>\n<p class=\"com-paragraph --s\">Varios agentes utilizaron entonces <strong>pistolas Taser<\/strong>, pero las descargas no consiguieron detenerla. Cisneros continu\u00f3 avanzando hacia ellos con los cuchillos levantados y dos oficiales dispararon sus armas reglamentarias. <\/p>\n<p class=\"com-paragraph --s\"><strong>La mujer fue alcanzada por los disparos<\/strong>. Los agentes intentaron asistirla en el lugar y posteriormente fue trasladada a Bellevue Hospital, donde fue declarada muerta. Los dos cuchillos quedaron secuestrados como evidencia. <\/p>\n<p><h2 class=\"font-primary font-w-bold text-subheading-lg text-left container-center-100 mb-8\"><span>Una investigaci\u00f3n todav\u00eda abierta<\/span><\/h2>\n<\/p>\n<p class=\"com-paragraph --s\">El alcalde de Nueva York, <strong>Zohran Mamdani<\/strong>, y Tisch defendieron la actuaci\u00f3n de los agentes y destacaron que el episodio ocurri\u00f3 en una de las \u00e1reas con mayor concentraci\u00f3n de peatones y turistas de toda la ciudad.<\/p>\n<p class=\"com-paragraph --s\">\u201cQuiero agradecer a los oficiales del NYPD que intervinieron e impidieron que un ataque horrible se volviera todav\u00eda peor\u201d, afirm\u00f3 Mamdani. <\/p>\n<p class=\"com-paragraph --s\">El propio alcalde, que impuls\u00f3 una estrategia para aumentar la participaci\u00f3n de profesionales especializados en salud mental en determinadas emergencias, se\u00f1al\u00f3 que <strong>este caso no habr\u00eda sido adecuado para una intervenci\u00f3n exclusivamente civil<\/strong>, debido a que Cisneros estaba armada y ya hab\u00eda atacado a dos personas. <\/p>\n<p class=\"com-paragraph --s\">Como ocurre habitualmente cuando polic\u00edas de Nueva York utilizan fuerza letal, se abri\u00f3 una <strong>investigaci\u00f3n interna sobre los disparos<\/strong>. Adem\u00e1s, las autoridades anticiparon que se har\u00e1 p\u00fablico el material registrado por las c\u00e1maras corporales de los agentes. <\/p>\n<p class=\"com-paragraph --s\"><strong>Agencias AP, AFP y Reuters<\/strong><\/p>\n<section class=\"container-center-100 mb-40 border border-bottom border-thin border-neutral-light-700\">\n<hr\/>\n<\/section>\n<\/div>\n<p><script id=\"facebookpixel\" defer=\"\" type=\"text\/javascript\">\n        !function(f,b,e,v,n,t,s)\n        {if(f.fbq)return;n=f.fbq=function(){n.callMethod?\n        n.callMethod.apply(n,arguments):n.queue.push(arguments)};\n        if(!f._fbq)f._fbq=n;n.push=n;n.loaded=!0;n.version='2.0';\n        n.queue=[];t=b.createElement(e);t.async=!0;\n        t.src=v;s=b.getElementsByTagName(e)[0];\n        s.parentNode.insertBefore(t,s)}(window, document,'script',\n        'https:\/\/connect.facebook.net\/en_US\/fbevents.js');\n        fbq('init', '492459597522335');\n        fbq('track', 'PageView');\n    <\/script><br \/>\n<br \/><\/p>\n","protected":false},"excerpt":{"rendered":"<p>NUEVA YORK.\u2013 El violento ataque que sacudi\u00f3 este lunes a Times Square, una de las zonas m\u00e1s transitadas y vigiladas de Nueva York, dej\u00f3 dos mujeres muertas: Erin Piacenti, una vicepresidenta de Bank of America de 32 a\u00f1os que fue apu\u00f1alada al azar, y Pamela Cisneros, la presunta atacante, que muri\u00f3 despu\u00e9s de ser baleada [&hellip;]<\/p>\n","protected":false},"author":2,"featured_media":210094,"comment_status":"closed","ping_status":"closed","sticky":false,"template":"","format":"standard","meta":{"footnotes":""},"categories":[26],"tags":[],"class_list":["post-210093","post","type-post","status-publish","format-standard","has-post-thumbnail","hentry","category-internacionales"],"yoast_head":"<!-- This site is optimized with the Yoast SEO plugin v24.4 - https:\/\/yoast.com\/wordpress\/plugins\/seo\/ -->\n<title>Ataque en Times Square: qu\u00e9 se sabe de la presunta asesina que mat\u00f3 y fue abatida por la polic\u00eda - GYS NOTICIAS |<\/title>\n<meta name=\"robots\" content=\"index, follow, max-snippet:-1, max-image-preview:large, max-video-preview:-1\" \/>\n<link rel=\"canonical\" href=\"https:\/\/gysfm.com.ar\/inicio\/ataque-en-times-square-que-se-sabe-de-la-presunta-asesina-que-mato-y-fue-abatida-por-la-policia\/\" \/>\n<meta property=\"og:locale\" content=\"es_ES\" \/>\n<meta property=\"og:type\" content=\"article\" \/>\n<meta property=\"og:title\" content=\"Ataque en Times Square: qu\u00e9 se sabe de la presunta asesina que mat\u00f3 y fue abatida por la polic\u00eda - GYS NOTICIAS |\" \/>\n<meta property=\"og:description\" content=\"NUEVA YORK.\u2013 El violento ataque que sacudi\u00f3 este lunes a Times Square, una de las zonas m\u00e1s transitadas y vigiladas de Nueva York, dej\u00f3 dos mujeres muertas: Erin Piacenti, una vicepresidenta de Bank of America de 32 a\u00f1os que fue apu\u00f1alada al azar, y Pamela Cisneros, la presunta atacante, que muri\u00f3 despu\u00e9s de ser baleada [&hellip;]\" \/>\n<meta property=\"og:url\" content=\"https:\/\/gysfm.com.ar\/inicio\/ataque-en-times-square-que-se-sabe-de-la-presunta-asesina-que-mato-y-fue-abatida-por-la-policia\/\" \/>\n<meta property=\"og:site_name\" content=\"GYS NOTICIAS |\" \/>\n<meta property=\"article:published_time\" content=\"2026-09-01T21:36:40+00:00\" \/>\n<meta property=\"article:modified_time\" content=\"2026-09-01T21:36:41+00:00\" \/>\n<meta property=\"og:image\" content=\"https:\/\/gysfm.com.ar\/inicio\/wp-content\/uploads\/2026\/09\/pamela-IHQLGICB3BCENG433TNBMD6ZHI.png\" \/>\n\t<meta property=\"og:image:width\" content=\"1200\" \/>\n\t<meta property=\"og:image:height\" content=\"800\" \/>\n\t<meta property=\"og:image:type\" content=\"image\/png\" \/>\n<meta name=\"author\" content=\"Prensa G&amp;S FM\" \/>\n<meta name=\"twitter:card\" content=\"summary_large_image\" \/>\n<meta name=\"twitter:label1\" content=\"Escrito por\" \/>\n\t<meta name=\"twitter:data1\" content=\"Prensa G&amp;S FM\" \/>\n\t<meta name=\"twitter:label2\" content=\"Tiempo de lectura\" \/>\n\t<meta name=\"twitter:data2\" content=\"5 minutos\" \/>\n<script type=\"application\/ld+json\" class=\"yoast-schema-graph\">{\"@context\":\"https:\/\/schema.org\",\"@graph\":[{\"@type\":\"Article\",\"@id\":\"https:\/\/gysfm.com.ar\/inicio\/ataque-en-times-square-que-se-sabe-de-la-presunta-asesina-que-mato-y-fue-abatida-por-la-policia\/#article\",\"isPartOf\":{\"@id\":\"https:\/\/gysfm.com.ar\/inicio\/ataque-en-times-square-que-se-sabe-de-la-presunta-asesina-que-mato-y-fue-abatida-por-la-policia\/\"},\"author\":{\"name\":\"Prensa G&amp;S FM\",\"@id\":\"https:\/\/gysfm.com.ar\/inicio\/#\/schema\/person\/3abba7593ef2ad19e1be221d54383dc5\"},\"headline\":\"Ataque en Times Square: qu\u00e9 se sabe de la presunta asesina que mat\u00f3 y fue abatida por la polic\u00eda\",\"datePublished\":\"2026-09-01T21:36:40+00:00\",\"dateModified\":\"2026-09-01T21:36:41+00:00\",\"mainEntityOfPage\":{\"@id\":\"https:\/\/gysfm.com.ar\/inicio\/ataque-en-times-square-que-se-sabe-de-la-presunta-asesina-que-mato-y-fue-abatida-por-la-policia\/\"},\"wordCount\":1054,\"publisher\":{\"@id\":\"https:\/\/gysfm.com.ar\/inicio\/#organization\"},\"image\":{\"@id\":\"https:\/\/gysfm.com.ar\/inicio\/ataque-en-times-square-que-se-sabe-de-la-presunta-asesina-que-mato-y-fue-abatida-por-la-policia\/#primaryimage\"},\"thumbnailUrl\":\"https:\/\/gysfm.com.ar\/inicio\/wp-content\/uploads\/2026\/09\/pamela-IHQLGICB3BCENG433TNBMD6ZHI.png\",\"articleSection\":[\"INTERNACIONALES\"],\"inLanguage\":\"es\"},{\"@type\":\"WebPage\",\"@id\":\"https:\/\/gysfm.com.ar\/inicio\/ataque-en-times-square-que-se-sabe-de-la-presunta-asesina-que-mato-y-fue-abatida-por-la-policia\/\",\"url\":\"https:\/\/gysfm.com.ar\/inicio\/ataque-en-times-square-que-se-sabe-de-la-presunta-asesina-que-mato-y-fue-abatida-por-la-policia\/\",\"name\":\"Ataque en Times Square: qu\u00e9 se sabe de la presunta asesina que mat\u00f3 y fue abatida por la polic\u00eda - GYS NOTICIAS |\",\"isPartOf\":{\"@id\":\"https:\/\/gysfm.com.ar\/inicio\/#website\"},\"primaryImageOfPage\":{\"@id\":\"https:\/\/gysfm.com.ar\/inicio\/ataque-en-times-square-que-se-sabe-de-la-presunta-asesina-que-mato-y-fue-abatida-por-la-policia\/#primaryimage\"},\"image\":{\"@id\":\"https:\/\/gysfm.com.ar\/inicio\/ataque-en-times-square-que-se-sabe-de-la-presunta-asesina-que-mato-y-fue-abatida-por-la-policia\/#primaryimage\"},\"thumbnailUrl\":\"https:\/\/gysfm.com.ar\/inicio\/wp-content\/uploads\/2026\/09\/pamela-IHQLGICB3BCENG433TNBMD6ZHI.png\",\"datePublished\":\"2026-09-01T21:36:40+00:00\",\"dateModified\":\"2026-09-01T21:36:41+00:00\",\"breadcrumb\":{\"@id\":\"https:\/\/gysfm.com.ar\/inicio\/ataque-en-times-square-que-se-sabe-de-la-presunta-asesina-que-mato-y-fue-abatida-por-la-policia\/#breadcrumb\"},\"inLanguage\":\"es\",\"potentialAction\":[{\"@type\":\"ReadAction\",\"target\":[\"https:\/\/gysfm.com.ar\/inicio\/ataque-en-times-square-que-se-sabe-de-la-presunta-asesina-que-mato-y-fue-abatida-por-la-policia\/\"]}]},{\"@type\":\"ImageObject\",\"inLanguage\":\"es\",\"@id\":\"https:\/\/gysfm.com.ar\/inicio\/ataque-en-times-square-que-se-sabe-de-la-presunta-asesina-que-mato-y-fue-abatida-por-la-policia\/#primaryimage\",\"url\":\"https:\/\/gysfm.com.ar\/inicio\/wp-content\/uploads\/2026\/09\/pamela-IHQLGICB3BCENG433TNBMD6ZHI.png\",\"contentUrl\":\"https:\/\/gysfm.com.ar\/inicio\/wp-content\/uploads\/2026\/09\/pamela-IHQLGICB3BCENG433TNBMD6ZHI.png\",\"width\":1200,\"height\":800},{\"@type\":\"BreadcrumbList\",\"@id\":\"https:\/\/gysfm.com.ar\/inicio\/ataque-en-times-square-que-se-sabe-de-la-presunta-asesina-que-mato-y-fue-abatida-por-la-policia\/#breadcrumb\",\"itemListElement\":[{\"@type\":\"ListItem\",\"position\":1,\"name\":\"Portada\",\"item\":\"https:\/\/gysfm.com.ar\/inicio\/\"},{\"@type\":\"ListItem\",\"position\":2,\"name\":\"Ataque en Times Square: qu\u00e9 se sabe de la presunta asesina que mat\u00f3 y fue abatida por la polic\u00eda\"}]},{\"@type\":\"WebSite\",\"@id\":\"https:\/\/gysfm.com.ar\/inicio\/#website\",\"url\":\"https:\/\/gysfm.com.ar\/inicio\/\",\"name\":\"GYS NOTICIAS |\",\"description\":\"DIARIO - RADIO ONLINE SAN JUAN ARGENTINA\",\"publisher\":{\"@id\":\"https:\/\/gysfm.com.ar\/inicio\/#organization\"},\"potentialAction\":[{\"@type\":\"SearchAction\",\"target\":{\"@type\":\"EntryPoint\",\"urlTemplate\":\"https:\/\/gysfm.com.ar\/inicio\/?s={search_term_string}\"},\"query-input\":{\"@type\":\"PropertyValueSpecification\",\"valueRequired\":true,\"valueName\":\"search_term_string\"}}],\"inLanguage\":\"es\"},{\"@type\":\"Organization\",\"@id\":\"https:\/\/gysfm.com.ar\/inicio\/#organization\",\"name\":\"GYS NOTICIAS |\",\"url\":\"https:\/\/gysfm.com.ar\/inicio\/\",\"logo\":{\"@type\":\"ImageObject\",\"inLanguage\":\"es\",\"@id\":\"https:\/\/gysfm.com.ar\/inicio\/#\/schema\/logo\/image\/\",\"url\":\"https:\/\/gysfm.com.ar\/inicio\/wp-content\/uploads\/2023\/07\/LOGOGYS-OK.png\",\"contentUrl\":\"https:\/\/gysfm.com.ar\/inicio\/wp-content\/uploads\/2023\/07\/LOGOGYS-OK.png\",\"width\":1170,\"height\":872,\"caption\":\"GYS NOTICIAS |\"},\"image\":{\"@id\":\"https:\/\/gysfm.com.ar\/inicio\/#\/schema\/logo\/image\/\"}},{\"@type\":\"Person\",\"@id\":\"https:\/\/gysfm.com.ar\/inicio\/#\/schema\/person\/3abba7593ef2ad19e1be221d54383dc5\",\"name\":\"Prensa G&amp;S FM\",\"image\":{\"@type\":\"ImageObject\",\"inLanguage\":\"es\",\"@id\":\"https:\/\/gysfm.com.ar\/inicio\/#\/schema\/person\/image\/\",\"url\":\"https:\/\/secure.gravatar.com\/avatar\/096ec78df02049ab018702bb4ccedf659377fa92a26540b5247612077a0dbd29?s=96&d=mm&r=g\",\"contentUrl\":\"https:\/\/secure.gravatar.com\/avatar\/096ec78df02049ab018702bb4ccedf659377fa92a26540b5247612077a0dbd29?s=96&d=mm&r=g\",\"caption\":\"Prensa G&amp;S FM\"},\"sameAs\":[\"https:\/\/gysfm.com.ar\/\"],\"url\":\"https:\/\/gysfm.com.ar\/inicio\/author\/lucasm\/\"}]}<\/script>\n<!-- \/ Yoast SEO plugin. -->","yoast_head_json":{"title":"Ataque en Times Square: qu\u00e9 se sabe de la presunta asesina que mat\u00f3 y fue abatida por la polic\u00eda - GYS NOTICIAS |","robots":{"index":"index","follow":"follow","max-snippet":"max-snippet:-1","max-image-preview":"max-image-preview:large","max-video-preview":"max-video-preview:-1"},"canonical":"https:\/\/gysfm.com.ar\/inicio\/ataque-en-times-square-que-se-sabe-de-la-presunta-asesina-que-mato-y-fue-abatida-por-la-policia\/","og_locale":"es_ES","og_type":"article","og_title":"Ataque en Times Square: qu\u00e9 se sabe de la presunta asesina que mat\u00f3 y fue abatida por la polic\u00eda - GYS NOTICIAS |","og_description":"NUEVA YORK.\u2013 El violento ataque que sacudi\u00f3 este lunes a Times Square, una de las zonas m\u00e1s transitadas y vigiladas de Nueva York, dej\u00f3 dos mujeres muertas: Erin Piacenti, una vicepresidenta de Bank of America de 32 a\u00f1os que fue apu\u00f1alada al azar, y Pamela Cisneros, la presunta atacante, que muri\u00f3 despu\u00e9s de ser baleada [&hellip;]","og_url":"https:\/\/gysfm.com.ar\/inicio\/ataque-en-times-square-que-se-sabe-de-la-presunta-asesina-que-mato-y-fue-abatida-por-la-policia\/","og_site_name":"GYS NOTICIAS |","article_published_time":"2026-09-01T21:36:40+00:00","article_modified_time":"2026-09-01T21:36:41+00:00","og_image":[{"width":1200,"height":800,"url":"https:\/\/gysfm.com.ar\/inicio\/wp-content\/uploads\/2026\/09\/pamela-IHQLGICB3BCENG433TNBMD6ZHI.png","type":"image\/png"}],"author":"Prensa G&amp;S FM","twitter_card":"summary_large_image","twitter_misc":{"Escrito por":"Prensa G&amp;S FM","Tiempo de lectura":"5 minutos"},"schema":{"@context":"https:\/\/schema.org","@graph":[{"@type":"Article","@id":"https:\/\/gysfm.com.ar\/inicio\/ataque-en-times-square-que-se-sabe-de-la-presunta-asesina-que-mato-y-fue-abatida-por-la-policia\/#article","isPartOf":{"@id":"https:\/\/gysfm.com.ar\/inicio\/ataque-en-times-square-que-se-sabe-de-la-presunta-asesina-que-mato-y-fue-abatida-por-la-policia\/"},"author":{"name":"Prensa G&amp;S FM","@id":"https:\/\/gysfm.com.ar\/inicio\/#\/schema\/person\/3abba7593ef2ad19e1be221d54383dc5"},"headline":"Ataque en Times Square: qu\u00e9 se sabe de la presunta asesina que mat\u00f3 y fue abatida por la polic\u00eda","datePublished":"2026-09-01T21:36:40+00:00","dateModified":"2026-09-01T21:36:41+00:00","mainEntityOfPage":{"@id":"https:\/\/gysfm.com.ar\/inicio\/ataque-en-times-square-que-se-sabe-de-la-presunta-asesina-que-mato-y-fue-abatida-por-la-policia\/"},"wordCount":1054,"publisher":{"@id":"https:\/\/gysfm.com.ar\/inicio\/#organization"},"image":{"@id":"https:\/\/gysfm.com.ar\/inicio\/ataque-en-times-square-que-se-sabe-de-la-presunta-asesina-que-mato-y-fue-abatida-por-la-policia\/#primaryimage"},"thumbnailUrl":"https:\/\/gysfm.com.ar\/inicio\/wp-content\/uploads\/2026\/09\/pamela-IHQLGICB3BCENG433TNBMD6ZHI.png","articleSection":["INTERNACIONALES"],"inLanguage":"es"},{"@type":"WebPage","@id":"https:\/\/gysfm.com.ar\/inicio\/ataque-en-times-square-que-se-sabe-de-la-presunta-asesina-que-mato-y-fue-abatida-por-la-policia\/","url":"https:\/\/gysfm.com.ar\/inicio\/ataque-en-times-square-que-se-sabe-de-la-presunta-asesina-que-mato-y-fue-abatida-por-la-policia\/","name":"Ataque en Times Square: qu\u00e9 se sabe de la presunta asesina que mat\u00f3 y fue abatida por la polic\u00eda - GYS NOTICIAS |","isPartOf":{"@id":"https:\/\/gysfm.com.ar\/inicio\/#website"},"primaryImageOfPage":{"@id":"https:\/\/gysfm.com.ar\/inicio\/ataque-en-times-square-que-se-sabe-de-la-presunta-asesina-que-mato-y-fue-abatida-por-la-policia\/#primaryimage"},"image":{"@id":"https:\/\/gysfm.com.ar\/inicio\/ataque-en-times-square-que-se-sabe-de-la-presunta-asesina-que-mato-y-fue-abatida-por-la-policia\/#primaryimage"},"thumbnailUrl":"https:\/\/gysfm.com.ar\/inicio\/wp-content\/uploads\/2026\/09\/pamela-IHQLGICB3BCENG433TNBMD6ZHI.png","datePublished":"2026-09-01T21:36:40+00:00","dateModified":"2026-09-01T21:36:41+00:00","breadcrumb":{"@id":"https:\/\/gysfm.com.ar\/inicio\/ataque-en-times-square-que-se-sabe-de-la-presunta-asesina-que-mato-y-fue-abatida-por-la-policia\/#breadcrumb"},"inLanguage":"es","potentialAction":[{"@type":"ReadAction","target":["https:\/\/gysfm.com.ar\/inicio\/ataque-en-times-square-que-se-sabe-de-la-presunta-asesina-que-mato-y-fue-abatida-por-la-policia\/"]}]},{"@type":"ImageObject","inLanguage":"es","@id":"https:\/\/gysfm.com.ar\/inicio\/ataque-en-times-square-que-se-sabe-de-la-presunta-asesina-que-mato-y-fue-abatida-por-la-policia\/#primaryimage","url":"https:\/\/gysfm.com.ar\/inicio\/wp-content\/uploads\/2026\/09\/pamela-IHQLGICB3BCENG433TNBMD6ZHI.png","contentUrl":"https:\/\/gysfm.com.ar\/inicio\/wp-content\/uploads\/2026\/09\/pamela-IHQLGICB3BCENG433TNBMD6ZHI.png","width":1200,"height":800},{"@type":"BreadcrumbList","@id":"https:\/\/gysfm.com.ar\/inicio\/ataque-en-times-square-que-se-sabe-de-la-presunta-asesina-que-mato-y-fue-abatida-por-la-policia\/#breadcrumb","itemListElement":[{"@type":"ListItem","position":1,"name":"Portada","item":"https:\/\/gysfm.com.ar\/inicio\/"},{"@type":"ListItem","position":2,"name":"Ataque en Times Square: qu\u00e9 se sabe de la presunta asesina que mat\u00f3 y fue abatida por la polic\u00eda"}]},{"@type":"WebSite","@id":"https:\/\/gysfm.com.ar\/inicio\/#website","url":"https:\/\/gysfm.com.ar\/inicio\/","name":"GYS NOTICIAS |","description":"DIARIO - RADIO ONLINE SAN JUAN ARGENTINA","publisher":{"@id":"https:\/\/gysfm.com.ar\/inicio\/#organization"},"potentialAction":[{"@type":"SearchAction","target":{"@type":"EntryPoint","urlTemplate":"https:\/\/gysfm.com.ar\/inicio\/?s={search_term_string}"},"query-input":{"@type":"PropertyValueSpecification","valueRequired":true,"valueName":"search_term_string"}}],"inLanguage":"es"},{"@type":"Organization","@id":"https:\/\/gysfm.com.ar\/inicio\/#organization","name":"GYS NOTICIAS |","url":"https:\/\/gysfm.com.ar\/inicio\/","logo":{"@type":"ImageObject","inLanguage":"es","@id":"https:\/\/gysfm.com.ar\/inicio\/#\/schema\/logo\/image\/","url":"https:\/\/gysfm.com.ar\/inicio\/wp-content\/uploads\/2023\/07\/LOGOGYS-OK.png","contentUrl":"https:\/\/gysfm.com.ar\/inicio\/wp-content\/uploads\/2023\/07\/LOGOGYS-OK.png","width":1170,"height":872,"caption":"GYS NOTICIAS |"},"image":{"@id":"https:\/\/gysfm.com.ar\/inicio\/#\/schema\/logo\/image\/"}},{"@type":"Person","@id":"https:\/\/gysfm.com.ar\/inicio\/#\/schema\/person\/3abba7593ef2ad19e1be221d54383dc5","name":"Prensa G&amp;S FM","image":{"@type":"ImageObject","inLanguage":"es","@id":"https:\/\/gysfm.com.ar\/inicio\/#\/schema\/person\/image\/","url":"https:\/\/secure.gravatar.com\/avatar\/096ec78df02049ab018702bb4ccedf659377fa92a26540b5247612077a0dbd29?s=96&d=mm&r=g","contentUrl":"https:\/\/secure.gravatar.com\/avatar\/096ec78df02049ab018702bb4ccedf659377fa92a26540b5247612077a0dbd29?s=96&d=mm&r=g","caption":"Prensa G&amp;S FM"},"sameAs":["https:\/\/gysfm.com.ar\/"],"url":"https:\/\/gysfm.com.ar\/inicio\/author\/lucasm\/"}]}},"_links":{"self":[{"href":"https:\/\/gysfm.com.ar\/inicio\/wp-json\/wp\/v2\/posts\/210093","targetHints":{"allow":["GET"]}}],"collection":[{"href":"https:\/\/gysfm.com.ar\/inicio\/wp-json\/wp\/v2\/posts"}],"about":[{"href":"https:\/\/gysfm.com.ar\/inicio\/wp-json\/wp\/v2\/types\/post"}],"author":[{"embeddable":true,"href":"https:\/\/gysfm.com.ar\/inicio\/wp-json\/wp\/v2\/users\/2"}],"replies":[{"embeddable":true,"href":"https:\/\/gysfm.com.ar\/inicio\/wp-json\/wp\/v2\/comments?post=210093"}],"version-history":[{"count":1,"href":"https:\/\/gysfm.com.ar\/inicio\/wp-json\/wp\/v2\/posts\/210093\/revisions"}],"predecessor-version":[{"id":210095,"href":"https:\/\/gysfm.com.ar\/inicio\/wp-json\/wp\/v2\/posts\/210093\/revisions\/210095"}],"wp:featuredmedia":[{"embeddable":true,"href":"https:\/\/gysfm.com.ar\/inicio\/wp-json\/wp\/v2\/media\/210094"}],"wp:attachment":[{"href":"https:\/\/gysfm.com.ar\/inicio\/wp-json\/wp\/v2\/media?parent=210093"}],"wp:term":[{"taxonomy":"category","embeddable":true,"href":"https:\/\/gysfm.com.ar\/inicio\/wp-json\/wp\/v2\/categories?post=210093"},{"taxonomy":"post_tag","embeddable":true,"href":"https:\/\/gysfm.com.ar\/inicio\/wp-json\/wp\/v2\/tags?post=210093"}],"curies":[{"name":"wp","href":"https:\/\/api.w.org\/{rel}","templated":true}]}}