{"id":210091,"date":"2026-09-01T18:33:29","date_gmt":"2026-09-01T21:33:29","guid":{"rendered":"https:\/\/gysfm.com.ar\/inicio\/no-va-mas-gorosito-dejo-de-ser-el-dt-de-san-lorenzo-ole\/"},"modified":"2026-09-01T18:33:29","modified_gmt":"2026-09-01T21:33:29","slug":"no-va-mas-gorosito-dejo-de-ser-el-dt-de-san-lorenzo-ole","status":"publish","type":"post","link":"https:\/\/gysfm.com.ar\/inicio\/no-va-mas-gorosito-dejo-de-ser-el-dt-de-san-lorenzo-ole\/","title":{"rendered":"No va m\u00e1s: Gorosito dej\u00f3 de ser el DT de San Lorenzo :: Ol\u00e9"},"content":{"rendered":"<p> <br \/>\n<\/p>\n<div id=\"storyBody\">\n<div id=\"element-body-0\" class=\"sc-df222161-0 hNvwjb\">\n<p>San Lorenzo no tiene paz. Luego de una nueva derrota en el Clausura, 1-0 en C\u00f3rdoba ante Instituto, la continuidad de N\u00e9stor Gorosito hab\u00eda quedado seriamente en duda, m\u00e1s all\u00e1 del deseo p\u00fablico del DT de continuar en el cargo, con la esperanza de revertir la situaci\u00f3n. <strong>Sin embargo, este martes 1\u00b0 de septiembre, la dirigencia tom\u00f3 la decisi\u00f3n de ponerle punto final al ciclo. <\/strong><\/p>\n<\/div>\n<div id=\"element-body-1\" class=\"sc-df222161-0 hNvwjb\">\n<p>Tras el partido ante la Gloria, el plantel y cuerpo t\u00e9cnico hab\u00edan vuelto a Buenos Aires. Gorosito pas\u00f3 por la Ciudad Deportiva de Bajo Flores durante el mediod\u00eda. Estuvo apenas diez minutos. Y luego, pasadas las 14.30, <strong>volvi\u00f3 para reunirse con los dirigentes y escucharlo<\/strong> s, con una postura de parte de ellos tomada: despedirlo.<\/p>\n<\/div>\n<div id=\"element-body-2\" class=\"sc-df222161-0 hNvwjb\">\n<p>A las 16, lleg\u00f3 la comunicaci\u00f3n oficial: <strong>\u00abSan Lorenzo comunica que N\u00e9stor Gorosito no continuar\u00e1 como entrenador del equipo de Primera Divisi\u00f3n. De com\u00fan acuerdo, se resolvi\u00f3 finalizar su v\u00ednculo contractual con el club\u00bb.<\/strong><\/p>\n<\/div>\n<div id=\"element-body-3\" class=\"sc-df222161-0 hNvwjb\">\n<p>De cara al al trabajo en estos d\u00edas para preparar el pr\u00f3ximo partido ante Talleres, el s\u00e1bado 5 como local, se inform\u00f3: <strong>\u00abMientras se trabaja en la definici\u00f3n del nuevo director t\u00e9cnico, Walter Perazzo dirigir\u00e1 el entrenamiento que el plantel profesional realizar\u00e1 esta tarde\u00bb.<\/strong><\/p>\n<\/div>\n<div class=\"sc-c0843421-0 iNysjD image-embed\" id=\"element-body-4\"><img alt=\"El comunicado de San Lorenzo sobre la salida de N\u00e9stor Gorosito.\" loading=\"lazy\" width=\"720\" height=\"100\" decoding=\"async\" data-nimg=\"1\" style=\"color:transparent\" src=\"https:\/\/www.ole.com.ar\/images\/2026\/09\/01\/ySZOeCcMh_720x0__1.jpg\"\/><span class=\"epigraphe\">El comunicado de San Lorenzo sobre la salida de N\u00e9stor Gorosito.<\/span><\/div>\n<div id=\"element-body-5\" class=\"sc-df222161-0 hNvwjb\">\n<p><strong>\u00abLe agradecemos a Pipo y a sus colaboradores por el trabajo y la dedicaci\u00f3n en esta etapa al frente del equipo. \u00a1\u00c9xitos en los pr\u00f3ximos desaf\u00edos!<\/strong>\u00ab, cerraron el escueto comunicado.<\/p>\n<\/div>\n<div id=\"element-body-6\" class=\"sc-df222161-0 hNvwjb\">\n<p>Seguramente, Gorosito se despida de los jugadores. Un adi\u00f3s prematuro, pero propio de San Lorenzo que no tiene calma por sus problemas institucionales y futbol\u00edsticos.<\/p>\n<\/div>\n<div class=\"sc-c0843421-0 iNysjD image-embed\" id=\"element-body-7\"><img alt=\"Gorosito con su cuerpo t\u00e9cnico (De la Orden). \" loading=\"lazy\" width=\"720\" height=\"100\" decoding=\"async\" data-nimg=\"1\" style=\"color:transparent\" src=\"https:\/\/www.ole.com.ar\/images\/2026\/08\/15\/gtnPUHPdE_720x0__1.jpg\"\/><span class=\"epigraphe\">Gorosito con su cuerpo t\u00e9cnico (De la Orden). <\/span><\/div>\n<div id=\"element-body-8\" class=\"sc-df222161-0 hNvwjb\">\n<p>Despu\u00e9s de la inesperada salida de Gustavo \u00c1lvarez y, ante la imposibilidad de contar con el vasco Iker Muniain, l <strong>a dirigencia hab\u00eda ido por Pipo justo un d\u00eda antes de iniciar la pretemporada. El entrenador<\/strong> puso primera el 6 de julio y, a menos de dos meses de su arribo, la estad\u00eda lleg\u00f3 a su fin <strong>: eliminado de Copa Argentina y con solamente siete puntos en siete presentaciones en el Clausura. <\/strong> Adem\u00e1s, una derrota ante Hurac\u00e1n en el cl\u00e1sico en el Nuevo Gas\u00f3metro que cal\u00f3 hondo.<\/p>\n<\/div>\n<p><h2><strong>Lo que hab\u00eda dicho Gorosito, tras la ca\u00edda en C\u00f3rdoba<\/strong><\/h2>\n<\/p>\n<div id=\"element-body-10\" class=\"sc-df222161-0 hNvwjb\">\n<p><strong>\u201cNo se me cruza por mi cabeza dejar de ser el DT. Se necesita un tiempo de trabajo l\u00f3gico. Tenemos que jugar mucho mejor de lo que jugamos. Tenemos que generar mayor volumen de juego para tener mayor claridad\u201d, <\/strong> hab\u00eda dicho Gorosito luego de la ca\u00edda con la Gloria como visitante. Quer\u00eda continuar.<\/p>\n<\/div>\n<div id=\"element-body-11\" class=\"sc-df222161-0 hNvwjb\">\n<p>Adem\u00e1s, <strong> hab\u00eda valorado la presencia de Facundo Far\u00edas<\/strong> acompa\u00f1ando al plantel azulgrana en C\u00f3rdoba, ya como nuevo refuerzo: <strong> \u00abLe va a cambiar la cara por completo al equipo, nos va a hacer llegar con claridad en los \u00faltimos metros\u201d. Finalmente, no lo dirigir\u00e1.<\/strong><\/p>\n<\/div>\n<div id=\"element-body-12\" class=\"sc-a7166897-0 eTTZWU\"><a href=\"https:\/\/www.ole.com.ar\/futbol-primera\/rueda-prensa-nestor-goristo-derrota-san-lorenzo-vs-instituto-clausura_0_OMItSatQgH.html\" aria-label=\"Gorosito: &quot;No se me cruza por la cabeza irme de San Lorenzo&quot;\" class=\"sc-d4f573e5-0 bUEDsN\"\/><\/p>\n<section><picture><img alt=\"Gorosito: &quot;No se me cruza por la cabeza irme de San Lorenzo&quot;\" loading=\"lazy\" width=\"290\" height=\"290\" decoding=\"async\" data-nimg=\"1\" style=\"color:transparent\" src=\"https:\/\/www.ole.com.ar\/images\/2026\/08\/21\/G4toZII9-_290x290__1.jpg\"\/><\/picture>\n<p><span>Mir\u00e1 tambi\u00e9n<\/span><\/p>\n<hr\/>\n<h3>Gorosito: \u00abNo se me cruza por la cabeza irme de San Lorenzo\u00bb<\/h3>\n<\/p>\n<\/section>\n<\/div>\n<div id=\"element-body-13\" class=\"sc-a7166897-0 eTTZWU\"><a href=\"https:\/\/www.ole.com.ar\/boca-juniors\/exequiel-zeballos-monza-oficializado-monza-boca-juniors-transferencia_0_crLyiGlKKU.html\" aria-label=\"Monza present\u00f3 oficialmente al Changuito Zeballos\" class=\"sc-d4f573e5-0 bUEDsN\"\/><\/p>\n<section><picture><img alt=\"Monza present\u00f3 oficialmente al Changuito Zeballos\" loading=\"lazy\" width=\"290\" height=\"290\" decoding=\"async\" data-nimg=\"1\" style=\"color:transparent\" src=\"https:\/\/www.ole.com.ar\/images\/2026\/09\/01\/EOTdez_wX_290x290__1.jpg\"\/><\/picture>\n<p><span>Mir\u00e1 tambi\u00e9n<\/span><\/p>\n<hr\/>\n<h3>Monza present\u00f3 oficialmente al Changuito Zeballos<\/h3>\n<\/p>\n<\/section>\n<\/div>\n<div id=\"element-body-14\" class=\"sc-a7166897-0 eTTZWU\"><a href=\"https:\/\/www.ole.com.ar\/river-plate\/river-plate-lucas-martinez-quarta-decision-queda_0_O5PXAGd8Eh.html\" aria-label=\"La decisi\u00f3n final que tom\u00f3 River con Mart\u00ednez Quarta\" class=\"sc-d4f573e5-0 bUEDsN\"\/><\/p>\n<section><picture><img alt=\"La decisi\u00f3n final que tom\u00f3 River con Mart\u00ednez Quarta\" loading=\"lazy\" width=\"290\" height=\"290\" decoding=\"async\" data-nimg=\"1\" style=\"color:transparent\" src=\"https:\/\/www.ole.com.ar\/images\/2026\/09\/01\/cmkJmKtvR_290x290__1.jpg\"\/><\/picture>\n<p><span>Mir\u00e1 tambi\u00e9n<\/span><\/p>\n<hr\/>\n<h3>La decisi\u00f3n final que tom\u00f3 River con Mart\u00ednez Quarta<\/h3>\n<\/p>\n<\/section>\n<\/div>\n<div id=\"element-body-15\" class=\"sc-a7166897-0 eTTZWU\"><a href=\"https:\/\/www.ole.com.ar\/independiente\/independiente-alvarolopez-jadsonviera-elianirala_0_nIhnrtJTQW.html\" aria-label=\"Qui\u00e9nes son los dos jugadores por los que negocia Independiente\" class=\"sc-d4f573e5-0 bUEDsN\"\/><\/p>\n<section><picture><img alt=\"Qui\u00e9nes son los dos jugadores por los que negocia Independiente\" loading=\"lazy\" width=\"290\" height=\"290\" decoding=\"async\" data-nimg=\"1\" style=\"color:transparent\" src=\"https:\/\/www.ole.com.ar\/images\/2026\/09\/01\/iRr5Fd54L_290x290__1.jpg\"\/><\/picture>\n<p><span>Mir\u00e1 tambi\u00e9n<\/span><\/p>\n<hr\/>\n<h3>Qui\u00e9nes son los dos jugadores por los que negocia Independiente<\/h3>\n<\/p>\n<\/section>\n<\/div>\n<div id=\"element-body-16\" class=\"sc-a7166897-0 eTTZWU\"><a href=\"https:\/\/www.ole.com.ar\/river-plate\/river-plate-marginados-mercado-pases_0_yP7MqUuRsb.html\" aria-label=\"A horas del cierre del mercado, la situaci\u00f3n de los jugadores de River que siguen marginados\" class=\"sc-d4f573e5-0 bUEDsN\"\/><\/p>\n<section><picture><img alt=\"A horas del cierre del mercado, la situaci\u00f3n de los jugadores de River que siguen marginados\" loading=\"lazy\" width=\"290\" height=\"290\" decoding=\"async\" data-nimg=\"1\" style=\"color:transparent\" src=\"https:\/\/www.ole.com.ar\/images\/2025\/11\/17\/YenkVb1_E_290x290__1.jpg\"\/><\/picture>\n<p><span>Mir\u00e1 tambi\u00e9n<\/span><\/p>\n<hr\/>\n<h3>A horas del cierre del mercado, la situaci\u00f3n de los jugadores de River que siguen marginados<\/h3>\n<\/p>\n<\/section>\n<\/div>\n<div id=\"element-body-17\" class=\"sc-a7166897-0 eTTZWU\"><a href=\"https:\/\/www.ole.com.ar\/racing\/racing-solari-newells_0_fEvvK0D81X.html\" aria-label=\"Ante la inminente salida de Santiago Solari, \u00bfRacing va por un delantero?\" class=\"sc-d4f573e5-0 bUEDsN\"\/><\/p>\n<section><picture><img alt=\"Ante la inminente salida de Santiago Solari, \u00bfRacing va por un delantero?\" loading=\"lazy\" width=\"290\" height=\"290\" decoding=\"async\" data-nimg=\"1\" style=\"color:transparent\" src=\"https:\/\/www.ole.com.ar\/images\/2026\/02\/07\/8dA-u5wcd_290x290__1.jpg\"\/><\/picture>\n<p><span>Mir\u00e1 tambi\u00e9n<\/span><\/p>\n<hr\/>\n<h3>Ante la inminente salida de Santiago Solari, \u00bfRacing va por un delantero?<\/h3>\n<\/p>\n<\/section>\n<\/div>\n<div id=\"element-body-18\" class=\"sc-a7166897-0 eTTZWU\"><a href=\"https:\/\/www.ole.com.ar\/futbol-internacional\/claudio-echeverri-prestamo-acuerdo-manchester-city-benfica_0_Bt8b4KEsaA.html\" aria-label=\"Hay acuerdo entre Manchester City y Benfica por el pr\u00e9stamo de Echeverri\" class=\"sc-d4f573e5-0 bUEDsN\"\/><\/p>\n<section><picture><img alt=\"Hay acuerdo entre Manchester City y Benfica por el pr\u00e9stamo de Echeverri\" loading=\"lazy\" width=\"290\" height=\"290\" decoding=\"async\" data-nimg=\"1\" style=\"color:transparent\" src=\"https:\/\/www.ole.com.ar\/images\/2026\/08\/01\/8ID0fdZfc_290x290__1.jpg\"\/><\/picture>\n<p><span>Mir\u00e1 tambi\u00e9n<\/span><\/p>\n<hr\/>\n<h3>Hay acuerdo entre Manchester City y Benfica por el pr\u00e9stamo de Echeverri<\/h3>\n<\/p>\n<\/section>\n<\/div>\n<\/div>\n\n","protected":false},"excerpt":{"rendered":"<p>San Lorenzo no tiene paz. Luego de una nueva derrota en el Clausura, 1-0 en C\u00f3rdoba ante Instituto, la continuidad de N\u00e9stor Gorosito hab\u00eda quedado seriamente en duda, m\u00e1s all\u00e1 del deseo p\u00fablico del DT de continuar en el cargo, con la esperanza de revertir la situaci\u00f3n. Sin embargo, este martes 1\u00b0 de septiembre, la [&hellip;]<\/p>\n","protected":false},"author":1,"featured_media":210092,"comment_status":"closed","ping_status":"closed","sticky":false,"template":"","format":"standard","meta":{"footnotes":""},"categories":[27],"tags":[],"class_list":["post-210091","post","type-post","status-publish","format-standard","has-post-thumbnail","hentry","category-deportes"],"yoast_head":"<!-- This site is optimized with the Yoast SEO plugin v24.4 - https:\/\/yoast.com\/wordpress\/plugins\/seo\/ -->\n<title>No va m\u00e1s: Gorosito dej\u00f3 de ser el DT de San Lorenzo :: Ol\u00e9 - GYS NOTICIAS |<\/title>\n<meta name=\"robots\" content=\"index, follow, max-snippet:-1, max-image-preview:large, max-video-preview:-1\" \/>\n<link rel=\"canonical\" href=\"https:\/\/gysfm.com.ar\/inicio\/no-va-mas-gorosito-dejo-de-ser-el-dt-de-san-lorenzo-ole\/\" \/>\n<meta property=\"og:locale\" content=\"es_ES\" \/>\n<meta property=\"og:type\" content=\"article\" \/>\n<meta property=\"og:title\" content=\"No va m\u00e1s: Gorosito dej\u00f3 de ser el DT de San Lorenzo :: Ol\u00e9 - GYS NOTICIAS |\" \/>\n<meta property=\"og:description\" content=\"San Lorenzo no tiene paz. Luego de una nueva derrota en el Clausura, 1-0 en C\u00f3rdoba ante Instituto, la continuidad de N\u00e9stor Gorosito hab\u00eda quedado seriamente en duda, m\u00e1s all\u00e1 del deseo p\u00fablico del DT de continuar en el cargo, con la esperanza de revertir la situaci\u00f3n. Sin embargo, este martes 1\u00b0 de septiembre, la [&hellip;]\" \/>\n<meta property=\"og:url\" content=\"https:\/\/gysfm.com.ar\/inicio\/no-va-mas-gorosito-dejo-de-ser-el-dt-de-san-lorenzo-ole\/\" \/>\n<meta property=\"og:site_name\" content=\"GYS NOTICIAS |\" \/>\n<meta property=\"article:published_time\" content=\"2026-09-01T21:33:29+00:00\" \/>\n<meta property=\"og:image\" content=\"https:\/\/www.ole.com.ar\/images\/2026\/09\/01\/ySZOeCcMh_720x0__1.jpg\" \/>\n<meta name=\"author\" content=\"admin\" \/>\n<meta name=\"twitter:card\" content=\"summary_large_image\" \/>\n<meta name=\"twitter:label1\" content=\"Escrito por\" \/>\n\t<meta name=\"twitter:data1\" content=\"admin\" \/>\n\t<meta name=\"twitter:label2\" content=\"Tiempo de lectura\" \/>\n\t<meta name=\"twitter:data2\" content=\"3 minutos\" \/>\n<script type=\"application\/ld+json\" class=\"yoast-schema-graph\">{\"@context\":\"https:\/\/schema.org\",\"@graph\":[{\"@type\":\"Article\",\"@id\":\"https:\/\/gysfm.com.ar\/inicio\/no-va-mas-gorosito-dejo-de-ser-el-dt-de-san-lorenzo-ole\/#article\",\"isPartOf\":{\"@id\":\"https:\/\/gysfm.com.ar\/inicio\/no-va-mas-gorosito-dejo-de-ser-el-dt-de-san-lorenzo-ole\/\"},\"author\":{\"name\":\"admin\",\"@id\":\"https:\/\/gysfm.com.ar\/inicio\/#\/schema\/person\/5bedd7ecd35cc35548d89effafa23696\"},\"headline\":\"No va m\u00e1s: Gorosito dej\u00f3 de ser el DT de San Lorenzo :: Ol\u00e9\",\"datePublished\":\"2026-09-01T21:33:29+00:00\",\"mainEntityOfPage\":{\"@id\":\"https:\/\/gysfm.com.ar\/inicio\/no-va-mas-gorosito-dejo-de-ser-el-dt-de-san-lorenzo-ole\/\"},\"wordCount\":626,\"publisher\":{\"@id\":\"https:\/\/gysfm.com.ar\/inicio\/#organization\"},\"image\":{\"@id\":\"https:\/\/gysfm.com.ar\/inicio\/no-va-mas-gorosito-dejo-de-ser-el-dt-de-san-lorenzo-ole\/#primaryimage\"},\"thumbnailUrl\":\"https:\/\/gysfm.com.ar\/inicio\/wp-content\/uploads\/2026\/09\/jpItG37xS_2000x1500__1.jpg\",\"articleSection\":[\"DEPORTES\"],\"inLanguage\":\"es\"},{\"@type\":\"WebPage\",\"@id\":\"https:\/\/gysfm.com.ar\/inicio\/no-va-mas-gorosito-dejo-de-ser-el-dt-de-san-lorenzo-ole\/\",\"url\":\"https:\/\/gysfm.com.ar\/inicio\/no-va-mas-gorosito-dejo-de-ser-el-dt-de-san-lorenzo-ole\/\",\"name\":\"No va m\u00e1s: Gorosito dej\u00f3 de ser el DT de San Lorenzo :: Ol\u00e9 - GYS NOTICIAS |\",\"isPartOf\":{\"@id\":\"https:\/\/gysfm.com.ar\/inicio\/#website\"},\"primaryImageOfPage\":{\"@id\":\"https:\/\/gysfm.com.ar\/inicio\/no-va-mas-gorosito-dejo-de-ser-el-dt-de-san-lorenzo-ole\/#primaryimage\"},\"image\":{\"@id\":\"https:\/\/gysfm.com.ar\/inicio\/no-va-mas-gorosito-dejo-de-ser-el-dt-de-san-lorenzo-ole\/#primaryimage\"},\"thumbnailUrl\":\"https:\/\/gysfm.com.ar\/inicio\/wp-content\/uploads\/2026\/09\/jpItG37xS_2000x1500__1.jpg\",\"datePublished\":\"2026-09-01T21:33:29+00:00\",\"breadcrumb\":{\"@id\":\"https:\/\/gysfm.com.ar\/inicio\/no-va-mas-gorosito-dejo-de-ser-el-dt-de-san-lorenzo-ole\/#breadcrumb\"},\"inLanguage\":\"es\",\"potentialAction\":[{\"@type\":\"ReadAction\",\"target\":[\"https:\/\/gysfm.com.ar\/inicio\/no-va-mas-gorosito-dejo-de-ser-el-dt-de-san-lorenzo-ole\/\"]}]},{\"@type\":\"ImageObject\",\"inLanguage\":\"es\",\"@id\":\"https:\/\/gysfm.com.ar\/inicio\/no-va-mas-gorosito-dejo-de-ser-el-dt-de-san-lorenzo-ole\/#primaryimage\",\"url\":\"https:\/\/gysfm.com.ar\/inicio\/wp-content\/uploads\/2026\/09\/jpItG37xS_2000x1500__1.jpg\",\"contentUrl\":\"https:\/\/gysfm.com.ar\/inicio\/wp-content\/uploads\/2026\/09\/jpItG37xS_2000x1500__1.jpg\",\"width\":2000,\"height\":1500},{\"@type\":\"BreadcrumbList\",\"@id\":\"https:\/\/gysfm.com.ar\/inicio\/no-va-mas-gorosito-dejo-de-ser-el-dt-de-san-lorenzo-ole\/#breadcrumb\",\"itemListElement\":[{\"@type\":\"ListItem\",\"position\":1,\"name\":\"Portada\",\"item\":\"https:\/\/gysfm.com.ar\/inicio\/\"},{\"@type\":\"ListItem\",\"position\":2,\"name\":\"No va m\u00e1s: Gorosito dej\u00f3 de ser el DT de San Lorenzo :: Ol\u00e9\"}]},{\"@type\":\"WebSite\",\"@id\":\"https:\/\/gysfm.com.ar\/inicio\/#website\",\"url\":\"https:\/\/gysfm.com.ar\/inicio\/\",\"name\":\"GYS NOTICIAS |\",\"description\":\"DIARIO - RADIO ONLINE SAN JUAN ARGENTINA\",\"publisher\":{\"@id\":\"https:\/\/gysfm.com.ar\/inicio\/#organization\"},\"potentialAction\":[{\"@type\":\"SearchAction\",\"target\":{\"@type\":\"EntryPoint\",\"urlTemplate\":\"https:\/\/gysfm.com.ar\/inicio\/?s={search_term_string}\"},\"query-input\":{\"@type\":\"PropertyValueSpecification\",\"valueRequired\":true,\"valueName\":\"search_term_string\"}}],\"inLanguage\":\"es\"},{\"@type\":\"Organization\",\"@id\":\"https:\/\/gysfm.com.ar\/inicio\/#organization\",\"name\":\"GYS NOTICIAS |\",\"url\":\"https:\/\/gysfm.com.ar\/inicio\/\",\"logo\":{\"@type\":\"ImageObject\",\"inLanguage\":\"es\",\"@id\":\"https:\/\/gysfm.com.ar\/inicio\/#\/schema\/logo\/image\/\",\"url\":\"https:\/\/gysfm.com.ar\/inicio\/wp-content\/uploads\/2023\/07\/LOGOGYS-OK.png\",\"contentUrl\":\"https:\/\/gysfm.com.ar\/inicio\/wp-content\/uploads\/2023\/07\/LOGOGYS-OK.png\",\"width\":1170,\"height\":872,\"caption\":\"GYS NOTICIAS |\"},\"image\":{\"@id\":\"https:\/\/gysfm.com.ar\/inicio\/#\/schema\/logo\/image\/\"}},{\"@type\":\"Person\",\"@id\":\"https:\/\/gysfm.com.ar\/inicio\/#\/schema\/person\/5bedd7ecd35cc35548d89effafa23696\",\"name\":\"admin\",\"image\":{\"@type\":\"ImageObject\",\"inLanguage\":\"es\",\"@id\":\"https:\/\/gysfm.com.ar\/inicio\/#\/schema\/person\/image\/\",\"url\":\"https:\/\/secure.gravatar.com\/avatar\/c331d312b5243fb64d5ba28108a447b27c925295129a363082c9ea52c28d32c2?s=96&d=mm&r=g\",\"contentUrl\":\"https:\/\/secure.gravatar.com\/avatar\/c331d312b5243fb64d5ba28108a447b27c925295129a363082c9ea52c28d32c2?s=96&d=mm&r=g\",\"caption\":\"admin\"},\"sameAs\":[\"https:\/\/gysfm.com.ar\/inicio\"],\"url\":\"https:\/\/gysfm.com.ar\/inicio\/author\/admin\/\"}]}<\/script>\n<!-- \/ Yoast SEO plugin. -->","yoast_head_json":{"title":"No va m\u00e1s: Gorosito dej\u00f3 de ser el DT de San Lorenzo :: Ol\u00e9 - GYS NOTICIAS |","robots":{"index":"index","follow":"follow","max-snippet":"max-snippet:-1","max-image-preview":"max-image-preview:large","max-video-preview":"max-video-preview:-1"},"canonical":"https:\/\/gysfm.com.ar\/inicio\/no-va-mas-gorosito-dejo-de-ser-el-dt-de-san-lorenzo-ole\/","og_locale":"es_ES","og_type":"article","og_title":"No va m\u00e1s: Gorosito dej\u00f3 de ser el DT de San Lorenzo :: Ol\u00e9 - GYS NOTICIAS |","og_description":"San Lorenzo no tiene paz. Luego de una nueva derrota en el Clausura, 1-0 en C\u00f3rdoba ante Instituto, la continuidad de N\u00e9stor Gorosito hab\u00eda quedado seriamente en duda, m\u00e1s all\u00e1 del deseo p\u00fablico del DT de continuar en el cargo, con la esperanza de revertir la situaci\u00f3n. Sin embargo, este martes 1\u00b0 de septiembre, la [&hellip;]","og_url":"https:\/\/gysfm.com.ar\/inicio\/no-va-mas-gorosito-dejo-de-ser-el-dt-de-san-lorenzo-ole\/","og_site_name":"GYS NOTICIAS |","article_published_time":"2026-09-01T21:33:29+00:00","og_image":[{"url":"https:\/\/www.ole.com.ar\/images\/2026\/09\/01\/ySZOeCcMh_720x0__1.jpg","type":"","width":"","height":""}],"author":"admin","twitter_card":"summary_large_image","twitter_misc":{"Escrito por":"admin","Tiempo de lectura":"3 minutos"},"schema":{"@context":"https:\/\/schema.org","@graph":[{"@type":"Article","@id":"https:\/\/gysfm.com.ar\/inicio\/no-va-mas-gorosito-dejo-de-ser-el-dt-de-san-lorenzo-ole\/#article","isPartOf":{"@id":"https:\/\/gysfm.com.ar\/inicio\/no-va-mas-gorosito-dejo-de-ser-el-dt-de-san-lorenzo-ole\/"},"author":{"name":"admin","@id":"https:\/\/gysfm.com.ar\/inicio\/#\/schema\/person\/5bedd7ecd35cc35548d89effafa23696"},"headline":"No va m\u00e1s: Gorosito dej\u00f3 de ser el DT de San Lorenzo :: Ol\u00e9","datePublished":"2026-09-01T21:33:29+00:00","mainEntityOfPage":{"@id":"https:\/\/gysfm.com.ar\/inicio\/no-va-mas-gorosito-dejo-de-ser-el-dt-de-san-lorenzo-ole\/"},"wordCount":626,"publisher":{"@id":"https:\/\/gysfm.com.ar\/inicio\/#organization"},"image":{"@id":"https:\/\/gysfm.com.ar\/inicio\/no-va-mas-gorosito-dejo-de-ser-el-dt-de-san-lorenzo-ole\/#primaryimage"},"thumbnailUrl":"https:\/\/gysfm.com.ar\/inicio\/wp-content\/uploads\/2026\/09\/jpItG37xS_2000x1500__1.jpg","articleSection":["DEPORTES"],"inLanguage":"es"},{"@type":"WebPage","@id":"https:\/\/gysfm.com.ar\/inicio\/no-va-mas-gorosito-dejo-de-ser-el-dt-de-san-lorenzo-ole\/","url":"https:\/\/gysfm.com.ar\/inicio\/no-va-mas-gorosito-dejo-de-ser-el-dt-de-san-lorenzo-ole\/","name":"No va m\u00e1s: Gorosito dej\u00f3 de ser el DT de San Lorenzo :: Ol\u00e9 - GYS NOTICIAS |","isPartOf":{"@id":"https:\/\/gysfm.com.ar\/inicio\/#website"},"primaryImageOfPage":{"@id":"https:\/\/gysfm.com.ar\/inicio\/no-va-mas-gorosito-dejo-de-ser-el-dt-de-san-lorenzo-ole\/#primaryimage"},"image":{"@id":"https:\/\/gysfm.com.ar\/inicio\/no-va-mas-gorosito-dejo-de-ser-el-dt-de-san-lorenzo-ole\/#primaryimage"},"thumbnailUrl":"https:\/\/gysfm.com.ar\/inicio\/wp-content\/uploads\/2026\/09\/jpItG37xS_2000x1500__1.jpg","datePublished":"2026-09-01T21:33:29+00:00","breadcrumb":{"@id":"https:\/\/gysfm.com.ar\/inicio\/no-va-mas-gorosito-dejo-de-ser-el-dt-de-san-lorenzo-ole\/#breadcrumb"},"inLanguage":"es","potentialAction":[{"@type":"ReadAction","target":["https:\/\/gysfm.com.ar\/inicio\/no-va-mas-gorosito-dejo-de-ser-el-dt-de-san-lorenzo-ole\/"]}]},{"@type":"ImageObject","inLanguage":"es","@id":"https:\/\/gysfm.com.ar\/inicio\/no-va-mas-gorosito-dejo-de-ser-el-dt-de-san-lorenzo-ole\/#primaryimage","url":"https:\/\/gysfm.com.ar\/inicio\/wp-content\/uploads\/2026\/09\/jpItG37xS_2000x1500__1.jpg","contentUrl":"https:\/\/gysfm.com.ar\/inicio\/wp-content\/uploads\/2026\/09\/jpItG37xS_2000x1500__1.jpg","width":2000,"height":1500},{"@type":"BreadcrumbList","@id":"https:\/\/gysfm.com.ar\/inicio\/no-va-mas-gorosito-dejo-de-ser-el-dt-de-san-lorenzo-ole\/#breadcrumb","itemListElement":[{"@type":"ListItem","position":1,"name":"Portada","item":"https:\/\/gysfm.com.ar\/inicio\/"},{"@type":"ListItem","position":2,"name":"No va m\u00e1s: Gorosito dej\u00f3 de ser el DT de San Lorenzo :: Ol\u00e9"}]},{"@type":"WebSite","@id":"https:\/\/gysfm.com.ar\/inicio\/#website","url":"https:\/\/gysfm.com.ar\/inicio\/","name":"GYS NOTICIAS |","description":"DIARIO - RADIO ONLINE SAN JUAN ARGENTINA","publisher":{"@id":"https:\/\/gysfm.com.ar\/inicio\/#organization"},"potentialAction":[{"@type":"SearchAction","target":{"@type":"EntryPoint","urlTemplate":"https:\/\/gysfm.com.ar\/inicio\/?s={search_term_string}"},"query-input":{"@type":"PropertyValueSpecification","valueRequired":true,"valueName":"search_term_string"}}],"inLanguage":"es"},{"@type":"Organization","@id":"https:\/\/gysfm.com.ar\/inicio\/#organization","name":"GYS NOTICIAS |","url":"https:\/\/gysfm.com.ar\/inicio\/","logo":{"@type":"ImageObject","inLanguage":"es","@id":"https:\/\/gysfm.com.ar\/inicio\/#\/schema\/logo\/image\/","url":"https:\/\/gysfm.com.ar\/inicio\/wp-content\/uploads\/2023\/07\/LOGOGYS-OK.png","contentUrl":"https:\/\/gysfm.com.ar\/inicio\/wp-content\/uploads\/2023\/07\/LOGOGYS-OK.png","width":1170,"height":872,"caption":"GYS NOTICIAS |"},"image":{"@id":"https:\/\/gysfm.com.ar\/inicio\/#\/schema\/logo\/image\/"}},{"@type":"Person","@id":"https:\/\/gysfm.com.ar\/inicio\/#\/schema\/person\/5bedd7ecd35cc35548d89effafa23696","name":"admin","image":{"@type":"ImageObject","inLanguage":"es","@id":"https:\/\/gysfm.com.ar\/inicio\/#\/schema\/person\/image\/","url":"https:\/\/secure.gravatar.com\/avatar\/c331d312b5243fb64d5ba28108a447b27c925295129a363082c9ea52c28d32c2?s=96&d=mm&r=g","contentUrl":"https:\/\/secure.gravatar.com\/avatar\/c331d312b5243fb64d5ba28108a447b27c925295129a363082c9ea52c28d32c2?s=96&d=mm&r=g","caption":"admin"},"sameAs":["https:\/\/gysfm.com.ar\/inicio"],"url":"https:\/\/gysfm.com.ar\/inicio\/author\/admin\/"}]}},"_links":{"self":[{"href":"https:\/\/gysfm.com.ar\/inicio\/wp-json\/wp\/v2\/posts\/210091","targetHints":{"allow":["GET"]}}],"collection":[{"href":"https:\/\/gysfm.com.ar\/inicio\/wp-json\/wp\/v2\/posts"}],"about":[{"href":"https:\/\/gysfm.com.ar\/inicio\/wp-json\/wp\/v2\/types\/post"}],"author":[{"embeddable":true,"href":"https:\/\/gysfm.com.ar\/inicio\/wp-json\/wp\/v2\/users\/1"}],"replies":[{"embeddable":true,"href":"https:\/\/gysfm.com.ar\/inicio\/wp-json\/wp\/v2\/comments?post=210091"}],"version-history":[{"count":0,"href":"https:\/\/gysfm.com.ar\/inicio\/wp-json\/wp\/v2\/posts\/210091\/revisions"}],"wp:featuredmedia":[{"embeddable":true,"href":"https:\/\/gysfm.com.ar\/inicio\/wp-json\/wp\/v2\/media\/210092"}],"wp:attachment":[{"href":"https:\/\/gysfm.com.ar\/inicio\/wp-json\/wp\/v2\/media?parent=210091"}],"wp:term":[{"taxonomy":"category","embeddable":true,"href":"https:\/\/gysfm.com.ar\/inicio\/wp-json\/wp\/v2\/categories?post=210091"},{"taxonomy":"post_tag","embeddable":true,"href":"https:\/\/gysfm.com.ar\/inicio\/wp-json\/wp\/v2\/tags?post=210091"}],"curies":[{"name":"wp","href":"https:\/\/api.w.org\/{rel}","templated":true}]}}