{"id":210062,"date":"2026-09-01T14:21:17","date_gmt":"2026-09-01T17:21:17","guid":{"rendered":"https:\/\/gysfm.com.ar\/inicio\/el-agro-liquido-us2-750-millones-en-agosto-y-acumula-una-baja-del-12-en-2026\/"},"modified":"2026-09-01T14:21:17","modified_gmt":"2026-09-01T17:21:17","slug":"el-agro-liquido-us2-750-millones-en-agosto-y-acumula-una-baja-del-12-en-2026","status":"publish","type":"post","link":"https:\/\/gysfm.com.ar\/inicio\/el-agro-liquido-us2-750-millones-en-agosto-y-acumula-una-baja-del-12-en-2026\/","title":{"rendered":"El agro liquid\u00f3 u$s2.750 millones en agosto y acumula una baja del 12% en 2026"},"content":{"rendered":"<p> <br \/>\n<\/p>\n<div id=\"\">\n<p id=\"p-1788259868894-8137\" class=\"\" data-start=\"532\" data-end=\"847\">El <strong data-start=\"535\" data-end=\"602\">sector agroexportador liquid\u00f3 u$s2.750 millones durante agosto<\/strong>, un monto 6% inferior al registrado en julio, aunque <strong data-start=\"656\" data-end=\"696\">33% superior al de igual mes de 2025<\/strong>, seg\u00fan inform\u00f3 este martes la C\u00e1mara de la Industria Aceitera de la Rep\u00fablica Argentina (CIARA) junto con el Centro de Exportadores de Cereales (CEC).<\/p>\n<\/div>\n<div id=\"\">\n<p id=\"p-1788259868894-30267\" data-start=\"849\" data-end=\"1053\">Con este resultado, <strong data-start=\"869\" data-end=\"976\">el ingreso acumulado de divisas durante los primeros ocho meses de 2026 alcanz\u00f3 los u$s19.047 millones<\/strong>, lo que representa una ca\u00edda del 12% frente al mismo per\u00edodo del a\u00f1o pasado.<\/p>\n<\/div>\n<div id=\"\">\n<p id=\"p-1788259868894-47530\" data-start=\"1055\" data-end=\"1383\"> El dato se conoce en momentos en que las perspectivas productivas para el agro mejoraron considerablemente. Seg\u00fan estimaciones de la <strong data-start=\"1188\" data-end=\"1327\">Bolsa de Comercio de Rosario (BCR), el sector podr\u00eda generar u$s34.530 millones en el Mercado Libre de Cambios (MLC) durante todo 2026<\/strong>, pr\u00e1cticamente el mismo nivel registrado el a\u00f1o pasado.<\/p>\n<\/div>\n<div id=\"\">\n<p id=\"p-1788259868894-69927\" data-start=\"1385\" data-end=\"1876\">De concretarse esa proyecci\u00f3n, despu\u00e9s de los u$s19.047 millones acumulados hasta agosto <strong data-start=\"1475\" data-end=\"1574\">quedar\u00eda por ingresar alrededor de u$s15.500 millones durante los \u00faltimos cuatro meses del a\u00f1o<\/strong>. Sin embargo, se trata de cifras provenientes de mediciones diferentes \u2014CIARA-CEC contabiliza la liquidaci\u00f3n de sus empresas asociadas y la BCR proyecta el ingreso del sector Cereales y Oleaginosas al MLC\u2014, por lo que la comparaci\u00f3n sirve como referencia y no como una resta estrictamente equivalente.<\/p>\n<\/div>\n<div id=\"\">\n<h2 id=\"p-1788259868894-55374\" data-section-id=\"4ltmr1\" data-start=\"1878\" data-end=\"1921\">El ma\u00edz impuls\u00f3 la liquidaci\u00f3n de agosto<\/h2>\n<p id=\"p-1788259868894-79692\" data-start=\"1923\" data-end=\"2126\">CIARA-CEC explic\u00f3 que agosto estuvo caracterizado por <strong data-start=\"1977\" data-end=\"2019\">un incremento de los embarques de ma\u00edz<\/strong>, producto de una buena cosecha y de una intensificaci\u00f3n de las ventas de los productores a la exportaci\u00f3n.<\/p>\n<\/div>\n<div id=\"\">\n<p id=\"p-1788259868894-93089\" data-start=\"2128\" data-end=\"2388\">Las entidades, que representan alrededor del 48% de las exportaciones argentinas, se\u00f1alaron adem\u00e1s que <strong data-start=\"2231\" data-end=\"2289\">2026 presenta el perfil de una campa\u00f1a agr\u00edcola normal<\/strong>, favorecida por la ausencia de esquemas temporales que alteren las decisiones de comercializaci\u00f3n.<\/p>\n<p id=\"p-1788259868894-38832\" data-start=\"2390\" data-end=\"2562\">La din\u00e1mica del \u00faltimo mes permiti\u00f3 una fuerte recuperaci\u00f3n frente a agosto del a\u00f1o pasado, aunque todav\u00eda no alcanz\u00f3 para revertir la ca\u00edda que muestra el acumulado anual.<\/p>\n<p id=\"p-1788259868894-4033\" data-start=\"2564\" data-end=\"2917\">Parte de esa diferencia responde a la particular din\u00e1mica que tuvieron las liquidaciones durante 2025. Seg\u00fan explic\u00f3 la BCR, <strong data-start=\"2689\" data-end=\"2853\">la eliminaci\u00f3n temporaria de los derechos de exportaci\u00f3n en septiembre del a\u00f1o pasado adelant\u00f3 ventas externas y, en consecuencia, tambi\u00e9n el ingreso de divisas<\/strong>, generando un efecto intertemporal sobre los meses posteriores.<\/p>\n<div contenteditable=\"false\" class=\"embed_cont type_imagen\" id=\"7986774-Libre-1494507306_wrap\">\n<div id=\"7986774-Libre-1494507306_content\" class=\"embed_content\"><img src=\"https:\/\/media.ambito.com\/p\/5e5e9615ed2494734e3ec37f1cd5e03f\/adjuntos\/239\/imagenes\/041\/847\/0041847213\/retenciones-maiz-exportaciones-granos-reservas-dolar.jpg?2024-09-28-18-14-15\" decoding=\"async\" fetchpriority=\"high\" loading=\"eager\" crossorigin=\"anonymous\" alt=\"Las entidades, que representan alrededor del 48% de las exportaciones argentinas\" title=\"Las entidades, que representan alrededor del 48% de las exportaciones argentinas\" width=\"689\" height=\"460\" id=\"7986774-Libre-1494507306_embed\"\/><\/div>\n<div class=\"embed_wrapper-cont\" id=\"p-1788259960866-73002\">\n<div id=\"7986774-Libre-1494507306_epigrafe\" class=\"embed_epigrafe\">\n<p id=\"p-1788259972358-10596\">Las entidades, que representan alrededor del 48% de las exportaciones argentinas<\/p>\n<\/div>\n<p>Depositphotos<\/p>\n<\/div><\/div>\n<h2 id=\"p-1788259868894-48509\" data-section-id=\"1p9wg0\" data-start=\"2919\" data-end=\"2962\">Una cosecha de 160 millones de toneladas<\/h2>\n<p id=\"p-1788259868894-61803\" data-start=\"2964\" data-end=\"3110\">M\u00e1s all\u00e1 de la evoluci\u00f3n mensual de las liquidaciones, las perspectivas para la campa\u00f1a 2025\/26 muestran una fuerte recuperaci\u00f3n de la producci\u00f3n.<\/p>\n<p id=\"p-1788259868894-28915\" data-start=\"3112\" data-end=\"3281\">La BCR proyecta una <strong data-start=\"3132\" data-end=\"3188\">cosecha total de granos de 160 millones de toneladas<\/strong>, luego de varios ciclos atravesados por restricciones clim\u00e1ticas y oscilaciones productivas.<\/p>\n<p id=\"p-1788259868894-57970\" data-start=\"3283\" data-end=\"3598\">El trigo habr\u00eda alcanzado un r\u00e9cord de <strong data-start=\"3322\" data-end=\"3352\">29,5 millones de toneladas<\/strong>, mientras que la cebada llegar\u00eda a un m\u00e1ximo de <strong data-start=\"3401\" data-end=\"3417\">5,6 millones<\/strong>. Para la cosecha gruesa, el ma\u00edz tambi\u00e9n marcar\u00eda un r\u00e9cord, con <strong data-start=\"3483\" data-end=\"3511\">62 millones de toneladas<\/strong>, y el girasol alcanzar\u00eda <strong data-start=\"3537\" data-end=\"3553\">6,6 millones<\/strong>, su mayor producci\u00f3n en lo que va del siglo.<\/p>\n<p id=\"p-1788259868895-95948\" data-start=\"3600\" data-end=\"3836\">La soja, en cambio, quedar\u00eda en <strong data-start=\"3632\" data-end=\"3660\">48 millones de toneladas<\/strong>. El menor volumen respecto de otros ciclos responder\u00eda principalmente a una reducci\u00f3n del \u00e1rea sembrada, ya que los rindes proyectados superar\u00edan a los de la campa\u00f1a anterior.<\/p>\n<h2 id=\"p-1788259868895-38489\" data-section-id=\"go72r6\" data-start=\"3838\" data-end=\"3903\">Exportaciones r\u00e9cord, pero los d\u00f3lares se mantendr\u00edan estables<\/h2>\n<p id=\"p-1788259868895-40214\" data-start=\"3905\" data-end=\"4206\">El fuerte crecimiento de la producci\u00f3n tambi\u00e9n tendr\u00eda su correlato en las exportaciones. La BCR estima que <strong data-start=\"4013\" data-end=\"4099\">los despachos de granos y derivados podr\u00edan alcanzar los 113 millones de toneladas<\/strong>, un m\u00e1ximo hist\u00f3rico y casi 10 millones de toneladas por encima del r\u00e9cord anterior de la campa\u00f1a 2018\/19.<\/p>\n<p id=\"p-1788259868895-53158\" data-start=\"4208\" data-end=\"4324\">Sin embargo, ese r\u00e9cord en cantidades <strong data-start=\"4246\" data-end=\"4323\">no necesariamente implicar\u00e1 un salto equivalente en el ingreso de d\u00f3lares<\/strong>. Con los precios internacionales actuales, la entidad proyecta que el sector Cereales y Oleaginosas aportar\u00e1 u$s<strong data-start=\"4434\" data-end=\"4477\">34.530 millones al MLC durante 2026<\/strong>, pr\u00e1cticamente en l\u00ednea con los USD 34.600 millones ingresados durante 2025.<\/p>\n<\/div>\n<p><script>\n!function(f,b,e,v,n,t,s)\n{if(f.fbq)return;n=f.fbq=function(){n.callMethod?\nn.callMethod.apply(n,arguments):n.queue.push(arguments)};\nif(!f._fbq)f._fbq=n;n.push=n;n.loaded=!0;n.version='2.0';\nn.queue=[];t=b.createElement(e);t.async=!0;\nt.src=v;s=b.getElementsByTagName(e)[0];\ns.parentNode.insertBefore(t,s)}(window,document,'script',\n'https:\/\/connect.facebook.net\/en_US\/fbevents.js');\nfbq('init', '2047048335588113');\nfbq('track', 'PageView');\n<\/script><br \/>\n<br \/><\/p>\n","protected":false},"excerpt":{"rendered":"<p>El sector agroexportador liquid\u00f3 u$s2.750 millones durante agosto, un monto 6% inferior al registrado en julio, aunque 33% superior al de igual mes de 2025, seg\u00fan inform\u00f3 este martes la C\u00e1mara de la Industria Aceitera de la Rep\u00fablica Argentina (CIARA) junto con el Centro de Exportadores de Cereales (CEC). Con este resultado, el ingreso acumulado [&hellip;]<\/p>\n","protected":false},"author":1,"featured_media":119630,"comment_status":"closed","ping_status":"closed","sticky":false,"template":"","format":"standard","meta":{"footnotes":""},"categories":[28],"tags":[],"class_list":["post-210062","post","type-post","status-publish","format-standard","has-post-thumbnail","hentry","category-economia"],"yoast_head":"<!-- This site is optimized with the Yoast SEO plugin v24.4 - https:\/\/yoast.com\/wordpress\/plugins\/seo\/ -->\n<title>El agro liquid\u00f3 u$s2.750 millones en agosto y acumula una baja del 12% en 2026 - GYS NOTICIAS |<\/title>\n<meta name=\"robots\" content=\"index, follow, max-snippet:-1, max-image-preview:large, max-video-preview:-1\" \/>\n<link rel=\"canonical\" href=\"https:\/\/gysfm.com.ar\/inicio\/el-agro-liquido-us2-750-millones-en-agosto-y-acumula-una-baja-del-12-en-2026\/\" \/>\n<meta property=\"og:locale\" content=\"es_ES\" \/>\n<meta property=\"og:type\" content=\"article\" \/>\n<meta property=\"og:title\" content=\"El agro liquid\u00f3 u$s2.750 millones en agosto y acumula una baja del 12% en 2026 - GYS NOTICIAS |\" \/>\n<meta property=\"og:description\" content=\"El sector agroexportador liquid\u00f3 u$s2.750 millones durante agosto, un monto 6% inferior al registrado en julio, aunque 33% superior al de igual mes de 2025, seg\u00fan inform\u00f3 este martes la C\u00e1mara de la Industria Aceitera de la Rep\u00fablica Argentina (CIARA) junto con el Centro de Exportadores de Cereales (CEC). Con este resultado, el ingreso acumulado [&hellip;]\" \/>\n<meta property=\"og:url\" content=\"https:\/\/gysfm.com.ar\/inicio\/el-agro-liquido-us2-750-millones-en-agosto-y-acumula-una-baja-del-12-en-2026\/\" \/>\n<meta property=\"og:site_name\" content=\"GYS NOTICIAS |\" \/>\n<meta property=\"article:published_time\" content=\"2026-09-01T17:21:17+00:00\" \/>\n<meta property=\"og:image\" content=\"https:\/\/media.ambito.com\/p\/5e5e9615ed2494734e3ec37f1cd5e03f\/adjuntos\/239\/imagenes\/041\/847\/0041847213\/retenciones-maiz-exportaciones-granos-reservas-dolar.jpg?2024-09-28-18-14-15\" \/>\n<meta name=\"author\" content=\"admin\" \/>\n<meta name=\"twitter:card\" content=\"summary_large_image\" \/>\n<meta name=\"twitter:label1\" content=\"Escrito por\" \/>\n\t<meta name=\"twitter:data1\" content=\"admin\" \/>\n\t<meta name=\"twitter:label2\" content=\"Tiempo de lectura\" \/>\n\t<meta name=\"twitter:data2\" content=\"3 minutos\" \/>\n<script type=\"application\/ld+json\" class=\"yoast-schema-graph\">{\"@context\":\"https:\/\/schema.org\",\"@graph\":[{\"@type\":\"Article\",\"@id\":\"https:\/\/gysfm.com.ar\/inicio\/el-agro-liquido-us2-750-millones-en-agosto-y-acumula-una-baja-del-12-en-2026\/#article\",\"isPartOf\":{\"@id\":\"https:\/\/gysfm.com.ar\/inicio\/el-agro-liquido-us2-750-millones-en-agosto-y-acumula-una-baja-del-12-en-2026\/\"},\"author\":{\"name\":\"admin\",\"@id\":\"https:\/\/gysfm.com.ar\/inicio\/#\/schema\/person\/5bedd7ecd35cc35548d89effafa23696\"},\"headline\":\"El agro liquid\u00f3 u$s2.750 millones en agosto y acumula una baja del 12% en 2026\",\"datePublished\":\"2026-09-01T17:21:17+00:00\",\"mainEntityOfPage\":{\"@id\":\"https:\/\/gysfm.com.ar\/inicio\/el-agro-liquido-us2-750-millones-en-agosto-y-acumula-una-baja-del-12-en-2026\/\"},\"wordCount\":688,\"publisher\":{\"@id\":\"https:\/\/gysfm.com.ar\/inicio\/#organization\"},\"image\":{\"@id\":\"https:\/\/gysfm.com.ar\/inicio\/el-agro-liquido-us2-750-millones-en-agosto-y-acumula-una-baja-del-12-en-2026\/#primaryimage\"},\"thumbnailUrl\":\"https:\/\/gysfm.com.ar\/inicio\/wp-content\/uploads\/2025\/05\/dolar-agro-5-grandejpgjpg.jpg\",\"articleSection\":[\"ECONOMIA\"],\"inLanguage\":\"es\"},{\"@type\":\"WebPage\",\"@id\":\"https:\/\/gysfm.com.ar\/inicio\/el-agro-liquido-us2-750-millones-en-agosto-y-acumula-una-baja-del-12-en-2026\/\",\"url\":\"https:\/\/gysfm.com.ar\/inicio\/el-agro-liquido-us2-750-millones-en-agosto-y-acumula-una-baja-del-12-en-2026\/\",\"name\":\"El agro liquid\u00f3 u$s2.750 millones en agosto y acumula una baja del 12% en 2026 - GYS NOTICIAS |\",\"isPartOf\":{\"@id\":\"https:\/\/gysfm.com.ar\/inicio\/#website\"},\"primaryImageOfPage\":{\"@id\":\"https:\/\/gysfm.com.ar\/inicio\/el-agro-liquido-us2-750-millones-en-agosto-y-acumula-una-baja-del-12-en-2026\/#primaryimage\"},\"image\":{\"@id\":\"https:\/\/gysfm.com.ar\/inicio\/el-agro-liquido-us2-750-millones-en-agosto-y-acumula-una-baja-del-12-en-2026\/#primaryimage\"},\"thumbnailUrl\":\"https:\/\/gysfm.com.ar\/inicio\/wp-content\/uploads\/2025\/05\/dolar-agro-5-grandejpgjpg.jpg\",\"datePublished\":\"2026-09-01T17:21:17+00:00\",\"breadcrumb\":{\"@id\":\"https:\/\/gysfm.com.ar\/inicio\/el-agro-liquido-us2-750-millones-en-agosto-y-acumula-una-baja-del-12-en-2026\/#breadcrumb\"},\"inLanguage\":\"es\",\"potentialAction\":[{\"@type\":\"ReadAction\",\"target\":[\"https:\/\/gysfm.com.ar\/inicio\/el-agro-liquido-us2-750-millones-en-agosto-y-acumula-una-baja-del-12-en-2026\/\"]}]},{\"@type\":\"ImageObject\",\"inLanguage\":\"es\",\"@id\":\"https:\/\/gysfm.com.ar\/inicio\/el-agro-liquido-us2-750-millones-en-agosto-y-acumula-una-baja-del-12-en-2026\/#primaryimage\",\"url\":\"https:\/\/gysfm.com.ar\/inicio\/wp-content\/uploads\/2025\/05\/dolar-agro-5-grandejpgjpg.jpg\",\"contentUrl\":\"https:\/\/gysfm.com.ar\/inicio\/wp-content\/uploads\/2025\/05\/dolar-agro-5-grandejpgjpg.jpg\",\"width\":1200,\"height\":675},{\"@type\":\"BreadcrumbList\",\"@id\":\"https:\/\/gysfm.com.ar\/inicio\/el-agro-liquido-us2-750-millones-en-agosto-y-acumula-una-baja-del-12-en-2026\/#breadcrumb\",\"itemListElement\":[{\"@type\":\"ListItem\",\"position\":1,\"name\":\"Portada\",\"item\":\"https:\/\/gysfm.com.ar\/inicio\/\"},{\"@type\":\"ListItem\",\"position\":2,\"name\":\"El agro liquid\u00f3 u$s2.750 millones en agosto y acumula una baja del 12% en 2026\"}]},{\"@type\":\"WebSite\",\"@id\":\"https:\/\/gysfm.com.ar\/inicio\/#website\",\"url\":\"https:\/\/gysfm.com.ar\/inicio\/\",\"name\":\"GYS NOTICIAS |\",\"description\":\"DIARIO - RADIO ONLINE SAN JUAN ARGENTINA\",\"publisher\":{\"@id\":\"https:\/\/gysfm.com.ar\/inicio\/#organization\"},\"potentialAction\":[{\"@type\":\"SearchAction\",\"target\":{\"@type\":\"EntryPoint\",\"urlTemplate\":\"https:\/\/gysfm.com.ar\/inicio\/?s={search_term_string}\"},\"query-input\":{\"@type\":\"PropertyValueSpecification\",\"valueRequired\":true,\"valueName\":\"search_term_string\"}}],\"inLanguage\":\"es\"},{\"@type\":\"Organization\",\"@id\":\"https:\/\/gysfm.com.ar\/inicio\/#organization\",\"name\":\"GYS NOTICIAS |\",\"url\":\"https:\/\/gysfm.com.ar\/inicio\/\",\"logo\":{\"@type\":\"ImageObject\",\"inLanguage\":\"es\",\"@id\":\"https:\/\/gysfm.com.ar\/inicio\/#\/schema\/logo\/image\/\",\"url\":\"https:\/\/gysfm.com.ar\/inicio\/wp-content\/uploads\/2023\/07\/LOGOGYS-OK.png\",\"contentUrl\":\"https:\/\/gysfm.com.ar\/inicio\/wp-content\/uploads\/2023\/07\/LOGOGYS-OK.png\",\"width\":1170,\"height\":872,\"caption\":\"GYS NOTICIAS |\"},\"image\":{\"@id\":\"https:\/\/gysfm.com.ar\/inicio\/#\/schema\/logo\/image\/\"}},{\"@type\":\"Person\",\"@id\":\"https:\/\/gysfm.com.ar\/inicio\/#\/schema\/person\/5bedd7ecd35cc35548d89effafa23696\",\"name\":\"admin\",\"image\":{\"@type\":\"ImageObject\",\"inLanguage\":\"es\",\"@id\":\"https:\/\/gysfm.com.ar\/inicio\/#\/schema\/person\/image\/\",\"url\":\"https:\/\/secure.gravatar.com\/avatar\/c331d312b5243fb64d5ba28108a447b27c925295129a363082c9ea52c28d32c2?s=96&d=mm&r=g\",\"contentUrl\":\"https:\/\/secure.gravatar.com\/avatar\/c331d312b5243fb64d5ba28108a447b27c925295129a363082c9ea52c28d32c2?s=96&d=mm&r=g\",\"caption\":\"admin\"},\"sameAs\":[\"https:\/\/gysfm.com.ar\/inicio\"],\"url\":\"https:\/\/gysfm.com.ar\/inicio\/author\/admin\/\"}]}<\/script>\n<!-- \/ Yoast SEO plugin. -->","yoast_head_json":{"title":"El agro liquid\u00f3 u$s2.750 millones en agosto y acumula una baja del 12% en 2026 - GYS NOTICIAS |","robots":{"index":"index","follow":"follow","max-snippet":"max-snippet:-1","max-image-preview":"max-image-preview:large","max-video-preview":"max-video-preview:-1"},"canonical":"https:\/\/gysfm.com.ar\/inicio\/el-agro-liquido-us2-750-millones-en-agosto-y-acumula-una-baja-del-12-en-2026\/","og_locale":"es_ES","og_type":"article","og_title":"El agro liquid\u00f3 u$s2.750 millones en agosto y acumula una baja del 12% en 2026 - GYS NOTICIAS |","og_description":"El sector agroexportador liquid\u00f3 u$s2.750 millones durante agosto, un monto 6% inferior al registrado en julio, aunque 33% superior al de igual mes de 2025, seg\u00fan inform\u00f3 este martes la C\u00e1mara de la Industria Aceitera de la Rep\u00fablica Argentina (CIARA) junto con el Centro de Exportadores de Cereales (CEC). Con este resultado, el ingreso acumulado [&hellip;]","og_url":"https:\/\/gysfm.com.ar\/inicio\/el-agro-liquido-us2-750-millones-en-agosto-y-acumula-una-baja-del-12-en-2026\/","og_site_name":"GYS NOTICIAS |","article_published_time":"2026-09-01T17:21:17+00:00","og_image":[{"url":"https:\/\/media.ambito.com\/p\/5e5e9615ed2494734e3ec37f1cd5e03f\/adjuntos\/239\/imagenes\/041\/847\/0041847213\/retenciones-maiz-exportaciones-granos-reservas-dolar.jpg?2024-09-28-18-14-15","type":"","width":"","height":""}],"author":"admin","twitter_card":"summary_large_image","twitter_misc":{"Escrito por":"admin","Tiempo de lectura":"3 minutos"},"schema":{"@context":"https:\/\/schema.org","@graph":[{"@type":"Article","@id":"https:\/\/gysfm.com.ar\/inicio\/el-agro-liquido-us2-750-millones-en-agosto-y-acumula-una-baja-del-12-en-2026\/#article","isPartOf":{"@id":"https:\/\/gysfm.com.ar\/inicio\/el-agro-liquido-us2-750-millones-en-agosto-y-acumula-una-baja-del-12-en-2026\/"},"author":{"name":"admin","@id":"https:\/\/gysfm.com.ar\/inicio\/#\/schema\/person\/5bedd7ecd35cc35548d89effafa23696"},"headline":"El agro liquid\u00f3 u$s2.750 millones en agosto y acumula una baja del 12% en 2026","datePublished":"2026-09-01T17:21:17+00:00","mainEntityOfPage":{"@id":"https:\/\/gysfm.com.ar\/inicio\/el-agro-liquido-us2-750-millones-en-agosto-y-acumula-una-baja-del-12-en-2026\/"},"wordCount":688,"publisher":{"@id":"https:\/\/gysfm.com.ar\/inicio\/#organization"},"image":{"@id":"https:\/\/gysfm.com.ar\/inicio\/el-agro-liquido-us2-750-millones-en-agosto-y-acumula-una-baja-del-12-en-2026\/#primaryimage"},"thumbnailUrl":"https:\/\/gysfm.com.ar\/inicio\/wp-content\/uploads\/2025\/05\/dolar-agro-5-grandejpgjpg.jpg","articleSection":["ECONOMIA"],"inLanguage":"es"},{"@type":"WebPage","@id":"https:\/\/gysfm.com.ar\/inicio\/el-agro-liquido-us2-750-millones-en-agosto-y-acumula-una-baja-del-12-en-2026\/","url":"https:\/\/gysfm.com.ar\/inicio\/el-agro-liquido-us2-750-millones-en-agosto-y-acumula-una-baja-del-12-en-2026\/","name":"El agro liquid\u00f3 u$s2.750 millones en agosto y acumula una baja del 12% en 2026 - GYS NOTICIAS |","isPartOf":{"@id":"https:\/\/gysfm.com.ar\/inicio\/#website"},"primaryImageOfPage":{"@id":"https:\/\/gysfm.com.ar\/inicio\/el-agro-liquido-us2-750-millones-en-agosto-y-acumula-una-baja-del-12-en-2026\/#primaryimage"},"image":{"@id":"https:\/\/gysfm.com.ar\/inicio\/el-agro-liquido-us2-750-millones-en-agosto-y-acumula-una-baja-del-12-en-2026\/#primaryimage"},"thumbnailUrl":"https:\/\/gysfm.com.ar\/inicio\/wp-content\/uploads\/2025\/05\/dolar-agro-5-grandejpgjpg.jpg","datePublished":"2026-09-01T17:21:17+00:00","breadcrumb":{"@id":"https:\/\/gysfm.com.ar\/inicio\/el-agro-liquido-us2-750-millones-en-agosto-y-acumula-una-baja-del-12-en-2026\/#breadcrumb"},"inLanguage":"es","potentialAction":[{"@type":"ReadAction","target":["https:\/\/gysfm.com.ar\/inicio\/el-agro-liquido-us2-750-millones-en-agosto-y-acumula-una-baja-del-12-en-2026\/"]}]},{"@type":"ImageObject","inLanguage":"es","@id":"https:\/\/gysfm.com.ar\/inicio\/el-agro-liquido-us2-750-millones-en-agosto-y-acumula-una-baja-del-12-en-2026\/#primaryimage","url":"https:\/\/gysfm.com.ar\/inicio\/wp-content\/uploads\/2025\/05\/dolar-agro-5-grandejpgjpg.jpg","contentUrl":"https:\/\/gysfm.com.ar\/inicio\/wp-content\/uploads\/2025\/05\/dolar-agro-5-grandejpgjpg.jpg","width":1200,"height":675},{"@type":"BreadcrumbList","@id":"https:\/\/gysfm.com.ar\/inicio\/el-agro-liquido-us2-750-millones-en-agosto-y-acumula-una-baja-del-12-en-2026\/#breadcrumb","itemListElement":[{"@type":"ListItem","position":1,"name":"Portada","item":"https:\/\/gysfm.com.ar\/inicio\/"},{"@type":"ListItem","position":2,"name":"El agro liquid\u00f3 u$s2.750 millones en agosto y acumula una baja del 12% en 2026"}]},{"@type":"WebSite","@id":"https:\/\/gysfm.com.ar\/inicio\/#website","url":"https:\/\/gysfm.com.ar\/inicio\/","name":"GYS NOTICIAS |","description":"DIARIO - RADIO ONLINE SAN JUAN ARGENTINA","publisher":{"@id":"https:\/\/gysfm.com.ar\/inicio\/#organization"},"potentialAction":[{"@type":"SearchAction","target":{"@type":"EntryPoint","urlTemplate":"https:\/\/gysfm.com.ar\/inicio\/?s={search_term_string}"},"query-input":{"@type":"PropertyValueSpecification","valueRequired":true,"valueName":"search_term_string"}}],"inLanguage":"es"},{"@type":"Organization","@id":"https:\/\/gysfm.com.ar\/inicio\/#organization","name":"GYS NOTICIAS |","url":"https:\/\/gysfm.com.ar\/inicio\/","logo":{"@type":"ImageObject","inLanguage":"es","@id":"https:\/\/gysfm.com.ar\/inicio\/#\/schema\/logo\/image\/","url":"https:\/\/gysfm.com.ar\/inicio\/wp-content\/uploads\/2023\/07\/LOGOGYS-OK.png","contentUrl":"https:\/\/gysfm.com.ar\/inicio\/wp-content\/uploads\/2023\/07\/LOGOGYS-OK.png","width":1170,"height":872,"caption":"GYS NOTICIAS |"},"image":{"@id":"https:\/\/gysfm.com.ar\/inicio\/#\/schema\/logo\/image\/"}},{"@type":"Person","@id":"https:\/\/gysfm.com.ar\/inicio\/#\/schema\/person\/5bedd7ecd35cc35548d89effafa23696","name":"admin","image":{"@type":"ImageObject","inLanguage":"es","@id":"https:\/\/gysfm.com.ar\/inicio\/#\/schema\/person\/image\/","url":"https:\/\/secure.gravatar.com\/avatar\/c331d312b5243fb64d5ba28108a447b27c925295129a363082c9ea52c28d32c2?s=96&d=mm&r=g","contentUrl":"https:\/\/secure.gravatar.com\/avatar\/c331d312b5243fb64d5ba28108a447b27c925295129a363082c9ea52c28d32c2?s=96&d=mm&r=g","caption":"admin"},"sameAs":["https:\/\/gysfm.com.ar\/inicio"],"url":"https:\/\/gysfm.com.ar\/inicio\/author\/admin\/"}]}},"_links":{"self":[{"href":"https:\/\/gysfm.com.ar\/inicio\/wp-json\/wp\/v2\/posts\/210062","targetHints":{"allow":["GET"]}}],"collection":[{"href":"https:\/\/gysfm.com.ar\/inicio\/wp-json\/wp\/v2\/posts"}],"about":[{"href":"https:\/\/gysfm.com.ar\/inicio\/wp-json\/wp\/v2\/types\/post"}],"author":[{"embeddable":true,"href":"https:\/\/gysfm.com.ar\/inicio\/wp-json\/wp\/v2\/users\/1"}],"replies":[{"embeddable":true,"href":"https:\/\/gysfm.com.ar\/inicio\/wp-json\/wp\/v2\/comments?post=210062"}],"version-history":[{"count":0,"href":"https:\/\/gysfm.com.ar\/inicio\/wp-json\/wp\/v2\/posts\/210062\/revisions"}],"wp:featuredmedia":[{"embeddable":true,"href":"https:\/\/gysfm.com.ar\/inicio\/wp-json\/wp\/v2\/media\/119630"}],"wp:attachment":[{"href":"https:\/\/gysfm.com.ar\/inicio\/wp-json\/wp\/v2\/media?parent=210062"}],"wp:term":[{"taxonomy":"category","embeddable":true,"href":"https:\/\/gysfm.com.ar\/inicio\/wp-json\/wp\/v2\/categories?post=210062"},{"taxonomy":"post_tag","embeddable":true,"href":"https:\/\/gysfm.com.ar\/inicio\/wp-json\/wp\/v2\/tags?post=210062"}],"curies":[{"name":"wp","href":"https:\/\/api.w.org\/{rel}","templated":true}]}}