{"id":210043,"date":"2026-09-01T11:15:19","date_gmt":"2026-09-01T14:15:19","guid":{"rendered":"https:\/\/gysfm.com.ar\/inicio\/el-gobierno-freno-por-un-mes-la-suba-de-impuestos\/"},"modified":"2026-09-01T11:15:19","modified_gmt":"2026-09-01T14:15:19","slug":"el-gobierno-freno-por-un-mes-la-suba-de-impuestos","status":"publish","type":"post","link":"https:\/\/gysfm.com.ar\/inicio\/el-gobierno-freno-por-un-mes-la-suba-de-impuestos\/","title":{"rendered":"el Gobierno fren\u00f3 por un mes la suba de impuestos"},"content":{"rendered":"<p> <br \/>\n<\/p>\n<div id=\"\">\n<p id=\"p-1788264341905-64218\" class=\"\">El Gobierno <strong>posterg\u00f3 hasta el 1\u00b0 de octubre la actualizaci\u00f3n de los impuestos a los combustibles<\/strong>, una medida que impacta directamente sobre los valores de la <strong>nafta y el gasoil.<\/strong> La decisi\u00f3n fue oficializada mediante el decreto 829, publicado este lunes en el Bolet\u00edn Oficial, y busca contener el impacto sobre la inflaci\u00f3n.<\/p>\n<\/div>\n<div id=\"\">\n<p id=\"p-1788264341905-90206\" class=\"\">La administraci\u00f3n de <strong>Javier Milei<\/strong> resolvi\u00f3 diferir de manera total la actualizaci\u00f3n impositiva que deb\u00eda comenzar a aplicarse desde este martes. Se trata de una estrategia que el Ejecutivo ya hab\u00eda utilizado en abril y junio, aunque en otras oportunidades hab\u00eda optado por aplicar solamente una parte de los incrementos pendientes.<\/p>\n<\/div>\n<div id=\"\">\n<p id=\"p-1788264341905-58955\" class=\"\"> El decreto establece que todas las actualizaciones quedar\u00e1n aplazadas durante un mes. El objetivo oficial es <strong>evitar una presi\u00f3n adicional sobre los precios<\/strong> y reducir el impacto que un incremento de los combustibles podr\u00eda generar sobre el resto de la econom\u00eda.<\/p>\n<\/div>\n<div id=\"\">\n<p id=\"p-1788264982380-56261\" class=\"\">La norma fue firmada por el Presidente, el jefe de Gabinete, <strong>Diego Santilli<\/strong>, y el ministro de Econom\u00eda, <strong>Luis Caputo<\/strong>. En sus fundamentos, el Gobierno sostuvo que la medida busca \u201c<strong>continuar estimulando el crecimiento de la econom\u00eda a trav\u00e9s de un sendero fiscal sostenible<\/strong>\u201d.<\/p>\n<\/div>\n<div id=\"\">\n<div contenteditable=\"false\" class=\"embed_cont type_imagen\" id=\"7673620-Libre-1485995783_wrap\">\n<div id=\"7673620-Libre-1485995783_content\" class=\"embed_content\"><img src=\"https:\/\/media.ambito.com\/p\/95b38c121293197ff3233bc11b40e8cc\/adjuntos\/239\/imagenes\/039\/984\/0039984921\/gasoil.jpg?2022-07-06-15-54-41\" decoding=\"async\" fetchpriority=\"low\" loading=\"lazy\" alt=\"Los combustibles acumulan una suba promedio del 25% durante 2026.\" title=\"Los combustibles acumulan una suba promedio del 25% durante 2026.\" width=\"686\" height=\"460\" id=\"7673620-Libre-1485995783_embed\"\/><\/div>\n<div class=\"embed_wrapper-cont\" id=\"p-1788264982380-61268\">\n<div id=\"7673620-Libre-1485995783_epigrafe\" class=\"embed_epigrafe\">\n<p id=\"p-1788265107020-61900\">Los combustibles acumulan una suba promedio del 25% durante 2026.<\/p>\n<\/div>\n<p>NA<\/p>\n<\/div><\/div>\n<p id=\"p-1788264341905-86121\" class=\"\">El impuesto a los combustibles l\u00edquidos acumula varias actualizaciones que todav\u00eda no fueron trasladadas. Las subas pendientes corresponden a per\u00edodos de <strong>2024, 2025 y dos trimestres de 2026<\/strong>, y est\u00e1n vinculadas con la evoluci\u00f3n trimestral de la inflaci\u00f3n. En particular, desde este martes deb\u00eda comenzar a regir el incremento correspondiente al per\u00edodo abril-junio de 2026.<\/p>\n<\/div>\n<div id=\"\">\n<h2 id=\"p-1788264341905-14569\">El tratamiento especial para el gasoil en el sur<\/h2>\n<p id=\"p-1788264341905-36764\" class=\"\">El decreto tambi\u00e9n contempla un <strong>esquema particular para el gasoil<\/strong> destinado a una zona espec\u00edfica del pa\u00eds. La medida alcanza al \u00e1rea de influencia integrada por las provincias de Neuqu\u00e9n, La Pampa, R\u00edo Negro, Chubut, Santa Cruz y Tierra del Fuego.<\/p>\n<p id=\"p-1788264341905-59814\" class=\"\">Tambi\u00e9n quedan comprendidos el <strong>partido bonaerense de Patagones y el departamento mendocino de Malarg\u00fce<\/strong>. De esta manera, la norma establece un tratamiento diferenciado para los combustibles destinados a esa regi\u00f3n.<\/p>\n<h2 id=\"p-1788264341905-88680\">Qu\u00e9 puede pasar con el precio de la nafta y el gasoil<\/h2>\n<p id=\"p-1788264341905-78218\" class=\"\">La postergaci\u00f3n de los impuestos apunta a <strong>moderar el impacto inmediato sobre los precios en los surtidores<\/strong> y, al mismo tiempo, limitar el efecto que un aumento de los combustibles podr\u00eda tener sobre otras actividades y, finalmente, sobre el \u00cdndice de Precios al Consumidor (IPC).<\/p>\n<p id=\"p-1788265034787-25072\" class=\"\">Durante 2026, los combustibles registraron una <strong>suba promedio del 25%<\/strong>. El aumento m\u00e1s significativo se produjo en marzo, cuando el precio internacional del petr\u00f3leo lleg\u00f3 a superar los US$120 por barril en medio de la guerra entre Estados Unidos e Ir\u00e1n.<\/p>\n<div contenteditable=\"false\" class=\"embed_cont type_imagen\" id=\"7899190-Libre-495163026_wrap\">\n<div id=\"7899190-Libre-495163026_content\" class=\"embed_content\"><img src=\"https:\/\/media.ambito.com\/p\/1f9a14707ead241c6892191245dd5d95\/adjuntos\/239\/imagenes\/041\/305\/0041305239\/nafta-inflacion-aumento-combustible.jpg?2024-02-05-17-09-15\" decoding=\"async\" fetchpriority=\"low\" loading=\"lazy\" alt=\"Las petroleras todav\u00eda buscan recomponer los m\u00e1rgenes afectados por los valores internacionales del crudo registrados entre abril y julio.\" title=\"Las petroleras todav\u00eda buscan recomponer los m\u00e1rgenes afectados por los valores internacionales del crudo registrados entre abril y julio.\" width=\"690\" height=\"460\" id=\"7899190-Libre-495163026_embed\"\/><\/div>\n<div class=\"embed_wrapper-cont\" id=\"p-1788265034787-35107\">\n<div id=\"7899190-Libre-495163026_epigrafe\" class=\"embed_epigrafe\">\n<p id=\"p-1788265165401-98360\">Las petroleras todav\u00eda buscan recomponer los m\u00e1rgenes afectados por los valores internacionales del crudo registrados entre abril y julio.<\/p>\n<\/div><\/div><\/div>\n<p id=\"p-1788264341905-53214\" class=\"\">En abril, <strong>YPF<\/strong> adopt\u00f3 una estrategia que luego fue seguida por las dem\u00e1s petroleras: decidi\u00f3 no trasladar al mercado interno todas las variaciones registradas por el crudo en el exterior.<\/p>\n<p id=\"p-1788264341905-26350\" class=\"\">En las \u00faltimas semanas, el petr\u00f3leo internacional volvi\u00f3 a bajar, aunque todav\u00eda se mantiene lejos de los <strong>US$70 por barril<\/strong> que hab\u00eda alcanzado en febrero. Las compa\u00f1\u00edas locales contin\u00faan intentando recomponer los m\u00e1rgenes que resignaron al absorber valores m\u00e1s elevados entre abril y julio.<\/p>\n<p id=\"p-1788264341905-54988\" class=\"\">Por ese motivo, pese al nuevo escenario internacional, <strong>no se esperan modificaciones importantes en los precios durante las pr\u00f3ximas semanas<\/strong>. La nafta s\u00faper, por ejemplo, contin\u00faa por encima de los $2000 por litro en la Ciudad de Buenos Aires.<\/p>\n<p id=\"p-1788264341905-18990\">La decisi\u00f3n del Gobierno permite as\u00ed mantener, al menos por un mes, sin aplicaci\u00f3n las actualizaciones impositivas pendientes, mientras las petroleras contin\u00faan ajustando sus costos y m\u00e1rgenes frente a la evoluci\u00f3n del precio internacional del crudo.<\/p>\n<\/div>\n<p><script>\n!function(f,b,e,v,n,t,s)\n{if(f.fbq)return;n=f.fbq=function(){n.callMethod?\nn.callMethod.apply(n,arguments):n.queue.push(arguments)};\nif(!f._fbq)f._fbq=n;n.push=n;n.loaded=!0;n.version='2.0';\nn.queue=[];t=b.createElement(e);t.async=!0;\nt.src=v;s=b.getElementsByTagName(e)[0];\ns.parentNode.insertBefore(t,s)}(window,document,'script',\n'https:\/\/connect.facebook.net\/en_US\/fbevents.js');\nfbq('init', '2047048335588113');\nfbq('track', 'PageView');\n<\/script><br \/>\n<br \/><\/p>\n","protected":false},"excerpt":{"rendered":"<p>El Gobierno posterg\u00f3 hasta el 1\u00b0 de octubre la actualizaci\u00f3n de los impuestos a los combustibles, una medida que impacta directamente sobre los valores de la nafta y el gasoil. La decisi\u00f3n fue oficializada mediante el decreto 829, publicado este lunes en el Bolet\u00edn Oficial, y busca contener el impacto sobre la inflaci\u00f3n. La administraci\u00f3n [&hellip;]<\/p>\n","protected":false},"author":1,"featured_media":210044,"comment_status":"closed","ping_status":"closed","sticky":false,"template":"","format":"standard","meta":{"footnotes":""},"categories":[28],"tags":[],"class_list":["post-210043","post","type-post","status-publish","format-standard","has-post-thumbnail","hentry","category-economia"],"yoast_head":"<!-- This site is optimized with the Yoast SEO plugin v24.4 - https:\/\/yoast.com\/wordpress\/plugins\/seo\/ -->\n<title>el Gobierno fren\u00f3 por un mes la suba de impuestos - GYS NOTICIAS |<\/title>\n<meta name=\"robots\" content=\"index, follow, max-snippet:-1, max-image-preview:large, max-video-preview:-1\" \/>\n<link rel=\"canonical\" href=\"https:\/\/gysfm.com.ar\/inicio\/el-gobierno-freno-por-un-mes-la-suba-de-impuestos\/\" \/>\n<meta property=\"og:locale\" content=\"es_ES\" \/>\n<meta property=\"og:type\" content=\"article\" \/>\n<meta property=\"og:title\" content=\"el Gobierno fren\u00f3 por un mes la suba de impuestos - GYS NOTICIAS |\" \/>\n<meta property=\"og:description\" content=\"El Gobierno posterg\u00f3 hasta el 1\u00b0 de octubre la actualizaci\u00f3n de los impuestos a los combustibles, una medida que impacta directamente sobre los valores de la nafta y el gasoil. La decisi\u00f3n fue oficializada mediante el decreto 829, publicado este lunes en el Bolet\u00edn Oficial, y busca contener el impacto sobre la inflaci\u00f3n. La administraci\u00f3n [&hellip;]\" \/>\n<meta property=\"og:url\" content=\"https:\/\/gysfm.com.ar\/inicio\/el-gobierno-freno-por-un-mes-la-suba-de-impuestos\/\" \/>\n<meta property=\"og:site_name\" content=\"GYS NOTICIAS |\" \/>\n<meta property=\"article:published_time\" content=\"2026-09-01T14:15:19+00:00\" \/>\n<meta property=\"og:image\" content=\"https:\/\/media.ambito.com\/p\/95b38c121293197ff3233bc11b40e8cc\/adjuntos\/239\/imagenes\/039\/984\/0039984921\/gasoil.jpg?2022-07-06-15-54-41\" \/>\n<meta name=\"author\" content=\"admin\" \/>\n<meta name=\"twitter:card\" content=\"summary_large_image\" \/>\n<meta name=\"twitter:label1\" content=\"Escrito por\" \/>\n\t<meta name=\"twitter:data1\" content=\"admin\" \/>\n\t<meta name=\"twitter:label2\" content=\"Tiempo de lectura\" \/>\n\t<meta name=\"twitter:data2\" content=\"3 minutos\" \/>\n<script type=\"application\/ld+json\" class=\"yoast-schema-graph\">{\"@context\":\"https:\/\/schema.org\",\"@graph\":[{\"@type\":\"Article\",\"@id\":\"https:\/\/gysfm.com.ar\/inicio\/el-gobierno-freno-por-un-mes-la-suba-de-impuestos\/#article\",\"isPartOf\":{\"@id\":\"https:\/\/gysfm.com.ar\/inicio\/el-gobierno-freno-por-un-mes-la-suba-de-impuestos\/\"},\"author\":{\"name\":\"admin\",\"@id\":\"https:\/\/gysfm.com.ar\/inicio\/#\/schema\/person\/5bedd7ecd35cc35548d89effafa23696\"},\"headline\":\"el Gobierno fren\u00f3 por un mes la suba de impuestos\",\"datePublished\":\"2026-09-01T14:15:19+00:00\",\"mainEntityOfPage\":{\"@id\":\"https:\/\/gysfm.com.ar\/inicio\/el-gobierno-freno-por-un-mes-la-suba-de-impuestos\/\"},\"wordCount\":657,\"publisher\":{\"@id\":\"https:\/\/gysfm.com.ar\/inicio\/#organization\"},\"image\":{\"@id\":\"https:\/\/gysfm.com.ar\/inicio\/el-gobierno-freno-por-un-mes-la-suba-de-impuestos\/#primaryimage\"},\"thumbnailUrl\":\"https:\/\/gysfm.com.ar\/inicio\/wp-content\/uploads\/2026\/09\/combustibles-naftas-petroleo.jpg\",\"articleSection\":[\"ECONOMIA\"],\"inLanguage\":\"es\"},{\"@type\":\"WebPage\",\"@id\":\"https:\/\/gysfm.com.ar\/inicio\/el-gobierno-freno-por-un-mes-la-suba-de-impuestos\/\",\"url\":\"https:\/\/gysfm.com.ar\/inicio\/el-gobierno-freno-por-un-mes-la-suba-de-impuestos\/\",\"name\":\"el Gobierno fren\u00f3 por un mes la suba de impuestos - GYS NOTICIAS |\",\"isPartOf\":{\"@id\":\"https:\/\/gysfm.com.ar\/inicio\/#website\"},\"primaryImageOfPage\":{\"@id\":\"https:\/\/gysfm.com.ar\/inicio\/el-gobierno-freno-por-un-mes-la-suba-de-impuestos\/#primaryimage\"},\"image\":{\"@id\":\"https:\/\/gysfm.com.ar\/inicio\/el-gobierno-freno-por-un-mes-la-suba-de-impuestos\/#primaryimage\"},\"thumbnailUrl\":\"https:\/\/gysfm.com.ar\/inicio\/wp-content\/uploads\/2026\/09\/combustibles-naftas-petroleo.jpg\",\"datePublished\":\"2026-09-01T14:15:19+00:00\",\"breadcrumb\":{\"@id\":\"https:\/\/gysfm.com.ar\/inicio\/el-gobierno-freno-por-un-mes-la-suba-de-impuestos\/#breadcrumb\"},\"inLanguage\":\"es\",\"potentialAction\":[{\"@type\":\"ReadAction\",\"target\":[\"https:\/\/gysfm.com.ar\/inicio\/el-gobierno-freno-por-un-mes-la-suba-de-impuestos\/\"]}]},{\"@type\":\"ImageObject\",\"inLanguage\":\"es\",\"@id\":\"https:\/\/gysfm.com.ar\/inicio\/el-gobierno-freno-por-un-mes-la-suba-de-impuestos\/#primaryimage\",\"url\":\"https:\/\/gysfm.com.ar\/inicio\/wp-content\/uploads\/2026\/09\/combustibles-naftas-petroleo.jpg\",\"contentUrl\":\"https:\/\/gysfm.com.ar\/inicio\/wp-content\/uploads\/2026\/09\/combustibles-naftas-petroleo.jpg\",\"width\":1200,\"height\":675},{\"@type\":\"BreadcrumbList\",\"@id\":\"https:\/\/gysfm.com.ar\/inicio\/el-gobierno-freno-por-un-mes-la-suba-de-impuestos\/#breadcrumb\",\"itemListElement\":[{\"@type\":\"ListItem\",\"position\":1,\"name\":\"Portada\",\"item\":\"https:\/\/gysfm.com.ar\/inicio\/\"},{\"@type\":\"ListItem\",\"position\":2,\"name\":\"el Gobierno fren\u00f3 por un mes la suba de impuestos\"}]},{\"@type\":\"WebSite\",\"@id\":\"https:\/\/gysfm.com.ar\/inicio\/#website\",\"url\":\"https:\/\/gysfm.com.ar\/inicio\/\",\"name\":\"GYS NOTICIAS |\",\"description\":\"DIARIO - RADIO ONLINE SAN JUAN ARGENTINA\",\"publisher\":{\"@id\":\"https:\/\/gysfm.com.ar\/inicio\/#organization\"},\"potentialAction\":[{\"@type\":\"SearchAction\",\"target\":{\"@type\":\"EntryPoint\",\"urlTemplate\":\"https:\/\/gysfm.com.ar\/inicio\/?s={search_term_string}\"},\"query-input\":{\"@type\":\"PropertyValueSpecification\",\"valueRequired\":true,\"valueName\":\"search_term_string\"}}],\"inLanguage\":\"es\"},{\"@type\":\"Organization\",\"@id\":\"https:\/\/gysfm.com.ar\/inicio\/#organization\",\"name\":\"GYS NOTICIAS |\",\"url\":\"https:\/\/gysfm.com.ar\/inicio\/\",\"logo\":{\"@type\":\"ImageObject\",\"inLanguage\":\"es\",\"@id\":\"https:\/\/gysfm.com.ar\/inicio\/#\/schema\/logo\/image\/\",\"url\":\"https:\/\/gysfm.com.ar\/inicio\/wp-content\/uploads\/2023\/07\/LOGOGYS-OK.png\",\"contentUrl\":\"https:\/\/gysfm.com.ar\/inicio\/wp-content\/uploads\/2023\/07\/LOGOGYS-OK.png\",\"width\":1170,\"height\":872,\"caption\":\"GYS NOTICIAS |\"},\"image\":{\"@id\":\"https:\/\/gysfm.com.ar\/inicio\/#\/schema\/logo\/image\/\"}},{\"@type\":\"Person\",\"@id\":\"https:\/\/gysfm.com.ar\/inicio\/#\/schema\/person\/5bedd7ecd35cc35548d89effafa23696\",\"name\":\"admin\",\"image\":{\"@type\":\"ImageObject\",\"inLanguage\":\"es\",\"@id\":\"https:\/\/gysfm.com.ar\/inicio\/#\/schema\/person\/image\/\",\"url\":\"https:\/\/secure.gravatar.com\/avatar\/c331d312b5243fb64d5ba28108a447b27c925295129a363082c9ea52c28d32c2?s=96&d=mm&r=g\",\"contentUrl\":\"https:\/\/secure.gravatar.com\/avatar\/c331d312b5243fb64d5ba28108a447b27c925295129a363082c9ea52c28d32c2?s=96&d=mm&r=g\",\"caption\":\"admin\"},\"sameAs\":[\"https:\/\/gysfm.com.ar\/inicio\"],\"url\":\"https:\/\/gysfm.com.ar\/inicio\/author\/admin\/\"}]}<\/script>\n<!-- \/ Yoast SEO plugin. -->","yoast_head_json":{"title":"el Gobierno fren\u00f3 por un mes la suba de impuestos - GYS NOTICIAS |","robots":{"index":"index","follow":"follow","max-snippet":"max-snippet:-1","max-image-preview":"max-image-preview:large","max-video-preview":"max-video-preview:-1"},"canonical":"https:\/\/gysfm.com.ar\/inicio\/el-gobierno-freno-por-un-mes-la-suba-de-impuestos\/","og_locale":"es_ES","og_type":"article","og_title":"el Gobierno fren\u00f3 por un mes la suba de impuestos - GYS NOTICIAS |","og_description":"El Gobierno posterg\u00f3 hasta el 1\u00b0 de octubre la actualizaci\u00f3n de los impuestos a los combustibles, una medida que impacta directamente sobre los valores de la nafta y el gasoil. La decisi\u00f3n fue oficializada mediante el decreto 829, publicado este lunes en el Bolet\u00edn Oficial, y busca contener el impacto sobre la inflaci\u00f3n. La administraci\u00f3n [&hellip;]","og_url":"https:\/\/gysfm.com.ar\/inicio\/el-gobierno-freno-por-un-mes-la-suba-de-impuestos\/","og_site_name":"GYS NOTICIAS |","article_published_time":"2026-09-01T14:15:19+00:00","og_image":[{"url":"https:\/\/media.ambito.com\/p\/95b38c121293197ff3233bc11b40e8cc\/adjuntos\/239\/imagenes\/039\/984\/0039984921\/gasoil.jpg?2022-07-06-15-54-41","type":"","width":"","height":""}],"author":"admin","twitter_card":"summary_large_image","twitter_misc":{"Escrito por":"admin","Tiempo de lectura":"3 minutos"},"schema":{"@context":"https:\/\/schema.org","@graph":[{"@type":"Article","@id":"https:\/\/gysfm.com.ar\/inicio\/el-gobierno-freno-por-un-mes-la-suba-de-impuestos\/#article","isPartOf":{"@id":"https:\/\/gysfm.com.ar\/inicio\/el-gobierno-freno-por-un-mes-la-suba-de-impuestos\/"},"author":{"name":"admin","@id":"https:\/\/gysfm.com.ar\/inicio\/#\/schema\/person\/5bedd7ecd35cc35548d89effafa23696"},"headline":"el Gobierno fren\u00f3 por un mes la suba de impuestos","datePublished":"2026-09-01T14:15:19+00:00","mainEntityOfPage":{"@id":"https:\/\/gysfm.com.ar\/inicio\/el-gobierno-freno-por-un-mes-la-suba-de-impuestos\/"},"wordCount":657,"publisher":{"@id":"https:\/\/gysfm.com.ar\/inicio\/#organization"},"image":{"@id":"https:\/\/gysfm.com.ar\/inicio\/el-gobierno-freno-por-un-mes-la-suba-de-impuestos\/#primaryimage"},"thumbnailUrl":"https:\/\/gysfm.com.ar\/inicio\/wp-content\/uploads\/2026\/09\/combustibles-naftas-petroleo.jpg","articleSection":["ECONOMIA"],"inLanguage":"es"},{"@type":"WebPage","@id":"https:\/\/gysfm.com.ar\/inicio\/el-gobierno-freno-por-un-mes-la-suba-de-impuestos\/","url":"https:\/\/gysfm.com.ar\/inicio\/el-gobierno-freno-por-un-mes-la-suba-de-impuestos\/","name":"el Gobierno fren\u00f3 por un mes la suba de impuestos - GYS NOTICIAS |","isPartOf":{"@id":"https:\/\/gysfm.com.ar\/inicio\/#website"},"primaryImageOfPage":{"@id":"https:\/\/gysfm.com.ar\/inicio\/el-gobierno-freno-por-un-mes-la-suba-de-impuestos\/#primaryimage"},"image":{"@id":"https:\/\/gysfm.com.ar\/inicio\/el-gobierno-freno-por-un-mes-la-suba-de-impuestos\/#primaryimage"},"thumbnailUrl":"https:\/\/gysfm.com.ar\/inicio\/wp-content\/uploads\/2026\/09\/combustibles-naftas-petroleo.jpg","datePublished":"2026-09-01T14:15:19+00:00","breadcrumb":{"@id":"https:\/\/gysfm.com.ar\/inicio\/el-gobierno-freno-por-un-mes-la-suba-de-impuestos\/#breadcrumb"},"inLanguage":"es","potentialAction":[{"@type":"ReadAction","target":["https:\/\/gysfm.com.ar\/inicio\/el-gobierno-freno-por-un-mes-la-suba-de-impuestos\/"]}]},{"@type":"ImageObject","inLanguage":"es","@id":"https:\/\/gysfm.com.ar\/inicio\/el-gobierno-freno-por-un-mes-la-suba-de-impuestos\/#primaryimage","url":"https:\/\/gysfm.com.ar\/inicio\/wp-content\/uploads\/2026\/09\/combustibles-naftas-petroleo.jpg","contentUrl":"https:\/\/gysfm.com.ar\/inicio\/wp-content\/uploads\/2026\/09\/combustibles-naftas-petroleo.jpg","width":1200,"height":675},{"@type":"BreadcrumbList","@id":"https:\/\/gysfm.com.ar\/inicio\/el-gobierno-freno-por-un-mes-la-suba-de-impuestos\/#breadcrumb","itemListElement":[{"@type":"ListItem","position":1,"name":"Portada","item":"https:\/\/gysfm.com.ar\/inicio\/"},{"@type":"ListItem","position":2,"name":"el Gobierno fren\u00f3 por un mes la suba de impuestos"}]},{"@type":"WebSite","@id":"https:\/\/gysfm.com.ar\/inicio\/#website","url":"https:\/\/gysfm.com.ar\/inicio\/","name":"GYS NOTICIAS |","description":"DIARIO - RADIO ONLINE SAN JUAN ARGENTINA","publisher":{"@id":"https:\/\/gysfm.com.ar\/inicio\/#organization"},"potentialAction":[{"@type":"SearchAction","target":{"@type":"EntryPoint","urlTemplate":"https:\/\/gysfm.com.ar\/inicio\/?s={search_term_string}"},"query-input":{"@type":"PropertyValueSpecification","valueRequired":true,"valueName":"search_term_string"}}],"inLanguage":"es"},{"@type":"Organization","@id":"https:\/\/gysfm.com.ar\/inicio\/#organization","name":"GYS NOTICIAS |","url":"https:\/\/gysfm.com.ar\/inicio\/","logo":{"@type":"ImageObject","inLanguage":"es","@id":"https:\/\/gysfm.com.ar\/inicio\/#\/schema\/logo\/image\/","url":"https:\/\/gysfm.com.ar\/inicio\/wp-content\/uploads\/2023\/07\/LOGOGYS-OK.png","contentUrl":"https:\/\/gysfm.com.ar\/inicio\/wp-content\/uploads\/2023\/07\/LOGOGYS-OK.png","width":1170,"height":872,"caption":"GYS NOTICIAS |"},"image":{"@id":"https:\/\/gysfm.com.ar\/inicio\/#\/schema\/logo\/image\/"}},{"@type":"Person","@id":"https:\/\/gysfm.com.ar\/inicio\/#\/schema\/person\/5bedd7ecd35cc35548d89effafa23696","name":"admin","image":{"@type":"ImageObject","inLanguage":"es","@id":"https:\/\/gysfm.com.ar\/inicio\/#\/schema\/person\/image\/","url":"https:\/\/secure.gravatar.com\/avatar\/c331d312b5243fb64d5ba28108a447b27c925295129a363082c9ea52c28d32c2?s=96&d=mm&r=g","contentUrl":"https:\/\/secure.gravatar.com\/avatar\/c331d312b5243fb64d5ba28108a447b27c925295129a363082c9ea52c28d32c2?s=96&d=mm&r=g","caption":"admin"},"sameAs":["https:\/\/gysfm.com.ar\/inicio"],"url":"https:\/\/gysfm.com.ar\/inicio\/author\/admin\/"}]}},"_links":{"self":[{"href":"https:\/\/gysfm.com.ar\/inicio\/wp-json\/wp\/v2\/posts\/210043","targetHints":{"allow":["GET"]}}],"collection":[{"href":"https:\/\/gysfm.com.ar\/inicio\/wp-json\/wp\/v2\/posts"}],"about":[{"href":"https:\/\/gysfm.com.ar\/inicio\/wp-json\/wp\/v2\/types\/post"}],"author":[{"embeddable":true,"href":"https:\/\/gysfm.com.ar\/inicio\/wp-json\/wp\/v2\/users\/1"}],"replies":[{"embeddable":true,"href":"https:\/\/gysfm.com.ar\/inicio\/wp-json\/wp\/v2\/comments?post=210043"}],"version-history":[{"count":0,"href":"https:\/\/gysfm.com.ar\/inicio\/wp-json\/wp\/v2\/posts\/210043\/revisions"}],"wp:featuredmedia":[{"embeddable":true,"href":"https:\/\/gysfm.com.ar\/inicio\/wp-json\/wp\/v2\/media\/210044"}],"wp:attachment":[{"href":"https:\/\/gysfm.com.ar\/inicio\/wp-json\/wp\/v2\/media?parent=210043"}],"wp:term":[{"taxonomy":"category","embeddable":true,"href":"https:\/\/gysfm.com.ar\/inicio\/wp-json\/wp\/v2\/categories?post=210043"},{"taxonomy":"post_tag","embeddable":true,"href":"https:\/\/gysfm.com.ar\/inicio\/wp-json\/wp\/v2\/tags?post=210043"}],"curies":[{"name":"wp","href":"https:\/\/api.w.org\/{rel}","templated":true}]}}