{"id":210035,"date":"2026-09-01T09:10:12","date_gmt":"2026-09-01T12:10:12","guid":{"rendered":"https:\/\/gysfm.com.ar\/inicio\/4-de-cada-10-empresas-argentinas-no-miden-las-necesidades-de-capacitacion-de-su-personal\/"},"modified":"2026-09-01T09:10:12","modified_gmt":"2026-09-01T12:10:12","slug":"4-de-cada-10-empresas-argentinas-no-miden-las-necesidades-de-capacitacion-de-su-personal","status":"publish","type":"post","link":"https:\/\/gysfm.com.ar\/inicio\/4-de-cada-10-empresas-argentinas-no-miden-las-necesidades-de-capacitacion-de-su-personal\/","title":{"rendered":"4 de cada 10 empresas argentinas no miden las necesidades de capacitaci\u00f3n de su personal"},"content":{"rendered":"<p> <br \/>\n<\/p>\n<div id=\"\">\n<p id=\"p-1788215142297-36918\">Un informe revel\u00f3 que el <strong>42,5%<\/strong> de las empresas argentinas no realiz\u00f3, durante el \u00faltimo a\u00f1o, un <strong>diagn\u00f3stico de las necesidades de capacitaci\u00f3n<\/strong> de sus empleados, y que el <strong>44,8%<\/strong> directamente no mide las <strong>habilidades<\/strong> de su personal.<\/p>\n<\/div>\n<div id=\"\">\n<p id=\"p-1788215142297-23153\">Seg\u00fan un estudio de la <strong>Universidad Siglo 21, <\/strong>la brecha se profundiza cuando el foco se pone en la <strong>learnability<\/strong>, o <strong>capacidad de aprender a aprender<\/strong>, considerada una metahabilidad clave para desempe\u00f1arse en contextos de cambio permanente: el <strong>63%<\/strong> de las organizaciones manifest\u00f3 no tener ninguna <strong>medici\u00f3n<\/strong> al respecto. Solo un 20,3% la mide en algunos colaboradores y un 16,8% lo hace con todos.<\/p>\n<\/div>\n<div id=\"\">\n<p id=\"p-1788215142297-44611\"> Entre las empresas que s\u00ed miden esa capacidad, el diagn\u00f3stico es en general positivo: un <strong>27%<\/strong> considera que el nivel es <strong>alto<\/strong>, un <strong>64,9%<\/strong> lo califica como <strong>medio<\/strong>, un 4,7% como bajo y un 3,4% no sabr\u00eda c\u00f3mo definirlo.<\/p>\n<\/div>\n<div id=\"\">\n<h2 id=\"p-1788215142297-75379\">Upskilling y reskilling: procesos de formaci\u00f3n todav\u00eda muy acotados<\/h2>\n<p id=\"p-1788215142297-89888\">El alcance de los procesos de formaci\u00f3n tambi\u00e9n resulta limitado. En materia de <strong>upskilling<\/strong> \u2014el desarrollo de habilidades dentro del mismo rol\u2014, apenas el <strong>22,8%<\/strong> de las empresas lo aplic\u00f3 a m\u00e1s del 30% de su fuerza laboral en los \u00faltimos dos a\u00f1os; un 27% lo hizo con una porci\u00f3n de entre el 10% y el 30%, y la mayor\u00eda, un <strong>35,5%<\/strong>, alcanz\u00f3 a menos del 10% de sus colaboradores.<\/p>\n<\/div>\n<div id=\"\">\n<p id=\"p-1788215142297-84763\">El panorama es todav\u00eda m\u00e1s acotado en <strong>reskilling<\/strong>, la reconversi\u00f3n hacia tareas o puestos distintos: un <strong>42%<\/strong> de las empresas lo aplic\u00f3 a menos del 10% de su plantilla y un <strong>9% no lo implement\u00f3 en absoluto<\/strong>. Es decir, cerca de la mitad del universo relevado exhibe un despliegue m\u00ednimo o nulo en uno de los procesos que el propio informe considera m\u00e1s decisivos para atravesar el cambio de \u00e9poca.<\/p>\n<\/div>\n<div id=\"\">\n<p id=\"p-1788215142297-19145\">El informe identifica, sin embargo, una relaci\u00f3n consistente entre ambas variables: <strong>medir habilidades se asocia con procesos de formaci\u00f3n m\u00e1s amplios<\/strong>. Entre las empresas que s\u00ed miden el nivel de sus colaboradores, el <strong>45,4%<\/strong> despleg\u00f3 acciones de upskilling para m\u00e1s del 30% de su personal en los \u00faltimos dos a\u00f1os \u2014m\u00e1s del doble que el 22,8% general\u2014, y el <strong>32,4%<\/strong> hizo lo propio con reskilling, frente al 15,5% del total de la muestra.<\/p>\n<div contenteditable=\"false\" class=\"embed_cont type_imagen\" id=\"8272036-Libre-1256592658_wrap\">\n<div id=\"8272036-Libre-1256592658_content\" class=\"embed_content\"><img src=\"https:\/\/media.ambito.com\/p\/f4bc5baf3c5047860cc5c0419171356d\/adjuntos\/239\/imagenes\/043\/614\/0043614607\/730x0\/smart\/image.png\" decoding=\"async\" fetchpriority=\"low\" loading=\"lazy\" alt=\"Procesos de upskilling y reskilling son limitados, afectando a menos del 30% de la fuerza laboral.\" title=\"Procesos de upskilling y reskilling son limitados, afectando a menos del 30% de la fuerza laboral.\" width=\"730\" height=\"undefined\" id=\"8272036-Libre-1256592658_embed\"\/><\/div>\n<div class=\"embed_wrapper-cont\" id=\"p-1788215864829-1532\">\n<div id=\"8272036-Libre-1256592658_epigrafe\" class=\"embed_epigrafe\">\n<p id=\"p-1788215906856-16137\">Procesos de upskilling y reskilling son limitados, afectando a menos del 30% de la fuerza laboral.<\/p>\n<\/div><\/div><\/div>\n<p id=\"p-1788215142297-25225\">De cara al futuro, el <strong>59,1%<\/strong> de las empresas prev\u00e9 que sus procesos de upskilling y reskilling tendr\u00e1n una intensidad \u00ab<strong>superior<\/strong>\u00bb o \u00ab<strong>muy superior<\/strong>\u00bb a la actual. Esa expectativa trepa al <strong>74,1%<\/strong> entre las organizaciones que ya miden las habilidades de la totalidad de sus colaboradores, otra se\u00f1al de que la medici\u00f3n funciona como disparador de mayor inversi\u00f3n en desarrollo.<\/p>\n<p id=\"p-1788215142297-22566\">El <strong>tiempo<\/strong> que las empresas destinan a la formaci\u00f3n tambi\u00e9n qued\u00f3 bajo la lupa: solo el <strong>22%<\/strong> afirm\u00f3 dedicar m\u00e1s del 5% del tiempo laboral total a estas cuestiones, mientras que un <strong>17,8%<\/strong> reconoci\u00f3 un esfuerzo m\u00ednimo, de menos del 1%. Ese porcentaje tambi\u00e9n mejora entre quienes miden habilidades en toda su plantilla, donde la proporci\u00f3n que destina m\u00e1s del 5% del tiempo sube al 26,9%.<\/p>\n<p id=\"p-1788215142297-8417\">El relevamiento tambi\u00e9n marca una paradoja en las prioridades de capacitaci\u00f3n: pese al impacto transversal que se espera de la <strong>inteligencia artificial<\/strong>, las habilidades para su uso reciben una valoraci\u00f3n relativamente <strong>menor<\/strong> tanto a la hora de reclutar talento como al proyectar qu\u00e9 capacidades formar en los pr\u00f3ximos dos a\u00f1os, por detr\u00e1s de las habilidades t\u00e9cnicas, la experiencia previa, el trabajo en equipo, la adaptabilidad y la propia capacidad de aprendizaje continuo.<\/p>\n<p id=\"p-1788215142297-50080\">El estudio fue elaborado por el <strong>Observatorio del Futuro \/ Insight 21<\/strong> de la Universidad Siglo 21, bajo la direcci\u00f3n del <strong>Mgter. Andr\u00e9s Pallaro<\/strong>. Se trata de una encuesta telef\u00f3nica de tipo cuantitativo y descriptivo, realizada sobre <strong>400 casos<\/strong> en empresas de <strong>CABA, Comodoro Rivadavia, C\u00f3rdoba, Corrientes, Mendoza, Rosario y San Miguel de Tucum\u00e1n<\/strong>, con un error muestral del 4,8% y un nivel de confianza del 95%, cuyo trabajo de campo se realiz\u00f3 en <strong>diciembre de 2025<\/strong>.<\/p>\n<\/div>\n<p><script>\n!function(f,b,e,v,n,t,s)\n{if(f.fbq)return;n=f.fbq=function(){n.callMethod?\nn.callMethod.apply(n,arguments):n.queue.push(arguments)};\nif(!f._fbq)f._fbq=n;n.push=n;n.loaded=!0;n.version='2.0';\nn.queue=[];t=b.createElement(e);t.async=!0;\nt.src=v;s=b.getElementsByTagName(e)[0];\ns.parentNode.insertBefore(t,s)}(window,document,'script',\n'https:\/\/connect.facebook.net\/en_US\/fbevents.js');\nfbq('init', '2047048335588113');\nfbq('track', 'PageView');\n<\/script><br \/>\n<br \/><\/p>\n","protected":false},"excerpt":{"rendered":"<p>Un informe revel\u00f3 que el 42,5% de las empresas argentinas no realiz\u00f3, durante el \u00faltimo a\u00f1o, un diagn\u00f3stico de las necesidades de capacitaci\u00f3n de sus empleados, y que el 44,8% directamente no mide las habilidades de su personal. Seg\u00fan un estudio de la Universidad Siglo 21, la brecha se profundiza cuando el foco se pone [&hellip;]<\/p>\n","protected":false},"author":1,"featured_media":210036,"comment_status":"closed","ping_status":"closed","sticky":false,"template":"","format":"standard","meta":{"footnotes":""},"categories":[28],"tags":[],"class_list":["post-210035","post","type-post","status-publish","format-standard","has-post-thumbnail","hentry","category-economia"],"yoast_head":"<!-- This site is optimized with the Yoast SEO plugin v24.4 - https:\/\/yoast.com\/wordpress\/plugins\/seo\/ -->\n<title>4 de cada 10 empresas argentinas no miden las necesidades de capacitaci\u00f3n de su personal - GYS NOTICIAS |<\/title>\n<meta name=\"robots\" content=\"index, follow, max-snippet:-1, max-image-preview:large, max-video-preview:-1\" \/>\n<link rel=\"canonical\" href=\"https:\/\/gysfm.com.ar\/inicio\/4-de-cada-10-empresas-argentinas-no-miden-las-necesidades-de-capacitacion-de-su-personal\/\" \/>\n<meta property=\"og:locale\" content=\"es_ES\" \/>\n<meta property=\"og:type\" content=\"article\" \/>\n<meta property=\"og:title\" content=\"4 de cada 10 empresas argentinas no miden las necesidades de capacitaci\u00f3n de su personal - GYS NOTICIAS |\" \/>\n<meta property=\"og:description\" content=\"Un informe revel\u00f3 que el 42,5% de las empresas argentinas no realiz\u00f3, durante el \u00faltimo a\u00f1o, un diagn\u00f3stico de las necesidades de capacitaci\u00f3n de sus empleados, y que el 44,8% directamente no mide las habilidades de su personal. Seg\u00fan un estudio de la Universidad Siglo 21, la brecha se profundiza cuando el foco se pone [&hellip;]\" \/>\n<meta property=\"og:url\" content=\"https:\/\/gysfm.com.ar\/inicio\/4-de-cada-10-empresas-argentinas-no-miden-las-necesidades-de-capacitacion-de-su-personal\/\" \/>\n<meta property=\"og:site_name\" content=\"GYS NOTICIAS |\" \/>\n<meta property=\"article:published_time\" content=\"2026-09-01T12:10:12+00:00\" \/>\n<meta property=\"og:image\" content=\"https:\/\/media.ambito.com\/p\/f4bc5baf3c5047860cc5c0419171356d\/adjuntos\/239\/imagenes\/043\/614\/0043614607\/730x0\/smart\/image.png\" \/>\n<meta name=\"author\" content=\"admin\" \/>\n<meta name=\"twitter:card\" content=\"summary_large_image\" \/>\n<meta name=\"twitter:label1\" content=\"Escrito por\" \/>\n\t<meta name=\"twitter:data1\" content=\"admin\" \/>\n\t<meta name=\"twitter:label2\" content=\"Tiempo de lectura\" \/>\n\t<meta name=\"twitter:data2\" content=\"3 minutos\" \/>\n<script type=\"application\/ld+json\" class=\"yoast-schema-graph\">{\"@context\":\"https:\/\/schema.org\",\"@graph\":[{\"@type\":\"Article\",\"@id\":\"https:\/\/gysfm.com.ar\/inicio\/4-de-cada-10-empresas-argentinas-no-miden-las-necesidades-de-capacitacion-de-su-personal\/#article\",\"isPartOf\":{\"@id\":\"https:\/\/gysfm.com.ar\/inicio\/4-de-cada-10-empresas-argentinas-no-miden-las-necesidades-de-capacitacion-de-su-personal\/\"},\"author\":{\"name\":\"admin\",\"@id\":\"https:\/\/gysfm.com.ar\/inicio\/#\/schema\/person\/5bedd7ecd35cc35548d89effafa23696\"},\"headline\":\"4 de cada 10 empresas argentinas no miden las necesidades de capacitaci\u00f3n de su personal\",\"datePublished\":\"2026-09-01T12:10:12+00:00\",\"mainEntityOfPage\":{\"@id\":\"https:\/\/gysfm.com.ar\/inicio\/4-de-cada-10-empresas-argentinas-no-miden-las-necesidades-de-capacitacion-de-su-personal\/\"},\"wordCount\":680,\"publisher\":{\"@id\":\"https:\/\/gysfm.com.ar\/inicio\/#organization\"},\"image\":{\"@id\":\"https:\/\/gysfm.com.ar\/inicio\/4-de-cada-10-empresas-argentinas-no-miden-las-necesidades-de-capacitacion-de-su-personal\/#primaryimage\"},\"thumbnailUrl\":\"https:\/\/gysfm.com.ar\/inicio\/wp-content\/uploads\/2026\/09\/mineria-capacitacion-virtual.png\",\"articleSection\":[\"ECONOMIA\"],\"inLanguage\":\"es\"},{\"@type\":\"WebPage\",\"@id\":\"https:\/\/gysfm.com.ar\/inicio\/4-de-cada-10-empresas-argentinas-no-miden-las-necesidades-de-capacitacion-de-su-personal\/\",\"url\":\"https:\/\/gysfm.com.ar\/inicio\/4-de-cada-10-empresas-argentinas-no-miden-las-necesidades-de-capacitacion-de-su-personal\/\",\"name\":\"4 de cada 10 empresas argentinas no miden las necesidades de capacitaci\u00f3n de su personal - GYS NOTICIAS |\",\"isPartOf\":{\"@id\":\"https:\/\/gysfm.com.ar\/inicio\/#website\"},\"primaryImageOfPage\":{\"@id\":\"https:\/\/gysfm.com.ar\/inicio\/4-de-cada-10-empresas-argentinas-no-miden-las-necesidades-de-capacitacion-de-su-personal\/#primaryimage\"},\"image\":{\"@id\":\"https:\/\/gysfm.com.ar\/inicio\/4-de-cada-10-empresas-argentinas-no-miden-las-necesidades-de-capacitacion-de-su-personal\/#primaryimage\"},\"thumbnailUrl\":\"https:\/\/gysfm.com.ar\/inicio\/wp-content\/uploads\/2026\/09\/mineria-capacitacion-virtual.png\",\"datePublished\":\"2026-09-01T12:10:12+00:00\",\"breadcrumb\":{\"@id\":\"https:\/\/gysfm.com.ar\/inicio\/4-de-cada-10-empresas-argentinas-no-miden-las-necesidades-de-capacitacion-de-su-personal\/#breadcrumb\"},\"inLanguage\":\"es\",\"potentialAction\":[{\"@type\":\"ReadAction\",\"target\":[\"https:\/\/gysfm.com.ar\/inicio\/4-de-cada-10-empresas-argentinas-no-miden-las-necesidades-de-capacitacion-de-su-personal\/\"]}]},{\"@type\":\"ImageObject\",\"inLanguage\":\"es\",\"@id\":\"https:\/\/gysfm.com.ar\/inicio\/4-de-cada-10-empresas-argentinas-no-miden-las-necesidades-de-capacitacion-de-su-personal\/#primaryimage\",\"url\":\"https:\/\/gysfm.com.ar\/inicio\/wp-content\/uploads\/2026\/09\/mineria-capacitacion-virtual.png\",\"contentUrl\":\"https:\/\/gysfm.com.ar\/inicio\/wp-content\/uploads\/2026\/09\/mineria-capacitacion-virtual.png\",\"width\":1200,\"height\":675},{\"@type\":\"BreadcrumbList\",\"@id\":\"https:\/\/gysfm.com.ar\/inicio\/4-de-cada-10-empresas-argentinas-no-miden-las-necesidades-de-capacitacion-de-su-personal\/#breadcrumb\",\"itemListElement\":[{\"@type\":\"ListItem\",\"position\":1,\"name\":\"Portada\",\"item\":\"https:\/\/gysfm.com.ar\/inicio\/\"},{\"@type\":\"ListItem\",\"position\":2,\"name\":\"4 de cada 10 empresas argentinas no miden las necesidades de capacitaci\u00f3n de su personal\"}]},{\"@type\":\"WebSite\",\"@id\":\"https:\/\/gysfm.com.ar\/inicio\/#website\",\"url\":\"https:\/\/gysfm.com.ar\/inicio\/\",\"name\":\"GYS NOTICIAS |\",\"description\":\"DIARIO - RADIO ONLINE SAN JUAN ARGENTINA\",\"publisher\":{\"@id\":\"https:\/\/gysfm.com.ar\/inicio\/#organization\"},\"potentialAction\":[{\"@type\":\"SearchAction\",\"target\":{\"@type\":\"EntryPoint\",\"urlTemplate\":\"https:\/\/gysfm.com.ar\/inicio\/?s={search_term_string}\"},\"query-input\":{\"@type\":\"PropertyValueSpecification\",\"valueRequired\":true,\"valueName\":\"search_term_string\"}}],\"inLanguage\":\"es\"},{\"@type\":\"Organization\",\"@id\":\"https:\/\/gysfm.com.ar\/inicio\/#organization\",\"name\":\"GYS NOTICIAS |\",\"url\":\"https:\/\/gysfm.com.ar\/inicio\/\",\"logo\":{\"@type\":\"ImageObject\",\"inLanguage\":\"es\",\"@id\":\"https:\/\/gysfm.com.ar\/inicio\/#\/schema\/logo\/image\/\",\"url\":\"https:\/\/gysfm.com.ar\/inicio\/wp-content\/uploads\/2023\/07\/LOGOGYS-OK.png\",\"contentUrl\":\"https:\/\/gysfm.com.ar\/inicio\/wp-content\/uploads\/2023\/07\/LOGOGYS-OK.png\",\"width\":1170,\"height\":872,\"caption\":\"GYS NOTICIAS |\"},\"image\":{\"@id\":\"https:\/\/gysfm.com.ar\/inicio\/#\/schema\/logo\/image\/\"}},{\"@type\":\"Person\",\"@id\":\"https:\/\/gysfm.com.ar\/inicio\/#\/schema\/person\/5bedd7ecd35cc35548d89effafa23696\",\"name\":\"admin\",\"image\":{\"@type\":\"ImageObject\",\"inLanguage\":\"es\",\"@id\":\"https:\/\/gysfm.com.ar\/inicio\/#\/schema\/person\/image\/\",\"url\":\"https:\/\/secure.gravatar.com\/avatar\/c331d312b5243fb64d5ba28108a447b27c925295129a363082c9ea52c28d32c2?s=96&d=mm&r=g\",\"contentUrl\":\"https:\/\/secure.gravatar.com\/avatar\/c331d312b5243fb64d5ba28108a447b27c925295129a363082c9ea52c28d32c2?s=96&d=mm&r=g\",\"caption\":\"admin\"},\"sameAs\":[\"https:\/\/gysfm.com.ar\/inicio\"],\"url\":\"https:\/\/gysfm.com.ar\/inicio\/author\/admin\/\"}]}<\/script>\n<!-- \/ Yoast SEO plugin. -->","yoast_head_json":{"title":"4 de cada 10 empresas argentinas no miden las necesidades de capacitaci\u00f3n de su personal - GYS NOTICIAS |","robots":{"index":"index","follow":"follow","max-snippet":"max-snippet:-1","max-image-preview":"max-image-preview:large","max-video-preview":"max-video-preview:-1"},"canonical":"https:\/\/gysfm.com.ar\/inicio\/4-de-cada-10-empresas-argentinas-no-miden-las-necesidades-de-capacitacion-de-su-personal\/","og_locale":"es_ES","og_type":"article","og_title":"4 de cada 10 empresas argentinas no miden las necesidades de capacitaci\u00f3n de su personal - GYS NOTICIAS |","og_description":"Un informe revel\u00f3 que el 42,5% de las empresas argentinas no realiz\u00f3, durante el \u00faltimo a\u00f1o, un diagn\u00f3stico de las necesidades de capacitaci\u00f3n de sus empleados, y que el 44,8% directamente no mide las habilidades de su personal. Seg\u00fan un estudio de la Universidad Siglo 21, la brecha se profundiza cuando el foco se pone [&hellip;]","og_url":"https:\/\/gysfm.com.ar\/inicio\/4-de-cada-10-empresas-argentinas-no-miden-las-necesidades-de-capacitacion-de-su-personal\/","og_site_name":"GYS NOTICIAS |","article_published_time":"2026-09-01T12:10:12+00:00","og_image":[{"url":"https:\/\/media.ambito.com\/p\/f4bc5baf3c5047860cc5c0419171356d\/adjuntos\/239\/imagenes\/043\/614\/0043614607\/730x0\/smart\/image.png","type":"","width":"","height":""}],"author":"admin","twitter_card":"summary_large_image","twitter_misc":{"Escrito por":"admin","Tiempo de lectura":"3 minutos"},"schema":{"@context":"https:\/\/schema.org","@graph":[{"@type":"Article","@id":"https:\/\/gysfm.com.ar\/inicio\/4-de-cada-10-empresas-argentinas-no-miden-las-necesidades-de-capacitacion-de-su-personal\/#article","isPartOf":{"@id":"https:\/\/gysfm.com.ar\/inicio\/4-de-cada-10-empresas-argentinas-no-miden-las-necesidades-de-capacitacion-de-su-personal\/"},"author":{"name":"admin","@id":"https:\/\/gysfm.com.ar\/inicio\/#\/schema\/person\/5bedd7ecd35cc35548d89effafa23696"},"headline":"4 de cada 10 empresas argentinas no miden las necesidades de capacitaci\u00f3n de su personal","datePublished":"2026-09-01T12:10:12+00:00","mainEntityOfPage":{"@id":"https:\/\/gysfm.com.ar\/inicio\/4-de-cada-10-empresas-argentinas-no-miden-las-necesidades-de-capacitacion-de-su-personal\/"},"wordCount":680,"publisher":{"@id":"https:\/\/gysfm.com.ar\/inicio\/#organization"},"image":{"@id":"https:\/\/gysfm.com.ar\/inicio\/4-de-cada-10-empresas-argentinas-no-miden-las-necesidades-de-capacitacion-de-su-personal\/#primaryimage"},"thumbnailUrl":"https:\/\/gysfm.com.ar\/inicio\/wp-content\/uploads\/2026\/09\/mineria-capacitacion-virtual.png","articleSection":["ECONOMIA"],"inLanguage":"es"},{"@type":"WebPage","@id":"https:\/\/gysfm.com.ar\/inicio\/4-de-cada-10-empresas-argentinas-no-miden-las-necesidades-de-capacitacion-de-su-personal\/","url":"https:\/\/gysfm.com.ar\/inicio\/4-de-cada-10-empresas-argentinas-no-miden-las-necesidades-de-capacitacion-de-su-personal\/","name":"4 de cada 10 empresas argentinas no miden las necesidades de capacitaci\u00f3n de su personal - GYS NOTICIAS |","isPartOf":{"@id":"https:\/\/gysfm.com.ar\/inicio\/#website"},"primaryImageOfPage":{"@id":"https:\/\/gysfm.com.ar\/inicio\/4-de-cada-10-empresas-argentinas-no-miden-las-necesidades-de-capacitacion-de-su-personal\/#primaryimage"},"image":{"@id":"https:\/\/gysfm.com.ar\/inicio\/4-de-cada-10-empresas-argentinas-no-miden-las-necesidades-de-capacitacion-de-su-personal\/#primaryimage"},"thumbnailUrl":"https:\/\/gysfm.com.ar\/inicio\/wp-content\/uploads\/2026\/09\/mineria-capacitacion-virtual.png","datePublished":"2026-09-01T12:10:12+00:00","breadcrumb":{"@id":"https:\/\/gysfm.com.ar\/inicio\/4-de-cada-10-empresas-argentinas-no-miden-las-necesidades-de-capacitacion-de-su-personal\/#breadcrumb"},"inLanguage":"es","potentialAction":[{"@type":"ReadAction","target":["https:\/\/gysfm.com.ar\/inicio\/4-de-cada-10-empresas-argentinas-no-miden-las-necesidades-de-capacitacion-de-su-personal\/"]}]},{"@type":"ImageObject","inLanguage":"es","@id":"https:\/\/gysfm.com.ar\/inicio\/4-de-cada-10-empresas-argentinas-no-miden-las-necesidades-de-capacitacion-de-su-personal\/#primaryimage","url":"https:\/\/gysfm.com.ar\/inicio\/wp-content\/uploads\/2026\/09\/mineria-capacitacion-virtual.png","contentUrl":"https:\/\/gysfm.com.ar\/inicio\/wp-content\/uploads\/2026\/09\/mineria-capacitacion-virtual.png","width":1200,"height":675},{"@type":"BreadcrumbList","@id":"https:\/\/gysfm.com.ar\/inicio\/4-de-cada-10-empresas-argentinas-no-miden-las-necesidades-de-capacitacion-de-su-personal\/#breadcrumb","itemListElement":[{"@type":"ListItem","position":1,"name":"Portada","item":"https:\/\/gysfm.com.ar\/inicio\/"},{"@type":"ListItem","position":2,"name":"4 de cada 10 empresas argentinas no miden las necesidades de capacitaci\u00f3n de su personal"}]},{"@type":"WebSite","@id":"https:\/\/gysfm.com.ar\/inicio\/#website","url":"https:\/\/gysfm.com.ar\/inicio\/","name":"GYS NOTICIAS |","description":"DIARIO - RADIO ONLINE SAN JUAN ARGENTINA","publisher":{"@id":"https:\/\/gysfm.com.ar\/inicio\/#organization"},"potentialAction":[{"@type":"SearchAction","target":{"@type":"EntryPoint","urlTemplate":"https:\/\/gysfm.com.ar\/inicio\/?s={search_term_string}"},"query-input":{"@type":"PropertyValueSpecification","valueRequired":true,"valueName":"search_term_string"}}],"inLanguage":"es"},{"@type":"Organization","@id":"https:\/\/gysfm.com.ar\/inicio\/#organization","name":"GYS NOTICIAS |","url":"https:\/\/gysfm.com.ar\/inicio\/","logo":{"@type":"ImageObject","inLanguage":"es","@id":"https:\/\/gysfm.com.ar\/inicio\/#\/schema\/logo\/image\/","url":"https:\/\/gysfm.com.ar\/inicio\/wp-content\/uploads\/2023\/07\/LOGOGYS-OK.png","contentUrl":"https:\/\/gysfm.com.ar\/inicio\/wp-content\/uploads\/2023\/07\/LOGOGYS-OK.png","width":1170,"height":872,"caption":"GYS NOTICIAS |"},"image":{"@id":"https:\/\/gysfm.com.ar\/inicio\/#\/schema\/logo\/image\/"}},{"@type":"Person","@id":"https:\/\/gysfm.com.ar\/inicio\/#\/schema\/person\/5bedd7ecd35cc35548d89effafa23696","name":"admin","image":{"@type":"ImageObject","inLanguage":"es","@id":"https:\/\/gysfm.com.ar\/inicio\/#\/schema\/person\/image\/","url":"https:\/\/secure.gravatar.com\/avatar\/c331d312b5243fb64d5ba28108a447b27c925295129a363082c9ea52c28d32c2?s=96&d=mm&r=g","contentUrl":"https:\/\/secure.gravatar.com\/avatar\/c331d312b5243fb64d5ba28108a447b27c925295129a363082c9ea52c28d32c2?s=96&d=mm&r=g","caption":"admin"},"sameAs":["https:\/\/gysfm.com.ar\/inicio"],"url":"https:\/\/gysfm.com.ar\/inicio\/author\/admin\/"}]}},"_links":{"self":[{"href":"https:\/\/gysfm.com.ar\/inicio\/wp-json\/wp\/v2\/posts\/210035","targetHints":{"allow":["GET"]}}],"collection":[{"href":"https:\/\/gysfm.com.ar\/inicio\/wp-json\/wp\/v2\/posts"}],"about":[{"href":"https:\/\/gysfm.com.ar\/inicio\/wp-json\/wp\/v2\/types\/post"}],"author":[{"embeddable":true,"href":"https:\/\/gysfm.com.ar\/inicio\/wp-json\/wp\/v2\/users\/1"}],"replies":[{"embeddable":true,"href":"https:\/\/gysfm.com.ar\/inicio\/wp-json\/wp\/v2\/comments?post=210035"}],"version-history":[{"count":0,"href":"https:\/\/gysfm.com.ar\/inicio\/wp-json\/wp\/v2\/posts\/210035\/revisions"}],"wp:featuredmedia":[{"embeddable":true,"href":"https:\/\/gysfm.com.ar\/inicio\/wp-json\/wp\/v2\/media\/210036"}],"wp:attachment":[{"href":"https:\/\/gysfm.com.ar\/inicio\/wp-json\/wp\/v2\/media?parent=210035"}],"wp:term":[{"taxonomy":"category","embeddable":true,"href":"https:\/\/gysfm.com.ar\/inicio\/wp-json\/wp\/v2\/categories?post=210035"},{"taxonomy":"post_tag","embeddable":true,"href":"https:\/\/gysfm.com.ar\/inicio\/wp-json\/wp\/v2\/tags?post=210035"}],"curies":[{"name":"wp","href":"https:\/\/api.w.org\/{rel}","templated":true}]}}