{"id":210034,"date":"2026-09-01T08:08:13","date_gmt":"2026-09-01T11:08:13","guid":{"rendered":"https:\/\/gysfm.com.ar\/inicio\/se-freno-la-caida-de-los-recursos-enviados-a-las-provincias-pese-a-que-el-iva-no-levanta\/"},"modified":"2026-09-01T08:08:13","modified_gmt":"2026-09-01T11:08:13","slug":"se-freno-la-caida-de-los-recursos-enviados-a-las-provincias-pese-a-que-el-iva-no-levanta","status":"publish","type":"post","link":"https:\/\/gysfm.com.ar\/inicio\/se-freno-la-caida-de-los-recursos-enviados-a-las-provincias-pese-a-que-el-iva-no-levanta\/","title":{"rendered":"se fren\u00f3 la ca\u00edda de los recursos enviados a las provincias, pese a que el IVA no levanta"},"content":{"rendered":"<p> <br \/>\n<\/p>\n<div id=\"\">\n<p id=\"p-1788218181620-91865\" class=\"\">Los env\u00edos de recursos autom\u00e1ticos a las provincias <strong>casi no tuvieron variaci\u00f3n en agosto con relaci\u00f3n a igual mes del a\u00f1o pasado<\/strong>. Apenas cayeron <strong>0,1% en t\u00e9rminos reales<\/strong>, lo que ser\u00eda una se\u00f1al de que la <strong>recaudaci\u00f3n nacional<\/strong> se estar\u00eda estabilizando, aunque en niveles bajos.<\/p>\n<\/div>\n<div id=\"\">\n<p id=\"p-1788218181620-85072\" class=\"\">La consultora <strong>Politikon Chaco<\/strong> se\u00f1ala que las transferencias autom\u00e1ticas de recursos de origen nacional totalizaron <strong>$6,85 billones<\/strong> en el mes que termina. Al medirlas en t\u00e9rminos reales, <strong>se mantuvieron estables, con tendencia a la baja (-0,1%)<\/strong>, respecto de igual mes de 2025, mientras que contra julio cedieron <strong>7,2%<\/strong>.<\/p>\n<\/div>\n<div id=\"\">\n<p id=\"p-1788218181620-21128\" class=\"\"> El informe destaca que \u201clos env\u00edos por <strong>Coparticipaci\u00f3n Federal de Impuestos alcanzaron los $6,28 billones<\/strong> (92% del total), sin mostrar una variaci\u00f3n significativa: <strong>+0,1% real interanual<\/strong>\u201d. \u201cA este resultado se lleg\u00f3 con <strong>un buen desempe\u00f1o del impuesto a las Ganancias (+9%)<\/strong>, pero, por el contrario, <strong>el IVA volvi\u00f3 a mostrar retrocesos (-5%)<\/strong>, al igual que los fondos por impuestos Internos (-18%) y Otros Coparticipados (-5,3%)\u201d, resalta la consultora.<\/p>\n<\/div>\n<div id=\"\">\n<div contenteditable=\"false\" class=\"embed_cont type_imagen\" id=\"8272028-Libre-2023437278_wrap\">\n<div id=\"8272028-Libre-2023437278_content\" class=\"embed_content\"><img src=\"https:\/\/media.ambito.com\/p\/8ec41a4fa0ca27a087ee5396ac18a1c2\/adjuntos\/239\/imagenes\/043\/614\/0043614599\/730x0\/smart\/gannancias.jpg\" decoding=\"async\" fetchpriority=\"low\" loading=\"lazy\" alt=\"\" title=\"\" width=\"730\" height=\"undefined\" id=\"8272028-Libre-2023437278_embed\"\/><\/div><\/div>\n<p id=\"p-1788218205715-44137\" class=\"\">Por su parte, el <strong>conjunto de Leyes y Reg\u00edmenes Especiales totaliz\u00f3 env\u00edos por $308.739 millones, con un desempe\u00f1o levemente positivo del 0,7%<\/strong>, explicado por las subas en el Impuesto a los Combustibles L\u00edquidos (11%) y en el Monotributo (32,6%), mientras que, por el contrario, se vieron descensos en Bienes Personales (4,6%), el IVA de la Seguridad Social (5%) y el R\u00e9gimen de Energ\u00eda El\u00e9ctrica (100%).<\/p>\n<\/div>\n<div id=\"\">\n<p id=\"p-1788218205715-96356\" class=\"\">En tanto, los recursos por <strong>Compensaci\u00f3n del Consenso Fiscal totalizaron $256.559 millones<\/strong>, pero, en este caso, exhibieron una baja real del <strong>6,4%<\/strong>.<\/p>\n<\/div>\n<div id=\"\">\n<p id=\"p-1788218205715-72728\" class=\"\">Seg\u00fan indica el <strong>Instituto Argentino de An\u00e1lisis Fiscal (IARAF)<\/strong>, \u201cel impuesto a las Ganancias habr\u00eda tenido una<strong> suba real interanual del 9,2%\u201d, <\/strong>mientras que \u201cen lo que respecta a la recaudaci\u00f3n de IVA, seg\u00fan la Direcci\u00f3n Nacional de Asuntos Provinciales, en agosto se habr\u00eda producido una <strong>ca\u00edda real interanual del 4,8%\u201d.<\/strong><\/p>\n<p id=\"p-1788218205715-39727\" class=\"\">A su vez, el <strong>Centro de Econom\u00eda Pol\u00edtica Argentina (CEPA)<\/strong> remarca que la baja de los ingresos del IVA ser\u00eda una se\u00f1al de la <strong>debilidad de las actividades vinculadas al consumo y al mercado interno<\/strong>.<\/p>\n<p id=\"p-1788218205715-55909\" class=\"\">\u201cLa recaudaci\u00f3n por IVA cay\u00f3 <strong>5% real interanual en agosto de 2026<\/strong>, consolidando su <strong>d\u00e9cima ca\u00edda consecutiva en t\u00e9rminos reales<\/strong>. En los \u00faltimos doce meses, once registraron reducciones reales, mientras que el \u00fanico mes con signo positivo exhibi\u00f3 un crecimiento enteramente marginal (+0,1% en octubre de 2025)\u201d, expresa el CEPA.<\/p>\n<p id=\"p-1788218205715-8250\" class=\"\">El reporte dice que \u201c<strong>esta din\u00e1mica refleja el magro desempe\u00f1o de las actividades econ\u00f3micas vinculadas al consumo y al mercado interno<\/strong>\u201d.<\/p>\n<p id=\"p-1788218205715-5624\">En cuanto a la suba del impuesto a las Ganancias, afirma que se debe al efecto de la <strong>postergaci\u00f3n del vencimiento del pago y de la presentaci\u00f3n de declaraciones juradas<\/strong>.<\/p>\n<div contenteditable=\"false\" class=\"embed_cont type_imagen\" id=\"8272029-Libre-2066798821_wrap\" style=\"opacity:1;height:auto;\">\n<div id=\"8272029-Libre-2066798821_content\" class=\"embed_content\"><img src=\"https:\/\/media.ambito.com\/p\/789af1511f6461c11ad82def3e90ce82\/adjuntos\/239\/imagenes\/043\/614\/0043614600\/730x0\/smart\/iva.jpg\" decoding=\"async\" fetchpriority=\"low\" loading=\"lazy\" alt=\"\" title=\"\" width=\"730\" height=\"undefined\" id=\"8272029-Libre-2066798821_embed\"\/><\/div><\/div>\n<p id=\"p-1788218317490-31168\" class=\"\">Durante los <strong>primeros dos meses del a\u00f1o<\/strong>, el tributo registr\u00f3 ca\u00eddas marginales (0,2% en enero y 0,9% en febrero). <strong>Estas se profundizaron en marzo (13,1%) y se mantuvieron en abril (2,4%)<\/strong>.<\/p>\n<p id=\"p-1788218317490-51755\" class=\"\">\u201cEn mayo se <strong>registr\u00f3 un marcado rebote del 25,9%, impulsado por el vencimiento y el pago de los saldos de las declaraciones juradas de personas jur\u00eddicas<\/strong>, aunque en junio la din\u00e1mica volvi\u00f3 a terreno negativo, con un retroceso interanual del 14,2%\u201d, dice el CEPA.<\/p>\n<p id=\"p-1788218317490-10651\" class=\"\">En tanto, <strong>julio mostr\u00f3 una importante recuperaci\u00f3n del 19,8% real interanual<\/strong>, traccionada por el cobro de los anticipos de empresas y el ingreso de las <strong>declaraciones juradas de personas humanas<\/strong>.<\/p>\n<p id=\"p-1788218317490-24028\">En agosto, el tributo <strong>volvi\u00f3 a tomar impulso, con una mejora del 9% interanual<\/strong>. \u201cEsta alza estuvo directamente asociada a las decisiones operativas de la ARCA (ex-AFIP), que prorrog\u00f3 hasta el 27 de agosto la presentaci\u00f3n de las declaraciones juradas\u201d, concluye el reporte privado.<\/p>\n<p>El desempe\u00f1o completo de los principales impuestos se conocer\u00e1 este martes, cuando la<strong> ARCA publique el dato oficial de recaudaci\u00f3n tributaria de agosto.<\/strong><\/p>\n<\/p><\/div>\n<p><script>\n!function(f,b,e,v,n,t,s)\n{if(f.fbq)return;n=f.fbq=function(){n.callMethod?\nn.callMethod.apply(n,arguments):n.queue.push(arguments)};\nif(!f._fbq)f._fbq=n;n.push=n;n.loaded=!0;n.version='2.0';\nn.queue=[];t=b.createElement(e);t.async=!0;\nt.src=v;s=b.getElementsByTagName(e)[0];\ns.parentNode.insertBefore(t,s)}(window,document,'script',\n'https:\/\/connect.facebook.net\/en_US\/fbevents.js');\nfbq('init', '2047048335588113');\nfbq('track', 'PageView');\n<\/script><br \/>\n<br \/><\/p>\n","protected":false},"excerpt":{"rendered":"<p>Los env\u00edos de recursos autom\u00e1ticos a las provincias casi no tuvieron variaci\u00f3n en agosto con relaci\u00f3n a igual mes del a\u00f1o pasado. Apenas cayeron 0,1% en t\u00e9rminos reales, lo que ser\u00eda una se\u00f1al de que la recaudaci\u00f3n nacional se estar\u00eda estabilizando, aunque en niveles bajos. La consultora Politikon Chaco se\u00f1ala que las transferencias autom\u00e1ticas de [&hellip;]<\/p>\n","protected":false},"author":1,"featured_media":206665,"comment_status":"closed","ping_status":"closed","sticky":false,"template":"","format":"standard","meta":{"footnotes":""},"categories":[28],"tags":[],"class_list":["post-210034","post","type-post","status-publish","format-standard","has-post-thumbnail","hentry","category-economia"],"yoast_head":"<!-- This site is optimized with the Yoast SEO plugin v24.4 - https:\/\/yoast.com\/wordpress\/plugins\/seo\/ -->\n<title>se fren\u00f3 la ca\u00edda de los recursos enviados a las provincias, pese a que el IVA no levanta - GYS NOTICIAS |<\/title>\n<meta name=\"robots\" content=\"index, follow, max-snippet:-1, max-image-preview:large, max-video-preview:-1\" \/>\n<link rel=\"canonical\" href=\"https:\/\/gysfm.com.ar\/inicio\/se-freno-la-caida-de-los-recursos-enviados-a-las-provincias-pese-a-que-el-iva-no-levanta\/\" \/>\n<meta property=\"og:locale\" content=\"es_ES\" \/>\n<meta property=\"og:type\" content=\"article\" \/>\n<meta property=\"og:title\" content=\"se fren\u00f3 la ca\u00edda de los recursos enviados a las provincias, pese a que el IVA no levanta - GYS NOTICIAS |\" \/>\n<meta property=\"og:description\" content=\"Los env\u00edos de recursos autom\u00e1ticos a las provincias casi no tuvieron variaci\u00f3n en agosto con relaci\u00f3n a igual mes del a\u00f1o pasado. Apenas cayeron 0,1% en t\u00e9rminos reales, lo que ser\u00eda una se\u00f1al de que la recaudaci\u00f3n nacional se estar\u00eda estabilizando, aunque en niveles bajos. La consultora Politikon Chaco se\u00f1ala que las transferencias autom\u00e1ticas de [&hellip;]\" \/>\n<meta property=\"og:url\" content=\"https:\/\/gysfm.com.ar\/inicio\/se-freno-la-caida-de-los-recursos-enviados-a-las-provincias-pese-a-que-el-iva-no-levanta\/\" \/>\n<meta property=\"og:site_name\" content=\"GYS NOTICIAS |\" \/>\n<meta property=\"article:published_time\" content=\"2026-09-01T11:08:13+00:00\" \/>\n<meta property=\"og:image\" content=\"https:\/\/media.ambito.com\/p\/8ec41a4fa0ca27a087ee5396ac18a1c2\/adjuntos\/239\/imagenes\/043\/614\/0043614599\/730x0\/smart\/gannancias.jpg\" \/>\n<meta name=\"author\" content=\"admin\" \/>\n<meta name=\"twitter:card\" content=\"summary_large_image\" \/>\n<meta name=\"twitter:label1\" content=\"Escrito por\" \/>\n\t<meta name=\"twitter:data1\" content=\"admin\" \/>\n\t<meta name=\"twitter:label2\" content=\"Tiempo de lectura\" \/>\n\t<meta name=\"twitter:data2\" content=\"3 minutos\" \/>\n<script type=\"application\/ld+json\" class=\"yoast-schema-graph\">{\"@context\":\"https:\/\/schema.org\",\"@graph\":[{\"@type\":\"Article\",\"@id\":\"https:\/\/gysfm.com.ar\/inicio\/se-freno-la-caida-de-los-recursos-enviados-a-las-provincias-pese-a-que-el-iva-no-levanta\/#article\",\"isPartOf\":{\"@id\":\"https:\/\/gysfm.com.ar\/inicio\/se-freno-la-caida-de-los-recursos-enviados-a-las-provincias-pese-a-que-el-iva-no-levanta\/\"},\"author\":{\"name\":\"admin\",\"@id\":\"https:\/\/gysfm.com.ar\/inicio\/#\/schema\/person\/5bedd7ecd35cc35548d89effafa23696\"},\"headline\":\"se fren\u00f3 la ca\u00edda de los recursos enviados a las provincias, pese a que el IVA no levanta\",\"datePublished\":\"2026-09-01T11:08:13+00:00\",\"mainEntityOfPage\":{\"@id\":\"https:\/\/gysfm.com.ar\/inicio\/se-freno-la-caida-de-los-recursos-enviados-a-las-provincias-pese-a-que-el-iva-no-levanta\/\"},\"wordCount\":650,\"publisher\":{\"@id\":\"https:\/\/gysfm.com.ar\/inicio\/#organization\"},\"image\":{\"@id\":\"https:\/\/gysfm.com.ar\/inicio\/se-freno-la-caida-de-los-recursos-enviados-a-las-provincias-pese-a-que-el-iva-no-levanta\/#primaryimage\"},\"thumbnailUrl\":\"https:\/\/gysfm.com.ar\/inicio\/wp-content\/uploads\/2026\/07\/arca-agencia-recaudacion-y-control-aduanero-afip.webp.jpeg\",\"articleSection\":[\"ECONOMIA\"],\"inLanguage\":\"es\"},{\"@type\":\"WebPage\",\"@id\":\"https:\/\/gysfm.com.ar\/inicio\/se-freno-la-caida-de-los-recursos-enviados-a-las-provincias-pese-a-que-el-iva-no-levanta\/\",\"url\":\"https:\/\/gysfm.com.ar\/inicio\/se-freno-la-caida-de-los-recursos-enviados-a-las-provincias-pese-a-que-el-iva-no-levanta\/\",\"name\":\"se fren\u00f3 la ca\u00edda de los recursos enviados a las provincias, pese a que el IVA no levanta - GYS NOTICIAS |\",\"isPartOf\":{\"@id\":\"https:\/\/gysfm.com.ar\/inicio\/#website\"},\"primaryImageOfPage\":{\"@id\":\"https:\/\/gysfm.com.ar\/inicio\/se-freno-la-caida-de-los-recursos-enviados-a-las-provincias-pese-a-que-el-iva-no-levanta\/#primaryimage\"},\"image\":{\"@id\":\"https:\/\/gysfm.com.ar\/inicio\/se-freno-la-caida-de-los-recursos-enviados-a-las-provincias-pese-a-que-el-iva-no-levanta\/#primaryimage\"},\"thumbnailUrl\":\"https:\/\/gysfm.com.ar\/inicio\/wp-content\/uploads\/2026\/07\/arca-agencia-recaudacion-y-control-aduanero-afip.webp.jpeg\",\"datePublished\":\"2026-09-01T11:08:13+00:00\",\"breadcrumb\":{\"@id\":\"https:\/\/gysfm.com.ar\/inicio\/se-freno-la-caida-de-los-recursos-enviados-a-las-provincias-pese-a-que-el-iva-no-levanta\/#breadcrumb\"},\"inLanguage\":\"es\",\"potentialAction\":[{\"@type\":\"ReadAction\",\"target\":[\"https:\/\/gysfm.com.ar\/inicio\/se-freno-la-caida-de-los-recursos-enviados-a-las-provincias-pese-a-que-el-iva-no-levanta\/\"]}]},{\"@type\":\"ImageObject\",\"inLanguage\":\"es\",\"@id\":\"https:\/\/gysfm.com.ar\/inicio\/se-freno-la-caida-de-los-recursos-enviados-a-las-provincias-pese-a-que-el-iva-no-levanta\/#primaryimage\",\"url\":\"https:\/\/gysfm.com.ar\/inicio\/wp-content\/uploads\/2026\/07\/arca-agencia-recaudacion-y-control-aduanero-afip.webp.jpeg\",\"contentUrl\":\"https:\/\/gysfm.com.ar\/inicio\/wp-content\/uploads\/2026\/07\/arca-agencia-recaudacion-y-control-aduanero-afip.webp.jpeg\",\"width\":1200,\"height\":675},{\"@type\":\"BreadcrumbList\",\"@id\":\"https:\/\/gysfm.com.ar\/inicio\/se-freno-la-caida-de-los-recursos-enviados-a-las-provincias-pese-a-que-el-iva-no-levanta\/#breadcrumb\",\"itemListElement\":[{\"@type\":\"ListItem\",\"position\":1,\"name\":\"Portada\",\"item\":\"https:\/\/gysfm.com.ar\/inicio\/\"},{\"@type\":\"ListItem\",\"position\":2,\"name\":\"se fren\u00f3 la ca\u00edda de los recursos enviados a las provincias, pese a que el IVA no levanta\"}]},{\"@type\":\"WebSite\",\"@id\":\"https:\/\/gysfm.com.ar\/inicio\/#website\",\"url\":\"https:\/\/gysfm.com.ar\/inicio\/\",\"name\":\"GYS NOTICIAS |\",\"description\":\"DIARIO - RADIO ONLINE SAN JUAN ARGENTINA\",\"publisher\":{\"@id\":\"https:\/\/gysfm.com.ar\/inicio\/#organization\"},\"potentialAction\":[{\"@type\":\"SearchAction\",\"target\":{\"@type\":\"EntryPoint\",\"urlTemplate\":\"https:\/\/gysfm.com.ar\/inicio\/?s={search_term_string}\"},\"query-input\":{\"@type\":\"PropertyValueSpecification\",\"valueRequired\":true,\"valueName\":\"search_term_string\"}}],\"inLanguage\":\"es\"},{\"@type\":\"Organization\",\"@id\":\"https:\/\/gysfm.com.ar\/inicio\/#organization\",\"name\":\"GYS NOTICIAS |\",\"url\":\"https:\/\/gysfm.com.ar\/inicio\/\",\"logo\":{\"@type\":\"ImageObject\",\"inLanguage\":\"es\",\"@id\":\"https:\/\/gysfm.com.ar\/inicio\/#\/schema\/logo\/image\/\",\"url\":\"https:\/\/gysfm.com.ar\/inicio\/wp-content\/uploads\/2023\/07\/LOGOGYS-OK.png\",\"contentUrl\":\"https:\/\/gysfm.com.ar\/inicio\/wp-content\/uploads\/2023\/07\/LOGOGYS-OK.png\",\"width\":1170,\"height\":872,\"caption\":\"GYS NOTICIAS |\"},\"image\":{\"@id\":\"https:\/\/gysfm.com.ar\/inicio\/#\/schema\/logo\/image\/\"}},{\"@type\":\"Person\",\"@id\":\"https:\/\/gysfm.com.ar\/inicio\/#\/schema\/person\/5bedd7ecd35cc35548d89effafa23696\",\"name\":\"admin\",\"image\":{\"@type\":\"ImageObject\",\"inLanguage\":\"es\",\"@id\":\"https:\/\/gysfm.com.ar\/inicio\/#\/schema\/person\/image\/\",\"url\":\"https:\/\/secure.gravatar.com\/avatar\/c331d312b5243fb64d5ba28108a447b27c925295129a363082c9ea52c28d32c2?s=96&d=mm&r=g\",\"contentUrl\":\"https:\/\/secure.gravatar.com\/avatar\/c331d312b5243fb64d5ba28108a447b27c925295129a363082c9ea52c28d32c2?s=96&d=mm&r=g\",\"caption\":\"admin\"},\"sameAs\":[\"https:\/\/gysfm.com.ar\/inicio\"],\"url\":\"https:\/\/gysfm.com.ar\/inicio\/author\/admin\/\"}]}<\/script>\n<!-- \/ Yoast SEO plugin. -->","yoast_head_json":{"title":"se fren\u00f3 la ca\u00edda de los recursos enviados a las provincias, pese a que el IVA no levanta - GYS NOTICIAS |","robots":{"index":"index","follow":"follow","max-snippet":"max-snippet:-1","max-image-preview":"max-image-preview:large","max-video-preview":"max-video-preview:-1"},"canonical":"https:\/\/gysfm.com.ar\/inicio\/se-freno-la-caida-de-los-recursos-enviados-a-las-provincias-pese-a-que-el-iva-no-levanta\/","og_locale":"es_ES","og_type":"article","og_title":"se fren\u00f3 la ca\u00edda de los recursos enviados a las provincias, pese a que el IVA no levanta - GYS NOTICIAS |","og_description":"Los env\u00edos de recursos autom\u00e1ticos a las provincias casi no tuvieron variaci\u00f3n en agosto con relaci\u00f3n a igual mes del a\u00f1o pasado. Apenas cayeron 0,1% en t\u00e9rminos reales, lo que ser\u00eda una se\u00f1al de que la recaudaci\u00f3n nacional se estar\u00eda estabilizando, aunque en niveles bajos. La consultora Politikon Chaco se\u00f1ala que las transferencias autom\u00e1ticas de [&hellip;]","og_url":"https:\/\/gysfm.com.ar\/inicio\/se-freno-la-caida-de-los-recursos-enviados-a-las-provincias-pese-a-que-el-iva-no-levanta\/","og_site_name":"GYS NOTICIAS |","article_published_time":"2026-09-01T11:08:13+00:00","og_image":[{"url":"https:\/\/media.ambito.com\/p\/8ec41a4fa0ca27a087ee5396ac18a1c2\/adjuntos\/239\/imagenes\/043\/614\/0043614599\/730x0\/smart\/gannancias.jpg","type":"","width":"","height":""}],"author":"admin","twitter_card":"summary_large_image","twitter_misc":{"Escrito por":"admin","Tiempo de lectura":"3 minutos"},"schema":{"@context":"https:\/\/schema.org","@graph":[{"@type":"Article","@id":"https:\/\/gysfm.com.ar\/inicio\/se-freno-la-caida-de-los-recursos-enviados-a-las-provincias-pese-a-que-el-iva-no-levanta\/#article","isPartOf":{"@id":"https:\/\/gysfm.com.ar\/inicio\/se-freno-la-caida-de-los-recursos-enviados-a-las-provincias-pese-a-que-el-iva-no-levanta\/"},"author":{"name":"admin","@id":"https:\/\/gysfm.com.ar\/inicio\/#\/schema\/person\/5bedd7ecd35cc35548d89effafa23696"},"headline":"se fren\u00f3 la ca\u00edda de los recursos enviados a las provincias, pese a que el IVA no levanta","datePublished":"2026-09-01T11:08:13+00:00","mainEntityOfPage":{"@id":"https:\/\/gysfm.com.ar\/inicio\/se-freno-la-caida-de-los-recursos-enviados-a-las-provincias-pese-a-que-el-iva-no-levanta\/"},"wordCount":650,"publisher":{"@id":"https:\/\/gysfm.com.ar\/inicio\/#organization"},"image":{"@id":"https:\/\/gysfm.com.ar\/inicio\/se-freno-la-caida-de-los-recursos-enviados-a-las-provincias-pese-a-que-el-iva-no-levanta\/#primaryimage"},"thumbnailUrl":"https:\/\/gysfm.com.ar\/inicio\/wp-content\/uploads\/2026\/07\/arca-agencia-recaudacion-y-control-aduanero-afip.webp.jpeg","articleSection":["ECONOMIA"],"inLanguage":"es"},{"@type":"WebPage","@id":"https:\/\/gysfm.com.ar\/inicio\/se-freno-la-caida-de-los-recursos-enviados-a-las-provincias-pese-a-que-el-iva-no-levanta\/","url":"https:\/\/gysfm.com.ar\/inicio\/se-freno-la-caida-de-los-recursos-enviados-a-las-provincias-pese-a-que-el-iva-no-levanta\/","name":"se fren\u00f3 la ca\u00edda de los recursos enviados a las provincias, pese a que el IVA no levanta - GYS NOTICIAS |","isPartOf":{"@id":"https:\/\/gysfm.com.ar\/inicio\/#website"},"primaryImageOfPage":{"@id":"https:\/\/gysfm.com.ar\/inicio\/se-freno-la-caida-de-los-recursos-enviados-a-las-provincias-pese-a-que-el-iva-no-levanta\/#primaryimage"},"image":{"@id":"https:\/\/gysfm.com.ar\/inicio\/se-freno-la-caida-de-los-recursos-enviados-a-las-provincias-pese-a-que-el-iva-no-levanta\/#primaryimage"},"thumbnailUrl":"https:\/\/gysfm.com.ar\/inicio\/wp-content\/uploads\/2026\/07\/arca-agencia-recaudacion-y-control-aduanero-afip.webp.jpeg","datePublished":"2026-09-01T11:08:13+00:00","breadcrumb":{"@id":"https:\/\/gysfm.com.ar\/inicio\/se-freno-la-caida-de-los-recursos-enviados-a-las-provincias-pese-a-que-el-iva-no-levanta\/#breadcrumb"},"inLanguage":"es","potentialAction":[{"@type":"ReadAction","target":["https:\/\/gysfm.com.ar\/inicio\/se-freno-la-caida-de-los-recursos-enviados-a-las-provincias-pese-a-que-el-iva-no-levanta\/"]}]},{"@type":"ImageObject","inLanguage":"es","@id":"https:\/\/gysfm.com.ar\/inicio\/se-freno-la-caida-de-los-recursos-enviados-a-las-provincias-pese-a-que-el-iva-no-levanta\/#primaryimage","url":"https:\/\/gysfm.com.ar\/inicio\/wp-content\/uploads\/2026\/07\/arca-agencia-recaudacion-y-control-aduanero-afip.webp.jpeg","contentUrl":"https:\/\/gysfm.com.ar\/inicio\/wp-content\/uploads\/2026\/07\/arca-agencia-recaudacion-y-control-aduanero-afip.webp.jpeg","width":1200,"height":675},{"@type":"BreadcrumbList","@id":"https:\/\/gysfm.com.ar\/inicio\/se-freno-la-caida-de-los-recursos-enviados-a-las-provincias-pese-a-que-el-iva-no-levanta\/#breadcrumb","itemListElement":[{"@type":"ListItem","position":1,"name":"Portada","item":"https:\/\/gysfm.com.ar\/inicio\/"},{"@type":"ListItem","position":2,"name":"se fren\u00f3 la ca\u00edda de los recursos enviados a las provincias, pese a que el IVA no levanta"}]},{"@type":"WebSite","@id":"https:\/\/gysfm.com.ar\/inicio\/#website","url":"https:\/\/gysfm.com.ar\/inicio\/","name":"GYS NOTICIAS |","description":"DIARIO - RADIO ONLINE SAN JUAN ARGENTINA","publisher":{"@id":"https:\/\/gysfm.com.ar\/inicio\/#organization"},"potentialAction":[{"@type":"SearchAction","target":{"@type":"EntryPoint","urlTemplate":"https:\/\/gysfm.com.ar\/inicio\/?s={search_term_string}"},"query-input":{"@type":"PropertyValueSpecification","valueRequired":true,"valueName":"search_term_string"}}],"inLanguage":"es"},{"@type":"Organization","@id":"https:\/\/gysfm.com.ar\/inicio\/#organization","name":"GYS NOTICIAS |","url":"https:\/\/gysfm.com.ar\/inicio\/","logo":{"@type":"ImageObject","inLanguage":"es","@id":"https:\/\/gysfm.com.ar\/inicio\/#\/schema\/logo\/image\/","url":"https:\/\/gysfm.com.ar\/inicio\/wp-content\/uploads\/2023\/07\/LOGOGYS-OK.png","contentUrl":"https:\/\/gysfm.com.ar\/inicio\/wp-content\/uploads\/2023\/07\/LOGOGYS-OK.png","width":1170,"height":872,"caption":"GYS NOTICIAS |"},"image":{"@id":"https:\/\/gysfm.com.ar\/inicio\/#\/schema\/logo\/image\/"}},{"@type":"Person","@id":"https:\/\/gysfm.com.ar\/inicio\/#\/schema\/person\/5bedd7ecd35cc35548d89effafa23696","name":"admin","image":{"@type":"ImageObject","inLanguage":"es","@id":"https:\/\/gysfm.com.ar\/inicio\/#\/schema\/person\/image\/","url":"https:\/\/secure.gravatar.com\/avatar\/c331d312b5243fb64d5ba28108a447b27c925295129a363082c9ea52c28d32c2?s=96&d=mm&r=g","contentUrl":"https:\/\/secure.gravatar.com\/avatar\/c331d312b5243fb64d5ba28108a447b27c925295129a363082c9ea52c28d32c2?s=96&d=mm&r=g","caption":"admin"},"sameAs":["https:\/\/gysfm.com.ar\/inicio"],"url":"https:\/\/gysfm.com.ar\/inicio\/author\/admin\/"}]}},"_links":{"self":[{"href":"https:\/\/gysfm.com.ar\/inicio\/wp-json\/wp\/v2\/posts\/210034","targetHints":{"allow":["GET"]}}],"collection":[{"href":"https:\/\/gysfm.com.ar\/inicio\/wp-json\/wp\/v2\/posts"}],"about":[{"href":"https:\/\/gysfm.com.ar\/inicio\/wp-json\/wp\/v2\/types\/post"}],"author":[{"embeddable":true,"href":"https:\/\/gysfm.com.ar\/inicio\/wp-json\/wp\/v2\/users\/1"}],"replies":[{"embeddable":true,"href":"https:\/\/gysfm.com.ar\/inicio\/wp-json\/wp\/v2\/comments?post=210034"}],"version-history":[{"count":0,"href":"https:\/\/gysfm.com.ar\/inicio\/wp-json\/wp\/v2\/posts\/210034\/revisions"}],"wp:featuredmedia":[{"embeddable":true,"href":"https:\/\/gysfm.com.ar\/inicio\/wp-json\/wp\/v2\/media\/206665"}],"wp:attachment":[{"href":"https:\/\/gysfm.com.ar\/inicio\/wp-json\/wp\/v2\/media?parent=210034"}],"wp:term":[{"taxonomy":"category","embeddable":true,"href":"https:\/\/gysfm.com.ar\/inicio\/wp-json\/wp\/v2\/categories?post=210034"},{"taxonomy":"post_tag","embeddable":true,"href":"https:\/\/gysfm.com.ar\/inicio\/wp-json\/wp\/v2\/tags?post=210034"}],"curies":[{"name":"wp","href":"https:\/\/api.w.org\/{rel}","templated":true}]}}