{"id":210033,"date":"2026-09-01T07:06:12","date_gmt":"2026-09-01T10:06:12","guid":{"rendered":"https:\/\/gysfm.com.ar\/inicio\/siete-de-cada-diez-fueron-importados\/"},"modified":"2026-09-01T07:06:12","modified_gmt":"2026-09-01T10:06:12","slug":"siete-de-cada-diez-fueron-importados","status":"publish","type":"post","link":"https:\/\/gysfm.com.ar\/inicio\/siete-de-cada-diez-fueron-importados\/","title":{"rendered":"siete de cada diez fueron importados"},"content":{"rendered":"<p> <br \/>\n<\/p>\n<div>\t\t<!-- { REGION4 --> <\/p>\n<header class=\"news-headline\">\n<div class=\"news-headline__topics-and-date-wrapper\">    <span class=\"news-headline__publication-date\"> 31 de agosto 2026 &#8211; 20:57<br \/>\n            <\/span><\/div>\n<h2 class=\"news-headline__article-summary\"\/>\n<p id=\"p-1788216047027-28890\" class=\"ignore-parser\"> El derrumbe fue menor al de julio, pero mayor al de junio. En el sector afirman que est\u00e1n trabajando en pos de una reconversi\u00f3n.<\/p>\n<\/header>\n<article class=\"article-body article-body--first-paragraph\" data-td-script-src=\"https:\/\/www.ambito.com\/td\/modulos\/encuestas\/js\/function-embeds-min-version-1788149222.js\">\n<p id=\"p-1788216048043-17703\"><strong>El patentamiento de autos 0km sufri\u00f3 un nuevo derrumbe anual en agosto y el \u00abshare\u00bb de importados alcanz\u00f3 el 70%<\/strong>. En el sector sostienen que est\u00e1n haciendo todo lo posible para que la actividad no caiga m\u00e1s a\u00fan y hablan de una \u00abreconversi\u00f3n\u00bb.<\/p>\n<\/article>\n<section class=\"suscription-false printed-edition\" style=\"display:none\">\n<p> El contenido al que quiere acceder es exclusivo para suscriptores.<\/p>\n<p>  <span> <button type=\"button\" name=\"button\" class=\"subscribe-btn mercadopago-btn\">suscribirse<\/button><\/span>  <span class=\"btns\"><button type=\"button\" name=\"button\" class=\"subscribe-btn reload-login\"> ya estoy suscripto<\/button><\/span>  <\/p>\n<\/section>\n<article class=\"article-body article-body--second-paragraph\">\n<p id=\"p-1788217244406-56300\">Seg\u00fan inform\u00f3 la Asociaci\u00f3n de Concesionarios Automotores de la Rep\u00fablica Argentina (<strong>ACARA<\/strong>) este lunes, durante el octavo mes del a\u00f1o se registraron <strong>44.415 nuevos veh\u00edculos, un 19,1% menos que en el mismo mes de 2025<\/strong>. La baja fue menor a la de julio (-30,3%), pero mayor a la de junio (+12,8%).<\/p>\n<\/article>\n<section class=\"related-news\">\t\t<span class=\"related-news__title\">Informate m\u00e1s<\/span>\t\t<\/p>\n<div class=\"row row--eq-height\">\n<div class=\"col-12 col-md-6\">\n<article class=\"news-article news-article--landscape-news news-article--landscape-news\">\n<figure class=\"news-article__figure figure\">\n\t\t\t\t\t\t\t\t\t\t\t<img src=\"https:\/\/media.ambito.com\/p\/e7db8bb51ba557f0f0ca4d3697bdefed\/adjuntos\/239\/imagenes\/043\/203\/0043203413\/concesionarias.webp\" decoding=\"async\" fetchpriority=\"low\" loading=\"lazy\" alt=\"El Gobierno modific\u00f3 el r\u00e9gimen de homologaci\u00f3n de veh\u00edculos y habilit\u00f3 el reconocimiento de la certificaci\u00f3n estadounidense Blue Ribbon Letter para acreditar el cumplimiento de requisitos de seguridad activa y pasiva. La medida alcanza a autos fabricados e importados y entrar\u00e1 en vigencia desde este mi\u00e9rcoles.\" title=\"El Gobierno modific\u00f3 el r\u00e9gimen de homologaci\u00f3n de veh\u00edculos y habilit\u00f3 el reconocimiento de la certificaci\u00f3n estadounidense Blue Ribbon Letter para acreditar el cumplimiento de requisitos de seguridad activa y pasiva. La medida alcanza a autos fabricados e importados y entrar\u00e1 en vigencia desde este mi\u00e9rcoles.\" width=\"93\" height=\"52\" class=\"news-article__figure-img figure-img img-fluid\"\/>\t\t<\/figure>\n<\/article><\/div>\n<div class=\"col-12 col-md-6\">\n<article class=\"news-article news-article--landscape-news news-article--landscape-news\">\n<figure class=\"news-article__figure figure\">\n\t\t\t\t\t\t\t\t\t\t\t<img src=\"https:\/\/media.ambito.com\/p\/7e9e61f5a62ceac43ce4e0cf3cd77600\/adjuntos\/239\/imagenes\/043\/600\/0043600179\/93x52\/smart\/fotolia43054424subscriptionxxl1-1500x1000.jpg\" decoding=\"async\" fetchpriority=\"low\" loading=\"lazy\" alt=\"Antes de intentar abrir o encender el veh\u00edculo por cuenta propia, conviene verificar qu\u00e9 tipo de llave utiliza el auto y qu\u00e9 cobertura ofrece el seguro.\" title=\"Antes de intentar abrir o encender el veh\u00edculo por cuenta propia, conviene verificar qu\u00e9 tipo de llave utiliza el auto y qu\u00e9 cobertura ofrece el seguro.\" width=\"93\" height=\"52\" class=\"news-article__figure-img figure-img img-fluid\"\/>\t\t<\/figure>\n<\/article><\/div>\n<\/div>\n<\/section>\n<article class=\"article-body article-body--third-paragraph\">\n<div contenteditable=\"false\" class=\"embed_cont type_imagen\" id=\"8272047-Libre-880786641_wrap\">\n<div id=\"8272047-Libre-880786641_content\" class=\"embed_content\"><img src=\"https:\/\/media.ambito.com\/p\/3ef64afd664d8ae4d6e41ebbddd744db\/adjuntos\/239\/imagenes\/043\/614\/0043614667\/730x0\/smart\/image.png\" decoding=\"async\" fetchpriority=\"low\" loading=\"lazy\" alt=\"\" title=\"\" width=\"730\" height=\"undefined\" id=\"8272047-Libre-880786641_embed\"\/><\/div><\/div>\n<p id=\"p-1788217503970-89624\">El retroceso en el segmento de veh\u00edculos livianos fue similar al de los pesados. \u00abEl mercado sigue con una <strong>demanda selectiva<\/strong> que hay que conquistar y si bien <strong>la ca\u00edda interanual es importante<\/strong>, quiero destacar el esfuerzo que se est\u00e1 haciendo desde toda la cadena de valor para que estos n\u00fameros no sean m\u00e1s abultados. Estamos convencidos que en la medida que la actividad econ\u00f3mica siga hacia arriba, nuestro sector va a ser destinatario de un mayor n\u00famero de operaciones, pero <strong>hoy nos toca esperar y seguir consolidando una nueva oferta de movilidad que debe sumar a la venta de veh\u00edculos, mayores y mejores servicios asociados, en esa reconversi\u00f3n estamos trabajando fuerte<\/strong>\u00ab, declar\u00f3 el presidente de ACARA, <strong>Sebasti\u00e1n Beato<\/strong>.<\/p>\n<\/article>\n<article class=\"article-body article-body--fourth-paragraph\">\n<h2 id=\"p-1788218533208-41199\">M\u00e1s veh\u00edculos importados, con BYD afianzada en el Top 10 y un mercado en reconversi\u00f3n<\/h2>\n<p id=\"p-1788217657217-93449\">A nivel marcas, el principal cambio en el Top 5, respecto de agosto del a\u00f1o pasado, fue la salida de <strong>Renault <\/strong>(que est\u00e1 en plena reestructuraci\u00f3n de su producci\u00f3n para pasar a fabricar la pick-up Ni\u00e1gara) y el ascenso de<strong> Ford y Chevrolet<\/strong>, que ocuparon el puesto 3 y 4, respectivamente. El podio se mantuvo sin cambios, integrado por <strong>Toyota, Volkswagen y Fiat<\/strong>, aunque resalt\u00f3 una importante p\u00e9rdida de peso de la marca alemana. Mientras tanto, la fabricante de autos el\u00e9ctricos china, <strong>BYD<\/strong>, se posicion\u00f3 novena en el ranking.<\/p>\n<\/article>\n<article class=\"article-body article-body--fifth-paragraph\">\n<div contenteditable=\"false\" class=\"embed_cont type_imagen\" id=\"8272046-Libre-425856975_wrap\">\n<div id=\"8272046-Libre-425856975_content\" class=\"embed_content\"><img src=\"https:\/\/media.ambito.com\/p\/0a0f0f01fce0d035b6f8633399871dd1\/adjuntos\/239\/imagenes\/043\/614\/0043614666\/730x0\/smart\/image.png\" decoding=\"async\" fetchpriority=\"low\" loading=\"lazy\" alt=\"\" title=\"\" width=\"730\" height=\"undefined\" id=\"8272046-Libre-425856975_embed\"\/><\/div><\/div>\n<p id=\"p-1788218062472-69037\"><strong> La participaci\u00f3n de veh\u00edculos importados alcanz\u00f3 el 70%<\/strong>, una cifra que solo hab\u00eda tocado en un mes desde que asumi\u00f3 el gobierno libertario, aunque se ven\u00eda manteniendo muy cerca de ese umbral (en los \u00faltimos meses ven\u00eda siendo del 69%). Los n\u00fameros reflejan una tendencia clara de distribuci\u00f3n por origen, derivada de la pol\u00edtica de apertura comercial del oficialismo y cambios estructurales en muchas compa\u00f1\u00edas, que dejaron de producir veh\u00edculos livianos para especializarse (o incrementar su especializaci\u00f3n) en pick-ups.<\/p>\n<\/article>\n<article class=\"article-body article-body--remaining-paragraph\">\n<p id=\"p-1788218295129-48599\">\u00abFrente a julio, el total de patentamientos retrocedi\u00f3 un 1,5%, pero con un d\u00eda h\u00e1bil menos. El promedio diario de patentamientos subi\u00f3 un 3,4%, lo que indica que <strong>el ritmo del mercado mejor\u00f3 levemente<\/strong>\u00ab, se\u00f1al\u00f3 ACARA. En el acumulado de ocho meses alcanz\u00f3 las 385.091 unidades, un 13,3% por debajo del mismo per\u00edodo de 2025.<\/p>\n<\/article>\n<p>\t\t<!-- REGION4 } --><\/div>\n<p><script>\n!function(f,b,e,v,n,t,s)\n{if(f.fbq)return;n=f.fbq=function(){n.callMethod?\nn.callMethod.apply(n,arguments):n.queue.push(arguments)};\nif(!f._fbq)f._fbq=n;n.push=n;n.loaded=!0;n.version='2.0';\nn.queue=[];t=b.createElement(e);t.async=!0;\nt.src=v;s=b.getElementsByTagName(e)[0];\ns.parentNode.insertBefore(t,s)}(window,document,'script',\n'https:\/\/connect.facebook.net\/en_US\/fbevents.js');\nfbq('init', '2047048335588113');\nfbq('track', 'PageView');\n<\/script><br \/>\n<br \/><\/p>\n","protected":false},"excerpt":{"rendered":"<p>31 de agosto 2026 &#8211; 20:57 El derrumbe fue menor al de julio, pero mayor al de junio. En el sector afirman que est\u00e1n trabajando en pos de una reconversi\u00f3n. El patentamiento de autos 0km sufri\u00f3 un nuevo derrumbe anual en agosto y el \u00abshare\u00bb de importados alcanz\u00f3 el 70%. En el sector sostienen que [&hellip;]<\/p>\n","protected":false},"author":1,"featured_media":148183,"comment_status":"closed","ping_status":"closed","sticky":false,"template":"","format":"standard","meta":{"footnotes":""},"categories":[28],"tags":[],"class_list":["post-210033","post","type-post","status-publish","format-standard","has-post-thumbnail","hentry","category-economia"],"yoast_head":"<!-- This site is optimized with the Yoast SEO plugin v24.4 - https:\/\/yoast.com\/wordpress\/plugins\/seo\/ -->\n<title>siete de cada diez fueron importados - GYS NOTICIAS |<\/title>\n<meta name=\"robots\" content=\"index, follow, max-snippet:-1, max-image-preview:large, max-video-preview:-1\" \/>\n<link rel=\"canonical\" href=\"https:\/\/gysfm.com.ar\/inicio\/siete-de-cada-diez-fueron-importados\/\" \/>\n<meta property=\"og:locale\" content=\"es_ES\" \/>\n<meta property=\"og:type\" content=\"article\" \/>\n<meta property=\"og:title\" content=\"siete de cada diez fueron importados - GYS NOTICIAS |\" \/>\n<meta property=\"og:description\" content=\"31 de agosto 2026 &#8211; 20:57 El derrumbe fue menor al de julio, pero mayor al de junio. En el sector afirman que est\u00e1n trabajando en pos de una reconversi\u00f3n. El patentamiento de autos 0km sufri\u00f3 un nuevo derrumbe anual en agosto y el \u00abshare\u00bb de importados alcanz\u00f3 el 70%. En el sector sostienen que [&hellip;]\" \/>\n<meta property=\"og:url\" content=\"https:\/\/gysfm.com.ar\/inicio\/siete-de-cada-diez-fueron-importados\/\" \/>\n<meta property=\"og:site_name\" content=\"GYS NOTICIAS |\" \/>\n<meta property=\"article:published_time\" content=\"2026-09-01T10:06:12+00:00\" \/>\n<meta property=\"og:image\" content=\"https:\/\/media.ambito.com\/p\/e7db8bb51ba557f0f0ca4d3697bdefed\/adjuntos\/239\/imagenes\/043\/203\/0043203413\/concesionarias.webp\" \/>\n<meta name=\"author\" content=\"admin\" \/>\n<meta name=\"twitter:card\" content=\"summary_large_image\" \/>\n<meta name=\"twitter:label1\" content=\"Escrito por\" \/>\n\t<meta name=\"twitter:data1\" content=\"admin\" \/>\n\t<meta name=\"twitter:label2\" content=\"Tiempo de lectura\" \/>\n\t<meta name=\"twitter:data2\" content=\"3 minutos\" \/>\n<script type=\"application\/ld+json\" class=\"yoast-schema-graph\">{\"@context\":\"https:\/\/schema.org\",\"@graph\":[{\"@type\":\"Article\",\"@id\":\"https:\/\/gysfm.com.ar\/inicio\/siete-de-cada-diez-fueron-importados\/#article\",\"isPartOf\":{\"@id\":\"https:\/\/gysfm.com.ar\/inicio\/siete-de-cada-diez-fueron-importados\/\"},\"author\":{\"name\":\"admin\",\"@id\":\"https:\/\/gysfm.com.ar\/inicio\/#\/schema\/person\/5bedd7ecd35cc35548d89effafa23696\"},\"headline\":\"siete de cada diez fueron importados\",\"datePublished\":\"2026-09-01T10:06:12+00:00\",\"mainEntityOfPage\":{\"@id\":\"https:\/\/gysfm.com.ar\/inicio\/siete-de-cada-diez-fueron-importados\/\"},\"wordCount\":531,\"publisher\":{\"@id\":\"https:\/\/gysfm.com.ar\/inicio\/#organization\"},\"image\":{\"@id\":\"https:\/\/gysfm.com.ar\/inicio\/siete-de-cada-diez-fueron-importados\/#primaryimage\"},\"thumbnailUrl\":\"https:\/\/gysfm.com.ar\/inicio\/wp-content\/uploads\/2025\/09\/autos-concesionarias-0km.jpg\",\"articleSection\":[\"ECONOMIA\"],\"inLanguage\":\"es\"},{\"@type\":\"WebPage\",\"@id\":\"https:\/\/gysfm.com.ar\/inicio\/siete-de-cada-diez-fueron-importados\/\",\"url\":\"https:\/\/gysfm.com.ar\/inicio\/siete-de-cada-diez-fueron-importados\/\",\"name\":\"siete de cada diez fueron importados - GYS NOTICIAS |\",\"isPartOf\":{\"@id\":\"https:\/\/gysfm.com.ar\/inicio\/#website\"},\"primaryImageOfPage\":{\"@id\":\"https:\/\/gysfm.com.ar\/inicio\/siete-de-cada-diez-fueron-importados\/#primaryimage\"},\"image\":{\"@id\":\"https:\/\/gysfm.com.ar\/inicio\/siete-de-cada-diez-fueron-importados\/#primaryimage\"},\"thumbnailUrl\":\"https:\/\/gysfm.com.ar\/inicio\/wp-content\/uploads\/2025\/09\/autos-concesionarias-0km.jpg\",\"datePublished\":\"2026-09-01T10:06:12+00:00\",\"breadcrumb\":{\"@id\":\"https:\/\/gysfm.com.ar\/inicio\/siete-de-cada-diez-fueron-importados\/#breadcrumb\"},\"inLanguage\":\"es\",\"potentialAction\":[{\"@type\":\"ReadAction\",\"target\":[\"https:\/\/gysfm.com.ar\/inicio\/siete-de-cada-diez-fueron-importados\/\"]}]},{\"@type\":\"ImageObject\",\"inLanguage\":\"es\",\"@id\":\"https:\/\/gysfm.com.ar\/inicio\/siete-de-cada-diez-fueron-importados\/#primaryimage\",\"url\":\"https:\/\/gysfm.com.ar\/inicio\/wp-content\/uploads\/2025\/09\/autos-concesionarias-0km.jpg\",\"contentUrl\":\"https:\/\/gysfm.com.ar\/inicio\/wp-content\/uploads\/2025\/09\/autos-concesionarias-0km.jpg\",\"width\":1200,\"height\":675},{\"@type\":\"BreadcrumbList\",\"@id\":\"https:\/\/gysfm.com.ar\/inicio\/siete-de-cada-diez-fueron-importados\/#breadcrumb\",\"itemListElement\":[{\"@type\":\"ListItem\",\"position\":1,\"name\":\"Portada\",\"item\":\"https:\/\/gysfm.com.ar\/inicio\/\"},{\"@type\":\"ListItem\",\"position\":2,\"name\":\"siete de cada diez fueron importados\"}]},{\"@type\":\"WebSite\",\"@id\":\"https:\/\/gysfm.com.ar\/inicio\/#website\",\"url\":\"https:\/\/gysfm.com.ar\/inicio\/\",\"name\":\"GYS NOTICIAS |\",\"description\":\"DIARIO - RADIO ONLINE SAN JUAN ARGENTINA\",\"publisher\":{\"@id\":\"https:\/\/gysfm.com.ar\/inicio\/#organization\"},\"potentialAction\":[{\"@type\":\"SearchAction\",\"target\":{\"@type\":\"EntryPoint\",\"urlTemplate\":\"https:\/\/gysfm.com.ar\/inicio\/?s={search_term_string}\"},\"query-input\":{\"@type\":\"PropertyValueSpecification\",\"valueRequired\":true,\"valueName\":\"search_term_string\"}}],\"inLanguage\":\"es\"},{\"@type\":\"Organization\",\"@id\":\"https:\/\/gysfm.com.ar\/inicio\/#organization\",\"name\":\"GYS NOTICIAS |\",\"url\":\"https:\/\/gysfm.com.ar\/inicio\/\",\"logo\":{\"@type\":\"ImageObject\",\"inLanguage\":\"es\",\"@id\":\"https:\/\/gysfm.com.ar\/inicio\/#\/schema\/logo\/image\/\",\"url\":\"https:\/\/gysfm.com.ar\/inicio\/wp-content\/uploads\/2023\/07\/LOGOGYS-OK.png\",\"contentUrl\":\"https:\/\/gysfm.com.ar\/inicio\/wp-content\/uploads\/2023\/07\/LOGOGYS-OK.png\",\"width\":1170,\"height\":872,\"caption\":\"GYS NOTICIAS |\"},\"image\":{\"@id\":\"https:\/\/gysfm.com.ar\/inicio\/#\/schema\/logo\/image\/\"}},{\"@type\":\"Person\",\"@id\":\"https:\/\/gysfm.com.ar\/inicio\/#\/schema\/person\/5bedd7ecd35cc35548d89effafa23696\",\"name\":\"admin\",\"image\":{\"@type\":\"ImageObject\",\"inLanguage\":\"es\",\"@id\":\"https:\/\/gysfm.com.ar\/inicio\/#\/schema\/person\/image\/\",\"url\":\"https:\/\/secure.gravatar.com\/avatar\/c331d312b5243fb64d5ba28108a447b27c925295129a363082c9ea52c28d32c2?s=96&d=mm&r=g\",\"contentUrl\":\"https:\/\/secure.gravatar.com\/avatar\/c331d312b5243fb64d5ba28108a447b27c925295129a363082c9ea52c28d32c2?s=96&d=mm&r=g\",\"caption\":\"admin\"},\"sameAs\":[\"https:\/\/gysfm.com.ar\/inicio\"],\"url\":\"https:\/\/gysfm.com.ar\/inicio\/author\/admin\/\"}]}<\/script>\n<!-- \/ Yoast SEO plugin. -->","yoast_head_json":{"title":"siete de cada diez fueron importados - GYS NOTICIAS |","robots":{"index":"index","follow":"follow","max-snippet":"max-snippet:-1","max-image-preview":"max-image-preview:large","max-video-preview":"max-video-preview:-1"},"canonical":"https:\/\/gysfm.com.ar\/inicio\/siete-de-cada-diez-fueron-importados\/","og_locale":"es_ES","og_type":"article","og_title":"siete de cada diez fueron importados - GYS NOTICIAS |","og_description":"31 de agosto 2026 &#8211; 20:57 El derrumbe fue menor al de julio, pero mayor al de junio. En el sector afirman que est\u00e1n trabajando en pos de una reconversi\u00f3n. El patentamiento de autos 0km sufri\u00f3 un nuevo derrumbe anual en agosto y el \u00abshare\u00bb de importados alcanz\u00f3 el 70%. En el sector sostienen que [&hellip;]","og_url":"https:\/\/gysfm.com.ar\/inicio\/siete-de-cada-diez-fueron-importados\/","og_site_name":"GYS NOTICIAS |","article_published_time":"2026-09-01T10:06:12+00:00","og_image":[{"url":"https:\/\/media.ambito.com\/p\/e7db8bb51ba557f0f0ca4d3697bdefed\/adjuntos\/239\/imagenes\/043\/203\/0043203413\/concesionarias.webp","type":"","width":"","height":""}],"author":"admin","twitter_card":"summary_large_image","twitter_misc":{"Escrito por":"admin","Tiempo de lectura":"3 minutos"},"schema":{"@context":"https:\/\/schema.org","@graph":[{"@type":"Article","@id":"https:\/\/gysfm.com.ar\/inicio\/siete-de-cada-diez-fueron-importados\/#article","isPartOf":{"@id":"https:\/\/gysfm.com.ar\/inicio\/siete-de-cada-diez-fueron-importados\/"},"author":{"name":"admin","@id":"https:\/\/gysfm.com.ar\/inicio\/#\/schema\/person\/5bedd7ecd35cc35548d89effafa23696"},"headline":"siete de cada diez fueron importados","datePublished":"2026-09-01T10:06:12+00:00","mainEntityOfPage":{"@id":"https:\/\/gysfm.com.ar\/inicio\/siete-de-cada-diez-fueron-importados\/"},"wordCount":531,"publisher":{"@id":"https:\/\/gysfm.com.ar\/inicio\/#organization"},"image":{"@id":"https:\/\/gysfm.com.ar\/inicio\/siete-de-cada-diez-fueron-importados\/#primaryimage"},"thumbnailUrl":"https:\/\/gysfm.com.ar\/inicio\/wp-content\/uploads\/2025\/09\/autos-concesionarias-0km.jpg","articleSection":["ECONOMIA"],"inLanguage":"es"},{"@type":"WebPage","@id":"https:\/\/gysfm.com.ar\/inicio\/siete-de-cada-diez-fueron-importados\/","url":"https:\/\/gysfm.com.ar\/inicio\/siete-de-cada-diez-fueron-importados\/","name":"siete de cada diez fueron importados - GYS NOTICIAS |","isPartOf":{"@id":"https:\/\/gysfm.com.ar\/inicio\/#website"},"primaryImageOfPage":{"@id":"https:\/\/gysfm.com.ar\/inicio\/siete-de-cada-diez-fueron-importados\/#primaryimage"},"image":{"@id":"https:\/\/gysfm.com.ar\/inicio\/siete-de-cada-diez-fueron-importados\/#primaryimage"},"thumbnailUrl":"https:\/\/gysfm.com.ar\/inicio\/wp-content\/uploads\/2025\/09\/autos-concesionarias-0km.jpg","datePublished":"2026-09-01T10:06:12+00:00","breadcrumb":{"@id":"https:\/\/gysfm.com.ar\/inicio\/siete-de-cada-diez-fueron-importados\/#breadcrumb"},"inLanguage":"es","potentialAction":[{"@type":"ReadAction","target":["https:\/\/gysfm.com.ar\/inicio\/siete-de-cada-diez-fueron-importados\/"]}]},{"@type":"ImageObject","inLanguage":"es","@id":"https:\/\/gysfm.com.ar\/inicio\/siete-de-cada-diez-fueron-importados\/#primaryimage","url":"https:\/\/gysfm.com.ar\/inicio\/wp-content\/uploads\/2025\/09\/autos-concesionarias-0km.jpg","contentUrl":"https:\/\/gysfm.com.ar\/inicio\/wp-content\/uploads\/2025\/09\/autos-concesionarias-0km.jpg","width":1200,"height":675},{"@type":"BreadcrumbList","@id":"https:\/\/gysfm.com.ar\/inicio\/siete-de-cada-diez-fueron-importados\/#breadcrumb","itemListElement":[{"@type":"ListItem","position":1,"name":"Portada","item":"https:\/\/gysfm.com.ar\/inicio\/"},{"@type":"ListItem","position":2,"name":"siete de cada diez fueron importados"}]},{"@type":"WebSite","@id":"https:\/\/gysfm.com.ar\/inicio\/#website","url":"https:\/\/gysfm.com.ar\/inicio\/","name":"GYS NOTICIAS |","description":"DIARIO - RADIO ONLINE SAN JUAN ARGENTINA","publisher":{"@id":"https:\/\/gysfm.com.ar\/inicio\/#organization"},"potentialAction":[{"@type":"SearchAction","target":{"@type":"EntryPoint","urlTemplate":"https:\/\/gysfm.com.ar\/inicio\/?s={search_term_string}"},"query-input":{"@type":"PropertyValueSpecification","valueRequired":true,"valueName":"search_term_string"}}],"inLanguage":"es"},{"@type":"Organization","@id":"https:\/\/gysfm.com.ar\/inicio\/#organization","name":"GYS NOTICIAS |","url":"https:\/\/gysfm.com.ar\/inicio\/","logo":{"@type":"ImageObject","inLanguage":"es","@id":"https:\/\/gysfm.com.ar\/inicio\/#\/schema\/logo\/image\/","url":"https:\/\/gysfm.com.ar\/inicio\/wp-content\/uploads\/2023\/07\/LOGOGYS-OK.png","contentUrl":"https:\/\/gysfm.com.ar\/inicio\/wp-content\/uploads\/2023\/07\/LOGOGYS-OK.png","width":1170,"height":872,"caption":"GYS NOTICIAS |"},"image":{"@id":"https:\/\/gysfm.com.ar\/inicio\/#\/schema\/logo\/image\/"}},{"@type":"Person","@id":"https:\/\/gysfm.com.ar\/inicio\/#\/schema\/person\/5bedd7ecd35cc35548d89effafa23696","name":"admin","image":{"@type":"ImageObject","inLanguage":"es","@id":"https:\/\/gysfm.com.ar\/inicio\/#\/schema\/person\/image\/","url":"https:\/\/secure.gravatar.com\/avatar\/c331d312b5243fb64d5ba28108a447b27c925295129a363082c9ea52c28d32c2?s=96&d=mm&r=g","contentUrl":"https:\/\/secure.gravatar.com\/avatar\/c331d312b5243fb64d5ba28108a447b27c925295129a363082c9ea52c28d32c2?s=96&d=mm&r=g","caption":"admin"},"sameAs":["https:\/\/gysfm.com.ar\/inicio"],"url":"https:\/\/gysfm.com.ar\/inicio\/author\/admin\/"}]}},"_links":{"self":[{"href":"https:\/\/gysfm.com.ar\/inicio\/wp-json\/wp\/v2\/posts\/210033","targetHints":{"allow":["GET"]}}],"collection":[{"href":"https:\/\/gysfm.com.ar\/inicio\/wp-json\/wp\/v2\/posts"}],"about":[{"href":"https:\/\/gysfm.com.ar\/inicio\/wp-json\/wp\/v2\/types\/post"}],"author":[{"embeddable":true,"href":"https:\/\/gysfm.com.ar\/inicio\/wp-json\/wp\/v2\/users\/1"}],"replies":[{"embeddable":true,"href":"https:\/\/gysfm.com.ar\/inicio\/wp-json\/wp\/v2\/comments?post=210033"}],"version-history":[{"count":0,"href":"https:\/\/gysfm.com.ar\/inicio\/wp-json\/wp\/v2\/posts\/210033\/revisions"}],"wp:featuredmedia":[{"embeddable":true,"href":"https:\/\/gysfm.com.ar\/inicio\/wp-json\/wp\/v2\/media\/148183"}],"wp:attachment":[{"href":"https:\/\/gysfm.com.ar\/inicio\/wp-json\/wp\/v2\/media?parent=210033"}],"wp:term":[{"taxonomy":"category","embeddable":true,"href":"https:\/\/gysfm.com.ar\/inicio\/wp-json\/wp\/v2\/categories?post=210033"},{"taxonomy":"post_tag","embeddable":true,"href":"https:\/\/gysfm.com.ar\/inicio\/wp-json\/wp\/v2\/tags?post=210033"}],"curies":[{"name":"wp","href":"https:\/\/api.w.org\/{rel}","templated":true}]}}