{"id":210030,"date":"2026-09-01T06:16:08","date_gmt":"2026-09-01T09:16:08","guid":{"rendered":"https:\/\/gysfm.com.ar\/inicio\/los-posibles-veredictos-que-debate-el-jurado-en-el-proceso-contra-la-madre-acusada-de-matar-a-sus-tres-hijos-en-ee-uu\/"},"modified":"2026-09-01T06:16:09","modified_gmt":"2026-09-01T09:16:09","slug":"los-posibles-veredictos-que-debate-el-jurado-en-el-proceso-contra-la-madre-acusada-de-matar-a-sus-tres-hijos-en-ee-uu","status":"publish","type":"post","link":"https:\/\/gysfm.com.ar\/inicio\/los-posibles-veredictos-que-debate-el-jurado-en-el-proceso-contra-la-madre-acusada-de-matar-a-sus-tres-hijos-en-ee-uu\/","title":{"rendered":"Los posibles veredictos que debate el jurado en el proceso contra la madre acusada de matar a sus tres hijos en EE.UU."},"content":{"rendered":"<p> <br \/>\n<\/p>\n<div>\n<p class=\"com-paragraph --s\"><strong>El juicio por asesinato contra Lindsay Clancy mantiene en vilo al p\u00fablico estadounidense en las \u00faltimas semanas.<\/strong><\/p>\n<p class=\"com-paragraph --s\">La exenfermera de 36 a\u00f1os mat\u00f3 a sus tres hijos peque\u00f1os en el s\u00f3tano de la casa familiar en Massachusetts.<\/p>\n<p class=\"com-paragraph --s\">Acusada de tres cargos de asesinato en primer grado, Clancy no niega haber matado a sus dos hijos y a su hija en 2023.<\/p>\n<p class=\"com-paragraph --s\">Pero su abogado argumenta que en ese momento ella sufr\u00eda de psicosis posparto y, por lo tanto, no pod\u00eda distinguir entre el bien y el mal.<\/p>\n<p class=\"com-paragraph --s\">Del otro lado, la fiscal\u00eda argumenta que Clancy tom\u00f3 una decisi\u00f3n calculada e intencionada de matarlos y que en ese momento sab\u00eda distinguir entre el bien y el mal.<\/p>\n<p class=\"com-paragraph --s\">Un jurado compuesto por nueve mujeres y tres hombres contin\u00faa las deliberaciones, con varias opciones sobre la mesa:<\/p>\n<p><h3 class=\"font-primary text-subheading-lg text-left container-center-100 mb-8\"><span>Inocente \/ No culpable por trastorno mental<\/span><\/h3>\n<\/p>\n<p class=\"com-paragraph --s\">Esta opci\u00f3n se basa en la defensa de psicosis posparto: su equipo legal argument\u00f3 que Clancy tuvo alucinaciones y escuch\u00f3 una voz despu\u00e9s de dar a luz a su hijo menor que le dec\u00eda que matara a los ni\u00f1os.<\/p>\n<p class=\"com-paragraph --s\">Los peritos explicaron al tribunal la gravedad de esta enfermedad, y los familiares testificaron sobre el estado mental de Clancy.<\/p>\n<p class=\"com-paragraph --s\">Seg\u00fan la ley de Massachusetts, Clancy no tiene la obligaci\u00f3n de probar su enfermedad mental ni que carec\u00eda de responsabilidad penal.<\/p>\n<p class=\"com-paragraph --s\">En cambio, le corresponde a la fiscal\u00eda probar m\u00e1s all\u00e1 de toda duda razonable que ella era penalmente responsable cuando mat\u00f3 a sus hijos, le explica a la BBC la abogada penalista Elyse Hershon.<\/p>\n<p class=\"com-paragraph --s\">Pueden hacerlo demostrando sin lugar a dudas que la mujer no padec\u00eda una enfermedad mental en ese momento o que, si bien padec\u00eda una enfermedad mental, a\u00fan controlaba sus acciones y sab\u00eda que estaban mal.<\/p>\n<p class=\"com-paragraph --s\">Un veredicto de no culpabilidad significar\u00eda que Clancy quedar\u00eda en libertad, pero esto se considera muy improbable.<\/p>\n<p class=\"com-paragraph --s\">Mucho m\u00e1s probable es un veredicto de no culpabilidad por raz\u00f3n de trastorno mental, con el que Clancy quedar\u00eda ingresada en un hospital psiqui\u00e1trico.<\/p>\n<p class=\"com-paragraph --s\">\u201cEl caso se reduce a d\u00f3nde va a pasar el resto de su vida; la defensa cree que deber\u00eda ser en un centro psiqui\u00e1trico, la fiscal\u00eda cree que deber\u00eda ser en una prisi\u00f3n estatal\u201d, dice Hershon.<\/p>\n<p><h3 class=\"font-primary text-subheading-lg text-left container-center-100 mb-8\"><span>Asesinato en primer grado<\/span><\/h3>\n<\/p>\n<p class=\"com-paragraph --s\">Este es el desenlace potencial m\u00e1s grave para Clancy: ser declarada culpable de asesinato en primer grado, que es provocar la muerte de otra persona de forma intencional y premeditada.<\/p>\n<p class=\"com-paragraph --s\">En el estado de Massachusetts, esta condena conlleva una pena obligatoria de cadena perpetua sin posibilidad de libertad condicional.<\/p>\n<p class=\"com-paragraph --s\">Como le explica a la BBC Heather Cucolo, profesora de la Facultad de Derecho de Nueva York y experta en derecho de la salud mental, Clancy tendr\u00eda que ser vista como \u201cun monstruo a los ojos del jurado\u201d si opta por este resultado.<\/p>\n<p class=\"com-paragraph --s\">Para condenar a Clancy por este delito, el jurado tendr\u00eda que determinar que hubo atrocidad, crueldad extrema, premeditaci\u00f3n o ambas cosas, lo que significar\u00eda que la fiscal\u00eda habr\u00eda demostrado que no exist\u00edan factores atenuantes.<\/p>\n<p class=\"com-paragraph --s\">En este caso, la enfermedad o deficiencia mental, tal como la describe la ley, podr\u00eda ser un factor atenuante.<\/p>\n<p class=\"com-paragraph --s\">La fiscal Jennifer Sprague afirm\u00f3 durante los alegatos finales que no cab\u00eda duda de que Clancy padec\u00eda una enfermedad mental, pero que esta no era tan grave como para que no pudiera distinguir entre el bien y el mal.<\/p>\n<p class=\"com-paragraph --s\">Los peritos de la fiscal\u00eda pusieron en duda que Clancy realmente oyera la voz que, seg\u00fan ella, le orden\u00f3 matar a sus hijos.<\/p>\n<p><h3 class=\"font-primary text-subheading-lg text-left container-center-100 mb-8\"><span>Asesinato en segundo grado<\/span><\/h3>\n<\/p>\n<p class=\"com-paragraph --s\">Esta es una categor\u00eda que abarca cualquier asesinato que no sea de primer grado, seg\u00fan la ley de Massachusetts.<\/p>\n<p class=\"com-paragraph --s\">Se aplica a los homicidios ileg\u00edtimos cometidos con malicia o extrema imprudencia, pero sin planificaci\u00f3n previa.<\/p>\n<p class=\"com-paragraph --s\">\u201cPara llegar a este veredicto, es posible que los miembros del jurado no est\u00e9n convencidos de que las acciones que condujeron al asesinato alcanzaran el nivel de premeditaci\u00f3n o planificaci\u00f3n previa, sino que, en cambio, Clancy viera conscientemente una oportunidad para cometer los asesinatos en ese momento\u201d, dijo Cucolo.<\/p>\n<p class=\"com-paragraph --s\">En el caso de asesinato en segundo grado, Clancy tambi\u00e9n se enfrentar\u00eda a cadena perpetua, pero con la posibilidad de libertad condicional.<\/p>\n<p><h3 class=\"font-primary text-subheading-lg text-left container-center-100 mb-8\"><span>Homicidio involuntario<\/span><\/h3>\n<\/p>\n<p class=\"com-paragraph --s\">El jurado recibi\u00f3 una opci\u00f3n m\u00e1s cuando el juez les permiti\u00f3 la opci\u00f3n de declarar a Clancy culpable de homicidio involuntario, un punto que anteriormente hab\u00eda sido motivo de controversia entre la defensa y la fiscal\u00eda.<\/p>\n<p class=\"com-paragraph --s\">El homicidio involuntario, que se define como un asesinato no intencionado cometido en una conducta temeraria e imprudente, conlleva una pena m\u00e1xima de 20 a\u00f1os de prisi\u00f3n por cada cargo.<\/p>\n<p class=\"com-paragraph --s\">Seg\u00fan los expertos, la intenci\u00f3n es un factor importante que distingue un veredicto como el de homicidio involuntario de los dos veredictos de asesinato.<\/p>\n<p class=\"com-paragraph --s\">\u201cEsta opci\u00f3n le permite al jurado aceptar que los asesinatos no fueron planeados ni calculados, sino que Clancy tom\u00f3 una decisi\u00f3n en una fracci\u00f3n de segundo\u201d, expone Cucolo.<\/p>\n<p class=\"com-paragraph --s\">La fiscal\u00eda no est\u00e1 obligada a demostrar que ella ten\u00eda la intenci\u00f3n de causar la muerte de los ni\u00f1os para que haya una condena por homicidio involuntario, a\u00f1ade.<\/p>\n<section class=\"container-center-100 mb-40 border border-bottom border-thin border-neutral-light-700\">\n<hr\/>\n<\/section>\n<\/div>\n<p><script id=\"facebookpixel\" defer=\"\" type=\"text\/javascript\">\n        !function(f,b,e,v,n,t,s)\n        {if(f.fbq)return;n=f.fbq=function(){n.callMethod?\n        n.callMethod.apply(n,arguments):n.queue.push(arguments)};\n        if(!f._fbq)f._fbq=n;n.push=n;n.loaded=!0;n.version='2.0';\n        n.queue=[];t=b.createElement(e);t.async=!0;\n        t.src=v;s=b.getElementsByTagName(e)[0];\n        s.parentNode.insertBefore(t,s)}(window, document,'script',\n        'https:\/\/connect.facebook.net\/en_US\/fbevents.js');\n        fbq('init', '492459597522335');\n        fbq('track', 'PageView');\n    <\/script><br \/>\n<br \/><\/p>\n","protected":false},"excerpt":{"rendered":"<p>El juicio por asesinato contra Lindsay Clancy mantiene en vilo al p\u00fablico estadounidense en las \u00faltimas semanas. La exenfermera de 36 a\u00f1os mat\u00f3 a sus tres hijos peque\u00f1os en el s\u00f3tano de la casa familiar en Massachusetts. Acusada de tres cargos de asesinato en primer grado, Clancy no niega haber matado a sus dos hijos [&hellip;]<\/p>\n","protected":false},"author":2,"featured_media":210031,"comment_status":"closed","ping_status":"closed","sticky":false,"template":"","format":"standard","meta":{"footnotes":""},"categories":[26],"tags":[],"class_list":["post-210030","post","type-post","status-publish","format-standard","has-post-thumbnail","hentry","category-internacionales"],"yoast_head":"<!-- This site is optimized with the Yoast SEO plugin v24.4 - https:\/\/yoast.com\/wordpress\/plugins\/seo\/ -->\n<title>Los posibles veredictos que debate el jurado en el proceso contra la madre acusada de matar a sus tres hijos en EE.UU. - GYS NOTICIAS |<\/title>\n<meta name=\"robots\" content=\"index, follow, max-snippet:-1, max-image-preview:large, max-video-preview:-1\" \/>\n<link rel=\"canonical\" href=\"https:\/\/gysfm.com.ar\/inicio\/los-posibles-veredictos-que-debate-el-jurado-en-el-proceso-contra-la-madre-acusada-de-matar-a-sus-tres-hijos-en-ee-uu\/\" \/>\n<meta property=\"og:locale\" content=\"es_ES\" \/>\n<meta property=\"og:type\" content=\"article\" \/>\n<meta property=\"og:title\" content=\"Los posibles veredictos que debate el jurado en el proceso contra la madre acusada de matar a sus tres hijos en EE.UU. - GYS NOTICIAS |\" \/>\n<meta property=\"og:description\" content=\"El juicio por asesinato contra Lindsay Clancy mantiene en vilo al p\u00fablico estadounidense en las \u00faltimas semanas. La exenfermera de 36 a\u00f1os mat\u00f3 a sus tres hijos peque\u00f1os en el s\u00f3tano de la casa familiar en Massachusetts. Acusada de tres cargos de asesinato en primer grado, Clancy no niega haber matado a sus dos hijos [&hellip;]\" \/>\n<meta property=\"og:url\" content=\"https:\/\/gysfm.com.ar\/inicio\/los-posibles-veredictos-que-debate-el-jurado-en-el-proceso-contra-la-madre-acusada-de-matar-a-sus-tres-hijos-en-ee-uu\/\" \/>\n<meta property=\"og:site_name\" content=\"GYS NOTICIAS |\" \/>\n<meta property=\"article:published_time\" content=\"2026-09-01T09:16:08+00:00\" \/>\n<meta property=\"article:modified_time\" content=\"2026-09-01T09:16:09+00:00\" \/>\n<meta property=\"og:image\" content=\"https:\/\/gysfm.com.ar\/inicio\/wp-content\/uploads\/2026\/09\/los-posibles-veredictos-que-debate-el-jurado-en-VYJABGFAD5FQ3BGINBJ6J7LX7E.webp.jpeg\" \/>\n\t<meta property=\"og:image:width\" content=\"1200\" \/>\n\t<meta property=\"og:image:height\" content=\"800\" \/>\n\t<meta property=\"og:image:type\" content=\"image\/jpeg\" \/>\n<meta name=\"author\" content=\"Prensa G&amp;S FM\" \/>\n<meta name=\"twitter:card\" content=\"summary_large_image\" \/>\n<meta name=\"twitter:label1\" content=\"Escrito por\" \/>\n\t<meta name=\"twitter:data1\" content=\"Prensa G&amp;S FM\" \/>\n\t<meta name=\"twitter:label2\" content=\"Tiempo de lectura\" \/>\n\t<meta name=\"twitter:data2\" content=\"5 minutos\" \/>\n<script type=\"application\/ld+json\" class=\"yoast-schema-graph\">{\"@context\":\"https:\/\/schema.org\",\"@graph\":[{\"@type\":\"Article\",\"@id\":\"https:\/\/gysfm.com.ar\/inicio\/los-posibles-veredictos-que-debate-el-jurado-en-el-proceso-contra-la-madre-acusada-de-matar-a-sus-tres-hijos-en-ee-uu\/#article\",\"isPartOf\":{\"@id\":\"https:\/\/gysfm.com.ar\/inicio\/los-posibles-veredictos-que-debate-el-jurado-en-el-proceso-contra-la-madre-acusada-de-matar-a-sus-tres-hijos-en-ee-uu\/\"},\"author\":{\"name\":\"Prensa G&amp;S FM\",\"@id\":\"https:\/\/gysfm.com.ar\/inicio\/#\/schema\/person\/3abba7593ef2ad19e1be221d54383dc5\"},\"headline\":\"Los posibles veredictos que debate el jurado en el proceso contra la madre acusada de matar a sus tres hijos en EE.UU.\",\"datePublished\":\"2026-09-01T09:16:08+00:00\",\"dateModified\":\"2026-09-01T09:16:09+00:00\",\"mainEntityOfPage\":{\"@id\":\"https:\/\/gysfm.com.ar\/inicio\/los-posibles-veredictos-que-debate-el-jurado-en-el-proceso-contra-la-madre-acusada-de-matar-a-sus-tres-hijos-en-ee-uu\/\"},\"wordCount\":932,\"publisher\":{\"@id\":\"https:\/\/gysfm.com.ar\/inicio\/#organization\"},\"image\":{\"@id\":\"https:\/\/gysfm.com.ar\/inicio\/los-posibles-veredictos-que-debate-el-jurado-en-el-proceso-contra-la-madre-acusada-de-matar-a-sus-tres-hijos-en-ee-uu\/#primaryimage\"},\"thumbnailUrl\":\"https:\/\/gysfm.com.ar\/inicio\/wp-content\/uploads\/2026\/09\/los-posibles-veredictos-que-debate-el-jurado-en-VYJABGFAD5FQ3BGINBJ6J7LX7E.webp.jpeg\",\"articleSection\":[\"INTERNACIONALES\"],\"inLanguage\":\"es\"},{\"@type\":\"WebPage\",\"@id\":\"https:\/\/gysfm.com.ar\/inicio\/los-posibles-veredictos-que-debate-el-jurado-en-el-proceso-contra-la-madre-acusada-de-matar-a-sus-tres-hijos-en-ee-uu\/\",\"url\":\"https:\/\/gysfm.com.ar\/inicio\/los-posibles-veredictos-que-debate-el-jurado-en-el-proceso-contra-la-madre-acusada-de-matar-a-sus-tres-hijos-en-ee-uu\/\",\"name\":\"Los posibles veredictos que debate el jurado en el proceso contra la madre acusada de matar a sus tres hijos en EE.UU. - GYS NOTICIAS |\",\"isPartOf\":{\"@id\":\"https:\/\/gysfm.com.ar\/inicio\/#website\"},\"primaryImageOfPage\":{\"@id\":\"https:\/\/gysfm.com.ar\/inicio\/los-posibles-veredictos-que-debate-el-jurado-en-el-proceso-contra-la-madre-acusada-de-matar-a-sus-tres-hijos-en-ee-uu\/#primaryimage\"},\"image\":{\"@id\":\"https:\/\/gysfm.com.ar\/inicio\/los-posibles-veredictos-que-debate-el-jurado-en-el-proceso-contra-la-madre-acusada-de-matar-a-sus-tres-hijos-en-ee-uu\/#primaryimage\"},\"thumbnailUrl\":\"https:\/\/gysfm.com.ar\/inicio\/wp-content\/uploads\/2026\/09\/los-posibles-veredictos-que-debate-el-jurado-en-VYJABGFAD5FQ3BGINBJ6J7LX7E.webp.jpeg\",\"datePublished\":\"2026-09-01T09:16:08+00:00\",\"dateModified\":\"2026-09-01T09:16:09+00:00\",\"breadcrumb\":{\"@id\":\"https:\/\/gysfm.com.ar\/inicio\/los-posibles-veredictos-que-debate-el-jurado-en-el-proceso-contra-la-madre-acusada-de-matar-a-sus-tres-hijos-en-ee-uu\/#breadcrumb\"},\"inLanguage\":\"es\",\"potentialAction\":[{\"@type\":\"ReadAction\",\"target\":[\"https:\/\/gysfm.com.ar\/inicio\/los-posibles-veredictos-que-debate-el-jurado-en-el-proceso-contra-la-madre-acusada-de-matar-a-sus-tres-hijos-en-ee-uu\/\"]}]},{\"@type\":\"ImageObject\",\"inLanguage\":\"es\",\"@id\":\"https:\/\/gysfm.com.ar\/inicio\/los-posibles-veredictos-que-debate-el-jurado-en-el-proceso-contra-la-madre-acusada-de-matar-a-sus-tres-hijos-en-ee-uu\/#primaryimage\",\"url\":\"https:\/\/gysfm.com.ar\/inicio\/wp-content\/uploads\/2026\/09\/los-posibles-veredictos-que-debate-el-jurado-en-VYJABGFAD5FQ3BGINBJ6J7LX7E.webp.jpeg\",\"contentUrl\":\"https:\/\/gysfm.com.ar\/inicio\/wp-content\/uploads\/2026\/09\/los-posibles-veredictos-que-debate-el-jurado-en-VYJABGFAD5FQ3BGINBJ6J7LX7E.webp.jpeg\",\"width\":1200,\"height\":800},{\"@type\":\"BreadcrumbList\",\"@id\":\"https:\/\/gysfm.com.ar\/inicio\/los-posibles-veredictos-que-debate-el-jurado-en-el-proceso-contra-la-madre-acusada-de-matar-a-sus-tres-hijos-en-ee-uu\/#breadcrumb\",\"itemListElement\":[{\"@type\":\"ListItem\",\"position\":1,\"name\":\"Portada\",\"item\":\"https:\/\/gysfm.com.ar\/inicio\/\"},{\"@type\":\"ListItem\",\"position\":2,\"name\":\"Los posibles veredictos que debate el jurado en el proceso contra la madre acusada de matar a sus tres hijos en EE.UU.\"}]},{\"@type\":\"WebSite\",\"@id\":\"https:\/\/gysfm.com.ar\/inicio\/#website\",\"url\":\"https:\/\/gysfm.com.ar\/inicio\/\",\"name\":\"GYS NOTICIAS |\",\"description\":\"DIARIO - RADIO ONLINE SAN JUAN ARGENTINA\",\"publisher\":{\"@id\":\"https:\/\/gysfm.com.ar\/inicio\/#organization\"},\"potentialAction\":[{\"@type\":\"SearchAction\",\"target\":{\"@type\":\"EntryPoint\",\"urlTemplate\":\"https:\/\/gysfm.com.ar\/inicio\/?s={search_term_string}\"},\"query-input\":{\"@type\":\"PropertyValueSpecification\",\"valueRequired\":true,\"valueName\":\"search_term_string\"}}],\"inLanguage\":\"es\"},{\"@type\":\"Organization\",\"@id\":\"https:\/\/gysfm.com.ar\/inicio\/#organization\",\"name\":\"GYS NOTICIAS |\",\"url\":\"https:\/\/gysfm.com.ar\/inicio\/\",\"logo\":{\"@type\":\"ImageObject\",\"inLanguage\":\"es\",\"@id\":\"https:\/\/gysfm.com.ar\/inicio\/#\/schema\/logo\/image\/\",\"url\":\"https:\/\/gysfm.com.ar\/inicio\/wp-content\/uploads\/2023\/07\/LOGOGYS-OK.png\",\"contentUrl\":\"https:\/\/gysfm.com.ar\/inicio\/wp-content\/uploads\/2023\/07\/LOGOGYS-OK.png\",\"width\":1170,\"height\":872,\"caption\":\"GYS NOTICIAS |\"},\"image\":{\"@id\":\"https:\/\/gysfm.com.ar\/inicio\/#\/schema\/logo\/image\/\"}},{\"@type\":\"Person\",\"@id\":\"https:\/\/gysfm.com.ar\/inicio\/#\/schema\/person\/3abba7593ef2ad19e1be221d54383dc5\",\"name\":\"Prensa G&amp;S FM\",\"image\":{\"@type\":\"ImageObject\",\"inLanguage\":\"es\",\"@id\":\"https:\/\/gysfm.com.ar\/inicio\/#\/schema\/person\/image\/\",\"url\":\"https:\/\/secure.gravatar.com\/avatar\/096ec78df02049ab018702bb4ccedf659377fa92a26540b5247612077a0dbd29?s=96&d=mm&r=g\",\"contentUrl\":\"https:\/\/secure.gravatar.com\/avatar\/096ec78df02049ab018702bb4ccedf659377fa92a26540b5247612077a0dbd29?s=96&d=mm&r=g\",\"caption\":\"Prensa G&amp;S FM\"},\"sameAs\":[\"https:\/\/gysfm.com.ar\/\"],\"url\":\"https:\/\/gysfm.com.ar\/inicio\/author\/lucasm\/\"}]}<\/script>\n<!-- \/ Yoast SEO plugin. -->","yoast_head_json":{"title":"Los posibles veredictos que debate el jurado en el proceso contra la madre acusada de matar a sus tres hijos en EE.UU. - GYS NOTICIAS |","robots":{"index":"index","follow":"follow","max-snippet":"max-snippet:-1","max-image-preview":"max-image-preview:large","max-video-preview":"max-video-preview:-1"},"canonical":"https:\/\/gysfm.com.ar\/inicio\/los-posibles-veredictos-que-debate-el-jurado-en-el-proceso-contra-la-madre-acusada-de-matar-a-sus-tres-hijos-en-ee-uu\/","og_locale":"es_ES","og_type":"article","og_title":"Los posibles veredictos que debate el jurado en el proceso contra la madre acusada de matar a sus tres hijos en EE.UU. - GYS NOTICIAS |","og_description":"El juicio por asesinato contra Lindsay Clancy mantiene en vilo al p\u00fablico estadounidense en las \u00faltimas semanas. La exenfermera de 36 a\u00f1os mat\u00f3 a sus tres hijos peque\u00f1os en el s\u00f3tano de la casa familiar en Massachusetts. Acusada de tres cargos de asesinato en primer grado, Clancy no niega haber matado a sus dos hijos [&hellip;]","og_url":"https:\/\/gysfm.com.ar\/inicio\/los-posibles-veredictos-que-debate-el-jurado-en-el-proceso-contra-la-madre-acusada-de-matar-a-sus-tres-hijos-en-ee-uu\/","og_site_name":"GYS NOTICIAS |","article_published_time":"2026-09-01T09:16:08+00:00","article_modified_time":"2026-09-01T09:16:09+00:00","og_image":[{"width":1200,"height":800,"url":"https:\/\/gysfm.com.ar\/inicio\/wp-content\/uploads\/2026\/09\/los-posibles-veredictos-que-debate-el-jurado-en-VYJABGFAD5FQ3BGINBJ6J7LX7E.webp.jpeg","type":"image\/jpeg"}],"author":"Prensa G&amp;S FM","twitter_card":"summary_large_image","twitter_misc":{"Escrito por":"Prensa G&amp;S FM","Tiempo de lectura":"5 minutos"},"schema":{"@context":"https:\/\/schema.org","@graph":[{"@type":"Article","@id":"https:\/\/gysfm.com.ar\/inicio\/los-posibles-veredictos-que-debate-el-jurado-en-el-proceso-contra-la-madre-acusada-de-matar-a-sus-tres-hijos-en-ee-uu\/#article","isPartOf":{"@id":"https:\/\/gysfm.com.ar\/inicio\/los-posibles-veredictos-que-debate-el-jurado-en-el-proceso-contra-la-madre-acusada-de-matar-a-sus-tres-hijos-en-ee-uu\/"},"author":{"name":"Prensa G&amp;S FM","@id":"https:\/\/gysfm.com.ar\/inicio\/#\/schema\/person\/3abba7593ef2ad19e1be221d54383dc5"},"headline":"Los posibles veredictos que debate el jurado en el proceso contra la madre acusada de matar a sus tres hijos en EE.UU.","datePublished":"2026-09-01T09:16:08+00:00","dateModified":"2026-09-01T09:16:09+00:00","mainEntityOfPage":{"@id":"https:\/\/gysfm.com.ar\/inicio\/los-posibles-veredictos-que-debate-el-jurado-en-el-proceso-contra-la-madre-acusada-de-matar-a-sus-tres-hijos-en-ee-uu\/"},"wordCount":932,"publisher":{"@id":"https:\/\/gysfm.com.ar\/inicio\/#organization"},"image":{"@id":"https:\/\/gysfm.com.ar\/inicio\/los-posibles-veredictos-que-debate-el-jurado-en-el-proceso-contra-la-madre-acusada-de-matar-a-sus-tres-hijos-en-ee-uu\/#primaryimage"},"thumbnailUrl":"https:\/\/gysfm.com.ar\/inicio\/wp-content\/uploads\/2026\/09\/los-posibles-veredictos-que-debate-el-jurado-en-VYJABGFAD5FQ3BGINBJ6J7LX7E.webp.jpeg","articleSection":["INTERNACIONALES"],"inLanguage":"es"},{"@type":"WebPage","@id":"https:\/\/gysfm.com.ar\/inicio\/los-posibles-veredictos-que-debate-el-jurado-en-el-proceso-contra-la-madre-acusada-de-matar-a-sus-tres-hijos-en-ee-uu\/","url":"https:\/\/gysfm.com.ar\/inicio\/los-posibles-veredictos-que-debate-el-jurado-en-el-proceso-contra-la-madre-acusada-de-matar-a-sus-tres-hijos-en-ee-uu\/","name":"Los posibles veredictos que debate el jurado en el proceso contra la madre acusada de matar a sus tres hijos en EE.UU. - GYS NOTICIAS |","isPartOf":{"@id":"https:\/\/gysfm.com.ar\/inicio\/#website"},"primaryImageOfPage":{"@id":"https:\/\/gysfm.com.ar\/inicio\/los-posibles-veredictos-que-debate-el-jurado-en-el-proceso-contra-la-madre-acusada-de-matar-a-sus-tres-hijos-en-ee-uu\/#primaryimage"},"image":{"@id":"https:\/\/gysfm.com.ar\/inicio\/los-posibles-veredictos-que-debate-el-jurado-en-el-proceso-contra-la-madre-acusada-de-matar-a-sus-tres-hijos-en-ee-uu\/#primaryimage"},"thumbnailUrl":"https:\/\/gysfm.com.ar\/inicio\/wp-content\/uploads\/2026\/09\/los-posibles-veredictos-que-debate-el-jurado-en-VYJABGFAD5FQ3BGINBJ6J7LX7E.webp.jpeg","datePublished":"2026-09-01T09:16:08+00:00","dateModified":"2026-09-01T09:16:09+00:00","breadcrumb":{"@id":"https:\/\/gysfm.com.ar\/inicio\/los-posibles-veredictos-que-debate-el-jurado-en-el-proceso-contra-la-madre-acusada-de-matar-a-sus-tres-hijos-en-ee-uu\/#breadcrumb"},"inLanguage":"es","potentialAction":[{"@type":"ReadAction","target":["https:\/\/gysfm.com.ar\/inicio\/los-posibles-veredictos-que-debate-el-jurado-en-el-proceso-contra-la-madre-acusada-de-matar-a-sus-tres-hijos-en-ee-uu\/"]}]},{"@type":"ImageObject","inLanguage":"es","@id":"https:\/\/gysfm.com.ar\/inicio\/los-posibles-veredictos-que-debate-el-jurado-en-el-proceso-contra-la-madre-acusada-de-matar-a-sus-tres-hijos-en-ee-uu\/#primaryimage","url":"https:\/\/gysfm.com.ar\/inicio\/wp-content\/uploads\/2026\/09\/los-posibles-veredictos-que-debate-el-jurado-en-VYJABGFAD5FQ3BGINBJ6J7LX7E.webp.jpeg","contentUrl":"https:\/\/gysfm.com.ar\/inicio\/wp-content\/uploads\/2026\/09\/los-posibles-veredictos-que-debate-el-jurado-en-VYJABGFAD5FQ3BGINBJ6J7LX7E.webp.jpeg","width":1200,"height":800},{"@type":"BreadcrumbList","@id":"https:\/\/gysfm.com.ar\/inicio\/los-posibles-veredictos-que-debate-el-jurado-en-el-proceso-contra-la-madre-acusada-de-matar-a-sus-tres-hijos-en-ee-uu\/#breadcrumb","itemListElement":[{"@type":"ListItem","position":1,"name":"Portada","item":"https:\/\/gysfm.com.ar\/inicio\/"},{"@type":"ListItem","position":2,"name":"Los posibles veredictos que debate el jurado en el proceso contra la madre acusada de matar a sus tres hijos en EE.UU."}]},{"@type":"WebSite","@id":"https:\/\/gysfm.com.ar\/inicio\/#website","url":"https:\/\/gysfm.com.ar\/inicio\/","name":"GYS NOTICIAS |","description":"DIARIO - RADIO ONLINE SAN JUAN ARGENTINA","publisher":{"@id":"https:\/\/gysfm.com.ar\/inicio\/#organization"},"potentialAction":[{"@type":"SearchAction","target":{"@type":"EntryPoint","urlTemplate":"https:\/\/gysfm.com.ar\/inicio\/?s={search_term_string}"},"query-input":{"@type":"PropertyValueSpecification","valueRequired":true,"valueName":"search_term_string"}}],"inLanguage":"es"},{"@type":"Organization","@id":"https:\/\/gysfm.com.ar\/inicio\/#organization","name":"GYS NOTICIAS |","url":"https:\/\/gysfm.com.ar\/inicio\/","logo":{"@type":"ImageObject","inLanguage":"es","@id":"https:\/\/gysfm.com.ar\/inicio\/#\/schema\/logo\/image\/","url":"https:\/\/gysfm.com.ar\/inicio\/wp-content\/uploads\/2023\/07\/LOGOGYS-OK.png","contentUrl":"https:\/\/gysfm.com.ar\/inicio\/wp-content\/uploads\/2023\/07\/LOGOGYS-OK.png","width":1170,"height":872,"caption":"GYS NOTICIAS |"},"image":{"@id":"https:\/\/gysfm.com.ar\/inicio\/#\/schema\/logo\/image\/"}},{"@type":"Person","@id":"https:\/\/gysfm.com.ar\/inicio\/#\/schema\/person\/3abba7593ef2ad19e1be221d54383dc5","name":"Prensa G&amp;S FM","image":{"@type":"ImageObject","inLanguage":"es","@id":"https:\/\/gysfm.com.ar\/inicio\/#\/schema\/person\/image\/","url":"https:\/\/secure.gravatar.com\/avatar\/096ec78df02049ab018702bb4ccedf659377fa92a26540b5247612077a0dbd29?s=96&d=mm&r=g","contentUrl":"https:\/\/secure.gravatar.com\/avatar\/096ec78df02049ab018702bb4ccedf659377fa92a26540b5247612077a0dbd29?s=96&d=mm&r=g","caption":"Prensa G&amp;S FM"},"sameAs":["https:\/\/gysfm.com.ar\/"],"url":"https:\/\/gysfm.com.ar\/inicio\/author\/lucasm\/"}]}},"_links":{"self":[{"href":"https:\/\/gysfm.com.ar\/inicio\/wp-json\/wp\/v2\/posts\/210030","targetHints":{"allow":["GET"]}}],"collection":[{"href":"https:\/\/gysfm.com.ar\/inicio\/wp-json\/wp\/v2\/posts"}],"about":[{"href":"https:\/\/gysfm.com.ar\/inicio\/wp-json\/wp\/v2\/types\/post"}],"author":[{"embeddable":true,"href":"https:\/\/gysfm.com.ar\/inicio\/wp-json\/wp\/v2\/users\/2"}],"replies":[{"embeddable":true,"href":"https:\/\/gysfm.com.ar\/inicio\/wp-json\/wp\/v2\/comments?post=210030"}],"version-history":[{"count":1,"href":"https:\/\/gysfm.com.ar\/inicio\/wp-json\/wp\/v2\/posts\/210030\/revisions"}],"predecessor-version":[{"id":210032,"href":"https:\/\/gysfm.com.ar\/inicio\/wp-json\/wp\/v2\/posts\/210030\/revisions\/210032"}],"wp:featuredmedia":[{"embeddable":true,"href":"https:\/\/gysfm.com.ar\/inicio\/wp-json\/wp\/v2\/media\/210031"}],"wp:attachment":[{"href":"https:\/\/gysfm.com.ar\/inicio\/wp-json\/wp\/v2\/media?parent=210030"}],"wp:term":[{"taxonomy":"category","embeddable":true,"href":"https:\/\/gysfm.com.ar\/inicio\/wp-json\/wp\/v2\/categories?post=210030"},{"taxonomy":"post_tag","embeddable":true,"href":"https:\/\/gysfm.com.ar\/inicio\/wp-json\/wp\/v2\/tags?post=210030"}],"curies":[{"name":"wp","href":"https:\/\/api.w.org\/{rel}","templated":true}]}}