{"id":210028,"date":"2026-09-01T06:04:37","date_gmt":"2026-09-01T09:04:37","guid":{"rendered":"https:\/\/gysfm.com.ar\/inicio\/es-buen-momento-para-sacar-un-credito-hipotecario-uva-que-opinan-los-expertos-y-que-hay-que-entender-antes-de-hacerlo\/"},"modified":"2026-09-01T06:04:37","modified_gmt":"2026-09-01T09:04:37","slug":"es-buen-momento-para-sacar-un-credito-hipotecario-uva-que-opinan-los-expertos-y-que-hay-que-entender-antes-de-hacerlo","status":"publish","type":"post","link":"https:\/\/gysfm.com.ar\/inicio\/es-buen-momento-para-sacar-un-credito-hipotecario-uva-que-opinan-los-expertos-y-que-hay-que-entender-antes-de-hacerlo\/","title":{"rendered":"\u00bfEs buen momento para sacar un cr\u00e9dito hipotecario UVA? Qu\u00e9 opinan los expertos y qu\u00e9 hay que entender antes de hacerlo"},"content":{"rendered":"<p> <br \/>\n<\/p>\n<div id=\"\">\n<p id=\"p-1788214406841-6129\" data-start=\"2063\" data-end=\"2956\">En ese contexto, el Gobierno anunci\u00f3 un esquema para canalizar hasta <strong data-start=\"2132\" data-end=\"2214\">$2 billones del Fondo de Garant\u00eda de Sustentabilidad (FGS) de ANSES hacia los bancos<\/strong>, con el objetivo de ampliar el fondeo hipotecario y limitar el costo de las nuevas l\u00edneas a <strong data-start=\"2307\" data-end=\"2323\">UVA m\u00e1s 7,5%<\/strong>. La medida llega, adem\u00e1s, en un momento particular para la relaci\u00f3n entre <strong data-start=\"2398\" data-end=\"2419\">inflaci\u00f3n y d\u00f3lar<\/strong>.<\/p>\n<p id=\"p-1788214681401-8158\" data-start=\"2063\" data-end=\"2956\">Despu\u00e9s del fuerte salto cambiario de fines de 2023, el tipo de cambio oficial comenz\u00f3 a avanzar a un ritmo mucho m\u00e1s moderado que el \u00cdndice de Precios al Consumidor (IPC). Como resultado, <strong data-start=\"2691\" data-end=\"2813\">la UVA se encareci\u00f3 mucho m\u00e1s que el d\u00f3lar y la relaci\u00f3n entre ambas variables alcanz\u00f3 niveles hist\u00f3ricamente elevados<\/strong>, lo que hoy permite que<strong> cada unidad de cr\u00e9dito compre relativamente m\u00e1s d\u00f3lares<\/strong> y, por esa v\u00eda, <strong>m\u00e1s vivienda valuada en moneda estadounidense.<\/strong><\/p>\n<p id=\"p-1788214406841-36469\" data-start=\"2958\" data-end=\"3187\" data-is-last-node=\"\" data-is-only-node=\"\">En este contexto,<strong> los inversores se preguntan si<\/strong> <strong data-start=\"2995\" data-end=\"3186\">hoy es un buen momento para sacar un cr\u00e9dito UVA<\/strong>, cu\u00e1nto puede aportar el nuevo fondeo y qu\u00e9 cambios en inflaci\u00f3n, d\u00f3lar o tasas podr\u00edan hacer que esa ventaja se mantenga o se revierta.<\/p>\n<h2 id=\"p-1788214725296-39439\" data-start=\"2958\" data-end=\"3187\">El nuevo fondeo podr\u00eda ampliar la oferta, pero con limitaciones<\/h2>\n<p id=\"p-1788215101200-33500\">La primera cuesti\u00f3n para quien eval\u00faa sacar un UVA es <strong>cu\u00e1nto puede cambiar realmente la oferta a partir del nuevo esquema oficial. <\/strong>La medida apunta a resolver uno de los problemas hist\u00f3ricos del sistema hipotecario argentino, ya que los bancos suelen captar fondos a plazos mucho m\u00e1s cortos que los 20 o 30 a\u00f1os de duraci\u00f3n de una hipoteca.<\/p>\n<p id=\"p-1788215101200-13697\">Para <strong>Federico Gonz\u00e1lez Rouco, economista senior de Empiria<\/strong>, el anuncio <strong>puede generar un impulso<\/strong>, aunque una parte del fondeo probablemente reemplace recursos que las entidades ya consiguen por otras v\u00edas. \u201c<strong>No me imagino que estos aproximadamente 20.000 cr\u00e9ditos que podr\u00edan fondearse vayan a traducirse \u00edntegramente en cr\u00e9dito adicional<\/strong>\u201d, explic\u00f3.<\/p>\n<p id=\"p-1788215101200-55460\">Seg\u00fan detall\u00f3, bancos como Ciudad o Naci\u00f3n recurrieron este a\u00f1o a <strong>obligaciones negociables<\/strong> para conseguir fondos y prestar, por lo que ahora <strong>podr\u00edan reemplazar parte de esas emisiones por una fuente m\u00e1s barata, simple y \u00e1gil.<\/strong><\/p>\n<p id=\"p-1788215101200-11547\">Gonz\u00e1lez Rouco remarc\u00f3 que la comparaci\u00f3n debe hacerse a escala nacional. \u201c<strong>El a\u00f1o pasado hubo aproximadamente 44.000 operaciones a nivel nacional<\/strong>, mientras que en la Ciudad de Buenos Aires se ubicaron entre 13.000 y 15.000\u201d, aclar\u00f3, mientras estim\u00f3 que durante 2026 el total podr\u00eda ubicarse en la zona de las 30.000.<\/p>\n<p id=\"p-1788215101200-35901\">Para <strong>Andr\u00e9s Salinas<\/strong>, economista y docente de la<strong> UNLAM<\/strong>, la medida tambi\u00e9n debe evaluarse dentro de un problema m\u00e1s estructural. En este sentido, explica que \u201c<strong>Argentina se caracteriza por tener ventanas de cr\u00e9ditos hipotecarios. Cada aproximadamente 10 a\u00f1os aparecen, duran uno o dos a\u00f1os y de nuevo el sue\u00f1o de la casa propia pasa a ser para una minor\u00eda a\u00fan m\u00e1s chica<\/strong>\u201d, se\u00f1al\u00f3.<\/p>\n<p id=\"p-1788215101200-9074\">Por eso, celebr\u00f3 que cualquier iniciativa orientada a reducir esa intermitencia <strong>va en la direcci\u00f3n correcta. <\/strong>Sin embargo, advirti\u00f3 que el nuevo fondeo <strong>no elimina las restricciones del lado de la demanda<\/strong>.<\/p>\n<p id=\"p-1788215101200-11778\">Si bien <strong>mejora la liquidez<\/strong> disponible para los bancos, \u201c<strong>a\u00fan queda mucha demanda insatisfecha y la gran mayor\u00eda no cumple con los requisitos para poder acceder a un cr\u00e9dito UVA<\/strong>\u201d. All\u00ed entran no solo las condiciones formales exigidas por las entidades, sino tambi\u00e9n la<strong> estabilidad laboral <\/strong>y la capacidad del hogar para atravesar escenarios econ\u00f3micos adversos.<\/p>\n<p id=\"p-1788215101200-13953\">Adem\u00e1s, <strong>el efecto no ser\u00eda inmediato<\/strong>. Al respecto, Salinas calcul\u00f3 que la medida podr\u00eda sumar esos 20.000 cr\u00e9ditos, aunque advirti\u00f3 que la instrumentaci\u00f3n llevar\u00e1 tiempo. \u201c<strong>Reci\u00e9n vamos a ver altas de deudores hipotecarios en diciembre o inclusive enero, ya que los tr\u00e1mites tardan aproximadamente tres meses en promedio<\/strong>\u201d, estim\u00f3.<\/p>\n<div contenteditable=\"false\" class=\"embed_cont type_imagen\" id=\"8272033-Libre-619140829_wrap\">\n<div id=\"8272033-Libre-619140829_content\" class=\"embed_content\"><img src=\"https:\/\/media.ambito.com\/p\/d881adcaa39a4af3b03104b441f8354d\/adjuntos\/239\/imagenes\/043\/614\/0043614604\/730x0\/smart\/images-12.jpg\" decoding=\"async\" fetchpriority=\"low\" loading=\"lazy\" alt=\"El nuevo esquema busca ampliar el acceso al cr\u00e9dito hipotecario, aunque persisten l\u00edmites del lado de la oferta y de los ingresos familiares.\" title=\"El nuevo esquema busca ampliar el acceso al cr\u00e9dito hipotecario, aunque persisten l\u00edmites del lado de la oferta y de los ingresos familiares.\" width=\"730\" height=\"undefined\" id=\"8272033-Libre-619140829_embed\"\/><\/div>\n<div class=\"embed_wrapper-cont\" id=\"p-1788215192148-56484\">\n<div id=\"8272033-Libre-619140829_epigrafe\" class=\"embed_epigrafe\">\n<p id=\"p-1788215615690-95245\" class=\"\" data-start=\"48\" data-end=\"193\" data-is-last-node=\"\" data-is-only-node=\"\">El nuevo esquema busca ampliar el acceso al cr\u00e9dito hipotecario, aunque persisten l\u00edmites del lado de la oferta y de los ingresos familiares.<\/p>\n<\/div><\/div><\/div>\n<h2 id=\"p-1788215171811-23454\" class=\"\" data-section-id=\"9d54qa\" data-start=\"6549\" data-end=\"6611\">La relaci\u00f3n entre UVA y d\u00f3lar representa una oportunidad<\/h2>\n<p id=\"p-1788215171811-92900\" data-start=\"6613\" data-end=\"6967\">El segundo punto pasa por el <strong>momento de entrada<\/strong>. Actualmente, la UVA se encuentra cerca de <strong data-start=\"6704\" data-end=\"6717\">$2.094,86<\/strong> y el d\u00f3lar oficial ronda los <strong data-start=\"6747\" data-end=\"6757\">$1.510<\/strong>, lo que deja una relaci\u00f3n pr\u00f3xima a <strong data-start=\"6794\" data-end=\"6813\">u$s1,39 por UVA<\/strong>, frente a un promedio hist\u00f3rico cercano a u$s0,82. Vista a la inversa, <strong data-start=\"6885\" data-end=\"6922\">un d\u00f3lar compra hoy unas 0,74 UVA<\/strong>, cuando hist\u00f3ricamente compr\u00f3 cerca de 1,07.<\/p>\n<p id=\"p-1788215171811-8847\" data-start=\"6969\" data-end=\"7322\">Para Gonz\u00e1lez Rouco, ese desv\u00edo constituye una <strong>se\u00f1al favorable <\/strong>para quien toma deuda indexada para comprar un activo valuado en d\u00f3lares. \u201c<strong data-start=\"7107\" data-end=\"7185\">Que actualmente est\u00e9 tan alta, en torno a 1,40, representa una oportunidad<\/strong>\u201d, sostuvo. Su argumento es que <strong>la relaci\u00f3n ya se encuentra en niveles extremos <\/strong>y <strong>podr\u00eda corregir parcialmente<\/strong> durante los pr\u00f3ximos a\u00f1os.<\/p>\n<p id=\"p-1788215171811-21916\" data-start=\"7324\" data-end=\"7781\">Esa correcci\u00f3n no necesita ser abrupta para generar una diferencia. \u201cPodr\u00eda corregir, por ejemplo, un 10%. Y una correcci\u00f3n del 10%, en t\u00e9rminos patrimoniales del cr\u00e9dito, implica una reducci\u00f3n de la relaci\u00f3n entre la deuda y el valor del inmueble\u201d, explic\u00f3 Gonz\u00e1lez Rouco. En otras palabras, <strong>una depreciaci\u00f3n del peso m\u00e1s r\u00e1pida que la actualizaci\u00f3n de la UVA puede reducir el peso de la deuda cuando se la compara con una propiedad valuada en d\u00f3lares.<\/strong><\/p>\n<p id=\"p-1788215171811-89425\" data-start=\"7783\" data-end=\"8259\">Salinas coincide con la oportunidad, aunque considera m\u00e1s intuitivo mirar la relaci\u00f3n al rev\u00e9s. \u201c<strong data-start=\"7880\" data-end=\"8087\">Hoy con un d\u00f3lar compr\u00e1s 0,74 UVA y el promedio hist\u00f3rico est\u00e1 en 1,07. Por lo que hoy es un buen momento para tomar un cr\u00e9dito en UVA, ya que vas a poder comprar m\u00e1s d\u00f3lares que en el promedio hist\u00f3rico<\/strong>\u201d, afirm\u00f3. De todos modos, aclar\u00f3 que esa conclusi\u00f3n surge exclusivamente de la relaci\u00f3n entre ambas variables y no alcanza por s\u00ed sola para decidir si conviene endeudarse.<\/p>\n<p id=\"p-1788215171811-56695\" data-start=\"8261\" data-end=\"8644\">Por eso, plantea una administraci\u00f3n activa del pr\u00e9stamo. \u201c<strong data-start=\"8319\" data-end=\"8461\">La estrategia deber\u00eda ser pagar la cuota y ahorrar e invertir en d\u00f3lares para esperar el momento en que la devaluaci\u00f3n pase a la inflaci\u00f3n<\/strong>\u201d, explic\u00f3. Como la UVA incorpora la variaci\u00f3n de precios con rezago, esos episodios pueden generar <strong>ventanas en las que resulte conveniente precancelar <\/strong>parte o la totalidad del saldo.<\/p>\n<p id=\"p-1788215171811-83828\" data-start=\"8646\" data-end=\"9251\">Salinas utiliz\u00f3 la primera ola de cr\u00e9ditos UVA para mostrar la magnitud que puede alcanzar ese efecto. Seg\u00fan explic\u00f3, <strong>una persona que hubiese tomado en 2016 un pr\u00e9stamo equivalente a u$s80.000 pod\u00eda haber encontrado hacia mediados de 2020 una oportunidad para cancelarlo por alrededor de u$s30.000. En cambio, si simplemente continuaba pagando las cuotas sin aprovechar ese descalce, hacia 2025 pod\u00eda volver a registrar una deuda superior a u$s90.000.<\/strong> Por eso, alert\u00f3 que \u201ceste es un cr\u00e9dito que, si no hac\u00e9s nada durante toda la vida del mismo, pod\u00e9s tener un costo de oportunidad gigante\u201d.<\/p>\n<div contenteditable=\"false\" class=\"embed_cont type_imagen\" id=\"8272034-Libre-1492480879_wrap\">\n<div id=\"8272034-Libre-1492480879_content\" class=\"embed_content\"><img src=\"https:\/\/media.ambito.com\/p\/ce10c58d0306bd8ce9fb803b1a91fe04\/adjuntos\/239\/imagenes\/043\/614\/0043614605\/730x0\/smart\/images-13.jpg\" decoding=\"async\" fetchpriority=\"low\" loading=\"lazy\" alt=\"La relaci\u00f3n UVA-d\u00f3lar favorece hoy el acceso a viviendas valuadas en d\u00f3lares.\" title=\"La relaci\u00f3n UVA-d\u00f3lar favorece hoy el acceso a viviendas valuadas en d\u00f3lares.\" width=\"730\" height=\"undefined\" id=\"8272034-Libre-1492480879_embed\"\/><\/div>\n<div class=\"embed_wrapper-cont\" id=\"p-1788215402559-30920\">\n<div id=\"8272034-Libre-1492480879_epigrafe\" class=\"embed_epigrafe\">\n<p id=\"p-1788215683105-53480\">La relaci\u00f3n UVA-d\u00f3lar favorece hoy el acceso a viviendas valuadas en d\u00f3lares.<\/p>\n<\/div><\/div><\/div>\n<h2 id=\"p-1788215389553-73536\" class=\"\" data-section-id=\"1x2y29r\" data-start=\"9253\" data-end=\"9321\">No hay una tasa m\u00e1gica y el principal l\u00edmite est\u00e1 en los ingresos<\/h2>\n<p id=\"p-1788215389553-31483\" data-start=\"9323\" data-end=\"9524\">El tercer interrogante es d\u00f3nde aparece el <strong>punto a partir del cual el cr\u00e9dito deja de convenir.<\/strong> En esto, ambos especialistas coinciden en que <strong data-start=\"9465\" data-end=\"9523\">no existe una tasa \u00fanica aplicable a todos los hogares<\/strong>.<\/p>\n<p id=\"p-1788215389553-38774\" data-start=\"9526\" data-end=\"9985\">\u201c<strong data-start=\"9527\" data-end=\"9691\">No existe un valor espec\u00edfico a partir del cual deje de convenir tomar un cr\u00e9dito hipotecario, porque eso depende mucho de la situaci\u00f3n personal de cada tomador<\/strong>\u201d, expres\u00f3 Gonz\u00e1lez Rouco. Como ejemplo, record\u00f3 que llegaron a existir l\u00edneas cercanas a UVA m\u00e1s 15%, pero en esos casos el principal problema no era solamente el costo acumulado, sino la barrera inicial para ingresar. \u201cLa cuota inicial directamente pod\u00eda resultar impagable\u201d, profundiz\u00f3.<\/p>\n<p id=\"p-1788215389553-52881\" data-start=\"9987\" data-end=\"10382\">Salinas tambi\u00e9n pone el centro en la situaci\u00f3n individual. \u201c<strong data-start=\"10047\" data-end=\"10112\">Depende mucho de tu situaci\u00f3n, de tu ingreso y de c\u00f3mo ajusta<\/strong>\u201d, explic\u00f3. Un trabajador cuyo salario se actualiza regularmente con la inflaci\u00f3n, con estabilidad y capacidad de ahorro, enfrenta un riesgo muy diferente al de una familia cuyos ingresos se ajustan una vez al a\u00f1o o que tiene menor margen frente a una p\u00e9rdida de empleo.<\/p>\n<p id=\"p-1788215389553-12491\" data-start=\"10384\" data-end=\"10894\">Aun as\u00ed, considera que <strong>las tasas actuales no son necesariamente incompatibles con el grado de desarrollo del mercado argentino<\/strong>. Como comparaci\u00f3n, se\u00f1al\u00f3 que <strong>en Chile<\/strong> las hipotecas pueden ubicarse alrededor de <strong data-start=\"10593\" data-end=\"10626\">5% por encima de la inflaci\u00f3n<\/strong>, dentro de un sistema donde <strong>el cr\u00e9dito hipotecario representa cerca de 20% del PBI<\/strong>. En Argentina, en cambio, ronda<strong> apenas 1,5%<\/strong>. Por eso, \u201c<strong data-start=\"10765\" data-end=\"10892\">hablar de tasas reales del 7% no parece tan disparatado para el mercado argentino, que est\u00e1 reci\u00e9n dando los primeros pasos<\/strong>\u201d.<\/p>\n<p id=\"p-1788215389553-24412\" data-start=\"10896\" data-end=\"11282\">En ese sentido, <strong>tampoco espera que el nuevo esquema provoque una baja abrupta del costo de los cr\u00e9ditos efectivamente otorgados. <\/strong>Seg\u00fan explic\u00f3,<strong> BBVA <\/strong>y <strong>Banco Naci\u00f3n concentran cerca del 80% de las operaciones<\/strong> y ya ofrecen tasas pr\u00f3ximas a <strong data-start=\"11134\" data-end=\"11148\">UVA m\u00e1s 7%<\/strong>, por lo que <strong>el mayor impacto podr\u00eda aparecer en la cantidad y disponibilidad del fondeo <\/strong>antes que en una reducci\u00f3n dr\u00e1stica de tasas.<\/p>\n<p id=\"p-1788215389553-64951\" data-start=\"11284\" data-end=\"11864\" data-is-last-node=\"\" data-is-only-node=\"\"><strong>El verdadero riesgo aparece cuando la evoluci\u00f3n de la cuota se despega de los ingresos del hogar<\/strong>. \u201cLo importante para que el sistema UVA funcione es que la macro est\u00e9 ordenada y la moneda no sufra p\u00e9rdida de poder adquisitivo por un per\u00edodo prolongado de tiempo\u201d, sostuvo Salinas.<\/p>\n<p id=\"p-1788215542021-74760\" data-start=\"11284\" data-end=\"11864\" data-is-last-node=\"\" data-is-only-node=\"\"><strong>Si los salarios acompa\u00f1an a la inflaci\u00f3n y esta contin\u00faa descendiendo, agreg\u00f3,<\/strong> <strong>la proporci\u00f3n del ingreso destinada a pagar la cuota deber\u00eda mantenerse relativamente estable<\/strong>. Si esa relaci\u00f3n se rompe, el cr\u00e9dito puede volverse dif\u00edcil de sostener aun cuando la tasa inicial parezca razonable.<\/p>\n<\/div>\n<p><script>\n!function(f,b,e,v,n,t,s)\n{if(f.fbq)return;n=f.fbq=function(){n.callMethod?\nn.callMethod.apply(n,arguments):n.queue.push(arguments)};\nif(!f._fbq)f._fbq=n;n.push=n;n.loaded=!0;n.version='2.0';\nn.queue=[];t=b.createElement(e);t.async=!0;\nt.src=v;s=b.getElementsByTagName(e)[0];\ns.parentNode.insertBefore(t,s)}(window,document,'script',\n'https:\/\/connect.facebook.net\/en_US\/fbevents.js');\nfbq('init', '2047048335588113');\nfbq('track', 'PageView');\n<\/script><br \/>\n<br \/><\/p>\n","protected":false},"excerpt":{"rendered":"<p>En ese contexto, el Gobierno anunci\u00f3 un esquema para canalizar hasta $2 billones del Fondo de Garant\u00eda de Sustentabilidad (FGS) de ANSES hacia los bancos, con el objetivo de ampliar el fondeo hipotecario y limitar el costo de las nuevas l\u00edneas a UVA m\u00e1s 7,5%. La medida llega, adem\u00e1s, en un momento particular para la [&hellip;]<\/p>\n","protected":false},"author":1,"featured_media":210029,"comment_status":"closed","ping_status":"closed","sticky":false,"template":"","format":"standard","meta":{"footnotes":""},"categories":[28],"tags":[],"class_list":["post-210028","post","type-post","status-publish","format-standard","has-post-thumbnail","hentry","category-economia"],"yoast_head":"<!-- This site is optimized with the Yoast SEO plugin v24.4 - https:\/\/yoast.com\/wordpress\/plugins\/seo\/ -->\n<title>\u00bfEs buen momento para sacar un cr\u00e9dito hipotecario UVA? Qu\u00e9 opinan los expertos y qu\u00e9 hay que entender antes de hacerlo - GYS NOTICIAS |<\/title>\n<meta name=\"robots\" content=\"index, follow, max-snippet:-1, max-image-preview:large, max-video-preview:-1\" \/>\n<link rel=\"canonical\" href=\"https:\/\/gysfm.com.ar\/inicio\/es-buen-momento-para-sacar-un-credito-hipotecario-uva-que-opinan-los-expertos-y-que-hay-que-entender-antes-de-hacerlo\/\" \/>\n<meta property=\"og:locale\" content=\"es_ES\" \/>\n<meta property=\"og:type\" content=\"article\" \/>\n<meta property=\"og:title\" content=\"\u00bfEs buen momento para sacar un cr\u00e9dito hipotecario UVA? Qu\u00e9 opinan los expertos y qu\u00e9 hay que entender antes de hacerlo - GYS NOTICIAS |\" \/>\n<meta property=\"og:description\" content=\"En ese contexto, el Gobierno anunci\u00f3 un esquema para canalizar hasta $2 billones del Fondo de Garant\u00eda de Sustentabilidad (FGS) de ANSES hacia los bancos, con el objetivo de ampliar el fondeo hipotecario y limitar el costo de las nuevas l\u00edneas a UVA m\u00e1s 7,5%. La medida llega, adem\u00e1s, en un momento particular para la [&hellip;]\" \/>\n<meta property=\"og:url\" content=\"https:\/\/gysfm.com.ar\/inicio\/es-buen-momento-para-sacar-un-credito-hipotecario-uva-que-opinan-los-expertos-y-que-hay-que-entender-antes-de-hacerlo\/\" \/>\n<meta property=\"og:site_name\" content=\"GYS NOTICIAS |\" \/>\n<meta property=\"article:published_time\" content=\"2026-09-01T09:04:37+00:00\" \/>\n<meta property=\"og:image\" content=\"https:\/\/media.ambito.com\/p\/d881adcaa39a4af3b03104b441f8354d\/adjuntos\/239\/imagenes\/043\/614\/0043614604\/730x0\/smart\/images-12.jpg\" \/>\n<meta name=\"author\" content=\"admin\" \/>\n<meta name=\"twitter:card\" content=\"summary_large_image\" \/>\n<meta name=\"twitter:label1\" content=\"Escrito por\" \/>\n\t<meta name=\"twitter:data1\" content=\"admin\" \/>\n\t<meta name=\"twitter:label2\" content=\"Tiempo de lectura\" \/>\n\t<meta name=\"twitter:data2\" content=\"8 minutos\" \/>\n<script type=\"application\/ld+json\" class=\"yoast-schema-graph\">{\"@context\":\"https:\/\/schema.org\",\"@graph\":[{\"@type\":\"Article\",\"@id\":\"https:\/\/gysfm.com.ar\/inicio\/es-buen-momento-para-sacar-un-credito-hipotecario-uva-que-opinan-los-expertos-y-que-hay-que-entender-antes-de-hacerlo\/#article\",\"isPartOf\":{\"@id\":\"https:\/\/gysfm.com.ar\/inicio\/es-buen-momento-para-sacar-un-credito-hipotecario-uva-que-opinan-los-expertos-y-que-hay-que-entender-antes-de-hacerlo\/\"},\"author\":{\"name\":\"admin\",\"@id\":\"https:\/\/gysfm.com.ar\/inicio\/#\/schema\/person\/5bedd7ecd35cc35548d89effafa23696\"},\"headline\":\"\u00bfEs buen momento para sacar un cr\u00e9dito hipotecario UVA? Qu\u00e9 opinan los expertos y qu\u00e9 hay que entender antes de hacerlo\",\"datePublished\":\"2026-09-01T09:04:37+00:00\",\"mainEntityOfPage\":{\"@id\":\"https:\/\/gysfm.com.ar\/inicio\/es-buen-momento-para-sacar-un-credito-hipotecario-uva-que-opinan-los-expertos-y-que-hay-que-entender-antes-de-hacerlo\/\"},\"wordCount\":1642,\"publisher\":{\"@id\":\"https:\/\/gysfm.com.ar\/inicio\/#organization\"},\"image\":{\"@id\":\"https:\/\/gysfm.com.ar\/inicio\/es-buen-momento-para-sacar-un-credito-hipotecario-uva-que-opinan-los-expertos-y-que-hay-que-entender-antes-de-hacerlo\/#primaryimage\"},\"thumbnailUrl\":\"https:\/\/gysfm.com.ar\/inicio\/wp-content\/uploads\/2026\/09\/creditos-uva.png\",\"articleSection\":[\"ECONOMIA\"],\"inLanguage\":\"es\"},{\"@type\":\"WebPage\",\"@id\":\"https:\/\/gysfm.com.ar\/inicio\/es-buen-momento-para-sacar-un-credito-hipotecario-uva-que-opinan-los-expertos-y-que-hay-que-entender-antes-de-hacerlo\/\",\"url\":\"https:\/\/gysfm.com.ar\/inicio\/es-buen-momento-para-sacar-un-credito-hipotecario-uva-que-opinan-los-expertos-y-que-hay-que-entender-antes-de-hacerlo\/\",\"name\":\"\u00bfEs buen momento para sacar un cr\u00e9dito hipotecario UVA? Qu\u00e9 opinan los expertos y qu\u00e9 hay que entender antes de hacerlo - GYS NOTICIAS |\",\"isPartOf\":{\"@id\":\"https:\/\/gysfm.com.ar\/inicio\/#website\"},\"primaryImageOfPage\":{\"@id\":\"https:\/\/gysfm.com.ar\/inicio\/es-buen-momento-para-sacar-un-credito-hipotecario-uva-que-opinan-los-expertos-y-que-hay-que-entender-antes-de-hacerlo\/#primaryimage\"},\"image\":{\"@id\":\"https:\/\/gysfm.com.ar\/inicio\/es-buen-momento-para-sacar-un-credito-hipotecario-uva-que-opinan-los-expertos-y-que-hay-que-entender-antes-de-hacerlo\/#primaryimage\"},\"thumbnailUrl\":\"https:\/\/gysfm.com.ar\/inicio\/wp-content\/uploads\/2026\/09\/creditos-uva.png\",\"datePublished\":\"2026-09-01T09:04:37+00:00\",\"breadcrumb\":{\"@id\":\"https:\/\/gysfm.com.ar\/inicio\/es-buen-momento-para-sacar-un-credito-hipotecario-uva-que-opinan-los-expertos-y-que-hay-que-entender-antes-de-hacerlo\/#breadcrumb\"},\"inLanguage\":\"es\",\"potentialAction\":[{\"@type\":\"ReadAction\",\"target\":[\"https:\/\/gysfm.com.ar\/inicio\/es-buen-momento-para-sacar-un-credito-hipotecario-uva-que-opinan-los-expertos-y-que-hay-que-entender-antes-de-hacerlo\/\"]}]},{\"@type\":\"ImageObject\",\"inLanguage\":\"es\",\"@id\":\"https:\/\/gysfm.com.ar\/inicio\/es-buen-momento-para-sacar-un-credito-hipotecario-uva-que-opinan-los-expertos-y-que-hay-que-entender-antes-de-hacerlo\/#primaryimage\",\"url\":\"https:\/\/gysfm.com.ar\/inicio\/wp-content\/uploads\/2026\/09\/creditos-uva.png\",\"contentUrl\":\"https:\/\/gysfm.com.ar\/inicio\/wp-content\/uploads\/2026\/09\/creditos-uva.png\",\"width\":1200,\"height\":675},{\"@type\":\"BreadcrumbList\",\"@id\":\"https:\/\/gysfm.com.ar\/inicio\/es-buen-momento-para-sacar-un-credito-hipotecario-uva-que-opinan-los-expertos-y-que-hay-que-entender-antes-de-hacerlo\/#breadcrumb\",\"itemListElement\":[{\"@type\":\"ListItem\",\"position\":1,\"name\":\"Portada\",\"item\":\"https:\/\/gysfm.com.ar\/inicio\/\"},{\"@type\":\"ListItem\",\"position\":2,\"name\":\"\u00bfEs buen momento para sacar un cr\u00e9dito hipotecario UVA? Qu\u00e9 opinan los expertos y qu\u00e9 hay que entender antes de hacerlo\"}]},{\"@type\":\"WebSite\",\"@id\":\"https:\/\/gysfm.com.ar\/inicio\/#website\",\"url\":\"https:\/\/gysfm.com.ar\/inicio\/\",\"name\":\"GYS NOTICIAS |\",\"description\":\"DIARIO - RADIO ONLINE SAN JUAN ARGENTINA\",\"publisher\":{\"@id\":\"https:\/\/gysfm.com.ar\/inicio\/#organization\"},\"potentialAction\":[{\"@type\":\"SearchAction\",\"target\":{\"@type\":\"EntryPoint\",\"urlTemplate\":\"https:\/\/gysfm.com.ar\/inicio\/?s={search_term_string}\"},\"query-input\":{\"@type\":\"PropertyValueSpecification\",\"valueRequired\":true,\"valueName\":\"search_term_string\"}}],\"inLanguage\":\"es\"},{\"@type\":\"Organization\",\"@id\":\"https:\/\/gysfm.com.ar\/inicio\/#organization\",\"name\":\"GYS NOTICIAS |\",\"url\":\"https:\/\/gysfm.com.ar\/inicio\/\",\"logo\":{\"@type\":\"ImageObject\",\"inLanguage\":\"es\",\"@id\":\"https:\/\/gysfm.com.ar\/inicio\/#\/schema\/logo\/image\/\",\"url\":\"https:\/\/gysfm.com.ar\/inicio\/wp-content\/uploads\/2023\/07\/LOGOGYS-OK.png\",\"contentUrl\":\"https:\/\/gysfm.com.ar\/inicio\/wp-content\/uploads\/2023\/07\/LOGOGYS-OK.png\",\"width\":1170,\"height\":872,\"caption\":\"GYS NOTICIAS |\"},\"image\":{\"@id\":\"https:\/\/gysfm.com.ar\/inicio\/#\/schema\/logo\/image\/\"}},{\"@type\":\"Person\",\"@id\":\"https:\/\/gysfm.com.ar\/inicio\/#\/schema\/person\/5bedd7ecd35cc35548d89effafa23696\",\"name\":\"admin\",\"image\":{\"@type\":\"ImageObject\",\"inLanguage\":\"es\",\"@id\":\"https:\/\/gysfm.com.ar\/inicio\/#\/schema\/person\/image\/\",\"url\":\"https:\/\/secure.gravatar.com\/avatar\/c331d312b5243fb64d5ba28108a447b27c925295129a363082c9ea52c28d32c2?s=96&d=mm&r=g\",\"contentUrl\":\"https:\/\/secure.gravatar.com\/avatar\/c331d312b5243fb64d5ba28108a447b27c925295129a363082c9ea52c28d32c2?s=96&d=mm&r=g\",\"caption\":\"admin\"},\"sameAs\":[\"https:\/\/gysfm.com.ar\/inicio\"],\"url\":\"https:\/\/gysfm.com.ar\/inicio\/author\/admin\/\"}]}<\/script>\n<!-- \/ Yoast SEO plugin. -->","yoast_head_json":{"title":"\u00bfEs buen momento para sacar un cr\u00e9dito hipotecario UVA? Qu\u00e9 opinan los expertos y qu\u00e9 hay que entender antes de hacerlo - GYS NOTICIAS |","robots":{"index":"index","follow":"follow","max-snippet":"max-snippet:-1","max-image-preview":"max-image-preview:large","max-video-preview":"max-video-preview:-1"},"canonical":"https:\/\/gysfm.com.ar\/inicio\/es-buen-momento-para-sacar-un-credito-hipotecario-uva-que-opinan-los-expertos-y-que-hay-que-entender-antes-de-hacerlo\/","og_locale":"es_ES","og_type":"article","og_title":"\u00bfEs buen momento para sacar un cr\u00e9dito hipotecario UVA? Qu\u00e9 opinan los expertos y qu\u00e9 hay que entender antes de hacerlo - GYS NOTICIAS |","og_description":"En ese contexto, el Gobierno anunci\u00f3 un esquema para canalizar hasta $2 billones del Fondo de Garant\u00eda de Sustentabilidad (FGS) de ANSES hacia los bancos, con el objetivo de ampliar el fondeo hipotecario y limitar el costo de las nuevas l\u00edneas a UVA m\u00e1s 7,5%. La medida llega, adem\u00e1s, en un momento particular para la [&hellip;]","og_url":"https:\/\/gysfm.com.ar\/inicio\/es-buen-momento-para-sacar-un-credito-hipotecario-uva-que-opinan-los-expertos-y-que-hay-que-entender-antes-de-hacerlo\/","og_site_name":"GYS NOTICIAS |","article_published_time":"2026-09-01T09:04:37+00:00","og_image":[{"url":"https:\/\/media.ambito.com\/p\/d881adcaa39a4af3b03104b441f8354d\/adjuntos\/239\/imagenes\/043\/614\/0043614604\/730x0\/smart\/images-12.jpg","type":"","width":"","height":""}],"author":"admin","twitter_card":"summary_large_image","twitter_misc":{"Escrito por":"admin","Tiempo de lectura":"8 minutos"},"schema":{"@context":"https:\/\/schema.org","@graph":[{"@type":"Article","@id":"https:\/\/gysfm.com.ar\/inicio\/es-buen-momento-para-sacar-un-credito-hipotecario-uva-que-opinan-los-expertos-y-que-hay-que-entender-antes-de-hacerlo\/#article","isPartOf":{"@id":"https:\/\/gysfm.com.ar\/inicio\/es-buen-momento-para-sacar-un-credito-hipotecario-uva-que-opinan-los-expertos-y-que-hay-que-entender-antes-de-hacerlo\/"},"author":{"name":"admin","@id":"https:\/\/gysfm.com.ar\/inicio\/#\/schema\/person\/5bedd7ecd35cc35548d89effafa23696"},"headline":"\u00bfEs buen momento para sacar un cr\u00e9dito hipotecario UVA? Qu\u00e9 opinan los expertos y qu\u00e9 hay que entender antes de hacerlo","datePublished":"2026-09-01T09:04:37+00:00","mainEntityOfPage":{"@id":"https:\/\/gysfm.com.ar\/inicio\/es-buen-momento-para-sacar-un-credito-hipotecario-uva-que-opinan-los-expertos-y-que-hay-que-entender-antes-de-hacerlo\/"},"wordCount":1642,"publisher":{"@id":"https:\/\/gysfm.com.ar\/inicio\/#organization"},"image":{"@id":"https:\/\/gysfm.com.ar\/inicio\/es-buen-momento-para-sacar-un-credito-hipotecario-uva-que-opinan-los-expertos-y-que-hay-que-entender-antes-de-hacerlo\/#primaryimage"},"thumbnailUrl":"https:\/\/gysfm.com.ar\/inicio\/wp-content\/uploads\/2026\/09\/creditos-uva.png","articleSection":["ECONOMIA"],"inLanguage":"es"},{"@type":"WebPage","@id":"https:\/\/gysfm.com.ar\/inicio\/es-buen-momento-para-sacar-un-credito-hipotecario-uva-que-opinan-los-expertos-y-que-hay-que-entender-antes-de-hacerlo\/","url":"https:\/\/gysfm.com.ar\/inicio\/es-buen-momento-para-sacar-un-credito-hipotecario-uva-que-opinan-los-expertos-y-que-hay-que-entender-antes-de-hacerlo\/","name":"\u00bfEs buen momento para sacar un cr\u00e9dito hipotecario UVA? Qu\u00e9 opinan los expertos y qu\u00e9 hay que entender antes de hacerlo - GYS NOTICIAS |","isPartOf":{"@id":"https:\/\/gysfm.com.ar\/inicio\/#website"},"primaryImageOfPage":{"@id":"https:\/\/gysfm.com.ar\/inicio\/es-buen-momento-para-sacar-un-credito-hipotecario-uva-que-opinan-los-expertos-y-que-hay-que-entender-antes-de-hacerlo\/#primaryimage"},"image":{"@id":"https:\/\/gysfm.com.ar\/inicio\/es-buen-momento-para-sacar-un-credito-hipotecario-uva-que-opinan-los-expertos-y-que-hay-que-entender-antes-de-hacerlo\/#primaryimage"},"thumbnailUrl":"https:\/\/gysfm.com.ar\/inicio\/wp-content\/uploads\/2026\/09\/creditos-uva.png","datePublished":"2026-09-01T09:04:37+00:00","breadcrumb":{"@id":"https:\/\/gysfm.com.ar\/inicio\/es-buen-momento-para-sacar-un-credito-hipotecario-uva-que-opinan-los-expertos-y-que-hay-que-entender-antes-de-hacerlo\/#breadcrumb"},"inLanguage":"es","potentialAction":[{"@type":"ReadAction","target":["https:\/\/gysfm.com.ar\/inicio\/es-buen-momento-para-sacar-un-credito-hipotecario-uva-que-opinan-los-expertos-y-que-hay-que-entender-antes-de-hacerlo\/"]}]},{"@type":"ImageObject","inLanguage":"es","@id":"https:\/\/gysfm.com.ar\/inicio\/es-buen-momento-para-sacar-un-credito-hipotecario-uva-que-opinan-los-expertos-y-que-hay-que-entender-antes-de-hacerlo\/#primaryimage","url":"https:\/\/gysfm.com.ar\/inicio\/wp-content\/uploads\/2026\/09\/creditos-uva.png","contentUrl":"https:\/\/gysfm.com.ar\/inicio\/wp-content\/uploads\/2026\/09\/creditos-uva.png","width":1200,"height":675},{"@type":"BreadcrumbList","@id":"https:\/\/gysfm.com.ar\/inicio\/es-buen-momento-para-sacar-un-credito-hipotecario-uva-que-opinan-los-expertos-y-que-hay-que-entender-antes-de-hacerlo\/#breadcrumb","itemListElement":[{"@type":"ListItem","position":1,"name":"Portada","item":"https:\/\/gysfm.com.ar\/inicio\/"},{"@type":"ListItem","position":2,"name":"\u00bfEs buen momento para sacar un cr\u00e9dito hipotecario UVA? Qu\u00e9 opinan los expertos y qu\u00e9 hay que entender antes de hacerlo"}]},{"@type":"WebSite","@id":"https:\/\/gysfm.com.ar\/inicio\/#website","url":"https:\/\/gysfm.com.ar\/inicio\/","name":"GYS NOTICIAS |","description":"DIARIO - RADIO ONLINE SAN JUAN ARGENTINA","publisher":{"@id":"https:\/\/gysfm.com.ar\/inicio\/#organization"},"potentialAction":[{"@type":"SearchAction","target":{"@type":"EntryPoint","urlTemplate":"https:\/\/gysfm.com.ar\/inicio\/?s={search_term_string}"},"query-input":{"@type":"PropertyValueSpecification","valueRequired":true,"valueName":"search_term_string"}}],"inLanguage":"es"},{"@type":"Organization","@id":"https:\/\/gysfm.com.ar\/inicio\/#organization","name":"GYS NOTICIAS |","url":"https:\/\/gysfm.com.ar\/inicio\/","logo":{"@type":"ImageObject","inLanguage":"es","@id":"https:\/\/gysfm.com.ar\/inicio\/#\/schema\/logo\/image\/","url":"https:\/\/gysfm.com.ar\/inicio\/wp-content\/uploads\/2023\/07\/LOGOGYS-OK.png","contentUrl":"https:\/\/gysfm.com.ar\/inicio\/wp-content\/uploads\/2023\/07\/LOGOGYS-OK.png","width":1170,"height":872,"caption":"GYS NOTICIAS |"},"image":{"@id":"https:\/\/gysfm.com.ar\/inicio\/#\/schema\/logo\/image\/"}},{"@type":"Person","@id":"https:\/\/gysfm.com.ar\/inicio\/#\/schema\/person\/5bedd7ecd35cc35548d89effafa23696","name":"admin","image":{"@type":"ImageObject","inLanguage":"es","@id":"https:\/\/gysfm.com.ar\/inicio\/#\/schema\/person\/image\/","url":"https:\/\/secure.gravatar.com\/avatar\/c331d312b5243fb64d5ba28108a447b27c925295129a363082c9ea52c28d32c2?s=96&d=mm&r=g","contentUrl":"https:\/\/secure.gravatar.com\/avatar\/c331d312b5243fb64d5ba28108a447b27c925295129a363082c9ea52c28d32c2?s=96&d=mm&r=g","caption":"admin"},"sameAs":["https:\/\/gysfm.com.ar\/inicio"],"url":"https:\/\/gysfm.com.ar\/inicio\/author\/admin\/"}]}},"_links":{"self":[{"href":"https:\/\/gysfm.com.ar\/inicio\/wp-json\/wp\/v2\/posts\/210028","targetHints":{"allow":["GET"]}}],"collection":[{"href":"https:\/\/gysfm.com.ar\/inicio\/wp-json\/wp\/v2\/posts"}],"about":[{"href":"https:\/\/gysfm.com.ar\/inicio\/wp-json\/wp\/v2\/types\/post"}],"author":[{"embeddable":true,"href":"https:\/\/gysfm.com.ar\/inicio\/wp-json\/wp\/v2\/users\/1"}],"replies":[{"embeddable":true,"href":"https:\/\/gysfm.com.ar\/inicio\/wp-json\/wp\/v2\/comments?post=210028"}],"version-history":[{"count":0,"href":"https:\/\/gysfm.com.ar\/inicio\/wp-json\/wp\/v2\/posts\/210028\/revisions"}],"wp:featuredmedia":[{"embeddable":true,"href":"https:\/\/gysfm.com.ar\/inicio\/wp-json\/wp\/v2\/media\/210029"}],"wp:attachment":[{"href":"https:\/\/gysfm.com.ar\/inicio\/wp-json\/wp\/v2\/media?parent=210028"}],"wp:term":[{"taxonomy":"category","embeddable":true,"href":"https:\/\/gysfm.com.ar\/inicio\/wp-json\/wp\/v2\/categories?post=210028"},{"taxonomy":"post_tag","embeddable":true,"href":"https:\/\/gysfm.com.ar\/inicio\/wp-json\/wp\/v2\/tags?post=210028"}],"curies":[{"name":"wp","href":"https:\/\/api.w.org\/{rel}","templated":true}]}}