{"id":210025,"date":"2026-09-01T04:14:15","date_gmt":"2026-09-01T07:14:15","guid":{"rendered":"https:\/\/gysfm.com.ar\/inicio\/italia-prorrogo-15-dias-mas-la-suspension-del-acuerdo-de-schengen-con-espana-por-la-crisis-migratoria-en-ceuta\/"},"modified":"2026-09-01T04:14:16","modified_gmt":"2026-09-01T07:14:16","slug":"italia-prorrogo-15-dias-mas-la-suspension-del-acuerdo-de-schengen-con-espana-por-la-crisis-migratoria-en-ceuta","status":"publish","type":"post","link":"https:\/\/gysfm.com.ar\/inicio\/italia-prorrogo-15-dias-mas-la-suspension-del-acuerdo-de-schengen-con-espana-por-la-crisis-migratoria-en-ceuta\/","title":{"rendered":"Italia prorrog\u00f3 15 d\u00edas m\u00e1s la suspensi\u00f3n del acuerdo de Schengen con Espa\u00f1a por la crisis migratoria en Ceuta"},"content":{"rendered":"<p> <br \/>\n<\/p>\n<div>\n<p class=\"com-paragraph --capital --s\">ROMA.- A un mes de la avalancha migratoria en Ceuta -cuando 80.000 personas procedentes de Marruecos cruzaron al peque\u00f1o enclave espa\u00f1ol en el norte de \u00c1frica y m\u00e1s de cien murieron en el intento-, <strong>Italia prorrog\u00f3 este lunes por 15 d\u00edas m\u00e1s la suspensi\u00f3n del acuerdo Schengen con Espa\u00f1a<\/strong>. La decisi\u00f3n profundiz\u00f3 la tensi\u00f3n existente entre el gobierno de derecha de Giorgia Meloni y el de su par socialista, Pedro S\u00e1nchez.<\/p>\n<p class=\"com-paragraph --s\">Tras ver las im\u00e1genes de Ceuta, donde miles de personas llegaban a nado o intentaban cruzar las vallas fronterizas del enclave, <strong>Meloni sorprendi\u00f3 el 1\u00b0 de agosto al suspender durante un mes el acuerdo de libre circulaci\u00f3n con Espa\u00f1a<\/strong>, pese a que Italia ni siquiera comparte frontera terrestre con ese pa\u00eds.<\/p>\n<p class=\"com-paragraph --s\"><a href=\"https:\/\/www.lanacion.com.ar\/el-mundo\/italia-suspende-la-libre-circulacion-con-espana-y-acusan-a-meloni-de-politizar-la-crisis-en-ceuta-nid31072026\/\" target=\"_self\" title=\"https:\/\/www.lanacion.com.ar\/el-mundo\/italia-suspende-la-libre-circulacion-con-espana-y-acusan-a-meloni-de-politizar-la-crisis-en-ceuta-nid31072026\/\" class=\"com-link break-word\" data-mrf-recirculation=\"n_link_parrafo\">La decisi\u00f3n, sin precedentes<\/a>, <strong>desat\u00f3 una in\u00e9dita crisis diplom\u00e1tica<\/strong> y tambi\u00e9n complic\u00f3 a miles de turistas de ambos pa\u00edses que, en plena temporada de vacaciones de verano, padecieron demoras por controles aleatorios en aeropuertos y puertos.<\/p>\n<div class=\"content-media\">\n<section role=\"button\" class=\"mod-media   \">\n<figure role=\"button\" tabindex=\"0\" class=\"mod-figure \"><figcaption class=\"mod-figcaption\"><span class=\"com-text --caption --twoxs\">Las tensiones siguen siendo altas en el territorio de 80.000 habitantes desde que decenas de miles de personas cruzaron a Ceuta desde Marruecos durante varios d\u00edas en julio, lo que provoc\u00f3 una alerta migratoria en toda Europa<\/span><span class=\"com-text --credit --twoxs\">ANTONIO SEMPERE &#8211; AFP<\/span><\/figcaption><\/figure>\n<\/section>\n<\/div>\n<p class=\"com-paragraph --s\"><strong>Espa\u00f1a<\/strong>, en efecto, <a href=\"https:\/\/www.lanacion.com.ar\/el-mundo\/espana-comienza-los-controles-fronterizos-con-italia-tras-la-crisis-por-los-migrantes-de-ceuta-nid08082026\/\" target=\"_self\" title=\"https:\/\/www.lanacion.com.ar\/el-mundo\/espana-comienza-los-controles-fronterizos-con-italia-tras-la-crisis-por-los-migrantes-de-ceuta-nid08082026\/\" class=\"com-link break-word\" data-mrf-recirculation=\"n_link_parrafo\"><strong>respondi\u00f3 duramente a la decisi\u00f3n italiana<\/strong><\/a><strong> y, en represalia, puso en marcha en puertos y aeropuertos controles a ciudadanos italianos <\/strong>con destino a Espa\u00f1a, hasta el 7 de septiembre. En reciprocidad con la decisi\u00f3n anunciada este lunes, Espa\u00f1a tambi\u00e9n prolong\u00f3 esa decisi\u00f3n, hasta el 21 del mes pr\u00f3ximo.<\/p>\n<p class=\"com-paragraph --s\">La nueva suspensi\u00f3n por 15 d\u00edas de las reglas de Schengen con Espa\u00f1a \u201cse adopt\u00f3 de acuerdo con el Comit\u00e9 de An\u00e1lisis de Inmigraci\u00f3n y Seguridad Fronteriza debido a la <strong>persistencia de los factores que motivaron inicialmente el restablecimiento de los controles el 1\u00b0 de agosto<\/strong>, teniendo en cuenta asimismo las iniciativas ya emprendidas por Espa\u00f1a, en colaboraci\u00f3n con la Uni\u00f3n Europea, para avanzar hacia la normalizaci\u00f3n de la situaci\u00f3n en la zona\u201d, explic\u00f3 el Ministerio del Interior italiano al anunciar la medida.<\/p>\n<p class=\"com-paragraph --s\">El titular de la cartera, <strong>Matteo Piantedosi<\/strong>, comunic\u00f3 la decisi\u00f3n a su hom\u00f3logo espa\u00f1ol, <strong>Fernando Grande-Marlaska<\/strong>, durante una \u201cconversaci\u00f3n telef\u00f3nica constructiva\u201d, seg\u00fan inform\u00f3 el mismo ministerio.<\/p>\n<div class=\"content-media cursor-pointer container-center-100\">\n<section class=\"media-container relative ratio-16-9 mod-media pb-32\">\n<figure class=\"mod-video\">\n<div class=\"video-player bg-black ratio-16-9\" data-has-jwplayer=\"true\" data-video-id-jw=\"ooW3dfgH\" data-config=\"{&quot;title&quot;:&quot;Cientos de migrantes buscaban entrar a Ceuta&quot;,&quot;mediaId&quot;:&quot;ooW3dfgH&quot;,&quot;playerId&quot;:&quot;ih0086X3&quot;,&quot;playlist&quot;:[{&quot;mediaid&quot;:&quot;ooW3dfgH&quot;,&quot;sources&quot;:[{&quot;file&quot;:&quot;https:\/\/cdn.jwplayer.com\/manifests\/ooW3dfgH.m3u8&quot;,&quot;type&quot;:&quot;application\/vnd.apple.mpegurl&quot;},{&quot;bitrate&quot;:313975,&quot;file&quot;:&quot;https:\/\/cdn.jwplayer.com\/videos\/ooW3dfgH-kTExGaWf.mp4&quot;,&quot;filesize&quot;:1059666,&quot;framerate&quot;:30,&quot;height&quot;:322,&quot;label&quot;:&quot;180p&quot;,&quot;type&quot;:&quot;video\/mp4&quot;,&quot;width&quot;:176},{&quot;bitrate&quot;:499964,&quot;file&quot;:&quot;https:\/\/cdn.jwplayer.com\/videos\/ooW3dfgH-K8B0kybS.mp4&quot;,&quot;filesize&quot;:1687381,&quot;framerate&quot;:30,&quot;height&quot;:482,&quot;label&quot;:&quot;270p&quot;,&quot;type&quot;:&quot;video\/mp4&quot;,&quot;width&quot;:264},{&quot;bitrate&quot;:116286,&quot;file&quot;:&quot;https:\/\/cdn.jwplayer.com\/videos\/ooW3dfgH-hz5z2Tv4.m4a&quot;,&quot;filesize&quot;:392468,&quot;label&quot;:&quot;AAC Audio&quot;,&quot;type&quot;:&quot;audio\/mp4&quot;}]}],&quot;hasAutoplay&quot;:false,&quot;autostart&quot;:true,&quot;tagsUrl&quot;:&quot;https:\/\/pubads.g.doubleclick.net\/gampad\/ads?slotname=\/133919216\/la_nacion_video\/nota\/preroll&amp;sz=640x480|400x300&amp;ciu_szs=300x250&amp;unviewed_position_start=1&amp;output=vast&amp;impl=s&amp;env=vp&amp;gdfp_req=1&amp;ad_rule=0&amp;vad_type=linear&amp;vpos=preroll&amp;cust_params=tags_nuevos%3Dte_giorgia_meloni%2Cte_pedro_sanchez%2Cte_italia%2Cca_el_mundo%2Cau_elisabetta_pique%2CLE667ECZ6ZHCTAYMEAIFEYGMSM&amp;pod=3&amp;ppos=1&amp;lip=true&amp;min_ad_duration=0&amp;max_ad_duration=30000&amp;vrid=6256&amp;url=https%3A%2F%2Fwww.lanacion.com.ar%2Fel-mundo%2Fitalia-prorrogo-15-dias-mas-la-suspension-del-acuerdo-de-schengen-con-espana-por-la-crisis-nid31082026%2F%3Fvariant%3DA&amp;description_url=https%3A%2F%2Fwww.lanacion.com.ar%2Fel-mundo%2Fitalia-prorrogo-15-dias-mas-la-suspension-del-acuerdo-de-schengen-con-espana-por-la-crisis-nid31082026%2F%3Fvariant%3DA&amp;video_doc_id=short_onecue&amp;cmsid=496&amp;kfa=0&amp;tfcd=0&amp;correlator=1788246543575&quot;,&quot;arcSite&quot;:&quot;la-nacion-ar&quot;,&quot;duration&quot;:&quot;27000&quot;}\">\n<div id=\"facade-ooW3dfgH\" class=\"content-facade-jw relative bg-black ratio-16-9\"><picture><source media=\"(max-width: 767px)\" srcset=\"https:\/\/www.lanacion.com.ar\/resizer\/v2\/https%3A%2F%2Fcdn.jwplayer.com%2Fv2%2Fmedia%2FooW3dfgH%2Fposter.jpg%3Fwidth%3D720?auth=b104bd36da6d196d4b73a737f8d370dac13b8781dcd0bc8d744e42c680c7ebf6&amp;width=480&amp;quality=70&amp;smart=false\"\/><\/picture><\/div>\n<\/div><figcaption class=\"border border-1 border-bottom border-light-300 relative px-16 py-8 min-h-36 w-100_md px-0_l mb-8 bg-white\"><span class=\"text ln-text text-16 block\">Cientos de migrantes buscaban entrar a Ceuta<\/span><\/figcaption><\/figure>\n<\/section>\n<\/div>\n<p class=\"com-paragraph --s\">Piantedosi hab\u00eda definido la v\u00edspera como <strong>\u201ccomplicada\u201d<\/strong> <a href=\"https:\/\/www.lanacion.com.ar\/el-mundo\/ceuta-se-convierte-en-un-polvorin-y-complica-a-sanchez-cuando-espana-ya-empieza-a-mirar-las-nid29082026\/\" target=\"_self\" title=\"https:\/\/www.lanacion.com.ar\/el-mundo\/ceuta-se-convierte-en-un-polvorin-y-complica-a-sanchez-cuando-espana-ya-empieza-a-mirar-las-nid29082026\/\" class=\"com-link break-word\" data-mrf-recirculation=\"n_link_parrafo\">la situaci\u00f3n en Ceuta<\/a>, donde a\u00fan habr\u00eda \u201centre 5000 y 10.000 migrantes no identificados\u201d. El ministro advirti\u00f3, adem\u00e1s, sobre una <strong>\u201calerta\u201d de agencias de inteligencia espa\u00f1olas por la posible presencia de \u201csujetos con una caracterizaci\u00f3n jihadista\u201d<\/strong>.<\/p>\n<p class=\"com-paragraph --s\">Como reflejo de la tensi\u00f3n que atraviesa el enclave, la polic\u00eda espa\u00f1ola debi\u00f3 intervenir este lunes con disparos al aire para contener un enfrentamiento entre migrantes durante el desalojo de un campamento en un barrio de Ceuta, seg\u00fan informaron medios espa\u00f1oles.<\/p>\n<p class=\"com-paragraph --s\">En respuesta a la decisi\u00f3n del gobierno de Meloni de extender los controles de documentaci\u00f3n a los pasajeros procedentes de Espa\u00f1a, <strong>Madrid anunci\u00f3 tambi\u00e9n este lunes una pr\u00f3rroga de 15 d\u00edas de los controles fronterizos para quienes ingresen al pa\u00eds por mar o aire desde Italia<\/strong>, seg\u00fan fuentes del Ministerio del Interior espa\u00f1ol. La medida se mantendr\u00e1 vigente hasta el 21 de septiembre, de acuerdo con <em>El Pa\u00eds<\/em>.<\/p>\n<p><h2 class=\"font-primary font-w-bold text-subheading-lg text-left container-center-100 mb-8\"><span>Noticias falsas \u201casociadas a Rusia e Israel\u201d<\/span><\/h2>\n<\/p>\n<p class=\"com-paragraph --s\">Antes de que se conociera la decisi\u00f3n de Italia de prorrogar los controles, el jefe del gobierno espa\u00f1ol, <strong>Pedro S\u00e1nchez<\/strong>, se refiri\u00f3 a la crisis en una entrevista con la cadena SER, en la que destac\u00f3 la <strong>\u201ccooperaci\u00f3n instant\u00e1nea\u201d de Marruecos<\/strong> para contener la situaci\u00f3n en Ceuta. De hecho, la gran mayor\u00eda de los migrantes que hab\u00edan ingresado masivamente al enclave a fines de julio regresaron poco despu\u00e9s.<\/p>\n<div class=\"content-media\">\n<section role=\"button\" class=\"mod-media   \">\n<figure role=\"button\" tabindex=\"0\" class=\"mod-figure \"><figcaption class=\"mod-figcaption\"><span class=\"com-text --caption --twoxs\">Una gran multitud se re\u00fane para observar las embarcaciones que participan en una muestra de apoyo a los habitantes de Ceuta<\/span><span class=\"com-text --credit --twoxs\">Marcos Moreno &#8211; EUROPA PRESS DPA<\/span><\/figcaption><\/figure>\n<\/section>\n<\/div>\n<p class=\"com-paragraph --s\">S\u00e1nchez tambi\u00e9n <strong>apel\u00f3 a la solidaridad europea<\/strong> y record\u00f3 que \u201cen Lampedusa, Espa\u00f1a acogi\u00f3 a los migrantes que llegaron\u201d. \u201cEuropa debe ser solidaria en Lampedusa, en Groenlandia y en Ceuta o en Canarias\u201d, afirm\u00f3. Y agreg\u00f3: \u201cNecesitamos la solidaridad de pa\u00edses centroeuropeos y del norte de Europa. \u00bfPor qu\u00e9 en el caso de Espa\u00f1a no? \u00bfPorque tenemos un gobierno de coalici\u00f3n progresista? \u00bfPorque tenemos una posici\u00f3n respecto a Gaza u otros asuntos?\u201d.<\/p>\n<p class=\"com-paragraph --s\">El mandatario atribuy\u00f3 parte de la crisis a la <strong>difusi\u00f3n de noticias falsas y desinformaci\u00f3n en las redes sociales<\/strong> despu\u00e9s de un fallo del Tribunal Supremo espa\u00f1ol que impide las llamadas \u201cdevoluciones en caliente\u201d en los ingresos a nado, una circunstancia que, seg\u00fan dijo, fue aprovechada por \u201corganizaciones criminales\u201d.<\/p>\n<p class=\"com-paragraph --s\">S\u00e1nchez sostuvo adem\u00e1s que esas noticias falsas se propagaron a trav\u00e9s de redes <strong>\u201casociadas tanto a Rusia como a Israel y a una internacional ultraderechista\u201d<\/strong>, a la que acus\u00f3 de utilizar la migraci\u00f3n \u201cno solamente para atacar a Espa\u00f1a sino tambi\u00e9n a Europa\u201d.<\/p>\n<p class=\"com-paragraph --s\">\u201cLa realidad a la que nos estamos enfrentando no quiere decir que tenga que venir de un actor estatal. Desgraciadamente, no tenemos un conocimiento completo de lo que ocurri\u00f3 y seguimos investigando, pero el gobierno tiene que trabajar sobre certezas\u201d, aclar\u00f3.<\/p>\n<p class=\"com-paragraph --s\">Sus declaraciones provocaron una r\u00e1pida reacci\u00f3n del canciller israel\u00ed, <strong>Gideon Saar, que acus\u00f3 a S\u00e1nchez de mentir \u201cdescaradamente\u201d<\/strong>.<\/p>\n<p class=\"com-paragraph --s\">Como ocurri\u00f3 hace un mes, en Italia la oposici\u00f3n de centroizquierda sali\u00f3 a criticar la pr\u00f3rroga y a acusar al gobierno de Meloni de usar el tema para hacer propaganda pol\u00edtica. <\/p>\n<p class=\"com-paragraph --s\"><strong>\u201cLa decisi\u00f3n del gobierno italiano de prorrogar la suspensi\u00f3n de las normas de Schengen con Espa\u00f1a es sencillamente rid\u00edcula; responde m\u00e1s a la propaganda nacionalista de Meloni que a cualquier necesidad real de seguridad\u201d<\/strong>, advirti\u00f3 dijo Riccardo Magi, l\u00edder de M\u00e1s Europa. \u201cEl propio <strong>Piantedosi no aporta cifras <\/strong>sobre cu\u00e1ntos ciudadanos marroqu\u00edes que pasaron por Ceuta han sido realmente interceptados en las fronteras italianas hasta la fecha, lo que demuestra que se trata de un ejercicio in\u00fatil que tiene como efecto colateral socavar uno de los pilares fundamentales de la Uni\u00f3n Europea: la libre circulaci\u00f3n de personas\u201d, agreg\u00f3, al exigir a la primera ministra que d\u00e9 explicaciones sobre el asunto en el Parlamento.<\/p>\n<p class=\"com-paragraph --s\"><strong>En la misma l\u00ednea se expres\u00f3<\/strong> la eurodiputada del partido Alianza Verdes e Izquierda, Ilaria Salis: <strong>\u201cContin\u00faa la rid\u00edcula cruzada del gobierno italiano contra Espa\u00f1a, alimentada para servir a la propaganda antimigratoria\u201d<\/strong>, escribi\u00f3 en su cuenta de X. \u201cEs una cruzada no solo rid\u00edcula, sino tambi\u00e9n <strong>peligrosa<\/strong>, porque una Europa de <strong>nacionalismos mezquinos<\/strong> nos debilita a todos. Si seguimos por este camino, tarde o temprano nosotros tambi\u00e9n sufriremos represalias, y ciertamente no podremos fingir sorpresa. El nacionalismo es una apuesta perdida\u201d, concluy\u00f3.<\/p>\n<section class=\"container-center-100 mb-40 border border-bottom border-thin border-neutral-light-700\">\n<hr\/>\n<\/section>\n<\/div>\n<p><script id=\"facebookpixel\" defer=\"\" type=\"text\/javascript\">\n        !function(f,b,e,v,n,t,s)\n        {if(f.fbq)return;n=f.fbq=function(){n.callMethod?\n        n.callMethod.apply(n,arguments):n.queue.push(arguments)};\n        if(!f._fbq)f._fbq=n;n.push=n;n.loaded=!0;n.version='2.0';\n        n.queue=[];t=b.createElement(e);t.async=!0;\n        t.src=v;s=b.getElementsByTagName(e)[0];\n        s.parentNode.insertBefore(t,s)}(window, document,'script',\n        'https:\/\/connect.facebook.net\/en_US\/fbevents.js');\n        fbq('init', '492459597522335');\n        fbq('track', 'PageView');\n    <\/script><br \/>\n<br \/><\/p>\n","protected":false},"excerpt":{"rendered":"<p>ROMA.- A un mes de la avalancha migratoria en Ceuta -cuando 80.000 personas procedentes de Marruecos cruzaron al peque\u00f1o enclave espa\u00f1ol en el norte de \u00c1frica y m\u00e1s de cien murieron en el intento-, Italia prorrog\u00f3 este lunes por 15 d\u00edas m\u00e1s la suspensi\u00f3n del acuerdo Schengen con Espa\u00f1a. La decisi\u00f3n profundiz\u00f3 la tensi\u00f3n existente [&hellip;]<\/p>\n","protected":false},"author":2,"featured_media":207428,"comment_status":"closed","ping_status":"closed","sticky":false,"template":"","format":"standard","meta":{"footnotes":""},"categories":[26],"tags":[],"class_list":["post-210025","post","type-post","status-publish","format-standard","has-post-thumbnail","hentry","category-internacionales"],"yoast_head":"<!-- This site is optimized with the Yoast SEO plugin v24.4 - https:\/\/yoast.com\/wordpress\/plugins\/seo\/ -->\n<title>Italia prorrog\u00f3 15 d\u00edas m\u00e1s la suspensi\u00f3n del acuerdo de Schengen con Espa\u00f1a por la crisis migratoria en Ceuta - GYS NOTICIAS |<\/title>\n<meta name=\"robots\" content=\"index, follow, max-snippet:-1, max-image-preview:large, max-video-preview:-1\" \/>\n<link rel=\"canonical\" href=\"https:\/\/gysfm.com.ar\/inicio\/italia-prorrogo-15-dias-mas-la-suspension-del-acuerdo-de-schengen-con-espana-por-la-crisis-migratoria-en-ceuta\/\" \/>\n<meta property=\"og:locale\" content=\"es_ES\" \/>\n<meta property=\"og:type\" content=\"article\" \/>\n<meta property=\"og:title\" content=\"Italia prorrog\u00f3 15 d\u00edas m\u00e1s la suspensi\u00f3n del acuerdo de Schengen con Espa\u00f1a por la crisis migratoria en Ceuta - GYS NOTICIAS |\" \/>\n<meta property=\"og:description\" content=\"ROMA.- A un mes de la avalancha migratoria en Ceuta -cuando 80.000 personas procedentes de Marruecos cruzaron al peque\u00f1o enclave espa\u00f1ol en el norte de \u00c1frica y m\u00e1s de cien murieron en el intento-, Italia prorrog\u00f3 este lunes por 15 d\u00edas m\u00e1s la suspensi\u00f3n del acuerdo Schengen con Espa\u00f1a. La decisi\u00f3n profundiz\u00f3 la tensi\u00f3n existente [&hellip;]\" \/>\n<meta property=\"og:url\" content=\"https:\/\/gysfm.com.ar\/inicio\/italia-prorrogo-15-dias-mas-la-suspension-del-acuerdo-de-schengen-con-espana-por-la-crisis-migratoria-en-ceuta\/\" \/>\n<meta property=\"og:site_name\" content=\"GYS NOTICIAS |\" \/>\n<meta property=\"article:published_time\" content=\"2026-09-01T07:14:15+00:00\" \/>\n<meta property=\"article:modified_time\" content=\"2026-09-01T07:14:16+00:00\" \/>\n<meta property=\"og:image\" content=\"https:\/\/gysfm.com.ar\/inicio\/wp-content\/uploads\/2026\/08\/meloni-y-YVSBJNYEK5DS3CPW45LE5O3Z6Y.jpg\" \/>\n\t<meta property=\"og:image:width\" content=\"1200\" \/>\n\t<meta property=\"og:image:height\" content=\"800\" \/>\n\t<meta property=\"og:image:type\" content=\"image\/jpeg\" \/>\n<meta name=\"author\" content=\"Prensa G&amp;S FM\" \/>\n<meta name=\"twitter:card\" content=\"summary_large_image\" \/>\n<meta name=\"twitter:label1\" content=\"Escrito por\" \/>\n\t<meta name=\"twitter:data1\" content=\"Prensa G&amp;S FM\" \/>\n\t<meta name=\"twitter:label2\" content=\"Tiempo de lectura\" \/>\n\t<meta name=\"twitter:data2\" content=\"6 minutos\" \/>\n<script type=\"application\/ld+json\" class=\"yoast-schema-graph\">{\"@context\":\"https:\/\/schema.org\",\"@graph\":[{\"@type\":\"Article\",\"@id\":\"https:\/\/gysfm.com.ar\/inicio\/italia-prorrogo-15-dias-mas-la-suspension-del-acuerdo-de-schengen-con-espana-por-la-crisis-migratoria-en-ceuta\/#article\",\"isPartOf\":{\"@id\":\"https:\/\/gysfm.com.ar\/inicio\/italia-prorrogo-15-dias-mas-la-suspension-del-acuerdo-de-schengen-con-espana-por-la-crisis-migratoria-en-ceuta\/\"},\"author\":{\"name\":\"Prensa G&amp;S FM\",\"@id\":\"https:\/\/gysfm.com.ar\/inicio\/#\/schema\/person\/3abba7593ef2ad19e1be221d54383dc5\"},\"headline\":\"Italia prorrog\u00f3 15 d\u00edas m\u00e1s la suspensi\u00f3n del acuerdo de Schengen con Espa\u00f1a por la crisis migratoria en Ceuta\",\"datePublished\":\"2026-09-01T07:14:15+00:00\",\"dateModified\":\"2026-09-01T07:14:16+00:00\",\"mainEntityOfPage\":{\"@id\":\"https:\/\/gysfm.com.ar\/inicio\/italia-prorrogo-15-dias-mas-la-suspension-del-acuerdo-de-schengen-con-espana-por-la-crisis-migratoria-en-ceuta\/\"},\"wordCount\":1202,\"publisher\":{\"@id\":\"https:\/\/gysfm.com.ar\/inicio\/#organization\"},\"image\":{\"@id\":\"https:\/\/gysfm.com.ar\/inicio\/italia-prorrogo-15-dias-mas-la-suspension-del-acuerdo-de-schengen-con-espana-por-la-crisis-migratoria-en-ceuta\/#primaryimage\"},\"thumbnailUrl\":\"https:\/\/gysfm.com.ar\/inicio\/wp-content\/uploads\/2026\/08\/meloni-y-YVSBJNYEK5DS3CPW45LE5O3Z6Y.jpg\",\"articleSection\":[\"INTERNACIONALES\"],\"inLanguage\":\"es\"},{\"@type\":\"WebPage\",\"@id\":\"https:\/\/gysfm.com.ar\/inicio\/italia-prorrogo-15-dias-mas-la-suspension-del-acuerdo-de-schengen-con-espana-por-la-crisis-migratoria-en-ceuta\/\",\"url\":\"https:\/\/gysfm.com.ar\/inicio\/italia-prorrogo-15-dias-mas-la-suspension-del-acuerdo-de-schengen-con-espana-por-la-crisis-migratoria-en-ceuta\/\",\"name\":\"Italia prorrog\u00f3 15 d\u00edas m\u00e1s la suspensi\u00f3n del acuerdo de Schengen con Espa\u00f1a por la crisis migratoria en Ceuta - GYS NOTICIAS |\",\"isPartOf\":{\"@id\":\"https:\/\/gysfm.com.ar\/inicio\/#website\"},\"primaryImageOfPage\":{\"@id\":\"https:\/\/gysfm.com.ar\/inicio\/italia-prorrogo-15-dias-mas-la-suspension-del-acuerdo-de-schengen-con-espana-por-la-crisis-migratoria-en-ceuta\/#primaryimage\"},\"image\":{\"@id\":\"https:\/\/gysfm.com.ar\/inicio\/italia-prorrogo-15-dias-mas-la-suspension-del-acuerdo-de-schengen-con-espana-por-la-crisis-migratoria-en-ceuta\/#primaryimage\"},\"thumbnailUrl\":\"https:\/\/gysfm.com.ar\/inicio\/wp-content\/uploads\/2026\/08\/meloni-y-YVSBJNYEK5DS3CPW45LE5O3Z6Y.jpg\",\"datePublished\":\"2026-09-01T07:14:15+00:00\",\"dateModified\":\"2026-09-01T07:14:16+00:00\",\"breadcrumb\":{\"@id\":\"https:\/\/gysfm.com.ar\/inicio\/italia-prorrogo-15-dias-mas-la-suspension-del-acuerdo-de-schengen-con-espana-por-la-crisis-migratoria-en-ceuta\/#breadcrumb\"},\"inLanguage\":\"es\",\"potentialAction\":[{\"@type\":\"ReadAction\",\"target\":[\"https:\/\/gysfm.com.ar\/inicio\/italia-prorrogo-15-dias-mas-la-suspension-del-acuerdo-de-schengen-con-espana-por-la-crisis-migratoria-en-ceuta\/\"]}]},{\"@type\":\"ImageObject\",\"inLanguage\":\"es\",\"@id\":\"https:\/\/gysfm.com.ar\/inicio\/italia-prorrogo-15-dias-mas-la-suspension-del-acuerdo-de-schengen-con-espana-por-la-crisis-migratoria-en-ceuta\/#primaryimage\",\"url\":\"https:\/\/gysfm.com.ar\/inicio\/wp-content\/uploads\/2026\/08\/meloni-y-YVSBJNYEK5DS3CPW45LE5O3Z6Y.jpg\",\"contentUrl\":\"https:\/\/gysfm.com.ar\/inicio\/wp-content\/uploads\/2026\/08\/meloni-y-YVSBJNYEK5DS3CPW45LE5O3Z6Y.jpg\",\"width\":1200,\"height\":800},{\"@type\":\"BreadcrumbList\",\"@id\":\"https:\/\/gysfm.com.ar\/inicio\/italia-prorrogo-15-dias-mas-la-suspension-del-acuerdo-de-schengen-con-espana-por-la-crisis-migratoria-en-ceuta\/#breadcrumb\",\"itemListElement\":[{\"@type\":\"ListItem\",\"position\":1,\"name\":\"Portada\",\"item\":\"https:\/\/gysfm.com.ar\/inicio\/\"},{\"@type\":\"ListItem\",\"position\":2,\"name\":\"Italia prorrog\u00f3 15 d\u00edas m\u00e1s la suspensi\u00f3n del acuerdo de Schengen con Espa\u00f1a por la crisis migratoria en Ceuta\"}]},{\"@type\":\"WebSite\",\"@id\":\"https:\/\/gysfm.com.ar\/inicio\/#website\",\"url\":\"https:\/\/gysfm.com.ar\/inicio\/\",\"name\":\"GYS NOTICIAS |\",\"description\":\"DIARIO - RADIO ONLINE SAN JUAN ARGENTINA\",\"publisher\":{\"@id\":\"https:\/\/gysfm.com.ar\/inicio\/#organization\"},\"potentialAction\":[{\"@type\":\"SearchAction\",\"target\":{\"@type\":\"EntryPoint\",\"urlTemplate\":\"https:\/\/gysfm.com.ar\/inicio\/?s={search_term_string}\"},\"query-input\":{\"@type\":\"PropertyValueSpecification\",\"valueRequired\":true,\"valueName\":\"search_term_string\"}}],\"inLanguage\":\"es\"},{\"@type\":\"Organization\",\"@id\":\"https:\/\/gysfm.com.ar\/inicio\/#organization\",\"name\":\"GYS NOTICIAS |\",\"url\":\"https:\/\/gysfm.com.ar\/inicio\/\",\"logo\":{\"@type\":\"ImageObject\",\"inLanguage\":\"es\",\"@id\":\"https:\/\/gysfm.com.ar\/inicio\/#\/schema\/logo\/image\/\",\"url\":\"https:\/\/gysfm.com.ar\/inicio\/wp-content\/uploads\/2023\/07\/LOGOGYS-OK.png\",\"contentUrl\":\"https:\/\/gysfm.com.ar\/inicio\/wp-content\/uploads\/2023\/07\/LOGOGYS-OK.png\",\"width\":1170,\"height\":872,\"caption\":\"GYS NOTICIAS |\"},\"image\":{\"@id\":\"https:\/\/gysfm.com.ar\/inicio\/#\/schema\/logo\/image\/\"}},{\"@type\":\"Person\",\"@id\":\"https:\/\/gysfm.com.ar\/inicio\/#\/schema\/person\/3abba7593ef2ad19e1be221d54383dc5\",\"name\":\"Prensa G&amp;S FM\",\"image\":{\"@type\":\"ImageObject\",\"inLanguage\":\"es\",\"@id\":\"https:\/\/gysfm.com.ar\/inicio\/#\/schema\/person\/image\/\",\"url\":\"https:\/\/secure.gravatar.com\/avatar\/096ec78df02049ab018702bb4ccedf659377fa92a26540b5247612077a0dbd29?s=96&d=mm&r=g\",\"contentUrl\":\"https:\/\/secure.gravatar.com\/avatar\/096ec78df02049ab018702bb4ccedf659377fa92a26540b5247612077a0dbd29?s=96&d=mm&r=g\",\"caption\":\"Prensa G&amp;S FM\"},\"sameAs\":[\"https:\/\/gysfm.com.ar\/\"],\"url\":\"https:\/\/gysfm.com.ar\/inicio\/author\/lucasm\/\"}]}<\/script>\n<!-- \/ Yoast SEO plugin. -->","yoast_head_json":{"title":"Italia prorrog\u00f3 15 d\u00edas m\u00e1s la suspensi\u00f3n del acuerdo de Schengen con Espa\u00f1a por la crisis migratoria en Ceuta - GYS NOTICIAS |","robots":{"index":"index","follow":"follow","max-snippet":"max-snippet:-1","max-image-preview":"max-image-preview:large","max-video-preview":"max-video-preview:-1"},"canonical":"https:\/\/gysfm.com.ar\/inicio\/italia-prorrogo-15-dias-mas-la-suspension-del-acuerdo-de-schengen-con-espana-por-la-crisis-migratoria-en-ceuta\/","og_locale":"es_ES","og_type":"article","og_title":"Italia prorrog\u00f3 15 d\u00edas m\u00e1s la suspensi\u00f3n del acuerdo de Schengen con Espa\u00f1a por la crisis migratoria en Ceuta - GYS NOTICIAS |","og_description":"ROMA.- A un mes de la avalancha migratoria en Ceuta -cuando 80.000 personas procedentes de Marruecos cruzaron al peque\u00f1o enclave espa\u00f1ol en el norte de \u00c1frica y m\u00e1s de cien murieron en el intento-, Italia prorrog\u00f3 este lunes por 15 d\u00edas m\u00e1s la suspensi\u00f3n del acuerdo Schengen con Espa\u00f1a. La decisi\u00f3n profundiz\u00f3 la tensi\u00f3n existente [&hellip;]","og_url":"https:\/\/gysfm.com.ar\/inicio\/italia-prorrogo-15-dias-mas-la-suspension-del-acuerdo-de-schengen-con-espana-por-la-crisis-migratoria-en-ceuta\/","og_site_name":"GYS NOTICIAS |","article_published_time":"2026-09-01T07:14:15+00:00","article_modified_time":"2026-09-01T07:14:16+00:00","og_image":[{"width":1200,"height":800,"url":"https:\/\/gysfm.com.ar\/inicio\/wp-content\/uploads\/2026\/08\/meloni-y-YVSBJNYEK5DS3CPW45LE5O3Z6Y.jpg","type":"image\/jpeg"}],"author":"Prensa G&amp;S FM","twitter_card":"summary_large_image","twitter_misc":{"Escrito por":"Prensa G&amp;S FM","Tiempo de lectura":"6 minutos"},"schema":{"@context":"https:\/\/schema.org","@graph":[{"@type":"Article","@id":"https:\/\/gysfm.com.ar\/inicio\/italia-prorrogo-15-dias-mas-la-suspension-del-acuerdo-de-schengen-con-espana-por-la-crisis-migratoria-en-ceuta\/#article","isPartOf":{"@id":"https:\/\/gysfm.com.ar\/inicio\/italia-prorrogo-15-dias-mas-la-suspension-del-acuerdo-de-schengen-con-espana-por-la-crisis-migratoria-en-ceuta\/"},"author":{"name":"Prensa G&amp;S FM","@id":"https:\/\/gysfm.com.ar\/inicio\/#\/schema\/person\/3abba7593ef2ad19e1be221d54383dc5"},"headline":"Italia prorrog\u00f3 15 d\u00edas m\u00e1s la suspensi\u00f3n del acuerdo de Schengen con Espa\u00f1a por la crisis migratoria en Ceuta","datePublished":"2026-09-01T07:14:15+00:00","dateModified":"2026-09-01T07:14:16+00:00","mainEntityOfPage":{"@id":"https:\/\/gysfm.com.ar\/inicio\/italia-prorrogo-15-dias-mas-la-suspension-del-acuerdo-de-schengen-con-espana-por-la-crisis-migratoria-en-ceuta\/"},"wordCount":1202,"publisher":{"@id":"https:\/\/gysfm.com.ar\/inicio\/#organization"},"image":{"@id":"https:\/\/gysfm.com.ar\/inicio\/italia-prorrogo-15-dias-mas-la-suspension-del-acuerdo-de-schengen-con-espana-por-la-crisis-migratoria-en-ceuta\/#primaryimage"},"thumbnailUrl":"https:\/\/gysfm.com.ar\/inicio\/wp-content\/uploads\/2026\/08\/meloni-y-YVSBJNYEK5DS3CPW45LE5O3Z6Y.jpg","articleSection":["INTERNACIONALES"],"inLanguage":"es"},{"@type":"WebPage","@id":"https:\/\/gysfm.com.ar\/inicio\/italia-prorrogo-15-dias-mas-la-suspension-del-acuerdo-de-schengen-con-espana-por-la-crisis-migratoria-en-ceuta\/","url":"https:\/\/gysfm.com.ar\/inicio\/italia-prorrogo-15-dias-mas-la-suspension-del-acuerdo-de-schengen-con-espana-por-la-crisis-migratoria-en-ceuta\/","name":"Italia prorrog\u00f3 15 d\u00edas m\u00e1s la suspensi\u00f3n del acuerdo de Schengen con Espa\u00f1a por la crisis migratoria en Ceuta - GYS NOTICIAS |","isPartOf":{"@id":"https:\/\/gysfm.com.ar\/inicio\/#website"},"primaryImageOfPage":{"@id":"https:\/\/gysfm.com.ar\/inicio\/italia-prorrogo-15-dias-mas-la-suspension-del-acuerdo-de-schengen-con-espana-por-la-crisis-migratoria-en-ceuta\/#primaryimage"},"image":{"@id":"https:\/\/gysfm.com.ar\/inicio\/italia-prorrogo-15-dias-mas-la-suspension-del-acuerdo-de-schengen-con-espana-por-la-crisis-migratoria-en-ceuta\/#primaryimage"},"thumbnailUrl":"https:\/\/gysfm.com.ar\/inicio\/wp-content\/uploads\/2026\/08\/meloni-y-YVSBJNYEK5DS3CPW45LE5O3Z6Y.jpg","datePublished":"2026-09-01T07:14:15+00:00","dateModified":"2026-09-01T07:14:16+00:00","breadcrumb":{"@id":"https:\/\/gysfm.com.ar\/inicio\/italia-prorrogo-15-dias-mas-la-suspension-del-acuerdo-de-schengen-con-espana-por-la-crisis-migratoria-en-ceuta\/#breadcrumb"},"inLanguage":"es","potentialAction":[{"@type":"ReadAction","target":["https:\/\/gysfm.com.ar\/inicio\/italia-prorrogo-15-dias-mas-la-suspension-del-acuerdo-de-schengen-con-espana-por-la-crisis-migratoria-en-ceuta\/"]}]},{"@type":"ImageObject","inLanguage":"es","@id":"https:\/\/gysfm.com.ar\/inicio\/italia-prorrogo-15-dias-mas-la-suspension-del-acuerdo-de-schengen-con-espana-por-la-crisis-migratoria-en-ceuta\/#primaryimage","url":"https:\/\/gysfm.com.ar\/inicio\/wp-content\/uploads\/2026\/08\/meloni-y-YVSBJNYEK5DS3CPW45LE5O3Z6Y.jpg","contentUrl":"https:\/\/gysfm.com.ar\/inicio\/wp-content\/uploads\/2026\/08\/meloni-y-YVSBJNYEK5DS3CPW45LE5O3Z6Y.jpg","width":1200,"height":800},{"@type":"BreadcrumbList","@id":"https:\/\/gysfm.com.ar\/inicio\/italia-prorrogo-15-dias-mas-la-suspension-del-acuerdo-de-schengen-con-espana-por-la-crisis-migratoria-en-ceuta\/#breadcrumb","itemListElement":[{"@type":"ListItem","position":1,"name":"Portada","item":"https:\/\/gysfm.com.ar\/inicio\/"},{"@type":"ListItem","position":2,"name":"Italia prorrog\u00f3 15 d\u00edas m\u00e1s la suspensi\u00f3n del acuerdo de Schengen con Espa\u00f1a por la crisis migratoria en Ceuta"}]},{"@type":"WebSite","@id":"https:\/\/gysfm.com.ar\/inicio\/#website","url":"https:\/\/gysfm.com.ar\/inicio\/","name":"GYS NOTICIAS |","description":"DIARIO - RADIO ONLINE SAN JUAN ARGENTINA","publisher":{"@id":"https:\/\/gysfm.com.ar\/inicio\/#organization"},"potentialAction":[{"@type":"SearchAction","target":{"@type":"EntryPoint","urlTemplate":"https:\/\/gysfm.com.ar\/inicio\/?s={search_term_string}"},"query-input":{"@type":"PropertyValueSpecification","valueRequired":true,"valueName":"search_term_string"}}],"inLanguage":"es"},{"@type":"Organization","@id":"https:\/\/gysfm.com.ar\/inicio\/#organization","name":"GYS NOTICIAS |","url":"https:\/\/gysfm.com.ar\/inicio\/","logo":{"@type":"ImageObject","inLanguage":"es","@id":"https:\/\/gysfm.com.ar\/inicio\/#\/schema\/logo\/image\/","url":"https:\/\/gysfm.com.ar\/inicio\/wp-content\/uploads\/2023\/07\/LOGOGYS-OK.png","contentUrl":"https:\/\/gysfm.com.ar\/inicio\/wp-content\/uploads\/2023\/07\/LOGOGYS-OK.png","width":1170,"height":872,"caption":"GYS NOTICIAS |"},"image":{"@id":"https:\/\/gysfm.com.ar\/inicio\/#\/schema\/logo\/image\/"}},{"@type":"Person","@id":"https:\/\/gysfm.com.ar\/inicio\/#\/schema\/person\/3abba7593ef2ad19e1be221d54383dc5","name":"Prensa G&amp;S FM","image":{"@type":"ImageObject","inLanguage":"es","@id":"https:\/\/gysfm.com.ar\/inicio\/#\/schema\/person\/image\/","url":"https:\/\/secure.gravatar.com\/avatar\/096ec78df02049ab018702bb4ccedf659377fa92a26540b5247612077a0dbd29?s=96&d=mm&r=g","contentUrl":"https:\/\/secure.gravatar.com\/avatar\/096ec78df02049ab018702bb4ccedf659377fa92a26540b5247612077a0dbd29?s=96&d=mm&r=g","caption":"Prensa G&amp;S FM"},"sameAs":["https:\/\/gysfm.com.ar\/"],"url":"https:\/\/gysfm.com.ar\/inicio\/author\/lucasm\/"}]}},"_links":{"self":[{"href":"https:\/\/gysfm.com.ar\/inicio\/wp-json\/wp\/v2\/posts\/210025","targetHints":{"allow":["GET"]}}],"collection":[{"href":"https:\/\/gysfm.com.ar\/inicio\/wp-json\/wp\/v2\/posts"}],"about":[{"href":"https:\/\/gysfm.com.ar\/inicio\/wp-json\/wp\/v2\/types\/post"}],"author":[{"embeddable":true,"href":"https:\/\/gysfm.com.ar\/inicio\/wp-json\/wp\/v2\/users\/2"}],"replies":[{"embeddable":true,"href":"https:\/\/gysfm.com.ar\/inicio\/wp-json\/wp\/v2\/comments?post=210025"}],"version-history":[{"count":1,"href":"https:\/\/gysfm.com.ar\/inicio\/wp-json\/wp\/v2\/posts\/210025\/revisions"}],"predecessor-version":[{"id":210026,"href":"https:\/\/gysfm.com.ar\/inicio\/wp-json\/wp\/v2\/posts\/210025\/revisions\/210026"}],"wp:featuredmedia":[{"embeddable":true,"href":"https:\/\/gysfm.com.ar\/inicio\/wp-json\/wp\/v2\/media\/207428"}],"wp:attachment":[{"href":"https:\/\/gysfm.com.ar\/inicio\/wp-json\/wp\/v2\/media?parent=210025"}],"wp:term":[{"taxonomy":"category","embeddable":true,"href":"https:\/\/gysfm.com.ar\/inicio\/wp-json\/wp\/v2\/categories?post=210025"},{"taxonomy":"post_tag","embeddable":true,"href":"https:\/\/gysfm.com.ar\/inicio\/wp-json\/wp\/v2\/tags?post=210025"}],"curies":[{"name":"wp","href":"https:\/\/api.w.org\/{rel}","templated":true}]}}