{"id":210019,"date":"2026-09-01T02:12:08","date_gmt":"2026-09-01T05:12:08","guid":{"rendered":"https:\/\/gysfm.com.ar\/inicio\/bolsonaro-achica-la-distancia-con-lula-y-un-inesperado-tercer-candidato-irrumpe-en-la-pelea\/"},"modified":"2026-09-01T02:12:09","modified_gmt":"2026-09-01T05:12:09","slug":"bolsonaro-achica-la-distancia-con-lula-y-un-inesperado-tercer-candidato-irrumpe-en-la-pelea","status":"publish","type":"post","link":"https:\/\/gysfm.com.ar\/inicio\/bolsonaro-achica-la-distancia-con-lula-y-un-inesperado-tercer-candidato-irrumpe-en-la-pelea\/","title":{"rendered":"Bolsonaro achica la distancia con Lula y un inesperado tercer candidato irrumpe en la pelea"},"content":{"rendered":"<p> <br \/>\n<\/p>\n<div>\n<p class=\"com-paragraph --capital --s\">BRASILIA.\u2013 El presidente brasile\u00f1o, <a href=\"https:\/\/www.lanacion.com.ar\/el-mundo\/antes-de-las-elecciones-lula-impulsa-un-proyecto-para-reducir-la-carga-horaria-laboral-es-tiempo-nid25082026\/\" target=\"_self\" title=\"https:\/\/www.lanacion.com.ar\/el-mundo\/antes-de-las-elecciones-lula-impulsa-un-proyecto-para-reducir-la-carga-horaria-laboral-es-tiempo-nid25082026\/\" class=\"com-link break-word\" data-mrf-recirculation=\"n_link_parrafo\"><strong>Luiz In\u00e1cio Lula da Silva<\/strong><\/a><strong>, se ubica por delante de su principal contendiente, <\/strong><a href=\"https:\/\/www.lanacion.com.ar\/el-mundo\/lula-vs-bolsonaro-jr-quien-gana-las-elecciones-en-brasil-2026-segun-las-ultimas-encuestas-nid19082026\/\" target=\"_self\" title=\"https:\/\/www.lanacion.com.ar\/el-mundo\/lula-vs-bolsonaro-jr-quien-gana-las-elecciones-en-brasil-2026-segun-las-ultimas-encuestas-nid19082026\/\" class=\"com-link break-word\" data-mrf-recirculation=\"n_link_parrafo\"><strong>Fl\u00e1vio Bolsonaro<\/strong><\/a>, con vistas a la primera vuelta de <a href=\"https:\/\/www.lanacion.com.ar\/el-mundo\/elecciones-cuando-se-vota-para-presidente-en-brasil-2026-nid05082026\/\" target=\"_self\" title=\"https:\/\/www.lanacion.com.ar\/el-mundo\/elecciones-cuando-se-vota-para-presidente-en-brasil-2026-nid05082026\/\" class=\"com-link break-word\" data-mrf-recirculation=\"n_link_parrafo\">las elecciones presidenciales de octubre<\/a>, aunque pierde esa ventaja en un posible escenario de balotaje, seg\u00fan una encuesta publicada el lunes por el instituto <strong>Nexus<\/strong>. <\/p>\n<p class=\"com-paragraph --s\"><a href=\"https:\/\/www.lanacion.com.ar\/el-mundo\/la-ofensiva-diplomatica-de-lula-para-blindarse-ante-una-eleccion-que-promete-ser-feroz-nid23082026\/\" target=\"_self\" title=\"https:\/\/www.lanacion.com.ar\/el-mundo\/la-ofensiva-diplomatica-de-lula-para-blindarse-ante-una-eleccion-que-promete-ser-feroz-nid23082026\/\" class=\"com-link break-word\" data-mrf-recirculation=\"n_link_parrafo\">El l\u00edder del Partido de los Trabajadores<\/a> cuenta con <strong>un 39% de las intenciones de voto frente al 33% <\/strong>del representante de la derecha e hijo del exmandatario <strong>Jair Bolsonaro<\/strong>.<\/p>\n<div class=\"content-media\">\n<section role=\"button\" class=\"mod-media   \">\n<figure role=\"button\" tabindex=\"0\" class=\"mod-figure \"><figcaption class=\"mod-figcaption\"><span class=\"com-text --caption --twoxs\">El presidente de Brasil, Luiz In\u00e1cio Lula da Silva, habla durante el acto de campa\u00f1a \u201cMujeres con Lula\u201d, en Belo Horizonte, estado de Minas Gerais, Brasil<\/span><span class=\"com-text --credit --twoxs\">DOUGLAS MAGNO &#8211; AFP<\/span><\/figcaption><\/figure>\n<\/section>\n<\/div>\n<p class=\"com-paragraph --s\">En tercer lugar se ubica el outsider <strong>Augusto Cury<\/strong>, un psiquiatra que se presenta como una alternativa a la polarizaci\u00f3n entre izquierda y derecha y que sorprendi\u00f3 al crecer nueve puntos respecto al sondeo anterior del instituto hasta llegar al <strong>11% de intenci\u00f3n de voto<\/strong>. A Cury le siguen el conservador <strong>Ronaldo Caiado<\/strong>,<strong> <\/strong>con el <strong>5%<\/strong>, el libertario <strong>Renan Santos<\/strong>, con el <strong>3%<\/strong>,<strong> <\/strong>y el derechista <strong>Romeu Zema<\/strong>,<strong> <\/strong>con un <strong>1%<\/strong>. <\/p>\n<p class=\"com-paragraph --s\">En Brasil, si ning\u00fan candidato obtiene \u2060m\u00e1s del 50% de \u2060los votos v\u00e1lidos en la primera vuelta, los dos candidatos m\u00e1s votados pasan a un balotaje previsto para el 25 de octubre. En una eventual segunda vuelta, <strong>Lula registr\u00f3 el 46% y Bolsonaro el 45%, en empate t\u00e9cnico<\/strong>.<\/p>\n<p class=\"com-paragraph --s\">Contratado por el Banco BTG, Nexus entrevist\u00f3 a <strong>2005 personas<\/strong> y su resultado tiene <strong>un margen de error del 2%<\/strong>.<\/p>\n<div class=\"content-media\">\n<section role=\"button\" class=\"mod-media   \">\n<figure role=\"button\" tabindex=\"0\" class=\"mod-figure \"><figcaption class=\"mod-figcaption\"><span class=\"com-text --caption --twoxs\">Fl\u00e1vio Bolsonaro levanta el pulgar en se\u00f1al de aprobaci\u00f3n durante un acto de campa\u00f1a en Angra dos Reis, estado de R\u00edo de Janeiro, Brasil<\/span><span class=\"com-text --credit --twoxs\">Bruna Prado &#8211; AP<\/span><\/figcaption><\/figure>\n<\/section>\n<\/div>\n<p class=\"com-paragraph --s\">Seg\u00fan otra encuesta revelada el lunes, no obstante, <strong>el presidente brasile\u00f1o se impondr\u00eda por un m\u00e1rgen de casi cinco puntos <\/strong>frente a Fl\u00e1vio en un balotaje. De acuerdo al \u200csondeo publicado por <strong>AtlasIntel\/Bloomberg<\/strong>, Lula obtendr\u00eda <strong>el \u200b47,1% de los \u200bvotos frente al 42,6% <\/strong>del hijo del expresidente Bolsonaro.<\/p>\n<p class=\"com-paragraph --s\">En un \u200cescenario de primera vuelta, seg\u00fan este sondeo, <strong>Lula liderar\u00eda con un 43,4% de los votos<\/strong>, seguido de Bolsonaro, con un <strong>33,7%<\/strong>, Cury con el <strong>7,8%<\/strong>, Santos con el <strong>7,6%<\/strong> y Caiado con un <strong>3,3%<\/strong>.<\/p>\n<p class=\"com-paragraph --s\">AtlasIntel encuest\u00f3 a <strong>5014 personas<\/strong> \u200centre el \u200b25 y el 30 de agosto, con <strong>un margen de error de 1 punto <\/strong>porcentual.<\/p>\n<p><h2 class=\"font-primary font-w-bold text-subheading-lg text-left container-center-100 mb-8\"><span>Fl\u00e1vio Bolsonaro en plena campa\u00f1a<\/span><\/h2>\n<\/p>\n<p class=\"com-paragraph --s\">A menos de dos meses de las elecciones en las que se medir\u00e1 con el actual mandatario, <strong>Fl\u00e1vio Bolsonaro dispar\u00f3 el fin de semana contra Lula y resalt\u00f3 el modelo de mano dura <\/strong>del presidente salvadore\u00f1o, <strong>Nayib Bukele<\/strong>, en su intento por capitalizar una de las principales preocupaciones de los votantes, la inseguridad.<\/p>\n<p class=\"com-paragraph --s\">El hijo mayor y heredero pol\u00edtico del expresidente brasile\u00f1o <strong>calific\u00f3 este domingo de \u201cinspirador\u201d el modelo de lucha contra el crimen <\/strong>del pa\u00eds centroamericano, tras una reuni\u00f3n con el ministro de Seguridad de Bukele, <strong>Gustavo Villatoro<\/strong>.<\/p>\n<div class=\"content-media\">\n<section role=\"button\" class=\"mod-media   \">\n<figure role=\"button\" tabindex=\"0\" class=\"mod-figure \"><figcaption class=\"mod-figcaption\"><span class=\"com-text --caption --twoxs\">Fl\u00e1vio Bolsonaro ofrece una conferencia de prensa despu\u00e9s de reunirse con Gustavo Villatoro, en San Pablo<\/span><span class=\"com-text --credit --twoxs\">Andre Penner &#8211; AP<\/span><\/figcaption><\/figure>\n<\/section>\n<\/div>\n<p class=\"com-paragraph --s\">El encuentro con Villatoro \u201cnos inspira mucho para que podamos implementar<strong> un plan muy eficaz y firme para defender a los ciudadanos, a las v\u00edctimas y no a los delincuentes<\/strong>, como hace el gobierno actual\u201d, dijo Fl\u00e1vio Bolsonaro a periodistas, luego de la reuni\u00f3n en San Pablo.<\/p>\n<p class=\"com-paragraph --s\">Bukele goza de altos niveles de popularidad en su pa\u00eds por reducir la tasa de homicidios a m\u00ednimos hist\u00f3ricos, por lo que varios gobiernos de derecha han buscado emularlo en Am\u00e9rica Latina.<\/p>\n<p class=\"com-paragraph --s\">El mandatario centroamericano ha logrado <strong>\u201cuno de los mayores y m\u00e1s eficaces rescates de soberan\u00eda y de seguridad p\u00fablica\u201d<\/strong>, dijo Bolsonaro.<\/p>\n<p class=\"com-paragraph --s\">\u201c<strong>Hay pocos presos en Brasil, tiene que haber m\u00e1s. Solo no hay m\u00e1s porque la legislaci\u00f3n es laxa<\/strong>. Por eso vamos a crear m\u00e1s de medio mill\u00f3n de plazas en c\u00e1rceles\u201d, anticip\u00f3 el senador brasile\u00f1o.<\/p>\n<div class=\"content-media\">\n<section role=\"button\" class=\"mod-media   \">\n<figure role=\"button\" tabindex=\"0\" class=\"mod-figure \"><figcaption class=\"mod-figcaption\"><span class=\"com-text --caption --twoxs\">El candidato presidencial Fl\u00e1vio Bolsonaro sostiene una fotograf\u00eda de su padre durante un acto de campa\u00f1a en Angra dos Reis, estado de R\u00edo de Janeiro, Brasil<\/span><span class=\"com-text --credit --twoxs\">Bruna Prado &#8211; AP<\/span><\/figcaption><\/figure>\n<\/section>\n<\/div>\n<p class=\"com-paragraph --s\">Por otro lado, el candidato de la derecha denunci\u00f3 el viernes ante la Justicia al actual mandatario <strong>por divulgar datos supuestamente falsos sobre la gesti\u00f3n econ\u00f3mica de su padre<\/strong>, al mando del pa\u00eds entre 2019 y 2022.<\/p>\n<p class=\"com-paragraph --s\">La presentaci\u00f3n ante el Tribunal Superior Electoral<strong> cuestiona declaraciones realizadas por Lula durante una entrevista a la TV Globo<\/strong>, en la que afirm\u00f3 que al regresar al poder en 2023 encontr\u00f3 un d\u00e9ficit fiscal del 2,8% del Producto Bruto Interno (PBI) y una econom\u00eda que crec\u00eda alrededor del 1%, cifras que Fl\u00e1vio considera falsas.<\/p>\n<p class=\"com-paragraph --s\">En cambio, Fl\u00e1vio present\u00f3, ante el Tribunal Electoral, <strong>datos seg\u00fan los cuales el gobierno de su padre fue exitoso<\/strong>, al menos en t\u00e9rminos econ\u00f3micos. La gesti\u00f3n de Bolsonaro cerr\u00f3 2022, \u00faltimo a\u00f1o de su mandato, con super\u00e1vit de <strong>10 mil millones de d\u00f3lares<\/strong>, equivalente al 0,6% del PBI, consign\u00f3 Fl\u00e1vio.<\/p>\n<div class=\"content-media\">\n<section role=\"button\" class=\"mod-media   \">\n<figure role=\"button\" tabindex=\"0\" class=\"mod-figure \"><figcaption class=\"mod-figcaption\"><span class=\"com-text --caption --twoxs\">El presidente de Brasil, Luiz In\u00e1cio Lula da Silva, habla durante el acto de campa\u00f1a \u201cMujeres con Lula\u201d, en Belo Horizonte, estado de Minas Gerais, Brasil<\/span><span class=\"com-text --credit --twoxs\">DOUGLAS MAGNO &#8211; AFP<\/span><\/figcaption><\/figure>\n<\/section>\n<\/div>\n<p class=\"com-paragraph --s\">A trav\u00e9s de la denuncia, Fl\u00e1vio busca defender el legado de su padre al mismo tiempo que <strong>refuerza su propio perfil de pol\u00edtico comprometido con la disciplina fiscal<\/strong>, otro de los ejes de su campa\u00f1a.<\/p>\n<p class=\"com-paragraph --s\">El postulante de derecha <strong>suele presentarse con una tijera para simbolizar el corte de gastos excesivos<\/strong>. Estrategia que qued\u00f3 expuesta esta semana durante contactos con importantes representantes del mercado.<\/p>\n<p class=\"com-paragraph --s\">Fl\u00e1vio Bolsonaro se reuni\u00f3 con la c\u00fapula de los principales bancos privados, como son <strong>Ita\u00fa, Bradesco, Credit Suisse<\/strong>, y de la Bolsa de Valores, ante quienes defendi\u00f3 reformas econ\u00f3micas y afirm\u00f3 que, si vence en octubre, no buscar\u00e1 un segundo mandato.<\/p>\n<p class=\"com-paragraph --s\"><strong>Agencias AP, AFP, ANSA y Reuters<\/strong><\/p>\n<section class=\"container-center-100 mb-40 border border-bottom border-thin border-neutral-light-700\">\n<hr\/>\n<\/section>\n<\/div>\n<p><script id=\"facebookpixel\" defer=\"\" type=\"text\/javascript\">\n        !function(f,b,e,v,n,t,s)\n        {if(f.fbq)return;n=f.fbq=function(){n.callMethod?\n        n.callMethod.apply(n,arguments):n.queue.push(arguments)};\n        if(!f._fbq)f._fbq=n;n.push=n;n.loaded=!0;n.version='2.0';\n        n.queue=[];t=b.createElement(e);t.async=!0;\n        t.src=v;s=b.getElementsByTagName(e)[0];\n        s.parentNode.insertBefore(t,s)}(window, document,'script',\n        'https:\/\/connect.facebook.net\/en_US\/fbevents.js');\n        fbq('init', '492459597522335');\n        fbq('track', 'PageView');\n    <\/script><br \/>\n<br \/><\/p>\n","protected":false},"excerpt":{"rendered":"<p>BRASILIA.\u2013 El presidente brasile\u00f1o, Luiz In\u00e1cio Lula da Silva, se ubica por delante de su principal contendiente, Fl\u00e1vio Bolsonaro, con vistas a la primera vuelta de las elecciones presidenciales de octubre, aunque pierde esa ventaja en un posible escenario de balotaje, seg\u00fan una encuesta publicada el lunes por el instituto Nexus. El l\u00edder del Partido [&hellip;]<\/p>\n","protected":false},"author":2,"featured_media":210020,"comment_status":"closed","ping_status":"closed","sticky":false,"template":"","format":"standard","meta":{"footnotes":""},"categories":[26],"tags":[],"class_list":["post-210019","post","type-post","status-publish","format-standard","has-post-thumbnail","hentry","category-internacionales"],"yoast_head":"<!-- This site is optimized with the Yoast SEO plugin v24.4 - https:\/\/yoast.com\/wordpress\/plugins\/seo\/ -->\n<title>Bolsonaro achica la distancia con Lula y un inesperado tercer candidato irrumpe en la pelea - GYS NOTICIAS |<\/title>\n<meta name=\"robots\" content=\"index, follow, max-snippet:-1, max-image-preview:large, max-video-preview:-1\" \/>\n<link rel=\"canonical\" href=\"https:\/\/gysfm.com.ar\/inicio\/bolsonaro-achica-la-distancia-con-lula-y-un-inesperado-tercer-candidato-irrumpe-en-la-pelea\/\" \/>\n<meta property=\"og:locale\" content=\"es_ES\" \/>\n<meta property=\"og:type\" content=\"article\" \/>\n<meta property=\"og:title\" content=\"Bolsonaro achica la distancia con Lula y un inesperado tercer candidato irrumpe en la pelea - GYS NOTICIAS |\" \/>\n<meta property=\"og:description\" content=\"BRASILIA.\u2013 El presidente brasile\u00f1o, Luiz In\u00e1cio Lula da Silva, se ubica por delante de su principal contendiente, Fl\u00e1vio Bolsonaro, con vistas a la primera vuelta de las elecciones presidenciales de octubre, aunque pierde esa ventaja en un posible escenario de balotaje, seg\u00fan una encuesta publicada el lunes por el instituto Nexus. El l\u00edder del Partido [&hellip;]\" \/>\n<meta property=\"og:url\" content=\"https:\/\/gysfm.com.ar\/inicio\/bolsonaro-achica-la-distancia-con-lula-y-un-inesperado-tercer-candidato-irrumpe-en-la-pelea\/\" \/>\n<meta property=\"og:site_name\" content=\"GYS NOTICIAS |\" \/>\n<meta property=\"article:published_time\" content=\"2026-09-01T05:12:08+00:00\" \/>\n<meta property=\"article:modified_time\" content=\"2026-09-01T05:12:09+00:00\" \/>\n<meta property=\"og:image\" content=\"https:\/\/gysfm.com.ar\/inicio\/wp-content\/uploads\/2026\/09\/lula-da-silva-en-un-acto-de-campana-en-salvador-HRIZQ3ZSSZFOXKU4CKO3Y6UCKU.JPG\" \/>\n\t<meta property=\"og:image:width\" content=\"1200\" \/>\n\t<meta property=\"og:image:height\" content=\"800\" \/>\n\t<meta property=\"og:image:type\" content=\"image\/jpeg\" \/>\n<meta name=\"author\" content=\"Prensa G&amp;S FM\" \/>\n<meta name=\"twitter:card\" content=\"summary_large_image\" \/>\n<meta name=\"twitter:label1\" content=\"Escrito por\" \/>\n\t<meta name=\"twitter:data1\" content=\"Prensa G&amp;S FM\" \/>\n\t<meta name=\"twitter:label2\" content=\"Tiempo de lectura\" \/>\n\t<meta name=\"twitter:data2\" content=\"5 minutos\" \/>\n<script type=\"application\/ld+json\" class=\"yoast-schema-graph\">{\"@context\":\"https:\/\/schema.org\",\"@graph\":[{\"@type\":\"Article\",\"@id\":\"https:\/\/gysfm.com.ar\/inicio\/bolsonaro-achica-la-distancia-con-lula-y-un-inesperado-tercer-candidato-irrumpe-en-la-pelea\/#article\",\"isPartOf\":{\"@id\":\"https:\/\/gysfm.com.ar\/inicio\/bolsonaro-achica-la-distancia-con-lula-y-un-inesperado-tercer-candidato-irrumpe-en-la-pelea\/\"},\"author\":{\"name\":\"Prensa G&amp;S FM\",\"@id\":\"https:\/\/gysfm.com.ar\/inicio\/#\/schema\/person\/3abba7593ef2ad19e1be221d54383dc5\"},\"headline\":\"Bolsonaro achica la distancia con Lula y un inesperado tercer candidato irrumpe en la pelea\",\"datePublished\":\"2026-09-01T05:12:08+00:00\",\"dateModified\":\"2026-09-01T05:12:09+00:00\",\"mainEntityOfPage\":{\"@id\":\"https:\/\/gysfm.com.ar\/inicio\/bolsonaro-achica-la-distancia-con-lula-y-un-inesperado-tercer-candidato-irrumpe-en-la-pelea\/\"},\"wordCount\":1016,\"publisher\":{\"@id\":\"https:\/\/gysfm.com.ar\/inicio\/#organization\"},\"image\":{\"@id\":\"https:\/\/gysfm.com.ar\/inicio\/bolsonaro-achica-la-distancia-con-lula-y-un-inesperado-tercer-candidato-irrumpe-en-la-pelea\/#primaryimage\"},\"thumbnailUrl\":\"https:\/\/gysfm.com.ar\/inicio\/wp-content\/uploads\/2026\/09\/lula-da-silva-en-un-acto-de-campana-en-salvador-HRIZQ3ZSSZFOXKU4CKO3Y6UCKU.JPG\",\"articleSection\":[\"INTERNACIONALES\"],\"inLanguage\":\"es\"},{\"@type\":\"WebPage\",\"@id\":\"https:\/\/gysfm.com.ar\/inicio\/bolsonaro-achica-la-distancia-con-lula-y-un-inesperado-tercer-candidato-irrumpe-en-la-pelea\/\",\"url\":\"https:\/\/gysfm.com.ar\/inicio\/bolsonaro-achica-la-distancia-con-lula-y-un-inesperado-tercer-candidato-irrumpe-en-la-pelea\/\",\"name\":\"Bolsonaro achica la distancia con Lula y un inesperado tercer candidato irrumpe en la pelea - GYS NOTICIAS |\",\"isPartOf\":{\"@id\":\"https:\/\/gysfm.com.ar\/inicio\/#website\"},\"primaryImageOfPage\":{\"@id\":\"https:\/\/gysfm.com.ar\/inicio\/bolsonaro-achica-la-distancia-con-lula-y-un-inesperado-tercer-candidato-irrumpe-en-la-pelea\/#primaryimage\"},\"image\":{\"@id\":\"https:\/\/gysfm.com.ar\/inicio\/bolsonaro-achica-la-distancia-con-lula-y-un-inesperado-tercer-candidato-irrumpe-en-la-pelea\/#primaryimage\"},\"thumbnailUrl\":\"https:\/\/gysfm.com.ar\/inicio\/wp-content\/uploads\/2026\/09\/lula-da-silva-en-un-acto-de-campana-en-salvador-HRIZQ3ZSSZFOXKU4CKO3Y6UCKU.JPG\",\"datePublished\":\"2026-09-01T05:12:08+00:00\",\"dateModified\":\"2026-09-01T05:12:09+00:00\",\"breadcrumb\":{\"@id\":\"https:\/\/gysfm.com.ar\/inicio\/bolsonaro-achica-la-distancia-con-lula-y-un-inesperado-tercer-candidato-irrumpe-en-la-pelea\/#breadcrumb\"},\"inLanguage\":\"es\",\"potentialAction\":[{\"@type\":\"ReadAction\",\"target\":[\"https:\/\/gysfm.com.ar\/inicio\/bolsonaro-achica-la-distancia-con-lula-y-un-inesperado-tercer-candidato-irrumpe-en-la-pelea\/\"]}]},{\"@type\":\"ImageObject\",\"inLanguage\":\"es\",\"@id\":\"https:\/\/gysfm.com.ar\/inicio\/bolsonaro-achica-la-distancia-con-lula-y-un-inesperado-tercer-candidato-irrumpe-en-la-pelea\/#primaryimage\",\"url\":\"https:\/\/gysfm.com.ar\/inicio\/wp-content\/uploads\/2026\/09\/lula-da-silva-en-un-acto-de-campana-en-salvador-HRIZQ3ZSSZFOXKU4CKO3Y6UCKU.JPG\",\"contentUrl\":\"https:\/\/gysfm.com.ar\/inicio\/wp-content\/uploads\/2026\/09\/lula-da-silva-en-un-acto-de-campana-en-salvador-HRIZQ3ZSSZFOXKU4CKO3Y6UCKU.JPG\",\"width\":1200,\"height\":800},{\"@type\":\"BreadcrumbList\",\"@id\":\"https:\/\/gysfm.com.ar\/inicio\/bolsonaro-achica-la-distancia-con-lula-y-un-inesperado-tercer-candidato-irrumpe-en-la-pelea\/#breadcrumb\",\"itemListElement\":[{\"@type\":\"ListItem\",\"position\":1,\"name\":\"Portada\",\"item\":\"https:\/\/gysfm.com.ar\/inicio\/\"},{\"@type\":\"ListItem\",\"position\":2,\"name\":\"Bolsonaro achica la distancia con Lula y un inesperado tercer candidato irrumpe en la pelea\"}]},{\"@type\":\"WebSite\",\"@id\":\"https:\/\/gysfm.com.ar\/inicio\/#website\",\"url\":\"https:\/\/gysfm.com.ar\/inicio\/\",\"name\":\"GYS NOTICIAS |\",\"description\":\"DIARIO - RADIO ONLINE SAN JUAN ARGENTINA\",\"publisher\":{\"@id\":\"https:\/\/gysfm.com.ar\/inicio\/#organization\"},\"potentialAction\":[{\"@type\":\"SearchAction\",\"target\":{\"@type\":\"EntryPoint\",\"urlTemplate\":\"https:\/\/gysfm.com.ar\/inicio\/?s={search_term_string}\"},\"query-input\":{\"@type\":\"PropertyValueSpecification\",\"valueRequired\":true,\"valueName\":\"search_term_string\"}}],\"inLanguage\":\"es\"},{\"@type\":\"Organization\",\"@id\":\"https:\/\/gysfm.com.ar\/inicio\/#organization\",\"name\":\"GYS NOTICIAS |\",\"url\":\"https:\/\/gysfm.com.ar\/inicio\/\",\"logo\":{\"@type\":\"ImageObject\",\"inLanguage\":\"es\",\"@id\":\"https:\/\/gysfm.com.ar\/inicio\/#\/schema\/logo\/image\/\",\"url\":\"https:\/\/gysfm.com.ar\/inicio\/wp-content\/uploads\/2023\/07\/LOGOGYS-OK.png\",\"contentUrl\":\"https:\/\/gysfm.com.ar\/inicio\/wp-content\/uploads\/2023\/07\/LOGOGYS-OK.png\",\"width\":1170,\"height\":872,\"caption\":\"GYS NOTICIAS |\"},\"image\":{\"@id\":\"https:\/\/gysfm.com.ar\/inicio\/#\/schema\/logo\/image\/\"}},{\"@type\":\"Person\",\"@id\":\"https:\/\/gysfm.com.ar\/inicio\/#\/schema\/person\/3abba7593ef2ad19e1be221d54383dc5\",\"name\":\"Prensa G&amp;S FM\",\"image\":{\"@type\":\"ImageObject\",\"inLanguage\":\"es\",\"@id\":\"https:\/\/gysfm.com.ar\/inicio\/#\/schema\/person\/image\/\",\"url\":\"https:\/\/secure.gravatar.com\/avatar\/096ec78df02049ab018702bb4ccedf659377fa92a26540b5247612077a0dbd29?s=96&d=mm&r=g\",\"contentUrl\":\"https:\/\/secure.gravatar.com\/avatar\/096ec78df02049ab018702bb4ccedf659377fa92a26540b5247612077a0dbd29?s=96&d=mm&r=g\",\"caption\":\"Prensa G&amp;S FM\"},\"sameAs\":[\"https:\/\/gysfm.com.ar\/\"],\"url\":\"https:\/\/gysfm.com.ar\/inicio\/author\/lucasm\/\"}]}<\/script>\n<!-- \/ Yoast SEO plugin. -->","yoast_head_json":{"title":"Bolsonaro achica la distancia con Lula y un inesperado tercer candidato irrumpe en la pelea - GYS NOTICIAS |","robots":{"index":"index","follow":"follow","max-snippet":"max-snippet:-1","max-image-preview":"max-image-preview:large","max-video-preview":"max-video-preview:-1"},"canonical":"https:\/\/gysfm.com.ar\/inicio\/bolsonaro-achica-la-distancia-con-lula-y-un-inesperado-tercer-candidato-irrumpe-en-la-pelea\/","og_locale":"es_ES","og_type":"article","og_title":"Bolsonaro achica la distancia con Lula y un inesperado tercer candidato irrumpe en la pelea - GYS NOTICIAS |","og_description":"BRASILIA.\u2013 El presidente brasile\u00f1o, Luiz In\u00e1cio Lula da Silva, se ubica por delante de su principal contendiente, Fl\u00e1vio Bolsonaro, con vistas a la primera vuelta de las elecciones presidenciales de octubre, aunque pierde esa ventaja en un posible escenario de balotaje, seg\u00fan una encuesta publicada el lunes por el instituto Nexus. El l\u00edder del Partido [&hellip;]","og_url":"https:\/\/gysfm.com.ar\/inicio\/bolsonaro-achica-la-distancia-con-lula-y-un-inesperado-tercer-candidato-irrumpe-en-la-pelea\/","og_site_name":"GYS NOTICIAS |","article_published_time":"2026-09-01T05:12:08+00:00","article_modified_time":"2026-09-01T05:12:09+00:00","og_image":[{"width":1200,"height":800,"url":"https:\/\/gysfm.com.ar\/inicio\/wp-content\/uploads\/2026\/09\/lula-da-silva-en-un-acto-de-campana-en-salvador-HRIZQ3ZSSZFOXKU4CKO3Y6UCKU.JPG","type":"image\/jpeg"}],"author":"Prensa G&amp;S FM","twitter_card":"summary_large_image","twitter_misc":{"Escrito por":"Prensa G&amp;S FM","Tiempo de lectura":"5 minutos"},"schema":{"@context":"https:\/\/schema.org","@graph":[{"@type":"Article","@id":"https:\/\/gysfm.com.ar\/inicio\/bolsonaro-achica-la-distancia-con-lula-y-un-inesperado-tercer-candidato-irrumpe-en-la-pelea\/#article","isPartOf":{"@id":"https:\/\/gysfm.com.ar\/inicio\/bolsonaro-achica-la-distancia-con-lula-y-un-inesperado-tercer-candidato-irrumpe-en-la-pelea\/"},"author":{"name":"Prensa G&amp;S FM","@id":"https:\/\/gysfm.com.ar\/inicio\/#\/schema\/person\/3abba7593ef2ad19e1be221d54383dc5"},"headline":"Bolsonaro achica la distancia con Lula y un inesperado tercer candidato irrumpe en la pelea","datePublished":"2026-09-01T05:12:08+00:00","dateModified":"2026-09-01T05:12:09+00:00","mainEntityOfPage":{"@id":"https:\/\/gysfm.com.ar\/inicio\/bolsonaro-achica-la-distancia-con-lula-y-un-inesperado-tercer-candidato-irrumpe-en-la-pelea\/"},"wordCount":1016,"publisher":{"@id":"https:\/\/gysfm.com.ar\/inicio\/#organization"},"image":{"@id":"https:\/\/gysfm.com.ar\/inicio\/bolsonaro-achica-la-distancia-con-lula-y-un-inesperado-tercer-candidato-irrumpe-en-la-pelea\/#primaryimage"},"thumbnailUrl":"https:\/\/gysfm.com.ar\/inicio\/wp-content\/uploads\/2026\/09\/lula-da-silva-en-un-acto-de-campana-en-salvador-HRIZQ3ZSSZFOXKU4CKO3Y6UCKU.JPG","articleSection":["INTERNACIONALES"],"inLanguage":"es"},{"@type":"WebPage","@id":"https:\/\/gysfm.com.ar\/inicio\/bolsonaro-achica-la-distancia-con-lula-y-un-inesperado-tercer-candidato-irrumpe-en-la-pelea\/","url":"https:\/\/gysfm.com.ar\/inicio\/bolsonaro-achica-la-distancia-con-lula-y-un-inesperado-tercer-candidato-irrumpe-en-la-pelea\/","name":"Bolsonaro achica la distancia con Lula y un inesperado tercer candidato irrumpe en la pelea - GYS NOTICIAS |","isPartOf":{"@id":"https:\/\/gysfm.com.ar\/inicio\/#website"},"primaryImageOfPage":{"@id":"https:\/\/gysfm.com.ar\/inicio\/bolsonaro-achica-la-distancia-con-lula-y-un-inesperado-tercer-candidato-irrumpe-en-la-pelea\/#primaryimage"},"image":{"@id":"https:\/\/gysfm.com.ar\/inicio\/bolsonaro-achica-la-distancia-con-lula-y-un-inesperado-tercer-candidato-irrumpe-en-la-pelea\/#primaryimage"},"thumbnailUrl":"https:\/\/gysfm.com.ar\/inicio\/wp-content\/uploads\/2026\/09\/lula-da-silva-en-un-acto-de-campana-en-salvador-HRIZQ3ZSSZFOXKU4CKO3Y6UCKU.JPG","datePublished":"2026-09-01T05:12:08+00:00","dateModified":"2026-09-01T05:12:09+00:00","breadcrumb":{"@id":"https:\/\/gysfm.com.ar\/inicio\/bolsonaro-achica-la-distancia-con-lula-y-un-inesperado-tercer-candidato-irrumpe-en-la-pelea\/#breadcrumb"},"inLanguage":"es","potentialAction":[{"@type":"ReadAction","target":["https:\/\/gysfm.com.ar\/inicio\/bolsonaro-achica-la-distancia-con-lula-y-un-inesperado-tercer-candidato-irrumpe-en-la-pelea\/"]}]},{"@type":"ImageObject","inLanguage":"es","@id":"https:\/\/gysfm.com.ar\/inicio\/bolsonaro-achica-la-distancia-con-lula-y-un-inesperado-tercer-candidato-irrumpe-en-la-pelea\/#primaryimage","url":"https:\/\/gysfm.com.ar\/inicio\/wp-content\/uploads\/2026\/09\/lula-da-silva-en-un-acto-de-campana-en-salvador-HRIZQ3ZSSZFOXKU4CKO3Y6UCKU.JPG","contentUrl":"https:\/\/gysfm.com.ar\/inicio\/wp-content\/uploads\/2026\/09\/lula-da-silva-en-un-acto-de-campana-en-salvador-HRIZQ3ZSSZFOXKU4CKO3Y6UCKU.JPG","width":1200,"height":800},{"@type":"BreadcrumbList","@id":"https:\/\/gysfm.com.ar\/inicio\/bolsonaro-achica-la-distancia-con-lula-y-un-inesperado-tercer-candidato-irrumpe-en-la-pelea\/#breadcrumb","itemListElement":[{"@type":"ListItem","position":1,"name":"Portada","item":"https:\/\/gysfm.com.ar\/inicio\/"},{"@type":"ListItem","position":2,"name":"Bolsonaro achica la distancia con Lula y un inesperado tercer candidato irrumpe en la pelea"}]},{"@type":"WebSite","@id":"https:\/\/gysfm.com.ar\/inicio\/#website","url":"https:\/\/gysfm.com.ar\/inicio\/","name":"GYS NOTICIAS |","description":"DIARIO - RADIO ONLINE SAN JUAN ARGENTINA","publisher":{"@id":"https:\/\/gysfm.com.ar\/inicio\/#organization"},"potentialAction":[{"@type":"SearchAction","target":{"@type":"EntryPoint","urlTemplate":"https:\/\/gysfm.com.ar\/inicio\/?s={search_term_string}"},"query-input":{"@type":"PropertyValueSpecification","valueRequired":true,"valueName":"search_term_string"}}],"inLanguage":"es"},{"@type":"Organization","@id":"https:\/\/gysfm.com.ar\/inicio\/#organization","name":"GYS NOTICIAS |","url":"https:\/\/gysfm.com.ar\/inicio\/","logo":{"@type":"ImageObject","inLanguage":"es","@id":"https:\/\/gysfm.com.ar\/inicio\/#\/schema\/logo\/image\/","url":"https:\/\/gysfm.com.ar\/inicio\/wp-content\/uploads\/2023\/07\/LOGOGYS-OK.png","contentUrl":"https:\/\/gysfm.com.ar\/inicio\/wp-content\/uploads\/2023\/07\/LOGOGYS-OK.png","width":1170,"height":872,"caption":"GYS NOTICIAS |"},"image":{"@id":"https:\/\/gysfm.com.ar\/inicio\/#\/schema\/logo\/image\/"}},{"@type":"Person","@id":"https:\/\/gysfm.com.ar\/inicio\/#\/schema\/person\/3abba7593ef2ad19e1be221d54383dc5","name":"Prensa G&amp;S FM","image":{"@type":"ImageObject","inLanguage":"es","@id":"https:\/\/gysfm.com.ar\/inicio\/#\/schema\/person\/image\/","url":"https:\/\/secure.gravatar.com\/avatar\/096ec78df02049ab018702bb4ccedf659377fa92a26540b5247612077a0dbd29?s=96&d=mm&r=g","contentUrl":"https:\/\/secure.gravatar.com\/avatar\/096ec78df02049ab018702bb4ccedf659377fa92a26540b5247612077a0dbd29?s=96&d=mm&r=g","caption":"Prensa G&amp;S FM"},"sameAs":["https:\/\/gysfm.com.ar\/"],"url":"https:\/\/gysfm.com.ar\/inicio\/author\/lucasm\/"}]}},"_links":{"self":[{"href":"https:\/\/gysfm.com.ar\/inicio\/wp-json\/wp\/v2\/posts\/210019","targetHints":{"allow":["GET"]}}],"collection":[{"href":"https:\/\/gysfm.com.ar\/inicio\/wp-json\/wp\/v2\/posts"}],"about":[{"href":"https:\/\/gysfm.com.ar\/inicio\/wp-json\/wp\/v2\/types\/post"}],"author":[{"embeddable":true,"href":"https:\/\/gysfm.com.ar\/inicio\/wp-json\/wp\/v2\/users\/2"}],"replies":[{"embeddable":true,"href":"https:\/\/gysfm.com.ar\/inicio\/wp-json\/wp\/v2\/comments?post=210019"}],"version-history":[{"count":1,"href":"https:\/\/gysfm.com.ar\/inicio\/wp-json\/wp\/v2\/posts\/210019\/revisions"}],"predecessor-version":[{"id":210021,"href":"https:\/\/gysfm.com.ar\/inicio\/wp-json\/wp\/v2\/posts\/210019\/revisions\/210021"}],"wp:featuredmedia":[{"embeddable":true,"href":"https:\/\/gysfm.com.ar\/inicio\/wp-json\/wp\/v2\/media\/210020"}],"wp:attachment":[{"href":"https:\/\/gysfm.com.ar\/inicio\/wp-json\/wp\/v2\/media?parent=210019"}],"wp:term":[{"taxonomy":"category","embeddable":true,"href":"https:\/\/gysfm.com.ar\/inicio\/wp-json\/wp\/v2\/categories?post=210019"},{"taxonomy":"post_tag","embeddable":true,"href":"https:\/\/gysfm.com.ar\/inicio\/wp-json\/wp\/v2\/tags?post=210019"}],"curies":[{"name":"wp","href":"https:\/\/api.w.org\/{rel}","templated":true}]}}