{"id":210016,"date":"2026-09-01T01:12:08","date_gmt":"2026-09-01T04:12:08","guid":{"rendered":"https:\/\/gysfm.com.ar\/inicio\/del-terror-narco-al-boom-de-negocios-rosario-se-reinventa-y-apuesta-a-salir-al-mundo\/"},"modified":"2026-09-01T01:12:08","modified_gmt":"2026-09-01T04:12:08","slug":"del-terror-narco-al-boom-de-negocios-rosario-se-reinventa-y-apuesta-a-salir-al-mundo","status":"publish","type":"post","link":"https:\/\/gysfm.com.ar\/inicio\/del-terror-narco-al-boom-de-negocios-rosario-se-reinventa-y-apuesta-a-salir-al-mundo\/","title":{"rendered":"Del terror narco al boom de negocios: Rosario se reinventa y apuesta a salir al mundo"},"content":{"rendered":"<p><\/p>\n<div>\n<p class=\"com-paragraph --capital --s\">ROSARIO.- Al llegar a la ciudad de Rosario, se nota un movimiento inusual. El cl\u00e1sico Monumento a la Bandera est\u00e1 rodeado por una estructura monumental. No se trata de un andamio para realizar arreglos, sino de parte de los preparativos de los <strong>XIII Juegos Suramericanos Santa Fe 2026,<\/strong> que se realizar\u00e1n del 12 al 26 de septiembre pr\u00f3ximo. En el escenario gigantesco, Soledad Pastorutti cantar\u00e1 la canci\u00f3n oficial del evento y habr\u00e1 m\u00e1s de 100 artistas en escena. La idea es lograr, en 2029, que la provincia sea la sede de los pr\u00f3ximos Juegos Panamericanos.<\/p>\n<p class=\"com-paragraph --s\">Muy cerca del monumento est\u00e1 la Terminal Fluvial de Rosario, sede de la tercera edici\u00f3n del <strong>Santa Fe Business Forum (SBF),<\/strong> el foro de negocios m\u00e1s grande de la Argentina. Este a\u00f1o en el SBF participan m\u00e1s de 1000 empresas argentinas. Hay una ronda de negocios inversa, con 250 compradores internacionales de 50 pa\u00edses; 40 fondos de inversi\u00f3n y 250 startups (que se conectaron a trav\u00e9s de una aplicaci\u00f3n y, al \u201cmatchear\u201d, agendaron una reuni\u00f3n en el SBF) en sectores como energ\u00edas renovables, agroindustria, biotecnolog\u00eda, videojuegos, audiovisual y turismo de reuniones. Hay siete provincias presentes y la idea es que el a\u00f1o que viene en este lugar de encuentro entre compradores y vendedores est\u00e9n representadas todas las provincias del pa\u00eds.<\/p>\n<p class=\"com-paragraph --s\">Este a\u00f1o hay actividades en Rosario, en la ciudad de Santa Fe y 55 circuitos productivos en 15 departamentos, que permitir\u00e1n a las delegaciones extranjeras recorrer m\u00e1s de 160 empresas en 60 localidades. El programa incluye un Foro de Inversiones, conferencias internacionales y m\u00e1s de 50 capacitaciones sobre competitividad, inteligencia artificial, biotecnolog\u00eda, log\u00edstica global y comercio exterior.<\/p>\n<p class=\"com-paragraph --s\">El entorno favorece el ambiente de negocios. En el coraz\u00f3n del Gran Rosario se concentra el <strong>principal nodo portuario agroexportador del mundo<\/strong>. En 2025 super\u00f3 a Nueva Orleans (Estados Unidos) y Santos (Brasil). A 300 km al norte por el r\u00edo Paran\u00e1 desde la Ciudad de Buenos Aires est\u00e1 La Fluvial, devenida en centro de convenciones. Desde su gran terraza se puede ver el paso constante de los buques mercantes, de hecho, desde aqu\u00ed sali\u00f3 el primer barco cargado hacia el mundo en 1878, que transportaba trigo. <\/p>\n<p><h3 class=\"font-primary text-subheading-lg text-left container-center-100 mb-8\"><span>El d\u00eda despu\u00e9s del terror<\/span><\/h3>\n<\/p>\n<p class=\"com-paragraph --s\">Los locales no dejan de asombrarse por la posibilidad de poder realizar eventos que implican reuniones multitudinarias, cuando apenas hace algunos a\u00f1os la ciudad estaba tomada por el horror y la muerte.<\/p>\n<p class=\"com-paragraph --s\">Durante la inauguraci\u00f3n, el gobernador de Santa Fe, Maximiliano Pullaro, hizo referencia al terror que vivi\u00f3 la ciudad de Rosario hace pocos a\u00f1os por la guerra del narcotr\u00e1fico. Dijo ante un auditorio repleto que cuando se hizo la primera edici\u00f3n del SBF, en 2024, \u201c<strong>esta provincia estaba sitiada por la violencia y el narcotr\u00e1fico<\/strong>\u201d. Agreg\u00f3 que en los tres niveles del Estado \u201cjuramentamos\u201d a las organizaciones criminales que \u201cel Estado es m\u00e1s fuerte\u201d. <\/p>\n<p class=\"com-paragraph --s\">Y luego <strong>elev\u00f3 considerablemente la voz <\/strong>para denunciar que \u201ca esta ciudad se la hab\u00eda dejado sola durante mucho tiempo. Nadie piensa aqu\u00ed que eso no fue una decisi\u00f3n, antes de que la provincia de Santa Fe sea golpeada, y que la ciudad de Rosario sea golpeada y arrodillada. Ten\u00eda que ver con una l\u00f3gica de acumulaci\u00f3n pol\u00edtica tambi\u00e9n. \u00bfO ustedes se creen que al centralismo poderoso de la Rep\u00fablica Argentina no le conven\u00eda que esta ciudad, que esta provincia, est\u00e9 de rodillas?\u201c.<\/p>\n<p class=\"com-paragraph --s\">Como parte de esta estrategia, el gobierno provincial puso en marcha la construcci\u00f3n de <strong>\u201cEl Infierno\u201d,<\/strong> la nueva c\u00e1rcel de m\u00e1xima seguridad que se construye en la localidad de <strong>Pi\u00f1ero, Santa Fe<\/strong>, destinada a alojar a m\u00e1s de 1150 presos de alto perfil, como narcotraficantes y sicarios. Con una inversi\u00f3n provincial superior a los $ 143.000 millones, ser\u00e1 inaugurada en mayo de 2027.<\/p>\n<p><h3 class=\"font-primary text-subheading-lg text-left container-center-100 mb-8\"><span>Detalles del foro y los n\u00fameros del comercio<\/span><\/h3>\n<\/p>\n<p class=\"com-paragraph --s\">Santa Fe es la <strong>segunda provincia exportadora del pa\u00eds<\/strong>, detr\u00e1s de Buenos Aires. En 2025, realiz\u00f3 env\u00edos por US$16.190 millones, lo que represent\u00f3 un aumento de 5,2% interanual. Las Manufacturas de Origen Agropecuario (MOA) representaron el mayor valor exportado, con US$11.919 millones. <\/p>\n<p class=\"com-paragraph --s\">Los principales mercados de destino fueron India, la Uni\u00f3n Europea y ASEAN. Residuos y desperdicios de las industrias alimentarias y grasas y aceites fueron los subrubros de mayor valor exportado. Semillas y frutos oleaginosos tuvieron un aumento de 134,8%.<\/p>\n<p class=\"com-paragraph --s text-left\">La secretaria de Comercio Exterior de Santa Fe, Georgina Losada, coment\u00f3 que \u201choy atravesamos un mundo diferente, turbulento, vol\u00e1til, con una guerra comercial y conflictos b\u00e9licos que demandan alimentos y energ\u00eda\u201d.<\/p>\n<p class=\"com-paragraph --s\">Santa Fe vive entonces un momento de grandes oportunidades, seg\u00fan la funcionaria, que tambi\u00e9n organiz\u00f3 el foro. Seg\u00fan la Bolsa de Comercio de Rosario, en los 70 kil\u00f3metros de costa sobre el r\u00edo Paran\u00e1, entre Timb\u00faes y Arroyo Seco, hay 29 terminales portuarias, de las cuales 19 despachan granos, aceites y subproductos. Desde este corredor sale alrededor del 80% de las exportaciones argentinas de esos productos. Adem\u00e1s, tiene la \u00fanica zona franca con puerto del pa\u00eds.<\/p>\n<p><h3 class=\"font-primary text-subheading-lg text-left container-center-100 mb-8\"><span>Negocios internacionales<\/span><\/h3>\n<\/p>\n<p class=\"com-paragraph --s\">Como representante de Canciller\u00eda, Fernando Brun, secretario de Relaciones Econ\u00f3micas Internacionales, destac\u00f3 que \u201chasta hace pocos a\u00f1os, la Argentina ten\u00eda una red de acuerdos comerciales que apenas cubr\u00eda el 10% del PIB global. Un pa\u00eds deber\u00eda tener un coeficiente de apertura semejante al de nuestros vecinos, entre un 85 y un 90%\u201d, dijo. <\/p>\n<p class=\"com-paragraph --s\">En el \u00e1mbito empresario se valora especialmente lo que llaman \u201cla salida de la Argentina del ostracismo internacional\u201d, con menciones a las ventajas de los acuerdos entre el Mercosur y la Uni\u00f3n Europea (provisional hasta el momento), pero tambi\u00e9n los nuevos acuerdos con Singapur y con el EFTA (Suiza, Noruega, Islandia y Liechtenstein), adem\u00e1s del acuerdo de entendimiento bilateral con Estados Unidos. Con estos instrumentos ya concluidos, nos acercamos al 30% del PBI mundial. Pero la agenda en curso tiene que llevarnos los pr\u00f3ximos a\u00f1os a no menos del 50%\u201d, agreg\u00f3 el funcionario de Canciller\u00eda. <\/p>\n<p class=\"com-paragraph --s\">\u201cEn el primer semestre, las exportaciones a Estados Unidos crecieron m\u00e1s del 42%, a la Uni\u00f3n Europea 22%, a la India casi el 30% y a Vietnam m\u00e1s del 20%. Son precisamente destinos con los que concluimos acuerdos, profundizamos nuestra relaci\u00f3n econ\u00f3mica y avanzamos en nuestras negociaciones\u201d, sostuvo Brun.<\/p>\n<p class=\"com-paragraph --s\">El especialista en negocios internacionales, Marcelo Elizondo, analiz\u00f3 que \u201ca pesar de las complicaciones en el mundo, <strong>los negocios no se retraen<\/strong>\u201d. En el Global Trade Alert, las intervenciones proteccionistas globales pasaron de 300 en 2008 a m\u00e1s de 2000 en la actualidad. Sin embargo, \u201cla Argentina creci\u00f3 un 20% en sus exportaciones en 2024, un 10% en 2025 y m\u00e1s de un 25% en lo que va del 2026\u2033, asegur\u00f3 Elizondo.<\/p>\n<p class=\"com-paragraph --s\">Por otro lado, esboz\u00f3 que crece una tendencia a nivel mundial, que es la \u201ctriangulaci\u00f3n\u201d. Como ejemplo, explic\u00f3 que caen los negocios entre Estados Unidos y China, pero aumenta<strong> el uso de terceros pa\u00edses para evadir aranceles. De esta manera, los pa\u00edses con las mayores barreras arancelarias logran una vuelta para hacerse de los productos sin pagar el costo extra, o pagando menos.<\/strong><\/p>\n<p class=\"com-paragraph --s\">Adem\u00e1s, predijo que <strong>este a\u00f1o las exportaciones superar\u00e1n los US$100.000 millones<\/strong>, con un <strong>alt\u00edsimo super\u00e1vit comercial<\/strong>. Una buena noticia, aunque falta todav\u00eda que se afiancen las importaciones, que son clave para los insumos industriales y un signo de crecimiento en el \u00e1mbito de la producci\u00f3n. <\/p>\n<p class=\"com-paragraph --s\">Para Elizondo, el comercio exterior argentino est\u00e1 reaccionando y <strong>se prev\u00e9n exportaciones por US$165.000 millones para 2035<\/strong>. Tambi\u00e9n aclar\u00f3 que hay un cambio a nivel mundial con respecto a los commodities, que <strong>dejan de ser simplemente productos primarios para convertirse en bienes esenciales<\/strong>.<\/p>\n<section class=\"container-center-100 mb-40 border border-bottom border-thin border-neutral-light-700\">\n<hr\/>\n<\/section>\n<\/div>\n<p><script id=\"facebookpixel\" defer=\"\" type=\"text\/javascript\">\n        !function(f,b,e,v,n,t,s)\n        {if(f.fbq)return;n=f.fbq=function(){n.callMethod?\n        n.callMethod.apply(n,arguments):n.queue.push(arguments)};\n        if(!f._fbq)f._fbq=n;n.push=n;n.loaded=!0;n.version='2.0';\n        n.queue=[];t=b.createElement(e);t.async=!0;\n        t.src=v;s=b.getElementsByTagName(e)[0];\n        s.parentNode.insertBefore(t,s)}(window, document,'script',\n        'https:\/\/connect.facebook.net\/en_US\/fbevents.js');\n        fbq('init', '492459597522335');\n        fbq('track', 'PageView');\n    <\/script><\/p>\n","protected":false},"excerpt":{"rendered":"<p>ROSARIO.- Al llegar a la ciudad de Rosario, se nota un movimiento inusual. El cl\u00e1sico Monumento a la Bandera est\u00e1 rodeado por una estructura monumental. No se trata de un andamio para realizar arreglos, sino de parte de los preparativos de los XIII Juegos Suramericanos Santa Fe 2026, que se realizar\u00e1n del 12 al 26 [&hellip;]<\/p>\n","protected":false},"author":1,"featured_media":210017,"comment_status":"closed","ping_status":"closed","sticky":false,"template":"","format":"standard","meta":{"footnotes":""},"categories":[28],"tags":[],"class_list":["post-210016","post","type-post","status-publish","format-standard","has-post-thumbnail","hentry","category-economia"],"yoast_head":"<!-- This site is optimized with the Yoast SEO plugin v24.4 - https:\/\/yoast.com\/wordpress\/plugins\/seo\/ -->\n<title>Del terror narco al boom de negocios: Rosario se reinventa y apuesta a salir al mundo - GYS NOTICIAS |<\/title>\n<meta name=\"robots\" content=\"index, follow, max-snippet:-1, max-image-preview:large, max-video-preview:-1\" \/>\n<link rel=\"canonical\" href=\"https:\/\/gysfm.com.ar\/inicio\/del-terror-narco-al-boom-de-negocios-rosario-se-reinventa-y-apuesta-a-salir-al-mundo\/\" \/>\n<meta property=\"og:locale\" content=\"es_ES\" \/>\n<meta property=\"og:type\" content=\"article\" \/>\n<meta property=\"og:title\" content=\"Del terror narco al boom de negocios: Rosario se reinventa y apuesta a salir al mundo - GYS NOTICIAS |\" \/>\n<meta property=\"og:description\" content=\"ROSARIO.- Al llegar a la ciudad de Rosario, se nota un movimiento inusual. El cl\u00e1sico Monumento a la Bandera est\u00e1 rodeado por una estructura monumental. No se trata de un andamio para realizar arreglos, sino de parte de los preparativos de los XIII Juegos Suramericanos Santa Fe 2026, que se realizar\u00e1n del 12 al 26 [&hellip;]\" \/>\n<meta property=\"og:url\" content=\"https:\/\/gysfm.com.ar\/inicio\/del-terror-narco-al-boom-de-negocios-rosario-se-reinventa-y-apuesta-a-salir-al-mundo\/\" \/>\n<meta property=\"og:site_name\" content=\"GYS NOTICIAS |\" \/>\n<meta property=\"article:published_time\" content=\"2026-09-01T04:12:08+00:00\" \/>\n<meta property=\"og:image\" content=\"https:\/\/gysfm.com.ar\/inicio\/wp-content\/uploads\/2026\/09\/el-gobernador-de-santa-fe-maximiliano-pullaro-en-CLDNTTBELJAGZCMCQCNCU3E7VI.jpeg\" \/>\n\t<meta property=\"og:image:width\" content=\"1200\" \/>\n\t<meta property=\"og:image:height\" content=\"800\" \/>\n\t<meta property=\"og:image:type\" content=\"image\/jpeg\" \/>\n<meta name=\"author\" content=\"admin\" \/>\n<meta name=\"twitter:card\" content=\"summary_large_image\" \/>\n<meta name=\"twitter:label1\" content=\"Escrito por\" \/>\n\t<meta name=\"twitter:data1\" content=\"admin\" \/>\n\t<meta name=\"twitter:label2\" content=\"Tiempo de lectura\" \/>\n\t<meta name=\"twitter:data2\" content=\"6 minutos\" \/>\n<script type=\"application\/ld+json\" class=\"yoast-schema-graph\">{\"@context\":\"https:\/\/schema.org\",\"@graph\":[{\"@type\":\"Article\",\"@id\":\"https:\/\/gysfm.com.ar\/inicio\/del-terror-narco-al-boom-de-negocios-rosario-se-reinventa-y-apuesta-a-salir-al-mundo\/#article\",\"isPartOf\":{\"@id\":\"https:\/\/gysfm.com.ar\/inicio\/del-terror-narco-al-boom-de-negocios-rosario-se-reinventa-y-apuesta-a-salir-al-mundo\/\"},\"author\":{\"name\":\"admin\",\"@id\":\"https:\/\/gysfm.com.ar\/inicio\/#\/schema\/person\/5bedd7ecd35cc35548d89effafa23696\"},\"headline\":\"Del terror narco al boom de negocios: Rosario se reinventa y apuesta a salir al mundo\",\"datePublished\":\"2026-09-01T04:12:08+00:00\",\"mainEntityOfPage\":{\"@id\":\"https:\/\/gysfm.com.ar\/inicio\/del-terror-narco-al-boom-de-negocios-rosario-se-reinventa-y-apuesta-a-salir-al-mundo\/\"},\"wordCount\":1301,\"publisher\":{\"@id\":\"https:\/\/gysfm.com.ar\/inicio\/#organization\"},\"image\":{\"@id\":\"https:\/\/gysfm.com.ar\/inicio\/del-terror-narco-al-boom-de-negocios-rosario-se-reinventa-y-apuesta-a-salir-al-mundo\/#primaryimage\"},\"thumbnailUrl\":\"https:\/\/gysfm.com.ar\/inicio\/wp-content\/uploads\/2026\/09\/el-gobernador-de-santa-fe-maximiliano-pullaro-en-CLDNTTBELJAGZCMCQCNCU3E7VI.jpeg\",\"articleSection\":[\"ECONOMIA\"],\"inLanguage\":\"es\"},{\"@type\":\"WebPage\",\"@id\":\"https:\/\/gysfm.com.ar\/inicio\/del-terror-narco-al-boom-de-negocios-rosario-se-reinventa-y-apuesta-a-salir-al-mundo\/\",\"url\":\"https:\/\/gysfm.com.ar\/inicio\/del-terror-narco-al-boom-de-negocios-rosario-se-reinventa-y-apuesta-a-salir-al-mundo\/\",\"name\":\"Del terror narco al boom de negocios: Rosario se reinventa y apuesta a salir al mundo - GYS NOTICIAS |\",\"isPartOf\":{\"@id\":\"https:\/\/gysfm.com.ar\/inicio\/#website\"},\"primaryImageOfPage\":{\"@id\":\"https:\/\/gysfm.com.ar\/inicio\/del-terror-narco-al-boom-de-negocios-rosario-se-reinventa-y-apuesta-a-salir-al-mundo\/#primaryimage\"},\"image\":{\"@id\":\"https:\/\/gysfm.com.ar\/inicio\/del-terror-narco-al-boom-de-negocios-rosario-se-reinventa-y-apuesta-a-salir-al-mundo\/#primaryimage\"},\"thumbnailUrl\":\"https:\/\/gysfm.com.ar\/inicio\/wp-content\/uploads\/2026\/09\/el-gobernador-de-santa-fe-maximiliano-pullaro-en-CLDNTTBELJAGZCMCQCNCU3E7VI.jpeg\",\"datePublished\":\"2026-09-01T04:12:08+00:00\",\"breadcrumb\":{\"@id\":\"https:\/\/gysfm.com.ar\/inicio\/del-terror-narco-al-boom-de-negocios-rosario-se-reinventa-y-apuesta-a-salir-al-mundo\/#breadcrumb\"},\"inLanguage\":\"es\",\"potentialAction\":[{\"@type\":\"ReadAction\",\"target\":[\"https:\/\/gysfm.com.ar\/inicio\/del-terror-narco-al-boom-de-negocios-rosario-se-reinventa-y-apuesta-a-salir-al-mundo\/\"]}]},{\"@type\":\"ImageObject\",\"inLanguage\":\"es\",\"@id\":\"https:\/\/gysfm.com.ar\/inicio\/del-terror-narco-al-boom-de-negocios-rosario-se-reinventa-y-apuesta-a-salir-al-mundo\/#primaryimage\",\"url\":\"https:\/\/gysfm.com.ar\/inicio\/wp-content\/uploads\/2026\/09\/el-gobernador-de-santa-fe-maximiliano-pullaro-en-CLDNTTBELJAGZCMCQCNCU3E7VI.jpeg\",\"contentUrl\":\"https:\/\/gysfm.com.ar\/inicio\/wp-content\/uploads\/2026\/09\/el-gobernador-de-santa-fe-maximiliano-pullaro-en-CLDNTTBELJAGZCMCQCNCU3E7VI.jpeg\",\"width\":1200,\"height\":800},{\"@type\":\"BreadcrumbList\",\"@id\":\"https:\/\/gysfm.com.ar\/inicio\/del-terror-narco-al-boom-de-negocios-rosario-se-reinventa-y-apuesta-a-salir-al-mundo\/#breadcrumb\",\"itemListElement\":[{\"@type\":\"ListItem\",\"position\":1,\"name\":\"Portada\",\"item\":\"https:\/\/gysfm.com.ar\/inicio\/\"},{\"@type\":\"ListItem\",\"position\":2,\"name\":\"Del terror narco al boom de negocios: Rosario se reinventa y apuesta a salir al mundo\"}]},{\"@type\":\"WebSite\",\"@id\":\"https:\/\/gysfm.com.ar\/inicio\/#website\",\"url\":\"https:\/\/gysfm.com.ar\/inicio\/\",\"name\":\"GYS NOTICIAS |\",\"description\":\"DIARIO - RADIO ONLINE SAN JUAN ARGENTINA\",\"publisher\":{\"@id\":\"https:\/\/gysfm.com.ar\/inicio\/#organization\"},\"potentialAction\":[{\"@type\":\"SearchAction\",\"target\":{\"@type\":\"EntryPoint\",\"urlTemplate\":\"https:\/\/gysfm.com.ar\/inicio\/?s={search_term_string}\"},\"query-input\":{\"@type\":\"PropertyValueSpecification\",\"valueRequired\":true,\"valueName\":\"search_term_string\"}}],\"inLanguage\":\"es\"},{\"@type\":\"Organization\",\"@id\":\"https:\/\/gysfm.com.ar\/inicio\/#organization\",\"name\":\"GYS NOTICIAS |\",\"url\":\"https:\/\/gysfm.com.ar\/inicio\/\",\"logo\":{\"@type\":\"ImageObject\",\"inLanguage\":\"es\",\"@id\":\"https:\/\/gysfm.com.ar\/inicio\/#\/schema\/logo\/image\/\",\"url\":\"https:\/\/gysfm.com.ar\/inicio\/wp-content\/uploads\/2023\/07\/LOGOGYS-OK.png\",\"contentUrl\":\"https:\/\/gysfm.com.ar\/inicio\/wp-content\/uploads\/2023\/07\/LOGOGYS-OK.png\",\"width\":1170,\"height\":872,\"caption\":\"GYS NOTICIAS |\"},\"image\":{\"@id\":\"https:\/\/gysfm.com.ar\/inicio\/#\/schema\/logo\/image\/\"}},{\"@type\":\"Person\",\"@id\":\"https:\/\/gysfm.com.ar\/inicio\/#\/schema\/person\/5bedd7ecd35cc35548d89effafa23696\",\"name\":\"admin\",\"image\":{\"@type\":\"ImageObject\",\"inLanguage\":\"es\",\"@id\":\"https:\/\/gysfm.com.ar\/inicio\/#\/schema\/person\/image\/\",\"url\":\"https:\/\/secure.gravatar.com\/avatar\/c331d312b5243fb64d5ba28108a447b27c925295129a363082c9ea52c28d32c2?s=96&d=mm&r=g\",\"contentUrl\":\"https:\/\/secure.gravatar.com\/avatar\/c331d312b5243fb64d5ba28108a447b27c925295129a363082c9ea52c28d32c2?s=96&d=mm&r=g\",\"caption\":\"admin\"},\"sameAs\":[\"https:\/\/gysfm.com.ar\/inicio\"],\"url\":\"https:\/\/gysfm.com.ar\/inicio\/author\/admin\/\"}]}<\/script>\n<!-- \/ Yoast SEO plugin. -->","yoast_head_json":{"title":"Del terror narco al boom de negocios: Rosario se reinventa y apuesta a salir al mundo - GYS NOTICIAS |","robots":{"index":"index","follow":"follow","max-snippet":"max-snippet:-1","max-image-preview":"max-image-preview:large","max-video-preview":"max-video-preview:-1"},"canonical":"https:\/\/gysfm.com.ar\/inicio\/del-terror-narco-al-boom-de-negocios-rosario-se-reinventa-y-apuesta-a-salir-al-mundo\/","og_locale":"es_ES","og_type":"article","og_title":"Del terror narco al boom de negocios: Rosario se reinventa y apuesta a salir al mundo - GYS NOTICIAS |","og_description":"ROSARIO.- Al llegar a la ciudad de Rosario, se nota un movimiento inusual. El cl\u00e1sico Monumento a la Bandera est\u00e1 rodeado por una estructura monumental. No se trata de un andamio para realizar arreglos, sino de parte de los preparativos de los XIII Juegos Suramericanos Santa Fe 2026, que se realizar\u00e1n del 12 al 26 [&hellip;]","og_url":"https:\/\/gysfm.com.ar\/inicio\/del-terror-narco-al-boom-de-negocios-rosario-se-reinventa-y-apuesta-a-salir-al-mundo\/","og_site_name":"GYS NOTICIAS |","article_published_time":"2026-09-01T04:12:08+00:00","og_image":[{"width":1200,"height":800,"url":"https:\/\/gysfm.com.ar\/inicio\/wp-content\/uploads\/2026\/09\/el-gobernador-de-santa-fe-maximiliano-pullaro-en-CLDNTTBELJAGZCMCQCNCU3E7VI.jpeg","type":"image\/jpeg"}],"author":"admin","twitter_card":"summary_large_image","twitter_misc":{"Escrito por":"admin","Tiempo de lectura":"6 minutos"},"schema":{"@context":"https:\/\/schema.org","@graph":[{"@type":"Article","@id":"https:\/\/gysfm.com.ar\/inicio\/del-terror-narco-al-boom-de-negocios-rosario-se-reinventa-y-apuesta-a-salir-al-mundo\/#article","isPartOf":{"@id":"https:\/\/gysfm.com.ar\/inicio\/del-terror-narco-al-boom-de-negocios-rosario-se-reinventa-y-apuesta-a-salir-al-mundo\/"},"author":{"name":"admin","@id":"https:\/\/gysfm.com.ar\/inicio\/#\/schema\/person\/5bedd7ecd35cc35548d89effafa23696"},"headline":"Del terror narco al boom de negocios: Rosario se reinventa y apuesta a salir al mundo","datePublished":"2026-09-01T04:12:08+00:00","mainEntityOfPage":{"@id":"https:\/\/gysfm.com.ar\/inicio\/del-terror-narco-al-boom-de-negocios-rosario-se-reinventa-y-apuesta-a-salir-al-mundo\/"},"wordCount":1301,"publisher":{"@id":"https:\/\/gysfm.com.ar\/inicio\/#organization"},"image":{"@id":"https:\/\/gysfm.com.ar\/inicio\/del-terror-narco-al-boom-de-negocios-rosario-se-reinventa-y-apuesta-a-salir-al-mundo\/#primaryimage"},"thumbnailUrl":"https:\/\/gysfm.com.ar\/inicio\/wp-content\/uploads\/2026\/09\/el-gobernador-de-santa-fe-maximiliano-pullaro-en-CLDNTTBELJAGZCMCQCNCU3E7VI.jpeg","articleSection":["ECONOMIA"],"inLanguage":"es"},{"@type":"WebPage","@id":"https:\/\/gysfm.com.ar\/inicio\/del-terror-narco-al-boom-de-negocios-rosario-se-reinventa-y-apuesta-a-salir-al-mundo\/","url":"https:\/\/gysfm.com.ar\/inicio\/del-terror-narco-al-boom-de-negocios-rosario-se-reinventa-y-apuesta-a-salir-al-mundo\/","name":"Del terror narco al boom de negocios: Rosario se reinventa y apuesta a salir al mundo - GYS NOTICIAS |","isPartOf":{"@id":"https:\/\/gysfm.com.ar\/inicio\/#website"},"primaryImageOfPage":{"@id":"https:\/\/gysfm.com.ar\/inicio\/del-terror-narco-al-boom-de-negocios-rosario-se-reinventa-y-apuesta-a-salir-al-mundo\/#primaryimage"},"image":{"@id":"https:\/\/gysfm.com.ar\/inicio\/del-terror-narco-al-boom-de-negocios-rosario-se-reinventa-y-apuesta-a-salir-al-mundo\/#primaryimage"},"thumbnailUrl":"https:\/\/gysfm.com.ar\/inicio\/wp-content\/uploads\/2026\/09\/el-gobernador-de-santa-fe-maximiliano-pullaro-en-CLDNTTBELJAGZCMCQCNCU3E7VI.jpeg","datePublished":"2026-09-01T04:12:08+00:00","breadcrumb":{"@id":"https:\/\/gysfm.com.ar\/inicio\/del-terror-narco-al-boom-de-negocios-rosario-se-reinventa-y-apuesta-a-salir-al-mundo\/#breadcrumb"},"inLanguage":"es","potentialAction":[{"@type":"ReadAction","target":["https:\/\/gysfm.com.ar\/inicio\/del-terror-narco-al-boom-de-negocios-rosario-se-reinventa-y-apuesta-a-salir-al-mundo\/"]}]},{"@type":"ImageObject","inLanguage":"es","@id":"https:\/\/gysfm.com.ar\/inicio\/del-terror-narco-al-boom-de-negocios-rosario-se-reinventa-y-apuesta-a-salir-al-mundo\/#primaryimage","url":"https:\/\/gysfm.com.ar\/inicio\/wp-content\/uploads\/2026\/09\/el-gobernador-de-santa-fe-maximiliano-pullaro-en-CLDNTTBELJAGZCMCQCNCU3E7VI.jpeg","contentUrl":"https:\/\/gysfm.com.ar\/inicio\/wp-content\/uploads\/2026\/09\/el-gobernador-de-santa-fe-maximiliano-pullaro-en-CLDNTTBELJAGZCMCQCNCU3E7VI.jpeg","width":1200,"height":800},{"@type":"BreadcrumbList","@id":"https:\/\/gysfm.com.ar\/inicio\/del-terror-narco-al-boom-de-negocios-rosario-se-reinventa-y-apuesta-a-salir-al-mundo\/#breadcrumb","itemListElement":[{"@type":"ListItem","position":1,"name":"Portada","item":"https:\/\/gysfm.com.ar\/inicio\/"},{"@type":"ListItem","position":2,"name":"Del terror narco al boom de negocios: Rosario se reinventa y apuesta a salir al mundo"}]},{"@type":"WebSite","@id":"https:\/\/gysfm.com.ar\/inicio\/#website","url":"https:\/\/gysfm.com.ar\/inicio\/","name":"GYS NOTICIAS |","description":"DIARIO - RADIO ONLINE SAN JUAN ARGENTINA","publisher":{"@id":"https:\/\/gysfm.com.ar\/inicio\/#organization"},"potentialAction":[{"@type":"SearchAction","target":{"@type":"EntryPoint","urlTemplate":"https:\/\/gysfm.com.ar\/inicio\/?s={search_term_string}"},"query-input":{"@type":"PropertyValueSpecification","valueRequired":true,"valueName":"search_term_string"}}],"inLanguage":"es"},{"@type":"Organization","@id":"https:\/\/gysfm.com.ar\/inicio\/#organization","name":"GYS NOTICIAS |","url":"https:\/\/gysfm.com.ar\/inicio\/","logo":{"@type":"ImageObject","inLanguage":"es","@id":"https:\/\/gysfm.com.ar\/inicio\/#\/schema\/logo\/image\/","url":"https:\/\/gysfm.com.ar\/inicio\/wp-content\/uploads\/2023\/07\/LOGOGYS-OK.png","contentUrl":"https:\/\/gysfm.com.ar\/inicio\/wp-content\/uploads\/2023\/07\/LOGOGYS-OK.png","width":1170,"height":872,"caption":"GYS NOTICIAS |"},"image":{"@id":"https:\/\/gysfm.com.ar\/inicio\/#\/schema\/logo\/image\/"}},{"@type":"Person","@id":"https:\/\/gysfm.com.ar\/inicio\/#\/schema\/person\/5bedd7ecd35cc35548d89effafa23696","name":"admin","image":{"@type":"ImageObject","inLanguage":"es","@id":"https:\/\/gysfm.com.ar\/inicio\/#\/schema\/person\/image\/","url":"https:\/\/secure.gravatar.com\/avatar\/c331d312b5243fb64d5ba28108a447b27c925295129a363082c9ea52c28d32c2?s=96&d=mm&r=g","contentUrl":"https:\/\/secure.gravatar.com\/avatar\/c331d312b5243fb64d5ba28108a447b27c925295129a363082c9ea52c28d32c2?s=96&d=mm&r=g","caption":"admin"},"sameAs":["https:\/\/gysfm.com.ar\/inicio"],"url":"https:\/\/gysfm.com.ar\/inicio\/author\/admin\/"}]}},"_links":{"self":[{"href":"https:\/\/gysfm.com.ar\/inicio\/wp-json\/wp\/v2\/posts\/210016","targetHints":{"allow":["GET"]}}],"collection":[{"href":"https:\/\/gysfm.com.ar\/inicio\/wp-json\/wp\/v2\/posts"}],"about":[{"href":"https:\/\/gysfm.com.ar\/inicio\/wp-json\/wp\/v2\/types\/post"}],"author":[{"embeddable":true,"href":"https:\/\/gysfm.com.ar\/inicio\/wp-json\/wp\/v2\/users\/1"}],"replies":[{"embeddable":true,"href":"https:\/\/gysfm.com.ar\/inicio\/wp-json\/wp\/v2\/comments?post=210016"}],"version-history":[{"count":1,"href":"https:\/\/gysfm.com.ar\/inicio\/wp-json\/wp\/v2\/posts\/210016\/revisions"}],"predecessor-version":[{"id":210018,"href":"https:\/\/gysfm.com.ar\/inicio\/wp-json\/wp\/v2\/posts\/210016\/revisions\/210018"}],"wp:featuredmedia":[{"embeddable":true,"href":"https:\/\/gysfm.com.ar\/inicio\/wp-json\/wp\/v2\/media\/210017"}],"wp:attachment":[{"href":"https:\/\/gysfm.com.ar\/inicio\/wp-json\/wp\/v2\/media?parent=210016"}],"wp:term":[{"taxonomy":"category","embeddable":true,"href":"https:\/\/gysfm.com.ar\/inicio\/wp-json\/wp\/v2\/categories?post=210016"},{"taxonomy":"post_tag","embeddable":true,"href":"https:\/\/gysfm.com.ar\/inicio\/wp-json\/wp\/v2\/tags?post=210016"}],"curies":[{"name":"wp","href":"https:\/\/api.w.org\/{rel}","templated":true}]}}