{"id":210013,"date":"2026-09-01T01:11:07","date_gmt":"2026-09-01T04:11:07","guid":{"rendered":"https:\/\/gysfm.com.ar\/inicio\/en-un-desafio-a-occidente-xi-y-putin-exhiben-su-alianza-y-reunen-en-asia-a-lideres-enfrentados-con-washington\/"},"modified":"2026-09-01T01:11:08","modified_gmt":"2026-09-01T04:11:08","slug":"en-un-desafio-a-occidente-xi-y-putin-exhiben-su-alianza-y-reunen-en-asia-a-lideres-enfrentados-con-washington","status":"publish","type":"post","link":"https:\/\/gysfm.com.ar\/inicio\/en-un-desafio-a-occidente-xi-y-putin-exhiben-su-alianza-y-reunen-en-asia-a-lideres-enfrentados-con-washington\/","title":{"rendered":"En un desaf\u00edo a Occidente, Xi y Putin exhiben su alianza y re\u00fanen en Asia a l\u00edderes enfrentados con Washington"},"content":{"rendered":"<p> <br \/>\n<\/p>\n<div>\n<p class=\"com-paragraph --capital --s\">BISKEK, Kirguist\u00e1n.\u2013 En medio de guerras, sanciones y crecientes tensiones con Estados Unidos, <strong>China y <\/strong><a href=\"https:\/\/www.lanacion.com.ar\/el-mundo\/rusia-amenaza-a-reino-unido-mientras-el-director-de-la-cia-advierte-al-kremlin-que-no-ataque-a-nid27082026\/\" target=\"_self\" title=\"https:\/\/www.lanacion.com.ar\/el-mundo\/rusia-amenaza-a-reino-unido-mientras-el-director-de-la-cia-advierte-al-kremlin-que-no-ataque-a-nid27082026\/\" class=\"com-link break-word\" data-mrf-recirculation=\"n_link_parrafo\"><strong>Rusia<\/strong><\/a><strong> exhibieron este lunes la solidez de su alianza<\/strong> y aprovecharon una <a href=\"https:\/\/www.lanacion.com.ar\/el-mundo\/el-explosivo-encuentro-que-incomoda-a-occidente-y-consagra-a-xi-como-protagonista-nid31082026\/\" target=\"_self\" title=\"https:\/\/www.lanacion.com.ar\/el-mundo\/el-explosivo-encuentro-que-incomoda-a-occidente-y-consagra-a-xi-como-protagonista-nid31082026\/\" class=\"com-link break-word\" data-mrf-recirculation=\"n_link_parrafo\"><strong>cumbre de la Organizaci\u00f3n de Cooperaci\u00f3n de Shangh\u00e1i<\/strong><\/a><strong> <\/strong>(OCS) para proyectar una <strong>visi\u00f3n de un mundo multipolar<\/strong>, con menos peso de Occidente.<\/p>\n<p class=\"com-paragraph --s\">El presidente ruso, <strong>Vladimir Putin<\/strong>, y su hom\u00f3logo chino, <strong>Xi Jinping<\/strong>, se reunieron en Biskek, la capital de Kirguist\u00e1n, al margen de la cumbre del bloque que re\u00fane a algunas de las principales potencias de Asia. En el encuentro tambi\u00e9n participan el presidente iran\u00ed, <strong>Masoud Pezeshkian<\/strong>, el primer ministro indio, <strong>Narendra Modi<\/strong>, y el presidente turco, <strong>Recep Tayyip Erdogan<\/strong>, entre otros dirigentes.<\/p>\n<p class=\"com-paragraph --s\"><strong>\u201cLa cooperaci\u00f3n estrat\u00e9gica entre Rusia y China constituye un modelo de relaciones entre Estados\u201d<\/strong>, afirm\u00f3 Putin al recibir a Xi, en una muestra del estrechamiento de los v\u00ednculos entre dos pa\u00edses que mantienen una posici\u00f3n cada vez m\u00e1s desafiante frente a Washington.<\/p>\n<div class=\"content-media\">\n<section role=\"button\" class=\"mod-media   \">\n<figure role=\"button\" tabindex=\"0\" class=\"mod-figure \"><figcaption class=\"mod-figcaption\"><span class=\"com-text --caption --twoxs\">Los presidentes de Rusia y China volvieron a exhibir su sinton\u00eda en una cumbre marcada por las tensiones con Estados Unidos<\/span><span class=\"com-text --credit --twoxs\">Li Xiang &#8211; XinHua<\/span><\/figcaption><\/figure>\n<\/section>\n<\/div>\n<p class=\"com-paragraph --s\">Xi, por su parte, dijo estar \u201cfeliz\u201d de encontrarse con Putin y afirm\u00f3 que las <strong>relaciones bilaterales se han vuelto \u201cm\u00e1s s\u00f3lidas\u201d<\/strong>, con perspectivas \u201ca\u00fan m\u00e1s prometedoras\u201d. El mandatario chino sostuvo que el mundo atraviesa un per\u00edodo de creciente incertidumbre e imprevisibilidad y llam\u00f3 a avanzar hacia un <strong>\u201cmundo multipolar igualitario y ordenado\u201d<\/strong>.<\/p>\n<p class=\"com-paragraph --s\">La reuni\u00f3n se produce en un momento especialmente sensible para ambos gobiernos. <strong>Rusia contin\u00faa su guerra contra Ucrania<\/strong> y permanece sometida a un amplio r\u00e9gimen de sanciones occidentales, mientras que<strong> China enfrenta crecientes tensiones comerciales con Estados Unidos<\/strong>. <strong>Ir\u00e1n<\/strong>, otro socio de Mosc\u00fa y Pek\u00edn, atraviesa adem\u00e1s una<strong> nueva escalada militar con Washington<\/strong>.<\/p>\n<p><h2 class=\"font-primary font-w-bold text-subheading-lg text-left container-center-100 mb-8\"><span>M\u00e1s negocios que Ucrania<\/span><\/h2>\n<\/p>\n<p class=\"com-paragraph --s\">Pese al peso de la guerra en Ucrania y de la crisis en Medio Oriente, <strong>el encuentro entre Putin y Xi estuvo dominado por la cooperaci\u00f3n econ\u00f3mica y comercial<\/strong>.<\/p>\n<p class=\"com-paragraph --s\">El Kremlin inform\u00f3 que los dos mandatarios analizaron brevemente las principales cuestiones internacionales, pero que estas no fueron el eje de la conversaci\u00f3n. Putin destac\u00f3 las <strong>oportunidades para profundizar los v\u00ednculos en energ\u00eda, industria, espacio, transporte y log\u00edstica<\/strong>.<\/p>\n<p class=\"com-paragraph --s\">Uno de los proyectos mencionados fue la <strong>Ruta Mar\u00edtima del Norte<\/strong>, que bordea el litoral \u00e1rtico ruso y <strong>conecta China con Europa<\/strong>. A mediados de agosto, la compa\u00f1\u00eda naviera china Sea Legend inaugur\u00f3 la primera l\u00ednea regular de buques portacontenedores por esa v\u00eda, que Pek\u00edn denomina la <strong>\u201cRuta de la Seda del hielo\u201d<\/strong>.<\/p>\n<div class=\"content-media\">\n<section role=\"button\" class=\"mod-media   \">\n<figure role=\"button\" tabindex=\"0\" class=\"mod-figure \"><figcaption class=\"mod-figcaption\"><span class=\"com-text --caption --twoxs\">La Ruta Mar\u00edtima del Norte permite reducir el tiempo de navegaci\u00f3n entre Asia y Europa y adquiri\u00f3 importancia para las exportaciones rusas hacia China<\/span><span class=\"com-text --credit --twoxs\">Vladimir Voronin &#8211; AP<\/span><\/figcaption><\/figure>\n<\/section>\n<\/div>\n<p class=\"com-paragraph --s\">El <strong>deshielo estacional permite utilizar durante parte del a\u00f1o una ruta que puede reducir aproximadamente a la mitad el tiempo de navegaci\u00f3n entre Asia y Europa<\/strong>, de unos 40 a 20 d\u00edas, al evitar pasos estrat\u00e9gicos como el canal de Suez y el estrecho de Bab el Mandeb.<\/p>\n<p class=\"com-paragraph --s\">La v\u00eda tambi\u00e9n <strong>adquiri\u00f3 importancia para Rusia como alternativa para sus exportaciones de petr\u00f3leo hacia China<\/strong>, al permitir evitar algunas rutas mar\u00edtimas donde sus buques pueden quedar expuestos a controles vinculados a las sanciones occidentales.<\/p>\n<p class=\"com-paragraph --s\">\u201cLas relaciones ruso-chinas se est\u00e1n desarrollando con \u00e9xito en todas las \u00e1reas\u201d, afirm\u00f3 Putin, que destac\u00f3 los proyectos conjuntos y las perspectivas de nuevos acuerdos. Xi sostuvo que los dos pa\u00edses continuar\u00e1n consolidando los fundamentos de su relaci\u00f3n y orient\u00e1ndola hacia un desarrollo de mayor nivel.<\/p>\n<p><h2 class=\"font-primary font-w-bold text-subheading-lg text-left container-center-100 mb-8\"><span>Putin, Xi y los socios de Washington<\/span><\/h2>\n<\/p>\n<p class=\"com-paragraph --s\">La composici\u00f3n de la cumbre de la OCS refuerza el mensaje pol\u00edtico. <strong>Rusia e Ir\u00e1n est\u00e1n directamente involucrados en conflictos militares con fuerzas respaldadas o lideradas por Estados Unidos, mientras que China e India mantienen una creciente disputa comercial con Washington<\/strong>.<\/p>\n<p class=\"com-paragraph --s\">Pezeshkian, cuyo pa\u00eds volvi\u00f3 a intercambiar ataques con Estados Unidos despu\u00e9s de un per\u00edodo de relativa calma, asegur\u00f3 desde Biskek que Teher\u00e1n no busca prolongar la guerra.<\/p>\n<p class=\"com-paragraph --s\"><strong>\u201cContinuar la guerra no est\u00e1 en nuestro inter\u00e9s ni en el de la regi\u00f3n\u201d<\/strong>, dijo durante una reuni\u00f3n con Modi. El presidente iran\u00ed afirm\u00f3 que su gobierno intenta encontrar una salida mediante el di\u00e1logo y pidi\u00f3 evitar una expansi\u00f3n de la inseguridad y el conflicto.<\/p>\n<p class=\"com-paragraph --s\">Sus declaraciones se produjeron despu\u00e9s de ataques estadounidenses contra la isla iran\u00ed de Larak, que dejaron dos muertos y varios heridos, seg\u00fan la agencia oficial IRNA. Ir\u00e1n, a su vez, afirm\u00f3 haber atacado con drones bases en Emiratos \u00c1rabes Unidos y Jordania utilizadas, seg\u00fan Teher\u00e1n, por militares estadounidenses.<\/p>\n<div class=\"content-media\">\n<section role=\"button\" class=\"mod-media   \">\n<figure role=\"button\" tabindex=\"0\" class=\"mod-figure \"><figcaption class=\"mod-figcaption\"><span class=\"com-text --caption --twoxs\">El primer ministro de la India, Narendra Modi, se re\u00fane con el presidente ruso, Vlad\u00edmir Putin, al margen de la cumbre de la Organizaci\u00f3n de Cooperaci\u00f3n de Shangh\u00e1i (OCS) en Biskek<\/span><span class=\"com-text --credit --twoxs\">&#8211; &#8211; Kremlin DPA<\/span><\/figcaption><\/figure>\n<\/section>\n<\/div>\n<p class=\"com-paragraph --s\">A su vez, <strong>Modi busc\u00f3 mantener su tradicional posici\u00f3n de equilibrio<\/strong>. Durante una reuni\u00f3n con Putin, el primer ministro indio afirm\u00f3 que <strong>Nueva Delhi respalda \u201ctoda iniciativa de paz\u201d para Ucrania<\/strong>.<\/p>\n<p class=\"com-paragraph --s\">\u201cDebemos pasar de una guerra sin fin al fin de la guerra\u201d, afirm\u00f3 Modi.<\/p>\n<p class=\"com-paragraph --s\">Putin, seg\u00fan su vocero Dmitri Peskov, valor\u00f3 los esfuerzos de cualquier pa\u00eds que pueda contribuir a alcanzar la paz, aunque el <strong>Kremlin volvi\u00f3 a responsabilizar a Kiev por la falta de avances en las negociaciones<\/strong>.<\/p>\n<p><h2 class=\"font-primary font-w-bold text-subheading-lg text-left container-center-100 mb-8\"><span>Un frente cada vez m\u00e1s amplio<\/span><\/h2>\n<\/p>\n<p class=\"com-paragraph --s\">La OCS naci\u00f3 como un mecanismo de cooperaci\u00f3n regional, pero bajo el liderazgo de China y Rusia se convirti\u00f3 tambi\u00e9n en una <strong>plataforma para cuestionar el predominio de las instituciones y alianzas occidentales<\/strong>.<\/p>\n<p class=\"com-paragraph --s\">Xi llam\u00f3 a los pa\u00edses miembros a reforzar la cooperaci\u00f3n y a impulsar una reforma de la gobernanza global. La organizaci\u00f3n, sostuvo, tiene la responsabilidad de preservar la estabilidad regional y promover el desarrollo.<\/p>\n<p class=\"com-paragraph --s\">El encuentro se produce adem\u00e1s mientras<strong> Washington incrementa la presi\u00f3n econ\u00f3mica sobre Ir\u00e1n y mantiene una guerra comercial con China<\/strong>, en tanto Rusia contin\u00faa buscando mercados y rutas alternativas para sortear las sanciones por la invasi\u00f3n de Ucrania.<\/p>\n<p class=\"com-paragraph --s\">En ese escenario, <strong>la imagen de Putin junto a Xi, Pezeshkian, Modi y otros dirigentes asi\u00e1ticos sirve como demostraci\u00f3n de que Mosc\u00fa no est\u00e1 aislado en el escenario internacional<\/strong>, pese a las sanciones occidentales.<\/p>\n<div class=\"content-media\">\n<section role=\"button\" class=\"mod-media   \">\n<figure role=\"button\" tabindex=\"0\" class=\"mod-figure \"><figcaption class=\"mod-figcaption\"><span class=\"com-text --caption --twoxs\">Putin destac\u00f3 las oportunidades de cooperaci\u00f3n con China en la Ruta Mar\u00edtima del Norte<\/span><span class=\"com-text --credit --twoxs\">VYACHESLAV PROKOFYEV &#8211; POOL<\/span><\/figcaption><\/figure>\n<\/section>\n<\/div>\n<p class=\"com-paragraph --s\">La<strong> guerra de Ucrania volver\u00e1 previsiblemente al centro de las conversaciones el martes<\/strong>, cuando <strong>Putin se re\u00fana con Erdogan y Pezeshkian<\/strong>. <\/p>\n<p class=\"com-paragraph --s\">Mientras tanto, el presidente ucraniano, <strong>Volodimir Zelensky<\/strong>, afirm\u00f3 haber mantenido una <strong>conversaci\u00f3n telef\u00f3nica con los enviados de Trump<\/strong>, Steve Witkoff y Jared Kushner, y dijo que analiza con ellos una posible visita a Kiev.<\/p>\n<p class=\"com-paragraph --s\">Por otro lado, el <strong>ministro de Finanzas ruso<\/strong>, Anton Siluanov, <strong>se reuni\u00f3 en Estados Unidos con el secretario del Tesoro<\/strong>, Scott Bessent, para discutir el plan de paz impulsado por Trump.<\/p>\n<p class=\"com-paragraph --s\"><strong>Agencias AFP y ANSA<\/strong><\/p>\n<section class=\"container-center-100 mb-40 border border-bottom border-thin border-neutral-light-700\">\n<hr\/>\n<\/section>\n<\/div>\n<p><script id=\"facebookpixel\" defer=\"\" type=\"text\/javascript\">\n        !function(f,b,e,v,n,t,s)\n        {if(f.fbq)return;n=f.fbq=function(){n.callMethod?\n        n.callMethod.apply(n,arguments):n.queue.push(arguments)};\n        if(!f._fbq)f._fbq=n;n.push=n;n.loaded=!0;n.version='2.0';\n        n.queue=[];t=b.createElement(e);t.async=!0;\n        t.src=v;s=b.getElementsByTagName(e)[0];\n        s.parentNode.insertBefore(t,s)}(window, document,'script',\n        'https:\/\/connect.facebook.net\/en_US\/fbevents.js');\n        fbq('init', '492459597522335');\n        fbq('track', 'PageView');\n    <\/script><br \/>\n<br \/><\/p>\n","protected":false},"excerpt":{"rendered":"<p>BISKEK, Kirguist\u00e1n.\u2013 En medio de guerras, sanciones y crecientes tensiones con Estados Unidos, China y Rusia exhibieron este lunes la solidez de su alianza y aprovecharon una cumbre de la Organizaci\u00f3n de Cooperaci\u00f3n de Shangh\u00e1i (OCS) para proyectar una visi\u00f3n de un mundo multipolar, con menos peso de Occidente. El presidente ruso, Vladimir Putin, y [&hellip;]<\/p>\n","protected":false},"author":2,"featured_media":210014,"comment_status":"closed","ping_status":"closed","sticky":false,"template":"","format":"standard","meta":{"footnotes":""},"categories":[26],"tags":[],"class_list":["post-210013","post","type-post","status-publish","format-standard","has-post-thumbnail","hentry","category-internacionales"],"yoast_head":"<!-- This site is optimized with the Yoast SEO plugin v24.4 - https:\/\/yoast.com\/wordpress\/plugins\/seo\/ -->\n<title>En un desaf\u00edo a Occidente, Xi y Putin exhiben su alianza y re\u00fanen en Asia a l\u00edderes enfrentados con Washington - GYS NOTICIAS |<\/title>\n<meta name=\"robots\" content=\"index, follow, max-snippet:-1, max-image-preview:large, max-video-preview:-1\" \/>\n<link rel=\"canonical\" href=\"https:\/\/gysfm.com.ar\/inicio\/en-un-desafio-a-occidente-xi-y-putin-exhiben-su-alianza-y-reunen-en-asia-a-lideres-enfrentados-con-washington\/\" \/>\n<meta property=\"og:locale\" content=\"es_ES\" \/>\n<meta property=\"og:type\" content=\"article\" \/>\n<meta property=\"og:title\" content=\"En un desaf\u00edo a Occidente, Xi y Putin exhiben su alianza y re\u00fanen en Asia a l\u00edderes enfrentados con Washington - GYS NOTICIAS |\" \/>\n<meta property=\"og:description\" content=\"BISKEK, Kirguist\u00e1n.\u2013 En medio de guerras, sanciones y crecientes tensiones con Estados Unidos, China y Rusia exhibieron este lunes la solidez de su alianza y aprovecharon una cumbre de la Organizaci\u00f3n de Cooperaci\u00f3n de Shangh\u00e1i (OCS) para proyectar una visi\u00f3n de un mundo multipolar, con menos peso de Occidente. El presidente ruso, Vladimir Putin, y [&hellip;]\" \/>\n<meta property=\"og:url\" content=\"https:\/\/gysfm.com.ar\/inicio\/en-un-desafio-a-occidente-xi-y-putin-exhiben-su-alianza-y-reunen-en-asia-a-lideres-enfrentados-con-washington\/\" \/>\n<meta property=\"og:site_name\" content=\"GYS NOTICIAS |\" \/>\n<meta property=\"article:published_time\" content=\"2026-09-01T04:11:07+00:00\" \/>\n<meta property=\"article:modified_time\" content=\"2026-09-01T04:11:08+00:00\" \/>\n<meta property=\"og:image\" content=\"https:\/\/gysfm.com.ar\/inicio\/wp-content\/uploads\/2026\/09\/vladimir-putin-y-xi-jinping-se-reunieron-en-T7BEOLV77BGTFLQZ3LNYYVZSUQ.JPG\" \/>\n\t<meta property=\"og:image:width\" content=\"1200\" \/>\n\t<meta property=\"og:image:height\" content=\"800\" \/>\n\t<meta property=\"og:image:type\" content=\"image\/jpeg\" \/>\n<meta name=\"author\" content=\"Prensa G&amp;S FM\" \/>\n<meta name=\"twitter:card\" content=\"summary_large_image\" \/>\n<meta name=\"twitter:label1\" content=\"Escrito por\" \/>\n\t<meta name=\"twitter:data1\" content=\"Prensa G&amp;S FM\" \/>\n\t<meta name=\"twitter:label2\" content=\"Tiempo de lectura\" \/>\n\t<meta name=\"twitter:data2\" content=\"6 minutos\" \/>\n<script type=\"application\/ld+json\" class=\"yoast-schema-graph\">{\"@context\":\"https:\/\/schema.org\",\"@graph\":[{\"@type\":\"Article\",\"@id\":\"https:\/\/gysfm.com.ar\/inicio\/en-un-desafio-a-occidente-xi-y-putin-exhiben-su-alianza-y-reunen-en-asia-a-lideres-enfrentados-con-washington\/#article\",\"isPartOf\":{\"@id\":\"https:\/\/gysfm.com.ar\/inicio\/en-un-desafio-a-occidente-xi-y-putin-exhiben-su-alianza-y-reunen-en-asia-a-lideres-enfrentados-con-washington\/\"},\"author\":{\"name\":\"Prensa G&amp;S FM\",\"@id\":\"https:\/\/gysfm.com.ar\/inicio\/#\/schema\/person\/3abba7593ef2ad19e1be221d54383dc5\"},\"headline\":\"En un desaf\u00edo a Occidente, Xi y Putin exhiben su alianza y re\u00fanen en Asia a l\u00edderes enfrentados con Washington\",\"datePublished\":\"2026-09-01T04:11:07+00:00\",\"dateModified\":\"2026-09-01T04:11:08+00:00\",\"mainEntityOfPage\":{\"@id\":\"https:\/\/gysfm.com.ar\/inicio\/en-un-desafio-a-occidente-xi-y-putin-exhiben-su-alianza-y-reunen-en-asia-a-lideres-enfrentados-con-washington\/\"},\"wordCount\":1224,\"publisher\":{\"@id\":\"https:\/\/gysfm.com.ar\/inicio\/#organization\"},\"image\":{\"@id\":\"https:\/\/gysfm.com.ar\/inicio\/en-un-desafio-a-occidente-xi-y-putin-exhiben-su-alianza-y-reunen-en-asia-a-lideres-enfrentados-con-washington\/#primaryimage\"},\"thumbnailUrl\":\"https:\/\/gysfm.com.ar\/inicio\/wp-content\/uploads\/2026\/09\/vladimir-putin-y-xi-jinping-se-reunieron-en-T7BEOLV77BGTFLQZ3LNYYVZSUQ.JPG\",\"articleSection\":[\"INTERNACIONALES\"],\"inLanguage\":\"es\"},{\"@type\":\"WebPage\",\"@id\":\"https:\/\/gysfm.com.ar\/inicio\/en-un-desafio-a-occidente-xi-y-putin-exhiben-su-alianza-y-reunen-en-asia-a-lideres-enfrentados-con-washington\/\",\"url\":\"https:\/\/gysfm.com.ar\/inicio\/en-un-desafio-a-occidente-xi-y-putin-exhiben-su-alianza-y-reunen-en-asia-a-lideres-enfrentados-con-washington\/\",\"name\":\"En un desaf\u00edo a Occidente, Xi y Putin exhiben su alianza y re\u00fanen en Asia a l\u00edderes enfrentados con Washington - GYS NOTICIAS |\",\"isPartOf\":{\"@id\":\"https:\/\/gysfm.com.ar\/inicio\/#website\"},\"primaryImageOfPage\":{\"@id\":\"https:\/\/gysfm.com.ar\/inicio\/en-un-desafio-a-occidente-xi-y-putin-exhiben-su-alianza-y-reunen-en-asia-a-lideres-enfrentados-con-washington\/#primaryimage\"},\"image\":{\"@id\":\"https:\/\/gysfm.com.ar\/inicio\/en-un-desafio-a-occidente-xi-y-putin-exhiben-su-alianza-y-reunen-en-asia-a-lideres-enfrentados-con-washington\/#primaryimage\"},\"thumbnailUrl\":\"https:\/\/gysfm.com.ar\/inicio\/wp-content\/uploads\/2026\/09\/vladimir-putin-y-xi-jinping-se-reunieron-en-T7BEOLV77BGTFLQZ3LNYYVZSUQ.JPG\",\"datePublished\":\"2026-09-01T04:11:07+00:00\",\"dateModified\":\"2026-09-01T04:11:08+00:00\",\"breadcrumb\":{\"@id\":\"https:\/\/gysfm.com.ar\/inicio\/en-un-desafio-a-occidente-xi-y-putin-exhiben-su-alianza-y-reunen-en-asia-a-lideres-enfrentados-con-washington\/#breadcrumb\"},\"inLanguage\":\"es\",\"potentialAction\":[{\"@type\":\"ReadAction\",\"target\":[\"https:\/\/gysfm.com.ar\/inicio\/en-un-desafio-a-occidente-xi-y-putin-exhiben-su-alianza-y-reunen-en-asia-a-lideres-enfrentados-con-washington\/\"]}]},{\"@type\":\"ImageObject\",\"inLanguage\":\"es\",\"@id\":\"https:\/\/gysfm.com.ar\/inicio\/en-un-desafio-a-occidente-xi-y-putin-exhiben-su-alianza-y-reunen-en-asia-a-lideres-enfrentados-con-washington\/#primaryimage\",\"url\":\"https:\/\/gysfm.com.ar\/inicio\/wp-content\/uploads\/2026\/09\/vladimir-putin-y-xi-jinping-se-reunieron-en-T7BEOLV77BGTFLQZ3LNYYVZSUQ.JPG\",\"contentUrl\":\"https:\/\/gysfm.com.ar\/inicio\/wp-content\/uploads\/2026\/09\/vladimir-putin-y-xi-jinping-se-reunieron-en-T7BEOLV77BGTFLQZ3LNYYVZSUQ.JPG\",\"width\":1200,\"height\":800},{\"@type\":\"BreadcrumbList\",\"@id\":\"https:\/\/gysfm.com.ar\/inicio\/en-un-desafio-a-occidente-xi-y-putin-exhiben-su-alianza-y-reunen-en-asia-a-lideres-enfrentados-con-washington\/#breadcrumb\",\"itemListElement\":[{\"@type\":\"ListItem\",\"position\":1,\"name\":\"Portada\",\"item\":\"https:\/\/gysfm.com.ar\/inicio\/\"},{\"@type\":\"ListItem\",\"position\":2,\"name\":\"En un desaf\u00edo a Occidente, Xi y Putin exhiben su alianza y re\u00fanen en Asia a l\u00edderes enfrentados con Washington\"}]},{\"@type\":\"WebSite\",\"@id\":\"https:\/\/gysfm.com.ar\/inicio\/#website\",\"url\":\"https:\/\/gysfm.com.ar\/inicio\/\",\"name\":\"GYS NOTICIAS |\",\"description\":\"DIARIO - RADIO ONLINE SAN JUAN ARGENTINA\",\"publisher\":{\"@id\":\"https:\/\/gysfm.com.ar\/inicio\/#organization\"},\"potentialAction\":[{\"@type\":\"SearchAction\",\"target\":{\"@type\":\"EntryPoint\",\"urlTemplate\":\"https:\/\/gysfm.com.ar\/inicio\/?s={search_term_string}\"},\"query-input\":{\"@type\":\"PropertyValueSpecification\",\"valueRequired\":true,\"valueName\":\"search_term_string\"}}],\"inLanguage\":\"es\"},{\"@type\":\"Organization\",\"@id\":\"https:\/\/gysfm.com.ar\/inicio\/#organization\",\"name\":\"GYS NOTICIAS |\",\"url\":\"https:\/\/gysfm.com.ar\/inicio\/\",\"logo\":{\"@type\":\"ImageObject\",\"inLanguage\":\"es\",\"@id\":\"https:\/\/gysfm.com.ar\/inicio\/#\/schema\/logo\/image\/\",\"url\":\"https:\/\/gysfm.com.ar\/inicio\/wp-content\/uploads\/2023\/07\/LOGOGYS-OK.png\",\"contentUrl\":\"https:\/\/gysfm.com.ar\/inicio\/wp-content\/uploads\/2023\/07\/LOGOGYS-OK.png\",\"width\":1170,\"height\":872,\"caption\":\"GYS NOTICIAS |\"},\"image\":{\"@id\":\"https:\/\/gysfm.com.ar\/inicio\/#\/schema\/logo\/image\/\"}},{\"@type\":\"Person\",\"@id\":\"https:\/\/gysfm.com.ar\/inicio\/#\/schema\/person\/3abba7593ef2ad19e1be221d54383dc5\",\"name\":\"Prensa G&amp;S FM\",\"image\":{\"@type\":\"ImageObject\",\"inLanguage\":\"es\",\"@id\":\"https:\/\/gysfm.com.ar\/inicio\/#\/schema\/person\/image\/\",\"url\":\"https:\/\/secure.gravatar.com\/avatar\/096ec78df02049ab018702bb4ccedf659377fa92a26540b5247612077a0dbd29?s=96&d=mm&r=g\",\"contentUrl\":\"https:\/\/secure.gravatar.com\/avatar\/096ec78df02049ab018702bb4ccedf659377fa92a26540b5247612077a0dbd29?s=96&d=mm&r=g\",\"caption\":\"Prensa G&amp;S FM\"},\"sameAs\":[\"https:\/\/gysfm.com.ar\/\"],\"url\":\"https:\/\/gysfm.com.ar\/inicio\/author\/lucasm\/\"}]}<\/script>\n<!-- \/ Yoast SEO plugin. -->","yoast_head_json":{"title":"En un desaf\u00edo a Occidente, Xi y Putin exhiben su alianza y re\u00fanen en Asia a l\u00edderes enfrentados con Washington - GYS NOTICIAS |","robots":{"index":"index","follow":"follow","max-snippet":"max-snippet:-1","max-image-preview":"max-image-preview:large","max-video-preview":"max-video-preview:-1"},"canonical":"https:\/\/gysfm.com.ar\/inicio\/en-un-desafio-a-occidente-xi-y-putin-exhiben-su-alianza-y-reunen-en-asia-a-lideres-enfrentados-con-washington\/","og_locale":"es_ES","og_type":"article","og_title":"En un desaf\u00edo a Occidente, Xi y Putin exhiben su alianza y re\u00fanen en Asia a l\u00edderes enfrentados con Washington - GYS NOTICIAS |","og_description":"BISKEK, Kirguist\u00e1n.\u2013 En medio de guerras, sanciones y crecientes tensiones con Estados Unidos, China y Rusia exhibieron este lunes la solidez de su alianza y aprovecharon una cumbre de la Organizaci\u00f3n de Cooperaci\u00f3n de Shangh\u00e1i (OCS) para proyectar una visi\u00f3n de un mundo multipolar, con menos peso de Occidente. El presidente ruso, Vladimir Putin, y [&hellip;]","og_url":"https:\/\/gysfm.com.ar\/inicio\/en-un-desafio-a-occidente-xi-y-putin-exhiben-su-alianza-y-reunen-en-asia-a-lideres-enfrentados-con-washington\/","og_site_name":"GYS NOTICIAS |","article_published_time":"2026-09-01T04:11:07+00:00","article_modified_time":"2026-09-01T04:11:08+00:00","og_image":[{"width":1200,"height":800,"url":"https:\/\/gysfm.com.ar\/inicio\/wp-content\/uploads\/2026\/09\/vladimir-putin-y-xi-jinping-se-reunieron-en-T7BEOLV77BGTFLQZ3LNYYVZSUQ.JPG","type":"image\/jpeg"}],"author":"Prensa G&amp;S FM","twitter_card":"summary_large_image","twitter_misc":{"Escrito por":"Prensa G&amp;S FM","Tiempo de lectura":"6 minutos"},"schema":{"@context":"https:\/\/schema.org","@graph":[{"@type":"Article","@id":"https:\/\/gysfm.com.ar\/inicio\/en-un-desafio-a-occidente-xi-y-putin-exhiben-su-alianza-y-reunen-en-asia-a-lideres-enfrentados-con-washington\/#article","isPartOf":{"@id":"https:\/\/gysfm.com.ar\/inicio\/en-un-desafio-a-occidente-xi-y-putin-exhiben-su-alianza-y-reunen-en-asia-a-lideres-enfrentados-con-washington\/"},"author":{"name":"Prensa G&amp;S FM","@id":"https:\/\/gysfm.com.ar\/inicio\/#\/schema\/person\/3abba7593ef2ad19e1be221d54383dc5"},"headline":"En un desaf\u00edo a Occidente, Xi y Putin exhiben su alianza y re\u00fanen en Asia a l\u00edderes enfrentados con Washington","datePublished":"2026-09-01T04:11:07+00:00","dateModified":"2026-09-01T04:11:08+00:00","mainEntityOfPage":{"@id":"https:\/\/gysfm.com.ar\/inicio\/en-un-desafio-a-occidente-xi-y-putin-exhiben-su-alianza-y-reunen-en-asia-a-lideres-enfrentados-con-washington\/"},"wordCount":1224,"publisher":{"@id":"https:\/\/gysfm.com.ar\/inicio\/#organization"},"image":{"@id":"https:\/\/gysfm.com.ar\/inicio\/en-un-desafio-a-occidente-xi-y-putin-exhiben-su-alianza-y-reunen-en-asia-a-lideres-enfrentados-con-washington\/#primaryimage"},"thumbnailUrl":"https:\/\/gysfm.com.ar\/inicio\/wp-content\/uploads\/2026\/09\/vladimir-putin-y-xi-jinping-se-reunieron-en-T7BEOLV77BGTFLQZ3LNYYVZSUQ.JPG","articleSection":["INTERNACIONALES"],"inLanguage":"es"},{"@type":"WebPage","@id":"https:\/\/gysfm.com.ar\/inicio\/en-un-desafio-a-occidente-xi-y-putin-exhiben-su-alianza-y-reunen-en-asia-a-lideres-enfrentados-con-washington\/","url":"https:\/\/gysfm.com.ar\/inicio\/en-un-desafio-a-occidente-xi-y-putin-exhiben-su-alianza-y-reunen-en-asia-a-lideres-enfrentados-con-washington\/","name":"En un desaf\u00edo a Occidente, Xi y Putin exhiben su alianza y re\u00fanen en Asia a l\u00edderes enfrentados con Washington - GYS NOTICIAS |","isPartOf":{"@id":"https:\/\/gysfm.com.ar\/inicio\/#website"},"primaryImageOfPage":{"@id":"https:\/\/gysfm.com.ar\/inicio\/en-un-desafio-a-occidente-xi-y-putin-exhiben-su-alianza-y-reunen-en-asia-a-lideres-enfrentados-con-washington\/#primaryimage"},"image":{"@id":"https:\/\/gysfm.com.ar\/inicio\/en-un-desafio-a-occidente-xi-y-putin-exhiben-su-alianza-y-reunen-en-asia-a-lideres-enfrentados-con-washington\/#primaryimage"},"thumbnailUrl":"https:\/\/gysfm.com.ar\/inicio\/wp-content\/uploads\/2026\/09\/vladimir-putin-y-xi-jinping-se-reunieron-en-T7BEOLV77BGTFLQZ3LNYYVZSUQ.JPG","datePublished":"2026-09-01T04:11:07+00:00","dateModified":"2026-09-01T04:11:08+00:00","breadcrumb":{"@id":"https:\/\/gysfm.com.ar\/inicio\/en-un-desafio-a-occidente-xi-y-putin-exhiben-su-alianza-y-reunen-en-asia-a-lideres-enfrentados-con-washington\/#breadcrumb"},"inLanguage":"es","potentialAction":[{"@type":"ReadAction","target":["https:\/\/gysfm.com.ar\/inicio\/en-un-desafio-a-occidente-xi-y-putin-exhiben-su-alianza-y-reunen-en-asia-a-lideres-enfrentados-con-washington\/"]}]},{"@type":"ImageObject","inLanguage":"es","@id":"https:\/\/gysfm.com.ar\/inicio\/en-un-desafio-a-occidente-xi-y-putin-exhiben-su-alianza-y-reunen-en-asia-a-lideres-enfrentados-con-washington\/#primaryimage","url":"https:\/\/gysfm.com.ar\/inicio\/wp-content\/uploads\/2026\/09\/vladimir-putin-y-xi-jinping-se-reunieron-en-T7BEOLV77BGTFLQZ3LNYYVZSUQ.JPG","contentUrl":"https:\/\/gysfm.com.ar\/inicio\/wp-content\/uploads\/2026\/09\/vladimir-putin-y-xi-jinping-se-reunieron-en-T7BEOLV77BGTFLQZ3LNYYVZSUQ.JPG","width":1200,"height":800},{"@type":"BreadcrumbList","@id":"https:\/\/gysfm.com.ar\/inicio\/en-un-desafio-a-occidente-xi-y-putin-exhiben-su-alianza-y-reunen-en-asia-a-lideres-enfrentados-con-washington\/#breadcrumb","itemListElement":[{"@type":"ListItem","position":1,"name":"Portada","item":"https:\/\/gysfm.com.ar\/inicio\/"},{"@type":"ListItem","position":2,"name":"En un desaf\u00edo a Occidente, Xi y Putin exhiben su alianza y re\u00fanen en Asia a l\u00edderes enfrentados con Washington"}]},{"@type":"WebSite","@id":"https:\/\/gysfm.com.ar\/inicio\/#website","url":"https:\/\/gysfm.com.ar\/inicio\/","name":"GYS NOTICIAS |","description":"DIARIO - RADIO ONLINE SAN JUAN ARGENTINA","publisher":{"@id":"https:\/\/gysfm.com.ar\/inicio\/#organization"},"potentialAction":[{"@type":"SearchAction","target":{"@type":"EntryPoint","urlTemplate":"https:\/\/gysfm.com.ar\/inicio\/?s={search_term_string}"},"query-input":{"@type":"PropertyValueSpecification","valueRequired":true,"valueName":"search_term_string"}}],"inLanguage":"es"},{"@type":"Organization","@id":"https:\/\/gysfm.com.ar\/inicio\/#organization","name":"GYS NOTICIAS |","url":"https:\/\/gysfm.com.ar\/inicio\/","logo":{"@type":"ImageObject","inLanguage":"es","@id":"https:\/\/gysfm.com.ar\/inicio\/#\/schema\/logo\/image\/","url":"https:\/\/gysfm.com.ar\/inicio\/wp-content\/uploads\/2023\/07\/LOGOGYS-OK.png","contentUrl":"https:\/\/gysfm.com.ar\/inicio\/wp-content\/uploads\/2023\/07\/LOGOGYS-OK.png","width":1170,"height":872,"caption":"GYS NOTICIAS |"},"image":{"@id":"https:\/\/gysfm.com.ar\/inicio\/#\/schema\/logo\/image\/"}},{"@type":"Person","@id":"https:\/\/gysfm.com.ar\/inicio\/#\/schema\/person\/3abba7593ef2ad19e1be221d54383dc5","name":"Prensa G&amp;S FM","image":{"@type":"ImageObject","inLanguage":"es","@id":"https:\/\/gysfm.com.ar\/inicio\/#\/schema\/person\/image\/","url":"https:\/\/secure.gravatar.com\/avatar\/096ec78df02049ab018702bb4ccedf659377fa92a26540b5247612077a0dbd29?s=96&d=mm&r=g","contentUrl":"https:\/\/secure.gravatar.com\/avatar\/096ec78df02049ab018702bb4ccedf659377fa92a26540b5247612077a0dbd29?s=96&d=mm&r=g","caption":"Prensa G&amp;S FM"},"sameAs":["https:\/\/gysfm.com.ar\/"],"url":"https:\/\/gysfm.com.ar\/inicio\/author\/lucasm\/"}]}},"_links":{"self":[{"href":"https:\/\/gysfm.com.ar\/inicio\/wp-json\/wp\/v2\/posts\/210013","targetHints":{"allow":["GET"]}}],"collection":[{"href":"https:\/\/gysfm.com.ar\/inicio\/wp-json\/wp\/v2\/posts"}],"about":[{"href":"https:\/\/gysfm.com.ar\/inicio\/wp-json\/wp\/v2\/types\/post"}],"author":[{"embeddable":true,"href":"https:\/\/gysfm.com.ar\/inicio\/wp-json\/wp\/v2\/users\/2"}],"replies":[{"embeddable":true,"href":"https:\/\/gysfm.com.ar\/inicio\/wp-json\/wp\/v2\/comments?post=210013"}],"version-history":[{"count":1,"href":"https:\/\/gysfm.com.ar\/inicio\/wp-json\/wp\/v2\/posts\/210013\/revisions"}],"predecessor-version":[{"id":210015,"href":"https:\/\/gysfm.com.ar\/inicio\/wp-json\/wp\/v2\/posts\/210013\/revisions\/210015"}],"wp:featuredmedia":[{"embeddable":true,"href":"https:\/\/gysfm.com.ar\/inicio\/wp-json\/wp\/v2\/media\/210014"}],"wp:attachment":[{"href":"https:\/\/gysfm.com.ar\/inicio\/wp-json\/wp\/v2\/media?parent=210013"}],"wp:term":[{"taxonomy":"category","embeddable":true,"href":"https:\/\/gysfm.com.ar\/inicio\/wp-json\/wp\/v2\/categories?post=210013"},{"taxonomy":"post_tag","embeddable":true,"href":"https:\/\/gysfm.com.ar\/inicio\/wp-json\/wp\/v2\/tags?post=210013"}],"curies":[{"name":"wp","href":"https:\/\/api.w.org\/{rel}","templated":true}]}}