{"id":210007,"date":"2026-09-01T00:09:52","date_gmt":"2026-09-01T03:09:52","guid":{"rendered":"https:\/\/gysfm.com.ar\/inicio\/el-peor-brote-de-ebola-de-la-historia-del-congo-supera-los-6000-casos-y-roza-las-3000-muertes\/"},"modified":"2026-09-01T00:09:53","modified_gmt":"2026-09-01T03:09:53","slug":"el-peor-brote-de-ebola-de-la-historia-del-congo-supera-los-6000-casos-y-roza-las-3000-muertes","status":"publish","type":"post","link":"https:\/\/gysfm.com.ar\/inicio\/el-peor-brote-de-ebola-de-la-historia-del-congo-supera-los-6000-casos-y-roza-las-3000-muertes\/","title":{"rendered":"El peor brote de \u00e9bola de la historia del Congo supera los 6000 casos y roza las 3000 muertes"},"content":{"rendered":"<p> <br \/>\n<\/p>\n<div>\n<p class=\"com-paragraph --capital --s\">KINSHASA.\u2013 La Rep\u00fablica Democr\u00e1tica del Congo atraviesa<a href=\"https:\/\/www.lanacion.com.ar\/el-mundo\/el-brote-de-ebola-en-la-republica-democratica-del-congo-amenaza-con-convertirse-en-el-mas-letal-de-nid12082026\/\" target=\"_self\" title=\"https:\/\/www.lanacion.com.ar\/el-mundo\/el-brote-de-ebola-en-la-republica-democratica-del-congo-amenaza-con-convertirse-en-el-mas-letal-de-nid12082026\/\" class=\"com-link break-word\" data-mrf-recirculation=\"n_link_parrafo\"> el brote de \u00e9bola m\u00e1s grave de su historia.<\/a> En apenas tres meses, la epidemia super\u00f3 este lunes los <strong>6000 casos confirmados<\/strong> y dej\u00f3 <strong>2911 muertos<\/strong>, en medio de una carrera contrarreloj para frenar a una variante poco conocida del virus en una regi\u00f3n castigada por la violencia, los desplazamientos y la fragilidad del sistema sanitario.<\/p>\n<p class=\"com-paragraph --s\">Los \u00faltimos datos de las autoridades congole\u00f1as elevaron a <strong>6041 el n\u00famero de contagios confirmados<\/strong> desde el comienzo de la crisis. Otras 1366 personas lograron recuperarse. El salto consolid\u00f3 al actual episodio como el m\u00e1s letal registrado en el pa\u00eds y dej\u00f3 atr\u00e1s al brote que golpe\u00f3 el este congole\u00f1o entre 2018 y 2020.<\/p>\n<div class=\"content-media\">\n<section role=\"button\" class=\"mod-media   \">\n<figure role=\"button\" tabindex=\"0\" class=\"mod-figure \"><figcaption class=\"mod-figcaption\"><span class=\"com-text --caption --twoxs\">Vista de una escuela en la provincia de Ituri, la localidad m\u00e1s afectada por el \u00e9bola en el Congo, el 27 de agosto de 2026<\/span><span class=\"com-text --credit --twoxs\">Constant Same Bagalwa &#8211; AP<\/span><\/figcaption><\/figure>\n<\/section>\n<\/div>\n<p class=\"com-paragraph --s\">La emergencia fue declarada a mediados de mayo. El foco inicial se detect\u00f3 en <strong>Ituri<\/strong>, en el noreste del pa\u00eds, pero desde entonces la enfermedad avanz\u00f3 con rapidez por seis provincias del norte y del este. La semana pasada lleg\u00f3 adem\u00e1s a dos nuevas zonas sanitarias y ya afecta a alrededor de 60.<\/p>\n<p class=\"com-paragraph --s\">El dato que m\u00e1s preocupa es la velocidad. La Organizaci\u00f3n Mundial de la Salud (OMS) considera que el brote contin\u00faa <strong>fuera de control<\/strong> y que la transmisi\u00f3n avanza m\u00e1s r\u00e1pido que los equipos encargados de rastrear contactos y aislar a los enfermos. <\/p>\n<p class=\"com-paragraph --s\">De mantenerse la tendencia, podr\u00eda superar al devastador brote de \u00c1frica occidental de 2014 a 2016, el m\u00e1s mort\u00edfero registrado a escala global, que provoc\u00f3 m\u00e1s de 11.000 muertes, sobre todo en Guinea, Liberia y Sierra Leona.<\/p>\n<p class=\"com-paragraph --s\">La crisis actual presenta adem\u00e1s una dificultad adicional. El responsable es el <strong>virus Bundibugyo<\/strong>, una variante de \u00e9bola mucho menos frecuente que la cepa Zaire, causante de la mayor\u00eda de los brotes anteriores en el Congo. Para Bundibugyo <strong>no existe hasta ahora una vacuna ni un tratamiento espec\u00edfico aprobado<\/strong>.<\/p>\n<p class=\"com-paragraph --s\">Seg\u00fan las autoridades sanitarias, la cepa puede provocar en su fase inicial <strong>s\u00edntomas aparentemente leves<\/strong>, lo que retrasa la detecci\u00f3n y permite que algunas personas infectadas circulen durante m\u00e1s tiempo antes de recibir un diagn\u00f3stico. Ese rasgo complica el rastreo de contactos, uno de los pilares de la respuesta frente al \u00e9bola.<\/p>\n<div class=\"content-media\">\n<section role=\"button\" class=\"mod-media   \">\n<figure role=\"button\" tabindex=\"0\" class=\"mod-figure \"><figcaption class=\"mod-figcaption\"><span class=\"com-text --caption --twoxs\">El ministro de Salud de la Rep\u00fablica Democr\u00e1tica del Congo, Roger Kamba, administra una vacuna contra el \u00e9bola a un trabajador sanitario, el jueves 27 de agosto de 2026<\/span><span class=\"com-text --credit --twoxs\">Samy Kamanga &#8211; AP<\/span><\/figcaption><\/figure>\n<\/section>\n<\/div>\n<p class=\"com-paragraph --s\">Mientras los cient\u00edficos buscan alternativas, varios tratamientos y vacunas permanecen en fase de prueba. La OMS recomend\u00f3 un <strong>ensayo cl\u00ednico de fase 3 con Ervebo<\/strong>, una vacuna homologada contra la cepa Zaire. Las autoridades congole\u00f1as ya comenzaron a aplicarla a trabajadores sanitarios y personal de primera l\u00ednea, al tiempo que se estudia si puede ofrecer alg\u00fan grado de protecci\u00f3n frente a Bundibugyo.<\/p>\n<p class=\"com-paragraph --s\">Pero la batalla contra el virus no se libra \u00fanicamente en hospitales y laboratorios. La epidemia avanza en una de las regiones m\u00e1s inestables del continente, donde operan numerosos <strong>grupos armados<\/strong>, grandes cantidades de personas viven desplazadas y la presencia del Estado es d\u00e9bil. En ese escenario, los equipos sanitarios deben recorrer caminos precarios, ingresar en comunidades aisladas y trabajar bajo amenaza de ataques.<\/p>\n<p class=\"com-paragraph --s\">A esas dificultades se suma una <strong>huelga de trabajadores de la salud<\/strong> vinculada a atrasos salariales, otro golpe para un sistema que ya enfrenta una demanda extraordinaria. <\/p>\n<p class=\"com-paragraph --s\">Tambi\u00e9n pesa la <strong>desconfianza hacia las autoridades y los equipos m\u00e9dicos<\/strong>, alimentada por a\u00f1os de conflicto y abandono estatal. En algunas comunidades, las restricciones impuestas a los funerales provocaron resistencia. El \u00e9bola puede transmitirse a trav\u00e9s de los fluidos corporales incluso despu\u00e9s de la muerte, por lo que los entierros seguros son una pieza central para cortar la cadena de contagios.<\/p>\n<div class=\"content-media\">\n<section role=\"button\" class=\"mod-media   \">\n<figure role=\"button\" tabindex=\"0\" class=\"mod-figure \"><figcaption class=\"mod-figcaption\"><span class=\"com-text --caption --twoxs\">Personas buscan oro en un yacimiento minero en Iga-Barri\u00e8re, provincia de Ituri, al este del Congo, el viernes 14 de agosto de 2026. <\/span><span class=\"com-text --credit --twoxs\">Dieudonne Dirole &#8211; AP<\/span><\/figcaption><\/figure>\n<\/section>\n<\/div>\n<p class=\"com-paragraph --s\">La violencia agreg\u00f3 otro riesgo. El s\u00e1bado, un equipo de respuesta que hab\u00eda acudido a las afueras de <strong>Mambasa, en Ituri, para asegurar un cad\u00e1ver<\/strong> fue atacado durante un funeral. J\u00f3venes armados con machetes irrumpieron en el lugar, obligaron a los trabajadores a escapar y uno de ellos result\u00f3 herido. El episodio expuso hasta qu\u00e9 punto la inseguridad puede paralizar las tareas sanitarias en zonas donde cada demora abre nuevas oportunidades para el virus.<\/p>\n<p class=\"com-paragraph --s\">Pese al deterioro, las autoridades destacaron como se\u00f1al positiva que <strong>m\u00e1s de 1360 pacientes se recuperaron<\/strong>. Sin embargo, la mortalidad sigue siendo extrema: casi la mitad de los casos confirmados termin\u00f3 en muerte. En algunas zonas, la proporci\u00f3n es todav\u00eda mayor debido a la demora con la que los enfermos llegan a recibir atenci\u00f3n.<\/p>\n<p class=\"com-paragraph --s\"><strong>Agencias AP y AFP<\/strong><\/p>\n<section class=\"container-center-100 mb-40 border border-bottom border-thin border-neutral-light-700\">\n<hr\/>\n<\/section>\n<\/div>\n<p><script id=\"facebookpixel\" defer=\"\" type=\"text\/javascript\">\n        !function(f,b,e,v,n,t,s)\n        {if(f.fbq)return;n=f.fbq=function(){n.callMethod?\n        n.callMethod.apply(n,arguments):n.queue.push(arguments)};\n        if(!f._fbq)f._fbq=n;n.push=n;n.loaded=!0;n.version='2.0';\n        n.queue=[];t=b.createElement(e);t.async=!0;\n        t.src=v;s=b.getElementsByTagName(e)[0];\n        s.parentNode.insertBefore(t,s)}(window, document,'script',\n        'https:\/\/connect.facebook.net\/en_US\/fbevents.js');\n        fbq('init', '492459597522335');\n        fbq('track', 'PageView');\n    <\/script><br \/>\n<br \/><\/p>\n","protected":false},"excerpt":{"rendered":"<p>KINSHASA.\u2013 La Rep\u00fablica Democr\u00e1tica del Congo atraviesa el brote de \u00e9bola m\u00e1s grave de su historia. En apenas tres meses, la epidemia super\u00f3 este lunes los 6000 casos confirmados y dej\u00f3 2911 muertos, en medio de una carrera contrarreloj para frenar a una variante poco conocida del virus en una regi\u00f3n castigada por la violencia, [&hellip;]<\/p>\n","protected":false},"author":2,"featured_media":210008,"comment_status":"closed","ping_status":"closed","sticky":false,"template":"","format":"standard","meta":{"footnotes":""},"categories":[26],"tags":[],"class_list":["post-210007","post","type-post","status-publish","format-standard","has-post-thumbnail","hentry","category-internacionales"],"yoast_head":"<!-- This site is optimized with the Yoast SEO plugin v24.4 - https:\/\/yoast.com\/wordpress\/plugins\/seo\/ -->\n<title>El peor brote de \u00e9bola de la historia del Congo supera los 6000 casos y roza las 3000 muertes - GYS NOTICIAS |<\/title>\n<meta name=\"robots\" content=\"index, follow, max-snippet:-1, max-image-preview:large, max-video-preview:-1\" \/>\n<link rel=\"canonical\" href=\"https:\/\/gysfm.com.ar\/inicio\/el-peor-brote-de-ebola-de-la-historia-del-congo-supera-los-6000-casos-y-roza-las-3000-muertes\/\" \/>\n<meta property=\"og:locale\" content=\"es_ES\" \/>\n<meta property=\"og:type\" content=\"article\" \/>\n<meta property=\"og:title\" content=\"El peor brote de \u00e9bola de la historia del Congo supera los 6000 casos y roza las 3000 muertes - GYS NOTICIAS |\" \/>\n<meta property=\"og:description\" content=\"KINSHASA.\u2013 La Rep\u00fablica Democr\u00e1tica del Congo atraviesa el brote de \u00e9bola m\u00e1s grave de su historia. En apenas tres meses, la epidemia super\u00f3 este lunes los 6000 casos confirmados y dej\u00f3 2911 muertos, en medio de una carrera contrarreloj para frenar a una variante poco conocida del virus en una regi\u00f3n castigada por la violencia, [&hellip;]\" \/>\n<meta property=\"og:url\" content=\"https:\/\/gysfm.com.ar\/inicio\/el-peor-brote-de-ebola-de-la-historia-del-congo-supera-los-6000-casos-y-roza-las-3000-muertes\/\" \/>\n<meta property=\"og:site_name\" content=\"GYS NOTICIAS |\" \/>\n<meta property=\"article:published_time\" content=\"2026-09-01T03:09:52+00:00\" \/>\n<meta property=\"article:modified_time\" content=\"2026-09-01T03:09:53+00:00\" \/>\n<meta property=\"og:image\" content=\"https:\/\/gysfm.com.ar\/inicio\/wp-content\/uploads\/2026\/09\/personas-vestidas-con-equipo-de-proteccion-se-B3JARPFOBJF4BAPYEMJLIT3EG4.JPG\" \/>\n\t<meta property=\"og:image:width\" content=\"1200\" \/>\n\t<meta property=\"og:image:height\" content=\"800\" \/>\n\t<meta property=\"og:image:type\" content=\"image\/jpeg\" \/>\n<meta name=\"author\" content=\"Prensa G&amp;S FM\" \/>\n<meta name=\"twitter:card\" content=\"summary_large_image\" \/>\n<meta name=\"twitter:label1\" content=\"Escrito por\" \/>\n\t<meta name=\"twitter:data1\" content=\"Prensa G&amp;S FM\" \/>\n\t<meta name=\"twitter:label2\" content=\"Tiempo de lectura\" \/>\n\t<meta name=\"twitter:data2\" content=\"4 minutos\" \/>\n<script type=\"application\/ld+json\" class=\"yoast-schema-graph\">{\"@context\":\"https:\/\/schema.org\",\"@graph\":[{\"@type\":\"Article\",\"@id\":\"https:\/\/gysfm.com.ar\/inicio\/el-peor-brote-de-ebola-de-la-historia-del-congo-supera-los-6000-casos-y-roza-las-3000-muertes\/#article\",\"isPartOf\":{\"@id\":\"https:\/\/gysfm.com.ar\/inicio\/el-peor-brote-de-ebola-de-la-historia-del-congo-supera-los-6000-casos-y-roza-las-3000-muertes\/\"},\"author\":{\"name\":\"Prensa G&amp;S FM\",\"@id\":\"https:\/\/gysfm.com.ar\/inicio\/#\/schema\/person\/3abba7593ef2ad19e1be221d54383dc5\"},\"headline\":\"El peor brote de \u00e9bola de la historia del Congo supera los 6000 casos y roza las 3000 muertes\",\"datePublished\":\"2026-09-01T03:09:52+00:00\",\"dateModified\":\"2026-09-01T03:09:53+00:00\",\"mainEntityOfPage\":{\"@id\":\"https:\/\/gysfm.com.ar\/inicio\/el-peor-brote-de-ebola-de-la-historia-del-congo-supera-los-6000-casos-y-roza-las-3000-muertes\/\"},\"wordCount\":843,\"publisher\":{\"@id\":\"https:\/\/gysfm.com.ar\/inicio\/#organization\"},\"image\":{\"@id\":\"https:\/\/gysfm.com.ar\/inicio\/el-peor-brote-de-ebola-de-la-historia-del-congo-supera-los-6000-casos-y-roza-las-3000-muertes\/#primaryimage\"},\"thumbnailUrl\":\"https:\/\/gysfm.com.ar\/inicio\/wp-content\/uploads\/2026\/09\/personas-vestidas-con-equipo-de-proteccion-se-B3JARPFOBJF4BAPYEMJLIT3EG4.JPG\",\"articleSection\":[\"INTERNACIONALES\"],\"inLanguage\":\"es\"},{\"@type\":\"WebPage\",\"@id\":\"https:\/\/gysfm.com.ar\/inicio\/el-peor-brote-de-ebola-de-la-historia-del-congo-supera-los-6000-casos-y-roza-las-3000-muertes\/\",\"url\":\"https:\/\/gysfm.com.ar\/inicio\/el-peor-brote-de-ebola-de-la-historia-del-congo-supera-los-6000-casos-y-roza-las-3000-muertes\/\",\"name\":\"El peor brote de \u00e9bola de la historia del Congo supera los 6000 casos y roza las 3000 muertes - GYS NOTICIAS |\",\"isPartOf\":{\"@id\":\"https:\/\/gysfm.com.ar\/inicio\/#website\"},\"primaryImageOfPage\":{\"@id\":\"https:\/\/gysfm.com.ar\/inicio\/el-peor-brote-de-ebola-de-la-historia-del-congo-supera-los-6000-casos-y-roza-las-3000-muertes\/#primaryimage\"},\"image\":{\"@id\":\"https:\/\/gysfm.com.ar\/inicio\/el-peor-brote-de-ebola-de-la-historia-del-congo-supera-los-6000-casos-y-roza-las-3000-muertes\/#primaryimage\"},\"thumbnailUrl\":\"https:\/\/gysfm.com.ar\/inicio\/wp-content\/uploads\/2026\/09\/personas-vestidas-con-equipo-de-proteccion-se-B3JARPFOBJF4BAPYEMJLIT3EG4.JPG\",\"datePublished\":\"2026-09-01T03:09:52+00:00\",\"dateModified\":\"2026-09-01T03:09:53+00:00\",\"breadcrumb\":{\"@id\":\"https:\/\/gysfm.com.ar\/inicio\/el-peor-brote-de-ebola-de-la-historia-del-congo-supera-los-6000-casos-y-roza-las-3000-muertes\/#breadcrumb\"},\"inLanguage\":\"es\",\"potentialAction\":[{\"@type\":\"ReadAction\",\"target\":[\"https:\/\/gysfm.com.ar\/inicio\/el-peor-brote-de-ebola-de-la-historia-del-congo-supera-los-6000-casos-y-roza-las-3000-muertes\/\"]}]},{\"@type\":\"ImageObject\",\"inLanguage\":\"es\",\"@id\":\"https:\/\/gysfm.com.ar\/inicio\/el-peor-brote-de-ebola-de-la-historia-del-congo-supera-los-6000-casos-y-roza-las-3000-muertes\/#primaryimage\",\"url\":\"https:\/\/gysfm.com.ar\/inicio\/wp-content\/uploads\/2026\/09\/personas-vestidas-con-equipo-de-proteccion-se-B3JARPFOBJF4BAPYEMJLIT3EG4.JPG\",\"contentUrl\":\"https:\/\/gysfm.com.ar\/inicio\/wp-content\/uploads\/2026\/09\/personas-vestidas-con-equipo-de-proteccion-se-B3JARPFOBJF4BAPYEMJLIT3EG4.JPG\",\"width\":1200,\"height\":800},{\"@type\":\"BreadcrumbList\",\"@id\":\"https:\/\/gysfm.com.ar\/inicio\/el-peor-brote-de-ebola-de-la-historia-del-congo-supera-los-6000-casos-y-roza-las-3000-muertes\/#breadcrumb\",\"itemListElement\":[{\"@type\":\"ListItem\",\"position\":1,\"name\":\"Portada\",\"item\":\"https:\/\/gysfm.com.ar\/inicio\/\"},{\"@type\":\"ListItem\",\"position\":2,\"name\":\"El peor brote de \u00e9bola de la historia del Congo supera los 6000 casos y roza las 3000 muertes\"}]},{\"@type\":\"WebSite\",\"@id\":\"https:\/\/gysfm.com.ar\/inicio\/#website\",\"url\":\"https:\/\/gysfm.com.ar\/inicio\/\",\"name\":\"GYS NOTICIAS |\",\"description\":\"DIARIO - RADIO ONLINE SAN JUAN ARGENTINA\",\"publisher\":{\"@id\":\"https:\/\/gysfm.com.ar\/inicio\/#organization\"},\"potentialAction\":[{\"@type\":\"SearchAction\",\"target\":{\"@type\":\"EntryPoint\",\"urlTemplate\":\"https:\/\/gysfm.com.ar\/inicio\/?s={search_term_string}\"},\"query-input\":{\"@type\":\"PropertyValueSpecification\",\"valueRequired\":true,\"valueName\":\"search_term_string\"}}],\"inLanguage\":\"es\"},{\"@type\":\"Organization\",\"@id\":\"https:\/\/gysfm.com.ar\/inicio\/#organization\",\"name\":\"GYS NOTICIAS |\",\"url\":\"https:\/\/gysfm.com.ar\/inicio\/\",\"logo\":{\"@type\":\"ImageObject\",\"inLanguage\":\"es\",\"@id\":\"https:\/\/gysfm.com.ar\/inicio\/#\/schema\/logo\/image\/\",\"url\":\"https:\/\/gysfm.com.ar\/inicio\/wp-content\/uploads\/2023\/07\/LOGOGYS-OK.png\",\"contentUrl\":\"https:\/\/gysfm.com.ar\/inicio\/wp-content\/uploads\/2023\/07\/LOGOGYS-OK.png\",\"width\":1170,\"height\":872,\"caption\":\"GYS NOTICIAS |\"},\"image\":{\"@id\":\"https:\/\/gysfm.com.ar\/inicio\/#\/schema\/logo\/image\/\"}},{\"@type\":\"Person\",\"@id\":\"https:\/\/gysfm.com.ar\/inicio\/#\/schema\/person\/3abba7593ef2ad19e1be221d54383dc5\",\"name\":\"Prensa G&amp;S FM\",\"image\":{\"@type\":\"ImageObject\",\"inLanguage\":\"es\",\"@id\":\"https:\/\/gysfm.com.ar\/inicio\/#\/schema\/person\/image\/\",\"url\":\"https:\/\/secure.gravatar.com\/avatar\/096ec78df02049ab018702bb4ccedf659377fa92a26540b5247612077a0dbd29?s=96&d=mm&r=g\",\"contentUrl\":\"https:\/\/secure.gravatar.com\/avatar\/096ec78df02049ab018702bb4ccedf659377fa92a26540b5247612077a0dbd29?s=96&d=mm&r=g\",\"caption\":\"Prensa G&amp;S FM\"},\"sameAs\":[\"https:\/\/gysfm.com.ar\/\"],\"url\":\"https:\/\/gysfm.com.ar\/inicio\/author\/lucasm\/\"}]}<\/script>\n<!-- \/ Yoast SEO plugin. -->","yoast_head_json":{"title":"El peor brote de \u00e9bola de la historia del Congo supera los 6000 casos y roza las 3000 muertes - GYS NOTICIAS |","robots":{"index":"index","follow":"follow","max-snippet":"max-snippet:-1","max-image-preview":"max-image-preview:large","max-video-preview":"max-video-preview:-1"},"canonical":"https:\/\/gysfm.com.ar\/inicio\/el-peor-brote-de-ebola-de-la-historia-del-congo-supera-los-6000-casos-y-roza-las-3000-muertes\/","og_locale":"es_ES","og_type":"article","og_title":"El peor brote de \u00e9bola de la historia del Congo supera los 6000 casos y roza las 3000 muertes - GYS NOTICIAS |","og_description":"KINSHASA.\u2013 La Rep\u00fablica Democr\u00e1tica del Congo atraviesa el brote de \u00e9bola m\u00e1s grave de su historia. En apenas tres meses, la epidemia super\u00f3 este lunes los 6000 casos confirmados y dej\u00f3 2911 muertos, en medio de una carrera contrarreloj para frenar a una variante poco conocida del virus en una regi\u00f3n castigada por la violencia, [&hellip;]","og_url":"https:\/\/gysfm.com.ar\/inicio\/el-peor-brote-de-ebola-de-la-historia-del-congo-supera-los-6000-casos-y-roza-las-3000-muertes\/","og_site_name":"GYS NOTICIAS |","article_published_time":"2026-09-01T03:09:52+00:00","article_modified_time":"2026-09-01T03:09:53+00:00","og_image":[{"width":1200,"height":800,"url":"https:\/\/gysfm.com.ar\/inicio\/wp-content\/uploads\/2026\/09\/personas-vestidas-con-equipo-de-proteccion-se-B3JARPFOBJF4BAPYEMJLIT3EG4.JPG","type":"image\/jpeg"}],"author":"Prensa G&amp;S FM","twitter_card":"summary_large_image","twitter_misc":{"Escrito por":"Prensa G&amp;S FM","Tiempo de lectura":"4 minutos"},"schema":{"@context":"https:\/\/schema.org","@graph":[{"@type":"Article","@id":"https:\/\/gysfm.com.ar\/inicio\/el-peor-brote-de-ebola-de-la-historia-del-congo-supera-los-6000-casos-y-roza-las-3000-muertes\/#article","isPartOf":{"@id":"https:\/\/gysfm.com.ar\/inicio\/el-peor-brote-de-ebola-de-la-historia-del-congo-supera-los-6000-casos-y-roza-las-3000-muertes\/"},"author":{"name":"Prensa G&amp;S FM","@id":"https:\/\/gysfm.com.ar\/inicio\/#\/schema\/person\/3abba7593ef2ad19e1be221d54383dc5"},"headline":"El peor brote de \u00e9bola de la historia del Congo supera los 6000 casos y roza las 3000 muertes","datePublished":"2026-09-01T03:09:52+00:00","dateModified":"2026-09-01T03:09:53+00:00","mainEntityOfPage":{"@id":"https:\/\/gysfm.com.ar\/inicio\/el-peor-brote-de-ebola-de-la-historia-del-congo-supera-los-6000-casos-y-roza-las-3000-muertes\/"},"wordCount":843,"publisher":{"@id":"https:\/\/gysfm.com.ar\/inicio\/#organization"},"image":{"@id":"https:\/\/gysfm.com.ar\/inicio\/el-peor-brote-de-ebola-de-la-historia-del-congo-supera-los-6000-casos-y-roza-las-3000-muertes\/#primaryimage"},"thumbnailUrl":"https:\/\/gysfm.com.ar\/inicio\/wp-content\/uploads\/2026\/09\/personas-vestidas-con-equipo-de-proteccion-se-B3JARPFOBJF4BAPYEMJLIT3EG4.JPG","articleSection":["INTERNACIONALES"],"inLanguage":"es"},{"@type":"WebPage","@id":"https:\/\/gysfm.com.ar\/inicio\/el-peor-brote-de-ebola-de-la-historia-del-congo-supera-los-6000-casos-y-roza-las-3000-muertes\/","url":"https:\/\/gysfm.com.ar\/inicio\/el-peor-brote-de-ebola-de-la-historia-del-congo-supera-los-6000-casos-y-roza-las-3000-muertes\/","name":"El peor brote de \u00e9bola de la historia del Congo supera los 6000 casos y roza las 3000 muertes - GYS NOTICIAS |","isPartOf":{"@id":"https:\/\/gysfm.com.ar\/inicio\/#website"},"primaryImageOfPage":{"@id":"https:\/\/gysfm.com.ar\/inicio\/el-peor-brote-de-ebola-de-la-historia-del-congo-supera-los-6000-casos-y-roza-las-3000-muertes\/#primaryimage"},"image":{"@id":"https:\/\/gysfm.com.ar\/inicio\/el-peor-brote-de-ebola-de-la-historia-del-congo-supera-los-6000-casos-y-roza-las-3000-muertes\/#primaryimage"},"thumbnailUrl":"https:\/\/gysfm.com.ar\/inicio\/wp-content\/uploads\/2026\/09\/personas-vestidas-con-equipo-de-proteccion-se-B3JARPFOBJF4BAPYEMJLIT3EG4.JPG","datePublished":"2026-09-01T03:09:52+00:00","dateModified":"2026-09-01T03:09:53+00:00","breadcrumb":{"@id":"https:\/\/gysfm.com.ar\/inicio\/el-peor-brote-de-ebola-de-la-historia-del-congo-supera-los-6000-casos-y-roza-las-3000-muertes\/#breadcrumb"},"inLanguage":"es","potentialAction":[{"@type":"ReadAction","target":["https:\/\/gysfm.com.ar\/inicio\/el-peor-brote-de-ebola-de-la-historia-del-congo-supera-los-6000-casos-y-roza-las-3000-muertes\/"]}]},{"@type":"ImageObject","inLanguage":"es","@id":"https:\/\/gysfm.com.ar\/inicio\/el-peor-brote-de-ebola-de-la-historia-del-congo-supera-los-6000-casos-y-roza-las-3000-muertes\/#primaryimage","url":"https:\/\/gysfm.com.ar\/inicio\/wp-content\/uploads\/2026\/09\/personas-vestidas-con-equipo-de-proteccion-se-B3JARPFOBJF4BAPYEMJLIT3EG4.JPG","contentUrl":"https:\/\/gysfm.com.ar\/inicio\/wp-content\/uploads\/2026\/09\/personas-vestidas-con-equipo-de-proteccion-se-B3JARPFOBJF4BAPYEMJLIT3EG4.JPG","width":1200,"height":800},{"@type":"BreadcrumbList","@id":"https:\/\/gysfm.com.ar\/inicio\/el-peor-brote-de-ebola-de-la-historia-del-congo-supera-los-6000-casos-y-roza-las-3000-muertes\/#breadcrumb","itemListElement":[{"@type":"ListItem","position":1,"name":"Portada","item":"https:\/\/gysfm.com.ar\/inicio\/"},{"@type":"ListItem","position":2,"name":"El peor brote de \u00e9bola de la historia del Congo supera los 6000 casos y roza las 3000 muertes"}]},{"@type":"WebSite","@id":"https:\/\/gysfm.com.ar\/inicio\/#website","url":"https:\/\/gysfm.com.ar\/inicio\/","name":"GYS NOTICIAS |","description":"DIARIO - RADIO ONLINE SAN JUAN ARGENTINA","publisher":{"@id":"https:\/\/gysfm.com.ar\/inicio\/#organization"},"potentialAction":[{"@type":"SearchAction","target":{"@type":"EntryPoint","urlTemplate":"https:\/\/gysfm.com.ar\/inicio\/?s={search_term_string}"},"query-input":{"@type":"PropertyValueSpecification","valueRequired":true,"valueName":"search_term_string"}}],"inLanguage":"es"},{"@type":"Organization","@id":"https:\/\/gysfm.com.ar\/inicio\/#organization","name":"GYS NOTICIAS |","url":"https:\/\/gysfm.com.ar\/inicio\/","logo":{"@type":"ImageObject","inLanguage":"es","@id":"https:\/\/gysfm.com.ar\/inicio\/#\/schema\/logo\/image\/","url":"https:\/\/gysfm.com.ar\/inicio\/wp-content\/uploads\/2023\/07\/LOGOGYS-OK.png","contentUrl":"https:\/\/gysfm.com.ar\/inicio\/wp-content\/uploads\/2023\/07\/LOGOGYS-OK.png","width":1170,"height":872,"caption":"GYS NOTICIAS |"},"image":{"@id":"https:\/\/gysfm.com.ar\/inicio\/#\/schema\/logo\/image\/"}},{"@type":"Person","@id":"https:\/\/gysfm.com.ar\/inicio\/#\/schema\/person\/3abba7593ef2ad19e1be221d54383dc5","name":"Prensa G&amp;S FM","image":{"@type":"ImageObject","inLanguage":"es","@id":"https:\/\/gysfm.com.ar\/inicio\/#\/schema\/person\/image\/","url":"https:\/\/secure.gravatar.com\/avatar\/096ec78df02049ab018702bb4ccedf659377fa92a26540b5247612077a0dbd29?s=96&d=mm&r=g","contentUrl":"https:\/\/secure.gravatar.com\/avatar\/096ec78df02049ab018702bb4ccedf659377fa92a26540b5247612077a0dbd29?s=96&d=mm&r=g","caption":"Prensa G&amp;S FM"},"sameAs":["https:\/\/gysfm.com.ar\/"],"url":"https:\/\/gysfm.com.ar\/inicio\/author\/lucasm\/"}]}},"_links":{"self":[{"href":"https:\/\/gysfm.com.ar\/inicio\/wp-json\/wp\/v2\/posts\/210007","targetHints":{"allow":["GET"]}}],"collection":[{"href":"https:\/\/gysfm.com.ar\/inicio\/wp-json\/wp\/v2\/posts"}],"about":[{"href":"https:\/\/gysfm.com.ar\/inicio\/wp-json\/wp\/v2\/types\/post"}],"author":[{"embeddable":true,"href":"https:\/\/gysfm.com.ar\/inicio\/wp-json\/wp\/v2\/users\/2"}],"replies":[{"embeddable":true,"href":"https:\/\/gysfm.com.ar\/inicio\/wp-json\/wp\/v2\/comments?post=210007"}],"version-history":[{"count":1,"href":"https:\/\/gysfm.com.ar\/inicio\/wp-json\/wp\/v2\/posts\/210007\/revisions"}],"predecessor-version":[{"id":210009,"href":"https:\/\/gysfm.com.ar\/inicio\/wp-json\/wp\/v2\/posts\/210007\/revisions\/210009"}],"wp:featuredmedia":[{"embeddable":true,"href":"https:\/\/gysfm.com.ar\/inicio\/wp-json\/wp\/v2\/media\/210008"}],"wp:attachment":[{"href":"https:\/\/gysfm.com.ar\/inicio\/wp-json\/wp\/v2\/media?parent=210007"}],"wp:term":[{"taxonomy":"category","embeddable":true,"href":"https:\/\/gysfm.com.ar\/inicio\/wp-json\/wp\/v2\/categories?post=210007"},{"taxonomy":"post_tag","embeddable":true,"href":"https:\/\/gysfm.com.ar\/inicio\/wp-json\/wp\/v2\/tags?post=210007"}],"curies":[{"name":"wp","href":"https:\/\/api.w.org\/{rel}","templated":true}]}}