{"id":209992,"date":"2026-08-31T21:07:08","date_gmt":"2026-09-01T00:07:08","guid":{"rendered":"https:\/\/gysfm.com.ar\/inicio\/una-mujer-murio-apunalada-en-times-square-y-la-sospechosa-fue-abatida-por-la-policia\/"},"modified":"2026-08-31T21:07:09","modified_gmt":"2026-09-01T00:07:09","slug":"una-mujer-murio-apunalada-en-times-square-y-la-sospechosa-fue-abatida-por-la-policia","status":"publish","type":"post","link":"https:\/\/gysfm.com.ar\/inicio\/una-mujer-murio-apunalada-en-times-square-y-la-sospechosa-fue-abatida-por-la-policia\/","title":{"rendered":"Una mujer muri\u00f3 apu\u00f1alada en Times Square y la sospechosa fue abatida por la polic\u00eda"},"content":{"rendered":"<p> <br \/>\n<\/p>\n<div>\n<p class=\"com-paragraph --capital --s\">NUEVA YORK.\u2013 Una mujer muri\u00f3 y otra persona result\u00f3 gravemente herida este lunes despu\u00e9s de ser apu\u00f1aladas en <strong>Times Square<\/strong>, uno de los puntos m\u00e1s concurridos de Nueva York. La presunta atacante tambi\u00e9n muri\u00f3 luego de ser baleada por agentes de la Polic\u00eda de <a href=\"https:\/\/www.lanacion.com.ar\/el-mundo\/nicolas-maduro-reaparecio-y-publico-fotos-desde-la-carcel-en-nueva-york-pequeno-regalo-de-amor-y-nid30082026\/\" target=\"_self\" title=\"https:\/\/www.lanacion.com.ar\/el-mundo\/nicolas-maduro-reaparecio-y-publico-fotos-desde-la-carcel-en-nueva-york-pequeno-regalo-de-amor-y-nid30082026\/\" class=\"com-link break-word\" data-mrf-recirculation=\"n_link_parrafo\">Nueva York<\/a> (NYPD), seg\u00fan informaron las autoridades.<\/p>\n<p class=\"com-paragraph --s\">El episodio comenz\u00f3 en la zona de <strong>la calle 42 y la s\u00e9ptima avenida<\/strong>, en pleno centro de Manhattan, de acuerdo con ABC News. NBC News ubic\u00f3 el incidente cerca de la calle 43 y la s\u00e9ptima avenida. Seg\u00fan las autoridades, la sospechosa atac\u00f3 con un cuchillo a dos personas y despu\u00e9s huy\u00f3 hacia el norte, en direcci\u00f3n a la subestaci\u00f3n de la polic\u00eda ubicada en Times Square.<\/p>\n<p class=\"com-paragraph --s\">Una de las v\u00edctimas, identificada \u00fanicamente como <strong>una mujer<\/strong>, fue trasladada a un hospital, donde muri\u00f3 como consecuencia de las heridas. La segunda persona apu\u00f1alada qued\u00f3 con <strong>lesiones que pon\u00edan en riesgo su vida<\/strong>, seg\u00fan inform\u00f3 la polic\u00eda a ABC. NBC hab\u00eda se\u00f1alado inicialmente que su estado no se conoc\u00eda.<\/p>\n<p class=\"com-paragraph --s\">Tras el ataque, la sospechosa avanz\u00f3 hacia la zona de la dependencia policial. All\u00ed fue confrontada por varios agentes. Un video del episodio difundido en redes sociales y citado por NBC muestra a <strong>una mujer rodeada por polic\u00edas<\/strong> mientras se mueve hacia ellos y agita un objeto. En la grabaci\u00f3n se escuchan una serie de disparos y tambi\u00e9n el sonido de una pistola Taser antes de que la mujer caiga al suelo.<\/p>\n<p class=\"com-paragraph --s\">La polic\u00eda confirm\u00f3 despu\u00e9s que la sospechosa hab\u00eda muerto. Cuatro funcionarios informados sobre el caso dijeron a NBC News que la mujer estaba armada con <strong>al menos un cuchillo<\/strong>. ABC, por su parte, se\u00f1al\u00f3 que los agentes le dispararon despu\u00e9s de que escapara del lugar del ataque y llegara hasta las inmediaciones de la subestaci\u00f3n policial.<\/p>\n<p class=\"com-paragraph --s\">La secuencia ocurri\u00f3 en una de las \u00e1reas de mayor circulaci\u00f3n peatonal de Manhattan. Tras los apu\u00f1alamientos y el posterior enfrentamiento con la sospechosa, la polic\u00eda despleg\u00f3 un operativo en el sector y pidi\u00f3 a la poblaci\u00f3n que <strong>evitara la zona<\/strong> mientras avanzaban las tareas de investigaci\u00f3n.<\/p>\n<div class=\"content-media\">\n<section role=\"button\" class=\"mod-media   \">\n<figure role=\"button\" tabindex=\"0\" class=\"mod-figure \"><figcaption class=\"mod-figcaption\"><span class=\"com-text --caption --twoxs\">Efectivos de la polic\u00eda llegan al lugar de los hechos<\/span><span class=\"com-text --credit --twoxs\">AP<\/span><\/figcaption><\/figure>\n<\/section>\n<\/div>\n<p class=\"com-paragraph --s\">Las autoridades dijeron que la mujer aparentaba estar <strong>emocionalmente perturbada<\/strong>. Los funcionarios citados por NBC indicaron adem\u00e1s que los investigadores revisaban sus antecedentes de salud mental. Hasta el momento, no se inform\u00f3 qu\u00e9 pudo haber provocado el ataque ni si exist\u00eda alg\u00fan v\u00ednculo entre la agresora y las dos personas apu\u00f1aladas.<\/p>\n<p class=\"com-paragraph --s\">Tanto los funcionarios como la polic\u00eda remarcaron que, a partir de la informaci\u00f3n disponible, <strong>el episodio no parec\u00eda estar relacionado con terrorismo<\/strong>. Esa hip\u00f3tesis hab\u00eda sido descartada en las primeras horas de la investigaci\u00f3n.<\/p>\n<p class=\"com-paragraph --s\">El hecho dej\u00f3 as\u00ed <strong>dos muertos: una de las v\u00edctimas del ataque y la propia sospechosa<\/strong>, adem\u00e1s de una segunda persona gravemente herida. Las autoridades no hab\u00edan difundido las identidades de ninguno de los involucrados.<\/p>\n<p class=\"com-paragraph --s\">La investigaci\u00f3n continuaba este lunes por la noche, mientras la polic\u00eda intentaba reconstruir los minutos que transcurrieron entre los primeros apu\u00f1alamientos, la huida de la mujer hacia la subestaci\u00f3n de Times Square y el momento en que los agentes abrieron fuego.<\/p>\n<p class=\"com-paragraph --s\"><em>Noticia en desarrollo<\/em><\/p>\n<section class=\"container-center-100 mb-40 border border-bottom border-thin border-neutral-light-700\">\n<hr\/>\n<\/section>\n<\/div>\n<p><script id=\"facebookpixel\" defer=\"\" type=\"text\/javascript\">\n        !function(f,b,e,v,n,t,s)\n        {if(f.fbq)return;n=f.fbq=function(){n.callMethod?\n        n.callMethod.apply(n,arguments):n.queue.push(arguments)};\n        if(!f._fbq)f._fbq=n;n.push=n;n.loaded=!0;n.version='2.0';\n        n.queue=[];t=b.createElement(e);t.async=!0;\n        t.src=v;s=b.getElementsByTagName(e)[0];\n        s.parentNode.insertBefore(t,s)}(window, document,'script',\n        'https:\/\/connect.facebook.net\/en_US\/fbevents.js');\n        fbq('init', '492459597522335');\n        fbq('track', 'PageView');\n    <\/script><br \/>\n<br \/><\/p>\n","protected":false},"excerpt":{"rendered":"<p>NUEVA YORK.\u2013 Una mujer muri\u00f3 y otra persona result\u00f3 gravemente herida este lunes despu\u00e9s de ser apu\u00f1aladas en Times Square, uno de los puntos m\u00e1s concurridos de Nueva York. La presunta atacante tambi\u00e9n muri\u00f3 luego de ser baleada por agentes de la Polic\u00eda de Nueva York (NYPD), seg\u00fan informaron las autoridades. El episodio comenz\u00f3 en [&hellip;]<\/p>\n","protected":false},"author":2,"featured_media":209993,"comment_status":"closed","ping_status":"closed","sticky":false,"template":"","format":"standard","meta":{"footnotes":""},"categories":[26],"tags":[],"class_list":["post-209992","post","type-post","status-publish","format-standard","has-post-thumbnail","hentry","category-internacionales"],"yoast_head":"<!-- This site is optimized with the Yoast SEO plugin v24.4 - https:\/\/yoast.com\/wordpress\/plugins\/seo\/ -->\n<title>Una mujer muri\u00f3 apu\u00f1alada en Times Square y la sospechosa fue abatida por la polic\u00eda - GYS NOTICIAS |<\/title>\n<meta name=\"robots\" content=\"index, follow, max-snippet:-1, max-image-preview:large, max-video-preview:-1\" \/>\n<link rel=\"canonical\" href=\"https:\/\/gysfm.com.ar\/inicio\/una-mujer-murio-apunalada-en-times-square-y-la-sospechosa-fue-abatida-por-la-policia\/\" \/>\n<meta property=\"og:locale\" content=\"es_ES\" \/>\n<meta property=\"og:type\" content=\"article\" \/>\n<meta property=\"og:title\" content=\"Una mujer muri\u00f3 apu\u00f1alada en Times Square y la sospechosa fue abatida por la polic\u00eda - GYS NOTICIAS |\" \/>\n<meta property=\"og:description\" content=\"NUEVA YORK.\u2013 Una mujer muri\u00f3 y otra persona result\u00f3 gravemente herida este lunes despu\u00e9s de ser apu\u00f1aladas en Times Square, uno de los puntos m\u00e1s concurridos de Nueva York. La presunta atacante tambi\u00e9n muri\u00f3 luego de ser baleada por agentes de la Polic\u00eda de Nueva York (NYPD), seg\u00fan informaron las autoridades. El episodio comenz\u00f3 en [&hellip;]\" \/>\n<meta property=\"og:url\" content=\"https:\/\/gysfm.com.ar\/inicio\/una-mujer-murio-apunalada-en-times-square-y-la-sospechosa-fue-abatida-por-la-policia\/\" \/>\n<meta property=\"og:site_name\" content=\"GYS NOTICIAS |\" \/>\n<meta property=\"article:published_time\" content=\"2026-09-01T00:07:08+00:00\" \/>\n<meta property=\"article:modified_time\" content=\"2026-09-01T00:07:09+00:00\" \/>\n<meta property=\"og:image\" content=\"https:\/\/gysfm.com.ar\/inicio\/wp-content\/uploads\/2026\/08\/una-policia-en-cuclillas-en-el-lugar-en-el-que-GSSAOIMFUFCPRIWYIDBMANOC5U.jpeg\" \/>\n\t<meta property=\"og:image:width\" content=\"1200\" \/>\n\t<meta property=\"og:image:height\" content=\"800\" \/>\n\t<meta property=\"og:image:type\" content=\"image\/jpeg\" \/>\n<meta name=\"author\" content=\"Prensa G&amp;S FM\" \/>\n<meta name=\"twitter:card\" content=\"summary_large_image\" \/>\n<meta name=\"twitter:label1\" content=\"Escrito por\" \/>\n\t<meta name=\"twitter:data1\" content=\"Prensa G&amp;S FM\" \/>\n\t<meta name=\"twitter:label2\" content=\"Tiempo de lectura\" \/>\n\t<meta name=\"twitter:data2\" content=\"3 minutos\" \/>\n<script type=\"application\/ld+json\" class=\"yoast-schema-graph\">{\"@context\":\"https:\/\/schema.org\",\"@graph\":[{\"@type\":\"Article\",\"@id\":\"https:\/\/gysfm.com.ar\/inicio\/una-mujer-murio-apunalada-en-times-square-y-la-sospechosa-fue-abatida-por-la-policia\/#article\",\"isPartOf\":{\"@id\":\"https:\/\/gysfm.com.ar\/inicio\/una-mujer-murio-apunalada-en-times-square-y-la-sospechosa-fue-abatida-por-la-policia\/\"},\"author\":{\"name\":\"Prensa G&amp;S FM\",\"@id\":\"https:\/\/gysfm.com.ar\/inicio\/#\/schema\/person\/3abba7593ef2ad19e1be221d54383dc5\"},\"headline\":\"Una mujer muri\u00f3 apu\u00f1alada en Times Square y la sospechosa fue abatida por la polic\u00eda\",\"datePublished\":\"2026-09-01T00:07:08+00:00\",\"dateModified\":\"2026-09-01T00:07:09+00:00\",\"mainEntityOfPage\":{\"@id\":\"https:\/\/gysfm.com.ar\/inicio\/una-mujer-murio-apunalada-en-times-square-y-la-sospechosa-fue-abatida-por-la-policia\/\"},\"wordCount\":590,\"publisher\":{\"@id\":\"https:\/\/gysfm.com.ar\/inicio\/#organization\"},\"image\":{\"@id\":\"https:\/\/gysfm.com.ar\/inicio\/una-mujer-murio-apunalada-en-times-square-y-la-sospechosa-fue-abatida-por-la-policia\/#primaryimage\"},\"thumbnailUrl\":\"https:\/\/gysfm.com.ar\/inicio\/wp-content\/uploads\/2026\/08\/una-policia-en-cuclillas-en-el-lugar-en-el-que-GSSAOIMFUFCPRIWYIDBMANOC5U.jpeg\",\"articleSection\":[\"INTERNACIONALES\"],\"inLanguage\":\"es\"},{\"@type\":\"WebPage\",\"@id\":\"https:\/\/gysfm.com.ar\/inicio\/una-mujer-murio-apunalada-en-times-square-y-la-sospechosa-fue-abatida-por-la-policia\/\",\"url\":\"https:\/\/gysfm.com.ar\/inicio\/una-mujer-murio-apunalada-en-times-square-y-la-sospechosa-fue-abatida-por-la-policia\/\",\"name\":\"Una mujer muri\u00f3 apu\u00f1alada en Times Square y la sospechosa fue abatida por la polic\u00eda - GYS NOTICIAS |\",\"isPartOf\":{\"@id\":\"https:\/\/gysfm.com.ar\/inicio\/#website\"},\"primaryImageOfPage\":{\"@id\":\"https:\/\/gysfm.com.ar\/inicio\/una-mujer-murio-apunalada-en-times-square-y-la-sospechosa-fue-abatida-por-la-policia\/#primaryimage\"},\"image\":{\"@id\":\"https:\/\/gysfm.com.ar\/inicio\/una-mujer-murio-apunalada-en-times-square-y-la-sospechosa-fue-abatida-por-la-policia\/#primaryimage\"},\"thumbnailUrl\":\"https:\/\/gysfm.com.ar\/inicio\/wp-content\/uploads\/2026\/08\/una-policia-en-cuclillas-en-el-lugar-en-el-que-GSSAOIMFUFCPRIWYIDBMANOC5U.jpeg\",\"datePublished\":\"2026-09-01T00:07:08+00:00\",\"dateModified\":\"2026-09-01T00:07:09+00:00\",\"breadcrumb\":{\"@id\":\"https:\/\/gysfm.com.ar\/inicio\/una-mujer-murio-apunalada-en-times-square-y-la-sospechosa-fue-abatida-por-la-policia\/#breadcrumb\"},\"inLanguage\":\"es\",\"potentialAction\":[{\"@type\":\"ReadAction\",\"target\":[\"https:\/\/gysfm.com.ar\/inicio\/una-mujer-murio-apunalada-en-times-square-y-la-sospechosa-fue-abatida-por-la-policia\/\"]}]},{\"@type\":\"ImageObject\",\"inLanguage\":\"es\",\"@id\":\"https:\/\/gysfm.com.ar\/inicio\/una-mujer-murio-apunalada-en-times-square-y-la-sospechosa-fue-abatida-por-la-policia\/#primaryimage\",\"url\":\"https:\/\/gysfm.com.ar\/inicio\/wp-content\/uploads\/2026\/08\/una-policia-en-cuclillas-en-el-lugar-en-el-que-GSSAOIMFUFCPRIWYIDBMANOC5U.jpeg\",\"contentUrl\":\"https:\/\/gysfm.com.ar\/inicio\/wp-content\/uploads\/2026\/08\/una-policia-en-cuclillas-en-el-lugar-en-el-que-GSSAOIMFUFCPRIWYIDBMANOC5U.jpeg\",\"width\":1200,\"height\":800},{\"@type\":\"BreadcrumbList\",\"@id\":\"https:\/\/gysfm.com.ar\/inicio\/una-mujer-murio-apunalada-en-times-square-y-la-sospechosa-fue-abatida-por-la-policia\/#breadcrumb\",\"itemListElement\":[{\"@type\":\"ListItem\",\"position\":1,\"name\":\"Portada\",\"item\":\"https:\/\/gysfm.com.ar\/inicio\/\"},{\"@type\":\"ListItem\",\"position\":2,\"name\":\"Una mujer muri\u00f3 apu\u00f1alada en Times Square y la sospechosa fue abatida por la polic\u00eda\"}]},{\"@type\":\"WebSite\",\"@id\":\"https:\/\/gysfm.com.ar\/inicio\/#website\",\"url\":\"https:\/\/gysfm.com.ar\/inicio\/\",\"name\":\"GYS NOTICIAS |\",\"description\":\"DIARIO - RADIO ONLINE SAN JUAN ARGENTINA\",\"publisher\":{\"@id\":\"https:\/\/gysfm.com.ar\/inicio\/#organization\"},\"potentialAction\":[{\"@type\":\"SearchAction\",\"target\":{\"@type\":\"EntryPoint\",\"urlTemplate\":\"https:\/\/gysfm.com.ar\/inicio\/?s={search_term_string}\"},\"query-input\":{\"@type\":\"PropertyValueSpecification\",\"valueRequired\":true,\"valueName\":\"search_term_string\"}}],\"inLanguage\":\"es\"},{\"@type\":\"Organization\",\"@id\":\"https:\/\/gysfm.com.ar\/inicio\/#organization\",\"name\":\"GYS NOTICIAS |\",\"url\":\"https:\/\/gysfm.com.ar\/inicio\/\",\"logo\":{\"@type\":\"ImageObject\",\"inLanguage\":\"es\",\"@id\":\"https:\/\/gysfm.com.ar\/inicio\/#\/schema\/logo\/image\/\",\"url\":\"https:\/\/gysfm.com.ar\/inicio\/wp-content\/uploads\/2023\/07\/LOGOGYS-OK.png\",\"contentUrl\":\"https:\/\/gysfm.com.ar\/inicio\/wp-content\/uploads\/2023\/07\/LOGOGYS-OK.png\",\"width\":1170,\"height\":872,\"caption\":\"GYS NOTICIAS |\"},\"image\":{\"@id\":\"https:\/\/gysfm.com.ar\/inicio\/#\/schema\/logo\/image\/\"}},{\"@type\":\"Person\",\"@id\":\"https:\/\/gysfm.com.ar\/inicio\/#\/schema\/person\/3abba7593ef2ad19e1be221d54383dc5\",\"name\":\"Prensa G&amp;S FM\",\"image\":{\"@type\":\"ImageObject\",\"inLanguage\":\"es\",\"@id\":\"https:\/\/gysfm.com.ar\/inicio\/#\/schema\/person\/image\/\",\"url\":\"https:\/\/secure.gravatar.com\/avatar\/096ec78df02049ab018702bb4ccedf659377fa92a26540b5247612077a0dbd29?s=96&d=mm&r=g\",\"contentUrl\":\"https:\/\/secure.gravatar.com\/avatar\/096ec78df02049ab018702bb4ccedf659377fa92a26540b5247612077a0dbd29?s=96&d=mm&r=g\",\"caption\":\"Prensa G&amp;S FM\"},\"sameAs\":[\"https:\/\/gysfm.com.ar\/\"],\"url\":\"https:\/\/gysfm.com.ar\/inicio\/author\/lucasm\/\"}]}<\/script>\n<!-- \/ Yoast SEO plugin. -->","yoast_head_json":{"title":"Una mujer muri\u00f3 apu\u00f1alada en Times Square y la sospechosa fue abatida por la polic\u00eda - GYS NOTICIAS |","robots":{"index":"index","follow":"follow","max-snippet":"max-snippet:-1","max-image-preview":"max-image-preview:large","max-video-preview":"max-video-preview:-1"},"canonical":"https:\/\/gysfm.com.ar\/inicio\/una-mujer-murio-apunalada-en-times-square-y-la-sospechosa-fue-abatida-por-la-policia\/","og_locale":"es_ES","og_type":"article","og_title":"Una mujer muri\u00f3 apu\u00f1alada en Times Square y la sospechosa fue abatida por la polic\u00eda - GYS NOTICIAS |","og_description":"NUEVA YORK.\u2013 Una mujer muri\u00f3 y otra persona result\u00f3 gravemente herida este lunes despu\u00e9s de ser apu\u00f1aladas en Times Square, uno de los puntos m\u00e1s concurridos de Nueva York. La presunta atacante tambi\u00e9n muri\u00f3 luego de ser baleada por agentes de la Polic\u00eda de Nueva York (NYPD), seg\u00fan informaron las autoridades. El episodio comenz\u00f3 en [&hellip;]","og_url":"https:\/\/gysfm.com.ar\/inicio\/una-mujer-murio-apunalada-en-times-square-y-la-sospechosa-fue-abatida-por-la-policia\/","og_site_name":"GYS NOTICIAS |","article_published_time":"2026-09-01T00:07:08+00:00","article_modified_time":"2026-09-01T00:07:09+00:00","og_image":[{"width":1200,"height":800,"url":"https:\/\/gysfm.com.ar\/inicio\/wp-content\/uploads\/2026\/08\/una-policia-en-cuclillas-en-el-lugar-en-el-que-GSSAOIMFUFCPRIWYIDBMANOC5U.jpeg","type":"image\/jpeg"}],"author":"Prensa G&amp;S FM","twitter_card":"summary_large_image","twitter_misc":{"Escrito por":"Prensa G&amp;S FM","Tiempo de lectura":"3 minutos"},"schema":{"@context":"https:\/\/schema.org","@graph":[{"@type":"Article","@id":"https:\/\/gysfm.com.ar\/inicio\/una-mujer-murio-apunalada-en-times-square-y-la-sospechosa-fue-abatida-por-la-policia\/#article","isPartOf":{"@id":"https:\/\/gysfm.com.ar\/inicio\/una-mujer-murio-apunalada-en-times-square-y-la-sospechosa-fue-abatida-por-la-policia\/"},"author":{"name":"Prensa G&amp;S FM","@id":"https:\/\/gysfm.com.ar\/inicio\/#\/schema\/person\/3abba7593ef2ad19e1be221d54383dc5"},"headline":"Una mujer muri\u00f3 apu\u00f1alada en Times Square y la sospechosa fue abatida por la polic\u00eda","datePublished":"2026-09-01T00:07:08+00:00","dateModified":"2026-09-01T00:07:09+00:00","mainEntityOfPage":{"@id":"https:\/\/gysfm.com.ar\/inicio\/una-mujer-murio-apunalada-en-times-square-y-la-sospechosa-fue-abatida-por-la-policia\/"},"wordCount":590,"publisher":{"@id":"https:\/\/gysfm.com.ar\/inicio\/#organization"},"image":{"@id":"https:\/\/gysfm.com.ar\/inicio\/una-mujer-murio-apunalada-en-times-square-y-la-sospechosa-fue-abatida-por-la-policia\/#primaryimage"},"thumbnailUrl":"https:\/\/gysfm.com.ar\/inicio\/wp-content\/uploads\/2026\/08\/una-policia-en-cuclillas-en-el-lugar-en-el-que-GSSAOIMFUFCPRIWYIDBMANOC5U.jpeg","articleSection":["INTERNACIONALES"],"inLanguage":"es"},{"@type":"WebPage","@id":"https:\/\/gysfm.com.ar\/inicio\/una-mujer-murio-apunalada-en-times-square-y-la-sospechosa-fue-abatida-por-la-policia\/","url":"https:\/\/gysfm.com.ar\/inicio\/una-mujer-murio-apunalada-en-times-square-y-la-sospechosa-fue-abatida-por-la-policia\/","name":"Una mujer muri\u00f3 apu\u00f1alada en Times Square y la sospechosa fue abatida por la polic\u00eda - GYS NOTICIAS |","isPartOf":{"@id":"https:\/\/gysfm.com.ar\/inicio\/#website"},"primaryImageOfPage":{"@id":"https:\/\/gysfm.com.ar\/inicio\/una-mujer-murio-apunalada-en-times-square-y-la-sospechosa-fue-abatida-por-la-policia\/#primaryimage"},"image":{"@id":"https:\/\/gysfm.com.ar\/inicio\/una-mujer-murio-apunalada-en-times-square-y-la-sospechosa-fue-abatida-por-la-policia\/#primaryimage"},"thumbnailUrl":"https:\/\/gysfm.com.ar\/inicio\/wp-content\/uploads\/2026\/08\/una-policia-en-cuclillas-en-el-lugar-en-el-que-GSSAOIMFUFCPRIWYIDBMANOC5U.jpeg","datePublished":"2026-09-01T00:07:08+00:00","dateModified":"2026-09-01T00:07:09+00:00","breadcrumb":{"@id":"https:\/\/gysfm.com.ar\/inicio\/una-mujer-murio-apunalada-en-times-square-y-la-sospechosa-fue-abatida-por-la-policia\/#breadcrumb"},"inLanguage":"es","potentialAction":[{"@type":"ReadAction","target":["https:\/\/gysfm.com.ar\/inicio\/una-mujer-murio-apunalada-en-times-square-y-la-sospechosa-fue-abatida-por-la-policia\/"]}]},{"@type":"ImageObject","inLanguage":"es","@id":"https:\/\/gysfm.com.ar\/inicio\/una-mujer-murio-apunalada-en-times-square-y-la-sospechosa-fue-abatida-por-la-policia\/#primaryimage","url":"https:\/\/gysfm.com.ar\/inicio\/wp-content\/uploads\/2026\/08\/una-policia-en-cuclillas-en-el-lugar-en-el-que-GSSAOIMFUFCPRIWYIDBMANOC5U.jpeg","contentUrl":"https:\/\/gysfm.com.ar\/inicio\/wp-content\/uploads\/2026\/08\/una-policia-en-cuclillas-en-el-lugar-en-el-que-GSSAOIMFUFCPRIWYIDBMANOC5U.jpeg","width":1200,"height":800},{"@type":"BreadcrumbList","@id":"https:\/\/gysfm.com.ar\/inicio\/una-mujer-murio-apunalada-en-times-square-y-la-sospechosa-fue-abatida-por-la-policia\/#breadcrumb","itemListElement":[{"@type":"ListItem","position":1,"name":"Portada","item":"https:\/\/gysfm.com.ar\/inicio\/"},{"@type":"ListItem","position":2,"name":"Una mujer muri\u00f3 apu\u00f1alada en Times Square y la sospechosa fue abatida por la polic\u00eda"}]},{"@type":"WebSite","@id":"https:\/\/gysfm.com.ar\/inicio\/#website","url":"https:\/\/gysfm.com.ar\/inicio\/","name":"GYS NOTICIAS |","description":"DIARIO - RADIO ONLINE SAN JUAN ARGENTINA","publisher":{"@id":"https:\/\/gysfm.com.ar\/inicio\/#organization"},"potentialAction":[{"@type":"SearchAction","target":{"@type":"EntryPoint","urlTemplate":"https:\/\/gysfm.com.ar\/inicio\/?s={search_term_string}"},"query-input":{"@type":"PropertyValueSpecification","valueRequired":true,"valueName":"search_term_string"}}],"inLanguage":"es"},{"@type":"Organization","@id":"https:\/\/gysfm.com.ar\/inicio\/#organization","name":"GYS NOTICIAS |","url":"https:\/\/gysfm.com.ar\/inicio\/","logo":{"@type":"ImageObject","inLanguage":"es","@id":"https:\/\/gysfm.com.ar\/inicio\/#\/schema\/logo\/image\/","url":"https:\/\/gysfm.com.ar\/inicio\/wp-content\/uploads\/2023\/07\/LOGOGYS-OK.png","contentUrl":"https:\/\/gysfm.com.ar\/inicio\/wp-content\/uploads\/2023\/07\/LOGOGYS-OK.png","width":1170,"height":872,"caption":"GYS NOTICIAS |"},"image":{"@id":"https:\/\/gysfm.com.ar\/inicio\/#\/schema\/logo\/image\/"}},{"@type":"Person","@id":"https:\/\/gysfm.com.ar\/inicio\/#\/schema\/person\/3abba7593ef2ad19e1be221d54383dc5","name":"Prensa G&amp;S FM","image":{"@type":"ImageObject","inLanguage":"es","@id":"https:\/\/gysfm.com.ar\/inicio\/#\/schema\/person\/image\/","url":"https:\/\/secure.gravatar.com\/avatar\/096ec78df02049ab018702bb4ccedf659377fa92a26540b5247612077a0dbd29?s=96&d=mm&r=g","contentUrl":"https:\/\/secure.gravatar.com\/avatar\/096ec78df02049ab018702bb4ccedf659377fa92a26540b5247612077a0dbd29?s=96&d=mm&r=g","caption":"Prensa G&amp;S FM"},"sameAs":["https:\/\/gysfm.com.ar\/"],"url":"https:\/\/gysfm.com.ar\/inicio\/author\/lucasm\/"}]}},"_links":{"self":[{"href":"https:\/\/gysfm.com.ar\/inicio\/wp-json\/wp\/v2\/posts\/209992","targetHints":{"allow":["GET"]}}],"collection":[{"href":"https:\/\/gysfm.com.ar\/inicio\/wp-json\/wp\/v2\/posts"}],"about":[{"href":"https:\/\/gysfm.com.ar\/inicio\/wp-json\/wp\/v2\/types\/post"}],"author":[{"embeddable":true,"href":"https:\/\/gysfm.com.ar\/inicio\/wp-json\/wp\/v2\/users\/2"}],"replies":[{"embeddable":true,"href":"https:\/\/gysfm.com.ar\/inicio\/wp-json\/wp\/v2\/comments?post=209992"}],"version-history":[{"count":1,"href":"https:\/\/gysfm.com.ar\/inicio\/wp-json\/wp\/v2\/posts\/209992\/revisions"}],"predecessor-version":[{"id":209994,"href":"https:\/\/gysfm.com.ar\/inicio\/wp-json\/wp\/v2\/posts\/209992\/revisions\/209994"}],"wp:featuredmedia":[{"embeddable":true,"href":"https:\/\/gysfm.com.ar\/inicio\/wp-json\/wp\/v2\/media\/209993"}],"wp:attachment":[{"href":"https:\/\/gysfm.com.ar\/inicio\/wp-json\/wp\/v2\/media?parent=209992"}],"wp:term":[{"taxonomy":"category","embeddable":true,"href":"https:\/\/gysfm.com.ar\/inicio\/wp-json\/wp\/v2\/categories?post=209992"},{"taxonomy":"post_tag","embeddable":true,"href":"https:\/\/gysfm.com.ar\/inicio\/wp-json\/wp\/v2\/tags?post=209992"}],"curies":[{"name":"wp","href":"https:\/\/api.w.org\/{rel}","templated":true}]}}