{"id":209989,"date":"2026-08-31T20:07:14","date_gmt":"2026-08-31T23:07:14","guid":{"rendered":"https:\/\/gysfm.com.ar\/inicio\/el-banco-central-hizo-en-agosto-la-menor-compra-mensual-de-reservas-en-lo-que-va-del-ano\/"},"modified":"2026-08-31T20:07:15","modified_gmt":"2026-08-31T23:07:15","slug":"el-banco-central-hizo-en-agosto-la-menor-compra-mensual-de-reservas-en-lo-que-va-del-ano","status":"publish","type":"post","link":"https:\/\/gysfm.com.ar\/inicio\/el-banco-central-hizo-en-agosto-la-menor-compra-mensual-de-reservas-en-lo-que-va-del-ano\/","title":{"rendered":"El Banco Central hizo en agosto la menor compra mensual de reservas en lo que va del a\u00f1o"},"content":{"rendered":"<p><\/p>\n<div>\n<p class=\"com-paragraph --s\"><strong>Agosto cierra como el mes en que el Banco Central (BCRA) compr\u00f3 la menor cantidad de reservas<\/strong> en lo que va del a\u00f1o. Es un dato que coincide con el aumento de la demanda privada de d\u00f3lares y con el pedido de <a href=\"https:\/\/www.lanacion.com.ar\/economia\/gita-gopinath-hay-que-permitir-que-el-tipo-de-cambio-se-mueva-de-manera-mas-flexible-nid30082026\/\" target=\"_self\" title=\"https:\/\/www.lanacion.com.ar\/economia\/gita-gopinath-hay-que-permitir-que-el-tipo-de-cambio-se-mueva-de-manera-mas-flexible-nid30082026\/\" class=\"com-link break-word\" data-mrf-recirculation=\"n_link_parrafo\"><strong>una exreferente del FMI para que el d\u00f3lar pueda moverse con mayor flexibilidad <\/strong><\/a>\u2014tras haber dejado huellas sobre el accionar del organismo para contenerlo a fines de julio\u2014, con el objetivo de <strong>mejorar la credibilidad del sistema de flotaci\u00f3n entre bandas y ampliar las posibilidades de acumular reservas.<\/strong><\/p>\n<p class=\"com-paragraph --s\">La entidad que conduce Santiago Bausili, pese a haber mejorado en los \u00faltimos d\u00edas su cosecha compradora por intervenciones sobre el mercado y <strong>haber sumado hoy otros US$46 millones,<\/strong> termin\u00f3 adquiriendo <strong>US$768 millones en el mes:<\/strong> es <strong>un monto 64,5% inferior al que hab\u00eda sumado en julio<\/strong> y 33,3% menor que el saldo mensual m\u00e1s bajo acumulado hasta entonces en el a\u00f1o, registrado en enero, cuando se alz\u00f3 con US$1158 millones.<\/p>\n<p class=\"com-paragraph --s\">Y es, por lejos, <strong>el menor resultado mensual del a\u00f1o<\/strong> desde que lanz\u00f3 su programa de acumulaci\u00f3n de reservas para, se supon\u00eda, remonetizar la econom\u00eda. Ese segundo prop\u00f3sito, sin embargo, <strong>se mantiene en pausa hasta hoy<\/strong> \u2014la base monetaria sigue en 4,3 puntos del PBI\u2014, mientras el programa contin\u00faa concentrado en objetivos cambiarios y antiinflacionarios.<\/p>\n<div class=\"content-media\">\n<section role=\"button\" class=\"mod-media   \">\n<figure role=\"button\" tabindex=\"0\" class=\"mod-figure \"><figcaption class=\"mod-figcaption\"><span class=\"com-text --caption --twoxs\">El repunte de la \u00faltima parte no alcanz\u00f3<\/span><\/figcaption><\/figure>\n<\/section>\n<\/div>\n<p class=\"com-paragraph --s\">El cambio de velocidad en las compras oficiales no es casual. <strong>El mercado dej\u00f3 de ofrecerle al BCRA el mismo volumen de d\u00f3lares que le permit\u00eda comprar masivamente<\/strong> sin generar tensi\u00f3n sobre el precio. Y a medida que la demanda se fortaleci\u00f3,<strong> la autoridad monetaria fue reduciendo su participaci\u00f3n<\/strong> para evitar que sus propias compras agregaran presi\u00f3n alcista sobre el tipo de cambio.<\/p>\n<p class=\"com-paragraph --s\">La consecuencia es visible: <strong>agosto combin\u00f3 la menor compra de reservas del a\u00f1o con un d\u00f3lar que finalmente logr\u00f3 perforar el techo informal de $1500<\/strong> que el Gobierno hab\u00eda intentado defender durante buena parte del mes.<\/p>\n<p class=\"com-paragraph --s\">La se\u00f1al llega, adem\u00e1s, cuando desde Washington apareci\u00f3 una recomendaci\u00f3n dif\u00edcil de ignorar. En di\u00e1logo con<strong> LA NACION<\/strong>, Gita Gopinath, exn\u00famero dos del Fondo Monetario Internacional y actual profesora de Econom\u00eda, sostuvo que <strong>\u201chay que permitir que el tipo de cambio se mueva de manera m\u00e1s flexible\u201d<\/strong>. Y agreg\u00f3 un punto particularmente relevante para la discusi\u00f3n argentina: esa flexibilidad puede convivir con una mayor acumulaci\u00f3n de reservas, porque el pa\u00eds necesita <strong>un colch\u00f3n propio para enfrentar episodios de volatilidad<\/strong>, al no haber logrado acceso al mercado global de capitales.<\/p>\n<div class=\"content-media\">\n<section role=\"button\" class=\"mod-media   \">\n<figure role=\"button\" tabindex=\"0\" class=\"mod-figure \"><figcaption class=\"mod-figcaption\"><span class=\"com-text --caption --twoxs\">Gita Gopinath en el World Economic Forum<\/span><span class=\"com-text --credit --twoxs\">AMIT LAVEE<\/span><\/figcaption><\/figure>\n<\/section>\n<\/div>\n<p class=\"com-paragraph --s\">Adem\u00e1s, el viernes se conocieron las cifras del Balance Cambiario correspondiente a <strong>julio<\/strong>, que mostraron que <strong>1,7 millones de personas compraron US$3319 millones<\/strong> y la demanda neta de divisas lleg\u00f3 a <strong>US$3143 millones, 52,2% m\u00e1s que en junio y el nivel m\u00e1s alto desde los meses inmediatamente anteriores a las \u00faltimas elecciones legislativas<\/strong>.<\/p>\n<p class=\"com-paragraph --s\">Durante buena parte del primer semestre, la oferta privada de d\u00f3lares hab\u00eda permitido que el BCRA comprara grandes cantidades sin que esa intervenci\u00f3n se tradujera necesariamente en una presi\u00f3n significativa sobre la cotizaci\u00f3n. En julio y, con mayor claridad, en agosto, <strong>la ecuaci\u00f3n comenz\u00f3 a modificarse<\/strong>.<\/p>\n<p class=\"com-paragraph --s\">Con la compra del d\u00eda, el BCRA ya lleva adquiridos <strong>US$14.095 millones en lo que va del a\u00f1o<\/strong>, una cifra considerable que se encuentra a poco m\u00e1s del 20% del objetivo de m\u00e1xima de US$17.000 millones fijado para todo el a\u00f1o.<\/p>\n<p class=\"com-paragraph --s\">Pero <strong>comprar no es lo mismo que retener<\/strong>. Seg\u00fan los registros difundidos hasta julio, <mark class=\"hl_underline\">el BCRA debi\u00f3 venderle al Tesoro US$6922 millones<\/mark> para que el Gobierno pudiera atender distintos vencimientos de deuda.<\/p>\n<p class=\"com-paragraph --s\">Es una diferencia relevante porque <strong>la cifra de reservas propias es la que importa para enfrentar una eventual turbulencia<\/strong> y porque es la relaci\u00f3n que el mercado mira frente a los pasivos y a las obligaciones futuras.<\/p>\n<div class=\"content-media\">\n<section role=\"button\" class=\"mod-media   \">\n<figure role=\"button\" tabindex=\"0\" class=\"mod-figure \"><figcaption class=\"mod-figcaption\"><span class=\"com-text --caption --twoxs\">Seg\u00fan los registros difundidos hasta julio, el BCRA debi\u00f3 venderle al Tesoro US$6922 millones para que el Gobierno pudiera atender distintos vencimientos de deuda.<\/span><\/figcaption><\/figure>\n<\/section>\n<\/div>\n<p class=\"com-paragraph --s\">La estrategia oficial parece enfrentar tensiones. Por un lado, necesita comprar d\u00f3lares para cumplir con el objetivo de recomponer reservas y llegar mejor preparado a 2027. Por otro lado, cuando aumenta la demanda privada, <strong>comprar agresivamente puede significar ponerle un piso m\u00e1s alto al d\u00f3lar<\/strong>.<\/p>\n<p class=\"com-paragraph --s\">La cuesti\u00f3n que queda abierta hacia septiembre es si el esquema cambiario puede conseguir simult\u00e1neamente las tres cosas que ahora se le exigen: <mark class=\"hl_underline\">acumular reservas, permitir que el tipo de cambio se mueva con mayor libertad y evitar que una mayor demanda privada de d\u00f3lares se transforme en una presi\u00f3n desordenada sobre la cotizaci\u00f3n.<\/mark><\/p>\n<p class=\"com-paragraph --s\">Por ahora, agosto ofrece una primera respuesta: <strong>cuando el d\u00f3lar empez\u00f3 a ser m\u00e1s demandado, el Banco Central tuvo que elegir. Y eligi\u00f3 comprar menos.<\/strong><\/p>\n<section class=\"container-center-100 mb-40 border border-bottom border-thin border-neutral-light-700\">\n<hr\/>\n<\/section>\n<\/div>\n<p><script id=\"facebookpixel\" defer=\"\" type=\"text\/javascript\">\n        !function(f,b,e,v,n,t,s)\n        {if(f.fbq)return;n=f.fbq=function(){n.callMethod?\n        n.callMethod.apply(n,arguments):n.queue.push(arguments)};\n        if(!f._fbq)f._fbq=n;n.push=n;n.loaded=!0;n.version='2.0';\n        n.queue=[];t=b.createElement(e);t.async=!0;\n        t.src=v;s=b.getElementsByTagName(e)[0];\n        s.parentNode.insertBefore(t,s)}(window, document,'script',\n        'https:\/\/connect.facebook.net\/en_US\/fbevents.js');\n        fbq('init', '492459597522335');\n        fbq('track', 'PageView');\n    <\/script><\/p>\n","protected":false},"excerpt":{"rendered":"<p>Agosto cierra como el mes en que el Banco Central (BCRA) compr\u00f3 la menor cantidad de reservas en lo que va del a\u00f1o. Es un dato que coincide con el aumento de la demanda privada de d\u00f3lares y con el pedido de una exreferente del FMI para que el d\u00f3lar pueda moverse con mayor flexibilidad [&hellip;]<\/p>\n","protected":false},"author":1,"featured_media":209990,"comment_status":"closed","ping_status":"closed","sticky":false,"template":"","format":"standard","meta":{"footnotes":""},"categories":[28],"tags":[],"class_list":["post-209989","post","type-post","status-publish","format-standard","has-post-thumbnail","hentry","category-economia"],"yoast_head":"<!-- This site is optimized with the Yoast SEO plugin v24.4 - https:\/\/yoast.com\/wordpress\/plugins\/seo\/ -->\n<title>El Banco Central hizo en agosto la menor compra mensual de reservas en lo que va del a\u00f1o - GYS NOTICIAS |<\/title>\n<meta name=\"robots\" content=\"index, follow, max-snippet:-1, max-image-preview:large, max-video-preview:-1\" \/>\n<link rel=\"canonical\" href=\"https:\/\/gysfm.com.ar\/inicio\/el-banco-central-hizo-en-agosto-la-menor-compra-mensual-de-reservas-en-lo-que-va-del-ano\/\" \/>\n<meta property=\"og:locale\" content=\"es_ES\" \/>\n<meta property=\"og:type\" content=\"article\" \/>\n<meta property=\"og:title\" content=\"El Banco Central hizo en agosto la menor compra mensual de reservas en lo que va del a\u00f1o - GYS NOTICIAS |\" \/>\n<meta property=\"og:description\" content=\"Agosto cierra como el mes en que el Banco Central (BCRA) compr\u00f3 la menor cantidad de reservas en lo que va del a\u00f1o. Es un dato que coincide con el aumento de la demanda privada de d\u00f3lares y con el pedido de una exreferente del FMI para que el d\u00f3lar pueda moverse con mayor flexibilidad [&hellip;]\" \/>\n<meta property=\"og:url\" content=\"https:\/\/gysfm.com.ar\/inicio\/el-banco-central-hizo-en-agosto-la-menor-compra-mensual-de-reservas-en-lo-que-va-del-ano\/\" \/>\n<meta property=\"og:site_name\" content=\"GYS NOTICIAS |\" \/>\n<meta property=\"article:published_time\" content=\"2026-08-31T23:07:14+00:00\" \/>\n<meta property=\"article:modified_time\" content=\"2026-08-31T23:07:15+00:00\" \/>\n<meta property=\"og:image\" content=\"https:\/\/gysfm.com.ar\/inicio\/wp-content\/uploads\/2026\/08\/agosto-combino-la-menor-compra-de-reservas-del-7VJ4R5RMIJFKHAB65YOAFVMYM4.jpg\" \/>\n\t<meta property=\"og:image:width\" content=\"1200\" \/>\n\t<meta property=\"og:image:height\" content=\"800\" \/>\n\t<meta property=\"og:image:type\" content=\"image\/jpeg\" \/>\n<meta name=\"author\" content=\"admin\" \/>\n<meta name=\"twitter:card\" content=\"summary_large_image\" \/>\n<meta name=\"twitter:label1\" content=\"Escrito por\" \/>\n\t<meta name=\"twitter:data1\" content=\"admin\" \/>\n\t<meta name=\"twitter:label2\" content=\"Tiempo de lectura\" \/>\n\t<meta name=\"twitter:data2\" content=\"4 minutos\" \/>\n<script type=\"application\/ld+json\" class=\"yoast-schema-graph\">{\"@context\":\"https:\/\/schema.org\",\"@graph\":[{\"@type\":\"Article\",\"@id\":\"https:\/\/gysfm.com.ar\/inicio\/el-banco-central-hizo-en-agosto-la-menor-compra-mensual-de-reservas-en-lo-que-va-del-ano\/#article\",\"isPartOf\":{\"@id\":\"https:\/\/gysfm.com.ar\/inicio\/el-banco-central-hizo-en-agosto-la-menor-compra-mensual-de-reservas-en-lo-que-va-del-ano\/\"},\"author\":{\"name\":\"admin\",\"@id\":\"https:\/\/gysfm.com.ar\/inicio\/#\/schema\/person\/5bedd7ecd35cc35548d89effafa23696\"},\"headline\":\"El Banco Central hizo en agosto la menor compra mensual de reservas en lo que va del a\u00f1o\",\"datePublished\":\"2026-08-31T23:07:14+00:00\",\"dateModified\":\"2026-08-31T23:07:15+00:00\",\"mainEntityOfPage\":{\"@id\":\"https:\/\/gysfm.com.ar\/inicio\/el-banco-central-hizo-en-agosto-la-menor-compra-mensual-de-reservas-en-lo-que-va-del-ano\/\"},\"wordCount\":850,\"publisher\":{\"@id\":\"https:\/\/gysfm.com.ar\/inicio\/#organization\"},\"image\":{\"@id\":\"https:\/\/gysfm.com.ar\/inicio\/el-banco-central-hizo-en-agosto-la-menor-compra-mensual-de-reservas-en-lo-que-va-del-ano\/#primaryimage\"},\"thumbnailUrl\":\"https:\/\/gysfm.com.ar\/inicio\/wp-content\/uploads\/2026\/08\/agosto-combino-la-menor-compra-de-reservas-del-7VJ4R5RMIJFKHAB65YOAFVMYM4.jpg\",\"articleSection\":[\"ECONOMIA\"],\"inLanguage\":\"es\"},{\"@type\":\"WebPage\",\"@id\":\"https:\/\/gysfm.com.ar\/inicio\/el-banco-central-hizo-en-agosto-la-menor-compra-mensual-de-reservas-en-lo-que-va-del-ano\/\",\"url\":\"https:\/\/gysfm.com.ar\/inicio\/el-banco-central-hizo-en-agosto-la-menor-compra-mensual-de-reservas-en-lo-que-va-del-ano\/\",\"name\":\"El Banco Central hizo en agosto la menor compra mensual de reservas en lo que va del a\u00f1o - GYS NOTICIAS |\",\"isPartOf\":{\"@id\":\"https:\/\/gysfm.com.ar\/inicio\/#website\"},\"primaryImageOfPage\":{\"@id\":\"https:\/\/gysfm.com.ar\/inicio\/el-banco-central-hizo-en-agosto-la-menor-compra-mensual-de-reservas-en-lo-que-va-del-ano\/#primaryimage\"},\"image\":{\"@id\":\"https:\/\/gysfm.com.ar\/inicio\/el-banco-central-hizo-en-agosto-la-menor-compra-mensual-de-reservas-en-lo-que-va-del-ano\/#primaryimage\"},\"thumbnailUrl\":\"https:\/\/gysfm.com.ar\/inicio\/wp-content\/uploads\/2026\/08\/agosto-combino-la-menor-compra-de-reservas-del-7VJ4R5RMIJFKHAB65YOAFVMYM4.jpg\",\"datePublished\":\"2026-08-31T23:07:14+00:00\",\"dateModified\":\"2026-08-31T23:07:15+00:00\",\"breadcrumb\":{\"@id\":\"https:\/\/gysfm.com.ar\/inicio\/el-banco-central-hizo-en-agosto-la-menor-compra-mensual-de-reservas-en-lo-que-va-del-ano\/#breadcrumb\"},\"inLanguage\":\"es\",\"potentialAction\":[{\"@type\":\"ReadAction\",\"target\":[\"https:\/\/gysfm.com.ar\/inicio\/el-banco-central-hizo-en-agosto-la-menor-compra-mensual-de-reservas-en-lo-que-va-del-ano\/\"]}]},{\"@type\":\"ImageObject\",\"inLanguage\":\"es\",\"@id\":\"https:\/\/gysfm.com.ar\/inicio\/el-banco-central-hizo-en-agosto-la-menor-compra-mensual-de-reservas-en-lo-que-va-del-ano\/#primaryimage\",\"url\":\"https:\/\/gysfm.com.ar\/inicio\/wp-content\/uploads\/2026\/08\/agosto-combino-la-menor-compra-de-reservas-del-7VJ4R5RMIJFKHAB65YOAFVMYM4.jpg\",\"contentUrl\":\"https:\/\/gysfm.com.ar\/inicio\/wp-content\/uploads\/2026\/08\/agosto-combino-la-menor-compra-de-reservas-del-7VJ4R5RMIJFKHAB65YOAFVMYM4.jpg\",\"width\":1200,\"height\":800},{\"@type\":\"BreadcrumbList\",\"@id\":\"https:\/\/gysfm.com.ar\/inicio\/el-banco-central-hizo-en-agosto-la-menor-compra-mensual-de-reservas-en-lo-que-va-del-ano\/#breadcrumb\",\"itemListElement\":[{\"@type\":\"ListItem\",\"position\":1,\"name\":\"Portada\",\"item\":\"https:\/\/gysfm.com.ar\/inicio\/\"},{\"@type\":\"ListItem\",\"position\":2,\"name\":\"El Banco Central hizo en agosto la menor compra mensual de reservas en lo que va del a\u00f1o\"}]},{\"@type\":\"WebSite\",\"@id\":\"https:\/\/gysfm.com.ar\/inicio\/#website\",\"url\":\"https:\/\/gysfm.com.ar\/inicio\/\",\"name\":\"GYS NOTICIAS |\",\"description\":\"DIARIO - RADIO ONLINE SAN JUAN ARGENTINA\",\"publisher\":{\"@id\":\"https:\/\/gysfm.com.ar\/inicio\/#organization\"},\"potentialAction\":[{\"@type\":\"SearchAction\",\"target\":{\"@type\":\"EntryPoint\",\"urlTemplate\":\"https:\/\/gysfm.com.ar\/inicio\/?s={search_term_string}\"},\"query-input\":{\"@type\":\"PropertyValueSpecification\",\"valueRequired\":true,\"valueName\":\"search_term_string\"}}],\"inLanguage\":\"es\"},{\"@type\":\"Organization\",\"@id\":\"https:\/\/gysfm.com.ar\/inicio\/#organization\",\"name\":\"GYS NOTICIAS |\",\"url\":\"https:\/\/gysfm.com.ar\/inicio\/\",\"logo\":{\"@type\":\"ImageObject\",\"inLanguage\":\"es\",\"@id\":\"https:\/\/gysfm.com.ar\/inicio\/#\/schema\/logo\/image\/\",\"url\":\"https:\/\/gysfm.com.ar\/inicio\/wp-content\/uploads\/2023\/07\/LOGOGYS-OK.png\",\"contentUrl\":\"https:\/\/gysfm.com.ar\/inicio\/wp-content\/uploads\/2023\/07\/LOGOGYS-OK.png\",\"width\":1170,\"height\":872,\"caption\":\"GYS NOTICIAS |\"},\"image\":{\"@id\":\"https:\/\/gysfm.com.ar\/inicio\/#\/schema\/logo\/image\/\"}},{\"@type\":\"Person\",\"@id\":\"https:\/\/gysfm.com.ar\/inicio\/#\/schema\/person\/5bedd7ecd35cc35548d89effafa23696\",\"name\":\"admin\",\"image\":{\"@type\":\"ImageObject\",\"inLanguage\":\"es\",\"@id\":\"https:\/\/gysfm.com.ar\/inicio\/#\/schema\/person\/image\/\",\"url\":\"https:\/\/secure.gravatar.com\/avatar\/c331d312b5243fb64d5ba28108a447b27c925295129a363082c9ea52c28d32c2?s=96&d=mm&r=g\",\"contentUrl\":\"https:\/\/secure.gravatar.com\/avatar\/c331d312b5243fb64d5ba28108a447b27c925295129a363082c9ea52c28d32c2?s=96&d=mm&r=g\",\"caption\":\"admin\"},\"sameAs\":[\"https:\/\/gysfm.com.ar\/inicio\"],\"url\":\"https:\/\/gysfm.com.ar\/inicio\/author\/admin\/\"}]}<\/script>\n<!-- \/ Yoast SEO plugin. -->","yoast_head_json":{"title":"El Banco Central hizo en agosto la menor compra mensual de reservas en lo que va del a\u00f1o - GYS NOTICIAS |","robots":{"index":"index","follow":"follow","max-snippet":"max-snippet:-1","max-image-preview":"max-image-preview:large","max-video-preview":"max-video-preview:-1"},"canonical":"https:\/\/gysfm.com.ar\/inicio\/el-banco-central-hizo-en-agosto-la-menor-compra-mensual-de-reservas-en-lo-que-va-del-ano\/","og_locale":"es_ES","og_type":"article","og_title":"El Banco Central hizo en agosto la menor compra mensual de reservas en lo que va del a\u00f1o - GYS NOTICIAS |","og_description":"Agosto cierra como el mes en que el Banco Central (BCRA) compr\u00f3 la menor cantidad de reservas en lo que va del a\u00f1o. Es un dato que coincide con el aumento de la demanda privada de d\u00f3lares y con el pedido de una exreferente del FMI para que el d\u00f3lar pueda moverse con mayor flexibilidad [&hellip;]","og_url":"https:\/\/gysfm.com.ar\/inicio\/el-banco-central-hizo-en-agosto-la-menor-compra-mensual-de-reservas-en-lo-que-va-del-ano\/","og_site_name":"GYS NOTICIAS |","article_published_time":"2026-08-31T23:07:14+00:00","article_modified_time":"2026-08-31T23:07:15+00:00","og_image":[{"width":1200,"height":800,"url":"https:\/\/gysfm.com.ar\/inicio\/wp-content\/uploads\/2026\/08\/agosto-combino-la-menor-compra-de-reservas-del-7VJ4R5RMIJFKHAB65YOAFVMYM4.jpg","type":"image\/jpeg"}],"author":"admin","twitter_card":"summary_large_image","twitter_misc":{"Escrito por":"admin","Tiempo de lectura":"4 minutos"},"schema":{"@context":"https:\/\/schema.org","@graph":[{"@type":"Article","@id":"https:\/\/gysfm.com.ar\/inicio\/el-banco-central-hizo-en-agosto-la-menor-compra-mensual-de-reservas-en-lo-que-va-del-ano\/#article","isPartOf":{"@id":"https:\/\/gysfm.com.ar\/inicio\/el-banco-central-hizo-en-agosto-la-menor-compra-mensual-de-reservas-en-lo-que-va-del-ano\/"},"author":{"name":"admin","@id":"https:\/\/gysfm.com.ar\/inicio\/#\/schema\/person\/5bedd7ecd35cc35548d89effafa23696"},"headline":"El Banco Central hizo en agosto la menor compra mensual de reservas en lo que va del a\u00f1o","datePublished":"2026-08-31T23:07:14+00:00","dateModified":"2026-08-31T23:07:15+00:00","mainEntityOfPage":{"@id":"https:\/\/gysfm.com.ar\/inicio\/el-banco-central-hizo-en-agosto-la-menor-compra-mensual-de-reservas-en-lo-que-va-del-ano\/"},"wordCount":850,"publisher":{"@id":"https:\/\/gysfm.com.ar\/inicio\/#organization"},"image":{"@id":"https:\/\/gysfm.com.ar\/inicio\/el-banco-central-hizo-en-agosto-la-menor-compra-mensual-de-reservas-en-lo-que-va-del-ano\/#primaryimage"},"thumbnailUrl":"https:\/\/gysfm.com.ar\/inicio\/wp-content\/uploads\/2026\/08\/agosto-combino-la-menor-compra-de-reservas-del-7VJ4R5RMIJFKHAB65YOAFVMYM4.jpg","articleSection":["ECONOMIA"],"inLanguage":"es"},{"@type":"WebPage","@id":"https:\/\/gysfm.com.ar\/inicio\/el-banco-central-hizo-en-agosto-la-menor-compra-mensual-de-reservas-en-lo-que-va-del-ano\/","url":"https:\/\/gysfm.com.ar\/inicio\/el-banco-central-hizo-en-agosto-la-menor-compra-mensual-de-reservas-en-lo-que-va-del-ano\/","name":"El Banco Central hizo en agosto la menor compra mensual de reservas en lo que va del a\u00f1o - GYS NOTICIAS |","isPartOf":{"@id":"https:\/\/gysfm.com.ar\/inicio\/#website"},"primaryImageOfPage":{"@id":"https:\/\/gysfm.com.ar\/inicio\/el-banco-central-hizo-en-agosto-la-menor-compra-mensual-de-reservas-en-lo-que-va-del-ano\/#primaryimage"},"image":{"@id":"https:\/\/gysfm.com.ar\/inicio\/el-banco-central-hizo-en-agosto-la-menor-compra-mensual-de-reservas-en-lo-que-va-del-ano\/#primaryimage"},"thumbnailUrl":"https:\/\/gysfm.com.ar\/inicio\/wp-content\/uploads\/2026\/08\/agosto-combino-la-menor-compra-de-reservas-del-7VJ4R5RMIJFKHAB65YOAFVMYM4.jpg","datePublished":"2026-08-31T23:07:14+00:00","dateModified":"2026-08-31T23:07:15+00:00","breadcrumb":{"@id":"https:\/\/gysfm.com.ar\/inicio\/el-banco-central-hizo-en-agosto-la-menor-compra-mensual-de-reservas-en-lo-que-va-del-ano\/#breadcrumb"},"inLanguage":"es","potentialAction":[{"@type":"ReadAction","target":["https:\/\/gysfm.com.ar\/inicio\/el-banco-central-hizo-en-agosto-la-menor-compra-mensual-de-reservas-en-lo-que-va-del-ano\/"]}]},{"@type":"ImageObject","inLanguage":"es","@id":"https:\/\/gysfm.com.ar\/inicio\/el-banco-central-hizo-en-agosto-la-menor-compra-mensual-de-reservas-en-lo-que-va-del-ano\/#primaryimage","url":"https:\/\/gysfm.com.ar\/inicio\/wp-content\/uploads\/2026\/08\/agosto-combino-la-menor-compra-de-reservas-del-7VJ4R5RMIJFKHAB65YOAFVMYM4.jpg","contentUrl":"https:\/\/gysfm.com.ar\/inicio\/wp-content\/uploads\/2026\/08\/agosto-combino-la-menor-compra-de-reservas-del-7VJ4R5RMIJFKHAB65YOAFVMYM4.jpg","width":1200,"height":800},{"@type":"BreadcrumbList","@id":"https:\/\/gysfm.com.ar\/inicio\/el-banco-central-hizo-en-agosto-la-menor-compra-mensual-de-reservas-en-lo-que-va-del-ano\/#breadcrumb","itemListElement":[{"@type":"ListItem","position":1,"name":"Portada","item":"https:\/\/gysfm.com.ar\/inicio\/"},{"@type":"ListItem","position":2,"name":"El Banco Central hizo en agosto la menor compra mensual de reservas en lo que va del a\u00f1o"}]},{"@type":"WebSite","@id":"https:\/\/gysfm.com.ar\/inicio\/#website","url":"https:\/\/gysfm.com.ar\/inicio\/","name":"GYS NOTICIAS |","description":"DIARIO - RADIO ONLINE SAN JUAN ARGENTINA","publisher":{"@id":"https:\/\/gysfm.com.ar\/inicio\/#organization"},"potentialAction":[{"@type":"SearchAction","target":{"@type":"EntryPoint","urlTemplate":"https:\/\/gysfm.com.ar\/inicio\/?s={search_term_string}"},"query-input":{"@type":"PropertyValueSpecification","valueRequired":true,"valueName":"search_term_string"}}],"inLanguage":"es"},{"@type":"Organization","@id":"https:\/\/gysfm.com.ar\/inicio\/#organization","name":"GYS NOTICIAS |","url":"https:\/\/gysfm.com.ar\/inicio\/","logo":{"@type":"ImageObject","inLanguage":"es","@id":"https:\/\/gysfm.com.ar\/inicio\/#\/schema\/logo\/image\/","url":"https:\/\/gysfm.com.ar\/inicio\/wp-content\/uploads\/2023\/07\/LOGOGYS-OK.png","contentUrl":"https:\/\/gysfm.com.ar\/inicio\/wp-content\/uploads\/2023\/07\/LOGOGYS-OK.png","width":1170,"height":872,"caption":"GYS NOTICIAS |"},"image":{"@id":"https:\/\/gysfm.com.ar\/inicio\/#\/schema\/logo\/image\/"}},{"@type":"Person","@id":"https:\/\/gysfm.com.ar\/inicio\/#\/schema\/person\/5bedd7ecd35cc35548d89effafa23696","name":"admin","image":{"@type":"ImageObject","inLanguage":"es","@id":"https:\/\/gysfm.com.ar\/inicio\/#\/schema\/person\/image\/","url":"https:\/\/secure.gravatar.com\/avatar\/c331d312b5243fb64d5ba28108a447b27c925295129a363082c9ea52c28d32c2?s=96&d=mm&r=g","contentUrl":"https:\/\/secure.gravatar.com\/avatar\/c331d312b5243fb64d5ba28108a447b27c925295129a363082c9ea52c28d32c2?s=96&d=mm&r=g","caption":"admin"},"sameAs":["https:\/\/gysfm.com.ar\/inicio"],"url":"https:\/\/gysfm.com.ar\/inicio\/author\/admin\/"}]}},"_links":{"self":[{"href":"https:\/\/gysfm.com.ar\/inicio\/wp-json\/wp\/v2\/posts\/209989","targetHints":{"allow":["GET"]}}],"collection":[{"href":"https:\/\/gysfm.com.ar\/inicio\/wp-json\/wp\/v2\/posts"}],"about":[{"href":"https:\/\/gysfm.com.ar\/inicio\/wp-json\/wp\/v2\/types\/post"}],"author":[{"embeddable":true,"href":"https:\/\/gysfm.com.ar\/inicio\/wp-json\/wp\/v2\/users\/1"}],"replies":[{"embeddable":true,"href":"https:\/\/gysfm.com.ar\/inicio\/wp-json\/wp\/v2\/comments?post=209989"}],"version-history":[{"count":1,"href":"https:\/\/gysfm.com.ar\/inicio\/wp-json\/wp\/v2\/posts\/209989\/revisions"}],"predecessor-version":[{"id":209991,"href":"https:\/\/gysfm.com.ar\/inicio\/wp-json\/wp\/v2\/posts\/209989\/revisions\/209991"}],"wp:featuredmedia":[{"embeddable":true,"href":"https:\/\/gysfm.com.ar\/inicio\/wp-json\/wp\/v2\/media\/209990"}],"wp:attachment":[{"href":"https:\/\/gysfm.com.ar\/inicio\/wp-json\/wp\/v2\/media?parent=209989"}],"wp:term":[{"taxonomy":"category","embeddable":true,"href":"https:\/\/gysfm.com.ar\/inicio\/wp-json\/wp\/v2\/categories?post=209989"},{"taxonomy":"post_tag","embeddable":true,"href":"https:\/\/gysfm.com.ar\/inicio\/wp-json\/wp\/v2\/tags?post=209989"}],"curies":[{"name":"wp","href":"https:\/\/api.w.org\/{rel}","templated":true}]}}