{"id":209987,"date":"2026-08-31T19:42:29","date_gmt":"2026-08-31T22:42:29","guid":{"rendered":"https:\/\/gysfm.com.ar\/inicio\/llega-la-expo-biblio-pop-diario-d3-noticias\/"},"modified":"2026-08-31T19:42:29","modified_gmt":"2026-08-31T22:42:29","slug":"llega-la-expo-biblio-pop-diario-d3-noticias","status":"publish","type":"post","link":"https:\/\/gysfm.com.ar\/inicio\/llega-la-expo-biblio-pop-diario-d3-noticias\/","title":{"rendered":"Llega la\u00a0Expo Biblio Pop \u2013 DIARIO D3 NOTICIAS"},"content":{"rendered":"<p> <br \/>\n<\/p>\n<div>\n<p>El pr\u00f3ximo 3 y 4 de septiembre, los sanjuaninos podr\u00e1n ser parte de la feria de bibliotecas populares m\u00e1s grande de la provincia con la llegada de la\u00a0<strong>Expo Biblio Pop<\/strong>. El encuentro se desarrollar\u00e1 en\u00a0<strong>tres sedes como la Direcci\u00f3n de Bibliotecas Populares, el Centro Cultural Conte Grand y el Museo Provincial de Bellas Artes Franklin Rawson<\/strong>, ofreciendo una variada agenda, en doble turno, pensada para estudiantes de nivel primario y secundario, j\u00f3venes y familias de toda la provincia.<\/p>\n<p>En el\u00a0<strong>Centro Cultural Conte Grand<\/strong>\u00a0se concentrar\u00e1 una amplia muestra donde participar\u00e1n 37 bibliotecas populares sanjuaninas con material y propuestas did\u00e1cticas. A su vez, las principales editoriales y librer\u00edas locales ofrecer\u00e1n venta de libros con promociones especiales, acompa\u00f1adas por un concurrido sector dedicado al c\u00f3mic, el manga y las historietas. La grilla del espacio se completar\u00e1 con presentaciones literarias, el circuito Dino Educaci\u00f3n, obras de teatro sobre la Difunta Correa y Sarmiento, DJ en vivo, shows de danza urbana, desfile de cosplay, sorteos y un patio gastron\u00f3mico.<\/p>\n<p>Por su parte, en la<strong>\u00a0Direcci\u00f3n de Bibliotecas Populares y Actividades Literarias<\/strong>, ubicada 25 de Mayo y Las Heras, habr\u00e1 charlas y presentaciones literarias a las 10, 11:15, 15 y 16:15 h durante los dos d\u00edas que dura la Expo.<\/p>\n<p>En cuanto al\u00a0<strong>Museo Provincial de Bellas Artes Franklin Rawson<\/strong>, ser\u00e1 el espacio destinado a la capacitaci\u00f3n con una serie de talleres gratuitos que tendr\u00e1n inscripci\u00f3n por orden de llegada hasta agotar cupo. Las actividades comenzar\u00e1n el jueves 3 a las 10 y 11:15 h con los talleres de Origami y de C\u00f3mics y, a las 14:30 y 15:45, habr\u00e1 fotobordado y origami. En cuanto al viernes 4, a las 14:30 y 15:45 habr\u00e1 comic y lengua japonesa.<\/p>\n<p>Esta iniciativa destaca por su perfil interministerial, articulado entre el Ministerio de Turismo, Cultura y Deporte y el Ministerio de Educaci\u00f3n. De esta manera, la Expo Biblio Pop integrar\u00e1 las propuestas de los programas educativos Comprendo y Aprendo y el Programa de Coros y Orquestas, fortaleciendo la alfabetizaci\u00f3n, la lectura y la expresi\u00f3n art\u00edstica en un entorno din\u00e1mico e inclusivo.<\/p>\n<p>A trav\u00e9s de estas acciones,\u00a0<strong>el Gobierno de San Juan reafirma su compromiso de garantizar el acceso a la cultura y al conocimiento<\/strong>. Al conectar la educaci\u00f3n con las nuevas expresiones culturales de los j\u00f3venes y poner a disposici\u00f3n la infraestructura provincial, la gesti\u00f3n impulsa el desarrollo de la comunidad, acompa\u00f1a el trabajo de las bibliotecas populares y dinamiza el sector editorial y gastron\u00f3mico local.<\/p>\n<\/div>\n<p><br \/>\n<br \/><a href=\"https:\/\/diariod3.com\/llega-la-expo-biblio-pop\/\">Source link <\/a><\/p>\n","protected":false},"excerpt":{"rendered":"<p>El pr\u00f3ximo 3 y 4 de septiembre, los sanjuaninos podr\u00e1n ser parte de la feria de bibliotecas populares m\u00e1s grande de la provincia con la llegada de la\u00a0Expo Biblio Pop. El encuentro se desarrollar\u00e1 en\u00a0tres sedes como la Direcci\u00f3n de Bibliotecas Populares, el Centro Cultural Conte Grand y el Museo Provincial de Bellas Artes Franklin [&hellip;]<\/p>\n","protected":false},"author":2,"featured_media":209988,"comment_status":"closed","ping_status":"closed","sticky":false,"template":"","format":"standard","meta":{"footnotes":""},"categories":[31],"tags":[],"class_list":["post-209987","post","type-post","status-publish","format-standard","has-post-thumbnail","hentry","category-turismo-y-cultura"],"yoast_head":"<!-- This site is optimized with the Yoast SEO plugin v24.4 - https:\/\/yoast.com\/wordpress\/plugins\/seo\/ -->\n<title>Llega la\u00a0Expo Biblio Pop \u2013 DIARIO D3 NOTICIAS - GYS NOTICIAS |<\/title>\n<meta name=\"robots\" content=\"index, follow, max-snippet:-1, max-image-preview:large, max-video-preview:-1\" \/>\n<link rel=\"canonical\" href=\"https:\/\/gysfm.com.ar\/inicio\/llega-la-expo-biblio-pop-diario-d3-noticias\/\" \/>\n<meta property=\"og:locale\" content=\"es_ES\" \/>\n<meta property=\"og:type\" content=\"article\" \/>\n<meta property=\"og:title\" content=\"Llega la\u00a0Expo Biblio Pop \u2013 DIARIO D3 NOTICIAS - GYS NOTICIAS |\" \/>\n<meta property=\"og:description\" content=\"El pr\u00f3ximo 3 y 4 de septiembre, los sanjuaninos podr\u00e1n ser parte de la feria de bibliotecas populares m\u00e1s grande de la provincia con la llegada de la\u00a0Expo Biblio Pop. El encuentro se desarrollar\u00e1 en\u00a0tres sedes como la Direcci\u00f3n de Bibliotecas Populares, el Centro Cultural Conte Grand y el Museo Provincial de Bellas Artes Franklin [&hellip;]\" \/>\n<meta property=\"og:url\" content=\"https:\/\/gysfm.com.ar\/inicio\/llega-la-expo-biblio-pop-diario-d3-noticias\/\" \/>\n<meta property=\"og:site_name\" content=\"GYS NOTICIAS |\" \/>\n<meta property=\"article:published_time\" content=\"2026-08-31T22:42:29+00:00\" \/>\n<meta name=\"author\" content=\"Prensa G&amp;S FM\" \/>\n<meta name=\"twitter:card\" content=\"summary_large_image\" \/>\n<meta name=\"twitter:label1\" content=\"Escrito por\" \/>\n\t<meta name=\"twitter:data1\" content=\"Prensa G&amp;S FM\" \/>\n\t<meta name=\"twitter:label2\" content=\"Tiempo de lectura\" \/>\n\t<meta name=\"twitter:data2\" content=\"2 minutos\" \/>\n<script type=\"application\/ld+json\" class=\"yoast-schema-graph\">{\"@context\":\"https:\/\/schema.org\",\"@graph\":[{\"@type\":\"Article\",\"@id\":\"https:\/\/gysfm.com.ar\/inicio\/llega-la-expo-biblio-pop-diario-d3-noticias\/#article\",\"isPartOf\":{\"@id\":\"https:\/\/gysfm.com.ar\/inicio\/llega-la-expo-biblio-pop-diario-d3-noticias\/\"},\"author\":{\"name\":\"Prensa G&amp;S FM\",\"@id\":\"https:\/\/gysfm.com.ar\/inicio\/#\/schema\/person\/3abba7593ef2ad19e1be221d54383dc5\"},\"headline\":\"Llega la\u00a0Expo Biblio Pop \u2013 DIARIO D3 NOTICIAS\",\"datePublished\":\"2026-08-31T22:42:29+00:00\",\"mainEntityOfPage\":{\"@id\":\"https:\/\/gysfm.com.ar\/inicio\/llega-la-expo-biblio-pop-diario-d3-noticias\/\"},\"wordCount\":439,\"publisher\":{\"@id\":\"https:\/\/gysfm.com.ar\/inicio\/#organization\"},\"image\":{\"@id\":\"https:\/\/gysfm.com.ar\/inicio\/llega-la-expo-biblio-pop-diario-d3-noticias\/#primaryimage\"},\"thumbnailUrl\":\"https:\/\/gysfm.com.ar\/inicio\/wp-content\/uploads\/2026\/08\/53814299122_873567d41e_b.jpg\",\"articleSection\":[\"TURISMO Y CULTURA\"],\"inLanguage\":\"es\"},{\"@type\":\"WebPage\",\"@id\":\"https:\/\/gysfm.com.ar\/inicio\/llega-la-expo-biblio-pop-diario-d3-noticias\/\",\"url\":\"https:\/\/gysfm.com.ar\/inicio\/llega-la-expo-biblio-pop-diario-d3-noticias\/\",\"name\":\"Llega la\u00a0Expo Biblio Pop \u2013 DIARIO D3 NOTICIAS - GYS NOTICIAS |\",\"isPartOf\":{\"@id\":\"https:\/\/gysfm.com.ar\/inicio\/#website\"},\"primaryImageOfPage\":{\"@id\":\"https:\/\/gysfm.com.ar\/inicio\/llega-la-expo-biblio-pop-diario-d3-noticias\/#primaryimage\"},\"image\":{\"@id\":\"https:\/\/gysfm.com.ar\/inicio\/llega-la-expo-biblio-pop-diario-d3-noticias\/#primaryimage\"},\"thumbnailUrl\":\"https:\/\/gysfm.com.ar\/inicio\/wp-content\/uploads\/2026\/08\/53814299122_873567d41e_b.jpg\",\"datePublished\":\"2026-08-31T22:42:29+00:00\",\"breadcrumb\":{\"@id\":\"https:\/\/gysfm.com.ar\/inicio\/llega-la-expo-biblio-pop-diario-d3-noticias\/#breadcrumb\"},\"inLanguage\":\"es\",\"potentialAction\":[{\"@type\":\"ReadAction\",\"target\":[\"https:\/\/gysfm.com.ar\/inicio\/llega-la-expo-biblio-pop-diario-d3-noticias\/\"]}]},{\"@type\":\"ImageObject\",\"inLanguage\":\"es\",\"@id\":\"https:\/\/gysfm.com.ar\/inicio\/llega-la-expo-biblio-pop-diario-d3-noticias\/#primaryimage\",\"url\":\"https:\/\/gysfm.com.ar\/inicio\/wp-content\/uploads\/2026\/08\/53814299122_873567d41e_b.jpg\",\"contentUrl\":\"https:\/\/gysfm.com.ar\/inicio\/wp-content\/uploads\/2026\/08\/53814299122_873567d41e_b.jpg\",\"width\":1024,\"height\":683},{\"@type\":\"BreadcrumbList\",\"@id\":\"https:\/\/gysfm.com.ar\/inicio\/llega-la-expo-biblio-pop-diario-d3-noticias\/#breadcrumb\",\"itemListElement\":[{\"@type\":\"ListItem\",\"position\":1,\"name\":\"Portada\",\"item\":\"https:\/\/gysfm.com.ar\/inicio\/\"},{\"@type\":\"ListItem\",\"position\":2,\"name\":\"Llega la\u00a0Expo Biblio Pop \u2013 DIARIO D3 NOTICIAS\"}]},{\"@type\":\"WebSite\",\"@id\":\"https:\/\/gysfm.com.ar\/inicio\/#website\",\"url\":\"https:\/\/gysfm.com.ar\/inicio\/\",\"name\":\"GYS NOTICIAS |\",\"description\":\"DIARIO - RADIO ONLINE SAN JUAN ARGENTINA\",\"publisher\":{\"@id\":\"https:\/\/gysfm.com.ar\/inicio\/#organization\"},\"potentialAction\":[{\"@type\":\"SearchAction\",\"target\":{\"@type\":\"EntryPoint\",\"urlTemplate\":\"https:\/\/gysfm.com.ar\/inicio\/?s={search_term_string}\"},\"query-input\":{\"@type\":\"PropertyValueSpecification\",\"valueRequired\":true,\"valueName\":\"search_term_string\"}}],\"inLanguage\":\"es\"},{\"@type\":\"Organization\",\"@id\":\"https:\/\/gysfm.com.ar\/inicio\/#organization\",\"name\":\"GYS NOTICIAS |\",\"url\":\"https:\/\/gysfm.com.ar\/inicio\/\",\"logo\":{\"@type\":\"ImageObject\",\"inLanguage\":\"es\",\"@id\":\"https:\/\/gysfm.com.ar\/inicio\/#\/schema\/logo\/image\/\",\"url\":\"https:\/\/gysfm.com.ar\/inicio\/wp-content\/uploads\/2023\/07\/LOGOGYS-OK.png\",\"contentUrl\":\"https:\/\/gysfm.com.ar\/inicio\/wp-content\/uploads\/2023\/07\/LOGOGYS-OK.png\",\"width\":1170,\"height\":872,\"caption\":\"GYS NOTICIAS |\"},\"image\":{\"@id\":\"https:\/\/gysfm.com.ar\/inicio\/#\/schema\/logo\/image\/\"}},{\"@type\":\"Person\",\"@id\":\"https:\/\/gysfm.com.ar\/inicio\/#\/schema\/person\/3abba7593ef2ad19e1be221d54383dc5\",\"name\":\"Prensa G&amp;S FM\",\"image\":{\"@type\":\"ImageObject\",\"inLanguage\":\"es\",\"@id\":\"https:\/\/gysfm.com.ar\/inicio\/#\/schema\/person\/image\/\",\"url\":\"https:\/\/secure.gravatar.com\/avatar\/096ec78df02049ab018702bb4ccedf659377fa92a26540b5247612077a0dbd29?s=96&d=mm&r=g\",\"contentUrl\":\"https:\/\/secure.gravatar.com\/avatar\/096ec78df02049ab018702bb4ccedf659377fa92a26540b5247612077a0dbd29?s=96&d=mm&r=g\",\"caption\":\"Prensa G&amp;S FM\"},\"sameAs\":[\"https:\/\/gysfm.com.ar\/\"],\"url\":\"https:\/\/gysfm.com.ar\/inicio\/author\/lucasm\/\"}]}<\/script>\n<!-- \/ Yoast SEO plugin. -->","yoast_head_json":{"title":"Llega la\u00a0Expo Biblio Pop \u2013 DIARIO D3 NOTICIAS - GYS NOTICIAS |","robots":{"index":"index","follow":"follow","max-snippet":"max-snippet:-1","max-image-preview":"max-image-preview:large","max-video-preview":"max-video-preview:-1"},"canonical":"https:\/\/gysfm.com.ar\/inicio\/llega-la-expo-biblio-pop-diario-d3-noticias\/","og_locale":"es_ES","og_type":"article","og_title":"Llega la\u00a0Expo Biblio Pop \u2013 DIARIO D3 NOTICIAS - GYS NOTICIAS |","og_description":"El pr\u00f3ximo 3 y 4 de septiembre, los sanjuaninos podr\u00e1n ser parte de la feria de bibliotecas populares m\u00e1s grande de la provincia con la llegada de la\u00a0Expo Biblio Pop. El encuentro se desarrollar\u00e1 en\u00a0tres sedes como la Direcci\u00f3n de Bibliotecas Populares, el Centro Cultural Conte Grand y el Museo Provincial de Bellas Artes Franklin [&hellip;]","og_url":"https:\/\/gysfm.com.ar\/inicio\/llega-la-expo-biblio-pop-diario-d3-noticias\/","og_site_name":"GYS NOTICIAS |","article_published_time":"2026-08-31T22:42:29+00:00","author":"Prensa G&amp;S FM","twitter_card":"summary_large_image","twitter_misc":{"Escrito por":"Prensa G&amp;S FM","Tiempo de lectura":"2 minutos"},"schema":{"@context":"https:\/\/schema.org","@graph":[{"@type":"Article","@id":"https:\/\/gysfm.com.ar\/inicio\/llega-la-expo-biblio-pop-diario-d3-noticias\/#article","isPartOf":{"@id":"https:\/\/gysfm.com.ar\/inicio\/llega-la-expo-biblio-pop-diario-d3-noticias\/"},"author":{"name":"Prensa G&amp;S FM","@id":"https:\/\/gysfm.com.ar\/inicio\/#\/schema\/person\/3abba7593ef2ad19e1be221d54383dc5"},"headline":"Llega la\u00a0Expo Biblio Pop \u2013 DIARIO D3 NOTICIAS","datePublished":"2026-08-31T22:42:29+00:00","mainEntityOfPage":{"@id":"https:\/\/gysfm.com.ar\/inicio\/llega-la-expo-biblio-pop-diario-d3-noticias\/"},"wordCount":439,"publisher":{"@id":"https:\/\/gysfm.com.ar\/inicio\/#organization"},"image":{"@id":"https:\/\/gysfm.com.ar\/inicio\/llega-la-expo-biblio-pop-diario-d3-noticias\/#primaryimage"},"thumbnailUrl":"https:\/\/gysfm.com.ar\/inicio\/wp-content\/uploads\/2026\/08\/53814299122_873567d41e_b.jpg","articleSection":["TURISMO Y CULTURA"],"inLanguage":"es"},{"@type":"WebPage","@id":"https:\/\/gysfm.com.ar\/inicio\/llega-la-expo-biblio-pop-diario-d3-noticias\/","url":"https:\/\/gysfm.com.ar\/inicio\/llega-la-expo-biblio-pop-diario-d3-noticias\/","name":"Llega la\u00a0Expo Biblio Pop \u2013 DIARIO D3 NOTICIAS - GYS NOTICIAS |","isPartOf":{"@id":"https:\/\/gysfm.com.ar\/inicio\/#website"},"primaryImageOfPage":{"@id":"https:\/\/gysfm.com.ar\/inicio\/llega-la-expo-biblio-pop-diario-d3-noticias\/#primaryimage"},"image":{"@id":"https:\/\/gysfm.com.ar\/inicio\/llega-la-expo-biblio-pop-diario-d3-noticias\/#primaryimage"},"thumbnailUrl":"https:\/\/gysfm.com.ar\/inicio\/wp-content\/uploads\/2026\/08\/53814299122_873567d41e_b.jpg","datePublished":"2026-08-31T22:42:29+00:00","breadcrumb":{"@id":"https:\/\/gysfm.com.ar\/inicio\/llega-la-expo-biblio-pop-diario-d3-noticias\/#breadcrumb"},"inLanguage":"es","potentialAction":[{"@type":"ReadAction","target":["https:\/\/gysfm.com.ar\/inicio\/llega-la-expo-biblio-pop-diario-d3-noticias\/"]}]},{"@type":"ImageObject","inLanguage":"es","@id":"https:\/\/gysfm.com.ar\/inicio\/llega-la-expo-biblio-pop-diario-d3-noticias\/#primaryimage","url":"https:\/\/gysfm.com.ar\/inicio\/wp-content\/uploads\/2026\/08\/53814299122_873567d41e_b.jpg","contentUrl":"https:\/\/gysfm.com.ar\/inicio\/wp-content\/uploads\/2026\/08\/53814299122_873567d41e_b.jpg","width":1024,"height":683},{"@type":"BreadcrumbList","@id":"https:\/\/gysfm.com.ar\/inicio\/llega-la-expo-biblio-pop-diario-d3-noticias\/#breadcrumb","itemListElement":[{"@type":"ListItem","position":1,"name":"Portada","item":"https:\/\/gysfm.com.ar\/inicio\/"},{"@type":"ListItem","position":2,"name":"Llega la\u00a0Expo Biblio Pop \u2013 DIARIO D3 NOTICIAS"}]},{"@type":"WebSite","@id":"https:\/\/gysfm.com.ar\/inicio\/#website","url":"https:\/\/gysfm.com.ar\/inicio\/","name":"GYS NOTICIAS |","description":"DIARIO - RADIO ONLINE SAN JUAN ARGENTINA","publisher":{"@id":"https:\/\/gysfm.com.ar\/inicio\/#organization"},"potentialAction":[{"@type":"SearchAction","target":{"@type":"EntryPoint","urlTemplate":"https:\/\/gysfm.com.ar\/inicio\/?s={search_term_string}"},"query-input":{"@type":"PropertyValueSpecification","valueRequired":true,"valueName":"search_term_string"}}],"inLanguage":"es"},{"@type":"Organization","@id":"https:\/\/gysfm.com.ar\/inicio\/#organization","name":"GYS NOTICIAS |","url":"https:\/\/gysfm.com.ar\/inicio\/","logo":{"@type":"ImageObject","inLanguage":"es","@id":"https:\/\/gysfm.com.ar\/inicio\/#\/schema\/logo\/image\/","url":"https:\/\/gysfm.com.ar\/inicio\/wp-content\/uploads\/2023\/07\/LOGOGYS-OK.png","contentUrl":"https:\/\/gysfm.com.ar\/inicio\/wp-content\/uploads\/2023\/07\/LOGOGYS-OK.png","width":1170,"height":872,"caption":"GYS NOTICIAS |"},"image":{"@id":"https:\/\/gysfm.com.ar\/inicio\/#\/schema\/logo\/image\/"}},{"@type":"Person","@id":"https:\/\/gysfm.com.ar\/inicio\/#\/schema\/person\/3abba7593ef2ad19e1be221d54383dc5","name":"Prensa G&amp;S FM","image":{"@type":"ImageObject","inLanguage":"es","@id":"https:\/\/gysfm.com.ar\/inicio\/#\/schema\/person\/image\/","url":"https:\/\/secure.gravatar.com\/avatar\/096ec78df02049ab018702bb4ccedf659377fa92a26540b5247612077a0dbd29?s=96&d=mm&r=g","contentUrl":"https:\/\/secure.gravatar.com\/avatar\/096ec78df02049ab018702bb4ccedf659377fa92a26540b5247612077a0dbd29?s=96&d=mm&r=g","caption":"Prensa G&amp;S FM"},"sameAs":["https:\/\/gysfm.com.ar\/"],"url":"https:\/\/gysfm.com.ar\/inicio\/author\/lucasm\/"}]}},"_links":{"self":[{"href":"https:\/\/gysfm.com.ar\/inicio\/wp-json\/wp\/v2\/posts\/209987","targetHints":{"allow":["GET"]}}],"collection":[{"href":"https:\/\/gysfm.com.ar\/inicio\/wp-json\/wp\/v2\/posts"}],"about":[{"href":"https:\/\/gysfm.com.ar\/inicio\/wp-json\/wp\/v2\/types\/post"}],"author":[{"embeddable":true,"href":"https:\/\/gysfm.com.ar\/inicio\/wp-json\/wp\/v2\/users\/2"}],"replies":[{"embeddable":true,"href":"https:\/\/gysfm.com.ar\/inicio\/wp-json\/wp\/v2\/comments?post=209987"}],"version-history":[{"count":0,"href":"https:\/\/gysfm.com.ar\/inicio\/wp-json\/wp\/v2\/posts\/209987\/revisions"}],"wp:featuredmedia":[{"embeddable":true,"href":"https:\/\/gysfm.com.ar\/inicio\/wp-json\/wp\/v2\/media\/209988"}],"wp:attachment":[{"href":"https:\/\/gysfm.com.ar\/inicio\/wp-json\/wp\/v2\/media?parent=209987"}],"wp:term":[{"taxonomy":"category","embeddable":true,"href":"https:\/\/gysfm.com.ar\/inicio\/wp-json\/wp\/v2\/categories?post=209987"},{"taxonomy":"post_tag","embeddable":true,"href":"https:\/\/gysfm.com.ar\/inicio\/wp-json\/wp\/v2\/tags?post=209987"}],"curies":[{"name":"wp","href":"https:\/\/api.w.org\/{rel}","templated":true}]}}