{"id":209985,"date":"2026-08-31T19:30:22","date_gmt":"2026-08-31T22:30:22","guid":{"rendered":"https:\/\/gysfm.com.ar\/inicio\/wall-street-ya-descuenta-una-suba-de-tasas-de-la-fed-en-septiembre-a-la-espera-de-datos-clave-sobre-empleo\/"},"modified":"2026-08-31T19:30:22","modified_gmt":"2026-08-31T22:30:22","slug":"wall-street-ya-descuenta-una-suba-de-tasas-de-la-fed-en-septiembre-a-la-espera-de-datos-clave-sobre-empleo","status":"publish","type":"post","link":"https:\/\/gysfm.com.ar\/inicio\/wall-street-ya-descuenta-una-suba-de-tasas-de-la-fed-en-septiembre-a-la-espera-de-datos-clave-sobre-empleo\/","title":{"rendered":"Wall Street ya descuenta una suba de tasas de la Fed en septiembre a la espera de datos clave sobre empleo"},"content":{"rendered":"<p> <br \/>\n<\/p>\n<div id=\"\">\n<p id=\"p-1788187537390-38737\">El discurso que dio el presidente de la <strong>Reserva Federal (Fed), Kevin Warsh<\/strong>, el \u00faltimo viernes en <strong>Jackson Hole<\/strong> hizo que el mercado diera marcha atr\u00e1s sobre sus \u00faltimos pasos. Es decir, volvi\u00f3 a poner sobre la mesa una <strong>suba de tasas<\/strong> -ser\u00eda la primera desde 2023- como el escenario m\u00e1s probable para la pr\u00f3xima reuni\u00f3n pactada entre el 15 y 16 de septiembre.<\/p>\n<\/div>\n<div id=\"\">\n<p id=\"p-1788189762735-91585\">La <strong>bater\u00eda de datos<\/strong> sobre la salud del mercado de trabajo norteamericano que se conocer\u00e1n esta semana, y que finalizar\u00e1 el viernes con la publicaci\u00f3n del <strong>\u00abjob report\u00bb<\/strong>, podr\u00eda consolidar esa posibilidad. Sin embargo, si esos datos son negativos, podr\u00eda generar mayor volatilidad en los mercados, producto de la incertidumbre sobre el rumbo que tomar\u00e1 la <strong>Fed<\/strong>.<\/p>\n<\/div>\n<div id=\"\">\n<p id=\"p-1788190491479-8766\"> En un discurso que dur\u00f3 poco menos de media hora,<strong> Warsh<\/strong> abarc\u00f3 temas como la inteligencia artificial, la productividad, la <strong>situaci\u00f3n econ\u00f3mica de EEUU<\/strong> y su negativa a dar <strong>\u00aborientaci\u00f3n prospectiva\u00bb<\/strong>. Sin embargo, en esa comparecencia \u2014 que super\u00f3 las 3.500 palabras \u2014 hubo una que <strong>fue pronunciada 25 veces<\/strong> y que capt\u00f3 la atenci\u00f3n del mercado: <strong>inflaci\u00f3n<\/strong>.<\/p>\n<\/div>\n<div id=\"\">\n<p id=\"p-1788190306283-80559\">Su disconformidad respecto a la inflaci\u00f3n subyacente que mide el<strong> \u00cdndice PCE <\/strong>\u2014 que se ubic\u00f3 en 3,3% interanual \u2014 y su intenci\u00f3n declarada de cumplir con el mandato de la <strong>Fed <\/strong>de llevar los precios a un ritmo de 2% interanual llev\u00f3 a que el mercado internalice una mayor probabilidad de alza en las tasas.<\/p>\n<\/div>\n<div id=\"\">\n<p id=\"p-1788191043180-95980\">Seg\u00fan el <strong>FedWatch <\/strong>que mide <strong>CME Group<\/strong>, existen un 66% de probabilidades de que en la reuni\u00f3n que se realizar\u00e1 entre el 15 y el 16 de septiembre, el <strong>Comit\u00e9 Federal de Mercado Abierto (FOMC)<\/strong> de la autoridad monetaria decida subir los tipos unos 25 puntos b\u00e1sicos.<\/p>\n<\/div>\n<div id=\"\">\n<h2 id=\"p-1788191216891-91047\">Una semana de datos<\/h2>\n<p id=\"p-1788193480407-13453\">\u00abLa atenci\u00f3n de los inversionistas ya comienza a desplazarse hacia<strong> una semana mucho m\u00e1s decisiva<\/strong> donde <strong>las cifras de empleo ser\u00e1n clave<\/strong>\u00ab, destac\u00f3 el analista de <strong>Pepperstone<\/strong>,<strong> Felipe Barrag\u00e1n<\/strong>.<\/p>\n<p id=\"p-1788191299747-25243\">La bater\u00eda de datos comenzar\u00e1 este martes con la publicaci\u00f3n de la encuesta<strong> JOLTS<\/strong>, un informe mensual publicado por la <strong>Oficina de Estad\u00edsticas Laborales de EEUU<\/strong> (BLS, por sus siglas en ingl\u00e9s) que mide la demanda de mano de obra y la rotaci\u00f3n de personal en los<strong> Estados Unidos<\/strong>.<\/p>\n<p id=\"p-1788191251630-89697\">Tambi\u00e9n se publicar\u00e1 el \u00edndice <strong>PMI <\/strong>manufacturero de <strong>S&amp;P 500<\/strong> y su contraparte de<strong> ISM<\/strong>. En este \u00faltimo informe, tambi\u00e9n se incluir\u00e1 el <strong>\u00cdndice de empleo, precios y pedidos<\/strong>. El mi\u00e9rcoles se conocer\u00e1 el cambio de empleo no agr\u00edcola que mide la consultora ADP: se espera un incremento de 47.000 contra los 44.000 registrados en julio.<\/p>\n<div contenteditable=\"false\" class=\"embed_cont type_imagen\" id=\"8183318-Libre-2001683018_wrap\">\n<div id=\"8183318-Libre-2001683018_content\" class=\"embed_content\"><img src=\"https:\/\/media.ambito.com\/p\/2c1d6aa0d7cd559e32455237c699416b\/adjuntos\/239\/imagenes\/043\/143\/0043143482\/730x0\/1051x777:1071x797\/industria-eeuu.jpg\" decoding=\"async\" fetchpriority=\"low\" loading=\"lazy\" alt=\"Empleo, industria y comercio exterior: los datos claves que se conocer\u00e1n de la econom\u00eda de EEUU esta semana. \" title=\"Empleo, industria y comercio exterior: los datos claves que se conocer\u00e1n de la econom\u00eda de EEUU esta semana. \" width=\"730\" height=\"undefined\" id=\"8183318-Libre-2001683018_embed\"\/><\/div>\n<div class=\"embed_wrapper-cont\" id=\"p-1788193720108-10157\">\n<div id=\"8183318-Libre-2001683018_epigrafe\" class=\"embed_epigrafe\">\n<p id=\"p-1788193822502-43161\">Empleo, industria y comercio exterior: los datos claves que se conocer\u00e1n de la econom\u00eda de EEUU esta semana.<\/p>\n<\/div>\n<p>Nikolas Zane<\/p>\n<\/div><\/div>\n<p id=\"p-1788191828507-74409\">Seguir\u00e1 el jueves, con los datos de la <strong>consultora Challenger<\/strong> sobre despidos en el sector privado, los<strong> \u00edndices de PMI <\/strong>de servicios de <strong>S&amp;P 500<\/strong> e <strong>ISM<\/strong>, como as\u00ed tambi\u00e9n los datos semanales de <strong>renovaci\u00f3n de subsidio por desempleo<\/strong>, la proyecci\u00f3n de <strong>PBI de la Fed de Atlanta <\/strong>y la<strong> balanza comercial <\/strong>de agosto.<\/p>\n<p id=\"p-1788192258421-21588\">\u00abLos datos econ\u00f3micos clave de esta semana, entre los que se incluyen el \u00edndice ISM manufacturero, la balanza comercial y el informe de empleo, <strong>deber\u00edan confirmar que la expansi\u00f3n contin\u00faa<\/strong>, con fortaleza en el sector manufacturero y en la inversi\u00f3n de capital,<strong> impulsada por el gasto en semiconductores y computadoras relacionados con la inteligencia artificial<\/strong>\u00ab, afirm\u00f3 <strong>Wealth Managment<\/strong> en su \u00faltimo informe.<\/p>\n<h2 id=\"p-1788192073263-62215\">\u00abJob report\u00bb: el plato fuerte<\/h2>\n<p id=\"p-1788192799020-22587\">El informe de <strong>n\u00f3minas no agr\u00edcolas (NFP) de la BLS<\/strong>, popularmente conocido como <strong>\u00abJob report\u00bb<\/strong>, es el dato definitivo para conocer la salud del mercado de trabajo norteamericano.<\/p>\n<p id=\"p-1788192985444-55006\">\u00abLos informes sobre el empleo han sido d\u00e9biles \u00faltimamente, y si el informe del viernes tambi\u00e9n lo es,<strong> esto podr\u00eda aliviar la preocupaci\u00f3n por una subida de tipos de inter\u00e9s y traducirse en un impulso alcista para las acciones<\/strong>\u00ab, plante\u00f3 <strong>Nathan Peterson<\/strong>, director de an\u00e1lisis de derivados de<strong> Centro Schwab para la Investigaci\u00f3n Financiera (SCFR)<\/strong>.<\/p>\n<p id=\"p-1788193536057-76756\">Por su parte,<strong> Barrag\u00e1n<\/strong> se\u00f1al\u00f3 que el dato de empleo \u00abser\u00e1 probablemente<strong> el principal catalizador <\/strong>entre las dos narrativas que compiten actualmente en el mercado: un <strong>shock inflacionario que requiere tasas de pol\u00edtica monetaria m\u00e1s altas<\/strong> y <strong>una econom\u00eda que comienza a perder suficiente impulso<\/strong> como para hacer innecesarios nuevos incrementos\u00bb.<\/p>\n<p id=\"p-1788193286818-35222\">Se espera que el informe de empleo del viernes muestre un crecimiento de <strong>aproximadamente 45.000 puestos<\/strong>, seg\u00fan el consenso de los analistas de Wall Street. <strong>Eso contrastar\u00eda con la inesperada ca\u00edda de 23.000 puestos en julio<\/strong>, lo que oblig\u00f3 a calibrar en su momento la posibilidad de que la Fed suba la tasa en septiembre.<\/p>\n<p id=\"p-1788193286818-91911\">Sobre este punto, desde<strong> SCFR <\/strong>destacaron que <strong>la cifra de julio volver\u00e1 a estar bajo los reflectores<\/strong> este viernes, ya que los inversionistas estar\u00e1n atentos a posibles revisiones en el dato. El mes pasado, por ejemplo, se revis\u00f3 a la baja el crecimiento del empleo de mayo y junio, con una reducci\u00f3n en m\u00e1s de 100.000 puestos, <strong>lo que hizo que el mercado laboral pareciera mucho m\u00e1s d\u00e9bil de lo que se hab\u00eda previsto inicialmente<\/strong>.<\/p>\n<h2 id=\"p-1788194211238-5581\">El impacto en Argentina<\/h2>\n<p id=\"p-1788194228126-23291\">Si efectivamente se concreta, <strong>un incremento en las tasas de inter\u00e9s de la Fed <\/strong>puede afectar a Argentina por una variedad de razones. La primera es que<strong> incrementa los costos de endeudamiento de Argentina <\/strong>en los mercados internacionales de deuda, un tema particularmente sensible luego del rebote del riesgo pa\u00eds en las \u00faltimas semanas.<\/p>\n<p id=\"p-1788194355217-21501\">El segundo es que con<strong> tasas m\u00e1s altas en EEUU<\/strong>, invertir en <strong>bonos del Tesoro de EEUU<\/strong> se vuelve m\u00e1s rentable y menos riesgoso que en los mercados emergentes como el argentino.<\/p>\n<p id=\"p-1788194495182-22946\">Eso no solo<strong> presiona a la baja el precio de los bonos argentinos<\/strong>, sino que tambi\u00e9n <strong>aprecia el d\u00f3lar en el mercado internacional<\/strong>, volviendo a la deuda argentina -mucha de ella nominada en d\u00f3lares- m\u00e1s dif\u00edcil de pagar.<\/p>\n<\/div>\n<p><script>\n!function(f,b,e,v,n,t,s)\n{if(f.fbq)return;n=f.fbq=function(){n.callMethod?\nn.callMethod.apply(n,arguments):n.queue.push(arguments)};\nif(!f._fbq)f._fbq=n;n.push=n;n.loaded=!0;n.version='2.0';\nn.queue=[];t=b.createElement(e);t.async=!0;\nt.src=v;s=b.getElementsByTagName(e)[0];\ns.parentNode.insertBefore(t,s)}(window,document,'script',\n'https:\/\/connect.facebook.net\/en_US\/fbevents.js');\nfbq('init', '2047048335588113');\nfbq('track', 'PageView');\n<\/script><br \/>\n<br \/><\/p>\n","protected":false},"excerpt":{"rendered":"<p>El discurso que dio el presidente de la Reserva Federal (Fed), Kevin Warsh, el \u00faltimo viernes en Jackson Hole hizo que el mercado diera marcha atr\u00e1s sobre sus \u00faltimos pasos. Es decir, volvi\u00f3 a poner sobre la mesa una suba de tasas -ser\u00eda la primera desde 2023- como el escenario m\u00e1s probable para la pr\u00f3xima [&hellip;]<\/p>\n","protected":false},"author":1,"featured_media":209986,"comment_status":"closed","ping_status":"closed","sticky":false,"template":"","format":"standard","meta":{"footnotes":""},"categories":[28],"tags":[],"class_list":["post-209985","post","type-post","status-publish","format-standard","has-post-thumbnail","hentry","category-economia"],"yoast_head":"<!-- This site is optimized with the Yoast SEO plugin v24.4 - https:\/\/yoast.com\/wordpress\/plugins\/seo\/ -->\n<title>Wall Street ya descuenta una suba de tasas de la Fed en septiembre a la espera de datos clave sobre empleo - GYS NOTICIAS |<\/title>\n<meta name=\"robots\" content=\"index, follow, max-snippet:-1, max-image-preview:large, max-video-preview:-1\" \/>\n<link rel=\"canonical\" href=\"https:\/\/gysfm.com.ar\/inicio\/wall-street-ya-descuenta-una-suba-de-tasas-de-la-fed-en-septiembre-a-la-espera-de-datos-clave-sobre-empleo\/\" \/>\n<meta property=\"og:locale\" content=\"es_ES\" \/>\n<meta property=\"og:type\" content=\"article\" \/>\n<meta property=\"og:title\" content=\"Wall Street ya descuenta una suba de tasas de la Fed en septiembre a la espera de datos clave sobre empleo - GYS NOTICIAS |\" \/>\n<meta property=\"og:description\" content=\"El discurso que dio el presidente de la Reserva Federal (Fed), Kevin Warsh, el \u00faltimo viernes en Jackson Hole hizo que el mercado diera marcha atr\u00e1s sobre sus \u00faltimos pasos. Es decir, volvi\u00f3 a poner sobre la mesa una suba de tasas -ser\u00eda la primera desde 2023- como el escenario m\u00e1s probable para la pr\u00f3xima [&hellip;]\" \/>\n<meta property=\"og:url\" content=\"https:\/\/gysfm.com.ar\/inicio\/wall-street-ya-descuenta-una-suba-de-tasas-de-la-fed-en-septiembre-a-la-espera-de-datos-clave-sobre-empleo\/\" \/>\n<meta property=\"og:site_name\" content=\"GYS NOTICIAS |\" \/>\n<meta property=\"article:published_time\" content=\"2026-08-31T22:30:22+00:00\" \/>\n<meta property=\"og:image\" content=\"https:\/\/media.ambito.com\/p\/2c1d6aa0d7cd559e32455237c699416b\/adjuntos\/239\/imagenes\/043\/143\/0043143482\/730x0\/1051x777:1071x797\/industria-eeuu.jpg\" \/>\n<meta name=\"author\" content=\"admin\" \/>\n<meta name=\"twitter:card\" content=\"summary_large_image\" \/>\n<meta name=\"twitter:label1\" content=\"Escrito por\" \/>\n\t<meta name=\"twitter:data1\" content=\"admin\" \/>\n\t<meta name=\"twitter:label2\" content=\"Tiempo de lectura\" \/>\n\t<meta name=\"twitter:data2\" content=\"5 minutos\" \/>\n<script type=\"application\/ld+json\" class=\"yoast-schema-graph\">{\"@context\":\"https:\/\/schema.org\",\"@graph\":[{\"@type\":\"Article\",\"@id\":\"https:\/\/gysfm.com.ar\/inicio\/wall-street-ya-descuenta-una-suba-de-tasas-de-la-fed-en-septiembre-a-la-espera-de-datos-clave-sobre-empleo\/#article\",\"isPartOf\":{\"@id\":\"https:\/\/gysfm.com.ar\/inicio\/wall-street-ya-descuenta-una-suba-de-tasas-de-la-fed-en-septiembre-a-la-espera-de-datos-clave-sobre-empleo\/\"},\"author\":{\"name\":\"admin\",\"@id\":\"https:\/\/gysfm.com.ar\/inicio\/#\/schema\/person\/5bedd7ecd35cc35548d89effafa23696\"},\"headline\":\"Wall Street ya descuenta una suba de tasas de la Fed en septiembre a la espera de datos clave sobre empleo\",\"datePublished\":\"2026-08-31T22:30:22+00:00\",\"mainEntityOfPage\":{\"@id\":\"https:\/\/gysfm.com.ar\/inicio\/wall-street-ya-descuenta-una-suba-de-tasas-de-la-fed-en-septiembre-a-la-espera-de-datos-clave-sobre-empleo\/\"},\"wordCount\":1034,\"publisher\":{\"@id\":\"https:\/\/gysfm.com.ar\/inicio\/#organization\"},\"image\":{\"@id\":\"https:\/\/gysfm.com.ar\/inicio\/wall-street-ya-descuenta-una-suba-de-tasas-de-la-fed-en-septiembre-a-la-espera-de-datos-clave-sobre-empleo\/#primaryimage\"},\"thumbnailUrl\":\"https:\/\/gysfm.com.ar\/inicio\/wp-content\/uploads\/2026\/08\/la-reserva-federal-de-eeuu1jpg.jpg\",\"articleSection\":[\"ECONOMIA\"],\"inLanguage\":\"es\"},{\"@type\":\"WebPage\",\"@id\":\"https:\/\/gysfm.com.ar\/inicio\/wall-street-ya-descuenta-una-suba-de-tasas-de-la-fed-en-septiembre-a-la-espera-de-datos-clave-sobre-empleo\/\",\"url\":\"https:\/\/gysfm.com.ar\/inicio\/wall-street-ya-descuenta-una-suba-de-tasas-de-la-fed-en-septiembre-a-la-espera-de-datos-clave-sobre-empleo\/\",\"name\":\"Wall Street ya descuenta una suba de tasas de la Fed en septiembre a la espera de datos clave sobre empleo - GYS NOTICIAS |\",\"isPartOf\":{\"@id\":\"https:\/\/gysfm.com.ar\/inicio\/#website\"},\"primaryImageOfPage\":{\"@id\":\"https:\/\/gysfm.com.ar\/inicio\/wall-street-ya-descuenta-una-suba-de-tasas-de-la-fed-en-septiembre-a-la-espera-de-datos-clave-sobre-empleo\/#primaryimage\"},\"image\":{\"@id\":\"https:\/\/gysfm.com.ar\/inicio\/wall-street-ya-descuenta-una-suba-de-tasas-de-la-fed-en-septiembre-a-la-espera-de-datos-clave-sobre-empleo\/#primaryimage\"},\"thumbnailUrl\":\"https:\/\/gysfm.com.ar\/inicio\/wp-content\/uploads\/2026\/08\/la-reserva-federal-de-eeuu1jpg.jpg\",\"datePublished\":\"2026-08-31T22:30:22+00:00\",\"breadcrumb\":{\"@id\":\"https:\/\/gysfm.com.ar\/inicio\/wall-street-ya-descuenta-una-suba-de-tasas-de-la-fed-en-septiembre-a-la-espera-de-datos-clave-sobre-empleo\/#breadcrumb\"},\"inLanguage\":\"es\",\"potentialAction\":[{\"@type\":\"ReadAction\",\"target\":[\"https:\/\/gysfm.com.ar\/inicio\/wall-street-ya-descuenta-una-suba-de-tasas-de-la-fed-en-septiembre-a-la-espera-de-datos-clave-sobre-empleo\/\"]}]},{\"@type\":\"ImageObject\",\"inLanguage\":\"es\",\"@id\":\"https:\/\/gysfm.com.ar\/inicio\/wall-street-ya-descuenta-una-suba-de-tasas-de-la-fed-en-septiembre-a-la-espera-de-datos-clave-sobre-empleo\/#primaryimage\",\"url\":\"https:\/\/gysfm.com.ar\/inicio\/wp-content\/uploads\/2026\/08\/la-reserva-federal-de-eeuu1jpg.jpg\",\"contentUrl\":\"https:\/\/gysfm.com.ar\/inicio\/wp-content\/uploads\/2026\/08\/la-reserva-federal-de-eeuu1jpg.jpg\",\"width\":1200,\"height\":675},{\"@type\":\"BreadcrumbList\",\"@id\":\"https:\/\/gysfm.com.ar\/inicio\/wall-street-ya-descuenta-una-suba-de-tasas-de-la-fed-en-septiembre-a-la-espera-de-datos-clave-sobre-empleo\/#breadcrumb\",\"itemListElement\":[{\"@type\":\"ListItem\",\"position\":1,\"name\":\"Portada\",\"item\":\"https:\/\/gysfm.com.ar\/inicio\/\"},{\"@type\":\"ListItem\",\"position\":2,\"name\":\"Wall Street ya descuenta una suba de tasas de la Fed en septiembre a la espera de datos clave sobre empleo\"}]},{\"@type\":\"WebSite\",\"@id\":\"https:\/\/gysfm.com.ar\/inicio\/#website\",\"url\":\"https:\/\/gysfm.com.ar\/inicio\/\",\"name\":\"GYS NOTICIAS |\",\"description\":\"DIARIO - RADIO ONLINE SAN JUAN ARGENTINA\",\"publisher\":{\"@id\":\"https:\/\/gysfm.com.ar\/inicio\/#organization\"},\"potentialAction\":[{\"@type\":\"SearchAction\",\"target\":{\"@type\":\"EntryPoint\",\"urlTemplate\":\"https:\/\/gysfm.com.ar\/inicio\/?s={search_term_string}\"},\"query-input\":{\"@type\":\"PropertyValueSpecification\",\"valueRequired\":true,\"valueName\":\"search_term_string\"}}],\"inLanguage\":\"es\"},{\"@type\":\"Organization\",\"@id\":\"https:\/\/gysfm.com.ar\/inicio\/#organization\",\"name\":\"GYS NOTICIAS |\",\"url\":\"https:\/\/gysfm.com.ar\/inicio\/\",\"logo\":{\"@type\":\"ImageObject\",\"inLanguage\":\"es\",\"@id\":\"https:\/\/gysfm.com.ar\/inicio\/#\/schema\/logo\/image\/\",\"url\":\"https:\/\/gysfm.com.ar\/inicio\/wp-content\/uploads\/2023\/07\/LOGOGYS-OK.png\",\"contentUrl\":\"https:\/\/gysfm.com.ar\/inicio\/wp-content\/uploads\/2023\/07\/LOGOGYS-OK.png\",\"width\":1170,\"height\":872,\"caption\":\"GYS NOTICIAS |\"},\"image\":{\"@id\":\"https:\/\/gysfm.com.ar\/inicio\/#\/schema\/logo\/image\/\"}},{\"@type\":\"Person\",\"@id\":\"https:\/\/gysfm.com.ar\/inicio\/#\/schema\/person\/5bedd7ecd35cc35548d89effafa23696\",\"name\":\"admin\",\"image\":{\"@type\":\"ImageObject\",\"inLanguage\":\"es\",\"@id\":\"https:\/\/gysfm.com.ar\/inicio\/#\/schema\/person\/image\/\",\"url\":\"https:\/\/secure.gravatar.com\/avatar\/c331d312b5243fb64d5ba28108a447b27c925295129a363082c9ea52c28d32c2?s=96&d=mm&r=g\",\"contentUrl\":\"https:\/\/secure.gravatar.com\/avatar\/c331d312b5243fb64d5ba28108a447b27c925295129a363082c9ea52c28d32c2?s=96&d=mm&r=g\",\"caption\":\"admin\"},\"sameAs\":[\"https:\/\/gysfm.com.ar\/inicio\"],\"url\":\"https:\/\/gysfm.com.ar\/inicio\/author\/admin\/\"}]}<\/script>\n<!-- \/ Yoast SEO plugin. -->","yoast_head_json":{"title":"Wall Street ya descuenta una suba de tasas de la Fed en septiembre a la espera de datos clave sobre empleo - GYS NOTICIAS |","robots":{"index":"index","follow":"follow","max-snippet":"max-snippet:-1","max-image-preview":"max-image-preview:large","max-video-preview":"max-video-preview:-1"},"canonical":"https:\/\/gysfm.com.ar\/inicio\/wall-street-ya-descuenta-una-suba-de-tasas-de-la-fed-en-septiembre-a-la-espera-de-datos-clave-sobre-empleo\/","og_locale":"es_ES","og_type":"article","og_title":"Wall Street ya descuenta una suba de tasas de la Fed en septiembre a la espera de datos clave sobre empleo - GYS NOTICIAS |","og_description":"El discurso que dio el presidente de la Reserva Federal (Fed), Kevin Warsh, el \u00faltimo viernes en Jackson Hole hizo que el mercado diera marcha atr\u00e1s sobre sus \u00faltimos pasos. Es decir, volvi\u00f3 a poner sobre la mesa una suba de tasas -ser\u00eda la primera desde 2023- como el escenario m\u00e1s probable para la pr\u00f3xima [&hellip;]","og_url":"https:\/\/gysfm.com.ar\/inicio\/wall-street-ya-descuenta-una-suba-de-tasas-de-la-fed-en-septiembre-a-la-espera-de-datos-clave-sobre-empleo\/","og_site_name":"GYS NOTICIAS |","article_published_time":"2026-08-31T22:30:22+00:00","og_image":[{"url":"https:\/\/media.ambito.com\/p\/2c1d6aa0d7cd559e32455237c699416b\/adjuntos\/239\/imagenes\/043\/143\/0043143482\/730x0\/1051x777:1071x797\/industria-eeuu.jpg","type":"","width":"","height":""}],"author":"admin","twitter_card":"summary_large_image","twitter_misc":{"Escrito por":"admin","Tiempo de lectura":"5 minutos"},"schema":{"@context":"https:\/\/schema.org","@graph":[{"@type":"Article","@id":"https:\/\/gysfm.com.ar\/inicio\/wall-street-ya-descuenta-una-suba-de-tasas-de-la-fed-en-septiembre-a-la-espera-de-datos-clave-sobre-empleo\/#article","isPartOf":{"@id":"https:\/\/gysfm.com.ar\/inicio\/wall-street-ya-descuenta-una-suba-de-tasas-de-la-fed-en-septiembre-a-la-espera-de-datos-clave-sobre-empleo\/"},"author":{"name":"admin","@id":"https:\/\/gysfm.com.ar\/inicio\/#\/schema\/person\/5bedd7ecd35cc35548d89effafa23696"},"headline":"Wall Street ya descuenta una suba de tasas de la Fed en septiembre a la espera de datos clave sobre empleo","datePublished":"2026-08-31T22:30:22+00:00","mainEntityOfPage":{"@id":"https:\/\/gysfm.com.ar\/inicio\/wall-street-ya-descuenta-una-suba-de-tasas-de-la-fed-en-septiembre-a-la-espera-de-datos-clave-sobre-empleo\/"},"wordCount":1034,"publisher":{"@id":"https:\/\/gysfm.com.ar\/inicio\/#organization"},"image":{"@id":"https:\/\/gysfm.com.ar\/inicio\/wall-street-ya-descuenta-una-suba-de-tasas-de-la-fed-en-septiembre-a-la-espera-de-datos-clave-sobre-empleo\/#primaryimage"},"thumbnailUrl":"https:\/\/gysfm.com.ar\/inicio\/wp-content\/uploads\/2026\/08\/la-reserva-federal-de-eeuu1jpg.jpg","articleSection":["ECONOMIA"],"inLanguage":"es"},{"@type":"WebPage","@id":"https:\/\/gysfm.com.ar\/inicio\/wall-street-ya-descuenta-una-suba-de-tasas-de-la-fed-en-septiembre-a-la-espera-de-datos-clave-sobre-empleo\/","url":"https:\/\/gysfm.com.ar\/inicio\/wall-street-ya-descuenta-una-suba-de-tasas-de-la-fed-en-septiembre-a-la-espera-de-datos-clave-sobre-empleo\/","name":"Wall Street ya descuenta una suba de tasas de la Fed en septiembre a la espera de datos clave sobre empleo - GYS NOTICIAS |","isPartOf":{"@id":"https:\/\/gysfm.com.ar\/inicio\/#website"},"primaryImageOfPage":{"@id":"https:\/\/gysfm.com.ar\/inicio\/wall-street-ya-descuenta-una-suba-de-tasas-de-la-fed-en-septiembre-a-la-espera-de-datos-clave-sobre-empleo\/#primaryimage"},"image":{"@id":"https:\/\/gysfm.com.ar\/inicio\/wall-street-ya-descuenta-una-suba-de-tasas-de-la-fed-en-septiembre-a-la-espera-de-datos-clave-sobre-empleo\/#primaryimage"},"thumbnailUrl":"https:\/\/gysfm.com.ar\/inicio\/wp-content\/uploads\/2026\/08\/la-reserva-federal-de-eeuu1jpg.jpg","datePublished":"2026-08-31T22:30:22+00:00","breadcrumb":{"@id":"https:\/\/gysfm.com.ar\/inicio\/wall-street-ya-descuenta-una-suba-de-tasas-de-la-fed-en-septiembre-a-la-espera-de-datos-clave-sobre-empleo\/#breadcrumb"},"inLanguage":"es","potentialAction":[{"@type":"ReadAction","target":["https:\/\/gysfm.com.ar\/inicio\/wall-street-ya-descuenta-una-suba-de-tasas-de-la-fed-en-septiembre-a-la-espera-de-datos-clave-sobre-empleo\/"]}]},{"@type":"ImageObject","inLanguage":"es","@id":"https:\/\/gysfm.com.ar\/inicio\/wall-street-ya-descuenta-una-suba-de-tasas-de-la-fed-en-septiembre-a-la-espera-de-datos-clave-sobre-empleo\/#primaryimage","url":"https:\/\/gysfm.com.ar\/inicio\/wp-content\/uploads\/2026\/08\/la-reserva-federal-de-eeuu1jpg.jpg","contentUrl":"https:\/\/gysfm.com.ar\/inicio\/wp-content\/uploads\/2026\/08\/la-reserva-federal-de-eeuu1jpg.jpg","width":1200,"height":675},{"@type":"BreadcrumbList","@id":"https:\/\/gysfm.com.ar\/inicio\/wall-street-ya-descuenta-una-suba-de-tasas-de-la-fed-en-septiembre-a-la-espera-de-datos-clave-sobre-empleo\/#breadcrumb","itemListElement":[{"@type":"ListItem","position":1,"name":"Portada","item":"https:\/\/gysfm.com.ar\/inicio\/"},{"@type":"ListItem","position":2,"name":"Wall Street ya descuenta una suba de tasas de la Fed en septiembre a la espera de datos clave sobre empleo"}]},{"@type":"WebSite","@id":"https:\/\/gysfm.com.ar\/inicio\/#website","url":"https:\/\/gysfm.com.ar\/inicio\/","name":"GYS NOTICIAS |","description":"DIARIO - RADIO ONLINE SAN JUAN ARGENTINA","publisher":{"@id":"https:\/\/gysfm.com.ar\/inicio\/#organization"},"potentialAction":[{"@type":"SearchAction","target":{"@type":"EntryPoint","urlTemplate":"https:\/\/gysfm.com.ar\/inicio\/?s={search_term_string}"},"query-input":{"@type":"PropertyValueSpecification","valueRequired":true,"valueName":"search_term_string"}}],"inLanguage":"es"},{"@type":"Organization","@id":"https:\/\/gysfm.com.ar\/inicio\/#organization","name":"GYS NOTICIAS |","url":"https:\/\/gysfm.com.ar\/inicio\/","logo":{"@type":"ImageObject","inLanguage":"es","@id":"https:\/\/gysfm.com.ar\/inicio\/#\/schema\/logo\/image\/","url":"https:\/\/gysfm.com.ar\/inicio\/wp-content\/uploads\/2023\/07\/LOGOGYS-OK.png","contentUrl":"https:\/\/gysfm.com.ar\/inicio\/wp-content\/uploads\/2023\/07\/LOGOGYS-OK.png","width":1170,"height":872,"caption":"GYS NOTICIAS |"},"image":{"@id":"https:\/\/gysfm.com.ar\/inicio\/#\/schema\/logo\/image\/"}},{"@type":"Person","@id":"https:\/\/gysfm.com.ar\/inicio\/#\/schema\/person\/5bedd7ecd35cc35548d89effafa23696","name":"admin","image":{"@type":"ImageObject","inLanguage":"es","@id":"https:\/\/gysfm.com.ar\/inicio\/#\/schema\/person\/image\/","url":"https:\/\/secure.gravatar.com\/avatar\/c331d312b5243fb64d5ba28108a447b27c925295129a363082c9ea52c28d32c2?s=96&d=mm&r=g","contentUrl":"https:\/\/secure.gravatar.com\/avatar\/c331d312b5243fb64d5ba28108a447b27c925295129a363082c9ea52c28d32c2?s=96&d=mm&r=g","caption":"admin"},"sameAs":["https:\/\/gysfm.com.ar\/inicio"],"url":"https:\/\/gysfm.com.ar\/inicio\/author\/admin\/"}]}},"_links":{"self":[{"href":"https:\/\/gysfm.com.ar\/inicio\/wp-json\/wp\/v2\/posts\/209985","targetHints":{"allow":["GET"]}}],"collection":[{"href":"https:\/\/gysfm.com.ar\/inicio\/wp-json\/wp\/v2\/posts"}],"about":[{"href":"https:\/\/gysfm.com.ar\/inicio\/wp-json\/wp\/v2\/types\/post"}],"author":[{"embeddable":true,"href":"https:\/\/gysfm.com.ar\/inicio\/wp-json\/wp\/v2\/users\/1"}],"replies":[{"embeddable":true,"href":"https:\/\/gysfm.com.ar\/inicio\/wp-json\/wp\/v2\/comments?post=209985"}],"version-history":[{"count":0,"href":"https:\/\/gysfm.com.ar\/inicio\/wp-json\/wp\/v2\/posts\/209985\/revisions"}],"wp:featuredmedia":[{"embeddable":true,"href":"https:\/\/gysfm.com.ar\/inicio\/wp-json\/wp\/v2\/media\/209986"}],"wp:attachment":[{"href":"https:\/\/gysfm.com.ar\/inicio\/wp-json\/wp\/v2\/media?parent=209985"}],"wp:term":[{"taxonomy":"category","embeddable":true,"href":"https:\/\/gysfm.com.ar\/inicio\/wp-json\/wp\/v2\/categories?post=209985"},{"taxonomy":"post_tag","embeddable":true,"href":"https:\/\/gysfm.com.ar\/inicio\/wp-json\/wp\/v2\/tags?post=209985"}],"curies":[{"name":"wp","href":"https:\/\/api.w.org\/{rel}","templated":true}]}}