{"id":209982,"date":"2026-08-31T19:04:14","date_gmt":"2026-08-31T22:04:14","guid":{"rendered":"https:\/\/gysfm.com.ar\/inicio\/quien-gana-las-elecciones-en-brasil-2026-asi-estan-las-encuestas-entre-flavio-bolsonaro-y-lula-hoy-31-de-agosto\/"},"modified":"2026-08-31T19:04:22","modified_gmt":"2026-08-31T22:04:22","slug":"quien-gana-las-elecciones-en-brasil-2026-asi-estan-las-encuestas-entre-flavio-bolsonaro-y-lula-hoy-31-de-agosto","status":"publish","type":"post","link":"https:\/\/gysfm.com.ar\/inicio\/quien-gana-las-elecciones-en-brasil-2026-asi-estan-las-encuestas-entre-flavio-bolsonaro-y-lula-hoy-31-de-agosto\/","title":{"rendered":"\u00bfQui\u00e9n gana las elecciones en Brasil 2026? As\u00ed est\u00e1n las encuestas entre Flavio Bolsonaro y Lula hoy, 31 de agosto"},"content":{"rendered":"<p> <br \/>\n<\/p>\n<div>\n<p class=\"com-paragraph --capital --s\">El <a href=\"https:\/\/www.lanacion.com.ar\/el-mundo\/flavio-bolsonaro-vuelve-a-recortar-la-distancia-con-lula-en-los-sondeos-nid03082026\/?R=4cd556\/\" target=\"_self\" title=\"https:\/\/www.lanacion.com.ar\/el-mundo\/flavio-bolsonaro-vuelve-a-recortar-la-distancia-con-lula-en-los-sondeos-nid03082026\/?R=4cd556\/\" class=\"com-link break-word\" data-mrf-recirculation=\"n_link_parrafo\">panorama pol\u00edtico de Brasil<\/a> ingres\u00f3 en una fase de m\u00e1xima tensi\u00f3n de cara a las elecciones presidenciales de octubre. En los \u00faltimos sondeos revelan una carrera que se volvi\u00f3 re\u00f1ida, con el presidente Luiz Inacio<strong> Lula da Silva<\/strong>, quien busca su reelecci\u00f3n y<strong> Flavio Bolsonaro, el hijo del expresidente Jair Bolsonaro. <\/strong>Si bien el mandatario se encuentra por delante, Bolsonaro Jr. se encuentra cada vez m\u00e1s cerca de alcanzarlo.<\/p>\n<p class=\"com-paragraph --s\">La <a href=\"https:\/\/www.lanacion.com.ar\/el-mundo\/elecciones-cuando-se-vota-para-presidente-en-brasil-2026-nid05082026\/\" target=\"_self\" title=\"https:\/\/www.lanacion.com.ar\/el-mundo\/elecciones-cuando-se-vota-para-presidente-en-brasil-2026-nid05082026\/\" class=\"com-link break-word\" data-mrf-recirculation=\"n_link_parrafo\">medici\u00f3n m\u00e1s reciente<\/a>, difundida este lunes por Nexus\/BTG Pactual, refleja un escenario donde<strong> la distancia entre Lula Da Silva y Flavio Bolsonaro se redujo considerablemente<\/strong>, consolidando un empate t\u00e9cnico que pone en jaque la hegemon\u00eda del oficialismo. La encuesta que se realiz\u00f3 entre el 31 de julio y el 2 de agosto sobre una muestra de 2002 personas, con un margen de error de dos puntos porcentuales,<strong> sit\u00faa a Lula con el 46% de intenci\u00f3n de voto frente al 45% del legislador de derecha<\/strong>.<\/p>\n<p class=\"com-paragraph --s\">Este escenario evidencia un cambio que favorece a Flavio Bolsonaro, ya que la distancia que lo separa con el actual mandatario es cada vez menor.<\/p>\n<div class=\"content-media\">\n<section role=\"button\" class=\"mod-media   \">\n<figure role=\"button\" tabindex=\"0\" class=\"mod-figure \"><figcaption class=\"mod-figcaption\"><span class=\"com-text --caption --twoxs\">Flavio Bolsonaro se encuentra por detr\u00e1s de Lula da Silva<\/span><span class=\"com-text --credit --twoxs\">Bruna Prado &#8211; AP<\/span><\/figcaption><\/figure>\n<\/section>\n<\/div>\n<p class=\"com-paragraph --s\">Por detr\u00e1s de ambos candidatos, la n\u00f3mina de aspirantes se completa con el exgobernador de Goias, <strong>Ronaldo Caiado<\/strong>, con un 5%; <strong>Renan Santos<\/strong>, con el 4%; y <strong>Romeu Zema<\/strong>, con el 3%.<\/p>\n<p><h2 class=\"font-primary font-w-bold text-subheading-lg text-left container-center-100 mb-8\"><span>La segunda vuelta<\/span><\/h2>\n<\/p>\n<p class=\"com-paragraph --s\">Seg\u00fan constat\u00f3 <a href=\"https:\/\/www.lanacion.com.ar\/agencias\/la-ventaja-de-lula-se-reduce-en-una-posible-segunda-vuelta-de-las-presidenciales-de-brasil-sondeo-nid31082026\/\" target=\"_self\" title=\"https:\/\/www.lanacion.com.ar\/agencias\/la-ventaja-de-lula-se-reduce-en-una-posible-segunda-vuelta-de-las-presidenciales-de-brasil-sondeo-nid31082026\/\" class=\"com-link break-word\" data-mrf-recirculation=\"n_link_parrafo\">Reuters<\/a>, en torno a una encuesta de AtlasIntel\/Bloomberg, Lula obtendr\u00eda el 47,1% de los votos en una eventual segunda vuelta, mientras que Bolsonaro se encontrar\u00eda por debajo con el 42,6%.<\/p>\n<p class=\"com-paragraph --s\">El pasado mes de julio, el mandatario brasilero alcanzaba el 49,9% de los votos, mientras que el hijo del exmandatario el 42,9%.<\/p>\n<div class=\"content-media\">\n<section role=\"button\" class=\"mod-media   \">\n<figure role=\"button\" tabindex=\"0\" class=\"mod-figure \"><figcaption class=\"mod-figcaption\"><span class=\"com-text --caption --twoxs\">Seg\u00fan la \u00faltima encuesta, Lula da Suilva genar\u00eda la segunda vuelta<\/span><span class=\"com-text --credit --twoxs\">Eraldo Peres &#8211; AP<\/span><\/figcaption><\/figure>\n<\/section>\n<\/div>\n<p><h2 class=\"font-primary font-w-bold text-subheading-lg text-left container-center-100 mb-8\"><span>El hallazgo de crudo en el amazonas que complica Lula <\/span><\/h2>\n<\/p>\n<p class=\"com-paragraph --s\">En este escenario y en medio de<a href=\"https:\/\/www.lanacion.com.ar\/el-mundo\/lula-celebra-un-hallazgo-de-petroleo-en-el-amazonas-y-desata-una-ola-de-criticas-de-indigenas-y-nid18082026\/\" target=\"_self\" title=\"https:\/\/www.lanacion.com.ar\/el-mundo\/lula-celebra-un-hallazgo-de-petroleo-en-el-amazonas-y-desata-una-ola-de-criticas-de-indigenas-y-nid18082026\/\" class=\"com-link break-word\" data-mrf-recirculation=\"n_link_parrafo\"> cuestionamientos ambientales<\/a>,<strong> Lula da Silva<\/strong>, celebr\u00f3 el lunes el reciente <strong>descubrimiento de petr\u00f3leo <\/strong>cerca de la desembocadura del <strong>r\u00edo Amazonas <\/strong>y defendi\u00f3 <strong>la exploraci\u00f3n de nuevas reservas <\/strong>en el norte del pa\u00eds como una cuesti\u00f3n de <strong>\u201csoberan\u00eda nacional\u201d <\/strong>y un potencial <strong>\u201cpasaporte hacia el futuro\u201d. <\/strong><\/p>\n<p class=\"com-paragraph --s\">El avance petrolero dio lugar cr\u00edticas provenientes de sectores<strong> ambientalistas<\/strong>, ya que organizaciones ecologistas e ind\u00edgenas presentaron demandas contra el gobierno y Petrobras, al se\u00f1alar que las comunidades tradicionales no fueron consultadas adecuadamente, que se subestimaron los riesgos de derrames y que no se evaluaron suficientemente los impactos clim\u00e1ticos.<\/p>\n<div class=\"content-media\">\n<section role=\"button\" class=\"mod-media   \">\n<figure role=\"button\" tabindex=\"0\" class=\"mod-figure \"><figcaption class=\"mod-figcaption\"><span class=\"com-text --caption --twoxs\">Lula en una plataforma de Petrobras<\/span><span class=\"com-text --credit --twoxs\">HANDOUT &#8211; Agencia Petrobras<\/span><\/figcaption><\/figure>\n<\/section>\n<\/div>\n<p class=\"com-paragraph --s\">Petrobras sostiene que sus perforaciones nunca provocaron derrames. El <strong>Ministerio P\u00fablico Federal<\/strong>, por su parte, pidi\u00f3 informaci\u00f3n sobre los riesgos ambientales de las nuevas exploraciones.<\/p>\n<p class=\"com-paragraph --s\">La apuesta expone tambi\u00e9n una contradicci\u00f3n en la estrategia de Lula, ya que Brasil defendido durante su gobierno el <strong>abandono gradual de los combustibles f\u00f3siles<\/strong> y promovi\u00f3 esa postura durante la COP30 celebrada el a\u00f1o pasado en Par\u00e1. Al mismo tiempo, impulsa nuevas inversiones petroleras.<\/p>\n<p><h2 class=\"font-primary font-w-bold text-subheading-lg text-left container-center-100 mb-8\"><span>La reelecci\u00f3n de Lula da Silva vs. el legado de Bolsonaro<\/span><\/h2>\n<\/p>\n<p class=\"com-paragraph --s\"><strong>Lula<\/strong> fue oficializado como el candidato del <strong>Partido de los Trabajadores<\/strong> para disputar un cuarto mandato no consecutivo. Durante el acto, el mandatario hizo hincapi\u00e9 en su programa de gobierno, prometiendo impulsar inversiones estrat\u00e9gicas en el \u00e1rea de defensa y garantizando la protecci\u00f3n de los recursos naturales del pa\u00eds. <\/p>\n<div class=\"content-media\">\n<section role=\"button\" class=\"mod-media   \">\n<figure role=\"button\" tabindex=\"0\" class=\"mod-figure \"><figcaption class=\"mod-figcaption\"><span class=\"com-text --caption --twoxs\">Javier Milei junto a Flavio Bolsonaro, donde se present\u00f3 como candidato<\/span><span class=\"com-text --credit --twoxs\">ap  &#8211; AP<\/span><\/figcaption><\/figure>\n<\/section>\n<\/div>\n<p class=\"com-paragraph --s\">Por su parte, el senador <strong>Flavio Bolsonaro<\/strong> oficializ\u00f3 su candidatura el 25 de julio en un multitudinario evento del <strong>Partido Liberal en San Pablo<\/strong>. La convenci\u00f3n, que reuni\u00f3 a m\u00e1s de mil simpatizantes, estuvo marcada por una atm\u00f3sfera de fuerte carga pol\u00edtica y cont\u00f3 con la expectativa por la presencia del presidente argentino, <strong>Javier Milei, como invitado especial<\/strong>. <\/p>\n<section class=\"container-center-100 mb-40 border border-bottom border-thin border-neutral-light-700\">\n<hr\/>\n<\/section>\n<\/div>\n<p><script id=\"facebookpixel\" defer=\"\" type=\"text\/javascript\">\n        !function(f,b,e,v,n,t,s)\n        {if(f.fbq)return;n=f.fbq=function(){n.callMethod?\n        n.callMethod.apply(n,arguments):n.queue.push(arguments)};\n        if(!f._fbq)f._fbq=n;n.push=n;n.loaded=!0;n.version='2.0';\n        n.queue=[];t=b.createElement(e);t.async=!0;\n        t.src=v;s=b.getElementsByTagName(e)[0];\n        s.parentNode.insertBefore(t,s)}(window, document,'script',\n        'https:\/\/connect.facebook.net\/en_US\/fbevents.js');\n        fbq('init', '492459597522335');\n        fbq('track', 'PageView');\n    <\/script><br \/>\n<br \/><\/p>\n","protected":false},"excerpt":{"rendered":"<p>El panorama pol\u00edtico de Brasil ingres\u00f3 en una fase de m\u00e1xima tensi\u00f3n de cara a las elecciones presidenciales de octubre. En los \u00faltimos sondeos revelan una carrera que se volvi\u00f3 re\u00f1ida, con el presidente Luiz Inacio Lula da Silva, quien busca su reelecci\u00f3n y Flavio Bolsonaro, el hijo del expresidente Jair Bolsonaro. Si bien el [&hellip;]<\/p>\n","protected":false},"author":2,"featured_media":209983,"comment_status":"closed","ping_status":"closed","sticky":false,"template":"","format":"standard","meta":{"footnotes":""},"categories":[26],"tags":[],"class_list":["post-209982","post","type-post","status-publish","format-standard","has-post-thumbnail","hentry","category-internacionales"],"yoast_head":"<!-- This site is optimized with the Yoast SEO plugin v24.4 - https:\/\/yoast.com\/wordpress\/plugins\/seo\/ -->\n<title>\u00bfQui\u00e9n gana las elecciones en Brasil 2026? As\u00ed est\u00e1n las encuestas entre Flavio Bolsonaro y Lula hoy, 31 de agosto - GYS NOTICIAS |<\/title>\n<meta name=\"robots\" content=\"index, follow, max-snippet:-1, max-image-preview:large, max-video-preview:-1\" \/>\n<link rel=\"canonical\" href=\"https:\/\/gysfm.com.ar\/inicio\/quien-gana-las-elecciones-en-brasil-2026-asi-estan-las-encuestas-entre-flavio-bolsonaro-y-lula-hoy-31-de-agosto\/\" \/>\n<meta property=\"og:locale\" content=\"es_ES\" \/>\n<meta property=\"og:type\" content=\"article\" \/>\n<meta property=\"og:title\" content=\"\u00bfQui\u00e9n gana las elecciones en Brasil 2026? As\u00ed est\u00e1n las encuestas entre Flavio Bolsonaro y Lula hoy, 31 de agosto - GYS NOTICIAS |\" \/>\n<meta property=\"og:description\" content=\"El panorama pol\u00edtico de Brasil ingres\u00f3 en una fase de m\u00e1xima tensi\u00f3n de cara a las elecciones presidenciales de octubre. En los \u00faltimos sondeos revelan una carrera que se volvi\u00f3 re\u00f1ida, con el presidente Luiz Inacio Lula da Silva, quien busca su reelecci\u00f3n y Flavio Bolsonaro, el hijo del expresidente Jair Bolsonaro. Si bien el [&hellip;]\" \/>\n<meta property=\"og:url\" content=\"https:\/\/gysfm.com.ar\/inicio\/quien-gana-las-elecciones-en-brasil-2026-asi-estan-las-encuestas-entre-flavio-bolsonaro-y-lula-hoy-31-de-agosto\/\" \/>\n<meta property=\"og:site_name\" content=\"GYS NOTICIAS |\" \/>\n<meta property=\"article:published_time\" content=\"2026-08-31T22:04:14+00:00\" \/>\n<meta property=\"article:modified_time\" content=\"2026-08-31T22:04:22+00:00\" \/>\n<meta property=\"og:image\" content=\"https:\/\/gysfm.com.ar\/inicio\/wp-content\/uploads\/2026\/08\/flavio-bolsonaro-y-lula-competiran-en-las-ZNBGPDKYQ5EGDIHV24FFPHVXXA.png\" \/>\n\t<meta property=\"og:image:width\" content=\"1200\" \/>\n\t<meta property=\"og:image:height\" content=\"800\" \/>\n\t<meta property=\"og:image:type\" content=\"image\/png\" \/>\n<meta name=\"author\" content=\"Prensa G&amp;S FM\" \/>\n<meta name=\"twitter:card\" content=\"summary_large_image\" \/>\n<meta name=\"twitter:label1\" content=\"Escrito por\" \/>\n\t<meta name=\"twitter:data1\" content=\"Prensa G&amp;S FM\" \/>\n\t<meta name=\"twitter:label2\" content=\"Tiempo de lectura\" \/>\n\t<meta name=\"twitter:data2\" content=\"3 minutos\" \/>\n<script type=\"application\/ld+json\" class=\"yoast-schema-graph\">{\"@context\":\"https:\/\/schema.org\",\"@graph\":[{\"@type\":\"Article\",\"@id\":\"https:\/\/gysfm.com.ar\/inicio\/quien-gana-las-elecciones-en-brasil-2026-asi-estan-las-encuestas-entre-flavio-bolsonaro-y-lula-hoy-31-de-agosto\/#article\",\"isPartOf\":{\"@id\":\"https:\/\/gysfm.com.ar\/inicio\/quien-gana-las-elecciones-en-brasil-2026-asi-estan-las-encuestas-entre-flavio-bolsonaro-y-lula-hoy-31-de-agosto\/\"},\"author\":{\"name\":\"Prensa G&amp;S FM\",\"@id\":\"https:\/\/gysfm.com.ar\/inicio\/#\/schema\/person\/3abba7593ef2ad19e1be221d54383dc5\"},\"headline\":\"\u00bfQui\u00e9n gana las elecciones en Brasil 2026? As\u00ed est\u00e1n las encuestas entre Flavio Bolsonaro y Lula hoy, 31 de agosto\",\"datePublished\":\"2026-08-31T22:04:14+00:00\",\"dateModified\":\"2026-08-31T22:04:22+00:00\",\"mainEntityOfPage\":{\"@id\":\"https:\/\/gysfm.com.ar\/inicio\/quien-gana-las-elecciones-en-brasil-2026-asi-estan-las-encuestas-entre-flavio-bolsonaro-y-lula-hoy-31-de-agosto\/\"},\"wordCount\":676,\"publisher\":{\"@id\":\"https:\/\/gysfm.com.ar\/inicio\/#organization\"},\"image\":{\"@id\":\"https:\/\/gysfm.com.ar\/inicio\/quien-gana-las-elecciones-en-brasil-2026-asi-estan-las-encuestas-entre-flavio-bolsonaro-y-lula-hoy-31-de-agosto\/#primaryimage\"},\"thumbnailUrl\":\"https:\/\/gysfm.com.ar\/inicio\/wp-content\/uploads\/2026\/08\/flavio-bolsonaro-y-lula-competiran-en-las-ZNBGPDKYQ5EGDIHV24FFPHVXXA.png\",\"articleSection\":[\"INTERNACIONALES\"],\"inLanguage\":\"es\"},{\"@type\":\"WebPage\",\"@id\":\"https:\/\/gysfm.com.ar\/inicio\/quien-gana-las-elecciones-en-brasil-2026-asi-estan-las-encuestas-entre-flavio-bolsonaro-y-lula-hoy-31-de-agosto\/\",\"url\":\"https:\/\/gysfm.com.ar\/inicio\/quien-gana-las-elecciones-en-brasil-2026-asi-estan-las-encuestas-entre-flavio-bolsonaro-y-lula-hoy-31-de-agosto\/\",\"name\":\"\u00bfQui\u00e9n gana las elecciones en Brasil 2026? As\u00ed est\u00e1n las encuestas entre Flavio Bolsonaro y Lula hoy, 31 de agosto - GYS NOTICIAS |\",\"isPartOf\":{\"@id\":\"https:\/\/gysfm.com.ar\/inicio\/#website\"},\"primaryImageOfPage\":{\"@id\":\"https:\/\/gysfm.com.ar\/inicio\/quien-gana-las-elecciones-en-brasil-2026-asi-estan-las-encuestas-entre-flavio-bolsonaro-y-lula-hoy-31-de-agosto\/#primaryimage\"},\"image\":{\"@id\":\"https:\/\/gysfm.com.ar\/inicio\/quien-gana-las-elecciones-en-brasil-2026-asi-estan-las-encuestas-entre-flavio-bolsonaro-y-lula-hoy-31-de-agosto\/#primaryimage\"},\"thumbnailUrl\":\"https:\/\/gysfm.com.ar\/inicio\/wp-content\/uploads\/2026\/08\/flavio-bolsonaro-y-lula-competiran-en-las-ZNBGPDKYQ5EGDIHV24FFPHVXXA.png\",\"datePublished\":\"2026-08-31T22:04:14+00:00\",\"dateModified\":\"2026-08-31T22:04:22+00:00\",\"breadcrumb\":{\"@id\":\"https:\/\/gysfm.com.ar\/inicio\/quien-gana-las-elecciones-en-brasil-2026-asi-estan-las-encuestas-entre-flavio-bolsonaro-y-lula-hoy-31-de-agosto\/#breadcrumb\"},\"inLanguage\":\"es\",\"potentialAction\":[{\"@type\":\"ReadAction\",\"target\":[\"https:\/\/gysfm.com.ar\/inicio\/quien-gana-las-elecciones-en-brasil-2026-asi-estan-las-encuestas-entre-flavio-bolsonaro-y-lula-hoy-31-de-agosto\/\"]}]},{\"@type\":\"ImageObject\",\"inLanguage\":\"es\",\"@id\":\"https:\/\/gysfm.com.ar\/inicio\/quien-gana-las-elecciones-en-brasil-2026-asi-estan-las-encuestas-entre-flavio-bolsonaro-y-lula-hoy-31-de-agosto\/#primaryimage\",\"url\":\"https:\/\/gysfm.com.ar\/inicio\/wp-content\/uploads\/2026\/08\/flavio-bolsonaro-y-lula-competiran-en-las-ZNBGPDKYQ5EGDIHV24FFPHVXXA.png\",\"contentUrl\":\"https:\/\/gysfm.com.ar\/inicio\/wp-content\/uploads\/2026\/08\/flavio-bolsonaro-y-lula-competiran-en-las-ZNBGPDKYQ5EGDIHV24FFPHVXXA.png\",\"width\":1200,\"height\":800},{\"@type\":\"BreadcrumbList\",\"@id\":\"https:\/\/gysfm.com.ar\/inicio\/quien-gana-las-elecciones-en-brasil-2026-asi-estan-las-encuestas-entre-flavio-bolsonaro-y-lula-hoy-31-de-agosto\/#breadcrumb\",\"itemListElement\":[{\"@type\":\"ListItem\",\"position\":1,\"name\":\"Portada\",\"item\":\"https:\/\/gysfm.com.ar\/inicio\/\"},{\"@type\":\"ListItem\",\"position\":2,\"name\":\"\u00bfQui\u00e9n gana las elecciones en Brasil 2026? As\u00ed est\u00e1n las encuestas entre Flavio Bolsonaro y Lula hoy, 31 de agosto\"}]},{\"@type\":\"WebSite\",\"@id\":\"https:\/\/gysfm.com.ar\/inicio\/#website\",\"url\":\"https:\/\/gysfm.com.ar\/inicio\/\",\"name\":\"GYS NOTICIAS |\",\"description\":\"DIARIO - RADIO ONLINE SAN JUAN ARGENTINA\",\"publisher\":{\"@id\":\"https:\/\/gysfm.com.ar\/inicio\/#organization\"},\"potentialAction\":[{\"@type\":\"SearchAction\",\"target\":{\"@type\":\"EntryPoint\",\"urlTemplate\":\"https:\/\/gysfm.com.ar\/inicio\/?s={search_term_string}\"},\"query-input\":{\"@type\":\"PropertyValueSpecification\",\"valueRequired\":true,\"valueName\":\"search_term_string\"}}],\"inLanguage\":\"es\"},{\"@type\":\"Organization\",\"@id\":\"https:\/\/gysfm.com.ar\/inicio\/#organization\",\"name\":\"GYS NOTICIAS |\",\"url\":\"https:\/\/gysfm.com.ar\/inicio\/\",\"logo\":{\"@type\":\"ImageObject\",\"inLanguage\":\"es\",\"@id\":\"https:\/\/gysfm.com.ar\/inicio\/#\/schema\/logo\/image\/\",\"url\":\"https:\/\/gysfm.com.ar\/inicio\/wp-content\/uploads\/2023\/07\/LOGOGYS-OK.png\",\"contentUrl\":\"https:\/\/gysfm.com.ar\/inicio\/wp-content\/uploads\/2023\/07\/LOGOGYS-OK.png\",\"width\":1170,\"height\":872,\"caption\":\"GYS NOTICIAS |\"},\"image\":{\"@id\":\"https:\/\/gysfm.com.ar\/inicio\/#\/schema\/logo\/image\/\"}},{\"@type\":\"Person\",\"@id\":\"https:\/\/gysfm.com.ar\/inicio\/#\/schema\/person\/3abba7593ef2ad19e1be221d54383dc5\",\"name\":\"Prensa G&amp;S FM\",\"image\":{\"@type\":\"ImageObject\",\"inLanguage\":\"es\",\"@id\":\"https:\/\/gysfm.com.ar\/inicio\/#\/schema\/person\/image\/\",\"url\":\"https:\/\/secure.gravatar.com\/avatar\/096ec78df02049ab018702bb4ccedf659377fa92a26540b5247612077a0dbd29?s=96&d=mm&r=g\",\"contentUrl\":\"https:\/\/secure.gravatar.com\/avatar\/096ec78df02049ab018702bb4ccedf659377fa92a26540b5247612077a0dbd29?s=96&d=mm&r=g\",\"caption\":\"Prensa G&amp;S FM\"},\"sameAs\":[\"https:\/\/gysfm.com.ar\/\"],\"url\":\"https:\/\/gysfm.com.ar\/inicio\/author\/lucasm\/\"}]}<\/script>\n<!-- \/ Yoast SEO plugin. -->","yoast_head_json":{"title":"\u00bfQui\u00e9n gana las elecciones en Brasil 2026? As\u00ed est\u00e1n las encuestas entre Flavio Bolsonaro y Lula hoy, 31 de agosto - GYS NOTICIAS |","robots":{"index":"index","follow":"follow","max-snippet":"max-snippet:-1","max-image-preview":"max-image-preview:large","max-video-preview":"max-video-preview:-1"},"canonical":"https:\/\/gysfm.com.ar\/inicio\/quien-gana-las-elecciones-en-brasil-2026-asi-estan-las-encuestas-entre-flavio-bolsonaro-y-lula-hoy-31-de-agosto\/","og_locale":"es_ES","og_type":"article","og_title":"\u00bfQui\u00e9n gana las elecciones en Brasil 2026? As\u00ed est\u00e1n las encuestas entre Flavio Bolsonaro y Lula hoy, 31 de agosto - GYS NOTICIAS |","og_description":"El panorama pol\u00edtico de Brasil ingres\u00f3 en una fase de m\u00e1xima tensi\u00f3n de cara a las elecciones presidenciales de octubre. En los \u00faltimos sondeos revelan una carrera que se volvi\u00f3 re\u00f1ida, con el presidente Luiz Inacio Lula da Silva, quien busca su reelecci\u00f3n y Flavio Bolsonaro, el hijo del expresidente Jair Bolsonaro. Si bien el [&hellip;]","og_url":"https:\/\/gysfm.com.ar\/inicio\/quien-gana-las-elecciones-en-brasil-2026-asi-estan-las-encuestas-entre-flavio-bolsonaro-y-lula-hoy-31-de-agosto\/","og_site_name":"GYS NOTICIAS |","article_published_time":"2026-08-31T22:04:14+00:00","article_modified_time":"2026-08-31T22:04:22+00:00","og_image":[{"width":1200,"height":800,"url":"https:\/\/gysfm.com.ar\/inicio\/wp-content\/uploads\/2026\/08\/flavio-bolsonaro-y-lula-competiran-en-las-ZNBGPDKYQ5EGDIHV24FFPHVXXA.png","type":"image\/png"}],"author":"Prensa G&amp;S FM","twitter_card":"summary_large_image","twitter_misc":{"Escrito por":"Prensa G&amp;S FM","Tiempo de lectura":"3 minutos"},"schema":{"@context":"https:\/\/schema.org","@graph":[{"@type":"Article","@id":"https:\/\/gysfm.com.ar\/inicio\/quien-gana-las-elecciones-en-brasil-2026-asi-estan-las-encuestas-entre-flavio-bolsonaro-y-lula-hoy-31-de-agosto\/#article","isPartOf":{"@id":"https:\/\/gysfm.com.ar\/inicio\/quien-gana-las-elecciones-en-brasil-2026-asi-estan-las-encuestas-entre-flavio-bolsonaro-y-lula-hoy-31-de-agosto\/"},"author":{"name":"Prensa G&amp;S FM","@id":"https:\/\/gysfm.com.ar\/inicio\/#\/schema\/person\/3abba7593ef2ad19e1be221d54383dc5"},"headline":"\u00bfQui\u00e9n gana las elecciones en Brasil 2026? As\u00ed est\u00e1n las encuestas entre Flavio Bolsonaro y Lula hoy, 31 de agosto","datePublished":"2026-08-31T22:04:14+00:00","dateModified":"2026-08-31T22:04:22+00:00","mainEntityOfPage":{"@id":"https:\/\/gysfm.com.ar\/inicio\/quien-gana-las-elecciones-en-brasil-2026-asi-estan-las-encuestas-entre-flavio-bolsonaro-y-lula-hoy-31-de-agosto\/"},"wordCount":676,"publisher":{"@id":"https:\/\/gysfm.com.ar\/inicio\/#organization"},"image":{"@id":"https:\/\/gysfm.com.ar\/inicio\/quien-gana-las-elecciones-en-brasil-2026-asi-estan-las-encuestas-entre-flavio-bolsonaro-y-lula-hoy-31-de-agosto\/#primaryimage"},"thumbnailUrl":"https:\/\/gysfm.com.ar\/inicio\/wp-content\/uploads\/2026\/08\/flavio-bolsonaro-y-lula-competiran-en-las-ZNBGPDKYQ5EGDIHV24FFPHVXXA.png","articleSection":["INTERNACIONALES"],"inLanguage":"es"},{"@type":"WebPage","@id":"https:\/\/gysfm.com.ar\/inicio\/quien-gana-las-elecciones-en-brasil-2026-asi-estan-las-encuestas-entre-flavio-bolsonaro-y-lula-hoy-31-de-agosto\/","url":"https:\/\/gysfm.com.ar\/inicio\/quien-gana-las-elecciones-en-brasil-2026-asi-estan-las-encuestas-entre-flavio-bolsonaro-y-lula-hoy-31-de-agosto\/","name":"\u00bfQui\u00e9n gana las elecciones en Brasil 2026? As\u00ed est\u00e1n las encuestas entre Flavio Bolsonaro y Lula hoy, 31 de agosto - GYS NOTICIAS |","isPartOf":{"@id":"https:\/\/gysfm.com.ar\/inicio\/#website"},"primaryImageOfPage":{"@id":"https:\/\/gysfm.com.ar\/inicio\/quien-gana-las-elecciones-en-brasil-2026-asi-estan-las-encuestas-entre-flavio-bolsonaro-y-lula-hoy-31-de-agosto\/#primaryimage"},"image":{"@id":"https:\/\/gysfm.com.ar\/inicio\/quien-gana-las-elecciones-en-brasil-2026-asi-estan-las-encuestas-entre-flavio-bolsonaro-y-lula-hoy-31-de-agosto\/#primaryimage"},"thumbnailUrl":"https:\/\/gysfm.com.ar\/inicio\/wp-content\/uploads\/2026\/08\/flavio-bolsonaro-y-lula-competiran-en-las-ZNBGPDKYQ5EGDIHV24FFPHVXXA.png","datePublished":"2026-08-31T22:04:14+00:00","dateModified":"2026-08-31T22:04:22+00:00","breadcrumb":{"@id":"https:\/\/gysfm.com.ar\/inicio\/quien-gana-las-elecciones-en-brasil-2026-asi-estan-las-encuestas-entre-flavio-bolsonaro-y-lula-hoy-31-de-agosto\/#breadcrumb"},"inLanguage":"es","potentialAction":[{"@type":"ReadAction","target":["https:\/\/gysfm.com.ar\/inicio\/quien-gana-las-elecciones-en-brasil-2026-asi-estan-las-encuestas-entre-flavio-bolsonaro-y-lula-hoy-31-de-agosto\/"]}]},{"@type":"ImageObject","inLanguage":"es","@id":"https:\/\/gysfm.com.ar\/inicio\/quien-gana-las-elecciones-en-brasil-2026-asi-estan-las-encuestas-entre-flavio-bolsonaro-y-lula-hoy-31-de-agosto\/#primaryimage","url":"https:\/\/gysfm.com.ar\/inicio\/wp-content\/uploads\/2026\/08\/flavio-bolsonaro-y-lula-competiran-en-las-ZNBGPDKYQ5EGDIHV24FFPHVXXA.png","contentUrl":"https:\/\/gysfm.com.ar\/inicio\/wp-content\/uploads\/2026\/08\/flavio-bolsonaro-y-lula-competiran-en-las-ZNBGPDKYQ5EGDIHV24FFPHVXXA.png","width":1200,"height":800},{"@type":"BreadcrumbList","@id":"https:\/\/gysfm.com.ar\/inicio\/quien-gana-las-elecciones-en-brasil-2026-asi-estan-las-encuestas-entre-flavio-bolsonaro-y-lula-hoy-31-de-agosto\/#breadcrumb","itemListElement":[{"@type":"ListItem","position":1,"name":"Portada","item":"https:\/\/gysfm.com.ar\/inicio\/"},{"@type":"ListItem","position":2,"name":"\u00bfQui\u00e9n gana las elecciones en Brasil 2026? As\u00ed est\u00e1n las encuestas entre Flavio Bolsonaro y Lula hoy, 31 de agosto"}]},{"@type":"WebSite","@id":"https:\/\/gysfm.com.ar\/inicio\/#website","url":"https:\/\/gysfm.com.ar\/inicio\/","name":"GYS NOTICIAS |","description":"DIARIO - RADIO ONLINE SAN JUAN ARGENTINA","publisher":{"@id":"https:\/\/gysfm.com.ar\/inicio\/#organization"},"potentialAction":[{"@type":"SearchAction","target":{"@type":"EntryPoint","urlTemplate":"https:\/\/gysfm.com.ar\/inicio\/?s={search_term_string}"},"query-input":{"@type":"PropertyValueSpecification","valueRequired":true,"valueName":"search_term_string"}}],"inLanguage":"es"},{"@type":"Organization","@id":"https:\/\/gysfm.com.ar\/inicio\/#organization","name":"GYS NOTICIAS |","url":"https:\/\/gysfm.com.ar\/inicio\/","logo":{"@type":"ImageObject","inLanguage":"es","@id":"https:\/\/gysfm.com.ar\/inicio\/#\/schema\/logo\/image\/","url":"https:\/\/gysfm.com.ar\/inicio\/wp-content\/uploads\/2023\/07\/LOGOGYS-OK.png","contentUrl":"https:\/\/gysfm.com.ar\/inicio\/wp-content\/uploads\/2023\/07\/LOGOGYS-OK.png","width":1170,"height":872,"caption":"GYS NOTICIAS |"},"image":{"@id":"https:\/\/gysfm.com.ar\/inicio\/#\/schema\/logo\/image\/"}},{"@type":"Person","@id":"https:\/\/gysfm.com.ar\/inicio\/#\/schema\/person\/3abba7593ef2ad19e1be221d54383dc5","name":"Prensa G&amp;S FM","image":{"@type":"ImageObject","inLanguage":"es","@id":"https:\/\/gysfm.com.ar\/inicio\/#\/schema\/person\/image\/","url":"https:\/\/secure.gravatar.com\/avatar\/096ec78df02049ab018702bb4ccedf659377fa92a26540b5247612077a0dbd29?s=96&d=mm&r=g","contentUrl":"https:\/\/secure.gravatar.com\/avatar\/096ec78df02049ab018702bb4ccedf659377fa92a26540b5247612077a0dbd29?s=96&d=mm&r=g","caption":"Prensa G&amp;S FM"},"sameAs":["https:\/\/gysfm.com.ar\/"],"url":"https:\/\/gysfm.com.ar\/inicio\/author\/lucasm\/"}]}},"_links":{"self":[{"href":"https:\/\/gysfm.com.ar\/inicio\/wp-json\/wp\/v2\/posts\/209982","targetHints":{"allow":["GET"]}}],"collection":[{"href":"https:\/\/gysfm.com.ar\/inicio\/wp-json\/wp\/v2\/posts"}],"about":[{"href":"https:\/\/gysfm.com.ar\/inicio\/wp-json\/wp\/v2\/types\/post"}],"author":[{"embeddable":true,"href":"https:\/\/gysfm.com.ar\/inicio\/wp-json\/wp\/v2\/users\/2"}],"replies":[{"embeddable":true,"href":"https:\/\/gysfm.com.ar\/inicio\/wp-json\/wp\/v2\/comments?post=209982"}],"version-history":[{"count":1,"href":"https:\/\/gysfm.com.ar\/inicio\/wp-json\/wp\/v2\/posts\/209982\/revisions"}],"predecessor-version":[{"id":209984,"href":"https:\/\/gysfm.com.ar\/inicio\/wp-json\/wp\/v2\/posts\/209982\/revisions\/209984"}],"wp:featuredmedia":[{"embeddable":true,"href":"https:\/\/gysfm.com.ar\/inicio\/wp-json\/wp\/v2\/media\/209983"}],"wp:attachment":[{"href":"https:\/\/gysfm.com.ar\/inicio\/wp-json\/wp\/v2\/media?parent=209982"}],"wp:term":[{"taxonomy":"category","embeddable":true,"href":"https:\/\/gysfm.com.ar\/inicio\/wp-json\/wp\/v2\/categories?post=209982"},{"taxonomy":"post_tag","embeddable":true,"href":"https:\/\/gysfm.com.ar\/inicio\/wp-json\/wp\/v2\/tags?post=209982"}],"curies":[{"name":"wp","href":"https:\/\/api.w.org\/{rel}","templated":true}]}}