{"id":209973,"date":"2026-08-31T17:26:12","date_gmt":"2026-08-31T20:26:12","guid":{"rendered":"https:\/\/gysfm.com.ar\/inicio\/estiman-nueva-desaceleracion-que-llevaria-al-ipc-por-debajo-del-2\/"},"modified":"2026-08-31T17:26:12","modified_gmt":"2026-08-31T20:26:12","slug":"estiman-nueva-desaceleracion-que-llevaria-al-ipc-por-debajo-del-2","status":"publish","type":"post","link":"https:\/\/gysfm.com.ar\/inicio\/estiman-nueva-desaceleracion-que-llevaria-al-ipc-por-debajo-del-2\/","title":{"rendered":"estiman nueva desaceleraci\u00f3n, que llevar\u00eda al IPC por debajo del 2%"},"content":{"rendered":"<p> <br \/>\n<\/p>\n<div>\t\t<!-- { REGION4 --> <\/p>\n<header class=\"news-headline\">\n<div class=\"news-headline__topics-and-date-wrapper\">    <span class=\"news-headline__publication-date\"> 31 de agosto 2026 &#8211; 15:40<br \/>\n            <\/span><\/div>\n<h2 class=\"news-headline__article-summary\"\/>\n<p id=\"p-1788194742225-63464\" class=\"ignore-parser\"> Las consultoras privadas proyectan que el IPC se ubicar\u00eda entre el 1,4% y 1,9% en agosto, ya que no tendr\u00e1n la presi\u00f3n estacional de las vacaciones de invierno, as\u00ed como tambi\u00e9n gracias a la moderaci\u00f3n de los alimentos y bebidas.<\/p>\n<\/header>\n<article class=\"article-body article-body--first-paragraph\" data-td-script-src=\"https:\/\/www.ambito.com\/td\/modulos\/encuestas\/js\/function-embeds-min-version-1788149222.js\">\n<p id=\"p-1788194742232-38308\">La <strong>inflaci\u00f3n volver\u00eda a desacelerarse en agosto, <\/strong>tras la suba extraordinaria por factores estacionales vinculados al turismo y una moderaci\u00f3n del valor de los alimentos. El <strong>\u00edndice de precios al consumidor (IPC)<\/strong> se ubicar\u00eda entre el <strong>1,4%<\/strong> y <strong>1,9%,<\/strong> seg\u00fan las principales consultoras privadas.<\/p>\n<\/article>\n<section class=\"suscription-false printed-edition\" style=\"display:none\">\n<p> El contenido al que quiere acceder es exclusivo para suscriptores.<\/p>\n<p>  <span> <button type=\"button\" name=\"button\" class=\"subscribe-btn mercadopago-btn\">suscribirse<\/button><\/span>  <span class=\"btns\"><button type=\"button\" name=\"button\" class=\"subscribe-btn reload-login\"> ya estoy suscripto<\/button><\/span>  <\/p>\n<\/section>\n<article class=\"article-body article-body--second-paragraph\">\n<p id=\"p-1788196179763-7150\">En julio, la fuerte suba de los estacionales gener\u00f3 que el IPC de CABA saltara hasta el <strong>2,9%,<\/strong> seg\u00fan el IDECBA, impulsado por el incremento de los <strong>servicios (+3,8%) <\/strong>y tambi\u00e9n por factores <strong>estacionales (10,9%)<\/strong>. Los \u00faltimos tuvieron alzas en las tarifas del alojamiento en hoteles por las <strong>vacaciones de invierno<\/strong>, al igual que en los precios de los paquetes vacacionales, de los pasajes a\u00e9reos y de las verduras.<\/p>\n<\/article>\n<section class=\"related-news\">\t\t<span class=\"related-news__title\">Informate m\u00e1s<\/span>\t\t<\/p>\n<div class=\"row row--eq-height\">\n<div class=\"col-12 col-md-6\">\n<article class=\"news-article news-article--landscape-news news-article--landscape-news\">\n<figure class=\"news-article__figure figure\">\n\t\t\t\t\t\t\t\t\t\t\t<img src=\"https:\/\/media.ambito.com\/p\/118a61f611c197935f4ef6be1268d78b\/adjuntos\/239\/imagenes\/042\/806\/0042806601\/93x52\/smart\/aumentos-2.jpg\" decoding=\"async\" fetchpriority=\"low\" loading=\"lazy\" alt=\"En septiembre aumentar\u00e1n las tarifas del transporte, el agua, las prepagas, los colegios y otros servicios.\" title=\"En septiembre aumentar\u00e1n las tarifas del transporte, el agua, las prepagas, los colegios y otros servicios.\" width=\"93\" height=\"52\" class=\"news-article__figure-img figure-img img-fluid\"\/>\t\t<\/figure>\n<\/article><\/div>\n<div class=\"col-12 col-md-6\">\n<article class=\"news-article news-article--landscape-news news-article--landscape-news\">\n<figure class=\"news-article__figure figure\">\n\t\t\t\t\t\t\t\t\t\t\t<img src=\"https:\/\/media.ambito.com\/p\/9e2e49d733704d171046dcea2c105599\/adjuntos\/239\/imagenes\/041\/168\/0041168228\/consumo-supermercados-inflacion-precios-gondola-alimentosjpg.jpg\" decoding=\"async\" fetchpriority=\"low\" loading=\"lazy\" alt=\"Atribuyen la menor inflaci\u00f3n al fin de los aumentos estacionales.\" title=\"Atribuyen la menor inflaci\u00f3n al fin de los aumentos estacionales.\" width=\"93\" height=\"52\" class=\"news-article__figure-img figure-img img-fluid\"\/>\t\t<\/figure>\n<\/article><\/div>\n<\/div>\n<\/section>\n<article class=\"article-body article-body--third-paragraph\">\n<p id=\"p-1788196214232-38003\"> Para agosto, la medici\u00f3n m\u00e1s optimista corresponde a la Fundaci\u00f3n Libertad y Progreso, que pronostica el IPC en 1,4%, una desaceleraci\u00f3n del 0,7 puntos porcentuales (p.p.) frente al mes previo. <strong>\u00abLa desaceleraci\u00f3n de los precios se debe principalmente al modesto aumento en Alimentos y Bebidas no Alcoh\u00f3licas, que subi\u00f3 tan solo 1,1%\u00bb<\/strong>, destac\u00f3 <strong>Juli\u00e1n Neufeld,<\/strong> economista de en la Fundaci\u00f3n Libertad y Progreso.<\/p>\n<\/article>\n<article class=\"article-body article-body--fourth-paragraph\">\n<p id=\"p-1788196377580-72624\">Asimismo, Neufeld subray\u00f3 que, a partir del nuevo r\u00e9gimen implementado por el Gobierno para los <strong>aumentos de tarifas en el segundo semestre<\/strong>, los precios de la electricidad subieron m\u00e1s lentamente en agosto y contribuyeron a una menor inflaci\u00f3n en el mes.<\/p>\n<\/article>\n<article class=\"article-body article-body--fifth-paragraph\">\n<p id=\"p-1788195903528-40423\">En tanto, <strong>EcoGo<\/strong> proyect\u00f3 una inflaci\u00f3n de <strong>1,5%<\/strong> a nivel nacional, alegando tambi\u00e9n la fuerte desaceleraci\u00f3n de los alimentos. <strong>Analytica<\/strong>, por su parte, prev\u00e9 que el IPC se ubique en torno al <strong>1,7%<\/strong>. <strong>Equilibra<\/strong> midi\u00f3 un nivel de <strong>1,9%<\/strong>, siendo la mirada m\u00e1s pesimista, aunque resta procesar los \u00faltimos d\u00edas.<\/p>\n<\/article>\n<article class=\"article-body article-body--remaining-paragraph\">\n<div contenteditable=\"false\" class=\"embed_cont type_imagen\" id=\"8271883-Libre-1640865280_wrap\">\n<div id=\"8271883-Libre-1640865280_content\" class=\"embed_content\"><img src=\"https:\/\/media.ambito.com\/p\/5e725fc9a57120a4b0dc4d449673ad5a\/adjuntos\/239\/imagenes\/043\/614\/0043614230\/730x0\/smart\/image.png\" decoding=\"async\" fetchpriority=\"low\" loading=\"lazy\" alt=\"\" title=\"\" width=\"730\" height=\"undefined\" id=\"8271883-Libre-1640865280_embed\"\/><\/div><\/div>\n<p id=\"p-1788196789657-98950\">Los precios minoristas del GBA se ubicar\u00edan cercano al <strong>1,6%,<\/strong> seg\u00fan la medici\u00f3n de <strong>C&amp;T Asociados<\/strong>, marcando su <strong>\u00abmenor nivel desde agosto del a\u00f1o pasado\u00bb. <\/strong><\/p>\n<p id=\"p-1788196875971-36875\">\u00abVale notar que es necesario remontarse a 2020, en plena pandemia, para encontrar registros similares\u00bb, destacaron <strong>Mar\u00eda Castiglioni<\/strong> y <strong>Camilo Tiscornia<\/strong>.<\/p>\n<p id=\"p-1788196939902-11315\">\u00abEl menor ritmo de suba estuvo principalmente explicado por la baja de varios componentes estacionales, sobre todo, los vinculados al turismo, que dejaron atr\u00e1s el pico debido a las vacaciones de invierno. <strong>Indumentaria<\/strong> jug\u00f3 en igual sentido, no as\u00ed frutas y verduras, que volvieron a registrar subas significativas\u00bb, argumentaron desde la consultora.<\/p>\n<p id=\"p-1788196956728-44977\">Vivienda, que es uno de los rubros m\u00e1s sensibles, mantuvo el ritmo reciente cercano al <strong>2,5%,<\/strong> mientras que <strong>salud<\/strong> aument\u00f3 un 2%.<\/p>\n<p id=\"p-1788196539957-82426\">De esta manera, el consenso es que <strong>la inflaci\u00f3n volver\u00eda a arrancar con uno en agosto<\/strong> y dejar\u00eda atr\u00e1s el sendero del 2%. El \u00faltimo relevamiento de expectativas del mercado mostraba que desde el octavo mes del a\u00f1o volver\u00eda a ubicarse cercano al 1% y no superar\u00eda el umbral del 2% en todo lo que resta del a\u00f1o.<\/p>\n<\/article>\n<p>\t\t<!-- REGION4 } --><\/div>\n<p><script>\n!function(f,b,e,v,n,t,s)\n{if(f.fbq)return;n=f.fbq=function(){n.callMethod?\nn.callMethod.apply(n,arguments):n.queue.push(arguments)};\nif(!f._fbq)f._fbq=n;n.push=n;n.loaded=!0;n.version='2.0';\nn.queue=[];t=b.createElement(e);t.async=!0;\nt.src=v;s=b.getElementsByTagName(e)[0];\ns.parentNode.insertBefore(t,s)}(window,document,'script',\n'https:\/\/connect.facebook.net\/en_US\/fbevents.js');\nfbq('init', '2047048335588113');\nfbq('track', 'PageView');\n<\/script><br \/>\n<br \/><\/p>\n","protected":false},"excerpt":{"rendered":"<p>31 de agosto 2026 &#8211; 15:40 Las consultoras privadas proyectan que el IPC se ubicar\u00eda entre el 1,4% y 1,9% en agosto, ya que no tendr\u00e1n la presi\u00f3n estacional de las vacaciones de invierno, as\u00ed como tambi\u00e9n gracias a la moderaci\u00f3n de los alimentos y bebidas. La inflaci\u00f3n volver\u00eda a desacelerarse en agosto, tras la [&hellip;]<\/p>\n","protected":false},"author":1,"featured_media":89445,"comment_status":"closed","ping_status":"closed","sticky":false,"template":"","format":"standard","meta":{"footnotes":""},"categories":[28],"tags":[],"class_list":["post-209973","post","type-post","status-publish","format-standard","has-post-thumbnail","hentry","category-economia"],"yoast_head":"<!-- This site is optimized with the Yoast SEO plugin v24.4 - https:\/\/yoast.com\/wordpress\/plugins\/seo\/ -->\n<title>estiman nueva desaceleraci\u00f3n, que llevar\u00eda al IPC por debajo del 2% - GYS NOTICIAS |<\/title>\n<meta name=\"robots\" content=\"index, follow, max-snippet:-1, max-image-preview:large, max-video-preview:-1\" \/>\n<link rel=\"canonical\" href=\"https:\/\/gysfm.com.ar\/inicio\/estiman-nueva-desaceleracion-que-llevaria-al-ipc-por-debajo-del-2\/\" \/>\n<meta property=\"og:locale\" content=\"es_ES\" \/>\n<meta property=\"og:type\" content=\"article\" \/>\n<meta property=\"og:title\" content=\"estiman nueva desaceleraci\u00f3n, que llevar\u00eda al IPC por debajo del 2% - GYS NOTICIAS |\" \/>\n<meta property=\"og:description\" content=\"31 de agosto 2026 &#8211; 15:40 Las consultoras privadas proyectan que el IPC se ubicar\u00eda entre el 1,4% y 1,9% en agosto, ya que no tendr\u00e1n la presi\u00f3n estacional de las vacaciones de invierno, as\u00ed como tambi\u00e9n gracias a la moderaci\u00f3n de los alimentos y bebidas. La inflaci\u00f3n volver\u00eda a desacelerarse en agosto, tras la [&hellip;]\" \/>\n<meta property=\"og:url\" content=\"https:\/\/gysfm.com.ar\/inicio\/estiman-nueva-desaceleracion-que-llevaria-al-ipc-por-debajo-del-2\/\" \/>\n<meta property=\"og:site_name\" content=\"GYS NOTICIAS |\" \/>\n<meta property=\"article:published_time\" content=\"2026-08-31T20:26:12+00:00\" \/>\n<meta property=\"og:image\" content=\"https:\/\/media.ambito.com\/p\/118a61f611c197935f4ef6be1268d78b\/adjuntos\/239\/imagenes\/042\/806\/0042806601\/93x52\/smart\/aumentos-2.jpg\" \/>\n<meta name=\"author\" content=\"admin\" \/>\n<meta name=\"twitter:card\" content=\"summary_large_image\" \/>\n<meta name=\"twitter:label1\" content=\"Escrito por\" \/>\n\t<meta name=\"twitter:data1\" content=\"admin\" \/>\n\t<meta name=\"twitter:label2\" content=\"Tiempo de lectura\" \/>\n\t<meta name=\"twitter:data2\" content=\"3 minutos\" \/>\n<script type=\"application\/ld+json\" class=\"yoast-schema-graph\">{\"@context\":\"https:\/\/schema.org\",\"@graph\":[{\"@type\":\"Article\",\"@id\":\"https:\/\/gysfm.com.ar\/inicio\/estiman-nueva-desaceleracion-que-llevaria-al-ipc-por-debajo-del-2\/#article\",\"isPartOf\":{\"@id\":\"https:\/\/gysfm.com.ar\/inicio\/estiman-nueva-desaceleracion-que-llevaria-al-ipc-por-debajo-del-2\/\"},\"author\":{\"name\":\"admin\",\"@id\":\"https:\/\/gysfm.com.ar\/inicio\/#\/schema\/person\/5bedd7ecd35cc35548d89effafa23696\"},\"headline\":\"estiman nueva desaceleraci\u00f3n, que llevar\u00eda al IPC por debajo del 2%\",\"datePublished\":\"2026-08-31T20:26:12+00:00\",\"mainEntityOfPage\":{\"@id\":\"https:\/\/gysfm.com.ar\/inicio\/estiman-nueva-desaceleracion-que-llevaria-al-ipc-por-debajo-del-2\/\"},\"wordCount\":546,\"publisher\":{\"@id\":\"https:\/\/gysfm.com.ar\/inicio\/#organization\"},\"image\":{\"@id\":\"https:\/\/gysfm.com.ar\/inicio\/estiman-nueva-desaceleracion-que-llevaria-al-ipc-por-debajo-del-2\/#primaryimage\"},\"thumbnailUrl\":\"https:\/\/gysfm.com.ar\/inicio\/wp-content\/uploads\/2025\/02\/inflacion-supermercados-precios-mayoristas-consumo.jpg\",\"articleSection\":[\"ECONOMIA\"],\"inLanguage\":\"es\"},{\"@type\":\"WebPage\",\"@id\":\"https:\/\/gysfm.com.ar\/inicio\/estiman-nueva-desaceleracion-que-llevaria-al-ipc-por-debajo-del-2\/\",\"url\":\"https:\/\/gysfm.com.ar\/inicio\/estiman-nueva-desaceleracion-que-llevaria-al-ipc-por-debajo-del-2\/\",\"name\":\"estiman nueva desaceleraci\u00f3n, que llevar\u00eda al IPC por debajo del 2% - GYS NOTICIAS |\",\"isPartOf\":{\"@id\":\"https:\/\/gysfm.com.ar\/inicio\/#website\"},\"primaryImageOfPage\":{\"@id\":\"https:\/\/gysfm.com.ar\/inicio\/estiman-nueva-desaceleracion-que-llevaria-al-ipc-por-debajo-del-2\/#primaryimage\"},\"image\":{\"@id\":\"https:\/\/gysfm.com.ar\/inicio\/estiman-nueva-desaceleracion-que-llevaria-al-ipc-por-debajo-del-2\/#primaryimage\"},\"thumbnailUrl\":\"https:\/\/gysfm.com.ar\/inicio\/wp-content\/uploads\/2025\/02\/inflacion-supermercados-precios-mayoristas-consumo.jpg\",\"datePublished\":\"2026-08-31T20:26:12+00:00\",\"breadcrumb\":{\"@id\":\"https:\/\/gysfm.com.ar\/inicio\/estiman-nueva-desaceleracion-que-llevaria-al-ipc-por-debajo-del-2\/#breadcrumb\"},\"inLanguage\":\"es\",\"potentialAction\":[{\"@type\":\"ReadAction\",\"target\":[\"https:\/\/gysfm.com.ar\/inicio\/estiman-nueva-desaceleracion-que-llevaria-al-ipc-por-debajo-del-2\/\"]}]},{\"@type\":\"ImageObject\",\"inLanguage\":\"es\",\"@id\":\"https:\/\/gysfm.com.ar\/inicio\/estiman-nueva-desaceleracion-que-llevaria-al-ipc-por-debajo-del-2\/#primaryimage\",\"url\":\"https:\/\/gysfm.com.ar\/inicio\/wp-content\/uploads\/2025\/02\/inflacion-supermercados-precios-mayoristas-consumo.jpg\",\"contentUrl\":\"https:\/\/gysfm.com.ar\/inicio\/wp-content\/uploads\/2025\/02\/inflacion-supermercados-precios-mayoristas-consumo.jpg\",\"width\":1200,\"height\":675},{\"@type\":\"BreadcrumbList\",\"@id\":\"https:\/\/gysfm.com.ar\/inicio\/estiman-nueva-desaceleracion-que-llevaria-al-ipc-por-debajo-del-2\/#breadcrumb\",\"itemListElement\":[{\"@type\":\"ListItem\",\"position\":1,\"name\":\"Portada\",\"item\":\"https:\/\/gysfm.com.ar\/inicio\/\"},{\"@type\":\"ListItem\",\"position\":2,\"name\":\"estiman nueva desaceleraci\u00f3n, que llevar\u00eda al IPC por debajo del 2%\"}]},{\"@type\":\"WebSite\",\"@id\":\"https:\/\/gysfm.com.ar\/inicio\/#website\",\"url\":\"https:\/\/gysfm.com.ar\/inicio\/\",\"name\":\"GYS NOTICIAS |\",\"description\":\"DIARIO - RADIO ONLINE SAN JUAN ARGENTINA\",\"publisher\":{\"@id\":\"https:\/\/gysfm.com.ar\/inicio\/#organization\"},\"potentialAction\":[{\"@type\":\"SearchAction\",\"target\":{\"@type\":\"EntryPoint\",\"urlTemplate\":\"https:\/\/gysfm.com.ar\/inicio\/?s={search_term_string}\"},\"query-input\":{\"@type\":\"PropertyValueSpecification\",\"valueRequired\":true,\"valueName\":\"search_term_string\"}}],\"inLanguage\":\"es\"},{\"@type\":\"Organization\",\"@id\":\"https:\/\/gysfm.com.ar\/inicio\/#organization\",\"name\":\"GYS NOTICIAS |\",\"url\":\"https:\/\/gysfm.com.ar\/inicio\/\",\"logo\":{\"@type\":\"ImageObject\",\"inLanguage\":\"es\",\"@id\":\"https:\/\/gysfm.com.ar\/inicio\/#\/schema\/logo\/image\/\",\"url\":\"https:\/\/gysfm.com.ar\/inicio\/wp-content\/uploads\/2023\/07\/LOGOGYS-OK.png\",\"contentUrl\":\"https:\/\/gysfm.com.ar\/inicio\/wp-content\/uploads\/2023\/07\/LOGOGYS-OK.png\",\"width\":1170,\"height\":872,\"caption\":\"GYS NOTICIAS |\"},\"image\":{\"@id\":\"https:\/\/gysfm.com.ar\/inicio\/#\/schema\/logo\/image\/\"}},{\"@type\":\"Person\",\"@id\":\"https:\/\/gysfm.com.ar\/inicio\/#\/schema\/person\/5bedd7ecd35cc35548d89effafa23696\",\"name\":\"admin\",\"image\":{\"@type\":\"ImageObject\",\"inLanguage\":\"es\",\"@id\":\"https:\/\/gysfm.com.ar\/inicio\/#\/schema\/person\/image\/\",\"url\":\"https:\/\/secure.gravatar.com\/avatar\/c331d312b5243fb64d5ba28108a447b27c925295129a363082c9ea52c28d32c2?s=96&d=mm&r=g\",\"contentUrl\":\"https:\/\/secure.gravatar.com\/avatar\/c331d312b5243fb64d5ba28108a447b27c925295129a363082c9ea52c28d32c2?s=96&d=mm&r=g\",\"caption\":\"admin\"},\"sameAs\":[\"https:\/\/gysfm.com.ar\/inicio\"],\"url\":\"https:\/\/gysfm.com.ar\/inicio\/author\/admin\/\"}]}<\/script>\n<!-- \/ Yoast SEO plugin. -->","yoast_head_json":{"title":"estiman nueva desaceleraci\u00f3n, que llevar\u00eda al IPC por debajo del 2% - GYS NOTICIAS |","robots":{"index":"index","follow":"follow","max-snippet":"max-snippet:-1","max-image-preview":"max-image-preview:large","max-video-preview":"max-video-preview:-1"},"canonical":"https:\/\/gysfm.com.ar\/inicio\/estiman-nueva-desaceleracion-que-llevaria-al-ipc-por-debajo-del-2\/","og_locale":"es_ES","og_type":"article","og_title":"estiman nueva desaceleraci\u00f3n, que llevar\u00eda al IPC por debajo del 2% - GYS NOTICIAS |","og_description":"31 de agosto 2026 &#8211; 15:40 Las consultoras privadas proyectan que el IPC se ubicar\u00eda entre el 1,4% y 1,9% en agosto, ya que no tendr\u00e1n la presi\u00f3n estacional de las vacaciones de invierno, as\u00ed como tambi\u00e9n gracias a la moderaci\u00f3n de los alimentos y bebidas. La inflaci\u00f3n volver\u00eda a desacelerarse en agosto, tras la [&hellip;]","og_url":"https:\/\/gysfm.com.ar\/inicio\/estiman-nueva-desaceleracion-que-llevaria-al-ipc-por-debajo-del-2\/","og_site_name":"GYS NOTICIAS |","article_published_time":"2026-08-31T20:26:12+00:00","og_image":[{"url":"https:\/\/media.ambito.com\/p\/118a61f611c197935f4ef6be1268d78b\/adjuntos\/239\/imagenes\/042\/806\/0042806601\/93x52\/smart\/aumentos-2.jpg","type":"","width":"","height":""}],"author":"admin","twitter_card":"summary_large_image","twitter_misc":{"Escrito por":"admin","Tiempo de lectura":"3 minutos"},"schema":{"@context":"https:\/\/schema.org","@graph":[{"@type":"Article","@id":"https:\/\/gysfm.com.ar\/inicio\/estiman-nueva-desaceleracion-que-llevaria-al-ipc-por-debajo-del-2\/#article","isPartOf":{"@id":"https:\/\/gysfm.com.ar\/inicio\/estiman-nueva-desaceleracion-que-llevaria-al-ipc-por-debajo-del-2\/"},"author":{"name":"admin","@id":"https:\/\/gysfm.com.ar\/inicio\/#\/schema\/person\/5bedd7ecd35cc35548d89effafa23696"},"headline":"estiman nueva desaceleraci\u00f3n, que llevar\u00eda al IPC por debajo del 2%","datePublished":"2026-08-31T20:26:12+00:00","mainEntityOfPage":{"@id":"https:\/\/gysfm.com.ar\/inicio\/estiman-nueva-desaceleracion-que-llevaria-al-ipc-por-debajo-del-2\/"},"wordCount":546,"publisher":{"@id":"https:\/\/gysfm.com.ar\/inicio\/#organization"},"image":{"@id":"https:\/\/gysfm.com.ar\/inicio\/estiman-nueva-desaceleracion-que-llevaria-al-ipc-por-debajo-del-2\/#primaryimage"},"thumbnailUrl":"https:\/\/gysfm.com.ar\/inicio\/wp-content\/uploads\/2025\/02\/inflacion-supermercados-precios-mayoristas-consumo.jpg","articleSection":["ECONOMIA"],"inLanguage":"es"},{"@type":"WebPage","@id":"https:\/\/gysfm.com.ar\/inicio\/estiman-nueva-desaceleracion-que-llevaria-al-ipc-por-debajo-del-2\/","url":"https:\/\/gysfm.com.ar\/inicio\/estiman-nueva-desaceleracion-que-llevaria-al-ipc-por-debajo-del-2\/","name":"estiman nueva desaceleraci\u00f3n, que llevar\u00eda al IPC por debajo del 2% - GYS NOTICIAS |","isPartOf":{"@id":"https:\/\/gysfm.com.ar\/inicio\/#website"},"primaryImageOfPage":{"@id":"https:\/\/gysfm.com.ar\/inicio\/estiman-nueva-desaceleracion-que-llevaria-al-ipc-por-debajo-del-2\/#primaryimage"},"image":{"@id":"https:\/\/gysfm.com.ar\/inicio\/estiman-nueva-desaceleracion-que-llevaria-al-ipc-por-debajo-del-2\/#primaryimage"},"thumbnailUrl":"https:\/\/gysfm.com.ar\/inicio\/wp-content\/uploads\/2025\/02\/inflacion-supermercados-precios-mayoristas-consumo.jpg","datePublished":"2026-08-31T20:26:12+00:00","breadcrumb":{"@id":"https:\/\/gysfm.com.ar\/inicio\/estiman-nueva-desaceleracion-que-llevaria-al-ipc-por-debajo-del-2\/#breadcrumb"},"inLanguage":"es","potentialAction":[{"@type":"ReadAction","target":["https:\/\/gysfm.com.ar\/inicio\/estiman-nueva-desaceleracion-que-llevaria-al-ipc-por-debajo-del-2\/"]}]},{"@type":"ImageObject","inLanguage":"es","@id":"https:\/\/gysfm.com.ar\/inicio\/estiman-nueva-desaceleracion-que-llevaria-al-ipc-por-debajo-del-2\/#primaryimage","url":"https:\/\/gysfm.com.ar\/inicio\/wp-content\/uploads\/2025\/02\/inflacion-supermercados-precios-mayoristas-consumo.jpg","contentUrl":"https:\/\/gysfm.com.ar\/inicio\/wp-content\/uploads\/2025\/02\/inflacion-supermercados-precios-mayoristas-consumo.jpg","width":1200,"height":675},{"@type":"BreadcrumbList","@id":"https:\/\/gysfm.com.ar\/inicio\/estiman-nueva-desaceleracion-que-llevaria-al-ipc-por-debajo-del-2\/#breadcrumb","itemListElement":[{"@type":"ListItem","position":1,"name":"Portada","item":"https:\/\/gysfm.com.ar\/inicio\/"},{"@type":"ListItem","position":2,"name":"estiman nueva desaceleraci\u00f3n, que llevar\u00eda al IPC por debajo del 2%"}]},{"@type":"WebSite","@id":"https:\/\/gysfm.com.ar\/inicio\/#website","url":"https:\/\/gysfm.com.ar\/inicio\/","name":"GYS NOTICIAS |","description":"DIARIO - RADIO ONLINE SAN JUAN ARGENTINA","publisher":{"@id":"https:\/\/gysfm.com.ar\/inicio\/#organization"},"potentialAction":[{"@type":"SearchAction","target":{"@type":"EntryPoint","urlTemplate":"https:\/\/gysfm.com.ar\/inicio\/?s={search_term_string}"},"query-input":{"@type":"PropertyValueSpecification","valueRequired":true,"valueName":"search_term_string"}}],"inLanguage":"es"},{"@type":"Organization","@id":"https:\/\/gysfm.com.ar\/inicio\/#organization","name":"GYS NOTICIAS |","url":"https:\/\/gysfm.com.ar\/inicio\/","logo":{"@type":"ImageObject","inLanguage":"es","@id":"https:\/\/gysfm.com.ar\/inicio\/#\/schema\/logo\/image\/","url":"https:\/\/gysfm.com.ar\/inicio\/wp-content\/uploads\/2023\/07\/LOGOGYS-OK.png","contentUrl":"https:\/\/gysfm.com.ar\/inicio\/wp-content\/uploads\/2023\/07\/LOGOGYS-OK.png","width":1170,"height":872,"caption":"GYS NOTICIAS |"},"image":{"@id":"https:\/\/gysfm.com.ar\/inicio\/#\/schema\/logo\/image\/"}},{"@type":"Person","@id":"https:\/\/gysfm.com.ar\/inicio\/#\/schema\/person\/5bedd7ecd35cc35548d89effafa23696","name":"admin","image":{"@type":"ImageObject","inLanguage":"es","@id":"https:\/\/gysfm.com.ar\/inicio\/#\/schema\/person\/image\/","url":"https:\/\/secure.gravatar.com\/avatar\/c331d312b5243fb64d5ba28108a447b27c925295129a363082c9ea52c28d32c2?s=96&d=mm&r=g","contentUrl":"https:\/\/secure.gravatar.com\/avatar\/c331d312b5243fb64d5ba28108a447b27c925295129a363082c9ea52c28d32c2?s=96&d=mm&r=g","caption":"admin"},"sameAs":["https:\/\/gysfm.com.ar\/inicio"],"url":"https:\/\/gysfm.com.ar\/inicio\/author\/admin\/"}]}},"_links":{"self":[{"href":"https:\/\/gysfm.com.ar\/inicio\/wp-json\/wp\/v2\/posts\/209973","targetHints":{"allow":["GET"]}}],"collection":[{"href":"https:\/\/gysfm.com.ar\/inicio\/wp-json\/wp\/v2\/posts"}],"about":[{"href":"https:\/\/gysfm.com.ar\/inicio\/wp-json\/wp\/v2\/types\/post"}],"author":[{"embeddable":true,"href":"https:\/\/gysfm.com.ar\/inicio\/wp-json\/wp\/v2\/users\/1"}],"replies":[{"embeddable":true,"href":"https:\/\/gysfm.com.ar\/inicio\/wp-json\/wp\/v2\/comments?post=209973"}],"version-history":[{"count":0,"href":"https:\/\/gysfm.com.ar\/inicio\/wp-json\/wp\/v2\/posts\/209973\/revisions"}],"wp:featuredmedia":[{"embeddable":true,"href":"https:\/\/gysfm.com.ar\/inicio\/wp-json\/wp\/v2\/media\/89445"}],"wp:attachment":[{"href":"https:\/\/gysfm.com.ar\/inicio\/wp-json\/wp\/v2\/media?parent=209973"}],"wp:term":[{"taxonomy":"category","embeddable":true,"href":"https:\/\/gysfm.com.ar\/inicio\/wp-json\/wp\/v2\/categories?post=209973"},{"taxonomy":"post_tag","embeddable":true,"href":"https:\/\/gysfm.com.ar\/inicio\/wp-json\/wp\/v2\/tags?post=209973"}],"curies":[{"name":"wp","href":"https:\/\/api.w.org\/{rel}","templated":true}]}}