{"id":209925,"date":"2026-08-31T06:47:09","date_gmt":"2026-08-31T09:47:09","guid":{"rendered":"https:\/\/gysfm.com.ar\/inicio\/trump-amenaza-con-denunciar-ante-el-regulador-de-licencias-a-una-periodista-de-nbc-por-criticar-sus-respaldos-politicos\/"},"modified":"2026-08-31T06:47:09","modified_gmt":"2026-08-31T09:47:09","slug":"trump-amenaza-con-denunciar-ante-el-regulador-de-licencias-a-una-periodista-de-nbc-por-criticar-sus-respaldos-politicos","status":"publish","type":"post","link":"https:\/\/gysfm.com.ar\/inicio\/trump-amenaza-con-denunciar-ante-el-regulador-de-licencias-a-una-periodista-de-nbc-por-criticar-sus-respaldos-politicos\/","title":{"rendered":"Trump amenaza con denunciar ante el regulador de licencias a una periodista de NBC por criticar sus respaldos pol\u00edticos"},"content":{"rendered":"<p> <br \/>\n<\/p>\n<div>\n<p class=\"com-paragraph --capital --s\">WASHINGTON.\u2013 El presidente de <a href=\"https:\/\/www.lanacion.com.ar\/el-mundo\/iran-denuncia-muertos-tras-un-ataque-de-estados-unidos-contra-una-isla-estrategica-cercana-al-nid30082026\/\" target=\"_self\" title=\"https:\/\/www.lanacion.com.ar\/el-mundo\/iran-denuncia-muertos-tras-un-ataque-de-estados-unidos-contra-una-isla-estrategica-cercana-al-nid30082026\/\" class=\"com-link break-word\" data-mrf-recirculation=\"n_link_parrafo\">Estados Unidos<\/a>, <a href=\"https:\/\/www.lanacion.com.ar\/estados-unidos\/condenan-a-un-exoperador-del-teleprompter-de-trump-por-apostar-sobre-sus-discursos-nid29082026\/\" target=\"_self\" title=\"https:\/\/www.lanacion.com.ar\/estados-unidos\/condenan-a-un-exoperador-del-teleprompter-de-trump-por-apostar-sobre-sus-discursos-nid29082026\/\" class=\"com-link break-word\" data-mrf-recirculation=\"n_link_parrafo\"><strong>Donald Trump<\/strong><\/a><strong>, amenaz\u00f3 este domingo con denunciar ante la Comisi\u00f3n Federal de Comunicaciones (FCC) a la periodista de NBC Kristen Welker<\/strong>, despu\u00e9s de que la conductora calificara como \u201cmixtos\u201d los resultados de los candidatos respaldados por el mandatario en las primarias republicanas.<\/p>\n<p class=\"com-paragraph --s\"><a href=\"https:\/\/www.lanacion.com.ar\/estados-unidos\/eeuu-se-acerca-a-un-acuerdo-para-asegurarse-un-vasto-acceso-a-las-reservas-de-petroleo-de-venezuela-nid28082026\/\" target=\"_self\" title=\"https:\/\/www.lanacion.com.ar\/estados-unidos\/eeuu-se-acerca-a-un-acuerdo-para-asegurarse-un-vasto-acceso-a-las-reservas-de-petroleo-de-venezuela-nid28082026\/\" class=\"com-link break-word\" data-mrf-recirculation=\"n_link_parrafo\">Trump<\/a> acus\u00f3 a Welker, presentadora del programa Meet the Press, de<strong> difundir una \u201cinexactitud deliberada\u201d<\/strong> y dijo que ser\u00eda <strong>denunciada ante la FCC para que fuera \u201creprendida o sancionada\u201d<\/strong>.<\/p>\n<p class=\"com-paragraph --s\">\u201c\u00bfC\u00f3mo es posible que alguien que trabaja para el uso gratuito del espectro radioel\u00e9ctrico p\u00fablico pueda decir esto?\u201d, escribi\u00f3 Trump, en referencia a las frecuencias utilizadas por las emisoras de televisi\u00f3n. <\/p>\n<p class=\"com-paragraph --s\">El mandatario tambi\u00e9n volvi\u00f3 a cuestionar la cobertura de los medios y, en otra publicaci\u00f3n, critic\u00f3 las que calific\u00f3 como \u201cencuestas falsas\u201d y pidi\u00f3 que \u201cse haga algo al respecto\u201d, para luego agregar: <strong>\u201c\u00a1La FCC al rescate!\u201d<\/strong>. <\/p>\n<p class=\"com-paragraph --s\">Las declaraciones representan uno de los intentos m\u00e1s expl\u00edcitos de Trump por utilizar la comisi\u00f3n para presionar a medios de comunicaci\u00f3n cuya cobertura le resulta desfavorable.<\/p>\n<p class=\"com-paragraph --s\">Trump critic\u00f3 reiteradamente a la periodista en los \u00faltimos dos a\u00f1os, aunque tambi\u00e9n le concedi\u00f3 varias entrevistas. En junio, interrumpi\u00f3 abruptamente una conversaci\u00f3n con ella despu\u00e9s de que lo cuestionara sobre sus acusaciones de fraude electoral.<\/p>\n<p class=\"com-paragraph --s\"><strong>NBC News respald\u00f3 a Welker.<\/strong> \u201cKristen es una de las mejores en el sector y la apoyamos\u201d, dijo un vocero de la cadena.<\/p>\n<p class=\"com-paragraph --s\">Welker hab\u00eda dicho durante una intervenci\u00f3n en una emisora local de NBC en Washington que <strong>Trump tuvo<\/strong> <strong>\u201cresultados mixtos\u201d en sus respaldos a candidatos electorales<\/strong>, aunque destac\u00f3 la reciente victoria de la republicana Darline Graham en Carolina del Sur.<\/p>\n<div class=\"content-media\">\n<section role=\"button\" class=\"mod-media   \">\n<figure role=\"button\" tabindex=\"0\" class=\"mod-figure \"><figcaption class=\"mod-figcaption\"><span class=\"com-text --caption --twoxs\">Welker, de 50 a\u00f1os, es una de las figuras m\u00e1s reconocidas de la cobertura pol\u00edtica de &#8216;NBC News&#8217; <\/span><\/figcaption><\/figure>\n<\/section>\n<\/div>\n<p class=\"com-paragraph --s\">La evaluaci\u00f3n coincide con un an\u00e1lisis de NBC News seg\u00fan el cual <strong>seis candidatos respaldados por Trump para la C\u00e1mara de Representantes y la gobernaci\u00f3n perdieron sus primarias<\/strong> a comienzos de agosto. Otros medios tambi\u00e9n describieron como mixto el desempe\u00f1o de los candidatos apoyados por el presidente.<\/p>\n<p class=\"com-paragraph --s\"><strong>Trump<\/strong>, en cambio, <strong>sostuvo que sus respaldos hab\u00edan sido pr\u00e1cticamente impecables <\/strong>y cit\u00f3 las victorias de Graham y Mike Mazzei, candidato republicano en Oklahoma. <strong>\u201cMi respaldo es, sin duda, el respaldo m\u00e1s contundente en la historia de la pol\u00edtica\u201d<\/strong>, afirm\u00f3. \u201cSi no lo fuera, ser\u00eda el primero en admitirlo\u201d, agreg\u00f3.<\/p>\n<p class=\"com-paragraph --s\">La <strong>FCC tiene facultades limitadas sobre el contenido period\u00edstico<\/strong> y su propio sitio web se\u00f1ala que la <strong>agencia no puede impedir la transmisi\u00f3n de un determinado punto de vista<\/strong>. Por eso, una <strong>eventual sanci\u00f3n contra Welker por sus comentarios period\u00edsticos ser\u00eda dif\u00edcil de justificar<\/strong>.<\/p>\n<div class=\"content-media\">\n<section role=\"button\" class=\"mod-media   \">\n<figure role=\"button\" tabindex=\"0\" class=\"mod-figure \"><figcaption class=\"mod-figcaption\"><span class=\"com-text --caption --twoxs\">Carr es un miembro de larga trayectoria de la FCC que el a\u00f1o pasado se convirti\u00f3 en un defensor cada vez m\u00e1s visible del gobierno de Trump<\/span><span class=\"com-text --credit --twoxs\">Andres Kudacki &#8211; FR170905 AP<\/span><\/figcaption><\/figure>\n<\/section>\n<\/div>\n<p class=\"com-paragraph --s\">El presidente de la FCC, <strong>Brendan Carr<\/strong>, designado por Trump y considerado un aliado cercano del mandatario, no respondi\u00f3 a las consultas sobre la amenaza.<\/p>\n<p class=\"com-paragraph --s\">La relaci\u00f3n entre Trump y Carr ya gener\u00f3 controversia por la actuaci\u00f3n de la comisi\u00f3n frente a medios de comunicaci\u00f3n.<strong> Carr tom\u00f3 medidas contra algunos licenciatarios de la FCC y mantiene abierta una investigaci\u00f3n sobre Comcast<\/strong>, empresa matriz de NBC, por presuntas pr\u00e1cticas de discriminaci\u00f3n relacionadas con pol\u00edticas de diversidad, equidad e inclusi\u00f3n. <\/p>\n<p class=\"com-paragraph --s\">La<strong> FCC tambi\u00e9n inici\u00f3 una investigaci\u00f3n sobre las estaciones locales de ABC<\/strong>, propiedad de Disney, despu\u00e9s de que Trump criticara p\u00fablicamente a la cadena. Disney present\u00f3 posteriormente una demanda contra la comisi\u00f3n en la que sostuvo que las actuaciones de la agencia violaban la Primera Enmienda. <\/p>\n<p class=\"com-paragraph --s\">En marzo, <strong>Carr hab\u00eda amenazado a cadenas de televisi\u00f3n por su cobertura de la guerra con Ir\u00e1n<\/strong> despu\u00e9s de que Trump expresara cr\u00edticas similares. <\/p>\n<p class=\"com-paragraph --s\"><strong>Exfuncionarios de la FCC de ambos partidos acusaron a Carr de intentar utilizar la comisi\u00f3n para presionar a los medios y limitar la libertad de expresi\u00f3n<\/strong>, mientras Trump elogi\u00f3 p\u00fablicamente al funcionario.<\/p>\n<p class=\"com-paragraph --s\"><strong>Agencia AP<\/strong><\/p>\n<section class=\"container-center-100 mb-40 border border-bottom border-thin border-neutral-light-700\">\n<hr\/>\n<\/section>\n<\/div>\n<p><script id=\"facebookpixel\" defer=\"\" type=\"text\/javascript\">\n        !function(f,b,e,v,n,t,s)\n        {if(f.fbq)return;n=f.fbq=function(){n.callMethod?\n        n.callMethod.apply(n,arguments):n.queue.push(arguments)};\n        if(!f._fbq)f._fbq=n;n.push=n;n.loaded=!0;n.version='2.0';\n        n.queue=[];t=b.createElement(e);t.async=!0;\n        t.src=v;s=b.getElementsByTagName(e)[0];\n        s.parentNode.insertBefore(t,s)}(window, document,'script',\n        'https:\/\/connect.facebook.net\/en_US\/fbevents.js');\n        fbq('init', '492459597522335');\n        fbq('track', 'PageView');\n    <\/script><br \/>\n<br \/><\/p>\n","protected":false},"excerpt":{"rendered":"<p>WASHINGTON.\u2013 El presidente de Estados Unidos, Donald Trump, amenaz\u00f3 este domingo con denunciar ante la Comisi\u00f3n Federal de Comunicaciones (FCC) a la periodista de NBC Kristen Welker, despu\u00e9s de que la conductora calificara como \u201cmixtos\u201d los resultados de los candidatos respaldados por el mandatario en las primarias republicanas. Trump acus\u00f3 a Welker, presentadora del programa [&hellip;]<\/p>\n","protected":false},"author":2,"featured_media":209926,"comment_status":"closed","ping_status":"closed","sticky":false,"template":"","format":"standard","meta":{"footnotes":""},"categories":[26],"tags":[],"class_list":["post-209925","post","type-post","status-publish","format-standard","has-post-thumbnail","hentry","category-internacionales"],"yoast_head":"<!-- This site is optimized with the Yoast SEO plugin v24.4 - https:\/\/yoast.com\/wordpress\/plugins\/seo\/ -->\n<title>Trump amenaza con denunciar ante el regulador de licencias a una periodista de NBC por criticar sus respaldos pol\u00edticos - GYS NOTICIAS |<\/title>\n<meta name=\"robots\" content=\"index, follow, max-snippet:-1, max-image-preview:large, max-video-preview:-1\" \/>\n<link rel=\"canonical\" href=\"https:\/\/gysfm.com.ar\/inicio\/trump-amenaza-con-denunciar-ante-el-regulador-de-licencias-a-una-periodista-de-nbc-por-criticar-sus-respaldos-politicos\/\" \/>\n<meta property=\"og:locale\" content=\"es_ES\" \/>\n<meta property=\"og:type\" content=\"article\" \/>\n<meta property=\"og:title\" content=\"Trump amenaza con denunciar ante el regulador de licencias a una periodista de NBC por criticar sus respaldos pol\u00edticos - GYS NOTICIAS |\" \/>\n<meta property=\"og:description\" content=\"WASHINGTON.\u2013 El presidente de Estados Unidos, Donald Trump, amenaz\u00f3 este domingo con denunciar ante la Comisi\u00f3n Federal de Comunicaciones (FCC) a la periodista de NBC Kristen Welker, despu\u00e9s de que la conductora calificara como \u201cmixtos\u201d los resultados de los candidatos respaldados por el mandatario en las primarias republicanas. Trump acus\u00f3 a Welker, presentadora del programa [&hellip;]\" \/>\n<meta property=\"og:url\" content=\"https:\/\/gysfm.com.ar\/inicio\/trump-amenaza-con-denunciar-ante-el-regulador-de-licencias-a-una-periodista-de-nbc-por-criticar-sus-respaldos-politicos\/\" \/>\n<meta property=\"og:site_name\" content=\"GYS NOTICIAS |\" \/>\n<meta property=\"article:published_time\" content=\"2026-08-31T09:47:09+00:00\" \/>\n<meta property=\"og:image\" content=\"https:\/\/gysfm.com.ar\/inicio\/wp-content\/uploads\/2026\/08\/trump-publico-un-largo-mensaje-sobre-lo-que-GAMSF3YKTNHG3NR2W5CSONLNG4.jpg\" \/>\n\t<meta property=\"og:image:width\" content=\"1200\" \/>\n\t<meta property=\"og:image:height\" content=\"800\" \/>\n\t<meta property=\"og:image:type\" content=\"image\/jpeg\" \/>\n<meta name=\"author\" content=\"Prensa G&amp;S FM\" \/>\n<meta name=\"twitter:card\" content=\"summary_large_image\" \/>\n<meta name=\"twitter:label1\" content=\"Escrito por\" \/>\n\t<meta name=\"twitter:data1\" content=\"Prensa G&amp;S FM\" \/>\n\t<meta name=\"twitter:label2\" content=\"Tiempo de lectura\" \/>\n\t<meta name=\"twitter:data2\" content=\"4 minutos\" \/>\n<script type=\"application\/ld+json\" class=\"yoast-schema-graph\">{\"@context\":\"https:\/\/schema.org\",\"@graph\":[{\"@type\":\"Article\",\"@id\":\"https:\/\/gysfm.com.ar\/inicio\/trump-amenaza-con-denunciar-ante-el-regulador-de-licencias-a-una-periodista-de-nbc-por-criticar-sus-respaldos-politicos\/#article\",\"isPartOf\":{\"@id\":\"https:\/\/gysfm.com.ar\/inicio\/trump-amenaza-con-denunciar-ante-el-regulador-de-licencias-a-una-periodista-de-nbc-por-criticar-sus-respaldos-politicos\/\"},\"author\":{\"name\":\"Prensa G&amp;S FM\",\"@id\":\"https:\/\/gysfm.com.ar\/inicio\/#\/schema\/person\/3abba7593ef2ad19e1be221d54383dc5\"},\"headline\":\"Trump amenaza con denunciar ante el regulador de licencias a una periodista de NBC por criticar sus respaldos pol\u00edticos\",\"datePublished\":\"2026-08-31T09:47:09+00:00\",\"mainEntityOfPage\":{\"@id\":\"https:\/\/gysfm.com.ar\/inicio\/trump-amenaza-con-denunciar-ante-el-regulador-de-licencias-a-una-periodista-de-nbc-por-criticar-sus-respaldos-politicos\/\"},\"wordCount\":728,\"publisher\":{\"@id\":\"https:\/\/gysfm.com.ar\/inicio\/#organization\"},\"image\":{\"@id\":\"https:\/\/gysfm.com.ar\/inicio\/trump-amenaza-con-denunciar-ante-el-regulador-de-licencias-a-una-periodista-de-nbc-por-criticar-sus-respaldos-politicos\/#primaryimage\"},\"thumbnailUrl\":\"https:\/\/gysfm.com.ar\/inicio\/wp-content\/uploads\/2026\/08\/trump-publico-un-largo-mensaje-sobre-lo-que-GAMSF3YKTNHG3NR2W5CSONLNG4.jpg\",\"articleSection\":[\"INTERNACIONALES\"],\"inLanguage\":\"es\"},{\"@type\":\"WebPage\",\"@id\":\"https:\/\/gysfm.com.ar\/inicio\/trump-amenaza-con-denunciar-ante-el-regulador-de-licencias-a-una-periodista-de-nbc-por-criticar-sus-respaldos-politicos\/\",\"url\":\"https:\/\/gysfm.com.ar\/inicio\/trump-amenaza-con-denunciar-ante-el-regulador-de-licencias-a-una-periodista-de-nbc-por-criticar-sus-respaldos-politicos\/\",\"name\":\"Trump amenaza con denunciar ante el regulador de licencias a una periodista de NBC por criticar sus respaldos pol\u00edticos - GYS NOTICIAS |\",\"isPartOf\":{\"@id\":\"https:\/\/gysfm.com.ar\/inicio\/#website\"},\"primaryImageOfPage\":{\"@id\":\"https:\/\/gysfm.com.ar\/inicio\/trump-amenaza-con-denunciar-ante-el-regulador-de-licencias-a-una-periodista-de-nbc-por-criticar-sus-respaldos-politicos\/#primaryimage\"},\"image\":{\"@id\":\"https:\/\/gysfm.com.ar\/inicio\/trump-amenaza-con-denunciar-ante-el-regulador-de-licencias-a-una-periodista-de-nbc-por-criticar-sus-respaldos-politicos\/#primaryimage\"},\"thumbnailUrl\":\"https:\/\/gysfm.com.ar\/inicio\/wp-content\/uploads\/2026\/08\/trump-publico-un-largo-mensaje-sobre-lo-que-GAMSF3YKTNHG3NR2W5CSONLNG4.jpg\",\"datePublished\":\"2026-08-31T09:47:09+00:00\",\"breadcrumb\":{\"@id\":\"https:\/\/gysfm.com.ar\/inicio\/trump-amenaza-con-denunciar-ante-el-regulador-de-licencias-a-una-periodista-de-nbc-por-criticar-sus-respaldos-politicos\/#breadcrumb\"},\"inLanguage\":\"es\",\"potentialAction\":[{\"@type\":\"ReadAction\",\"target\":[\"https:\/\/gysfm.com.ar\/inicio\/trump-amenaza-con-denunciar-ante-el-regulador-de-licencias-a-una-periodista-de-nbc-por-criticar-sus-respaldos-politicos\/\"]}]},{\"@type\":\"ImageObject\",\"inLanguage\":\"es\",\"@id\":\"https:\/\/gysfm.com.ar\/inicio\/trump-amenaza-con-denunciar-ante-el-regulador-de-licencias-a-una-periodista-de-nbc-por-criticar-sus-respaldos-politicos\/#primaryimage\",\"url\":\"https:\/\/gysfm.com.ar\/inicio\/wp-content\/uploads\/2026\/08\/trump-publico-un-largo-mensaje-sobre-lo-que-GAMSF3YKTNHG3NR2W5CSONLNG4.jpg\",\"contentUrl\":\"https:\/\/gysfm.com.ar\/inicio\/wp-content\/uploads\/2026\/08\/trump-publico-un-largo-mensaje-sobre-lo-que-GAMSF3YKTNHG3NR2W5CSONLNG4.jpg\",\"width\":1200,\"height\":800},{\"@type\":\"BreadcrumbList\",\"@id\":\"https:\/\/gysfm.com.ar\/inicio\/trump-amenaza-con-denunciar-ante-el-regulador-de-licencias-a-una-periodista-de-nbc-por-criticar-sus-respaldos-politicos\/#breadcrumb\",\"itemListElement\":[{\"@type\":\"ListItem\",\"position\":1,\"name\":\"Portada\",\"item\":\"https:\/\/gysfm.com.ar\/inicio\/\"},{\"@type\":\"ListItem\",\"position\":2,\"name\":\"Trump amenaza con denunciar ante el regulador de licencias a una periodista de NBC por criticar sus respaldos pol\u00edticos\"}]},{\"@type\":\"WebSite\",\"@id\":\"https:\/\/gysfm.com.ar\/inicio\/#website\",\"url\":\"https:\/\/gysfm.com.ar\/inicio\/\",\"name\":\"GYS NOTICIAS |\",\"description\":\"DIARIO - RADIO ONLINE SAN JUAN ARGENTINA\",\"publisher\":{\"@id\":\"https:\/\/gysfm.com.ar\/inicio\/#organization\"},\"potentialAction\":[{\"@type\":\"SearchAction\",\"target\":{\"@type\":\"EntryPoint\",\"urlTemplate\":\"https:\/\/gysfm.com.ar\/inicio\/?s={search_term_string}\"},\"query-input\":{\"@type\":\"PropertyValueSpecification\",\"valueRequired\":true,\"valueName\":\"search_term_string\"}}],\"inLanguage\":\"es\"},{\"@type\":\"Organization\",\"@id\":\"https:\/\/gysfm.com.ar\/inicio\/#organization\",\"name\":\"GYS NOTICIAS |\",\"url\":\"https:\/\/gysfm.com.ar\/inicio\/\",\"logo\":{\"@type\":\"ImageObject\",\"inLanguage\":\"es\",\"@id\":\"https:\/\/gysfm.com.ar\/inicio\/#\/schema\/logo\/image\/\",\"url\":\"https:\/\/gysfm.com.ar\/inicio\/wp-content\/uploads\/2023\/07\/LOGOGYS-OK.png\",\"contentUrl\":\"https:\/\/gysfm.com.ar\/inicio\/wp-content\/uploads\/2023\/07\/LOGOGYS-OK.png\",\"width\":1170,\"height\":872,\"caption\":\"GYS NOTICIAS |\"},\"image\":{\"@id\":\"https:\/\/gysfm.com.ar\/inicio\/#\/schema\/logo\/image\/\"}},{\"@type\":\"Person\",\"@id\":\"https:\/\/gysfm.com.ar\/inicio\/#\/schema\/person\/3abba7593ef2ad19e1be221d54383dc5\",\"name\":\"Prensa G&amp;S FM\",\"image\":{\"@type\":\"ImageObject\",\"inLanguage\":\"es\",\"@id\":\"https:\/\/gysfm.com.ar\/inicio\/#\/schema\/person\/image\/\",\"url\":\"https:\/\/secure.gravatar.com\/avatar\/096ec78df02049ab018702bb4ccedf659377fa92a26540b5247612077a0dbd29?s=96&d=mm&r=g\",\"contentUrl\":\"https:\/\/secure.gravatar.com\/avatar\/096ec78df02049ab018702bb4ccedf659377fa92a26540b5247612077a0dbd29?s=96&d=mm&r=g\",\"caption\":\"Prensa G&amp;S FM\"},\"sameAs\":[\"https:\/\/gysfm.com.ar\/\"],\"url\":\"https:\/\/gysfm.com.ar\/inicio\/author\/lucasm\/\"}]}<\/script>\n<!-- \/ Yoast SEO plugin. -->","yoast_head_json":{"title":"Trump amenaza con denunciar ante el regulador de licencias a una periodista de NBC por criticar sus respaldos pol\u00edticos - GYS NOTICIAS |","robots":{"index":"index","follow":"follow","max-snippet":"max-snippet:-1","max-image-preview":"max-image-preview:large","max-video-preview":"max-video-preview:-1"},"canonical":"https:\/\/gysfm.com.ar\/inicio\/trump-amenaza-con-denunciar-ante-el-regulador-de-licencias-a-una-periodista-de-nbc-por-criticar-sus-respaldos-politicos\/","og_locale":"es_ES","og_type":"article","og_title":"Trump amenaza con denunciar ante el regulador de licencias a una periodista de NBC por criticar sus respaldos pol\u00edticos - GYS NOTICIAS |","og_description":"WASHINGTON.\u2013 El presidente de Estados Unidos, Donald Trump, amenaz\u00f3 este domingo con denunciar ante la Comisi\u00f3n Federal de Comunicaciones (FCC) a la periodista de NBC Kristen Welker, despu\u00e9s de que la conductora calificara como \u201cmixtos\u201d los resultados de los candidatos respaldados por el mandatario en las primarias republicanas. Trump acus\u00f3 a Welker, presentadora del programa [&hellip;]","og_url":"https:\/\/gysfm.com.ar\/inicio\/trump-amenaza-con-denunciar-ante-el-regulador-de-licencias-a-una-periodista-de-nbc-por-criticar-sus-respaldos-politicos\/","og_site_name":"GYS NOTICIAS |","article_published_time":"2026-08-31T09:47:09+00:00","og_image":[{"width":1200,"height":800,"url":"https:\/\/gysfm.com.ar\/inicio\/wp-content\/uploads\/2026\/08\/trump-publico-un-largo-mensaje-sobre-lo-que-GAMSF3YKTNHG3NR2W5CSONLNG4.jpg","type":"image\/jpeg"}],"author":"Prensa G&amp;S FM","twitter_card":"summary_large_image","twitter_misc":{"Escrito por":"Prensa G&amp;S FM","Tiempo de lectura":"4 minutos"},"schema":{"@context":"https:\/\/schema.org","@graph":[{"@type":"Article","@id":"https:\/\/gysfm.com.ar\/inicio\/trump-amenaza-con-denunciar-ante-el-regulador-de-licencias-a-una-periodista-de-nbc-por-criticar-sus-respaldos-politicos\/#article","isPartOf":{"@id":"https:\/\/gysfm.com.ar\/inicio\/trump-amenaza-con-denunciar-ante-el-regulador-de-licencias-a-una-periodista-de-nbc-por-criticar-sus-respaldos-politicos\/"},"author":{"name":"Prensa G&amp;S FM","@id":"https:\/\/gysfm.com.ar\/inicio\/#\/schema\/person\/3abba7593ef2ad19e1be221d54383dc5"},"headline":"Trump amenaza con denunciar ante el regulador de licencias a una periodista de NBC por criticar sus respaldos pol\u00edticos","datePublished":"2026-08-31T09:47:09+00:00","mainEntityOfPage":{"@id":"https:\/\/gysfm.com.ar\/inicio\/trump-amenaza-con-denunciar-ante-el-regulador-de-licencias-a-una-periodista-de-nbc-por-criticar-sus-respaldos-politicos\/"},"wordCount":728,"publisher":{"@id":"https:\/\/gysfm.com.ar\/inicio\/#organization"},"image":{"@id":"https:\/\/gysfm.com.ar\/inicio\/trump-amenaza-con-denunciar-ante-el-regulador-de-licencias-a-una-periodista-de-nbc-por-criticar-sus-respaldos-politicos\/#primaryimage"},"thumbnailUrl":"https:\/\/gysfm.com.ar\/inicio\/wp-content\/uploads\/2026\/08\/trump-publico-un-largo-mensaje-sobre-lo-que-GAMSF3YKTNHG3NR2W5CSONLNG4.jpg","articleSection":["INTERNACIONALES"],"inLanguage":"es"},{"@type":"WebPage","@id":"https:\/\/gysfm.com.ar\/inicio\/trump-amenaza-con-denunciar-ante-el-regulador-de-licencias-a-una-periodista-de-nbc-por-criticar-sus-respaldos-politicos\/","url":"https:\/\/gysfm.com.ar\/inicio\/trump-amenaza-con-denunciar-ante-el-regulador-de-licencias-a-una-periodista-de-nbc-por-criticar-sus-respaldos-politicos\/","name":"Trump amenaza con denunciar ante el regulador de licencias a una periodista de NBC por criticar sus respaldos pol\u00edticos - GYS NOTICIAS |","isPartOf":{"@id":"https:\/\/gysfm.com.ar\/inicio\/#website"},"primaryImageOfPage":{"@id":"https:\/\/gysfm.com.ar\/inicio\/trump-amenaza-con-denunciar-ante-el-regulador-de-licencias-a-una-periodista-de-nbc-por-criticar-sus-respaldos-politicos\/#primaryimage"},"image":{"@id":"https:\/\/gysfm.com.ar\/inicio\/trump-amenaza-con-denunciar-ante-el-regulador-de-licencias-a-una-periodista-de-nbc-por-criticar-sus-respaldos-politicos\/#primaryimage"},"thumbnailUrl":"https:\/\/gysfm.com.ar\/inicio\/wp-content\/uploads\/2026\/08\/trump-publico-un-largo-mensaje-sobre-lo-que-GAMSF3YKTNHG3NR2W5CSONLNG4.jpg","datePublished":"2026-08-31T09:47:09+00:00","breadcrumb":{"@id":"https:\/\/gysfm.com.ar\/inicio\/trump-amenaza-con-denunciar-ante-el-regulador-de-licencias-a-una-periodista-de-nbc-por-criticar-sus-respaldos-politicos\/#breadcrumb"},"inLanguage":"es","potentialAction":[{"@type":"ReadAction","target":["https:\/\/gysfm.com.ar\/inicio\/trump-amenaza-con-denunciar-ante-el-regulador-de-licencias-a-una-periodista-de-nbc-por-criticar-sus-respaldos-politicos\/"]}]},{"@type":"ImageObject","inLanguage":"es","@id":"https:\/\/gysfm.com.ar\/inicio\/trump-amenaza-con-denunciar-ante-el-regulador-de-licencias-a-una-periodista-de-nbc-por-criticar-sus-respaldos-politicos\/#primaryimage","url":"https:\/\/gysfm.com.ar\/inicio\/wp-content\/uploads\/2026\/08\/trump-publico-un-largo-mensaje-sobre-lo-que-GAMSF3YKTNHG3NR2W5CSONLNG4.jpg","contentUrl":"https:\/\/gysfm.com.ar\/inicio\/wp-content\/uploads\/2026\/08\/trump-publico-un-largo-mensaje-sobre-lo-que-GAMSF3YKTNHG3NR2W5CSONLNG4.jpg","width":1200,"height":800},{"@type":"BreadcrumbList","@id":"https:\/\/gysfm.com.ar\/inicio\/trump-amenaza-con-denunciar-ante-el-regulador-de-licencias-a-una-periodista-de-nbc-por-criticar-sus-respaldos-politicos\/#breadcrumb","itemListElement":[{"@type":"ListItem","position":1,"name":"Portada","item":"https:\/\/gysfm.com.ar\/inicio\/"},{"@type":"ListItem","position":2,"name":"Trump amenaza con denunciar ante el regulador de licencias a una periodista de NBC por criticar sus respaldos pol\u00edticos"}]},{"@type":"WebSite","@id":"https:\/\/gysfm.com.ar\/inicio\/#website","url":"https:\/\/gysfm.com.ar\/inicio\/","name":"GYS NOTICIAS |","description":"DIARIO - RADIO ONLINE SAN JUAN ARGENTINA","publisher":{"@id":"https:\/\/gysfm.com.ar\/inicio\/#organization"},"potentialAction":[{"@type":"SearchAction","target":{"@type":"EntryPoint","urlTemplate":"https:\/\/gysfm.com.ar\/inicio\/?s={search_term_string}"},"query-input":{"@type":"PropertyValueSpecification","valueRequired":true,"valueName":"search_term_string"}}],"inLanguage":"es"},{"@type":"Organization","@id":"https:\/\/gysfm.com.ar\/inicio\/#organization","name":"GYS NOTICIAS |","url":"https:\/\/gysfm.com.ar\/inicio\/","logo":{"@type":"ImageObject","inLanguage":"es","@id":"https:\/\/gysfm.com.ar\/inicio\/#\/schema\/logo\/image\/","url":"https:\/\/gysfm.com.ar\/inicio\/wp-content\/uploads\/2023\/07\/LOGOGYS-OK.png","contentUrl":"https:\/\/gysfm.com.ar\/inicio\/wp-content\/uploads\/2023\/07\/LOGOGYS-OK.png","width":1170,"height":872,"caption":"GYS NOTICIAS |"},"image":{"@id":"https:\/\/gysfm.com.ar\/inicio\/#\/schema\/logo\/image\/"}},{"@type":"Person","@id":"https:\/\/gysfm.com.ar\/inicio\/#\/schema\/person\/3abba7593ef2ad19e1be221d54383dc5","name":"Prensa G&amp;S FM","image":{"@type":"ImageObject","inLanguage":"es","@id":"https:\/\/gysfm.com.ar\/inicio\/#\/schema\/person\/image\/","url":"https:\/\/secure.gravatar.com\/avatar\/096ec78df02049ab018702bb4ccedf659377fa92a26540b5247612077a0dbd29?s=96&d=mm&r=g","contentUrl":"https:\/\/secure.gravatar.com\/avatar\/096ec78df02049ab018702bb4ccedf659377fa92a26540b5247612077a0dbd29?s=96&d=mm&r=g","caption":"Prensa G&amp;S FM"},"sameAs":["https:\/\/gysfm.com.ar\/"],"url":"https:\/\/gysfm.com.ar\/inicio\/author\/lucasm\/"}]}},"_links":{"self":[{"href":"https:\/\/gysfm.com.ar\/inicio\/wp-json\/wp\/v2\/posts\/209925","targetHints":{"allow":["GET"]}}],"collection":[{"href":"https:\/\/gysfm.com.ar\/inicio\/wp-json\/wp\/v2\/posts"}],"about":[{"href":"https:\/\/gysfm.com.ar\/inicio\/wp-json\/wp\/v2\/types\/post"}],"author":[{"embeddable":true,"href":"https:\/\/gysfm.com.ar\/inicio\/wp-json\/wp\/v2\/users\/2"}],"replies":[{"embeddable":true,"href":"https:\/\/gysfm.com.ar\/inicio\/wp-json\/wp\/v2\/comments?post=209925"}],"version-history":[{"count":1,"href":"https:\/\/gysfm.com.ar\/inicio\/wp-json\/wp\/v2\/posts\/209925\/revisions"}],"predecessor-version":[{"id":209927,"href":"https:\/\/gysfm.com.ar\/inicio\/wp-json\/wp\/v2\/posts\/209925\/revisions\/209927"}],"wp:featuredmedia":[{"embeddable":true,"href":"https:\/\/gysfm.com.ar\/inicio\/wp-json\/wp\/v2\/media\/209926"}],"wp:attachment":[{"href":"https:\/\/gysfm.com.ar\/inicio\/wp-json\/wp\/v2\/media?parent=209925"}],"wp:term":[{"taxonomy":"category","embeddable":true,"href":"https:\/\/gysfm.com.ar\/inicio\/wp-json\/wp\/v2\/categories?post=209925"},{"taxonomy":"post_tag","embeddable":true,"href":"https:\/\/gysfm.com.ar\/inicio\/wp-json\/wp\/v2\/tags?post=209925"}],"curies":[{"name":"wp","href":"https:\/\/api.w.org\/{rel}","templated":true}]}}