{"id":209921,"date":"2026-08-31T05:46:08","date_gmt":"2026-08-31T08:46:08","guid":{"rendered":"https:\/\/gysfm.com.ar\/inicio\/durmio-10-anos-en-la-calle-y-supero-una-adiccion-tras-el-terremoto-de-cali-ayudo-a-rescatar-personas-entre-los-escombros\/"},"modified":"2026-08-31T05:46:09","modified_gmt":"2026-08-31T08:46:09","slug":"durmio-10-anos-en-la-calle-y-supero-una-adiccion-tras-el-terremoto-de-cali-ayudo-a-rescatar-personas-entre-los-escombros","status":"publish","type":"post","link":"https:\/\/gysfm.com.ar\/inicio\/durmio-10-anos-en-la-calle-y-supero-una-adiccion-tras-el-terremoto-de-cali-ayudo-a-rescatar-personas-entre-los-escombros\/","title":{"rendered":"Durmi\u00f3 10 a\u00f1os en la calle y super\u00f3 una adicci\u00f3n: tras el terremoto de Cali ayud\u00f3 a rescatar personas entre los escombros"},"content":{"rendered":"<p> <br \/>\n<\/p>\n<div>\n<p class=\"com-paragraph --capital --s\">El <a href=\"https:\/\/www.lanacion.com.ar\/estados-unidos\/la-explicacion-del-servicio-geologico-de-eeuu-por-el-terremoto-en-colombia-y-las-fallas-que-nid11082026\/\" target=\"_self\" title=\"https:\/\/www.lanacion.com.ar\/estados-unidos\/la-explicacion-del-servicio-geologico-de-eeuu-por-el-terremoto-en-colombia-y-las-fallas-que-nid11082026\/\" class=\"com-link break-word\" data-mrf-recirculation=\"n_link_parrafo\"><strong>terremoto de magnitud 7,4<\/strong><\/a><strong> que sacudi\u00f3 Colombia el 10 de agosto<\/strong> provoc\u00f3 derrumbes y <strong>dej\u00f3 331 fallecidos en Colombia<\/strong>, adem\u00e1s de numerosas estructuras afectadas en <strong>Cali<\/strong>. Entre quienes se acercaron a las zonas colapsadas para ayudar estuvo <strong>Mayerli Arrigui<\/strong>, una mujer de 30 a\u00f1os que hab\u00eda pasado <strong>diez a\u00f1os en situaci\u00f3n de calle<\/strong> y que, tras superar una <strong>adicci\u00f3n<\/strong>, reconstruy\u00f3 su vida junto a sus dos hijos.<\/p>\n<p><h2 class=\"font-primary font-w-bold text-subheading-lg text-left container-center-100 mb-8\"><span>Mayerli Arrigui lleg\u00f3 al rescate desde el primer d\u00eda<\/span><\/h2>\n<\/p>\n<p class=\"com-paragraph --s\">Arrigui se present\u00f3 en el <strong>edificio Cantabria<\/strong>, en el sur de Cali, apenas comenz\u00f3 la <strong>emergencia<\/strong>. Sin uniforme ni equipo de protecci\u00f3n, empez\u00f3 a retirar restos con baldes mientras un <strong>centenar de voluntarios<\/strong> colaboraba en la b\u00fasqueda.<\/p>\n<div class=\"content-media cursor-pointer container-center-100\">\n<section class=\"media-container relative ratio-16-9 mod-media pb-32\">\n<figure class=\"mod-video\">\n<div class=\"video-player bg-black ratio-16-9\" data-has-jwplayer=\"true\" data-video-id-jw=\"STul63T5\" data-config=\"{&quot;title&quot;:&quot;Terremoto en Colombia&quot;,&quot;mediaId&quot;:&quot;STul63T5&quot;,&quot;playerId&quot;:&quot;ih0086X3&quot;,&quot;playlist&quot;:[{&quot;mediaid&quot;:&quot;STul63T5&quot;,&quot;sources&quot;:[{&quot;file&quot;:&quot;https:\/\/cdn.jwplayer.com\/manifests\/STul63T5.m3u8&quot;,&quot;type&quot;:&quot;application\/vnd.apple.mpegurl&quot;},{&quot;bitrate&quot;:388844,&quot;file&quot;:&quot;https:\/\/cdn.jwplayer.com\/videos\/STul63T5-kTExGaWf.mp4&quot;,&quot;filesize&quot;:972112,&quot;framerate&quot;:31,&quot;height&quot;:320,&quot;label&quot;:&quot;180p&quot;,&quot;type&quot;:&quot;video\/mp4&quot;,&quot;width&quot;:178},{&quot;bitrate&quot;:610203,&quot;file&quot;:&quot;https:\/\/cdn.jwplayer.com\/videos\/STul63T5-K8B0kybS.mp4&quot;,&quot;filesize&quot;:1525508,&quot;framerate&quot;:31,&quot;height&quot;:482,&quot;label&quot;:&quot;270p&quot;,&quot;type&quot;:&quot;video\/mp4&quot;,&quot;width&quot;:268},{&quot;bitrate&quot;:113897,&quot;file&quot;:&quot;https:\/\/cdn.jwplayer.com\/videos\/STul63T5-hz5z2Tv4.m4a&quot;,&quot;filesize&quot;:298981,&quot;label&quot;:&quot;AAC Audio&quot;,&quot;type&quot;:&quot;audio\/mp4&quot;},{&quot;bitrate&quot;:757509,&quot;file&quot;:&quot;https:\/\/cdn.jwplayer.com\/videos\/STul63T5-FnZGUVnC.mp4&quot;,&quot;filesize&quot;:1893773,&quot;framerate&quot;:31,&quot;height&quot;:640,&quot;label&quot;:&quot;360p&quot;,&quot;type&quot;:&quot;video\/mp4&quot;,&quot;width&quot;:356}]}],&quot;hasAutoplay&quot;:false,&quot;autostart&quot;:true,&quot;tagsUrl&quot;:&quot;https:\/\/pubads.g.doubleclick.net\/gampad\/ads?slotname=\/133919216\/la_nacion_video\/nota\/preroll&amp;sz=640x480|400x300&amp;ciu_szs=300x250&amp;unviewed_position_start=1&amp;output=vast&amp;impl=s&amp;env=vp&amp;gdfp_req=1&amp;ad_rule=0&amp;vad_type=linear&amp;vpos=preroll&amp;cust_params=tags_nuevos%3Dte_agenda_eeuu%2Cte_terremoto%2Cte_colombia%2Cte_adicciones%2Cca_el_mundo%2C%2C47GNOXY4DFCY7G42OMC7GHIP4M&amp;pod=3&amp;ppos=1&amp;lip=true&amp;min_ad_duration=0&amp;max_ad_duration=30000&amp;vrid=6256&amp;url=https%3A%2F%2Fwww.lanacion.com.ar%2Fel-mundo%2Fdurmio-10-anos-en-la-calle-y-supero-una-adiccion-tras-el-terremoto-de-cali-ayudo-a-rescatar-personas-nid31082026%2F%3Fvariant%3DA&amp;description_url=https%3A%2F%2Fwww.lanacion.com.ar%2Fel-mundo%2Fdurmio-10-anos-en-la-calle-y-supero-una-adiccion-tras-el-terremoto-de-cali-ayudo-a-rescatar-personas-nid31082026%2F%3Fvariant%3DA&amp;video_doc_id=short_onecue&amp;cmsid=496&amp;kfa=0&amp;tfcd=0&amp;correlator=1788165352025&quot;,&quot;arcSite&quot;:&quot;la-nacion-ar&quot;,&quot;duration&quot;:&quot;20000&quot;}\">\n<div id=\"facade-STul63T5\" class=\"content-facade-jw relative bg-black ratio-16-9\"><picture><source media=\"(max-width: 767px)\" srcset=\"https:\/\/www.lanacion.com.ar\/resizer\/v2\/https%3A%2F%2Fcdn.jwplayer.com%2Fv2%2Fmedia%2FSTul63T5%2Fposter.jpg%3Fwidth%3D720?auth=a3010bc8548422a7d446c0a1ddfbb401598d818e6676bc60cc5f2e55c67695f1&amp;width=480&amp;quality=70&amp;smart=false\"\/><\/picture><\/div>\n<\/div><figcaption class=\"border border-1 border-bottom border-light-300 relative px-16 py-8 min-h-36 w-100_md px-0_l mb-8 bg-white\"><span class=\"text ln-text text-16 block\">Terremoto en Colombia<\/span><\/figcaption><\/figure>\n<\/section>\n<\/div>\n<p class=\"com-paragraph --s\">\u201cMi mam\u00e1 viv\u00eda cerca de este barrio, entonces apenas me enter\u00e9 de lo que hab\u00eda pasado, empec\u00e9 a trabajar porque para m\u00ed esto es una vocaci\u00f3n\u201d, cont\u00f3 a <a href=\"https:\/\/elpais.com\/america-colombia\/2026-08-23\/mayerli-de-dormir-en-la-calle-a-rescatar-vidas-entre-los-escombros-del-terremoto-en-cali.html\" target=\"_blank\" title=\"https:\/\/elpais.com\/america-colombia\/2026-08-23\/mayerli-de-dormir-en-la-calle-a-rescatar-vidas-entre-los-escombros-del-terremoto-en-cali.html\" class=\"com-link break-word\" data-mrf-recirculation=\"n_link_parrafo\" rel=\"nofollow\"><em>El Pa\u00eds.<\/em><\/a><\/p>\n<p class=\"com-paragraph --s\">Su participaci\u00f3n se prolong\u00f3 durante seis d\u00edas. Permaneci\u00f3 en el lugar desde las primeras horas de la ma\u00f1ana y dej\u00f3 la zona el <strong>s\u00e1bado 15 de agosto<\/strong>, cuando fueron recuperados los <strong>\u00faltimos cuerpos<\/strong> que permanec\u00edan bajo los restos de la construcci\u00f3n.<\/p>\n<p class=\"com-paragraph --s\">Antes de retirarse, hab\u00eda ayudado junto con otros vecinos a buscar personas atrapadas. En ese punto, los voluntarios consiguieron <strong>rescatar con vida a cuatro personas<\/strong>, seg\u00fan <em>E<\/em>l Pa\u00eds.<\/p>\n<p><h2 class=\"font-primary font-w-bold text-subheading-lg text-left container-center-100 mb-8\"><span>De vivir en la calle a reconstruir su vida en Cali<\/span><\/h2>\n<\/p>\n<p class=\"com-paragraph --s\">La historia de Arrigui comenz\u00f3 mucho antes del terremoto. Durante <strong>una d\u00e9cada vivi\u00f3 en la calle<\/strong>, donde atraves\u00f3 situaciones de violencia, fr\u00edo y abandono.<\/p>\n<p class=\"com-paragraph --s\">El cambio lleg\u00f3 cuando qued\u00f3 embarazada de su primer hijo y decidi\u00f3 iniciar un nuevo proceso de <strong>rehabilitaci\u00f3n<\/strong>. \u201cYo s\u00e9 que dicen que nosotras le damos vida a los hijos, pero la verdad es que mi primer hijo me dio vida a m\u00ed y me la cambi\u00f3 por completo\u201d, relat\u00f3 al medio citado.<\/p>\n<p class=\"com-paragraph --s\">Desde hace tres a\u00f1os, sostiene a su familia con la venta de velas e inciensos en los buses del <strong>M\u00cdO<\/strong>, el sistema de transporte p\u00fablico de Cali. Con ese trabajo mantiene a sus hijos, Fabi\u00e1n, de cinco a\u00f1os, y Daniela, de dos, y paga el alquiler de una habitaci\u00f3n en Silo\u00e9.<\/p>\n<div class=\"content-media\">\n<section role=\"button\" class=\"mod-media   \">\n<figure role=\"button\" tabindex=\"0\" class=\"mod-figure \"><figcaption class=\"mod-figcaption\"><span class=\"com-text --caption --twoxs\">Personas buscan entre los escombros tras el terremoto que azot\u00f3 Cali, Colombia, el lunes 10 de agosto de 2026 Foto AP\/Santiago Saldarriaga)<\/span><span class=\"com-text --credit --twoxs\">Santiago Saldarriaga &#8211; AP<\/span><\/figcaption><\/figure>\n<\/section>\n<\/div>\n<p><h2 class=\"font-primary font-w-bold text-subheading-lg text-left container-center-100 mb-8\"><span>Los d\u00edas de b\u00fasqueda entre los escombros en Cali<\/span><\/h2>\n<\/p>\n<p class=\"com-paragraph --s\">Durante las primeras jornadas, la cantidad de voluntarios que acudi\u00f3 al edificio Cantabria dificult\u00f3 la organizaci\u00f3n. Mayerli cont\u00f3 que el segundo d\u00eda hubo discusiones porque algunas personas no segu\u00edan las indicaciones de quienes coordinaban las tareas.<\/p>\n<p class=\"com-paragraph --s\">La voluntaria tambi\u00e9n asegur\u00f3 que escuch\u00f3 <strong>se\u00f1ales provenientes del interior de la estructura<\/strong> durante los primeros d\u00edas. \u201cHasta el mi\u00e9rcoles 12 de agosto yo misma escuch\u00e9 varios sonidos de personas vivas que raspaban la tierra\u201d, dijo.<\/p>\n<p class=\"com-paragraph --s\">Cuando comenzaron a utilizar maquinaria pesada, las tareas manuales se redujeron. Arrigui acompa\u00f1\u00f3 a los familiares que permanec\u00edan cerca del lugar mientras avanzaba la <a href=\"https:\/\/www.lanacion.com.ar\/estados-unidos\/illinois\/noticias-de-los-terremotos-en-venezuela-la-preocupacion-de-los-migrantes-en-eeuu-por-sus-familiares-nid29062026\/\" target=\"_self\" title=\"https:\/\/www.lanacion.com.ar\/estados-unidos\/illinois\/noticias-de-los-terremotos-en-venezuela-la-preocupacion-de-los-migrantes-en-eeuu-por-sus-familiares-nid29062026\/\" class=\"com-link break-word\" data-mrf-recirculation=\"n_link_parrafo\"><strong>b\u00fasqueda<\/strong><\/a>.<\/p>\n<p class=\"com-paragraph --s\">\u201c<strong>Nuestra misi\u00f3n era que todas las familias estuvieran ah\u00ed completas<\/strong>. Ojal\u00e1 con vida, pero si ya no hab\u00eda nada que hacer, que al menos recuperaran sus cuerpos para despedirlos como es\u201d, explic\u00f3.<\/p>\n<div class=\"content-media\">\n<section role=\"button\" class=\"mod-media   \">\n<figure role=\"button\" tabindex=\"0\" class=\"mod-figure \"><figcaption class=\"mod-figcaption\"><span class=\"com-text --caption --twoxs\">El terremoto de magnitud 7,4 que sacudi\u00f3 Colombia el 10 de agosto provoc\u00f3 derrumbes de edificios<\/span><\/figcaption><\/figure>\n<\/section>\n<\/div>\n<p><h2 class=\"font-primary font-w-bold text-subheading-lg text-left container-center-100 mb-8\"><span>La emergencia tambi\u00e9n dej\u00f3 a Arrigui sin vivienda<\/span><\/h2>\n<\/p>\n<p class=\"com-paragraph --s\">Mientras participaba en las labores, la habitaci\u00f3n que alquilaba en <strong>Silo\u00e9 qued\u00f3 inhabitable<\/strong> a causa del terremoto. La mujer tuvo que trasladarse a una vivienda provisional ubicada cerca del lugar donde se acumulaban los restos retirados de las <strong>estructuras da\u00f1adas<\/strong>.<\/p>\n<p class=\"com-paragraph --s\">Durante esos d\u00edas tambi\u00e9n recibi\u00f3 <a href=\"https:\/\/www.lanacion.com.ar\/estados-unidos\/nueva-york\/nueva-york-alerta-de-inundaciones-por-fuertes-tormentas-que-azotan-el-estado-este-jueves-nid20082026\/\" target=\"_self\" title=\"https:\/\/www.lanacion.com.ar\/estados-unidos\/nueva-york\/nueva-york-alerta-de-inundaciones-por-fuertes-tormentas-que-azotan-el-estado-este-jueves-nid20082026\/\" class=\"com-link break-word\" data-mrf-recirculation=\"n_link_parrafo\"><strong>advertencias<\/strong><\/a> del <strong>Instituto Colombiano de Bienestar Familiar (ICBF)<\/strong> por haber acudido a la zona de emergencia junto con su hija peque\u00f1a. Arrigui sostuvo que la ni\u00f1a permanec\u00eda fuera del \u00e1rea de trabajo y que se alejaba peri\u00f3dicamente para atenderla.<\/p>\n<p class=\"com-paragraph --s\">Despu\u00e9s de abandonar el <strong>edificio Cantabria<\/strong>, retom\u00f3 la venta de velas en los buses para conseguir ingresos. Durante la semana dedicada a las tareas de b\u00fasqueda no hab\u00eda podido realizar esa actividad y dependi\u00f3 de las donaciones de agua, comida y ropa que llegaban al lugar.<\/p>\n<div class=\"content-media\">\n<section role=\"button\" class=\"mod-media   \">\n<figure role=\"button\" tabindex=\"0\" class=\"mod-figure \"><figcaption class=\"mod-figcaption\"><span class=\"com-text --caption --twoxs\">Terremoto de 7,4 en Colombia<\/span><\/figcaption><\/figure>\n<\/section>\n<\/div>\n<p><h2 class=\"font-primary font-w-bold text-subheading-lg text-left container-center-100 mb-8\"><span>El casco que recibi\u00f3 durante el rescate<\/span><\/h2>\n<\/p>\n<p class=\"com-paragraph --s\">Entre los objetos que Arrigui conserva de aquellos d\u00edas est\u00e1 un <strong>casco blanco<\/strong> que recibi\u00f3 mientras colaboraba en las tareas. Una persona escribi\u00f3 sobre \u00e9l la palabra \u201c<strong>l\u00edder<\/strong>\u201d, que la identific\u00f3 ante los dem\u00e1s voluntarios.<\/p>\n<p class=\"com-paragraph --s\">Su experiencia previa en la calle tambi\u00e9n influy\u00f3 en la forma en que enfrent\u00f3 la emergencia. \u201c<strong>Uno aprende a mirar distinto cuando ha tenido que sobrevivir en la calle<\/strong>\u201d, explic\u00f3 durante el relato publicado por <em>E<\/em>l Pa\u00eds.<\/p>\n<section class=\"container-center-100 mb-40 border border-bottom border-thin border-neutral-light-700\"\/><\/div>\n<p><script id=\"facebookpixel\" defer=\"\" type=\"text\/javascript\">\n        !function(f,b,e,v,n,t,s)\n        {if(f.fbq)return;n=f.fbq=function(){n.callMethod?\n        n.callMethod.apply(n,arguments):n.queue.push(arguments)};\n        if(!f._fbq)f._fbq=n;n.push=n;n.loaded=!0;n.version='2.0';\n        n.queue=[];t=b.createElement(e);t.async=!0;\n        t.src=v;s=b.getElementsByTagName(e)[0];\n        s.parentNode.insertBefore(t,s)}(window, document,'script',\n        'https:\/\/connect.facebook.net\/en_US\/fbevents.js');\n        fbq('init', '492459597522335');\n        fbq('track', 'PageView');\n    <\/script><br \/>\n<br \/><\/p>\n","protected":false},"excerpt":{"rendered":"<p>El terremoto de magnitud 7,4 que sacudi\u00f3 Colombia el 10 de agosto provoc\u00f3 derrumbes y dej\u00f3 331 fallecidos en Colombia, adem\u00e1s de numerosas estructuras afectadas en Cali. Entre quienes se acercaron a las zonas colapsadas para ayudar estuvo Mayerli Arrigui, una mujer de 30 a\u00f1os que hab\u00eda pasado diez a\u00f1os en situaci\u00f3n de calle y [&hellip;]<\/p>\n","protected":false},"author":2,"featured_media":209922,"comment_status":"closed","ping_status":"closed","sticky":false,"template":"","format":"standard","meta":{"footnotes":""},"categories":[26],"tags":[],"class_list":["post-209921","post","type-post","status-publish","format-standard","has-post-thumbnail","hentry","category-internacionales"],"yoast_head":"<!-- This site is optimized with the Yoast SEO plugin v24.4 - https:\/\/yoast.com\/wordpress\/plugins\/seo\/ -->\n<title>Durmi\u00f3 10 a\u00f1os en la calle y super\u00f3 una adicci\u00f3n: tras el terremoto de Cali ayud\u00f3 a rescatar personas entre los escombros - GYS NOTICIAS |<\/title>\n<meta name=\"robots\" content=\"index, follow, max-snippet:-1, max-image-preview:large, max-video-preview:-1\" \/>\n<link rel=\"canonical\" href=\"https:\/\/gysfm.com.ar\/inicio\/durmio-10-anos-en-la-calle-y-supero-una-adiccion-tras-el-terremoto-de-cali-ayudo-a-rescatar-personas-entre-los-escombros\/\" \/>\n<meta property=\"og:locale\" content=\"es_ES\" \/>\n<meta property=\"og:type\" content=\"article\" \/>\n<meta property=\"og:title\" content=\"Durmi\u00f3 10 a\u00f1os en la calle y super\u00f3 una adicci\u00f3n: tras el terremoto de Cali ayud\u00f3 a rescatar personas entre los escombros - GYS NOTICIAS |\" \/>\n<meta property=\"og:description\" content=\"El terremoto de magnitud 7,4 que sacudi\u00f3 Colombia el 10 de agosto provoc\u00f3 derrumbes y dej\u00f3 331 fallecidos en Colombia, adem\u00e1s de numerosas estructuras afectadas en Cali. Entre quienes se acercaron a las zonas colapsadas para ayudar estuvo Mayerli Arrigui, una mujer de 30 a\u00f1os que hab\u00eda pasado diez a\u00f1os en situaci\u00f3n de calle y [&hellip;]\" \/>\n<meta property=\"og:url\" content=\"https:\/\/gysfm.com.ar\/inicio\/durmio-10-anos-en-la-calle-y-supero-una-adiccion-tras-el-terremoto-de-cali-ayudo-a-rescatar-personas-entre-los-escombros\/\" \/>\n<meta property=\"og:site_name\" content=\"GYS NOTICIAS |\" \/>\n<meta property=\"article:published_time\" content=\"2026-08-31T08:46:08+00:00\" \/>\n<meta property=\"article:modified_time\" content=\"2026-08-31T08:46:09+00:00\" \/>\n<meta property=\"og:image\" content=\"https:\/\/gysfm.com.ar\/inicio\/wp-content\/uploads\/2026\/08\/una-mujer-camina-entre-los-escombros-de-un-I5UANSJKIRB7HMYXTH4XX6YTDM.jpg\" \/>\n\t<meta property=\"og:image:width\" content=\"1200\" \/>\n\t<meta property=\"og:image:height\" content=\"800\" \/>\n\t<meta property=\"og:image:type\" content=\"image\/jpeg\" \/>\n<meta name=\"author\" content=\"Prensa G&amp;S FM\" \/>\n<meta name=\"twitter:card\" content=\"summary_large_image\" \/>\n<meta name=\"twitter:label1\" content=\"Escrito por\" \/>\n\t<meta name=\"twitter:data1\" content=\"Prensa G&amp;S FM\" \/>\n\t<meta name=\"twitter:label2\" content=\"Tiempo de lectura\" \/>\n\t<meta name=\"twitter:data2\" content=\"4 minutos\" \/>\n<script type=\"application\/ld+json\" class=\"yoast-schema-graph\">{\"@context\":\"https:\/\/schema.org\",\"@graph\":[{\"@type\":\"Article\",\"@id\":\"https:\/\/gysfm.com.ar\/inicio\/durmio-10-anos-en-la-calle-y-supero-una-adiccion-tras-el-terremoto-de-cali-ayudo-a-rescatar-personas-entre-los-escombros\/#article\",\"isPartOf\":{\"@id\":\"https:\/\/gysfm.com.ar\/inicio\/durmio-10-anos-en-la-calle-y-supero-una-adiccion-tras-el-terremoto-de-cali-ayudo-a-rescatar-personas-entre-los-escombros\/\"},\"author\":{\"name\":\"Prensa G&amp;S FM\",\"@id\":\"https:\/\/gysfm.com.ar\/inicio\/#\/schema\/person\/3abba7593ef2ad19e1be221d54383dc5\"},\"headline\":\"Durmi\u00f3 10 a\u00f1os en la calle y super\u00f3 una adicci\u00f3n: tras el terremoto de Cali ayud\u00f3 a rescatar personas entre los escombros\",\"datePublished\":\"2026-08-31T08:46:08+00:00\",\"dateModified\":\"2026-08-31T08:46:09+00:00\",\"mainEntityOfPage\":{\"@id\":\"https:\/\/gysfm.com.ar\/inicio\/durmio-10-anos-en-la-calle-y-supero-una-adiccion-tras-el-terremoto-de-cali-ayudo-a-rescatar-personas-entre-los-escombros\/\"},\"wordCount\":833,\"publisher\":{\"@id\":\"https:\/\/gysfm.com.ar\/inicio\/#organization\"},\"image\":{\"@id\":\"https:\/\/gysfm.com.ar\/inicio\/durmio-10-anos-en-la-calle-y-supero-una-adiccion-tras-el-terremoto-de-cali-ayudo-a-rescatar-personas-entre-los-escombros\/#primaryimage\"},\"thumbnailUrl\":\"https:\/\/gysfm.com.ar\/inicio\/wp-content\/uploads\/2026\/08\/una-mujer-camina-entre-los-escombros-de-un-I5UANSJKIRB7HMYXTH4XX6YTDM.jpg\",\"articleSection\":[\"INTERNACIONALES\"],\"inLanguage\":\"es\"},{\"@type\":\"WebPage\",\"@id\":\"https:\/\/gysfm.com.ar\/inicio\/durmio-10-anos-en-la-calle-y-supero-una-adiccion-tras-el-terremoto-de-cali-ayudo-a-rescatar-personas-entre-los-escombros\/\",\"url\":\"https:\/\/gysfm.com.ar\/inicio\/durmio-10-anos-en-la-calle-y-supero-una-adiccion-tras-el-terremoto-de-cali-ayudo-a-rescatar-personas-entre-los-escombros\/\",\"name\":\"Durmi\u00f3 10 a\u00f1os en la calle y super\u00f3 una adicci\u00f3n: tras el terremoto de Cali ayud\u00f3 a rescatar personas entre los escombros - GYS NOTICIAS |\",\"isPartOf\":{\"@id\":\"https:\/\/gysfm.com.ar\/inicio\/#website\"},\"primaryImageOfPage\":{\"@id\":\"https:\/\/gysfm.com.ar\/inicio\/durmio-10-anos-en-la-calle-y-supero-una-adiccion-tras-el-terremoto-de-cali-ayudo-a-rescatar-personas-entre-los-escombros\/#primaryimage\"},\"image\":{\"@id\":\"https:\/\/gysfm.com.ar\/inicio\/durmio-10-anos-en-la-calle-y-supero-una-adiccion-tras-el-terremoto-de-cali-ayudo-a-rescatar-personas-entre-los-escombros\/#primaryimage\"},\"thumbnailUrl\":\"https:\/\/gysfm.com.ar\/inicio\/wp-content\/uploads\/2026\/08\/una-mujer-camina-entre-los-escombros-de-un-I5UANSJKIRB7HMYXTH4XX6YTDM.jpg\",\"datePublished\":\"2026-08-31T08:46:08+00:00\",\"dateModified\":\"2026-08-31T08:46:09+00:00\",\"breadcrumb\":{\"@id\":\"https:\/\/gysfm.com.ar\/inicio\/durmio-10-anos-en-la-calle-y-supero-una-adiccion-tras-el-terremoto-de-cali-ayudo-a-rescatar-personas-entre-los-escombros\/#breadcrumb\"},\"inLanguage\":\"es\",\"potentialAction\":[{\"@type\":\"ReadAction\",\"target\":[\"https:\/\/gysfm.com.ar\/inicio\/durmio-10-anos-en-la-calle-y-supero-una-adiccion-tras-el-terremoto-de-cali-ayudo-a-rescatar-personas-entre-los-escombros\/\"]}]},{\"@type\":\"ImageObject\",\"inLanguage\":\"es\",\"@id\":\"https:\/\/gysfm.com.ar\/inicio\/durmio-10-anos-en-la-calle-y-supero-una-adiccion-tras-el-terremoto-de-cali-ayudo-a-rescatar-personas-entre-los-escombros\/#primaryimage\",\"url\":\"https:\/\/gysfm.com.ar\/inicio\/wp-content\/uploads\/2026\/08\/una-mujer-camina-entre-los-escombros-de-un-I5UANSJKIRB7HMYXTH4XX6YTDM.jpg\",\"contentUrl\":\"https:\/\/gysfm.com.ar\/inicio\/wp-content\/uploads\/2026\/08\/una-mujer-camina-entre-los-escombros-de-un-I5UANSJKIRB7HMYXTH4XX6YTDM.jpg\",\"width\":1200,\"height\":800},{\"@type\":\"BreadcrumbList\",\"@id\":\"https:\/\/gysfm.com.ar\/inicio\/durmio-10-anos-en-la-calle-y-supero-una-adiccion-tras-el-terremoto-de-cali-ayudo-a-rescatar-personas-entre-los-escombros\/#breadcrumb\",\"itemListElement\":[{\"@type\":\"ListItem\",\"position\":1,\"name\":\"Portada\",\"item\":\"https:\/\/gysfm.com.ar\/inicio\/\"},{\"@type\":\"ListItem\",\"position\":2,\"name\":\"Durmi\u00f3 10 a\u00f1os en la calle y super\u00f3 una adicci\u00f3n: tras el terremoto de Cali ayud\u00f3 a rescatar personas entre los escombros\"}]},{\"@type\":\"WebSite\",\"@id\":\"https:\/\/gysfm.com.ar\/inicio\/#website\",\"url\":\"https:\/\/gysfm.com.ar\/inicio\/\",\"name\":\"GYS NOTICIAS |\",\"description\":\"DIARIO - RADIO ONLINE SAN JUAN ARGENTINA\",\"publisher\":{\"@id\":\"https:\/\/gysfm.com.ar\/inicio\/#organization\"},\"potentialAction\":[{\"@type\":\"SearchAction\",\"target\":{\"@type\":\"EntryPoint\",\"urlTemplate\":\"https:\/\/gysfm.com.ar\/inicio\/?s={search_term_string}\"},\"query-input\":{\"@type\":\"PropertyValueSpecification\",\"valueRequired\":true,\"valueName\":\"search_term_string\"}}],\"inLanguage\":\"es\"},{\"@type\":\"Organization\",\"@id\":\"https:\/\/gysfm.com.ar\/inicio\/#organization\",\"name\":\"GYS NOTICIAS |\",\"url\":\"https:\/\/gysfm.com.ar\/inicio\/\",\"logo\":{\"@type\":\"ImageObject\",\"inLanguage\":\"es\",\"@id\":\"https:\/\/gysfm.com.ar\/inicio\/#\/schema\/logo\/image\/\",\"url\":\"https:\/\/gysfm.com.ar\/inicio\/wp-content\/uploads\/2023\/07\/LOGOGYS-OK.png\",\"contentUrl\":\"https:\/\/gysfm.com.ar\/inicio\/wp-content\/uploads\/2023\/07\/LOGOGYS-OK.png\",\"width\":1170,\"height\":872,\"caption\":\"GYS NOTICIAS |\"},\"image\":{\"@id\":\"https:\/\/gysfm.com.ar\/inicio\/#\/schema\/logo\/image\/\"}},{\"@type\":\"Person\",\"@id\":\"https:\/\/gysfm.com.ar\/inicio\/#\/schema\/person\/3abba7593ef2ad19e1be221d54383dc5\",\"name\":\"Prensa G&amp;S FM\",\"image\":{\"@type\":\"ImageObject\",\"inLanguage\":\"es\",\"@id\":\"https:\/\/gysfm.com.ar\/inicio\/#\/schema\/person\/image\/\",\"url\":\"https:\/\/secure.gravatar.com\/avatar\/096ec78df02049ab018702bb4ccedf659377fa92a26540b5247612077a0dbd29?s=96&d=mm&r=g\",\"contentUrl\":\"https:\/\/secure.gravatar.com\/avatar\/096ec78df02049ab018702bb4ccedf659377fa92a26540b5247612077a0dbd29?s=96&d=mm&r=g\",\"caption\":\"Prensa G&amp;S FM\"},\"sameAs\":[\"https:\/\/gysfm.com.ar\/\"],\"url\":\"https:\/\/gysfm.com.ar\/inicio\/author\/lucasm\/\"}]}<\/script>\n<!-- \/ Yoast SEO plugin. -->","yoast_head_json":{"title":"Durmi\u00f3 10 a\u00f1os en la calle y super\u00f3 una adicci\u00f3n: tras el terremoto de Cali ayud\u00f3 a rescatar personas entre los escombros - GYS NOTICIAS |","robots":{"index":"index","follow":"follow","max-snippet":"max-snippet:-1","max-image-preview":"max-image-preview:large","max-video-preview":"max-video-preview:-1"},"canonical":"https:\/\/gysfm.com.ar\/inicio\/durmio-10-anos-en-la-calle-y-supero-una-adiccion-tras-el-terremoto-de-cali-ayudo-a-rescatar-personas-entre-los-escombros\/","og_locale":"es_ES","og_type":"article","og_title":"Durmi\u00f3 10 a\u00f1os en la calle y super\u00f3 una adicci\u00f3n: tras el terremoto de Cali ayud\u00f3 a rescatar personas entre los escombros - GYS NOTICIAS |","og_description":"El terremoto de magnitud 7,4 que sacudi\u00f3 Colombia el 10 de agosto provoc\u00f3 derrumbes y dej\u00f3 331 fallecidos en Colombia, adem\u00e1s de numerosas estructuras afectadas en Cali. Entre quienes se acercaron a las zonas colapsadas para ayudar estuvo Mayerli Arrigui, una mujer de 30 a\u00f1os que hab\u00eda pasado diez a\u00f1os en situaci\u00f3n de calle y [&hellip;]","og_url":"https:\/\/gysfm.com.ar\/inicio\/durmio-10-anos-en-la-calle-y-supero-una-adiccion-tras-el-terremoto-de-cali-ayudo-a-rescatar-personas-entre-los-escombros\/","og_site_name":"GYS NOTICIAS |","article_published_time":"2026-08-31T08:46:08+00:00","article_modified_time":"2026-08-31T08:46:09+00:00","og_image":[{"width":1200,"height":800,"url":"https:\/\/gysfm.com.ar\/inicio\/wp-content\/uploads\/2026\/08\/una-mujer-camina-entre-los-escombros-de-un-I5UANSJKIRB7HMYXTH4XX6YTDM.jpg","type":"image\/jpeg"}],"author":"Prensa G&amp;S FM","twitter_card":"summary_large_image","twitter_misc":{"Escrito por":"Prensa G&amp;S FM","Tiempo de lectura":"4 minutos"},"schema":{"@context":"https:\/\/schema.org","@graph":[{"@type":"Article","@id":"https:\/\/gysfm.com.ar\/inicio\/durmio-10-anos-en-la-calle-y-supero-una-adiccion-tras-el-terremoto-de-cali-ayudo-a-rescatar-personas-entre-los-escombros\/#article","isPartOf":{"@id":"https:\/\/gysfm.com.ar\/inicio\/durmio-10-anos-en-la-calle-y-supero-una-adiccion-tras-el-terremoto-de-cali-ayudo-a-rescatar-personas-entre-los-escombros\/"},"author":{"name":"Prensa G&amp;S FM","@id":"https:\/\/gysfm.com.ar\/inicio\/#\/schema\/person\/3abba7593ef2ad19e1be221d54383dc5"},"headline":"Durmi\u00f3 10 a\u00f1os en la calle y super\u00f3 una adicci\u00f3n: tras el terremoto de Cali ayud\u00f3 a rescatar personas entre los escombros","datePublished":"2026-08-31T08:46:08+00:00","dateModified":"2026-08-31T08:46:09+00:00","mainEntityOfPage":{"@id":"https:\/\/gysfm.com.ar\/inicio\/durmio-10-anos-en-la-calle-y-supero-una-adiccion-tras-el-terremoto-de-cali-ayudo-a-rescatar-personas-entre-los-escombros\/"},"wordCount":833,"publisher":{"@id":"https:\/\/gysfm.com.ar\/inicio\/#organization"},"image":{"@id":"https:\/\/gysfm.com.ar\/inicio\/durmio-10-anos-en-la-calle-y-supero-una-adiccion-tras-el-terremoto-de-cali-ayudo-a-rescatar-personas-entre-los-escombros\/#primaryimage"},"thumbnailUrl":"https:\/\/gysfm.com.ar\/inicio\/wp-content\/uploads\/2026\/08\/una-mujer-camina-entre-los-escombros-de-un-I5UANSJKIRB7HMYXTH4XX6YTDM.jpg","articleSection":["INTERNACIONALES"],"inLanguage":"es"},{"@type":"WebPage","@id":"https:\/\/gysfm.com.ar\/inicio\/durmio-10-anos-en-la-calle-y-supero-una-adiccion-tras-el-terremoto-de-cali-ayudo-a-rescatar-personas-entre-los-escombros\/","url":"https:\/\/gysfm.com.ar\/inicio\/durmio-10-anos-en-la-calle-y-supero-una-adiccion-tras-el-terremoto-de-cali-ayudo-a-rescatar-personas-entre-los-escombros\/","name":"Durmi\u00f3 10 a\u00f1os en la calle y super\u00f3 una adicci\u00f3n: tras el terremoto de Cali ayud\u00f3 a rescatar personas entre los escombros - GYS NOTICIAS |","isPartOf":{"@id":"https:\/\/gysfm.com.ar\/inicio\/#website"},"primaryImageOfPage":{"@id":"https:\/\/gysfm.com.ar\/inicio\/durmio-10-anos-en-la-calle-y-supero-una-adiccion-tras-el-terremoto-de-cali-ayudo-a-rescatar-personas-entre-los-escombros\/#primaryimage"},"image":{"@id":"https:\/\/gysfm.com.ar\/inicio\/durmio-10-anos-en-la-calle-y-supero-una-adiccion-tras-el-terremoto-de-cali-ayudo-a-rescatar-personas-entre-los-escombros\/#primaryimage"},"thumbnailUrl":"https:\/\/gysfm.com.ar\/inicio\/wp-content\/uploads\/2026\/08\/una-mujer-camina-entre-los-escombros-de-un-I5UANSJKIRB7HMYXTH4XX6YTDM.jpg","datePublished":"2026-08-31T08:46:08+00:00","dateModified":"2026-08-31T08:46:09+00:00","breadcrumb":{"@id":"https:\/\/gysfm.com.ar\/inicio\/durmio-10-anos-en-la-calle-y-supero-una-adiccion-tras-el-terremoto-de-cali-ayudo-a-rescatar-personas-entre-los-escombros\/#breadcrumb"},"inLanguage":"es","potentialAction":[{"@type":"ReadAction","target":["https:\/\/gysfm.com.ar\/inicio\/durmio-10-anos-en-la-calle-y-supero-una-adiccion-tras-el-terremoto-de-cali-ayudo-a-rescatar-personas-entre-los-escombros\/"]}]},{"@type":"ImageObject","inLanguage":"es","@id":"https:\/\/gysfm.com.ar\/inicio\/durmio-10-anos-en-la-calle-y-supero-una-adiccion-tras-el-terremoto-de-cali-ayudo-a-rescatar-personas-entre-los-escombros\/#primaryimage","url":"https:\/\/gysfm.com.ar\/inicio\/wp-content\/uploads\/2026\/08\/una-mujer-camina-entre-los-escombros-de-un-I5UANSJKIRB7HMYXTH4XX6YTDM.jpg","contentUrl":"https:\/\/gysfm.com.ar\/inicio\/wp-content\/uploads\/2026\/08\/una-mujer-camina-entre-los-escombros-de-un-I5UANSJKIRB7HMYXTH4XX6YTDM.jpg","width":1200,"height":800},{"@type":"BreadcrumbList","@id":"https:\/\/gysfm.com.ar\/inicio\/durmio-10-anos-en-la-calle-y-supero-una-adiccion-tras-el-terremoto-de-cali-ayudo-a-rescatar-personas-entre-los-escombros\/#breadcrumb","itemListElement":[{"@type":"ListItem","position":1,"name":"Portada","item":"https:\/\/gysfm.com.ar\/inicio\/"},{"@type":"ListItem","position":2,"name":"Durmi\u00f3 10 a\u00f1os en la calle y super\u00f3 una adicci\u00f3n: tras el terremoto de Cali ayud\u00f3 a rescatar personas entre los escombros"}]},{"@type":"WebSite","@id":"https:\/\/gysfm.com.ar\/inicio\/#website","url":"https:\/\/gysfm.com.ar\/inicio\/","name":"GYS NOTICIAS |","description":"DIARIO - RADIO ONLINE SAN JUAN ARGENTINA","publisher":{"@id":"https:\/\/gysfm.com.ar\/inicio\/#organization"},"potentialAction":[{"@type":"SearchAction","target":{"@type":"EntryPoint","urlTemplate":"https:\/\/gysfm.com.ar\/inicio\/?s={search_term_string}"},"query-input":{"@type":"PropertyValueSpecification","valueRequired":true,"valueName":"search_term_string"}}],"inLanguage":"es"},{"@type":"Organization","@id":"https:\/\/gysfm.com.ar\/inicio\/#organization","name":"GYS NOTICIAS |","url":"https:\/\/gysfm.com.ar\/inicio\/","logo":{"@type":"ImageObject","inLanguage":"es","@id":"https:\/\/gysfm.com.ar\/inicio\/#\/schema\/logo\/image\/","url":"https:\/\/gysfm.com.ar\/inicio\/wp-content\/uploads\/2023\/07\/LOGOGYS-OK.png","contentUrl":"https:\/\/gysfm.com.ar\/inicio\/wp-content\/uploads\/2023\/07\/LOGOGYS-OK.png","width":1170,"height":872,"caption":"GYS NOTICIAS |"},"image":{"@id":"https:\/\/gysfm.com.ar\/inicio\/#\/schema\/logo\/image\/"}},{"@type":"Person","@id":"https:\/\/gysfm.com.ar\/inicio\/#\/schema\/person\/3abba7593ef2ad19e1be221d54383dc5","name":"Prensa G&amp;S FM","image":{"@type":"ImageObject","inLanguage":"es","@id":"https:\/\/gysfm.com.ar\/inicio\/#\/schema\/person\/image\/","url":"https:\/\/secure.gravatar.com\/avatar\/096ec78df02049ab018702bb4ccedf659377fa92a26540b5247612077a0dbd29?s=96&d=mm&r=g","contentUrl":"https:\/\/secure.gravatar.com\/avatar\/096ec78df02049ab018702bb4ccedf659377fa92a26540b5247612077a0dbd29?s=96&d=mm&r=g","caption":"Prensa G&amp;S FM"},"sameAs":["https:\/\/gysfm.com.ar\/"],"url":"https:\/\/gysfm.com.ar\/inicio\/author\/lucasm\/"}]}},"_links":{"self":[{"href":"https:\/\/gysfm.com.ar\/inicio\/wp-json\/wp\/v2\/posts\/209921","targetHints":{"allow":["GET"]}}],"collection":[{"href":"https:\/\/gysfm.com.ar\/inicio\/wp-json\/wp\/v2\/posts"}],"about":[{"href":"https:\/\/gysfm.com.ar\/inicio\/wp-json\/wp\/v2\/types\/post"}],"author":[{"embeddable":true,"href":"https:\/\/gysfm.com.ar\/inicio\/wp-json\/wp\/v2\/users\/2"}],"replies":[{"embeddable":true,"href":"https:\/\/gysfm.com.ar\/inicio\/wp-json\/wp\/v2\/comments?post=209921"}],"version-history":[{"count":1,"href":"https:\/\/gysfm.com.ar\/inicio\/wp-json\/wp\/v2\/posts\/209921\/revisions"}],"predecessor-version":[{"id":209923,"href":"https:\/\/gysfm.com.ar\/inicio\/wp-json\/wp\/v2\/posts\/209921\/revisions\/209923"}],"wp:featuredmedia":[{"embeddable":true,"href":"https:\/\/gysfm.com.ar\/inicio\/wp-json\/wp\/v2\/media\/209922"}],"wp:attachment":[{"href":"https:\/\/gysfm.com.ar\/inicio\/wp-json\/wp\/v2\/media?parent=209921"}],"wp:term":[{"taxonomy":"category","embeddable":true,"href":"https:\/\/gysfm.com.ar\/inicio\/wp-json\/wp\/v2\/categories?post=209921"},{"taxonomy":"post_tag","embeddable":true,"href":"https:\/\/gysfm.com.ar\/inicio\/wp-json\/wp\/v2\/tags?post=209921"}],"curies":[{"name":"wp","href":"https:\/\/api.w.org\/{rel}","templated":true}]}}