{"id":209914,"date":"2026-08-31T02:43:14","date_gmt":"2026-08-31T05:43:14","guid":{"rendered":"https:\/\/gysfm.com.ar\/inicio\/detuvieron-al-capitan-y-a-ocho-tripulantes-del-ferry-que-se-hundio-frente-a-chipre-investigan-una-posible-negligencia\/"},"modified":"2026-08-31T02:43:14","modified_gmt":"2026-08-31T05:43:14","slug":"detuvieron-al-capitan-y-a-ocho-tripulantes-del-ferry-que-se-hundio-frente-a-chipre-investigan-una-posible-negligencia","status":"publish","type":"post","link":"https:\/\/gysfm.com.ar\/inicio\/detuvieron-al-capitan-y-a-ocho-tripulantes-del-ferry-que-se-hundio-frente-a-chipre-investigan-una-posible-negligencia\/","title":{"rendered":"Detuvieron al capit\u00e1n y a ocho tripulantes del ferry que se hundi\u00f3 frente a Chipre: investigan una posible negligencia"},"content":{"rendered":"<p> <br \/>\n<\/p>\n<div>\n<p class=\"com-paragraph --capital --s text-left\">El capit\u00e1n y otros ocho integrantes de la tripulaci\u00f3n del <a href=\"https:\/\/www.lanacion.com.ar\/el-mundo\/vuelca-un-ferry-frente-a-la-costa-de-chipre-varias-pasajeros-resultaron-heridos-nid30082026\/\" target=\"_self\" title=\"https:\/\/www.lanacion.com.ar\/el-mundo\/vuelca-un-ferry-frente-a-la-costa-de-chipre-varias-pasajeros-resultaron-heridos-nid30082026\/\" class=\"com-link break-word\" data-mrf-recirculation=\"n_link_parrafo\">ferry que se hundi\u00f3<\/a> frente a la costa de Chipre fueron detenidos en el marco de una investigaci\u00f3n por una <strong>presunta negligencia vinculada al naufragio<\/strong>, seg\u00fan inform\u00f3 el diario <em>Cyprus Mail<\/em>.<\/p>\n<p class=\"com-paragraph --s text-left\">La medida fue confirmada a partir de declaraciones del <strong>primer ministro<\/strong> de la autoproclamada Rep\u00fablica Turca del Norte de Chipre, <strong>Unal Ustel<\/strong>, quien describi\u00f3 el incidente, que hasta el momento caus\u00f3 ocho muertes y 22 desapariciones, como \u201c<strong>el peor desastre mar\u00edtimo que Chipre haya sufrido jam\u00e1s<\/strong>\u201d.<\/p>\n<div class=\"content-media\">\n<section role=\"button\" class=\"mod-media   \">\n<figure role=\"button\" tabindex=\"0\" class=\"mod-figure \"><figcaption class=\"mod-figcaption\"><span class=\"com-text --caption --twoxs\">El transbordador implicado, un catamar\u00e1n, era uno de los varios servicios mar\u00edtimos que conectan a diario el norte de Chipre con Turqu\u00eda<\/span><\/figcaption><\/figure>\n<\/section>\n<\/div>\n<p class=\"com-paragraph --s text-left\">Ustel asegur\u00f3 que las autoridades avanzan en el esclarecimiento de las causas del incidente y que <strong>no se descarta ninguna hip\u00f3tesis <\/strong>relacionada con posibles responsabilidades de la tripulaci\u00f3n.<\/p>\n<p class=\"com-paragraph --s\">\u201cSe investigar\u00e1 cada aspecto de este incidente y se descubrir\u00e1 hasta la m\u00e1s m\u00ednima negligencia\u201d, asegur\u00f3 el funcionario.<\/p>\n<p class=\"com-paragraph --s\">\u201cEs tanto el deber como la responsabilidad de nuestro estado <strong>investigar a fondo esta gran tragedia<\/strong>. Nuestro dolor es inmenso hoy, pero nuestro estado, con todas sus instituciones, est\u00e1 cumpliendo con su deber\u201d, expres\u00f3, seg\u00fan consign\u00f3 medio citado.<\/p>\n<div class=\"content-media\">\n<section role=\"button\" class=\"mod-media   \">\n<figure role=\"button\" tabindex=\"0\" class=\"mod-figure \"><figcaption class=\"mod-figcaption\"><span class=\"com-text --caption --twoxs\">Los sobrevivientes del naufragio<\/span><span class=\"com-text --credit --twoxs\">BIROL BEBEK &#8211; AFP<\/span><\/figcaption><\/figure>\n<\/section>\n<\/div>\n<p class=\"com-paragraph --s\">Y afirm\u00f3: \u201cAhora estamos centrados con todas nuestras fuerzas en encontrar a nuestros seres queridos desaparecidos, sanar nuestras heridas y descubrir toda la verdad sobre esta gran tragedia\u201d.<\/p>\n<p class=\"com-paragraph --s\">Ustel inform\u00f3 que en el operativo intervinieron dos aviones, cuatro helic\u00f3pteros, cuatro drones y cuatro lanchas guardacostas. Adem\u00e1s, Chipre espera un<strong> buque de b\u00fasqueda y rescate de la armada turca<\/strong>, capaz de buscar a profundidades de hasta 1.000 metros bajo la superficie del mar, para unirse a las labores.<\/p>\n<p><h2 class=\"font-primary font-w-bold text-subheading-lg text-left container-center-100 mb-8\"><span>270 personas a bordo<\/span><\/h2>\n<\/p>\n<p class=\"com-paragraph --s\">La embarcaci\u00f3n, identificada como Express y operada por Filo Jet, volc\u00f3 poco despu\u00e9s de zarpar del puerto de Kyrenia, en Chipre del Norte, rumbo a la ciudad turca de Tasucu. El ferry que transportaba a casi <strong>270 pasajeros<\/strong> y tripulantes volc\u00f3 frente a la costa del norte separatista de Chipre, dividido por l\u00edneas \u00e9tnicas.<\/p>\n<div class=\"content-media\">\n<section role=\"button\" class=\"mod-media   \">\n<figure role=\"button\" tabindex=\"0\" class=\"mod-figure \"><figcaption class=\"mod-figcaption\"><span class=\"com-text --caption --twoxs\">En el operativo intervinieron dos aviones, cuatro helic\u00f3pteros, cuatro drones y cuatro lanchas guardacostas<\/span><span class=\"com-text --credit --twoxs\">JEWEL SAMAD &#8211; AFP<\/span><\/figcaption><\/figure>\n<\/section>\n<\/div>\n<p class=\"com-paragraph --s\">El primer ministro Ustel explic\u00f3 que el ferry enfrent\u00f3 <strong>condiciones meteorol\u00f3gicas adversas<\/strong> y empez\u00f3 a entrarle agua apenas 15 minutos despu\u00e9s de zarpar. Poco despu\u00e9s se emiti\u00f3 una llamada de auxilio.<\/p>\n<p class=\"com-paragraph --s\">La tragedia se produjo frente a la costa de Kyrenia, <strong>un popular destino vacacional <\/strong>tanto para \u200clos lugare\u00f1os como para los turistas. El transbordador implicado, un catamar\u00e1n, \u200bera uno de los varios servicios mar\u00edtimos que \u200bconectan a diario el norte de Chipre con Turqu\u00eda.<\/p>\n<section class=\"container-center-100 mb-40 border border-bottom border-thin border-neutral-light-700\">\n<hr\/>\n<\/section>\n<\/div>\n<p><script id=\"facebookpixel\" defer=\"\" type=\"text\/javascript\">\n        !function(f,b,e,v,n,t,s)\n        {if(f.fbq)return;n=f.fbq=function(){n.callMethod?\n        n.callMethod.apply(n,arguments):n.queue.push(arguments)};\n        if(!f._fbq)f._fbq=n;n.push=n;n.loaded=!0;n.version='2.0';\n        n.queue=[];t=b.createElement(e);t.async=!0;\n        t.src=v;s=b.getElementsByTagName(e)[0];\n        s.parentNode.insertBefore(t,s)}(window, document,'script',\n        'https:\/\/connect.facebook.net\/en_US\/fbevents.js');\n        fbq('init', '492459597522335');\n        fbq('track', 'PageView');\n    <\/script><br \/>\n<br \/><\/p>\n","protected":false},"excerpt":{"rendered":"<p>El capit\u00e1n y otros ocho integrantes de la tripulaci\u00f3n del ferry que se hundi\u00f3 frente a la costa de Chipre fueron detenidos en el marco de una investigaci\u00f3n por una presunta negligencia vinculada al naufragio, seg\u00fan inform\u00f3 el diario Cyprus Mail. La medida fue confirmada a partir de declaraciones del primer ministro de la autoproclamada [&hellip;]<\/p>\n","protected":false},"author":2,"featured_media":209915,"comment_status":"closed","ping_status":"closed","sticky":false,"template":"","format":"standard","meta":{"footnotes":""},"categories":[26],"tags":[],"class_list":["post-209914","post","type-post","status-publish","format-standard","has-post-thumbnail","hentry","category-internacionales"],"yoast_head":"<!-- This site is optimized with the Yoast SEO plugin v24.4 - https:\/\/yoast.com\/wordpress\/plugins\/seo\/ -->\n<title>Detuvieron al capit\u00e1n y a ocho tripulantes del ferry que se hundi\u00f3 frente a Chipre: investigan una posible negligencia - GYS NOTICIAS |<\/title>\n<meta name=\"robots\" content=\"index, follow, max-snippet:-1, max-image-preview:large, max-video-preview:-1\" \/>\n<link rel=\"canonical\" href=\"https:\/\/gysfm.com.ar\/inicio\/detuvieron-al-capitan-y-a-ocho-tripulantes-del-ferry-que-se-hundio-frente-a-chipre-investigan-una-posible-negligencia\/\" \/>\n<meta property=\"og:locale\" content=\"es_ES\" \/>\n<meta property=\"og:type\" content=\"article\" \/>\n<meta property=\"og:title\" content=\"Detuvieron al capit\u00e1n y a ocho tripulantes del ferry que se hundi\u00f3 frente a Chipre: investigan una posible negligencia - GYS NOTICIAS |\" \/>\n<meta property=\"og:description\" content=\"El capit\u00e1n y otros ocho integrantes de la tripulaci\u00f3n del ferry que se hundi\u00f3 frente a la costa de Chipre fueron detenidos en el marco de una investigaci\u00f3n por una presunta negligencia vinculada al naufragio, seg\u00fan inform\u00f3 el diario Cyprus Mail. La medida fue confirmada a partir de declaraciones del primer ministro de la autoproclamada [&hellip;]\" \/>\n<meta property=\"og:url\" content=\"https:\/\/gysfm.com.ar\/inicio\/detuvieron-al-capitan-y-a-ocho-tripulantes-del-ferry-que-se-hundio-frente-a-chipre-investigan-una-posible-negligencia\/\" \/>\n<meta property=\"og:site_name\" content=\"GYS NOTICIAS |\" \/>\n<meta property=\"article:published_time\" content=\"2026-08-31T05:43:14+00:00\" \/>\n<meta property=\"og:image\" content=\"https:\/\/gysfm.com.ar\/inicio\/wp-content\/uploads\/2026\/08\/las-autoridades-investigan-una-posible-MXTMUTEP6BBE5PCXLTIVNXFPJM.JPG\" \/>\n\t<meta property=\"og:image:width\" content=\"1200\" \/>\n\t<meta property=\"og:image:height\" content=\"800\" \/>\n\t<meta property=\"og:image:type\" content=\"image\/jpeg\" \/>\n<meta name=\"author\" content=\"Prensa G&amp;S FM\" \/>\n<meta name=\"twitter:card\" content=\"summary_large_image\" \/>\n<meta name=\"twitter:label1\" content=\"Escrito por\" \/>\n\t<meta name=\"twitter:data1\" content=\"Prensa G&amp;S FM\" \/>\n\t<meta name=\"twitter:label2\" content=\"Tiempo de lectura\" \/>\n\t<meta name=\"twitter:data2\" content=\"2 minutos\" \/>\n<script type=\"application\/ld+json\" class=\"yoast-schema-graph\">{\"@context\":\"https:\/\/schema.org\",\"@graph\":[{\"@type\":\"Article\",\"@id\":\"https:\/\/gysfm.com.ar\/inicio\/detuvieron-al-capitan-y-a-ocho-tripulantes-del-ferry-que-se-hundio-frente-a-chipre-investigan-una-posible-negligencia\/#article\",\"isPartOf\":{\"@id\":\"https:\/\/gysfm.com.ar\/inicio\/detuvieron-al-capitan-y-a-ocho-tripulantes-del-ferry-que-se-hundio-frente-a-chipre-investigan-una-posible-negligencia\/\"},\"author\":{\"name\":\"Prensa G&amp;S FM\",\"@id\":\"https:\/\/gysfm.com.ar\/inicio\/#\/schema\/person\/3abba7593ef2ad19e1be221d54383dc5\"},\"headline\":\"Detuvieron al capit\u00e1n y a ocho tripulantes del ferry que se hundi\u00f3 frente a Chipre: investigan una posible negligencia\",\"datePublished\":\"2026-08-31T05:43:14+00:00\",\"mainEntityOfPage\":{\"@id\":\"https:\/\/gysfm.com.ar\/inicio\/detuvieron-al-capitan-y-a-ocho-tripulantes-del-ferry-que-se-hundio-frente-a-chipre-investigan-una-posible-negligencia\/\"},\"wordCount\":475,\"publisher\":{\"@id\":\"https:\/\/gysfm.com.ar\/inicio\/#organization\"},\"image\":{\"@id\":\"https:\/\/gysfm.com.ar\/inicio\/detuvieron-al-capitan-y-a-ocho-tripulantes-del-ferry-que-se-hundio-frente-a-chipre-investigan-una-posible-negligencia\/#primaryimage\"},\"thumbnailUrl\":\"https:\/\/gysfm.com.ar\/inicio\/wp-content\/uploads\/2026\/08\/las-autoridades-investigan-una-posible-MXTMUTEP6BBE5PCXLTIVNXFPJM.JPG\",\"articleSection\":[\"INTERNACIONALES\"],\"inLanguage\":\"es\"},{\"@type\":\"WebPage\",\"@id\":\"https:\/\/gysfm.com.ar\/inicio\/detuvieron-al-capitan-y-a-ocho-tripulantes-del-ferry-que-se-hundio-frente-a-chipre-investigan-una-posible-negligencia\/\",\"url\":\"https:\/\/gysfm.com.ar\/inicio\/detuvieron-al-capitan-y-a-ocho-tripulantes-del-ferry-que-se-hundio-frente-a-chipre-investigan-una-posible-negligencia\/\",\"name\":\"Detuvieron al capit\u00e1n y a ocho tripulantes del ferry que se hundi\u00f3 frente a Chipre: investigan una posible negligencia - GYS NOTICIAS |\",\"isPartOf\":{\"@id\":\"https:\/\/gysfm.com.ar\/inicio\/#website\"},\"primaryImageOfPage\":{\"@id\":\"https:\/\/gysfm.com.ar\/inicio\/detuvieron-al-capitan-y-a-ocho-tripulantes-del-ferry-que-se-hundio-frente-a-chipre-investigan-una-posible-negligencia\/#primaryimage\"},\"image\":{\"@id\":\"https:\/\/gysfm.com.ar\/inicio\/detuvieron-al-capitan-y-a-ocho-tripulantes-del-ferry-que-se-hundio-frente-a-chipre-investigan-una-posible-negligencia\/#primaryimage\"},\"thumbnailUrl\":\"https:\/\/gysfm.com.ar\/inicio\/wp-content\/uploads\/2026\/08\/las-autoridades-investigan-una-posible-MXTMUTEP6BBE5PCXLTIVNXFPJM.JPG\",\"datePublished\":\"2026-08-31T05:43:14+00:00\",\"breadcrumb\":{\"@id\":\"https:\/\/gysfm.com.ar\/inicio\/detuvieron-al-capitan-y-a-ocho-tripulantes-del-ferry-que-se-hundio-frente-a-chipre-investigan-una-posible-negligencia\/#breadcrumb\"},\"inLanguage\":\"es\",\"potentialAction\":[{\"@type\":\"ReadAction\",\"target\":[\"https:\/\/gysfm.com.ar\/inicio\/detuvieron-al-capitan-y-a-ocho-tripulantes-del-ferry-que-se-hundio-frente-a-chipre-investigan-una-posible-negligencia\/\"]}]},{\"@type\":\"ImageObject\",\"inLanguage\":\"es\",\"@id\":\"https:\/\/gysfm.com.ar\/inicio\/detuvieron-al-capitan-y-a-ocho-tripulantes-del-ferry-que-se-hundio-frente-a-chipre-investigan-una-posible-negligencia\/#primaryimage\",\"url\":\"https:\/\/gysfm.com.ar\/inicio\/wp-content\/uploads\/2026\/08\/las-autoridades-investigan-una-posible-MXTMUTEP6BBE5PCXLTIVNXFPJM.JPG\",\"contentUrl\":\"https:\/\/gysfm.com.ar\/inicio\/wp-content\/uploads\/2026\/08\/las-autoridades-investigan-una-posible-MXTMUTEP6BBE5PCXLTIVNXFPJM.JPG\",\"width\":1200,\"height\":800},{\"@type\":\"BreadcrumbList\",\"@id\":\"https:\/\/gysfm.com.ar\/inicio\/detuvieron-al-capitan-y-a-ocho-tripulantes-del-ferry-que-se-hundio-frente-a-chipre-investigan-una-posible-negligencia\/#breadcrumb\",\"itemListElement\":[{\"@type\":\"ListItem\",\"position\":1,\"name\":\"Portada\",\"item\":\"https:\/\/gysfm.com.ar\/inicio\/\"},{\"@type\":\"ListItem\",\"position\":2,\"name\":\"Detuvieron al capit\u00e1n y a ocho tripulantes del ferry que se hundi\u00f3 frente a Chipre: investigan una posible negligencia\"}]},{\"@type\":\"WebSite\",\"@id\":\"https:\/\/gysfm.com.ar\/inicio\/#website\",\"url\":\"https:\/\/gysfm.com.ar\/inicio\/\",\"name\":\"GYS NOTICIAS |\",\"description\":\"DIARIO - RADIO ONLINE SAN JUAN ARGENTINA\",\"publisher\":{\"@id\":\"https:\/\/gysfm.com.ar\/inicio\/#organization\"},\"potentialAction\":[{\"@type\":\"SearchAction\",\"target\":{\"@type\":\"EntryPoint\",\"urlTemplate\":\"https:\/\/gysfm.com.ar\/inicio\/?s={search_term_string}\"},\"query-input\":{\"@type\":\"PropertyValueSpecification\",\"valueRequired\":true,\"valueName\":\"search_term_string\"}}],\"inLanguage\":\"es\"},{\"@type\":\"Organization\",\"@id\":\"https:\/\/gysfm.com.ar\/inicio\/#organization\",\"name\":\"GYS NOTICIAS |\",\"url\":\"https:\/\/gysfm.com.ar\/inicio\/\",\"logo\":{\"@type\":\"ImageObject\",\"inLanguage\":\"es\",\"@id\":\"https:\/\/gysfm.com.ar\/inicio\/#\/schema\/logo\/image\/\",\"url\":\"https:\/\/gysfm.com.ar\/inicio\/wp-content\/uploads\/2023\/07\/LOGOGYS-OK.png\",\"contentUrl\":\"https:\/\/gysfm.com.ar\/inicio\/wp-content\/uploads\/2023\/07\/LOGOGYS-OK.png\",\"width\":1170,\"height\":872,\"caption\":\"GYS NOTICIAS |\"},\"image\":{\"@id\":\"https:\/\/gysfm.com.ar\/inicio\/#\/schema\/logo\/image\/\"}},{\"@type\":\"Person\",\"@id\":\"https:\/\/gysfm.com.ar\/inicio\/#\/schema\/person\/3abba7593ef2ad19e1be221d54383dc5\",\"name\":\"Prensa G&amp;S FM\",\"image\":{\"@type\":\"ImageObject\",\"inLanguage\":\"es\",\"@id\":\"https:\/\/gysfm.com.ar\/inicio\/#\/schema\/person\/image\/\",\"url\":\"https:\/\/secure.gravatar.com\/avatar\/096ec78df02049ab018702bb4ccedf659377fa92a26540b5247612077a0dbd29?s=96&d=mm&r=g\",\"contentUrl\":\"https:\/\/secure.gravatar.com\/avatar\/096ec78df02049ab018702bb4ccedf659377fa92a26540b5247612077a0dbd29?s=96&d=mm&r=g\",\"caption\":\"Prensa G&amp;S FM\"},\"sameAs\":[\"https:\/\/gysfm.com.ar\/\"],\"url\":\"https:\/\/gysfm.com.ar\/inicio\/author\/lucasm\/\"}]}<\/script>\n<!-- \/ Yoast SEO plugin. -->","yoast_head_json":{"title":"Detuvieron al capit\u00e1n y a ocho tripulantes del ferry que se hundi\u00f3 frente a Chipre: investigan una posible negligencia - GYS NOTICIAS |","robots":{"index":"index","follow":"follow","max-snippet":"max-snippet:-1","max-image-preview":"max-image-preview:large","max-video-preview":"max-video-preview:-1"},"canonical":"https:\/\/gysfm.com.ar\/inicio\/detuvieron-al-capitan-y-a-ocho-tripulantes-del-ferry-que-se-hundio-frente-a-chipre-investigan-una-posible-negligencia\/","og_locale":"es_ES","og_type":"article","og_title":"Detuvieron al capit\u00e1n y a ocho tripulantes del ferry que se hundi\u00f3 frente a Chipre: investigan una posible negligencia - GYS NOTICIAS |","og_description":"El capit\u00e1n y otros ocho integrantes de la tripulaci\u00f3n del ferry que se hundi\u00f3 frente a la costa de Chipre fueron detenidos en el marco de una investigaci\u00f3n por una presunta negligencia vinculada al naufragio, seg\u00fan inform\u00f3 el diario Cyprus Mail. La medida fue confirmada a partir de declaraciones del primer ministro de la autoproclamada [&hellip;]","og_url":"https:\/\/gysfm.com.ar\/inicio\/detuvieron-al-capitan-y-a-ocho-tripulantes-del-ferry-que-se-hundio-frente-a-chipre-investigan-una-posible-negligencia\/","og_site_name":"GYS NOTICIAS |","article_published_time":"2026-08-31T05:43:14+00:00","og_image":[{"width":1200,"height":800,"url":"https:\/\/gysfm.com.ar\/inicio\/wp-content\/uploads\/2026\/08\/las-autoridades-investigan-una-posible-MXTMUTEP6BBE5PCXLTIVNXFPJM.JPG","type":"image\/jpeg"}],"author":"Prensa G&amp;S FM","twitter_card":"summary_large_image","twitter_misc":{"Escrito por":"Prensa G&amp;S FM","Tiempo de lectura":"2 minutos"},"schema":{"@context":"https:\/\/schema.org","@graph":[{"@type":"Article","@id":"https:\/\/gysfm.com.ar\/inicio\/detuvieron-al-capitan-y-a-ocho-tripulantes-del-ferry-que-se-hundio-frente-a-chipre-investigan-una-posible-negligencia\/#article","isPartOf":{"@id":"https:\/\/gysfm.com.ar\/inicio\/detuvieron-al-capitan-y-a-ocho-tripulantes-del-ferry-que-se-hundio-frente-a-chipre-investigan-una-posible-negligencia\/"},"author":{"name":"Prensa G&amp;S FM","@id":"https:\/\/gysfm.com.ar\/inicio\/#\/schema\/person\/3abba7593ef2ad19e1be221d54383dc5"},"headline":"Detuvieron al capit\u00e1n y a ocho tripulantes del ferry que se hundi\u00f3 frente a Chipre: investigan una posible negligencia","datePublished":"2026-08-31T05:43:14+00:00","mainEntityOfPage":{"@id":"https:\/\/gysfm.com.ar\/inicio\/detuvieron-al-capitan-y-a-ocho-tripulantes-del-ferry-que-se-hundio-frente-a-chipre-investigan-una-posible-negligencia\/"},"wordCount":475,"publisher":{"@id":"https:\/\/gysfm.com.ar\/inicio\/#organization"},"image":{"@id":"https:\/\/gysfm.com.ar\/inicio\/detuvieron-al-capitan-y-a-ocho-tripulantes-del-ferry-que-se-hundio-frente-a-chipre-investigan-una-posible-negligencia\/#primaryimage"},"thumbnailUrl":"https:\/\/gysfm.com.ar\/inicio\/wp-content\/uploads\/2026\/08\/las-autoridades-investigan-una-posible-MXTMUTEP6BBE5PCXLTIVNXFPJM.JPG","articleSection":["INTERNACIONALES"],"inLanguage":"es"},{"@type":"WebPage","@id":"https:\/\/gysfm.com.ar\/inicio\/detuvieron-al-capitan-y-a-ocho-tripulantes-del-ferry-que-se-hundio-frente-a-chipre-investigan-una-posible-negligencia\/","url":"https:\/\/gysfm.com.ar\/inicio\/detuvieron-al-capitan-y-a-ocho-tripulantes-del-ferry-que-se-hundio-frente-a-chipre-investigan-una-posible-negligencia\/","name":"Detuvieron al capit\u00e1n y a ocho tripulantes del ferry que se hundi\u00f3 frente a Chipre: investigan una posible negligencia - GYS NOTICIAS |","isPartOf":{"@id":"https:\/\/gysfm.com.ar\/inicio\/#website"},"primaryImageOfPage":{"@id":"https:\/\/gysfm.com.ar\/inicio\/detuvieron-al-capitan-y-a-ocho-tripulantes-del-ferry-que-se-hundio-frente-a-chipre-investigan-una-posible-negligencia\/#primaryimage"},"image":{"@id":"https:\/\/gysfm.com.ar\/inicio\/detuvieron-al-capitan-y-a-ocho-tripulantes-del-ferry-que-se-hundio-frente-a-chipre-investigan-una-posible-negligencia\/#primaryimage"},"thumbnailUrl":"https:\/\/gysfm.com.ar\/inicio\/wp-content\/uploads\/2026\/08\/las-autoridades-investigan-una-posible-MXTMUTEP6BBE5PCXLTIVNXFPJM.JPG","datePublished":"2026-08-31T05:43:14+00:00","breadcrumb":{"@id":"https:\/\/gysfm.com.ar\/inicio\/detuvieron-al-capitan-y-a-ocho-tripulantes-del-ferry-que-se-hundio-frente-a-chipre-investigan-una-posible-negligencia\/#breadcrumb"},"inLanguage":"es","potentialAction":[{"@type":"ReadAction","target":["https:\/\/gysfm.com.ar\/inicio\/detuvieron-al-capitan-y-a-ocho-tripulantes-del-ferry-que-se-hundio-frente-a-chipre-investigan-una-posible-negligencia\/"]}]},{"@type":"ImageObject","inLanguage":"es","@id":"https:\/\/gysfm.com.ar\/inicio\/detuvieron-al-capitan-y-a-ocho-tripulantes-del-ferry-que-se-hundio-frente-a-chipre-investigan-una-posible-negligencia\/#primaryimage","url":"https:\/\/gysfm.com.ar\/inicio\/wp-content\/uploads\/2026\/08\/las-autoridades-investigan-una-posible-MXTMUTEP6BBE5PCXLTIVNXFPJM.JPG","contentUrl":"https:\/\/gysfm.com.ar\/inicio\/wp-content\/uploads\/2026\/08\/las-autoridades-investigan-una-posible-MXTMUTEP6BBE5PCXLTIVNXFPJM.JPG","width":1200,"height":800},{"@type":"BreadcrumbList","@id":"https:\/\/gysfm.com.ar\/inicio\/detuvieron-al-capitan-y-a-ocho-tripulantes-del-ferry-que-se-hundio-frente-a-chipre-investigan-una-posible-negligencia\/#breadcrumb","itemListElement":[{"@type":"ListItem","position":1,"name":"Portada","item":"https:\/\/gysfm.com.ar\/inicio\/"},{"@type":"ListItem","position":2,"name":"Detuvieron al capit\u00e1n y a ocho tripulantes del ferry que se hundi\u00f3 frente a Chipre: investigan una posible negligencia"}]},{"@type":"WebSite","@id":"https:\/\/gysfm.com.ar\/inicio\/#website","url":"https:\/\/gysfm.com.ar\/inicio\/","name":"GYS NOTICIAS |","description":"DIARIO - RADIO ONLINE SAN JUAN ARGENTINA","publisher":{"@id":"https:\/\/gysfm.com.ar\/inicio\/#organization"},"potentialAction":[{"@type":"SearchAction","target":{"@type":"EntryPoint","urlTemplate":"https:\/\/gysfm.com.ar\/inicio\/?s={search_term_string}"},"query-input":{"@type":"PropertyValueSpecification","valueRequired":true,"valueName":"search_term_string"}}],"inLanguage":"es"},{"@type":"Organization","@id":"https:\/\/gysfm.com.ar\/inicio\/#organization","name":"GYS NOTICIAS |","url":"https:\/\/gysfm.com.ar\/inicio\/","logo":{"@type":"ImageObject","inLanguage":"es","@id":"https:\/\/gysfm.com.ar\/inicio\/#\/schema\/logo\/image\/","url":"https:\/\/gysfm.com.ar\/inicio\/wp-content\/uploads\/2023\/07\/LOGOGYS-OK.png","contentUrl":"https:\/\/gysfm.com.ar\/inicio\/wp-content\/uploads\/2023\/07\/LOGOGYS-OK.png","width":1170,"height":872,"caption":"GYS NOTICIAS |"},"image":{"@id":"https:\/\/gysfm.com.ar\/inicio\/#\/schema\/logo\/image\/"}},{"@type":"Person","@id":"https:\/\/gysfm.com.ar\/inicio\/#\/schema\/person\/3abba7593ef2ad19e1be221d54383dc5","name":"Prensa G&amp;S FM","image":{"@type":"ImageObject","inLanguage":"es","@id":"https:\/\/gysfm.com.ar\/inicio\/#\/schema\/person\/image\/","url":"https:\/\/secure.gravatar.com\/avatar\/096ec78df02049ab018702bb4ccedf659377fa92a26540b5247612077a0dbd29?s=96&d=mm&r=g","contentUrl":"https:\/\/secure.gravatar.com\/avatar\/096ec78df02049ab018702bb4ccedf659377fa92a26540b5247612077a0dbd29?s=96&d=mm&r=g","caption":"Prensa G&amp;S FM"},"sameAs":["https:\/\/gysfm.com.ar\/"],"url":"https:\/\/gysfm.com.ar\/inicio\/author\/lucasm\/"}]}},"_links":{"self":[{"href":"https:\/\/gysfm.com.ar\/inicio\/wp-json\/wp\/v2\/posts\/209914","targetHints":{"allow":["GET"]}}],"collection":[{"href":"https:\/\/gysfm.com.ar\/inicio\/wp-json\/wp\/v2\/posts"}],"about":[{"href":"https:\/\/gysfm.com.ar\/inicio\/wp-json\/wp\/v2\/types\/post"}],"author":[{"embeddable":true,"href":"https:\/\/gysfm.com.ar\/inicio\/wp-json\/wp\/v2\/users\/2"}],"replies":[{"embeddable":true,"href":"https:\/\/gysfm.com.ar\/inicio\/wp-json\/wp\/v2\/comments?post=209914"}],"version-history":[{"count":1,"href":"https:\/\/gysfm.com.ar\/inicio\/wp-json\/wp\/v2\/posts\/209914\/revisions"}],"predecessor-version":[{"id":209916,"href":"https:\/\/gysfm.com.ar\/inicio\/wp-json\/wp\/v2\/posts\/209914\/revisions\/209916"}],"wp:featuredmedia":[{"embeddable":true,"href":"https:\/\/gysfm.com.ar\/inicio\/wp-json\/wp\/v2\/media\/209915"}],"wp:attachment":[{"href":"https:\/\/gysfm.com.ar\/inicio\/wp-json\/wp\/v2\/media?parent=209914"}],"wp:term":[{"taxonomy":"category","embeddable":true,"href":"https:\/\/gysfm.com.ar\/inicio\/wp-json\/wp\/v2\/categories?post=209914"},{"taxonomy":"post_tag","embeddable":true,"href":"https:\/\/gysfm.com.ar\/inicio\/wp-json\/wp\/v2\/tags?post=209914"}],"curies":[{"name":"wp","href":"https:\/\/api.w.org\/{rel}","templated":true}]}}