{"id":209911,"date":"2026-08-31T01:42:15","date_gmt":"2026-08-31T04:42:15","guid":{"rendered":"https:\/\/gysfm.com.ar\/inicio\/entre-la-esperanza-de-libertad-y-el-costo-del-petroleo-la-reaccion-de-los-venezolanos-al-acuerdo-con-trump\/"},"modified":"2026-08-31T01:42:16","modified_gmt":"2026-08-31T04:42:16","slug":"entre-la-esperanza-de-libertad-y-el-costo-del-petroleo-la-reaccion-de-los-venezolanos-al-acuerdo-con-trump","status":"publish","type":"post","link":"https:\/\/gysfm.com.ar\/inicio\/entre-la-esperanza-de-libertad-y-el-costo-del-petroleo-la-reaccion-de-los-venezolanos-al-acuerdo-con-trump\/","title":{"rendered":"Entre la esperanza de libertad y el costo del petr\u00f3leo: la reacci\u00f3n de los venezolanos al acuerdo con Trump"},"content":{"rendered":"<p> <br \/>\n<\/p>\n<div>\n<p class=\"com-paragraph --capital --s\">BOGOT\u00c1.\u2013 Muchos venezolanos sospechaban que <strong>habr\u00eda un precio que pagar por la audaz captura del presidente <\/strong><a href=\"https:\/\/www.lanacion.com.ar\/estados-unidos\/a-los-norteamericanos-les-quedan-solo-un-par-de-meses-para-salvar-su-democracia-nid29082026\/\" target=\"_self\" title=\"https:\/\/www.lanacion.com.ar\/estados-unidos\/a-los-norteamericanos-les-quedan-solo-un-par-de-meses-para-salvar-su-democracia-nid29082026\/\" class=\"com-link break-word\" data-mrf-recirculation=\"n_link_parrafo\"><strong>Donald Trump<\/strong><\/a><strong> de su l\u00edder autocr\u00e1tico, <\/strong><a href=\"https:\/\/www.lanacion.com.ar\/el-mundo\/nicolas-maduro-reaparecio-y-publico-fotos-desde-la-carcel-en-nueva-york-pequeno-regalo-de-amor-y-nid30082026\/\" target=\"_self\" title=\"https:\/\/www.lanacion.com.ar\/el-mundo\/nicolas-maduro-reaparecio-y-publico-fotos-desde-la-carcel-en-nueva-york-pequeno-regalo-de-amor-y-nid30082026\/\" class=\"com-link break-word\" data-mrf-recirculation=\"n_link_parrafo\"><strong>Nicol\u00e1s Maduro<\/strong><\/a>, quien fue detenido por fuerzas estadounidenses en enero.<\/p>\n<p class=\"com-paragraph --s\">El viernes, ese costo qued\u00f3 claro cuando <a href=\"https:\/\/www.lanacion.com.ar\/estados-unidos\/eeuu-se-acerca-a-un-acuerdo-para-asegurarse-un-vasto-acceso-a-las-reservas-de-petroleo-de-venezuela-nid28082026\/\" target=\"_self\" title=\"https:\/\/www.lanacion.com.ar\/estados-unidos\/eeuu-se-acerca-a-un-acuerdo-para-asegurarse-un-vasto-acceso-a-las-reservas-de-petroleo-de-venezuela-nid28082026\/\" class=\"com-link break-word\" data-mrf-recirculation=\"n_link_parrafo\"><strong>Trump anunci\u00f3 que Estados Unidos asumir\u00eda el control mayoritario de una enorme parte de las reservas de petr\u00f3leo de Venezuela<\/strong><\/a>, recursos nacionales considerados durante mucho tiempo por muchos venezolanos como un derecho de nacimiento.<\/p>\n<p class=\"com-paragraph --s\">Para el s\u00e1bado, muchos venezolanos se preguntaban si estaban dispuestos a pagar ese precio. Hasta ahora, <strong>la salida del poder del aut\u00f3crata impulsada por Estados Unidos ha hecho poco por cambiar el pa\u00eds<\/strong>: la <strong>sucesora de Maduro, Delcy Rodr\u00edguez, sigue en el poder<\/strong>, mientras millones de venezolanos contin\u00faan sumidos en la pobreza, los apagones siguen afectando al pa\u00eds y todav\u00eda <strong>no se fij\u00f3 una fecha para las elecciones<\/strong>.<\/p>\n<p class=\"com-paragraph --s\">El nuevo<strong> acuerdo podr\u00eda generar grandes inversiones<\/strong>. Pero muchos <strong>venezolanos quieren un cambio econ\u00f3mico y pol\u00edtico general<\/strong>. El<strong> pacto no garantiza ninguna de las dos cosas<\/strong> y podr\u00eda profundizar la relaci\u00f3n entre Trump y Rodr\u00edguez, afianz\u00e1ndola a\u00fan m\u00e1s en el poder.<\/p>\n<div class=\"content-media\">\n<section role=\"button\" class=\"mod-media   \">\n<figure role=\"button\" tabindex=\"0\" class=\"mod-figure \"><figcaption class=\"mod-figcaption\"><span class=\"com-text --caption --twoxs\">El anuncio de Trump en Truth Sociao sobre el petr\u00f3leo venezolano<\/span><\/figcaption><\/figure>\n<\/section>\n<\/div>\n<p class=\"com-paragraph --s\">En Valencia, a unas dos horas de la capital, Caracas, Jos\u00e9 Leal, de 68 a\u00f1os, un educador jubilado, dijo que los <strong>100.000 millones de d\u00f3lares de inversi\u00f3n estadounidense prometidos parec\u00edan una cifra peque\u00f1a en comparaci\u00f3n con los 65.000 millones de barriles de petr\u00f3leo que Venezuela estaba cediendo<\/strong>. Pero despu\u00e9s de d\u00e9cadas bajo un gobierno represivo, estaba dispuesto a aceptar el acuerdo y esperar que Trump presionara para lograr un cambio democr\u00e1tico.<\/p>\n<p class=\"com-paragraph --s\"><strong>\u201cObviamente, Estados Unidos sale ganando, y enormemente\u201d<\/strong>, dijo. Pero \u201clos estadounidenses tienen el poder\u201d, se\u00f1al\u00f3, y <strong>sin ellos \u201cno vamos a poder liberarnos del socialismo de Ch\u00e1vez y Maduro<\/strong>. Sin ellos, seguiremos atrapados como Cuba, China o Corea del Norte\u201d.<\/p>\n<p class=\"com-paragraph --s\">\u201cNo es que me encante, ni siquiera que me guste\u201d, dijo sobre el acuerdo. \u201c<strong>Lo considero un mal necesario<\/strong>. Si logramos escapar de todo este desastre \u2014que nosotros hemos soportado durante 27 a\u00f1os y los cubanos durante 68\u2014, si logramos salir de este l\u00edo, entonces, aunque no me guste, habr\u00e1 valido la pena\u201d.<\/p>\n<div class=\"content-media\">\n<section role=\"button\" class=\"mod-media   \">\n<figure role=\"button\" tabindex=\"0\" class=\"mod-figure \"><figcaption class=\"mod-figcaption\"><span class=\"com-text --caption --twoxs\">El pacto contempla una fuerte participaci\u00f3n estadounidense en uno de los mayores reservorios de crudo del mundo<\/span><span class=\"com-text --credit --twoxs\">Pedro Mattey &#8211; AP<\/span><\/figcaption><\/figure>\n<\/section>\n<\/div>\n<p class=\"com-paragraph --s\">Otros no eran tan optimistas. El gobierno venezolano tiene una larga historia de otorgar contratos beneficiosos a personas ricas y bien conectadas, conocidas dentro del pa\u00eds como \u201cenchufados\u201d, mientras los venezolanos de a pie sufren. El<strong> anuncio de Trump del viernes no incluy\u00f3 ninguna menci\u00f3n a una transici\u00f3n democr\u00e1tica<\/strong>.<\/p>\n<p class=\"com-paragraph --s\">Un meme comenz\u00f3 a circular por la regi\u00f3n casi inmediatamente despu\u00e9s de que se anunciara el acuerdo. \u201cQuiero que se deshagan del chavismo\u201d, dice un hombre venezolano en una caricatura, en referencia al movimiento de Maduro, \u201cy nos dejen nuestro petr\u00f3leo\u201d.<\/p>\n<p class=\"com-paragraph --s\">En otra vi\u00f1eta, un Trump caricaturizado responde: <strong>\u201c\u00a1Quedarse con el petr\u00f3leo y dejarles el chavismo! \u00a1Entendido!\u201d<\/strong>.<\/p>\n<p><h2 class=\"font-primary font-w-bold text-subheading-lg text-left container-center-100 mb-8\"><span>El crudo como pilar de la ideolog\u00eda chavista<\/span><\/h2>\n<\/p>\n<p class=\"com-paragraph --s\">Venezuela, que contiene algunas de las mayores reservas de petr\u00f3leo del mundo, nacionaliz\u00f3 esos recursos en la d\u00e9cada de 1970. El <strong>control soberano de los yacimientos se convirti\u00f3 luego en un pilar central de la ideolog\u00eda del gobierno socialista<\/strong> fundado por el expresidente Hugo Ch\u00e1vez.<\/p>\n<p class=\"com-paragraph --s\">La <strong>decisi\u00f3n de Rodr\u00edguez de entregar gran parte de ese petr\u00f3leo al gobierno estadounidense represent\u00f3 un giro extraordinario<\/strong>, algo que pocos venezolanos podr\u00edan haber imaginado antes del ataque de enero.<\/p>\n<p class=\"com-paragraph --s\">Ese cambio de rumbo qued\u00f3 de manifiesto en un comunicado difundido el s\u00e1bado por el Partido Socialista Unido de Venezuela, el partido de Rodr\u00edguez, que afirm\u00f3 que, \u201cfiel a su compromiso hist\u00f3rico con la soberan\u00eda nacional\u201d, extend\u00eda todo su apoyo al acuerdo y a las decisiones tomadas por la \u201ccamarada Delcy Rodr\u00edguez\u201d.<\/p>\n<div class=\"content-media\">\n<section role=\"button\" class=\"mod-media   \">\n<figure role=\"button\" tabindex=\"0\" class=\"mod-figure \"><figcaption class=\"mod-figcaption\"><span class=\"com-text --caption --twoxs\">El logo que circul\u00f3 en redes sociales tras el acuerdo de Rodr\u00edguez con Trump<\/span><\/figcaption><\/figure>\n<\/section>\n<\/div>\n<p class=\"com-paragraph --s\">La iron\u00eda no pas\u00f3 inadvertida para muchos venezolanos. Un <strong>gobierno que alguna vez se enorgulleci\u00f3 de desafiar a Washington ahora estaba entregando los recursos<\/strong> que se encuentran en el centro de su identidad.<\/p>\n<p class=\"com-paragraph --s\">Otro meme que circulaba en Venezuela modificaba el logotipo de la petrolera estatal PDVSA para convertirlo en \u201cPDUSA\u201d.<\/p>\n<p class=\"com-paragraph --s\">En X,<strong> Rafael Ram\u00edrez, un dirigente chavista<\/strong> y exjefe de PDVSA que ahora vive exiliado, acus\u00f3 a Rodr\u00edguez de <strong>\u201cabrir las puertas a una nueva forma de colonialismo estadounidense\u201d<\/strong>.<\/p>\n<p class=\"com-paragraph --s\">En Maracaibo, una ciudad venezolana que constituye uno de los principales centros de la industria petrolera del pa\u00eds, Dar\u00edo Nava, de 67 a\u00f1os, un exgerente de PDVSA, dijo que se opon\u00eda al acuerdo y que no cre\u00eda que fuera a mejorar su vida.<\/p>\n<p class=\"com-paragraph --s\">\u201cEstados Unidos va a manejar nuestra industria petrolera\u201d, dijo, \u201cy <strong>ah\u00ed se pierde la soberan\u00eda<\/strong>\u201d.<\/p>\n<p class=\"com-paragraph --s\">En Caracas, Carlos Arenas, de 24 a\u00f1os, estudiante universitario, dijo que podr\u00eda estar dispuesto a ceder parte del control del petr\u00f3leo venezolano a cambio de una mejora econ\u00f3mica.<\/p>\n<p class=\"com-paragraph --s\">\u201cSi hubiera un beneficio econ\u00f3mico para el pa\u00eds que eventualmente se tradujera en una mejor calidad de vida para los venezolanos, entonces s\u00ed, estar\u00eda dispuesto\u201d, dijo. \u201cPero no parece ser el caso aqu\u00ed, al menos no inicialmente\u201d.<\/p>\n<p class=\"com-paragraph --s\">\u201cLamentablemente, no parece que vaya a haber un cambio pol\u00edtico en Venezuela en el corto plazo\u201d, agreg\u00f3. <strong>\u201cTrump parece sentirse muy c\u00f3modo con Delcy\u201d<\/strong>.<\/p>\n<p class=\"com-paragraph --s\">La principal dirigente opositora de Venezuela, <strong>Mar\u00eda Corina Machado, hab\u00eda planteado en el pasado la posibilidad de privatizar el sector petrolero<\/strong>. Durante a\u00f1os, la idea fue ridiculizada por el partido de Rodr\u00edguez. Y fue tan controvertida que Machado no la convirti\u00f3 en un eje central de su plataforma en las elecciones presidenciales de 2024.<\/p>\n<p class=\"com-paragraph --s\">El s\u00e1bado, Walter Molina, un destacado partidario de Machado, dijo en X que <strong>\u201clos venezolanos siempre supieron que nuestra libertad tendr\u00eda un costo\u201d<\/strong>.<\/p>\n<p class=\"com-paragraph --s\"><strong>\u201cSi ese precio son 65.000 millones de barriles a lo largo de d\u00e9cadas, que as\u00ed sea\u201d<\/strong>, afirm\u00f3. \u201cPero que sea solamente eso: el precio de nuestra libertad. <strong>No el precio que pagamos para mantener en el poder, de facto, a una tiran\u00eda criminal, solo que ahora arrodillada ante Estados Unidos<\/strong>\u201d.<\/p>\n<section class=\"container-center-100 mb-40 border border-bottom border-thin border-neutral-light-700\">\n<hr\/>\n<\/section>\n<\/div>\n<p><script id=\"facebookpixel\" defer=\"\" type=\"text\/javascript\">\n        !function(f,b,e,v,n,t,s)\n        {if(f.fbq)return;n=f.fbq=function(){n.callMethod?\n        n.callMethod.apply(n,arguments):n.queue.push(arguments)};\n        if(!f._fbq)f._fbq=n;n.push=n;n.loaded=!0;n.version='2.0';\n        n.queue=[];t=b.createElement(e);t.async=!0;\n        t.src=v;s=b.getElementsByTagName(e)[0];\n        s.parentNode.insertBefore(t,s)}(window, document,'script',\n        'https:\/\/connect.facebook.net\/en_US\/fbevents.js');\n        fbq('init', '492459597522335');\n        fbq('track', 'PageView');\n    <\/script><br \/>\n<br \/><\/p>\n","protected":false},"excerpt":{"rendered":"<p>BOGOT\u00c1.\u2013 Muchos venezolanos sospechaban que habr\u00eda un precio que pagar por la audaz captura del presidente Donald Trump de su l\u00edder autocr\u00e1tico, Nicol\u00e1s Maduro, quien fue detenido por fuerzas estadounidenses en enero. El viernes, ese costo qued\u00f3 claro cuando Trump anunci\u00f3 que Estados Unidos asumir\u00eda el control mayoritario de una enorme parte de las reservas [&hellip;]<\/p>\n","protected":false},"author":2,"featured_media":209912,"comment_status":"closed","ping_status":"closed","sticky":false,"template":"","format":"standard","meta":{"footnotes":""},"categories":[26],"tags":[],"class_list":["post-209911","post","type-post","status-publish","format-standard","has-post-thumbnail","hentry","category-internacionales"],"yoast_head":"<!-- This site is optimized with the Yoast SEO plugin v24.4 - https:\/\/yoast.com\/wordpress\/plugins\/seo\/ -->\n<title>Entre la esperanza de libertad y el costo del petr\u00f3leo: la reacci\u00f3n de los venezolanos al acuerdo con Trump - GYS NOTICIAS |<\/title>\n<meta name=\"robots\" content=\"index, follow, max-snippet:-1, max-image-preview:large, max-video-preview:-1\" \/>\n<link rel=\"canonical\" href=\"https:\/\/gysfm.com.ar\/inicio\/entre-la-esperanza-de-libertad-y-el-costo-del-petroleo-la-reaccion-de-los-venezolanos-al-acuerdo-con-trump\/\" \/>\n<meta property=\"og:locale\" content=\"es_ES\" \/>\n<meta property=\"og:type\" content=\"article\" \/>\n<meta property=\"og:title\" content=\"Entre la esperanza de libertad y el costo del petr\u00f3leo: la reacci\u00f3n de los venezolanos al acuerdo con Trump - GYS NOTICIAS |\" \/>\n<meta property=\"og:description\" content=\"BOGOT\u00c1.\u2013 Muchos venezolanos sospechaban que habr\u00eda un precio que pagar por la audaz captura del presidente Donald Trump de su l\u00edder autocr\u00e1tico, Nicol\u00e1s Maduro, quien fue detenido por fuerzas estadounidenses en enero. El viernes, ese costo qued\u00f3 claro cuando Trump anunci\u00f3 que Estados Unidos asumir\u00eda el control mayoritario de una enorme parte de las reservas [&hellip;]\" \/>\n<meta property=\"og:url\" content=\"https:\/\/gysfm.com.ar\/inicio\/entre-la-esperanza-de-libertad-y-el-costo-del-petroleo-la-reaccion-de-los-venezolanos-al-acuerdo-con-trump\/\" \/>\n<meta property=\"og:site_name\" content=\"GYS NOTICIAS |\" \/>\n<meta property=\"article:published_time\" content=\"2026-08-31T04:42:15+00:00\" \/>\n<meta property=\"article:modified_time\" content=\"2026-08-31T04:42:16+00:00\" \/>\n<meta property=\"og:image\" content=\"https:\/\/gysfm.com.ar\/inicio\/wp-content\/uploads\/2026\/08\/caracas-confirmo-que-venezuela-habia-firmado-un-PNHFHA4APJB73NC7JD2DROJ2ZU.JPG\" \/>\n\t<meta property=\"og:image:width\" content=\"1200\" \/>\n\t<meta property=\"og:image:height\" content=\"800\" \/>\n\t<meta property=\"og:image:type\" content=\"image\/jpeg\" \/>\n<meta name=\"author\" content=\"Prensa G&amp;S FM\" \/>\n<meta name=\"twitter:card\" content=\"summary_large_image\" \/>\n<meta name=\"twitter:label1\" content=\"Escrito por\" \/>\n\t<meta name=\"twitter:data1\" content=\"Prensa G&amp;S FM\" \/>\n\t<meta name=\"twitter:label2\" content=\"Tiempo de lectura\" \/>\n\t<meta name=\"twitter:data2\" content=\"5 minutos\" \/>\n<script type=\"application\/ld+json\" class=\"yoast-schema-graph\">{\"@context\":\"https:\/\/schema.org\",\"@graph\":[{\"@type\":\"Article\",\"@id\":\"https:\/\/gysfm.com.ar\/inicio\/entre-la-esperanza-de-libertad-y-el-costo-del-petroleo-la-reaccion-de-los-venezolanos-al-acuerdo-con-trump\/#article\",\"isPartOf\":{\"@id\":\"https:\/\/gysfm.com.ar\/inicio\/entre-la-esperanza-de-libertad-y-el-costo-del-petroleo-la-reaccion-de-los-venezolanos-al-acuerdo-con-trump\/\"},\"author\":{\"name\":\"Prensa G&amp;S FM\",\"@id\":\"https:\/\/gysfm.com.ar\/inicio\/#\/schema\/person\/3abba7593ef2ad19e1be221d54383dc5\"},\"headline\":\"Entre la esperanza de libertad y el costo del petr\u00f3leo: la reacci\u00f3n de los venezolanos al acuerdo con Trump\",\"datePublished\":\"2026-08-31T04:42:15+00:00\",\"dateModified\":\"2026-08-31T04:42:16+00:00\",\"mainEntityOfPage\":{\"@id\":\"https:\/\/gysfm.com.ar\/inicio\/entre-la-esperanza-de-libertad-y-el-costo-del-petroleo-la-reaccion-de-los-venezolanos-al-acuerdo-con-trump\/\"},\"wordCount\":1089,\"publisher\":{\"@id\":\"https:\/\/gysfm.com.ar\/inicio\/#organization\"},\"image\":{\"@id\":\"https:\/\/gysfm.com.ar\/inicio\/entre-la-esperanza-de-libertad-y-el-costo-del-petroleo-la-reaccion-de-los-venezolanos-al-acuerdo-con-trump\/#primaryimage\"},\"thumbnailUrl\":\"https:\/\/gysfm.com.ar\/inicio\/wp-content\/uploads\/2026\/08\/caracas-confirmo-que-venezuela-habia-firmado-un-PNHFHA4APJB73NC7JD2DROJ2ZU.JPG\",\"articleSection\":[\"INTERNACIONALES\"],\"inLanguage\":\"es\"},{\"@type\":\"WebPage\",\"@id\":\"https:\/\/gysfm.com.ar\/inicio\/entre-la-esperanza-de-libertad-y-el-costo-del-petroleo-la-reaccion-de-los-venezolanos-al-acuerdo-con-trump\/\",\"url\":\"https:\/\/gysfm.com.ar\/inicio\/entre-la-esperanza-de-libertad-y-el-costo-del-petroleo-la-reaccion-de-los-venezolanos-al-acuerdo-con-trump\/\",\"name\":\"Entre la esperanza de libertad y el costo del petr\u00f3leo: la reacci\u00f3n de los venezolanos al acuerdo con Trump - GYS NOTICIAS |\",\"isPartOf\":{\"@id\":\"https:\/\/gysfm.com.ar\/inicio\/#website\"},\"primaryImageOfPage\":{\"@id\":\"https:\/\/gysfm.com.ar\/inicio\/entre-la-esperanza-de-libertad-y-el-costo-del-petroleo-la-reaccion-de-los-venezolanos-al-acuerdo-con-trump\/#primaryimage\"},\"image\":{\"@id\":\"https:\/\/gysfm.com.ar\/inicio\/entre-la-esperanza-de-libertad-y-el-costo-del-petroleo-la-reaccion-de-los-venezolanos-al-acuerdo-con-trump\/#primaryimage\"},\"thumbnailUrl\":\"https:\/\/gysfm.com.ar\/inicio\/wp-content\/uploads\/2026\/08\/caracas-confirmo-que-venezuela-habia-firmado-un-PNHFHA4APJB73NC7JD2DROJ2ZU.JPG\",\"datePublished\":\"2026-08-31T04:42:15+00:00\",\"dateModified\":\"2026-08-31T04:42:16+00:00\",\"breadcrumb\":{\"@id\":\"https:\/\/gysfm.com.ar\/inicio\/entre-la-esperanza-de-libertad-y-el-costo-del-petroleo-la-reaccion-de-los-venezolanos-al-acuerdo-con-trump\/#breadcrumb\"},\"inLanguage\":\"es\",\"potentialAction\":[{\"@type\":\"ReadAction\",\"target\":[\"https:\/\/gysfm.com.ar\/inicio\/entre-la-esperanza-de-libertad-y-el-costo-del-petroleo-la-reaccion-de-los-venezolanos-al-acuerdo-con-trump\/\"]}]},{\"@type\":\"ImageObject\",\"inLanguage\":\"es\",\"@id\":\"https:\/\/gysfm.com.ar\/inicio\/entre-la-esperanza-de-libertad-y-el-costo-del-petroleo-la-reaccion-de-los-venezolanos-al-acuerdo-con-trump\/#primaryimage\",\"url\":\"https:\/\/gysfm.com.ar\/inicio\/wp-content\/uploads\/2026\/08\/caracas-confirmo-que-venezuela-habia-firmado-un-PNHFHA4APJB73NC7JD2DROJ2ZU.JPG\",\"contentUrl\":\"https:\/\/gysfm.com.ar\/inicio\/wp-content\/uploads\/2026\/08\/caracas-confirmo-que-venezuela-habia-firmado-un-PNHFHA4APJB73NC7JD2DROJ2ZU.JPG\",\"width\":1200,\"height\":800},{\"@type\":\"BreadcrumbList\",\"@id\":\"https:\/\/gysfm.com.ar\/inicio\/entre-la-esperanza-de-libertad-y-el-costo-del-petroleo-la-reaccion-de-los-venezolanos-al-acuerdo-con-trump\/#breadcrumb\",\"itemListElement\":[{\"@type\":\"ListItem\",\"position\":1,\"name\":\"Portada\",\"item\":\"https:\/\/gysfm.com.ar\/inicio\/\"},{\"@type\":\"ListItem\",\"position\":2,\"name\":\"Entre la esperanza de libertad y el costo del petr\u00f3leo: la reacci\u00f3n de los venezolanos al acuerdo con Trump\"}]},{\"@type\":\"WebSite\",\"@id\":\"https:\/\/gysfm.com.ar\/inicio\/#website\",\"url\":\"https:\/\/gysfm.com.ar\/inicio\/\",\"name\":\"GYS NOTICIAS |\",\"description\":\"DIARIO - RADIO ONLINE SAN JUAN ARGENTINA\",\"publisher\":{\"@id\":\"https:\/\/gysfm.com.ar\/inicio\/#organization\"},\"potentialAction\":[{\"@type\":\"SearchAction\",\"target\":{\"@type\":\"EntryPoint\",\"urlTemplate\":\"https:\/\/gysfm.com.ar\/inicio\/?s={search_term_string}\"},\"query-input\":{\"@type\":\"PropertyValueSpecification\",\"valueRequired\":true,\"valueName\":\"search_term_string\"}}],\"inLanguage\":\"es\"},{\"@type\":\"Organization\",\"@id\":\"https:\/\/gysfm.com.ar\/inicio\/#organization\",\"name\":\"GYS NOTICIAS |\",\"url\":\"https:\/\/gysfm.com.ar\/inicio\/\",\"logo\":{\"@type\":\"ImageObject\",\"inLanguage\":\"es\",\"@id\":\"https:\/\/gysfm.com.ar\/inicio\/#\/schema\/logo\/image\/\",\"url\":\"https:\/\/gysfm.com.ar\/inicio\/wp-content\/uploads\/2023\/07\/LOGOGYS-OK.png\",\"contentUrl\":\"https:\/\/gysfm.com.ar\/inicio\/wp-content\/uploads\/2023\/07\/LOGOGYS-OK.png\",\"width\":1170,\"height\":872,\"caption\":\"GYS NOTICIAS |\"},\"image\":{\"@id\":\"https:\/\/gysfm.com.ar\/inicio\/#\/schema\/logo\/image\/\"}},{\"@type\":\"Person\",\"@id\":\"https:\/\/gysfm.com.ar\/inicio\/#\/schema\/person\/3abba7593ef2ad19e1be221d54383dc5\",\"name\":\"Prensa G&amp;S FM\",\"image\":{\"@type\":\"ImageObject\",\"inLanguage\":\"es\",\"@id\":\"https:\/\/gysfm.com.ar\/inicio\/#\/schema\/person\/image\/\",\"url\":\"https:\/\/secure.gravatar.com\/avatar\/096ec78df02049ab018702bb4ccedf659377fa92a26540b5247612077a0dbd29?s=96&d=mm&r=g\",\"contentUrl\":\"https:\/\/secure.gravatar.com\/avatar\/096ec78df02049ab018702bb4ccedf659377fa92a26540b5247612077a0dbd29?s=96&d=mm&r=g\",\"caption\":\"Prensa G&amp;S FM\"},\"sameAs\":[\"https:\/\/gysfm.com.ar\/\"],\"url\":\"https:\/\/gysfm.com.ar\/inicio\/author\/lucasm\/\"}]}<\/script>\n<!-- \/ Yoast SEO plugin. -->","yoast_head_json":{"title":"Entre la esperanza de libertad y el costo del petr\u00f3leo: la reacci\u00f3n de los venezolanos al acuerdo con Trump - GYS NOTICIAS |","robots":{"index":"index","follow":"follow","max-snippet":"max-snippet:-1","max-image-preview":"max-image-preview:large","max-video-preview":"max-video-preview:-1"},"canonical":"https:\/\/gysfm.com.ar\/inicio\/entre-la-esperanza-de-libertad-y-el-costo-del-petroleo-la-reaccion-de-los-venezolanos-al-acuerdo-con-trump\/","og_locale":"es_ES","og_type":"article","og_title":"Entre la esperanza de libertad y el costo del petr\u00f3leo: la reacci\u00f3n de los venezolanos al acuerdo con Trump - GYS NOTICIAS |","og_description":"BOGOT\u00c1.\u2013 Muchos venezolanos sospechaban que habr\u00eda un precio que pagar por la audaz captura del presidente Donald Trump de su l\u00edder autocr\u00e1tico, Nicol\u00e1s Maduro, quien fue detenido por fuerzas estadounidenses en enero. El viernes, ese costo qued\u00f3 claro cuando Trump anunci\u00f3 que Estados Unidos asumir\u00eda el control mayoritario de una enorme parte de las reservas [&hellip;]","og_url":"https:\/\/gysfm.com.ar\/inicio\/entre-la-esperanza-de-libertad-y-el-costo-del-petroleo-la-reaccion-de-los-venezolanos-al-acuerdo-con-trump\/","og_site_name":"GYS NOTICIAS |","article_published_time":"2026-08-31T04:42:15+00:00","article_modified_time":"2026-08-31T04:42:16+00:00","og_image":[{"width":1200,"height":800,"url":"https:\/\/gysfm.com.ar\/inicio\/wp-content\/uploads\/2026\/08\/caracas-confirmo-que-venezuela-habia-firmado-un-PNHFHA4APJB73NC7JD2DROJ2ZU.JPG","type":"image\/jpeg"}],"author":"Prensa G&amp;S FM","twitter_card":"summary_large_image","twitter_misc":{"Escrito por":"Prensa G&amp;S FM","Tiempo de lectura":"5 minutos"},"schema":{"@context":"https:\/\/schema.org","@graph":[{"@type":"Article","@id":"https:\/\/gysfm.com.ar\/inicio\/entre-la-esperanza-de-libertad-y-el-costo-del-petroleo-la-reaccion-de-los-venezolanos-al-acuerdo-con-trump\/#article","isPartOf":{"@id":"https:\/\/gysfm.com.ar\/inicio\/entre-la-esperanza-de-libertad-y-el-costo-del-petroleo-la-reaccion-de-los-venezolanos-al-acuerdo-con-trump\/"},"author":{"name":"Prensa G&amp;S FM","@id":"https:\/\/gysfm.com.ar\/inicio\/#\/schema\/person\/3abba7593ef2ad19e1be221d54383dc5"},"headline":"Entre la esperanza de libertad y el costo del petr\u00f3leo: la reacci\u00f3n de los venezolanos al acuerdo con Trump","datePublished":"2026-08-31T04:42:15+00:00","dateModified":"2026-08-31T04:42:16+00:00","mainEntityOfPage":{"@id":"https:\/\/gysfm.com.ar\/inicio\/entre-la-esperanza-de-libertad-y-el-costo-del-petroleo-la-reaccion-de-los-venezolanos-al-acuerdo-con-trump\/"},"wordCount":1089,"publisher":{"@id":"https:\/\/gysfm.com.ar\/inicio\/#organization"},"image":{"@id":"https:\/\/gysfm.com.ar\/inicio\/entre-la-esperanza-de-libertad-y-el-costo-del-petroleo-la-reaccion-de-los-venezolanos-al-acuerdo-con-trump\/#primaryimage"},"thumbnailUrl":"https:\/\/gysfm.com.ar\/inicio\/wp-content\/uploads\/2026\/08\/caracas-confirmo-que-venezuela-habia-firmado-un-PNHFHA4APJB73NC7JD2DROJ2ZU.JPG","articleSection":["INTERNACIONALES"],"inLanguage":"es"},{"@type":"WebPage","@id":"https:\/\/gysfm.com.ar\/inicio\/entre-la-esperanza-de-libertad-y-el-costo-del-petroleo-la-reaccion-de-los-venezolanos-al-acuerdo-con-trump\/","url":"https:\/\/gysfm.com.ar\/inicio\/entre-la-esperanza-de-libertad-y-el-costo-del-petroleo-la-reaccion-de-los-venezolanos-al-acuerdo-con-trump\/","name":"Entre la esperanza de libertad y el costo del petr\u00f3leo: la reacci\u00f3n de los venezolanos al acuerdo con Trump - GYS NOTICIAS |","isPartOf":{"@id":"https:\/\/gysfm.com.ar\/inicio\/#website"},"primaryImageOfPage":{"@id":"https:\/\/gysfm.com.ar\/inicio\/entre-la-esperanza-de-libertad-y-el-costo-del-petroleo-la-reaccion-de-los-venezolanos-al-acuerdo-con-trump\/#primaryimage"},"image":{"@id":"https:\/\/gysfm.com.ar\/inicio\/entre-la-esperanza-de-libertad-y-el-costo-del-petroleo-la-reaccion-de-los-venezolanos-al-acuerdo-con-trump\/#primaryimage"},"thumbnailUrl":"https:\/\/gysfm.com.ar\/inicio\/wp-content\/uploads\/2026\/08\/caracas-confirmo-que-venezuela-habia-firmado-un-PNHFHA4APJB73NC7JD2DROJ2ZU.JPG","datePublished":"2026-08-31T04:42:15+00:00","dateModified":"2026-08-31T04:42:16+00:00","breadcrumb":{"@id":"https:\/\/gysfm.com.ar\/inicio\/entre-la-esperanza-de-libertad-y-el-costo-del-petroleo-la-reaccion-de-los-venezolanos-al-acuerdo-con-trump\/#breadcrumb"},"inLanguage":"es","potentialAction":[{"@type":"ReadAction","target":["https:\/\/gysfm.com.ar\/inicio\/entre-la-esperanza-de-libertad-y-el-costo-del-petroleo-la-reaccion-de-los-venezolanos-al-acuerdo-con-trump\/"]}]},{"@type":"ImageObject","inLanguage":"es","@id":"https:\/\/gysfm.com.ar\/inicio\/entre-la-esperanza-de-libertad-y-el-costo-del-petroleo-la-reaccion-de-los-venezolanos-al-acuerdo-con-trump\/#primaryimage","url":"https:\/\/gysfm.com.ar\/inicio\/wp-content\/uploads\/2026\/08\/caracas-confirmo-que-venezuela-habia-firmado-un-PNHFHA4APJB73NC7JD2DROJ2ZU.JPG","contentUrl":"https:\/\/gysfm.com.ar\/inicio\/wp-content\/uploads\/2026\/08\/caracas-confirmo-que-venezuela-habia-firmado-un-PNHFHA4APJB73NC7JD2DROJ2ZU.JPG","width":1200,"height":800},{"@type":"BreadcrumbList","@id":"https:\/\/gysfm.com.ar\/inicio\/entre-la-esperanza-de-libertad-y-el-costo-del-petroleo-la-reaccion-de-los-venezolanos-al-acuerdo-con-trump\/#breadcrumb","itemListElement":[{"@type":"ListItem","position":1,"name":"Portada","item":"https:\/\/gysfm.com.ar\/inicio\/"},{"@type":"ListItem","position":2,"name":"Entre la esperanza de libertad y el costo del petr\u00f3leo: la reacci\u00f3n de los venezolanos al acuerdo con Trump"}]},{"@type":"WebSite","@id":"https:\/\/gysfm.com.ar\/inicio\/#website","url":"https:\/\/gysfm.com.ar\/inicio\/","name":"GYS NOTICIAS |","description":"DIARIO - RADIO ONLINE SAN JUAN ARGENTINA","publisher":{"@id":"https:\/\/gysfm.com.ar\/inicio\/#organization"},"potentialAction":[{"@type":"SearchAction","target":{"@type":"EntryPoint","urlTemplate":"https:\/\/gysfm.com.ar\/inicio\/?s={search_term_string}"},"query-input":{"@type":"PropertyValueSpecification","valueRequired":true,"valueName":"search_term_string"}}],"inLanguage":"es"},{"@type":"Organization","@id":"https:\/\/gysfm.com.ar\/inicio\/#organization","name":"GYS NOTICIAS |","url":"https:\/\/gysfm.com.ar\/inicio\/","logo":{"@type":"ImageObject","inLanguage":"es","@id":"https:\/\/gysfm.com.ar\/inicio\/#\/schema\/logo\/image\/","url":"https:\/\/gysfm.com.ar\/inicio\/wp-content\/uploads\/2023\/07\/LOGOGYS-OK.png","contentUrl":"https:\/\/gysfm.com.ar\/inicio\/wp-content\/uploads\/2023\/07\/LOGOGYS-OK.png","width":1170,"height":872,"caption":"GYS NOTICIAS |"},"image":{"@id":"https:\/\/gysfm.com.ar\/inicio\/#\/schema\/logo\/image\/"}},{"@type":"Person","@id":"https:\/\/gysfm.com.ar\/inicio\/#\/schema\/person\/3abba7593ef2ad19e1be221d54383dc5","name":"Prensa G&amp;S FM","image":{"@type":"ImageObject","inLanguage":"es","@id":"https:\/\/gysfm.com.ar\/inicio\/#\/schema\/person\/image\/","url":"https:\/\/secure.gravatar.com\/avatar\/096ec78df02049ab018702bb4ccedf659377fa92a26540b5247612077a0dbd29?s=96&d=mm&r=g","contentUrl":"https:\/\/secure.gravatar.com\/avatar\/096ec78df02049ab018702bb4ccedf659377fa92a26540b5247612077a0dbd29?s=96&d=mm&r=g","caption":"Prensa G&amp;S FM"},"sameAs":["https:\/\/gysfm.com.ar\/"],"url":"https:\/\/gysfm.com.ar\/inicio\/author\/lucasm\/"}]}},"_links":{"self":[{"href":"https:\/\/gysfm.com.ar\/inicio\/wp-json\/wp\/v2\/posts\/209911","targetHints":{"allow":["GET"]}}],"collection":[{"href":"https:\/\/gysfm.com.ar\/inicio\/wp-json\/wp\/v2\/posts"}],"about":[{"href":"https:\/\/gysfm.com.ar\/inicio\/wp-json\/wp\/v2\/types\/post"}],"author":[{"embeddable":true,"href":"https:\/\/gysfm.com.ar\/inicio\/wp-json\/wp\/v2\/users\/2"}],"replies":[{"embeddable":true,"href":"https:\/\/gysfm.com.ar\/inicio\/wp-json\/wp\/v2\/comments?post=209911"}],"version-history":[{"count":1,"href":"https:\/\/gysfm.com.ar\/inicio\/wp-json\/wp\/v2\/posts\/209911\/revisions"}],"predecessor-version":[{"id":209913,"href":"https:\/\/gysfm.com.ar\/inicio\/wp-json\/wp\/v2\/posts\/209911\/revisions\/209913"}],"wp:featuredmedia":[{"embeddable":true,"href":"https:\/\/gysfm.com.ar\/inicio\/wp-json\/wp\/v2\/media\/209912"}],"wp:attachment":[{"href":"https:\/\/gysfm.com.ar\/inicio\/wp-json\/wp\/v2\/media?parent=209911"}],"wp:term":[{"taxonomy":"category","embeddable":true,"href":"https:\/\/gysfm.com.ar\/inicio\/wp-json\/wp\/v2\/categories?post=209911"},{"taxonomy":"post_tag","embeddable":true,"href":"https:\/\/gysfm.com.ar\/inicio\/wp-json\/wp\/v2\/tags?post=209911"}],"curies":[{"name":"wp","href":"https:\/\/api.w.org\/{rel}","templated":true}]}}