{"id":209908,"date":"2026-08-31T00:41:16","date_gmt":"2026-08-31T03:41:16","guid":{"rendered":"https:\/\/gysfm.com.ar\/inicio\/se-intensifica-la-batalla-entre-ee-uu-y-canada-por-el-nombre-del-lago-ontario-google-maps-ya-le-cambio-el-nombre\/"},"modified":"2026-08-31T00:41:17","modified_gmt":"2026-08-31T03:41:17","slug":"se-intensifica-la-batalla-entre-ee-uu-y-canada-por-el-nombre-del-lago-ontario-google-maps-ya-le-cambio-el-nombre","status":"publish","type":"post","link":"https:\/\/gysfm.com.ar\/inicio\/se-intensifica-la-batalla-entre-ee-uu-y-canada-por-el-nombre-del-lago-ontario-google-maps-ya-le-cambio-el-nombre\/","title":{"rendered":"Se intensifica la batalla entre EE.UU. y Canad\u00e1 por el nombre del lago Ontario: Google Maps ya le cambi\u00f3 el nombre"},"content":{"rendered":"<p> <br \/>\n<\/p>\n<div>\n<p class=\"com-paragraph --s\"><strong>WASHINGTON.\u2013 Google Maps comenz\u00f3 a mostrar \u201cLago Am\u00e9rica\u201d en lugar de \u201cLago Ontario\u201d para los usuarios ubicados en Estados Unidos<\/strong>, despu\u00e9s de que el presidente Donald Trump ordenara modificar la denominaci\u00f3n oficial utilizada por las agencias federales norteamericanas. <\/p>\n<p class=\"com-paragraph --s\">La decisi\u00f3n abri\u00f3 un nuevo frente de disputa con Canad\u00e1, en medio de una relaci\u00f3n bilateral marcada por los aranceles y una <a href=\"https:\/\/www.lanacion.com.ar\/el-mundo\/canada-desafia-a-estados-unidos-y-anuncia-que-le-impondra-aranceles-de-hasta-un-50-nid25082026\/\" target=\"_self\" title=\"https:\/\/www.lanacion.com.ar\/el-mundo\/canada-desafia-a-estados-unidos-y-anuncia-que-le-impondra-aranceles-de-hasta-un-50-nid25082026\/\" class=\"com-link break-word\" data-mrf-recirculation=\"n_link_parrafo\">creciente tensi\u00f3n pol\u00edtica.<\/a><\/p>\n<div class=\"content-media\">\n<section role=\"button\" class=\"mod-media   \">\n<figure role=\"button\" tabindex=\"0\" class=\"mod-figure \"><figcaption class=\"mod-figcaption\"><span class=\"com-text --caption --twoxs\">El horizonte de Toronto se divisa al otro lado del lago Ontario mientras el primer ministro de Ontario, Doug Ford, habla durante una entrevista previa a la inauguraci\u00f3n de un letrero conmemorativo del lago Ontario en el \u00c1rea de Conservaci\u00f3n Fifty Point en Grimsby, Ontario, Canad\u00e1<\/span><span class=\"com-text --credit --twoxs\">Keito Newman &#8211; The Canadian Press<\/span><\/figcaption><\/figure>\n<\/section>\n<\/div>\n<p class=\"com-paragraph --s\">La <strong>Casa Blanca celebr\u00f3 p\u00fablicamente el cambio<\/strong>. \u201c\u00a1Es oficial! \u00a1Es LAGO AM\u00c9RICA en Google Maps!\u201d, escribi\u00f3 el domingo Steven Cheung, director de comunicaciones de la presidencia estadounidense. Trump hab\u00eda firmado el jueves una orden ejecutiva para modificar \u201cinmediatamente\u201d el nombre del lago, uno de los grandes lagos que forman parte de la frontera entre Estados Unidos y Canad\u00e1.<\/p>\n<p class=\"com-paragraph --s\">Google explic\u00f3 que la modificaci\u00f3n responde a su pol\u00edtica de <strong>alinear los nombres geogr\u00e1ficos con las fuentes oficiales de cada pa\u00eds<\/strong>, en este caso el Sistema de Informaci\u00f3n de Nombres Geogr\u00e1ficos de Estados Unidos (GNIS). Por eso, los usuarios en Canad\u00e1 continuar\u00e1n viendo \u201cLago Ontario\u201d, mientras que quienes consulten la aplicaci\u00f3n desde otros pa\u00edses ver\u00e1n ambas denominaciones. Hasta este domingo, <strong>Apple Maps manten\u00eda sin cambios el nombre tradicional<\/strong>.<\/p>\n<div class=\"content-media\">\n<section role=\"button\" class=\"mod-media   \">\n<figure role=\"button\" tabindex=\"0\" class=\"mod-figure \"><figcaption class=\"mod-figcaption\"><span class=\"com-text --caption --twoxs\">Varias personas se re\u00fanen en un muelle del lago Ontario el 28 de agosto de 2026 en St. Catharines, Canad\u00e1.<\/span><span class=\"com-text --credit --twoxs\">IAN WILLMS &#8211; GETTY IMAGES NORTH AMERICA<\/span><\/figcaption><\/figure>\n<\/section>\n<\/div>\n<p class=\"com-paragraph --s\">El episodio recuerda una decisi\u00f3n adoptada por Trump al comienzo de su segundo mandato, cuando orden\u00f3 rebautizar el <strong>Golfo de M\u00e9xico como \u201cGolfo de Am\u00e9rica\u201d<\/strong> para los usos oficiales estadounidenses. Google y Apple tambi\u00e9n modificaron entonces la visualizaci\u00f3n para sus usuarios en Estados Unidos, pese al rechazo de M\u00e9xico.<\/p>\n<p class=\"com-paragraph --s\">La reacci\u00f3n canadiense fue inmediata. El primer ministro de Ontario, <strong>Doug Ford<\/strong>, calific\u00f3 la medida de \u201ccompletamente absurda\u201d y asegur\u00f3 que \u201cnadie lo va a llamar \u2018Lago Am\u00e9rica\u2019\u201d. Un d\u00eda antes hab\u00eda llevado su rechazo a la orilla canadiense del lago, cerca de Grimsby, donde present\u00f3 un gigantesco cartel de 7,3 por 3,6 metros con la inscripci\u00f3n <strong>\u201cLago Ontario. Ahora y siempre\u201d<\/strong>, tambi\u00e9n escrita en franc\u00e9s.<\/p>\n<p class=\"com-paragraph --s\">Ford afirm\u00f3 que Trump intenta cambiar el nombre porque <strong>Ontario y Canad\u00e1 \u201cse est\u00e1n defendiendo\u201d<\/strong> frente a Washington. \u201cMucho despu\u00e9s de que el presidente Trump se haya ido, seguir\u00e1 llam\u00e1ndose Lago Ontario\u201d, sostuvo en un video difundido en redes sociales.<\/p>\n<div class=\"content-media\">\n<section role=\"button\" class=\"mod-media   \">\n<figure role=\"button\" tabindex=\"0\" class=\"mod-figure \"><figcaption class=\"mod-figcaption\"><span class=\"com-text --caption --twoxs\">La industria pesada, incluyendo la producci\u00f3n de acero y el transporte mar\u00edtimo comercial, se observa en el lago Ontario<\/span><span class=\"com-text --credit --twoxs\">IAN WILLMS &#8211; GETTY IMAGES NORTH AMERICA<\/span><\/figcaption><\/figure>\n<\/section>\n<\/div>\n<p class=\"com-paragraph --s\">Otros dirigentes canadienses optaron por la burla. El primer ministro de Manitoba, <strong>Wab Kinew<\/strong>, compar\u00f3 a Trump con una vieja banda de rock que intenta revivir un \u00e9xito del pasado y relacion\u00f3 la iniciativa con el cambio del nombre del Golfo de M\u00e9xico. El historiador Robert Bothwell, en cambio, advirti\u00f3 que detr\u00e1s de la disputa existe un objetivo m\u00e1s serio: seg\u00fan afirm\u00f3, Trump busca <strong>\u201csubordinar a Canad\u00e1\u201d<\/strong>. Nelson Wiseman, profesor em\u00e9rito de la Universidad de Toronto, sostuvo que el mandatario desear\u00eda que el pa\u00eds vecino actuara como un \u201cestado vasallo\u201d.<\/p>\n<p class=\"com-paragraph --s\">La disputa ocurre despu\u00e9s del <strong>fracaso de nuevas negociaciones comerciales<\/strong> entre ambos pa\u00edses. Washington anunci\u00f3 nuevos aranceles a productos canadienses y Ottawa respondi\u00f3 con grav\u00e1menes propios que entrar\u00e1n en vigor el pr\u00f3ximo mes. Trump, que acusa a Canad\u00e1 de aprovecharse de Estados Unidos en materia comercial y militar, tambi\u00e9n ha sugerido en reiteradas ocasiones que el pa\u00eds deber\u00eda convertirse en el estado n\u00famero 51.<\/p>\n<div class=\"content-media\">\n<section role=\"button\" class=\"mod-media   \">\n<figure role=\"button\" tabindex=\"0\" class=\"mod-figure \"><figcaption class=\"mod-figcaption\"><span class=\"com-text --caption --twoxs\">Una persona fotograf\u00eda embarcaciones en el lago Ontario desde el \u00c1rea de Conservaci\u00f3n Fifty Point en Grimsby, Ontario, Canad\u00e1, el s\u00e1bado 29 de agosto de 2026.<\/span><span class=\"com-text --credit --twoxs\">Keito Newman &#8211; The Canadian Press<\/span><\/figcaption><\/figure>\n<\/section>\n<\/div>\n<p class=\"com-paragraph --s\">La controversia sum\u00f3 adem\u00e1s un <strong>fuerte rechazo de comunidades ind\u00edgenas<\/strong> a ambos lados de la frontera. El nombre Ontario proviene de la palabra hurona <em>oniatar\u00ed<\/em>, que significa \u201clago de aguas brillantes\u201d. La provincia canadiense, fundada en 1867, tom\u00f3 posteriormente su nombre del lago.<\/p>\n<p class=\"com-paragraph --s\">El gran jefe de la <strong>Naci\u00f3n Wendat, Pierre Picard<\/strong>, denunci\u00f3 que la iniciativa supone un intento de borrar la historia ind\u00edgena. \u201cEs inaceptable para nosotros, como naci\u00f3n, tener a un presidente que pueda erradicar nuestra historia, nuestra cultura y nuestra identidad\u201d, se\u00f1al\u00f3.<\/p>\n<p class=\"com-paragraph --s\">Desde Estados Unidos, el presidente de la <strong>Naci\u00f3n Seneca, J. Conrad Seneca<\/strong>, tambi\u00e9n pidi\u00f3 que Trump revoque la medida. Sostuvo que el cambio representa una \u201cflagrante falta de respeto\u201d hacia los pueblos originarios y que viola el <strong>Tratado de Canandaigua de 1794<\/strong>, firmado por George Washington y la Confederaci\u00f3n Haudenosaunee, de la que los seneca forman parte.<\/p>\n<div class=\"content-media\">\n<section role=\"button\" class=\"mod-media   \">\n<figure role=\"button\" tabindex=\"0\" class=\"mod-figure \"><figcaption class=\"mod-figcaption\"><span class=\"com-text --caption --twoxs\">El horizonte de Toronto se divisa al otro lado del lago Ontario mientras el primer ministro de Ontario, Doug Ford, habla durante una entrevista previa a la inauguraci\u00f3n de un letrero conmemorativo del lago Ontario en el \u00c1rea de Conservaci\u00f3n Fifty Point en Grimsby, Ontario, Canad\u00e1<\/span><span class=\"com-text --credit --twoxs\">Keito Newman &#8211; The Canadian Press<\/span><\/figcaption><\/figure>\n<\/section>\n<\/div>\n<p class=\"com-paragraph --s\">\u201cEl presidente no puede atribuirse la propiedad de nuestra cultura ni borrarla mediante una irresponsable acci\u00f3n pol\u00edtica\u201d, afirm\u00f3 Seneca. En la lengua tradicional de su pueblo, record\u00f3, el lago recibe el nombre <strong>\u201csga:nyodai\u201d<\/strong>, que significa \u201clago hermoso\u201d.<\/p>\n<p class=\"com-paragraph --s\">El primer ministro canadiense, <strong>Mark Carney<\/strong>, tambi\u00e9n rechaz\u00f3 la modificaci\u00f3n y subray\u00f3 que el nombre del lago tiene ra\u00edces ind\u00edgenas y es anterior tanto a la Confederaci\u00f3n canadiense como a la Declaraci\u00f3n de Independencia de Estados Unidos. La decisi\u00f3n de Trump obliga a las agencias estadounidenses a adoptar la nueva denominaci\u00f3n, pero <strong>no puede imponerla a Canad\u00e1 ni modificar los est\u00e1ndares internacionales<\/strong>.<\/p>\n<p class=\"com-paragraph --s\"><strong>Agencias ANSA y AFP<\/strong><\/p>\n<section class=\"container-center-100 mb-40 border border-bottom border-thin border-neutral-light-700\">\n<hr\/>\n<\/section>\n<\/div>\n<p><script id=\"facebookpixel\" defer=\"\" type=\"text\/javascript\">\n        !function(f,b,e,v,n,t,s)\n        {if(f.fbq)return;n=f.fbq=function(){n.callMethod?\n        n.callMethod.apply(n,arguments):n.queue.push(arguments)};\n        if(!f._fbq)f._fbq=n;n.push=n;n.loaded=!0;n.version='2.0';\n        n.queue=[];t=b.createElement(e);t.async=!0;\n        t.src=v;s=b.getElementsByTagName(e)[0];\n        s.parentNode.insertBefore(t,s)}(window, document,'script',\n        'https:\/\/connect.facebook.net\/en_US\/fbevents.js');\n        fbq('init', '492459597522335');\n        fbq('track', 'PageView');\n    <\/script><br \/>\n<br \/><\/p>\n","protected":false},"excerpt":{"rendered":"<p>WASHINGTON.\u2013 Google Maps comenz\u00f3 a mostrar \u201cLago Am\u00e9rica\u201d en lugar de \u201cLago Ontario\u201d para los usuarios ubicados en Estados Unidos, despu\u00e9s de que el presidente Donald Trump ordenara modificar la denominaci\u00f3n oficial utilizada por las agencias federales norteamericanas. La decisi\u00f3n abri\u00f3 un nuevo frente de disputa con Canad\u00e1, en medio de una relaci\u00f3n bilateral marcada [&hellip;]<\/p>\n","protected":false},"author":2,"featured_media":209909,"comment_status":"closed","ping_status":"closed","sticky":false,"template":"","format":"standard","meta":{"footnotes":""},"categories":[26],"tags":[],"class_list":["post-209908","post","type-post","status-publish","format-standard","has-post-thumbnail","hentry","category-internacionales"],"yoast_head":"<!-- This site is optimized with the Yoast SEO plugin v24.4 - https:\/\/yoast.com\/wordpress\/plugins\/seo\/ -->\n<title>Se intensifica la batalla entre EE.UU. y Canad\u00e1 por el nombre del lago Ontario: Google Maps ya le cambi\u00f3 el nombre - GYS NOTICIAS |<\/title>\n<meta name=\"robots\" content=\"index, follow, max-snippet:-1, max-image-preview:large, max-video-preview:-1\" \/>\n<link rel=\"canonical\" href=\"https:\/\/gysfm.com.ar\/inicio\/se-intensifica-la-batalla-entre-ee-uu-y-canada-por-el-nombre-del-lago-ontario-google-maps-ya-le-cambio-el-nombre\/\" \/>\n<meta property=\"og:locale\" content=\"es_ES\" \/>\n<meta property=\"og:type\" content=\"article\" \/>\n<meta property=\"og:title\" content=\"Se intensifica la batalla entre EE.UU. y Canad\u00e1 por el nombre del lago Ontario: Google Maps ya le cambi\u00f3 el nombre - GYS NOTICIAS |\" \/>\n<meta property=\"og:description\" content=\"WASHINGTON.\u2013 Google Maps comenz\u00f3 a mostrar \u201cLago Am\u00e9rica\u201d en lugar de \u201cLago Ontario\u201d para los usuarios ubicados en Estados Unidos, despu\u00e9s de que el presidente Donald Trump ordenara modificar la denominaci\u00f3n oficial utilizada por las agencias federales norteamericanas. La decisi\u00f3n abri\u00f3 un nuevo frente de disputa con Canad\u00e1, en medio de una relaci\u00f3n bilateral marcada [&hellip;]\" \/>\n<meta property=\"og:url\" content=\"https:\/\/gysfm.com.ar\/inicio\/se-intensifica-la-batalla-entre-ee-uu-y-canada-por-el-nombre-del-lago-ontario-google-maps-ya-le-cambio-el-nombre\/\" \/>\n<meta property=\"og:site_name\" content=\"GYS NOTICIAS |\" \/>\n<meta property=\"article:published_time\" content=\"2026-08-31T03:41:16+00:00\" \/>\n<meta property=\"article:modified_time\" content=\"2026-08-31T03:41:17+00:00\" \/>\n<meta property=\"og:image\" content=\"https:\/\/gysfm.com.ar\/inicio\/wp-content\/uploads\/2026\/08\/una-bandera-canadiense-ondea-a-lo-largo-de-la-PDIAZ66GYVGVVBNSVMFVJVAKLY.JPG\" \/>\n\t<meta property=\"og:image:width\" content=\"1200\" \/>\n\t<meta property=\"og:image:height\" content=\"800\" \/>\n\t<meta property=\"og:image:type\" content=\"image\/jpeg\" \/>\n<meta name=\"author\" content=\"Prensa G&amp;S FM\" \/>\n<meta name=\"twitter:card\" content=\"summary_large_image\" \/>\n<meta name=\"twitter:label1\" content=\"Escrito por\" \/>\n\t<meta name=\"twitter:data1\" content=\"Prensa G&amp;S FM\" \/>\n\t<meta name=\"twitter:label2\" content=\"Tiempo de lectura\" \/>\n\t<meta name=\"twitter:data2\" content=\"5 minutos\" \/>\n<script type=\"application\/ld+json\" class=\"yoast-schema-graph\">{\"@context\":\"https:\/\/schema.org\",\"@graph\":[{\"@type\":\"Article\",\"@id\":\"https:\/\/gysfm.com.ar\/inicio\/se-intensifica-la-batalla-entre-ee-uu-y-canada-por-el-nombre-del-lago-ontario-google-maps-ya-le-cambio-el-nombre\/#article\",\"isPartOf\":{\"@id\":\"https:\/\/gysfm.com.ar\/inicio\/se-intensifica-la-batalla-entre-ee-uu-y-canada-por-el-nombre-del-lago-ontario-google-maps-ya-le-cambio-el-nombre\/\"},\"author\":{\"name\":\"Prensa G&amp;S FM\",\"@id\":\"https:\/\/gysfm.com.ar\/inicio\/#\/schema\/person\/3abba7593ef2ad19e1be221d54383dc5\"},\"headline\":\"Se intensifica la batalla entre EE.UU. y Canad\u00e1 por el nombre del lago Ontario: Google Maps ya le cambi\u00f3 el nombre\",\"datePublished\":\"2026-08-31T03:41:16+00:00\",\"dateModified\":\"2026-08-31T03:41:17+00:00\",\"mainEntityOfPage\":{\"@id\":\"https:\/\/gysfm.com.ar\/inicio\/se-intensifica-la-batalla-entre-ee-uu-y-canada-por-el-nombre-del-lago-ontario-google-maps-ya-le-cambio-el-nombre\/\"},\"wordCount\":1031,\"publisher\":{\"@id\":\"https:\/\/gysfm.com.ar\/inicio\/#organization\"},\"image\":{\"@id\":\"https:\/\/gysfm.com.ar\/inicio\/se-intensifica-la-batalla-entre-ee-uu-y-canada-por-el-nombre-del-lago-ontario-google-maps-ya-le-cambio-el-nombre\/#primaryimage\"},\"thumbnailUrl\":\"https:\/\/gysfm.com.ar\/inicio\/wp-content\/uploads\/2026\/08\/una-bandera-canadiense-ondea-a-lo-largo-de-la-PDIAZ66GYVGVVBNSVMFVJVAKLY.JPG\",\"articleSection\":[\"INTERNACIONALES\"],\"inLanguage\":\"es\"},{\"@type\":\"WebPage\",\"@id\":\"https:\/\/gysfm.com.ar\/inicio\/se-intensifica-la-batalla-entre-ee-uu-y-canada-por-el-nombre-del-lago-ontario-google-maps-ya-le-cambio-el-nombre\/\",\"url\":\"https:\/\/gysfm.com.ar\/inicio\/se-intensifica-la-batalla-entre-ee-uu-y-canada-por-el-nombre-del-lago-ontario-google-maps-ya-le-cambio-el-nombre\/\",\"name\":\"Se intensifica la batalla entre EE.UU. y Canad\u00e1 por el nombre del lago Ontario: Google Maps ya le cambi\u00f3 el nombre - GYS NOTICIAS |\",\"isPartOf\":{\"@id\":\"https:\/\/gysfm.com.ar\/inicio\/#website\"},\"primaryImageOfPage\":{\"@id\":\"https:\/\/gysfm.com.ar\/inicio\/se-intensifica-la-batalla-entre-ee-uu-y-canada-por-el-nombre-del-lago-ontario-google-maps-ya-le-cambio-el-nombre\/#primaryimage\"},\"image\":{\"@id\":\"https:\/\/gysfm.com.ar\/inicio\/se-intensifica-la-batalla-entre-ee-uu-y-canada-por-el-nombre-del-lago-ontario-google-maps-ya-le-cambio-el-nombre\/#primaryimage\"},\"thumbnailUrl\":\"https:\/\/gysfm.com.ar\/inicio\/wp-content\/uploads\/2026\/08\/una-bandera-canadiense-ondea-a-lo-largo-de-la-PDIAZ66GYVGVVBNSVMFVJVAKLY.JPG\",\"datePublished\":\"2026-08-31T03:41:16+00:00\",\"dateModified\":\"2026-08-31T03:41:17+00:00\",\"breadcrumb\":{\"@id\":\"https:\/\/gysfm.com.ar\/inicio\/se-intensifica-la-batalla-entre-ee-uu-y-canada-por-el-nombre-del-lago-ontario-google-maps-ya-le-cambio-el-nombre\/#breadcrumb\"},\"inLanguage\":\"es\",\"potentialAction\":[{\"@type\":\"ReadAction\",\"target\":[\"https:\/\/gysfm.com.ar\/inicio\/se-intensifica-la-batalla-entre-ee-uu-y-canada-por-el-nombre-del-lago-ontario-google-maps-ya-le-cambio-el-nombre\/\"]}]},{\"@type\":\"ImageObject\",\"inLanguage\":\"es\",\"@id\":\"https:\/\/gysfm.com.ar\/inicio\/se-intensifica-la-batalla-entre-ee-uu-y-canada-por-el-nombre-del-lago-ontario-google-maps-ya-le-cambio-el-nombre\/#primaryimage\",\"url\":\"https:\/\/gysfm.com.ar\/inicio\/wp-content\/uploads\/2026\/08\/una-bandera-canadiense-ondea-a-lo-largo-de-la-PDIAZ66GYVGVVBNSVMFVJVAKLY.JPG\",\"contentUrl\":\"https:\/\/gysfm.com.ar\/inicio\/wp-content\/uploads\/2026\/08\/una-bandera-canadiense-ondea-a-lo-largo-de-la-PDIAZ66GYVGVVBNSVMFVJVAKLY.JPG\",\"width\":1200,\"height\":800},{\"@type\":\"BreadcrumbList\",\"@id\":\"https:\/\/gysfm.com.ar\/inicio\/se-intensifica-la-batalla-entre-ee-uu-y-canada-por-el-nombre-del-lago-ontario-google-maps-ya-le-cambio-el-nombre\/#breadcrumb\",\"itemListElement\":[{\"@type\":\"ListItem\",\"position\":1,\"name\":\"Portada\",\"item\":\"https:\/\/gysfm.com.ar\/inicio\/\"},{\"@type\":\"ListItem\",\"position\":2,\"name\":\"Se intensifica la batalla entre EE.UU. y Canad\u00e1 por el nombre del lago Ontario: Google Maps ya le cambi\u00f3 el nombre\"}]},{\"@type\":\"WebSite\",\"@id\":\"https:\/\/gysfm.com.ar\/inicio\/#website\",\"url\":\"https:\/\/gysfm.com.ar\/inicio\/\",\"name\":\"GYS NOTICIAS |\",\"description\":\"DIARIO - RADIO ONLINE SAN JUAN ARGENTINA\",\"publisher\":{\"@id\":\"https:\/\/gysfm.com.ar\/inicio\/#organization\"},\"potentialAction\":[{\"@type\":\"SearchAction\",\"target\":{\"@type\":\"EntryPoint\",\"urlTemplate\":\"https:\/\/gysfm.com.ar\/inicio\/?s={search_term_string}\"},\"query-input\":{\"@type\":\"PropertyValueSpecification\",\"valueRequired\":true,\"valueName\":\"search_term_string\"}}],\"inLanguage\":\"es\"},{\"@type\":\"Organization\",\"@id\":\"https:\/\/gysfm.com.ar\/inicio\/#organization\",\"name\":\"GYS NOTICIAS |\",\"url\":\"https:\/\/gysfm.com.ar\/inicio\/\",\"logo\":{\"@type\":\"ImageObject\",\"inLanguage\":\"es\",\"@id\":\"https:\/\/gysfm.com.ar\/inicio\/#\/schema\/logo\/image\/\",\"url\":\"https:\/\/gysfm.com.ar\/inicio\/wp-content\/uploads\/2023\/07\/LOGOGYS-OK.png\",\"contentUrl\":\"https:\/\/gysfm.com.ar\/inicio\/wp-content\/uploads\/2023\/07\/LOGOGYS-OK.png\",\"width\":1170,\"height\":872,\"caption\":\"GYS NOTICIAS |\"},\"image\":{\"@id\":\"https:\/\/gysfm.com.ar\/inicio\/#\/schema\/logo\/image\/\"}},{\"@type\":\"Person\",\"@id\":\"https:\/\/gysfm.com.ar\/inicio\/#\/schema\/person\/3abba7593ef2ad19e1be221d54383dc5\",\"name\":\"Prensa G&amp;S FM\",\"image\":{\"@type\":\"ImageObject\",\"inLanguage\":\"es\",\"@id\":\"https:\/\/gysfm.com.ar\/inicio\/#\/schema\/person\/image\/\",\"url\":\"https:\/\/secure.gravatar.com\/avatar\/096ec78df02049ab018702bb4ccedf659377fa92a26540b5247612077a0dbd29?s=96&d=mm&r=g\",\"contentUrl\":\"https:\/\/secure.gravatar.com\/avatar\/096ec78df02049ab018702bb4ccedf659377fa92a26540b5247612077a0dbd29?s=96&d=mm&r=g\",\"caption\":\"Prensa G&amp;S FM\"},\"sameAs\":[\"https:\/\/gysfm.com.ar\/\"],\"url\":\"https:\/\/gysfm.com.ar\/inicio\/author\/lucasm\/\"}]}<\/script>\n<!-- \/ Yoast SEO plugin. -->","yoast_head_json":{"title":"Se intensifica la batalla entre EE.UU. y Canad\u00e1 por el nombre del lago Ontario: Google Maps ya le cambi\u00f3 el nombre - GYS NOTICIAS |","robots":{"index":"index","follow":"follow","max-snippet":"max-snippet:-1","max-image-preview":"max-image-preview:large","max-video-preview":"max-video-preview:-1"},"canonical":"https:\/\/gysfm.com.ar\/inicio\/se-intensifica-la-batalla-entre-ee-uu-y-canada-por-el-nombre-del-lago-ontario-google-maps-ya-le-cambio-el-nombre\/","og_locale":"es_ES","og_type":"article","og_title":"Se intensifica la batalla entre EE.UU. y Canad\u00e1 por el nombre del lago Ontario: Google Maps ya le cambi\u00f3 el nombre - GYS NOTICIAS |","og_description":"WASHINGTON.\u2013 Google Maps comenz\u00f3 a mostrar \u201cLago Am\u00e9rica\u201d en lugar de \u201cLago Ontario\u201d para los usuarios ubicados en Estados Unidos, despu\u00e9s de que el presidente Donald Trump ordenara modificar la denominaci\u00f3n oficial utilizada por las agencias federales norteamericanas. La decisi\u00f3n abri\u00f3 un nuevo frente de disputa con Canad\u00e1, en medio de una relaci\u00f3n bilateral marcada [&hellip;]","og_url":"https:\/\/gysfm.com.ar\/inicio\/se-intensifica-la-batalla-entre-ee-uu-y-canada-por-el-nombre-del-lago-ontario-google-maps-ya-le-cambio-el-nombre\/","og_site_name":"GYS NOTICIAS |","article_published_time":"2026-08-31T03:41:16+00:00","article_modified_time":"2026-08-31T03:41:17+00:00","og_image":[{"width":1200,"height":800,"url":"https:\/\/gysfm.com.ar\/inicio\/wp-content\/uploads\/2026\/08\/una-bandera-canadiense-ondea-a-lo-largo-de-la-PDIAZ66GYVGVVBNSVMFVJVAKLY.JPG","type":"image\/jpeg"}],"author":"Prensa G&amp;S FM","twitter_card":"summary_large_image","twitter_misc":{"Escrito por":"Prensa G&amp;S FM","Tiempo de lectura":"5 minutos"},"schema":{"@context":"https:\/\/schema.org","@graph":[{"@type":"Article","@id":"https:\/\/gysfm.com.ar\/inicio\/se-intensifica-la-batalla-entre-ee-uu-y-canada-por-el-nombre-del-lago-ontario-google-maps-ya-le-cambio-el-nombre\/#article","isPartOf":{"@id":"https:\/\/gysfm.com.ar\/inicio\/se-intensifica-la-batalla-entre-ee-uu-y-canada-por-el-nombre-del-lago-ontario-google-maps-ya-le-cambio-el-nombre\/"},"author":{"name":"Prensa G&amp;S FM","@id":"https:\/\/gysfm.com.ar\/inicio\/#\/schema\/person\/3abba7593ef2ad19e1be221d54383dc5"},"headline":"Se intensifica la batalla entre EE.UU. y Canad\u00e1 por el nombre del lago Ontario: Google Maps ya le cambi\u00f3 el nombre","datePublished":"2026-08-31T03:41:16+00:00","dateModified":"2026-08-31T03:41:17+00:00","mainEntityOfPage":{"@id":"https:\/\/gysfm.com.ar\/inicio\/se-intensifica-la-batalla-entre-ee-uu-y-canada-por-el-nombre-del-lago-ontario-google-maps-ya-le-cambio-el-nombre\/"},"wordCount":1031,"publisher":{"@id":"https:\/\/gysfm.com.ar\/inicio\/#organization"},"image":{"@id":"https:\/\/gysfm.com.ar\/inicio\/se-intensifica-la-batalla-entre-ee-uu-y-canada-por-el-nombre-del-lago-ontario-google-maps-ya-le-cambio-el-nombre\/#primaryimage"},"thumbnailUrl":"https:\/\/gysfm.com.ar\/inicio\/wp-content\/uploads\/2026\/08\/una-bandera-canadiense-ondea-a-lo-largo-de-la-PDIAZ66GYVGVVBNSVMFVJVAKLY.JPG","articleSection":["INTERNACIONALES"],"inLanguage":"es"},{"@type":"WebPage","@id":"https:\/\/gysfm.com.ar\/inicio\/se-intensifica-la-batalla-entre-ee-uu-y-canada-por-el-nombre-del-lago-ontario-google-maps-ya-le-cambio-el-nombre\/","url":"https:\/\/gysfm.com.ar\/inicio\/se-intensifica-la-batalla-entre-ee-uu-y-canada-por-el-nombre-del-lago-ontario-google-maps-ya-le-cambio-el-nombre\/","name":"Se intensifica la batalla entre EE.UU. y Canad\u00e1 por el nombre del lago Ontario: Google Maps ya le cambi\u00f3 el nombre - GYS NOTICIAS |","isPartOf":{"@id":"https:\/\/gysfm.com.ar\/inicio\/#website"},"primaryImageOfPage":{"@id":"https:\/\/gysfm.com.ar\/inicio\/se-intensifica-la-batalla-entre-ee-uu-y-canada-por-el-nombre-del-lago-ontario-google-maps-ya-le-cambio-el-nombre\/#primaryimage"},"image":{"@id":"https:\/\/gysfm.com.ar\/inicio\/se-intensifica-la-batalla-entre-ee-uu-y-canada-por-el-nombre-del-lago-ontario-google-maps-ya-le-cambio-el-nombre\/#primaryimage"},"thumbnailUrl":"https:\/\/gysfm.com.ar\/inicio\/wp-content\/uploads\/2026\/08\/una-bandera-canadiense-ondea-a-lo-largo-de-la-PDIAZ66GYVGVVBNSVMFVJVAKLY.JPG","datePublished":"2026-08-31T03:41:16+00:00","dateModified":"2026-08-31T03:41:17+00:00","breadcrumb":{"@id":"https:\/\/gysfm.com.ar\/inicio\/se-intensifica-la-batalla-entre-ee-uu-y-canada-por-el-nombre-del-lago-ontario-google-maps-ya-le-cambio-el-nombre\/#breadcrumb"},"inLanguage":"es","potentialAction":[{"@type":"ReadAction","target":["https:\/\/gysfm.com.ar\/inicio\/se-intensifica-la-batalla-entre-ee-uu-y-canada-por-el-nombre-del-lago-ontario-google-maps-ya-le-cambio-el-nombre\/"]}]},{"@type":"ImageObject","inLanguage":"es","@id":"https:\/\/gysfm.com.ar\/inicio\/se-intensifica-la-batalla-entre-ee-uu-y-canada-por-el-nombre-del-lago-ontario-google-maps-ya-le-cambio-el-nombre\/#primaryimage","url":"https:\/\/gysfm.com.ar\/inicio\/wp-content\/uploads\/2026\/08\/una-bandera-canadiense-ondea-a-lo-largo-de-la-PDIAZ66GYVGVVBNSVMFVJVAKLY.JPG","contentUrl":"https:\/\/gysfm.com.ar\/inicio\/wp-content\/uploads\/2026\/08\/una-bandera-canadiense-ondea-a-lo-largo-de-la-PDIAZ66GYVGVVBNSVMFVJVAKLY.JPG","width":1200,"height":800},{"@type":"BreadcrumbList","@id":"https:\/\/gysfm.com.ar\/inicio\/se-intensifica-la-batalla-entre-ee-uu-y-canada-por-el-nombre-del-lago-ontario-google-maps-ya-le-cambio-el-nombre\/#breadcrumb","itemListElement":[{"@type":"ListItem","position":1,"name":"Portada","item":"https:\/\/gysfm.com.ar\/inicio\/"},{"@type":"ListItem","position":2,"name":"Se intensifica la batalla entre EE.UU. y Canad\u00e1 por el nombre del lago Ontario: Google Maps ya le cambi\u00f3 el nombre"}]},{"@type":"WebSite","@id":"https:\/\/gysfm.com.ar\/inicio\/#website","url":"https:\/\/gysfm.com.ar\/inicio\/","name":"GYS NOTICIAS |","description":"DIARIO - RADIO ONLINE SAN JUAN ARGENTINA","publisher":{"@id":"https:\/\/gysfm.com.ar\/inicio\/#organization"},"potentialAction":[{"@type":"SearchAction","target":{"@type":"EntryPoint","urlTemplate":"https:\/\/gysfm.com.ar\/inicio\/?s={search_term_string}"},"query-input":{"@type":"PropertyValueSpecification","valueRequired":true,"valueName":"search_term_string"}}],"inLanguage":"es"},{"@type":"Organization","@id":"https:\/\/gysfm.com.ar\/inicio\/#organization","name":"GYS NOTICIAS |","url":"https:\/\/gysfm.com.ar\/inicio\/","logo":{"@type":"ImageObject","inLanguage":"es","@id":"https:\/\/gysfm.com.ar\/inicio\/#\/schema\/logo\/image\/","url":"https:\/\/gysfm.com.ar\/inicio\/wp-content\/uploads\/2023\/07\/LOGOGYS-OK.png","contentUrl":"https:\/\/gysfm.com.ar\/inicio\/wp-content\/uploads\/2023\/07\/LOGOGYS-OK.png","width":1170,"height":872,"caption":"GYS NOTICIAS |"},"image":{"@id":"https:\/\/gysfm.com.ar\/inicio\/#\/schema\/logo\/image\/"}},{"@type":"Person","@id":"https:\/\/gysfm.com.ar\/inicio\/#\/schema\/person\/3abba7593ef2ad19e1be221d54383dc5","name":"Prensa G&amp;S FM","image":{"@type":"ImageObject","inLanguage":"es","@id":"https:\/\/gysfm.com.ar\/inicio\/#\/schema\/person\/image\/","url":"https:\/\/secure.gravatar.com\/avatar\/096ec78df02049ab018702bb4ccedf659377fa92a26540b5247612077a0dbd29?s=96&d=mm&r=g","contentUrl":"https:\/\/secure.gravatar.com\/avatar\/096ec78df02049ab018702bb4ccedf659377fa92a26540b5247612077a0dbd29?s=96&d=mm&r=g","caption":"Prensa G&amp;S FM"},"sameAs":["https:\/\/gysfm.com.ar\/"],"url":"https:\/\/gysfm.com.ar\/inicio\/author\/lucasm\/"}]}},"_links":{"self":[{"href":"https:\/\/gysfm.com.ar\/inicio\/wp-json\/wp\/v2\/posts\/209908","targetHints":{"allow":["GET"]}}],"collection":[{"href":"https:\/\/gysfm.com.ar\/inicio\/wp-json\/wp\/v2\/posts"}],"about":[{"href":"https:\/\/gysfm.com.ar\/inicio\/wp-json\/wp\/v2\/types\/post"}],"author":[{"embeddable":true,"href":"https:\/\/gysfm.com.ar\/inicio\/wp-json\/wp\/v2\/users\/2"}],"replies":[{"embeddable":true,"href":"https:\/\/gysfm.com.ar\/inicio\/wp-json\/wp\/v2\/comments?post=209908"}],"version-history":[{"count":1,"href":"https:\/\/gysfm.com.ar\/inicio\/wp-json\/wp\/v2\/posts\/209908\/revisions"}],"predecessor-version":[{"id":209910,"href":"https:\/\/gysfm.com.ar\/inicio\/wp-json\/wp\/v2\/posts\/209908\/revisions\/209910"}],"wp:featuredmedia":[{"embeddable":true,"href":"https:\/\/gysfm.com.ar\/inicio\/wp-json\/wp\/v2\/media\/209909"}],"wp:attachment":[{"href":"https:\/\/gysfm.com.ar\/inicio\/wp-json\/wp\/v2\/media?parent=209908"}],"wp:term":[{"taxonomy":"category","embeddable":true,"href":"https:\/\/gysfm.com.ar\/inicio\/wp-json\/wp\/v2\/categories?post=209908"},{"taxonomy":"post_tag","embeddable":true,"href":"https:\/\/gysfm.com.ar\/inicio\/wp-json\/wp\/v2\/tags?post=209908"}],"curies":[{"name":"wp","href":"https:\/\/api.w.org\/{rel}","templated":true}]}}