{"id":209905,"date":"2026-08-30T23:40:05","date_gmt":"2026-08-31T02:40:05","guid":{"rendered":"https:\/\/gysfm.com.ar\/inicio\/islandia-le-cierra-la-puerta-a-la-integracion-con-la-union-europea\/"},"modified":"2026-08-30T23:40:06","modified_gmt":"2026-08-31T02:40:06","slug":"islandia-le-cierra-la-puerta-a-la-integracion-con-la-union-europea","status":"publish","type":"post","link":"https:\/\/gysfm.com.ar\/inicio\/islandia-le-cierra-la-puerta-a-la-integracion-con-la-union-europea\/","title":{"rendered":"Islandia le cierra la puerta a la integraci\u00f3n con la Uni\u00f3n Europea"},"content":{"rendered":"<p> <br \/>\n<\/p>\n<div>\n<p class=\"com-paragraph --capital --s\">PAR\u00cdS.\u2013 Seis a\u00f1os despu\u00e9s de haber suspendido sus negociaciones de adhesi\u00f3n a la <strong>Uni\u00f3n Europea (UE),<\/strong> Islandia decidi\u00f3 que no las reabrir\u00e1. <\/p>\n<p class=\"com-paragraph --s\">Los islandeses rechazaron el s\u00e1bado en las urnas por el 52,8% contra el 47,2% la propuesta del gobierno de retomar el di\u00e1logo con Bruselas. Esa ajustada votaci\u00f3n cierra, al menos hasta 2028, un debate viejo de 17 a\u00f1os, que supone para el bloque un desenga\u00f1o tanto simb\u00f3lico como estrat\u00e9gico.<\/p>\n<div class=\"content-media\">\n<section role=\"button\" class=\"mod-media   \">\n<figure role=\"button\" tabindex=\"0\" class=\"mod-figure \"><figcaption class=\"mod-figcaption\"><span class=\"com-text --caption --twoxs\">Imagen del 29 de agosto de 2026 de empleados contando votos en un centro de conteo de votos localizado en un estadio, en Reikiavik, Islandia<\/span><span class=\"com-text --credit --twoxs\">Weng Xinyang &#8211; XinHua<\/span><\/figcaption><\/figure>\n<\/section>\n<\/div>\n<p class=\"com-paragraph --s\">Seg\u00fan los resultados oficiales publicados por la radiodifusora p\u00fablica RUV, la participaci\u00f3n fue masiva. El 82,5% de los electores inscriptos acudi\u00f3 a votar para responder a una sencilla pregunta: <strong>\u201c\u00bfDeben reanudarse las negociaciones para la adhesi\u00f3n de Islandia a la Uni\u00f3n Europea?\u201d<\/strong>. La primera ministra, Kristr\u00fan Frostad\u00f3ttir, que present\u00f3 este refer\u00e9ndum como un \u201cahora o nunca\u201d, hab\u00eda advertido que un \u201cno\u201d dejar\u00eda de lado la cuesti\u00f3n europea durante todo su mandato. <\/p>\n<p class=\"com-paragraph --s\">Su gobierno se\u00f1al\u00f3 que ahora corresponder\u00e1 al Parlamento decidir si procede retirar formalmente la candidatura del pa\u00eds.<\/p>\n<p class=\"com-paragraph --s\">Parad\u00f3jicamete, la votaci\u00f3n se produce en un momento en que la posici\u00f3n estrat\u00e9gica de Islandia nunca hab\u00eda parecido tan fr\u00e1gil, debido al aumento de las<strong> tensiones en el \u00c1rtico<\/strong> y a las constantes amenazas de Washington sobre la vecina Groenlandia.<\/p>\n<p class=\"com-paragraph --s\">Muchos esperaban que ese clima empujara a los islandeses hacia la Uni\u00f3n, pero las cuestiones de soberan\u00eda econ\u00f3mica terminaron imponi\u00e9ndose sobre las de seguridad.<\/p>\n<p class=\"com-paragraph --s\">Si Islandia dijo que no, fue principalmente por una cuesti\u00f3n de pesca. La <strong>actividad pesquera,<\/strong> pilar de la econom\u00eda islandesa y elemento constitutivo de su identidad nacional \u2014sobre la cual Reikiavik pretende mantener un control exclusivo\u2014, fue el n\u00facleo de las tensiones. <\/p>\n<p class=\"com-paragraph --s\">La adhesi\u00f3n habr\u00eda implicado someterse a la Pol\u00edtica Pesquera Com\u00fan (PPC), lo que fue percibido por los islandeses como una tutela de Bruselas sobre las aguas territoriales de ese pa\u00eds. El sector se moviliz\u00f3 con una intensidad inusual: el 90% de las empresas del rubro se opon\u00edan a la adhesi\u00f3n, a pesar de los esfuerzos de diplomacia realizados por Bruselas. <\/p>\n<div class=\"content-media\">\n<section role=\"button\" class=\"mod-media   \">\n<figure role=\"button\" tabindex=\"0\" class=\"mod-figure \"><figcaption class=\"mod-figcaption\"><span class=\"com-text --caption --twoxs\">Imagen del 29 de agosto de 2026 de votantes marcando sus papeletas en un colegio electoral, en Reikiavik, Islandia<\/span><span class=\"com-text --credit --twoxs\">Weng Xinyang &#8211; XinHua<\/span><\/figcaption><\/figure>\n<\/section>\n<\/div>\n<p class=\"com-paragraph --s\">No obstante, la comisaria europea de la Ampliaci\u00f3n, Marta Kos, hab\u00eda asegurado que las particularidades islandesas en materia de pesca y agricultura \u201cse tendr\u00edan muy en cuenta\u201d. Pero el peso econ\u00f3mico del sector fue determinante: los productos del mar y la acuicultura representaron casi el 47 % de las exportaciones del pa\u00eds entre agosto de 2025 y julio de 2026.<\/p>\n<p class=\"com-paragraph --s\">Islandia, una peque\u00f1a naci\u00f3n insular n\u00f3rdica de <strong>menos de 400.000 habitantes,<\/strong> cuenta desde las elecciones legislativas anticipadas de noviembre de 2024 con un gobierno in\u00e9dito en muchos aspectos. <\/p>\n<p class=\"com-paragraph --s\">La <strong>Alianza Socialdem\u00f3crata (SDA)<\/strong>, liderada por Kristr\u00fan Frostad\u00f3ttir, se convirti\u00f3 en la principal fuerza del Parlamento de 63 esca\u00f1os (el Althing) con 15 bancas, superando por poco al Partido de la Independencia, la hist\u00f3rica formaci\u00f3n conservadora. <\/p>\n<p class=\"com-paragraph --s\">La SDA form\u00f3 una coalici\u00f3n con el Partido de la Reforma (Vioreisn), dirigido por Torgerd Katr\u00edn Gunnarsd\u00f3ttir, y el Partido del Pueblo, encabezado por Inga S\u00e6land, una alianza de 36 esca\u00f1os que se destaca por reunir a tres partidos liderados por mujeres. <\/p>\n<p class=\"com-paragraph --s\">Frente a esa coalici\u00f3n proeuropea, la oposici\u00f3n agrupa al <strong>Partido de la Independencia, <\/strong>a<strong>l Partido del Centro y al Partido del Progreso<\/strong>, tres formaciones tradicionalmente hostiles o reticentes a la adhesi\u00f3n, con una base electoral arraigada en las zonas rurales y el sector pesquero.<\/p>\n<p class=\"com-paragraph --s\">Para la UE, este \u201cno\u201d tiene repercusiones que van m\u00e1s all\u00e1 del caso island\u00e9s. Islandia representaba el candidato ideal: un pa\u00eds rico, ya plenamente alineado con la normativa europea a trav\u00e9s del Espacio Econ\u00f3mico Europeo y de Schengen, y sin los conflictos en torno al Estado de derecho que arrastran otros procesos de ampliaci\u00f3n. <\/p>\n<p class=\"com-paragraph --s\">Bruselas esperaba utilizar este caso como vitrina para hacer m\u00e1s aceptable, ante la reticencia de la opini\u00f3n p\u00fablica, la entrada de candidatos menos pr\u00f3speros como Montenegro.<\/p>\n<p class=\"com-paragraph --s\">Este rechazo la priva de ese argumento en un momento de extrema fragilidad para su estrategia de expansi\u00f3n, que tiene dificultades para ofrecer resultados tangibles en Europa del Este, y justo cuando el bloque intenta demostrar su peso estrat\u00e9gico en el <strong>\u00c1rtico <\/strong>frente a una administraci\u00f3n estadounidense decididamente agresiva en esa zona. <\/p>\n<div class=\"content-media\">\n<section role=\"button\" class=\"mod-media   \">\n<figure role=\"button\" tabindex=\"0\" class=\"mod-figure \"><figcaption class=\"mod-figcaption\"><span class=\"com-text --caption --twoxs\">Imagen del 29 de agosto de 2026 de un votante obteniendo sus papeletas en un colegio electoral, en Reikiavik, Islandia.<\/span><span class=\"com-text --credit --twoxs\">Weng Xinyang &#8211; XinHua<\/span><\/figcaption><\/figure>\n<\/section>\n<\/div>\n<p class=\"com-paragraph --s\">El hecho de que la amenaza estadounidense sobre Groenlandia no fuera suficiente para inclinar la balanza pone de manifiesto los l\u00edmites del discurso de seguridad europeo frente al firme compromiso de Islandia con su propia soberan\u00eda.<\/p>\n<p class=\"com-paragraph --s\">Sin embargo, convendr\u00eda matizar el alcance de este rechazo: los v\u00ednculos de Islandia con la UE a trav\u00e9s del Espacio Econ\u00f3mico Europeo y el espacio Schengen no cambian y el pa\u00eds sigue aplicando gran parte de las reglas comunitarias en su vida cotidiana. <\/p>\n<p class=\"com-paragraph --s\">Este \u201cno\u201d no rompe ning\u00fan puente existente. Simplemente cierra, al menos por varios a\u00f1os, la perspectiva de una adhesi\u00f3n plena, con todo lo que ello habr\u00eda aportado a la Uni\u00f3n:<strong> un nuevo miembro rico, contribuyente neto al presupuesto europeo, s\u00f3lidamente democr\u00e1tico y un anclaje reforzado en el \u00c1rtico en un momento en que esa regi\u00f3n vuelve a ser un escenario de disputa de poder.<\/strong><\/p>\n<p class=\"com-paragraph --s\">En definitiva, se trata de un rev\u00e9s diplom\u00e1tico y simb\u00f3lico para Bruselas, pero no de una ruptura. La Uni\u00f3n Europea pierde la oportunidad de protagonizar una historia de ampliaci\u00f3n exitosa, sin llegar a perder a un socio con el que las relaciones, en la pr\u00e1ctica, permanecer\u00e1n casi inalteradas.<\/p>\n<section class=\"container-center-100 mb-40 border border-bottom border-thin border-neutral-light-700\">\n<hr\/>\n<\/section>\n<\/div>\n<p><script id=\"facebookpixel\" defer=\"\" type=\"text\/javascript\">\n        !function(f,b,e,v,n,t,s)\n        {if(f.fbq)return;n=f.fbq=function(){n.callMethod?\n        n.callMethod.apply(n,arguments):n.queue.push(arguments)};\n        if(!f._fbq)f._fbq=n;n.push=n;n.loaded=!0;n.version='2.0';\n        n.queue=[];t=b.createElement(e);t.async=!0;\n        t.src=v;s=b.getElementsByTagName(e)[0];\n        s.parentNode.insertBefore(t,s)}(window, document,'script',\n        'https:\/\/connect.facebook.net\/en_US\/fbevents.js');\n        fbq('init', '492459597522335');\n        fbq('track', 'PageView');\n    <\/script><br \/>\n<br \/><\/p>\n","protected":false},"excerpt":{"rendered":"<p>PAR\u00cdS.\u2013 Seis a\u00f1os despu\u00e9s de haber suspendido sus negociaciones de adhesi\u00f3n a la Uni\u00f3n Europea (UE), Islandia decidi\u00f3 que no las reabrir\u00e1. Los islandeses rechazaron el s\u00e1bado en las urnas por el 52,8% contra el 47,2% la propuesta del gobierno de retomar el di\u00e1logo con Bruselas. Esa ajustada votaci\u00f3n cierra, al menos hasta 2028, un [&hellip;]<\/p>\n","protected":false},"author":2,"featured_media":209906,"comment_status":"closed","ping_status":"closed","sticky":false,"template":"","format":"standard","meta":{"footnotes":""},"categories":[26],"tags":[],"class_list":["post-209905","post","type-post","status-publish","format-standard","has-post-thumbnail","hentry","category-internacionales"],"yoast_head":"<!-- This site is optimized with the Yoast SEO plugin v24.4 - https:\/\/yoast.com\/wordpress\/plugins\/seo\/ -->\n<title>Islandia le cierra la puerta a la integraci\u00f3n con la Uni\u00f3n Europea - GYS NOTICIAS |<\/title>\n<meta name=\"robots\" content=\"index, follow, max-snippet:-1, max-image-preview:large, max-video-preview:-1\" \/>\n<link rel=\"canonical\" href=\"https:\/\/gysfm.com.ar\/inicio\/islandia-le-cierra-la-puerta-a-la-integracion-con-la-union-europea\/\" \/>\n<meta property=\"og:locale\" content=\"es_ES\" \/>\n<meta property=\"og:type\" content=\"article\" \/>\n<meta property=\"og:title\" content=\"Islandia le cierra la puerta a la integraci\u00f3n con la Uni\u00f3n Europea - GYS NOTICIAS |\" \/>\n<meta property=\"og:description\" content=\"PAR\u00cdS.\u2013 Seis a\u00f1os despu\u00e9s de haber suspendido sus negociaciones de adhesi\u00f3n a la Uni\u00f3n Europea (UE), Islandia decidi\u00f3 que no las reabrir\u00e1. Los islandeses rechazaron el s\u00e1bado en las urnas por el 52,8% contra el 47,2% la propuesta del gobierno de retomar el di\u00e1logo con Bruselas. Esa ajustada votaci\u00f3n cierra, al menos hasta 2028, un [&hellip;]\" \/>\n<meta property=\"og:url\" content=\"https:\/\/gysfm.com.ar\/inicio\/islandia-le-cierra-la-puerta-a-la-integracion-con-la-union-europea\/\" \/>\n<meta property=\"og:site_name\" content=\"GYS NOTICIAS |\" \/>\n<meta property=\"article:published_time\" content=\"2026-08-31T02:40:05+00:00\" \/>\n<meta property=\"article:modified_time\" content=\"2026-08-31T02:40:06+00:00\" \/>\n<meta property=\"og:image\" content=\"https:\/\/gysfm.com.ar\/inicio\/wp-content\/uploads\/2026\/08\/partidarios-del-no-reaccionan-al-reportarse-AXVBKHYRQJBWZEQPDRQTZIFLQQ.jpg\" \/>\n\t<meta property=\"og:image:width\" content=\"1200\" \/>\n\t<meta property=\"og:image:height\" content=\"800\" \/>\n\t<meta property=\"og:image:type\" content=\"image\/jpeg\" \/>\n<meta name=\"author\" content=\"Prensa G&amp;S FM\" \/>\n<meta name=\"twitter:card\" content=\"summary_large_image\" \/>\n<meta name=\"twitter:label1\" content=\"Escrito por\" \/>\n\t<meta name=\"twitter:data1\" content=\"Prensa G&amp;S FM\" \/>\n\t<meta name=\"twitter:label2\" content=\"Tiempo de lectura\" \/>\n\t<meta name=\"twitter:data2\" content=\"5 minutos\" \/>\n<script type=\"application\/ld+json\" class=\"yoast-schema-graph\">{\"@context\":\"https:\/\/schema.org\",\"@graph\":[{\"@type\":\"Article\",\"@id\":\"https:\/\/gysfm.com.ar\/inicio\/islandia-le-cierra-la-puerta-a-la-integracion-con-la-union-europea\/#article\",\"isPartOf\":{\"@id\":\"https:\/\/gysfm.com.ar\/inicio\/islandia-le-cierra-la-puerta-a-la-integracion-con-la-union-europea\/\"},\"author\":{\"name\":\"Prensa G&amp;S FM\",\"@id\":\"https:\/\/gysfm.com.ar\/inicio\/#\/schema\/person\/3abba7593ef2ad19e1be221d54383dc5\"},\"headline\":\"Islandia le cierra la puerta a la integraci\u00f3n con la Uni\u00f3n Europea\",\"datePublished\":\"2026-08-31T02:40:05+00:00\",\"dateModified\":\"2026-08-31T02:40:06+00:00\",\"mainEntityOfPage\":{\"@id\":\"https:\/\/gysfm.com.ar\/inicio\/islandia-le-cierra-la-puerta-a-la-integracion-con-la-union-europea\/\"},\"wordCount\":1032,\"publisher\":{\"@id\":\"https:\/\/gysfm.com.ar\/inicio\/#organization\"},\"image\":{\"@id\":\"https:\/\/gysfm.com.ar\/inicio\/islandia-le-cierra-la-puerta-a-la-integracion-con-la-union-europea\/#primaryimage\"},\"thumbnailUrl\":\"https:\/\/gysfm.com.ar\/inicio\/wp-content\/uploads\/2026\/08\/partidarios-del-no-reaccionan-al-reportarse-AXVBKHYRQJBWZEQPDRQTZIFLQQ.jpg\",\"articleSection\":[\"INTERNACIONALES\"],\"inLanguage\":\"es\"},{\"@type\":\"WebPage\",\"@id\":\"https:\/\/gysfm.com.ar\/inicio\/islandia-le-cierra-la-puerta-a-la-integracion-con-la-union-europea\/\",\"url\":\"https:\/\/gysfm.com.ar\/inicio\/islandia-le-cierra-la-puerta-a-la-integracion-con-la-union-europea\/\",\"name\":\"Islandia le cierra la puerta a la integraci\u00f3n con la Uni\u00f3n Europea - GYS NOTICIAS |\",\"isPartOf\":{\"@id\":\"https:\/\/gysfm.com.ar\/inicio\/#website\"},\"primaryImageOfPage\":{\"@id\":\"https:\/\/gysfm.com.ar\/inicio\/islandia-le-cierra-la-puerta-a-la-integracion-con-la-union-europea\/#primaryimage\"},\"image\":{\"@id\":\"https:\/\/gysfm.com.ar\/inicio\/islandia-le-cierra-la-puerta-a-la-integracion-con-la-union-europea\/#primaryimage\"},\"thumbnailUrl\":\"https:\/\/gysfm.com.ar\/inicio\/wp-content\/uploads\/2026\/08\/partidarios-del-no-reaccionan-al-reportarse-AXVBKHYRQJBWZEQPDRQTZIFLQQ.jpg\",\"datePublished\":\"2026-08-31T02:40:05+00:00\",\"dateModified\":\"2026-08-31T02:40:06+00:00\",\"breadcrumb\":{\"@id\":\"https:\/\/gysfm.com.ar\/inicio\/islandia-le-cierra-la-puerta-a-la-integracion-con-la-union-europea\/#breadcrumb\"},\"inLanguage\":\"es\",\"potentialAction\":[{\"@type\":\"ReadAction\",\"target\":[\"https:\/\/gysfm.com.ar\/inicio\/islandia-le-cierra-la-puerta-a-la-integracion-con-la-union-europea\/\"]}]},{\"@type\":\"ImageObject\",\"inLanguage\":\"es\",\"@id\":\"https:\/\/gysfm.com.ar\/inicio\/islandia-le-cierra-la-puerta-a-la-integracion-con-la-union-europea\/#primaryimage\",\"url\":\"https:\/\/gysfm.com.ar\/inicio\/wp-content\/uploads\/2026\/08\/partidarios-del-no-reaccionan-al-reportarse-AXVBKHYRQJBWZEQPDRQTZIFLQQ.jpg\",\"contentUrl\":\"https:\/\/gysfm.com.ar\/inicio\/wp-content\/uploads\/2026\/08\/partidarios-del-no-reaccionan-al-reportarse-AXVBKHYRQJBWZEQPDRQTZIFLQQ.jpg\",\"width\":1200,\"height\":800},{\"@type\":\"BreadcrumbList\",\"@id\":\"https:\/\/gysfm.com.ar\/inicio\/islandia-le-cierra-la-puerta-a-la-integracion-con-la-union-europea\/#breadcrumb\",\"itemListElement\":[{\"@type\":\"ListItem\",\"position\":1,\"name\":\"Portada\",\"item\":\"https:\/\/gysfm.com.ar\/inicio\/\"},{\"@type\":\"ListItem\",\"position\":2,\"name\":\"Islandia le cierra la puerta a la integraci\u00f3n con la Uni\u00f3n Europea\"}]},{\"@type\":\"WebSite\",\"@id\":\"https:\/\/gysfm.com.ar\/inicio\/#website\",\"url\":\"https:\/\/gysfm.com.ar\/inicio\/\",\"name\":\"GYS NOTICIAS |\",\"description\":\"DIARIO - RADIO ONLINE SAN JUAN ARGENTINA\",\"publisher\":{\"@id\":\"https:\/\/gysfm.com.ar\/inicio\/#organization\"},\"potentialAction\":[{\"@type\":\"SearchAction\",\"target\":{\"@type\":\"EntryPoint\",\"urlTemplate\":\"https:\/\/gysfm.com.ar\/inicio\/?s={search_term_string}\"},\"query-input\":{\"@type\":\"PropertyValueSpecification\",\"valueRequired\":true,\"valueName\":\"search_term_string\"}}],\"inLanguage\":\"es\"},{\"@type\":\"Organization\",\"@id\":\"https:\/\/gysfm.com.ar\/inicio\/#organization\",\"name\":\"GYS NOTICIAS |\",\"url\":\"https:\/\/gysfm.com.ar\/inicio\/\",\"logo\":{\"@type\":\"ImageObject\",\"inLanguage\":\"es\",\"@id\":\"https:\/\/gysfm.com.ar\/inicio\/#\/schema\/logo\/image\/\",\"url\":\"https:\/\/gysfm.com.ar\/inicio\/wp-content\/uploads\/2023\/07\/LOGOGYS-OK.png\",\"contentUrl\":\"https:\/\/gysfm.com.ar\/inicio\/wp-content\/uploads\/2023\/07\/LOGOGYS-OK.png\",\"width\":1170,\"height\":872,\"caption\":\"GYS NOTICIAS |\"},\"image\":{\"@id\":\"https:\/\/gysfm.com.ar\/inicio\/#\/schema\/logo\/image\/\"}},{\"@type\":\"Person\",\"@id\":\"https:\/\/gysfm.com.ar\/inicio\/#\/schema\/person\/3abba7593ef2ad19e1be221d54383dc5\",\"name\":\"Prensa G&amp;S FM\",\"image\":{\"@type\":\"ImageObject\",\"inLanguage\":\"es\",\"@id\":\"https:\/\/gysfm.com.ar\/inicio\/#\/schema\/person\/image\/\",\"url\":\"https:\/\/secure.gravatar.com\/avatar\/096ec78df02049ab018702bb4ccedf659377fa92a26540b5247612077a0dbd29?s=96&d=mm&r=g\",\"contentUrl\":\"https:\/\/secure.gravatar.com\/avatar\/096ec78df02049ab018702bb4ccedf659377fa92a26540b5247612077a0dbd29?s=96&d=mm&r=g\",\"caption\":\"Prensa G&amp;S FM\"},\"sameAs\":[\"https:\/\/gysfm.com.ar\/\"],\"url\":\"https:\/\/gysfm.com.ar\/inicio\/author\/lucasm\/\"}]}<\/script>\n<!-- \/ Yoast SEO plugin. -->","yoast_head_json":{"title":"Islandia le cierra la puerta a la integraci\u00f3n con la Uni\u00f3n Europea - GYS NOTICIAS |","robots":{"index":"index","follow":"follow","max-snippet":"max-snippet:-1","max-image-preview":"max-image-preview:large","max-video-preview":"max-video-preview:-1"},"canonical":"https:\/\/gysfm.com.ar\/inicio\/islandia-le-cierra-la-puerta-a-la-integracion-con-la-union-europea\/","og_locale":"es_ES","og_type":"article","og_title":"Islandia le cierra la puerta a la integraci\u00f3n con la Uni\u00f3n Europea - GYS NOTICIAS |","og_description":"PAR\u00cdS.\u2013 Seis a\u00f1os despu\u00e9s de haber suspendido sus negociaciones de adhesi\u00f3n a la Uni\u00f3n Europea (UE), Islandia decidi\u00f3 que no las reabrir\u00e1. Los islandeses rechazaron el s\u00e1bado en las urnas por el 52,8% contra el 47,2% la propuesta del gobierno de retomar el di\u00e1logo con Bruselas. Esa ajustada votaci\u00f3n cierra, al menos hasta 2028, un [&hellip;]","og_url":"https:\/\/gysfm.com.ar\/inicio\/islandia-le-cierra-la-puerta-a-la-integracion-con-la-union-europea\/","og_site_name":"GYS NOTICIAS |","article_published_time":"2026-08-31T02:40:05+00:00","article_modified_time":"2026-08-31T02:40:06+00:00","og_image":[{"width":1200,"height":800,"url":"https:\/\/gysfm.com.ar\/inicio\/wp-content\/uploads\/2026\/08\/partidarios-del-no-reaccionan-al-reportarse-AXVBKHYRQJBWZEQPDRQTZIFLQQ.jpg","type":"image\/jpeg"}],"author":"Prensa G&amp;S FM","twitter_card":"summary_large_image","twitter_misc":{"Escrito por":"Prensa G&amp;S FM","Tiempo de lectura":"5 minutos"},"schema":{"@context":"https:\/\/schema.org","@graph":[{"@type":"Article","@id":"https:\/\/gysfm.com.ar\/inicio\/islandia-le-cierra-la-puerta-a-la-integracion-con-la-union-europea\/#article","isPartOf":{"@id":"https:\/\/gysfm.com.ar\/inicio\/islandia-le-cierra-la-puerta-a-la-integracion-con-la-union-europea\/"},"author":{"name":"Prensa G&amp;S FM","@id":"https:\/\/gysfm.com.ar\/inicio\/#\/schema\/person\/3abba7593ef2ad19e1be221d54383dc5"},"headline":"Islandia le cierra la puerta a la integraci\u00f3n con la Uni\u00f3n Europea","datePublished":"2026-08-31T02:40:05+00:00","dateModified":"2026-08-31T02:40:06+00:00","mainEntityOfPage":{"@id":"https:\/\/gysfm.com.ar\/inicio\/islandia-le-cierra-la-puerta-a-la-integracion-con-la-union-europea\/"},"wordCount":1032,"publisher":{"@id":"https:\/\/gysfm.com.ar\/inicio\/#organization"},"image":{"@id":"https:\/\/gysfm.com.ar\/inicio\/islandia-le-cierra-la-puerta-a-la-integracion-con-la-union-europea\/#primaryimage"},"thumbnailUrl":"https:\/\/gysfm.com.ar\/inicio\/wp-content\/uploads\/2026\/08\/partidarios-del-no-reaccionan-al-reportarse-AXVBKHYRQJBWZEQPDRQTZIFLQQ.jpg","articleSection":["INTERNACIONALES"],"inLanguage":"es"},{"@type":"WebPage","@id":"https:\/\/gysfm.com.ar\/inicio\/islandia-le-cierra-la-puerta-a-la-integracion-con-la-union-europea\/","url":"https:\/\/gysfm.com.ar\/inicio\/islandia-le-cierra-la-puerta-a-la-integracion-con-la-union-europea\/","name":"Islandia le cierra la puerta a la integraci\u00f3n con la Uni\u00f3n Europea - GYS NOTICIAS |","isPartOf":{"@id":"https:\/\/gysfm.com.ar\/inicio\/#website"},"primaryImageOfPage":{"@id":"https:\/\/gysfm.com.ar\/inicio\/islandia-le-cierra-la-puerta-a-la-integracion-con-la-union-europea\/#primaryimage"},"image":{"@id":"https:\/\/gysfm.com.ar\/inicio\/islandia-le-cierra-la-puerta-a-la-integracion-con-la-union-europea\/#primaryimage"},"thumbnailUrl":"https:\/\/gysfm.com.ar\/inicio\/wp-content\/uploads\/2026\/08\/partidarios-del-no-reaccionan-al-reportarse-AXVBKHYRQJBWZEQPDRQTZIFLQQ.jpg","datePublished":"2026-08-31T02:40:05+00:00","dateModified":"2026-08-31T02:40:06+00:00","breadcrumb":{"@id":"https:\/\/gysfm.com.ar\/inicio\/islandia-le-cierra-la-puerta-a-la-integracion-con-la-union-europea\/#breadcrumb"},"inLanguage":"es","potentialAction":[{"@type":"ReadAction","target":["https:\/\/gysfm.com.ar\/inicio\/islandia-le-cierra-la-puerta-a-la-integracion-con-la-union-europea\/"]}]},{"@type":"ImageObject","inLanguage":"es","@id":"https:\/\/gysfm.com.ar\/inicio\/islandia-le-cierra-la-puerta-a-la-integracion-con-la-union-europea\/#primaryimage","url":"https:\/\/gysfm.com.ar\/inicio\/wp-content\/uploads\/2026\/08\/partidarios-del-no-reaccionan-al-reportarse-AXVBKHYRQJBWZEQPDRQTZIFLQQ.jpg","contentUrl":"https:\/\/gysfm.com.ar\/inicio\/wp-content\/uploads\/2026\/08\/partidarios-del-no-reaccionan-al-reportarse-AXVBKHYRQJBWZEQPDRQTZIFLQQ.jpg","width":1200,"height":800},{"@type":"BreadcrumbList","@id":"https:\/\/gysfm.com.ar\/inicio\/islandia-le-cierra-la-puerta-a-la-integracion-con-la-union-europea\/#breadcrumb","itemListElement":[{"@type":"ListItem","position":1,"name":"Portada","item":"https:\/\/gysfm.com.ar\/inicio\/"},{"@type":"ListItem","position":2,"name":"Islandia le cierra la puerta a la integraci\u00f3n con la Uni\u00f3n Europea"}]},{"@type":"WebSite","@id":"https:\/\/gysfm.com.ar\/inicio\/#website","url":"https:\/\/gysfm.com.ar\/inicio\/","name":"GYS NOTICIAS |","description":"DIARIO - RADIO ONLINE SAN JUAN ARGENTINA","publisher":{"@id":"https:\/\/gysfm.com.ar\/inicio\/#organization"},"potentialAction":[{"@type":"SearchAction","target":{"@type":"EntryPoint","urlTemplate":"https:\/\/gysfm.com.ar\/inicio\/?s={search_term_string}"},"query-input":{"@type":"PropertyValueSpecification","valueRequired":true,"valueName":"search_term_string"}}],"inLanguage":"es"},{"@type":"Organization","@id":"https:\/\/gysfm.com.ar\/inicio\/#organization","name":"GYS NOTICIAS |","url":"https:\/\/gysfm.com.ar\/inicio\/","logo":{"@type":"ImageObject","inLanguage":"es","@id":"https:\/\/gysfm.com.ar\/inicio\/#\/schema\/logo\/image\/","url":"https:\/\/gysfm.com.ar\/inicio\/wp-content\/uploads\/2023\/07\/LOGOGYS-OK.png","contentUrl":"https:\/\/gysfm.com.ar\/inicio\/wp-content\/uploads\/2023\/07\/LOGOGYS-OK.png","width":1170,"height":872,"caption":"GYS NOTICIAS |"},"image":{"@id":"https:\/\/gysfm.com.ar\/inicio\/#\/schema\/logo\/image\/"}},{"@type":"Person","@id":"https:\/\/gysfm.com.ar\/inicio\/#\/schema\/person\/3abba7593ef2ad19e1be221d54383dc5","name":"Prensa G&amp;S FM","image":{"@type":"ImageObject","inLanguage":"es","@id":"https:\/\/gysfm.com.ar\/inicio\/#\/schema\/person\/image\/","url":"https:\/\/secure.gravatar.com\/avatar\/096ec78df02049ab018702bb4ccedf659377fa92a26540b5247612077a0dbd29?s=96&d=mm&r=g","contentUrl":"https:\/\/secure.gravatar.com\/avatar\/096ec78df02049ab018702bb4ccedf659377fa92a26540b5247612077a0dbd29?s=96&d=mm&r=g","caption":"Prensa G&amp;S FM"},"sameAs":["https:\/\/gysfm.com.ar\/"],"url":"https:\/\/gysfm.com.ar\/inicio\/author\/lucasm\/"}]}},"_links":{"self":[{"href":"https:\/\/gysfm.com.ar\/inicio\/wp-json\/wp\/v2\/posts\/209905","targetHints":{"allow":["GET"]}}],"collection":[{"href":"https:\/\/gysfm.com.ar\/inicio\/wp-json\/wp\/v2\/posts"}],"about":[{"href":"https:\/\/gysfm.com.ar\/inicio\/wp-json\/wp\/v2\/types\/post"}],"author":[{"embeddable":true,"href":"https:\/\/gysfm.com.ar\/inicio\/wp-json\/wp\/v2\/users\/2"}],"replies":[{"embeddable":true,"href":"https:\/\/gysfm.com.ar\/inicio\/wp-json\/wp\/v2\/comments?post=209905"}],"version-history":[{"count":1,"href":"https:\/\/gysfm.com.ar\/inicio\/wp-json\/wp\/v2\/posts\/209905\/revisions"}],"predecessor-version":[{"id":209907,"href":"https:\/\/gysfm.com.ar\/inicio\/wp-json\/wp\/v2\/posts\/209905\/revisions\/209907"}],"wp:featuredmedia":[{"embeddable":true,"href":"https:\/\/gysfm.com.ar\/inicio\/wp-json\/wp\/v2\/media\/209906"}],"wp:attachment":[{"href":"https:\/\/gysfm.com.ar\/inicio\/wp-json\/wp\/v2\/media?parent=209905"}],"wp:term":[{"taxonomy":"category","embeddable":true,"href":"https:\/\/gysfm.com.ar\/inicio\/wp-json\/wp\/v2\/categories?post=209905"},{"taxonomy":"post_tag","embeddable":true,"href":"https:\/\/gysfm.com.ar\/inicio\/wp-json\/wp\/v2\/tags?post=209905"}],"curies":[{"name":"wp","href":"https:\/\/api.w.org\/{rel}","templated":true}]}}