{"id":209901,"date":"2026-08-30T22:02:18","date_gmt":"2026-08-31T01:02:18","guid":{"rendered":"https:\/\/gysfm.com.ar\/inicio\/el-vaticano-llega-a-buenos-aires-para-preparar-la-visita-del-papa-leon-xiv-a-la-argentina\/"},"modified":"2026-08-30T22:02:18","modified_gmt":"2026-08-31T01:02:18","slug":"el-vaticano-llega-a-buenos-aires-para-preparar-la-visita-del-papa-leon-xiv-a-la-argentina","status":"publish","type":"post","link":"https:\/\/gysfm.com.ar\/inicio\/el-vaticano-llega-a-buenos-aires-para-preparar-la-visita-del-papa-leon-xiv-a-la-argentina\/","title":{"rendered":"El Vaticano llega a Buenos Aires para preparar la visita del papa Le\u00f3n XIV a la Argentina"},"content":{"rendered":"<div><img decoding=\"async\" width=\"1440\" height=\"810\" src=\"https:\/\/diariosanjuan19.com.ar\/wp-content\/uploads\/2026\/08\/image-505.png\" class=\"attachment-post-thumbnail size-post-thumbnail wp-post-image\" alt=\"\" loading=\"lazy\"><\/div>\n<p><strong><em>Una delegaci\u00f3n de la Santa Sede aterrizar\u00e1 hoy a las 18:30 en Aeroparque con un fuerte operativo de seguridad. El jefe de la Iglesia Cat\u00f3lica estar\u00e1 en el pa\u00eds del 8 al 11 de noviembre.<\/em><\/strong><\/p>\n<p>A poco m\u00e1s de dos meses para la visita del papa Le\u00f3n XIV a la Argentina, hoy llegar\u00e1 una delegaci\u00f3n del Vaticano a Buenos Aires para avanzar en los detalles del viaje del jefe de la Iglesia Cat\u00f3lica.<\/p>\n<p>Seg\u00fan pudo saberse, est\u00e1 previsto que la comitiva aterrice en el Aeroparque Jorge Newbery a las 18:30 proveniente del vuelo LA 2369, y que cuente con un importante dispositivo de seguridad. El operativo prev\u00e9 un acompa\u00f1amiento policial durante el traslado de la delegaci\u00f3n y un control de explosivos a cargo del Grupo Especial de Desactivaci\u00f3n de Explosivos (GEDEX) de la Polic\u00eda Federal Argentina (PFA).<\/p>\n<p>La delegaci\u00f3n recorrer\u00e1 los distintos escenarios previstos para los actos que se realizar\u00e1n durante la recepci\u00f3n del santo padre en cada una de las jurisdicciones involucradas. Esa visita se enmarca en la etapa previa a la definici\u00f3n final de los operativos, que combinan aspectos de seguridad con la planificaci\u00f3n de convocatorias que se prev\u00e9n multitudinarias en m\u00e1s de un distrito.<\/p>\n<p>Una vez concluida la recorrida de la comisi\u00f3n vaticana, est\u00e1 previsto un nuevo encuentro de trabajo interjurisdiccional para poner en com\u00fan los avances registrados por cada jurisdicci\u00f3n y los proyectos espec\u00edficos vinculados a la organizaci\u00f3n del evento.<\/p>\n<figure class=\"wp-block-image size-large\"><img decoding=\"async\" loading=\"lazy\" width=\"1024\" height=\"576\" src=\"https:\/\/diariosanjuan19.com.ar\/wp-content\/uploads\/2026\/08\/image-504-1024x576.png\" alt=\"\" class=\"wp-image-41799\"><\/figure>\n<p>La entrada <a href=\"https:\/\/diariosanjuan19.com.ar\/el-vaticano-llega-a-buenos-aires-para-preparar-la-visita-del-papa-leon-xiv-a-la-argentina\/\">El Vaticano llega a Buenos Aires para preparar la visita del papa Le\u00f3n XIV a la Argentina<\/a> se public\u00f3 primero en <a href=\"https:\/\/diariosanjuan19.com.ar\/\">DIARIO SAN JUAN 19<\/a>.<\/p>\n","protected":false},"excerpt":{"rendered":"<p>Una delegaci\u00f3n de la Santa Sede aterrizar\u00e1 hoy a las 18:30 en Aeroparque con un fuerte operativo de seguridad. El jefe de la Iglesia Cat\u00f3lica estar\u00e1 en el pa\u00eds del 8 al 11 de noviembre. A poco m\u00e1s de dos meses para la visita del papa Le\u00f3n XIV a la Argentina, hoy llegar\u00e1 una delegaci\u00f3n [&hellip;]<\/p>\n","protected":false},"author":2,"featured_media":0,"comment_status":"closed","ping_status":"closed","sticky":false,"template":"","format":"standard","meta":{"footnotes":""},"categories":[26],"tags":[],"class_list":["post-209901","post","type-post","status-publish","format-standard","hentry","category-internacionales"],"yoast_head":"<!-- This site is optimized with the Yoast SEO plugin v24.4 - https:\/\/yoast.com\/wordpress\/plugins\/seo\/ -->\n<title>El Vaticano llega a Buenos Aires para preparar la visita del papa Le\u00f3n XIV a la Argentina - GYS NOTICIAS |<\/title>\n<meta name=\"robots\" content=\"index, follow, max-snippet:-1, max-image-preview:large, max-video-preview:-1\" \/>\n<link rel=\"canonical\" href=\"https:\/\/gysfm.com.ar\/inicio\/el-vaticano-llega-a-buenos-aires-para-preparar-la-visita-del-papa-leon-xiv-a-la-argentina\/\" \/>\n<meta property=\"og:locale\" content=\"es_ES\" \/>\n<meta property=\"og:type\" content=\"article\" \/>\n<meta property=\"og:title\" content=\"El Vaticano llega a Buenos Aires para preparar la visita del papa Le\u00f3n XIV a la Argentina - GYS NOTICIAS |\" \/>\n<meta property=\"og:description\" content=\"Una delegaci\u00f3n de la Santa Sede aterrizar\u00e1 hoy a las 18:30 en Aeroparque con un fuerte operativo de seguridad. El jefe de la Iglesia Cat\u00f3lica estar\u00e1 en el pa\u00eds del 8 al 11 de noviembre. A poco m\u00e1s de dos meses para la visita del papa Le\u00f3n XIV a la Argentina, hoy llegar\u00e1 una delegaci\u00f3n [&hellip;]\" \/>\n<meta property=\"og:url\" content=\"https:\/\/gysfm.com.ar\/inicio\/el-vaticano-llega-a-buenos-aires-para-preparar-la-visita-del-papa-leon-xiv-a-la-argentina\/\" \/>\n<meta property=\"og:site_name\" content=\"GYS NOTICIAS |\" \/>\n<meta property=\"article:published_time\" content=\"2026-08-31T01:02:18+00:00\" \/>\n<meta property=\"og:image\" content=\"https:\/\/diariosanjuan19.com.ar\/wp-content\/uploads\/2026\/08\/image-505.png\" \/>\n<meta name=\"author\" content=\"Prensa G&amp;S FM\" \/>\n<meta name=\"twitter:card\" content=\"summary_large_image\" \/>\n<meta name=\"twitter:label1\" content=\"Escrito por\" \/>\n\t<meta name=\"twitter:data1\" content=\"Prensa G&amp;S FM\" \/>\n\t<meta name=\"twitter:label2\" content=\"Tiempo de lectura\" \/>\n\t<meta name=\"twitter:data2\" content=\"1 minuto\" \/>\n<script type=\"application\/ld+json\" class=\"yoast-schema-graph\">{\"@context\":\"https:\/\/schema.org\",\"@graph\":[{\"@type\":\"Article\",\"@id\":\"https:\/\/gysfm.com.ar\/inicio\/el-vaticano-llega-a-buenos-aires-para-preparar-la-visita-del-papa-leon-xiv-a-la-argentina\/#article\",\"isPartOf\":{\"@id\":\"https:\/\/gysfm.com.ar\/inicio\/el-vaticano-llega-a-buenos-aires-para-preparar-la-visita-del-papa-leon-xiv-a-la-argentina\/\"},\"author\":{\"name\":\"Prensa G&amp;S FM\",\"@id\":\"https:\/\/gysfm.com.ar\/inicio\/#\/schema\/person\/3abba7593ef2ad19e1be221d54383dc5\"},\"headline\":\"El Vaticano llega a Buenos Aires para preparar la visita del papa Le\u00f3n XIV a la Argentina\",\"datePublished\":\"2026-08-31T01:02:18+00:00\",\"mainEntityOfPage\":{\"@id\":\"https:\/\/gysfm.com.ar\/inicio\/el-vaticano-llega-a-buenos-aires-para-preparar-la-visita-del-papa-leon-xiv-a-la-argentina\/\"},\"wordCount\":298,\"publisher\":{\"@id\":\"https:\/\/gysfm.com.ar\/inicio\/#organization\"},\"image\":{\"@id\":\"https:\/\/gysfm.com.ar\/inicio\/el-vaticano-llega-a-buenos-aires-para-preparar-la-visita-del-papa-leon-xiv-a-la-argentina\/#primaryimage\"},\"thumbnailUrl\":\"https:\/\/diariosanjuan19.com.ar\/wp-content\/uploads\/2026\/08\/image-505.png\",\"articleSection\":[\"INTERNACIONALES\"],\"inLanguage\":\"es\"},{\"@type\":\"WebPage\",\"@id\":\"https:\/\/gysfm.com.ar\/inicio\/el-vaticano-llega-a-buenos-aires-para-preparar-la-visita-del-papa-leon-xiv-a-la-argentina\/\",\"url\":\"https:\/\/gysfm.com.ar\/inicio\/el-vaticano-llega-a-buenos-aires-para-preparar-la-visita-del-papa-leon-xiv-a-la-argentina\/\",\"name\":\"El Vaticano llega a Buenos Aires para preparar la visita del papa Le\u00f3n XIV a la Argentina - GYS NOTICIAS |\",\"isPartOf\":{\"@id\":\"https:\/\/gysfm.com.ar\/inicio\/#website\"},\"primaryImageOfPage\":{\"@id\":\"https:\/\/gysfm.com.ar\/inicio\/el-vaticano-llega-a-buenos-aires-para-preparar-la-visita-del-papa-leon-xiv-a-la-argentina\/#primaryimage\"},\"image\":{\"@id\":\"https:\/\/gysfm.com.ar\/inicio\/el-vaticano-llega-a-buenos-aires-para-preparar-la-visita-del-papa-leon-xiv-a-la-argentina\/#primaryimage\"},\"thumbnailUrl\":\"https:\/\/diariosanjuan19.com.ar\/wp-content\/uploads\/2026\/08\/image-505.png\",\"datePublished\":\"2026-08-31T01:02:18+00:00\",\"breadcrumb\":{\"@id\":\"https:\/\/gysfm.com.ar\/inicio\/el-vaticano-llega-a-buenos-aires-para-preparar-la-visita-del-papa-leon-xiv-a-la-argentina\/#breadcrumb\"},\"inLanguage\":\"es\",\"potentialAction\":[{\"@type\":\"ReadAction\",\"target\":[\"https:\/\/gysfm.com.ar\/inicio\/el-vaticano-llega-a-buenos-aires-para-preparar-la-visita-del-papa-leon-xiv-a-la-argentina\/\"]}]},{\"@type\":\"ImageObject\",\"inLanguage\":\"es\",\"@id\":\"https:\/\/gysfm.com.ar\/inicio\/el-vaticano-llega-a-buenos-aires-para-preparar-la-visita-del-papa-leon-xiv-a-la-argentina\/#primaryimage\",\"url\":\"https:\/\/diariosanjuan19.com.ar\/wp-content\/uploads\/2026\/08\/image-505.png\",\"contentUrl\":\"https:\/\/diariosanjuan19.com.ar\/wp-content\/uploads\/2026\/08\/image-505.png\"},{\"@type\":\"BreadcrumbList\",\"@id\":\"https:\/\/gysfm.com.ar\/inicio\/el-vaticano-llega-a-buenos-aires-para-preparar-la-visita-del-papa-leon-xiv-a-la-argentina\/#breadcrumb\",\"itemListElement\":[{\"@type\":\"ListItem\",\"position\":1,\"name\":\"Portada\",\"item\":\"https:\/\/gysfm.com.ar\/inicio\/\"},{\"@type\":\"ListItem\",\"position\":2,\"name\":\"El Vaticano llega a Buenos Aires para preparar la visita del papa Le\u00f3n XIV a la Argentina\"}]},{\"@type\":\"WebSite\",\"@id\":\"https:\/\/gysfm.com.ar\/inicio\/#website\",\"url\":\"https:\/\/gysfm.com.ar\/inicio\/\",\"name\":\"GYS NOTICIAS |\",\"description\":\"DIARIO - RADIO ONLINE SAN JUAN ARGENTINA\",\"publisher\":{\"@id\":\"https:\/\/gysfm.com.ar\/inicio\/#organization\"},\"potentialAction\":[{\"@type\":\"SearchAction\",\"target\":{\"@type\":\"EntryPoint\",\"urlTemplate\":\"https:\/\/gysfm.com.ar\/inicio\/?s={search_term_string}\"},\"query-input\":{\"@type\":\"PropertyValueSpecification\",\"valueRequired\":true,\"valueName\":\"search_term_string\"}}],\"inLanguage\":\"es\"},{\"@type\":\"Organization\",\"@id\":\"https:\/\/gysfm.com.ar\/inicio\/#organization\",\"name\":\"GYS NOTICIAS |\",\"url\":\"https:\/\/gysfm.com.ar\/inicio\/\",\"logo\":{\"@type\":\"ImageObject\",\"inLanguage\":\"es\",\"@id\":\"https:\/\/gysfm.com.ar\/inicio\/#\/schema\/logo\/image\/\",\"url\":\"https:\/\/gysfm.com.ar\/inicio\/wp-content\/uploads\/2023\/07\/LOGOGYS-OK.png\",\"contentUrl\":\"https:\/\/gysfm.com.ar\/inicio\/wp-content\/uploads\/2023\/07\/LOGOGYS-OK.png\",\"width\":1170,\"height\":872,\"caption\":\"GYS NOTICIAS |\"},\"image\":{\"@id\":\"https:\/\/gysfm.com.ar\/inicio\/#\/schema\/logo\/image\/\"}},{\"@type\":\"Person\",\"@id\":\"https:\/\/gysfm.com.ar\/inicio\/#\/schema\/person\/3abba7593ef2ad19e1be221d54383dc5\",\"name\":\"Prensa G&amp;S FM\",\"image\":{\"@type\":\"ImageObject\",\"inLanguage\":\"es\",\"@id\":\"https:\/\/gysfm.com.ar\/inicio\/#\/schema\/person\/image\/\",\"url\":\"https:\/\/secure.gravatar.com\/avatar\/096ec78df02049ab018702bb4ccedf659377fa92a26540b5247612077a0dbd29?s=96&d=mm&r=g\",\"contentUrl\":\"https:\/\/secure.gravatar.com\/avatar\/096ec78df02049ab018702bb4ccedf659377fa92a26540b5247612077a0dbd29?s=96&d=mm&r=g\",\"caption\":\"Prensa G&amp;S FM\"},\"sameAs\":[\"https:\/\/gysfm.com.ar\/\"],\"url\":\"https:\/\/gysfm.com.ar\/inicio\/author\/lucasm\/\"}]}<\/script>\n<!-- \/ Yoast SEO plugin. -->","yoast_head_json":{"title":"El Vaticano llega a Buenos Aires para preparar la visita del papa Le\u00f3n XIV a la Argentina - GYS NOTICIAS |","robots":{"index":"index","follow":"follow","max-snippet":"max-snippet:-1","max-image-preview":"max-image-preview:large","max-video-preview":"max-video-preview:-1"},"canonical":"https:\/\/gysfm.com.ar\/inicio\/el-vaticano-llega-a-buenos-aires-para-preparar-la-visita-del-papa-leon-xiv-a-la-argentina\/","og_locale":"es_ES","og_type":"article","og_title":"El Vaticano llega a Buenos Aires para preparar la visita del papa Le\u00f3n XIV a la Argentina - GYS NOTICIAS |","og_description":"Una delegaci\u00f3n de la Santa Sede aterrizar\u00e1 hoy a las 18:30 en Aeroparque con un fuerte operativo de seguridad. El jefe de la Iglesia Cat\u00f3lica estar\u00e1 en el pa\u00eds del 8 al 11 de noviembre. A poco m\u00e1s de dos meses para la visita del papa Le\u00f3n XIV a la Argentina, hoy llegar\u00e1 una delegaci\u00f3n [&hellip;]","og_url":"https:\/\/gysfm.com.ar\/inicio\/el-vaticano-llega-a-buenos-aires-para-preparar-la-visita-del-papa-leon-xiv-a-la-argentina\/","og_site_name":"GYS NOTICIAS |","article_published_time":"2026-08-31T01:02:18+00:00","og_image":[{"url":"https:\/\/diariosanjuan19.com.ar\/wp-content\/uploads\/2026\/08\/image-505.png","type":"","width":"","height":""}],"author":"Prensa G&amp;S FM","twitter_card":"summary_large_image","twitter_misc":{"Escrito por":"Prensa G&amp;S FM","Tiempo de lectura":"1 minuto"},"schema":{"@context":"https:\/\/schema.org","@graph":[{"@type":"Article","@id":"https:\/\/gysfm.com.ar\/inicio\/el-vaticano-llega-a-buenos-aires-para-preparar-la-visita-del-papa-leon-xiv-a-la-argentina\/#article","isPartOf":{"@id":"https:\/\/gysfm.com.ar\/inicio\/el-vaticano-llega-a-buenos-aires-para-preparar-la-visita-del-papa-leon-xiv-a-la-argentina\/"},"author":{"name":"Prensa G&amp;S FM","@id":"https:\/\/gysfm.com.ar\/inicio\/#\/schema\/person\/3abba7593ef2ad19e1be221d54383dc5"},"headline":"El Vaticano llega a Buenos Aires para preparar la visita del papa Le\u00f3n XIV a la Argentina","datePublished":"2026-08-31T01:02:18+00:00","mainEntityOfPage":{"@id":"https:\/\/gysfm.com.ar\/inicio\/el-vaticano-llega-a-buenos-aires-para-preparar-la-visita-del-papa-leon-xiv-a-la-argentina\/"},"wordCount":298,"publisher":{"@id":"https:\/\/gysfm.com.ar\/inicio\/#organization"},"image":{"@id":"https:\/\/gysfm.com.ar\/inicio\/el-vaticano-llega-a-buenos-aires-para-preparar-la-visita-del-papa-leon-xiv-a-la-argentina\/#primaryimage"},"thumbnailUrl":"https:\/\/diariosanjuan19.com.ar\/wp-content\/uploads\/2026\/08\/image-505.png","articleSection":["INTERNACIONALES"],"inLanguage":"es"},{"@type":"WebPage","@id":"https:\/\/gysfm.com.ar\/inicio\/el-vaticano-llega-a-buenos-aires-para-preparar-la-visita-del-papa-leon-xiv-a-la-argentina\/","url":"https:\/\/gysfm.com.ar\/inicio\/el-vaticano-llega-a-buenos-aires-para-preparar-la-visita-del-papa-leon-xiv-a-la-argentina\/","name":"El Vaticano llega a Buenos Aires para preparar la visita del papa Le\u00f3n XIV a la Argentina - GYS NOTICIAS |","isPartOf":{"@id":"https:\/\/gysfm.com.ar\/inicio\/#website"},"primaryImageOfPage":{"@id":"https:\/\/gysfm.com.ar\/inicio\/el-vaticano-llega-a-buenos-aires-para-preparar-la-visita-del-papa-leon-xiv-a-la-argentina\/#primaryimage"},"image":{"@id":"https:\/\/gysfm.com.ar\/inicio\/el-vaticano-llega-a-buenos-aires-para-preparar-la-visita-del-papa-leon-xiv-a-la-argentina\/#primaryimage"},"thumbnailUrl":"https:\/\/diariosanjuan19.com.ar\/wp-content\/uploads\/2026\/08\/image-505.png","datePublished":"2026-08-31T01:02:18+00:00","breadcrumb":{"@id":"https:\/\/gysfm.com.ar\/inicio\/el-vaticano-llega-a-buenos-aires-para-preparar-la-visita-del-papa-leon-xiv-a-la-argentina\/#breadcrumb"},"inLanguage":"es","potentialAction":[{"@type":"ReadAction","target":["https:\/\/gysfm.com.ar\/inicio\/el-vaticano-llega-a-buenos-aires-para-preparar-la-visita-del-papa-leon-xiv-a-la-argentina\/"]}]},{"@type":"ImageObject","inLanguage":"es","@id":"https:\/\/gysfm.com.ar\/inicio\/el-vaticano-llega-a-buenos-aires-para-preparar-la-visita-del-papa-leon-xiv-a-la-argentina\/#primaryimage","url":"https:\/\/diariosanjuan19.com.ar\/wp-content\/uploads\/2026\/08\/image-505.png","contentUrl":"https:\/\/diariosanjuan19.com.ar\/wp-content\/uploads\/2026\/08\/image-505.png"},{"@type":"BreadcrumbList","@id":"https:\/\/gysfm.com.ar\/inicio\/el-vaticano-llega-a-buenos-aires-para-preparar-la-visita-del-papa-leon-xiv-a-la-argentina\/#breadcrumb","itemListElement":[{"@type":"ListItem","position":1,"name":"Portada","item":"https:\/\/gysfm.com.ar\/inicio\/"},{"@type":"ListItem","position":2,"name":"El Vaticano llega a Buenos Aires para preparar la visita del papa Le\u00f3n XIV a la Argentina"}]},{"@type":"WebSite","@id":"https:\/\/gysfm.com.ar\/inicio\/#website","url":"https:\/\/gysfm.com.ar\/inicio\/","name":"GYS NOTICIAS |","description":"DIARIO - RADIO ONLINE SAN JUAN ARGENTINA","publisher":{"@id":"https:\/\/gysfm.com.ar\/inicio\/#organization"},"potentialAction":[{"@type":"SearchAction","target":{"@type":"EntryPoint","urlTemplate":"https:\/\/gysfm.com.ar\/inicio\/?s={search_term_string}"},"query-input":{"@type":"PropertyValueSpecification","valueRequired":true,"valueName":"search_term_string"}}],"inLanguage":"es"},{"@type":"Organization","@id":"https:\/\/gysfm.com.ar\/inicio\/#organization","name":"GYS NOTICIAS |","url":"https:\/\/gysfm.com.ar\/inicio\/","logo":{"@type":"ImageObject","inLanguage":"es","@id":"https:\/\/gysfm.com.ar\/inicio\/#\/schema\/logo\/image\/","url":"https:\/\/gysfm.com.ar\/inicio\/wp-content\/uploads\/2023\/07\/LOGOGYS-OK.png","contentUrl":"https:\/\/gysfm.com.ar\/inicio\/wp-content\/uploads\/2023\/07\/LOGOGYS-OK.png","width":1170,"height":872,"caption":"GYS NOTICIAS |"},"image":{"@id":"https:\/\/gysfm.com.ar\/inicio\/#\/schema\/logo\/image\/"}},{"@type":"Person","@id":"https:\/\/gysfm.com.ar\/inicio\/#\/schema\/person\/3abba7593ef2ad19e1be221d54383dc5","name":"Prensa G&amp;S FM","image":{"@type":"ImageObject","inLanguage":"es","@id":"https:\/\/gysfm.com.ar\/inicio\/#\/schema\/person\/image\/","url":"https:\/\/secure.gravatar.com\/avatar\/096ec78df02049ab018702bb4ccedf659377fa92a26540b5247612077a0dbd29?s=96&d=mm&r=g","contentUrl":"https:\/\/secure.gravatar.com\/avatar\/096ec78df02049ab018702bb4ccedf659377fa92a26540b5247612077a0dbd29?s=96&d=mm&r=g","caption":"Prensa G&amp;S FM"},"sameAs":["https:\/\/gysfm.com.ar\/"],"url":"https:\/\/gysfm.com.ar\/inicio\/author\/lucasm\/"}]}},"_links":{"self":[{"href":"https:\/\/gysfm.com.ar\/inicio\/wp-json\/wp\/v2\/posts\/209901","targetHints":{"allow":["GET"]}}],"collection":[{"href":"https:\/\/gysfm.com.ar\/inicio\/wp-json\/wp\/v2\/posts"}],"about":[{"href":"https:\/\/gysfm.com.ar\/inicio\/wp-json\/wp\/v2\/types\/post"}],"author":[{"embeddable":true,"href":"https:\/\/gysfm.com.ar\/inicio\/wp-json\/wp\/v2\/users\/2"}],"replies":[{"embeddable":true,"href":"https:\/\/gysfm.com.ar\/inicio\/wp-json\/wp\/v2\/comments?post=209901"}],"version-history":[{"count":0,"href":"https:\/\/gysfm.com.ar\/inicio\/wp-json\/wp\/v2\/posts\/209901\/revisions"}],"wp:attachment":[{"href":"https:\/\/gysfm.com.ar\/inicio\/wp-json\/wp\/v2\/media?parent=209901"}],"wp:term":[{"taxonomy":"category","embeddable":true,"href":"https:\/\/gysfm.com.ar\/inicio\/wp-json\/wp\/v2\/categories?post=209901"},{"taxonomy":"post_tag","embeddable":true,"href":"https:\/\/gysfm.com.ar\/inicio\/wp-json\/wp\/v2\/tags?post=209901"}],"curies":[{"name":"wp","href":"https:\/\/api.w.org\/{rel}","templated":true}]}}