{"id":209900,"date":"2026-08-30T22:02:17","date_gmt":"2026-08-31T01:02:17","guid":{"rendered":"https:\/\/gysfm.com.ar\/inicio\/nepal-busca-a-miles-de-desaparecidos-bajo-toneladas-de-lodo-tras-inundaciones-catastroficas\/"},"modified":"2026-08-30T22:02:17","modified_gmt":"2026-08-31T01:02:17","slug":"nepal-busca-a-miles-de-desaparecidos-bajo-toneladas-de-lodo-tras-inundaciones-catastroficas","status":"publish","type":"post","link":"https:\/\/gysfm.com.ar\/inicio\/nepal-busca-a-miles-de-desaparecidos-bajo-toneladas-de-lodo-tras-inundaciones-catastroficas\/","title":{"rendered":"Nepal busca a miles de desaparecidos bajo toneladas de lodo tras inundaciones catastr\u00f3ficas"},"content":{"rendered":"<div><img loading=\"lazy\" decoding=\"async\" width=\"450\" height=\"337\" src=\"https:\/\/diariosanjuan19.com.ar\/wp-content\/uploads\/2026\/08\/image-511.png\" class=\"attachment-post-thumbnail size-post-thumbnail wp-post-image\" alt=\"\"><\/div>\n<p><strong><em>La tragedia causada por las inundaciones repentinas contin\u00faa y el balance no para de crecer: se contabilizan 3.000 desaparecidos y 670 fallecidos, cuyos cuerpos ya comenzaron a ser sepultados ante la avanzada descomposici\u00f3n que impide identificarlos. Los equipos de rescate trabajan contra el reloj bajo toneladas de lodo y escombros.<\/em><\/strong><\/p>\n<p>La cat\u00e1strofe golpe\u00f3 de forma devastadora a varias regiones de Nepal, donde las lluvias torrenciales desencadenaron inundaciones y deslizamientos de tierra que arrasaron comunidades enteras. El lodo y el barro sepultaron viviendas, caminos y zonas enteras, dejando un escenario de destrucci\u00f3n que dificulta severamente las tareas de b\u00fasqueda.<\/p>\n<p>Las autoridades enfrentan una carrera contrarreloj. La avanzada descomposici\u00f3n de los cuerpos hallados oblig\u00f3 a comenzar los sepulcros de manera urgente, ya que las condiciones de manejo de los restos se tornan cada vez m\u00e1s complejas y representan un riesgo sanitario. Esta situaci\u00f3n, adem\u00e1s, impide llevar adelante los procesos de identificaci\u00f3n con normalidad, lo que agrava el drama para las familias que a\u00fan esperan noticias de sus seres queridos.<\/p>\n<h2 class=\"wp-block-heading\">La magnitud de la tragedia<\/h2>\n<p>Con 670 muertos confirmados y 3.000 personas todav\u00eda desaparecidas, la cifra final de v\u00edctimas podr\u00eda ser considerablemente mayor. Los equipos de rescate, integrados por personal militar, policial y voluntarios, contin\u00faan excavando en las zonas m\u00e1s afectadas con la esperanza de encontrar sobrevivientes, aunque el paso de las horas reduce esa posibilidad.<\/p>\n<p>Los pueblos m\u00e1s vulnerables, ubicados en zonas monta\u00f1osas y ribere\u00f1as, fueron los m\u00e1s castigados. Muchas comunidades quedaron aisladas por los derrumbes, lo que complica el acceso de la ayuda humanitaria, la maquinaria pesada y el personal especializado.<\/p>\n<h2 class=\"wp-block-heading\">Respuesta internacional y estado de emergencia<\/h2>\n<p>Ante la magnitud de la cat\u00e1strofe, el gobierno nepal\u00ed declar\u00f3 la emergencia y solicit\u00f3 asistencia internacional. Organismos humanitarios y pa\u00edses aliados comenzaron a movilizar recursos, equipos de b\u00fasqueda y suministros para asistir a los miles de damnificados que perdieron sus viviendas y medios de subsistencia.<\/p>\n<p>Mientras tanto, el drama humano crece: familias enteras buscan a sus allegados entre los escombros y el lodo, en una tragedia que deja en evidencia la vulnerabilidad del pa\u00eds frente a eventos clim\u00e1ticos extremos, agravados por el cambio clim\u00e1tico y la deforestaci\u00f3n de las laderas monta\u00f1osas.<\/p>\n<p>La comunidad internacional observa con preocupaci\u00f3n la evoluci\u00f3n de una de las peores cat\u00e1strofes naturales que ha sufrido Nepal en su historia reciente.<\/p>\n<div class=\"wp-block-image\">\n<figure class=\"aligncenter size-full is-resized\"><img loading=\"lazy\" decoding=\"async\" width=\"450\" height=\"300\" src=\"https:\/\/diariosanjuan19.com.ar\/wp-content\/uploads\/2026\/08\/image-510.png\" alt=\"\" class=\"wp-image-41812\"><\/figure>\n<\/div>\n<p>La entrada <a href=\"https:\/\/diariosanjuan19.com.ar\/nepal-busca-a-miles-de-desaparecidos-bajo-toneladas-de-lodo-tras-inundaciones-catastroficas\/\">Nepal busca a miles de desaparecidos bajo toneladas de lodo tras inundaciones catastr\u00f3ficas<\/a> se public\u00f3 primero en <a href=\"https:\/\/diariosanjuan19.com.ar\/\">DIARIO SAN JUAN 19<\/a>.<\/p>\n","protected":false},"excerpt":{"rendered":"<p>La tragedia causada por las inundaciones repentinas contin\u00faa y el balance no para de crecer: se contabilizan 3.000 desaparecidos y 670 fallecidos, cuyos cuerpos ya comenzaron a ser sepultados ante la avanzada descomposici\u00f3n que impide identificarlos. Los equipos de rescate trabajan contra el reloj bajo toneladas de lodo y escombros. La cat\u00e1strofe golpe\u00f3 de forma [&hellip;]<\/p>\n","protected":false},"author":2,"featured_media":0,"comment_status":"closed","ping_status":"closed","sticky":false,"template":"","format":"standard","meta":{"footnotes":""},"categories":[26],"tags":[],"class_list":["post-209900","post","type-post","status-publish","format-standard","hentry","category-internacionales"],"yoast_head":"<!-- This site is optimized with the Yoast SEO plugin v24.4 - https:\/\/yoast.com\/wordpress\/plugins\/seo\/ -->\n<title>Nepal busca a miles de desaparecidos bajo toneladas de lodo tras inundaciones catastr\u00f3ficas - GYS NOTICIAS |<\/title>\n<meta name=\"robots\" content=\"index, follow, max-snippet:-1, max-image-preview:large, max-video-preview:-1\" \/>\n<link rel=\"canonical\" href=\"https:\/\/gysfm.com.ar\/inicio\/nepal-busca-a-miles-de-desaparecidos-bajo-toneladas-de-lodo-tras-inundaciones-catastroficas\/\" \/>\n<meta property=\"og:locale\" content=\"es_ES\" \/>\n<meta property=\"og:type\" content=\"article\" \/>\n<meta property=\"og:title\" content=\"Nepal busca a miles de desaparecidos bajo toneladas de lodo tras inundaciones catastr\u00f3ficas - GYS NOTICIAS |\" \/>\n<meta property=\"og:description\" content=\"La tragedia causada por las inundaciones repentinas contin\u00faa y el balance no para de crecer: se contabilizan 3.000 desaparecidos y 670 fallecidos, cuyos cuerpos ya comenzaron a ser sepultados ante la avanzada descomposici\u00f3n que impide identificarlos. Los equipos de rescate trabajan contra el reloj bajo toneladas de lodo y escombros. La cat\u00e1strofe golpe\u00f3 de forma [&hellip;]\" \/>\n<meta property=\"og:url\" content=\"https:\/\/gysfm.com.ar\/inicio\/nepal-busca-a-miles-de-desaparecidos-bajo-toneladas-de-lodo-tras-inundaciones-catastroficas\/\" \/>\n<meta property=\"og:site_name\" content=\"GYS NOTICIAS |\" \/>\n<meta property=\"article:published_time\" content=\"2026-08-31T01:02:17+00:00\" \/>\n<meta property=\"og:image\" content=\"https:\/\/diariosanjuan19.com.ar\/wp-content\/uploads\/2026\/08\/image-511.png\" \/>\n<meta name=\"author\" content=\"Prensa G&amp;S FM\" \/>\n<meta name=\"twitter:card\" content=\"summary_large_image\" \/>\n<meta name=\"twitter:label1\" content=\"Escrito por\" \/>\n\t<meta name=\"twitter:data1\" content=\"Prensa G&amp;S FM\" \/>\n\t<meta name=\"twitter:label2\" content=\"Tiempo de lectura\" \/>\n\t<meta name=\"twitter:data2\" content=\"2 minutos\" \/>\n<script type=\"application\/ld+json\" class=\"yoast-schema-graph\">{\"@context\":\"https:\/\/schema.org\",\"@graph\":[{\"@type\":\"Article\",\"@id\":\"https:\/\/gysfm.com.ar\/inicio\/nepal-busca-a-miles-de-desaparecidos-bajo-toneladas-de-lodo-tras-inundaciones-catastroficas\/#article\",\"isPartOf\":{\"@id\":\"https:\/\/gysfm.com.ar\/inicio\/nepal-busca-a-miles-de-desaparecidos-bajo-toneladas-de-lodo-tras-inundaciones-catastroficas\/\"},\"author\":{\"name\":\"Prensa G&amp;S FM\",\"@id\":\"https:\/\/gysfm.com.ar\/inicio\/#\/schema\/person\/3abba7593ef2ad19e1be221d54383dc5\"},\"headline\":\"Nepal busca a miles de desaparecidos bajo toneladas de lodo tras inundaciones catastr\u00f3ficas\",\"datePublished\":\"2026-08-31T01:02:17+00:00\",\"mainEntityOfPage\":{\"@id\":\"https:\/\/gysfm.com.ar\/inicio\/nepal-busca-a-miles-de-desaparecidos-bajo-toneladas-de-lodo-tras-inundaciones-catastroficas\/\"},\"wordCount\":444,\"publisher\":{\"@id\":\"https:\/\/gysfm.com.ar\/inicio\/#organization\"},\"image\":{\"@id\":\"https:\/\/gysfm.com.ar\/inicio\/nepal-busca-a-miles-de-desaparecidos-bajo-toneladas-de-lodo-tras-inundaciones-catastroficas\/#primaryimage\"},\"thumbnailUrl\":\"https:\/\/diariosanjuan19.com.ar\/wp-content\/uploads\/2026\/08\/image-511.png\",\"articleSection\":[\"INTERNACIONALES\"],\"inLanguage\":\"es\"},{\"@type\":\"WebPage\",\"@id\":\"https:\/\/gysfm.com.ar\/inicio\/nepal-busca-a-miles-de-desaparecidos-bajo-toneladas-de-lodo-tras-inundaciones-catastroficas\/\",\"url\":\"https:\/\/gysfm.com.ar\/inicio\/nepal-busca-a-miles-de-desaparecidos-bajo-toneladas-de-lodo-tras-inundaciones-catastroficas\/\",\"name\":\"Nepal busca a miles de desaparecidos bajo toneladas de lodo tras inundaciones catastr\u00f3ficas - GYS NOTICIAS |\",\"isPartOf\":{\"@id\":\"https:\/\/gysfm.com.ar\/inicio\/#website\"},\"primaryImageOfPage\":{\"@id\":\"https:\/\/gysfm.com.ar\/inicio\/nepal-busca-a-miles-de-desaparecidos-bajo-toneladas-de-lodo-tras-inundaciones-catastroficas\/#primaryimage\"},\"image\":{\"@id\":\"https:\/\/gysfm.com.ar\/inicio\/nepal-busca-a-miles-de-desaparecidos-bajo-toneladas-de-lodo-tras-inundaciones-catastroficas\/#primaryimage\"},\"thumbnailUrl\":\"https:\/\/diariosanjuan19.com.ar\/wp-content\/uploads\/2026\/08\/image-511.png\",\"datePublished\":\"2026-08-31T01:02:17+00:00\",\"breadcrumb\":{\"@id\":\"https:\/\/gysfm.com.ar\/inicio\/nepal-busca-a-miles-de-desaparecidos-bajo-toneladas-de-lodo-tras-inundaciones-catastroficas\/#breadcrumb\"},\"inLanguage\":\"es\",\"potentialAction\":[{\"@type\":\"ReadAction\",\"target\":[\"https:\/\/gysfm.com.ar\/inicio\/nepal-busca-a-miles-de-desaparecidos-bajo-toneladas-de-lodo-tras-inundaciones-catastroficas\/\"]}]},{\"@type\":\"ImageObject\",\"inLanguage\":\"es\",\"@id\":\"https:\/\/gysfm.com.ar\/inicio\/nepal-busca-a-miles-de-desaparecidos-bajo-toneladas-de-lodo-tras-inundaciones-catastroficas\/#primaryimage\",\"url\":\"https:\/\/diariosanjuan19.com.ar\/wp-content\/uploads\/2026\/08\/image-511.png\",\"contentUrl\":\"https:\/\/diariosanjuan19.com.ar\/wp-content\/uploads\/2026\/08\/image-511.png\"},{\"@type\":\"BreadcrumbList\",\"@id\":\"https:\/\/gysfm.com.ar\/inicio\/nepal-busca-a-miles-de-desaparecidos-bajo-toneladas-de-lodo-tras-inundaciones-catastroficas\/#breadcrumb\",\"itemListElement\":[{\"@type\":\"ListItem\",\"position\":1,\"name\":\"Portada\",\"item\":\"https:\/\/gysfm.com.ar\/inicio\/\"},{\"@type\":\"ListItem\",\"position\":2,\"name\":\"Nepal busca a miles de desaparecidos bajo toneladas de lodo tras inundaciones catastr\u00f3ficas\"}]},{\"@type\":\"WebSite\",\"@id\":\"https:\/\/gysfm.com.ar\/inicio\/#website\",\"url\":\"https:\/\/gysfm.com.ar\/inicio\/\",\"name\":\"GYS NOTICIAS |\",\"description\":\"DIARIO - RADIO ONLINE SAN JUAN ARGENTINA\",\"publisher\":{\"@id\":\"https:\/\/gysfm.com.ar\/inicio\/#organization\"},\"potentialAction\":[{\"@type\":\"SearchAction\",\"target\":{\"@type\":\"EntryPoint\",\"urlTemplate\":\"https:\/\/gysfm.com.ar\/inicio\/?s={search_term_string}\"},\"query-input\":{\"@type\":\"PropertyValueSpecification\",\"valueRequired\":true,\"valueName\":\"search_term_string\"}}],\"inLanguage\":\"es\"},{\"@type\":\"Organization\",\"@id\":\"https:\/\/gysfm.com.ar\/inicio\/#organization\",\"name\":\"GYS NOTICIAS |\",\"url\":\"https:\/\/gysfm.com.ar\/inicio\/\",\"logo\":{\"@type\":\"ImageObject\",\"inLanguage\":\"es\",\"@id\":\"https:\/\/gysfm.com.ar\/inicio\/#\/schema\/logo\/image\/\",\"url\":\"https:\/\/gysfm.com.ar\/inicio\/wp-content\/uploads\/2023\/07\/LOGOGYS-OK.png\",\"contentUrl\":\"https:\/\/gysfm.com.ar\/inicio\/wp-content\/uploads\/2023\/07\/LOGOGYS-OK.png\",\"width\":1170,\"height\":872,\"caption\":\"GYS NOTICIAS |\"},\"image\":{\"@id\":\"https:\/\/gysfm.com.ar\/inicio\/#\/schema\/logo\/image\/\"}},{\"@type\":\"Person\",\"@id\":\"https:\/\/gysfm.com.ar\/inicio\/#\/schema\/person\/3abba7593ef2ad19e1be221d54383dc5\",\"name\":\"Prensa G&amp;S FM\",\"image\":{\"@type\":\"ImageObject\",\"inLanguage\":\"es\",\"@id\":\"https:\/\/gysfm.com.ar\/inicio\/#\/schema\/person\/image\/\",\"url\":\"https:\/\/secure.gravatar.com\/avatar\/096ec78df02049ab018702bb4ccedf659377fa92a26540b5247612077a0dbd29?s=96&d=mm&r=g\",\"contentUrl\":\"https:\/\/secure.gravatar.com\/avatar\/096ec78df02049ab018702bb4ccedf659377fa92a26540b5247612077a0dbd29?s=96&d=mm&r=g\",\"caption\":\"Prensa G&amp;S FM\"},\"sameAs\":[\"https:\/\/gysfm.com.ar\/\"],\"url\":\"https:\/\/gysfm.com.ar\/inicio\/author\/lucasm\/\"}]}<\/script>\n<!-- \/ Yoast SEO plugin. -->","yoast_head_json":{"title":"Nepal busca a miles de desaparecidos bajo toneladas de lodo tras inundaciones catastr\u00f3ficas - GYS NOTICIAS |","robots":{"index":"index","follow":"follow","max-snippet":"max-snippet:-1","max-image-preview":"max-image-preview:large","max-video-preview":"max-video-preview:-1"},"canonical":"https:\/\/gysfm.com.ar\/inicio\/nepal-busca-a-miles-de-desaparecidos-bajo-toneladas-de-lodo-tras-inundaciones-catastroficas\/","og_locale":"es_ES","og_type":"article","og_title":"Nepal busca a miles de desaparecidos bajo toneladas de lodo tras inundaciones catastr\u00f3ficas - GYS NOTICIAS |","og_description":"La tragedia causada por las inundaciones repentinas contin\u00faa y el balance no para de crecer: se contabilizan 3.000 desaparecidos y 670 fallecidos, cuyos cuerpos ya comenzaron a ser sepultados ante la avanzada descomposici\u00f3n que impide identificarlos. Los equipos de rescate trabajan contra el reloj bajo toneladas de lodo y escombros. La cat\u00e1strofe golpe\u00f3 de forma [&hellip;]","og_url":"https:\/\/gysfm.com.ar\/inicio\/nepal-busca-a-miles-de-desaparecidos-bajo-toneladas-de-lodo-tras-inundaciones-catastroficas\/","og_site_name":"GYS NOTICIAS |","article_published_time":"2026-08-31T01:02:17+00:00","og_image":[{"url":"https:\/\/diariosanjuan19.com.ar\/wp-content\/uploads\/2026\/08\/image-511.png","type":"","width":"","height":""}],"author":"Prensa G&amp;S FM","twitter_card":"summary_large_image","twitter_misc":{"Escrito por":"Prensa G&amp;S FM","Tiempo de lectura":"2 minutos"},"schema":{"@context":"https:\/\/schema.org","@graph":[{"@type":"Article","@id":"https:\/\/gysfm.com.ar\/inicio\/nepal-busca-a-miles-de-desaparecidos-bajo-toneladas-de-lodo-tras-inundaciones-catastroficas\/#article","isPartOf":{"@id":"https:\/\/gysfm.com.ar\/inicio\/nepal-busca-a-miles-de-desaparecidos-bajo-toneladas-de-lodo-tras-inundaciones-catastroficas\/"},"author":{"name":"Prensa G&amp;S FM","@id":"https:\/\/gysfm.com.ar\/inicio\/#\/schema\/person\/3abba7593ef2ad19e1be221d54383dc5"},"headline":"Nepal busca a miles de desaparecidos bajo toneladas de lodo tras inundaciones catastr\u00f3ficas","datePublished":"2026-08-31T01:02:17+00:00","mainEntityOfPage":{"@id":"https:\/\/gysfm.com.ar\/inicio\/nepal-busca-a-miles-de-desaparecidos-bajo-toneladas-de-lodo-tras-inundaciones-catastroficas\/"},"wordCount":444,"publisher":{"@id":"https:\/\/gysfm.com.ar\/inicio\/#organization"},"image":{"@id":"https:\/\/gysfm.com.ar\/inicio\/nepal-busca-a-miles-de-desaparecidos-bajo-toneladas-de-lodo-tras-inundaciones-catastroficas\/#primaryimage"},"thumbnailUrl":"https:\/\/diariosanjuan19.com.ar\/wp-content\/uploads\/2026\/08\/image-511.png","articleSection":["INTERNACIONALES"],"inLanguage":"es"},{"@type":"WebPage","@id":"https:\/\/gysfm.com.ar\/inicio\/nepal-busca-a-miles-de-desaparecidos-bajo-toneladas-de-lodo-tras-inundaciones-catastroficas\/","url":"https:\/\/gysfm.com.ar\/inicio\/nepal-busca-a-miles-de-desaparecidos-bajo-toneladas-de-lodo-tras-inundaciones-catastroficas\/","name":"Nepal busca a miles de desaparecidos bajo toneladas de lodo tras inundaciones catastr\u00f3ficas - GYS NOTICIAS |","isPartOf":{"@id":"https:\/\/gysfm.com.ar\/inicio\/#website"},"primaryImageOfPage":{"@id":"https:\/\/gysfm.com.ar\/inicio\/nepal-busca-a-miles-de-desaparecidos-bajo-toneladas-de-lodo-tras-inundaciones-catastroficas\/#primaryimage"},"image":{"@id":"https:\/\/gysfm.com.ar\/inicio\/nepal-busca-a-miles-de-desaparecidos-bajo-toneladas-de-lodo-tras-inundaciones-catastroficas\/#primaryimage"},"thumbnailUrl":"https:\/\/diariosanjuan19.com.ar\/wp-content\/uploads\/2026\/08\/image-511.png","datePublished":"2026-08-31T01:02:17+00:00","breadcrumb":{"@id":"https:\/\/gysfm.com.ar\/inicio\/nepal-busca-a-miles-de-desaparecidos-bajo-toneladas-de-lodo-tras-inundaciones-catastroficas\/#breadcrumb"},"inLanguage":"es","potentialAction":[{"@type":"ReadAction","target":["https:\/\/gysfm.com.ar\/inicio\/nepal-busca-a-miles-de-desaparecidos-bajo-toneladas-de-lodo-tras-inundaciones-catastroficas\/"]}]},{"@type":"ImageObject","inLanguage":"es","@id":"https:\/\/gysfm.com.ar\/inicio\/nepal-busca-a-miles-de-desaparecidos-bajo-toneladas-de-lodo-tras-inundaciones-catastroficas\/#primaryimage","url":"https:\/\/diariosanjuan19.com.ar\/wp-content\/uploads\/2026\/08\/image-511.png","contentUrl":"https:\/\/diariosanjuan19.com.ar\/wp-content\/uploads\/2026\/08\/image-511.png"},{"@type":"BreadcrumbList","@id":"https:\/\/gysfm.com.ar\/inicio\/nepal-busca-a-miles-de-desaparecidos-bajo-toneladas-de-lodo-tras-inundaciones-catastroficas\/#breadcrumb","itemListElement":[{"@type":"ListItem","position":1,"name":"Portada","item":"https:\/\/gysfm.com.ar\/inicio\/"},{"@type":"ListItem","position":2,"name":"Nepal busca a miles de desaparecidos bajo toneladas de lodo tras inundaciones catastr\u00f3ficas"}]},{"@type":"WebSite","@id":"https:\/\/gysfm.com.ar\/inicio\/#website","url":"https:\/\/gysfm.com.ar\/inicio\/","name":"GYS NOTICIAS |","description":"DIARIO - RADIO ONLINE SAN JUAN ARGENTINA","publisher":{"@id":"https:\/\/gysfm.com.ar\/inicio\/#organization"},"potentialAction":[{"@type":"SearchAction","target":{"@type":"EntryPoint","urlTemplate":"https:\/\/gysfm.com.ar\/inicio\/?s={search_term_string}"},"query-input":{"@type":"PropertyValueSpecification","valueRequired":true,"valueName":"search_term_string"}}],"inLanguage":"es"},{"@type":"Organization","@id":"https:\/\/gysfm.com.ar\/inicio\/#organization","name":"GYS NOTICIAS |","url":"https:\/\/gysfm.com.ar\/inicio\/","logo":{"@type":"ImageObject","inLanguage":"es","@id":"https:\/\/gysfm.com.ar\/inicio\/#\/schema\/logo\/image\/","url":"https:\/\/gysfm.com.ar\/inicio\/wp-content\/uploads\/2023\/07\/LOGOGYS-OK.png","contentUrl":"https:\/\/gysfm.com.ar\/inicio\/wp-content\/uploads\/2023\/07\/LOGOGYS-OK.png","width":1170,"height":872,"caption":"GYS NOTICIAS |"},"image":{"@id":"https:\/\/gysfm.com.ar\/inicio\/#\/schema\/logo\/image\/"}},{"@type":"Person","@id":"https:\/\/gysfm.com.ar\/inicio\/#\/schema\/person\/3abba7593ef2ad19e1be221d54383dc5","name":"Prensa G&amp;S FM","image":{"@type":"ImageObject","inLanguage":"es","@id":"https:\/\/gysfm.com.ar\/inicio\/#\/schema\/person\/image\/","url":"https:\/\/secure.gravatar.com\/avatar\/096ec78df02049ab018702bb4ccedf659377fa92a26540b5247612077a0dbd29?s=96&d=mm&r=g","contentUrl":"https:\/\/secure.gravatar.com\/avatar\/096ec78df02049ab018702bb4ccedf659377fa92a26540b5247612077a0dbd29?s=96&d=mm&r=g","caption":"Prensa G&amp;S FM"},"sameAs":["https:\/\/gysfm.com.ar\/"],"url":"https:\/\/gysfm.com.ar\/inicio\/author\/lucasm\/"}]}},"_links":{"self":[{"href":"https:\/\/gysfm.com.ar\/inicio\/wp-json\/wp\/v2\/posts\/209900","targetHints":{"allow":["GET"]}}],"collection":[{"href":"https:\/\/gysfm.com.ar\/inicio\/wp-json\/wp\/v2\/posts"}],"about":[{"href":"https:\/\/gysfm.com.ar\/inicio\/wp-json\/wp\/v2\/types\/post"}],"author":[{"embeddable":true,"href":"https:\/\/gysfm.com.ar\/inicio\/wp-json\/wp\/v2\/users\/2"}],"replies":[{"embeddable":true,"href":"https:\/\/gysfm.com.ar\/inicio\/wp-json\/wp\/v2\/comments?post=209900"}],"version-history":[{"count":0,"href":"https:\/\/gysfm.com.ar\/inicio\/wp-json\/wp\/v2\/posts\/209900\/revisions"}],"wp:attachment":[{"href":"https:\/\/gysfm.com.ar\/inicio\/wp-json\/wp\/v2\/media?parent=209900"}],"wp:term":[{"taxonomy":"category","embeddable":true,"href":"https:\/\/gysfm.com.ar\/inicio\/wp-json\/wp\/v2\/categories?post=209900"},{"taxonomy":"post_tag","embeddable":true,"href":"https:\/\/gysfm.com.ar\/inicio\/wp-json\/wp\/v2\/tags?post=209900"}],"curies":[{"name":"wp","href":"https:\/\/api.w.org\/{rel}","templated":true}]}}