{"id":209890,"date":"2026-08-30T19:36:44","date_gmt":"2026-08-30T22:36:44","guid":{"rendered":"https:\/\/gysfm.com.ar\/inicio\/iran-denuncia-muertos-tras-un-ataque-de-estados-unidos-contra-una-isla-estrategica-cercana-al-estrecho-de-ormuz\/"},"modified":"2026-08-30T19:36:45","modified_gmt":"2026-08-30T22:36:45","slug":"iran-denuncia-muertos-tras-un-ataque-de-estados-unidos-contra-una-isla-estrategica-cercana-al-estrecho-de-ormuz","status":"publish","type":"post","link":"https:\/\/gysfm.com.ar\/inicio\/iran-denuncia-muertos-tras-un-ataque-de-estados-unidos-contra-una-isla-estrategica-cercana-al-estrecho-de-ormuz\/","title":{"rendered":"Ir\u00e1n denuncia muertos tras un ataque de Estados Unidos contra una isla estrat\u00e9gica cercana al estrecho de Ormuz"},"content":{"rendered":"<p> <br \/>\n<\/p>\n<div>\n<p class=\"com-paragraph --capital --s\">TEHER\u00c1N.\u2013 La<a href=\"https:\/\/www.lanacion.com.ar\/el-mundo\/el-regimen-irani-resiste-y-estados-unidos-sigue-lejos-de-cumplir-sus-objetivos-nid28082026\/\" target=\"_self\" title=\"https:\/\/www.lanacion.com.ar\/el-mundo\/el-regimen-irani-resiste-y-estados-unidos-sigue-lejos-de-cumplir-sus-objetivos-nid28082026\/\" class=\"com-link break-word\" data-mrf-recirculation=\"n_link_parrafo\"><strong> Guardia Revolucionaria de Ir\u00e1n<\/strong><\/a><strong> denunci\u00f3 este domingo que varios de sus miembros y civiles murieron o resultaron heridos en un <\/strong><a href=\"https:\/\/www.lanacion.com.ar\/estados-unidos\/un-informe-clasificado-de-lo-militares-de-eeuu-le-advierte-a-hegseth-sobre-el-peligro-de-extender-la-nid30082026\/\" target=\"_self\" title=\"https:\/\/www.lanacion.com.ar\/estados-unidos\/un-informe-clasificado-de-lo-militares-de-eeuu-le-advierte-a-hegseth-sobre-el-peligro-de-extender-la-nid30082026\/\" class=\"com-link break-word\" data-mrf-recirculation=\"n_link_parrafo\"><strong>ataque de Estados Unidos<\/strong><\/a><strong> <\/strong>e Israel contra la <strong>isla de Larak<\/strong>, en la provincia de Hormozg\u00e1n, en el sur del pa\u00eds, y advirti\u00f3 que<strong> habr\u00e1 una represalia<\/strong>.<\/p>\n<p class=\"com-paragraph --s\">El ataque fue confirmado por el Comando Central de Estados Unidos (Centcom), que afirm\u00f3 que sus fuerzas destruyeron <strong>dos lanzadores iran\u00edes<\/strong> en la isla despu\u00e9s de detectar a<strong> miembros de la Guardia Revolucionaria prepar\u00e1ndose para lanzar cohetes cargados con minas navales hacia el estrecho de Ormuz<\/strong>.<\/p>\n<p class=\"com-paragraph --s\">Se trata del <strong>primer ataque estadounidense reconocido contra territorio iran\u00ed desde finales de julio<\/strong>, cuando Washington bombarde\u00f3 decenas de objetivos militares dentro de Ir\u00e1n. La nueva operaci\u00f3n, seg\u00fan funcionarios estadounidenses, fue <strong>\u201climitada\u201d <\/strong>y estuvo <strong>dirigida espec\u00edficamente contra los lanzadores<\/strong>.<\/p>\n<p class=\"com-paragraph --s\">\u201cM\u00e1s temprano en el d\u00eda, las fuerzas estadounidenses atacaron dos lanzadores iran\u00edes en la isla de Larak\u201d, donde se hab\u00eda observado a miembros de la Guardia Revolucionaria \u201cprepararse para lanzar cohetes con minas navales\u201d, dijo el capit\u00e1n Tim Hawkins, vocero de Centcom.<\/p>\n<div class=\"content-media\">\n<section role=\"button\" class=\"mod-media   \">\n<figure role=\"button\" tabindex=\"0\" class=\"mod-figure \"><figcaption class=\"mod-figcaption\"><span class=\"com-text --caption --twoxs\">Fuerzas estadounidenses atacaron dos lanzadores iran\u00edes en la isla de Larak, seg\u00fan confirm\u00f3 el Comando Central de Estados Unidos<\/span><span class=\"com-text --credit --twoxs\">&#8211; &#8211; US Central Command (CENTCOM)<\/span><\/figcaption><\/figure>\n<\/section>\n<\/div>\n<p class=\"com-paragraph --s\">La Guardia Revolucionaria, por su parte, calific\u00f3 la acci\u00f3n de <strong>\u201cagresi\u00f3n terrorista\u201d<\/strong> y asegur\u00f3 que ser\u00e1 \u201ccastigada\u201d. En un comunicado difundido por sus medios oficiales, el cuerpo iran\u00ed afirm\u00f3 que el <strong>ataque provoc\u00f3 muertos y heridos entre sus combatientes y civiles<\/strong>, aunque inicialmente no precis\u00f3 el n\u00famero de v\u00edctimas.<\/p>\n<p class=\"com-paragraph --s\">El vocero de la Guardia Revolucionaria, el brigadier general Hussein Mohebi, calific\u00f3 la operaci\u00f3n estadounidense de <strong>\u201cerror estrat\u00e9gico y fatal\u201d<\/strong>, lo que eleva el riesgo de una nueva escalada en una zona considerada cr\u00edtica para el suministro energ\u00e9tico mundial. Mohebi advirti\u00f3 que Estados Unidos enfrentar\u00e1 \u201cconsecuencias tanto en los frentes econ\u00f3mico como militar\u201d<\/p>\n<p class=\"com-paragraph --s\">La agencia iran\u00ed Tasnim, vinculada a la Guardia Revolucionaria, inform\u00f3 posteriormente que <strong>dos personas hab\u00edan muerto<\/strong>, aunque esa cifra no pudo ser confirmada de manera independiente.<\/p>\n<p class=\"com-paragraph --s\">La explosi\u00f3n fue escuchada por residentes de Larak, seg\u00fan la agencia semioficial iran\u00ed Fars. La televisi\u00f3n estatal iran\u00ed tambi\u00e9n inform\u00f3 sobre el ataque y present\u00f3 la operaci\u00f3n estadounidense como una nueva escalada de las hostilidades.<\/p>\n<p><iframe src=\"https:\/\/www.google.com\/maps\/embed?pb=!1m18!1m12!1m3!1d172934.9088118641!2d56.364283282481374!3d26.993156266946993!2m3!1f0!2f0!3f0!3m2!1i1024!2i768!4f13.1!3m3!1m2!1s0x3ef7728a6b74f41b%3A0x2350588685b9285!2sLarek!5e0!3m2!1ses-419!2sar!4v1788126805551!5m2!1ses-419!2sar\" width=\"600\" height=\"450\" style=\"border:0;\" allowfullscreen=\"\" loading=\"lazy\" referrerpolicy=\"strict-origin-when-cross-origin\"><\/iframe>\n<\/p>\n<p class=\"com-paragraph --s\">La <strong>isla de Larak est\u00e1 situada frente a la costa sur de Ir\u00e1n<\/strong>, cerca del estrecho de Ormuz, una de las principales rutas mar\u00edtimas para el transporte mundial de petr\u00f3leo y gas. La zona se convirti\u00f3 en uno de los principales focos de tensi\u00f3n entre Washington y Teher\u00e1n desde el comienzo de la guerra.<\/p>\n<p class=\"com-paragraph --s\"><strong>Estados Unidos sostiene que sus fuerzas hab\u00edan logrado despejar recientemente las minas colocadas por Ir\u00e1n <\/strong>en las rutas mar\u00edtimas internacionales del estrecho. El gobierno de Donald Trump advirti\u00f3 esta semana que cualquier embarcaci\u00f3n que intente colocar nuevas minas ser\u00e1 destruida.<\/p>\n<p class=\"com-paragraph --s\"><strong>\u201cLas fuerzas de Estados Unidos vigilan de cerca la zona y siguen preparadas para proteger el libre flujo del comercio a trav\u00e9s de esta v\u00eda fluvial esencial\u201d<\/strong>, afirm\u00f3 Hawkins.<\/p>\n<p><h2 class=\"font-primary font-w-bold text-subheading-lg text-left container-center-100 mb-8\"><span>Tr\u00e1nsito contin\u00faa siendo riesgoso<\/span><\/h2>\n<\/p>\n<p class=\"com-paragraph --s\">El jefe de Centcom, almirante Brad Cooper, hab\u00eda se\u00f1alado que las fuerzas estadounidenses terminaron la semana pasada las operaciones para retirar minas de las rutas mar\u00edtimas internacionales del estrecho.<\/p>\n<p class=\"com-paragraph --s\"><strong>Washington tambi\u00e9n comenz\u00f3 a escoltar a algunos buques comerciales que atraviesan la zona<\/strong>, mientras aviones, helic\u00f3pteros y barcos de guerra estadounidenses patrullan el estrecho y se mantienen preparados para responder ante nuevas amenazas contra la navegaci\u00f3n.<\/p>\n<p class=\"com-paragraph --s\">Pese a esas operaciones, el tr\u00e1nsito contin\u00faa siendo riesgoso. Desde el comienzo de la guerra se registraron <strong>al menos 71 ataques contra embarcaciones<\/strong>, que dejaron <strong>19 marineros muertos<\/strong>. En las \u00faltimas dos semanas murieron otros dos marineros y uno permanece desaparecido.<\/p>\n<p class=\"com-paragraph --s\">El estrecho de Ormuz conecta el golfo P\u00e9rsico con el golfo de Om\u00e1n y constituye un <strong>paso fundamental para las exportaciones de crudo y gas de los principales productores de Medio Oriente<\/strong>. Cualquier interrupci\u00f3n prolongada del tr\u00e1fico puede afectar los mercados energ\u00e9ticos internacionales y aumentar los costos de transporte.<\/p>\n<div class=\"content-media\">\n<section role=\"button\" class=\"mod-media   \">\n<figure role=\"button\" tabindex=\"0\" class=\"mod-figure \"><figcaption class=\"mod-figcaption\"><span class=\"com-text --caption --twoxs\">Humo emerge del Mayuree Naree, un buque granelero con bandera de Tailandia, tras ser impactado por un proyectil en el estrecho de Ormuz, al norte de Om\u00e1n<\/span><span class=\"com-text --credit --twoxs\">Noppadon Wongsuvan &#8211; Noppadon Wongsuvan<\/span><\/figcaption><\/figure>\n<\/section>\n<\/div>\n<p class=\"com-paragraph --s\">En junio, Ir\u00e1n y Estados Unidos hab\u00edan alcanzado un acuerdo para reabrir el estrecho. Durante los primeros tres d\u00edas posteriores al pacto, <strong>m\u00e1s de 60 barcos diarios atravesaron la v\u00eda mar\u00edtima<\/strong>. Sin embargo, el <strong>acuerdo fracas\u00f3 y Washington volvi\u00f3 a imponer un bloqueo sobre los puertos iran\u00edes<\/strong>.<\/p>\n<p class=\"com-paragraph --s\">Desde entonces, varias compa\u00f1\u00edas navieras optaron por evitar el estrecho. Arabia Saudita, el principal productor de petr\u00f3leo de la regi\u00f3n, increment\u00f3 el uso de rutas alternativas a trav\u00e9s del mar Rojo para transportar parte de su producci\u00f3n.<\/p>\n<p class=\"com-paragraph --s\">La <strong>administraci\u00f3n Trump hab\u00eda anunciado en las \u00faltimas semanas nuevas sanciones econ\u00f3micas contra Teher\u00e1n<\/strong> y hab\u00eda se\u00f1alado que buscar\u00eda ejercer presi\u00f3n principalmente por esa v\u00eda. Sin embargo, el secretario de Defensa, Pete Hegseth, advirti\u00f3 que <strong>Estados Unidos no descartaba nuevas operaciones militares si fueran necesarias<\/strong>.<\/p>\n<p class=\"com-paragraph --s\"><strong>Agencias AP y AFP y diario <\/strong><em><strong>The New York Times<\/strong><\/em><\/p>\n<section class=\"container-center-100 mb-40 border border-bottom border-thin border-neutral-light-700\">\n<hr\/>\n<\/section>\n<\/div>\n<p><script id=\"facebookpixel\" defer=\"\" type=\"text\/javascript\">\n        !function(f,b,e,v,n,t,s)\n        {if(f.fbq)return;n=f.fbq=function(){n.callMethod?\n        n.callMethod.apply(n,arguments):n.queue.push(arguments)};\n        if(!f._fbq)f._fbq=n;n.push=n;n.loaded=!0;n.version='2.0';\n        n.queue=[];t=b.createElement(e);t.async=!0;\n        t.src=v;s=b.getElementsByTagName(e)[0];\n        s.parentNode.insertBefore(t,s)}(window, document,'script',\n        'https:\/\/connect.facebook.net\/en_US\/fbevents.js');\n        fbq('init', '492459597522335');\n        fbq('track', 'PageView');\n    <\/script><br \/>\n<br \/><\/p>\n","protected":false},"excerpt":{"rendered":"<p>TEHER\u00c1N.\u2013 La Guardia Revolucionaria de Ir\u00e1n denunci\u00f3 este domingo que varios de sus miembros y civiles murieron o resultaron heridos en un ataque de Estados Unidos e Israel contra la isla de Larak, en la provincia de Hormozg\u00e1n, en el sur del pa\u00eds, y advirti\u00f3 que habr\u00e1 una represalia. El ataque fue confirmado por el [&hellip;]<\/p>\n","protected":false},"author":2,"featured_media":209891,"comment_status":"closed","ping_status":"closed","sticky":false,"template":"","format":"standard","meta":{"footnotes":""},"categories":[26],"tags":[],"class_list":["post-209890","post","type-post","status-publish","format-standard","has-post-thumbnail","hentry","category-internacionales"],"yoast_head":"<!-- This site is optimized with the Yoast SEO plugin v24.4 - https:\/\/yoast.com\/wordpress\/plugins\/seo\/ -->\n<title>Ir\u00e1n denuncia muertos tras un ataque de Estados Unidos contra una isla estrat\u00e9gica cercana al estrecho de Ormuz - GYS NOTICIAS |<\/title>\n<meta name=\"robots\" content=\"index, follow, max-snippet:-1, max-image-preview:large, max-video-preview:-1\" \/>\n<link rel=\"canonical\" href=\"https:\/\/gysfm.com.ar\/inicio\/iran-denuncia-muertos-tras-un-ataque-de-estados-unidos-contra-una-isla-estrategica-cercana-al-estrecho-de-ormuz\/\" \/>\n<meta property=\"og:locale\" content=\"es_ES\" \/>\n<meta property=\"og:type\" content=\"article\" \/>\n<meta property=\"og:title\" content=\"Ir\u00e1n denuncia muertos tras un ataque de Estados Unidos contra una isla estrat\u00e9gica cercana al estrecho de Ormuz - GYS NOTICIAS |\" \/>\n<meta property=\"og:description\" content=\"TEHER\u00c1N.\u2013 La Guardia Revolucionaria de Ir\u00e1n denunci\u00f3 este domingo que varios de sus miembros y civiles murieron o resultaron heridos en un ataque de Estados Unidos e Israel contra la isla de Larak, en la provincia de Hormozg\u00e1n, en el sur del pa\u00eds, y advirti\u00f3 que habr\u00e1 una represalia. El ataque fue confirmado por el [&hellip;]\" \/>\n<meta property=\"og:url\" content=\"https:\/\/gysfm.com.ar\/inicio\/iran-denuncia-muertos-tras-un-ataque-de-estados-unidos-contra-una-isla-estrategica-cercana-al-estrecho-de-ormuz\/\" \/>\n<meta property=\"og:site_name\" content=\"GYS NOTICIAS |\" \/>\n<meta property=\"article:published_time\" content=\"2026-08-30T22:36:44+00:00\" \/>\n<meta property=\"article:modified_time\" content=\"2026-08-30T22:36:45+00:00\" \/>\n<meta property=\"og:image\" content=\"https:\/\/gysfm.com.ar\/inicio\/wp-content\/uploads\/2026\/08\/el-ataque-contra-larak-fue-el-primero-reconocido-AICFSHEVABBXJB5RS5T46P2EBA.JPG\" \/>\n\t<meta property=\"og:image:width\" content=\"1200\" \/>\n\t<meta property=\"og:image:height\" content=\"800\" \/>\n\t<meta property=\"og:image:type\" content=\"image\/jpeg\" \/>\n<meta name=\"author\" content=\"Prensa G&amp;S FM\" \/>\n<meta name=\"twitter:card\" content=\"summary_large_image\" \/>\n<meta name=\"twitter:label1\" content=\"Escrito por\" \/>\n\t<meta name=\"twitter:data1\" content=\"Prensa G&amp;S FM\" \/>\n\t<meta name=\"twitter:label2\" content=\"Tiempo de lectura\" \/>\n\t<meta name=\"twitter:data2\" content=\"4 minutos\" \/>\n<script type=\"application\/ld+json\" class=\"yoast-schema-graph\">{\"@context\":\"https:\/\/schema.org\",\"@graph\":[{\"@type\":\"Article\",\"@id\":\"https:\/\/gysfm.com.ar\/inicio\/iran-denuncia-muertos-tras-un-ataque-de-estados-unidos-contra-una-isla-estrategica-cercana-al-estrecho-de-ormuz\/#article\",\"isPartOf\":{\"@id\":\"https:\/\/gysfm.com.ar\/inicio\/iran-denuncia-muertos-tras-un-ataque-de-estados-unidos-contra-una-isla-estrategica-cercana-al-estrecho-de-ormuz\/\"},\"author\":{\"name\":\"Prensa G&amp;S FM\",\"@id\":\"https:\/\/gysfm.com.ar\/inicio\/#\/schema\/person\/3abba7593ef2ad19e1be221d54383dc5\"},\"headline\":\"Ir\u00e1n denuncia muertos tras un ataque de Estados Unidos contra una isla estrat\u00e9gica cercana al estrecho de Ormuz\",\"datePublished\":\"2026-08-30T22:36:44+00:00\",\"dateModified\":\"2026-08-30T22:36:45+00:00\",\"mainEntityOfPage\":{\"@id\":\"https:\/\/gysfm.com.ar\/inicio\/iran-denuncia-muertos-tras-un-ataque-de-estados-unidos-contra-una-isla-estrategica-cercana-al-estrecho-de-ormuz\/\"},\"wordCount\":917,\"publisher\":{\"@id\":\"https:\/\/gysfm.com.ar\/inicio\/#organization\"},\"image\":{\"@id\":\"https:\/\/gysfm.com.ar\/inicio\/iran-denuncia-muertos-tras-un-ataque-de-estados-unidos-contra-una-isla-estrategica-cercana-al-estrecho-de-ormuz\/#primaryimage\"},\"thumbnailUrl\":\"https:\/\/gysfm.com.ar\/inicio\/wp-content\/uploads\/2026\/08\/el-ataque-contra-larak-fue-el-primero-reconocido-AICFSHEVABBXJB5RS5T46P2EBA.JPG\",\"articleSection\":[\"INTERNACIONALES\"],\"inLanguage\":\"es\"},{\"@type\":\"WebPage\",\"@id\":\"https:\/\/gysfm.com.ar\/inicio\/iran-denuncia-muertos-tras-un-ataque-de-estados-unidos-contra-una-isla-estrategica-cercana-al-estrecho-de-ormuz\/\",\"url\":\"https:\/\/gysfm.com.ar\/inicio\/iran-denuncia-muertos-tras-un-ataque-de-estados-unidos-contra-una-isla-estrategica-cercana-al-estrecho-de-ormuz\/\",\"name\":\"Ir\u00e1n denuncia muertos tras un ataque de Estados Unidos contra una isla estrat\u00e9gica cercana al estrecho de Ormuz - GYS NOTICIAS |\",\"isPartOf\":{\"@id\":\"https:\/\/gysfm.com.ar\/inicio\/#website\"},\"primaryImageOfPage\":{\"@id\":\"https:\/\/gysfm.com.ar\/inicio\/iran-denuncia-muertos-tras-un-ataque-de-estados-unidos-contra-una-isla-estrategica-cercana-al-estrecho-de-ormuz\/#primaryimage\"},\"image\":{\"@id\":\"https:\/\/gysfm.com.ar\/inicio\/iran-denuncia-muertos-tras-un-ataque-de-estados-unidos-contra-una-isla-estrategica-cercana-al-estrecho-de-ormuz\/#primaryimage\"},\"thumbnailUrl\":\"https:\/\/gysfm.com.ar\/inicio\/wp-content\/uploads\/2026\/08\/el-ataque-contra-larak-fue-el-primero-reconocido-AICFSHEVABBXJB5RS5T46P2EBA.JPG\",\"datePublished\":\"2026-08-30T22:36:44+00:00\",\"dateModified\":\"2026-08-30T22:36:45+00:00\",\"breadcrumb\":{\"@id\":\"https:\/\/gysfm.com.ar\/inicio\/iran-denuncia-muertos-tras-un-ataque-de-estados-unidos-contra-una-isla-estrategica-cercana-al-estrecho-de-ormuz\/#breadcrumb\"},\"inLanguage\":\"es\",\"potentialAction\":[{\"@type\":\"ReadAction\",\"target\":[\"https:\/\/gysfm.com.ar\/inicio\/iran-denuncia-muertos-tras-un-ataque-de-estados-unidos-contra-una-isla-estrategica-cercana-al-estrecho-de-ormuz\/\"]}]},{\"@type\":\"ImageObject\",\"inLanguage\":\"es\",\"@id\":\"https:\/\/gysfm.com.ar\/inicio\/iran-denuncia-muertos-tras-un-ataque-de-estados-unidos-contra-una-isla-estrategica-cercana-al-estrecho-de-ormuz\/#primaryimage\",\"url\":\"https:\/\/gysfm.com.ar\/inicio\/wp-content\/uploads\/2026\/08\/el-ataque-contra-larak-fue-el-primero-reconocido-AICFSHEVABBXJB5RS5T46P2EBA.JPG\",\"contentUrl\":\"https:\/\/gysfm.com.ar\/inicio\/wp-content\/uploads\/2026\/08\/el-ataque-contra-larak-fue-el-primero-reconocido-AICFSHEVABBXJB5RS5T46P2EBA.JPG\",\"width\":1200,\"height\":800},{\"@type\":\"BreadcrumbList\",\"@id\":\"https:\/\/gysfm.com.ar\/inicio\/iran-denuncia-muertos-tras-un-ataque-de-estados-unidos-contra-una-isla-estrategica-cercana-al-estrecho-de-ormuz\/#breadcrumb\",\"itemListElement\":[{\"@type\":\"ListItem\",\"position\":1,\"name\":\"Portada\",\"item\":\"https:\/\/gysfm.com.ar\/inicio\/\"},{\"@type\":\"ListItem\",\"position\":2,\"name\":\"Ir\u00e1n denuncia muertos tras un ataque de Estados Unidos contra una isla estrat\u00e9gica cercana al estrecho de Ormuz\"}]},{\"@type\":\"WebSite\",\"@id\":\"https:\/\/gysfm.com.ar\/inicio\/#website\",\"url\":\"https:\/\/gysfm.com.ar\/inicio\/\",\"name\":\"GYS NOTICIAS |\",\"description\":\"DIARIO - RADIO ONLINE SAN JUAN ARGENTINA\",\"publisher\":{\"@id\":\"https:\/\/gysfm.com.ar\/inicio\/#organization\"},\"potentialAction\":[{\"@type\":\"SearchAction\",\"target\":{\"@type\":\"EntryPoint\",\"urlTemplate\":\"https:\/\/gysfm.com.ar\/inicio\/?s={search_term_string}\"},\"query-input\":{\"@type\":\"PropertyValueSpecification\",\"valueRequired\":true,\"valueName\":\"search_term_string\"}}],\"inLanguage\":\"es\"},{\"@type\":\"Organization\",\"@id\":\"https:\/\/gysfm.com.ar\/inicio\/#organization\",\"name\":\"GYS NOTICIAS |\",\"url\":\"https:\/\/gysfm.com.ar\/inicio\/\",\"logo\":{\"@type\":\"ImageObject\",\"inLanguage\":\"es\",\"@id\":\"https:\/\/gysfm.com.ar\/inicio\/#\/schema\/logo\/image\/\",\"url\":\"https:\/\/gysfm.com.ar\/inicio\/wp-content\/uploads\/2023\/07\/LOGOGYS-OK.png\",\"contentUrl\":\"https:\/\/gysfm.com.ar\/inicio\/wp-content\/uploads\/2023\/07\/LOGOGYS-OK.png\",\"width\":1170,\"height\":872,\"caption\":\"GYS NOTICIAS |\"},\"image\":{\"@id\":\"https:\/\/gysfm.com.ar\/inicio\/#\/schema\/logo\/image\/\"}},{\"@type\":\"Person\",\"@id\":\"https:\/\/gysfm.com.ar\/inicio\/#\/schema\/person\/3abba7593ef2ad19e1be221d54383dc5\",\"name\":\"Prensa G&amp;S FM\",\"image\":{\"@type\":\"ImageObject\",\"inLanguage\":\"es\",\"@id\":\"https:\/\/gysfm.com.ar\/inicio\/#\/schema\/person\/image\/\",\"url\":\"https:\/\/secure.gravatar.com\/avatar\/096ec78df02049ab018702bb4ccedf659377fa92a26540b5247612077a0dbd29?s=96&d=mm&r=g\",\"contentUrl\":\"https:\/\/secure.gravatar.com\/avatar\/096ec78df02049ab018702bb4ccedf659377fa92a26540b5247612077a0dbd29?s=96&d=mm&r=g\",\"caption\":\"Prensa G&amp;S FM\"},\"sameAs\":[\"https:\/\/gysfm.com.ar\/\"],\"url\":\"https:\/\/gysfm.com.ar\/inicio\/author\/lucasm\/\"}]}<\/script>\n<!-- \/ Yoast SEO plugin. -->","yoast_head_json":{"title":"Ir\u00e1n denuncia muertos tras un ataque de Estados Unidos contra una isla estrat\u00e9gica cercana al estrecho de Ormuz - GYS NOTICIAS |","robots":{"index":"index","follow":"follow","max-snippet":"max-snippet:-1","max-image-preview":"max-image-preview:large","max-video-preview":"max-video-preview:-1"},"canonical":"https:\/\/gysfm.com.ar\/inicio\/iran-denuncia-muertos-tras-un-ataque-de-estados-unidos-contra-una-isla-estrategica-cercana-al-estrecho-de-ormuz\/","og_locale":"es_ES","og_type":"article","og_title":"Ir\u00e1n denuncia muertos tras un ataque de Estados Unidos contra una isla estrat\u00e9gica cercana al estrecho de Ormuz - GYS NOTICIAS |","og_description":"TEHER\u00c1N.\u2013 La Guardia Revolucionaria de Ir\u00e1n denunci\u00f3 este domingo que varios de sus miembros y civiles murieron o resultaron heridos en un ataque de Estados Unidos e Israel contra la isla de Larak, en la provincia de Hormozg\u00e1n, en el sur del pa\u00eds, y advirti\u00f3 que habr\u00e1 una represalia. El ataque fue confirmado por el [&hellip;]","og_url":"https:\/\/gysfm.com.ar\/inicio\/iran-denuncia-muertos-tras-un-ataque-de-estados-unidos-contra-una-isla-estrategica-cercana-al-estrecho-de-ormuz\/","og_site_name":"GYS NOTICIAS |","article_published_time":"2026-08-30T22:36:44+00:00","article_modified_time":"2026-08-30T22:36:45+00:00","og_image":[{"width":1200,"height":800,"url":"https:\/\/gysfm.com.ar\/inicio\/wp-content\/uploads\/2026\/08\/el-ataque-contra-larak-fue-el-primero-reconocido-AICFSHEVABBXJB5RS5T46P2EBA.JPG","type":"image\/jpeg"}],"author":"Prensa G&amp;S FM","twitter_card":"summary_large_image","twitter_misc":{"Escrito por":"Prensa G&amp;S FM","Tiempo de lectura":"4 minutos"},"schema":{"@context":"https:\/\/schema.org","@graph":[{"@type":"Article","@id":"https:\/\/gysfm.com.ar\/inicio\/iran-denuncia-muertos-tras-un-ataque-de-estados-unidos-contra-una-isla-estrategica-cercana-al-estrecho-de-ormuz\/#article","isPartOf":{"@id":"https:\/\/gysfm.com.ar\/inicio\/iran-denuncia-muertos-tras-un-ataque-de-estados-unidos-contra-una-isla-estrategica-cercana-al-estrecho-de-ormuz\/"},"author":{"name":"Prensa G&amp;S FM","@id":"https:\/\/gysfm.com.ar\/inicio\/#\/schema\/person\/3abba7593ef2ad19e1be221d54383dc5"},"headline":"Ir\u00e1n denuncia muertos tras un ataque de Estados Unidos contra una isla estrat\u00e9gica cercana al estrecho de Ormuz","datePublished":"2026-08-30T22:36:44+00:00","dateModified":"2026-08-30T22:36:45+00:00","mainEntityOfPage":{"@id":"https:\/\/gysfm.com.ar\/inicio\/iran-denuncia-muertos-tras-un-ataque-de-estados-unidos-contra-una-isla-estrategica-cercana-al-estrecho-de-ormuz\/"},"wordCount":917,"publisher":{"@id":"https:\/\/gysfm.com.ar\/inicio\/#organization"},"image":{"@id":"https:\/\/gysfm.com.ar\/inicio\/iran-denuncia-muertos-tras-un-ataque-de-estados-unidos-contra-una-isla-estrategica-cercana-al-estrecho-de-ormuz\/#primaryimage"},"thumbnailUrl":"https:\/\/gysfm.com.ar\/inicio\/wp-content\/uploads\/2026\/08\/el-ataque-contra-larak-fue-el-primero-reconocido-AICFSHEVABBXJB5RS5T46P2EBA.JPG","articleSection":["INTERNACIONALES"],"inLanguage":"es"},{"@type":"WebPage","@id":"https:\/\/gysfm.com.ar\/inicio\/iran-denuncia-muertos-tras-un-ataque-de-estados-unidos-contra-una-isla-estrategica-cercana-al-estrecho-de-ormuz\/","url":"https:\/\/gysfm.com.ar\/inicio\/iran-denuncia-muertos-tras-un-ataque-de-estados-unidos-contra-una-isla-estrategica-cercana-al-estrecho-de-ormuz\/","name":"Ir\u00e1n denuncia muertos tras un ataque de Estados Unidos contra una isla estrat\u00e9gica cercana al estrecho de Ormuz - GYS NOTICIAS |","isPartOf":{"@id":"https:\/\/gysfm.com.ar\/inicio\/#website"},"primaryImageOfPage":{"@id":"https:\/\/gysfm.com.ar\/inicio\/iran-denuncia-muertos-tras-un-ataque-de-estados-unidos-contra-una-isla-estrategica-cercana-al-estrecho-de-ormuz\/#primaryimage"},"image":{"@id":"https:\/\/gysfm.com.ar\/inicio\/iran-denuncia-muertos-tras-un-ataque-de-estados-unidos-contra-una-isla-estrategica-cercana-al-estrecho-de-ormuz\/#primaryimage"},"thumbnailUrl":"https:\/\/gysfm.com.ar\/inicio\/wp-content\/uploads\/2026\/08\/el-ataque-contra-larak-fue-el-primero-reconocido-AICFSHEVABBXJB5RS5T46P2EBA.JPG","datePublished":"2026-08-30T22:36:44+00:00","dateModified":"2026-08-30T22:36:45+00:00","breadcrumb":{"@id":"https:\/\/gysfm.com.ar\/inicio\/iran-denuncia-muertos-tras-un-ataque-de-estados-unidos-contra-una-isla-estrategica-cercana-al-estrecho-de-ormuz\/#breadcrumb"},"inLanguage":"es","potentialAction":[{"@type":"ReadAction","target":["https:\/\/gysfm.com.ar\/inicio\/iran-denuncia-muertos-tras-un-ataque-de-estados-unidos-contra-una-isla-estrategica-cercana-al-estrecho-de-ormuz\/"]}]},{"@type":"ImageObject","inLanguage":"es","@id":"https:\/\/gysfm.com.ar\/inicio\/iran-denuncia-muertos-tras-un-ataque-de-estados-unidos-contra-una-isla-estrategica-cercana-al-estrecho-de-ormuz\/#primaryimage","url":"https:\/\/gysfm.com.ar\/inicio\/wp-content\/uploads\/2026\/08\/el-ataque-contra-larak-fue-el-primero-reconocido-AICFSHEVABBXJB5RS5T46P2EBA.JPG","contentUrl":"https:\/\/gysfm.com.ar\/inicio\/wp-content\/uploads\/2026\/08\/el-ataque-contra-larak-fue-el-primero-reconocido-AICFSHEVABBXJB5RS5T46P2EBA.JPG","width":1200,"height":800},{"@type":"BreadcrumbList","@id":"https:\/\/gysfm.com.ar\/inicio\/iran-denuncia-muertos-tras-un-ataque-de-estados-unidos-contra-una-isla-estrategica-cercana-al-estrecho-de-ormuz\/#breadcrumb","itemListElement":[{"@type":"ListItem","position":1,"name":"Portada","item":"https:\/\/gysfm.com.ar\/inicio\/"},{"@type":"ListItem","position":2,"name":"Ir\u00e1n denuncia muertos tras un ataque de Estados Unidos contra una isla estrat\u00e9gica cercana al estrecho de Ormuz"}]},{"@type":"WebSite","@id":"https:\/\/gysfm.com.ar\/inicio\/#website","url":"https:\/\/gysfm.com.ar\/inicio\/","name":"GYS NOTICIAS |","description":"DIARIO - RADIO ONLINE SAN JUAN ARGENTINA","publisher":{"@id":"https:\/\/gysfm.com.ar\/inicio\/#organization"},"potentialAction":[{"@type":"SearchAction","target":{"@type":"EntryPoint","urlTemplate":"https:\/\/gysfm.com.ar\/inicio\/?s={search_term_string}"},"query-input":{"@type":"PropertyValueSpecification","valueRequired":true,"valueName":"search_term_string"}}],"inLanguage":"es"},{"@type":"Organization","@id":"https:\/\/gysfm.com.ar\/inicio\/#organization","name":"GYS NOTICIAS |","url":"https:\/\/gysfm.com.ar\/inicio\/","logo":{"@type":"ImageObject","inLanguage":"es","@id":"https:\/\/gysfm.com.ar\/inicio\/#\/schema\/logo\/image\/","url":"https:\/\/gysfm.com.ar\/inicio\/wp-content\/uploads\/2023\/07\/LOGOGYS-OK.png","contentUrl":"https:\/\/gysfm.com.ar\/inicio\/wp-content\/uploads\/2023\/07\/LOGOGYS-OK.png","width":1170,"height":872,"caption":"GYS NOTICIAS |"},"image":{"@id":"https:\/\/gysfm.com.ar\/inicio\/#\/schema\/logo\/image\/"}},{"@type":"Person","@id":"https:\/\/gysfm.com.ar\/inicio\/#\/schema\/person\/3abba7593ef2ad19e1be221d54383dc5","name":"Prensa G&amp;S FM","image":{"@type":"ImageObject","inLanguage":"es","@id":"https:\/\/gysfm.com.ar\/inicio\/#\/schema\/person\/image\/","url":"https:\/\/secure.gravatar.com\/avatar\/096ec78df02049ab018702bb4ccedf659377fa92a26540b5247612077a0dbd29?s=96&d=mm&r=g","contentUrl":"https:\/\/secure.gravatar.com\/avatar\/096ec78df02049ab018702bb4ccedf659377fa92a26540b5247612077a0dbd29?s=96&d=mm&r=g","caption":"Prensa G&amp;S FM"},"sameAs":["https:\/\/gysfm.com.ar\/"],"url":"https:\/\/gysfm.com.ar\/inicio\/author\/lucasm\/"}]}},"_links":{"self":[{"href":"https:\/\/gysfm.com.ar\/inicio\/wp-json\/wp\/v2\/posts\/209890","targetHints":{"allow":["GET"]}}],"collection":[{"href":"https:\/\/gysfm.com.ar\/inicio\/wp-json\/wp\/v2\/posts"}],"about":[{"href":"https:\/\/gysfm.com.ar\/inicio\/wp-json\/wp\/v2\/types\/post"}],"author":[{"embeddable":true,"href":"https:\/\/gysfm.com.ar\/inicio\/wp-json\/wp\/v2\/users\/2"}],"replies":[{"embeddable":true,"href":"https:\/\/gysfm.com.ar\/inicio\/wp-json\/wp\/v2\/comments?post=209890"}],"version-history":[{"count":1,"href":"https:\/\/gysfm.com.ar\/inicio\/wp-json\/wp\/v2\/posts\/209890\/revisions"}],"predecessor-version":[{"id":209892,"href":"https:\/\/gysfm.com.ar\/inicio\/wp-json\/wp\/v2\/posts\/209890\/revisions\/209892"}],"wp:featuredmedia":[{"embeddable":true,"href":"https:\/\/gysfm.com.ar\/inicio\/wp-json\/wp\/v2\/media\/209891"}],"wp:attachment":[{"href":"https:\/\/gysfm.com.ar\/inicio\/wp-json\/wp\/v2\/media?parent=209890"}],"wp:term":[{"taxonomy":"category","embeddable":true,"href":"https:\/\/gysfm.com.ar\/inicio\/wp-json\/wp\/v2\/categories?post=209890"},{"taxonomy":"post_tag","embeddable":true,"href":"https:\/\/gysfm.com.ar\/inicio\/wp-json\/wp\/v2\/tags?post=209890"}],"curies":[{"name":"wp","href":"https:\/\/api.w.org\/{rel}","templated":true}]}}