{"id":209888,"date":"2026-08-30T19:30:10","date_gmt":"2026-08-30T22:30:10","guid":{"rendered":"https:\/\/gysfm.com.ar\/inicio\/federico-sturzenegger-admitio-la-caida-del-empleo-formal-y-la-atribuyo-al-avance-del-monotributo\/"},"modified":"2026-08-30T19:30:10","modified_gmt":"2026-08-30T22:30:10","slug":"federico-sturzenegger-admitio-la-caida-del-empleo-formal-y-la-atribuyo-al-avance-del-monotributo","status":"publish","type":"post","link":"https:\/\/gysfm.com.ar\/inicio\/federico-sturzenegger-admitio-la-caida-del-empleo-formal-y-la-atribuyo-al-avance-del-monotributo\/","title":{"rendered":"Federico Sturzenegger admiti\u00f3 la ca\u00edda del empleo formal y la atribuy\u00f3 al avance del monotributo"},"content":{"rendered":"<p> <br \/>\n<\/p>\n<div>\t\t<!-- { REGION4 --> <\/p>\n<header class=\"news-headline\">\n<div class=\"news-headline__topics-and-date-wrapper\">    <span class=\"news-headline__publication-date\"> 30 de agosto 2026 &#8211; 19:12<br \/>\n            <\/span><\/div>\n<h2 class=\"news-headline__article-summary\"\/>\n<p id=\"p-1788127191479-27777\" class=\"ignore-parser\"> El ministro de Desregulaci\u00f3n sostuvo que la ca\u00edda de los asalariados registrados responde, en parte, al avance del r\u00e9gimen simplificado y destac\u00f3 que el mercado laboral sum\u00f3 500.000 puestos en los \u00faltimos tres a\u00f1os.<\/p>\n<\/header>\n<article class=\"article-body article-body--first-paragraph\" data-td-script-src=\"https:\/\/www.ambito.com\/td\/modulos\/encuestas\/js\/function-embeds-min-version-1788062813.js\">\n<p id=\"p-1788127392678-64185\" class=\"\">El ministro de Desregulaci\u00f3n y Transformaci\u00f3n del Estado, <strong>Federico Sturzenegger, reconoci\u00f3 la ca\u00edda del empleo formal en Argentina<\/strong>, aunque sostuvo que el retroceso de los asalariados registrados fue acompa\u00f1ado por un crecimiento de otras modalidades laborales, principalmente el monotributo.<\/p>\n<\/article>\n<section class=\"suscription-false printed-edition\" style=\"display:none\">\n<p> El contenido al que quiere acceder es exclusivo para suscriptores.<\/p>\n<p>  <span> <button type=\"button\" name=\"button\" class=\"subscribe-btn mercadopago-btn\">suscribirse<\/button><\/span>  <span class=\"btns\"><button type=\"button\" name=\"button\" class=\"subscribe-btn reload-login\"> ya estoy suscripto<\/button><\/span>  <\/p>\n<\/section>\n<article class=\"article-body article-body--second-paragraph\">\n<p id=\"p-1788127392678-78452\" class=\"\">Al referirse a la disminuci\u00f3n de los asalariados formales privados pese al aumento del empleo total, Sturzenegger fue contundente: <strong>\u201cEs cierto\u201d<\/strong>. Como una de las posibles explicaciones, se\u00f1al\u00f3 la ampliaci\u00f3n del monotributo contemplada en la Ley Bases, que, seg\u00fan sostuvo, <strong>\u201cfacilit\u00f3 que la gente migrara a esta modalidad m\u00e1s flexible y con menos carga tributaria\u201d<\/strong>. El ministro remarc\u00f3 que no se trata de un fen\u00f3meno reciente, sino de una tendencia que se registra desde 2012 y que, a su entender, responde a la b\u00fasqueda de modalidades de trabajo m\u00e1s flexibles.<\/p>\n<\/article>\n<section class=\"related-news\">\t\t<span class=\"related-news__title\">Informate m\u00e1s<\/span>\t\t<\/p>\n<div class=\"row row--eq-height\">\n<div class=\"col-12 col-md-6\">\n<article class=\"news-article news-article--landscape-news news-article--landscape-news\">\n<figure class=\"news-article__figure figure\">\n\t\t\t\t\t\t\t\t\t\t\t<img src=\"https:\/\/media.ambito.com\/p\/9fa552092182fd9a25c8e7d1d1529b16\/adjuntos\/239\/imagenes\/041\/499\/0041499650\/salarios-pesos-paritarias-ingresos.jpg\" decoding=\"async\" fetchpriority=\"low\" loading=\"lazy\" alt=\"Los acuerdos volvieron a reflejar particualridades este mes.\" title=\"Los acuerdos volvieron a reflejar particualridades este mes.\" width=\"93\" height=\"52\" class=\"news-article__figure-img figure-img img-fluid\"\/>\t\t<\/figure>\n<\/article><\/div>\n<div class=\"col-12 col-md-6\">\n<article class=\"news-article news-article--landscape-news news-article--landscape-news\">\n<figure class=\"news-article__figure figure\">\n\t\t\t\t\t\t\t\t\t\t\t<img src=\"https:\/\/media.ambito.com\/p\/ab6141501226529959be265fae64c1bc\/adjuntos\/239\/imagenes\/041\/256\/0041256102\/trenes-y-colectivospng.png\" decoding=\"async\" fetchpriority=\"low\" loading=\"lazy\" alt=\"nuevo aumento del transporte: cuanto costaran colectivos, trenes y el subte en el amba\" title=\"nuevo aumento del transporte: cuanto costaran colectivos, trenes y el subte en el amba\" width=\"93\" height=\"52\" class=\"news-article__figure-img figure-img img-fluid\"\/>\t\t<\/figure>\n<\/article><\/div>\n<\/div>\n<\/section>\n<article class=\"article-body article-body--third-paragraph\">\n<p id=\"p-1788127392678-53602\"> En ese sentido, asegur\u00f3 que <strong>\u201cen los \u00faltimos tres a\u00f1os el mercado laboral sum\u00f3 medio mill\u00f3n de puestos de trabajo\u201d<\/strong> y rechaz\u00f3 que ese crecimiento haya sido explicado exclusivamente por el empleo informal. Seg\u00fan los datos que present\u00f3, se incorporaron 190.000 asalariados no registrados, mientras que los trabajadores no asalariados aumentaron en 491.000, impulsados principalmente por los monotributistas.<\/p>\n<\/article>\n<article class=\"article-body article-body--fourth-paragraph\">\n<p id=\"p-1788127420470-96896\">Sobre este \u00faltimo grupo, Sturzenegger destac\u00f3 que <strong>\u201clos sueldos de los monotributistas no son muy diferentes a los de los asalariados\u201d<\/strong>. Sus declaraciones fueron realizadas en una columna de opini\u00f3n publicada en La Naci\u00f3n, donde tambi\u00e9n defendi\u00f3 el rumbo econ\u00f3mico del Gobierno de Javier Milei.<\/p>\n<\/article>\n<article class=\"article-body article-body--fifth-paragraph\">\n<div contenteditable=\"false\" class=\"embed_cont type_imagen\" id=\"8242930-Libre-1475219341_wrap\" style=\"opacity:1;height:auto;\">\n<div id=\"8242930-Libre-1475219341_content\" class=\"embed_content\"><img src=\"https:\/\/media.ambito.com\/p\/2e77581b9dbb71bed33c4bdc62599717\/adjuntos\/239\/imagenes\/043\/467\/0043467758\/730x0\/smart\/federico-sturzenegger-senado-sociedades.jpg\" decoding=\"async\" fetchpriority=\"low\" loading=\"lazy\" alt=\"El ministro de Desregulaci\u00f3n sostuvo que la ca\u00edda de los asalariados registrados responde, en parte, al avance del monotributo y destac\u00f3 que el mercado laboral sum\u00f3 500.000 puestos en los \u00faltimos tres a\u00f1os.\" title=\"El ministro de Desregulaci\u00f3n sostuvo que la ca\u00edda de los asalariados registrados responde, en parte, al avance del monotributo y destac\u00f3 que el mercado laboral sum\u00f3 500.000 puestos en los \u00faltimos tres a\u00f1os.\" width=\"730\" height=\"undefined\" id=\"8242930-Libre-1475219341_embed\"\/><\/div>\n<div class=\"embed_wrapper-cont\" id=\"p-1788127593298-98042\">\n<div id=\"8242930-Libre-1475219341_epigrafe\" class=\"embed_epigrafe\">\n<p id=\"p-1788127718997-22394\">El ministro de Desregulaci\u00f3n sostuvo que la ca\u00edda de los asalariados registrados responde, en parte, al avance del monotributo y destac\u00f3 que el mercado laboral sum\u00f3 500.000 puestos en los \u00faltimos tres a\u00f1os.<\/p>\n<\/div>\n<p>Senado<\/p>\n<\/div><\/div>\n<h2 id=\"p-1788127281839-55797\">La evoluci\u00f3n de los salarios y el empleo<\/h2>\n<p id=\"p-1788127281839-41573\" class=\"\">Al analizar los ingresos, el ministro reconoci\u00f3 que existen diferencias entre los indicadores elaborados por el <strong>SIPA, el INDEC y la Cuenta de Generaci\u00f3n de Ingresos<\/strong>, por lo que la evoluci\u00f3n var\u00eda de acuerdo con la metodolog\u00eda utilizada. En particular, destac\u00f3 la mejora de las remuneraciones reales de los trabajadores informales, que, seg\u00fan los datos que present\u00f3, se encuentran <strong>64% por encima del promedio de 2023<\/strong>.<\/p>\n<\/article>\n<article class=\"article-body article-body--remaining-paragraph\">\n<p id=\"p-1788127281839-51934\" class=\"\">En el caso de los monotributistas, se\u00f1al\u00f3 que el incremento fue menor, del 4%, aunque tambi\u00e9n se ubicaron por encima de los niveles de 2023. Para los asalariados formales, en tanto, plante\u00f3 que los datos del SIPA y del \u00edndice de salarios del INDEC muestran resultados dis\u00edmiles. Seg\u00fan explic\u00f3, ambos reflejan aumentos respecto de diciembre de 2023 \u2014del 8% y el 13% a marzo, \u00faltimo dato disponible del SIPA\u2014, aunque uno se encuentra por encima y el otro por debajo del promedio de 2023. <strong>\u201cEse grupo tuvo un movimiento m\u00e1s lateral\u201d<\/strong>, afirm\u00f3.<\/p>\n<p id=\"p-1788127281839-53311\" class=\"\">Sturzenegger utiliz\u00f3 estos datos para defender la evoluci\u00f3n general de la econom\u00eda y cuestionar las cr\u00edticas opositoras. Seg\u00fan sostuvo, el Gobierno logr\u00f3 colocar al pa\u00eds <strong>\u201cen un sendero de crecimiento luego de 12 a\u00f1os de estancamiento\u201d<\/strong> y destac\u00f3, entre otros indicadores, la reducci\u00f3n de la pobreza del 42% al 28%, la generaci\u00f3n de 500.000 puestos de trabajo y el sostenimiento del super\u00e1vit fiscal durante tres a\u00f1os consecutivos. Tambi\u00e9n afirm\u00f3 que la Argentina atraviesa un <strong>\u201cboom de exportaciones\u201d<\/strong>, que vincul\u00f3 con las reformas estructurales impulsadas a partir de la Ley Bases.<\/p>\n<h2 id=\"p-1788127281839-81201\">Sturzenegger rechaz\u00f3 una intervenci\u00f3n estatal ante el endeudamiento<\/h2>\n<p id=\"p-1788127281839-44\" class=\"\">En otro tramo de su columna, Sturzenegger <strong>rechaz\u00f3 una eventual intervenci\u00f3n del Estado frente al nivel de endeudamiento de los hogares<\/strong> y responsabiliz\u00f3 a los bancos y a las entidades financieras por las consecuencias de los cr\u00e9ditos otorgados. El ministro los calific\u00f3 como <strong>\u201cgente grande que sabe lo que hizo y a qui\u00e9n le prest\u00f3\u201d<\/strong>.<\/p>\n<p id=\"p-1788127281839-9662\" class=\"\">\u201cSi ahora no les pagan, el problema principal es de ellos. Pero con tal de pegarle al Gobierno, vale cualquier cosa\u201d, afirm\u00f3 el funcionario, al cuestionar las advertencias opositoras sobre la situaci\u00f3n financiera de las familias.<\/p>\n<p id=\"p-1788127281839-12214\" class=\"\">En esa l\u00ednea, sostuvo que <strong>el financiamiento bancario al sector privado representa apenas el 12% del PBI<\/strong>, frente a m\u00e1s del 70% en Chile y Brasil, mientras que la totalidad de la cartera irregular no alcanza el 1% del producto.<\/p>\n<p id=\"p-1788127281839-89986\">El ministro tambi\u00e9n defendi\u00f3 la necesidad de preservar las reglas del sistema crediticio y remarc\u00f3 que <strong>\u201cen los \u00faltimos dos a\u00f1os, casi 4 millones de personas accedieron por primera vez al cr\u00e9dito\u201d<\/strong>. Seg\u00fan argument\u00f3, mantener un marco estable resulta necesario para ampliar el acceso al financiamiento en los pr\u00f3ximos a\u00f1os y evitar que el Estado modifique las condiciones de manera permanente.<\/p>\n<\/article>\n<p>\t\t<!-- REGION4 } --><\/div>\n<p><script>\n!function(f,b,e,v,n,t,s)\n{if(f.fbq)return;n=f.fbq=function(){n.callMethod?\nn.callMethod.apply(n,arguments):n.queue.push(arguments)};\nif(!f._fbq)f._fbq=n;n.push=n;n.loaded=!0;n.version='2.0';\nn.queue=[];t=b.createElement(e);t.async=!0;\nt.src=v;s=b.getElementsByTagName(e)[0];\ns.parentNode.insertBefore(t,s)}(window,document,'script',\n'https:\/\/connect.facebook.net\/en_US\/fbevents.js');\nfbq('init', '2047048335588113');\nfbq('track', 'PageView');\n<\/script><br \/>\n<br \/><\/p>\n","protected":false},"excerpt":{"rendered":"<p>30 de agosto 2026 &#8211; 19:12 El ministro de Desregulaci\u00f3n sostuvo que la ca\u00edda de los asalariados registrados responde, en parte, al avance del r\u00e9gimen simplificado y destac\u00f3 que el mercado laboral sum\u00f3 500.000 puestos en los \u00faltimos tres a\u00f1os. El ministro de Desregulaci\u00f3n y Transformaci\u00f3n del Estado, Federico Sturzenegger, reconoci\u00f3 la ca\u00edda del empleo [&hellip;]<\/p>\n","protected":false},"author":1,"featured_media":209889,"comment_status":"closed","ping_status":"closed","sticky":false,"template":"","format":"standard","meta":{"footnotes":""},"categories":[28],"tags":[],"class_list":["post-209888","post","type-post","status-publish","format-standard","has-post-thumbnail","hentry","category-economia"],"yoast_head":"<!-- This site is optimized with the Yoast SEO plugin v24.4 - https:\/\/yoast.com\/wordpress\/plugins\/seo\/ -->\n<title>Federico Sturzenegger admiti\u00f3 la ca\u00edda del empleo formal y la atribuy\u00f3 al avance del monotributo - GYS NOTICIAS |<\/title>\n<meta name=\"robots\" content=\"index, follow, max-snippet:-1, max-image-preview:large, max-video-preview:-1\" \/>\n<link rel=\"canonical\" href=\"https:\/\/gysfm.com.ar\/inicio\/federico-sturzenegger-admitio-la-caida-del-empleo-formal-y-la-atribuyo-al-avance-del-monotributo\/\" \/>\n<meta property=\"og:locale\" content=\"es_ES\" \/>\n<meta property=\"og:type\" content=\"article\" \/>\n<meta property=\"og:title\" content=\"Federico Sturzenegger admiti\u00f3 la ca\u00edda del empleo formal y la atribuy\u00f3 al avance del monotributo - GYS NOTICIAS |\" \/>\n<meta property=\"og:description\" content=\"30 de agosto 2026 &#8211; 19:12 El ministro de Desregulaci\u00f3n sostuvo que la ca\u00edda de los asalariados registrados responde, en parte, al avance del r\u00e9gimen simplificado y destac\u00f3 que el mercado laboral sum\u00f3 500.000 puestos en los \u00faltimos tres a\u00f1os. El ministro de Desregulaci\u00f3n y Transformaci\u00f3n del Estado, Federico Sturzenegger, reconoci\u00f3 la ca\u00edda del empleo [&hellip;]\" \/>\n<meta property=\"og:url\" content=\"https:\/\/gysfm.com.ar\/inicio\/federico-sturzenegger-admitio-la-caida-del-empleo-formal-y-la-atribuyo-al-avance-del-monotributo\/\" \/>\n<meta property=\"og:site_name\" content=\"GYS NOTICIAS |\" \/>\n<meta property=\"article:published_time\" content=\"2026-08-30T22:30:10+00:00\" \/>\n<meta property=\"og:image\" content=\"https:\/\/media.ambito.com\/p\/9fa552092182fd9a25c8e7d1d1529b16\/adjuntos\/239\/imagenes\/041\/499\/0041499650\/salarios-pesos-paritarias-ingresos.jpg\" \/>\n<meta name=\"author\" content=\"admin\" \/>\n<meta name=\"twitter:card\" content=\"summary_large_image\" \/>\n<meta name=\"twitter:label1\" content=\"Escrito por\" \/>\n\t<meta name=\"twitter:data1\" content=\"admin\" \/>\n\t<meta name=\"twitter:label2\" content=\"Tiempo de lectura\" \/>\n\t<meta name=\"twitter:data2\" content=\"4 minutos\" \/>\n<script type=\"application\/ld+json\" class=\"yoast-schema-graph\">{\"@context\":\"https:\/\/schema.org\",\"@graph\":[{\"@type\":\"Article\",\"@id\":\"https:\/\/gysfm.com.ar\/inicio\/federico-sturzenegger-admitio-la-caida-del-empleo-formal-y-la-atribuyo-al-avance-del-monotributo\/#article\",\"isPartOf\":{\"@id\":\"https:\/\/gysfm.com.ar\/inicio\/federico-sturzenegger-admitio-la-caida-del-empleo-formal-y-la-atribuyo-al-avance-del-monotributo\/\"},\"author\":{\"name\":\"admin\",\"@id\":\"https:\/\/gysfm.com.ar\/inicio\/#\/schema\/person\/5bedd7ecd35cc35548d89effafa23696\"},\"headline\":\"Federico Sturzenegger admiti\u00f3 la ca\u00edda del empleo formal y la atribuy\u00f3 al avance del monotributo\",\"datePublished\":\"2026-08-30T22:30:10+00:00\",\"mainEntityOfPage\":{\"@id\":\"https:\/\/gysfm.com.ar\/inicio\/federico-sturzenegger-admitio-la-caida-del-empleo-formal-y-la-atribuyo-al-avance-del-monotributo\/\"},\"wordCount\":834,\"publisher\":{\"@id\":\"https:\/\/gysfm.com.ar\/inicio\/#organization\"},\"image\":{\"@id\":\"https:\/\/gysfm.com.ar\/inicio\/federico-sturzenegger-admitio-la-caida-del-empleo-formal-y-la-atribuyo-al-avance-del-monotributo\/#primaryimage\"},\"thumbnailUrl\":\"https:\/\/gysfm.com.ar\/inicio\/wp-content\/uploads\/2026\/08\/sturzenegger.png\",\"articleSection\":[\"ECONOMIA\"],\"inLanguage\":\"es\"},{\"@type\":\"WebPage\",\"@id\":\"https:\/\/gysfm.com.ar\/inicio\/federico-sturzenegger-admitio-la-caida-del-empleo-formal-y-la-atribuyo-al-avance-del-monotributo\/\",\"url\":\"https:\/\/gysfm.com.ar\/inicio\/federico-sturzenegger-admitio-la-caida-del-empleo-formal-y-la-atribuyo-al-avance-del-monotributo\/\",\"name\":\"Federico Sturzenegger admiti\u00f3 la ca\u00edda del empleo formal y la atribuy\u00f3 al avance del monotributo - GYS NOTICIAS |\",\"isPartOf\":{\"@id\":\"https:\/\/gysfm.com.ar\/inicio\/#website\"},\"primaryImageOfPage\":{\"@id\":\"https:\/\/gysfm.com.ar\/inicio\/federico-sturzenegger-admitio-la-caida-del-empleo-formal-y-la-atribuyo-al-avance-del-monotributo\/#primaryimage\"},\"image\":{\"@id\":\"https:\/\/gysfm.com.ar\/inicio\/federico-sturzenegger-admitio-la-caida-del-empleo-formal-y-la-atribuyo-al-avance-del-monotributo\/#primaryimage\"},\"thumbnailUrl\":\"https:\/\/gysfm.com.ar\/inicio\/wp-content\/uploads\/2026\/08\/sturzenegger.png\",\"datePublished\":\"2026-08-30T22:30:10+00:00\",\"breadcrumb\":{\"@id\":\"https:\/\/gysfm.com.ar\/inicio\/federico-sturzenegger-admitio-la-caida-del-empleo-formal-y-la-atribuyo-al-avance-del-monotributo\/#breadcrumb\"},\"inLanguage\":\"es\",\"potentialAction\":[{\"@type\":\"ReadAction\",\"target\":[\"https:\/\/gysfm.com.ar\/inicio\/federico-sturzenegger-admitio-la-caida-del-empleo-formal-y-la-atribuyo-al-avance-del-monotributo\/\"]}]},{\"@type\":\"ImageObject\",\"inLanguage\":\"es\",\"@id\":\"https:\/\/gysfm.com.ar\/inicio\/federico-sturzenegger-admitio-la-caida-del-empleo-formal-y-la-atribuyo-al-avance-del-monotributo\/#primaryimage\",\"url\":\"https:\/\/gysfm.com.ar\/inicio\/wp-content\/uploads\/2026\/08\/sturzenegger.png\",\"contentUrl\":\"https:\/\/gysfm.com.ar\/inicio\/wp-content\/uploads\/2026\/08\/sturzenegger.png\",\"width\":1200,\"height\":675},{\"@type\":\"BreadcrumbList\",\"@id\":\"https:\/\/gysfm.com.ar\/inicio\/federico-sturzenegger-admitio-la-caida-del-empleo-formal-y-la-atribuyo-al-avance-del-monotributo\/#breadcrumb\",\"itemListElement\":[{\"@type\":\"ListItem\",\"position\":1,\"name\":\"Portada\",\"item\":\"https:\/\/gysfm.com.ar\/inicio\/\"},{\"@type\":\"ListItem\",\"position\":2,\"name\":\"Federico Sturzenegger admiti\u00f3 la ca\u00edda del empleo formal y la atribuy\u00f3 al avance del monotributo\"}]},{\"@type\":\"WebSite\",\"@id\":\"https:\/\/gysfm.com.ar\/inicio\/#website\",\"url\":\"https:\/\/gysfm.com.ar\/inicio\/\",\"name\":\"GYS NOTICIAS |\",\"description\":\"DIARIO - RADIO ONLINE SAN JUAN ARGENTINA\",\"publisher\":{\"@id\":\"https:\/\/gysfm.com.ar\/inicio\/#organization\"},\"potentialAction\":[{\"@type\":\"SearchAction\",\"target\":{\"@type\":\"EntryPoint\",\"urlTemplate\":\"https:\/\/gysfm.com.ar\/inicio\/?s={search_term_string}\"},\"query-input\":{\"@type\":\"PropertyValueSpecification\",\"valueRequired\":true,\"valueName\":\"search_term_string\"}}],\"inLanguage\":\"es\"},{\"@type\":\"Organization\",\"@id\":\"https:\/\/gysfm.com.ar\/inicio\/#organization\",\"name\":\"GYS NOTICIAS |\",\"url\":\"https:\/\/gysfm.com.ar\/inicio\/\",\"logo\":{\"@type\":\"ImageObject\",\"inLanguage\":\"es\",\"@id\":\"https:\/\/gysfm.com.ar\/inicio\/#\/schema\/logo\/image\/\",\"url\":\"https:\/\/gysfm.com.ar\/inicio\/wp-content\/uploads\/2023\/07\/LOGOGYS-OK.png\",\"contentUrl\":\"https:\/\/gysfm.com.ar\/inicio\/wp-content\/uploads\/2023\/07\/LOGOGYS-OK.png\",\"width\":1170,\"height\":872,\"caption\":\"GYS NOTICIAS |\"},\"image\":{\"@id\":\"https:\/\/gysfm.com.ar\/inicio\/#\/schema\/logo\/image\/\"}},{\"@type\":\"Person\",\"@id\":\"https:\/\/gysfm.com.ar\/inicio\/#\/schema\/person\/5bedd7ecd35cc35548d89effafa23696\",\"name\":\"admin\",\"image\":{\"@type\":\"ImageObject\",\"inLanguage\":\"es\",\"@id\":\"https:\/\/gysfm.com.ar\/inicio\/#\/schema\/person\/image\/\",\"url\":\"https:\/\/secure.gravatar.com\/avatar\/c331d312b5243fb64d5ba28108a447b27c925295129a363082c9ea52c28d32c2?s=96&d=mm&r=g\",\"contentUrl\":\"https:\/\/secure.gravatar.com\/avatar\/c331d312b5243fb64d5ba28108a447b27c925295129a363082c9ea52c28d32c2?s=96&d=mm&r=g\",\"caption\":\"admin\"},\"sameAs\":[\"https:\/\/gysfm.com.ar\/inicio\"],\"url\":\"https:\/\/gysfm.com.ar\/inicio\/author\/admin\/\"}]}<\/script>\n<!-- \/ Yoast SEO plugin. -->","yoast_head_json":{"title":"Federico Sturzenegger admiti\u00f3 la ca\u00edda del empleo formal y la atribuy\u00f3 al avance del monotributo - GYS NOTICIAS |","robots":{"index":"index","follow":"follow","max-snippet":"max-snippet:-1","max-image-preview":"max-image-preview:large","max-video-preview":"max-video-preview:-1"},"canonical":"https:\/\/gysfm.com.ar\/inicio\/federico-sturzenegger-admitio-la-caida-del-empleo-formal-y-la-atribuyo-al-avance-del-monotributo\/","og_locale":"es_ES","og_type":"article","og_title":"Federico Sturzenegger admiti\u00f3 la ca\u00edda del empleo formal y la atribuy\u00f3 al avance del monotributo - GYS NOTICIAS |","og_description":"30 de agosto 2026 &#8211; 19:12 El ministro de Desregulaci\u00f3n sostuvo que la ca\u00edda de los asalariados registrados responde, en parte, al avance del r\u00e9gimen simplificado y destac\u00f3 que el mercado laboral sum\u00f3 500.000 puestos en los \u00faltimos tres a\u00f1os. El ministro de Desregulaci\u00f3n y Transformaci\u00f3n del Estado, Federico Sturzenegger, reconoci\u00f3 la ca\u00edda del empleo [&hellip;]","og_url":"https:\/\/gysfm.com.ar\/inicio\/federico-sturzenegger-admitio-la-caida-del-empleo-formal-y-la-atribuyo-al-avance-del-monotributo\/","og_site_name":"GYS NOTICIAS |","article_published_time":"2026-08-30T22:30:10+00:00","og_image":[{"url":"https:\/\/media.ambito.com\/p\/9fa552092182fd9a25c8e7d1d1529b16\/adjuntos\/239\/imagenes\/041\/499\/0041499650\/salarios-pesos-paritarias-ingresos.jpg","type":"","width":"","height":""}],"author":"admin","twitter_card":"summary_large_image","twitter_misc":{"Escrito por":"admin","Tiempo de lectura":"4 minutos"},"schema":{"@context":"https:\/\/schema.org","@graph":[{"@type":"Article","@id":"https:\/\/gysfm.com.ar\/inicio\/federico-sturzenegger-admitio-la-caida-del-empleo-formal-y-la-atribuyo-al-avance-del-monotributo\/#article","isPartOf":{"@id":"https:\/\/gysfm.com.ar\/inicio\/federico-sturzenegger-admitio-la-caida-del-empleo-formal-y-la-atribuyo-al-avance-del-monotributo\/"},"author":{"name":"admin","@id":"https:\/\/gysfm.com.ar\/inicio\/#\/schema\/person\/5bedd7ecd35cc35548d89effafa23696"},"headline":"Federico Sturzenegger admiti\u00f3 la ca\u00edda del empleo formal y la atribuy\u00f3 al avance del monotributo","datePublished":"2026-08-30T22:30:10+00:00","mainEntityOfPage":{"@id":"https:\/\/gysfm.com.ar\/inicio\/federico-sturzenegger-admitio-la-caida-del-empleo-formal-y-la-atribuyo-al-avance-del-monotributo\/"},"wordCount":834,"publisher":{"@id":"https:\/\/gysfm.com.ar\/inicio\/#organization"},"image":{"@id":"https:\/\/gysfm.com.ar\/inicio\/federico-sturzenegger-admitio-la-caida-del-empleo-formal-y-la-atribuyo-al-avance-del-monotributo\/#primaryimage"},"thumbnailUrl":"https:\/\/gysfm.com.ar\/inicio\/wp-content\/uploads\/2026\/08\/sturzenegger.png","articleSection":["ECONOMIA"],"inLanguage":"es"},{"@type":"WebPage","@id":"https:\/\/gysfm.com.ar\/inicio\/federico-sturzenegger-admitio-la-caida-del-empleo-formal-y-la-atribuyo-al-avance-del-monotributo\/","url":"https:\/\/gysfm.com.ar\/inicio\/federico-sturzenegger-admitio-la-caida-del-empleo-formal-y-la-atribuyo-al-avance-del-monotributo\/","name":"Federico Sturzenegger admiti\u00f3 la ca\u00edda del empleo formal y la atribuy\u00f3 al avance del monotributo - GYS NOTICIAS |","isPartOf":{"@id":"https:\/\/gysfm.com.ar\/inicio\/#website"},"primaryImageOfPage":{"@id":"https:\/\/gysfm.com.ar\/inicio\/federico-sturzenegger-admitio-la-caida-del-empleo-formal-y-la-atribuyo-al-avance-del-monotributo\/#primaryimage"},"image":{"@id":"https:\/\/gysfm.com.ar\/inicio\/federico-sturzenegger-admitio-la-caida-del-empleo-formal-y-la-atribuyo-al-avance-del-monotributo\/#primaryimage"},"thumbnailUrl":"https:\/\/gysfm.com.ar\/inicio\/wp-content\/uploads\/2026\/08\/sturzenegger.png","datePublished":"2026-08-30T22:30:10+00:00","breadcrumb":{"@id":"https:\/\/gysfm.com.ar\/inicio\/federico-sturzenegger-admitio-la-caida-del-empleo-formal-y-la-atribuyo-al-avance-del-monotributo\/#breadcrumb"},"inLanguage":"es","potentialAction":[{"@type":"ReadAction","target":["https:\/\/gysfm.com.ar\/inicio\/federico-sturzenegger-admitio-la-caida-del-empleo-formal-y-la-atribuyo-al-avance-del-monotributo\/"]}]},{"@type":"ImageObject","inLanguage":"es","@id":"https:\/\/gysfm.com.ar\/inicio\/federico-sturzenegger-admitio-la-caida-del-empleo-formal-y-la-atribuyo-al-avance-del-monotributo\/#primaryimage","url":"https:\/\/gysfm.com.ar\/inicio\/wp-content\/uploads\/2026\/08\/sturzenegger.png","contentUrl":"https:\/\/gysfm.com.ar\/inicio\/wp-content\/uploads\/2026\/08\/sturzenegger.png","width":1200,"height":675},{"@type":"BreadcrumbList","@id":"https:\/\/gysfm.com.ar\/inicio\/federico-sturzenegger-admitio-la-caida-del-empleo-formal-y-la-atribuyo-al-avance-del-monotributo\/#breadcrumb","itemListElement":[{"@type":"ListItem","position":1,"name":"Portada","item":"https:\/\/gysfm.com.ar\/inicio\/"},{"@type":"ListItem","position":2,"name":"Federico Sturzenegger admiti\u00f3 la ca\u00edda del empleo formal y la atribuy\u00f3 al avance del monotributo"}]},{"@type":"WebSite","@id":"https:\/\/gysfm.com.ar\/inicio\/#website","url":"https:\/\/gysfm.com.ar\/inicio\/","name":"GYS NOTICIAS |","description":"DIARIO - RADIO ONLINE SAN JUAN ARGENTINA","publisher":{"@id":"https:\/\/gysfm.com.ar\/inicio\/#organization"},"potentialAction":[{"@type":"SearchAction","target":{"@type":"EntryPoint","urlTemplate":"https:\/\/gysfm.com.ar\/inicio\/?s={search_term_string}"},"query-input":{"@type":"PropertyValueSpecification","valueRequired":true,"valueName":"search_term_string"}}],"inLanguage":"es"},{"@type":"Organization","@id":"https:\/\/gysfm.com.ar\/inicio\/#organization","name":"GYS NOTICIAS |","url":"https:\/\/gysfm.com.ar\/inicio\/","logo":{"@type":"ImageObject","inLanguage":"es","@id":"https:\/\/gysfm.com.ar\/inicio\/#\/schema\/logo\/image\/","url":"https:\/\/gysfm.com.ar\/inicio\/wp-content\/uploads\/2023\/07\/LOGOGYS-OK.png","contentUrl":"https:\/\/gysfm.com.ar\/inicio\/wp-content\/uploads\/2023\/07\/LOGOGYS-OK.png","width":1170,"height":872,"caption":"GYS NOTICIAS |"},"image":{"@id":"https:\/\/gysfm.com.ar\/inicio\/#\/schema\/logo\/image\/"}},{"@type":"Person","@id":"https:\/\/gysfm.com.ar\/inicio\/#\/schema\/person\/5bedd7ecd35cc35548d89effafa23696","name":"admin","image":{"@type":"ImageObject","inLanguage":"es","@id":"https:\/\/gysfm.com.ar\/inicio\/#\/schema\/person\/image\/","url":"https:\/\/secure.gravatar.com\/avatar\/c331d312b5243fb64d5ba28108a447b27c925295129a363082c9ea52c28d32c2?s=96&d=mm&r=g","contentUrl":"https:\/\/secure.gravatar.com\/avatar\/c331d312b5243fb64d5ba28108a447b27c925295129a363082c9ea52c28d32c2?s=96&d=mm&r=g","caption":"admin"},"sameAs":["https:\/\/gysfm.com.ar\/inicio"],"url":"https:\/\/gysfm.com.ar\/inicio\/author\/admin\/"}]}},"_links":{"self":[{"href":"https:\/\/gysfm.com.ar\/inicio\/wp-json\/wp\/v2\/posts\/209888","targetHints":{"allow":["GET"]}}],"collection":[{"href":"https:\/\/gysfm.com.ar\/inicio\/wp-json\/wp\/v2\/posts"}],"about":[{"href":"https:\/\/gysfm.com.ar\/inicio\/wp-json\/wp\/v2\/types\/post"}],"author":[{"embeddable":true,"href":"https:\/\/gysfm.com.ar\/inicio\/wp-json\/wp\/v2\/users\/1"}],"replies":[{"embeddable":true,"href":"https:\/\/gysfm.com.ar\/inicio\/wp-json\/wp\/v2\/comments?post=209888"}],"version-history":[{"count":0,"href":"https:\/\/gysfm.com.ar\/inicio\/wp-json\/wp\/v2\/posts\/209888\/revisions"}],"wp:featuredmedia":[{"embeddable":true,"href":"https:\/\/gysfm.com.ar\/inicio\/wp-json\/wp\/v2\/media\/209889"}],"wp:attachment":[{"href":"https:\/\/gysfm.com.ar\/inicio\/wp-json\/wp\/v2\/media?parent=209888"}],"wp:term":[{"taxonomy":"category","embeddable":true,"href":"https:\/\/gysfm.com.ar\/inicio\/wp-json\/wp\/v2\/categories?post=209888"},{"taxonomy":"post_tag","embeddable":true,"href":"https:\/\/gysfm.com.ar\/inicio\/wp-json\/wp\/v2\/tags?post=209888"}],"curies":[{"name":"wp","href":"https:\/\/api.w.org\/{rel}","templated":true}]}}