{"id":209871,"date":"2026-08-30T14:20:08","date_gmt":"2026-08-30T17:20:08","guid":{"rendered":"https:\/\/gysfm.com.ar\/inicio\/el-que-dice-que-el-dolar-esta-barato-es-porque-gana-cuando-devaluan\/"},"modified":"2026-08-30T14:20:08","modified_gmt":"2026-08-30T17:20:08","slug":"el-que-dice-que-el-dolar-esta-barato-es-porque-gana-cuando-devaluan","status":"publish","type":"post","link":"https:\/\/gysfm.com.ar\/inicio\/el-que-dice-que-el-dolar-esta-barato-es-porque-gana-cuando-devaluan\/","title":{"rendered":"\u201cEl que dice que el d\u00f3lar est\u00e1 barato es porque gana cuando deval\u00faan\u201d"},"content":{"rendered":"<p> <br \/>\n<\/p>\n<div id=\"\">\n<p id=\"p-1788029410039-13349\" class=\"\">Yo no dir\u00eda que hay que cambiar el rumbo ni nada por el estilo. Creo que el Gobierno tiene que ahondar en las reformas y ser perseverante. Una econom\u00eda puede tardar cinco o diez a\u00f1os en normalizarse. Si se interrumpe el proceso, nunca puede llegar a pasar.<\/p>\n<p id=\"p-1788029410039-95340\" class=\"\">Lo que s\u00ed hay que saber es que durante ese proceso va a haber gente que va a tener problemas. Hay que planear para eso. Costo va a haber, pero hay que tratar de aminorarlo.<\/p>\n<h2 id=\"p-1788063658933-12155\">\u00abEl Gobierno est\u00e1 en una batalla pol\u00edtico-econ\u00f3mica\u00bb<\/h2>\n<p id=\"p-1788029410039-41489\" class=\"\"><strong>P.: \u00bfY qu\u00e9 se puede hacer para aminorar ese costo?<\/strong><\/p>\n<p id=\"p-1788029410039-41756\" class=\"\"><strong> M.B.:<\/strong> Si supi\u00e9ramos\u2026 Hay muchas cosas que son intangibles. Hay que crear confianza, seguridad, un ambiente favorable a los negocios.<\/p>\n<p id=\"p-1788029410039-44653\" class=\"\">Los que se beneficiaron con el sistema anterior van a buscar que al Gobierno le vaya mal. El Gobierno est\u00e1 en una batalla pol\u00edtico-econ\u00f3mica. A eso se le agrega la geopol\u00edtica y el contexto internacional. Y ah\u00ed la Argentina est\u00e1 en muy buena posici\u00f3n.<\/p>\n<p id=\"p-1788029410039-94509\" class=\"\"><strong>P.: \u00bfEn qu\u00e9 t\u00e9rminos?<\/strong><\/p>\n<p id=\"p-1788029410039-70627\" class=\"\"><strong> M.B:<\/strong> Tiene como aliado al pa\u00eds m\u00e1s poderoso del mundo. Es importante, quiz\u00e1s no para todos los d\u00edas, pero s\u00ed para el inversor. Por otro lado, est\u00e1 la mejora de los t\u00e9rminos de intercambio.<\/p>\n<p id=\"p-1788029410039-39282\" class=\"\"><strong>P.: \u00bfY c\u00f3mo pueden impactar las elecciones estadounidenses de noviembre en la Argentina?<\/strong><\/p>\n<p id=\"p-1788029410039-88054\" class=\"\"><strong> M.B.:<\/strong> Si Donald Trump no gana, obviamente va a tener un impacto negativo.<\/p>\n<p id=\"p-1788029410039-77531\" class=\"\"><strong>P.: Usted destaca que Argentina tiene una gran oportunidad en t\u00e9rminos de miner\u00eda, oil &amp; gas. \u00bfEncuentra que hay una planificaci\u00f3n para poder explotar esos recursos estrat\u00e9gicos e industrializar, o corremos el riesgo de quedarnos solamente con la exportaci\u00f3n?<\/strong><\/p>\n<p id=\"p-1788029410039-7585\" class=\"\"><strong> M.B:<\/strong> La pregunta es v\u00e1lida. Pienso que la Argentina no puede desperdiciar sus recursos naturales y tampoco puede jugar al populismo con esos recursos. No van a quedar para siempre ah\u00ed.<\/p>\n<p id=\"p-1788094771481-79202\" class=\"\">Pero si vas hacia una industrializaci\u00f3n al estilo de la que se hizo anteriormente y, para eso, descuid\u00e1s la inversi\u00f3n en los sectores productivos que son estrat\u00e9gicos, ah\u00ed va a haber un problema. Hay que buscar alguna forma de resolverlo, y ese planteo est\u00e1 en la ideolog\u00eda del Gobierno.<\/p>\n<div contenteditable=\"false\" class=\"embed_cont type_imagen\" id=\"8270704-Libre-699190003_wrap\">\n<div id=\"8270704-Libre-699190003_content\" class=\"embed_content\"> <img src=\"https:\/\/media.ambito.com\/p\/e8de45914ff9b1ef03f767755b6c8656\/adjuntos\/239\/imagenes\/043\/609\/0043609095\/mario-blejer.jpg?2026-08-27-23-49-40\" decoding=\"async\" fetchpriority=\"high\" loading=\"eager\" crossorigin=\"anonymous\" alt=\"\" title=\"\" width=\"690\" height=\"460\" id=\"8270704-Libre-699190003_embed\"\/><\/div><\/div>\n<h2 id=\"p-1788063708198-11323\">\u00abLa \u00fanica forma que encontraba la Argentina para ganar competitividad era devaluando\u00bb<\/h2>\n<p id=\"p-1788029410039-7063\" class=\"\"><strong>P.: \u00bfPuede profundizar m\u00e1s en ese planteo?<\/strong><\/p>\n<p id=\"p-1788029410039-72893\" class=\"\"><strong> M.B.: <\/strong>Claro, c\u00f3mo evitar que el sector industrial, o determinados sectores de servicios, queden rezagados. \u00bfCu\u00e1l es el problema? Que la Argentina no ha sabido ganar competitividad. Tampoco ha sabido ganar rentabilidad sin devaluar.<\/p>\n<p id=\"p-1788029410039-7954\" class=\"\">Es siempre la misma historia: subieron los precios internacionales, aument\u00f3 el gasto, aument\u00f3 el d\u00e9ficit, que se sosten\u00eda con deuda, y no se supo ganar competitividad.<\/p>\n<p id=\"p-1788029410039-1426\" class=\"\">La \u00fanica forma que encontraba la Argentina para ganar competitividad era devaluando, y la devaluaci\u00f3n es inflacionaria. Creo que hay que tener un modelo diferente.<\/p>\n<p id=\"p-1788029410039-72724\" class=\"\"><strong>P.: Hay economistas que sostienen que hace falta un tipo de cambio m\u00e1s alto.<\/strong><\/p>\n<p id=\"p-1788029410039-19785\" class=\"\"><strong> M.B.:<\/strong> \u00bfM\u00e1s alto que qu\u00e9?<\/p>\n<p id=\"p-1788029410039-76305\" class=\"\"><strong>P.: Hay quienes hablan de un d\u00f3lar de $1.700 o $1.800.<\/strong><\/p>\n<p id=\"p-1788029410039-48672\" class=\"\"><strong> M.B.:<\/strong> \u00bfEn base a qu\u00e9 c\u00e1lculo?<\/p>\n<p id=\"p-1788029410039-39687\" class=\"\"><strong>P.: Dicen que el tipo de cambio est\u00e1 apreciado y que eso no ayuda al sector industrial.<\/strong><\/p>\n<p id=\"p-1788029410039-23275\" class=\"\"><strong> M.B:<\/strong> Lo que ayudar\u00eda a esos sectores es que no haya inflaci\u00f3n. Si el tipo de cambio sube, te arrastra todos los costos. Para que eso no pase, tiene que haber ganancias de productividad. Ahora dicen que el d\u00f3lar est\u00e1 barato. Eso lo dice el que gana cuando se deval\u00faa. Es muy dif\u00edcil saber cu\u00e1l es el tipo de cambio apropiado.<\/p>\n<p id=\"p-1788029410039-62616\" class=\"\">Yo no creo que haya una tasa de cambio de equilibrio f\u00e1cilmente identificable, porque los sectores competitivos lo son porque ganaron competitividad y porque, en general, son competitivos en el mundo. La Argentina tiene, por ejemplo, alrededor del 20% del litio del mundo. Las tasas de cambio diferenciales tampoco funcionaron bien. La tasa de cambio es un precio importante para el sendero de desarrollo, pero no nos podemos basar solamente en eso.<\/p>\n<p id=\"p-1788029410039-13065\" class=\"\">El Gobierno busca desvincularla como \u00fanico factor de competitividad. Y la verdad es que en la Argentina no ha habido devaluaciones sin inflaci\u00f3n, ni los salarios ni la productividad han mejorado durante per\u00edodos largos a partir de una devaluaci\u00f3n.<\/p>\n<p id=\"p-1788029410039-6639\" class=\"\"><strong>P.: Para ganar competitividad tambi\u00e9n se necesita acceso al cr\u00e9dito, hoy limitado por el aumento de la morosidad. \u00bfConsidera, como sostiene el Gobierno, que la irregularidad en el pago de los pr\u00e9stamos es un problema exclusivamente entre privados?<\/strong><\/p>\n<p id=\"p-1788094878576-87797\" class=\"\"><strong>  <\/strong><strong>M.B:<\/strong> Hay que mirar el tema y ver qu\u00e9 se puede hacer. No se puede intervenir cada mercado, pero en el corto plazo s\u00ed se podr\u00eda hacer algo. Ideol\u00f3gicamente no me molesta.<\/p>\n<div contenteditable=\"false\" class=\"embed_cont type_imagen\" id=\"8270699-Libre-1109246723_wrap\">\n<div id=\"8270699-Libre-1109246723_content\" class=\"embed_content\"> <img src=\"https:\/\/media.ambito.com\/p\/e7f8fd6511316cb0a7bd0a32893e44e0\/adjuntos\/239\/imagenes\/043\/609\/0043609185\/mario-blejer.jpg?2026-08-27-23-55-16\" decoding=\"async\" fetchpriority=\"low\" loading=\"lazy\" alt=\"\" title=\"\" width=\"690\" height=\"460\" id=\"8270699-Libre-1109246723_embed\"\/><\/div><\/div>\n<h2 id=\"p-1788063769213-5224\">\u00abAl Gobierno le falta pragmatismo para relacionarse con la gente\u00bb<\/h2>\n<p id=\"p-1788029410039-83729\" class=\"\"><strong>P.: \u00bfCree que al Gobierno le falta pragmatismo?<\/strong><\/p>\n<p id=\"p-1788029410039-93849\" class=\"\"><strong> M.B:<\/strong> Le falta pragmatismo para relacionarse con la gente. Tiene su gente que lo apoya, pero no se relaciona con el resto. Si a eso te refer\u00eds, creo que s\u00ed. Las elecciones hay que ganarlas, pero no las vas a ganar insultando al p\u00fablico.<\/p>\n<p id=\"p-1788029410039-57876\" class=\"\"><strong>P.: \u00bfCierto pragmatismo pol\u00edtico, entonces, m\u00e1s que econ\u00f3mico?<\/strong><\/p>\n<p id=\"p-1788029410039-12673\" class=\"\"><strong> M.B:<\/strong> En la econom\u00eda es bastante pragm\u00e1tico. No presentan cosas que no puedan funcionar.<\/p>\n<p id=\"p-1788029410039-49775\" class=\"\"><strong>P.: Inocencia Fiscal II, cr\u00e9ditos en d\u00f3lares, FGS para hipotecarios. \u00bfVe ah\u00ed un intento del Gobierno por reactivar la econom\u00eda?<\/strong><\/p>\n<p id=\"p-1788029410039-19854\" class=\"\"><strong> M.B:<\/strong> El tema de prestar en d\u00f3lares y pagar con ingresos en pesos es un problema si el volumen es inmenso y, sobre todo, si no hay una buena supervisi\u00f3n bancaria. En ese sentido, podr\u00eda decirse que es un problema entre privados. Cuando fue el problema de los dep\u00f3sitos, yo estaba en el Banco Central. Era tambi\u00e9n, en principio, un problema entre privados. Pero hay cosas que no se pueden dejar simplemente para que las arregle el mercado.<\/p>\n<p id=\"p-1788029410039-10691\" class=\"\">Sabemos que existe una externalidad: si a un banco le va mal, le puede ir mal al resto de los bancos. Entonces hay que tener mucho m\u00e1s cuidado y es importante que el Gobierno intervenga ah\u00ed. Es posible evitar que los descalces causen problemas de largo plazo. Pero no es la soluci\u00f3n final. Hay que lograr que la codicia supere al p\u00e1nico; es decir, que las ganancias en pesos sean mayores a lo que se puede esperar obtener de una devaluaci\u00f3n.<\/p>\n<p id=\"p-1788029410039-22583\" class=\"\"><strong>P.: \u00bfVe diferencias entre Caputo y Milei respecto de la mirada actual de la econom\u00eda y del curso de acci\u00f3n?<\/strong><\/p>\n<p id=\"p-1788029410039-84310\" class=\"\"><strong> M.B:<\/strong> No lo s\u00e9. Si el Presidente tiene unos n\u00fameros y el Ministro de Econom\u00eda tiene otros, es m\u00e1s o menos aceptable que la oposici\u00f3n y el Gobierno tengan n\u00fameros distintos, pero no tiene mucho sentido que suceda dentro del mismo Gobierno.<\/p>\n<p id=\"p-1788029410039-14517\" class=\"\">De todas maneras, no creo que sea demasiado importante, porque las tendencias que muestran son las mismas.<\/p>\n<h2 id=\"p-1788063850166-5029\">\u00abNo creo que el Gobierno recurra a ning\u00fan recurso monetario para cambiar el programa\u00bb<\/h2>\n<p id=\"p-1788029410039-9315\" class=\"\"><strong>P.: El Gobierno claramente apunta al super\u00e1vit, pero tambi\u00e9n viene sosteniendo una pol\u00edtica monetaria contractiva. De cara a las elecciones, \u00bfhay posibilidad de aflojar esa l\u00ednea?<\/strong><\/p>\n<p id=\"p-1788029410039-63832\" class=\"\"><strong> M.B:<\/strong> Si logran bajar la expectativa de inflaci\u00f3n a 0,5 puntos por mes, podr\u00edan bajar la tasa de inter\u00e9s. No creo que el Gobierno recurra a ning\u00fan recurso monetario para cambiar el programa.<\/p>\n<p id=\"p-1788029410039-17423\" class=\"\"><strong>P.: El mi\u00e9rcoles pasado la oposici\u00f3n discuti\u00f3 en Diputados la posibilidad de que el Banco Central utilice reservas como garant\u00eda para obtener financiamiento. \u00bfLe parece aceptable esta idea o presenta advertencias?<\/strong><\/p>\n<p id=\"p-1788031327218-64693\" class=\"\"><strong> M.B:<\/strong> Yo creo que tomar deuda por parte del Banco Central no es aconsejable en este momento porque el proceso de ajuste fiscal no est\u00e1 completo.<\/p>\n<p id=\"p-1788029410039-63789\" class=\"\">Por otro lado, si el Gobierno quiere tomar deuda para cancelar deuda anterior utilizando alg\u00fan tipo de cauci\u00f3n o garant\u00eda, para los bancos de inversi\u00f3n que las reservas est\u00e9n a nombre del Gobierno o del Banco Central es pr\u00e1cticamente lo mismo. Igualmente yo no lo har\u00eda, pero tampoco creo que necesariamente pueda tener un efecto tan nocivo. Si se exagera, como ocurre con todas las cosas, s\u00ed. Pero si se puede evitar, yo no lo har\u00eda.<\/p>\n<p id=\"p-1788029410039-64189\" class=\"\"><strong>P.: Estamos a cuatro meses de que comience otro a\u00f1o electoral. \u00bfEl Gobierno tiene recursos para morigerar la volatilidad cambiaria?<\/strong><\/p>\n<p id=\"p-1788029410039-56842\" class=\"\"><strong> M.B:<\/strong> Yo creo que s\u00ed. Parte de las condiciones, escritas o no, de la relaci\u00f3n con el Fondo es que se cumpla con las reservas. Al Gobierno le conviene, para cumplir con el Fondo y para dejar cierta tranquilidad en el mercado. De todas maneras, el mercado no est\u00e1 hoy tan preocupado por el nivel de reservas como por la situaci\u00f3n pol\u00edtica.<\/p>\n<div contenteditable=\"false\" class=\"embed_cont type_imagen\" id=\"8270695-Libre-1420859379_wrap\">\n<div id=\"8270695-Libre-1420859379_content\" class=\"embed_content\"> <img src=\"https:\/\/media.ambito.com\/p\/0b7d8ff5190636ba297010a245f412a3\/adjuntos\/239\/imagenes\/043\/609\/0043609239\/mario-blejer.jpg?2026-08-27-23-59-01\" decoding=\"async\" fetchpriority=\"low\" loading=\"lazy\" alt=\"\" title=\"\" width=\"650\" height=\"460\" id=\"8270695-Libre-1420859379_embed\"\/><\/div><\/div>\n<h2 id=\"p-1788063883436-90624\">\u00abNo esperaba que el riesgo pa\u00eds volviera a subir\u00bb<\/h2>\n<p id=\"p-1788029410039-88716\" class=\"\"><strong>P.: \u00bfPor eso el riesgo pa\u00eds no logra bajar sostenidamente de los 500 puntos?<\/strong><\/p>\n<p id=\"p-1788029410039-4527\" class=\"\"><strong> M.B:<\/strong> Yo creo que hab\u00eda bajado bien, pero volvi\u00f3 a rebotar. Una vez que retrocedi\u00f3 de los 500 puntos no esperaba que volviera a subir, y eso es por la inestabilidad pol\u00edtica. Aunque tambi\u00e9n hay cierta histeria en los mercados globales: hay dos guerras, est\u00e1 la inflaci\u00f3n en Estados Unidos\u2026<\/p>\n<p id=\"p-1788029410039-50656\" class=\"\">Pero fundamentalmente el problema es pol\u00edtico: qui\u00e9n va a gobernar ac\u00e1 y c\u00f3mo. Y eso es muy dif\u00edcil manejarlo simplemente con la tasa de cambio.<\/p>\n<p id=\"p-1788029410039-58256\" class=\"\"><strong>P.: \u00bfNo ve que el peronismo est\u00e9 ofreciendo un proyecto alternativo?<\/strong><\/p>\n<p id=\"p-1788029410039-44074\" class=\"\"><strong> M.B:<\/strong> Hay que verlo. Hay un paper que yo escrib\u00ed, que se titula \u201cComprendiendo la persistencia de la inflaci\u00f3n en Argentina: de Per\u00f3n a Milei\u201d, que me publicaron en Europa.<\/p>\n<p id=\"p-1788029410039-85157\">Sostengo que todas las pol\u00edticas peronistas a lo largo del tiempo fueron inflacionarias y anticompetitivas. Aunque no tengo nada en contra de la doctrina social de Per\u00f3n. Hizo cosas que fueron muy importantes para darle un lugar digno a los trabajadores.<\/p>\n<\/div>\n<p><script>\n!function(f,b,e,v,n,t,s)\n{if(f.fbq)return;n=f.fbq=function(){n.callMethod?\nn.callMethod.apply(n,arguments):n.queue.push(arguments)};\nif(!f._fbq)f._fbq=n;n.push=n;n.loaded=!0;n.version='2.0';\nn.queue=[];t=b.createElement(e);t.async=!0;\nt.src=v;s=b.getElementsByTagName(e)[0];\ns.parentNode.insertBefore(t,s)}(window,document,'script',\n'https:\/\/connect.facebook.net\/en_US\/fbevents.js');\nfbq('init', '2047048335588113');\nfbq('track', 'PageView');\n<\/script><br \/>\n<br \/><\/p>\n","protected":false},"excerpt":{"rendered":"<p>Yo no dir\u00eda que hay que cambiar el rumbo ni nada por el estilo. Creo que el Gobierno tiene que ahondar en las reformas y ser perseverante. Una econom\u00eda puede tardar cinco o diez a\u00f1os en normalizarse. Si se interrumpe el proceso, nunca puede llegar a pasar. Lo que s\u00ed hay que saber es que [&hellip;]<\/p>\n","protected":false},"author":1,"featured_media":209872,"comment_status":"closed","ping_status":"closed","sticky":false,"template":"","format":"standard","meta":{"footnotes":""},"categories":[28],"tags":[],"class_list":["post-209871","post","type-post","status-publish","format-standard","has-post-thumbnail","hentry","category-economia"],"yoast_head":"<!-- This site is optimized with the Yoast SEO plugin v24.4 - https:\/\/yoast.com\/wordpress\/plugins\/seo\/ -->\n<title>\u201cEl que dice que el d\u00f3lar est\u00e1 barato es porque gana cuando deval\u00faan\u201d - GYS NOTICIAS |<\/title>\n<meta name=\"robots\" content=\"index, follow, max-snippet:-1, max-image-preview:large, max-video-preview:-1\" \/>\n<link rel=\"canonical\" href=\"https:\/\/gysfm.com.ar\/inicio\/el-que-dice-que-el-dolar-esta-barato-es-porque-gana-cuando-devaluan\/\" \/>\n<meta property=\"og:locale\" content=\"es_ES\" \/>\n<meta property=\"og:type\" content=\"article\" \/>\n<meta property=\"og:title\" content=\"\u201cEl que dice que el d\u00f3lar est\u00e1 barato es porque gana cuando deval\u00faan\u201d - GYS NOTICIAS |\" \/>\n<meta property=\"og:description\" content=\"Yo no dir\u00eda que hay que cambiar el rumbo ni nada por el estilo. Creo que el Gobierno tiene que ahondar en las reformas y ser perseverante. Una econom\u00eda puede tardar cinco o diez a\u00f1os en normalizarse. Si se interrumpe el proceso, nunca puede llegar a pasar. Lo que s\u00ed hay que saber es que [&hellip;]\" \/>\n<meta property=\"og:url\" content=\"https:\/\/gysfm.com.ar\/inicio\/el-que-dice-que-el-dolar-esta-barato-es-porque-gana-cuando-devaluan\/\" \/>\n<meta property=\"og:site_name\" content=\"GYS NOTICIAS |\" \/>\n<meta property=\"article:published_time\" content=\"2026-08-30T17:20:08+00:00\" \/>\n<meta property=\"og:image\" content=\"https:\/\/media.ambito.com\/p\/e8de45914ff9b1ef03f767755b6c8656\/adjuntos\/239\/imagenes\/043\/609\/0043609095\/mario-blejer.jpg?2026-08-27-23-49-40\" \/>\n<meta name=\"author\" content=\"admin\" \/>\n<meta name=\"twitter:card\" content=\"summary_large_image\" \/>\n<meta name=\"twitter:label1\" content=\"Escrito por\" \/>\n\t<meta name=\"twitter:data1\" content=\"admin\" \/>\n\t<meta name=\"twitter:label2\" content=\"Tiempo de lectura\" \/>\n\t<meta name=\"twitter:data2\" content=\"8 minutos\" \/>\n<script type=\"application\/ld+json\" class=\"yoast-schema-graph\">{\"@context\":\"https:\/\/schema.org\",\"@graph\":[{\"@type\":\"Article\",\"@id\":\"https:\/\/gysfm.com.ar\/inicio\/el-que-dice-que-el-dolar-esta-barato-es-porque-gana-cuando-devaluan\/#article\",\"isPartOf\":{\"@id\":\"https:\/\/gysfm.com.ar\/inicio\/el-que-dice-que-el-dolar-esta-barato-es-porque-gana-cuando-devaluan\/\"},\"author\":{\"name\":\"admin\",\"@id\":\"https:\/\/gysfm.com.ar\/inicio\/#\/schema\/person\/5bedd7ecd35cc35548d89effafa23696\"},\"headline\":\"\u201cEl que dice que el d\u00f3lar est\u00e1 barato es porque gana cuando deval\u00faan\u201d\",\"datePublished\":\"2026-08-30T17:20:08+00:00\",\"mainEntityOfPage\":{\"@id\":\"https:\/\/gysfm.com.ar\/inicio\/el-que-dice-que-el-dolar-esta-barato-es-porque-gana-cuando-devaluan\/\"},\"wordCount\":1701,\"publisher\":{\"@id\":\"https:\/\/gysfm.com.ar\/inicio\/#organization\"},\"image\":{\"@id\":\"https:\/\/gysfm.com.ar\/inicio\/el-que-dice-que-el-dolar-esta-barato-es-porque-gana-cuando-devaluan\/#primaryimage\"},\"thumbnailUrl\":\"https:\/\/gysfm.com.ar\/inicio\/wp-content\/uploads\/2026\/08\/mario-blejer.jpg\",\"articleSection\":[\"ECONOMIA\"],\"inLanguage\":\"es\"},{\"@type\":\"WebPage\",\"@id\":\"https:\/\/gysfm.com.ar\/inicio\/el-que-dice-que-el-dolar-esta-barato-es-porque-gana-cuando-devaluan\/\",\"url\":\"https:\/\/gysfm.com.ar\/inicio\/el-que-dice-que-el-dolar-esta-barato-es-porque-gana-cuando-devaluan\/\",\"name\":\"\u201cEl que dice que el d\u00f3lar est\u00e1 barato es porque gana cuando deval\u00faan\u201d - GYS NOTICIAS |\",\"isPartOf\":{\"@id\":\"https:\/\/gysfm.com.ar\/inicio\/#website\"},\"primaryImageOfPage\":{\"@id\":\"https:\/\/gysfm.com.ar\/inicio\/el-que-dice-que-el-dolar-esta-barato-es-porque-gana-cuando-devaluan\/#primaryimage\"},\"image\":{\"@id\":\"https:\/\/gysfm.com.ar\/inicio\/el-que-dice-que-el-dolar-esta-barato-es-porque-gana-cuando-devaluan\/#primaryimage\"},\"thumbnailUrl\":\"https:\/\/gysfm.com.ar\/inicio\/wp-content\/uploads\/2026\/08\/mario-blejer.jpg\",\"datePublished\":\"2026-08-30T17:20:08+00:00\",\"breadcrumb\":{\"@id\":\"https:\/\/gysfm.com.ar\/inicio\/el-que-dice-que-el-dolar-esta-barato-es-porque-gana-cuando-devaluan\/#breadcrumb\"},\"inLanguage\":\"es\",\"potentialAction\":[{\"@type\":\"ReadAction\",\"target\":[\"https:\/\/gysfm.com.ar\/inicio\/el-que-dice-que-el-dolar-esta-barato-es-porque-gana-cuando-devaluan\/\"]}]},{\"@type\":\"ImageObject\",\"inLanguage\":\"es\",\"@id\":\"https:\/\/gysfm.com.ar\/inicio\/el-que-dice-que-el-dolar-esta-barato-es-porque-gana-cuando-devaluan\/#primaryimage\",\"url\":\"https:\/\/gysfm.com.ar\/inicio\/wp-content\/uploads\/2026\/08\/mario-blejer.jpg\",\"contentUrl\":\"https:\/\/gysfm.com.ar\/inicio\/wp-content\/uploads\/2026\/08\/mario-blejer.jpg\",\"width\":1200,\"height\":675},{\"@type\":\"BreadcrumbList\",\"@id\":\"https:\/\/gysfm.com.ar\/inicio\/el-que-dice-que-el-dolar-esta-barato-es-porque-gana-cuando-devaluan\/#breadcrumb\",\"itemListElement\":[{\"@type\":\"ListItem\",\"position\":1,\"name\":\"Portada\",\"item\":\"https:\/\/gysfm.com.ar\/inicio\/\"},{\"@type\":\"ListItem\",\"position\":2,\"name\":\"\u201cEl que dice que el d\u00f3lar est\u00e1 barato es porque gana cuando deval\u00faan\u201d\"}]},{\"@type\":\"WebSite\",\"@id\":\"https:\/\/gysfm.com.ar\/inicio\/#website\",\"url\":\"https:\/\/gysfm.com.ar\/inicio\/\",\"name\":\"GYS NOTICIAS |\",\"description\":\"DIARIO - RADIO ONLINE SAN JUAN ARGENTINA\",\"publisher\":{\"@id\":\"https:\/\/gysfm.com.ar\/inicio\/#organization\"},\"potentialAction\":[{\"@type\":\"SearchAction\",\"target\":{\"@type\":\"EntryPoint\",\"urlTemplate\":\"https:\/\/gysfm.com.ar\/inicio\/?s={search_term_string}\"},\"query-input\":{\"@type\":\"PropertyValueSpecification\",\"valueRequired\":true,\"valueName\":\"search_term_string\"}}],\"inLanguage\":\"es\"},{\"@type\":\"Organization\",\"@id\":\"https:\/\/gysfm.com.ar\/inicio\/#organization\",\"name\":\"GYS NOTICIAS |\",\"url\":\"https:\/\/gysfm.com.ar\/inicio\/\",\"logo\":{\"@type\":\"ImageObject\",\"inLanguage\":\"es\",\"@id\":\"https:\/\/gysfm.com.ar\/inicio\/#\/schema\/logo\/image\/\",\"url\":\"https:\/\/gysfm.com.ar\/inicio\/wp-content\/uploads\/2023\/07\/LOGOGYS-OK.png\",\"contentUrl\":\"https:\/\/gysfm.com.ar\/inicio\/wp-content\/uploads\/2023\/07\/LOGOGYS-OK.png\",\"width\":1170,\"height\":872,\"caption\":\"GYS NOTICIAS |\"},\"image\":{\"@id\":\"https:\/\/gysfm.com.ar\/inicio\/#\/schema\/logo\/image\/\"}},{\"@type\":\"Person\",\"@id\":\"https:\/\/gysfm.com.ar\/inicio\/#\/schema\/person\/5bedd7ecd35cc35548d89effafa23696\",\"name\":\"admin\",\"image\":{\"@type\":\"ImageObject\",\"inLanguage\":\"es\",\"@id\":\"https:\/\/gysfm.com.ar\/inicio\/#\/schema\/person\/image\/\",\"url\":\"https:\/\/secure.gravatar.com\/avatar\/c331d312b5243fb64d5ba28108a447b27c925295129a363082c9ea52c28d32c2?s=96&d=mm&r=g\",\"contentUrl\":\"https:\/\/secure.gravatar.com\/avatar\/c331d312b5243fb64d5ba28108a447b27c925295129a363082c9ea52c28d32c2?s=96&d=mm&r=g\",\"caption\":\"admin\"},\"sameAs\":[\"https:\/\/gysfm.com.ar\/inicio\"],\"url\":\"https:\/\/gysfm.com.ar\/inicio\/author\/admin\/\"}]}<\/script>\n<!-- \/ Yoast SEO plugin. -->","yoast_head_json":{"title":"\u201cEl que dice que el d\u00f3lar est\u00e1 barato es porque gana cuando deval\u00faan\u201d - GYS NOTICIAS |","robots":{"index":"index","follow":"follow","max-snippet":"max-snippet:-1","max-image-preview":"max-image-preview:large","max-video-preview":"max-video-preview:-1"},"canonical":"https:\/\/gysfm.com.ar\/inicio\/el-que-dice-que-el-dolar-esta-barato-es-porque-gana-cuando-devaluan\/","og_locale":"es_ES","og_type":"article","og_title":"\u201cEl que dice que el d\u00f3lar est\u00e1 barato es porque gana cuando deval\u00faan\u201d - GYS NOTICIAS |","og_description":"Yo no dir\u00eda que hay que cambiar el rumbo ni nada por el estilo. Creo que el Gobierno tiene que ahondar en las reformas y ser perseverante. Una econom\u00eda puede tardar cinco o diez a\u00f1os en normalizarse. Si se interrumpe el proceso, nunca puede llegar a pasar. Lo que s\u00ed hay que saber es que [&hellip;]","og_url":"https:\/\/gysfm.com.ar\/inicio\/el-que-dice-que-el-dolar-esta-barato-es-porque-gana-cuando-devaluan\/","og_site_name":"GYS NOTICIAS |","article_published_time":"2026-08-30T17:20:08+00:00","og_image":[{"url":"https:\/\/media.ambito.com\/p\/e8de45914ff9b1ef03f767755b6c8656\/adjuntos\/239\/imagenes\/043\/609\/0043609095\/mario-blejer.jpg?2026-08-27-23-49-40","type":"","width":"","height":""}],"author":"admin","twitter_card":"summary_large_image","twitter_misc":{"Escrito por":"admin","Tiempo de lectura":"8 minutos"},"schema":{"@context":"https:\/\/schema.org","@graph":[{"@type":"Article","@id":"https:\/\/gysfm.com.ar\/inicio\/el-que-dice-que-el-dolar-esta-barato-es-porque-gana-cuando-devaluan\/#article","isPartOf":{"@id":"https:\/\/gysfm.com.ar\/inicio\/el-que-dice-que-el-dolar-esta-barato-es-porque-gana-cuando-devaluan\/"},"author":{"name":"admin","@id":"https:\/\/gysfm.com.ar\/inicio\/#\/schema\/person\/5bedd7ecd35cc35548d89effafa23696"},"headline":"\u201cEl que dice que el d\u00f3lar est\u00e1 barato es porque gana cuando deval\u00faan\u201d","datePublished":"2026-08-30T17:20:08+00:00","mainEntityOfPage":{"@id":"https:\/\/gysfm.com.ar\/inicio\/el-que-dice-que-el-dolar-esta-barato-es-porque-gana-cuando-devaluan\/"},"wordCount":1701,"publisher":{"@id":"https:\/\/gysfm.com.ar\/inicio\/#organization"},"image":{"@id":"https:\/\/gysfm.com.ar\/inicio\/el-que-dice-que-el-dolar-esta-barato-es-porque-gana-cuando-devaluan\/#primaryimage"},"thumbnailUrl":"https:\/\/gysfm.com.ar\/inicio\/wp-content\/uploads\/2026\/08\/mario-blejer.jpg","articleSection":["ECONOMIA"],"inLanguage":"es"},{"@type":"WebPage","@id":"https:\/\/gysfm.com.ar\/inicio\/el-que-dice-que-el-dolar-esta-barato-es-porque-gana-cuando-devaluan\/","url":"https:\/\/gysfm.com.ar\/inicio\/el-que-dice-que-el-dolar-esta-barato-es-porque-gana-cuando-devaluan\/","name":"\u201cEl que dice que el d\u00f3lar est\u00e1 barato es porque gana cuando deval\u00faan\u201d - GYS NOTICIAS |","isPartOf":{"@id":"https:\/\/gysfm.com.ar\/inicio\/#website"},"primaryImageOfPage":{"@id":"https:\/\/gysfm.com.ar\/inicio\/el-que-dice-que-el-dolar-esta-barato-es-porque-gana-cuando-devaluan\/#primaryimage"},"image":{"@id":"https:\/\/gysfm.com.ar\/inicio\/el-que-dice-que-el-dolar-esta-barato-es-porque-gana-cuando-devaluan\/#primaryimage"},"thumbnailUrl":"https:\/\/gysfm.com.ar\/inicio\/wp-content\/uploads\/2026\/08\/mario-blejer.jpg","datePublished":"2026-08-30T17:20:08+00:00","breadcrumb":{"@id":"https:\/\/gysfm.com.ar\/inicio\/el-que-dice-que-el-dolar-esta-barato-es-porque-gana-cuando-devaluan\/#breadcrumb"},"inLanguage":"es","potentialAction":[{"@type":"ReadAction","target":["https:\/\/gysfm.com.ar\/inicio\/el-que-dice-que-el-dolar-esta-barato-es-porque-gana-cuando-devaluan\/"]}]},{"@type":"ImageObject","inLanguage":"es","@id":"https:\/\/gysfm.com.ar\/inicio\/el-que-dice-que-el-dolar-esta-barato-es-porque-gana-cuando-devaluan\/#primaryimage","url":"https:\/\/gysfm.com.ar\/inicio\/wp-content\/uploads\/2026\/08\/mario-blejer.jpg","contentUrl":"https:\/\/gysfm.com.ar\/inicio\/wp-content\/uploads\/2026\/08\/mario-blejer.jpg","width":1200,"height":675},{"@type":"BreadcrumbList","@id":"https:\/\/gysfm.com.ar\/inicio\/el-que-dice-que-el-dolar-esta-barato-es-porque-gana-cuando-devaluan\/#breadcrumb","itemListElement":[{"@type":"ListItem","position":1,"name":"Portada","item":"https:\/\/gysfm.com.ar\/inicio\/"},{"@type":"ListItem","position":2,"name":"\u201cEl que dice que el d\u00f3lar est\u00e1 barato es porque gana cuando deval\u00faan\u201d"}]},{"@type":"WebSite","@id":"https:\/\/gysfm.com.ar\/inicio\/#website","url":"https:\/\/gysfm.com.ar\/inicio\/","name":"GYS NOTICIAS |","description":"DIARIO - RADIO ONLINE SAN JUAN ARGENTINA","publisher":{"@id":"https:\/\/gysfm.com.ar\/inicio\/#organization"},"potentialAction":[{"@type":"SearchAction","target":{"@type":"EntryPoint","urlTemplate":"https:\/\/gysfm.com.ar\/inicio\/?s={search_term_string}"},"query-input":{"@type":"PropertyValueSpecification","valueRequired":true,"valueName":"search_term_string"}}],"inLanguage":"es"},{"@type":"Organization","@id":"https:\/\/gysfm.com.ar\/inicio\/#organization","name":"GYS NOTICIAS |","url":"https:\/\/gysfm.com.ar\/inicio\/","logo":{"@type":"ImageObject","inLanguage":"es","@id":"https:\/\/gysfm.com.ar\/inicio\/#\/schema\/logo\/image\/","url":"https:\/\/gysfm.com.ar\/inicio\/wp-content\/uploads\/2023\/07\/LOGOGYS-OK.png","contentUrl":"https:\/\/gysfm.com.ar\/inicio\/wp-content\/uploads\/2023\/07\/LOGOGYS-OK.png","width":1170,"height":872,"caption":"GYS NOTICIAS |"},"image":{"@id":"https:\/\/gysfm.com.ar\/inicio\/#\/schema\/logo\/image\/"}},{"@type":"Person","@id":"https:\/\/gysfm.com.ar\/inicio\/#\/schema\/person\/5bedd7ecd35cc35548d89effafa23696","name":"admin","image":{"@type":"ImageObject","inLanguage":"es","@id":"https:\/\/gysfm.com.ar\/inicio\/#\/schema\/person\/image\/","url":"https:\/\/secure.gravatar.com\/avatar\/c331d312b5243fb64d5ba28108a447b27c925295129a363082c9ea52c28d32c2?s=96&d=mm&r=g","contentUrl":"https:\/\/secure.gravatar.com\/avatar\/c331d312b5243fb64d5ba28108a447b27c925295129a363082c9ea52c28d32c2?s=96&d=mm&r=g","caption":"admin"},"sameAs":["https:\/\/gysfm.com.ar\/inicio"],"url":"https:\/\/gysfm.com.ar\/inicio\/author\/admin\/"}]}},"_links":{"self":[{"href":"https:\/\/gysfm.com.ar\/inicio\/wp-json\/wp\/v2\/posts\/209871","targetHints":{"allow":["GET"]}}],"collection":[{"href":"https:\/\/gysfm.com.ar\/inicio\/wp-json\/wp\/v2\/posts"}],"about":[{"href":"https:\/\/gysfm.com.ar\/inicio\/wp-json\/wp\/v2\/types\/post"}],"author":[{"embeddable":true,"href":"https:\/\/gysfm.com.ar\/inicio\/wp-json\/wp\/v2\/users\/1"}],"replies":[{"embeddable":true,"href":"https:\/\/gysfm.com.ar\/inicio\/wp-json\/wp\/v2\/comments?post=209871"}],"version-history":[{"count":0,"href":"https:\/\/gysfm.com.ar\/inicio\/wp-json\/wp\/v2\/posts\/209871\/revisions"}],"wp:featuredmedia":[{"embeddable":true,"href":"https:\/\/gysfm.com.ar\/inicio\/wp-json\/wp\/v2\/media\/209872"}],"wp:attachment":[{"href":"https:\/\/gysfm.com.ar\/inicio\/wp-json\/wp\/v2\/media?parent=209871"}],"wp:term":[{"taxonomy":"category","embeddable":true,"href":"https:\/\/gysfm.com.ar\/inicio\/wp-json\/wp\/v2\/categories?post=209871"},{"taxonomy":"post_tag","embeddable":true,"href":"https:\/\/gysfm.com.ar\/inicio\/wp-json\/wp\/v2\/tags?post=209871"}],"curies":[{"name":"wp","href":"https:\/\/api.w.org\/{rel}","templated":true}]}}