{"id":209868,"date":"2026-08-30T13:23:32","date_gmt":"2026-08-30T16:23:32","guid":{"rendered":"https:\/\/gysfm.com.ar\/inicio\/en-un-referendum-islandia-rechazo-la-propuesta-para-negociar-la-entrada-a-la-union-europea\/"},"modified":"2026-08-30T13:23:32","modified_gmt":"2026-08-30T16:23:32","slug":"en-un-referendum-islandia-rechazo-la-propuesta-para-negociar-la-entrada-a-la-union-europea","status":"publish","type":"post","link":"https:\/\/gysfm.com.ar\/inicio\/en-un-referendum-islandia-rechazo-la-propuesta-para-negociar-la-entrada-a-la-union-europea\/","title":{"rendered":"En un refer\u00e9ndum, Islandia rechaz\u00f3 la propuesta para negociar la entrada a la Uni\u00f3n Europea"},"content":{"rendered":"<p> <br \/>\n<\/p>\n<div>\n<p class=\"com-paragraph --s\"><strong>REIKIAVIK, Islandia (AP) \u2014<\/strong> Los islandeses rechazaron una propuesta que habr\u00eda reanudado las negociaciones <strong>para unirse a la Uni\u00f3n Europea<\/strong>, m\u00e1s de una d\u00e9cada despu\u00e9s de que fracasaran las conversaciones anteriores, seg\u00fan los resultados del referendo reportados este domingo por la emisora nacional.<\/p>\n<p class=\"com-paragraph --s\"><strong>La votaci\u00f3n dio por zanjado por segunda vez el tema<\/strong>, m\u00e1s de una d\u00e9cada despu\u00e9s de que un gobierno euroesc\u00e9ptico puso fin a las conversaciones con la Uni\u00f3n Europea.<\/p>\n<p class=\"com-paragraph --s\">Los opositores derrotaron la medida <strong>por un margen de 52,8% frente a 47,2%<\/strong>, inform\u00f3 la emisora R\u00daV. La capital, Reikiavik, fue la \u00fanica zona en la naci\u00f3n insular de 400.000 habitantes donde una mayor\u00eda respald\u00f3 el refer\u00e9ndum.<\/p>\n<p class=\"com-paragraph --s\">La votaci\u00f3n del s\u00e1bado se celebr\u00f3 bajo la sombra de las <strong>reiteradas amenazas del presidente estadounidense Donald Trump de controlar la cercana Groenlandia<\/strong>, lo que llev\u00f3 a algunos votantes a respaldar la idea de la solidaridad europea. Aunque Islandia es miembro de la OTAN, los partidarios afirmaron que tendr\u00edan mayor protecci\u00f3n de sus vecinos si Trump alguna vez lanzara amenazas similares contra la isla volc\u00e1nica.<\/p>\n<p class=\"com-paragraph --s\">El gobierno de coalici\u00f3n de izquierda de Islandia, elegido en 2024, <strong>adelant\u00f3 el refer\u00e9ndum sobre la Uni\u00f3n Europea<\/strong> que hab\u00eda previsto para el pr\u00f3ximo a\u00f1o despu\u00e9s de que Trump mencionara por error al pa\u00eds en cuatro ocasiones mientras hablaba de sus planes sobre Groenlandia.<\/p>\n<div class=\"content-media\">\n<section role=\"button\" class=\"mod-media   \">\n<figure role=\"button\" tabindex=\"0\" class=\"mod-figure \"><figcaption class=\"mod-figcaption\"><span class=\"com-text --caption --twoxs\">La primera ministra Kristrun Frostadottir emite su voto en Reykjavik<\/span><span class=\"com-text --credit --twoxs\">JONATHAN KLEIN &#8211; AFP<\/span><\/figcaption><\/figure>\n<\/section>\n<\/div>\n<p class=\"com-paragraph --s\">La primera ministra Kristrun Frostadottir, <strong>quien hizo campa\u00f1a en apoyo de la medida<\/strong>, expres\u00f3 esperanzas de que el resultado no dividiera a la naci\u00f3n.<\/p>\n<p class=\"com-paragraph --s\"><strong>\u201cNo siento que haya amargura\u201d<\/strong>, dijo a R\u00daV antes de que se contabilizaran los resultados finales. \u201cS\u00e9 que los \u00e1nimos se caldean para algunas personas, pero ahora he pasado tiempo con un gran grupo de personas de todo el pa\u00eds y la gente est\u00e1 bastante abierta a diferentes resultados\u201d.<\/p>\n<p class=\"com-paragraph --s\">La pregunta era simple, de s\u00ed o no,<strong> para unos 265.000 votantes habilitados<\/strong>: \u00bfDeber\u00eda Islandia reanudar las negociaciones de adhesi\u00f3n con la Uni\u00f3n Europea?<\/p>\n<p class=\"com-paragraph --s\">El recuento de votos durante la noche mantuvo al pa\u00eds en vilo, ya que el voto por el \u201cS\u00ed\u201d <strong>tom\u00f3 una ventaja temprana <\/strong>antes de finalmente inclinarse a favor de la oposici\u00f3n. Para el amanecer, un margen de apenas unos cientos de votos separaba a los dos bandos antes de que la brecha creciera a medida que se contabilizaban m\u00e1s papeletas en zonas del pa\u00eds donde la oposici\u00f3n era mayor.<\/p>\n<p class=\"com-paragraph --s\">\u201c<strong>No es el momento de unirnos<\/strong>. Tal vez en 10, 15, 20 a\u00f1os o m\u00e1s, como que podamos volver a verlo\u201d, declar\u00f3 Daniel Bjarkason, quien vot\u00f3 en contra de la medida. <\/p>\n<p class=\"com-paragraph --s\">Los opositores se movilizaron en torno a la pesca y al hecho de que Islandia ya obtiene beneficios por estar en el mercado \u00fanico de la Uni\u00f3n Europea y en el espacio Schengen de libre circulaci\u00f3n <strong>sin las concesiones de soberan\u00eda que inevitablemente conlleva la membres\u00eda plena<\/strong>. Argumentaron que la voz de Islandia quedar\u00eda diluida en el gran Parlamento Europeo y que le ir\u00eda mejor cerrando sus propios acuerdos comerciales, como uno con China.<\/p>\n<div class=\"content-media\">\n<section role=\"button\" class=\"mod-media   \">\n<figure role=\"button\" tabindex=\"0\" class=\"mod-figure \"><figcaption class=\"mod-figcaption\"><span class=\"com-text --caption --twoxs\">Partidarios del \u201cno\u201d reaccionan al reportarse resultados del referendo en Reikiavik, Islandia <\/span><span class=\"com-text --credit --twoxs\">Marco Di Marco &#8211; AP<\/span><\/figcaption><\/figure>\n<\/section>\n<\/div>\n<p class=\"com-paragraph --s\">Los partidarios sostuvieron que la membres\u00eda en la Uni\u00f3n Europea <strong>reducir\u00eda la inflaci\u00f3n y las tasas de inter\u00e9s<\/strong>, y que el euro aportar\u00eda m\u00e1s estabilidad que la vol\u00e1til corona islandesa. A\u00f1adieron que tambi\u00e9n conviene al inter\u00e9s nacional acercarse a sus vecinos europeos para abordar asuntos que no respetan fronteras, como el cambio clim\u00e1tico.<\/p>\n<p class=\"com-paragraph --s\">Si la propuesta hubiera sido aprobada, habr\u00eda sido un paso preliminar para reactivar <strong>el largo proceso de negociaci\u00f3n con el brazo ejecutivo de la Uni\u00f3n Europea<\/strong>, la Comisi\u00f3n Europea, para discutir \u00e1reas que van desde la econom\u00eda hasta los derechos humanos. Los votantes habr\u00edan tenido que aprobar cualquier acuerdo negociado.<\/p>\n<p class=\"com-paragraph --s\"><strong>La influyente industria pesquera encabez\u00f3 la oposici\u00f3n al refer\u00e9ndum<\/strong> por temor a que la pol\u00edtica pesquera com\u00fan del bloque permitiera la entrada de arrastreros espa\u00f1oles, neerlandeses y de otros pa\u00edses en sus valiosas aguas.<\/p>\n<p class=\"com-paragraph --s\"><strong>Los descendientes de los vikingos que se asentaron en Islandia han vivido del mar durante siglos <\/strong>y las abundantes capturas de bacalao, eglefino y capel\u00e1n son centrales para su identidad nacional. Obtuvo su independencia de Dinamarca en 1944 y tiene una orgullosa historia de negarse a ser intimidada por naciones europeas m\u00e1s grandes y ricas, ganando las llamadas Guerras del Bacalao con Gran Breta\u00f1a en la d\u00e9cada de 1970 por sus caladeros.<\/p>\n<section class=\"container-center-100 mb-40 border border-bottom border-thin border-neutral-light-700\">\n<hr\/>\n<\/section>\n<\/div>\n<p><script id=\"facebookpixel\" defer=\"\" type=\"text\/javascript\">\n        !function(f,b,e,v,n,t,s)\n        {if(f.fbq)return;n=f.fbq=function(){n.callMethod?\n        n.callMethod.apply(n,arguments):n.queue.push(arguments)};\n        if(!f._fbq)f._fbq=n;n.push=n;n.loaded=!0;n.version='2.0';\n        n.queue=[];t=b.createElement(e);t.async=!0;\n        t.src=v;s=b.getElementsByTagName(e)[0];\n        s.parentNode.insertBefore(t,s)}(window, document,'script',\n        'https:\/\/connect.facebook.net\/en_US\/fbevents.js');\n        fbq('init', '492459597522335');\n        fbq('track', 'PageView');\n    <\/script><br \/>\n<br \/><\/p>\n","protected":false},"excerpt":{"rendered":"<p>REIKIAVIK, Islandia (AP) \u2014 Los islandeses rechazaron una propuesta que habr\u00eda reanudado las negociaciones para unirse a la Uni\u00f3n Europea, m\u00e1s de una d\u00e9cada despu\u00e9s de que fracasaran las conversaciones anteriores, seg\u00fan los resultados del referendo reportados este domingo por la emisora nacional. La votaci\u00f3n dio por zanjado por segunda vez el tema, m\u00e1s de [&hellip;]<\/p>\n","protected":false},"author":2,"featured_media":209869,"comment_status":"closed","ping_status":"closed","sticky":false,"template":"","format":"standard","meta":{"footnotes":""},"categories":[26],"tags":[],"class_list":["post-209868","post","type-post","status-publish","format-standard","has-post-thumbnail","hentry","category-internacionales"],"yoast_head":"<!-- This site is optimized with the Yoast SEO plugin v24.4 - https:\/\/yoast.com\/wordpress\/plugins\/seo\/ -->\n<title>En un refer\u00e9ndum, Islandia rechaz\u00f3 la propuesta para negociar la entrada a la Uni\u00f3n Europea - GYS NOTICIAS |<\/title>\n<meta name=\"robots\" content=\"index, follow, max-snippet:-1, max-image-preview:large, max-video-preview:-1\" \/>\n<link rel=\"canonical\" href=\"https:\/\/gysfm.com.ar\/inicio\/en-un-referendum-islandia-rechazo-la-propuesta-para-negociar-la-entrada-a-la-union-europea\/\" \/>\n<meta property=\"og:locale\" content=\"es_ES\" \/>\n<meta property=\"og:type\" content=\"article\" \/>\n<meta property=\"og:title\" content=\"En un refer\u00e9ndum, Islandia rechaz\u00f3 la propuesta para negociar la entrada a la Uni\u00f3n Europea - GYS NOTICIAS |\" \/>\n<meta property=\"og:description\" content=\"REIKIAVIK, Islandia (AP) \u2014 Los islandeses rechazaron una propuesta que habr\u00eda reanudado las negociaciones para unirse a la Uni\u00f3n Europea, m\u00e1s de una d\u00e9cada despu\u00e9s de que fracasaran las conversaciones anteriores, seg\u00fan los resultados del referendo reportados este domingo por la emisora nacional. La votaci\u00f3n dio por zanjado por segunda vez el tema, m\u00e1s de [&hellip;]\" \/>\n<meta property=\"og:url\" content=\"https:\/\/gysfm.com.ar\/inicio\/en-un-referendum-islandia-rechazo-la-propuesta-para-negociar-la-entrada-a-la-union-europea\/\" \/>\n<meta property=\"og:site_name\" content=\"GYS NOTICIAS |\" \/>\n<meta property=\"article:published_time\" content=\"2026-08-30T16:23:32+00:00\" \/>\n<meta property=\"og:image\" content=\"https:\/\/gysfm.com.ar\/inicio\/wp-content\/uploads\/2026\/08\/manifestacion-en-rechazo-de-la-reapertura-de-las-Z5CYQGGT75DTPKZDH5H5I6H2AA.JPG\" \/>\n\t<meta property=\"og:image:width\" content=\"1200\" \/>\n\t<meta property=\"og:image:height\" content=\"800\" \/>\n\t<meta property=\"og:image:type\" content=\"image\/jpeg\" \/>\n<meta name=\"author\" content=\"Prensa G&amp;S FM\" \/>\n<meta name=\"twitter:card\" content=\"summary_large_image\" \/>\n<meta name=\"twitter:label1\" content=\"Escrito por\" \/>\n\t<meta name=\"twitter:data1\" content=\"Prensa G&amp;S FM\" \/>\n\t<meta name=\"twitter:label2\" content=\"Tiempo de lectura\" \/>\n\t<meta name=\"twitter:data2\" content=\"4 minutos\" \/>\n<script type=\"application\/ld+json\" class=\"yoast-schema-graph\">{\"@context\":\"https:\/\/schema.org\",\"@graph\":[{\"@type\":\"Article\",\"@id\":\"https:\/\/gysfm.com.ar\/inicio\/en-un-referendum-islandia-rechazo-la-propuesta-para-negociar-la-entrada-a-la-union-europea\/#article\",\"isPartOf\":{\"@id\":\"https:\/\/gysfm.com.ar\/inicio\/en-un-referendum-islandia-rechazo-la-propuesta-para-negociar-la-entrada-a-la-union-europea\/\"},\"author\":{\"name\":\"Prensa G&amp;S FM\",\"@id\":\"https:\/\/gysfm.com.ar\/inicio\/#\/schema\/person\/3abba7593ef2ad19e1be221d54383dc5\"},\"headline\":\"En un refer\u00e9ndum, Islandia rechaz\u00f3 la propuesta para negociar la entrada a la Uni\u00f3n Europea\",\"datePublished\":\"2026-08-30T16:23:32+00:00\",\"mainEntityOfPage\":{\"@id\":\"https:\/\/gysfm.com.ar\/inicio\/en-un-referendum-islandia-rechazo-la-propuesta-para-negociar-la-entrada-a-la-union-europea\/\"},\"wordCount\":815,\"publisher\":{\"@id\":\"https:\/\/gysfm.com.ar\/inicio\/#organization\"},\"image\":{\"@id\":\"https:\/\/gysfm.com.ar\/inicio\/en-un-referendum-islandia-rechazo-la-propuesta-para-negociar-la-entrada-a-la-union-europea\/#primaryimage\"},\"thumbnailUrl\":\"https:\/\/gysfm.com.ar\/inicio\/wp-content\/uploads\/2026\/08\/manifestacion-en-rechazo-de-la-reapertura-de-las-Z5CYQGGT75DTPKZDH5H5I6H2AA.JPG\",\"articleSection\":[\"INTERNACIONALES\"],\"inLanguage\":\"es\"},{\"@type\":\"WebPage\",\"@id\":\"https:\/\/gysfm.com.ar\/inicio\/en-un-referendum-islandia-rechazo-la-propuesta-para-negociar-la-entrada-a-la-union-europea\/\",\"url\":\"https:\/\/gysfm.com.ar\/inicio\/en-un-referendum-islandia-rechazo-la-propuesta-para-negociar-la-entrada-a-la-union-europea\/\",\"name\":\"En un refer\u00e9ndum, Islandia rechaz\u00f3 la propuesta para negociar la entrada a la Uni\u00f3n Europea - GYS NOTICIAS |\",\"isPartOf\":{\"@id\":\"https:\/\/gysfm.com.ar\/inicio\/#website\"},\"primaryImageOfPage\":{\"@id\":\"https:\/\/gysfm.com.ar\/inicio\/en-un-referendum-islandia-rechazo-la-propuesta-para-negociar-la-entrada-a-la-union-europea\/#primaryimage\"},\"image\":{\"@id\":\"https:\/\/gysfm.com.ar\/inicio\/en-un-referendum-islandia-rechazo-la-propuesta-para-negociar-la-entrada-a-la-union-europea\/#primaryimage\"},\"thumbnailUrl\":\"https:\/\/gysfm.com.ar\/inicio\/wp-content\/uploads\/2026\/08\/manifestacion-en-rechazo-de-la-reapertura-de-las-Z5CYQGGT75DTPKZDH5H5I6H2AA.JPG\",\"datePublished\":\"2026-08-30T16:23:32+00:00\",\"breadcrumb\":{\"@id\":\"https:\/\/gysfm.com.ar\/inicio\/en-un-referendum-islandia-rechazo-la-propuesta-para-negociar-la-entrada-a-la-union-europea\/#breadcrumb\"},\"inLanguage\":\"es\",\"potentialAction\":[{\"@type\":\"ReadAction\",\"target\":[\"https:\/\/gysfm.com.ar\/inicio\/en-un-referendum-islandia-rechazo-la-propuesta-para-negociar-la-entrada-a-la-union-europea\/\"]}]},{\"@type\":\"ImageObject\",\"inLanguage\":\"es\",\"@id\":\"https:\/\/gysfm.com.ar\/inicio\/en-un-referendum-islandia-rechazo-la-propuesta-para-negociar-la-entrada-a-la-union-europea\/#primaryimage\",\"url\":\"https:\/\/gysfm.com.ar\/inicio\/wp-content\/uploads\/2026\/08\/manifestacion-en-rechazo-de-la-reapertura-de-las-Z5CYQGGT75DTPKZDH5H5I6H2AA.JPG\",\"contentUrl\":\"https:\/\/gysfm.com.ar\/inicio\/wp-content\/uploads\/2026\/08\/manifestacion-en-rechazo-de-la-reapertura-de-las-Z5CYQGGT75DTPKZDH5H5I6H2AA.JPG\",\"width\":1200,\"height\":800},{\"@type\":\"BreadcrumbList\",\"@id\":\"https:\/\/gysfm.com.ar\/inicio\/en-un-referendum-islandia-rechazo-la-propuesta-para-negociar-la-entrada-a-la-union-europea\/#breadcrumb\",\"itemListElement\":[{\"@type\":\"ListItem\",\"position\":1,\"name\":\"Portada\",\"item\":\"https:\/\/gysfm.com.ar\/inicio\/\"},{\"@type\":\"ListItem\",\"position\":2,\"name\":\"En un refer\u00e9ndum, Islandia rechaz\u00f3 la propuesta para negociar la entrada a la Uni\u00f3n Europea\"}]},{\"@type\":\"WebSite\",\"@id\":\"https:\/\/gysfm.com.ar\/inicio\/#website\",\"url\":\"https:\/\/gysfm.com.ar\/inicio\/\",\"name\":\"GYS NOTICIAS |\",\"description\":\"DIARIO - RADIO ONLINE SAN JUAN ARGENTINA\",\"publisher\":{\"@id\":\"https:\/\/gysfm.com.ar\/inicio\/#organization\"},\"potentialAction\":[{\"@type\":\"SearchAction\",\"target\":{\"@type\":\"EntryPoint\",\"urlTemplate\":\"https:\/\/gysfm.com.ar\/inicio\/?s={search_term_string}\"},\"query-input\":{\"@type\":\"PropertyValueSpecification\",\"valueRequired\":true,\"valueName\":\"search_term_string\"}}],\"inLanguage\":\"es\"},{\"@type\":\"Organization\",\"@id\":\"https:\/\/gysfm.com.ar\/inicio\/#organization\",\"name\":\"GYS NOTICIAS |\",\"url\":\"https:\/\/gysfm.com.ar\/inicio\/\",\"logo\":{\"@type\":\"ImageObject\",\"inLanguage\":\"es\",\"@id\":\"https:\/\/gysfm.com.ar\/inicio\/#\/schema\/logo\/image\/\",\"url\":\"https:\/\/gysfm.com.ar\/inicio\/wp-content\/uploads\/2023\/07\/LOGOGYS-OK.png\",\"contentUrl\":\"https:\/\/gysfm.com.ar\/inicio\/wp-content\/uploads\/2023\/07\/LOGOGYS-OK.png\",\"width\":1170,\"height\":872,\"caption\":\"GYS NOTICIAS |\"},\"image\":{\"@id\":\"https:\/\/gysfm.com.ar\/inicio\/#\/schema\/logo\/image\/\"}},{\"@type\":\"Person\",\"@id\":\"https:\/\/gysfm.com.ar\/inicio\/#\/schema\/person\/3abba7593ef2ad19e1be221d54383dc5\",\"name\":\"Prensa G&amp;S FM\",\"image\":{\"@type\":\"ImageObject\",\"inLanguage\":\"es\",\"@id\":\"https:\/\/gysfm.com.ar\/inicio\/#\/schema\/person\/image\/\",\"url\":\"https:\/\/secure.gravatar.com\/avatar\/096ec78df02049ab018702bb4ccedf659377fa92a26540b5247612077a0dbd29?s=96&d=mm&r=g\",\"contentUrl\":\"https:\/\/secure.gravatar.com\/avatar\/096ec78df02049ab018702bb4ccedf659377fa92a26540b5247612077a0dbd29?s=96&d=mm&r=g\",\"caption\":\"Prensa G&amp;S FM\"},\"sameAs\":[\"https:\/\/gysfm.com.ar\/\"],\"url\":\"https:\/\/gysfm.com.ar\/inicio\/author\/lucasm\/\"}]}<\/script>\n<!-- \/ Yoast SEO plugin. -->","yoast_head_json":{"title":"En un refer\u00e9ndum, Islandia rechaz\u00f3 la propuesta para negociar la entrada a la Uni\u00f3n Europea - GYS NOTICIAS |","robots":{"index":"index","follow":"follow","max-snippet":"max-snippet:-1","max-image-preview":"max-image-preview:large","max-video-preview":"max-video-preview:-1"},"canonical":"https:\/\/gysfm.com.ar\/inicio\/en-un-referendum-islandia-rechazo-la-propuesta-para-negociar-la-entrada-a-la-union-europea\/","og_locale":"es_ES","og_type":"article","og_title":"En un refer\u00e9ndum, Islandia rechaz\u00f3 la propuesta para negociar la entrada a la Uni\u00f3n Europea - GYS NOTICIAS |","og_description":"REIKIAVIK, Islandia (AP) \u2014 Los islandeses rechazaron una propuesta que habr\u00eda reanudado las negociaciones para unirse a la Uni\u00f3n Europea, m\u00e1s de una d\u00e9cada despu\u00e9s de que fracasaran las conversaciones anteriores, seg\u00fan los resultados del referendo reportados este domingo por la emisora nacional. La votaci\u00f3n dio por zanjado por segunda vez el tema, m\u00e1s de [&hellip;]","og_url":"https:\/\/gysfm.com.ar\/inicio\/en-un-referendum-islandia-rechazo-la-propuesta-para-negociar-la-entrada-a-la-union-europea\/","og_site_name":"GYS NOTICIAS |","article_published_time":"2026-08-30T16:23:32+00:00","og_image":[{"width":1200,"height":800,"url":"https:\/\/gysfm.com.ar\/inicio\/wp-content\/uploads\/2026\/08\/manifestacion-en-rechazo-de-la-reapertura-de-las-Z5CYQGGT75DTPKZDH5H5I6H2AA.JPG","type":"image\/jpeg"}],"author":"Prensa G&amp;S FM","twitter_card":"summary_large_image","twitter_misc":{"Escrito por":"Prensa G&amp;S FM","Tiempo de lectura":"4 minutos"},"schema":{"@context":"https:\/\/schema.org","@graph":[{"@type":"Article","@id":"https:\/\/gysfm.com.ar\/inicio\/en-un-referendum-islandia-rechazo-la-propuesta-para-negociar-la-entrada-a-la-union-europea\/#article","isPartOf":{"@id":"https:\/\/gysfm.com.ar\/inicio\/en-un-referendum-islandia-rechazo-la-propuesta-para-negociar-la-entrada-a-la-union-europea\/"},"author":{"name":"Prensa G&amp;S FM","@id":"https:\/\/gysfm.com.ar\/inicio\/#\/schema\/person\/3abba7593ef2ad19e1be221d54383dc5"},"headline":"En un refer\u00e9ndum, Islandia rechaz\u00f3 la propuesta para negociar la entrada a la Uni\u00f3n Europea","datePublished":"2026-08-30T16:23:32+00:00","mainEntityOfPage":{"@id":"https:\/\/gysfm.com.ar\/inicio\/en-un-referendum-islandia-rechazo-la-propuesta-para-negociar-la-entrada-a-la-union-europea\/"},"wordCount":815,"publisher":{"@id":"https:\/\/gysfm.com.ar\/inicio\/#organization"},"image":{"@id":"https:\/\/gysfm.com.ar\/inicio\/en-un-referendum-islandia-rechazo-la-propuesta-para-negociar-la-entrada-a-la-union-europea\/#primaryimage"},"thumbnailUrl":"https:\/\/gysfm.com.ar\/inicio\/wp-content\/uploads\/2026\/08\/manifestacion-en-rechazo-de-la-reapertura-de-las-Z5CYQGGT75DTPKZDH5H5I6H2AA.JPG","articleSection":["INTERNACIONALES"],"inLanguage":"es"},{"@type":"WebPage","@id":"https:\/\/gysfm.com.ar\/inicio\/en-un-referendum-islandia-rechazo-la-propuesta-para-negociar-la-entrada-a-la-union-europea\/","url":"https:\/\/gysfm.com.ar\/inicio\/en-un-referendum-islandia-rechazo-la-propuesta-para-negociar-la-entrada-a-la-union-europea\/","name":"En un refer\u00e9ndum, Islandia rechaz\u00f3 la propuesta para negociar la entrada a la Uni\u00f3n Europea - GYS NOTICIAS |","isPartOf":{"@id":"https:\/\/gysfm.com.ar\/inicio\/#website"},"primaryImageOfPage":{"@id":"https:\/\/gysfm.com.ar\/inicio\/en-un-referendum-islandia-rechazo-la-propuesta-para-negociar-la-entrada-a-la-union-europea\/#primaryimage"},"image":{"@id":"https:\/\/gysfm.com.ar\/inicio\/en-un-referendum-islandia-rechazo-la-propuesta-para-negociar-la-entrada-a-la-union-europea\/#primaryimage"},"thumbnailUrl":"https:\/\/gysfm.com.ar\/inicio\/wp-content\/uploads\/2026\/08\/manifestacion-en-rechazo-de-la-reapertura-de-las-Z5CYQGGT75DTPKZDH5H5I6H2AA.JPG","datePublished":"2026-08-30T16:23:32+00:00","breadcrumb":{"@id":"https:\/\/gysfm.com.ar\/inicio\/en-un-referendum-islandia-rechazo-la-propuesta-para-negociar-la-entrada-a-la-union-europea\/#breadcrumb"},"inLanguage":"es","potentialAction":[{"@type":"ReadAction","target":["https:\/\/gysfm.com.ar\/inicio\/en-un-referendum-islandia-rechazo-la-propuesta-para-negociar-la-entrada-a-la-union-europea\/"]}]},{"@type":"ImageObject","inLanguage":"es","@id":"https:\/\/gysfm.com.ar\/inicio\/en-un-referendum-islandia-rechazo-la-propuesta-para-negociar-la-entrada-a-la-union-europea\/#primaryimage","url":"https:\/\/gysfm.com.ar\/inicio\/wp-content\/uploads\/2026\/08\/manifestacion-en-rechazo-de-la-reapertura-de-las-Z5CYQGGT75DTPKZDH5H5I6H2AA.JPG","contentUrl":"https:\/\/gysfm.com.ar\/inicio\/wp-content\/uploads\/2026\/08\/manifestacion-en-rechazo-de-la-reapertura-de-las-Z5CYQGGT75DTPKZDH5H5I6H2AA.JPG","width":1200,"height":800},{"@type":"BreadcrumbList","@id":"https:\/\/gysfm.com.ar\/inicio\/en-un-referendum-islandia-rechazo-la-propuesta-para-negociar-la-entrada-a-la-union-europea\/#breadcrumb","itemListElement":[{"@type":"ListItem","position":1,"name":"Portada","item":"https:\/\/gysfm.com.ar\/inicio\/"},{"@type":"ListItem","position":2,"name":"En un refer\u00e9ndum, Islandia rechaz\u00f3 la propuesta para negociar la entrada a la Uni\u00f3n Europea"}]},{"@type":"WebSite","@id":"https:\/\/gysfm.com.ar\/inicio\/#website","url":"https:\/\/gysfm.com.ar\/inicio\/","name":"GYS NOTICIAS |","description":"DIARIO - RADIO ONLINE SAN JUAN ARGENTINA","publisher":{"@id":"https:\/\/gysfm.com.ar\/inicio\/#organization"},"potentialAction":[{"@type":"SearchAction","target":{"@type":"EntryPoint","urlTemplate":"https:\/\/gysfm.com.ar\/inicio\/?s={search_term_string}"},"query-input":{"@type":"PropertyValueSpecification","valueRequired":true,"valueName":"search_term_string"}}],"inLanguage":"es"},{"@type":"Organization","@id":"https:\/\/gysfm.com.ar\/inicio\/#organization","name":"GYS NOTICIAS |","url":"https:\/\/gysfm.com.ar\/inicio\/","logo":{"@type":"ImageObject","inLanguage":"es","@id":"https:\/\/gysfm.com.ar\/inicio\/#\/schema\/logo\/image\/","url":"https:\/\/gysfm.com.ar\/inicio\/wp-content\/uploads\/2023\/07\/LOGOGYS-OK.png","contentUrl":"https:\/\/gysfm.com.ar\/inicio\/wp-content\/uploads\/2023\/07\/LOGOGYS-OK.png","width":1170,"height":872,"caption":"GYS NOTICIAS |"},"image":{"@id":"https:\/\/gysfm.com.ar\/inicio\/#\/schema\/logo\/image\/"}},{"@type":"Person","@id":"https:\/\/gysfm.com.ar\/inicio\/#\/schema\/person\/3abba7593ef2ad19e1be221d54383dc5","name":"Prensa G&amp;S FM","image":{"@type":"ImageObject","inLanguage":"es","@id":"https:\/\/gysfm.com.ar\/inicio\/#\/schema\/person\/image\/","url":"https:\/\/secure.gravatar.com\/avatar\/096ec78df02049ab018702bb4ccedf659377fa92a26540b5247612077a0dbd29?s=96&d=mm&r=g","contentUrl":"https:\/\/secure.gravatar.com\/avatar\/096ec78df02049ab018702bb4ccedf659377fa92a26540b5247612077a0dbd29?s=96&d=mm&r=g","caption":"Prensa G&amp;S FM"},"sameAs":["https:\/\/gysfm.com.ar\/"],"url":"https:\/\/gysfm.com.ar\/inicio\/author\/lucasm\/"}]}},"_links":{"self":[{"href":"https:\/\/gysfm.com.ar\/inicio\/wp-json\/wp\/v2\/posts\/209868","targetHints":{"allow":["GET"]}}],"collection":[{"href":"https:\/\/gysfm.com.ar\/inicio\/wp-json\/wp\/v2\/posts"}],"about":[{"href":"https:\/\/gysfm.com.ar\/inicio\/wp-json\/wp\/v2\/types\/post"}],"author":[{"embeddable":true,"href":"https:\/\/gysfm.com.ar\/inicio\/wp-json\/wp\/v2\/users\/2"}],"replies":[{"embeddable":true,"href":"https:\/\/gysfm.com.ar\/inicio\/wp-json\/wp\/v2\/comments?post=209868"}],"version-history":[{"count":1,"href":"https:\/\/gysfm.com.ar\/inicio\/wp-json\/wp\/v2\/posts\/209868\/revisions"}],"predecessor-version":[{"id":209870,"href":"https:\/\/gysfm.com.ar\/inicio\/wp-json\/wp\/v2\/posts\/209868\/revisions\/209870"}],"wp:featuredmedia":[{"embeddable":true,"href":"https:\/\/gysfm.com.ar\/inicio\/wp-json\/wp\/v2\/media\/209869"}],"wp:attachment":[{"href":"https:\/\/gysfm.com.ar\/inicio\/wp-json\/wp\/v2\/media?parent=209868"}],"wp:term":[{"taxonomy":"category","embeddable":true,"href":"https:\/\/gysfm.com.ar\/inicio\/wp-json\/wp\/v2\/categories?post=209868"},{"taxonomy":"post_tag","embeddable":true,"href":"https:\/\/gysfm.com.ar\/inicio\/wp-json\/wp\/v2\/tags?post=209868"}],"curies":[{"name":"wp","href":"https:\/\/api.w.org\/{rel}","templated":true}]}}