{"id":209867,"date":"2026-08-30T13:18:10","date_gmt":"2026-08-30T16:18:10","guid":{"rendered":"https:\/\/gysfm.com.ar\/inicio\/cuanto-costara-viajar-en-colectivo-tren-y-subte-en-el-amba\/"},"modified":"2026-08-30T13:18:10","modified_gmt":"2026-08-30T16:18:10","slug":"cuanto-costara-viajar-en-colectivo-tren-y-subte-en-el-amba","status":"publish","type":"post","link":"https:\/\/gysfm.com.ar\/inicio\/cuanto-costara-viajar-en-colectivo-tren-y-subte-en-el-amba\/","title":{"rendered":"cu\u00e1nto costar\u00e1 viajar en colectivo, tren y subte en el AMBA"},"content":{"rendered":"<p> <br \/>\n<\/p>\n<div id=\"\">\n<p id=\"p-1788103748308-45566\" class=\"\" data-start=\"1896\" data-end=\"2219\">Desde el <strong data-start=\"1905\" data-end=\"1932\">martes 1 de septiembre<\/strong> comenzar\u00e1n a regir nuevos cuadros tarifarios para el transporte p\u00fablico del \u00c1rea Metropolitana de Buenos Aires (AMBA). El ajuste alcanzar\u00e1 a <strong data-start=\"2074\" data-end=\"2104\">colectivos, trenes y subte<\/strong>, aunque los porcentajes ser\u00e1n diferentes seg\u00fan cada servicio y jurisdicci\u00f3n. Adem\u00e1s, como cada inicio de mes, habr\u00e1 aumentos en servicios, prepagas, alquileres, colegios y m\u00e1s.<\/p>\n<\/div>\n<div id=\"\">\n<p id=\"p-1788103748308-29762\" data-start=\"2221\" data-end=\"2515\">El incremento llega en un contexto de sucesivas actualizaciones de las tarifas durante 2026. En el caso de los colectivos, el aumento estar\u00e1 vinculado a los mecanismos de actualizaci\u00f3n que toman como referencia la evoluci\u00f3n de los precios m\u00e1s un adicional.<\/p>\n<\/div>\n<div id=\"\">\n<p id=\"p-1788103748309-21199\" data-start=\"5881\" data-end=\"6181\"> De esta manera, los principales valores m\u00ednimos del transporte p\u00fablico quedar\u00e1n en <strong data-start=\"5995\" data-end=\"6122\">$887,87 para los colectivos de CABA, $1.158,97 para los colectivos en la Provincia, $1.753 para el subte y $480 para los trenes<\/strong> con SUBE registrada.<\/p>\n<\/div>\n<div id=\"\">\n<h2 id=\"p-1788103748308-25883\" data-section-id=\"vhgpj0\" data-start=\"2517\" data-end=\"2581\">Colectivos en CABA: cu\u00e1nto costar\u00e1 el boleto desde septiembre<\/h2>\n<p id=\"p-1788103748308-69759\" data-start=\"2583\" data-end=\"2733\">Las l\u00edneas de colectivo que circulan <strong data-start=\"2620\" data-end=\"2674\">exclusivamente dentro de la Ciudad de Buenos Aires<\/strong> tendr\u00e1n un aumento del <strong data-start=\"2698\" data-end=\"2706\">4,1%<\/strong> desde el 1\u00b0 de septiembre.<\/p>\n<\/div>\n<div id=\"\">\n<p id=\"p-1788103748308-53718\" data-start=\"2735\" data-end=\"2894\">Con el nuevo cuadro tarifario, el boleto para recorridos de hasta 3 kil\u00f3metros pasar\u00e1 de $852,90 a <strong data-start=\"2834\" data-end=\"2845\">$887,87<\/strong> para los usuarios que tengan la SUBE registrada.<\/p>\n<\/div>\n<div id=\"\">\n<p id=\"p-1788103748308-50077\" data-start=\"2896\" data-end=\"2940\">Los valores quedar\u00e1n de la siguiente manera:<\/p>\n<ul id=\"p-1788103748308-9944\" data-start=\"2942\" data-end=\"3044\">\n<li id=\"p-1788103748308-52887\" data-section-id=\"1v7yfeu\" data-start=\"2942\" data-end=\"2965\"><strong data-start=\"2944\" data-end=\"2957\">0 a 3 km:<\/strong> $887,87<\/li>\n<li id=\"p-1788103748308-66584\" data-section-id=\"1jiuw4t\" data-start=\"2966\" data-end=\"2989\"><strong data-start=\"2968\" data-end=\"2981\">3 a 6 km:<\/strong> $986,57<\/li>\n<li id=\"p-1788103748308-57916\" data-section-id=\"184t728\" data-start=\"2990\" data-end=\"3016\"><strong data-start=\"2992\" data-end=\"3006\">6 a 12 km:<\/strong> $1.062,56<\/li>\n<li id=\"p-1788103748308-383\" data-section-id=\"195v5i1\" data-start=\"3017\" data-end=\"3044\"><strong data-start=\"3019\" data-end=\"3034\">12 a 27 km:<\/strong> $1.138,61<\/li>\n<\/ul>\n<p id=\"p-1788103748308-81782\" data-start=\"3046\" data-end=\"3265\">La actualizaci\u00f3n alcanza a las l\u00edneas bajo jurisdicci\u00f3n porte\u00f1a. Con el nuevo incremento, los colectivos de CABA acumular\u00e1n una suba de alrededor del <strong data-start=\"3196\" data-end=\"3226\">43,7% en lo que va del a\u00f1o<\/strong>.<\/p>\n<h2 id=\"p-1788103748308-90226\" data-section-id=\"1s3lft9\" data-start=\"3267\" data-end=\"3331\">Colectivos en provincia de Buenos Aires: el boleto m\u00ednimo superar\u00e1 los $1.150<\/h2>\n<p id=\"p-1788103748308-68301\" data-start=\"3333\" data-end=\"3447\">En las l\u00edneas de colectivo bajo jurisdicci\u00f3n de la <strong data-start=\"3384\" data-end=\"3413\">provincia de Buenos Aires<\/strong>, el incremento ser\u00e1 del <strong data-start=\"3438\" data-end=\"3446\">4,3%<\/strong>. El boleto m\u00ednimo, correspondiente a recorridos de hasta 3 kil\u00f3metros, pasar\u00e1 de <strong>$1.111,19<\/strong> a <strong data-start=\"3541\" data-end=\"3554\">$1.158,97<\/strong> para quienes utilicen una SUBE registrada.<\/p>\n<p id=\"p-1788103748308-65031\" data-start=\"3599\" data-end=\"3620\">El nuevo cuadro ser\u00e1:<\/p>\n<ul id=\"p-1788103748308-20045\" data-start=\"3622\" data-end=\"3758\">\n<li id=\"p-1788103748308-29034\" data-section-id=\"1hhgwwj\" data-start=\"3622\" data-end=\"3647\"><strong data-start=\"3624\" data-end=\"3637\">0 a 3 km:<\/strong> $1.158,97<\/li>\n<li id=\"p-1788103748308-17941\" data-section-id=\"141c9jw\" data-start=\"3648\" data-end=\"3673\"><strong data-start=\"3650\" data-end=\"3663\">3 a 6 km:<\/strong> $1.303,83<\/li>\n<li id=\"p-1788103748308-57941\" data-section-id=\"1alkrk9\" data-start=\"3674\" data-end=\"3700\"><strong data-start=\"3676\" data-end=\"3690\">6 a 12 km:<\/strong> $1.448,71<\/li>\n<li id=\"p-1788103748308-1745\" data-section-id=\"1cyu55l\" data-start=\"3701\" data-end=\"3728\"><strong data-start=\"3703\" data-end=\"3718\">12 a 27 km:<\/strong> $1.738,45<\/li>\n<li id=\"p-1788103748308-38137\" data-section-id=\"rg7bhc\" data-start=\"3729\" data-end=\"3758\"><strong data-start=\"3731\" data-end=\"3748\">M\u00e1s de 27 km:<\/strong> $2.043,84<\/li>\n<\/ul>\n<p id=\"p-1788103748308-3105\" data-start=\"3760\" data-end=\"3923\">Con la actualizaci\u00f3n de septiembre, las tarifas de los colectivos bonaerenses acumular\u00e1n una suba de <strong data-start=\"3861\" data-end=\"3884\">68,76% durante 2026<\/strong>.<\/p>\n<h2 id=\"p-1788103748308-62174\" data-section-id=\"kjne6b\" data-start=\"3925\" data-end=\"3973\">Subte: cu\u00e1nto costar\u00e1 viajar desde septiembre<\/h2>\n<p id=\"p-1788103748308-67098\" data-start=\"3975\" data-end=\"4136\">El subte porte\u00f1o tambi\u00e9n tendr\u00e1 una nueva actualizaci\u00f3n tarifaria. El aumento ser\u00e1 de aproximadamente <strong data-start=\"4077\" data-end=\"4085\">4,1%<\/strong> y llevar\u00e1 el valor general del viaje a <strong data-start=\"4125\" data-end=\"4135\">$1.753<\/strong>.<\/p>\n<p id=\"p-1788103748308-27495\" data-start=\"4138\" data-end=\"4244\">Adem\u00e1s, continuar\u00e1 vigente el esquema de descuentos seg\u00fan la cantidad de viajes realizados durante el mes:<\/p>\n<ul id=\"p-1788103748308-31645\" data-start=\"4246\" data-end=\"4370\">\n<li id=\"p-1788103748308-90790\" data-section-id=\"18nv6qw\" data-start=\"4246\" data-end=\"4273\"><strong data-start=\"4248\" data-end=\"4266\">1 a 20 viajes:<\/strong> $1.753<\/li>\n<li id=\"p-1788103748308-84351\" data-section-id=\"rj4es4\" data-start=\"4274\" data-end=\"4305\"><strong data-start=\"4276\" data-end=\"4295\">21 a 30 viajes:<\/strong> $1.402,40<\/li>\n<li id=\"p-1788103748308-61660\" data-section-id=\"19df2pi\" data-start=\"4306\" data-end=\"4337\"><strong data-start=\"4308\" data-end=\"4327\">31 a 40 viajes:<\/strong> $1.227,10<\/li>\n<li id=\"p-1788103748308-91770\" data-section-id=\"9avmfh\" data-start=\"4338\" data-end=\"4370\"><strong data-start=\"4340\" data-end=\"4360\">Desde 41 viajes:<\/strong> $1.051,80<\/li>\n<\/ul>\n<p id=\"p-1788103748308-31453\" data-start=\"4372\" data-end=\"4634\">El sistema busca reducir el costo por viaje para quienes utilizan el servicio con mayor frecuencia. Tambi\u00e9n continuar\u00e1n vigentes los beneficios correspondientes a la Tarifa Social y otros pases establecidos por la normativa.<\/p>\n<h2 id=\"p-1788103748308-57068\" data-section-id=\"cejii7\" data-start=\"4636\" data-end=\"4675\">Trenes: el boleto m\u00ednimo sube a $480<\/h2>\n<p id=\"p-1788103748308-56337\" data-start=\"4677\" data-end=\"4812\">Los trenes metropolitanos ser\u00e1n los que tendr\u00e1n el <strong data-start=\"4728\" data-end=\"4759\">mayor incremento porcentual<\/strong> entre los principales medios de transporte del AMBA.<\/p>\n<p id=\"p-1788103748308-39977\" data-start=\"4814\" data-end=\"4957\">Desde septiembre se aplicar\u00e1 una suba del <strong data-start=\"4856\" data-end=\"4866\">14,29%<\/strong>, por lo que el boleto m\u00ednimo para pasajeros con SUBE registrada pasar\u00e1 de $420 a <strong data-start=\"4948\" data-end=\"4956\">$480<\/strong>.<\/p>\n<p id=\"p-1788103748308-20141\" data-start=\"4959\" data-end=\"4999\">El nuevo esquema alcanzar\u00e1 a las l\u00edneas:<\/p>\n<ul id=\"p-1788103748308-46896\" data-start=\"5001\" data-end=\"5082\">\n<li id=\"p-1788103748308-19203\" data-section-id=\"16vzn4f\" data-start=\"5001\" data-end=\"5008\">Mitre<\/li>\n<li id=\"p-1788103748308-39113\" data-section-id=\"g006sc\" data-start=\"5009\" data-end=\"5020\">Sarmiento<\/li>\n<li id=\"p-1788103748308-2757\" data-section-id=\"1siliu5\" data-start=\"5021\" data-end=\"5033\">San Mart\u00edn<\/li>\n<li id=\"p-1788103748308-89483\" data-section-id=\"1j4e6gn\" data-start=\"5034\" data-end=\"5040\">Roca<\/li>\n<li id=\"p-1788103748308-40472\" data-section-id=\"15duf6h\" data-start=\"5041\" data-end=\"5050\">Urquiza<\/li>\n<li id=\"p-1788103748308-90578\" data-section-id=\"n84j84\" data-start=\"5051\" data-end=\"5067\">Belgrano Norte<\/li>\n<li id=\"p-1788103748308-60777\" data-section-id=\"anhzcy\" data-start=\"5068\" data-end=\"5082\">Belgrano Sur<\/li>\n<\/ul>\n<p id=\"p-1788103748309-90570\" data-start=\"5084\" data-end=\"5302\">Para los trenes del AMBA, adem\u00e1s, el valor del boleto depender\u00e1 de la secci\u00f3n recorrida. La segunda secci\u00f3n tendr\u00e1 un valor de <strong data-start=\"5211\" data-end=\"5219\">$669<\/strong>, mientras que la tercera llegar\u00e1 a <strong data-start=\"5255\" data-end=\"5263\">$833<\/strong>.<\/p>\n<h2 id=\"p-1788103748309-11844\" data-section-id=\"43jq4w\" data-start=\"5304\" data-end=\"5354\">SUBE: qu\u00e9 pasa si la tarjeta no est\u00e1 registrada<\/h2>\n<p id=\"p-1788103748309-86713\" data-start=\"5356\" data-end=\"5522\">Los valores detallados corresponden a pasajeros que utilizan una <strong data-start=\"5421\" data-end=\"5440\">SUBE registrada<\/strong>. En caso de viajar con una tarjeta sin registrar, el costo del pasaje ser\u00e1 mayor.<\/p>\n<p id=\"p-1788103748309-2830\" data-start=\"5524\" data-end=\"5840\">Tambi\u00e9n continuar\u00e1 vigente la <strong data-start=\"5554\" data-end=\"5579\">Tarifa Social Federal<\/strong>, que contempla una reducci\u00f3n del 55% para los beneficiarios alcanzados por el programa. A esto se suman los descuentos de la <strong data-start=\"5705\" data-end=\"5717\">Red SUBE<\/strong> para quienes combinan distintos medios de transporte dentro del per\u00edodo establecido.<\/p>\n<\/p><\/div>\n<p><script>\n!function(f,b,e,v,n,t,s)\n{if(f.fbq)return;n=f.fbq=function(){n.callMethod?\nn.callMethod.apply(n,arguments):n.queue.push(arguments)};\nif(!f._fbq)f._fbq=n;n.push=n;n.loaded=!0;n.version='2.0';\nn.queue=[];t=b.createElement(e);t.async=!0;\nt.src=v;s=b.getElementsByTagName(e)[0];\ns.parentNode.insertBefore(t,s)}(window,document,'script',\n'https:\/\/connect.facebook.net\/en_US\/fbevents.js');\nfbq('init', '2047048335588113');\nfbq('track', 'PageView');\n<\/script><br \/>\n<br \/><\/p>\n","protected":false},"excerpt":{"rendered":"<p>Desde el martes 1 de septiembre comenzar\u00e1n a regir nuevos cuadros tarifarios para el transporte p\u00fablico del \u00c1rea Metropolitana de Buenos Aires (AMBA). El ajuste alcanzar\u00e1 a colectivos, trenes y subte, aunque los porcentajes ser\u00e1n diferentes seg\u00fan cada servicio y jurisdicci\u00f3n. Adem\u00e1s, como cada inicio de mes, habr\u00e1 aumentos en servicios, prepagas, alquileres, colegios y [&hellip;]<\/p>\n","protected":false},"author":1,"featured_media":197457,"comment_status":"closed","ping_status":"closed","sticky":false,"template":"","format":"standard","meta":{"footnotes":""},"categories":[28],"tags":[],"class_list":["post-209867","post","type-post","status-publish","format-standard","has-post-thumbnail","hentry","category-economia"],"yoast_head":"<!-- This site is optimized with the Yoast SEO plugin v24.4 - https:\/\/yoast.com\/wordpress\/plugins\/seo\/ -->\n<title>cu\u00e1nto costar\u00e1 viajar en colectivo, tren y subte en el AMBA - GYS NOTICIAS |<\/title>\n<meta name=\"robots\" content=\"index, follow, max-snippet:-1, max-image-preview:large, max-video-preview:-1\" \/>\n<link rel=\"canonical\" href=\"https:\/\/gysfm.com.ar\/inicio\/cuanto-costara-viajar-en-colectivo-tren-y-subte-en-el-amba\/\" \/>\n<meta property=\"og:locale\" content=\"es_ES\" \/>\n<meta property=\"og:type\" content=\"article\" \/>\n<meta property=\"og:title\" content=\"cu\u00e1nto costar\u00e1 viajar en colectivo, tren y subte en el AMBA - GYS NOTICIAS |\" \/>\n<meta property=\"og:description\" content=\"Desde el martes 1 de septiembre comenzar\u00e1n a regir nuevos cuadros tarifarios para el transporte p\u00fablico del \u00c1rea Metropolitana de Buenos Aires (AMBA). El ajuste alcanzar\u00e1 a colectivos, trenes y subte, aunque los porcentajes ser\u00e1n diferentes seg\u00fan cada servicio y jurisdicci\u00f3n. Adem\u00e1s, como cada inicio de mes, habr\u00e1 aumentos en servicios, prepagas, alquileres, colegios y [&hellip;]\" \/>\n<meta property=\"og:url\" content=\"https:\/\/gysfm.com.ar\/inicio\/cuanto-costara-viajar-en-colectivo-tren-y-subte-en-el-amba\/\" \/>\n<meta property=\"og:site_name\" content=\"GYS NOTICIAS |\" \/>\n<meta property=\"article:published_time\" content=\"2026-08-30T16:18:10+00:00\" \/>\n<meta name=\"author\" content=\"admin\" \/>\n<meta name=\"twitter:card\" content=\"summary_large_image\" \/>\n<meta name=\"twitter:label1\" content=\"Escrito por\" \/>\n\t<meta name=\"twitter:data1\" content=\"admin\" \/>\n\t<meta name=\"twitter:label2\" content=\"Tiempo de lectura\" \/>\n\t<meta name=\"twitter:data2\" content=\"3 minutos\" \/>\n<script type=\"application\/ld+json\" class=\"yoast-schema-graph\">{\"@context\":\"https:\/\/schema.org\",\"@graph\":[{\"@type\":\"Article\",\"@id\":\"https:\/\/gysfm.com.ar\/inicio\/cuanto-costara-viajar-en-colectivo-tren-y-subte-en-el-amba\/#article\",\"isPartOf\":{\"@id\":\"https:\/\/gysfm.com.ar\/inicio\/cuanto-costara-viajar-en-colectivo-tren-y-subte-en-el-amba\/\"},\"author\":{\"name\":\"admin\",\"@id\":\"https:\/\/gysfm.com.ar\/inicio\/#\/schema\/person\/5bedd7ecd35cc35548d89effafa23696\"},\"headline\":\"cu\u00e1nto costar\u00e1 viajar en colectivo, tren y subte en el AMBA\",\"datePublished\":\"2026-08-30T16:18:10+00:00\",\"mainEntityOfPage\":{\"@id\":\"https:\/\/gysfm.com.ar\/inicio\/cuanto-costara-viajar-en-colectivo-tren-y-subte-en-el-amba\/\"},\"wordCount\":620,\"publisher\":{\"@id\":\"https:\/\/gysfm.com.ar\/inicio\/#organization\"},\"image\":{\"@id\":\"https:\/\/gysfm.com.ar\/inicio\/cuanto-costara-viajar-en-colectivo-tren-y-subte-en-el-amba\/#primaryimage\"},\"thumbnailUrl\":\"https:\/\/gysfm.com.ar\/inicio\/wp-content\/uploads\/2026\/05\/trenes-y-colectivospng.png\",\"articleSection\":[\"ECONOMIA\"],\"inLanguage\":\"es\"},{\"@type\":\"WebPage\",\"@id\":\"https:\/\/gysfm.com.ar\/inicio\/cuanto-costara-viajar-en-colectivo-tren-y-subte-en-el-amba\/\",\"url\":\"https:\/\/gysfm.com.ar\/inicio\/cuanto-costara-viajar-en-colectivo-tren-y-subte-en-el-amba\/\",\"name\":\"cu\u00e1nto costar\u00e1 viajar en colectivo, tren y subte en el AMBA - GYS NOTICIAS |\",\"isPartOf\":{\"@id\":\"https:\/\/gysfm.com.ar\/inicio\/#website\"},\"primaryImageOfPage\":{\"@id\":\"https:\/\/gysfm.com.ar\/inicio\/cuanto-costara-viajar-en-colectivo-tren-y-subte-en-el-amba\/#primaryimage\"},\"image\":{\"@id\":\"https:\/\/gysfm.com.ar\/inicio\/cuanto-costara-viajar-en-colectivo-tren-y-subte-en-el-amba\/#primaryimage\"},\"thumbnailUrl\":\"https:\/\/gysfm.com.ar\/inicio\/wp-content\/uploads\/2026\/05\/trenes-y-colectivospng.png\",\"datePublished\":\"2026-08-30T16:18:10+00:00\",\"breadcrumb\":{\"@id\":\"https:\/\/gysfm.com.ar\/inicio\/cuanto-costara-viajar-en-colectivo-tren-y-subte-en-el-amba\/#breadcrumb\"},\"inLanguage\":\"es\",\"potentialAction\":[{\"@type\":\"ReadAction\",\"target\":[\"https:\/\/gysfm.com.ar\/inicio\/cuanto-costara-viajar-en-colectivo-tren-y-subte-en-el-amba\/\"]}]},{\"@type\":\"ImageObject\",\"inLanguage\":\"es\",\"@id\":\"https:\/\/gysfm.com.ar\/inicio\/cuanto-costara-viajar-en-colectivo-tren-y-subte-en-el-amba\/#primaryimage\",\"url\":\"https:\/\/gysfm.com.ar\/inicio\/wp-content\/uploads\/2026\/05\/trenes-y-colectivospng.png\",\"contentUrl\":\"https:\/\/gysfm.com.ar\/inicio\/wp-content\/uploads\/2026\/05\/trenes-y-colectivospng.png\",\"width\":1200,\"height\":675},{\"@type\":\"BreadcrumbList\",\"@id\":\"https:\/\/gysfm.com.ar\/inicio\/cuanto-costara-viajar-en-colectivo-tren-y-subte-en-el-amba\/#breadcrumb\",\"itemListElement\":[{\"@type\":\"ListItem\",\"position\":1,\"name\":\"Portada\",\"item\":\"https:\/\/gysfm.com.ar\/inicio\/\"},{\"@type\":\"ListItem\",\"position\":2,\"name\":\"cu\u00e1nto costar\u00e1 viajar en colectivo, tren y subte en el AMBA\"}]},{\"@type\":\"WebSite\",\"@id\":\"https:\/\/gysfm.com.ar\/inicio\/#website\",\"url\":\"https:\/\/gysfm.com.ar\/inicio\/\",\"name\":\"GYS NOTICIAS |\",\"description\":\"DIARIO - RADIO ONLINE SAN JUAN ARGENTINA\",\"publisher\":{\"@id\":\"https:\/\/gysfm.com.ar\/inicio\/#organization\"},\"potentialAction\":[{\"@type\":\"SearchAction\",\"target\":{\"@type\":\"EntryPoint\",\"urlTemplate\":\"https:\/\/gysfm.com.ar\/inicio\/?s={search_term_string}\"},\"query-input\":{\"@type\":\"PropertyValueSpecification\",\"valueRequired\":true,\"valueName\":\"search_term_string\"}}],\"inLanguage\":\"es\"},{\"@type\":\"Organization\",\"@id\":\"https:\/\/gysfm.com.ar\/inicio\/#organization\",\"name\":\"GYS NOTICIAS |\",\"url\":\"https:\/\/gysfm.com.ar\/inicio\/\",\"logo\":{\"@type\":\"ImageObject\",\"inLanguage\":\"es\",\"@id\":\"https:\/\/gysfm.com.ar\/inicio\/#\/schema\/logo\/image\/\",\"url\":\"https:\/\/gysfm.com.ar\/inicio\/wp-content\/uploads\/2023\/07\/LOGOGYS-OK.png\",\"contentUrl\":\"https:\/\/gysfm.com.ar\/inicio\/wp-content\/uploads\/2023\/07\/LOGOGYS-OK.png\",\"width\":1170,\"height\":872,\"caption\":\"GYS NOTICIAS |\"},\"image\":{\"@id\":\"https:\/\/gysfm.com.ar\/inicio\/#\/schema\/logo\/image\/\"}},{\"@type\":\"Person\",\"@id\":\"https:\/\/gysfm.com.ar\/inicio\/#\/schema\/person\/5bedd7ecd35cc35548d89effafa23696\",\"name\":\"admin\",\"image\":{\"@type\":\"ImageObject\",\"inLanguage\":\"es\",\"@id\":\"https:\/\/gysfm.com.ar\/inicio\/#\/schema\/person\/image\/\",\"url\":\"https:\/\/secure.gravatar.com\/avatar\/c331d312b5243fb64d5ba28108a447b27c925295129a363082c9ea52c28d32c2?s=96&d=mm&r=g\",\"contentUrl\":\"https:\/\/secure.gravatar.com\/avatar\/c331d312b5243fb64d5ba28108a447b27c925295129a363082c9ea52c28d32c2?s=96&d=mm&r=g\",\"caption\":\"admin\"},\"sameAs\":[\"https:\/\/gysfm.com.ar\/inicio\"],\"url\":\"https:\/\/gysfm.com.ar\/inicio\/author\/admin\/\"}]}<\/script>\n<!-- \/ Yoast SEO plugin. -->","yoast_head_json":{"title":"cu\u00e1nto costar\u00e1 viajar en colectivo, tren y subte en el AMBA - GYS NOTICIAS |","robots":{"index":"index","follow":"follow","max-snippet":"max-snippet:-1","max-image-preview":"max-image-preview:large","max-video-preview":"max-video-preview:-1"},"canonical":"https:\/\/gysfm.com.ar\/inicio\/cuanto-costara-viajar-en-colectivo-tren-y-subte-en-el-amba\/","og_locale":"es_ES","og_type":"article","og_title":"cu\u00e1nto costar\u00e1 viajar en colectivo, tren y subte en el AMBA - GYS NOTICIAS |","og_description":"Desde el martes 1 de septiembre comenzar\u00e1n a regir nuevos cuadros tarifarios para el transporte p\u00fablico del \u00c1rea Metropolitana de Buenos Aires (AMBA). El ajuste alcanzar\u00e1 a colectivos, trenes y subte, aunque los porcentajes ser\u00e1n diferentes seg\u00fan cada servicio y jurisdicci\u00f3n. Adem\u00e1s, como cada inicio de mes, habr\u00e1 aumentos en servicios, prepagas, alquileres, colegios y [&hellip;]","og_url":"https:\/\/gysfm.com.ar\/inicio\/cuanto-costara-viajar-en-colectivo-tren-y-subte-en-el-amba\/","og_site_name":"GYS NOTICIAS |","article_published_time":"2026-08-30T16:18:10+00:00","author":"admin","twitter_card":"summary_large_image","twitter_misc":{"Escrito por":"admin","Tiempo de lectura":"3 minutos"},"schema":{"@context":"https:\/\/schema.org","@graph":[{"@type":"Article","@id":"https:\/\/gysfm.com.ar\/inicio\/cuanto-costara-viajar-en-colectivo-tren-y-subte-en-el-amba\/#article","isPartOf":{"@id":"https:\/\/gysfm.com.ar\/inicio\/cuanto-costara-viajar-en-colectivo-tren-y-subte-en-el-amba\/"},"author":{"name":"admin","@id":"https:\/\/gysfm.com.ar\/inicio\/#\/schema\/person\/5bedd7ecd35cc35548d89effafa23696"},"headline":"cu\u00e1nto costar\u00e1 viajar en colectivo, tren y subte en el AMBA","datePublished":"2026-08-30T16:18:10+00:00","mainEntityOfPage":{"@id":"https:\/\/gysfm.com.ar\/inicio\/cuanto-costara-viajar-en-colectivo-tren-y-subte-en-el-amba\/"},"wordCount":620,"publisher":{"@id":"https:\/\/gysfm.com.ar\/inicio\/#organization"},"image":{"@id":"https:\/\/gysfm.com.ar\/inicio\/cuanto-costara-viajar-en-colectivo-tren-y-subte-en-el-amba\/#primaryimage"},"thumbnailUrl":"https:\/\/gysfm.com.ar\/inicio\/wp-content\/uploads\/2026\/05\/trenes-y-colectivospng.png","articleSection":["ECONOMIA"],"inLanguage":"es"},{"@type":"WebPage","@id":"https:\/\/gysfm.com.ar\/inicio\/cuanto-costara-viajar-en-colectivo-tren-y-subte-en-el-amba\/","url":"https:\/\/gysfm.com.ar\/inicio\/cuanto-costara-viajar-en-colectivo-tren-y-subte-en-el-amba\/","name":"cu\u00e1nto costar\u00e1 viajar en colectivo, tren y subte en el AMBA - GYS NOTICIAS |","isPartOf":{"@id":"https:\/\/gysfm.com.ar\/inicio\/#website"},"primaryImageOfPage":{"@id":"https:\/\/gysfm.com.ar\/inicio\/cuanto-costara-viajar-en-colectivo-tren-y-subte-en-el-amba\/#primaryimage"},"image":{"@id":"https:\/\/gysfm.com.ar\/inicio\/cuanto-costara-viajar-en-colectivo-tren-y-subte-en-el-amba\/#primaryimage"},"thumbnailUrl":"https:\/\/gysfm.com.ar\/inicio\/wp-content\/uploads\/2026\/05\/trenes-y-colectivospng.png","datePublished":"2026-08-30T16:18:10+00:00","breadcrumb":{"@id":"https:\/\/gysfm.com.ar\/inicio\/cuanto-costara-viajar-en-colectivo-tren-y-subte-en-el-amba\/#breadcrumb"},"inLanguage":"es","potentialAction":[{"@type":"ReadAction","target":["https:\/\/gysfm.com.ar\/inicio\/cuanto-costara-viajar-en-colectivo-tren-y-subte-en-el-amba\/"]}]},{"@type":"ImageObject","inLanguage":"es","@id":"https:\/\/gysfm.com.ar\/inicio\/cuanto-costara-viajar-en-colectivo-tren-y-subte-en-el-amba\/#primaryimage","url":"https:\/\/gysfm.com.ar\/inicio\/wp-content\/uploads\/2026\/05\/trenes-y-colectivospng.png","contentUrl":"https:\/\/gysfm.com.ar\/inicio\/wp-content\/uploads\/2026\/05\/trenes-y-colectivospng.png","width":1200,"height":675},{"@type":"BreadcrumbList","@id":"https:\/\/gysfm.com.ar\/inicio\/cuanto-costara-viajar-en-colectivo-tren-y-subte-en-el-amba\/#breadcrumb","itemListElement":[{"@type":"ListItem","position":1,"name":"Portada","item":"https:\/\/gysfm.com.ar\/inicio\/"},{"@type":"ListItem","position":2,"name":"cu\u00e1nto costar\u00e1 viajar en colectivo, tren y subte en el AMBA"}]},{"@type":"WebSite","@id":"https:\/\/gysfm.com.ar\/inicio\/#website","url":"https:\/\/gysfm.com.ar\/inicio\/","name":"GYS NOTICIAS |","description":"DIARIO - RADIO ONLINE SAN JUAN ARGENTINA","publisher":{"@id":"https:\/\/gysfm.com.ar\/inicio\/#organization"},"potentialAction":[{"@type":"SearchAction","target":{"@type":"EntryPoint","urlTemplate":"https:\/\/gysfm.com.ar\/inicio\/?s={search_term_string}"},"query-input":{"@type":"PropertyValueSpecification","valueRequired":true,"valueName":"search_term_string"}}],"inLanguage":"es"},{"@type":"Organization","@id":"https:\/\/gysfm.com.ar\/inicio\/#organization","name":"GYS NOTICIAS |","url":"https:\/\/gysfm.com.ar\/inicio\/","logo":{"@type":"ImageObject","inLanguage":"es","@id":"https:\/\/gysfm.com.ar\/inicio\/#\/schema\/logo\/image\/","url":"https:\/\/gysfm.com.ar\/inicio\/wp-content\/uploads\/2023\/07\/LOGOGYS-OK.png","contentUrl":"https:\/\/gysfm.com.ar\/inicio\/wp-content\/uploads\/2023\/07\/LOGOGYS-OK.png","width":1170,"height":872,"caption":"GYS NOTICIAS |"},"image":{"@id":"https:\/\/gysfm.com.ar\/inicio\/#\/schema\/logo\/image\/"}},{"@type":"Person","@id":"https:\/\/gysfm.com.ar\/inicio\/#\/schema\/person\/5bedd7ecd35cc35548d89effafa23696","name":"admin","image":{"@type":"ImageObject","inLanguage":"es","@id":"https:\/\/gysfm.com.ar\/inicio\/#\/schema\/person\/image\/","url":"https:\/\/secure.gravatar.com\/avatar\/c331d312b5243fb64d5ba28108a447b27c925295129a363082c9ea52c28d32c2?s=96&d=mm&r=g","contentUrl":"https:\/\/secure.gravatar.com\/avatar\/c331d312b5243fb64d5ba28108a447b27c925295129a363082c9ea52c28d32c2?s=96&d=mm&r=g","caption":"admin"},"sameAs":["https:\/\/gysfm.com.ar\/inicio"],"url":"https:\/\/gysfm.com.ar\/inicio\/author\/admin\/"}]}},"_links":{"self":[{"href":"https:\/\/gysfm.com.ar\/inicio\/wp-json\/wp\/v2\/posts\/209867","targetHints":{"allow":["GET"]}}],"collection":[{"href":"https:\/\/gysfm.com.ar\/inicio\/wp-json\/wp\/v2\/posts"}],"about":[{"href":"https:\/\/gysfm.com.ar\/inicio\/wp-json\/wp\/v2\/types\/post"}],"author":[{"embeddable":true,"href":"https:\/\/gysfm.com.ar\/inicio\/wp-json\/wp\/v2\/users\/1"}],"replies":[{"embeddable":true,"href":"https:\/\/gysfm.com.ar\/inicio\/wp-json\/wp\/v2\/comments?post=209867"}],"version-history":[{"count":0,"href":"https:\/\/gysfm.com.ar\/inicio\/wp-json\/wp\/v2\/posts\/209867\/revisions"}],"wp:featuredmedia":[{"embeddable":true,"href":"https:\/\/gysfm.com.ar\/inicio\/wp-json\/wp\/v2\/media\/197457"}],"wp:attachment":[{"href":"https:\/\/gysfm.com.ar\/inicio\/wp-json\/wp\/v2\/media?parent=209867"}],"wp:term":[{"taxonomy":"category","embeddable":true,"href":"https:\/\/gysfm.com.ar\/inicio\/wp-json\/wp\/v2\/categories?post=209867"},{"taxonomy":"post_tag","embeddable":true,"href":"https:\/\/gysfm.com.ar\/inicio\/wp-json\/wp\/v2\/tags?post=209867"}],"curies":[{"name":"wp","href":"https:\/\/api.w.org\/{rel}","templated":true}]}}