{"id":209697,"date":"2026-08-28T17:27:05","date_gmt":"2026-08-28T20:27:05","guid":{"rendered":"https:\/\/gysfm.com.ar\/inicio\/cuanto-cobraran-en-septiembre-de-2026-tras-el-ultimo-acuerdo-de-la-paritaria\/"},"modified":"2026-08-28T17:27:05","modified_gmt":"2026-08-28T20:27:05","slug":"cuanto-cobraran-en-septiembre-de-2026-tras-el-ultimo-acuerdo-de-la-paritaria","status":"publish","type":"post","link":"https:\/\/gysfm.com.ar\/inicio\/cuanto-cobraran-en-septiembre-de-2026-tras-el-ultimo-acuerdo-de-la-paritaria\/","title":{"rendered":"cu\u00e1nto cobrar\u00e1n en septiembre de 2026 tras el \u00faltimo acuerdo de la paritaria"},"content":{"rendered":"<p> <br \/>\n<\/p>\n<div id=\"\">\n<p id=\"p-1787919467809-63161\" class=\"\" data-start=\"95\" data-end=\"429\">Los<strong> trabajadores bancarios<\/strong> recibir\u00e1n una <strong>nueva actualizaci\u00f3n<\/strong> <strong>salarial <\/strong>en septiembre luego del acuerdo alcanzado entre la <strong data-start=\"202\" data-end=\"225\">Asociaci\u00f3n Bancaria<\/strong> y las c\u00e1maras empresarias. En esta oportunidad, las partes definieron un incremento del <strong data-start=\"314\" data-end=\"322\">2,1%<\/strong> correspondiente a julio, que llev\u00f3 el ingreso inicial de la actividad por encima de los <strong data-start=\"411\" data-end=\"428\">$2,5 millones<\/strong>.<\/p>\n<\/div>\n<div id=\"\">\n<p id=\"p-1787919467809-52575\" data-start=\"431\" data-end=\"684\">Con esta recomposici\u00f3n, el sector acumul\u00f3 una<strong> mejora del 19,3%<\/strong> durante los primeros siete meses de 2026 respecto de los salarios de diciembre de 2025. El porcentaje coincidi\u00f3 con la inflaci\u00f3n acumulada entre enero y julio informada por el <strong data-start=\"674\" data-end=\"683\">INDEC<\/strong>.<\/p>\n<\/div>\n<div id=\"\">\n<p id=\"p-1787919467809-70441\" data-start=\"686\" data-end=\"975\"> El entendimiento alcanzado por el sindicato que conduce <strong data-start=\"742\" data-end=\"760\">Sergio Palazzo<\/strong> mantuvo el esquema de actualizaciones mensuales vinculado directamente con el <strong data-start=\"839\" data-end=\"880\">\u00cdndice de Precios al Consumidor (IPC)<\/strong>, una herramienta utilizada por el gremio para preservar el poder adquisitivo de sus afiliados.<\/p>\n<\/div>\n<div id=\"\">\n<h2 id=\"p-1787919467809-44356\" data-section-id=\"t1ei59\" data-start=\"977\" data-end=\"1030\">C\u00f3mo quedaron los salarios tras la nueva paritaria<\/h2>\n<p id=\"p-1787919467809-63476\" data-start=\"1032\" data-end=\"1315\">Con la aplicaci\u00f3n del incremento, el salario b\u00e1sico inicial de la actividad qued\u00f3 establecido en <strong data-start=\"1129\" data-end=\"1146\">$2.463.757,68<\/strong>. A esa cifra se agregan <strong data-start=\"1171\" data-end=\"1185\">$71.219,54<\/strong> correspondientes a la participaci\u00f3n en las ganancias (<strong data-start=\"1240\" data-end=\"1247\">ROE<\/strong>), por lo que el ingreso m\u00ednimo total alcanz\u00f3 los <strong data-start=\"1297\" data-end=\"1314\">$2.534.977,22<\/strong>.<\/p>\n<\/div>\n<div id=\"\">\n<div contenteditable=\"false\" class=\"embed_cont type_imagen\" id=\"8204330-Libre-377082015_wrap\">\n<div id=\"8204330-Libre-377082015_content\" class=\"embed_content\"><img src=\"https:\/\/media.ambito.com\/p\/4917018c8e1b3b4c4a82988cc0857cb2\/adjuntos\/239\/imagenes\/043\/262\/0043262674\/bancarios.jpg?2026-03-27-08-51-42\" decoding=\"async\" fetchpriority=\"low\" loading=\"lazy\" alt=\"El sector acumul\u00f3 una mejora del 19,3% en el a\u00f1o.\" title=\"El sector acumul\u00f3 una mejora del 19,3% en el a\u00f1o.\" width=\"730\" height=\"410\" id=\"8204330-Libre-377082015_embed\"\/><\/div>\n<div class=\"embed_wrapper-cont\" id=\"p-1787919696683-89663\">\n<div id=\"8204330-Libre-377082015_epigrafe\" class=\"embed_epigrafe\">\n<p id=\"p-1787919761252-27925\">El sector acumul\u00f3 una mejora del 19,3% en el a\u00f1o.<\/p>\n<\/div>\n<p>X<\/p>\n<\/div><\/div>\n<p id=\"p-1787919467809-51742\" data-start=\"1317\" data-end=\"1529\">Este valor representa el piso para una persona que comienza a desempe\u00f1arse en una entidad financiera del pa\u00eds y funciona como referencia para el resto de las categor\u00edas contempladas dentro del convenio colectivo.<\/p>\n<\/div>\n<div id=\"\">\n<p id=\"p-1787919467809-75432\" data-start=\"1531\" data-end=\"1710\">Sin embargo, el ingreso final puede ser mayor debido a adicionales particulares como antig\u00fcedad, horas extras y otros conceptos contemplados para los trabajadores de la actividad.<\/p>\n<h2 id=\"p-1787919467809-55864\" data-section-id=\"ecebfh\" data-start=\"1712\" data-end=\"1769\">El bono por el D\u00eda del Bancario super\u00f3 los $2 millones<\/h2>\n<p id=\"p-1787919467809-96319\" data-start=\"1771\" data-end=\"1980\">La nueva escala tambi\u00e9n modific\u00f3 el monto correspondiente al <strong data-start=\"1832\" data-end=\"1852\">D\u00eda del Bancario<\/strong>, que qued\u00f3 fijado en un m\u00ednimo de <strong data-start=\"1887\" data-end=\"1904\">$2.196.354,74<\/strong> y volver\u00e1 a ajustarse en funci\u00f3n de las futuras recomposiciones salariales.<\/p>\n<p id=\"p-1787919467809-34061\" data-start=\"1982\" data-end=\"2215\">El beneficio se abonar\u00e1 en noviembre, en el marco de la celebraci\u00f3n del <strong data-start=\"2054\" data-end=\"2074\">D\u00eda del Bancario<\/strong>, que tiene lugar cada <strong data-start=\"2097\" data-end=\"2115\">6 de noviembre<\/strong>. Durante esa jornada, las entidades financieras permanecen cerradas en todo el territorio nacional.<\/p>\n<p id=\"p-1787919467809-90583\" data-start=\"2217\" data-end=\"2443\">La fecha recuerda la fundaci\u00f3n de la <strong data-start=\"2254\" data-end=\"2277\">Asociaci\u00f3n Bancaria<\/strong> en 1924 y est\u00e1 contemplada en el art\u00edculo 50 del convenio colectivo de la actividad como un feriado sectorial sujeto a las mismas normas que los feriados nacionales.<\/p>\n<h2 id=\"p-1787919467809-66475\" data-section-id=\"144rbmb\" data-start=\"2445\" data-end=\"2482\">Qu\u00e9 inform\u00f3 la Asociaci\u00f3n Bancaria<\/h2>\n<p id=\"p-1787919467809-80134\" data-start=\"2484\" data-end=\"2629\">El gremio detall\u00f3 el alcance de la <strong>recomposici\u00f3n<\/strong> y ratific\u00f3 que el incremento se aplicar\u00e1 de manera integral sobre los ingresos de los empleados.<\/p>\n<p id=\"p-1787919467809-32852\" data-start=\"2631\" data-end=\"2972\">Seg\u00fan el comunicado de la entidad, \u201cesta actualizaci\u00f3n ser\u00e1 de aplicaci\u00f3n para todas las remuneraciones mensuales brutas, normales, habituales y totales, remunerativas y no remunerativas, incluyendo los adicionales convencionales y no convencionales, acumulando en estos siete meses del a\u00f1o un <strong>19,3%<\/strong> sobre los salarios de diciembre de 2025\u201d.<\/p>\n<p id=\"p-1787919467809-58226\" data-start=\"2974\" data-end=\"3149\">De esta manera, la actualizaci\u00f3n comprendi\u00f3 tanto los <strong>conceptos remunerativos <\/strong>como los no remunerativos y volvi\u00f3 a alcanzar los adicionales convencionales y no convencionales.<\/p>\n<h2 id=\"p-1787919467809-36781\" data-section-id=\"1jd7dxf\" data-start=\"3151\" data-end=\"3196\">Un mecanismo salarial atado a la inflaci\u00f3n<\/h2>\n<p id=\"p-1787919467809-49200\" data-start=\"3198\" data-end=\"3352\">La negociaci\u00f3n paritaria bancaria sostuvo durante 2026 un esquema de recomposici\u00f3n mensual que sigui\u00f3 la evoluci\u00f3n del <strong data-start=\"3317\" data-end=\"3324\">IPC<\/strong> publicado por el <strong data-start=\"3342\" data-end=\"3351\">INDEC<\/strong>.<\/p>\n<p id=\"p-1787919467809-18227\" data-start=\"3354\" data-end=\"3574\">El \u00faltimo informe del organismo estad\u00edstico indic\u00f3 que el promedio de los salarios avanz\u00f3 <strong data-start=\"3444\" data-end=\"3468\">2,2% mensual en mayo<\/strong>, frente a una inflaci\u00f3n del <strong data-start=\"3497\" data-end=\"3505\">2,1%<\/strong>, lo que represent\u00f3 una mejora real del <strong data-start=\"3545\" data-end=\"3553\">0,1%<\/strong> durante ese per\u00edodo.<\/p>\n<p id=\"p-1787919467809-52485\" data-start=\"3576\" data-end=\"3871\">En la comparaci\u00f3n interanual, los ingresos registraron un incremento del <strong data-start=\"3649\" data-end=\"3658\">35,9%<\/strong>, mientras que la inflaci\u00f3n alcanz\u00f3 el <strong data-start=\"3697\" data-end=\"3706\">33,2%<\/strong>. En el sector privado registrado, en tanto, los salarios avanzaron <strong data-start=\"3774\" data-end=\"3788\">2% mensual<\/strong> y <strong data-start=\"3791\" data-end=\"3811\">29,3% interanual<\/strong>, por debajo de la variaci\u00f3n de precios en ambas mediciones.<\/p>\n<h2 id=\"p-1787919467809-35385\" data-section-id=\"bl6wuu\" data-start=\"3873\" data-end=\"3916\">C\u00f3mo continuar\u00e1 la negociaci\u00f3n paritaria<\/h2>\n<p id=\"p-1787919467809-25009\" data-start=\"3918\" data-end=\"4112\">El entendimiento tambi\u00e9n estableci\u00f3 la <strong>continuidad del mecanismo de actualizaci\u00f3n<\/strong> durante septiembre, antes de una nueva instancia formal de negociaci\u00f3n entre el sindicato y las c\u00e1maras empresarias.<\/p>\n<p id=\"p-1787919467809-35738\" data-start=\"4114\" data-end=\"4352\">\u201cSe continuar\u00e1 durante el mes de septiembre de 2026 con el mismo mecanismo de actualizaci\u00f3n y alcance estipulado hasta el momento. Asimismo, se retomar\u00e1 la negociaci\u00f3n paritaria en la segunda quincena de septiembre de 2026\u201d, a\u00f1adi\u00f3 el gremio.<\/p>\n<p id=\"p-1787919467809-5291\" data-start=\"4354\" data-end=\"4604\" data-is-last-node=\"\" data-is-only-node=\"\">De esta manera, los bancarios mantuvieron un modelo de revisiones frecuentes vinculado con la <strong>evoluci\u00f3n de los precios<\/strong>, mientras esperan una nueva negociaci\u00f3n en septiembre para definir c\u00f3mo continuar\u00e1n los salarios durante los \u00faltimos meses del a\u00f1o.<\/p>\n<\/div>\n<p><script>\n!function(f,b,e,v,n,t,s)\n{if(f.fbq)return;n=f.fbq=function(){n.callMethod?\nn.callMethod.apply(n,arguments):n.queue.push(arguments)};\nif(!f._fbq)f._fbq=n;n.push=n;n.loaded=!0;n.version='2.0';\nn.queue=[];t=b.createElement(e);t.async=!0;\nt.src=v;s=b.getElementsByTagName(e)[0];\ns.parentNode.insertBefore(t,s)}(window,document,'script',\n'https:\/\/connect.facebook.net\/en_US\/fbevents.js');\nfbq('init', '2047048335588113');\nfbq('track', 'PageView');\n<\/script><br \/>\n<br \/><\/p>\n","protected":false},"excerpt":{"rendered":"<p>Los trabajadores bancarios recibir\u00e1n una nueva actualizaci\u00f3n salarial en septiembre luego del acuerdo alcanzado entre la Asociaci\u00f3n Bancaria y las c\u00e1maras empresarias. En esta oportunidad, las partes definieron un incremento del 2,1% correspondiente a julio, que llev\u00f3 el ingreso inicial de la actividad por encima de los $2,5 millones. Con esta recomposici\u00f3n, el sector acumul\u00f3 [&hellip;]<\/p>\n","protected":false},"author":1,"featured_media":154116,"comment_status":"closed","ping_status":"closed","sticky":false,"template":"","format":"standard","meta":{"footnotes":""},"categories":[28],"tags":[],"class_list":["post-209697","post","type-post","status-publish","format-standard","has-post-thumbnail","hentry","category-economia"],"yoast_head":"<!-- This site is optimized with the Yoast SEO plugin v24.4 - https:\/\/yoast.com\/wordpress\/plugins\/seo\/ -->\n<title>cu\u00e1nto cobrar\u00e1n en septiembre de 2026 tras el \u00faltimo acuerdo de la paritaria - GYS NOTICIAS |<\/title>\n<meta name=\"robots\" content=\"index, follow, max-snippet:-1, max-image-preview:large, max-video-preview:-1\" \/>\n<link rel=\"canonical\" href=\"https:\/\/gysfm.com.ar\/inicio\/cuanto-cobraran-en-septiembre-de-2026-tras-el-ultimo-acuerdo-de-la-paritaria\/\" \/>\n<meta property=\"og:locale\" content=\"es_ES\" \/>\n<meta property=\"og:type\" content=\"article\" \/>\n<meta property=\"og:title\" content=\"cu\u00e1nto cobrar\u00e1n en septiembre de 2026 tras el \u00faltimo acuerdo de la paritaria - GYS NOTICIAS |\" \/>\n<meta property=\"og:description\" content=\"Los trabajadores bancarios recibir\u00e1n una nueva actualizaci\u00f3n salarial en septiembre luego del acuerdo alcanzado entre la Asociaci\u00f3n Bancaria y las c\u00e1maras empresarias. En esta oportunidad, las partes definieron un incremento del 2,1% correspondiente a julio, que llev\u00f3 el ingreso inicial de la actividad por encima de los $2,5 millones. Con esta recomposici\u00f3n, el sector acumul\u00f3 [&hellip;]\" \/>\n<meta property=\"og:url\" content=\"https:\/\/gysfm.com.ar\/inicio\/cuanto-cobraran-en-septiembre-de-2026-tras-el-ultimo-acuerdo-de-la-paritaria\/\" \/>\n<meta property=\"og:site_name\" content=\"GYS NOTICIAS |\" \/>\n<meta property=\"article:published_time\" content=\"2026-08-28T20:27:05+00:00\" \/>\n<meta property=\"og:image\" content=\"https:\/\/media.ambito.com\/p\/4917018c8e1b3b4c4a82988cc0857cb2\/adjuntos\/239\/imagenes\/043\/262\/0043262674\/bancarios.jpg?2026-03-27-08-51-42\" \/>\n<meta name=\"author\" content=\"admin\" \/>\n<meta name=\"twitter:card\" content=\"summary_large_image\" \/>\n<meta name=\"twitter:label1\" content=\"Escrito por\" \/>\n\t<meta name=\"twitter:data1\" content=\"admin\" \/>\n\t<meta name=\"twitter:label2\" content=\"Tiempo de lectura\" \/>\n\t<meta name=\"twitter:data2\" content=\"4 minutos\" \/>\n<script type=\"application\/ld+json\" class=\"yoast-schema-graph\">{\"@context\":\"https:\/\/schema.org\",\"@graph\":[{\"@type\":\"Article\",\"@id\":\"https:\/\/gysfm.com.ar\/inicio\/cuanto-cobraran-en-septiembre-de-2026-tras-el-ultimo-acuerdo-de-la-paritaria\/#article\",\"isPartOf\":{\"@id\":\"https:\/\/gysfm.com.ar\/inicio\/cuanto-cobraran-en-septiembre-de-2026-tras-el-ultimo-acuerdo-de-la-paritaria\/\"},\"author\":{\"name\":\"admin\",\"@id\":\"https:\/\/gysfm.com.ar\/inicio\/#\/schema\/person\/5bedd7ecd35cc35548d89effafa23696\"},\"headline\":\"cu\u00e1nto cobrar\u00e1n en septiembre de 2026 tras el \u00faltimo acuerdo de la paritaria\",\"datePublished\":\"2026-08-28T20:27:05+00:00\",\"mainEntityOfPage\":{\"@id\":\"https:\/\/gysfm.com.ar\/inicio\/cuanto-cobraran-en-septiembre-de-2026-tras-el-ultimo-acuerdo-de-la-paritaria\/\"},\"wordCount\":724,\"publisher\":{\"@id\":\"https:\/\/gysfm.com.ar\/inicio\/#organization\"},\"image\":{\"@id\":\"https:\/\/gysfm.com.ar\/inicio\/cuanto-cobraran-en-septiembre-de-2026-tras-el-ultimo-acuerdo-de-la-paritaria\/#primaryimage\"},\"thumbnailUrl\":\"https:\/\/gysfm.com.ar\/inicio\/wp-content\/uploads\/2025\/09\/bancariosjpg.webp.png\",\"articleSection\":[\"ECONOMIA\"],\"inLanguage\":\"es\"},{\"@type\":\"WebPage\",\"@id\":\"https:\/\/gysfm.com.ar\/inicio\/cuanto-cobraran-en-septiembre-de-2026-tras-el-ultimo-acuerdo-de-la-paritaria\/\",\"url\":\"https:\/\/gysfm.com.ar\/inicio\/cuanto-cobraran-en-septiembre-de-2026-tras-el-ultimo-acuerdo-de-la-paritaria\/\",\"name\":\"cu\u00e1nto cobrar\u00e1n en septiembre de 2026 tras el \u00faltimo acuerdo de la paritaria - GYS NOTICIAS |\",\"isPartOf\":{\"@id\":\"https:\/\/gysfm.com.ar\/inicio\/#website\"},\"primaryImageOfPage\":{\"@id\":\"https:\/\/gysfm.com.ar\/inicio\/cuanto-cobraran-en-septiembre-de-2026-tras-el-ultimo-acuerdo-de-la-paritaria\/#primaryimage\"},\"image\":{\"@id\":\"https:\/\/gysfm.com.ar\/inicio\/cuanto-cobraran-en-septiembre-de-2026-tras-el-ultimo-acuerdo-de-la-paritaria\/#primaryimage\"},\"thumbnailUrl\":\"https:\/\/gysfm.com.ar\/inicio\/wp-content\/uploads\/2025\/09\/bancariosjpg.webp.png\",\"datePublished\":\"2026-08-28T20:27:05+00:00\",\"breadcrumb\":{\"@id\":\"https:\/\/gysfm.com.ar\/inicio\/cuanto-cobraran-en-septiembre-de-2026-tras-el-ultimo-acuerdo-de-la-paritaria\/#breadcrumb\"},\"inLanguage\":\"es\",\"potentialAction\":[{\"@type\":\"ReadAction\",\"target\":[\"https:\/\/gysfm.com.ar\/inicio\/cuanto-cobraran-en-septiembre-de-2026-tras-el-ultimo-acuerdo-de-la-paritaria\/\"]}]},{\"@type\":\"ImageObject\",\"inLanguage\":\"es\",\"@id\":\"https:\/\/gysfm.com.ar\/inicio\/cuanto-cobraran-en-septiembre-de-2026-tras-el-ultimo-acuerdo-de-la-paritaria\/#primaryimage\",\"url\":\"https:\/\/gysfm.com.ar\/inicio\/wp-content\/uploads\/2025\/09\/bancariosjpg.webp.png\",\"contentUrl\":\"https:\/\/gysfm.com.ar\/inicio\/wp-content\/uploads\/2025\/09\/bancariosjpg.webp.png\",\"width\":1200,\"height\":675},{\"@type\":\"BreadcrumbList\",\"@id\":\"https:\/\/gysfm.com.ar\/inicio\/cuanto-cobraran-en-septiembre-de-2026-tras-el-ultimo-acuerdo-de-la-paritaria\/#breadcrumb\",\"itemListElement\":[{\"@type\":\"ListItem\",\"position\":1,\"name\":\"Portada\",\"item\":\"https:\/\/gysfm.com.ar\/inicio\/\"},{\"@type\":\"ListItem\",\"position\":2,\"name\":\"cu\u00e1nto cobrar\u00e1n en septiembre de 2026 tras el \u00faltimo acuerdo de la paritaria\"}]},{\"@type\":\"WebSite\",\"@id\":\"https:\/\/gysfm.com.ar\/inicio\/#website\",\"url\":\"https:\/\/gysfm.com.ar\/inicio\/\",\"name\":\"GYS NOTICIAS |\",\"description\":\"DIARIO - RADIO ONLINE SAN JUAN ARGENTINA\",\"publisher\":{\"@id\":\"https:\/\/gysfm.com.ar\/inicio\/#organization\"},\"potentialAction\":[{\"@type\":\"SearchAction\",\"target\":{\"@type\":\"EntryPoint\",\"urlTemplate\":\"https:\/\/gysfm.com.ar\/inicio\/?s={search_term_string}\"},\"query-input\":{\"@type\":\"PropertyValueSpecification\",\"valueRequired\":true,\"valueName\":\"search_term_string\"}}],\"inLanguage\":\"es\"},{\"@type\":\"Organization\",\"@id\":\"https:\/\/gysfm.com.ar\/inicio\/#organization\",\"name\":\"GYS NOTICIAS |\",\"url\":\"https:\/\/gysfm.com.ar\/inicio\/\",\"logo\":{\"@type\":\"ImageObject\",\"inLanguage\":\"es\",\"@id\":\"https:\/\/gysfm.com.ar\/inicio\/#\/schema\/logo\/image\/\",\"url\":\"https:\/\/gysfm.com.ar\/inicio\/wp-content\/uploads\/2023\/07\/LOGOGYS-OK.png\",\"contentUrl\":\"https:\/\/gysfm.com.ar\/inicio\/wp-content\/uploads\/2023\/07\/LOGOGYS-OK.png\",\"width\":1170,\"height\":872,\"caption\":\"GYS NOTICIAS |\"},\"image\":{\"@id\":\"https:\/\/gysfm.com.ar\/inicio\/#\/schema\/logo\/image\/\"}},{\"@type\":\"Person\",\"@id\":\"https:\/\/gysfm.com.ar\/inicio\/#\/schema\/person\/5bedd7ecd35cc35548d89effafa23696\",\"name\":\"admin\",\"image\":{\"@type\":\"ImageObject\",\"inLanguage\":\"es\",\"@id\":\"https:\/\/gysfm.com.ar\/inicio\/#\/schema\/person\/image\/\",\"url\":\"https:\/\/secure.gravatar.com\/avatar\/c331d312b5243fb64d5ba28108a447b27c925295129a363082c9ea52c28d32c2?s=96&d=mm&r=g\",\"contentUrl\":\"https:\/\/secure.gravatar.com\/avatar\/c331d312b5243fb64d5ba28108a447b27c925295129a363082c9ea52c28d32c2?s=96&d=mm&r=g\",\"caption\":\"admin\"},\"sameAs\":[\"https:\/\/gysfm.com.ar\/inicio\"],\"url\":\"https:\/\/gysfm.com.ar\/inicio\/author\/admin\/\"}]}<\/script>\n<!-- \/ Yoast SEO plugin. -->","yoast_head_json":{"title":"cu\u00e1nto cobrar\u00e1n en septiembre de 2026 tras el \u00faltimo acuerdo de la paritaria - GYS NOTICIAS |","robots":{"index":"index","follow":"follow","max-snippet":"max-snippet:-1","max-image-preview":"max-image-preview:large","max-video-preview":"max-video-preview:-1"},"canonical":"https:\/\/gysfm.com.ar\/inicio\/cuanto-cobraran-en-septiembre-de-2026-tras-el-ultimo-acuerdo-de-la-paritaria\/","og_locale":"es_ES","og_type":"article","og_title":"cu\u00e1nto cobrar\u00e1n en septiembre de 2026 tras el \u00faltimo acuerdo de la paritaria - GYS NOTICIAS |","og_description":"Los trabajadores bancarios recibir\u00e1n una nueva actualizaci\u00f3n salarial en septiembre luego del acuerdo alcanzado entre la Asociaci\u00f3n Bancaria y las c\u00e1maras empresarias. En esta oportunidad, las partes definieron un incremento del 2,1% correspondiente a julio, que llev\u00f3 el ingreso inicial de la actividad por encima de los $2,5 millones. Con esta recomposici\u00f3n, el sector acumul\u00f3 [&hellip;]","og_url":"https:\/\/gysfm.com.ar\/inicio\/cuanto-cobraran-en-septiembre-de-2026-tras-el-ultimo-acuerdo-de-la-paritaria\/","og_site_name":"GYS NOTICIAS |","article_published_time":"2026-08-28T20:27:05+00:00","og_image":[{"url":"https:\/\/media.ambito.com\/p\/4917018c8e1b3b4c4a82988cc0857cb2\/adjuntos\/239\/imagenes\/043\/262\/0043262674\/bancarios.jpg?2026-03-27-08-51-42","type":"","width":"","height":""}],"author":"admin","twitter_card":"summary_large_image","twitter_misc":{"Escrito por":"admin","Tiempo de lectura":"4 minutos"},"schema":{"@context":"https:\/\/schema.org","@graph":[{"@type":"Article","@id":"https:\/\/gysfm.com.ar\/inicio\/cuanto-cobraran-en-septiembre-de-2026-tras-el-ultimo-acuerdo-de-la-paritaria\/#article","isPartOf":{"@id":"https:\/\/gysfm.com.ar\/inicio\/cuanto-cobraran-en-septiembre-de-2026-tras-el-ultimo-acuerdo-de-la-paritaria\/"},"author":{"name":"admin","@id":"https:\/\/gysfm.com.ar\/inicio\/#\/schema\/person\/5bedd7ecd35cc35548d89effafa23696"},"headline":"cu\u00e1nto cobrar\u00e1n en septiembre de 2026 tras el \u00faltimo acuerdo de la paritaria","datePublished":"2026-08-28T20:27:05+00:00","mainEntityOfPage":{"@id":"https:\/\/gysfm.com.ar\/inicio\/cuanto-cobraran-en-septiembre-de-2026-tras-el-ultimo-acuerdo-de-la-paritaria\/"},"wordCount":724,"publisher":{"@id":"https:\/\/gysfm.com.ar\/inicio\/#organization"},"image":{"@id":"https:\/\/gysfm.com.ar\/inicio\/cuanto-cobraran-en-septiembre-de-2026-tras-el-ultimo-acuerdo-de-la-paritaria\/#primaryimage"},"thumbnailUrl":"https:\/\/gysfm.com.ar\/inicio\/wp-content\/uploads\/2025\/09\/bancariosjpg.webp.png","articleSection":["ECONOMIA"],"inLanguage":"es"},{"@type":"WebPage","@id":"https:\/\/gysfm.com.ar\/inicio\/cuanto-cobraran-en-septiembre-de-2026-tras-el-ultimo-acuerdo-de-la-paritaria\/","url":"https:\/\/gysfm.com.ar\/inicio\/cuanto-cobraran-en-septiembre-de-2026-tras-el-ultimo-acuerdo-de-la-paritaria\/","name":"cu\u00e1nto cobrar\u00e1n en septiembre de 2026 tras el \u00faltimo acuerdo de la paritaria - GYS NOTICIAS |","isPartOf":{"@id":"https:\/\/gysfm.com.ar\/inicio\/#website"},"primaryImageOfPage":{"@id":"https:\/\/gysfm.com.ar\/inicio\/cuanto-cobraran-en-septiembre-de-2026-tras-el-ultimo-acuerdo-de-la-paritaria\/#primaryimage"},"image":{"@id":"https:\/\/gysfm.com.ar\/inicio\/cuanto-cobraran-en-septiembre-de-2026-tras-el-ultimo-acuerdo-de-la-paritaria\/#primaryimage"},"thumbnailUrl":"https:\/\/gysfm.com.ar\/inicio\/wp-content\/uploads\/2025\/09\/bancariosjpg.webp.png","datePublished":"2026-08-28T20:27:05+00:00","breadcrumb":{"@id":"https:\/\/gysfm.com.ar\/inicio\/cuanto-cobraran-en-septiembre-de-2026-tras-el-ultimo-acuerdo-de-la-paritaria\/#breadcrumb"},"inLanguage":"es","potentialAction":[{"@type":"ReadAction","target":["https:\/\/gysfm.com.ar\/inicio\/cuanto-cobraran-en-septiembre-de-2026-tras-el-ultimo-acuerdo-de-la-paritaria\/"]}]},{"@type":"ImageObject","inLanguage":"es","@id":"https:\/\/gysfm.com.ar\/inicio\/cuanto-cobraran-en-septiembre-de-2026-tras-el-ultimo-acuerdo-de-la-paritaria\/#primaryimage","url":"https:\/\/gysfm.com.ar\/inicio\/wp-content\/uploads\/2025\/09\/bancariosjpg.webp.png","contentUrl":"https:\/\/gysfm.com.ar\/inicio\/wp-content\/uploads\/2025\/09\/bancariosjpg.webp.png","width":1200,"height":675},{"@type":"BreadcrumbList","@id":"https:\/\/gysfm.com.ar\/inicio\/cuanto-cobraran-en-septiembre-de-2026-tras-el-ultimo-acuerdo-de-la-paritaria\/#breadcrumb","itemListElement":[{"@type":"ListItem","position":1,"name":"Portada","item":"https:\/\/gysfm.com.ar\/inicio\/"},{"@type":"ListItem","position":2,"name":"cu\u00e1nto cobrar\u00e1n en septiembre de 2026 tras el \u00faltimo acuerdo de la paritaria"}]},{"@type":"WebSite","@id":"https:\/\/gysfm.com.ar\/inicio\/#website","url":"https:\/\/gysfm.com.ar\/inicio\/","name":"GYS NOTICIAS |","description":"DIARIO - RADIO ONLINE SAN JUAN ARGENTINA","publisher":{"@id":"https:\/\/gysfm.com.ar\/inicio\/#organization"},"potentialAction":[{"@type":"SearchAction","target":{"@type":"EntryPoint","urlTemplate":"https:\/\/gysfm.com.ar\/inicio\/?s={search_term_string}"},"query-input":{"@type":"PropertyValueSpecification","valueRequired":true,"valueName":"search_term_string"}}],"inLanguage":"es"},{"@type":"Organization","@id":"https:\/\/gysfm.com.ar\/inicio\/#organization","name":"GYS NOTICIAS |","url":"https:\/\/gysfm.com.ar\/inicio\/","logo":{"@type":"ImageObject","inLanguage":"es","@id":"https:\/\/gysfm.com.ar\/inicio\/#\/schema\/logo\/image\/","url":"https:\/\/gysfm.com.ar\/inicio\/wp-content\/uploads\/2023\/07\/LOGOGYS-OK.png","contentUrl":"https:\/\/gysfm.com.ar\/inicio\/wp-content\/uploads\/2023\/07\/LOGOGYS-OK.png","width":1170,"height":872,"caption":"GYS NOTICIAS |"},"image":{"@id":"https:\/\/gysfm.com.ar\/inicio\/#\/schema\/logo\/image\/"}},{"@type":"Person","@id":"https:\/\/gysfm.com.ar\/inicio\/#\/schema\/person\/5bedd7ecd35cc35548d89effafa23696","name":"admin","image":{"@type":"ImageObject","inLanguage":"es","@id":"https:\/\/gysfm.com.ar\/inicio\/#\/schema\/person\/image\/","url":"https:\/\/secure.gravatar.com\/avatar\/c331d312b5243fb64d5ba28108a447b27c925295129a363082c9ea52c28d32c2?s=96&d=mm&r=g","contentUrl":"https:\/\/secure.gravatar.com\/avatar\/c331d312b5243fb64d5ba28108a447b27c925295129a363082c9ea52c28d32c2?s=96&d=mm&r=g","caption":"admin"},"sameAs":["https:\/\/gysfm.com.ar\/inicio"],"url":"https:\/\/gysfm.com.ar\/inicio\/author\/admin\/"}]}},"_links":{"self":[{"href":"https:\/\/gysfm.com.ar\/inicio\/wp-json\/wp\/v2\/posts\/209697","targetHints":{"allow":["GET"]}}],"collection":[{"href":"https:\/\/gysfm.com.ar\/inicio\/wp-json\/wp\/v2\/posts"}],"about":[{"href":"https:\/\/gysfm.com.ar\/inicio\/wp-json\/wp\/v2\/types\/post"}],"author":[{"embeddable":true,"href":"https:\/\/gysfm.com.ar\/inicio\/wp-json\/wp\/v2\/users\/1"}],"replies":[{"embeddable":true,"href":"https:\/\/gysfm.com.ar\/inicio\/wp-json\/wp\/v2\/comments?post=209697"}],"version-history":[{"count":0,"href":"https:\/\/gysfm.com.ar\/inicio\/wp-json\/wp\/v2\/posts\/209697\/revisions"}],"wp:featuredmedia":[{"embeddable":true,"href":"https:\/\/gysfm.com.ar\/inicio\/wp-json\/wp\/v2\/media\/154116"}],"wp:attachment":[{"href":"https:\/\/gysfm.com.ar\/inicio\/wp-json\/wp\/v2\/media?parent=209697"}],"wp:term":[{"taxonomy":"category","embeddable":true,"href":"https:\/\/gysfm.com.ar\/inicio\/wp-json\/wp\/v2\/categories?post=209697"},{"taxonomy":"post_tag","embeddable":true,"href":"https:\/\/gysfm.com.ar\/inicio\/wp-json\/wp\/v2\/tags?post=209697"}],"curies":[{"name":"wp","href":"https:\/\/api.w.org\/{rel}","templated":true}]}}