{"id":209689,"date":"2026-08-28T16:24:19","date_gmt":"2026-08-28T19:24:19","guid":{"rendered":"https:\/\/gysfm.com.ar\/inicio\/cuanto-cobraran-en-septiembre-tras-el-acuerdo-paritario\/"},"modified":"2026-08-28T16:24:19","modified_gmt":"2026-08-28T19:24:19","slug":"cuanto-cobraran-en-septiembre-tras-el-acuerdo-paritario","status":"publish","type":"post","link":"https:\/\/gysfm.com.ar\/inicio\/cuanto-cobraran-en-septiembre-tras-el-acuerdo-paritario\/","title":{"rendered":"cu\u00e1nto cobrar\u00e1n en septiembre tras el acuerdo paritario"},"content":{"rendered":"<p> <br \/>\n<\/p>\n<div>\t\t<!-- { REGION4 --> <\/p>\n<header class=\"news-headline\">\n<div class=\"news-headline__topics-and-date-wrapper\">    <span class=\"news-headline__publication-date\"> 28 de agosto 2026 &#8211; 10:51<br \/>\n            <\/span><\/div>\n<h2 class=\"news-headline__article-summary\"\/>\n<p id=\"p-1785243620073-88227\" class=\"ignore-parser\"> El nuevo esquema salarial contempla un aumento del 1,8% para septiembre y la incorporaci\u00f3n al b\u00e1sico de una parte de la suma no remunerativa otorgada en agosto.<\/p>\n<\/header>\n<article class=\"article-body article-body--first-paragraph\" data-td-script-src=\"https:\/\/www.ambito.com\/td\/modulos\/encuestas\/js\/function-embeds-min-version-1787803691.js\">\n<p id=\"p-1787919330652-76636\" class=\"\" data-start=\"241\" data-end=\"522\">El Ministerio de Capital Humano confirm\u00f3 d\u00edas atr\u00e1s, a trav\u00e9s de la Secretar\u00eda de Trabajo, Empleo y Seguridad Social, una <strong data-start=\"352\" data-end=\"428\">nueva actualizaci\u00f3n salarial para las trabajadoras de casas particulares<\/strong>, en el marco del acuerdo alcanzado por la <strong> Comisi\u00f3n Nacional de Trabajo en Casas Particulares. <\/strong>El esquema establece <strong data-start=\"545\" data-end=\"653\">cuatro aumentos consecutivos y la incorporaci\u00f3n progresiva de una suma no remunerativa al salario b\u00e1sico<\/strong>, con incrementos previstos hasta diciembre de 2026.<\/p>\n<\/article>\n<section class=\"suscription-false printed-edition\" style=\"display:none\">\n<p> El contenido al que quiere acceder es exclusivo para suscriptores.<\/p>\n<p>  <span> <button type=\"button\" name=\"button\" class=\"subscribe-btn mercadopago-btn\">suscribirse<\/button><\/span>  <span class=\"btns\"><button type=\"button\" name=\"button\" class=\"subscribe-btn reload-login\"> ya estoy suscripto<\/button><\/span>  <\/p>\n<\/section>\n<article class=\"article-body article-body--second-paragraph\">\n<p id=\"p-1787919330652-70456\" data-start=\"707\" data-end=\"929\">Para el mes vigente, se aplic\u00f3 un <strong data-start=\"730\" data-end=\"798\">aumento del 1,9% sobre los salarios m\u00ednimos conformados de julio<\/strong>, junto con una <strong data-start=\"814\" data-end=\"852\">suma no remunerativa por \u00fanica vez<\/strong>. El monto de ese extra fue determinado seg\u00fan la cantidad de horas trabajadas:<\/p>\n<\/article>\n<section class=\"related-news\">\t\t<span class=\"related-news__title\">Informate m\u00e1s<\/span>\t\t<\/p>\n<div class=\"row row--eq-height\">\n<div class=\"col-12 col-md-6\">\n<article class=\"news-article news-article--landscape-news news-article--landscape-news\">\n<figure class=\"news-article__figure figure\">\n\t\t\t\t\t\t\t\t\t\t\t<img src=\"https:\/\/media.ambito.com\/p\/d268c1274925bd609fd74f433e802e01\/adjuntos\/239\/imagenes\/043\/574\/0043574087\/93x52\/812x467:832x487\/yen-japon.jpg\" decoding=\"async\" fetchpriority=\"low\" loading=\"lazy\" alt=\"Jap\u00f3n gast\u00f3 un r\u00e9cord de 96.500 millones de US$ para respaldar el yen el \u00faltimo mes\" title=\"Jap\u00f3n gast\u00f3 un r\u00e9cord de 96.500 millones de US$ para respaldar el yen el \u00faltimo mes\" width=\"93\" height=\"52\" class=\"news-article__figure-img figure-img img-fluid\"\/>\t\t<\/figure>\n<\/article><\/div>\n<div class=\"col-12 col-md-6\">\n<article class=\"news-article news-article--landscape-news news-article--landscape-news\">\n<figure class=\"news-article__figure figure\">\n\t\t\t\t\t\t\t\t\t\t\t<img src=\"https:\/\/media.ambito.com\/p\/761fc10454e21f9d0683307d4096409b\/adjuntos\/239\/imagenes\/043\/510\/0043510868\/93x52\/smart\/1716404144284.jpg\" decoding=\"async\" fetchpriority=\"low\" loading=\"lazy\" alt=\"D\u00f3lar sin techo: El economista Juan Carlos De Pablo afirm\u00f3 que la cotizaci\u00f3n del d\u00f3lar no tiene l\u00edmite superior.\" title=\"D\u00f3lar sin techo: El economista Juan Carlos De Pablo afirm\u00f3 que la cotizaci\u00f3n del d\u00f3lar no tiene l\u00edmite superior.\" width=\"93\" height=\"52\" class=\"news-article__figure-img figure-img img-fluid\"\/>\t\t<\/figure>\n<\/article><\/div>\n<\/div>\n<\/section>\n<article class=\"article-body article-body--third-paragraph\">\n<ul id=\"p-1787919330652-95759\" data-start=\"931\" data-end=\"1066\">\n<li id=\"p-1787919330652-94212\" data-section-id=\"13rumbf\" data-start=\"931\" data-end=\"971\"><strong data-start=\"933\" data-end=\"962\"> 16 horas semanales o m\u00e1s:<\/strong> $20.000.<\/li>\n<li id=\"p-1787919330652-59391\" data-section-id=\"1k664ok\" data-start=\"972\" data-end=\"1023\"><strong data-start=\"974\" data-end=\"1014\">De 12 a menos de 16 horas semanales:<\/strong> $11.500.<\/li>\n<li id=\"p-1787919330652-24519\" data-section-id=\"1nyiary\" data-start=\"1024\" data-end=\"1066\"><strong data-start=\"1026\" data-end=\"1058\">Menos de 12 horas semanales:<\/strong> $8.000.<\/li>\n<\/ul>\n<p id=\"p-1787919330652-48094\" data-start=\"1068\" data-end=\"1201\">As\u00ed, la paritaria defini\u00f3 que, a partir de septiembre, parte de esa suma comenzar\u00e1 a incorporarse a los salarios b\u00e1sicos. El cronograma establecido qued\u00f3 de la siguiente manera:<\/p>\n<\/article>\n<article class=\"article-body article-body--fourth-paragraph\">\n<ul id=\"p-1787919330652-50227\" data-start=\"1203\" data-end=\"1567\">\n<li id=\"p-1787919330652-81065\" data-section-id=\"197z103\" data-start=\"1203\" data-end=\"1245\"><strong data-start=\"1205\" data-end=\"1216\">Agosto:<\/strong> 1,9% y suma no remunerativa.<\/li>\n<li id=\"p-1787919330652-58731\" data-section-id=\"8m157v\" data-start=\"1246\" data-end=\"1346\"><strong data-start=\"1248\" data-end=\"1263\">Septiembre:<\/strong> 1,8%, m\u00e1s la incorporaci\u00f3n al b\u00e1sico del 25% de la suma no remunerativa de agosto.<\/li>\n<li id=\"p-1787919330652-87913\" data-section-id=\"dh01bs\" data-start=\"1347\" data-end=\"1444\"><strong data-start=\"1349\" data-end=\"1361\">Octubre:<\/strong> 1,7%, m\u00e1s la incorporaci\u00f3n al b\u00e1sico del 50% de la suma no remunerativa de agosto.<\/li>\n<li id=\"p-1787919330652-7604\" data-section-id=\"p777wg\" data-start=\"1445\" data-end=\"1544\"><strong data-start=\"1447\" data-end=\"1461\">Noviembre:<\/strong> 1,6%, m\u00e1s la incorporaci\u00f3n al b\u00e1sico del 25% de la suma no remunerativa de agosto.<\/li>\n<li id=\"p-1787919330652-20510\" data-section-id=\"rkm3ig\" data-start=\"1545\" data-end=\"1567\"><strong data-start=\"1547\" data-end=\"1561\">Diciembre:<\/strong> 1,6%.<\/li>\n<\/ul>\n<div contenteditable=\"false\" class=\"embed_cont type_imagen\" id=\"7705445-Libre-773031690_wrap\">\n<div id=\"7705445-Libre-773031690_content\" class=\"embed_content\"> <img src=\"https:\/\/media.ambito.com\/p\/08636a71447c73b621dd7cd151110004\/adjuntos\/239\/imagenes\/040\/187\/0040187477\/extra-empleadas-domesticas.jpg?2022-09-29-16-27-43\" decoding=\"async\" fetchpriority=\"high\" loading=\"eager\" crossorigin=\"anonymous\" alt=\"La suma no remunerativa puede ser de hasta $20.000.\" title=\"La suma no remunerativa puede ser de hasta $20.000.\" width=\"689\" height=\"460\" id=\"7705445-Libre-773031690_embed\"\/><\/div>\n<div class=\"embed_wrapper-cont\" id=\"p-1787919478751-4609\">\n<div id=\"7705445-Libre-773031690_epigrafe\" class=\"embed_epigrafe\">\n<p id=\"p-1787919507280-86499\">La suma no remunerativa puede ser de hasta $20.000.<\/p>\n<\/div><\/div><\/div>\n<h2 id=\"p-1787919330652-53312\" data-section-id=\"1f2252r\" data-start=\"1569\" data-end=\"1617\">La nueva escala salarial para septiembre 2026<\/h2>\n<p id=\"p-1787919330652-35645\" data-start=\"1619\" data-end=\"1792\">Con el aumento correspondiente a agosto y la incorporaci\u00f3n prevista de parte de la suma no remunerativa, los salarios m\u00ednimos a cobrar en septiembre quedan establecidos de la siguiente manera:<\/p>\n<\/article>\n<article class=\"article-body article-body--fifth-paragraph\">\n<ul id=\"p-1787919330652-25346\" data-start=\"1794\" data-end=\"2557\">\n<li id=\"p-1787919330652-96278\" data-section-id=\"pxahci\" data-start=\"1794\" data-end=\"1948\"><strong data-start=\"1796\" data-end=\"1812\">Supervisores<\/strong>\n<ul id=\"p-1787919330652-11925\" data-start=\"1815\" data-end=\"1948\">\n<li id=\"p-1787919330652-77653\" data-section-id=\"1ic2axj\" data-start=\"1815\" data-end=\"1880\">Con retiro: <strong data-start=\"1829\" data-end=\"1851\">$4.518,67 por hora<\/strong> y <strong data-start=\"1854\" data-end=\"1879\">$563.692,98 mensuales<\/strong>.<\/li>\n<li id=\"p-1787919330652-2356\" data-section-id=\"ie5g97\" data-start=\"1883\" data-end=\"1948\">Sin retiro: <strong data-start=\"1897\" data-end=\"1919\">$4.916,05 por hora<\/strong> y <strong data-start=\"1922\" data-end=\"1947\">$623.701,23 mensuales<\/strong>.<\/li>\n<\/ul>\n<\/li>\n<li id=\"p-1787919330652-39425\" data-section-id=\"16q4210\" data-start=\"1950\" data-end=\"2124\"><strong data-start=\"1952\" data-end=\"1988\">Personal para tareas espec\u00edficas<\/strong>\n<ul id=\"p-1787919330652-74424\" data-start=\"1991\" data-end=\"2124\">\n<li id=\"p-1787919330652-76512\" data-section-id=\"1te9i40\" data-start=\"1991\" data-end=\"2056\">Con retiro: <strong data-start=\"2005\" data-end=\"2027\">$4.299,27 por hora<\/strong> y <strong data-start=\"2030\" data-end=\"2055\">$526.312,55 mensuales<\/strong>.<\/li>\n<li id=\"p-1787919330652-12212\" data-section-id=\"jfab39\" data-start=\"2059\" data-end=\"2124\">Sin retiro: <strong data-start=\"2073\" data-end=\"2095\">$4.679,93 por hora<\/strong> y <strong data-start=\"2098\" data-end=\"2123\">$581.711,84 mensuales<\/strong>.<\/li>\n<\/ul>\n<\/li>\n<li id=\"p-1787919330652-81839\" data-section-id=\"16zovzs\" data-start=\"2126\" data-end=\"2207\"><strong data-start=\"2128\" data-end=\"2139\">Caseros<\/strong>\n<ul id=\"p-1787919330652-43183\" data-start=\"2142\" data-end=\"2207\">\n<li id=\"p-1787919330652-9263\" data-section-id=\"7vgtl1\" data-start=\"2142\" data-end=\"2207\">Sin retiro: <strong data-start=\"2156\" data-end=\"2178\">$4.068,39 por hora<\/strong> y <strong data-start=\"2181\" data-end=\"2206\">$514.398,21 mensuales<\/strong>.<\/li>\n<\/ul>\n<\/li>\n<li id=\"p-1787919330652-70436\" data-section-id=\"1uf2uo4\" data-start=\"2209\" data-end=\"2383\"><strong data-start=\"2211\" data-end=\"2247\">Asistencia y cuidado de personas<\/strong>\n<ul id=\"p-1787919330652-76561\" data-start=\"2250\" data-end=\"2383\">\n<li id=\"p-1787919330652-60511\" data-section-id=\"11bf4pf\" data-start=\"2250\" data-end=\"2315\">Con retiro: <strong data-start=\"2264\" data-end=\"2286\">$4.068,39 por hora<\/strong> y <strong data-start=\"2289\" data-end=\"2314\">$514.398,21 mensuales<\/strong>.<\/li>\n<li id=\"p-1787919330652-56715\" data-section-id=\"1927rfx\" data-start=\"2318\" data-end=\"2383\">Sin retiro: <strong data-start=\"2332\" data-end=\"2354\">$4.515,71 por hora<\/strong> y <strong data-start=\"2357\" data-end=\"2382\">$569.034,43 mensuales<\/strong>.<\/li>\n<\/ul>\n<\/li>\n<li id=\"p-1787919330652-91249\" data-section-id=\"15fl7fe\" data-start=\"2385\" data-end=\"2557\"><strong data-start=\"2387\" data-end=\"2421\">Personal para tareas generales<\/strong>\n<ul id=\"p-1787919330652-52952\" data-start=\"2424\" data-end=\"2557\">\n<li id=\"p-1787919330652-79279\" data-section-id=\"1e0trnh\" data-start=\"2424\" data-end=\"2489\">Con retiro: <strong data-start=\"2438\" data-end=\"2460\">$3.800,93 por hora<\/strong> y <strong data-start=\"2463\" data-end=\"2488\">$466.298,18 mensuales<\/strong>.<\/li>\n<li id=\"p-1787919330652-69855\" data-section-id=\"7vgtl1\" data-start=\"2492\" data-end=\"2557\">Sin retiro: <strong data-start=\"2506\" data-end=\"2528\">$4.068,39 por hora<\/strong> y <strong data-start=\"2531\" data-end=\"2556\">$514.398,21 mensuales<\/strong>.<\/li>\n<\/ul>\n<\/li>\n<\/ul>\n<h2 id=\"p-1787919330652-62556\" data-section-id=\"8sxsmz\" data-start=\"2760\" data-end=\"2828\">Empleadas dom\u00e9sticas: c\u00f3mo se calcula el adicional por antig\u00fcedad<\/h2>\n<p id=\"p-1787919330652-21976\" data-start=\"2830\" data-end=\"2987\">El esquema tambi\u00e9n contempla un <strong data-start=\"2862\" data-end=\"2920\">adicional por antig\u00fcedad del 1% por cada a\u00f1o trabajado<\/strong>, calculado sobre los salarios mensuales y abonado todos los meses.<\/p>\n<\/article>\n<article class=\"article-body article-body--remaining-paragraph\">\n<p id=\"p-1787919330652-26369\" data-start=\"2989\" data-end=\"3125\">El tiempo de servicio para determinar este adicional comenz\u00f3 a computarse desde el <strong data-start=\"3072\" data-end=\"3100\">1\u00b0 de septiembre de 2020<\/strong>, sin efecto retroactivo.<\/p>\n<p id=\"p-1787919330652-63728\" data-start=\"3127\" data-end=\"3371\">Adem\u00e1s, la modalidad de liquidaci\u00f3n depende de la cantidad de horas trabajadas para un mismo empleador. Quienes trabajan <strong data-start=\"3248\" data-end=\"3276\">24 horas semanales o m\u00e1s<\/strong> cobran bajo la modalidad mensual, de manera proporcional a las horas efectivamente trabajadas.<\/p>\n<p id=\"p-1787919330652-34208\" data-start=\"3373\" data-end=\"3475\">En cambio, quienes trabajan <strong data-start=\"3401\" data-end=\"3432\">menos de 24 horas semanales<\/strong> son liquidados bajo la modalidad por hora.<\/p>\n<h2 id=\"p-1787919330652-13961\" data-section-id=\"1pifw5o\" data-start=\"3477\" data-end=\"3511\">Adicional por zona desfavorable<\/h2>\n<p id=\"p-1787919330652-52775\" data-start=\"3513\" data-end=\"3683\">El r\u00e9gimen establece tambi\u00e9n un <strong data-start=\"3545\" data-end=\"3611\">adicional del 31% sobre los salarios m\u00ednimos de cada categor\u00eda<\/strong> para quienes trabajan en determinadas zonas consideradas desfavorables.<\/p>\n<p id=\"p-1787919330652-51771\" data-start=\"3685\" data-end=\"3906\" data-is-last-node=\"\" data-is-only-node=\"\">El beneficio alcanza a las trabajadoras de <strong data-start=\"3728\" data-end=\"3835\">La Pampa, R\u00edo Negro, Chubut, Neuqu\u00e9n, Santa Cruz, Tierra del Fuego, Ant\u00e1rtida e Islas del Atl\u00e1ntico Sur<\/strong>, adem\u00e1s del partido de <strong data-start=\"3859\" data-end=\"3872\">Patagones<\/strong>, en la provincia de Buenos Aires.<\/p>\n<\/article>\n<p>\t\t<!-- REGION4 } --><\/div>\n<p><script>\n!function(f,b,e,v,n,t,s)\n{if(f.fbq)return;n=f.fbq=function(){n.callMethod?\nn.callMethod.apply(n,arguments):n.queue.push(arguments)};\nif(!f._fbq)f._fbq=n;n.push=n;n.loaded=!0;n.version='2.0';\nn.queue=[];t=b.createElement(e);t.async=!0;\nt.src=v;s=b.getElementsByTagName(e)[0];\ns.parentNode.insertBefore(t,s)}(window,document,'script',\n'https:\/\/connect.facebook.net\/en_US\/fbevents.js');\nfbq('init', '2047048335588113');\nfbq('track', 'PageView');\n<\/script><br \/>\n<br \/><\/p>\n","protected":false},"excerpt":{"rendered":"<p>28 de agosto 2026 &#8211; 10:51 El nuevo esquema salarial contempla un aumento del 1,8% para septiembre y la incorporaci\u00f3n al b\u00e1sico de una parte de la suma no remunerativa otorgada en agosto. El Ministerio de Capital Humano confirm\u00f3 d\u00edas atr\u00e1s, a trav\u00e9s de la Secretar\u00eda de Trabajo, Empleo y Seguridad Social, una nueva actualizaci\u00f3n [&hellip;]<\/p>\n","protected":false},"author":1,"featured_media":209690,"comment_status":"closed","ping_status":"closed","sticky":false,"template":"","format":"standard","meta":{"footnotes":""},"categories":[28],"tags":[],"class_list":["post-209689","post","type-post","status-publish","format-standard","has-post-thumbnail","hentry","category-economia"],"yoast_head":"<!-- This site is optimized with the Yoast SEO plugin v24.4 - https:\/\/yoast.com\/wordpress\/plugins\/seo\/ -->\n<title>cu\u00e1nto cobrar\u00e1n en septiembre tras el acuerdo paritario - GYS NOTICIAS |<\/title>\n<meta name=\"robots\" content=\"index, follow, max-snippet:-1, max-image-preview:large, max-video-preview:-1\" \/>\n<link rel=\"canonical\" href=\"https:\/\/gysfm.com.ar\/inicio\/cuanto-cobraran-en-septiembre-tras-el-acuerdo-paritario\/\" \/>\n<meta property=\"og:locale\" content=\"es_ES\" \/>\n<meta property=\"og:type\" content=\"article\" \/>\n<meta property=\"og:title\" content=\"cu\u00e1nto cobrar\u00e1n en septiembre tras el acuerdo paritario - GYS NOTICIAS |\" \/>\n<meta property=\"og:description\" content=\"28 de agosto 2026 &#8211; 10:51 El nuevo esquema salarial contempla un aumento del 1,8% para septiembre y la incorporaci\u00f3n al b\u00e1sico de una parte de la suma no remunerativa otorgada en agosto. El Ministerio de Capital Humano confirm\u00f3 d\u00edas atr\u00e1s, a trav\u00e9s de la Secretar\u00eda de Trabajo, Empleo y Seguridad Social, una nueva actualizaci\u00f3n [&hellip;]\" \/>\n<meta property=\"og:url\" content=\"https:\/\/gysfm.com.ar\/inicio\/cuanto-cobraran-en-septiembre-tras-el-acuerdo-paritario\/\" \/>\n<meta property=\"og:site_name\" content=\"GYS NOTICIAS |\" \/>\n<meta property=\"article:published_time\" content=\"2026-08-28T19:24:19+00:00\" \/>\n<meta property=\"og:image\" content=\"https:\/\/media.ambito.com\/p\/d268c1274925bd609fd74f433e802e01\/adjuntos\/239\/imagenes\/043\/574\/0043574087\/93x52\/812x467:832x487\/yen-japon.jpg\" \/>\n<meta name=\"author\" content=\"admin\" \/>\n<meta name=\"twitter:card\" content=\"summary_large_image\" \/>\n<meta name=\"twitter:label1\" content=\"Escrito por\" \/>\n\t<meta name=\"twitter:data1\" content=\"admin\" \/>\n\t<meta name=\"twitter:label2\" content=\"Tiempo de lectura\" \/>\n\t<meta name=\"twitter:data2\" content=\"3 minutos\" \/>\n<script type=\"application\/ld+json\" class=\"yoast-schema-graph\">{\"@context\":\"https:\/\/schema.org\",\"@graph\":[{\"@type\":\"Article\",\"@id\":\"https:\/\/gysfm.com.ar\/inicio\/cuanto-cobraran-en-septiembre-tras-el-acuerdo-paritario\/#article\",\"isPartOf\":{\"@id\":\"https:\/\/gysfm.com.ar\/inicio\/cuanto-cobraran-en-septiembre-tras-el-acuerdo-paritario\/\"},\"author\":{\"name\":\"admin\",\"@id\":\"https:\/\/gysfm.com.ar\/inicio\/#\/schema\/person\/5bedd7ecd35cc35548d89effafa23696\"},\"headline\":\"cu\u00e1nto cobrar\u00e1n en septiembre tras el acuerdo paritario\",\"datePublished\":\"2026-08-28T19:24:19+00:00\",\"mainEntityOfPage\":{\"@id\":\"https:\/\/gysfm.com.ar\/inicio\/cuanto-cobraran-en-septiembre-tras-el-acuerdo-paritario\/\"},\"wordCount\":573,\"publisher\":{\"@id\":\"https:\/\/gysfm.com.ar\/inicio\/#organization\"},\"image\":{\"@id\":\"https:\/\/gysfm.com.ar\/inicio\/cuanto-cobraran-en-septiembre-tras-el-acuerdo-paritario\/#primaryimage\"},\"thumbnailUrl\":\"https:\/\/gysfm.com.ar\/inicio\/wp-content\/uploads\/2026\/08\/empleada-domestica-limpieza.jpg\",\"articleSection\":[\"ECONOMIA\"],\"inLanguage\":\"es\"},{\"@type\":\"WebPage\",\"@id\":\"https:\/\/gysfm.com.ar\/inicio\/cuanto-cobraran-en-septiembre-tras-el-acuerdo-paritario\/\",\"url\":\"https:\/\/gysfm.com.ar\/inicio\/cuanto-cobraran-en-septiembre-tras-el-acuerdo-paritario\/\",\"name\":\"cu\u00e1nto cobrar\u00e1n en septiembre tras el acuerdo paritario - GYS NOTICIAS |\",\"isPartOf\":{\"@id\":\"https:\/\/gysfm.com.ar\/inicio\/#website\"},\"primaryImageOfPage\":{\"@id\":\"https:\/\/gysfm.com.ar\/inicio\/cuanto-cobraran-en-septiembre-tras-el-acuerdo-paritario\/#primaryimage\"},\"image\":{\"@id\":\"https:\/\/gysfm.com.ar\/inicio\/cuanto-cobraran-en-septiembre-tras-el-acuerdo-paritario\/#primaryimage\"},\"thumbnailUrl\":\"https:\/\/gysfm.com.ar\/inicio\/wp-content\/uploads\/2026\/08\/empleada-domestica-limpieza.jpg\",\"datePublished\":\"2026-08-28T19:24:19+00:00\",\"breadcrumb\":{\"@id\":\"https:\/\/gysfm.com.ar\/inicio\/cuanto-cobraran-en-septiembre-tras-el-acuerdo-paritario\/#breadcrumb\"},\"inLanguage\":\"es\",\"potentialAction\":[{\"@type\":\"ReadAction\",\"target\":[\"https:\/\/gysfm.com.ar\/inicio\/cuanto-cobraran-en-septiembre-tras-el-acuerdo-paritario\/\"]}]},{\"@type\":\"ImageObject\",\"inLanguage\":\"es\",\"@id\":\"https:\/\/gysfm.com.ar\/inicio\/cuanto-cobraran-en-septiembre-tras-el-acuerdo-paritario\/#primaryimage\",\"url\":\"https:\/\/gysfm.com.ar\/inicio\/wp-content\/uploads\/2026\/08\/empleada-domestica-limpieza.jpg\",\"contentUrl\":\"https:\/\/gysfm.com.ar\/inicio\/wp-content\/uploads\/2026\/08\/empleada-domestica-limpieza.jpg\",\"width\":1200,\"height\":675},{\"@type\":\"BreadcrumbList\",\"@id\":\"https:\/\/gysfm.com.ar\/inicio\/cuanto-cobraran-en-septiembre-tras-el-acuerdo-paritario\/#breadcrumb\",\"itemListElement\":[{\"@type\":\"ListItem\",\"position\":1,\"name\":\"Portada\",\"item\":\"https:\/\/gysfm.com.ar\/inicio\/\"},{\"@type\":\"ListItem\",\"position\":2,\"name\":\"cu\u00e1nto cobrar\u00e1n en septiembre tras el acuerdo paritario\"}]},{\"@type\":\"WebSite\",\"@id\":\"https:\/\/gysfm.com.ar\/inicio\/#website\",\"url\":\"https:\/\/gysfm.com.ar\/inicio\/\",\"name\":\"GYS NOTICIAS |\",\"description\":\"DIARIO - RADIO ONLINE SAN JUAN ARGENTINA\",\"publisher\":{\"@id\":\"https:\/\/gysfm.com.ar\/inicio\/#organization\"},\"potentialAction\":[{\"@type\":\"SearchAction\",\"target\":{\"@type\":\"EntryPoint\",\"urlTemplate\":\"https:\/\/gysfm.com.ar\/inicio\/?s={search_term_string}\"},\"query-input\":{\"@type\":\"PropertyValueSpecification\",\"valueRequired\":true,\"valueName\":\"search_term_string\"}}],\"inLanguage\":\"es\"},{\"@type\":\"Organization\",\"@id\":\"https:\/\/gysfm.com.ar\/inicio\/#organization\",\"name\":\"GYS NOTICIAS |\",\"url\":\"https:\/\/gysfm.com.ar\/inicio\/\",\"logo\":{\"@type\":\"ImageObject\",\"inLanguage\":\"es\",\"@id\":\"https:\/\/gysfm.com.ar\/inicio\/#\/schema\/logo\/image\/\",\"url\":\"https:\/\/gysfm.com.ar\/inicio\/wp-content\/uploads\/2023\/07\/LOGOGYS-OK.png\",\"contentUrl\":\"https:\/\/gysfm.com.ar\/inicio\/wp-content\/uploads\/2023\/07\/LOGOGYS-OK.png\",\"width\":1170,\"height\":872,\"caption\":\"GYS NOTICIAS |\"},\"image\":{\"@id\":\"https:\/\/gysfm.com.ar\/inicio\/#\/schema\/logo\/image\/\"}},{\"@type\":\"Person\",\"@id\":\"https:\/\/gysfm.com.ar\/inicio\/#\/schema\/person\/5bedd7ecd35cc35548d89effafa23696\",\"name\":\"admin\",\"image\":{\"@type\":\"ImageObject\",\"inLanguage\":\"es\",\"@id\":\"https:\/\/gysfm.com.ar\/inicio\/#\/schema\/person\/image\/\",\"url\":\"https:\/\/secure.gravatar.com\/avatar\/c331d312b5243fb64d5ba28108a447b27c925295129a363082c9ea52c28d32c2?s=96&d=mm&r=g\",\"contentUrl\":\"https:\/\/secure.gravatar.com\/avatar\/c331d312b5243fb64d5ba28108a447b27c925295129a363082c9ea52c28d32c2?s=96&d=mm&r=g\",\"caption\":\"admin\"},\"sameAs\":[\"https:\/\/gysfm.com.ar\/inicio\"],\"url\":\"https:\/\/gysfm.com.ar\/inicio\/author\/admin\/\"}]}<\/script>\n<!-- \/ Yoast SEO plugin. -->","yoast_head_json":{"title":"cu\u00e1nto cobrar\u00e1n en septiembre tras el acuerdo paritario - GYS NOTICIAS |","robots":{"index":"index","follow":"follow","max-snippet":"max-snippet:-1","max-image-preview":"max-image-preview:large","max-video-preview":"max-video-preview:-1"},"canonical":"https:\/\/gysfm.com.ar\/inicio\/cuanto-cobraran-en-septiembre-tras-el-acuerdo-paritario\/","og_locale":"es_ES","og_type":"article","og_title":"cu\u00e1nto cobrar\u00e1n en septiembre tras el acuerdo paritario - GYS NOTICIAS |","og_description":"28 de agosto 2026 &#8211; 10:51 El nuevo esquema salarial contempla un aumento del 1,8% para septiembre y la incorporaci\u00f3n al b\u00e1sico de una parte de la suma no remunerativa otorgada en agosto. El Ministerio de Capital Humano confirm\u00f3 d\u00edas atr\u00e1s, a trav\u00e9s de la Secretar\u00eda de Trabajo, Empleo y Seguridad Social, una nueva actualizaci\u00f3n [&hellip;]","og_url":"https:\/\/gysfm.com.ar\/inicio\/cuanto-cobraran-en-septiembre-tras-el-acuerdo-paritario\/","og_site_name":"GYS NOTICIAS |","article_published_time":"2026-08-28T19:24:19+00:00","og_image":[{"url":"https:\/\/media.ambito.com\/p\/d268c1274925bd609fd74f433e802e01\/adjuntos\/239\/imagenes\/043\/574\/0043574087\/93x52\/812x467:832x487\/yen-japon.jpg","type":"","width":"","height":""}],"author":"admin","twitter_card":"summary_large_image","twitter_misc":{"Escrito por":"admin","Tiempo de lectura":"3 minutos"},"schema":{"@context":"https:\/\/schema.org","@graph":[{"@type":"Article","@id":"https:\/\/gysfm.com.ar\/inicio\/cuanto-cobraran-en-septiembre-tras-el-acuerdo-paritario\/#article","isPartOf":{"@id":"https:\/\/gysfm.com.ar\/inicio\/cuanto-cobraran-en-septiembre-tras-el-acuerdo-paritario\/"},"author":{"name":"admin","@id":"https:\/\/gysfm.com.ar\/inicio\/#\/schema\/person\/5bedd7ecd35cc35548d89effafa23696"},"headline":"cu\u00e1nto cobrar\u00e1n en septiembre tras el acuerdo paritario","datePublished":"2026-08-28T19:24:19+00:00","mainEntityOfPage":{"@id":"https:\/\/gysfm.com.ar\/inicio\/cuanto-cobraran-en-septiembre-tras-el-acuerdo-paritario\/"},"wordCount":573,"publisher":{"@id":"https:\/\/gysfm.com.ar\/inicio\/#organization"},"image":{"@id":"https:\/\/gysfm.com.ar\/inicio\/cuanto-cobraran-en-septiembre-tras-el-acuerdo-paritario\/#primaryimage"},"thumbnailUrl":"https:\/\/gysfm.com.ar\/inicio\/wp-content\/uploads\/2026\/08\/empleada-domestica-limpieza.jpg","articleSection":["ECONOMIA"],"inLanguage":"es"},{"@type":"WebPage","@id":"https:\/\/gysfm.com.ar\/inicio\/cuanto-cobraran-en-septiembre-tras-el-acuerdo-paritario\/","url":"https:\/\/gysfm.com.ar\/inicio\/cuanto-cobraran-en-septiembre-tras-el-acuerdo-paritario\/","name":"cu\u00e1nto cobrar\u00e1n en septiembre tras el acuerdo paritario - GYS NOTICIAS |","isPartOf":{"@id":"https:\/\/gysfm.com.ar\/inicio\/#website"},"primaryImageOfPage":{"@id":"https:\/\/gysfm.com.ar\/inicio\/cuanto-cobraran-en-septiembre-tras-el-acuerdo-paritario\/#primaryimage"},"image":{"@id":"https:\/\/gysfm.com.ar\/inicio\/cuanto-cobraran-en-septiembre-tras-el-acuerdo-paritario\/#primaryimage"},"thumbnailUrl":"https:\/\/gysfm.com.ar\/inicio\/wp-content\/uploads\/2026\/08\/empleada-domestica-limpieza.jpg","datePublished":"2026-08-28T19:24:19+00:00","breadcrumb":{"@id":"https:\/\/gysfm.com.ar\/inicio\/cuanto-cobraran-en-septiembre-tras-el-acuerdo-paritario\/#breadcrumb"},"inLanguage":"es","potentialAction":[{"@type":"ReadAction","target":["https:\/\/gysfm.com.ar\/inicio\/cuanto-cobraran-en-septiembre-tras-el-acuerdo-paritario\/"]}]},{"@type":"ImageObject","inLanguage":"es","@id":"https:\/\/gysfm.com.ar\/inicio\/cuanto-cobraran-en-septiembre-tras-el-acuerdo-paritario\/#primaryimage","url":"https:\/\/gysfm.com.ar\/inicio\/wp-content\/uploads\/2026\/08\/empleada-domestica-limpieza.jpg","contentUrl":"https:\/\/gysfm.com.ar\/inicio\/wp-content\/uploads\/2026\/08\/empleada-domestica-limpieza.jpg","width":1200,"height":675},{"@type":"BreadcrumbList","@id":"https:\/\/gysfm.com.ar\/inicio\/cuanto-cobraran-en-septiembre-tras-el-acuerdo-paritario\/#breadcrumb","itemListElement":[{"@type":"ListItem","position":1,"name":"Portada","item":"https:\/\/gysfm.com.ar\/inicio\/"},{"@type":"ListItem","position":2,"name":"cu\u00e1nto cobrar\u00e1n en septiembre tras el acuerdo paritario"}]},{"@type":"WebSite","@id":"https:\/\/gysfm.com.ar\/inicio\/#website","url":"https:\/\/gysfm.com.ar\/inicio\/","name":"GYS NOTICIAS |","description":"DIARIO - RADIO ONLINE SAN JUAN ARGENTINA","publisher":{"@id":"https:\/\/gysfm.com.ar\/inicio\/#organization"},"potentialAction":[{"@type":"SearchAction","target":{"@type":"EntryPoint","urlTemplate":"https:\/\/gysfm.com.ar\/inicio\/?s={search_term_string}"},"query-input":{"@type":"PropertyValueSpecification","valueRequired":true,"valueName":"search_term_string"}}],"inLanguage":"es"},{"@type":"Organization","@id":"https:\/\/gysfm.com.ar\/inicio\/#organization","name":"GYS NOTICIAS |","url":"https:\/\/gysfm.com.ar\/inicio\/","logo":{"@type":"ImageObject","inLanguage":"es","@id":"https:\/\/gysfm.com.ar\/inicio\/#\/schema\/logo\/image\/","url":"https:\/\/gysfm.com.ar\/inicio\/wp-content\/uploads\/2023\/07\/LOGOGYS-OK.png","contentUrl":"https:\/\/gysfm.com.ar\/inicio\/wp-content\/uploads\/2023\/07\/LOGOGYS-OK.png","width":1170,"height":872,"caption":"GYS NOTICIAS |"},"image":{"@id":"https:\/\/gysfm.com.ar\/inicio\/#\/schema\/logo\/image\/"}},{"@type":"Person","@id":"https:\/\/gysfm.com.ar\/inicio\/#\/schema\/person\/5bedd7ecd35cc35548d89effafa23696","name":"admin","image":{"@type":"ImageObject","inLanguage":"es","@id":"https:\/\/gysfm.com.ar\/inicio\/#\/schema\/person\/image\/","url":"https:\/\/secure.gravatar.com\/avatar\/c331d312b5243fb64d5ba28108a447b27c925295129a363082c9ea52c28d32c2?s=96&d=mm&r=g","contentUrl":"https:\/\/secure.gravatar.com\/avatar\/c331d312b5243fb64d5ba28108a447b27c925295129a363082c9ea52c28d32c2?s=96&d=mm&r=g","caption":"admin"},"sameAs":["https:\/\/gysfm.com.ar\/inicio"],"url":"https:\/\/gysfm.com.ar\/inicio\/author\/admin\/"}]}},"_links":{"self":[{"href":"https:\/\/gysfm.com.ar\/inicio\/wp-json\/wp\/v2\/posts\/209689","targetHints":{"allow":["GET"]}}],"collection":[{"href":"https:\/\/gysfm.com.ar\/inicio\/wp-json\/wp\/v2\/posts"}],"about":[{"href":"https:\/\/gysfm.com.ar\/inicio\/wp-json\/wp\/v2\/types\/post"}],"author":[{"embeddable":true,"href":"https:\/\/gysfm.com.ar\/inicio\/wp-json\/wp\/v2\/users\/1"}],"replies":[{"embeddable":true,"href":"https:\/\/gysfm.com.ar\/inicio\/wp-json\/wp\/v2\/comments?post=209689"}],"version-history":[{"count":0,"href":"https:\/\/gysfm.com.ar\/inicio\/wp-json\/wp\/v2\/posts\/209689\/revisions"}],"wp:featuredmedia":[{"embeddable":true,"href":"https:\/\/gysfm.com.ar\/inicio\/wp-json\/wp\/v2\/media\/209690"}],"wp:attachment":[{"href":"https:\/\/gysfm.com.ar\/inicio\/wp-json\/wp\/v2\/media?parent=209689"}],"wp:term":[{"taxonomy":"category","embeddable":true,"href":"https:\/\/gysfm.com.ar\/inicio\/wp-json\/wp\/v2\/categories?post=209689"},{"taxonomy":"post_tag","embeddable":true,"href":"https:\/\/gysfm.com.ar\/inicio\/wp-json\/wp\/v2\/tags?post=209689"}],"curies":[{"name":"wp","href":"https:\/\/api.w.org\/{rel}","templated":true}]}}