{"id":209678,"date":"2026-08-28T14:26:29","date_gmt":"2026-08-28T17:26:29","guid":{"rendered":"https:\/\/gysfm.com.ar\/inicio\/catastrofe-en-nepal-que-se-sabe-de-las-causas-del-alud-y-el-impacto-que-tuvo-el-cambio-climatico\/"},"modified":"2026-08-28T14:26:30","modified_gmt":"2026-08-28T17:26:30","slug":"catastrofe-en-nepal-que-se-sabe-de-las-causas-del-alud-y-el-impacto-que-tuvo-el-cambio-climatico","status":"publish","type":"post","link":"https:\/\/gysfm.com.ar\/inicio\/catastrofe-en-nepal-que-se-sabe-de-las-causas-del-alud-y-el-impacto-que-tuvo-el-cambio-climatico\/","title":{"rendered":"Cat\u00e1strofe en Nepal: qu\u00e9 se sabe de las causas del alud y el impacto que tuvo el cambio clim\u00e1tico"},"content":{"rendered":"<p> <br \/>\n<\/p>\n<div>\n<p class=\"com-paragraph --capital --s\">BENGALURU, India.\u2014 La<a href=\"https:\/\/www.lanacion.com.ar\/el-mundo\/suben-a-270-los-muertos-en-nepal-por-las-inundaciones-que-arrasaron-pueblos-nid27082026\/\" target=\"_self\" title=\"https:\/\/www.lanacion.com.ar\/el-mundo\/suben-a-270-los-muertos-en-nepal-por-las-inundaciones-que-arrasaron-pueblos-nid27082026\/\" class=\"com-link break-word\" data-mrf-recirculation=\"n_link_parrafo\"> <strong>devastadora inundaci\u00f3n repentina que azot\u00f3 Nepal<\/strong> <\/a>el mi\u00e9rcoles probablemente fue <strong>causada por un enorme fragmento de glaciar que se desprendi\u00f3 y repres\u00f3 temporalmente un r\u00edo<\/strong>, seg\u00fan investigaciones preliminares de cient\u00edficos. Esto pudo haber provocado que el <strong>agua acumulada descendiera con una fuerza descomunal horas despu\u00e9s<\/strong>, sugirieron.<\/p>\n<p class=\"com-paragraph --s\">Los cient\u00edficos a\u00fan est\u00e1n recopilando informaci\u00f3n a partir de datos satelitales y terrestres para determinar con exactitud<a href=\"https:\/\/www.lanacion.com.ar\/el-mundo\/una-avalancha-de-hielo-y-roca-habria-provocado-las-devastadoras-inundaciones-en-la-frontera-entre-nid26082026\/\" target=\"_self\" title=\"https:\/\/www.lanacion.com.ar\/el-mundo\/una-avalancha-de-hielo-y-roca-habria-provocado-las-devastadoras-inundaciones-en-la-frontera-entre-nid26082026\/\" class=\"com-link break-word\" data-mrf-recirculation=\"n_link_parrafo\"> qu\u00e9 caus\u00f3 la inundaci\u00f3n, <\/a>que <strong>dej\u00f3 al menos 359 muertos <\/strong>y<strong> m\u00e1s de 1400 desaparecidos, entre ellos extranjeros y peregrinos. <\/strong><\/p>\n<p class=\"com-paragraph --s\">El <strong>Servicio Geol\u00f3gico de Estados Unidos inform\u00f3 el mi\u00e9rcoles sobre un derrumbe glaciar de magnitud 5,2<\/strong> que provoc\u00f3 el <strong>arrastre de escombros r\u00edo abajo<\/strong>, con consecuencias catastr\u00f3ficas para las comunidades. Indic\u00f3 que su determinaci\u00f3n se bas\u00f3 en datos de<strong> estaciones s\u00edsmicas cercanas, ondas s\u00edsmicas de largo per\u00edodo<\/strong> e im\u00e1genes satelitales.<\/p>\n<p class=\"com-paragraph --s\"><strong>\u201cUna parte inferior de un glaciar se ha desprendido por completo\u201d<\/strong>, dijo Jakob Steiner, geocient\u00edfico de la Universidad de Graz en Austria, actualmente radicado en Bangladesh. \u201cSi observan las im\u00e1genes, es <strong>como si alguien hubiera cortado con un cuchillo enorme toda la parte inferior y esta se hubiera desprendido<\/strong>\u201d.<\/p>\n<p class=\"com-paragraph --s\">Steiner afirm\u00f3 que <strong>una masa de hielo glacial <\/strong>que cayera desde una gran altura podr\u00eda haberse sentido como la explosi\u00f3n de una bomba, lo que provoc\u00f3 el caos que sigui\u00f3.<\/p>\n<div class=\"content-media\">\n<section role=\"button\" class=\"mod-media   \">\n<figure role=\"button\" tabindex=\"0\" class=\"mod-figure \"><figcaption class=\"mod-figcaption\"><span class=\"com-text --caption --twoxs\">Esta combinaci\u00f3n de im\u00e1genes satelitales distribuidas el 26 de agosto de 2026 y publicadas por Planet Labs muestra una vista a\u00e9rea del r\u00edo Trishuli antes de la gran inundaci\u00f3n del 23 de agosto de 2026 (arriba) y despu\u00e9s de la inundaci\u00f3n del 26 de agosto de 2026 (abajo) en Chappthoke, Nepal<\/span><span class=\"com-text --credit --twoxs\">HANDOUT &#8211; 2026 Planet Labs PBC<\/span><\/figcaption><\/figure>\n<\/section>\n<\/div>\n<p class=\"com-paragraph --s\">Los cient\u00edficos afirmaron que es<strong> demasiado pronto para establecer una conexi\u00f3n directa entre el calentamiento global y la cat\u00e1strofe <\/strong>del mi\u00e9rcoles. Sin embargo, se\u00f1alaron que, a <strong>medida que la temperatura de la Tierra aumenta <\/strong>debido a actividades humanas como la quema de petr\u00f3leo, gas y carb\u00f3n, <strong>se incrementan las probabilidades de que ocurran este tipo de desastres, especialmente en la cordillera del Himalaya<\/strong>, que se est\u00e1 calentando considerablemente m\u00e1s r\u00e1pido que muchas otras partes del mundo.<\/p>\n<p class=\"com-paragraph --s\">\u201c<strong>Debemos ser cautelosos y no establecer una conexi\u00f3n todav\u00eda<\/strong>. Sin embargo, el aumento de las temperaturas est\u00e1 cambiando la regi\u00f3n del Hindu Kush Himalaya y provocando el derretimiento de los glaciares\u201d, afirm\u00f3 Saswat Sanyal, especialista en reducci\u00f3n del riesgo de desastres del Centro Internacional para el Desarrollo Integrado de las Monta\u00f1as, un grupo de investigaci\u00f3n clim\u00e1tica con sede en Katmand\u00fa.<\/p>\n<div class=\"content-media\">\n<section role=\"button\" class=\"mod-media   \">\n<figure role=\"button\" tabindex=\"0\" class=\"mod-figure \"><figcaption class=\"mod-figcaption\"><span class=\"com-text --caption --twoxs\">Destrozos y heridos en Devighat, en el distrito de Nuwakot, Nepal, el jueves 27 de agosto de 2026                                                          (AP\/Niranjan Shrestha)<\/span><span class=\"com-text --credit --twoxs\">Niranjan Shrestha &#8211; AP<\/span><\/figcaption><\/figure>\n<\/section>\n<\/div>\n<p class=\"com-paragraph --s\">Cientos de personas han perdido sus hogares en toda la regi\u00f3n del Himalaya, y las autoridades informaron de<strong> da\u00f1os a gran escala en infraestructuras cr\u00edticas, incluidas represas hidroel\u00e9ctricas, carreteras, edificios y puentes en la regi\u00f3n<\/strong>.<\/p>\n<p><h2 class=\"font-primary font-w-bold text-subheading-lg text-left container-center-100 mb-8\"><span>El repentino aumento del nivel del agua no dio ninguna posibilidad de escapar<\/span><\/h2>\n<\/p>\n<p class=\"com-paragraph --s\">Seg\u00fan investigadores del grupo de investigaci\u00f3n clim\u00e1tica con sede en Katmand\u00fa, los<strong> niveles de agua en los r\u00edos de la regi\u00f3n afectada por las inundaciones aumentaron hasta 9 metros<\/strong> en 30 minutos como resultado del desprendimiento de glaciares aguas arriba.<\/p>\n<p class=\"com-paragraph --s\">\u201cFue una crecida enorme, una oleada de agua gigantesca que se produjo de repente\u201d, dijo Sanyal.<\/p>\n<p class=\"com-paragraph --s\">Las evidencias preliminares sugieren que un gran volumen de hielo y rocas pudo haberse precipitado al Lhende Khola, un afluente del r\u00edo Bhote Koshi. Los investigadores indicaron que el derrumbe pudo haber desplazado el agua y arrastrado sedimentos y rocas sueltas, produciendo una fuerte crecida r\u00edo abajo. Los investigadores tambi\u00e9n est\u00e1n analizando si los escombros represaron temporalmente el r\u00edo antes de que el agua acumulada se desbordara, intensificando as\u00ed la inundaci\u00f3n.<\/p>\n<div class=\"content-media cursor-pointer container-center-100\">\n<section class=\"media-container relative ratio-16-9 mod-media pb-32\">\n<figure class=\"mod-video\">\n<div class=\"video-player bg-black ratio-16-9\" data-has-jwplayer=\"true\" data-video-id-jw=\"UDz3eqdC\" data-config=\"{&quot;title&quot;:&quot;GIF Nepal&quot;,&quot;mediaId&quot;:&quot;UDz3eqdC&quot;,&quot;playerId&quot;:&quot;ih0086X3&quot;,&quot;playlist&quot;:[{&quot;mediaid&quot;:&quot;UDz3eqdC&quot;,&quot;sources&quot;:[{&quot;file&quot;:&quot;https:\/\/cdn.jwplayer.com\/manifests\/UDz3eqdC.m3u8&quot;,&quot;type&quot;:&quot;application\/vnd.apple.mpegurl&quot;},{&quot;bitrate&quot;:587250,&quot;file&quot;:&quot;https:\/\/cdn.jwplayer.com\/videos\/UDz3eqdC-kTExGaWf.mp4&quot;,&quot;filesize&quot;:440438,&quot;framerate&quot;:60,&quot;height&quot;:214,&quot;label&quot;:&quot;180p&quot;,&quot;type&quot;:&quot;video\/mp4&quot;,&quot;width&quot;:320},{&quot;bitrate&quot;:835100,&quot;file&quot;:&quot;https:\/\/cdn.jwplayer.com\/videos\/UDz3eqdC-K8B0kybS.mp4&quot;,&quot;filesize&quot;:626325,&quot;framerate&quot;:60,&quot;height&quot;:320,&quot;label&quot;:&quot;270p&quot;,&quot;type&quot;:&quot;video\/mp4&quot;,&quot;width&quot;:480},{&quot;bitrate&quot;:119069,&quot;file&quot;:&quot;https:\/\/cdn.jwplayer.com\/videos\/UDz3eqdC-hz5z2Tv4.m4a&quot;,&quot;filesize&quot;:89302,&quot;label&quot;:&quot;AAC Audio&quot;,&quot;type&quot;:&quot;audio\/mp4&quot;},{&quot;bitrate&quot;:1119369,&quot;file&quot;:&quot;https:\/\/cdn.jwplayer.com\/videos\/UDz3eqdC-FnZGUVnC.mp4&quot;,&quot;filesize&quot;:839527,&quot;framerate&quot;:60,&quot;height&quot;:428,&quot;label&quot;:&quot;360p&quot;,&quot;type&quot;:&quot;video\/mp4&quot;,&quot;width&quot;:640}]}],&quot;hasAutoplay&quot;:false,&quot;autostart&quot;:true,&quot;tagsUrl&quot;:&quot;https:\/\/pubads.g.doubleclick.net\/gampad\/ads?slotname=\/133919216\/la_nacion_video\/nota\/preroll&amp;sz=640x480|400x300&amp;ciu_szs=300x250&amp;unviewed_position_start=1&amp;output=vast&amp;impl=s&amp;env=vp&amp;gdfp_req=1&amp;ad_rule=0&amp;vad_type=linear&amp;vpos=preroll&amp;cust_params=tags_nuevos%3Dte_nepal%2Cte_cambio_climatico%2Cca_el_mundo%2C%2C44PKOJF6I5HLTMYYC5AS27T7OU&amp;pod=3&amp;ppos=1&amp;lip=true&amp;min_ad_duration=0&amp;max_ad_duration=30000&amp;vrid=6256&amp;url=https%3A%2F%2Fwww.lanacion.com.ar%2Fel-mundo%2Fcatastrofe-en-nepal-que-se-sabe-de-la-causas-del-alud-y-el-impacto-que-tuvo-el-cambio-climatico-nid27082026%2F%3Fvariant%3DA&amp;description_url=https%3A%2F%2Fwww.lanacion.com.ar%2Fel-mundo%2Fcatastrofe-en-nepal-que-se-sabe-de-la-causas-del-alud-y-el-impacto-que-tuvo-el-cambio-climatico-nid27082026%2F%3Fvariant%3DA&amp;video_doc_id=short_onecue&amp;cmsid=496&amp;kfa=0&amp;tfcd=0&amp;correlator=1787937116331&quot;,&quot;arcSite&quot;:&quot;la-nacion-ar&quot;,&quot;duration&quot;:&quot;6000&quot;}\">\n<div id=\"facade-UDz3eqdC\" class=\"content-facade-jw relative bg-black ratio-16-9\"><picture><source media=\"(max-width: 767px)\" srcset=\"https:\/\/www.lanacion.com.ar\/resizer\/v2\/https%3A%2F%2Fcdn.jwplayer.com%2Fv2%2Fmedia%2FUDz3eqdC%2Fposter.jpg%3Fwidth%3D720?auth=81e55b122b1c82c07e19f2c882bc634caa1c18797fe78136eb2572d819706f16&amp;width=480&amp;quality=70&amp;smart=false\"\/><\/picture><\/div>\n<\/div><figcaption class=\"border border-1 border-bottom border-light-300 relative px-16 py-8 min-h-36 w-100_md px-0_l mb-8 bg-white\"><span class=\"text ln-text text-16 block\">GIF Nepal<\/span><\/figcaption><\/figure>\n<\/section>\n<\/div>\n<p class=\"com-paragraph --s\">Steiner afirm\u00f3 que la zona tiene un historial de desastres naturales de monta\u00f1a. En 2025, inundaciones originadas por un lago glaciar azotaron el mismo valle, mientras que en 2024 se produjo una avalancha de hielo y rocas en otra parte de la zona. La regi\u00f3n de Langtang, en general, tambi\u00e9n sufri\u00f3 devastadoras avalanchas durante el terremoto de Nepal de 2015.<\/p>\n<p><h2 class=\"font-primary font-w-bold text-subheading-lg text-left container-center-100 mb-8\"><span>El cambio clim\u00e1tico aumenta los riesgos en el Himalaya<\/span><\/h2>\n<\/p>\n<p class=\"com-paragraph --s\">Seg\u00fan los cient\u00edficos clim\u00e1ticos, el Hindu Kush Himalaya se est\u00e1 calentando r\u00e1pidamente, lo que provoca cambios importantes en los glaciares, la capa de nieve, el permafrost y las laderas de las monta\u00f1as.<\/p>\n<p class=\"com-paragraph --s\">Las monta\u00f1as albergan el mayor volumen de nieve y hielo fuera de las regiones polares. M\u00e1s de 63.000 glaciares en la zona alimentan al menos 10 importantes sistemas fluviales asi\u00e1ticos y garantizan la seguridad alimentaria, h\u00eddrica, energ\u00e9tica y el sustento de miles de millones de personas.<\/p>\n<p class=\"com-paragraph --s\">Sin embargo, alrededor del 78% de la superficie glaciar, situada entre los 4.500 y los 6.000 metros sobre el nivel del mar, est\u00e1 altamente expuesta al calentamiento.<\/p>\n<div class=\"content-media cursor-pointer container-center-100\">\n<section class=\"media-container relative ratio-16-9 mod-media pb-32\">\n<figure class=\"mod-video\">\n<div class=\"video-player bg-black ratio-16-9\" data-has-jwplayer=\"true\" data-video-id-jw=\"rAqpXkbW\" data-config=\"{&quot;title&quot;:&quot;Un alud masivo de lodo golpe\u00f3 el puerto de Gyirong en la frontera entre China y Nepal&quot;,&quot;mediaId&quot;:&quot;rAqpXkbW&quot;,&quot;playerId&quot;:&quot;ih0086X3&quot;,&quot;playlist&quot;:[{&quot;mediaid&quot;:&quot;rAqpXkbW&quot;,&quot;sources&quot;:[{&quot;file&quot;:&quot;https:\/\/cdn.jwplayer.com\/manifests\/rAqpXkbW.m3u8&quot;,&quot;type&quot;:&quot;application\/vnd.apple.mpegurl&quot;},{&quot;bitrate&quot;:462122,&quot;file&quot;:&quot;https:\/\/cdn.jwplayer.com\/videos\/rAqpXkbW-kTExGaWf.mp4&quot;,&quot;filesize&quot;:3870277,&quot;framerate&quot;:30,&quot;height&quot;:180,&quot;label&quot;:&quot;180p&quot;,&quot;type&quot;:&quot;video\/mp4&quot;,&quot;width&quot;:320},{&quot;bitrate&quot;:700720,&quot;file&quot;:&quot;https:\/\/cdn.jwplayer.com\/videos\/rAqpXkbW-K8B0kybS.mp4&quot;,&quot;filesize&quot;:5868533,&quot;framerate&quot;:30,&quot;height&quot;:270,&quot;label&quot;:&quot;270p&quot;,&quot;type&quot;:&quot;video\/mp4&quot;,&quot;width&quot;:480},{&quot;bitrate&quot;:114346,&quot;file&quot;:&quot;https:\/\/cdn.jwplayer.com\/videos\/rAqpXkbW-hz5z2Tv4.m4a&quot;,&quot;filesize&quot;:957653,&quot;label&quot;:&quot;AAC Audio&quot;,&quot;type&quot;:&quot;audio\/mp4&quot;},{&quot;bitrate&quot;:907965,&quot;file&quot;:&quot;https:\/\/cdn.jwplayer.com\/videos\/rAqpXkbW-FnZGUVnC.mp4&quot;,&quot;filesize&quot;:7604215,&quot;framerate&quot;:30,&quot;height&quot;:360,&quot;label&quot;:&quot;360p&quot;,&quot;type&quot;:&quot;video\/mp4&quot;,&quot;width&quot;:640}]}],&quot;hasAutoplay&quot;:false,&quot;autostart&quot;:true,&quot;tagsUrl&quot;:&quot;https:\/\/pubads.g.doubleclick.net\/gampad\/ads?slotname=\/133919216\/la_nacion_video\/nota\/preroll&amp;sz=640x480|400x300&amp;ciu_szs=300x250&amp;unviewed_position_start=1&amp;output=vast&amp;impl=s&amp;env=vp&amp;gdfp_req=1&amp;ad_rule=0&amp;vad_type=linear&amp;vpos=preroll&amp;cust_params=tags_nuevos%3Dte_nepal%2Cte_cambio_climatico%2Cca_el_mundo%2C%2C44PKOJF6I5HLTMYYC5AS27T7OU&amp;pod=3&amp;ppos=1&amp;lip=true&amp;min_ad_duration=0&amp;max_ad_duration=30000&amp;vrid=6256&amp;url=https%3A%2F%2Fwww.lanacion.com.ar%2Fel-mundo%2Fcatastrofe-en-nepal-que-se-sabe-de-la-causas-del-alud-y-el-impacto-que-tuvo-el-cambio-climatico-nid27082026%2F%3Fvariant%3DA&amp;description_url=https%3A%2F%2Fwww.lanacion.com.ar%2Fel-mundo%2Fcatastrofe-en-nepal-que-se-sabe-de-la-causas-del-alud-y-el-impacto-que-tuvo-el-cambio-climatico-nid27082026%2F%3Fvariant%3DA&amp;video_doc_id=short_onecue&amp;cmsid=496&amp;kfa=0&amp;tfcd=0&amp;correlator=1787937116331&quot;,&quot;arcSite&quot;:&quot;la-nacion-ar&quot;,&quot;duration&quot;:&quot;67000&quot;}\">\n<div id=\"facade-rAqpXkbW\" class=\"content-facade-jw relative bg-black ratio-16-9\"><picture><source media=\"(max-width: 767px)\" srcset=\"https:\/\/www.lanacion.com.ar\/resizer\/v2\/https%3A%2F%2Fcdn.jwplayer.com%2Fv2%2Fmedia%2FrAqpXkbW%2Fposter.jpg%3Fwidth%3D720?auth=7fe31f2316c33844d52bc6c1d3c673513943e18bd8049ef08ec31afd3fc04bee&amp;width=480&amp;quality=70&amp;smart=false\"\/><img class=\"image com-image flex --cover\" decoding=\"async\" fetchpriority=\"low\" loading=\"lazy\" src=\"https:\/\/gysfm.com.ar\/inicio\/wp-content\/uploads\/2026\/08\/https:\/\/cdn.jwplayer.com\/v2\/media\/rAqpXkbW\/poster.jpg\" alt=\"Un alud masivo de lodo golpe\u00f3 el puerto de Gyirong en la frontera entre China y Nepal\"\/><\/picture><\/div>\n<\/div><figcaption class=\"border border-1 border-bottom border-light-300 relative px-16 py-8 min-h-36 w-100_md px-0_l mb-8 bg-white\"><span class=\"text ln-text text-16 block\">Un alud masivo de lodo golpe\u00f3 el puerto de Gyirong en la frontera entre China y Nepal<\/span><\/figcaption><\/figure>\n<\/section>\n<\/div>\n<p class=\"com-paragraph --s\">\u201cLo que sucedi\u00f3 ayer es, lamentablemente, la nueva normalidad. La situaci\u00f3n va a empeorar a partir de ahora\u201d, dijo Steiner.<\/p>\n<p class=\"com-paragraph --s\">La \u00faltima d\u00e9cada fue el per\u00edodo plurianual m\u00e1s caluroso a nivel mundial desde que se tienen registros, y 2024 fue el a\u00f1o m\u00e1s c\u00e1lido jam\u00e1s registrado. Informes de las Naciones Unidas revelaron que, entre 2000 y 2019, los glaciares perdieron 267 gigatoneladas de hielo por a\u00f1o, lo que equivale aproximadamente a la masa de 46.500 pir\u00e1mides de Giza.<\/p>\n<p class=\"com-paragraph --s\">En un mundo que se calienta, los informes proyectan la p\u00e9rdida de hasta el 50% de todos los glaciares \u2014excluyendo los de Groenlandia y la Ant\u00e1rtida\u2014 para el a\u00f1o 2100, incluso si el calentamiento global se puede limitar a 1,5 grados Celsius (2,7 grados Fahrenheit).<\/p>\n<p class=\"com-paragraph --s\">Las pol\u00edticas globales actuales sit\u00faan a la Tierra en una trayectoria que la encaminar\u00e1 a un calentamiento de aproximadamente 2,8 grados Celsius (5 grados Fahrenheit) por encima de los niveles preindustriales para finales de siglo.<\/p>\n<p class=\"com-paragraph --s\">Una investigaci\u00f3n realizada por un grupo con sede en Katmand\u00fa ha descubierto que los glaciares de estas monta\u00f1as se est\u00e1n derritiendo a un ritmo acelerado, y que la tasa de p\u00e9rdida de hielo se ha duplicado desde el a\u00f1o 2000.<\/p>\n<p class=\"com-paragraph --s\">El deshielo de los glaciares puede alimentar y agrandar los lagos glaciares, aumentando as\u00ed el riesgo de inundaciones repentinas.<\/p>\n<p class=\"com-paragraph --s\">A medida que los glaciares retroceden, las rocas de las monta\u00f1as, que antes estaban aisladas y sostenidas por el hielo, quedan expuestas a temperaturas m\u00e1s c\u00e1lidas, lluvia y ciclos repetidos de congelaci\u00f3n y descongelaci\u00f3n. El permafrost \u2014el suelo que ha permanecido congelado durante a\u00f1os\u2014 tambi\u00e9n puede descongelarse, debilitando las paredes y laderas rocosas.<\/p>\n<div class=\"content-media\">\n<section role=\"button\" class=\"mod-media   \">\n<figure role=\"button\" tabindex=\"0\" class=\"mod-figure \"><figcaption class=\"mod-figcaption\"><span class=\"com-text --caption --twoxs\">Polic\u00edas nepal\u00edes observan mientras la maquinaria retira escombros tras inundaciones repentinas en el distrito de Nuwakot, en Nepal, el 27 de agosto de 2026. (AP Foto\/Niranjan Shrestha)<\/span><span class=\"com-text --credit --twoxs\">Niranjan Shrestha &#8211; AP<\/span><\/figcaption><\/figure>\n<\/section>\n<\/div>\n<p class=\"com-paragraph --s\">\u201cAumentan las probabilidades de que el material comience a deslizarse desde las monta\u00f1as\u201d, dijo Steiner.<\/p>\n<p class=\"com-paragraph --s\">Sanyal afirm\u00f3 que ese podr\u00eda ser el tipo de efecto domin\u00f3 que provoc\u00f3 lo sucedido el mi\u00e9rcoles en Nepal: una avalancha o el derrumbe de un glaciar que se convierte en un flujo de escombros, el bloqueo de un r\u00edo y una devastadora inundaci\u00f3n repentina.<\/p>\n<p><h2 class=\"font-primary font-w-bold text-subheading-lg text-left container-center-100 mb-8\"><span>El r\u00e1pido crecimiento y la falta de advertencias agravan el desastre<\/span><\/h2>\n<\/p>\n<p class=\"com-paragraph --s\">Steiner afirm\u00f3 que aproximadamente el 10 % de la producci\u00f3n de energ\u00eda de Nepal se concentra en el valle afectado por el \u00faltimo desastre. A\u00f1adi\u00f3 que las repetidas p\u00e9rdidas plantean dudas sobre si se han tomado las medidas suficientes para instalar sistemas de alerta para residentes y visitantes tras inundaciones y avalanchas anteriores.<\/p>\n<p class=\"com-paragraph --s\">El paisaje del pa\u00eds ha sido durante mucho tiempo un gran atractivo para los turistas, y en los \u00faltimos a\u00f1os m\u00e1s de un mill\u00f3n de personas lo han visitado anualmente.<\/p>\n<p class=\"com-paragraph --s\">Los cient\u00edficos afirman que unos sistemas de alerta temprana m\u00e1s robustos, una mejor vigilancia y un intercambio de informaci\u00f3n transfronterizo m\u00e1s r\u00e1pido ser\u00e1n cada vez m\u00e1s importantes a medida que aumenten las temperaturas y los paisajes de monta\u00f1a se vuelvan menos estables.<\/p>\n<div class=\"content-media\">\n<section role=\"button\" class=\"mod-media   \">\n<figure role=\"button\" tabindex=\"0\" class=\"mod-figure \"><figcaption class=\"mod-figcaption\"><span class=\"com-text --caption --twoxs\">Personal de rescate traslada a una persona afectada por las inundaciones repentinas en Devghat, en el distrito nepal\u00ed de Nuwakot, el 26 de agosto de 2026  (Prakash Mathema\/ AFP)<\/span><span class=\"com-text --credit --twoxs\">PRAKASH MATHEMA &#8211; AFP<\/span><\/figcaption><\/figure>\n<\/section>\n<\/div>\n<p class=\"com-paragraph --s\">Pero la vigilancia de miles de glaciares, pendientes pronunciadas y valles fluviales a lo largo del arco del Himalaya es extremadamente dif\u00edcil.<\/p>\n<p class=\"com-paragraph --s\">Y cuando se desencadenan desastres en cadena, puede que solo haya minutos para actuar.<\/p>\n<p class=\"com-paragraph --s\">\u201cNo tenemos horas\u201d, dijo Sanyal. \u201cA veces solo tenemos unos minutos para prepararnos\u201d.<\/p>\n<p class=\"com-paragraph --s\">Steiner afirm\u00f3 que ya se ha llegado a una \u201cl\u00ednea roja\u201d, donde algunas regiones de Nepal son demasiado peligrosas para vivir.<\/p>\n<p class=\"com-paragraph --s\">\u201cEsper\u00e1bamos que desastres similares anteriores sirvieran de llamada de atenci\u00f3n para los gobiernos de la regi\u00f3n del Himalaya, pero resulta un poco frustrante que los da\u00f1os nunca parezcan ser lo suficientemente terribles\u201d, dijo Steiner.<\/p>\n<p class=\"com-paragraph --s\">\u201cNo soy muy optimista respecto a que a partir de ma\u00f1ana haya soluciones claras\u201d, a\u00f1adi\u00f3. \u201cSabemos lo que se puede hacer, pero las distintas partes interesadas deben coordinarse para que las cosas sucedan\u201d.<\/p>\n<p class=\"com-paragraph --s\"><strong>Agencia AP<\/strong><\/p>\n<section class=\"container-center-100 mb-40 border border-bottom border-thin border-neutral-light-700\">\n<hr\/>\n<\/section>\n<\/div>\n<p><script id=\"facebookpixel\" defer=\"\" type=\"text\/javascript\">\n        !function(f,b,e,v,n,t,s)\n        {if(f.fbq)return;n=f.fbq=function(){n.callMethod?\n        n.callMethod.apply(n,arguments):n.queue.push(arguments)};\n        if(!f._fbq)f._fbq=n;n.push=n;n.loaded=!0;n.version='2.0';\n        n.queue=[];t=b.createElement(e);t.async=!0;\n        t.src=v;s=b.getElementsByTagName(e)[0];\n        s.parentNode.insertBefore(t,s)}(window, document,'script',\n        'https:\/\/connect.facebook.net\/en_US\/fbevents.js');\n        fbq('init', '492459597522335');\n        fbq('track', 'PageView');\n    <\/script><br \/>\n<br \/><\/p>\n","protected":false},"excerpt":{"rendered":"<p>BENGALURU, India.\u2014 La devastadora inundaci\u00f3n repentina que azot\u00f3 Nepal el mi\u00e9rcoles probablemente fue causada por un enorme fragmento de glaciar que se desprendi\u00f3 y repres\u00f3 temporalmente un r\u00edo, seg\u00fan investigaciones preliminares de cient\u00edficos. Esto pudo haber provocado que el agua acumulada descendiera con una fuerza descomunal horas despu\u00e9s, sugirieron. Los cient\u00edficos a\u00fan est\u00e1n recopilando informaci\u00f3n [&hellip;]<\/p>\n","protected":false},"author":2,"featured_media":209679,"comment_status":"closed","ping_status":"closed","sticky":false,"template":"","format":"standard","meta":{"footnotes":""},"categories":[26],"tags":[],"class_list":["post-209678","post","type-post","status-publish","format-standard","has-post-thumbnail","hentry","category-internacionales"],"yoast_head":"<!-- This site is optimized with the Yoast SEO plugin v24.4 - https:\/\/yoast.com\/wordpress\/plugins\/seo\/ -->\n<title>Cat\u00e1strofe en Nepal: qu\u00e9 se sabe de las causas del alud y el impacto que tuvo el cambio clim\u00e1tico - GYS NOTICIAS |<\/title>\n<meta name=\"robots\" content=\"index, follow, max-snippet:-1, max-image-preview:large, max-video-preview:-1\" \/>\n<link rel=\"canonical\" href=\"https:\/\/gysfm.com.ar\/inicio\/catastrofe-en-nepal-que-se-sabe-de-las-causas-del-alud-y-el-impacto-que-tuvo-el-cambio-climatico\/\" \/>\n<meta property=\"og:locale\" content=\"es_ES\" \/>\n<meta property=\"og:type\" content=\"article\" \/>\n<meta property=\"og:title\" content=\"Cat\u00e1strofe en Nepal: qu\u00e9 se sabe de las causas del alud y el impacto que tuvo el cambio clim\u00e1tico - GYS NOTICIAS |\" \/>\n<meta property=\"og:description\" content=\"BENGALURU, India.\u2014 La devastadora inundaci\u00f3n repentina que azot\u00f3 Nepal el mi\u00e9rcoles probablemente fue causada por un enorme fragmento de glaciar que se desprendi\u00f3 y repres\u00f3 temporalmente un r\u00edo, seg\u00fan investigaciones preliminares de cient\u00edficos. Esto pudo haber provocado que el agua acumulada descendiera con una fuerza descomunal horas despu\u00e9s, sugirieron. Los cient\u00edficos a\u00fan est\u00e1n recopilando informaci\u00f3n [&hellip;]\" \/>\n<meta property=\"og:url\" content=\"https:\/\/gysfm.com.ar\/inicio\/catastrofe-en-nepal-que-se-sabe-de-las-causas-del-alud-y-el-impacto-que-tuvo-el-cambio-climatico\/\" \/>\n<meta property=\"og:site_name\" content=\"GYS NOTICIAS |\" \/>\n<meta property=\"article:published_time\" content=\"2026-08-28T17:26:29+00:00\" \/>\n<meta property=\"article:modified_time\" content=\"2026-08-28T17:26:30+00:00\" \/>\n<meta property=\"og:image\" content=\"https:\/\/gysfm.com.ar\/inicio\/wp-content\/uploads\/2026\/08\/los-residentes-transportan-sus-pertenencias-TRLFA6NEF5DVHBWA5O46FBQS74.jpg\" \/>\n\t<meta property=\"og:image:width\" content=\"1200\" \/>\n\t<meta property=\"og:image:height\" content=\"800\" \/>\n\t<meta property=\"og:image:type\" content=\"image\/jpeg\" \/>\n<meta name=\"author\" content=\"Prensa G&amp;S FM\" \/>\n<meta name=\"twitter:card\" content=\"summary_large_image\" \/>\n<meta name=\"twitter:label1\" content=\"Escrito por\" \/>\n\t<meta name=\"twitter:data1\" content=\"Prensa G&amp;S FM\" \/>\n\t<meta name=\"twitter:label2\" content=\"Tiempo de lectura\" \/>\n\t<meta name=\"twitter:data2\" content=\"8 minutos\" \/>\n<script type=\"application\/ld+json\" class=\"yoast-schema-graph\">{\"@context\":\"https:\/\/schema.org\",\"@graph\":[{\"@type\":\"Article\",\"@id\":\"https:\/\/gysfm.com.ar\/inicio\/catastrofe-en-nepal-que-se-sabe-de-las-causas-del-alud-y-el-impacto-que-tuvo-el-cambio-climatico\/#article\",\"isPartOf\":{\"@id\":\"https:\/\/gysfm.com.ar\/inicio\/catastrofe-en-nepal-que-se-sabe-de-las-causas-del-alud-y-el-impacto-que-tuvo-el-cambio-climatico\/\"},\"author\":{\"name\":\"Prensa G&amp;S FM\",\"@id\":\"https:\/\/gysfm.com.ar\/inicio\/#\/schema\/person\/3abba7593ef2ad19e1be221d54383dc5\"},\"headline\":\"Cat\u00e1strofe en Nepal: qu\u00e9 se sabe de las causas del alud y el impacto que tuvo el cambio clim\u00e1tico\",\"datePublished\":\"2026-08-28T17:26:29+00:00\",\"dateModified\":\"2026-08-28T17:26:30+00:00\",\"mainEntityOfPage\":{\"@id\":\"https:\/\/gysfm.com.ar\/inicio\/catastrofe-en-nepal-que-se-sabe-de-las-causas-del-alud-y-el-impacto-que-tuvo-el-cambio-climatico\/\"},\"wordCount\":1591,\"publisher\":{\"@id\":\"https:\/\/gysfm.com.ar\/inicio\/#organization\"},\"image\":{\"@id\":\"https:\/\/gysfm.com.ar\/inicio\/catastrofe-en-nepal-que-se-sabe-de-las-causas-del-alud-y-el-impacto-que-tuvo-el-cambio-climatico\/#primaryimage\"},\"thumbnailUrl\":\"https:\/\/gysfm.com.ar\/inicio\/wp-content\/uploads\/2026\/08\/los-residentes-transportan-sus-pertenencias-TRLFA6NEF5DVHBWA5O46FBQS74.jpg\",\"articleSection\":[\"INTERNACIONALES\"],\"inLanguage\":\"es\"},{\"@type\":\"WebPage\",\"@id\":\"https:\/\/gysfm.com.ar\/inicio\/catastrofe-en-nepal-que-se-sabe-de-las-causas-del-alud-y-el-impacto-que-tuvo-el-cambio-climatico\/\",\"url\":\"https:\/\/gysfm.com.ar\/inicio\/catastrofe-en-nepal-que-se-sabe-de-las-causas-del-alud-y-el-impacto-que-tuvo-el-cambio-climatico\/\",\"name\":\"Cat\u00e1strofe en Nepal: qu\u00e9 se sabe de las causas del alud y el impacto que tuvo el cambio clim\u00e1tico - GYS NOTICIAS |\",\"isPartOf\":{\"@id\":\"https:\/\/gysfm.com.ar\/inicio\/#website\"},\"primaryImageOfPage\":{\"@id\":\"https:\/\/gysfm.com.ar\/inicio\/catastrofe-en-nepal-que-se-sabe-de-las-causas-del-alud-y-el-impacto-que-tuvo-el-cambio-climatico\/#primaryimage\"},\"image\":{\"@id\":\"https:\/\/gysfm.com.ar\/inicio\/catastrofe-en-nepal-que-se-sabe-de-las-causas-del-alud-y-el-impacto-que-tuvo-el-cambio-climatico\/#primaryimage\"},\"thumbnailUrl\":\"https:\/\/gysfm.com.ar\/inicio\/wp-content\/uploads\/2026\/08\/los-residentes-transportan-sus-pertenencias-TRLFA6NEF5DVHBWA5O46FBQS74.jpg\",\"datePublished\":\"2026-08-28T17:26:29+00:00\",\"dateModified\":\"2026-08-28T17:26:30+00:00\",\"breadcrumb\":{\"@id\":\"https:\/\/gysfm.com.ar\/inicio\/catastrofe-en-nepal-que-se-sabe-de-las-causas-del-alud-y-el-impacto-que-tuvo-el-cambio-climatico\/#breadcrumb\"},\"inLanguage\":\"es\",\"potentialAction\":[{\"@type\":\"ReadAction\",\"target\":[\"https:\/\/gysfm.com.ar\/inicio\/catastrofe-en-nepal-que-se-sabe-de-las-causas-del-alud-y-el-impacto-que-tuvo-el-cambio-climatico\/\"]}]},{\"@type\":\"ImageObject\",\"inLanguage\":\"es\",\"@id\":\"https:\/\/gysfm.com.ar\/inicio\/catastrofe-en-nepal-que-se-sabe-de-las-causas-del-alud-y-el-impacto-que-tuvo-el-cambio-climatico\/#primaryimage\",\"url\":\"https:\/\/gysfm.com.ar\/inicio\/wp-content\/uploads\/2026\/08\/los-residentes-transportan-sus-pertenencias-TRLFA6NEF5DVHBWA5O46FBQS74.jpg\",\"contentUrl\":\"https:\/\/gysfm.com.ar\/inicio\/wp-content\/uploads\/2026\/08\/los-residentes-transportan-sus-pertenencias-TRLFA6NEF5DVHBWA5O46FBQS74.jpg\",\"width\":1200,\"height\":800},{\"@type\":\"BreadcrumbList\",\"@id\":\"https:\/\/gysfm.com.ar\/inicio\/catastrofe-en-nepal-que-se-sabe-de-las-causas-del-alud-y-el-impacto-que-tuvo-el-cambio-climatico\/#breadcrumb\",\"itemListElement\":[{\"@type\":\"ListItem\",\"position\":1,\"name\":\"Portada\",\"item\":\"https:\/\/gysfm.com.ar\/inicio\/\"},{\"@type\":\"ListItem\",\"position\":2,\"name\":\"Cat\u00e1strofe en Nepal: qu\u00e9 se sabe de las causas del alud y el impacto que tuvo el cambio clim\u00e1tico\"}]},{\"@type\":\"WebSite\",\"@id\":\"https:\/\/gysfm.com.ar\/inicio\/#website\",\"url\":\"https:\/\/gysfm.com.ar\/inicio\/\",\"name\":\"GYS NOTICIAS |\",\"description\":\"DIARIO - RADIO ONLINE SAN JUAN ARGENTINA\",\"publisher\":{\"@id\":\"https:\/\/gysfm.com.ar\/inicio\/#organization\"},\"potentialAction\":[{\"@type\":\"SearchAction\",\"target\":{\"@type\":\"EntryPoint\",\"urlTemplate\":\"https:\/\/gysfm.com.ar\/inicio\/?s={search_term_string}\"},\"query-input\":{\"@type\":\"PropertyValueSpecification\",\"valueRequired\":true,\"valueName\":\"search_term_string\"}}],\"inLanguage\":\"es\"},{\"@type\":\"Organization\",\"@id\":\"https:\/\/gysfm.com.ar\/inicio\/#organization\",\"name\":\"GYS NOTICIAS |\",\"url\":\"https:\/\/gysfm.com.ar\/inicio\/\",\"logo\":{\"@type\":\"ImageObject\",\"inLanguage\":\"es\",\"@id\":\"https:\/\/gysfm.com.ar\/inicio\/#\/schema\/logo\/image\/\",\"url\":\"https:\/\/gysfm.com.ar\/inicio\/wp-content\/uploads\/2023\/07\/LOGOGYS-OK.png\",\"contentUrl\":\"https:\/\/gysfm.com.ar\/inicio\/wp-content\/uploads\/2023\/07\/LOGOGYS-OK.png\",\"width\":1170,\"height\":872,\"caption\":\"GYS NOTICIAS |\"},\"image\":{\"@id\":\"https:\/\/gysfm.com.ar\/inicio\/#\/schema\/logo\/image\/\"}},{\"@type\":\"Person\",\"@id\":\"https:\/\/gysfm.com.ar\/inicio\/#\/schema\/person\/3abba7593ef2ad19e1be221d54383dc5\",\"name\":\"Prensa G&amp;S FM\",\"image\":{\"@type\":\"ImageObject\",\"inLanguage\":\"es\",\"@id\":\"https:\/\/gysfm.com.ar\/inicio\/#\/schema\/person\/image\/\",\"url\":\"https:\/\/secure.gravatar.com\/avatar\/096ec78df02049ab018702bb4ccedf659377fa92a26540b5247612077a0dbd29?s=96&d=mm&r=g\",\"contentUrl\":\"https:\/\/secure.gravatar.com\/avatar\/096ec78df02049ab018702bb4ccedf659377fa92a26540b5247612077a0dbd29?s=96&d=mm&r=g\",\"caption\":\"Prensa G&amp;S FM\"},\"sameAs\":[\"https:\/\/gysfm.com.ar\/\"],\"url\":\"https:\/\/gysfm.com.ar\/inicio\/author\/lucasm\/\"}]}<\/script>\n<!-- \/ Yoast SEO plugin. -->","yoast_head_json":{"title":"Cat\u00e1strofe en Nepal: qu\u00e9 se sabe de las causas del alud y el impacto que tuvo el cambio clim\u00e1tico - GYS NOTICIAS |","robots":{"index":"index","follow":"follow","max-snippet":"max-snippet:-1","max-image-preview":"max-image-preview:large","max-video-preview":"max-video-preview:-1"},"canonical":"https:\/\/gysfm.com.ar\/inicio\/catastrofe-en-nepal-que-se-sabe-de-las-causas-del-alud-y-el-impacto-que-tuvo-el-cambio-climatico\/","og_locale":"es_ES","og_type":"article","og_title":"Cat\u00e1strofe en Nepal: qu\u00e9 se sabe de las causas del alud y el impacto que tuvo el cambio clim\u00e1tico - GYS NOTICIAS |","og_description":"BENGALURU, India.\u2014 La devastadora inundaci\u00f3n repentina que azot\u00f3 Nepal el mi\u00e9rcoles probablemente fue causada por un enorme fragmento de glaciar que se desprendi\u00f3 y repres\u00f3 temporalmente un r\u00edo, seg\u00fan investigaciones preliminares de cient\u00edficos. Esto pudo haber provocado que el agua acumulada descendiera con una fuerza descomunal horas despu\u00e9s, sugirieron. Los cient\u00edficos a\u00fan est\u00e1n recopilando informaci\u00f3n [&hellip;]","og_url":"https:\/\/gysfm.com.ar\/inicio\/catastrofe-en-nepal-que-se-sabe-de-las-causas-del-alud-y-el-impacto-que-tuvo-el-cambio-climatico\/","og_site_name":"GYS NOTICIAS |","article_published_time":"2026-08-28T17:26:29+00:00","article_modified_time":"2026-08-28T17:26:30+00:00","og_image":[{"width":1200,"height":800,"url":"https:\/\/gysfm.com.ar\/inicio\/wp-content\/uploads\/2026\/08\/los-residentes-transportan-sus-pertenencias-TRLFA6NEF5DVHBWA5O46FBQS74.jpg","type":"image\/jpeg"}],"author":"Prensa G&amp;S FM","twitter_card":"summary_large_image","twitter_misc":{"Escrito por":"Prensa G&amp;S FM","Tiempo de lectura":"8 minutos"},"schema":{"@context":"https:\/\/schema.org","@graph":[{"@type":"Article","@id":"https:\/\/gysfm.com.ar\/inicio\/catastrofe-en-nepal-que-se-sabe-de-las-causas-del-alud-y-el-impacto-que-tuvo-el-cambio-climatico\/#article","isPartOf":{"@id":"https:\/\/gysfm.com.ar\/inicio\/catastrofe-en-nepal-que-se-sabe-de-las-causas-del-alud-y-el-impacto-que-tuvo-el-cambio-climatico\/"},"author":{"name":"Prensa G&amp;S FM","@id":"https:\/\/gysfm.com.ar\/inicio\/#\/schema\/person\/3abba7593ef2ad19e1be221d54383dc5"},"headline":"Cat\u00e1strofe en Nepal: qu\u00e9 se sabe de las causas del alud y el impacto que tuvo el cambio clim\u00e1tico","datePublished":"2026-08-28T17:26:29+00:00","dateModified":"2026-08-28T17:26:30+00:00","mainEntityOfPage":{"@id":"https:\/\/gysfm.com.ar\/inicio\/catastrofe-en-nepal-que-se-sabe-de-las-causas-del-alud-y-el-impacto-que-tuvo-el-cambio-climatico\/"},"wordCount":1591,"publisher":{"@id":"https:\/\/gysfm.com.ar\/inicio\/#organization"},"image":{"@id":"https:\/\/gysfm.com.ar\/inicio\/catastrofe-en-nepal-que-se-sabe-de-las-causas-del-alud-y-el-impacto-que-tuvo-el-cambio-climatico\/#primaryimage"},"thumbnailUrl":"https:\/\/gysfm.com.ar\/inicio\/wp-content\/uploads\/2026\/08\/los-residentes-transportan-sus-pertenencias-TRLFA6NEF5DVHBWA5O46FBQS74.jpg","articleSection":["INTERNACIONALES"],"inLanguage":"es"},{"@type":"WebPage","@id":"https:\/\/gysfm.com.ar\/inicio\/catastrofe-en-nepal-que-se-sabe-de-las-causas-del-alud-y-el-impacto-que-tuvo-el-cambio-climatico\/","url":"https:\/\/gysfm.com.ar\/inicio\/catastrofe-en-nepal-que-se-sabe-de-las-causas-del-alud-y-el-impacto-que-tuvo-el-cambio-climatico\/","name":"Cat\u00e1strofe en Nepal: qu\u00e9 se sabe de las causas del alud y el impacto que tuvo el cambio clim\u00e1tico - GYS NOTICIAS |","isPartOf":{"@id":"https:\/\/gysfm.com.ar\/inicio\/#website"},"primaryImageOfPage":{"@id":"https:\/\/gysfm.com.ar\/inicio\/catastrofe-en-nepal-que-se-sabe-de-las-causas-del-alud-y-el-impacto-que-tuvo-el-cambio-climatico\/#primaryimage"},"image":{"@id":"https:\/\/gysfm.com.ar\/inicio\/catastrofe-en-nepal-que-se-sabe-de-las-causas-del-alud-y-el-impacto-que-tuvo-el-cambio-climatico\/#primaryimage"},"thumbnailUrl":"https:\/\/gysfm.com.ar\/inicio\/wp-content\/uploads\/2026\/08\/los-residentes-transportan-sus-pertenencias-TRLFA6NEF5DVHBWA5O46FBQS74.jpg","datePublished":"2026-08-28T17:26:29+00:00","dateModified":"2026-08-28T17:26:30+00:00","breadcrumb":{"@id":"https:\/\/gysfm.com.ar\/inicio\/catastrofe-en-nepal-que-se-sabe-de-las-causas-del-alud-y-el-impacto-que-tuvo-el-cambio-climatico\/#breadcrumb"},"inLanguage":"es","potentialAction":[{"@type":"ReadAction","target":["https:\/\/gysfm.com.ar\/inicio\/catastrofe-en-nepal-que-se-sabe-de-las-causas-del-alud-y-el-impacto-que-tuvo-el-cambio-climatico\/"]}]},{"@type":"ImageObject","inLanguage":"es","@id":"https:\/\/gysfm.com.ar\/inicio\/catastrofe-en-nepal-que-se-sabe-de-las-causas-del-alud-y-el-impacto-que-tuvo-el-cambio-climatico\/#primaryimage","url":"https:\/\/gysfm.com.ar\/inicio\/wp-content\/uploads\/2026\/08\/los-residentes-transportan-sus-pertenencias-TRLFA6NEF5DVHBWA5O46FBQS74.jpg","contentUrl":"https:\/\/gysfm.com.ar\/inicio\/wp-content\/uploads\/2026\/08\/los-residentes-transportan-sus-pertenencias-TRLFA6NEF5DVHBWA5O46FBQS74.jpg","width":1200,"height":800},{"@type":"BreadcrumbList","@id":"https:\/\/gysfm.com.ar\/inicio\/catastrofe-en-nepal-que-se-sabe-de-las-causas-del-alud-y-el-impacto-que-tuvo-el-cambio-climatico\/#breadcrumb","itemListElement":[{"@type":"ListItem","position":1,"name":"Portada","item":"https:\/\/gysfm.com.ar\/inicio\/"},{"@type":"ListItem","position":2,"name":"Cat\u00e1strofe en Nepal: qu\u00e9 se sabe de las causas del alud y el impacto que tuvo el cambio clim\u00e1tico"}]},{"@type":"WebSite","@id":"https:\/\/gysfm.com.ar\/inicio\/#website","url":"https:\/\/gysfm.com.ar\/inicio\/","name":"GYS NOTICIAS |","description":"DIARIO - RADIO ONLINE SAN JUAN ARGENTINA","publisher":{"@id":"https:\/\/gysfm.com.ar\/inicio\/#organization"},"potentialAction":[{"@type":"SearchAction","target":{"@type":"EntryPoint","urlTemplate":"https:\/\/gysfm.com.ar\/inicio\/?s={search_term_string}"},"query-input":{"@type":"PropertyValueSpecification","valueRequired":true,"valueName":"search_term_string"}}],"inLanguage":"es"},{"@type":"Organization","@id":"https:\/\/gysfm.com.ar\/inicio\/#organization","name":"GYS NOTICIAS |","url":"https:\/\/gysfm.com.ar\/inicio\/","logo":{"@type":"ImageObject","inLanguage":"es","@id":"https:\/\/gysfm.com.ar\/inicio\/#\/schema\/logo\/image\/","url":"https:\/\/gysfm.com.ar\/inicio\/wp-content\/uploads\/2023\/07\/LOGOGYS-OK.png","contentUrl":"https:\/\/gysfm.com.ar\/inicio\/wp-content\/uploads\/2023\/07\/LOGOGYS-OK.png","width":1170,"height":872,"caption":"GYS NOTICIAS |"},"image":{"@id":"https:\/\/gysfm.com.ar\/inicio\/#\/schema\/logo\/image\/"}},{"@type":"Person","@id":"https:\/\/gysfm.com.ar\/inicio\/#\/schema\/person\/3abba7593ef2ad19e1be221d54383dc5","name":"Prensa G&amp;S FM","image":{"@type":"ImageObject","inLanguage":"es","@id":"https:\/\/gysfm.com.ar\/inicio\/#\/schema\/person\/image\/","url":"https:\/\/secure.gravatar.com\/avatar\/096ec78df02049ab018702bb4ccedf659377fa92a26540b5247612077a0dbd29?s=96&d=mm&r=g","contentUrl":"https:\/\/secure.gravatar.com\/avatar\/096ec78df02049ab018702bb4ccedf659377fa92a26540b5247612077a0dbd29?s=96&d=mm&r=g","caption":"Prensa G&amp;S FM"},"sameAs":["https:\/\/gysfm.com.ar\/"],"url":"https:\/\/gysfm.com.ar\/inicio\/author\/lucasm\/"}]}},"_links":{"self":[{"href":"https:\/\/gysfm.com.ar\/inicio\/wp-json\/wp\/v2\/posts\/209678","targetHints":{"allow":["GET"]}}],"collection":[{"href":"https:\/\/gysfm.com.ar\/inicio\/wp-json\/wp\/v2\/posts"}],"about":[{"href":"https:\/\/gysfm.com.ar\/inicio\/wp-json\/wp\/v2\/types\/post"}],"author":[{"embeddable":true,"href":"https:\/\/gysfm.com.ar\/inicio\/wp-json\/wp\/v2\/users\/2"}],"replies":[{"embeddable":true,"href":"https:\/\/gysfm.com.ar\/inicio\/wp-json\/wp\/v2\/comments?post=209678"}],"version-history":[{"count":1,"href":"https:\/\/gysfm.com.ar\/inicio\/wp-json\/wp\/v2\/posts\/209678\/revisions"}],"predecessor-version":[{"id":209680,"href":"https:\/\/gysfm.com.ar\/inicio\/wp-json\/wp\/v2\/posts\/209678\/revisions\/209680"}],"wp:featuredmedia":[{"embeddable":true,"href":"https:\/\/gysfm.com.ar\/inicio\/wp-json\/wp\/v2\/media\/209679"}],"wp:attachment":[{"href":"https:\/\/gysfm.com.ar\/inicio\/wp-json\/wp\/v2\/media?parent=209678"}],"wp:term":[{"taxonomy":"category","embeddable":true,"href":"https:\/\/gysfm.com.ar\/inicio\/wp-json\/wp\/v2\/categories?post=209678"},{"taxonomy":"post_tag","embeddable":true,"href":"https:\/\/gysfm.com.ar\/inicio\/wp-json\/wp\/v2\/tags?post=209678"}],"curies":[{"name":"wp","href":"https:\/\/api.w.org\/{rel}","templated":true}]}}