{"id":209677,"date":"2026-08-28T14:20:14","date_gmt":"2026-08-28T17:20:14","guid":{"rendered":"https:\/\/gysfm.com.ar\/inicio\/kevin-warsh-confirmo-que-subiran-la-tasa-si-la-inflacion-en-eeuu-no-desacelera\/"},"modified":"2026-08-28T14:20:14","modified_gmt":"2026-08-28T17:20:14","slug":"kevin-warsh-confirmo-que-subiran-la-tasa-si-la-inflacion-en-eeuu-no-desacelera","status":"publish","type":"post","link":"https:\/\/gysfm.com.ar\/inicio\/kevin-warsh-confirmo-que-subiran-la-tasa-si-la-inflacion-en-eeuu-no-desacelera\/","title":{"rendered":"Kevin Warsh confirm\u00f3 que subir\u00e1n la tasa si la inflaci\u00f3n en EEUU no desacelera"},"content":{"rendered":"<p> <br \/>\n<\/p>\n<div id=\"\">\n<p id=\"p-1787927947860-74068\">El presidente de la <strong>Reserva Federal (Fed)<\/strong>, <strong>Kevin Warsh<\/strong>, advirti\u00f3 que la<strong> inflaci\u00f3n de EEUU<\/strong> no se est\u00e1 desacelerando de manera significativa. Afirm\u00f3 que los miembros del banco central norteamericano deben tener la certeza de que s\u00ed lo est\u00e1 haciendo. De lo contrario, el banco central tendr\u00e1 <strong>\u00abtrabajo por hacer\u00bb<\/strong>. Sus declaraciones revirtieron las expectativas del mercado de los \u00faltimos d\u00edas, que <strong>vuelve a esperar una suba de tasas<\/strong> en la reuni\u00f3n de la Fed en septiembre. <\/p>\n<\/div>\n<div id=\"\">\n<p id=\"p-1787929008329-41287\">En un extenso discurso en el simposio anual de <strong>Jackson Hole<\/strong>, el primero desde que asumi\u00f3 la presidencia del banco central en mayo, <strong>Warsh<\/strong> reiter\u00f3 que los responsables de la pol\u00edtica monetaria volver\u00e1n a fijar la inflaci\u00f3n en <strong>su objetivo del 2% interanual<\/strong>, una meta que calific\u00f3 de firme e inamovible.<\/p>\n<\/div>\n<div id=\"\">\n<p id=\"p-1787929139773-22209\"> \u00ab<strong>Este es mi criterio<\/strong>: debemos tener la certeza de que la inflaci\u00f3n subyacente se est\u00e1 acercando a nuestro objetivo, de forma clara y a la velocidad suficiente. De lo contrario, <strong>tenemos trabajo por hacer<\/strong>\u00ab, plante\u00f3 <strong>Warsh<\/strong>. \u00abEse es nuestro trabajo, nuestro mandato y nuestra responsabilidad\u00bb, enfatiz\u00f3.<\/p>\n<\/div>\n<div id=\"\">\n<p id=\"p-1787931515883-54787\">Los dichos de <strong>Warsh<\/strong> llegan a unas semanas en que los miembros de la<strong> Fed<\/strong> tengan su reuni\u00f3n de dos d\u00edas para definir el rumbo de la<strong> pol\u00edtica monetaria de EEUU<\/strong>, por lo que el mercado r\u00e1pidamente interpret\u00f3 esa frase como una disposici\u00f3n a subir las tasas.<\/p>\n<\/div>\n<div id=\"\">\n<h2 id=\"p-1787931929521-35236\">Los avances \u00abmodestos\u00bb para frenar la inflaci\u00f3n<\/h2>\n<p id=\"p-1787930429404-25997\">En otro momento de su exposici\u00f3n, Warsh record\u00f3 que hace unos d\u00edas se conoci\u00f3 el <strong>\u00cdndice de Precios de Gastos de Consumo Personal<\/strong> (PCE, por sus siglas en ingl\u00e9s), que mantuvo la inflaci\u00f3n interanual de julio en 3,7%.<\/p>\n<\/div>\n<div id=\"\">\n<p id=\"p-1787930429404-57395\"><strong>\u201cLos avances en los \u00faltimos dos a\u00f1os han sido modestos\u201d<\/strong>, dijo, en referencia a esos datos. \u201cNo me indican que las tendencias subyacentes hayan mejorado significativamente\u201d, agreg\u00f3.<\/p>\n<p id=\"p-1787930429404-54669\">Y explic\u00f3 que aproximadamente la mitad de los art\u00edculos de la canasta de bienes y servicios del PCE <strong>aumentaron a una tasa anual superior al 3%<\/strong>, por debajo de la tasa observada durante el repunte inflacionario de pandemia, pero por encima del nivel previo al coronavirus.<\/p>\n<div contenteditable=\"false\" class=\"embed_cont type_imagen\" id=\"8093742-Libre-864109_wrap\">\n<div id=\"8093742-Libre-864109_content\" class=\"embed_content\"><img src=\"https:\/\/media.ambito.com\/p\/cb76d8129542b5bb9c59d3bf6405fd70\/adjuntos\/239\/imagenes\/042\/544\/0042544916\/dolar-mercados-bolsas-inflacion-eeuu.jpg?2025-06-27-14-01-03\" decoding=\"async\" fetchpriority=\"low\" loading=\"lazy\" alt=\"Alerta Fed: Warsh insiste en la necesidad de controlar la inflaci\u00f3n.\" title=\"Alerta Fed: Warsh insiste en la necesidad de controlar la inflaci\u00f3n.\" width=\"730\" height=\"418\" id=\"8093742-Libre-864109_embed\"\/><\/div>\n<div class=\"embed_wrapper-cont\" id=\"p-1787936108518-84840\">\n<div id=\"8093742-Libre-864109_epigrafe\" class=\"embed_epigrafe\">\n<p id=\"p-1787936164105-32865\">Alerta Fed: Warsh insiste en la necesidad de controlar la inflaci\u00f3n.<\/p>\n<\/div>\n<p>Depositphotos<\/p>\n<\/div><\/div>\n<p id=\"p-1787930429404-19841\">Si bien <strong>Warsh <\/strong>no sugiri\u00f3 un cronograma para las subas de tasas y <strong>afirm\u00f3 expl\u00edcitamente que sus declaraciones no deb\u00edan interpretarse como una \u00aborientaci\u00f3n prospectiva\u00bb<\/strong>, constituyen sus comentarios m\u00e1s detallados sobre la postura de la Fed respecto a sus esfuerzos por devolver la inflaci\u00f3n al objetivo del 2% interanual tras m\u00e1s de cinco a\u00f1os.<\/p>\n<p id=\"p-1787930429404-41967\">En otra explicaci\u00f3n, se\u00f1al\u00f3 que actualmente considera que las expectativas de inflaci\u00f3n est\u00e1n ancladas y mencion\u00f3 que \u00ab<strong>es responsabilidad de la Reserva Federal asegurarse de que las expectativas de inflaci\u00f3n no se desanclen<\/strong>\u00ab.<\/p>\n<h2 id=\"p-1787935707654-36010\">La reacci\u00f3n del mercado<\/h2>\n<p id=\"p-1787935468673-93795\"><strong>Daniel Siluk<\/strong>, gestor de Carteras en <strong>Janus Henderson<\/strong>, explic\u00f3 a este medio que <strong>Warsh<\/strong> \u00abdej\u00f3 claro que, con unos mercados laborales estables, un crecimiento resistente y <strong>unas condiciones financieras no especialmente restrictivas<\/strong>, la responsabilidad recae en los datos de inflaci\u00f3n\u00bb.<\/p>\n<p id=\"p-1787935468673-66540\">Agreg\u00f3 que <strong>\u00ablos mercados parecen haberse tranquilizado con esa claridad\u00bb<\/strong>.  Y argument\u00f3 que \u00ab<strong>el aumento de los rendimientos a corto plazo va acompa\u00f1ado de una estabilidad en los rendimientos a largo plazo<\/strong>, lo que sugiere una mayor confianza en el marco de la Fed para combatir la inflaci\u00f3n\u00bb.<\/p>\n<p id=\"p-1787935767593-1484\"><strong>Mariano Ortiz Villafa\u00f1e<\/strong>, Chief Economist de Aldazabal y C\u00eda, destac\u00f3 que el discurso de Warsh mantuvo el tono <strong>\u00abhawkish\u00bb<\/strong> de sus \u00faltimas declaraciones p\u00fablicas.<\/p>\n<p id=\"p-1787935912375-88188\">En esa l\u00ednea, afirm\u00f3 a \u00c1mbito que \u00abla curva de tasas reaccion\u00f3 aplan\u00e1ndose con una suba en la parte corta y un leve descenso en el tramo largo, <strong>se\u00f1al de que el mercado asigna mayor probabilidad a que la Fed suba la tasa en el corto plazo<\/strong>\u00ab. <\/p>\n<p id=\"p-1787935912375-78795\">Seg\u00fan el <strong>FedWatch de CME Group<\/strong>, la posibilidad de que la<strong> Reserva Federal<\/strong> suba en 25 puntos b\u00e1sicos los tipos de inter\u00e9s en su reuni\u00f3n del 15 y 16 de septiembre pas\u00f3 de 35% ayer a 61% este viernes.<\/p>\n<\/div>\n<p><script>\n!function(f,b,e,v,n,t,s)\n{if(f.fbq)return;n=f.fbq=function(){n.callMethod?\nn.callMethod.apply(n,arguments):n.queue.push(arguments)};\nif(!f._fbq)f._fbq=n;n.push=n;n.loaded=!0;n.version='2.0';\nn.queue=[];t=b.createElement(e);t.async=!0;\nt.src=v;s=b.getElementsByTagName(e)[0];\ns.parentNode.insertBefore(t,s)}(window,document,'script',\n'https:\/\/connect.facebook.net\/en_US\/fbevents.js');\nfbq('init', '2047048335588113');\nfbq('track', 'PageView');\n<\/script><br \/>\n<br \/><\/p>\n","protected":false},"excerpt":{"rendered":"<p>El presidente de la Reserva Federal (Fed), Kevin Warsh, advirti\u00f3 que la inflaci\u00f3n de EEUU no se est\u00e1 desacelerando de manera significativa. Afirm\u00f3 que los miembros del banco central norteamericano deben tener la certeza de que s\u00ed lo est\u00e1 haciendo. De lo contrario, el banco central tendr\u00e1 \u00abtrabajo por hacer\u00bb. Sus declaraciones revirtieron las expectativas [&hellip;]<\/p>\n","protected":false},"author":1,"featured_media":194611,"comment_status":"closed","ping_status":"closed","sticky":false,"template":"","format":"standard","meta":{"footnotes":""},"categories":[28],"tags":[],"class_list":["post-209677","post","type-post","status-publish","format-standard","has-post-thumbnail","hentry","category-economia"],"yoast_head":"<!-- This site is optimized with the Yoast SEO plugin v24.4 - https:\/\/yoast.com\/wordpress\/plugins\/seo\/ -->\n<title>Kevin Warsh confirm\u00f3 que subir\u00e1n la tasa si la inflaci\u00f3n en EEUU no desacelera - GYS NOTICIAS |<\/title>\n<meta name=\"robots\" content=\"index, follow, max-snippet:-1, max-image-preview:large, max-video-preview:-1\" \/>\n<link rel=\"canonical\" href=\"https:\/\/gysfm.com.ar\/inicio\/kevin-warsh-confirmo-que-subiran-la-tasa-si-la-inflacion-en-eeuu-no-desacelera\/\" \/>\n<meta property=\"og:locale\" content=\"es_ES\" \/>\n<meta property=\"og:type\" content=\"article\" \/>\n<meta property=\"og:title\" content=\"Kevin Warsh confirm\u00f3 que subir\u00e1n la tasa si la inflaci\u00f3n en EEUU no desacelera - GYS NOTICIAS |\" \/>\n<meta property=\"og:description\" content=\"El presidente de la Reserva Federal (Fed), Kevin Warsh, advirti\u00f3 que la inflaci\u00f3n de EEUU no se est\u00e1 desacelerando de manera significativa. Afirm\u00f3 que los miembros del banco central norteamericano deben tener la certeza de que s\u00ed lo est\u00e1 haciendo. De lo contrario, el banco central tendr\u00e1 \u00abtrabajo por hacer\u00bb. Sus declaraciones revirtieron las expectativas [&hellip;]\" \/>\n<meta property=\"og:url\" content=\"https:\/\/gysfm.com.ar\/inicio\/kevin-warsh-confirmo-que-subiran-la-tasa-si-la-inflacion-en-eeuu-no-desacelera\/\" \/>\n<meta property=\"og:site_name\" content=\"GYS NOTICIAS |\" \/>\n<meta property=\"article:published_time\" content=\"2026-08-28T17:20:14+00:00\" \/>\n<meta property=\"og:image\" content=\"https:\/\/media.ambito.com\/p\/cb76d8129542b5bb9c59d3bf6405fd70\/adjuntos\/239\/imagenes\/042\/544\/0042544916\/dolar-mercados-bolsas-inflacion-eeuu.jpg?2025-06-27-14-01-03\" \/>\n<meta name=\"author\" content=\"admin\" \/>\n<meta name=\"twitter:card\" content=\"summary_large_image\" \/>\n<meta name=\"twitter:label1\" content=\"Escrito por\" \/>\n\t<meta name=\"twitter:data1\" content=\"admin\" \/>\n\t<meta name=\"twitter:label2\" content=\"Tiempo de lectura\" \/>\n\t<meta name=\"twitter:data2\" content=\"3 minutos\" \/>\n<script type=\"application\/ld+json\" class=\"yoast-schema-graph\">{\"@context\":\"https:\/\/schema.org\",\"@graph\":[{\"@type\":\"Article\",\"@id\":\"https:\/\/gysfm.com.ar\/inicio\/kevin-warsh-confirmo-que-subiran-la-tasa-si-la-inflacion-en-eeuu-no-desacelera\/#article\",\"isPartOf\":{\"@id\":\"https:\/\/gysfm.com.ar\/inicio\/kevin-warsh-confirmo-que-subiran-la-tasa-si-la-inflacion-en-eeuu-no-desacelera\/\"},\"author\":{\"name\":\"admin\",\"@id\":\"https:\/\/gysfm.com.ar\/inicio\/#\/schema\/person\/5bedd7ecd35cc35548d89effafa23696\"},\"headline\":\"Kevin Warsh confirm\u00f3 que subir\u00e1n la tasa si la inflaci\u00f3n en EEUU no desacelera\",\"datePublished\":\"2026-08-28T17:20:14+00:00\",\"mainEntityOfPage\":{\"@id\":\"https:\/\/gysfm.com.ar\/inicio\/kevin-warsh-confirmo-que-subiran-la-tasa-si-la-inflacion-en-eeuu-no-desacelera\/\"},\"wordCount\":695,\"publisher\":{\"@id\":\"https:\/\/gysfm.com.ar\/inicio\/#organization\"},\"image\":{\"@id\":\"https:\/\/gysfm.com.ar\/inicio\/kevin-warsh-confirmo-que-subiran-la-tasa-si-la-inflacion-en-eeuu-no-desacelera\/#primaryimage\"},\"thumbnailUrl\":\"https:\/\/gysfm.com.ar\/inicio\/wp-content\/uploads\/2026\/05\/kevin-warsh.png\",\"articleSection\":[\"ECONOMIA\"],\"inLanguage\":\"es\"},{\"@type\":\"WebPage\",\"@id\":\"https:\/\/gysfm.com.ar\/inicio\/kevin-warsh-confirmo-que-subiran-la-tasa-si-la-inflacion-en-eeuu-no-desacelera\/\",\"url\":\"https:\/\/gysfm.com.ar\/inicio\/kevin-warsh-confirmo-que-subiran-la-tasa-si-la-inflacion-en-eeuu-no-desacelera\/\",\"name\":\"Kevin Warsh confirm\u00f3 que subir\u00e1n la tasa si la inflaci\u00f3n en EEUU no desacelera - GYS NOTICIAS |\",\"isPartOf\":{\"@id\":\"https:\/\/gysfm.com.ar\/inicio\/#website\"},\"primaryImageOfPage\":{\"@id\":\"https:\/\/gysfm.com.ar\/inicio\/kevin-warsh-confirmo-que-subiran-la-tasa-si-la-inflacion-en-eeuu-no-desacelera\/#primaryimage\"},\"image\":{\"@id\":\"https:\/\/gysfm.com.ar\/inicio\/kevin-warsh-confirmo-que-subiran-la-tasa-si-la-inflacion-en-eeuu-no-desacelera\/#primaryimage\"},\"thumbnailUrl\":\"https:\/\/gysfm.com.ar\/inicio\/wp-content\/uploads\/2026\/05\/kevin-warsh.png\",\"datePublished\":\"2026-08-28T17:20:14+00:00\",\"breadcrumb\":{\"@id\":\"https:\/\/gysfm.com.ar\/inicio\/kevin-warsh-confirmo-que-subiran-la-tasa-si-la-inflacion-en-eeuu-no-desacelera\/#breadcrumb\"},\"inLanguage\":\"es\",\"potentialAction\":[{\"@type\":\"ReadAction\",\"target\":[\"https:\/\/gysfm.com.ar\/inicio\/kevin-warsh-confirmo-que-subiran-la-tasa-si-la-inflacion-en-eeuu-no-desacelera\/\"]}]},{\"@type\":\"ImageObject\",\"inLanguage\":\"es\",\"@id\":\"https:\/\/gysfm.com.ar\/inicio\/kevin-warsh-confirmo-que-subiran-la-tasa-si-la-inflacion-en-eeuu-no-desacelera\/#primaryimage\",\"url\":\"https:\/\/gysfm.com.ar\/inicio\/wp-content\/uploads\/2026\/05\/kevin-warsh.png\",\"contentUrl\":\"https:\/\/gysfm.com.ar\/inicio\/wp-content\/uploads\/2026\/05\/kevin-warsh.png\",\"width\":1200,\"height\":675},{\"@type\":\"BreadcrumbList\",\"@id\":\"https:\/\/gysfm.com.ar\/inicio\/kevin-warsh-confirmo-que-subiran-la-tasa-si-la-inflacion-en-eeuu-no-desacelera\/#breadcrumb\",\"itemListElement\":[{\"@type\":\"ListItem\",\"position\":1,\"name\":\"Portada\",\"item\":\"https:\/\/gysfm.com.ar\/inicio\/\"},{\"@type\":\"ListItem\",\"position\":2,\"name\":\"Kevin Warsh confirm\u00f3 que subir\u00e1n la tasa si la inflaci\u00f3n en EEUU no desacelera\"}]},{\"@type\":\"WebSite\",\"@id\":\"https:\/\/gysfm.com.ar\/inicio\/#website\",\"url\":\"https:\/\/gysfm.com.ar\/inicio\/\",\"name\":\"GYS NOTICIAS |\",\"description\":\"DIARIO - RADIO ONLINE SAN JUAN ARGENTINA\",\"publisher\":{\"@id\":\"https:\/\/gysfm.com.ar\/inicio\/#organization\"},\"potentialAction\":[{\"@type\":\"SearchAction\",\"target\":{\"@type\":\"EntryPoint\",\"urlTemplate\":\"https:\/\/gysfm.com.ar\/inicio\/?s={search_term_string}\"},\"query-input\":{\"@type\":\"PropertyValueSpecification\",\"valueRequired\":true,\"valueName\":\"search_term_string\"}}],\"inLanguage\":\"es\"},{\"@type\":\"Organization\",\"@id\":\"https:\/\/gysfm.com.ar\/inicio\/#organization\",\"name\":\"GYS NOTICIAS |\",\"url\":\"https:\/\/gysfm.com.ar\/inicio\/\",\"logo\":{\"@type\":\"ImageObject\",\"inLanguage\":\"es\",\"@id\":\"https:\/\/gysfm.com.ar\/inicio\/#\/schema\/logo\/image\/\",\"url\":\"https:\/\/gysfm.com.ar\/inicio\/wp-content\/uploads\/2023\/07\/LOGOGYS-OK.png\",\"contentUrl\":\"https:\/\/gysfm.com.ar\/inicio\/wp-content\/uploads\/2023\/07\/LOGOGYS-OK.png\",\"width\":1170,\"height\":872,\"caption\":\"GYS NOTICIAS |\"},\"image\":{\"@id\":\"https:\/\/gysfm.com.ar\/inicio\/#\/schema\/logo\/image\/\"}},{\"@type\":\"Person\",\"@id\":\"https:\/\/gysfm.com.ar\/inicio\/#\/schema\/person\/5bedd7ecd35cc35548d89effafa23696\",\"name\":\"admin\",\"image\":{\"@type\":\"ImageObject\",\"inLanguage\":\"es\",\"@id\":\"https:\/\/gysfm.com.ar\/inicio\/#\/schema\/person\/image\/\",\"url\":\"https:\/\/secure.gravatar.com\/avatar\/c331d312b5243fb64d5ba28108a447b27c925295129a363082c9ea52c28d32c2?s=96&d=mm&r=g\",\"contentUrl\":\"https:\/\/secure.gravatar.com\/avatar\/c331d312b5243fb64d5ba28108a447b27c925295129a363082c9ea52c28d32c2?s=96&d=mm&r=g\",\"caption\":\"admin\"},\"sameAs\":[\"https:\/\/gysfm.com.ar\/inicio\"],\"url\":\"https:\/\/gysfm.com.ar\/inicio\/author\/admin\/\"}]}<\/script>\n<!-- \/ Yoast SEO plugin. -->","yoast_head_json":{"title":"Kevin Warsh confirm\u00f3 que subir\u00e1n la tasa si la inflaci\u00f3n en EEUU no desacelera - GYS NOTICIAS |","robots":{"index":"index","follow":"follow","max-snippet":"max-snippet:-1","max-image-preview":"max-image-preview:large","max-video-preview":"max-video-preview:-1"},"canonical":"https:\/\/gysfm.com.ar\/inicio\/kevin-warsh-confirmo-que-subiran-la-tasa-si-la-inflacion-en-eeuu-no-desacelera\/","og_locale":"es_ES","og_type":"article","og_title":"Kevin Warsh confirm\u00f3 que subir\u00e1n la tasa si la inflaci\u00f3n en EEUU no desacelera - GYS NOTICIAS |","og_description":"El presidente de la Reserva Federal (Fed), Kevin Warsh, advirti\u00f3 que la inflaci\u00f3n de EEUU no se est\u00e1 desacelerando de manera significativa. Afirm\u00f3 que los miembros del banco central norteamericano deben tener la certeza de que s\u00ed lo est\u00e1 haciendo. De lo contrario, el banco central tendr\u00e1 \u00abtrabajo por hacer\u00bb. Sus declaraciones revirtieron las expectativas [&hellip;]","og_url":"https:\/\/gysfm.com.ar\/inicio\/kevin-warsh-confirmo-que-subiran-la-tasa-si-la-inflacion-en-eeuu-no-desacelera\/","og_site_name":"GYS NOTICIAS |","article_published_time":"2026-08-28T17:20:14+00:00","og_image":[{"url":"https:\/\/media.ambito.com\/p\/cb76d8129542b5bb9c59d3bf6405fd70\/adjuntos\/239\/imagenes\/042\/544\/0042544916\/dolar-mercados-bolsas-inflacion-eeuu.jpg?2025-06-27-14-01-03","type":"","width":"","height":""}],"author":"admin","twitter_card":"summary_large_image","twitter_misc":{"Escrito por":"admin","Tiempo de lectura":"3 minutos"},"schema":{"@context":"https:\/\/schema.org","@graph":[{"@type":"Article","@id":"https:\/\/gysfm.com.ar\/inicio\/kevin-warsh-confirmo-que-subiran-la-tasa-si-la-inflacion-en-eeuu-no-desacelera\/#article","isPartOf":{"@id":"https:\/\/gysfm.com.ar\/inicio\/kevin-warsh-confirmo-que-subiran-la-tasa-si-la-inflacion-en-eeuu-no-desacelera\/"},"author":{"name":"admin","@id":"https:\/\/gysfm.com.ar\/inicio\/#\/schema\/person\/5bedd7ecd35cc35548d89effafa23696"},"headline":"Kevin Warsh confirm\u00f3 que subir\u00e1n la tasa si la inflaci\u00f3n en EEUU no desacelera","datePublished":"2026-08-28T17:20:14+00:00","mainEntityOfPage":{"@id":"https:\/\/gysfm.com.ar\/inicio\/kevin-warsh-confirmo-que-subiran-la-tasa-si-la-inflacion-en-eeuu-no-desacelera\/"},"wordCount":695,"publisher":{"@id":"https:\/\/gysfm.com.ar\/inicio\/#organization"},"image":{"@id":"https:\/\/gysfm.com.ar\/inicio\/kevin-warsh-confirmo-que-subiran-la-tasa-si-la-inflacion-en-eeuu-no-desacelera\/#primaryimage"},"thumbnailUrl":"https:\/\/gysfm.com.ar\/inicio\/wp-content\/uploads\/2026\/05\/kevin-warsh.png","articleSection":["ECONOMIA"],"inLanguage":"es"},{"@type":"WebPage","@id":"https:\/\/gysfm.com.ar\/inicio\/kevin-warsh-confirmo-que-subiran-la-tasa-si-la-inflacion-en-eeuu-no-desacelera\/","url":"https:\/\/gysfm.com.ar\/inicio\/kevin-warsh-confirmo-que-subiran-la-tasa-si-la-inflacion-en-eeuu-no-desacelera\/","name":"Kevin Warsh confirm\u00f3 que subir\u00e1n la tasa si la inflaci\u00f3n en EEUU no desacelera - GYS NOTICIAS |","isPartOf":{"@id":"https:\/\/gysfm.com.ar\/inicio\/#website"},"primaryImageOfPage":{"@id":"https:\/\/gysfm.com.ar\/inicio\/kevin-warsh-confirmo-que-subiran-la-tasa-si-la-inflacion-en-eeuu-no-desacelera\/#primaryimage"},"image":{"@id":"https:\/\/gysfm.com.ar\/inicio\/kevin-warsh-confirmo-que-subiran-la-tasa-si-la-inflacion-en-eeuu-no-desacelera\/#primaryimage"},"thumbnailUrl":"https:\/\/gysfm.com.ar\/inicio\/wp-content\/uploads\/2026\/05\/kevin-warsh.png","datePublished":"2026-08-28T17:20:14+00:00","breadcrumb":{"@id":"https:\/\/gysfm.com.ar\/inicio\/kevin-warsh-confirmo-que-subiran-la-tasa-si-la-inflacion-en-eeuu-no-desacelera\/#breadcrumb"},"inLanguage":"es","potentialAction":[{"@type":"ReadAction","target":["https:\/\/gysfm.com.ar\/inicio\/kevin-warsh-confirmo-que-subiran-la-tasa-si-la-inflacion-en-eeuu-no-desacelera\/"]}]},{"@type":"ImageObject","inLanguage":"es","@id":"https:\/\/gysfm.com.ar\/inicio\/kevin-warsh-confirmo-que-subiran-la-tasa-si-la-inflacion-en-eeuu-no-desacelera\/#primaryimage","url":"https:\/\/gysfm.com.ar\/inicio\/wp-content\/uploads\/2026\/05\/kevin-warsh.png","contentUrl":"https:\/\/gysfm.com.ar\/inicio\/wp-content\/uploads\/2026\/05\/kevin-warsh.png","width":1200,"height":675},{"@type":"BreadcrumbList","@id":"https:\/\/gysfm.com.ar\/inicio\/kevin-warsh-confirmo-que-subiran-la-tasa-si-la-inflacion-en-eeuu-no-desacelera\/#breadcrumb","itemListElement":[{"@type":"ListItem","position":1,"name":"Portada","item":"https:\/\/gysfm.com.ar\/inicio\/"},{"@type":"ListItem","position":2,"name":"Kevin Warsh confirm\u00f3 que subir\u00e1n la tasa si la inflaci\u00f3n en EEUU no desacelera"}]},{"@type":"WebSite","@id":"https:\/\/gysfm.com.ar\/inicio\/#website","url":"https:\/\/gysfm.com.ar\/inicio\/","name":"GYS NOTICIAS |","description":"DIARIO - RADIO ONLINE SAN JUAN ARGENTINA","publisher":{"@id":"https:\/\/gysfm.com.ar\/inicio\/#organization"},"potentialAction":[{"@type":"SearchAction","target":{"@type":"EntryPoint","urlTemplate":"https:\/\/gysfm.com.ar\/inicio\/?s={search_term_string}"},"query-input":{"@type":"PropertyValueSpecification","valueRequired":true,"valueName":"search_term_string"}}],"inLanguage":"es"},{"@type":"Organization","@id":"https:\/\/gysfm.com.ar\/inicio\/#organization","name":"GYS NOTICIAS |","url":"https:\/\/gysfm.com.ar\/inicio\/","logo":{"@type":"ImageObject","inLanguage":"es","@id":"https:\/\/gysfm.com.ar\/inicio\/#\/schema\/logo\/image\/","url":"https:\/\/gysfm.com.ar\/inicio\/wp-content\/uploads\/2023\/07\/LOGOGYS-OK.png","contentUrl":"https:\/\/gysfm.com.ar\/inicio\/wp-content\/uploads\/2023\/07\/LOGOGYS-OK.png","width":1170,"height":872,"caption":"GYS NOTICIAS |"},"image":{"@id":"https:\/\/gysfm.com.ar\/inicio\/#\/schema\/logo\/image\/"}},{"@type":"Person","@id":"https:\/\/gysfm.com.ar\/inicio\/#\/schema\/person\/5bedd7ecd35cc35548d89effafa23696","name":"admin","image":{"@type":"ImageObject","inLanguage":"es","@id":"https:\/\/gysfm.com.ar\/inicio\/#\/schema\/person\/image\/","url":"https:\/\/secure.gravatar.com\/avatar\/c331d312b5243fb64d5ba28108a447b27c925295129a363082c9ea52c28d32c2?s=96&d=mm&r=g","contentUrl":"https:\/\/secure.gravatar.com\/avatar\/c331d312b5243fb64d5ba28108a447b27c925295129a363082c9ea52c28d32c2?s=96&d=mm&r=g","caption":"admin"},"sameAs":["https:\/\/gysfm.com.ar\/inicio"],"url":"https:\/\/gysfm.com.ar\/inicio\/author\/admin\/"}]}},"_links":{"self":[{"href":"https:\/\/gysfm.com.ar\/inicio\/wp-json\/wp\/v2\/posts\/209677","targetHints":{"allow":["GET"]}}],"collection":[{"href":"https:\/\/gysfm.com.ar\/inicio\/wp-json\/wp\/v2\/posts"}],"about":[{"href":"https:\/\/gysfm.com.ar\/inicio\/wp-json\/wp\/v2\/types\/post"}],"author":[{"embeddable":true,"href":"https:\/\/gysfm.com.ar\/inicio\/wp-json\/wp\/v2\/users\/1"}],"replies":[{"embeddable":true,"href":"https:\/\/gysfm.com.ar\/inicio\/wp-json\/wp\/v2\/comments?post=209677"}],"version-history":[{"count":0,"href":"https:\/\/gysfm.com.ar\/inicio\/wp-json\/wp\/v2\/posts\/209677\/revisions"}],"wp:featuredmedia":[{"embeddable":true,"href":"https:\/\/gysfm.com.ar\/inicio\/wp-json\/wp\/v2\/media\/194611"}],"wp:attachment":[{"href":"https:\/\/gysfm.com.ar\/inicio\/wp-json\/wp\/v2\/media?parent=209677"}],"wp:term":[{"taxonomy":"category","embeddable":true,"href":"https:\/\/gysfm.com.ar\/inicio\/wp-json\/wp\/v2\/categories?post=209677"},{"taxonomy":"post_tag","embeddable":true,"href":"https:\/\/gysfm.com.ar\/inicio\/wp-json\/wp\/v2\/tags?post=209677"}],"curies":[{"name":"wp","href":"https:\/\/api.w.org\/{rel}","templated":true}]}}