{"id":209671,"date":"2026-08-28T13:24:58","date_gmt":"2026-08-28T16:24:58","guid":{"rendered":"https:\/\/gysfm.com.ar\/inicio\/las-principales-consecuencias-de-la-guerra-con-iran-que-cambio-y-la-falsa-promesa-de-donald-trump\/"},"modified":"2026-08-28T13:24:58","modified_gmt":"2026-08-28T16:24:58","slug":"las-principales-consecuencias-de-la-guerra-con-iran-que-cambio-y-la-falsa-promesa-de-donald-trump","status":"publish","type":"post","link":"https:\/\/gysfm.com.ar\/inicio\/las-principales-consecuencias-de-la-guerra-con-iran-que-cambio-y-la-falsa-promesa-de-donald-trump\/","title":{"rendered":"Las principales consecuencias de la guerra con Ir\u00e1n: qu\u00e9 cambi\u00f3 y la falsa promesa de Donald Trump"},"content":{"rendered":"<p> <br \/>\n<\/p>\n<div>\n<p class=\"com-paragraph --capital --s\">WASHINGTON.\u2013 Seis meses despu\u00e9s de que <strong>Estados Unidos <\/strong>e <strong>Israel <\/strong>lanzaran <a href=\"https:\/\/www.lanacion.com.ar\/el-mundo\/iran-desafia-las-nuevas-sanciones-de-estados-unidos-y-amenaza-con-escalar-la-presion-sobre-el-golfo-nid25082026\/\" target=\"_self\" title=\"https:\/\/www.lanacion.com.ar\/el-mundo\/iran-desafia-las-nuevas-sanciones-de-estados-unidos-y-amenaza-con-escalar-la-presion-sobre-el-golfo-nid25082026\/\" class=\"com-link break-word\" data-mrf-recirculation=\"n_link_parrafo\">los primeros ataques contra <strong>Ir\u00e1n<\/strong><\/a>, la guerra que el presidente norteamericano, <a href=\"https:\/\/www.lanacion.com.ar\/estados-unidos\/la-purga-de-altos-generales-ordenada-por-hegseth-deja-al-ejercito-estadounidense-a-la-deriva-nid25082026\/\" target=\"_self\" title=\"https:\/\/www.lanacion.com.ar\/estados-unidos\/la-purga-de-altos-generales-ordenada-por-hegseth-deja-al-ejercito-estadounidense-a-la-deriva-nid25082026\/\" class=\"com-link break-word\" data-mrf-recirculation=\"n_link_parrafo\"><strong>Donald Trump<\/strong><\/a>, calific\u00f3 inicialmente como <strong>una \u201cpeque\u00f1a excursi\u00f3n\u201d se ha convertido en un estancamiento profundamente impopular <\/strong>que amenaza con descarrilar su presidencia y que ha trastocado el comercio y la pol\u00edtica internacional. <\/p>\n<p class=\"com-paragraph --s\">El r\u00e9gimen isl\u00e1mico no se ha rendido, el transporte mar\u00edtimo a trav\u00e9s del estrecho de Ormuz contin\u00faa gravemente afectado y no existe un camino claro para poner fin al conflicto, que <a href=\"https:\/\/www.lanacion.com.ar\/el-mundo\/tanto-en-el-pais-como-en-el-extranjero-el-respeto-hacia-trump-se-transforma-cada-vez-mas-en-desafio-nid26082026\/\" target=\"_self\" title=\"https:\/\/www.lanacion.com.ar\/el-mundo\/tanto-en-el-pais-como-en-el-extranjero-el-respeto-hacia-trump-se-transforma-cada-vez-mas-en-desafio-nid26082026\/\" class=\"com-link break-word\" data-mrf-recirculation=\"n_link_parrafo\"><strong>Trump<\/strong><\/a><strong> hab\u00eda pronosticado que terminar\u00eda en cuatro semanas<\/strong>.<\/p>\n<div class=\"content-media\">\n<section role=\"button\" class=\"mod-media   \">\n<figure role=\"button\" tabindex=\"0\" class=\"mod-figure \"><figcaption class=\"mod-figcaption\"><span class=\"com-text --caption --twoxs\">Motociclistas pasan junto a un cartel que muestra a Trump, con las manos alrededor del cuello, debajo de las palabras \u201cLa venganza es inevitable\u201d, en Teher\u00e1n<\/span><span class=\"com-text --credit --twoxs\">Vahid Salemi &#8211; AP<\/span><\/figcaption><\/figure>\n<\/section>\n<\/div>\n<p class=\"com-paragraph --s\">Ahora, en un aparente reconocimiento de que nuevos ataques militares no lograr\u00e1n obligar a Teher\u00e1n a hacer concesiones, Wasshington <a href=\"https:\/\/www.lanacion.com.ar\/el-mundo\/eeuu-endurece-su-ofensiva-contra-iran-y-exige-apoyo-a-aliados-y-china-nid20082026\/\" target=\"_self\" title=\"https:\/\/www.lanacion.com.ar\/el-mundo\/eeuu-endurece-su-ofensiva-contra-iran-y-exige-apoyo-a-aliados-y-china-nid20082026\/\" class=\"com-link break-word\" data-mrf-recirculation=\"n_link_parrafo\">est\u00e1 retomando una campa\u00f1a de presi\u00f3n econ\u00f3mica<\/a> con la esperanza de debilitar a\u00fan m\u00e1s al gobierno iran\u00ed. El secretario de Estado, <strong>Marco Rubio<\/strong>, les dijo a sus aliados que <strong>es poco probable que Estados Unidos lance nuevos ataques \u201cpor el momento\u201d<\/strong>.<\/p>\n<p class=\"com-paragraph --s\">Qu\u00e9 suceder\u00e1 a continuaci\u00f3n no est\u00e1 claro, pero muchas de las probables consecuencias duraderas de la guerra \u2013para Estados Unidos, Ir\u00e1n y la econom\u00eda mundial\u2013 ya son evidentes.<strong> Estas son seis de ellas:<\/strong><\/p>\n<p><h2 class=\"font-primary font-w-bold text-subheading-lg text-left container-center-100 mb-8\"><span>Trump est\u00e1 pagando un alto costo pol\u00edtico<\/span><\/h2>\n<\/p>\n<p class=\"com-paragraph --s\">La guerra era impopular desde el principio y esta tendencia se ha<a href=\"https:\/\/www.lanacion.com.ar\/el-mundo\/el-unico-enfoque-para-la-guerra-contra-iran-que-garantiza-el-fracaso-es-el-de-donald-trump-nid12082026\/\" target=\"_self\" title=\"https:\/\/www.lanacion.com.ar\/el-mundo\/el-unico-enfoque-para-la-guerra-contra-iran-que-garantiza-el-fracaso-es-el-de-donald-trump-nid12082026\/\" class=\"com-link break-word\" data-mrf-recirculation=\"n_link_parrafo\"> profundizado<\/a>. <strong>La aprobaci\u00f3n de Trump cay\u00f3 del 40% al 33% desde el inicio del conflicto<\/strong>, seg\u00fan una encuesta de Reuters\/Ipsos, mientras que el aumento de los <strong>precios de la nafta <\/strong>ha socavado la promesa que hizo durante su campa\u00f1a de 2024 de reducir el costo de vida para los estadounidenses.<\/p>\n<p class=\"com-paragraph --s\">Trump, <a href=\"https:\/\/www.lanacion.com.ar\/el-mundo\/la-guerra-en-iran-se-convierte-en-una-puja-economica-y-la-nueva-estrategia-de-eeuu-se-parece-mucho-a-nid17082026\/\" target=\"_self\" title=\"https:\/\/www.lanacion.com.ar\/el-mundo\/la-guerra-en-iran-se-convierte-en-una-puja-economica-y-la-nueva-estrategia-de-eeuu-se-parece-mucho-a-nid17082026\/\" class=\"com-link break-word\" data-mrf-recirculation=\"n_link_parrafo\"><strong>quien hizo campa\u00f1a con la promesa de poner fin a las guerras<\/strong><\/a>, sostiene que el desarrollo del arsenal de misiles de Ir\u00e1n y sus ambiciones nucleares hac\u00edan necesaria una intervenci\u00f3n, pero no ha logrado convencer a la mayor\u00eda de los votantes. Seg\u00fan la encuesta, <strong>solo el 31% de los estadounidenses aprueba el conflicto<\/strong>. Se trata de una cifra inferior a la registrada en otros conflictos recientes de Estados Unidos en una etapa similar, incluida la guerra en <strong>Afganist\u00e1n<\/strong>, que durante a\u00f1os tuvo niveles de aprobaci\u00f3n superiores al <strong>50% <\/strong>en las encuestas de Gallup.<\/p>\n<div class=\"content-media\">\n<section role=\"button\" class=\"mod-media   \">\n<figure role=\"button\" tabindex=\"0\" class=\"mod-figure \"><figcaption class=\"mod-figcaption\"><span class=\"com-text --caption --twoxs\">Personas marchan durante una protesta contra la guerra en Ir\u00e1n y contra el conflicto en el L\u00edbano, en Nueva York<\/span><span class=\"com-text --credit --twoxs\">Ryan Murphy &#8211; FR172324 AP<\/span><\/figcaption><\/figure>\n<\/section>\n<\/div>\n<p class=\"com-paragraph --s\">El malestar de los votantes por los altos precios <strong>representa un problema para el Partido Republicano de Trump <\/strong>de cara a las <strong>elecciones legislativas <\/strong>de noviembre, cuando deber\u00e1 defender estrechas mayor\u00edas en ambas c\u00e1maras del Congreso.<\/p>\n<p class=\"com-paragraph --s\">El conflicto tambi\u00e9n ha profundizado la fractura dentro del Partido Republicano entre los sectores m\u00e1s aislacionistas, que quieren una r\u00e1pida finalizaci\u00f3n de la guerra, y los legisladores que creen que Trump deber\u00eda mantener la presi\u00f3n militar sobre Teher\u00e1n.<\/p>\n<p><h2 class=\"font-primary font-w-bold text-subheading-lg text-left container-center-100 mb-8\"><span>La guerra sacudi\u00f3 a la econom\u00eda mundial<\/span><\/h2>\n<\/p>\n<p class=\"com-paragraph --s\">Los ataques de Estados Unidos e Israel provocaron una alarma inmediata porque <a href=\"https:\/\/www.lanacion.com.ar\/el-mundo\/en-una-nueva-provocacion-trump-asegura-que-controla-ormuz-mientras-iran-amenaza-con-cerrar-el-nid18082026\/\" target=\"_self\" title=\"https:\/\/www.lanacion.com.ar\/el-mundo\/en-una-nueva-provocacion-trump-asegura-que-controla-ormuz-mientras-iran-amenaza-con-cerrar-el-nid18082026\/\" class=\"com-link break-word\" data-mrf-recirculation=\"n_link_parrafo\"><strong>el estrecho de Ormuz<\/strong><\/a> \u2013que en su punto m\u00e1s angosto tiene unos 34 kil\u00f3metros de ancho, entre Ir\u00e1n y <strong>Om\u00e1n<\/strong>\u2013 canaliza aproximadamente<strong> una quinta parte de los suministros energ\u00e9ticos del mundo. <\/strong>La interrupci\u00f3n del tr\u00e1fico <strong>hizo que los precios del petr\u00f3leo se dispararan y gener\u00f3 temores de una recesi\u00f3n global<\/strong>.<\/p>\n<div class=\"content-media\">\n<section role=\"button\" class=\"mod-media   \">\n<figure role=\"button\" tabindex=\"0\" class=\"mod-figure \"><figcaption class=\"mod-figcaption\"><span class=\"com-text --caption --twoxs\">Un grupo de personas se ve en aguas poco profundas mientras un carguero parece fondeado en el estrecho de Ormuz, cerca de Bandar Abbas, Ir\u00e1n<\/span><span class=\"com-text --credit --twoxs\">Amirhosein Khorgooi &#8211; ISNA<\/span><\/figcaption><\/figure>\n<\/section>\n<\/div>\n<p class=\"com-paragraph --s\">El impacto ha sido significativo, <strong>pero menos grave de lo que muchos economistas tem\u00edan inicialmente<\/strong>. El Fondo Monetario Internacional recort\u00f3 dos veces sus previsiones de crecimiento mundial desde el inicio de la guerra y ahora espera que la econom\u00eda global crezca un 3% este a\u00f1o, frente al 3,3% que hab\u00eda previsto en enero.<\/p>\n<p class=\"com-paragraph --s\">Aun as\u00ed, <strong>la econom\u00eda mundial ha demostrado ser m\u00e1s resistente que durante las crisis petroleras de la d\u00e9cada de 1970<\/strong>. Las principales econom\u00edas son menos dependientes de la energ\u00eda que entonces, mientras que el fuerte gasto y las inversiones \u2013incluido el continuo auge de la inteligencia artificial\u2013 han ayudado a amortiguar el impacto. <\/p>\n<p><h2 class=\"font-primary font-w-bold text-subheading-lg text-left container-center-100 mb-8\"><span>Ir\u00e1n est\u00e1 herido, pero no derrotado<\/span><\/h2>\n<\/p>\n<p class=\"com-paragraph --s\">Las fuerzas armadas y la econom\u00eda de Ir\u00e1n han sufrido graves da\u00f1os, pero <a href=\"https:\/\/www.lanacion.com.ar\/el-mundo\/iran-denuncia-una-guerra-total-de-estados-unidos-y-amenaza-a-los-paises-que-se-sumen-al-bloqueo-nid23082026\/\" target=\"_self\" title=\"https:\/\/www.lanacion.com.ar\/el-mundo\/iran-denuncia-una-guerra-total-de-estados-unidos-y-amenaza-a-los-paises-que-se-sumen-al-bloqueo-nid23082026\/\" class=\"com-link break-word\" data-mrf-recirculation=\"n_link_parrafo\"><strong>Teher\u00e1n todav\u00eda puede lanzar ataques<\/strong><\/a><strong> y mantener cerrado el estrecho de Ormuz<\/strong>. <\/p>\n<p class=\"com-paragraph --s\">En mayo, el principal comandante militar de Estados Unidos para Medio Oriente, el almirante <strong>Brad Cooper<\/strong>, dijo ante el Congreso que las fuerzas estadounidenses hab\u00edan destruido <strong>161 embarcaciones <\/strong>de la Armada iran\u00ed y dejado fuera de servicio el <strong>82% <\/strong>de sus sistemas de defensa a\u00e9rea. Seg\u00fan explic\u00f3, la Fuerza A\u00e9rea iran\u00ed, que antes realizaba hasta <strong>100 misiones diarias<\/strong>, ya no llevaba a cabo operaciones.<\/p>\n<p class=\"com-paragraph --s\">Aun as\u00ed, <strong>Ir\u00e1n conserva drones y misiles y ha logrado atacar embarcaciones y bases militares <\/strong>estadounidenses en distintos puntos de la regi\u00f3n.<\/p>\n<div class=\"content-media\">\n<section role=\"button\" class=\"mod-media   \">\n<figure role=\"button\" tabindex=\"0\" class=\"mod-figure \"><figcaption class=\"mod-figcaption\"><span class=\"com-text --caption --twoxs\">Un manifestante sostiene una imagen del fallecido l\u00edder supremo iran\u00ed, el ayatollah Ali Khamenei, durante una concentraci\u00f3n en una plaza de Teher\u00e1n<\/span><span class=\"com-text --credit --twoxs\">Vahid Salemi &#8211; AP<\/span><\/figcaption><\/figure>\n<\/section>\n<\/div>\n<p class=\"com-paragraph --s\">En marzo, Reuters inform\u00f3 que Estados Unidos pod\u00eda determinar con certeza que <strong>hab\u00eda destruido apenas alrededor de un tercio del enorme arsenal de misiles de Ir\u00e1n<\/strong>. El estado de otro tercio era menos claro, aunque fuentes dijeron entonces a Reuters que los bombardeos probablemente hab\u00edan da\u00f1ado, destruido o sepultado esos misiles en t\u00faneles y b\u00fankeres subterr\u00e1neos.<\/p>\n<p class=\"com-paragraph --s\"><strong>La guerra ha dejado miles de muertos y profundizado la crisis econ\u00f3mica de Ir\u00e1n<\/strong>, agravando la inflaci\u00f3n y perturbando el comercio. En julio, la inflaci\u00f3n de los alimentos alcanz\u00f3 el 128% interanual, seg\u00fan el Centro Estad\u00edstico de Ir\u00e1n. Pero el conflicto tambi\u00e9n ha relegado a un segundo plano las divisiones pol\u00edticas y provocado una represi\u00f3n m\u00e1s dura contra la disidencia.<\/p>\n<p><h2 class=\"font-primary font-w-bold text-subheading-lg text-left container-center-100 mb-8\"><span>Medio Oriente est\u00e1 desestabilizado y en alerta<\/span><\/h2>\n<\/p>\n<p class=\"com-paragraph --s\">La guerra entre Estados Unidos e Israel ten\u00eda como objetivo eliminar a Ir\u00e1n como amenaza para Medio Oriente, pero los analistas sostienen que, en cambio,<strong> <\/strong><a href=\"https:\/\/www.lanacion.com.ar\/el-mundo\/emiratos-arabes-unidos-suspende-sus-vinculos-comerciales-con-iran-y-teheran-amenaza-a-los-aliados-nid19082026\/\" target=\"_self\" title=\"https:\/\/www.lanacion.com.ar\/el-mundo\/emiratos-arabes-unidos-suspende-sus-vinculos-comerciales-con-iran-y-teheran-amenaza-a-los-aliados-nid19082026\/\" class=\"com-link break-word\" data-mrf-recirculation=\"n_link_parrafo\"><strong>fortaleci\u00f3 a Teher\u00e1n y dej\u00f3 a la regi\u00f3n menos segura<\/strong><\/a>.<\/p>\n<p class=\"com-paragraph --s\">Los ataques iran\u00edes con misiles y drones contra los pa\u00edses \u00e1rabes del Golfo aliados de Estados Unidos <strong>alcanzaron instalaciones militares y diplom\u00e1ticas estadounidenses <\/strong>y alteraron el tr\u00e1fico a\u00e9reo.<\/p>\n<div class=\"content-media\">\n<section role=\"button\" class=\"mod-media   \">\n<figure role=\"button\" tabindex=\"0\" class=\"mod-figure \"><figcaption class=\"mod-figcaption\"><span class=\"com-text --caption --twoxs\">Trabajadores extranjeros observan una gran columna de humo negro tras una explosi\u00f3n en la zona industrial de Fujairah, en Emiratos \u00c1rabes Unidos<\/span><span class=\"com-text --credit --twoxs\">&#8211; &#8211; AFP<\/span><\/figcaption><\/figure>\n<\/section>\n<\/div>\n<p class=\"com-paragraph --s\">Los ataques iran\u00edes contra el transporte mar\u00edtimo, combinados con un bloqueo hut\u00ed contra embarcaciones vinculadas con <strong>Arabia Saudita <\/strong>en el mar Rojo, elevaron los costos de los seguros y del transporte en toda la regi\u00f3n. El impacto va mucho m\u00e1s all\u00e1 de los ataques individuales contra buques: <strong>afecta las cadenas de suministro y aumenta la incertidumbre para las econom\u00edas del Golfo<\/strong>.<\/p>\n<p class=\"com-paragraph --s\">Por otro lado, desde el inicio del conflicto, Trump y varios miembros de su gobierno dijeron reiteradamente que <strong>debilitar las redes de grupos terroristas aliados de Ir\u00e1n era uno de los principales objetivos<\/strong> de su ofensiva.<\/p>\n<p class=\"com-paragraph --s\">Con el paso del tiempo, no obstante, los funcionarios norteamericanos han ofrecido cada vez menos informaci\u00f3n sobre esta meta, que el presidente republicano describi\u00f3 en su momento como garantizar que \u201clos grupos terroristas aliados de Ir\u00e1n en la regi\u00f3n <strong>ya no puedan desestabilizar la regi\u00f3n ni el mundo y atacar a nuestras fuerzas<\/strong>\u201d, as\u00ed como \u201cgarantizar que el r\u00e9gimen iran\u00ed no pueda seguir armando, financiando y dirigiendo ej\u00e9rcitos terroristas fuera de sus fronteras\u201d.<\/p>\n<div class=\"content-media\">\n<section role=\"button\" class=\"mod-media   \">\n<figure role=\"button\" tabindex=\"0\" class=\"mod-figure \"><figcaption class=\"mod-figcaption\"><span class=\"com-text --caption --twoxs\">Esta fotograf\u00eda, tomada desde la ciudad libanesa de Tiro, muestra una columna de humo tras un ataque israel\u00ed contra la localidad de Biout es Sayed<\/span><span class=\"com-text --credit --twoxs\">KAWNAT HAJU &#8211; AFP<\/span><\/figcaption><\/figure>\n<\/section>\n<\/div>\n<p class=\"com-paragraph --s\">Al principio de la guerra, Estados Unidos atac\u00f3 a grupos de milicias alineados con Ir\u00e1n en Irak. Pero <strong>el principal foco ha sido la guerra de Israel en el L\u00edbano contra el grupo terrorista Hezbollah<\/strong>, respaldado por Ir\u00e1n.<\/p>\n<p class=\"com-paragraph --s\">Ir\u00e1n ha insistido en que los combates en el L\u00edbano deben terminar como parte de cualquier acuerdo con Estados Unidos. Israel y el gobierno liban\u00e9s anunciaron un acuerdo, mediado por Estados Unidos, <strong>para que las fuerzas israel\u00edes abandonen el sur del L\u00edbano a cambio del desarme de Hezbollah<\/strong>, algo que un funcionario del gobierno norteamericano describi\u00f3 como un \u201cpaso enorme\u201d. Sin embargo, el grupo armado se ha negado a mantener negociaciones directas y <strong>su l\u00edder ha dicho que no se desarmar\u00e1<\/strong>.<\/p>\n<p><h2 class=\"font-primary font-w-bold text-subheading-lg text-left container-center-100 mb-8\"><span>Ir\u00e1n podr\u00eda tardar m\u00e1s en producir un arma nuclear<\/span><\/h2>\n<\/p>\n<p class=\"com-paragraph --s\">Los ataques de Estados Unidos e Israel durante una ofensiva anterior, en junio de 2025, y en la fase inicial de la guerra actual <strong>da\u00f1aron gravemente tres de las plantas de enriquecimiento conocidas de Ir\u00e1n <\/strong>y sitios sospechados de albergar actividades vinculadas con el desarrollo de armas. Adem\u00e1s, los ataques israel\u00edes mataron a destacados cient\u00edficos nucleares.<\/p>\n<p class=\"com-paragraph --s\">Las evaluaciones de inteligencia estadounidenses de mayo <strong>situaron en hasta un a\u00f1o el denominado \u201ctiempo de ruptura\u201d nuclear de Ir\u00e1n <\/strong>\u2013el per\u00edodo necesario para producir suficiente material fisible para fabricar una bomba\u2013, frente a los seis meses estimados antes de la guerra.<\/p>\n<div class=\"content-media\">\n<section role=\"button\" class=\"mod-media   \">\n<figure role=\"button\" tabindex=\"0\" class=\"mod-figure \"><figcaption class=\"mod-figcaption\"><span class=\"com-text --caption --twoxs\">Manifestantes progubernamentales agitan banderas, incluida una de Hezbollah, el grupo terrorista liban\u00e9s, durante una concentraci\u00f3n en una plaza de Teher\u00e1n<\/span><span class=\"com-text --credit --twoxs\">Vahid Salemi &#8211; AP<\/span><\/figcaption><\/figure>\n<\/section>\n<\/div>\n<p class=\"com-paragraph --s\">Impedir que Ir\u00e1n obtenga un arma nuclear es el principal objetivo declarado por Trump para el conflicto.<\/p>\n<p class=\"com-paragraph --s\">Sin embargo, <strong>el verdadero estado del programa nuclear es incierto <\/strong>porque los inspectores de la ONU no han regresado a las instalaciones nucleares iran\u00edes. El Organismo Internacional de Energ\u00eda At\u00f3mica \u2013dirigido por el argentino <strong>Rafael Grossi<\/strong>\u2013 no ha podido verificar la ubicaci\u00f3n de <strong>unos 440 kilos de uranio enriquecido al 60% <\/strong>desde los ataques de 2025. Ese material podr\u00eda ser enriquecido a\u00fan m\u00e1s hasta alcanzar el nivel necesario para fabricar armas en una instalaci\u00f3n clandestina.<\/p>\n<p class=\"com-paragraph --s\">Ir\u00e1n ha negado durante a\u00f1os que busque fabricar una bomba nuclear.<\/p>\n<p><h2 class=\"font-primary font-w-bold text-subheading-lg text-left container-center-100 mb-8\"><span>La capacidad militar de Estados Unidos se ha reducido<\/span><\/h2>\n<\/p>\n<p class=\"com-paragraph --s\">Las Fuerzas Armadas estadounidenses han perdido drones y aeronaves, tanto por el fuego iran\u00ed como por accidentes. Un informe del Servicio de Investigaci\u00f3n del Congreso publicado en mayo se\u00f1al\u00f3 que <strong>42 aeronaves militares estadounidenses se hab\u00edan perdido <\/strong>durante el conflicto.<\/p>\n<p class=\"com-paragraph --s\">Las municiones representan una de las principales preocupaciones. Reuters inform\u00f3 que <strong>las Fuerzas Armadas hab\u00edan utilizado \u201cpr\u00e1cticamente todo\u201d su suministro mundial <\/strong>de determinados misiles de precisi\u00f3n. Una estimaci\u00f3n del Center for Strategic and International Studies indic\u00f3 que, para julio, <strong>Estados Unidos hab\u00eda utilizado alrededor del 65% <\/strong>de sus interceptores Patriot y reducido en al menos un 38% sus reservas de interceptores THAAD (Terminal High Altitude Area Defense).<\/p>\n<div class=\"content-media\">\n<section role=\"button\" class=\"mod-media   \">\n<figure role=\"button\" tabindex=\"0\" class=\"mod-figure \"><figcaption class=\"mod-figcaption\"><span class=\"com-text --caption --twoxs\">El Ala A\u00e9rea Embarcada 7 (CVW 7) volando en formaci\u00f3n sobre el portaaviones USS George H.W. Bush (CVN 77), en el mar Ar\u00e1bigo<\/span><span class=\"com-text --credit --twoxs\">&#8211; &#8211; US NAVY<\/span><\/figcaption><\/figure>\n<\/section>\n<\/div>\n<p class=\"com-paragraph --s\">Washington traslad\u00f3 aviones de combate, <a href=\"https:\/\/www.lanacion.com.ar\/el-mundo\/el-uss-george-washington-releva-al-portaaviones-abraham-lincoln-tras-nueve-meses-de-despliegue-en-nid20082026\/\" target=\"_self\" title=\"https:\/\/www.lanacion.com.ar\/el-mundo\/el-uss-george-washington-releva-al-portaaviones-abraham-lincoln-tras-nueve-meses-de-despliegue-en-nid20082026\/\" class=\"com-link break-word\" data-mrf-recirculation=\"n_link_parrafo\">buques de guerra<\/a> y otros recursos a Medio Oriente desde Europa y la regi\u00f3n del Asia-Pac\u00edfico, prolongando los despliegues y <strong>generando interrogantes sobre la capacidad de respuesta estadounidense en otros escenarios<\/strong>.<\/p>\n<p class=\"com-paragraph --s\">El <strong>USS Gerald R. Ford <\/strong>permaneci\u00f3 desplegado durante m\u00e1s de un a\u00f1o, su despliegue m\u00e1s prolongado desde la Guerra de Vietnam, mientras que legisladores expresaron preocupaci\u00f3n por las condiciones a bordo del <a href=\"https:\/\/www.lanacion.com.ar\/el-mundo\/crisis-a-bordo-de-un-portaaviones-de-eeuu-marineros-agotados-problemas-de-salud-mental-y-denuncias-nid13082026\/\" target=\"_self\" title=\"USS Abraham Lincoln\" class=\"com-link break-word\" data-mrf-recirculation=\"n_link_parrafo\"><strong>USS Abraham Lincoln<\/strong><\/a><strong> <\/strong>despu\u00e9s de 200 d\u00edas consecutivos en el mar. El portaaviones fue reemplazado la semana pasada por otro que se encontraba en el Pac\u00edfico, una muestra de c\u00f3mo la guerra est\u00e1 llevando al l\u00edmite los recursos militares estadounidenses.<\/p>\n<p class=\"com-paragraph --s\"><strong>Agencias AP y Reuters<\/strong><\/p>\n<section class=\"container-center-100 mb-40 border border-bottom border-thin border-neutral-light-700\">\n<hr\/>\n<\/section>\n<\/div>\n<p><script id=\"facebookpixel\" defer=\"\" type=\"text\/javascript\">\n        !function(f,b,e,v,n,t,s)\n        {if(f.fbq)return;n=f.fbq=function(){n.callMethod?\n        n.callMethod.apply(n,arguments):n.queue.push(arguments)};\n        if(!f._fbq)f._fbq=n;n.push=n;n.loaded=!0;n.version='2.0';\n        n.queue=[];t=b.createElement(e);t.async=!0;\n        t.src=v;s=b.getElementsByTagName(e)[0];\n        s.parentNode.insertBefore(t,s)}(window, document,'script',\n        'https:\/\/connect.facebook.net\/en_US\/fbevents.js');\n        fbq('init', '492459597522335');\n        fbq('track', 'PageView');\n    <\/script><br \/>\n<br \/><\/p>\n","protected":false},"excerpt":{"rendered":"<p>WASHINGTON.\u2013 Seis meses despu\u00e9s de que Estados Unidos e Israel lanzaran los primeros ataques contra Ir\u00e1n, la guerra que el presidente norteamericano, Donald Trump, calific\u00f3 inicialmente como una \u201cpeque\u00f1a excursi\u00f3n\u201d se ha convertido en un estancamiento profundamente impopular que amenaza con descarrilar su presidencia y que ha trastocado el comercio y la pol\u00edtica internacional. El [&hellip;]<\/p>\n","protected":false},"author":2,"featured_media":209672,"comment_status":"closed","ping_status":"closed","sticky":false,"template":"","format":"standard","meta":{"footnotes":""},"categories":[26],"tags":[],"class_list":["post-209671","post","type-post","status-publish","format-standard","has-post-thumbnail","hentry","category-internacionales"],"yoast_head":"<!-- This site is optimized with the Yoast SEO plugin v24.4 - https:\/\/yoast.com\/wordpress\/plugins\/seo\/ -->\n<title>Las principales consecuencias de la guerra con Ir\u00e1n: qu\u00e9 cambi\u00f3 y la falsa promesa de Donald Trump - GYS NOTICIAS |<\/title>\n<meta name=\"robots\" content=\"index, follow, max-snippet:-1, max-image-preview:large, max-video-preview:-1\" \/>\n<link rel=\"canonical\" href=\"https:\/\/gysfm.com.ar\/inicio\/las-principales-consecuencias-de-la-guerra-con-iran-que-cambio-y-la-falsa-promesa-de-donald-trump\/\" \/>\n<meta property=\"og:locale\" content=\"es_ES\" \/>\n<meta property=\"og:type\" content=\"article\" \/>\n<meta property=\"og:title\" content=\"Las principales consecuencias de la guerra con Ir\u00e1n: qu\u00e9 cambi\u00f3 y la falsa promesa de Donald Trump - GYS NOTICIAS |\" \/>\n<meta property=\"og:description\" content=\"WASHINGTON.\u2013 Seis meses despu\u00e9s de que Estados Unidos e Israel lanzaran los primeros ataques contra Ir\u00e1n, la guerra que el presidente norteamericano, Donald Trump, calific\u00f3 inicialmente como una \u201cpeque\u00f1a excursi\u00f3n\u201d se ha convertido en un estancamiento profundamente impopular que amenaza con descarrilar su presidencia y que ha trastocado el comercio y la pol\u00edtica internacional. El [&hellip;]\" \/>\n<meta property=\"og:url\" content=\"https:\/\/gysfm.com.ar\/inicio\/las-principales-consecuencias-de-la-guerra-con-iran-que-cambio-y-la-falsa-promesa-de-donald-trump\/\" \/>\n<meta property=\"og:site_name\" content=\"GYS NOTICIAS |\" \/>\n<meta property=\"article:published_time\" content=\"2026-08-28T16:24:58+00:00\" \/>\n<meta property=\"og:image\" content=\"https:\/\/gysfm.com.ar\/inicio\/wp-content\/uploads\/2026\/08\/un-manifestante-progubernamental-corea-consignas-PG3VUNWIWBFQHIPE6VNCFC3W4I.JPG\" \/>\n\t<meta property=\"og:image:width\" content=\"1200\" \/>\n\t<meta property=\"og:image:height\" content=\"800\" \/>\n\t<meta property=\"og:image:type\" content=\"image\/jpeg\" \/>\n<meta name=\"author\" content=\"Prensa G&amp;S FM\" \/>\n<meta name=\"twitter:card\" content=\"summary_large_image\" \/>\n<meta name=\"twitter:label1\" content=\"Escrito por\" \/>\n\t<meta name=\"twitter:data1\" content=\"Prensa G&amp;S FM\" \/>\n\t<meta name=\"twitter:label2\" content=\"Tiempo de lectura\" \/>\n\t<meta name=\"twitter:data2\" content=\"10 minutos\" \/>\n<script type=\"application\/ld+json\" class=\"yoast-schema-graph\">{\"@context\":\"https:\/\/schema.org\",\"@graph\":[{\"@type\":\"Article\",\"@id\":\"https:\/\/gysfm.com.ar\/inicio\/las-principales-consecuencias-de-la-guerra-con-iran-que-cambio-y-la-falsa-promesa-de-donald-trump\/#article\",\"isPartOf\":{\"@id\":\"https:\/\/gysfm.com.ar\/inicio\/las-principales-consecuencias-de-la-guerra-con-iran-que-cambio-y-la-falsa-promesa-de-donald-trump\/\"},\"author\":{\"name\":\"Prensa G&amp;S FM\",\"@id\":\"https:\/\/gysfm.com.ar\/inicio\/#\/schema\/person\/3abba7593ef2ad19e1be221d54383dc5\"},\"headline\":\"Las principales consecuencias de la guerra con Ir\u00e1n: qu\u00e9 cambi\u00f3 y la falsa promesa de Donald Trump\",\"datePublished\":\"2026-08-28T16:24:58+00:00\",\"mainEntityOfPage\":{\"@id\":\"https:\/\/gysfm.com.ar\/inicio\/las-principales-consecuencias-de-la-guerra-con-iran-que-cambio-y-la-falsa-promesa-de-donald-trump\/\"},\"wordCount\":2021,\"publisher\":{\"@id\":\"https:\/\/gysfm.com.ar\/inicio\/#organization\"},\"image\":{\"@id\":\"https:\/\/gysfm.com.ar\/inicio\/las-principales-consecuencias-de-la-guerra-con-iran-que-cambio-y-la-falsa-promesa-de-donald-trump\/#primaryimage\"},\"thumbnailUrl\":\"https:\/\/gysfm.com.ar\/inicio\/wp-content\/uploads\/2026\/08\/un-manifestante-progubernamental-corea-consignas-PG3VUNWIWBFQHIPE6VNCFC3W4I.JPG\",\"articleSection\":[\"INTERNACIONALES\"],\"inLanguage\":\"es\"},{\"@type\":\"WebPage\",\"@id\":\"https:\/\/gysfm.com.ar\/inicio\/las-principales-consecuencias-de-la-guerra-con-iran-que-cambio-y-la-falsa-promesa-de-donald-trump\/\",\"url\":\"https:\/\/gysfm.com.ar\/inicio\/las-principales-consecuencias-de-la-guerra-con-iran-que-cambio-y-la-falsa-promesa-de-donald-trump\/\",\"name\":\"Las principales consecuencias de la guerra con Ir\u00e1n: qu\u00e9 cambi\u00f3 y la falsa promesa de Donald Trump - GYS NOTICIAS |\",\"isPartOf\":{\"@id\":\"https:\/\/gysfm.com.ar\/inicio\/#website\"},\"primaryImageOfPage\":{\"@id\":\"https:\/\/gysfm.com.ar\/inicio\/las-principales-consecuencias-de-la-guerra-con-iran-que-cambio-y-la-falsa-promesa-de-donald-trump\/#primaryimage\"},\"image\":{\"@id\":\"https:\/\/gysfm.com.ar\/inicio\/las-principales-consecuencias-de-la-guerra-con-iran-que-cambio-y-la-falsa-promesa-de-donald-trump\/#primaryimage\"},\"thumbnailUrl\":\"https:\/\/gysfm.com.ar\/inicio\/wp-content\/uploads\/2026\/08\/un-manifestante-progubernamental-corea-consignas-PG3VUNWIWBFQHIPE6VNCFC3W4I.JPG\",\"datePublished\":\"2026-08-28T16:24:58+00:00\",\"breadcrumb\":{\"@id\":\"https:\/\/gysfm.com.ar\/inicio\/las-principales-consecuencias-de-la-guerra-con-iran-que-cambio-y-la-falsa-promesa-de-donald-trump\/#breadcrumb\"},\"inLanguage\":\"es\",\"potentialAction\":[{\"@type\":\"ReadAction\",\"target\":[\"https:\/\/gysfm.com.ar\/inicio\/las-principales-consecuencias-de-la-guerra-con-iran-que-cambio-y-la-falsa-promesa-de-donald-trump\/\"]}]},{\"@type\":\"ImageObject\",\"inLanguage\":\"es\",\"@id\":\"https:\/\/gysfm.com.ar\/inicio\/las-principales-consecuencias-de-la-guerra-con-iran-que-cambio-y-la-falsa-promesa-de-donald-trump\/#primaryimage\",\"url\":\"https:\/\/gysfm.com.ar\/inicio\/wp-content\/uploads\/2026\/08\/un-manifestante-progubernamental-corea-consignas-PG3VUNWIWBFQHIPE6VNCFC3W4I.JPG\",\"contentUrl\":\"https:\/\/gysfm.com.ar\/inicio\/wp-content\/uploads\/2026\/08\/un-manifestante-progubernamental-corea-consignas-PG3VUNWIWBFQHIPE6VNCFC3W4I.JPG\",\"width\":1200,\"height\":800},{\"@type\":\"BreadcrumbList\",\"@id\":\"https:\/\/gysfm.com.ar\/inicio\/las-principales-consecuencias-de-la-guerra-con-iran-que-cambio-y-la-falsa-promesa-de-donald-trump\/#breadcrumb\",\"itemListElement\":[{\"@type\":\"ListItem\",\"position\":1,\"name\":\"Portada\",\"item\":\"https:\/\/gysfm.com.ar\/inicio\/\"},{\"@type\":\"ListItem\",\"position\":2,\"name\":\"Las principales consecuencias de la guerra con Ir\u00e1n: qu\u00e9 cambi\u00f3 y la falsa promesa de Donald Trump\"}]},{\"@type\":\"WebSite\",\"@id\":\"https:\/\/gysfm.com.ar\/inicio\/#website\",\"url\":\"https:\/\/gysfm.com.ar\/inicio\/\",\"name\":\"GYS NOTICIAS |\",\"description\":\"DIARIO - RADIO ONLINE SAN JUAN ARGENTINA\",\"publisher\":{\"@id\":\"https:\/\/gysfm.com.ar\/inicio\/#organization\"},\"potentialAction\":[{\"@type\":\"SearchAction\",\"target\":{\"@type\":\"EntryPoint\",\"urlTemplate\":\"https:\/\/gysfm.com.ar\/inicio\/?s={search_term_string}\"},\"query-input\":{\"@type\":\"PropertyValueSpecification\",\"valueRequired\":true,\"valueName\":\"search_term_string\"}}],\"inLanguage\":\"es\"},{\"@type\":\"Organization\",\"@id\":\"https:\/\/gysfm.com.ar\/inicio\/#organization\",\"name\":\"GYS NOTICIAS |\",\"url\":\"https:\/\/gysfm.com.ar\/inicio\/\",\"logo\":{\"@type\":\"ImageObject\",\"inLanguage\":\"es\",\"@id\":\"https:\/\/gysfm.com.ar\/inicio\/#\/schema\/logo\/image\/\",\"url\":\"https:\/\/gysfm.com.ar\/inicio\/wp-content\/uploads\/2023\/07\/LOGOGYS-OK.png\",\"contentUrl\":\"https:\/\/gysfm.com.ar\/inicio\/wp-content\/uploads\/2023\/07\/LOGOGYS-OK.png\",\"width\":1170,\"height\":872,\"caption\":\"GYS NOTICIAS |\"},\"image\":{\"@id\":\"https:\/\/gysfm.com.ar\/inicio\/#\/schema\/logo\/image\/\"}},{\"@type\":\"Person\",\"@id\":\"https:\/\/gysfm.com.ar\/inicio\/#\/schema\/person\/3abba7593ef2ad19e1be221d54383dc5\",\"name\":\"Prensa G&amp;S FM\",\"image\":{\"@type\":\"ImageObject\",\"inLanguage\":\"es\",\"@id\":\"https:\/\/gysfm.com.ar\/inicio\/#\/schema\/person\/image\/\",\"url\":\"https:\/\/secure.gravatar.com\/avatar\/096ec78df02049ab018702bb4ccedf659377fa92a26540b5247612077a0dbd29?s=96&d=mm&r=g\",\"contentUrl\":\"https:\/\/secure.gravatar.com\/avatar\/096ec78df02049ab018702bb4ccedf659377fa92a26540b5247612077a0dbd29?s=96&d=mm&r=g\",\"caption\":\"Prensa G&amp;S FM\"},\"sameAs\":[\"https:\/\/gysfm.com.ar\/\"],\"url\":\"https:\/\/gysfm.com.ar\/inicio\/author\/lucasm\/\"}]}<\/script>\n<!-- \/ Yoast SEO plugin. -->","yoast_head_json":{"title":"Las principales consecuencias de la guerra con Ir\u00e1n: qu\u00e9 cambi\u00f3 y la falsa promesa de Donald Trump - GYS NOTICIAS |","robots":{"index":"index","follow":"follow","max-snippet":"max-snippet:-1","max-image-preview":"max-image-preview:large","max-video-preview":"max-video-preview:-1"},"canonical":"https:\/\/gysfm.com.ar\/inicio\/las-principales-consecuencias-de-la-guerra-con-iran-que-cambio-y-la-falsa-promesa-de-donald-trump\/","og_locale":"es_ES","og_type":"article","og_title":"Las principales consecuencias de la guerra con Ir\u00e1n: qu\u00e9 cambi\u00f3 y la falsa promesa de Donald Trump - GYS NOTICIAS |","og_description":"WASHINGTON.\u2013 Seis meses despu\u00e9s de que Estados Unidos e Israel lanzaran los primeros ataques contra Ir\u00e1n, la guerra que el presidente norteamericano, Donald Trump, calific\u00f3 inicialmente como una \u201cpeque\u00f1a excursi\u00f3n\u201d se ha convertido en un estancamiento profundamente impopular que amenaza con descarrilar su presidencia y que ha trastocado el comercio y la pol\u00edtica internacional. El [&hellip;]","og_url":"https:\/\/gysfm.com.ar\/inicio\/las-principales-consecuencias-de-la-guerra-con-iran-que-cambio-y-la-falsa-promesa-de-donald-trump\/","og_site_name":"GYS NOTICIAS |","article_published_time":"2026-08-28T16:24:58+00:00","og_image":[{"width":1200,"height":800,"url":"https:\/\/gysfm.com.ar\/inicio\/wp-content\/uploads\/2026\/08\/un-manifestante-progubernamental-corea-consignas-PG3VUNWIWBFQHIPE6VNCFC3W4I.JPG","type":"image\/jpeg"}],"author":"Prensa G&amp;S FM","twitter_card":"summary_large_image","twitter_misc":{"Escrito por":"Prensa G&amp;S FM","Tiempo de lectura":"10 minutos"},"schema":{"@context":"https:\/\/schema.org","@graph":[{"@type":"Article","@id":"https:\/\/gysfm.com.ar\/inicio\/las-principales-consecuencias-de-la-guerra-con-iran-que-cambio-y-la-falsa-promesa-de-donald-trump\/#article","isPartOf":{"@id":"https:\/\/gysfm.com.ar\/inicio\/las-principales-consecuencias-de-la-guerra-con-iran-que-cambio-y-la-falsa-promesa-de-donald-trump\/"},"author":{"name":"Prensa G&amp;S FM","@id":"https:\/\/gysfm.com.ar\/inicio\/#\/schema\/person\/3abba7593ef2ad19e1be221d54383dc5"},"headline":"Las principales consecuencias de la guerra con Ir\u00e1n: qu\u00e9 cambi\u00f3 y la falsa promesa de Donald Trump","datePublished":"2026-08-28T16:24:58+00:00","mainEntityOfPage":{"@id":"https:\/\/gysfm.com.ar\/inicio\/las-principales-consecuencias-de-la-guerra-con-iran-que-cambio-y-la-falsa-promesa-de-donald-trump\/"},"wordCount":2021,"publisher":{"@id":"https:\/\/gysfm.com.ar\/inicio\/#organization"},"image":{"@id":"https:\/\/gysfm.com.ar\/inicio\/las-principales-consecuencias-de-la-guerra-con-iran-que-cambio-y-la-falsa-promesa-de-donald-trump\/#primaryimage"},"thumbnailUrl":"https:\/\/gysfm.com.ar\/inicio\/wp-content\/uploads\/2026\/08\/un-manifestante-progubernamental-corea-consignas-PG3VUNWIWBFQHIPE6VNCFC3W4I.JPG","articleSection":["INTERNACIONALES"],"inLanguage":"es"},{"@type":"WebPage","@id":"https:\/\/gysfm.com.ar\/inicio\/las-principales-consecuencias-de-la-guerra-con-iran-que-cambio-y-la-falsa-promesa-de-donald-trump\/","url":"https:\/\/gysfm.com.ar\/inicio\/las-principales-consecuencias-de-la-guerra-con-iran-que-cambio-y-la-falsa-promesa-de-donald-trump\/","name":"Las principales consecuencias de la guerra con Ir\u00e1n: qu\u00e9 cambi\u00f3 y la falsa promesa de Donald Trump - GYS NOTICIAS |","isPartOf":{"@id":"https:\/\/gysfm.com.ar\/inicio\/#website"},"primaryImageOfPage":{"@id":"https:\/\/gysfm.com.ar\/inicio\/las-principales-consecuencias-de-la-guerra-con-iran-que-cambio-y-la-falsa-promesa-de-donald-trump\/#primaryimage"},"image":{"@id":"https:\/\/gysfm.com.ar\/inicio\/las-principales-consecuencias-de-la-guerra-con-iran-que-cambio-y-la-falsa-promesa-de-donald-trump\/#primaryimage"},"thumbnailUrl":"https:\/\/gysfm.com.ar\/inicio\/wp-content\/uploads\/2026\/08\/un-manifestante-progubernamental-corea-consignas-PG3VUNWIWBFQHIPE6VNCFC3W4I.JPG","datePublished":"2026-08-28T16:24:58+00:00","breadcrumb":{"@id":"https:\/\/gysfm.com.ar\/inicio\/las-principales-consecuencias-de-la-guerra-con-iran-que-cambio-y-la-falsa-promesa-de-donald-trump\/#breadcrumb"},"inLanguage":"es","potentialAction":[{"@type":"ReadAction","target":["https:\/\/gysfm.com.ar\/inicio\/las-principales-consecuencias-de-la-guerra-con-iran-que-cambio-y-la-falsa-promesa-de-donald-trump\/"]}]},{"@type":"ImageObject","inLanguage":"es","@id":"https:\/\/gysfm.com.ar\/inicio\/las-principales-consecuencias-de-la-guerra-con-iran-que-cambio-y-la-falsa-promesa-de-donald-trump\/#primaryimage","url":"https:\/\/gysfm.com.ar\/inicio\/wp-content\/uploads\/2026\/08\/un-manifestante-progubernamental-corea-consignas-PG3VUNWIWBFQHIPE6VNCFC3W4I.JPG","contentUrl":"https:\/\/gysfm.com.ar\/inicio\/wp-content\/uploads\/2026\/08\/un-manifestante-progubernamental-corea-consignas-PG3VUNWIWBFQHIPE6VNCFC3W4I.JPG","width":1200,"height":800},{"@type":"BreadcrumbList","@id":"https:\/\/gysfm.com.ar\/inicio\/las-principales-consecuencias-de-la-guerra-con-iran-que-cambio-y-la-falsa-promesa-de-donald-trump\/#breadcrumb","itemListElement":[{"@type":"ListItem","position":1,"name":"Portada","item":"https:\/\/gysfm.com.ar\/inicio\/"},{"@type":"ListItem","position":2,"name":"Las principales consecuencias de la guerra con Ir\u00e1n: qu\u00e9 cambi\u00f3 y la falsa promesa de Donald Trump"}]},{"@type":"WebSite","@id":"https:\/\/gysfm.com.ar\/inicio\/#website","url":"https:\/\/gysfm.com.ar\/inicio\/","name":"GYS NOTICIAS |","description":"DIARIO - RADIO ONLINE SAN JUAN ARGENTINA","publisher":{"@id":"https:\/\/gysfm.com.ar\/inicio\/#organization"},"potentialAction":[{"@type":"SearchAction","target":{"@type":"EntryPoint","urlTemplate":"https:\/\/gysfm.com.ar\/inicio\/?s={search_term_string}"},"query-input":{"@type":"PropertyValueSpecification","valueRequired":true,"valueName":"search_term_string"}}],"inLanguage":"es"},{"@type":"Organization","@id":"https:\/\/gysfm.com.ar\/inicio\/#organization","name":"GYS NOTICIAS |","url":"https:\/\/gysfm.com.ar\/inicio\/","logo":{"@type":"ImageObject","inLanguage":"es","@id":"https:\/\/gysfm.com.ar\/inicio\/#\/schema\/logo\/image\/","url":"https:\/\/gysfm.com.ar\/inicio\/wp-content\/uploads\/2023\/07\/LOGOGYS-OK.png","contentUrl":"https:\/\/gysfm.com.ar\/inicio\/wp-content\/uploads\/2023\/07\/LOGOGYS-OK.png","width":1170,"height":872,"caption":"GYS NOTICIAS |"},"image":{"@id":"https:\/\/gysfm.com.ar\/inicio\/#\/schema\/logo\/image\/"}},{"@type":"Person","@id":"https:\/\/gysfm.com.ar\/inicio\/#\/schema\/person\/3abba7593ef2ad19e1be221d54383dc5","name":"Prensa G&amp;S FM","image":{"@type":"ImageObject","inLanguage":"es","@id":"https:\/\/gysfm.com.ar\/inicio\/#\/schema\/person\/image\/","url":"https:\/\/secure.gravatar.com\/avatar\/096ec78df02049ab018702bb4ccedf659377fa92a26540b5247612077a0dbd29?s=96&d=mm&r=g","contentUrl":"https:\/\/secure.gravatar.com\/avatar\/096ec78df02049ab018702bb4ccedf659377fa92a26540b5247612077a0dbd29?s=96&d=mm&r=g","caption":"Prensa G&amp;S FM"},"sameAs":["https:\/\/gysfm.com.ar\/"],"url":"https:\/\/gysfm.com.ar\/inicio\/author\/lucasm\/"}]}},"_links":{"self":[{"href":"https:\/\/gysfm.com.ar\/inicio\/wp-json\/wp\/v2\/posts\/209671","targetHints":{"allow":["GET"]}}],"collection":[{"href":"https:\/\/gysfm.com.ar\/inicio\/wp-json\/wp\/v2\/posts"}],"about":[{"href":"https:\/\/gysfm.com.ar\/inicio\/wp-json\/wp\/v2\/types\/post"}],"author":[{"embeddable":true,"href":"https:\/\/gysfm.com.ar\/inicio\/wp-json\/wp\/v2\/users\/2"}],"replies":[{"embeddable":true,"href":"https:\/\/gysfm.com.ar\/inicio\/wp-json\/wp\/v2\/comments?post=209671"}],"version-history":[{"count":1,"href":"https:\/\/gysfm.com.ar\/inicio\/wp-json\/wp\/v2\/posts\/209671\/revisions"}],"predecessor-version":[{"id":209673,"href":"https:\/\/gysfm.com.ar\/inicio\/wp-json\/wp\/v2\/posts\/209671\/revisions\/209673"}],"wp:featuredmedia":[{"embeddable":true,"href":"https:\/\/gysfm.com.ar\/inicio\/wp-json\/wp\/v2\/media\/209672"}],"wp:attachment":[{"href":"https:\/\/gysfm.com.ar\/inicio\/wp-json\/wp\/v2\/media?parent=209671"}],"wp:term":[{"taxonomy":"category","embeddable":true,"href":"https:\/\/gysfm.com.ar\/inicio\/wp-json\/wp\/v2\/categories?post=209671"},{"taxonomy":"post_tag","embeddable":true,"href":"https:\/\/gysfm.com.ar\/inicio\/wp-json\/wp\/v2\/tags?post=209671"}],"curies":[{"name":"wp","href":"https:\/\/api.w.org\/{rel}","templated":true}]}}