{"id":209669,"date":"2026-08-28T13:18:26","date_gmt":"2026-08-28T16:18:26","guid":{"rendered":"https:\/\/gysfm.com.ar\/inicio\/que-pasara-con-el-dolar-y-el-programa-economico-de-cara-a-2027-segun-un-economista-cercano-a-javier-milei\/"},"modified":"2026-08-28T13:18:26","modified_gmt":"2026-08-28T16:18:26","slug":"que-pasara-con-el-dolar-y-el-programa-economico-de-cara-a-2027-segun-un-economista-cercano-a-javier-milei","status":"publish","type":"post","link":"https:\/\/gysfm.com.ar\/inicio\/que-pasara-con-el-dolar-y-el-programa-economico-de-cara-a-2027-segun-un-economista-cercano-a-javier-milei\/","title":{"rendered":"Qu\u00e9 pasar\u00e1 con el d\u00f3lar y el programa econ\u00f3mico de cara a 2027, seg\u00fan un economista cercano a Javier Milei"},"content":{"rendered":"<p> <br \/>\n<\/p>\n<div>\t\t<!-- { REGION4 --> <\/p>\n<header class=\"news-headline\">\n<div class=\"news-headline__topics-and-date-wrapper\">    <span class=\"news-headline__publication-date\"> 28 de agosto 2026 &#8211; 12:17<br \/>\n            <\/span><\/div>\n<h2 class=\"news-headline__article-summary\"\/>\n<p id=\"p-1787923971692-67460\" class=\"ignore-parser\"> El economista Juan Carlos De Pablo le baj\u00f3 el tono al debate sobre la competitividad, y traz\u00f3 su panorama econ\u00f3mico, con el d\u00f3lar y la morosidad c\u00f3mo protagonistas. Los detalles, en la nota.<\/p>\n<\/header>\n<article class=\"article-body article-body--first-paragraph\" data-td-script-src=\"https:\/\/www.ambito.com\/td\/modulos\/encuestas\/js\/function-embeds-min-version-1787890062.js\">\n<p id=\"p-1787924637389-71943\" data-path-to-node=\"4,0,1,0\">La <strong>cotizaci\u00f3n del  d\u00f3lar mayorista quebr\u00f3 la barrera de los $1.500 y alert\u00f3 las proyecciones del mercado de cara a los pr\u00f3ximos meses<\/strong>. Sin embargo, el economista <strong>Juan Carlos de Pablo<\/strong> le baj\u00f3 el tono al debate sobre la competitividad: critic\u00f3 las m\u00e9tricas habituales para evaluar el atraso cambiario y advirti\u00f3 que pretender resolver los desequilibrios econ\u00f3micos con un salto devaluatorio es un diagn\u00f3stico equivocado.<\/p>\n<\/article>\n<section class=\"suscription-false printed-edition\" style=\"display:none\">\n<p> El contenido al que quiere acceder es exclusivo para suscriptores.<\/p>\n<p>  <span> <button type=\"button\" name=\"button\" class=\"subscribe-btn mercadopago-btn\">suscribirse<\/button><\/span>  <span class=\"btns\"><button type=\"button\" name=\"button\" class=\"subscribe-btn reload-login\"> ya estoy suscripto<\/button><\/span>  <\/p>\n<\/section>\n<article class=\"article-body article-body--second-paragraph\">\n<p id=\"p-1787924693970-22192\" data-path-to-node=\"4,0,1,0\">Durante una entrevista con + Perfil, De Pablo descart\u00f3 el uso de f\u00f3rmulas matem\u00e1ticas para calcular un <strong>\u201cd\u00f3lar de equilibrio\u201d, <\/strong>argumentando que \u201ceso es aritm\u00e9tica y no econom\u00eda\u201d. El economista indic\u00f3 que \u201c<strong>ac\u00e1 no ten\u00e9s una intervenci\u00f3n directa, ten\u00e9s flotaci\u00f3n<\/strong>. Hace meses que el d\u00f3lar no se acerca ni por casualidad a la banda superior\u201d.<\/p>\n<\/article>\n<section class=\"related-news\">\t\t<span class=\"related-news__title\">Informate m\u00e1s<\/span>\t\t<\/p>\n<div class=\"row row--eq-height\">\n<div class=\"col-12 col-md-6\">\n<article class=\"news-article news-article--landscape-news news-article--landscape-news\">\n<figure class=\"news-article__figure figure\">\n\t\t\t\t\t\t\t\t\t\t\t<img src=\"https:\/\/media.ambito.com\/p\/42a8d22b646c2d3bb45d50d6bcbb1af3\/adjuntos\/239\/imagenes\/042\/744\/0042744037\/dolar-blue-vivo-inversiones-mercados.jpg\" decoding=\"async\" fetchpriority=\"low\" loading=\"lazy\" alt=\"dolar blue hoy: a cuanto opera este viernes 28 de agosto\" title=\"dolar blue hoy: a cuanto opera este viernes 28 de agosto\" width=\"93\" height=\"52\" class=\"news-article__figure-img figure-img img-fluid\"\/>\t\t<\/figure>\n<\/article><\/div>\n<div class=\"col-12 col-md-6\">\n<article class=\"news-article news-article--landscape-news news-article--landscape-news\">\n<figure class=\"news-article__figure figure\">\n\t\t\t\t\t\t\t\t\t\t\t<img src=\"https:\/\/media.ambito.com\/p\/9e8087275437980638cd0b7fb26215ef\/adjuntos\/239\/imagenes\/043\/560\/0043560254\/93x52\/2223x1449:2243x1469\/dolar-blue.jpg\" decoding=\"async\" fetchpriority=\"low\" loading=\"lazy\" alt=\"El d\u00f3lar oficial cierra una semana clave en la city.\" title=\"El d\u00f3lar oficial cierra una semana clave en la city.\" width=\"93\" height=\"52\" class=\"news-article__figure-img figure-img img-fluid\"\/>\t\t<\/figure>\n<\/article><\/div>\n<\/div>\n<\/section>\n<article class=\"article-body article-body--third-paragraph\">\n<h2 id=\"p-1787924797389-26871\" data-path-to-node=\"4,0,1,0\"> El detalle<\/h2>\n<p id=\"p-1787924896038-43063\" data-path-to-node=\"4,0,1,0\">El docente y escritor fue contundente al desechar las especulaciones sobre el d\u00f3lar:<strong> \u00abno hay techo, punto\u00bb,<\/strong> sentenci\u00f3. Para de Pablo, la cotizaci\u00f3n responde al libre juego entre la oferta y la demanda de los privados, mientras<strong> el BCRA<\/strong> aprovecha las oportunidades que brinda el contexto cambiario para sumar reservas.<\/p>\n<\/article>\n<article class=\"article-body article-body--fourth-paragraph\">\n<p id=\"p-1787924986954-7554\" data-path-to-node=\"4,0,1,0\">De Pablo cuestion\u00f3 a quienes exigen un salto cambiario para ganar competitividad y desestim\u00f3 un d\u00f3lar a $5.000 con una frase categ\u00f3rica: <strong>\u00abno sue\u00f1es\u00bb.<\/strong><\/p>\n<\/article>\n<article class=\"article-body article-body--fifth-paragraph\">\n<div contenteditable=\"false\" class=\"embed_cont type_imagen\" id=\"7933302-Libre-323898099_wrap\">\n<div id=\"7933302-Libre-323898099_content\" class=\"embed_content\"><img src=\"https:\/\/media.ambito.com\/p\/65834fec1419b6cf3d61129904e3ad3d\/adjuntos\/239\/imagenes\/041\/506\/0041506593\/juan-carlos-pablojpg.jpg?2024-05-13-09-50-34\" decoding=\"async\" fetchpriority=\"low\" loading=\"lazy\" alt=\"De Pablo cuestion\u00f3 a quienes exigen un salto cambiario para ganar competitividad y desestim\u00f3 un d\u00f3lar a $5.000 con una frase categ\u00f3rica: \" no=\"\" sue=\"\" ntilde=\"\" es=\"\" title=\"De Pablo cuestion\u00f3 a quienes exigen un salto cambiario para ganar competitividad y desestim\u00f3 un d\u00f3lar a $5.000 con una frase categ\u00f3rica: \" width=\"730\" height=\"411\" id=\"7933302-Libre-323898099_embed\"\/><\/div>\n<div class=\"embed_wrapper-cont\" id=\"p-1787927764141-5522\">\n<div id=\"7933302-Libre-323898099_epigrafe\" class=\"embed_epigrafe\">\n<p id=\"p-1787927764141-45488\">De Pablo cuestion\u00f3 a quienes exigen un salto cambiario para ganar competitividad y desestim\u00f3 un d\u00f3lar a $5.000 con una frase categ\u00f3rica: <strong>\u00abNo sue\u00f1es\u00bb.<\/strong><\/p>\n<\/p><\/div><\/div>\n<\/div>\n<p id=\"p-1787925043109-47922\" data-path-to-node=\"4,0,1,0\">Adem\u00e1s, enfatiz\u00f3 que considerar que una devaluaci\u00f3n masiva resolver\u00eda los inconvenientes de las empresas es un error que deja de lado las consecuencias. \u201c<strong>No tendr\u00edas ese problema, tendr\u00edas otros problemas. No hay nada gratis en econom\u00eda<\/strong>\u201d, subray\u00f3.<\/p>\n<\/article>\n<article class=\"article-body article-body--remaining-paragraph\">\n<p id=\"p-1787925262801-88179\" data-path-to-node=\"4,0,1,0\">En ese sentido, De Pablo asegur\u00f3 que \u201c<strong>hoy en el horizonte no ten\u00e9s nada parecido a un salto devaluatorio<\/strong> o cosas por el estilo que a los que est\u00e1n complicados les resuelva los problemas\u201c.<\/p>\n<p id=\"p-1787925342676-61267\" data-path-to-node=\"4,0,1,0\">De Pablo anticip\u00f3 un \u00ab<strong>d\u00f3lar bajo permanente\u00bb <\/strong>por el impacto exportador de Vaca Muerta y la miner\u00eda, y llam\u00f3 al empresariado a revisar la eficiencia interna en lugar de esperar correcciones cambiarias ante el escenario de abrumador super\u00e1vit comercial.<\/p>\n<div contenteditable=\"false\" class=\"embed_cont type_imagen\" id=\"7685889-Libre-71175653_wrap\">\n<div id=\"7685889-Libre-71175653_content\" class=\"embed_content\"><img src=\"https:\/\/media.ambito.com\/p\/4369217f96b6844d7d374c5e817a12c9\/adjuntos\/239\/imagenes\/040\/064\/0040064360\/vaca-muerta-dolaresjpg.jpg?2022-08-10-11-10-37\" decoding=\"async\" fetchpriority=\"low\" loading=\"lazy\" alt=\"De Pablo anticip\u00f3 un \" d=\"\" oacute=\"\" lar=\"\" bajo=\"\" permanente=\"\" por=\"\" el=\"\" impacto=\"\" exportador=\"\" de=\"\" vaca=\"\" muerta=\"\" y=\"\" la=\"\" miner=\"\" iacute=\"\" a=\"\" title=\"De Pablo anticip\u00f3 un \" width=\"730\" height=\"410\" id=\"7685889-Libre-71175653_embed\"\/><\/div>\n<div class=\"embed_wrapper-cont\" id=\"p-1787927790136-89578\">\n<div id=\"7685889-Libre-71175653_epigrafe\" class=\"embed_epigrafe\">\n<p id=\"p-1787927812070-4809\">De Pablo anticip\u00f3 un \u00ab<strong>d\u00f3lar bajo permanente\u00bb <\/strong>por el impacto exportador de Vaca Muerta y la miner\u00eda,<\/p>\n<\/div>\n<p>Gentileza: Run Run Energ\u00e9tico<\/p>\n<\/div><\/div>\n<h2 id=\"p-1787925331160-74855\" data-path-to-node=\"4,0,1,0\">La morosidad seg\u00fan De Pablo<\/h2>\n<p id=\"p-1787925552679-67546\" data-path-to-node=\"1,0\"><strong>De Pablo tambi\u00e9n hizo alusi\u00f3n al aumento de la morosidad en los hogares, <\/strong>un deterioro que representa una se\u00f1al de alarma para el sistema financiero. En el marco de una charla en el auditorio Las Camelias, destac\u00f3 la <strong>l\u00f3gica de \u00abalmacenero\u00bb: <\/strong>ante la baja de ingresos recomend\u00f3 recortar gastos en vez de endeudarse, se\u00f1alando que tomar cr\u00e9dito en la incertidumbre solo agrava la situaci\u00f3n.<\/p>\n<p id=\"p-1787925630533-17069\">En ese sentido, lanz\u00f3 una advertencia clara para evitar futuras complicaciones: \u201c<strong>No te endeudes, no importa lo que pase<\/strong>\u201d. Y a\u00f1adi\u00f3: \u201cLa <strong>tasa de inter\u00e9s<\/strong>, la <strong>tasa de la tarjeta de cr\u00e9dito<\/strong>, billetera, mercado informal, <strong>es de las m\u00e1s altas del mundo<\/strong>\u201d.<\/p>\n<\/article>\n<p>\t\t<!-- REGION4 } --><\/div>\n<p><script>\n!function(f,b,e,v,n,t,s)\n{if(f.fbq)return;n=f.fbq=function(){n.callMethod?\nn.callMethod.apply(n,arguments):n.queue.push(arguments)};\nif(!f._fbq)f._fbq=n;n.push=n;n.loaded=!0;n.version='2.0';\nn.queue=[];t=b.createElement(e);t.async=!0;\nt.src=v;s=b.getElementsByTagName(e)[0];\ns.parentNode.insertBefore(t,s)}(window,document,'script',\n'https:\/\/connect.facebook.net\/en_US\/fbevents.js');\nfbq('init', '2047048335588113');\nfbq('track', 'PageView');\n<\/script><br \/>\n<br \/><\/p>\n","protected":false},"excerpt":{"rendered":"<p>28 de agosto 2026 &#8211; 12:17 El economista Juan Carlos De Pablo le baj\u00f3 el tono al debate sobre la competitividad, y traz\u00f3 su panorama econ\u00f3mico, con el d\u00f3lar y la morosidad c\u00f3mo protagonistas. Los detalles, en la nota. La cotizaci\u00f3n del d\u00f3lar mayorista quebr\u00f3 la barrera de los $1.500 y alert\u00f3 las proyecciones del [&hellip;]<\/p>\n","protected":false},"author":1,"featured_media":209670,"comment_status":"closed","ping_status":"closed","sticky":false,"template":"","format":"standard","meta":{"footnotes":""},"categories":[28],"tags":[],"class_list":["post-209669","post","type-post","status-publish","format-standard","has-post-thumbnail","hentry","category-economia"],"yoast_head":"<!-- This site is optimized with the Yoast SEO plugin v24.4 - https:\/\/yoast.com\/wordpress\/plugins\/seo\/ -->\n<title>Qu\u00e9 pasar\u00e1 con el d\u00f3lar y el programa econ\u00f3mico de cara a 2027, seg\u00fan un economista cercano a Javier Milei - GYS NOTICIAS |<\/title>\n<meta name=\"robots\" content=\"index, follow, max-snippet:-1, max-image-preview:large, max-video-preview:-1\" \/>\n<link rel=\"canonical\" href=\"https:\/\/gysfm.com.ar\/inicio\/que-pasara-con-el-dolar-y-el-programa-economico-de-cara-a-2027-segun-un-economista-cercano-a-javier-milei\/\" \/>\n<meta property=\"og:locale\" content=\"es_ES\" \/>\n<meta property=\"og:type\" content=\"article\" \/>\n<meta property=\"og:title\" content=\"Qu\u00e9 pasar\u00e1 con el d\u00f3lar y el programa econ\u00f3mico de cara a 2027, seg\u00fan un economista cercano a Javier Milei - GYS NOTICIAS |\" \/>\n<meta property=\"og:description\" content=\"28 de agosto 2026 &#8211; 12:17 El economista Juan Carlos De Pablo le baj\u00f3 el tono al debate sobre la competitividad, y traz\u00f3 su panorama econ\u00f3mico, con el d\u00f3lar y la morosidad c\u00f3mo protagonistas. Los detalles, en la nota. La cotizaci\u00f3n del d\u00f3lar mayorista quebr\u00f3 la barrera de los $1.500 y alert\u00f3 las proyecciones del [&hellip;]\" \/>\n<meta property=\"og:url\" content=\"https:\/\/gysfm.com.ar\/inicio\/que-pasara-con-el-dolar-y-el-programa-economico-de-cara-a-2027-segun-un-economista-cercano-a-javier-milei\/\" \/>\n<meta property=\"og:site_name\" content=\"GYS NOTICIAS |\" \/>\n<meta property=\"article:published_time\" content=\"2026-08-28T16:18:26+00:00\" \/>\n<meta property=\"og:image\" content=\"https:\/\/media.ambito.com\/p\/42a8d22b646c2d3bb45d50d6bcbb1af3\/adjuntos\/239\/imagenes\/042\/744\/0042744037\/dolar-blue-vivo-inversiones-mercados.jpg\" \/>\n<meta name=\"author\" content=\"admin\" \/>\n<meta name=\"twitter:card\" content=\"summary_large_image\" \/>\n<meta name=\"twitter:label1\" content=\"Escrito por\" \/>\n\t<meta name=\"twitter:data1\" content=\"admin\" \/>\n\t<meta name=\"twitter:label2\" content=\"Tiempo de lectura\" \/>\n\t<meta name=\"twitter:data2\" content=\"3 minutos\" \/>\n<script type=\"application\/ld+json\" class=\"yoast-schema-graph\">{\"@context\":\"https:\/\/schema.org\",\"@graph\":[{\"@type\":\"Article\",\"@id\":\"https:\/\/gysfm.com.ar\/inicio\/que-pasara-con-el-dolar-y-el-programa-economico-de-cara-a-2027-segun-un-economista-cercano-a-javier-milei\/#article\",\"isPartOf\":{\"@id\":\"https:\/\/gysfm.com.ar\/inicio\/que-pasara-con-el-dolar-y-el-programa-economico-de-cara-a-2027-segun-un-economista-cercano-a-javier-milei\/\"},\"author\":{\"name\":\"admin\",\"@id\":\"https:\/\/gysfm.com.ar\/inicio\/#\/schema\/person\/5bedd7ecd35cc35548d89effafa23696\"},\"headline\":\"Qu\u00e9 pasar\u00e1 con el d\u00f3lar y el programa econ\u00f3mico de cara a 2027, seg\u00fan un economista cercano a Javier Milei\",\"datePublished\":\"2026-08-28T16:18:26+00:00\",\"mainEntityOfPage\":{\"@id\":\"https:\/\/gysfm.com.ar\/inicio\/que-pasara-con-el-dolar-y-el-programa-economico-de-cara-a-2027-segun-un-economista-cercano-a-javier-milei\/\"},\"wordCount\":588,\"publisher\":{\"@id\":\"https:\/\/gysfm.com.ar\/inicio\/#organization\"},\"image\":{\"@id\":\"https:\/\/gysfm.com.ar\/inicio\/que-pasara-con-el-dolar-y-el-programa-economico-de-cara-a-2027-segun-un-economista-cercano-a-javier-milei\/#primaryimage\"},\"thumbnailUrl\":\"https:\/\/gysfm.com.ar\/inicio\/wp-content\/uploads\/2026\/08\/1716404144284.jpg\",\"articleSection\":[\"ECONOMIA\"],\"inLanguage\":\"es\"},{\"@type\":\"WebPage\",\"@id\":\"https:\/\/gysfm.com.ar\/inicio\/que-pasara-con-el-dolar-y-el-programa-economico-de-cara-a-2027-segun-un-economista-cercano-a-javier-milei\/\",\"url\":\"https:\/\/gysfm.com.ar\/inicio\/que-pasara-con-el-dolar-y-el-programa-economico-de-cara-a-2027-segun-un-economista-cercano-a-javier-milei\/\",\"name\":\"Qu\u00e9 pasar\u00e1 con el d\u00f3lar y el programa econ\u00f3mico de cara a 2027, seg\u00fan un economista cercano a Javier Milei - GYS NOTICIAS |\",\"isPartOf\":{\"@id\":\"https:\/\/gysfm.com.ar\/inicio\/#website\"},\"primaryImageOfPage\":{\"@id\":\"https:\/\/gysfm.com.ar\/inicio\/que-pasara-con-el-dolar-y-el-programa-economico-de-cara-a-2027-segun-un-economista-cercano-a-javier-milei\/#primaryimage\"},\"image\":{\"@id\":\"https:\/\/gysfm.com.ar\/inicio\/que-pasara-con-el-dolar-y-el-programa-economico-de-cara-a-2027-segun-un-economista-cercano-a-javier-milei\/#primaryimage\"},\"thumbnailUrl\":\"https:\/\/gysfm.com.ar\/inicio\/wp-content\/uploads\/2026\/08\/1716404144284.jpg\",\"datePublished\":\"2026-08-28T16:18:26+00:00\",\"breadcrumb\":{\"@id\":\"https:\/\/gysfm.com.ar\/inicio\/que-pasara-con-el-dolar-y-el-programa-economico-de-cara-a-2027-segun-un-economista-cercano-a-javier-milei\/#breadcrumb\"},\"inLanguage\":\"es\",\"potentialAction\":[{\"@type\":\"ReadAction\",\"target\":[\"https:\/\/gysfm.com.ar\/inicio\/que-pasara-con-el-dolar-y-el-programa-economico-de-cara-a-2027-segun-un-economista-cercano-a-javier-milei\/\"]}]},{\"@type\":\"ImageObject\",\"inLanguage\":\"es\",\"@id\":\"https:\/\/gysfm.com.ar\/inicio\/que-pasara-con-el-dolar-y-el-programa-economico-de-cara-a-2027-segun-un-economista-cercano-a-javier-milei\/#primaryimage\",\"url\":\"https:\/\/gysfm.com.ar\/inicio\/wp-content\/uploads\/2026\/08\/1716404144284.jpg\",\"contentUrl\":\"https:\/\/gysfm.com.ar\/inicio\/wp-content\/uploads\/2026\/08\/1716404144284.jpg\",\"width\":1200,\"height\":675},{\"@type\":\"BreadcrumbList\",\"@id\":\"https:\/\/gysfm.com.ar\/inicio\/que-pasara-con-el-dolar-y-el-programa-economico-de-cara-a-2027-segun-un-economista-cercano-a-javier-milei\/#breadcrumb\",\"itemListElement\":[{\"@type\":\"ListItem\",\"position\":1,\"name\":\"Portada\",\"item\":\"https:\/\/gysfm.com.ar\/inicio\/\"},{\"@type\":\"ListItem\",\"position\":2,\"name\":\"Qu\u00e9 pasar\u00e1 con el d\u00f3lar y el programa econ\u00f3mico de cara a 2027, seg\u00fan un economista cercano a Javier Milei\"}]},{\"@type\":\"WebSite\",\"@id\":\"https:\/\/gysfm.com.ar\/inicio\/#website\",\"url\":\"https:\/\/gysfm.com.ar\/inicio\/\",\"name\":\"GYS NOTICIAS |\",\"description\":\"DIARIO - RADIO ONLINE SAN JUAN ARGENTINA\",\"publisher\":{\"@id\":\"https:\/\/gysfm.com.ar\/inicio\/#organization\"},\"potentialAction\":[{\"@type\":\"SearchAction\",\"target\":{\"@type\":\"EntryPoint\",\"urlTemplate\":\"https:\/\/gysfm.com.ar\/inicio\/?s={search_term_string}\"},\"query-input\":{\"@type\":\"PropertyValueSpecification\",\"valueRequired\":true,\"valueName\":\"search_term_string\"}}],\"inLanguage\":\"es\"},{\"@type\":\"Organization\",\"@id\":\"https:\/\/gysfm.com.ar\/inicio\/#organization\",\"name\":\"GYS NOTICIAS |\",\"url\":\"https:\/\/gysfm.com.ar\/inicio\/\",\"logo\":{\"@type\":\"ImageObject\",\"inLanguage\":\"es\",\"@id\":\"https:\/\/gysfm.com.ar\/inicio\/#\/schema\/logo\/image\/\",\"url\":\"https:\/\/gysfm.com.ar\/inicio\/wp-content\/uploads\/2023\/07\/LOGOGYS-OK.png\",\"contentUrl\":\"https:\/\/gysfm.com.ar\/inicio\/wp-content\/uploads\/2023\/07\/LOGOGYS-OK.png\",\"width\":1170,\"height\":872,\"caption\":\"GYS NOTICIAS |\"},\"image\":{\"@id\":\"https:\/\/gysfm.com.ar\/inicio\/#\/schema\/logo\/image\/\"}},{\"@type\":\"Person\",\"@id\":\"https:\/\/gysfm.com.ar\/inicio\/#\/schema\/person\/5bedd7ecd35cc35548d89effafa23696\",\"name\":\"admin\",\"image\":{\"@type\":\"ImageObject\",\"inLanguage\":\"es\",\"@id\":\"https:\/\/gysfm.com.ar\/inicio\/#\/schema\/person\/image\/\",\"url\":\"https:\/\/secure.gravatar.com\/avatar\/c331d312b5243fb64d5ba28108a447b27c925295129a363082c9ea52c28d32c2?s=96&d=mm&r=g\",\"contentUrl\":\"https:\/\/secure.gravatar.com\/avatar\/c331d312b5243fb64d5ba28108a447b27c925295129a363082c9ea52c28d32c2?s=96&d=mm&r=g\",\"caption\":\"admin\"},\"sameAs\":[\"https:\/\/gysfm.com.ar\/inicio\"],\"url\":\"https:\/\/gysfm.com.ar\/inicio\/author\/admin\/\"}]}<\/script>\n<!-- \/ Yoast SEO plugin. -->","yoast_head_json":{"title":"Qu\u00e9 pasar\u00e1 con el d\u00f3lar y el programa econ\u00f3mico de cara a 2027, seg\u00fan un economista cercano a Javier Milei - GYS NOTICIAS |","robots":{"index":"index","follow":"follow","max-snippet":"max-snippet:-1","max-image-preview":"max-image-preview:large","max-video-preview":"max-video-preview:-1"},"canonical":"https:\/\/gysfm.com.ar\/inicio\/que-pasara-con-el-dolar-y-el-programa-economico-de-cara-a-2027-segun-un-economista-cercano-a-javier-milei\/","og_locale":"es_ES","og_type":"article","og_title":"Qu\u00e9 pasar\u00e1 con el d\u00f3lar y el programa econ\u00f3mico de cara a 2027, seg\u00fan un economista cercano a Javier Milei - GYS NOTICIAS |","og_description":"28 de agosto 2026 &#8211; 12:17 El economista Juan Carlos De Pablo le baj\u00f3 el tono al debate sobre la competitividad, y traz\u00f3 su panorama econ\u00f3mico, con el d\u00f3lar y la morosidad c\u00f3mo protagonistas. Los detalles, en la nota. La cotizaci\u00f3n del d\u00f3lar mayorista quebr\u00f3 la barrera de los $1.500 y alert\u00f3 las proyecciones del [&hellip;]","og_url":"https:\/\/gysfm.com.ar\/inicio\/que-pasara-con-el-dolar-y-el-programa-economico-de-cara-a-2027-segun-un-economista-cercano-a-javier-milei\/","og_site_name":"GYS NOTICIAS |","article_published_time":"2026-08-28T16:18:26+00:00","og_image":[{"url":"https:\/\/media.ambito.com\/p\/42a8d22b646c2d3bb45d50d6bcbb1af3\/adjuntos\/239\/imagenes\/042\/744\/0042744037\/dolar-blue-vivo-inversiones-mercados.jpg","type":"","width":"","height":""}],"author":"admin","twitter_card":"summary_large_image","twitter_misc":{"Escrito por":"admin","Tiempo de lectura":"3 minutos"},"schema":{"@context":"https:\/\/schema.org","@graph":[{"@type":"Article","@id":"https:\/\/gysfm.com.ar\/inicio\/que-pasara-con-el-dolar-y-el-programa-economico-de-cara-a-2027-segun-un-economista-cercano-a-javier-milei\/#article","isPartOf":{"@id":"https:\/\/gysfm.com.ar\/inicio\/que-pasara-con-el-dolar-y-el-programa-economico-de-cara-a-2027-segun-un-economista-cercano-a-javier-milei\/"},"author":{"name":"admin","@id":"https:\/\/gysfm.com.ar\/inicio\/#\/schema\/person\/5bedd7ecd35cc35548d89effafa23696"},"headline":"Qu\u00e9 pasar\u00e1 con el d\u00f3lar y el programa econ\u00f3mico de cara a 2027, seg\u00fan un economista cercano a Javier Milei","datePublished":"2026-08-28T16:18:26+00:00","mainEntityOfPage":{"@id":"https:\/\/gysfm.com.ar\/inicio\/que-pasara-con-el-dolar-y-el-programa-economico-de-cara-a-2027-segun-un-economista-cercano-a-javier-milei\/"},"wordCount":588,"publisher":{"@id":"https:\/\/gysfm.com.ar\/inicio\/#organization"},"image":{"@id":"https:\/\/gysfm.com.ar\/inicio\/que-pasara-con-el-dolar-y-el-programa-economico-de-cara-a-2027-segun-un-economista-cercano-a-javier-milei\/#primaryimage"},"thumbnailUrl":"https:\/\/gysfm.com.ar\/inicio\/wp-content\/uploads\/2026\/08\/1716404144284.jpg","articleSection":["ECONOMIA"],"inLanguage":"es"},{"@type":"WebPage","@id":"https:\/\/gysfm.com.ar\/inicio\/que-pasara-con-el-dolar-y-el-programa-economico-de-cara-a-2027-segun-un-economista-cercano-a-javier-milei\/","url":"https:\/\/gysfm.com.ar\/inicio\/que-pasara-con-el-dolar-y-el-programa-economico-de-cara-a-2027-segun-un-economista-cercano-a-javier-milei\/","name":"Qu\u00e9 pasar\u00e1 con el d\u00f3lar y el programa econ\u00f3mico de cara a 2027, seg\u00fan un economista cercano a Javier Milei - GYS NOTICIAS |","isPartOf":{"@id":"https:\/\/gysfm.com.ar\/inicio\/#website"},"primaryImageOfPage":{"@id":"https:\/\/gysfm.com.ar\/inicio\/que-pasara-con-el-dolar-y-el-programa-economico-de-cara-a-2027-segun-un-economista-cercano-a-javier-milei\/#primaryimage"},"image":{"@id":"https:\/\/gysfm.com.ar\/inicio\/que-pasara-con-el-dolar-y-el-programa-economico-de-cara-a-2027-segun-un-economista-cercano-a-javier-milei\/#primaryimage"},"thumbnailUrl":"https:\/\/gysfm.com.ar\/inicio\/wp-content\/uploads\/2026\/08\/1716404144284.jpg","datePublished":"2026-08-28T16:18:26+00:00","breadcrumb":{"@id":"https:\/\/gysfm.com.ar\/inicio\/que-pasara-con-el-dolar-y-el-programa-economico-de-cara-a-2027-segun-un-economista-cercano-a-javier-milei\/#breadcrumb"},"inLanguage":"es","potentialAction":[{"@type":"ReadAction","target":["https:\/\/gysfm.com.ar\/inicio\/que-pasara-con-el-dolar-y-el-programa-economico-de-cara-a-2027-segun-un-economista-cercano-a-javier-milei\/"]}]},{"@type":"ImageObject","inLanguage":"es","@id":"https:\/\/gysfm.com.ar\/inicio\/que-pasara-con-el-dolar-y-el-programa-economico-de-cara-a-2027-segun-un-economista-cercano-a-javier-milei\/#primaryimage","url":"https:\/\/gysfm.com.ar\/inicio\/wp-content\/uploads\/2026\/08\/1716404144284.jpg","contentUrl":"https:\/\/gysfm.com.ar\/inicio\/wp-content\/uploads\/2026\/08\/1716404144284.jpg","width":1200,"height":675},{"@type":"BreadcrumbList","@id":"https:\/\/gysfm.com.ar\/inicio\/que-pasara-con-el-dolar-y-el-programa-economico-de-cara-a-2027-segun-un-economista-cercano-a-javier-milei\/#breadcrumb","itemListElement":[{"@type":"ListItem","position":1,"name":"Portada","item":"https:\/\/gysfm.com.ar\/inicio\/"},{"@type":"ListItem","position":2,"name":"Qu\u00e9 pasar\u00e1 con el d\u00f3lar y el programa econ\u00f3mico de cara a 2027, seg\u00fan un economista cercano a Javier Milei"}]},{"@type":"WebSite","@id":"https:\/\/gysfm.com.ar\/inicio\/#website","url":"https:\/\/gysfm.com.ar\/inicio\/","name":"GYS NOTICIAS |","description":"DIARIO - RADIO ONLINE SAN JUAN ARGENTINA","publisher":{"@id":"https:\/\/gysfm.com.ar\/inicio\/#organization"},"potentialAction":[{"@type":"SearchAction","target":{"@type":"EntryPoint","urlTemplate":"https:\/\/gysfm.com.ar\/inicio\/?s={search_term_string}"},"query-input":{"@type":"PropertyValueSpecification","valueRequired":true,"valueName":"search_term_string"}}],"inLanguage":"es"},{"@type":"Organization","@id":"https:\/\/gysfm.com.ar\/inicio\/#organization","name":"GYS NOTICIAS |","url":"https:\/\/gysfm.com.ar\/inicio\/","logo":{"@type":"ImageObject","inLanguage":"es","@id":"https:\/\/gysfm.com.ar\/inicio\/#\/schema\/logo\/image\/","url":"https:\/\/gysfm.com.ar\/inicio\/wp-content\/uploads\/2023\/07\/LOGOGYS-OK.png","contentUrl":"https:\/\/gysfm.com.ar\/inicio\/wp-content\/uploads\/2023\/07\/LOGOGYS-OK.png","width":1170,"height":872,"caption":"GYS NOTICIAS |"},"image":{"@id":"https:\/\/gysfm.com.ar\/inicio\/#\/schema\/logo\/image\/"}},{"@type":"Person","@id":"https:\/\/gysfm.com.ar\/inicio\/#\/schema\/person\/5bedd7ecd35cc35548d89effafa23696","name":"admin","image":{"@type":"ImageObject","inLanguage":"es","@id":"https:\/\/gysfm.com.ar\/inicio\/#\/schema\/person\/image\/","url":"https:\/\/secure.gravatar.com\/avatar\/c331d312b5243fb64d5ba28108a447b27c925295129a363082c9ea52c28d32c2?s=96&d=mm&r=g","contentUrl":"https:\/\/secure.gravatar.com\/avatar\/c331d312b5243fb64d5ba28108a447b27c925295129a363082c9ea52c28d32c2?s=96&d=mm&r=g","caption":"admin"},"sameAs":["https:\/\/gysfm.com.ar\/inicio"],"url":"https:\/\/gysfm.com.ar\/inicio\/author\/admin\/"}]}},"_links":{"self":[{"href":"https:\/\/gysfm.com.ar\/inicio\/wp-json\/wp\/v2\/posts\/209669","targetHints":{"allow":["GET"]}}],"collection":[{"href":"https:\/\/gysfm.com.ar\/inicio\/wp-json\/wp\/v2\/posts"}],"about":[{"href":"https:\/\/gysfm.com.ar\/inicio\/wp-json\/wp\/v2\/types\/post"}],"author":[{"embeddable":true,"href":"https:\/\/gysfm.com.ar\/inicio\/wp-json\/wp\/v2\/users\/1"}],"replies":[{"embeddable":true,"href":"https:\/\/gysfm.com.ar\/inicio\/wp-json\/wp\/v2\/comments?post=209669"}],"version-history":[{"count":0,"href":"https:\/\/gysfm.com.ar\/inicio\/wp-json\/wp\/v2\/posts\/209669\/revisions"}],"wp:featuredmedia":[{"embeddable":true,"href":"https:\/\/gysfm.com.ar\/inicio\/wp-json\/wp\/v2\/media\/209670"}],"wp:attachment":[{"href":"https:\/\/gysfm.com.ar\/inicio\/wp-json\/wp\/v2\/media?parent=209669"}],"wp:term":[{"taxonomy":"category","embeddable":true,"href":"https:\/\/gysfm.com.ar\/inicio\/wp-json\/wp\/v2\/categories?post=209669"},{"taxonomy":"post_tag","embeddable":true,"href":"https:\/\/gysfm.com.ar\/inicio\/wp-json\/wp\/v2\/tags?post=209669"}],"curies":[{"name":"wp","href":"https:\/\/api.w.org\/{rel}","templated":true}]}}