{"id":209660,"date":"2026-08-28T11:20:50","date_gmt":"2026-08-28T14:20:50","guid":{"rendered":"https:\/\/gysfm.com.ar\/inicio\/residentes-de-ceuta-quemaron-un-asentamiento-de-migrantes-en-la-playa-y-escala-la-tension\/"},"modified":"2026-08-28T11:20:52","modified_gmt":"2026-08-28T14:20:52","slug":"residentes-de-ceuta-quemaron-un-asentamiento-de-migrantes-en-la-playa-y-escala-la-tension","status":"publish","type":"post","link":"https:\/\/gysfm.com.ar\/inicio\/residentes-de-ceuta-quemaron-un-asentamiento-de-migrantes-en-la-playa-y-escala-la-tension\/","title":{"rendered":"Residentes de Ceuta quemaron un asentamiento de migrantes en la playa y escala la tensi\u00f3n"},"content":{"rendered":"<p> <br \/>\n<\/p>\n<div>\n<p class=\"com-paragraph --capital --s text-left\">Un <strong>centenar de ceut\u00edes protestaron<\/strong> este jueves contra <a href=\"https:\/\/www.lanacion.com.ar\/el-mundo\/espana-comienza-los-controles-fronterizos-con-italia-tras-la-crisis-por-los-migrantes-de-ceuta-nid08082026\/\" target=\"_self\" title=\"https:\/\/www.lanacion.com.ar\/el-mundo\/espana-comienza-los-controles-fronterizos-con-italia-tras-la-crisis-por-los-migrantes-de-ceuta-nid08082026\/\" class=\"com-link break-word\" data-mrf-recirculation=\"n_link_parrafo\">la migraci\u00f3n ilegal en el enclave espa\u00f1ol<\/a> y <strong>quemaron las pertenencias de los migrantes<\/strong> que permanec\u00edan en un asentamiento irregular en una playa de El Trampol\u00edn. Los manifestantes se enfrentaron con la polic\u00eda y hubo corridas.<\/p>\n<p class=\"com-paragraph --s text-left\">Quienes protestaban se acercaron al asentamiento y prendieron fuego elementos que eran propiedad de los migrantes, adem\u00e1s de sombrillas y otros objetos que usaban durante su estad\u00eda. Tambi\u00e9n <strong>desplegaron una bandera gigante de <\/strong><a href=\"https:\/\/www.lanacion.com.ar\/lifestyle\/ahorro-cuatro-euros-por-dia-para-volver-a-espana-fue-estafado-y-una-mano-magica-lo-salvo-finalmente-nid24082026\/\" target=\"_self\" title=\"https:\/\/www.lanacion.com.ar\/lifestyle\/ahorro-cuatro-euros-por-dia-para-volver-a-espana-fue-estafado-y-una-mano-magica-lo-salvo-finalmente-nid24082026\/\" class=\"com-link break-word\" data-mrf-recirculation=\"n_link_parrafo\"><strong>Espa\u00f1a<\/strong><\/a>. <\/p>\n<p class=\"com-paragraph --s text-left\">Como respuesta, efectivos policiales se acercaron a la zona y <strong>dispararon a los manifestantes con balas de goma<\/strong>, por lo que muchos presentes corrieron para escapar.<\/p>\n<p class=\"com-paragraph --s text-left\">En paralelo, los residentes cortaron el tr\u00e1fico para evitar que <strong>una ambulancia de la Cruz Roja lleve comida y agua a los migrantes<\/strong> que se encuentran en un asentamiento irregular que se form\u00f3 en la playa El Trampol\u00edn tras <a href=\"https:\/\/www.google.com\/goto?url=CAEStgEB6zswFXCkjYJhbPfnD1ATIYiKNnjxyTGp8IZ6_D5su4Q6WoA3Rk7wcUT7eYM4u3_tdifAazuMjeUcB2Hef_I34uX6SbaeeSHz7h9_dri42H31fEr7HTuKqhvPk0Hfze39LOFYBGbE_lGhLzjyFTky-BexupWdbkVW5lCJVfQZKxHY9tYiZzryCZpo5hjD_FY5TghHU0hh8c3Br9r89v_cJMx_k-LedwtGKWz_r-oEVILMqRw0jA\" target=\"_blank\" title=\"https:\/\/www.google.com\/goto?url=CAEStgEB6zswFXCkjYJhbPfnD1ATIYiKNnjxyTGp8IZ6_D5su4Q6WoA3Rk7wcUT7eYM4u3_tdifAazuMjeUcB2Hef_I34uX6SbaeeSHz7h9_dri42H31fEr7HTuKqhvPk0Hfze39LOFYBGbE_lGhLzjyFTky-BexupWdbkVW5lCJVfQZKxHY9tYiZzryCZpo5hjD_FY5TghHU0hh8c3Br9r89v_cJMx_k-LedwtGKWz_r-oEVILMqRw0jA\" class=\"com-link break-word\" data-mrf-recirculation=\"n_link_parrafo\" rel=\"nofollow\">la crisis migratoria<\/a> en el enclave espa\u00f1ol. <\/p>\n<p class=\"com-paragraph --s text-left\">La mayor\u00eda eran vecinos de la zona que se acercaron a las calles lindantes a la playa y se sentaron en el pavimento para evitar el paso de camiones de la Cruz Roja que estaban escoltados por un grupos de polic\u00edas. <\/p>\n<div class=\"content-media cursor-pointer container-center-100\">\n<section class=\"media-container relative ratio-16-9 mod-media pb-32\">\n<figure class=\"mod-video\">\n<div class=\"video-player bg-black ratio-16-9\" data-has-jwplayer=\"true\" data-video-id-jw=\"30c1I9Sm\" data-config=\"{&quot;title&quot;:&quot;Incidentes en Ceuta entre los manifestantes y la Polic\u00eda&quot;,&quot;mediaId&quot;:&quot;30c1I9Sm&quot;,&quot;playerId&quot;:&quot;ih0086X3&quot;,&quot;playlist&quot;:[{&quot;mediaid&quot;:&quot;30c1I9Sm&quot;,&quot;sources&quot;:[{&quot;file&quot;:&quot;https:\/\/cdn.jwplayer.com\/manifests\/30c1I9Sm.m3u8&quot;,&quot;type&quot;:&quot;application\/vnd.apple.mpegurl&quot;},{&quot;bitrate&quot;:352595,&quot;file&quot;:&quot;https:\/\/cdn.jwplayer.com\/videos\/30c1I9Sm-kTExGaWf.mp4&quot;,&quot;filesize&quot;:2027423,&quot;framerate&quot;:30,&quot;height&quot;:320,&quot;label&quot;:&quot;180p&quot;,&quot;type&quot;:&quot;video\/mp4&quot;,&quot;width&quot;:180},{&quot;bitrate&quot;:545745,&quot;file&quot;:&quot;https:\/\/cdn.jwplayer.com\/videos\/30c1I9Sm-K8B0kybS.mp4&quot;,&quot;filesize&quot;:3138037,&quot;framerate&quot;:30,&quot;height&quot;:480,&quot;label&quot;:&quot;270p&quot;,&quot;type&quot;:&quot;video\/mp4&quot;,&quot;width&quot;:270},{&quot;bitrate&quot;:115979,&quot;file&quot;:&quot;https:\/\/cdn.jwplayer.com\/videos\/30c1I9Sm-hz5z2Tv4.m4a&quot;,&quot;filesize&quot;:666881,&quot;label&quot;:&quot;AAC Audio&quot;,&quot;type&quot;:&quot;audio\/mp4&quot;},{&quot;bitrate&quot;:758373,&quot;file&quot;:&quot;https:\/\/cdn.jwplayer.com\/videos\/30c1I9Sm-FnZGUVnC.mp4&quot;,&quot;filesize&quot;:4360645,&quot;framerate&quot;:30,&quot;height&quot;:640,&quot;label&quot;:&quot;360p&quot;,&quot;type&quot;:&quot;video\/mp4&quot;,&quot;width&quot;:360}]}],&quot;hasAutoplay&quot;:false,&quot;autostart&quot;:true,&quot;tagsUrl&quot;:&quot;https:\/\/pubads.g.doubleclick.net\/gampad\/ads?slotname=\/133919216\/la_nacion_video\/nota\/preroll&amp;sz=640x480|400x300&amp;ciu_szs=300x250&amp;unviewed_position_start=1&amp;output=vast&amp;impl=s&amp;env=vp&amp;gdfp_req=1&amp;ad_rule=0&amp;vad_type=linear&amp;vpos=preroll&amp;cust_params=tags_nuevos%3Dte_espana%2Cte_africa%2Cca_el_mundo%2C%2CDOHEM7S6MRADFH66O2FID6PUVY&amp;pod=3&amp;ppos=1&amp;lip=true&amp;min_ad_duration=0&amp;max_ad_duration=30000&amp;vrid=6256&amp;url=https%3A%2F%2Fwww.lanacion.com.ar%2Fel-mundo%2Fresidentes-de-ceuta-cortaron-las-calles-para-impedir-que-la-cruz-roja-lleve-comida-y-agua-a-los-nid27082026%2F%3Fvariant%3DA&amp;description_url=https%3A%2F%2Fwww.lanacion.com.ar%2Fel-mundo%2Fresidentes-de-ceuta-cortaron-las-calles-para-impedir-que-la-cruz-roja-lleve-comida-y-agua-a-los-nid27082026%2F%3Fvariant%3DA&amp;video_doc_id=short_onecue&amp;cmsid=496&amp;kfa=0&amp;tfcd=0&amp;correlator=1787926849362&quot;,&quot;arcSite&quot;:&quot;la-nacion-ar&quot;,&quot;duration&quot;:&quot;46000&quot;}\">\n<div id=\"facade-30c1I9Sm\" class=\"content-facade-jw relative bg-black ratio-16-9\"><picture><source media=\"(max-width: 767px)\" srcset=\"https:\/\/www.lanacion.com.ar\/resizer\/v2\/https%3A%2F%2Fcdn.jwplayer.com%2Fv2%2Fmedia%2F30c1I9Sm%2Fposter.jpg%3Fwidth%3D720?auth=abd897e646eab5bb5f924b6e12a304995a600a59dbb3eb889559773008c691ff&amp;width=480&amp;quality=70&amp;smart=false\"\/><\/picture><\/div>\n<\/div><figcaption class=\"border border-1 border-bottom border-light-300 relative px-16 py-8 min-h-36 w-100_md px-0_l mb-8 bg-white\"><span class=\"text ln-text text-16 block\">Incidentes en Ceuta entre los manifestantes y la Polic\u00eda<\/span><\/figcaption><\/figure>\n<\/section>\n<\/div>\n<p class=\"com-paragraph --s text-left\">En di\u00e1logo con <em>El Pa\u00eds<\/em>, los residentes aseguraron <strong>estar \u201chartos\u201d de la situaci\u00f3n y sentirse \u201cabandonados\u201d<\/strong>. Adem\u00e1s, reclamaron que hay <strong>problemas de seguridad e higiene <\/strong>y <a href=\"https:\/\/www.google.com\/goto?url=CAESdgHrOzAVkBgzxBi9AdTXGK7pktdRn5ekCmNaQAzadTJfIirpUQPP2aKZ2zN9Gw30Vc6cWiI1qIC8C_C7alpmyf7ZWBzSwW7TF2vh6IOCksRCUNCzn6xMRoQrrL4G2EiTZUC0zc5H8NUlQzEHpBZaSxnEWPOFCdk\" target=\"_blank\" title=\"https:\/\/www.google.com\/goto?url=CAESdgHrOzAVkBgzxBi9AdTXGK7pktdRn5ekCmNaQAzadTJfIirpUQPP2aKZ2zN9Gw30Vc6cWiI1qIC8C_C7alpmyf7ZWBzSwW7TF2vh6IOCksRCUNCzn6xMRoQrrL4G2EiTZUC0zc5H8NUlQzEHpBZaSxnEWPOFCdk\" class=\"com-link break-word\" data-mrf-recirculation=\"n_link_parrafo\" rel=\"nofollow\">acusaron al gobierno central de abandono<\/a>.<\/p>\n<p class=\"com-paragraph --s text-left\">Los vecinos acompa\u00f1aron su manifestaci\u00f3n con el sonido de silbatos y aplausos, y <strong>cantos donde ped\u00edan que los migrantes sean expulsados<\/strong>.<\/p>\n<div class=\"content-media cursor-pointer container-center-100\">\n<section class=\"media-container relative ratio-16-9 mod-media pb-32\">\n<figure class=\"mod-video\">\n<div class=\"video-player bg-black ratio-16-9\" data-has-jwplayer=\"true\" data-video-id-jw=\"0XKI3hZk\" data-config=\"{&quot;title&quot;:&quot;Manifestantes prendieron fuego las pertenencias de los migrantes&quot;,&quot;mediaId&quot;:&quot;0XKI3hZk&quot;,&quot;playerId&quot;:&quot;ih0086X3&quot;,&quot;playlist&quot;:[{&quot;mediaid&quot;:&quot;0XKI3hZk&quot;,&quot;sources&quot;:[{&quot;file&quot;:&quot;https:\/\/cdn.jwplayer.com\/manifests\/0XKI3hZk.m3u8&quot;,&quot;type&quot;:&quot;application\/vnd.apple.mpegurl&quot;},{&quot;bitrate&quot;:316159,&quot;file&quot;:&quot;https:\/\/cdn.jwplayer.com\/videos\/0XKI3hZk-kTExGaWf.mp4&quot;,&quot;filesize&quot;:711358,&quot;framerate&quot;:30,&quot;height&quot;:320,&quot;label&quot;:&quot;180p&quot;,&quot;type&quot;:&quot;video\/mp4&quot;,&quot;width&quot;:180},{&quot;bitrate&quot;:489784,&quot;file&quot;:&quot;https:\/\/cdn.jwplayer.com\/videos\/0XKI3hZk-K8B0kybS.mp4&quot;,&quot;filesize&quot;:1102016,&quot;framerate&quot;:30,&quot;height&quot;:480,&quot;label&quot;:&quot;270p&quot;,&quot;type&quot;:&quot;video\/mp4&quot;,&quot;width&quot;:270},{&quot;bitrate&quot;:115470,&quot;file&quot;:&quot;https:\/\/cdn.jwplayer.com\/videos\/0XKI3hZk-hz5z2Tv4.m4a&quot;,&quot;filesize&quot;:259809,&quot;label&quot;:&quot;AAC Audio&quot;,&quot;type&quot;:&quot;audio\/mp4&quot;},{&quot;bitrate&quot;:676441,&quot;file&quot;:&quot;https:\/\/cdn.jwplayer.com\/videos\/0XKI3hZk-FnZGUVnC.mp4&quot;,&quot;filesize&quot;:1521994,&quot;framerate&quot;:30,&quot;height&quot;:640,&quot;label&quot;:&quot;360p&quot;,&quot;type&quot;:&quot;video\/mp4&quot;,&quot;width&quot;:360}]}],&quot;hasAutoplay&quot;:false,&quot;autostart&quot;:true,&quot;tagsUrl&quot;:&quot;https:\/\/pubads.g.doubleclick.net\/gampad\/ads?slotname=\/133919216\/la_nacion_video\/nota\/preroll&amp;sz=640x480|400x300&amp;ciu_szs=300x250&amp;unviewed_position_start=1&amp;output=vast&amp;impl=s&amp;env=vp&amp;gdfp_req=1&amp;ad_rule=0&amp;vad_type=linear&amp;vpos=preroll&amp;cust_params=tags_nuevos%3Dte_espana%2Cte_africa%2Cca_el_mundo%2C%2CDOHEM7S6MRADFH66O2FID6PUVY&amp;pod=3&amp;ppos=1&amp;lip=true&amp;min_ad_duration=0&amp;max_ad_duration=30000&amp;vrid=6256&amp;url=https%3A%2F%2Fwww.lanacion.com.ar%2Fel-mundo%2Fresidentes-de-ceuta-cortaron-las-calles-para-impedir-que-la-cruz-roja-lleve-comida-y-agua-a-los-nid27082026%2F%3Fvariant%3DA&amp;description_url=https%3A%2F%2Fwww.lanacion.com.ar%2Fel-mundo%2Fresidentes-de-ceuta-cortaron-las-calles-para-impedir-que-la-cruz-roja-lleve-comida-y-agua-a-los-nid27082026%2F%3Fvariant%3DA&amp;video_doc_id=short_onecue&amp;cmsid=496&amp;kfa=0&amp;tfcd=0&amp;correlator=1787926849363&quot;,&quot;arcSite&quot;:&quot;la-nacion-ar&quot;,&quot;duration&quot;:&quot;18000&quot;}\">\n<div id=\"facade-0XKI3hZk\" class=\"content-facade-jw relative bg-black ratio-16-9\"><picture><source media=\"(max-width: 767px)\" srcset=\"https:\/\/www.lanacion.com.ar\/resizer\/v2\/https%3A%2F%2Fcdn.jwplayer.com%2Fv2%2Fmedia%2F0XKI3hZk%2Fposter.jpg%3Fwidth%3D720?auth=f0a9bec497e370ade23bdb185010caf6476f9e920ac085af105b06f85653fe1c&amp;width=480&amp;quality=70&amp;smart=false\"\/><img class=\"image com-image flex --cover\" decoding=\"async\" fetchpriority=\"low\" loading=\"lazy\" src=\"https:\/\/gysfm.com.ar\/inicio\/wp-content\/uploads\/2026\/08\/https:\/\/cdn.jwplayer.com\/v2\/media\/0XKI3hZk\/poster.jpg\" alt=\"Manifestantes prendieron fuego las pertenencias de los migrantes\"\/><\/picture><\/div>\n<\/div><figcaption class=\"border border-1 border-bottom border-light-300 relative px-16 py-8 min-h-36 w-100_md px-0_l mb-8 bg-white\"><span class=\"text ln-text text-16 block\">Manifestantes prendieron fuego las pertenencias de los migrantes<\/span><\/figcaption><\/figure>\n<\/section>\n<\/div>\n<p class=\"com-paragraph --s text-left\">A fines de julio <strong>m\u00e1s de 70.000 migrantes ingresaron al peque\u00f1o territorio espa\u00f1ol en el norte de \u00c1frica<\/strong>. El evento fue documentado en <a href=\"https:\/\/www.google.com\/goto?url=CAESywEB6zswFffPkEZHtd-YeWq231sn_j7e5c6GYhefheWguyjdtoJdWc3LcHql01G8-QzfNqngba_CDpRWrNgyAoI0KuPkg8O1hCzDvi_ZPE5PfaaNky7BBKlZaBqX49OCYrJplgrDl581PC6uMiEKyjSLqlA0W0LnbvZp4aM4foh_JpyuQSIJqvoNNFhAW8NluO98pLs5Ex6xUnFvUFWswlU58qBPkkKu6lv5JOLnwvB7HE-S9kTAlkCTg4oBJLTHMjbACy0HYrMjs3Jjhw\" target=\"_blank\" title=\"https:\/\/www.google.com\/goto?url=CAESywEB6zswFffPkEZHtd-YeWq231sn_j7e5c6GYhefheWguyjdtoJdWc3LcHql01G8-QzfNqngba_CDpRWrNgyAoI0KuPkg8O1hCzDvi_ZPE5PfaaNky7BBKlZaBqX49OCYrJplgrDl581PC6uMiEKyjSLqlA0W0LnbvZp4aM4foh_JpyuQSIJqvoNNFhAW8NluO98pLs5Ex6xUnFvUFWswlU58qBPkkKu6lv5JOLnwvB7HE-S9kTAlkCTg4oBJLTHMjbACy0HYrMjs3Jjhw\" class=\"com-link break-word\" data-mrf-recirculation=\"n_link_parrafo\" rel=\"nofollow\">decenas de videos que se publicaron en redes sociales<\/a>, donde se vio a personas que llegaban a las costas del enclave nadando. Poco despu\u00e9s, entre gritos y festejos, los migrantes corrieron por las calles de la ciudad. <\/p>\n<p class=\"com-paragraph --s text-left\">Aunque horas despu\u00e9s de la entrada masiva la mayor\u00eda regres\u00f3 a <a href=\"https:\/\/www.google.com\/goto?url=CAESzQEB6zswFdvo87aevBPfIIeNu11i_5Wlq32A509aQGNBc-OkiHbTP7Hy5G6BtJ-jfJlbuAgt9zuoqjLWR623uTm8p09cCP7-GoidoWe7rTHI9Tcna8WCKeqQIsjCCijAa6cFpQWVwg-ccOelTluVGsWG9n4dqAfqhbH_qeE44TpBxjSQHBzlYB-QyN2mNbniceiTQsvl0jxxgxi9o5u2AjsdoSQCRKxvTcvWIBPWl-bcMn6Q3yFqhLg_r_1nPpIp5R4Z-mk8bCi79Ht5jbOk\" target=\"_blank\" title=\"https:\/\/www.google.com\/goto?url=CAESzQEB6zswFdvo87aevBPfIIeNu11i_5Wlq32A509aQGNBc-OkiHbTP7Hy5G6BtJ-jfJlbuAgt9zuoqjLWR623uTm8p09cCP7-GoidoWe7rTHI9Tcna8WCKeqQIsjCCijAa6cFpQWVwg-ccOelTluVGsWG9n4dqAfqhbH_qeE44TpBxjSQHBzlYB-QyN2mNbniceiTQsvl0jxxgxi9o5u2AjsdoSQCRKxvTcvWIBPWl-bcMn6Q3yFqhLg_r_1nPpIp5R4Z-mk8bCi79Ht5jbOk\" class=\"com-link break-word\" data-mrf-recirculation=\"n_link_parrafo\" rel=\"nofollow\">Marruecos<\/a>, el gobierno espa\u00f1ol detall\u00f3 que entre 3500 y 7000 permanecieron. <\/p>\n<div class=\"content-media cursor-pointer container-center-100\">\n<section class=\"media-container relative ratio-16-9 mod-media pb-32\">\n<figure class=\"mod-video\">\n<div class=\"video-player bg-black ratio-16-9\" data-has-jwplayer=\"true\" data-video-id-jw=\"ysVSsrtE\" data-config=\"{&quot;title&quot;:&quot;Los vecinos impidieron el paso de una ambulancia de la Cruz Roja&quot;,&quot;mediaId&quot;:&quot;ysVSsrtE&quot;,&quot;playerId&quot;:&quot;ih0086X3&quot;,&quot;playlist&quot;:[{&quot;mediaid&quot;:&quot;ysVSsrtE&quot;,&quot;sources&quot;:[{&quot;file&quot;:&quot;https:\/\/cdn.jwplayer.com\/manifests\/ysVSsrtE.m3u8&quot;,&quot;type&quot;:&quot;application\/vnd.apple.mpegurl&quot;},{&quot;bitrate&quot;:571566,&quot;file&quot;:&quot;https:\/\/cdn.jwplayer.com\/videos\/ysVSsrtE-kTExGaWf.mp4&quot;,&quot;filesize&quot;:3572289,&quot;framerate&quot;:60,&quot;height&quot;:322,&quot;label&quot;:&quot;180p&quot;,&quot;type&quot;:&quot;video\/mp4&quot;,&quot;width&quot;:304},{&quot;bitrate&quot;:780045,&quot;file&quot;:&quot;https:\/\/cdn.jwplayer.com\/videos\/ysVSsrtE-K8B0kybS.mp4&quot;,&quot;filesize&quot;:4875282,&quot;framerate&quot;:60,&quot;height&quot;:480,&quot;label&quot;:&quot;270p&quot;,&quot;type&quot;:&quot;video\/mp4&quot;,&quot;width&quot;:454},{&quot;bitrate&quot;:113610,&quot;file&quot;:&quot;https:\/\/cdn.jwplayer.com\/videos\/ysVSsrtE-hz5z2Tv4.m4a&quot;,&quot;filesize&quot;:724268,&quot;label&quot;:&quot;AAC Audio&quot;,&quot;type&quot;:&quot;audio\/mp4&quot;},{&quot;bitrate&quot;:1046266,&quot;file&quot;:&quot;https:\/\/cdn.jwplayer.com\/videos\/ysVSsrtE-FnZGUVnC.mp4&quot;,&quot;filesize&quot;:6539167,&quot;framerate&quot;:60,&quot;height&quot;:640,&quot;label&quot;:&quot;360p&quot;,&quot;type&quot;:&quot;video\/mp4&quot;,&quot;width&quot;:606}]}],&quot;hasAutoplay&quot;:false,&quot;autostart&quot;:true,&quot;tagsUrl&quot;:&quot;https:\/\/pubads.g.doubleclick.net\/gampad\/ads?slotname=\/133919216\/la_nacion_video\/nota\/preroll&amp;sz=640x480|400x300&amp;ciu_szs=300x250&amp;unviewed_position_start=1&amp;output=vast&amp;impl=s&amp;env=vp&amp;gdfp_req=1&amp;ad_rule=0&amp;vad_type=linear&amp;vpos=preroll&amp;cust_params=tags_nuevos%3Dte_espana%2Cte_africa%2Cca_el_mundo%2C%2CDOHEM7S6MRADFH66O2FID6PUVY&amp;pod=3&amp;ppos=1&amp;lip=true&amp;min_ad_duration=0&amp;max_ad_duration=30000&amp;vrid=6256&amp;url=https%3A%2F%2Fwww.lanacion.com.ar%2Fel-mundo%2Fresidentes-de-ceuta-cortaron-las-calles-para-impedir-que-la-cruz-roja-lleve-comida-y-agua-a-los-nid27082026%2F%3Fvariant%3DA&amp;description_url=https%3A%2F%2Fwww.lanacion.com.ar%2Fel-mundo%2Fresidentes-de-ceuta-cortaron-las-calles-para-impedir-que-la-cruz-roja-lleve-comida-y-agua-a-los-nid27082026%2F%3Fvariant%3DA&amp;video_doc_id=short_onecue&amp;cmsid=496&amp;kfa=0&amp;tfcd=0&amp;correlator=1787926849363&quot;,&quot;arcSite&quot;:&quot;la-nacion-ar&quot;,&quot;duration&quot;:&quot;51000&quot;}\">\n<div id=\"facade-ysVSsrtE\" class=\"content-facade-jw relative bg-black ratio-16-9\"><picture><source media=\"(max-width: 767px)\" srcset=\"https:\/\/www.lanacion.com.ar\/resizer\/v2\/https%3A%2F%2Fcdn.jwplayer.com%2Fv2%2Fmedia%2FysVSsrtE%2Fposter.jpg%3Fwidth%3D720?auth=0a211521bca4e7e45baf5e9c9dbb84e76f2ecc68bc65730dcfa5677fdaac7234&amp;width=480&amp;quality=70&amp;smart=false\"\/><img class=\"image com-image flex --cover\" decoding=\"async\" fetchpriority=\"low\" loading=\"lazy\" src=\"https:\/\/gysfm.com.ar\/inicio\/wp-content\/uploads\/2026\/08\/https:\/\/cdn.jwplayer.com\/v2\/media\/ysVSsrtE\/poster.jpg\" alt=\"Los vecinos impidieron el paso de una ambulancia de la Cruz Roja\"\/><\/picture><\/div>\n<\/div><figcaption class=\"border border-1 border-bottom border-light-300 relative px-16 py-8 min-h-36 w-100_md px-0_l mb-8 bg-white\"><span class=\"text ln-text text-16 block\">Los vecinos impidieron el paso de una ambulancia de la Cruz Roja<\/span><\/figcaption><\/figure>\n<\/section>\n<\/div>\n<p class=\"com-paragraph --s text-left\">En tanto, <strong>las autoridades ceut\u00edes denunciaron que el n\u00famero llega a 10.000<\/strong>, y que los migrantes experimentaron dificultad para acceder a alimentos, agua, refugio e instalaciones sanitarias, por lo que <strong>duermen en refugios improvisados y asentamientos irregulares<\/strong> en las playas. <\/p>\n<p class=\"com-paragraph --s text-left\">Durante la noche del mi\u00e9rcoles <strong>se desataron incidentes cuando un grupo de ceut\u00edes realiz\u00f3 una protesta <\/strong>contra la inmigraci\u00f3n ilegal. La polic\u00eda <strong>lanz\u00f3 gases lacrim\u00f3genos<\/strong> para impedir que se enfrentaran con migrantes que acampaban en una playa.<\/p>\n<div class=\"content-media cursor-pointer container-center-100\">\n<section class=\"media-container relative ratio-16-9 mod-media pb-32\">\n<figure class=\"mod-video\">\n<div class=\"video-player bg-black ratio-16-9\" data-has-jwplayer=\"true\" data-video-id-jw=\"npmlS9Qp\" data-config=\"{&quot;title&quot;:&quot;Protestas en Ceuta el pasado mi\u00e9rcoles&quot;,&quot;mediaId&quot;:&quot;npmlS9Qp&quot;,&quot;playerId&quot;:&quot;ih0086X3&quot;,&quot;playlist&quot;:[{&quot;mediaid&quot;:&quot;npmlS9Qp&quot;,&quot;sources&quot;:[{&quot;file&quot;:&quot;https:\/\/cdn.jwplayer.com\/manifests\/npmlS9Qp.m3u8&quot;,&quot;type&quot;:&quot;application\/vnd.apple.mpegurl&quot;},{&quot;bitrate&quot;:438273,&quot;file&quot;:&quot;https:\/\/cdn.jwplayer.com\/videos\/npmlS9Qp-kTExGaWf.mp4&quot;,&quot;filesize&quot;:328705,&quot;framerate&quot;:30,&quot;height&quot;:320,&quot;label&quot;:&quot;180p&quot;,&quot;type&quot;:&quot;video\/mp4&quot;,&quot;width&quot;:180},{&quot;bitrate&quot;:649845,&quot;file&quot;:&quot;https:\/\/cdn.jwplayer.com\/videos\/npmlS9Qp-K8B0kybS.mp4&quot;,&quot;filesize&quot;:487384,&quot;framerate&quot;:30,&quot;height&quot;:480,&quot;label&quot;:&quot;270p&quot;,&quot;type&quot;:&quot;video\/mp4&quot;,&quot;width&quot;:270},{&quot;bitrate&quot;:117314,&quot;file&quot;:&quot;https:\/\/cdn.jwplayer.com\/videos\/npmlS9Qp-hz5z2Tv4.m4a&quot;,&quot;filesize&quot;:87986,&quot;label&quot;:&quot;AAC Audio&quot;,&quot;type&quot;:&quot;audio\/mp4&quot;},{&quot;bitrate&quot;:916509,&quot;file&quot;:&quot;https:\/\/cdn.jwplayer.com\/videos\/npmlS9Qp-FnZGUVnC.mp4&quot;,&quot;filesize&quot;:687382,&quot;framerate&quot;:30,&quot;height&quot;:640,&quot;label&quot;:&quot;360p&quot;,&quot;type&quot;:&quot;video\/mp4&quot;,&quot;width&quot;:360}]}],&quot;hasAutoplay&quot;:false,&quot;autostart&quot;:true,&quot;tagsUrl&quot;:&quot;https:\/\/pubads.g.doubleclick.net\/gampad\/ads?slotname=\/133919216\/la_nacion_video\/nota\/preroll&amp;sz=640x480|400x300&amp;ciu_szs=300x250&amp;unviewed_position_start=1&amp;output=vast&amp;impl=s&amp;env=vp&amp;gdfp_req=1&amp;ad_rule=0&amp;vad_type=linear&amp;vpos=preroll&amp;cust_params=tags_nuevos%3Dte_espana%2Cte_africa%2Cca_el_mundo%2C%2CDOHEM7S6MRADFH66O2FID6PUVY&amp;pod=3&amp;ppos=1&amp;lip=true&amp;min_ad_duration=0&amp;max_ad_duration=30000&amp;vrid=6256&amp;url=https%3A%2F%2Fwww.lanacion.com.ar%2Fel-mundo%2Fresidentes-de-ceuta-cortaron-las-calles-para-impedir-que-la-cruz-roja-lleve-comida-y-agua-a-los-nid27082026%2F%3Fvariant%3DA&amp;description_url=https%3A%2F%2Fwww.lanacion.com.ar%2Fel-mundo%2Fresidentes-de-ceuta-cortaron-las-calles-para-impedir-que-la-cruz-roja-lleve-comida-y-agua-a-los-nid27082026%2F%3Fvariant%3DA&amp;video_doc_id=short_onecue&amp;cmsid=496&amp;kfa=0&amp;tfcd=0&amp;correlator=1787926849363&quot;,&quot;arcSite&quot;:&quot;la-nacion-ar&quot;,&quot;duration&quot;:&quot;6000&quot;}\">\n<div id=\"facade-npmlS9Qp\" class=\"content-facade-jw relative bg-black ratio-16-9\"><picture><source media=\"(max-width: 767px)\" srcset=\"https:\/\/www.lanacion.com.ar\/resizer\/v2\/https%3A%2F%2Fcdn.jwplayer.com%2Fv2%2Fmedia%2FnpmlS9Qp%2Fposter.jpg%3Fwidth%3D720?auth=003b016a759b4922478eef299fff89931ac8c69381f39618a6d9c2c23408496b&amp;width=480&amp;quality=70&amp;smart=false\"\/><img class=\"image com-image flex --cover\" decoding=\"async\" fetchpriority=\"low\" loading=\"lazy\" src=\"https:\/\/gysfm.com.ar\/inicio\/wp-content\/uploads\/2026\/08\/https:\/\/cdn.jwplayer.com\/v2\/media\/npmlS9Qp\/poster.jpg\" alt=\"Protestas en Ceuta el pasado mi\u00e9rcoles\"\/><\/picture><\/div>\n<\/div><figcaption class=\"border border-1 border-bottom border-light-300 relative px-16 py-8 min-h-36 w-100_md px-0_l mb-8 bg-white\"><span class=\"text ln-text text-16 block\">Protestas en Ceuta el pasado mi\u00e9rcoles<\/span><\/figcaption><\/figure>\n<\/section>\n<\/div>\n<p class=\"com-paragraph --s text-left\">En tanto, un portavoz de la Polic\u00eda Nacional de Ceuta denunci\u00f3 a AFP que un veh\u00edculo militar con cuatro soldados <strong>fue emboscado por unos 70 migrantes<\/strong>, que lo atacaron con piedras y otros objetos en la madrugada del jueves. <\/p>\n<p class=\"com-paragraph --s text-left\">Los militares <strong>debieron huir y pedir ayuda de la polic\u00eda<\/strong>, que logr\u00f3 detener a doce migrantes de nacionalidad marroqu\u00ed. Un militar sufri\u00f3 lesiones leves por una pedrada.<\/p>\n<p class=\"com-paragraph --s text-left\">La consejera de Hacienda de la ciudad aut\u00f3noma, Ser Kissy Chandiramani, sostuvo que <strong>hay \u201cuna tensi\u00f3n muy elevada\u201d en Ceuta<\/strong> porque \u201cno hay respuestas\u201d de parte del gobierno centrales. \u201cLos habitantes nos sentimos abandonados\u201d, expres\u00f3. <\/p>\n<p class=\"com-paragraph --s text-left\">El caos contin\u00faa escalando en el enclave, ante lo que las autoridades locales y espa\u00f1olas llamaron a la calma. Chandiramani llam\u00f3 a la \u201cno violencia\u201d y pidi\u00f3 que las protestas se hagan <strong>\u201cen un ambiente de tranquilidad\u201d<\/strong>.<\/p>\n<div class=\"content-media\">\n<section role=\"button\" class=\"mod-media   \">\n<figure role=\"button\" tabindex=\"0\" class=\"mod-figure \"><figcaption class=\"mod-figcaption\"><span class=\"com-text --caption --twoxs\">Un grupo de migrantes espera en la acera del barrio de Loma Colmenar, en Ceuta<\/span><span class=\"com-text --credit --twoxs\">Antonio Sempere \/ AFP &#8211; AFP<\/span><\/figcaption><\/figure>\n<\/section>\n<\/div>\n<p class=\"com-paragraph --s text-left\">En tanto, el ministro de Justicia, F\u00e9lix Bola\u00f1os, <strong>envi\u00f3 un \u201cmensaje de calma, de confianza en el Estado\u201d<\/strong> a los ciudadanos de Ceuta durante una exposici\u00f3n en el Congreso de Madrid. \u201cEstamos trabajando sin descanso hasta recuperar la normalidad en la ciudad aut\u00f3noma\u201d, declar\u00f3.<\/p>\n<p class=\"com-paragraph --s\">El Ministerio del Interior anunci\u00f3 este jueves <strong>el env\u00edo de m\u00e1s personal para identificar a los migrantes<\/strong>.<\/p>\n<p class=\"com-paragraph --s\"><strong>Con informaci\u00f3n de AFP<\/strong><\/p>\n<section class=\"container-center-100 mb-40 border border-bottom border-thin border-neutral-light-700\">\n<hr\/>\n<\/section>\n<\/div>\n<p><script id=\"facebookpixel\" defer=\"\" type=\"text\/javascript\">\n        !function(f,b,e,v,n,t,s)\n        {if(f.fbq)return;n=f.fbq=function(){n.callMethod?\n        n.callMethod.apply(n,arguments):n.queue.push(arguments)};\n        if(!f._fbq)f._fbq=n;n.push=n;n.loaded=!0;n.version='2.0';\n        n.queue=[];t=b.createElement(e);t.async=!0;\n        t.src=v;s=b.getElementsByTagName(e)[0];\n        s.parentNode.insertBefore(t,s)}(window, document,'script',\n        'https:\/\/connect.facebook.net\/en_US\/fbevents.js');\n        fbq('init', '492459597522335');\n        fbq('track', 'PageView');\n    <\/script><br \/>\n<br \/><\/p>\n","protected":false},"excerpt":{"rendered":"<p>Un centenar de ceut\u00edes protestaron este jueves contra la migraci\u00f3n ilegal en el enclave espa\u00f1ol y quemaron las pertenencias de los migrantes que permanec\u00edan en un asentamiento irregular en una playa de El Trampol\u00edn. Los manifestantes se enfrentaron con la polic\u00eda y hubo corridas. Quienes protestaban se acercaron al asentamiento y prendieron fuego elementos que [&hellip;]<\/p>\n","protected":false},"author":2,"featured_media":209661,"comment_status":"closed","ping_status":"closed","sticky":false,"template":"","format":"standard","meta":{"footnotes":""},"categories":[26],"tags":[],"class_list":["post-209660","post","type-post","status-publish","format-standard","has-post-thumbnail","hentry","category-internacionales"],"yoast_head":"<!-- This site is optimized with the Yoast SEO plugin v24.4 - https:\/\/yoast.com\/wordpress\/plugins\/seo\/ -->\n<title>Residentes de Ceuta quemaron un asentamiento de migrantes en la playa y escala la tensi\u00f3n - GYS NOTICIAS |<\/title>\n<meta name=\"robots\" content=\"index, follow, max-snippet:-1, max-image-preview:large, max-video-preview:-1\" \/>\n<link rel=\"canonical\" href=\"https:\/\/gysfm.com.ar\/inicio\/residentes-de-ceuta-quemaron-un-asentamiento-de-migrantes-en-la-playa-y-escala-la-tension\/\" \/>\n<meta property=\"og:locale\" content=\"es_ES\" \/>\n<meta property=\"og:type\" content=\"article\" \/>\n<meta property=\"og:title\" content=\"Residentes de Ceuta quemaron un asentamiento de migrantes en la playa y escala la tensi\u00f3n - GYS NOTICIAS |\" \/>\n<meta property=\"og:description\" content=\"Un centenar de ceut\u00edes protestaron este jueves contra la migraci\u00f3n ilegal en el enclave espa\u00f1ol y quemaron las pertenencias de los migrantes que permanec\u00edan en un asentamiento irregular en una playa de El Trampol\u00edn. Los manifestantes se enfrentaron con la polic\u00eda y hubo corridas. Quienes protestaban se acercaron al asentamiento y prendieron fuego elementos que [&hellip;]\" \/>\n<meta property=\"og:url\" content=\"https:\/\/gysfm.com.ar\/inicio\/residentes-de-ceuta-quemaron-un-asentamiento-de-migrantes-en-la-playa-y-escala-la-tension\/\" \/>\n<meta property=\"og:site_name\" content=\"GYS NOTICIAS |\" \/>\n<meta property=\"article:published_time\" content=\"2026-08-28T14:20:50+00:00\" \/>\n<meta property=\"article:modified_time\" content=\"2026-08-28T14:20:52+00:00\" \/>\n<meta property=\"og:image\" content=\"https:\/\/gysfm.com.ar\/inicio\/wp-content\/uploads\/2026\/08\/los-incidentes-en-I6SZH36DWZGPHCQBJQZK6LHGUM.png\" \/>\n\t<meta property=\"og:image:width\" content=\"1200\" \/>\n\t<meta property=\"og:image:height\" content=\"800\" \/>\n\t<meta property=\"og:image:type\" content=\"image\/png\" \/>\n<meta name=\"author\" content=\"Prensa G&amp;S FM\" \/>\n<meta name=\"twitter:card\" content=\"summary_large_image\" \/>\n<meta name=\"twitter:label1\" content=\"Escrito por\" \/>\n\t<meta name=\"twitter:data1\" content=\"Prensa G&amp;S FM\" \/>\n\t<meta name=\"twitter:label2\" content=\"Tiempo de lectura\" \/>\n\t<meta name=\"twitter:data2\" content=\"4 minutos\" \/>\n<script type=\"application\/ld+json\" class=\"yoast-schema-graph\">{\"@context\":\"https:\/\/schema.org\",\"@graph\":[{\"@type\":\"Article\",\"@id\":\"https:\/\/gysfm.com.ar\/inicio\/residentes-de-ceuta-quemaron-un-asentamiento-de-migrantes-en-la-playa-y-escala-la-tension\/#article\",\"isPartOf\":{\"@id\":\"https:\/\/gysfm.com.ar\/inicio\/residentes-de-ceuta-quemaron-un-asentamiento-de-migrantes-en-la-playa-y-escala-la-tension\/\"},\"author\":{\"name\":\"Prensa G&amp;S FM\",\"@id\":\"https:\/\/gysfm.com.ar\/inicio\/#\/schema\/person\/3abba7593ef2ad19e1be221d54383dc5\"},\"headline\":\"Residentes de Ceuta quemaron un asentamiento de migrantes en la playa y escala la tensi\u00f3n\",\"datePublished\":\"2026-08-28T14:20:50+00:00\",\"dateModified\":\"2026-08-28T14:20:52+00:00\",\"mainEntityOfPage\":{\"@id\":\"https:\/\/gysfm.com.ar\/inicio\/residentes-de-ceuta-quemaron-un-asentamiento-de-migrantes-en-la-playa-y-escala-la-tension\/\"},\"wordCount\":726,\"publisher\":{\"@id\":\"https:\/\/gysfm.com.ar\/inicio\/#organization\"},\"image\":{\"@id\":\"https:\/\/gysfm.com.ar\/inicio\/residentes-de-ceuta-quemaron-un-asentamiento-de-migrantes-en-la-playa-y-escala-la-tension\/#primaryimage\"},\"thumbnailUrl\":\"https:\/\/gysfm.com.ar\/inicio\/wp-content\/uploads\/2026\/08\/los-incidentes-en-I6SZH36DWZGPHCQBJQZK6LHGUM.png\",\"articleSection\":[\"INTERNACIONALES\"],\"inLanguage\":\"es\"},{\"@type\":\"WebPage\",\"@id\":\"https:\/\/gysfm.com.ar\/inicio\/residentes-de-ceuta-quemaron-un-asentamiento-de-migrantes-en-la-playa-y-escala-la-tension\/\",\"url\":\"https:\/\/gysfm.com.ar\/inicio\/residentes-de-ceuta-quemaron-un-asentamiento-de-migrantes-en-la-playa-y-escala-la-tension\/\",\"name\":\"Residentes de Ceuta quemaron un asentamiento de migrantes en la playa y escala la tensi\u00f3n - GYS NOTICIAS |\",\"isPartOf\":{\"@id\":\"https:\/\/gysfm.com.ar\/inicio\/#website\"},\"primaryImageOfPage\":{\"@id\":\"https:\/\/gysfm.com.ar\/inicio\/residentes-de-ceuta-quemaron-un-asentamiento-de-migrantes-en-la-playa-y-escala-la-tension\/#primaryimage\"},\"image\":{\"@id\":\"https:\/\/gysfm.com.ar\/inicio\/residentes-de-ceuta-quemaron-un-asentamiento-de-migrantes-en-la-playa-y-escala-la-tension\/#primaryimage\"},\"thumbnailUrl\":\"https:\/\/gysfm.com.ar\/inicio\/wp-content\/uploads\/2026\/08\/los-incidentes-en-I6SZH36DWZGPHCQBJQZK6LHGUM.png\",\"datePublished\":\"2026-08-28T14:20:50+00:00\",\"dateModified\":\"2026-08-28T14:20:52+00:00\",\"breadcrumb\":{\"@id\":\"https:\/\/gysfm.com.ar\/inicio\/residentes-de-ceuta-quemaron-un-asentamiento-de-migrantes-en-la-playa-y-escala-la-tension\/#breadcrumb\"},\"inLanguage\":\"es\",\"potentialAction\":[{\"@type\":\"ReadAction\",\"target\":[\"https:\/\/gysfm.com.ar\/inicio\/residentes-de-ceuta-quemaron-un-asentamiento-de-migrantes-en-la-playa-y-escala-la-tension\/\"]}]},{\"@type\":\"ImageObject\",\"inLanguage\":\"es\",\"@id\":\"https:\/\/gysfm.com.ar\/inicio\/residentes-de-ceuta-quemaron-un-asentamiento-de-migrantes-en-la-playa-y-escala-la-tension\/#primaryimage\",\"url\":\"https:\/\/gysfm.com.ar\/inicio\/wp-content\/uploads\/2026\/08\/los-incidentes-en-I6SZH36DWZGPHCQBJQZK6LHGUM.png\",\"contentUrl\":\"https:\/\/gysfm.com.ar\/inicio\/wp-content\/uploads\/2026\/08\/los-incidentes-en-I6SZH36DWZGPHCQBJQZK6LHGUM.png\",\"width\":1200,\"height\":800},{\"@type\":\"BreadcrumbList\",\"@id\":\"https:\/\/gysfm.com.ar\/inicio\/residentes-de-ceuta-quemaron-un-asentamiento-de-migrantes-en-la-playa-y-escala-la-tension\/#breadcrumb\",\"itemListElement\":[{\"@type\":\"ListItem\",\"position\":1,\"name\":\"Portada\",\"item\":\"https:\/\/gysfm.com.ar\/inicio\/\"},{\"@type\":\"ListItem\",\"position\":2,\"name\":\"Residentes de Ceuta quemaron un asentamiento de migrantes en la playa y escala la tensi\u00f3n\"}]},{\"@type\":\"WebSite\",\"@id\":\"https:\/\/gysfm.com.ar\/inicio\/#website\",\"url\":\"https:\/\/gysfm.com.ar\/inicio\/\",\"name\":\"GYS NOTICIAS |\",\"description\":\"DIARIO - RADIO ONLINE SAN JUAN ARGENTINA\",\"publisher\":{\"@id\":\"https:\/\/gysfm.com.ar\/inicio\/#organization\"},\"potentialAction\":[{\"@type\":\"SearchAction\",\"target\":{\"@type\":\"EntryPoint\",\"urlTemplate\":\"https:\/\/gysfm.com.ar\/inicio\/?s={search_term_string}\"},\"query-input\":{\"@type\":\"PropertyValueSpecification\",\"valueRequired\":true,\"valueName\":\"search_term_string\"}}],\"inLanguage\":\"es\"},{\"@type\":\"Organization\",\"@id\":\"https:\/\/gysfm.com.ar\/inicio\/#organization\",\"name\":\"GYS NOTICIAS |\",\"url\":\"https:\/\/gysfm.com.ar\/inicio\/\",\"logo\":{\"@type\":\"ImageObject\",\"inLanguage\":\"es\",\"@id\":\"https:\/\/gysfm.com.ar\/inicio\/#\/schema\/logo\/image\/\",\"url\":\"https:\/\/gysfm.com.ar\/inicio\/wp-content\/uploads\/2023\/07\/LOGOGYS-OK.png\",\"contentUrl\":\"https:\/\/gysfm.com.ar\/inicio\/wp-content\/uploads\/2023\/07\/LOGOGYS-OK.png\",\"width\":1170,\"height\":872,\"caption\":\"GYS NOTICIAS |\"},\"image\":{\"@id\":\"https:\/\/gysfm.com.ar\/inicio\/#\/schema\/logo\/image\/\"}},{\"@type\":\"Person\",\"@id\":\"https:\/\/gysfm.com.ar\/inicio\/#\/schema\/person\/3abba7593ef2ad19e1be221d54383dc5\",\"name\":\"Prensa G&amp;S FM\",\"image\":{\"@type\":\"ImageObject\",\"inLanguage\":\"es\",\"@id\":\"https:\/\/gysfm.com.ar\/inicio\/#\/schema\/person\/image\/\",\"url\":\"https:\/\/secure.gravatar.com\/avatar\/096ec78df02049ab018702bb4ccedf659377fa92a26540b5247612077a0dbd29?s=96&d=mm&r=g\",\"contentUrl\":\"https:\/\/secure.gravatar.com\/avatar\/096ec78df02049ab018702bb4ccedf659377fa92a26540b5247612077a0dbd29?s=96&d=mm&r=g\",\"caption\":\"Prensa G&amp;S FM\"},\"sameAs\":[\"https:\/\/gysfm.com.ar\/\"],\"url\":\"https:\/\/gysfm.com.ar\/inicio\/author\/lucasm\/\"}]}<\/script>\n<!-- \/ Yoast SEO plugin. -->","yoast_head_json":{"title":"Residentes de Ceuta quemaron un asentamiento de migrantes en la playa y escala la tensi\u00f3n - GYS NOTICIAS |","robots":{"index":"index","follow":"follow","max-snippet":"max-snippet:-1","max-image-preview":"max-image-preview:large","max-video-preview":"max-video-preview:-1"},"canonical":"https:\/\/gysfm.com.ar\/inicio\/residentes-de-ceuta-quemaron-un-asentamiento-de-migrantes-en-la-playa-y-escala-la-tension\/","og_locale":"es_ES","og_type":"article","og_title":"Residentes de Ceuta quemaron un asentamiento de migrantes en la playa y escala la tensi\u00f3n - GYS NOTICIAS |","og_description":"Un centenar de ceut\u00edes protestaron este jueves contra la migraci\u00f3n ilegal en el enclave espa\u00f1ol y quemaron las pertenencias de los migrantes que permanec\u00edan en un asentamiento irregular en una playa de El Trampol\u00edn. Los manifestantes se enfrentaron con la polic\u00eda y hubo corridas. Quienes protestaban se acercaron al asentamiento y prendieron fuego elementos que [&hellip;]","og_url":"https:\/\/gysfm.com.ar\/inicio\/residentes-de-ceuta-quemaron-un-asentamiento-de-migrantes-en-la-playa-y-escala-la-tension\/","og_site_name":"GYS NOTICIAS |","article_published_time":"2026-08-28T14:20:50+00:00","article_modified_time":"2026-08-28T14:20:52+00:00","og_image":[{"width":1200,"height":800,"url":"https:\/\/gysfm.com.ar\/inicio\/wp-content\/uploads\/2026\/08\/los-incidentes-en-I6SZH36DWZGPHCQBJQZK6LHGUM.png","type":"image\/png"}],"author":"Prensa G&amp;S FM","twitter_card":"summary_large_image","twitter_misc":{"Escrito por":"Prensa G&amp;S FM","Tiempo de lectura":"4 minutos"},"schema":{"@context":"https:\/\/schema.org","@graph":[{"@type":"Article","@id":"https:\/\/gysfm.com.ar\/inicio\/residentes-de-ceuta-quemaron-un-asentamiento-de-migrantes-en-la-playa-y-escala-la-tension\/#article","isPartOf":{"@id":"https:\/\/gysfm.com.ar\/inicio\/residentes-de-ceuta-quemaron-un-asentamiento-de-migrantes-en-la-playa-y-escala-la-tension\/"},"author":{"name":"Prensa G&amp;S FM","@id":"https:\/\/gysfm.com.ar\/inicio\/#\/schema\/person\/3abba7593ef2ad19e1be221d54383dc5"},"headline":"Residentes de Ceuta quemaron un asentamiento de migrantes en la playa y escala la tensi\u00f3n","datePublished":"2026-08-28T14:20:50+00:00","dateModified":"2026-08-28T14:20:52+00:00","mainEntityOfPage":{"@id":"https:\/\/gysfm.com.ar\/inicio\/residentes-de-ceuta-quemaron-un-asentamiento-de-migrantes-en-la-playa-y-escala-la-tension\/"},"wordCount":726,"publisher":{"@id":"https:\/\/gysfm.com.ar\/inicio\/#organization"},"image":{"@id":"https:\/\/gysfm.com.ar\/inicio\/residentes-de-ceuta-quemaron-un-asentamiento-de-migrantes-en-la-playa-y-escala-la-tension\/#primaryimage"},"thumbnailUrl":"https:\/\/gysfm.com.ar\/inicio\/wp-content\/uploads\/2026\/08\/los-incidentes-en-I6SZH36DWZGPHCQBJQZK6LHGUM.png","articleSection":["INTERNACIONALES"],"inLanguage":"es"},{"@type":"WebPage","@id":"https:\/\/gysfm.com.ar\/inicio\/residentes-de-ceuta-quemaron-un-asentamiento-de-migrantes-en-la-playa-y-escala-la-tension\/","url":"https:\/\/gysfm.com.ar\/inicio\/residentes-de-ceuta-quemaron-un-asentamiento-de-migrantes-en-la-playa-y-escala-la-tension\/","name":"Residentes de Ceuta quemaron un asentamiento de migrantes en la playa y escala la tensi\u00f3n - GYS NOTICIAS |","isPartOf":{"@id":"https:\/\/gysfm.com.ar\/inicio\/#website"},"primaryImageOfPage":{"@id":"https:\/\/gysfm.com.ar\/inicio\/residentes-de-ceuta-quemaron-un-asentamiento-de-migrantes-en-la-playa-y-escala-la-tension\/#primaryimage"},"image":{"@id":"https:\/\/gysfm.com.ar\/inicio\/residentes-de-ceuta-quemaron-un-asentamiento-de-migrantes-en-la-playa-y-escala-la-tension\/#primaryimage"},"thumbnailUrl":"https:\/\/gysfm.com.ar\/inicio\/wp-content\/uploads\/2026\/08\/los-incidentes-en-I6SZH36DWZGPHCQBJQZK6LHGUM.png","datePublished":"2026-08-28T14:20:50+00:00","dateModified":"2026-08-28T14:20:52+00:00","breadcrumb":{"@id":"https:\/\/gysfm.com.ar\/inicio\/residentes-de-ceuta-quemaron-un-asentamiento-de-migrantes-en-la-playa-y-escala-la-tension\/#breadcrumb"},"inLanguage":"es","potentialAction":[{"@type":"ReadAction","target":["https:\/\/gysfm.com.ar\/inicio\/residentes-de-ceuta-quemaron-un-asentamiento-de-migrantes-en-la-playa-y-escala-la-tension\/"]}]},{"@type":"ImageObject","inLanguage":"es","@id":"https:\/\/gysfm.com.ar\/inicio\/residentes-de-ceuta-quemaron-un-asentamiento-de-migrantes-en-la-playa-y-escala-la-tension\/#primaryimage","url":"https:\/\/gysfm.com.ar\/inicio\/wp-content\/uploads\/2026\/08\/los-incidentes-en-I6SZH36DWZGPHCQBJQZK6LHGUM.png","contentUrl":"https:\/\/gysfm.com.ar\/inicio\/wp-content\/uploads\/2026\/08\/los-incidentes-en-I6SZH36DWZGPHCQBJQZK6LHGUM.png","width":1200,"height":800},{"@type":"BreadcrumbList","@id":"https:\/\/gysfm.com.ar\/inicio\/residentes-de-ceuta-quemaron-un-asentamiento-de-migrantes-en-la-playa-y-escala-la-tension\/#breadcrumb","itemListElement":[{"@type":"ListItem","position":1,"name":"Portada","item":"https:\/\/gysfm.com.ar\/inicio\/"},{"@type":"ListItem","position":2,"name":"Residentes de Ceuta quemaron un asentamiento de migrantes en la playa y escala la tensi\u00f3n"}]},{"@type":"WebSite","@id":"https:\/\/gysfm.com.ar\/inicio\/#website","url":"https:\/\/gysfm.com.ar\/inicio\/","name":"GYS NOTICIAS |","description":"DIARIO - RADIO ONLINE SAN JUAN ARGENTINA","publisher":{"@id":"https:\/\/gysfm.com.ar\/inicio\/#organization"},"potentialAction":[{"@type":"SearchAction","target":{"@type":"EntryPoint","urlTemplate":"https:\/\/gysfm.com.ar\/inicio\/?s={search_term_string}"},"query-input":{"@type":"PropertyValueSpecification","valueRequired":true,"valueName":"search_term_string"}}],"inLanguage":"es"},{"@type":"Organization","@id":"https:\/\/gysfm.com.ar\/inicio\/#organization","name":"GYS NOTICIAS |","url":"https:\/\/gysfm.com.ar\/inicio\/","logo":{"@type":"ImageObject","inLanguage":"es","@id":"https:\/\/gysfm.com.ar\/inicio\/#\/schema\/logo\/image\/","url":"https:\/\/gysfm.com.ar\/inicio\/wp-content\/uploads\/2023\/07\/LOGOGYS-OK.png","contentUrl":"https:\/\/gysfm.com.ar\/inicio\/wp-content\/uploads\/2023\/07\/LOGOGYS-OK.png","width":1170,"height":872,"caption":"GYS NOTICIAS |"},"image":{"@id":"https:\/\/gysfm.com.ar\/inicio\/#\/schema\/logo\/image\/"}},{"@type":"Person","@id":"https:\/\/gysfm.com.ar\/inicio\/#\/schema\/person\/3abba7593ef2ad19e1be221d54383dc5","name":"Prensa G&amp;S FM","image":{"@type":"ImageObject","inLanguage":"es","@id":"https:\/\/gysfm.com.ar\/inicio\/#\/schema\/person\/image\/","url":"https:\/\/secure.gravatar.com\/avatar\/096ec78df02049ab018702bb4ccedf659377fa92a26540b5247612077a0dbd29?s=96&d=mm&r=g","contentUrl":"https:\/\/secure.gravatar.com\/avatar\/096ec78df02049ab018702bb4ccedf659377fa92a26540b5247612077a0dbd29?s=96&d=mm&r=g","caption":"Prensa G&amp;S FM"},"sameAs":["https:\/\/gysfm.com.ar\/"],"url":"https:\/\/gysfm.com.ar\/inicio\/author\/lucasm\/"}]}},"_links":{"self":[{"href":"https:\/\/gysfm.com.ar\/inicio\/wp-json\/wp\/v2\/posts\/209660","targetHints":{"allow":["GET"]}}],"collection":[{"href":"https:\/\/gysfm.com.ar\/inicio\/wp-json\/wp\/v2\/posts"}],"about":[{"href":"https:\/\/gysfm.com.ar\/inicio\/wp-json\/wp\/v2\/types\/post"}],"author":[{"embeddable":true,"href":"https:\/\/gysfm.com.ar\/inicio\/wp-json\/wp\/v2\/users\/2"}],"replies":[{"embeddable":true,"href":"https:\/\/gysfm.com.ar\/inicio\/wp-json\/wp\/v2\/comments?post=209660"}],"version-history":[{"count":1,"href":"https:\/\/gysfm.com.ar\/inicio\/wp-json\/wp\/v2\/posts\/209660\/revisions"}],"predecessor-version":[{"id":209662,"href":"https:\/\/gysfm.com.ar\/inicio\/wp-json\/wp\/v2\/posts\/209660\/revisions\/209662"}],"wp:featuredmedia":[{"embeddable":true,"href":"https:\/\/gysfm.com.ar\/inicio\/wp-json\/wp\/v2\/media\/209661"}],"wp:attachment":[{"href":"https:\/\/gysfm.com.ar\/inicio\/wp-json\/wp\/v2\/media?parent=209660"}],"wp:term":[{"taxonomy":"category","embeddable":true,"href":"https:\/\/gysfm.com.ar\/inicio\/wp-json\/wp\/v2\/categories?post=209660"},{"taxonomy":"post_tag","embeddable":true,"href":"https:\/\/gysfm.com.ar\/inicio\/wp-json\/wp\/v2\/tags?post=209660"}],"curies":[{"name":"wp","href":"https:\/\/api.w.org\/{rel}","templated":true}]}}