{"id":209656,"date":"2026-08-28T10:20:13","date_gmt":"2026-08-28T13:20:13","guid":{"rendered":"https:\/\/gysfm.com.ar\/inicio\/noruega-en-vilo-por-la-salud-del-rey-harald-y-una-inedita-reaccion-de-la-cupula-politica\/"},"modified":"2026-08-28T10:20:14","modified_gmt":"2026-08-28T13:20:14","slug":"noruega-en-vilo-por-la-salud-del-rey-harald-y-una-inedita-reaccion-de-la-cupula-politica","status":"publish","type":"post","link":"https:\/\/gysfm.com.ar\/inicio\/noruega-en-vilo-por-la-salud-del-rey-harald-y-una-inedita-reaccion-de-la-cupula-politica\/","title":{"rendered":"Noruega en vilo por la salud del rey Harald y una in\u00e9dita reacci\u00f3n de la c\u00fapula pol\u00edtica"},"content":{"rendered":"<p> <br \/>\n<\/p>\n<div>\n<p class=\"com-paragraph --capital --s\">OSLO.\u2013 <strong>Noruega contiene la respiraci\u00f3n ante el deterioro de la salud del <\/strong><a href=\"https:\/\/www.lanacion.com.ar\/el-mundo\/se-agravo-la-salud-del-rey-harald-de-noruega-que-permanece-hospitalizado-nid23082026\/\" target=\"_self\" title=\"https:\/\/www.lanacion.com.ar\/el-mundo\/se-agravo-la-salud-del-rey-harald-de-noruega-que-permanece-hospitalizado-nid23082026\/\" class=\"com-link break-word\" data-mrf-recirculation=\"n_link_parrafo\"><strong>rey Harald V<\/strong><\/a>, de 89 a\u00f1os, cuyo estado fue calificado este jueves como <strong>\u201cextremadamente grave\u201d<\/strong> por la Casa Real.<\/p>\n<p class=\"com-paragraph --s\">El monarca, el m\u00e1s anciano entre los soberanos europeos con vida, <strong>permanece internado desde el <\/strong><a href=\"https:\/\/www.lanacion.com.ar\/el-mundo\/se-agravo-la-salud-del-rey-harald-de-noruega-que-permanece-hospitalizado-nid23082026\/\" target=\"_self\" title=\"https:\/\/www.lanacion.com.ar\/el-mundo\/se-agravo-la-salud-del-rey-harald-de-noruega-que-permanece-hospitalizado-nid23082026\/\" class=\"com-link break-word\" data-mrf-recirculation=\"n_link_parrafo\"><strong>17 de agosto<\/strong><\/a> en el Hospital Nacional de Oslo, el Rikshospitalet.<\/p>\n<div class=\"content-media\">\n<section role=\"button\" class=\"mod-media   \">\n<figure role=\"button\" tabindex=\"0\" class=\"mod-figure \"><figcaption class=\"mod-figcaption\"><span class=\"com-text --caption --twoxs\">El rey Harald V de Noruega saluda a la multitud desde el balc\u00f3n del Palacio Real en Oslo<\/span><span class=\"com-text --credit --twoxs\">HEIKO JUNGE &#8211; NTB<\/span><\/figcaption><\/figure>\n<\/section>\n<\/div>\n<p class=\"com-paragraph --s\"><strong>\u201cEl estado de salud de Su Majestad el Rey se ha deteriorado y es extremadamente grave\u201d<\/strong>, inform\u00f3 el palacio en un comunicado, sin ofrecer mayores precisiones. <\/p>\n<p class=\"com-paragraph --s\">La f\u00f3rmula utilizada llam\u00f3 especialmente la atenci\u00f3n en Noruega. \u201cNunca antes hab\u00eda empleado el Palacio Real la f\u00f3rmula \u2018extremadamente grave\u2019 para describir el estado de salud del rey\u201d, explic\u00f3 la periodista especializada Caroline Vagle.<\/p>\n<p class=\"com-paragraph --s\">Harald sufre <strong>una anemia hemol\u00edtica<\/strong>, un trastorno que provoca una destrucci\u00f3n anormalmente r\u00e1pida de los gl\u00f3bulos rojos y que puede manifestarse con <strong>fatiga, palidez y dificultades para respirar<\/strong>. Adem\u00e1s, la Casa Real hab\u00eda informado que el rey recibe <strong>antibi\u00f3ticos por una infecci\u00f3n bacteriana en la sangre<\/strong>.<\/p>\n<p class=\"com-paragraph --s\">El domingo, el palacio hab\u00eda se\u00f1alado que <strong>el monarca hab\u00eda respondido bien a la medicaci\u00f3n<\/strong> durante el fin de semana. Sin embargo, el cuadro empeor\u00f3 en los d\u00edas siguientes. <\/p>\n<div class=\"content-media\">\n<section role=\"button\" class=\"mod-media   \">\n<figure role=\"button\" tabindex=\"0\" class=\"mod-figure \"><figcaption class=\"mod-figcaption\"><span class=\"com-text --caption --twoxs\">El rey Harald V de Noruega posa para una foto en el Sal\u00f3n de los P\u00e1jaros del Palacio Real<\/span><span class=\"com-text --credit --twoxs\">RODRIGO FREITAS &#8211; NTB<\/span><\/figcaption><\/figure>\n<\/section>\n<\/div>\n<p class=\"com-paragraph --s\">El ingreso hospitalario hab\u00eda comenzado por una retenci\u00f3n de l\u00edquidos vinculada con un tratamiento con cortisona, una complicaci\u00f3n que ya lo hab\u00eda obligado a permanecer de baja por enfermedad durante dos semanas.<\/p>\n<p class=\"com-paragraph --s\">La gravedad de la situaci\u00f3n llev\u00f3 a <strong>la familia real a cancelar toda su agenda oficial<\/strong>. La reina Sonja, el pr\u00edncipe heredero <strong>Haakon <\/strong>y su esposa, <strong>Mette-Marit<\/strong>, suspendieron sus compromisos, mientras medios noruegos difundieron im\u00e1genes de distintos miembros de la familia en el hospital donde est\u00e1 internado Harald.<\/p>\n<p class=\"com-paragraph --s\">Entre ellos estuvo <strong>Marius Borg H\u00f8iby, hijo de Mette-Marit<\/strong>, condenado recientemente a cuatro a\u00f1os de c\u00e1rcel por dos violaciones y que cumple su pena con un brazalete electr\u00f3nico.<\/p>\n<p class=\"com-paragraph --s\">En los \u00faltimos d\u00edas, varios miembros de la familia ya hab\u00edan visitado al rey. Haakon, heredero de la corona, ejerce adem\u00e1s como regente durante la ausencia de su padre.<\/p>\n<p class=\"com-paragraph --s\">El deterioro de la salud del monarca tambi\u00e9n provoc\u00f3 <strong>una reacci\u00f3n inmediata entre las principales autoridades pol\u00edticas del pa\u00eds<\/strong>. <\/p>\n<div class=\"content-media\">\n<section role=\"button\" class=\"mod-media   \">\n<figure role=\"button\" tabindex=\"0\" class=\"mod-figure \"><figcaption class=\"mod-figcaption\"><span class=\"com-text --caption --twoxs\">El rey Harald V de Noruega habla con miembros de la selecci\u00f3n nacional de f\u00fatbol durante una recepci\u00f3n con la familia real en el palacio de Oslo<\/span><span class=\"com-text --credit --twoxs\">AMANDA PEDERSEN GISKE &#8211; NTB<\/span><\/figcaption><\/figure>\n<\/section>\n<\/div>\n<p class=\"com-paragraph --s\">El primer ministro <strong>Jonas Gahr Store<\/strong> cancel\u00f3 este jueves un viaje previsto a Alemania debido a la \u201cgrave situaci\u00f3n de salud\u201d del rey. \u201cTodo el pa\u00eds est\u00e1 con nosotros mientras enviamos nuestros mejores deseos al rey y al resto de la familia real\u201d, declar\u00f3 a medios noruegos.<\/p>\n<p class=\"com-paragraph --s\">La preocupaci\u00f3n se extendi\u00f3 tambi\u00e9n al Parlamento. Su presidente, <strong>Masud Gharahkhani, interrumpi\u00f3 una visita oficial a Islandia<\/strong> y emprendi\u00f3 el regreso a Noruega. A su vez, la Comisi\u00f3n de Relaciones Exteriores y Defensa anunci\u00f3 que sus integrantes volver\u00edan al pa\u00eds desde Corea del Sur.<\/p>\n<p class=\"com-paragraph --s\">Tambi\u00e9n el <strong>Colegio de Obispos de la Iglesia Luterana de Noruega<\/strong> decidi\u00f3 acortar una visita a Roma, donde participaba de un encuentro excepcional con el papa. Seg\u00fan medios noruegos, sus miembros resolvieron regresar al pa\u00eds lo antes posible.<\/p>\n<p class=\"com-paragraph --s\">Fuera del \u00e1mbito institucional, <strong>numerosos noruegos comenzaron a enviar mensajes de apoyo a la familia real<\/strong>, de acuerdo con la televisi\u00f3n p\u00fablica NRK, que los recibe.<\/p>\n<div class=\"content-media\">\n<section role=\"button\" class=\"mod-media   \">\n<figure role=\"button\" tabindex=\"0\" class=\"mod-figure \"><figcaption class=\"mod-figcaption\"><span class=\"com-text --caption --twoxs\">El rey Harald V de Noruega y la reina Sonja en el Ayuntamiento de Oslo<\/span><span class=\"com-text --credit --twoxs\">ODD ANDERSEN &#8211; AFP<\/span><\/figcaption><\/figure>\n<\/section>\n<\/div>\n<p class=\"com-paragraph --s\"><strong>\u201cNoruega aguanta la respiraci\u00f3n\u201d<\/strong>, resumi\u00f3 el periodista Ole-J\u00f8rgen Schulsrud Hansen, una frase que reflej\u00f3 el clima instalado en el pa\u00eds despu\u00e9s del comunicado de la Casa Real y de la suspensi\u00f3n de actividades de parte de la c\u00fapula pol\u00edtica e institucional.<\/p>\n<p class=\"com-paragraph --s\"><strong>Harald V ocupa el trono desde 1991<\/strong> y desde hace varios a\u00f1os atraviesa distintos problemas de salud. En 2024 anunci\u00f3 que reducir\u00eda el n\u00famero de actividades oficiales en las que participa debido a su edad, pero descart\u00f3 de manera expl\u00edcita la posibilidad de abdicar.<\/p>\n<p class=\"com-paragraph --s\">Su prolongada permanencia en el trono y su negativa a abdicar volvieron especialmente sensible el deterioro comunicado este jueves por la Casa Real, tras 35 a\u00f1os como rey.<\/p>\n<p class=\"com-paragraph --s\">El rey sostuvo entonces que <strong>su juramento como monarca era de por vida<\/strong>. Pese a sus problemas de salud y a la reducci\u00f3n de sus compromisos oficiales, Harald mantuvo esa posici\u00f3n.<\/p>\n<p class=\"com-paragraph --s\"><strong>Agencias AFP y Reuters<\/strong><\/p>\n<section class=\"container-center-100 mb-40 border border-bottom border-thin border-neutral-light-700\">\n<hr\/>\n<\/section>\n<\/div>\n<p><script id=\"facebookpixel\" defer=\"\" type=\"text\/javascript\">\n        !function(f,b,e,v,n,t,s)\n        {if(f.fbq)return;n=f.fbq=function(){n.callMethod?\n        n.callMethod.apply(n,arguments):n.queue.push(arguments)};\n        if(!f._fbq)f._fbq=n;n.push=n;n.loaded=!0;n.version='2.0';\n        n.queue=[];t=b.createElement(e);t.async=!0;\n        t.src=v;s=b.getElementsByTagName(e)[0];\n        s.parentNode.insertBefore(t,s)}(window, document,'script',\n        'https:\/\/connect.facebook.net\/en_US\/fbevents.js');\n        fbq('init', '492459597522335');\n        fbq('track', 'PageView');\n    <\/script><br \/>\n<br \/><\/p>\n","protected":false},"excerpt":{"rendered":"<p>OSLO.\u2013 Noruega contiene la respiraci\u00f3n ante el deterioro de la salud del rey Harald V, de 89 a\u00f1os, cuyo estado fue calificado este jueves como \u201cextremadamente grave\u201d por la Casa Real. El monarca, el m\u00e1s anciano entre los soberanos europeos con vida, permanece internado desde el 17 de agosto en el Hospital Nacional de Oslo, [&hellip;]<\/p>\n","protected":false},"author":2,"featured_media":209657,"comment_status":"closed","ping_status":"closed","sticky":false,"template":"","format":"standard","meta":{"footnotes":""},"categories":[26],"tags":[],"class_list":["post-209656","post","type-post","status-publish","format-standard","has-post-thumbnail","hentry","category-internacionales"],"yoast_head":"<!-- This site is optimized with the Yoast SEO plugin v24.4 - https:\/\/yoast.com\/wordpress\/plugins\/seo\/ -->\n<title>Noruega en vilo por la salud del rey Harald y una in\u00e9dita reacci\u00f3n de la c\u00fapula pol\u00edtica - GYS NOTICIAS |<\/title>\n<meta name=\"robots\" content=\"index, follow, max-snippet:-1, max-image-preview:large, max-video-preview:-1\" \/>\n<link rel=\"canonical\" href=\"https:\/\/gysfm.com.ar\/inicio\/noruega-en-vilo-por-la-salud-del-rey-harald-y-una-inedita-reaccion-de-la-cupula-politica\/\" \/>\n<meta property=\"og:locale\" content=\"es_ES\" \/>\n<meta property=\"og:type\" content=\"article\" \/>\n<meta property=\"og:title\" content=\"Noruega en vilo por la salud del rey Harald y una in\u00e9dita reacci\u00f3n de la c\u00fapula pol\u00edtica - GYS NOTICIAS |\" \/>\n<meta property=\"og:description\" content=\"OSLO.\u2013 Noruega contiene la respiraci\u00f3n ante el deterioro de la salud del rey Harald V, de 89 a\u00f1os, cuyo estado fue calificado este jueves como \u201cextremadamente grave\u201d por la Casa Real. El monarca, el m\u00e1s anciano entre los soberanos europeos con vida, permanece internado desde el 17 de agosto en el Hospital Nacional de Oslo, [&hellip;]\" \/>\n<meta property=\"og:url\" content=\"https:\/\/gysfm.com.ar\/inicio\/noruega-en-vilo-por-la-salud-del-rey-harald-y-una-inedita-reaccion-de-la-cupula-politica\/\" \/>\n<meta property=\"og:site_name\" content=\"GYS NOTICIAS |\" \/>\n<meta property=\"article:published_time\" content=\"2026-08-28T13:20:13+00:00\" \/>\n<meta property=\"article:modified_time\" content=\"2026-08-28T13:20:14+00:00\" \/>\n<meta property=\"og:image\" content=\"https:\/\/gysfm.com.ar\/inicio\/wp-content\/uploads\/2026\/08\/el-rey-harald-de-noruega-pronuncia-un-discurso-en-VNQ3SJW2XNGN5LJBHQ4XTFZ35Q.JPG\" \/>\n\t<meta property=\"og:image:width\" content=\"1200\" \/>\n\t<meta property=\"og:image:height\" content=\"800\" \/>\n\t<meta property=\"og:image:type\" content=\"image\/jpeg\" \/>\n<meta name=\"author\" content=\"Prensa G&amp;S FM\" \/>\n<meta name=\"twitter:card\" content=\"summary_large_image\" \/>\n<meta name=\"twitter:label1\" content=\"Escrito por\" \/>\n\t<meta name=\"twitter:data1\" content=\"Prensa G&amp;S FM\" \/>\n\t<meta name=\"twitter:label2\" content=\"Tiempo de lectura\" \/>\n\t<meta name=\"twitter:data2\" content=\"4 minutos\" \/>\n<script type=\"application\/ld+json\" class=\"yoast-schema-graph\">{\"@context\":\"https:\/\/schema.org\",\"@graph\":[{\"@type\":\"Article\",\"@id\":\"https:\/\/gysfm.com.ar\/inicio\/noruega-en-vilo-por-la-salud-del-rey-harald-y-una-inedita-reaccion-de-la-cupula-politica\/#article\",\"isPartOf\":{\"@id\":\"https:\/\/gysfm.com.ar\/inicio\/noruega-en-vilo-por-la-salud-del-rey-harald-y-una-inedita-reaccion-de-la-cupula-politica\/\"},\"author\":{\"name\":\"Prensa G&amp;S FM\",\"@id\":\"https:\/\/gysfm.com.ar\/inicio\/#\/schema\/person\/3abba7593ef2ad19e1be221d54383dc5\"},\"headline\":\"Noruega en vilo por la salud del rey Harald y una in\u00e9dita reacci\u00f3n de la c\u00fapula pol\u00edtica\",\"datePublished\":\"2026-08-28T13:20:13+00:00\",\"dateModified\":\"2026-08-28T13:20:14+00:00\",\"mainEntityOfPage\":{\"@id\":\"https:\/\/gysfm.com.ar\/inicio\/noruega-en-vilo-por-la-salud-del-rey-harald-y-una-inedita-reaccion-de-la-cupula-politica\/\"},\"wordCount\":836,\"publisher\":{\"@id\":\"https:\/\/gysfm.com.ar\/inicio\/#organization\"},\"image\":{\"@id\":\"https:\/\/gysfm.com.ar\/inicio\/noruega-en-vilo-por-la-salud-del-rey-harald-y-una-inedita-reaccion-de-la-cupula-politica\/#primaryimage\"},\"thumbnailUrl\":\"https:\/\/gysfm.com.ar\/inicio\/wp-content\/uploads\/2026\/08\/el-rey-harald-de-noruega-pronuncia-un-discurso-en-VNQ3SJW2XNGN5LJBHQ4XTFZ35Q.JPG\",\"articleSection\":[\"INTERNACIONALES\"],\"inLanguage\":\"es\"},{\"@type\":\"WebPage\",\"@id\":\"https:\/\/gysfm.com.ar\/inicio\/noruega-en-vilo-por-la-salud-del-rey-harald-y-una-inedita-reaccion-de-la-cupula-politica\/\",\"url\":\"https:\/\/gysfm.com.ar\/inicio\/noruega-en-vilo-por-la-salud-del-rey-harald-y-una-inedita-reaccion-de-la-cupula-politica\/\",\"name\":\"Noruega en vilo por la salud del rey Harald y una in\u00e9dita reacci\u00f3n de la c\u00fapula pol\u00edtica - GYS NOTICIAS |\",\"isPartOf\":{\"@id\":\"https:\/\/gysfm.com.ar\/inicio\/#website\"},\"primaryImageOfPage\":{\"@id\":\"https:\/\/gysfm.com.ar\/inicio\/noruega-en-vilo-por-la-salud-del-rey-harald-y-una-inedita-reaccion-de-la-cupula-politica\/#primaryimage\"},\"image\":{\"@id\":\"https:\/\/gysfm.com.ar\/inicio\/noruega-en-vilo-por-la-salud-del-rey-harald-y-una-inedita-reaccion-de-la-cupula-politica\/#primaryimage\"},\"thumbnailUrl\":\"https:\/\/gysfm.com.ar\/inicio\/wp-content\/uploads\/2026\/08\/el-rey-harald-de-noruega-pronuncia-un-discurso-en-VNQ3SJW2XNGN5LJBHQ4XTFZ35Q.JPG\",\"datePublished\":\"2026-08-28T13:20:13+00:00\",\"dateModified\":\"2026-08-28T13:20:14+00:00\",\"breadcrumb\":{\"@id\":\"https:\/\/gysfm.com.ar\/inicio\/noruega-en-vilo-por-la-salud-del-rey-harald-y-una-inedita-reaccion-de-la-cupula-politica\/#breadcrumb\"},\"inLanguage\":\"es\",\"potentialAction\":[{\"@type\":\"ReadAction\",\"target\":[\"https:\/\/gysfm.com.ar\/inicio\/noruega-en-vilo-por-la-salud-del-rey-harald-y-una-inedita-reaccion-de-la-cupula-politica\/\"]}]},{\"@type\":\"ImageObject\",\"inLanguage\":\"es\",\"@id\":\"https:\/\/gysfm.com.ar\/inicio\/noruega-en-vilo-por-la-salud-del-rey-harald-y-una-inedita-reaccion-de-la-cupula-politica\/#primaryimage\",\"url\":\"https:\/\/gysfm.com.ar\/inicio\/wp-content\/uploads\/2026\/08\/el-rey-harald-de-noruega-pronuncia-un-discurso-en-VNQ3SJW2XNGN5LJBHQ4XTFZ35Q.JPG\",\"contentUrl\":\"https:\/\/gysfm.com.ar\/inicio\/wp-content\/uploads\/2026\/08\/el-rey-harald-de-noruega-pronuncia-un-discurso-en-VNQ3SJW2XNGN5LJBHQ4XTFZ35Q.JPG\",\"width\":1200,\"height\":800},{\"@type\":\"BreadcrumbList\",\"@id\":\"https:\/\/gysfm.com.ar\/inicio\/noruega-en-vilo-por-la-salud-del-rey-harald-y-una-inedita-reaccion-de-la-cupula-politica\/#breadcrumb\",\"itemListElement\":[{\"@type\":\"ListItem\",\"position\":1,\"name\":\"Portada\",\"item\":\"https:\/\/gysfm.com.ar\/inicio\/\"},{\"@type\":\"ListItem\",\"position\":2,\"name\":\"Noruega en vilo por la salud del rey Harald y una in\u00e9dita reacci\u00f3n de la c\u00fapula pol\u00edtica\"}]},{\"@type\":\"WebSite\",\"@id\":\"https:\/\/gysfm.com.ar\/inicio\/#website\",\"url\":\"https:\/\/gysfm.com.ar\/inicio\/\",\"name\":\"GYS NOTICIAS |\",\"description\":\"DIARIO - RADIO ONLINE SAN JUAN ARGENTINA\",\"publisher\":{\"@id\":\"https:\/\/gysfm.com.ar\/inicio\/#organization\"},\"potentialAction\":[{\"@type\":\"SearchAction\",\"target\":{\"@type\":\"EntryPoint\",\"urlTemplate\":\"https:\/\/gysfm.com.ar\/inicio\/?s={search_term_string}\"},\"query-input\":{\"@type\":\"PropertyValueSpecification\",\"valueRequired\":true,\"valueName\":\"search_term_string\"}}],\"inLanguage\":\"es\"},{\"@type\":\"Organization\",\"@id\":\"https:\/\/gysfm.com.ar\/inicio\/#organization\",\"name\":\"GYS NOTICIAS |\",\"url\":\"https:\/\/gysfm.com.ar\/inicio\/\",\"logo\":{\"@type\":\"ImageObject\",\"inLanguage\":\"es\",\"@id\":\"https:\/\/gysfm.com.ar\/inicio\/#\/schema\/logo\/image\/\",\"url\":\"https:\/\/gysfm.com.ar\/inicio\/wp-content\/uploads\/2023\/07\/LOGOGYS-OK.png\",\"contentUrl\":\"https:\/\/gysfm.com.ar\/inicio\/wp-content\/uploads\/2023\/07\/LOGOGYS-OK.png\",\"width\":1170,\"height\":872,\"caption\":\"GYS NOTICIAS |\"},\"image\":{\"@id\":\"https:\/\/gysfm.com.ar\/inicio\/#\/schema\/logo\/image\/\"}},{\"@type\":\"Person\",\"@id\":\"https:\/\/gysfm.com.ar\/inicio\/#\/schema\/person\/3abba7593ef2ad19e1be221d54383dc5\",\"name\":\"Prensa G&amp;S FM\",\"image\":{\"@type\":\"ImageObject\",\"inLanguage\":\"es\",\"@id\":\"https:\/\/gysfm.com.ar\/inicio\/#\/schema\/person\/image\/\",\"url\":\"https:\/\/secure.gravatar.com\/avatar\/096ec78df02049ab018702bb4ccedf659377fa92a26540b5247612077a0dbd29?s=96&d=mm&r=g\",\"contentUrl\":\"https:\/\/secure.gravatar.com\/avatar\/096ec78df02049ab018702bb4ccedf659377fa92a26540b5247612077a0dbd29?s=96&d=mm&r=g\",\"caption\":\"Prensa G&amp;S FM\"},\"sameAs\":[\"https:\/\/gysfm.com.ar\/\"],\"url\":\"https:\/\/gysfm.com.ar\/inicio\/author\/lucasm\/\"}]}<\/script>\n<!-- \/ Yoast SEO plugin. -->","yoast_head_json":{"title":"Noruega en vilo por la salud del rey Harald y una in\u00e9dita reacci\u00f3n de la c\u00fapula pol\u00edtica - GYS NOTICIAS |","robots":{"index":"index","follow":"follow","max-snippet":"max-snippet:-1","max-image-preview":"max-image-preview:large","max-video-preview":"max-video-preview:-1"},"canonical":"https:\/\/gysfm.com.ar\/inicio\/noruega-en-vilo-por-la-salud-del-rey-harald-y-una-inedita-reaccion-de-la-cupula-politica\/","og_locale":"es_ES","og_type":"article","og_title":"Noruega en vilo por la salud del rey Harald y una in\u00e9dita reacci\u00f3n de la c\u00fapula pol\u00edtica - GYS NOTICIAS |","og_description":"OSLO.\u2013 Noruega contiene la respiraci\u00f3n ante el deterioro de la salud del rey Harald V, de 89 a\u00f1os, cuyo estado fue calificado este jueves como \u201cextremadamente grave\u201d por la Casa Real. El monarca, el m\u00e1s anciano entre los soberanos europeos con vida, permanece internado desde el 17 de agosto en el Hospital Nacional de Oslo, [&hellip;]","og_url":"https:\/\/gysfm.com.ar\/inicio\/noruega-en-vilo-por-la-salud-del-rey-harald-y-una-inedita-reaccion-de-la-cupula-politica\/","og_site_name":"GYS NOTICIAS |","article_published_time":"2026-08-28T13:20:13+00:00","article_modified_time":"2026-08-28T13:20:14+00:00","og_image":[{"width":1200,"height":800,"url":"https:\/\/gysfm.com.ar\/inicio\/wp-content\/uploads\/2026\/08\/el-rey-harald-de-noruega-pronuncia-un-discurso-en-VNQ3SJW2XNGN5LJBHQ4XTFZ35Q.JPG","type":"image\/jpeg"}],"author":"Prensa G&amp;S FM","twitter_card":"summary_large_image","twitter_misc":{"Escrito por":"Prensa G&amp;S FM","Tiempo de lectura":"4 minutos"},"schema":{"@context":"https:\/\/schema.org","@graph":[{"@type":"Article","@id":"https:\/\/gysfm.com.ar\/inicio\/noruega-en-vilo-por-la-salud-del-rey-harald-y-una-inedita-reaccion-de-la-cupula-politica\/#article","isPartOf":{"@id":"https:\/\/gysfm.com.ar\/inicio\/noruega-en-vilo-por-la-salud-del-rey-harald-y-una-inedita-reaccion-de-la-cupula-politica\/"},"author":{"name":"Prensa G&amp;S FM","@id":"https:\/\/gysfm.com.ar\/inicio\/#\/schema\/person\/3abba7593ef2ad19e1be221d54383dc5"},"headline":"Noruega en vilo por la salud del rey Harald y una in\u00e9dita reacci\u00f3n de la c\u00fapula pol\u00edtica","datePublished":"2026-08-28T13:20:13+00:00","dateModified":"2026-08-28T13:20:14+00:00","mainEntityOfPage":{"@id":"https:\/\/gysfm.com.ar\/inicio\/noruega-en-vilo-por-la-salud-del-rey-harald-y-una-inedita-reaccion-de-la-cupula-politica\/"},"wordCount":836,"publisher":{"@id":"https:\/\/gysfm.com.ar\/inicio\/#organization"},"image":{"@id":"https:\/\/gysfm.com.ar\/inicio\/noruega-en-vilo-por-la-salud-del-rey-harald-y-una-inedita-reaccion-de-la-cupula-politica\/#primaryimage"},"thumbnailUrl":"https:\/\/gysfm.com.ar\/inicio\/wp-content\/uploads\/2026\/08\/el-rey-harald-de-noruega-pronuncia-un-discurso-en-VNQ3SJW2XNGN5LJBHQ4XTFZ35Q.JPG","articleSection":["INTERNACIONALES"],"inLanguage":"es"},{"@type":"WebPage","@id":"https:\/\/gysfm.com.ar\/inicio\/noruega-en-vilo-por-la-salud-del-rey-harald-y-una-inedita-reaccion-de-la-cupula-politica\/","url":"https:\/\/gysfm.com.ar\/inicio\/noruega-en-vilo-por-la-salud-del-rey-harald-y-una-inedita-reaccion-de-la-cupula-politica\/","name":"Noruega en vilo por la salud del rey Harald y una in\u00e9dita reacci\u00f3n de la c\u00fapula pol\u00edtica - GYS NOTICIAS |","isPartOf":{"@id":"https:\/\/gysfm.com.ar\/inicio\/#website"},"primaryImageOfPage":{"@id":"https:\/\/gysfm.com.ar\/inicio\/noruega-en-vilo-por-la-salud-del-rey-harald-y-una-inedita-reaccion-de-la-cupula-politica\/#primaryimage"},"image":{"@id":"https:\/\/gysfm.com.ar\/inicio\/noruega-en-vilo-por-la-salud-del-rey-harald-y-una-inedita-reaccion-de-la-cupula-politica\/#primaryimage"},"thumbnailUrl":"https:\/\/gysfm.com.ar\/inicio\/wp-content\/uploads\/2026\/08\/el-rey-harald-de-noruega-pronuncia-un-discurso-en-VNQ3SJW2XNGN5LJBHQ4XTFZ35Q.JPG","datePublished":"2026-08-28T13:20:13+00:00","dateModified":"2026-08-28T13:20:14+00:00","breadcrumb":{"@id":"https:\/\/gysfm.com.ar\/inicio\/noruega-en-vilo-por-la-salud-del-rey-harald-y-una-inedita-reaccion-de-la-cupula-politica\/#breadcrumb"},"inLanguage":"es","potentialAction":[{"@type":"ReadAction","target":["https:\/\/gysfm.com.ar\/inicio\/noruega-en-vilo-por-la-salud-del-rey-harald-y-una-inedita-reaccion-de-la-cupula-politica\/"]}]},{"@type":"ImageObject","inLanguage":"es","@id":"https:\/\/gysfm.com.ar\/inicio\/noruega-en-vilo-por-la-salud-del-rey-harald-y-una-inedita-reaccion-de-la-cupula-politica\/#primaryimage","url":"https:\/\/gysfm.com.ar\/inicio\/wp-content\/uploads\/2026\/08\/el-rey-harald-de-noruega-pronuncia-un-discurso-en-VNQ3SJW2XNGN5LJBHQ4XTFZ35Q.JPG","contentUrl":"https:\/\/gysfm.com.ar\/inicio\/wp-content\/uploads\/2026\/08\/el-rey-harald-de-noruega-pronuncia-un-discurso-en-VNQ3SJW2XNGN5LJBHQ4XTFZ35Q.JPG","width":1200,"height":800},{"@type":"BreadcrumbList","@id":"https:\/\/gysfm.com.ar\/inicio\/noruega-en-vilo-por-la-salud-del-rey-harald-y-una-inedita-reaccion-de-la-cupula-politica\/#breadcrumb","itemListElement":[{"@type":"ListItem","position":1,"name":"Portada","item":"https:\/\/gysfm.com.ar\/inicio\/"},{"@type":"ListItem","position":2,"name":"Noruega en vilo por la salud del rey Harald y una in\u00e9dita reacci\u00f3n de la c\u00fapula pol\u00edtica"}]},{"@type":"WebSite","@id":"https:\/\/gysfm.com.ar\/inicio\/#website","url":"https:\/\/gysfm.com.ar\/inicio\/","name":"GYS NOTICIAS |","description":"DIARIO - RADIO ONLINE SAN JUAN ARGENTINA","publisher":{"@id":"https:\/\/gysfm.com.ar\/inicio\/#organization"},"potentialAction":[{"@type":"SearchAction","target":{"@type":"EntryPoint","urlTemplate":"https:\/\/gysfm.com.ar\/inicio\/?s={search_term_string}"},"query-input":{"@type":"PropertyValueSpecification","valueRequired":true,"valueName":"search_term_string"}}],"inLanguage":"es"},{"@type":"Organization","@id":"https:\/\/gysfm.com.ar\/inicio\/#organization","name":"GYS NOTICIAS |","url":"https:\/\/gysfm.com.ar\/inicio\/","logo":{"@type":"ImageObject","inLanguage":"es","@id":"https:\/\/gysfm.com.ar\/inicio\/#\/schema\/logo\/image\/","url":"https:\/\/gysfm.com.ar\/inicio\/wp-content\/uploads\/2023\/07\/LOGOGYS-OK.png","contentUrl":"https:\/\/gysfm.com.ar\/inicio\/wp-content\/uploads\/2023\/07\/LOGOGYS-OK.png","width":1170,"height":872,"caption":"GYS NOTICIAS |"},"image":{"@id":"https:\/\/gysfm.com.ar\/inicio\/#\/schema\/logo\/image\/"}},{"@type":"Person","@id":"https:\/\/gysfm.com.ar\/inicio\/#\/schema\/person\/3abba7593ef2ad19e1be221d54383dc5","name":"Prensa G&amp;S FM","image":{"@type":"ImageObject","inLanguage":"es","@id":"https:\/\/gysfm.com.ar\/inicio\/#\/schema\/person\/image\/","url":"https:\/\/secure.gravatar.com\/avatar\/096ec78df02049ab018702bb4ccedf659377fa92a26540b5247612077a0dbd29?s=96&d=mm&r=g","contentUrl":"https:\/\/secure.gravatar.com\/avatar\/096ec78df02049ab018702bb4ccedf659377fa92a26540b5247612077a0dbd29?s=96&d=mm&r=g","caption":"Prensa G&amp;S FM"},"sameAs":["https:\/\/gysfm.com.ar\/"],"url":"https:\/\/gysfm.com.ar\/inicio\/author\/lucasm\/"}]}},"_links":{"self":[{"href":"https:\/\/gysfm.com.ar\/inicio\/wp-json\/wp\/v2\/posts\/209656","targetHints":{"allow":["GET"]}}],"collection":[{"href":"https:\/\/gysfm.com.ar\/inicio\/wp-json\/wp\/v2\/posts"}],"about":[{"href":"https:\/\/gysfm.com.ar\/inicio\/wp-json\/wp\/v2\/types\/post"}],"author":[{"embeddable":true,"href":"https:\/\/gysfm.com.ar\/inicio\/wp-json\/wp\/v2\/users\/2"}],"replies":[{"embeddable":true,"href":"https:\/\/gysfm.com.ar\/inicio\/wp-json\/wp\/v2\/comments?post=209656"}],"version-history":[{"count":1,"href":"https:\/\/gysfm.com.ar\/inicio\/wp-json\/wp\/v2\/posts\/209656\/revisions"}],"predecessor-version":[{"id":209658,"href":"https:\/\/gysfm.com.ar\/inicio\/wp-json\/wp\/v2\/posts\/209656\/revisions\/209658"}],"wp:featuredmedia":[{"embeddable":true,"href":"https:\/\/gysfm.com.ar\/inicio\/wp-json\/wp\/v2\/media\/209657"}],"wp:attachment":[{"href":"https:\/\/gysfm.com.ar\/inicio\/wp-json\/wp\/v2\/media?parent=209656"}],"wp:term":[{"taxonomy":"category","embeddable":true,"href":"https:\/\/gysfm.com.ar\/inicio\/wp-json\/wp\/v2\/categories?post=209656"},{"taxonomy":"post_tag","embeddable":true,"href":"https:\/\/gysfm.com.ar\/inicio\/wp-json\/wp\/v2\/tags?post=209656"}],"curies":[{"name":"wp","href":"https:\/\/api.w.org\/{rel}","templated":true}]}}