{"id":209655,"date":"2026-08-28T10:12:05","date_gmt":"2026-08-28T13:12:05","guid":{"rendered":"https:\/\/gysfm.com.ar\/inicio\/por-que-los-nuevos-creditos-hipotecarios-no-alcanzaran-para-revertir-la-tendencia\/"},"modified":"2026-08-28T10:12:05","modified_gmt":"2026-08-28T13:12:05","slug":"por-que-los-nuevos-creditos-hipotecarios-no-alcanzaran-para-revertir-la-tendencia","status":"publish","type":"post","link":"https:\/\/gysfm.com.ar\/inicio\/por-que-los-nuevos-creditos-hipotecarios-no-alcanzaran-para-revertir-la-tendencia\/","title":{"rendered":"por qu\u00e9 los nuevos cr\u00e9ditos hipotecarios no alcanzar\u00e1n para revertir la tendencia"},"content":{"rendered":"<p> <br \/>\n<\/p>\n<div id=\"\">\n<p id=\"p-1787857831914-21325\">La <strong>escasez de cr\u00e9ditos hipotecarios<\/strong> para adquirir propiedades gener\u00f3, durante muchos a\u00f1os, un distanciamiento, l\u00f3gico, del sue\u00f1o de la <strong>casa propia<\/strong>. La reapertura de l\u00edneas en la gesti\u00f3n de <strong>Javier Milei<\/strong> provoc\u00f3 una gran expectativa que no se logr\u00f3 satisfacer por completo. Los financiamientos UVA remit\u00edan a aquellos que se dieron durante la gesti\u00f3n del PRO, pero, a diferencia de esos a\u00f1os, los pr\u00e9stamos actuales fueron m\u00e1s caros y menos abarcativos, todo en un contexto de precarios salarios registrados, volatilidad de tasas de inter\u00e9s y r\u00e9cord de morosidad en pr\u00e9stamos y tarjetas.<\/p>\n<\/div>\n<div id=\"\">\n<p id=\"p-1787793115745-59417\">El ministro de Econom\u00eda, Luis Caputo, anunci\u00f3 la utilizaci\u00f3n de $2 billones del <strong>Fondo de Garant\u00eda de Sustentabilidad (FGS) de ANSES<\/strong> para lanzar cr\u00e9ditos hipotecarios UVA de primera vivienda, orientado, seg\u00fan sus propias palabras, a hacer <strong>\u00abjusticia social\u00bb.<\/strong> El fondo licitar\u00e1 <strong>plazos fijos UVA entre los bancos<\/strong>, en subastas de hasta $200.000 millones: habr\u00e1 un tramo a un a\u00f1o, con una tasa m\u00ednima de UVA m\u00e1s 2,5%, y otro a cinco a\u00f1os, de UVA m\u00e1s 4,5%. Cada entidad podr\u00e1 ofertar hasta el 20% de cada licitaci\u00f3n. Del otro lado, <strong>los bancos se dar\u00e1n vuelta y ofrecer\u00e1n l\u00edneas a UVA + 7,5%.<\/strong><\/p>\n<\/p><\/div>\n<div id=\"\">\n<p id=\"p-1787861497847-9670\">A modo de ejemplo, para ser beneficiario de esta l\u00ednea, en el caso de una vivienda de u$s106.667, una familia deber\u00eda contar con ingresos de <strong>$3.460.391<\/strong> y la cuota inicial ser\u00e1 de $865.089, contemplando un plazo de 25 a\u00f1os. La tasa de <strong>UVA+7%<\/strong> contrasta con la realidad de los <strong>salarios de los trabajadores formales, <\/strong>que en el a\u00f1o<strong> perdieron 1,2% de su poder adquisitivo.<\/strong><\/p>\n<\/p><\/div>\n<div id=\"\">\n<p id=\"p-1787866104878-58022\">En los 31 aglomerados urbanos relevados por la <strong>Encuesta Permanente de Hogares (EPH)<\/strong>, donde viven alrededor de 30 millones de personas, el 18,4% reside actualmente en hogares inquilinos, lo que equivale a unas 5,5 millones de personas. Seg\u00fan un an\u00e1lisis de la <strong>Asociaci\u00f3n Civil por la Igualdad y la Justicia (ACIJ), <\/strong>entre el primer trimestre de 2007 y el mismo per\u00edodo de 2026, <strong>la proporci\u00f3n de hogares inquilinos pas\u00f3 del 13,9% al 18,4%,<\/strong> mientras que pasaron del 67,4% a 65,6% la cantidad de due\u00f1os.<\/p>\n<p id=\"p-1787866664404-9277\" class=\"\">En algunas ciudades el salto fue a\u00fan mayor: en CABA, los hogares inquilinos aumentaron del <strong>22,9% al 35%,<\/strong> mientras que los propietarios se redujeron del <strong>61,9%<\/strong> al <strong>47,3%;<\/strong> en los <strong>partidos del Gran Buenos Aires<\/strong>, los que alquilan se elevaron del <strong>10%<\/strong> al <strong>15,8%<\/strong> y los due\u00f1os bajaron del <strong>70,4%<\/strong> al <strong>67,1%.<\/strong> En <strong>Gran Rosario<\/strong>, los inquilinos crecieron del <strong>14%<\/strong> al <strong>19,8%<\/strong><strong\/> y en <strong>Ushuaia-R\u00edo Grande<\/strong>, las personas que alquilan pasaron de representar el <strong>21,8% al 27%.<\/strong><\/p>\n<p id=\"p-1787867773236-57676\" class=\"\">En <strong>Neuqu\u00e9n-Plottier <\/strong>si bien creci\u00f3 la cantidad de inquilinos, tambi\u00e9n se expandi\u00f3 la proporci\u00f3n de due\u00f1os, elev\u00e1ndose del <strong>67,8%<\/strong> al <strong>68,9%<\/strong>, principalmente por el alto nivel salaria por c\u00e1pita, ya que es una zona petrolera. Incluso, <strong>el 20,5% de los hogares inquilinos en esta regi\u00f3n pertenece al quintil de mayores ingresos <\/strong>por la alta inserci\u00f3n de trabajadores temporales en el sector petrolero.<\/p>\n<p id=\"p-1787867626173-70192\" class=\"\">El problema del acceso a la vivienda se profundiza en las generaciones que, en teor\u00eda, por estar en una etapa m\u00e1s madura de su carrera laboral, deber\u00edan estar en mejores condiciones de acceso a la casa propia que los m\u00e1s j\u00f3venes. <strong>Entre las personas de 30 a 45 a\u00f1os, el 25,6% alquila a nivel nacional y en CABA la proporci\u00f3n trepa al 48%<\/strong>, mientras que<strong> el nivel de propietarios las cifras son del 64,1% y 49,3%, respectivamente. <\/strong><\/p>\n<p id=\"p-1787868360555-80035\" class=\"\" data-type=\"Segment\" data-start=\"827.4\" data-segment-label=\"13:47\" data-rt-id=\"b4YVDx\" data-rt-kind=\"1\" data-rt-type=\"Paragraph\">\u00abCreo que CABA estructuralmente tiene un mercado de inquilinos m\u00e1s grande, ya que es un lugar donde la gente viene de tr\u00e1nsito laboral y de estudios. No es comparable con C\u00f3rdoba, Santa Fe, Mendoza o Tucum\u00e1n. Deber\u00eda tener un mercado de inquilinos m\u00e1s grande que el que tiene porque es una metr\u00f3polis, para m\u00ed es m\u00e1s comparable a grandes ciudades como <strong>Nueva York y Londres<\/strong>, salvando todas las diferencias. En Nueva York la tasa de inquilinos es del 75%\u00bb, ejemplific\u00f3 en di\u00e1logo con <strong>\u00c1mbito Federico Rouco<\/strong>, economista de Empiria y especialista en el mercado de la vivienda.<\/p>\n<p id=\"p-1787866664404-81259\" class=\"\">Entre 2016 y 2019, durante el anterior ciclo de expansi\u00f3n hipotecaria, <strong>se otorgaron alrededor de 200.000 cr\u00e9ditos en todo el pa\u00eds, un promedio de 50.000 anuales<\/strong>. En los \u00faltimos tres a\u00f1os, seg\u00fan Rouco, el promedio se ubic\u00f3 cercano a 20.000 al a\u00f1o, es decir, menos de la mitad de aquel nivel.<\/p>\n<p id=\"p-1787866664404-71759\" class=\"\">\u201cEn ning\u00fan escenario esos vol\u00famenes de cr\u00e9ditos mueven las tendencias estructurales de acceso a la vivienda\u201d, plante\u00f3. <strong>\u201cEs demasiado chico el cr\u00e9dito hipotecario todav\u00eda para revertir la tendencia de tenencia\u201d<\/strong>, agreg\u00f3. Esto implica que, incluso con las <strong>18.000 familias<\/strong> que podr\u00edan acceder al nuevo fondeo del <strong>FGS, <\/strong>el impacto ser\u00eda limitado sobre la tasa nacional de propietarios.<\/p>\n<p id=\"p-1787868905717-89800\" class=\"\">Para modificar la tendencia, sostuvo Rouco<strong>, deber\u00eda aparecer \u201cun volumen mucho m\u00e1s fuerte que el de ahora\u201d.<\/strong><\/p>\n<h2 id=\"p-1787866664405-88828\">El otro l\u00edmite: el cr\u00e9dito no llega igual a todo el pa\u00eds<\/h2>\n<p id=\"p-1787866664405-96176\" class=\"\"><strong>El mercado hipotecario argentino tambi\u00e9n tiene una fuerte concentraci\u00f3n territorial<\/strong>, que limita su capacidad para modificar la curva de propietarios a nivel nacional. Rouco estima que alrededor de <strong>un tercio del cr\u00e9dito se concentra en CABA y otro tercio en la provincia de Buenos Aires<\/strong>, mientras buena parte del resto se distribuye entre C\u00f3rdoba, Mendoza y Santa Fe. La presencia en otras jurisdicciones es considerablemente menor.<\/p>\n<p id=\"p-1787866664405-36381\" class=\"\">\u201c<strong>Hay diez provincias que del cr\u00e9dito hipotecario se enteran por los medios<\/strong>\u201d, grafic\u00f3 el economista. La concentraci\u00f3n, explic\u00f3, no depende \u00fanicamente de los salarios sino tambi\u00e9n de d\u00f3nde operan los bancos, la cantidad de l\u00edneas disponibles, la oferta inmobiliaria y las caracter\u00edsticas de cada mercado.<\/p>\n<p id=\"p-1787866664405-85692\" class=\"\">Esto introduce una diferencia importante al analizar el impacto que puede tener la reapertura de los pr\u00e9stamos: <strong>un aumento del cr\u00e9dito puede dinamizar con fuerza los mercados de CABA, el conurbano y las grandes ciudades sin necesariamente modificar en la misma magnitud el acceso a la vivienda en todo el territorio nacional<\/strong>.<\/p>\n<p id=\"p-1787869743942-90612\" class=\"\">Cabe destacar que, como manifiesta Rouco, <strong>una hipoteca no equivale necesariamente a un nuevo propietario<\/strong>. Si bien estas l\u00edneas est\u00e1n enfocadas a primera vivienda, las que aparecieron previamente daban la posibilidad de financiar un lugar m\u00e1s grande para una familia que ya es propietaria. Por eso, vincular de manera directa la cantidad de pr\u00e9stamos con la evoluci\u00f3n de la tasa de propietarios puede sobreestimar su impacto.<\/p>\n<p id=\"p-1787869868469-63975\" class=\"\">En CABA, por su tama\u00f1o, nivel de bancarizaci\u00f3n y caracter\u00edsticas del mercado inmobiliario, el cr\u00e9dito entra y sale m\u00e1s r\u00e1pido que en otras regiones. Pero tambi\u00e9n es una ciudad donde estructuralmente existe una mayor proporci\u00f3n de inquilinos. Rouco considera, por eso, que <strong>incluso con un mercado hipotecario desarrollado, CABA probablemente seguir\u00eda teniendo una tasa de alquiler considerablemente superior al promedio nacional<\/strong>.<\/p>\n<\/p><\/div>\n<p><script>\n!function(f,b,e,v,n,t,s)\n{if(f.fbq)return;n=f.fbq=function(){n.callMethod?\nn.callMethod.apply(n,arguments):n.queue.push(arguments)};\nif(!f._fbq)f._fbq=n;n.push=n;n.loaded=!0;n.version='2.0';\nn.queue=[];t=b.createElement(e);t.async=!0;\nt.src=v;s=b.getElementsByTagName(e)[0];\ns.parentNode.insertBefore(t,s)}(window,document,'script',\n'https:\/\/connect.facebook.net\/en_US\/fbevents.js');\nfbq('init', '2047048335588113');\nfbq('track', 'PageView');\n<\/script><br \/>\n<br \/><\/p>\n","protected":false},"excerpt":{"rendered":"<p>La escasez de cr\u00e9ditos hipotecarios para adquirir propiedades gener\u00f3, durante muchos a\u00f1os, un distanciamiento, l\u00f3gico, del sue\u00f1o de la casa propia. La reapertura de l\u00edneas en la gesti\u00f3n de Javier Milei provoc\u00f3 una gran expectativa que no se logr\u00f3 satisfacer por completo. Los financiamientos UVA remit\u00edan a aquellos que se dieron durante la gesti\u00f3n del [&hellip;]<\/p>\n","protected":false},"author":1,"featured_media":209472,"comment_status":"closed","ping_status":"closed","sticky":false,"template":"","format":"standard","meta":{"footnotes":""},"categories":[28],"tags":[],"class_list":["post-209655","post","type-post","status-publish","format-standard","has-post-thumbnail","hentry","category-economia"],"yoast_head":"<!-- This site is optimized with the Yoast SEO plugin v24.4 - https:\/\/yoast.com\/wordpress\/plugins\/seo\/ -->\n<title>por qu\u00e9 los nuevos cr\u00e9ditos hipotecarios no alcanzar\u00e1n para revertir la tendencia - GYS NOTICIAS |<\/title>\n<meta name=\"robots\" content=\"index, follow, max-snippet:-1, max-image-preview:large, max-video-preview:-1\" \/>\n<link rel=\"canonical\" href=\"https:\/\/gysfm.com.ar\/inicio\/por-que-los-nuevos-creditos-hipotecarios-no-alcanzaran-para-revertir-la-tendencia\/\" \/>\n<meta property=\"og:locale\" content=\"es_ES\" \/>\n<meta property=\"og:type\" content=\"article\" \/>\n<meta property=\"og:title\" content=\"por qu\u00e9 los nuevos cr\u00e9ditos hipotecarios no alcanzar\u00e1n para revertir la tendencia - GYS NOTICIAS |\" \/>\n<meta property=\"og:description\" content=\"La escasez de cr\u00e9ditos hipotecarios para adquirir propiedades gener\u00f3, durante muchos a\u00f1os, un distanciamiento, l\u00f3gico, del sue\u00f1o de la casa propia. La reapertura de l\u00edneas en la gesti\u00f3n de Javier Milei provoc\u00f3 una gran expectativa que no se logr\u00f3 satisfacer por completo. Los financiamientos UVA remit\u00edan a aquellos que se dieron durante la gesti\u00f3n del [&hellip;]\" \/>\n<meta property=\"og:url\" content=\"https:\/\/gysfm.com.ar\/inicio\/por-que-los-nuevos-creditos-hipotecarios-no-alcanzaran-para-revertir-la-tendencia\/\" \/>\n<meta property=\"og:site_name\" content=\"GYS NOTICIAS |\" \/>\n<meta property=\"article:published_time\" content=\"2026-08-28T13:12:05+00:00\" \/>\n<meta name=\"author\" content=\"admin\" \/>\n<meta name=\"twitter:card\" content=\"summary_large_image\" \/>\n<meta name=\"twitter:label1\" content=\"Escrito por\" \/>\n\t<meta name=\"twitter:data1\" content=\"admin\" \/>\n\t<meta name=\"twitter:label2\" content=\"Tiempo de lectura\" \/>\n\t<meta name=\"twitter:data2\" content=\"6 minutos\" \/>\n<script type=\"application\/ld+json\" class=\"yoast-schema-graph\">{\"@context\":\"https:\/\/schema.org\",\"@graph\":[{\"@type\":\"Article\",\"@id\":\"https:\/\/gysfm.com.ar\/inicio\/por-que-los-nuevos-creditos-hipotecarios-no-alcanzaran-para-revertir-la-tendencia\/#article\",\"isPartOf\":{\"@id\":\"https:\/\/gysfm.com.ar\/inicio\/por-que-los-nuevos-creditos-hipotecarios-no-alcanzaran-para-revertir-la-tendencia\/\"},\"author\":{\"name\":\"admin\",\"@id\":\"https:\/\/gysfm.com.ar\/inicio\/#\/schema\/person\/5bedd7ecd35cc35548d89effafa23696\"},\"headline\":\"por qu\u00e9 los nuevos cr\u00e9ditos hipotecarios no alcanzar\u00e1n para revertir la tendencia\",\"datePublished\":\"2026-08-28T13:12:05+00:00\",\"mainEntityOfPage\":{\"@id\":\"https:\/\/gysfm.com.ar\/inicio\/por-que-los-nuevos-creditos-hipotecarios-no-alcanzaran-para-revertir-la-tendencia\/\"},\"wordCount\":1158,\"publisher\":{\"@id\":\"https:\/\/gysfm.com.ar\/inicio\/#organization\"},\"image\":{\"@id\":\"https:\/\/gysfm.com.ar\/inicio\/por-que-los-nuevos-creditos-hipotecarios-no-alcanzaran-para-revertir-la-tendencia\/#primaryimage\"},\"thumbnailUrl\":\"https:\/\/gysfm.com.ar\/inicio\/wp-content\/uploads\/2026\/08\/creditos-hipotecarios-propiedades.jpg\",\"articleSection\":[\"ECONOMIA\"],\"inLanguage\":\"es\"},{\"@type\":\"WebPage\",\"@id\":\"https:\/\/gysfm.com.ar\/inicio\/por-que-los-nuevos-creditos-hipotecarios-no-alcanzaran-para-revertir-la-tendencia\/\",\"url\":\"https:\/\/gysfm.com.ar\/inicio\/por-que-los-nuevos-creditos-hipotecarios-no-alcanzaran-para-revertir-la-tendencia\/\",\"name\":\"por qu\u00e9 los nuevos cr\u00e9ditos hipotecarios no alcanzar\u00e1n para revertir la tendencia - GYS NOTICIAS |\",\"isPartOf\":{\"@id\":\"https:\/\/gysfm.com.ar\/inicio\/#website\"},\"primaryImageOfPage\":{\"@id\":\"https:\/\/gysfm.com.ar\/inicio\/por-que-los-nuevos-creditos-hipotecarios-no-alcanzaran-para-revertir-la-tendencia\/#primaryimage\"},\"image\":{\"@id\":\"https:\/\/gysfm.com.ar\/inicio\/por-que-los-nuevos-creditos-hipotecarios-no-alcanzaran-para-revertir-la-tendencia\/#primaryimage\"},\"thumbnailUrl\":\"https:\/\/gysfm.com.ar\/inicio\/wp-content\/uploads\/2026\/08\/creditos-hipotecarios-propiedades.jpg\",\"datePublished\":\"2026-08-28T13:12:05+00:00\",\"breadcrumb\":{\"@id\":\"https:\/\/gysfm.com.ar\/inicio\/por-que-los-nuevos-creditos-hipotecarios-no-alcanzaran-para-revertir-la-tendencia\/#breadcrumb\"},\"inLanguage\":\"es\",\"potentialAction\":[{\"@type\":\"ReadAction\",\"target\":[\"https:\/\/gysfm.com.ar\/inicio\/por-que-los-nuevos-creditos-hipotecarios-no-alcanzaran-para-revertir-la-tendencia\/\"]}]},{\"@type\":\"ImageObject\",\"inLanguage\":\"es\",\"@id\":\"https:\/\/gysfm.com.ar\/inicio\/por-que-los-nuevos-creditos-hipotecarios-no-alcanzaran-para-revertir-la-tendencia\/#primaryimage\",\"url\":\"https:\/\/gysfm.com.ar\/inicio\/wp-content\/uploads\/2026\/08\/creditos-hipotecarios-propiedades.jpg\",\"contentUrl\":\"https:\/\/gysfm.com.ar\/inicio\/wp-content\/uploads\/2026\/08\/creditos-hipotecarios-propiedades.jpg\",\"width\":1200,\"height\":675},{\"@type\":\"BreadcrumbList\",\"@id\":\"https:\/\/gysfm.com.ar\/inicio\/por-que-los-nuevos-creditos-hipotecarios-no-alcanzaran-para-revertir-la-tendencia\/#breadcrumb\",\"itemListElement\":[{\"@type\":\"ListItem\",\"position\":1,\"name\":\"Portada\",\"item\":\"https:\/\/gysfm.com.ar\/inicio\/\"},{\"@type\":\"ListItem\",\"position\":2,\"name\":\"por qu\u00e9 los nuevos cr\u00e9ditos hipotecarios no alcanzar\u00e1n para revertir la tendencia\"}]},{\"@type\":\"WebSite\",\"@id\":\"https:\/\/gysfm.com.ar\/inicio\/#website\",\"url\":\"https:\/\/gysfm.com.ar\/inicio\/\",\"name\":\"GYS NOTICIAS |\",\"description\":\"DIARIO - RADIO ONLINE SAN JUAN ARGENTINA\",\"publisher\":{\"@id\":\"https:\/\/gysfm.com.ar\/inicio\/#organization\"},\"potentialAction\":[{\"@type\":\"SearchAction\",\"target\":{\"@type\":\"EntryPoint\",\"urlTemplate\":\"https:\/\/gysfm.com.ar\/inicio\/?s={search_term_string}\"},\"query-input\":{\"@type\":\"PropertyValueSpecification\",\"valueRequired\":true,\"valueName\":\"search_term_string\"}}],\"inLanguage\":\"es\"},{\"@type\":\"Organization\",\"@id\":\"https:\/\/gysfm.com.ar\/inicio\/#organization\",\"name\":\"GYS NOTICIAS |\",\"url\":\"https:\/\/gysfm.com.ar\/inicio\/\",\"logo\":{\"@type\":\"ImageObject\",\"inLanguage\":\"es\",\"@id\":\"https:\/\/gysfm.com.ar\/inicio\/#\/schema\/logo\/image\/\",\"url\":\"https:\/\/gysfm.com.ar\/inicio\/wp-content\/uploads\/2023\/07\/LOGOGYS-OK.png\",\"contentUrl\":\"https:\/\/gysfm.com.ar\/inicio\/wp-content\/uploads\/2023\/07\/LOGOGYS-OK.png\",\"width\":1170,\"height\":872,\"caption\":\"GYS NOTICIAS |\"},\"image\":{\"@id\":\"https:\/\/gysfm.com.ar\/inicio\/#\/schema\/logo\/image\/\"}},{\"@type\":\"Person\",\"@id\":\"https:\/\/gysfm.com.ar\/inicio\/#\/schema\/person\/5bedd7ecd35cc35548d89effafa23696\",\"name\":\"admin\",\"image\":{\"@type\":\"ImageObject\",\"inLanguage\":\"es\",\"@id\":\"https:\/\/gysfm.com.ar\/inicio\/#\/schema\/person\/image\/\",\"url\":\"https:\/\/secure.gravatar.com\/avatar\/c331d312b5243fb64d5ba28108a447b27c925295129a363082c9ea52c28d32c2?s=96&d=mm&r=g\",\"contentUrl\":\"https:\/\/secure.gravatar.com\/avatar\/c331d312b5243fb64d5ba28108a447b27c925295129a363082c9ea52c28d32c2?s=96&d=mm&r=g\",\"caption\":\"admin\"},\"sameAs\":[\"https:\/\/gysfm.com.ar\/inicio\"],\"url\":\"https:\/\/gysfm.com.ar\/inicio\/author\/admin\/\"}]}<\/script>\n<!-- \/ Yoast SEO plugin. -->","yoast_head_json":{"title":"por qu\u00e9 los nuevos cr\u00e9ditos hipotecarios no alcanzar\u00e1n para revertir la tendencia - GYS NOTICIAS |","robots":{"index":"index","follow":"follow","max-snippet":"max-snippet:-1","max-image-preview":"max-image-preview:large","max-video-preview":"max-video-preview:-1"},"canonical":"https:\/\/gysfm.com.ar\/inicio\/por-que-los-nuevos-creditos-hipotecarios-no-alcanzaran-para-revertir-la-tendencia\/","og_locale":"es_ES","og_type":"article","og_title":"por qu\u00e9 los nuevos cr\u00e9ditos hipotecarios no alcanzar\u00e1n para revertir la tendencia - GYS NOTICIAS |","og_description":"La escasez de cr\u00e9ditos hipotecarios para adquirir propiedades gener\u00f3, durante muchos a\u00f1os, un distanciamiento, l\u00f3gico, del sue\u00f1o de la casa propia. La reapertura de l\u00edneas en la gesti\u00f3n de Javier Milei provoc\u00f3 una gran expectativa que no se logr\u00f3 satisfacer por completo. Los financiamientos UVA remit\u00edan a aquellos que se dieron durante la gesti\u00f3n del [&hellip;]","og_url":"https:\/\/gysfm.com.ar\/inicio\/por-que-los-nuevos-creditos-hipotecarios-no-alcanzaran-para-revertir-la-tendencia\/","og_site_name":"GYS NOTICIAS |","article_published_time":"2026-08-28T13:12:05+00:00","author":"admin","twitter_card":"summary_large_image","twitter_misc":{"Escrito por":"admin","Tiempo de lectura":"6 minutos"},"schema":{"@context":"https:\/\/schema.org","@graph":[{"@type":"Article","@id":"https:\/\/gysfm.com.ar\/inicio\/por-que-los-nuevos-creditos-hipotecarios-no-alcanzaran-para-revertir-la-tendencia\/#article","isPartOf":{"@id":"https:\/\/gysfm.com.ar\/inicio\/por-que-los-nuevos-creditos-hipotecarios-no-alcanzaran-para-revertir-la-tendencia\/"},"author":{"name":"admin","@id":"https:\/\/gysfm.com.ar\/inicio\/#\/schema\/person\/5bedd7ecd35cc35548d89effafa23696"},"headline":"por qu\u00e9 los nuevos cr\u00e9ditos hipotecarios no alcanzar\u00e1n para revertir la tendencia","datePublished":"2026-08-28T13:12:05+00:00","mainEntityOfPage":{"@id":"https:\/\/gysfm.com.ar\/inicio\/por-que-los-nuevos-creditos-hipotecarios-no-alcanzaran-para-revertir-la-tendencia\/"},"wordCount":1158,"publisher":{"@id":"https:\/\/gysfm.com.ar\/inicio\/#organization"},"image":{"@id":"https:\/\/gysfm.com.ar\/inicio\/por-que-los-nuevos-creditos-hipotecarios-no-alcanzaran-para-revertir-la-tendencia\/#primaryimage"},"thumbnailUrl":"https:\/\/gysfm.com.ar\/inicio\/wp-content\/uploads\/2026\/08\/creditos-hipotecarios-propiedades.jpg","articleSection":["ECONOMIA"],"inLanguage":"es"},{"@type":"WebPage","@id":"https:\/\/gysfm.com.ar\/inicio\/por-que-los-nuevos-creditos-hipotecarios-no-alcanzaran-para-revertir-la-tendencia\/","url":"https:\/\/gysfm.com.ar\/inicio\/por-que-los-nuevos-creditos-hipotecarios-no-alcanzaran-para-revertir-la-tendencia\/","name":"por qu\u00e9 los nuevos cr\u00e9ditos hipotecarios no alcanzar\u00e1n para revertir la tendencia - GYS NOTICIAS |","isPartOf":{"@id":"https:\/\/gysfm.com.ar\/inicio\/#website"},"primaryImageOfPage":{"@id":"https:\/\/gysfm.com.ar\/inicio\/por-que-los-nuevos-creditos-hipotecarios-no-alcanzaran-para-revertir-la-tendencia\/#primaryimage"},"image":{"@id":"https:\/\/gysfm.com.ar\/inicio\/por-que-los-nuevos-creditos-hipotecarios-no-alcanzaran-para-revertir-la-tendencia\/#primaryimage"},"thumbnailUrl":"https:\/\/gysfm.com.ar\/inicio\/wp-content\/uploads\/2026\/08\/creditos-hipotecarios-propiedades.jpg","datePublished":"2026-08-28T13:12:05+00:00","breadcrumb":{"@id":"https:\/\/gysfm.com.ar\/inicio\/por-que-los-nuevos-creditos-hipotecarios-no-alcanzaran-para-revertir-la-tendencia\/#breadcrumb"},"inLanguage":"es","potentialAction":[{"@type":"ReadAction","target":["https:\/\/gysfm.com.ar\/inicio\/por-que-los-nuevos-creditos-hipotecarios-no-alcanzaran-para-revertir-la-tendencia\/"]}]},{"@type":"ImageObject","inLanguage":"es","@id":"https:\/\/gysfm.com.ar\/inicio\/por-que-los-nuevos-creditos-hipotecarios-no-alcanzaran-para-revertir-la-tendencia\/#primaryimage","url":"https:\/\/gysfm.com.ar\/inicio\/wp-content\/uploads\/2026\/08\/creditos-hipotecarios-propiedades.jpg","contentUrl":"https:\/\/gysfm.com.ar\/inicio\/wp-content\/uploads\/2026\/08\/creditos-hipotecarios-propiedades.jpg","width":1200,"height":675},{"@type":"BreadcrumbList","@id":"https:\/\/gysfm.com.ar\/inicio\/por-que-los-nuevos-creditos-hipotecarios-no-alcanzaran-para-revertir-la-tendencia\/#breadcrumb","itemListElement":[{"@type":"ListItem","position":1,"name":"Portada","item":"https:\/\/gysfm.com.ar\/inicio\/"},{"@type":"ListItem","position":2,"name":"por qu\u00e9 los nuevos cr\u00e9ditos hipotecarios no alcanzar\u00e1n para revertir la tendencia"}]},{"@type":"WebSite","@id":"https:\/\/gysfm.com.ar\/inicio\/#website","url":"https:\/\/gysfm.com.ar\/inicio\/","name":"GYS NOTICIAS |","description":"DIARIO - RADIO ONLINE SAN JUAN ARGENTINA","publisher":{"@id":"https:\/\/gysfm.com.ar\/inicio\/#organization"},"potentialAction":[{"@type":"SearchAction","target":{"@type":"EntryPoint","urlTemplate":"https:\/\/gysfm.com.ar\/inicio\/?s={search_term_string}"},"query-input":{"@type":"PropertyValueSpecification","valueRequired":true,"valueName":"search_term_string"}}],"inLanguage":"es"},{"@type":"Organization","@id":"https:\/\/gysfm.com.ar\/inicio\/#organization","name":"GYS NOTICIAS |","url":"https:\/\/gysfm.com.ar\/inicio\/","logo":{"@type":"ImageObject","inLanguage":"es","@id":"https:\/\/gysfm.com.ar\/inicio\/#\/schema\/logo\/image\/","url":"https:\/\/gysfm.com.ar\/inicio\/wp-content\/uploads\/2023\/07\/LOGOGYS-OK.png","contentUrl":"https:\/\/gysfm.com.ar\/inicio\/wp-content\/uploads\/2023\/07\/LOGOGYS-OK.png","width":1170,"height":872,"caption":"GYS NOTICIAS |"},"image":{"@id":"https:\/\/gysfm.com.ar\/inicio\/#\/schema\/logo\/image\/"}},{"@type":"Person","@id":"https:\/\/gysfm.com.ar\/inicio\/#\/schema\/person\/5bedd7ecd35cc35548d89effafa23696","name":"admin","image":{"@type":"ImageObject","inLanguage":"es","@id":"https:\/\/gysfm.com.ar\/inicio\/#\/schema\/person\/image\/","url":"https:\/\/secure.gravatar.com\/avatar\/c331d312b5243fb64d5ba28108a447b27c925295129a363082c9ea52c28d32c2?s=96&d=mm&r=g","contentUrl":"https:\/\/secure.gravatar.com\/avatar\/c331d312b5243fb64d5ba28108a447b27c925295129a363082c9ea52c28d32c2?s=96&d=mm&r=g","caption":"admin"},"sameAs":["https:\/\/gysfm.com.ar\/inicio"],"url":"https:\/\/gysfm.com.ar\/inicio\/author\/admin\/"}]}},"_links":{"self":[{"href":"https:\/\/gysfm.com.ar\/inicio\/wp-json\/wp\/v2\/posts\/209655","targetHints":{"allow":["GET"]}}],"collection":[{"href":"https:\/\/gysfm.com.ar\/inicio\/wp-json\/wp\/v2\/posts"}],"about":[{"href":"https:\/\/gysfm.com.ar\/inicio\/wp-json\/wp\/v2\/types\/post"}],"author":[{"embeddable":true,"href":"https:\/\/gysfm.com.ar\/inicio\/wp-json\/wp\/v2\/users\/1"}],"replies":[{"embeddable":true,"href":"https:\/\/gysfm.com.ar\/inicio\/wp-json\/wp\/v2\/comments?post=209655"}],"version-history":[{"count":0,"href":"https:\/\/gysfm.com.ar\/inicio\/wp-json\/wp\/v2\/posts\/209655\/revisions"}],"wp:featuredmedia":[{"embeddable":true,"href":"https:\/\/gysfm.com.ar\/inicio\/wp-json\/wp\/v2\/media\/209472"}],"wp:attachment":[{"href":"https:\/\/gysfm.com.ar\/inicio\/wp-json\/wp\/v2\/media?parent=209655"}],"wp:term":[{"taxonomy":"category","embeddable":true,"href":"https:\/\/gysfm.com.ar\/inicio\/wp-json\/wp\/v2\/categories?post=209655"},{"taxonomy":"post_tag","embeddable":true,"href":"https:\/\/gysfm.com.ar\/inicio\/wp-json\/wp\/v2\/tags?post=209655"}],"curies":[{"name":"wp","href":"https:\/\/api.w.org\/{rel}","templated":true}]}}