{"id":209652,"date":"2026-08-28T09:19:15","date_gmt":"2026-08-28T12:19:15","guid":{"rendered":"https:\/\/gysfm.com.ar\/inicio\/murio-ratko-mladic-el-carnicero-de-bosnia-condenado-a-cadena-perpetua-por-genocidio\/"},"modified":"2026-08-28T09:19:16","modified_gmt":"2026-08-28T12:19:16","slug":"murio-ratko-mladic-el-carnicero-de-bosnia-condenado-a-cadena-perpetua-por-genocidio","status":"publish","type":"post","link":"https:\/\/gysfm.com.ar\/inicio\/murio-ratko-mladic-el-carnicero-de-bosnia-condenado-a-cadena-perpetua-por-genocidio\/","title":{"rendered":"Muri\u00f3 Ratko Mladic, el \u201cCarnicero de Bosnia\u201d condenado a cadena perpetua por genocidio"},"content":{"rendered":"<p> <br \/>\n<\/p>\n<div>\n<p class=\"com-paragraph --capital --s\">LA HAYA.\u2013 <strong>Ratko Mladic, el exjefe militar de los serbios de Bosnia condenado a cadena perpetua por genocidio, cr\u00edmenes de guerra y cr\u00edmenes contra la humanidad, muri\u00f3 este jueves a los 84 a\u00f1os<\/strong> en un centro penitenciario de Naciones Unidas en La Haya, inform\u00f3 la cadena estatal serbia RTS. Un funcionario de la ONU confirm\u00f3 posteriormente el fallecimiento.<\/p>\n<p class=\"com-paragraph --s\">Apodado el <strong>\u201cCarnicero de Bosnia\u201d<\/strong>, Mladic fue condenado en 2017 por su papel en algunos de los episodios m\u00e1s atroces de la guerra de Bosnia (1992-1995), entre ellos la <strong>masacre de Srebrenica<\/strong>, en la que las <strong>fuerzas serbobosnias asesinaron a unos 8000 hombres y adolescentes musulmanes en julio de 1995<\/strong>. <\/p>\n<p class=\"com-paragraph --s\">El Tribunal Penal Internacional para la ex Yugoslavia lo sentenci\u00f3 a cadena perpetua, un dictamen que fue confirmado en apelaci\u00f3n en 2021.<\/p>\n<p class=\"com-paragraph --s\">La matanza, perpetrada en una zona que hab\u00eda sido declarada \u201csegura\u201d por la ONU, es considerada la <strong>peor atrocidad cometida en Europa desde la Segunda Guerra Mundial<\/strong> y, junto con el asedio de Sarajevo y la persecuci\u00f3n de la poblaci\u00f3n no serbia, fue central en el caso contra el exgeneral.<\/p>\n<div class=\"content-media\">\n<section role=\"button\" class=\"mod-media   \">\n<figure role=\"button\" tabindex=\"0\" class=\"mod-figure \"><figcaption class=\"mod-figcaption\"><span class=\"com-text --caption --twoxs\">Mladic, en 1994, cuando era general del ej\u00e9rcito serbio bosnio<\/span><span class=\"com-text --credit --twoxs\">AP<\/span><\/figcaption><\/figure>\n<\/section>\n<\/div>\n<p class=\"com-paragraph --s\">Tras su detenci\u00f3n, fue<strong> trasladado a La Haya y pas\u00f3 all\u00ed los \u00faltimos a\u00f1os de su vida<\/strong>. Aunque sus abogados y familiares reclamaron reiteradamente que recibiera atenci\u00f3n m\u00e9dica en Serbia, los tribunales internacionales mantuvieron su condena y rechazaron sus pedidos de liberaci\u00f3n. Mladic estaba <strong>gravemente enfermo desde hac\u00eda meses<\/strong> y <strong>hab\u00eda sufrido un derrame cerebral <\/strong>en abril, seg\u00fan su familia. <\/p>\n<p class=\"com-paragraph --s\">Su muerte se produjo pocos <strong>d\u00edas despu\u00e9s de que la justicia de Naciones Unidas rechazara una solicitud de sus familiares y del gobierno serbio para trasladarlo a un hospital militar de Belgrado<\/strong>. Un m\u00e9dico de Naciones Unidas hab\u00eda advertido este mes que su muerte pod\u00eda producirse \u201cen cualquier momento\u201d, pero los jueces volvieron a rechazar su pedido de libertad por razones humanitarias.<\/p>\n<p class=\"com-paragraph --s\">La <strong>vida de Mladic estuvo marcada desde su infancia por la violencia<\/strong> de la Segunda Guerra Mundial. Naci\u00f3 el 12 de marzo de 1943 en una aldea de Bosnia, cuando el territorio formaba parte del Estado Independiente de Croacia, aliado de la Alemania nazi. Su <strong>padre<\/strong>, un combatiente partisano serbio, <strong>muri\u00f3 cuando Ratko era todav\u00eda un ni\u00f1o<\/strong>. Esa experiencia contribuy\u00f3, seg\u00fan quienes estudiaron su trayectoria, a moldear su visi\u00f3n profundamente nacionalista sobre la supervivencia de los serbios. <\/p>\n<p class=\"com-paragraph --s\"><strong>Mladic ingres\u00f3 al Ej\u00e9rcito Popular Yugoslavo y ascendi\u00f3 r\u00e1pidamente en sus filas<\/strong>. Inicialmente abraz\u00f3 el comunismo de Josip Broz Tito y su defensa de una Yugoslavia unida y multi\u00e9tnica. Pero tras la muerte de Tito y el ascenso del nacionalismo de Milosevic, adopt\u00f3 la causa de la supremac\u00eda serbia. <\/p>\n<p class=\"com-paragraph --s\">En 1994 sufri\u00f3 uno de los golpes personales m\u00e1s devastadores de su vida: <strong>su hija Ana, estudiante de medicina de poco m\u00e1s de 20 a\u00f1os, se suicid\u00f3 con una pistola que pertenec\u00eda a su padre<\/strong>. Amigos de Mladic aseguraron posteriormente que nunca volvi\u00f3 a ser el mismo y que visitaba regularmente su tumba. <\/p>\n<p><h2 class=\"font-primary font-w-bold text-subheading-lg text-left container-center-100 mb-8\"><span>Guerras de los Balcanes<\/span><\/h2>\n<\/p>\n<p class=\"com-paragraph --s\">Las <strong>guerras de los Balcanes <\/strong>comenzaron con la<strong> desintegraci\u00f3n de Yugoslavia<\/strong> a comienzos de la d\u00e9cada de 1990 y dejaron <strong>cerca de 100.000 muertos y m\u00e1s de 2,5 millones de desplazados<\/strong>. Mladic, entonces oficial del Ej\u00e9rcito Popular Yugoslavo, pas\u00f3 a dirigir en 1992 las fuerzas serbobosnias, que buscaban consolidar el control serbio sobre amplias zonas de Bosnia y Herzegovina. <\/p>\n<p class=\"com-paragraph --s\">Durante casi cuatro a\u00f1os, <strong>sus tropas sometieron a Sarajevo a un intenso asedio desde las monta\u00f1as <\/strong>que rodeaban la capital. <strong>Artiller\u00eda, tanques, morteros y francotiradores atacaron a la poblaci\u00f3n civil<\/strong>, en un cerco que dej\u00f3 unos <strong>10.000 muertos, incluidos alrededor de 1500 ni\u00f1os<\/strong>. Los jueces internacionales tambi\u00e9n lo declararon culpable de la <strong>persecuci\u00f3n y el exterminio de poblaci\u00f3n no serbia en distintas regiones de Bosnia<\/strong>. <\/p>\n<div class=\"content-media\">\n<section role=\"button\" class=\"mod-media   \">\n<figure role=\"button\" tabindex=\"0\" class=\"mod-figure \"><figcaption class=\"mod-figcaption\"><span class=\"com-text --caption --twoxs\">Para la justicia internacional, Karadzic plane\u00f3 la masacre de 8000 personas en Srebrenica<\/span><span class=\"com-text --credit --twoxs\">Archivo<\/span><\/figcaption><\/figure>\n<\/section>\n<\/div>\n<p class=\"com-paragraph --s\">Pero fue <strong>Srebrenica<\/strong> la que convirti\u00f3 a Mladic en uno de los rostros m\u00e1s reconocibles de los cr\u00edmenes de la guerra. En julio de 1995, <strong>sus fuerzas tomaron el enclave musulm\u00e1n pese a su condici\u00f3n de zona protegida por la ONU<\/strong>. Durante los d\u00edas siguientes, <strong>miles de hombres y adolescentes fueron separados de sus familias, capturados y ejecutados<\/strong>. Muchos fueron alineados con las manos atadas a la espalda y fusilados. <\/p>\n<p class=\"com-paragraph --s\">La operaci\u00f3n incluy\u00f3 adem\u00e1s un elaborado intento de <strong>ocultar las pruebas de las ejecuciones<\/strong>. Los<strong> cuerpos fueron enterrados en fosas comunes y posteriormente exhumados con maquinaria pesada <\/strong>y trasladados a otros lugares, en un esfuerzo por dificultar su identificaci\u00f3n y ocultar la dimensi\u00f3n de la masacre. <\/p>\n<p class=\"com-paragraph --s\">Im\u00e1genes grabadas en aquellos d\u00edas mostraron a Mladic entrando en Srebrenica y present\u00e1ndose como vencedor ante la poblaci\u00f3n. En una de las escenas m\u00e1s conocidas, se lo ve <strong>acariciando la cabeza de un ni\u00f1o y asegurando a mujeres y menores que estar\u00edan a salvo, mientras sus soldados preparaban la separaci\u00f3n de los hombres que ser\u00edan asesinados<\/strong>. <\/p>\n<div class=\"content-media\">\n<section role=\"button\" class=\"mod-media   \">\n<figure role=\"button\" tabindex=\"0\" class=\"mod-figure \"><figcaption class=\"mod-figcaption\"><span class=\"com-text --caption --twoxs\">Una mujer bosnia musulmana reza junto al monumento con los nombres de las personas asesinadas en el genocidio de Srebrenica<\/span><span class=\"com-text --credit --twoxs\">Armin Durgut &#8211; AP<\/span><\/figcaption><\/figure>\n<\/section>\n<\/div>\n<p class=\"com-paragraph --s\">La ca\u00edda de Srebrenica provoc\u00f3 una conmoci\u00f3n internacional y contribuy\u00f3 a que Estados Unidos y las potencias europeas endurecieran su respuesta al conflicto. Los bombardeos de la OTAN contra posiciones serbobosnias ayudaron a modificar el equilibrio militar y allanaron el camino hacia los <strong>Acuerdos de Dayton<\/strong>, firmados a fines de 1995 y que pusieron fin a la guerra de Bosnia. <\/p>\n<p class=\"com-paragraph --s\">Ese mismo a\u00f1o, el Tribunal Penal Internacional para la ex Yugoslavia (TPIY), creado en La Haya en 1993, acus\u00f3 formalmente a Mladic de genocidio y cr\u00edmenes de guerra. Sin embargo, <strong>durante a\u00f1os logr\u00f3 eludir a los investigadores<\/strong> y se convirti\u00f3, junto con el l\u00edder pol\u00edtico serbobosnio <strong>Radovan Karadzic<\/strong>, en uno de los<strong> fugitivos m\u00e1s buscados del continente<\/strong>. <\/p>\n<p class=\"com-paragraph --s\"><strong>Mladic permaneci\u00f3 protegido durante a\u00f1os por sectores del aparato militar<\/strong> y de seguridad serbio. Tras la ca\u00edda del presidente yugoslavo <strong>Slobodan Milosevic<\/strong> en 2000, pas\u00f3 definitivamente a la clandestinidad. Durante ese per\u00edodo se lo vio ocasionalmente en Belgrado y, seg\u00fan distintos testimonios, continu\u00f3 recibiendo protecci\u00f3n de antiguos aliados. <\/p>\n<p><h2 class=\"font-primary font-w-bold text-subheading-lg text-left container-center-100 mb-8\"><span>16 a\u00f1os pr\u00f3fugo<\/span><\/h2>\n<\/p>\n<p class=\"com-paragraph --s\">Finalmente, el <strong>26 de mayo de 2011<\/strong>, fue <strong>detenido en la casa de un primo en una localidad rural al norte de Belgrado, despu\u00e9s de casi 16 a\u00f1os pr\u00f3fugo<\/strong>. La captura puso fin a una de las persecuciones m\u00e1s prolongadas de la justicia internacional y elimin\u00f3 uno de los principales obst\u00e1culos para el acercamiento de Serbia a la Uni\u00f3n Europea. <\/p>\n<p class=\"com-paragraph --s\">Cuando fue detenido, Mladic estaba muy lejos de la imagen del imponente general que hab\u00eda comandado las fuerzas serbobosnias.<strong> Hab\u00eda sufrido al menos dos derrames cerebrales mientras permanec\u00eda pr\u00f3fugo y ten\u00eda el brazo derecho parcialmente paralizado<\/strong>. Durante el juicio, su estado f\u00edsico se deterior\u00f3 a\u00fan m\u00e1s y en varias ocasiones aleg\u00f3 que estaba demasiado enfermo para participar en las audiencias. <\/p>\n<p class=\"com-paragraph --s\">Sin embargo, el car\u00e1cter desafiante que hab\u00eda mostrado durante la guerra reapareci\u00f3 en la sala del tribunal. En su primera comparecencia, en 2011, calific\u00f3 las acusaciones de \u201cdetestables\u201d y \u201cmonstruosas\u201d. En otra audiencia, despu\u00e9s de escuchar los testimonios de v\u00edctimas y sobrevivientes, grit\u00f3: <strong>\u201c\u00a1Todo lo que dicen es una mentira!\u201d<\/strong>, antes de ser expulsado de la sala. <\/p>\n<div class=\"content-media\">\n<section role=\"button\" class=\"mod-media   \">\n<figure role=\"button\" tabindex=\"0\" class=\"mod-figure \"><figcaption class=\"mod-figcaption\"><span class=\"com-text --caption --twoxs\">El general serbobosnio Ratko Mladic fue condenado por cr\u00edmenes de guerra.<\/span><span class=\"com-text --credit --twoxs\">Getty Images<\/span><\/figcaption><\/figure>\n<\/section>\n<\/div>\n<p class=\"com-paragraph --s\">En 2017, los jueces lo condenaron a <strong>cadena perpetua por genocidio, cr\u00edmenes contra la humanidad y cr\u00edmenes de guerra<\/strong>. El presidente del tribunal, Alphons Orie, describi\u00f3 sus cr\u00edmenes como <strong>\u201centre los m\u00e1s atroces conocidos por la humanidad\u201d<\/strong>. Mladic apel\u00f3 la sentencia, pero el tribunal de apelaciones confirm\u00f3 la condena en 2021. <\/p>\n<p class=\"com-paragraph --s\">Su juicio fue uno de los \u00faltimos procesos de alto perfil del TPIY, que termin\u00f3 sus funciones despu\u00e9s de juzgar a casi un centenar de responsables de las atrocidades cometidas durante las guerras de los Balcanes. Karadzic, el principal aliado pol\u00edtico de Mladic, hab\u00eda sido condenado en 2016 por cargos similares y recibi\u00f3 cadena perpetua en 2019. <\/p>\n<p class=\"com-paragraph --s\">La figura de Mladic sigui\u00f3 siendo profundamente divisiva en Serbia. Para muchos <strong>nacionalistas serbios continu\u00f3 siendo un h\u00e9roe militar <\/strong>y un s\u00edmbolo de la resistencia frente a los enemigos del pa\u00eds. Para los <strong>sobrevivientes y familiares de las v\u00edctimas de Srebrenica<\/strong>, en cambio, <strong>represent\u00f3 durante d\u00e9cadas el rostro de una campa\u00f1a de persecuci\u00f3n y exterminio<\/strong>. <\/p>\n<p class=\"com-paragraph --s\"><strong>Agencias AFP y Reuters y diario<\/strong><em><strong> The New York Times<\/strong><\/em><\/p>\n<section class=\"container-center-100 mb-40 border border-bottom border-thin border-neutral-light-700\">\n<hr\/>\n<\/section>\n<\/div>\n<p><script id=\"facebookpixel\" defer=\"\" type=\"text\/javascript\">\n        !function(f,b,e,v,n,t,s)\n        {if(f.fbq)return;n=f.fbq=function(){n.callMethod?\n        n.callMethod.apply(n,arguments):n.queue.push(arguments)};\n        if(!f._fbq)f._fbq=n;n.push=n;n.loaded=!0;n.version='2.0';\n        n.queue=[];t=b.createElement(e);t.async=!0;\n        t.src=v;s=b.getElementsByTagName(e)[0];\n        s.parentNode.insertBefore(t,s)}(window, document,'script',\n        'https:\/\/connect.facebook.net\/en_US\/fbevents.js');\n        fbq('init', '492459597522335');\n        fbq('track', 'PageView');\n    <\/script><br \/>\n<br \/><\/p>\n","protected":false},"excerpt":{"rendered":"<p>LA HAYA.\u2013 Ratko Mladic, el exjefe militar de los serbios de Bosnia condenado a cadena perpetua por genocidio, cr\u00edmenes de guerra y cr\u00edmenes contra la humanidad, muri\u00f3 este jueves a los 84 a\u00f1os en un centro penitenciario de Naciones Unidas en La Haya, inform\u00f3 la cadena estatal serbia RTS. Un funcionario de la ONU confirm\u00f3 [&hellip;]<\/p>\n","protected":false},"author":2,"featured_media":209653,"comment_status":"closed","ping_status":"closed","sticky":false,"template":"","format":"standard","meta":{"footnotes":""},"categories":[26],"tags":[],"class_list":["post-209652","post","type-post","status-publish","format-standard","has-post-thumbnail","hentry","category-internacionales"],"yoast_head":"<!-- This site is optimized with the Yoast SEO plugin v24.4 - https:\/\/yoast.com\/wordpress\/plugins\/seo\/ -->\n<title>Muri\u00f3 Ratko Mladic, el \u201cCarnicero de Bosnia\u201d condenado a cadena perpetua por genocidio - GYS NOTICIAS |<\/title>\n<meta name=\"robots\" content=\"index, follow, max-snippet:-1, max-image-preview:large, max-video-preview:-1\" \/>\n<link rel=\"canonical\" href=\"https:\/\/gysfm.com.ar\/inicio\/murio-ratko-mladic-el-carnicero-de-bosnia-condenado-a-cadena-perpetua-por-genocidio\/\" \/>\n<meta property=\"og:locale\" content=\"es_ES\" \/>\n<meta property=\"og:type\" content=\"article\" \/>\n<meta property=\"og:title\" content=\"Muri\u00f3 Ratko Mladic, el \u201cCarnicero de Bosnia\u201d condenado a cadena perpetua por genocidio - GYS NOTICIAS |\" \/>\n<meta property=\"og:description\" content=\"LA HAYA.\u2013 Ratko Mladic, el exjefe militar de los serbios de Bosnia condenado a cadena perpetua por genocidio, cr\u00edmenes de guerra y cr\u00edmenes contra la humanidad, muri\u00f3 este jueves a los 84 a\u00f1os en un centro penitenciario de Naciones Unidas en La Haya, inform\u00f3 la cadena estatal serbia RTS. Un funcionario de la ONU confirm\u00f3 [&hellip;]\" \/>\n<meta property=\"og:url\" content=\"https:\/\/gysfm.com.ar\/inicio\/murio-ratko-mladic-el-carnicero-de-bosnia-condenado-a-cadena-perpetua-por-genocidio\/\" \/>\n<meta property=\"og:site_name\" content=\"GYS NOTICIAS |\" \/>\n<meta property=\"article:published_time\" content=\"2026-08-28T12:19:15+00:00\" \/>\n<meta property=\"article:modified_time\" content=\"2026-08-28T12:19:16+00:00\" \/>\n<meta property=\"og:image\" content=\"https:\/\/gysfm.com.ar\/inicio\/wp-content\/uploads\/2026\/08\/ratko-mladic-foto-de-archivo-de-26-de-julio-1995-TUL3C4LJVNEETGDJ7XFK7X6UDQ.jpg\" \/>\n\t<meta property=\"og:image:width\" content=\"1200\" \/>\n\t<meta property=\"og:image:height\" content=\"800\" \/>\n\t<meta property=\"og:image:type\" content=\"image\/jpeg\" \/>\n<meta name=\"author\" content=\"Prensa G&amp;S FM\" \/>\n<meta name=\"twitter:card\" content=\"summary_large_image\" \/>\n<meta name=\"twitter:label1\" content=\"Escrito por\" \/>\n\t<meta name=\"twitter:data1\" content=\"Prensa G&amp;S FM\" \/>\n\t<meta name=\"twitter:label2\" content=\"Tiempo de lectura\" \/>\n\t<meta name=\"twitter:data2\" content=\"7 minutos\" \/>\n<script type=\"application\/ld+json\" class=\"yoast-schema-graph\">{\"@context\":\"https:\/\/schema.org\",\"@graph\":[{\"@type\":\"Article\",\"@id\":\"https:\/\/gysfm.com.ar\/inicio\/murio-ratko-mladic-el-carnicero-de-bosnia-condenado-a-cadena-perpetua-por-genocidio\/#article\",\"isPartOf\":{\"@id\":\"https:\/\/gysfm.com.ar\/inicio\/murio-ratko-mladic-el-carnicero-de-bosnia-condenado-a-cadena-perpetua-por-genocidio\/\"},\"author\":{\"name\":\"Prensa G&amp;S FM\",\"@id\":\"https:\/\/gysfm.com.ar\/inicio\/#\/schema\/person\/3abba7593ef2ad19e1be221d54383dc5\"},\"headline\":\"Muri\u00f3 Ratko Mladic, el \u201cCarnicero de Bosnia\u201d condenado a cadena perpetua por genocidio\",\"datePublished\":\"2026-08-28T12:19:15+00:00\",\"dateModified\":\"2026-08-28T12:19:16+00:00\",\"mainEntityOfPage\":{\"@id\":\"https:\/\/gysfm.com.ar\/inicio\/murio-ratko-mladic-el-carnicero-de-bosnia-condenado-a-cadena-perpetua-por-genocidio\/\"},\"wordCount\":1458,\"publisher\":{\"@id\":\"https:\/\/gysfm.com.ar\/inicio\/#organization\"},\"image\":{\"@id\":\"https:\/\/gysfm.com.ar\/inicio\/murio-ratko-mladic-el-carnicero-de-bosnia-condenado-a-cadena-perpetua-por-genocidio\/#primaryimage\"},\"thumbnailUrl\":\"https:\/\/gysfm.com.ar\/inicio\/wp-content\/uploads\/2026\/08\/ratko-mladic-foto-de-archivo-de-26-de-julio-1995-TUL3C4LJVNEETGDJ7XFK7X6UDQ.jpg\",\"articleSection\":[\"INTERNACIONALES\"],\"inLanguage\":\"es\"},{\"@type\":\"WebPage\",\"@id\":\"https:\/\/gysfm.com.ar\/inicio\/murio-ratko-mladic-el-carnicero-de-bosnia-condenado-a-cadena-perpetua-por-genocidio\/\",\"url\":\"https:\/\/gysfm.com.ar\/inicio\/murio-ratko-mladic-el-carnicero-de-bosnia-condenado-a-cadena-perpetua-por-genocidio\/\",\"name\":\"Muri\u00f3 Ratko Mladic, el \u201cCarnicero de Bosnia\u201d condenado a cadena perpetua por genocidio - GYS NOTICIAS |\",\"isPartOf\":{\"@id\":\"https:\/\/gysfm.com.ar\/inicio\/#website\"},\"primaryImageOfPage\":{\"@id\":\"https:\/\/gysfm.com.ar\/inicio\/murio-ratko-mladic-el-carnicero-de-bosnia-condenado-a-cadena-perpetua-por-genocidio\/#primaryimage\"},\"image\":{\"@id\":\"https:\/\/gysfm.com.ar\/inicio\/murio-ratko-mladic-el-carnicero-de-bosnia-condenado-a-cadena-perpetua-por-genocidio\/#primaryimage\"},\"thumbnailUrl\":\"https:\/\/gysfm.com.ar\/inicio\/wp-content\/uploads\/2026\/08\/ratko-mladic-foto-de-archivo-de-26-de-julio-1995-TUL3C4LJVNEETGDJ7XFK7X6UDQ.jpg\",\"datePublished\":\"2026-08-28T12:19:15+00:00\",\"dateModified\":\"2026-08-28T12:19:16+00:00\",\"breadcrumb\":{\"@id\":\"https:\/\/gysfm.com.ar\/inicio\/murio-ratko-mladic-el-carnicero-de-bosnia-condenado-a-cadena-perpetua-por-genocidio\/#breadcrumb\"},\"inLanguage\":\"es\",\"potentialAction\":[{\"@type\":\"ReadAction\",\"target\":[\"https:\/\/gysfm.com.ar\/inicio\/murio-ratko-mladic-el-carnicero-de-bosnia-condenado-a-cadena-perpetua-por-genocidio\/\"]}]},{\"@type\":\"ImageObject\",\"inLanguage\":\"es\",\"@id\":\"https:\/\/gysfm.com.ar\/inicio\/murio-ratko-mladic-el-carnicero-de-bosnia-condenado-a-cadena-perpetua-por-genocidio\/#primaryimage\",\"url\":\"https:\/\/gysfm.com.ar\/inicio\/wp-content\/uploads\/2026\/08\/ratko-mladic-foto-de-archivo-de-26-de-julio-1995-TUL3C4LJVNEETGDJ7XFK7X6UDQ.jpg\",\"contentUrl\":\"https:\/\/gysfm.com.ar\/inicio\/wp-content\/uploads\/2026\/08\/ratko-mladic-foto-de-archivo-de-26-de-julio-1995-TUL3C4LJVNEETGDJ7XFK7X6UDQ.jpg\",\"width\":1200,\"height\":800},{\"@type\":\"BreadcrumbList\",\"@id\":\"https:\/\/gysfm.com.ar\/inicio\/murio-ratko-mladic-el-carnicero-de-bosnia-condenado-a-cadena-perpetua-por-genocidio\/#breadcrumb\",\"itemListElement\":[{\"@type\":\"ListItem\",\"position\":1,\"name\":\"Portada\",\"item\":\"https:\/\/gysfm.com.ar\/inicio\/\"},{\"@type\":\"ListItem\",\"position\":2,\"name\":\"Muri\u00f3 Ratko Mladic, el \u201cCarnicero de Bosnia\u201d condenado a cadena perpetua por genocidio\"}]},{\"@type\":\"WebSite\",\"@id\":\"https:\/\/gysfm.com.ar\/inicio\/#website\",\"url\":\"https:\/\/gysfm.com.ar\/inicio\/\",\"name\":\"GYS NOTICIAS |\",\"description\":\"DIARIO - RADIO ONLINE SAN JUAN ARGENTINA\",\"publisher\":{\"@id\":\"https:\/\/gysfm.com.ar\/inicio\/#organization\"},\"potentialAction\":[{\"@type\":\"SearchAction\",\"target\":{\"@type\":\"EntryPoint\",\"urlTemplate\":\"https:\/\/gysfm.com.ar\/inicio\/?s={search_term_string}\"},\"query-input\":{\"@type\":\"PropertyValueSpecification\",\"valueRequired\":true,\"valueName\":\"search_term_string\"}}],\"inLanguage\":\"es\"},{\"@type\":\"Organization\",\"@id\":\"https:\/\/gysfm.com.ar\/inicio\/#organization\",\"name\":\"GYS NOTICIAS |\",\"url\":\"https:\/\/gysfm.com.ar\/inicio\/\",\"logo\":{\"@type\":\"ImageObject\",\"inLanguage\":\"es\",\"@id\":\"https:\/\/gysfm.com.ar\/inicio\/#\/schema\/logo\/image\/\",\"url\":\"https:\/\/gysfm.com.ar\/inicio\/wp-content\/uploads\/2023\/07\/LOGOGYS-OK.png\",\"contentUrl\":\"https:\/\/gysfm.com.ar\/inicio\/wp-content\/uploads\/2023\/07\/LOGOGYS-OK.png\",\"width\":1170,\"height\":872,\"caption\":\"GYS NOTICIAS |\"},\"image\":{\"@id\":\"https:\/\/gysfm.com.ar\/inicio\/#\/schema\/logo\/image\/\"}},{\"@type\":\"Person\",\"@id\":\"https:\/\/gysfm.com.ar\/inicio\/#\/schema\/person\/3abba7593ef2ad19e1be221d54383dc5\",\"name\":\"Prensa G&amp;S FM\",\"image\":{\"@type\":\"ImageObject\",\"inLanguage\":\"es\",\"@id\":\"https:\/\/gysfm.com.ar\/inicio\/#\/schema\/person\/image\/\",\"url\":\"https:\/\/secure.gravatar.com\/avatar\/096ec78df02049ab018702bb4ccedf659377fa92a26540b5247612077a0dbd29?s=96&d=mm&r=g\",\"contentUrl\":\"https:\/\/secure.gravatar.com\/avatar\/096ec78df02049ab018702bb4ccedf659377fa92a26540b5247612077a0dbd29?s=96&d=mm&r=g\",\"caption\":\"Prensa G&amp;S FM\"},\"sameAs\":[\"https:\/\/gysfm.com.ar\/\"],\"url\":\"https:\/\/gysfm.com.ar\/inicio\/author\/lucasm\/\"}]}<\/script>\n<!-- \/ Yoast SEO plugin. -->","yoast_head_json":{"title":"Muri\u00f3 Ratko Mladic, el \u201cCarnicero de Bosnia\u201d condenado a cadena perpetua por genocidio - GYS NOTICIAS |","robots":{"index":"index","follow":"follow","max-snippet":"max-snippet:-1","max-image-preview":"max-image-preview:large","max-video-preview":"max-video-preview:-1"},"canonical":"https:\/\/gysfm.com.ar\/inicio\/murio-ratko-mladic-el-carnicero-de-bosnia-condenado-a-cadena-perpetua-por-genocidio\/","og_locale":"es_ES","og_type":"article","og_title":"Muri\u00f3 Ratko Mladic, el \u201cCarnicero de Bosnia\u201d condenado a cadena perpetua por genocidio - GYS NOTICIAS |","og_description":"LA HAYA.\u2013 Ratko Mladic, el exjefe militar de los serbios de Bosnia condenado a cadena perpetua por genocidio, cr\u00edmenes de guerra y cr\u00edmenes contra la humanidad, muri\u00f3 este jueves a los 84 a\u00f1os en un centro penitenciario de Naciones Unidas en La Haya, inform\u00f3 la cadena estatal serbia RTS. Un funcionario de la ONU confirm\u00f3 [&hellip;]","og_url":"https:\/\/gysfm.com.ar\/inicio\/murio-ratko-mladic-el-carnicero-de-bosnia-condenado-a-cadena-perpetua-por-genocidio\/","og_site_name":"GYS NOTICIAS |","article_published_time":"2026-08-28T12:19:15+00:00","article_modified_time":"2026-08-28T12:19:16+00:00","og_image":[{"width":1200,"height":800,"url":"https:\/\/gysfm.com.ar\/inicio\/wp-content\/uploads\/2026\/08\/ratko-mladic-foto-de-archivo-de-26-de-julio-1995-TUL3C4LJVNEETGDJ7XFK7X6UDQ.jpg","type":"image\/jpeg"}],"author":"Prensa G&amp;S FM","twitter_card":"summary_large_image","twitter_misc":{"Escrito por":"Prensa G&amp;S FM","Tiempo de lectura":"7 minutos"},"schema":{"@context":"https:\/\/schema.org","@graph":[{"@type":"Article","@id":"https:\/\/gysfm.com.ar\/inicio\/murio-ratko-mladic-el-carnicero-de-bosnia-condenado-a-cadena-perpetua-por-genocidio\/#article","isPartOf":{"@id":"https:\/\/gysfm.com.ar\/inicio\/murio-ratko-mladic-el-carnicero-de-bosnia-condenado-a-cadena-perpetua-por-genocidio\/"},"author":{"name":"Prensa G&amp;S FM","@id":"https:\/\/gysfm.com.ar\/inicio\/#\/schema\/person\/3abba7593ef2ad19e1be221d54383dc5"},"headline":"Muri\u00f3 Ratko Mladic, el \u201cCarnicero de Bosnia\u201d condenado a cadena perpetua por genocidio","datePublished":"2026-08-28T12:19:15+00:00","dateModified":"2026-08-28T12:19:16+00:00","mainEntityOfPage":{"@id":"https:\/\/gysfm.com.ar\/inicio\/murio-ratko-mladic-el-carnicero-de-bosnia-condenado-a-cadena-perpetua-por-genocidio\/"},"wordCount":1458,"publisher":{"@id":"https:\/\/gysfm.com.ar\/inicio\/#organization"},"image":{"@id":"https:\/\/gysfm.com.ar\/inicio\/murio-ratko-mladic-el-carnicero-de-bosnia-condenado-a-cadena-perpetua-por-genocidio\/#primaryimage"},"thumbnailUrl":"https:\/\/gysfm.com.ar\/inicio\/wp-content\/uploads\/2026\/08\/ratko-mladic-foto-de-archivo-de-26-de-julio-1995-TUL3C4LJVNEETGDJ7XFK7X6UDQ.jpg","articleSection":["INTERNACIONALES"],"inLanguage":"es"},{"@type":"WebPage","@id":"https:\/\/gysfm.com.ar\/inicio\/murio-ratko-mladic-el-carnicero-de-bosnia-condenado-a-cadena-perpetua-por-genocidio\/","url":"https:\/\/gysfm.com.ar\/inicio\/murio-ratko-mladic-el-carnicero-de-bosnia-condenado-a-cadena-perpetua-por-genocidio\/","name":"Muri\u00f3 Ratko Mladic, el \u201cCarnicero de Bosnia\u201d condenado a cadena perpetua por genocidio - GYS NOTICIAS |","isPartOf":{"@id":"https:\/\/gysfm.com.ar\/inicio\/#website"},"primaryImageOfPage":{"@id":"https:\/\/gysfm.com.ar\/inicio\/murio-ratko-mladic-el-carnicero-de-bosnia-condenado-a-cadena-perpetua-por-genocidio\/#primaryimage"},"image":{"@id":"https:\/\/gysfm.com.ar\/inicio\/murio-ratko-mladic-el-carnicero-de-bosnia-condenado-a-cadena-perpetua-por-genocidio\/#primaryimage"},"thumbnailUrl":"https:\/\/gysfm.com.ar\/inicio\/wp-content\/uploads\/2026\/08\/ratko-mladic-foto-de-archivo-de-26-de-julio-1995-TUL3C4LJVNEETGDJ7XFK7X6UDQ.jpg","datePublished":"2026-08-28T12:19:15+00:00","dateModified":"2026-08-28T12:19:16+00:00","breadcrumb":{"@id":"https:\/\/gysfm.com.ar\/inicio\/murio-ratko-mladic-el-carnicero-de-bosnia-condenado-a-cadena-perpetua-por-genocidio\/#breadcrumb"},"inLanguage":"es","potentialAction":[{"@type":"ReadAction","target":["https:\/\/gysfm.com.ar\/inicio\/murio-ratko-mladic-el-carnicero-de-bosnia-condenado-a-cadena-perpetua-por-genocidio\/"]}]},{"@type":"ImageObject","inLanguage":"es","@id":"https:\/\/gysfm.com.ar\/inicio\/murio-ratko-mladic-el-carnicero-de-bosnia-condenado-a-cadena-perpetua-por-genocidio\/#primaryimage","url":"https:\/\/gysfm.com.ar\/inicio\/wp-content\/uploads\/2026\/08\/ratko-mladic-foto-de-archivo-de-26-de-julio-1995-TUL3C4LJVNEETGDJ7XFK7X6UDQ.jpg","contentUrl":"https:\/\/gysfm.com.ar\/inicio\/wp-content\/uploads\/2026\/08\/ratko-mladic-foto-de-archivo-de-26-de-julio-1995-TUL3C4LJVNEETGDJ7XFK7X6UDQ.jpg","width":1200,"height":800},{"@type":"BreadcrumbList","@id":"https:\/\/gysfm.com.ar\/inicio\/murio-ratko-mladic-el-carnicero-de-bosnia-condenado-a-cadena-perpetua-por-genocidio\/#breadcrumb","itemListElement":[{"@type":"ListItem","position":1,"name":"Portada","item":"https:\/\/gysfm.com.ar\/inicio\/"},{"@type":"ListItem","position":2,"name":"Muri\u00f3 Ratko Mladic, el \u201cCarnicero de Bosnia\u201d condenado a cadena perpetua por genocidio"}]},{"@type":"WebSite","@id":"https:\/\/gysfm.com.ar\/inicio\/#website","url":"https:\/\/gysfm.com.ar\/inicio\/","name":"GYS NOTICIAS |","description":"DIARIO - RADIO ONLINE SAN JUAN ARGENTINA","publisher":{"@id":"https:\/\/gysfm.com.ar\/inicio\/#organization"},"potentialAction":[{"@type":"SearchAction","target":{"@type":"EntryPoint","urlTemplate":"https:\/\/gysfm.com.ar\/inicio\/?s={search_term_string}"},"query-input":{"@type":"PropertyValueSpecification","valueRequired":true,"valueName":"search_term_string"}}],"inLanguage":"es"},{"@type":"Organization","@id":"https:\/\/gysfm.com.ar\/inicio\/#organization","name":"GYS NOTICIAS |","url":"https:\/\/gysfm.com.ar\/inicio\/","logo":{"@type":"ImageObject","inLanguage":"es","@id":"https:\/\/gysfm.com.ar\/inicio\/#\/schema\/logo\/image\/","url":"https:\/\/gysfm.com.ar\/inicio\/wp-content\/uploads\/2023\/07\/LOGOGYS-OK.png","contentUrl":"https:\/\/gysfm.com.ar\/inicio\/wp-content\/uploads\/2023\/07\/LOGOGYS-OK.png","width":1170,"height":872,"caption":"GYS NOTICIAS |"},"image":{"@id":"https:\/\/gysfm.com.ar\/inicio\/#\/schema\/logo\/image\/"}},{"@type":"Person","@id":"https:\/\/gysfm.com.ar\/inicio\/#\/schema\/person\/3abba7593ef2ad19e1be221d54383dc5","name":"Prensa G&amp;S FM","image":{"@type":"ImageObject","inLanguage":"es","@id":"https:\/\/gysfm.com.ar\/inicio\/#\/schema\/person\/image\/","url":"https:\/\/secure.gravatar.com\/avatar\/096ec78df02049ab018702bb4ccedf659377fa92a26540b5247612077a0dbd29?s=96&d=mm&r=g","contentUrl":"https:\/\/secure.gravatar.com\/avatar\/096ec78df02049ab018702bb4ccedf659377fa92a26540b5247612077a0dbd29?s=96&d=mm&r=g","caption":"Prensa G&amp;S FM"},"sameAs":["https:\/\/gysfm.com.ar\/"],"url":"https:\/\/gysfm.com.ar\/inicio\/author\/lucasm\/"}]}},"_links":{"self":[{"href":"https:\/\/gysfm.com.ar\/inicio\/wp-json\/wp\/v2\/posts\/209652","targetHints":{"allow":["GET"]}}],"collection":[{"href":"https:\/\/gysfm.com.ar\/inicio\/wp-json\/wp\/v2\/posts"}],"about":[{"href":"https:\/\/gysfm.com.ar\/inicio\/wp-json\/wp\/v2\/types\/post"}],"author":[{"embeddable":true,"href":"https:\/\/gysfm.com.ar\/inicio\/wp-json\/wp\/v2\/users\/2"}],"replies":[{"embeddable":true,"href":"https:\/\/gysfm.com.ar\/inicio\/wp-json\/wp\/v2\/comments?post=209652"}],"version-history":[{"count":1,"href":"https:\/\/gysfm.com.ar\/inicio\/wp-json\/wp\/v2\/posts\/209652\/revisions"}],"predecessor-version":[{"id":209654,"href":"https:\/\/gysfm.com.ar\/inicio\/wp-json\/wp\/v2\/posts\/209652\/revisions\/209654"}],"wp:featuredmedia":[{"embeddable":true,"href":"https:\/\/gysfm.com.ar\/inicio\/wp-json\/wp\/v2\/media\/209653"}],"wp:attachment":[{"href":"https:\/\/gysfm.com.ar\/inicio\/wp-json\/wp\/v2\/media?parent=209652"}],"wp:term":[{"taxonomy":"category","embeddable":true,"href":"https:\/\/gysfm.com.ar\/inicio\/wp-json\/wp\/v2\/categories?post=209652"},{"taxonomy":"post_tag","embeddable":true,"href":"https:\/\/gysfm.com.ar\/inicio\/wp-json\/wp\/v2\/tags?post=209652"}],"curies":[{"name":"wp","href":"https:\/\/api.w.org\/{rel}","templated":true}]}}