{"id":209647,"date":"2026-08-28T08:18:07","date_gmt":"2026-08-28T11:18:07","guid":{"rendered":"https:\/\/gysfm.com.ar\/inicio\/los-impactantes-relatos-de-quienes-escaparon-por-segundos-de-la-tragedia-en-nepal\/"},"modified":"2026-08-28T08:18:08","modified_gmt":"2026-08-28T11:18:08","slug":"los-impactantes-relatos-de-quienes-escaparon-por-segundos-de-la-tragedia-en-nepal","status":"publish","type":"post","link":"https:\/\/gysfm.com.ar\/inicio\/los-impactantes-relatos-de-quienes-escaparon-por-segundos-de-la-tragedia-en-nepal\/","title":{"rendered":"Los impactantes relatos de quienes escaparon por segundos de la tragedia en Nepal"},"content":{"rendered":"<p> <br \/>\n<\/p>\n<div>\n<p class=\"com-paragraph --capital --s\">KATMAND\u00da.\u2013 Un video grabado en <strong>Nepal<\/strong> captur\u00f3 el instante en que <a href=\"https:\/\/www.lanacion.com.ar\/el-mundo\/suben-a-270-los-muertos-en-nepal-por-las-inundaciones-que-arrasaron-pueblos-nid27082026\/\" target=\"_self\" title=\"https:\/\/www.lanacion.com.ar\/el-mundo\/suben-a-270-los-muertos-en-nepal-por-las-inundaciones-que-arrasaron-pueblos-nid27082026\/\" class=\"com-link break-word\" data-mrf-recirculation=\"n_link_parrafo\"><strong>una masa de <\/strong><\/a><a href=\"https:\/\/www.lanacion.com.ar\/el-mundo\/suben-a-270-los-muertos-en-nepal-por-las-inundaciones-que-arrasaron-pueblos-nid27082026\/\" target=\"_self\" title=\"https:\/\/www.lanacion.com.ar\/el-mundo\/suben-a-270-los-muertos-en-nepal-por-las-inundaciones-que-arrasaron-pueblos-nid27082026\/\" class=\"com-link break-word\" data-mrf-recirculation=\"n_link_parrafo\"><strong>agua, barro y escombros<\/strong><\/a> avanzaba con violencia por un cauce mientras un grupo de trabajadores intentaba ponerse a salvo.<\/p>\n<p class=\"com-paragraph --s\">El hombre que sosten\u00eda el tel\u00e9fono sigui\u00f3 filmando durante unos segundos, hasta que <a href=\"https:\/\/www.lanacion.com.ar\/el-mundo\/una-alud-arrasa-una-region-de-nepal-y-deja-22-muertos-y-384-desaparecidos-nid26082026\/\" target=\"_self\" title=\"https:\/\/www.lanacion.com.ar\/el-mundo\/una-alud-arrasa-una-region-de-nepal-y-deja-22-muertos-y-384-desaparecidos-nid26082026\/\" class=\"com-link break-word\" data-mrf-recirculation=\"n_link_parrafo\">la crecida qued\u00f3 demasiado cerca<\/a> y \u00e9l y sus compa\u00f1eros corrieron hacia una zona m\u00e1s alta. M\u00e1s tarde qued\u00f3 aislado y tuvo que ser <strong>rescatado en helic\u00f3ptero<\/strong>.<\/p>\n<div class=\"content-media cursor-pointer container-center-100\">\n<section class=\"media-container relative ratio-16-9 mod-media pb-32\">\n<figure class=\"mod-video\">\n<div class=\"video-player bg-black ratio-16-9\" data-has-jwplayer=\"true\" data-video-id-jw=\"743kMmes\" data-config=\"{&quot;title&quot;:&quot;Relato de sobreviviente alud nepal&quot;,&quot;mediaId&quot;:&quot;743kMmes&quot;,&quot;playerId&quot;:&quot;ih0086X3&quot;,&quot;playlist&quot;:[{&quot;mediaid&quot;:&quot;743kMmes&quot;,&quot;sources&quot;:[{&quot;file&quot;:&quot;https:\/\/cdn.jwplayer.com\/manifests\/743kMmes.m3u8&quot;,&quot;type&quot;:&quot;application\/vnd.apple.mpegurl&quot;},{&quot;bitrate&quot;:559469,&quot;file&quot;:&quot;https:\/\/cdn.jwplayer.com\/videos\/743kMmes-kTExGaWf.mp4&quot;,&quot;filesize&quot;:4685560,&quot;framerate&quot;:30,&quot;height&quot;:320,&quot;label&quot;:&quot;180p&quot;,&quot;type&quot;:&quot;video\/mp4&quot;,&quot;width&quot;:180},{&quot;bitrate&quot;:761914,&quot;file&quot;:&quot;https:\/\/cdn.jwplayer.com\/videos\/743kMmes-K8B0kybS.mp4&quot;,&quot;filesize&quot;:6381030,&quot;framerate&quot;:30,&quot;height&quot;:480,&quot;label&quot;:&quot;270p&quot;,&quot;type&quot;:&quot;video\/mp4&quot;,&quot;width&quot;:270},{&quot;bitrate&quot;:114425,&quot;file&quot;:&quot;https:\/\/cdn.jwplayer.com\/videos\/743kMmes-hz5z2Tv4.m4a&quot;,&quot;filesize&quot;:958311,&quot;label&quot;:&quot;AAC Audio&quot;,&quot;type&quot;:&quot;audio\/mp4&quot;},{&quot;bitrate&quot;:1023650,&quot;file&quot;:&quot;https:\/\/cdn.jwplayer.com\/videos\/743kMmes-FnZGUVnC.mp4&quot;,&quot;filesize&quot;:8573076,&quot;framerate&quot;:30,&quot;height&quot;:640,&quot;label&quot;:&quot;360p&quot;,&quot;type&quot;:&quot;video\/mp4&quot;,&quot;width&quot;:360}]}],&quot;hasAutoplay&quot;:false,&quot;autostart&quot;:true,&quot;tagsUrl&quot;:&quot;https:\/\/pubads.g.doubleclick.net\/gampad\/ads?slotname=\/133919216\/la_nacion_video\/nota\/preroll&amp;sz=640x480|400x300&amp;ciu_szs=300x250&amp;unviewed_position_start=1&amp;output=vast&amp;impl=s&amp;env=vp&amp;gdfp_req=1&amp;ad_rule=0&amp;vad_type=linear&amp;vpos=preroll&amp;cust_params=tags_nuevos%3Dte_nepal%2Cte_asia%2Cca_el_mundo%2C%2CR6533EC7QBBYJO552VULEDGCWU&amp;pod=3&amp;ppos=1&amp;lip=true&amp;min_ad_duration=0&amp;max_ad_duration=30000&amp;vrid=6256&amp;url=https%3A%2F%2Fwww.lanacion.com.ar%2Fel-mundo%2Flos-impactantes-relatos-de-quienes-escaparon-por-segundos-de-la-tragedia-en-nepal-nid27082026%2F%3Fvariant%3DA&amp;description_url=https%3A%2F%2Fwww.lanacion.com.ar%2Fel-mundo%2Flos-impactantes-relatos-de-quienes-escaparon-por-segundos-de-la-tragedia-en-nepal-nid27082026%2F%3Fvariant%3DA&amp;video_doc_id=short_onecue&amp;cmsid=496&amp;kfa=0&amp;tfcd=0&amp;correlator=1787915791434&quot;,&quot;arcSite&quot;:&quot;la-nacion-ar&quot;,&quot;duration&quot;:&quot;67000&quot;}\">\n<div id=\"facade-743kMmes\" class=\"content-facade-jw relative bg-black ratio-16-9\"><picture><source media=\"(max-width: 767px)\" srcset=\"https:\/\/www.lanacion.com.ar\/resizer\/v2\/https%3A%2F%2Fcdn.jwplayer.com%2Fv2%2Fmedia%2F743kMmes%2Fposter.jpg%3Fwidth%3D720?auth=013d942c2c5b2f17190116db11030435e224272465c59a65fdf885106c4fd51b&amp;width=480&amp;quality=70&amp;smart=false\"\/><\/picture><\/div>\n<\/div><figcaption class=\"border border-1 border-bottom border-light-300 relative px-16 py-8 min-h-36 w-100_md px-0_l mb-8 bg-white\"><span class=\"text ln-text text-16 block\">Relato de sobreviviente alud nepal<\/span><\/figcaption><\/figure>\n<\/section>\n<\/div>\n<p class=\"com-paragraph --s\">La escena, que se viraliz\u00f3 en las redes sociales, se convirti\u00f3 en una de las im\u00e1genes m\u00e1s impactantes de las <strong>inundaciones repentinas<\/strong> que golpearon Nepal esta semana, cerca de la frontera con el T\u00edbet. El desastre dej\u00f3 al menos <strong>392 muertos y 1468 desaparecidos<\/strong>, entre ellos viajeros extranjeros, y oblig\u00f3 a los equipos de rescate a operar en zonas donde caminos, viviendas e infraestructura quedaron destruidos o incomunicados.<\/p>\n<p><ln-info-responsive post-id=\"1309\" id=\"ln-info-responsive-1309\" style=\"display:block;\"\/> \u00a0\n<\/p>\n<p class=\"com-paragraph --s\">La crecida se desencaden\u00f3 despu\u00e9s de lo que parec\u00eda ser <strong>el colapso de una masa de barro y rocas sobre un r\u00edo<\/strong> en la frontera entre Nepal y el T\u00edbet. El impacto se propag\u00f3 aguas abajo y arras\u00f3 asentamientos y construcciones con una fuerza que tom\u00f3 por sorpresa a quienes estaban en la zona.<\/p>\n<p class=\"com-paragraph --s\">Uno de ellos fue Rajan Khatri, un polic\u00eda de 41 a\u00f1os destinado en Syabrubesi, uno de los pueblos m\u00e1s golpeados, que describi\u00f3 desde el hospital la violencia de la crecida. <strong>\u201cNo puedo explicar lo grandes que eran las olas. Se tragaron edificios de varios metros de altura en una fracci\u00f3n de segundo\u201d<\/strong>, cont\u00f3.<\/p>\n<div class=\"content-media\">\n<section role=\"button\" class=\"mod-media   \">\n<figure role=\"button\" tabindex=\"0\" class=\"mod-figure \"><figcaption class=\"mod-figcaption\"><span class=\"com-text --caption --twoxs\">Sobrevivientes rescatados de las inundaciones repentinas son trasladados a un lugar seguro en el distrito de Nuwakot<\/span><span class=\"com-text --credit --twoxs\">Niranjan Shrestha &#8211; AP<\/span><\/figcaption><\/figure>\n<\/section>\n<\/div>\n<p class=\"com-paragraph --s\">\u201cNo era solo agua. Era una combinaci\u00f3n de rocas, arena y lodo espeso\u201d, agreg\u00f3. De los siete agentes que trabajaban en su comisar\u00eda, solo tres hab\u00edan sido encontrados con vida. Khatri <strong>fue expulsado del edificio por la corriente, perdi\u00f3 el conocimiento y qued\u00f3 entre los escombros hasta que fue rescatado al d\u00eda siguiente<\/strong>.<\/p>\n<p class=\"com-paragraph --s\">A varios kil\u00f3metros de all\u00ed, otro sobreviviente relat\u00f3 una experiencia distinta, pero atravesada por el mismo peligro. <strong>Bibek Kumal, un obrero nepal\u00ed de 24 a\u00f1os<\/strong>, cavaba un pozo para un ba\u00f1o junto a una casa reci\u00e9n construida en Bidur, aguas abajo del distrito de Rasuwa, cuando escuch\u00f3 un silbido.<\/p>\n<p class=\"com-paragraph --s\">Sus cuatro compa\u00f1eros, que estaban por encima del pozo de 1,5 metros de profundidad, le gritaron que saliera y corriera. Kumal alcanz\u00f3 a trepar, pero cuando logr\u00f3 salir ellos ya hab\u00edan huido. Entonces vio avanzar un muro de agua, barro y rocas.<\/p>\n<div class=\"content-media\">\n<section role=\"button\" class=\"mod-media   \">\n<figure role=\"button\" tabindex=\"0\" class=\"mod-figure \"><figcaption class=\"mod-figcaption\"><span class=\"com-text --caption --twoxs\">Destrozos y heridos en Devighat, en el distrito de Nuwakot, Nepal<\/span><span class=\"com-text --credit --twoxs\">Niranjan Shrestha &#8211; AP<\/span><\/figcaption><\/figure>\n<\/section>\n<\/div>\n<p class=\"com-paragraph --s\"><strong>\u201cEmpec\u00e9 a correr. Despu\u00e9s una pared de agua baj\u00f3 con estruendo, como si fuera un terremoto\u201d<\/strong>, relat\u00f3 desde una cama del Centro Nacional de Trauma de Katmand\u00fa, donde estaba internado junto con otros heridos.<\/p>\n<p class=\"com-paragraph --s\">La corriente lo arrastr\u00f3 entre barro y restos de todo tipo hasta que qued\u00f3 atrapado contra <strong>un \u00e1rbol de mangos<\/strong>, al que consigui\u00f3 aferrarse mientras el torrente segu\u00eda avanzando. Desde all\u00ed vio desaparecer la casa en la que trabajaba.<\/p>\n<p class=\"com-paragraph --s\">\u201cSi no hubiera estado ese \u00e1rbol, me habr\u00eda llevado el agua y habr\u00eda muerto\u201d, dijo. La polic\u00eda finalmente consigui\u00f3 llegar hasta \u00e9l y ponerlo a salvo.<\/p>\n<div class=\"content-media cursor-pointer container-center-100\">\n<section class=\"media-container relative ratio-16-9 mod-media pb-32\">\n<figure class=\"mod-video\">\n<div class=\"video-player bg-black ratio-16-9\" data-has-jwplayer=\"true\" data-video-id-jw=\"rAqpXkbW\" data-config=\"{&quot;title&quot;:&quot;Un alud masivo de lodo golpe\u00f3 el puerto de Gyirong en la frontera entre China y Nepal&quot;,&quot;mediaId&quot;:&quot;rAqpXkbW&quot;,&quot;playerId&quot;:&quot;ih0086X3&quot;,&quot;playlist&quot;:[{&quot;mediaid&quot;:&quot;rAqpXkbW&quot;,&quot;sources&quot;:[{&quot;file&quot;:&quot;https:\/\/cdn.jwplayer.com\/manifests\/rAqpXkbW.m3u8&quot;,&quot;type&quot;:&quot;application\/vnd.apple.mpegurl&quot;},{&quot;bitrate&quot;:462122,&quot;file&quot;:&quot;https:\/\/cdn.jwplayer.com\/videos\/rAqpXkbW-kTExGaWf.mp4&quot;,&quot;filesize&quot;:3870277,&quot;framerate&quot;:30,&quot;height&quot;:180,&quot;label&quot;:&quot;180p&quot;,&quot;type&quot;:&quot;video\/mp4&quot;,&quot;width&quot;:320},{&quot;bitrate&quot;:700720,&quot;file&quot;:&quot;https:\/\/cdn.jwplayer.com\/videos\/rAqpXkbW-K8B0kybS.mp4&quot;,&quot;filesize&quot;:5868533,&quot;framerate&quot;:30,&quot;height&quot;:270,&quot;label&quot;:&quot;270p&quot;,&quot;type&quot;:&quot;video\/mp4&quot;,&quot;width&quot;:480},{&quot;bitrate&quot;:114346,&quot;file&quot;:&quot;https:\/\/cdn.jwplayer.com\/videos\/rAqpXkbW-hz5z2Tv4.m4a&quot;,&quot;filesize&quot;:957653,&quot;label&quot;:&quot;AAC Audio&quot;,&quot;type&quot;:&quot;audio\/mp4&quot;},{&quot;bitrate&quot;:907965,&quot;file&quot;:&quot;https:\/\/cdn.jwplayer.com\/videos\/rAqpXkbW-FnZGUVnC.mp4&quot;,&quot;filesize&quot;:7604215,&quot;framerate&quot;:30,&quot;height&quot;:360,&quot;label&quot;:&quot;360p&quot;,&quot;type&quot;:&quot;video\/mp4&quot;,&quot;width&quot;:640}]}],&quot;hasAutoplay&quot;:false,&quot;autostart&quot;:true,&quot;tagsUrl&quot;:&quot;https:\/\/pubads.g.doubleclick.net\/gampad\/ads?slotname=\/133919216\/la_nacion_video\/nota\/preroll&amp;sz=640x480|400x300&amp;ciu_szs=300x250&amp;unviewed_position_start=1&amp;output=vast&amp;impl=s&amp;env=vp&amp;gdfp_req=1&amp;ad_rule=0&amp;vad_type=linear&amp;vpos=preroll&amp;cust_params=tags_nuevos%3Dte_nepal%2Cte_asia%2Cca_el_mundo%2C%2CR6533EC7QBBYJO552VULEDGCWU&amp;pod=3&amp;ppos=1&amp;lip=true&amp;min_ad_duration=0&amp;max_ad_duration=30000&amp;vrid=6256&amp;url=https%3A%2F%2Fwww.lanacion.com.ar%2Fel-mundo%2Flos-impactantes-relatos-de-quienes-escaparon-por-segundos-de-la-tragedia-en-nepal-nid27082026%2F%3Fvariant%3DA&amp;description_url=https%3A%2F%2Fwww.lanacion.com.ar%2Fel-mundo%2Flos-impactantes-relatos-de-quienes-escaparon-por-segundos-de-la-tragedia-en-nepal-nid27082026%2F%3Fvariant%3DA&amp;video_doc_id=short_onecue&amp;cmsid=496&amp;kfa=0&amp;tfcd=0&amp;correlator=1787915791435&quot;,&quot;arcSite&quot;:&quot;la-nacion-ar&quot;,&quot;duration&quot;:&quot;67000&quot;}\">\n<div id=\"facade-rAqpXkbW\" class=\"content-facade-jw relative bg-black ratio-16-9\"><picture><source media=\"(max-width: 767px)\" srcset=\"https:\/\/www.lanacion.com.ar\/resizer\/v2\/https%3A%2F%2Fcdn.jwplayer.com%2Fv2%2Fmedia%2FrAqpXkbW%2Fposter.jpg%3Fwidth%3D720?auth=7fe31f2316c33844d52bc6c1d3c673513943e18bd8049ef08ec31afd3fc04bee&amp;width=480&amp;quality=70&amp;smart=false\"\/><img class=\"image com-image flex --cover\" decoding=\"async\" fetchpriority=\"low\" loading=\"lazy\" src=\"https:\/\/gysfm.com.ar\/inicio\/wp-content\/uploads\/2026\/08\/https:\/\/cdn.jwplayer.com\/v2\/media\/rAqpXkbW\/poster.jpg\" alt=\"Un alud masivo de lodo golpe\u00f3 el puerto de Gyirong en la frontera entre China y Nepal\"\/><\/picture><\/div>\n<\/div><figcaption class=\"border border-1 border-bottom border-light-300 relative px-16 py-8 min-h-36 w-100_md px-0_l mb-8 bg-white\"><span class=\"text ln-text text-16 block\">Un alud masivo de lodo golpe\u00f3 el puerto de Gyirong en la frontera entre China y Nepal<\/span><\/figcaption><\/figure>\n<\/section>\n<\/div>\n<p class=\"com-paragraph --s\">Kumal sufri\u00f3 heridas en la pierna derecha tras recibir primero el impacto del agua y luego el golpe de una gran piedra. Su casa, situada en otro lugar, no result\u00f3 da\u00f1ada. No era la primera vez que sobreviv\u00eda a una cat\u00e1strofe: cuando era adolescente hab\u00eda atravesado el <strong>terremoto de 2015<\/strong>, que caus\u00f3 cerca de 9000 muertes en Nepal.<\/p>\n<p class=\"com-paragraph --s\">En el mismo hospital, frente a su cama, estaba internada <strong>Rihana Lamichhane, de 11 a\u00f1os<\/strong>, otra de las v\u00edctimas que logr\u00f3 escapar por poco. Su escuela hab\u00eda cerrado ante la emergencia y hab\u00eda pedido a los alumnos que regresaran a sus casas. Mientras la ni\u00f1a cruzaba un r\u00edo, el agua irrumpi\u00f3 de repente. Sufri\u00f3 lesiones en el pecho y en una pierna, pero sobrevivi\u00f3.<\/p>\n<p class=\"com-paragraph --s\">\u201cEstoy feliz de estar a salvo. No tengo idea de qu\u00e9 pas\u00f3 con mis amigos\u201d, cont\u00f3. Su madre, Rita, dijo que sali\u00f3 a buscarla despu\u00e9s de recibir el llamado de una amiga y que sinti\u00f3 alivio cuando logr\u00f3 encontrarla. <strong>M\u00e1s de 114 personas hab\u00edan sido rescatadas<\/strong> hasta ese momento y recib\u00edan atenci\u00f3n m\u00e9dica en Katmand\u00fa y Rasuwa.<\/p>\n<div class=\"content-media\">\n<section role=\"button\" class=\"mod-media   \">\n<figure role=\"button\" tabindex=\"0\" class=\"mod-figure \"><figcaption class=\"mod-figcaption\"><span class=\"com-text --caption --twoxs\">Polic\u00edas nepal\u00edes observan mientras la maquinaria retira escombros tras inundaciones repentinas en el distrito de Nuwakot<\/span><span class=\"com-text --credit --twoxs\">Niranjan Shrestha &#8211; AP<\/span><\/figcaption><\/figure>\n<\/section>\n<\/div>\n<p class=\"com-paragraph --s\">Fuera del Centro Nacional de Trauma, <strong>familiares, amigos y curiosos se agolparon en el peque\u00f1o predio<\/strong> mientras continuaban llegando heridos a la capital. Al mismo tiempo, los operativos de b\u00fasqueda se extend\u00edan por las \u00e1reas afectadas, donde cientos de personas segu\u00edan sin ser localizadas.<\/p>\n<p class=\"com-paragraph --s\">Las im\u00e1genes de seguridad tomadas del lado chino de la frontera mostraron a varias personas que alcanzaban a escapar antes de que una masa de <strong>rocas, barro y agua<\/strong> destruyera edificios y veh\u00edculos. El origen exacto del deslizamiento todav\u00eda no estaba claro. El Centro Alem\u00e1n de Investigaci\u00f3n de Geociencias se\u00f1al\u00f3 que se hab\u00eda registrado un sismo de magnitud 4,4 unos siete minutos antes del horario que figuraba en las c\u00e1maras.<\/p>\n<p class=\"com-paragraph --s\"><strong>Agencia Reuters y diario <\/strong><em><strong>The New York Times<\/strong><\/em><\/p>\n<section class=\"container-center-100 mb-40 border border-bottom border-thin border-neutral-light-700\">\n<hr\/>\n<\/section>\n<\/div>\n<p><script id=\"facebookpixel\" defer=\"\" type=\"text\/javascript\">\n        !function(f,b,e,v,n,t,s)\n        {if(f.fbq)return;n=f.fbq=function(){n.callMethod?\n        n.callMethod.apply(n,arguments):n.queue.push(arguments)};\n        if(!f._fbq)f._fbq=n;n.push=n;n.loaded=!0;n.version='2.0';\n        n.queue=[];t=b.createElement(e);t.async=!0;\n        t.src=v;s=b.getElementsByTagName(e)[0];\n        s.parentNode.insertBefore(t,s)}(window, document,'script',\n        'https:\/\/connect.facebook.net\/en_US\/fbevents.js');\n        fbq('init', '492459597522335');\n        fbq('track', 'PageView');\n    <\/script><br \/>\n<br \/><\/p>\n","protected":false},"excerpt":{"rendered":"<p>KATMAND\u00da.\u2013 Un video grabado en Nepal captur\u00f3 el instante en que una masa de agua, barro y escombros avanzaba con violencia por un cauce mientras un grupo de trabajadores intentaba ponerse a salvo. El hombre que sosten\u00eda el tel\u00e9fono sigui\u00f3 filmando durante unos segundos, hasta que la crecida qued\u00f3 demasiado cerca y \u00e9l y sus [&hellip;]<\/p>\n","protected":false},"author":2,"featured_media":209648,"comment_status":"closed","ping_status":"closed","sticky":false,"template":"","format":"standard","meta":{"footnotes":""},"categories":[26],"tags":[],"class_list":["post-209647","post","type-post","status-publish","format-standard","has-post-thumbnail","hentry","category-internacionales"],"yoast_head":"<!-- This site is optimized with the Yoast SEO plugin v24.4 - https:\/\/yoast.com\/wordpress\/plugins\/seo\/ -->\n<title>Los impactantes relatos de quienes escaparon por segundos de la tragedia en Nepal - GYS NOTICIAS |<\/title>\n<meta name=\"robots\" content=\"index, follow, max-snippet:-1, max-image-preview:large, max-video-preview:-1\" \/>\n<link rel=\"canonical\" href=\"https:\/\/gysfm.com.ar\/inicio\/los-impactantes-relatos-de-quienes-escaparon-por-segundos-de-la-tragedia-en-nepal\/\" \/>\n<meta property=\"og:locale\" content=\"es_ES\" \/>\n<meta property=\"og:type\" content=\"article\" \/>\n<meta property=\"og:title\" content=\"Los impactantes relatos de quienes escaparon por segundos de la tragedia en Nepal - GYS NOTICIAS |\" \/>\n<meta property=\"og:description\" content=\"KATMAND\u00da.\u2013 Un video grabado en Nepal captur\u00f3 el instante en que una masa de agua, barro y escombros avanzaba con violencia por un cauce mientras un grupo de trabajadores intentaba ponerse a salvo. El hombre que sosten\u00eda el tel\u00e9fono sigui\u00f3 filmando durante unos segundos, hasta que la crecida qued\u00f3 demasiado cerca y \u00e9l y sus [&hellip;]\" \/>\n<meta property=\"og:url\" content=\"https:\/\/gysfm.com.ar\/inicio\/los-impactantes-relatos-de-quienes-escaparon-por-segundos-de-la-tragedia-en-nepal\/\" \/>\n<meta property=\"og:site_name\" content=\"GYS NOTICIAS |\" \/>\n<meta property=\"article:published_time\" content=\"2026-08-28T11:18:07+00:00\" \/>\n<meta property=\"article:modified_time\" content=\"2026-08-28T11:18:08+00:00\" \/>\n<meta property=\"og:image\" content=\"https:\/\/gysfm.com.ar\/inicio\/wp-content\/uploads\/2026\/08\/esta-captura-de-video-obtenida-mediante-un-video-PJRW7CTVARBWHJBPU44PSONU5A.jpg\" \/>\n\t<meta property=\"og:image:width\" content=\"1200\" \/>\n\t<meta property=\"og:image:height\" content=\"800\" \/>\n\t<meta property=\"og:image:type\" content=\"image\/jpeg\" \/>\n<meta name=\"author\" content=\"Prensa G&amp;S FM\" \/>\n<meta name=\"twitter:card\" content=\"summary_large_image\" \/>\n<meta name=\"twitter:label1\" content=\"Escrito por\" \/>\n\t<meta name=\"twitter:data1\" content=\"Prensa G&amp;S FM\" \/>\n\t<meta name=\"twitter:label2\" content=\"Tiempo de lectura\" \/>\n\t<meta name=\"twitter:data2\" content=\"5 minutos\" \/>\n<script type=\"application\/ld+json\" class=\"yoast-schema-graph\">{\"@context\":\"https:\/\/schema.org\",\"@graph\":[{\"@type\":\"Article\",\"@id\":\"https:\/\/gysfm.com.ar\/inicio\/los-impactantes-relatos-de-quienes-escaparon-por-segundos-de-la-tragedia-en-nepal\/#article\",\"isPartOf\":{\"@id\":\"https:\/\/gysfm.com.ar\/inicio\/los-impactantes-relatos-de-quienes-escaparon-por-segundos-de-la-tragedia-en-nepal\/\"},\"author\":{\"name\":\"Prensa G&amp;S FM\",\"@id\":\"https:\/\/gysfm.com.ar\/inicio\/#\/schema\/person\/3abba7593ef2ad19e1be221d54383dc5\"},\"headline\":\"Los impactantes relatos de quienes escaparon por segundos de la tragedia en Nepal\",\"datePublished\":\"2026-08-28T11:18:07+00:00\",\"dateModified\":\"2026-08-28T11:18:08+00:00\",\"mainEntityOfPage\":{\"@id\":\"https:\/\/gysfm.com.ar\/inicio\/los-impactantes-relatos-de-quienes-escaparon-por-segundos-de-la-tragedia-en-nepal\/\"},\"wordCount\":937,\"publisher\":{\"@id\":\"https:\/\/gysfm.com.ar\/inicio\/#organization\"},\"image\":{\"@id\":\"https:\/\/gysfm.com.ar\/inicio\/los-impactantes-relatos-de-quienes-escaparon-por-segundos-de-la-tragedia-en-nepal\/#primaryimage\"},\"thumbnailUrl\":\"https:\/\/gysfm.com.ar\/inicio\/wp-content\/uploads\/2026\/08\/esta-captura-de-video-obtenida-mediante-un-video-PJRW7CTVARBWHJBPU44PSONU5A.jpg\",\"articleSection\":[\"INTERNACIONALES\"],\"inLanguage\":\"es\"},{\"@type\":\"WebPage\",\"@id\":\"https:\/\/gysfm.com.ar\/inicio\/los-impactantes-relatos-de-quienes-escaparon-por-segundos-de-la-tragedia-en-nepal\/\",\"url\":\"https:\/\/gysfm.com.ar\/inicio\/los-impactantes-relatos-de-quienes-escaparon-por-segundos-de-la-tragedia-en-nepal\/\",\"name\":\"Los impactantes relatos de quienes escaparon por segundos de la tragedia en Nepal - GYS NOTICIAS |\",\"isPartOf\":{\"@id\":\"https:\/\/gysfm.com.ar\/inicio\/#website\"},\"primaryImageOfPage\":{\"@id\":\"https:\/\/gysfm.com.ar\/inicio\/los-impactantes-relatos-de-quienes-escaparon-por-segundos-de-la-tragedia-en-nepal\/#primaryimage\"},\"image\":{\"@id\":\"https:\/\/gysfm.com.ar\/inicio\/los-impactantes-relatos-de-quienes-escaparon-por-segundos-de-la-tragedia-en-nepal\/#primaryimage\"},\"thumbnailUrl\":\"https:\/\/gysfm.com.ar\/inicio\/wp-content\/uploads\/2026\/08\/esta-captura-de-video-obtenida-mediante-un-video-PJRW7CTVARBWHJBPU44PSONU5A.jpg\",\"datePublished\":\"2026-08-28T11:18:07+00:00\",\"dateModified\":\"2026-08-28T11:18:08+00:00\",\"breadcrumb\":{\"@id\":\"https:\/\/gysfm.com.ar\/inicio\/los-impactantes-relatos-de-quienes-escaparon-por-segundos-de-la-tragedia-en-nepal\/#breadcrumb\"},\"inLanguage\":\"es\",\"potentialAction\":[{\"@type\":\"ReadAction\",\"target\":[\"https:\/\/gysfm.com.ar\/inicio\/los-impactantes-relatos-de-quienes-escaparon-por-segundos-de-la-tragedia-en-nepal\/\"]}]},{\"@type\":\"ImageObject\",\"inLanguage\":\"es\",\"@id\":\"https:\/\/gysfm.com.ar\/inicio\/los-impactantes-relatos-de-quienes-escaparon-por-segundos-de-la-tragedia-en-nepal\/#primaryimage\",\"url\":\"https:\/\/gysfm.com.ar\/inicio\/wp-content\/uploads\/2026\/08\/esta-captura-de-video-obtenida-mediante-un-video-PJRW7CTVARBWHJBPU44PSONU5A.jpg\",\"contentUrl\":\"https:\/\/gysfm.com.ar\/inicio\/wp-content\/uploads\/2026\/08\/esta-captura-de-video-obtenida-mediante-un-video-PJRW7CTVARBWHJBPU44PSONU5A.jpg\",\"width\":1200,\"height\":800},{\"@type\":\"BreadcrumbList\",\"@id\":\"https:\/\/gysfm.com.ar\/inicio\/los-impactantes-relatos-de-quienes-escaparon-por-segundos-de-la-tragedia-en-nepal\/#breadcrumb\",\"itemListElement\":[{\"@type\":\"ListItem\",\"position\":1,\"name\":\"Portada\",\"item\":\"https:\/\/gysfm.com.ar\/inicio\/\"},{\"@type\":\"ListItem\",\"position\":2,\"name\":\"Los impactantes relatos de quienes escaparon por segundos de la tragedia en Nepal\"}]},{\"@type\":\"WebSite\",\"@id\":\"https:\/\/gysfm.com.ar\/inicio\/#website\",\"url\":\"https:\/\/gysfm.com.ar\/inicio\/\",\"name\":\"GYS NOTICIAS |\",\"description\":\"DIARIO - RADIO ONLINE SAN JUAN ARGENTINA\",\"publisher\":{\"@id\":\"https:\/\/gysfm.com.ar\/inicio\/#organization\"},\"potentialAction\":[{\"@type\":\"SearchAction\",\"target\":{\"@type\":\"EntryPoint\",\"urlTemplate\":\"https:\/\/gysfm.com.ar\/inicio\/?s={search_term_string}\"},\"query-input\":{\"@type\":\"PropertyValueSpecification\",\"valueRequired\":true,\"valueName\":\"search_term_string\"}}],\"inLanguage\":\"es\"},{\"@type\":\"Organization\",\"@id\":\"https:\/\/gysfm.com.ar\/inicio\/#organization\",\"name\":\"GYS NOTICIAS |\",\"url\":\"https:\/\/gysfm.com.ar\/inicio\/\",\"logo\":{\"@type\":\"ImageObject\",\"inLanguage\":\"es\",\"@id\":\"https:\/\/gysfm.com.ar\/inicio\/#\/schema\/logo\/image\/\",\"url\":\"https:\/\/gysfm.com.ar\/inicio\/wp-content\/uploads\/2023\/07\/LOGOGYS-OK.png\",\"contentUrl\":\"https:\/\/gysfm.com.ar\/inicio\/wp-content\/uploads\/2023\/07\/LOGOGYS-OK.png\",\"width\":1170,\"height\":872,\"caption\":\"GYS NOTICIAS |\"},\"image\":{\"@id\":\"https:\/\/gysfm.com.ar\/inicio\/#\/schema\/logo\/image\/\"}},{\"@type\":\"Person\",\"@id\":\"https:\/\/gysfm.com.ar\/inicio\/#\/schema\/person\/3abba7593ef2ad19e1be221d54383dc5\",\"name\":\"Prensa G&amp;S FM\",\"image\":{\"@type\":\"ImageObject\",\"inLanguage\":\"es\",\"@id\":\"https:\/\/gysfm.com.ar\/inicio\/#\/schema\/person\/image\/\",\"url\":\"https:\/\/secure.gravatar.com\/avatar\/096ec78df02049ab018702bb4ccedf659377fa92a26540b5247612077a0dbd29?s=96&d=mm&r=g\",\"contentUrl\":\"https:\/\/secure.gravatar.com\/avatar\/096ec78df02049ab018702bb4ccedf659377fa92a26540b5247612077a0dbd29?s=96&d=mm&r=g\",\"caption\":\"Prensa G&amp;S FM\"},\"sameAs\":[\"https:\/\/gysfm.com.ar\/\"],\"url\":\"https:\/\/gysfm.com.ar\/inicio\/author\/lucasm\/\"}]}<\/script>\n<!-- \/ Yoast SEO plugin. -->","yoast_head_json":{"title":"Los impactantes relatos de quienes escaparon por segundos de la tragedia en Nepal - GYS NOTICIAS |","robots":{"index":"index","follow":"follow","max-snippet":"max-snippet:-1","max-image-preview":"max-image-preview:large","max-video-preview":"max-video-preview:-1"},"canonical":"https:\/\/gysfm.com.ar\/inicio\/los-impactantes-relatos-de-quienes-escaparon-por-segundos-de-la-tragedia-en-nepal\/","og_locale":"es_ES","og_type":"article","og_title":"Los impactantes relatos de quienes escaparon por segundos de la tragedia en Nepal - GYS NOTICIAS |","og_description":"KATMAND\u00da.\u2013 Un video grabado en Nepal captur\u00f3 el instante en que una masa de agua, barro y escombros avanzaba con violencia por un cauce mientras un grupo de trabajadores intentaba ponerse a salvo. El hombre que sosten\u00eda el tel\u00e9fono sigui\u00f3 filmando durante unos segundos, hasta que la crecida qued\u00f3 demasiado cerca y \u00e9l y sus [&hellip;]","og_url":"https:\/\/gysfm.com.ar\/inicio\/los-impactantes-relatos-de-quienes-escaparon-por-segundos-de-la-tragedia-en-nepal\/","og_site_name":"GYS NOTICIAS |","article_published_time":"2026-08-28T11:18:07+00:00","article_modified_time":"2026-08-28T11:18:08+00:00","og_image":[{"width":1200,"height":800,"url":"https:\/\/gysfm.com.ar\/inicio\/wp-content\/uploads\/2026\/08\/esta-captura-de-video-obtenida-mediante-un-video-PJRW7CTVARBWHJBPU44PSONU5A.jpg","type":"image\/jpeg"}],"author":"Prensa G&amp;S FM","twitter_card":"summary_large_image","twitter_misc":{"Escrito por":"Prensa G&amp;S FM","Tiempo de lectura":"5 minutos"},"schema":{"@context":"https:\/\/schema.org","@graph":[{"@type":"Article","@id":"https:\/\/gysfm.com.ar\/inicio\/los-impactantes-relatos-de-quienes-escaparon-por-segundos-de-la-tragedia-en-nepal\/#article","isPartOf":{"@id":"https:\/\/gysfm.com.ar\/inicio\/los-impactantes-relatos-de-quienes-escaparon-por-segundos-de-la-tragedia-en-nepal\/"},"author":{"name":"Prensa G&amp;S FM","@id":"https:\/\/gysfm.com.ar\/inicio\/#\/schema\/person\/3abba7593ef2ad19e1be221d54383dc5"},"headline":"Los impactantes relatos de quienes escaparon por segundos de la tragedia en Nepal","datePublished":"2026-08-28T11:18:07+00:00","dateModified":"2026-08-28T11:18:08+00:00","mainEntityOfPage":{"@id":"https:\/\/gysfm.com.ar\/inicio\/los-impactantes-relatos-de-quienes-escaparon-por-segundos-de-la-tragedia-en-nepal\/"},"wordCount":937,"publisher":{"@id":"https:\/\/gysfm.com.ar\/inicio\/#organization"},"image":{"@id":"https:\/\/gysfm.com.ar\/inicio\/los-impactantes-relatos-de-quienes-escaparon-por-segundos-de-la-tragedia-en-nepal\/#primaryimage"},"thumbnailUrl":"https:\/\/gysfm.com.ar\/inicio\/wp-content\/uploads\/2026\/08\/esta-captura-de-video-obtenida-mediante-un-video-PJRW7CTVARBWHJBPU44PSONU5A.jpg","articleSection":["INTERNACIONALES"],"inLanguage":"es"},{"@type":"WebPage","@id":"https:\/\/gysfm.com.ar\/inicio\/los-impactantes-relatos-de-quienes-escaparon-por-segundos-de-la-tragedia-en-nepal\/","url":"https:\/\/gysfm.com.ar\/inicio\/los-impactantes-relatos-de-quienes-escaparon-por-segundos-de-la-tragedia-en-nepal\/","name":"Los impactantes relatos de quienes escaparon por segundos de la tragedia en Nepal - GYS NOTICIAS |","isPartOf":{"@id":"https:\/\/gysfm.com.ar\/inicio\/#website"},"primaryImageOfPage":{"@id":"https:\/\/gysfm.com.ar\/inicio\/los-impactantes-relatos-de-quienes-escaparon-por-segundos-de-la-tragedia-en-nepal\/#primaryimage"},"image":{"@id":"https:\/\/gysfm.com.ar\/inicio\/los-impactantes-relatos-de-quienes-escaparon-por-segundos-de-la-tragedia-en-nepal\/#primaryimage"},"thumbnailUrl":"https:\/\/gysfm.com.ar\/inicio\/wp-content\/uploads\/2026\/08\/esta-captura-de-video-obtenida-mediante-un-video-PJRW7CTVARBWHJBPU44PSONU5A.jpg","datePublished":"2026-08-28T11:18:07+00:00","dateModified":"2026-08-28T11:18:08+00:00","breadcrumb":{"@id":"https:\/\/gysfm.com.ar\/inicio\/los-impactantes-relatos-de-quienes-escaparon-por-segundos-de-la-tragedia-en-nepal\/#breadcrumb"},"inLanguage":"es","potentialAction":[{"@type":"ReadAction","target":["https:\/\/gysfm.com.ar\/inicio\/los-impactantes-relatos-de-quienes-escaparon-por-segundos-de-la-tragedia-en-nepal\/"]}]},{"@type":"ImageObject","inLanguage":"es","@id":"https:\/\/gysfm.com.ar\/inicio\/los-impactantes-relatos-de-quienes-escaparon-por-segundos-de-la-tragedia-en-nepal\/#primaryimage","url":"https:\/\/gysfm.com.ar\/inicio\/wp-content\/uploads\/2026\/08\/esta-captura-de-video-obtenida-mediante-un-video-PJRW7CTVARBWHJBPU44PSONU5A.jpg","contentUrl":"https:\/\/gysfm.com.ar\/inicio\/wp-content\/uploads\/2026\/08\/esta-captura-de-video-obtenida-mediante-un-video-PJRW7CTVARBWHJBPU44PSONU5A.jpg","width":1200,"height":800},{"@type":"BreadcrumbList","@id":"https:\/\/gysfm.com.ar\/inicio\/los-impactantes-relatos-de-quienes-escaparon-por-segundos-de-la-tragedia-en-nepal\/#breadcrumb","itemListElement":[{"@type":"ListItem","position":1,"name":"Portada","item":"https:\/\/gysfm.com.ar\/inicio\/"},{"@type":"ListItem","position":2,"name":"Los impactantes relatos de quienes escaparon por segundos de la tragedia en Nepal"}]},{"@type":"WebSite","@id":"https:\/\/gysfm.com.ar\/inicio\/#website","url":"https:\/\/gysfm.com.ar\/inicio\/","name":"GYS NOTICIAS |","description":"DIARIO - RADIO ONLINE SAN JUAN ARGENTINA","publisher":{"@id":"https:\/\/gysfm.com.ar\/inicio\/#organization"},"potentialAction":[{"@type":"SearchAction","target":{"@type":"EntryPoint","urlTemplate":"https:\/\/gysfm.com.ar\/inicio\/?s={search_term_string}"},"query-input":{"@type":"PropertyValueSpecification","valueRequired":true,"valueName":"search_term_string"}}],"inLanguage":"es"},{"@type":"Organization","@id":"https:\/\/gysfm.com.ar\/inicio\/#organization","name":"GYS NOTICIAS |","url":"https:\/\/gysfm.com.ar\/inicio\/","logo":{"@type":"ImageObject","inLanguage":"es","@id":"https:\/\/gysfm.com.ar\/inicio\/#\/schema\/logo\/image\/","url":"https:\/\/gysfm.com.ar\/inicio\/wp-content\/uploads\/2023\/07\/LOGOGYS-OK.png","contentUrl":"https:\/\/gysfm.com.ar\/inicio\/wp-content\/uploads\/2023\/07\/LOGOGYS-OK.png","width":1170,"height":872,"caption":"GYS NOTICIAS |"},"image":{"@id":"https:\/\/gysfm.com.ar\/inicio\/#\/schema\/logo\/image\/"}},{"@type":"Person","@id":"https:\/\/gysfm.com.ar\/inicio\/#\/schema\/person\/3abba7593ef2ad19e1be221d54383dc5","name":"Prensa G&amp;S FM","image":{"@type":"ImageObject","inLanguage":"es","@id":"https:\/\/gysfm.com.ar\/inicio\/#\/schema\/person\/image\/","url":"https:\/\/secure.gravatar.com\/avatar\/096ec78df02049ab018702bb4ccedf659377fa92a26540b5247612077a0dbd29?s=96&d=mm&r=g","contentUrl":"https:\/\/secure.gravatar.com\/avatar\/096ec78df02049ab018702bb4ccedf659377fa92a26540b5247612077a0dbd29?s=96&d=mm&r=g","caption":"Prensa G&amp;S FM"},"sameAs":["https:\/\/gysfm.com.ar\/"],"url":"https:\/\/gysfm.com.ar\/inicio\/author\/lucasm\/"}]}},"_links":{"self":[{"href":"https:\/\/gysfm.com.ar\/inicio\/wp-json\/wp\/v2\/posts\/209647","targetHints":{"allow":["GET"]}}],"collection":[{"href":"https:\/\/gysfm.com.ar\/inicio\/wp-json\/wp\/v2\/posts"}],"about":[{"href":"https:\/\/gysfm.com.ar\/inicio\/wp-json\/wp\/v2\/types\/post"}],"author":[{"embeddable":true,"href":"https:\/\/gysfm.com.ar\/inicio\/wp-json\/wp\/v2\/users\/2"}],"replies":[{"embeddable":true,"href":"https:\/\/gysfm.com.ar\/inicio\/wp-json\/wp\/v2\/comments?post=209647"}],"version-history":[{"count":1,"href":"https:\/\/gysfm.com.ar\/inicio\/wp-json\/wp\/v2\/posts\/209647\/revisions"}],"predecessor-version":[{"id":209649,"href":"https:\/\/gysfm.com.ar\/inicio\/wp-json\/wp\/v2\/posts\/209647\/revisions\/209649"}],"wp:featuredmedia":[{"embeddable":true,"href":"https:\/\/gysfm.com.ar\/inicio\/wp-json\/wp\/v2\/media\/209648"}],"wp:attachment":[{"href":"https:\/\/gysfm.com.ar\/inicio\/wp-json\/wp\/v2\/media?parent=209647"}],"wp:term":[{"taxonomy":"category","embeddable":true,"href":"https:\/\/gysfm.com.ar\/inicio\/wp-json\/wp\/v2\/categories?post=209647"},{"taxonomy":"post_tag","embeddable":true,"href":"https:\/\/gysfm.com.ar\/inicio\/wp-json\/wp\/v2\/tags?post=209647"}],"curies":[{"name":"wp","href":"https:\/\/api.w.org\/{rel}","templated":true}]}}