{"id":209645,"date":"2026-08-28T08:08:20","date_gmt":"2026-08-28T11:08:20","guid":{"rendered":"https:\/\/gysfm.com.ar\/inicio\/el-ratio-sobre-depositos-marco-un-record-desde-2019-seguira-subiendo-tras-la-flexibilizacion\/"},"modified":"2026-08-28T08:08:20","modified_gmt":"2026-08-28T11:08:20","slug":"el-ratio-sobre-depositos-marco-un-record-desde-2019-seguira-subiendo-tras-la-flexibilizacion","status":"publish","type":"post","link":"https:\/\/gysfm.com.ar\/inicio\/el-ratio-sobre-depositos-marco-un-record-desde-2019-seguira-subiendo-tras-la-flexibilizacion\/","title":{"rendered":"el ratio sobre dep\u00f3sitos marc\u00f3 un r\u00e9cord desde 2019, \u00bfseguir\u00e1 subiendo tras la flexibilizaci\u00f3n?"},"content":{"rendered":"<p> <br \/>\n<\/p>\n<div id=\"\">\n<p id=\"p-1787861800327-28849\"><strong>El stock de  cr\u00e9ditos en d\u00f3lares ya representa un 62% de los dep\u00f3sitos en moneda dura, un r\u00e9cord desde 2019<\/strong>. Muchos especialistas estiman que el porcentaje seguir\u00e1 al alza a partir de la reciente flexibilizaci\u00f3n que dispuso el Gobierno para el otorgamiento de financiamiento a quienes no generan ingresos en divisas, aunque hay quienes sostienen que la pol\u00edtica oficial tambi\u00e9n podr\u00eda impulsar la creaci\u00f3n de nuevos dep\u00f3sitos.<\/p>\n<\/div>\n<div id=\"\">\n<p id=\"p-1787694113207-50315\">El dato fue resaltado por <strong>Romano Group<\/strong>, desde donde tambi\u00e9n destacaron que la cifra es m\u00e1s de <strong>cuatro veces superior a la que ve\u00eda, por ejemplo, a comienzos de 2023<\/strong>. Desde las elecciones de 2025 a la fecha los pr\u00e9stamos a privados crecieron en u$s6.800 millones, mientras que los dep\u00f3sitos lo hicieron en u$s5.700 millones.<\/p>\n<\/div>\n<div id=\"\">\n<div contenteditable=\"false\" class=\"embed_cont type_imagen\" id=\"8270607-Libre-1305373304_wrap\">\n<div id=\"8270607-Libre-1305373304_content\" class=\"embed_content\"><img src=\"https:\/\/media.ambito.com\/p\/0b13ac97eb628a5a2f2b34079950228f\/adjuntos\/239\/imagenes\/043\/608\/0043608680\/730x0\/smart\/creditos-depositos-dolar.png\" decoding=\"async\" fetchpriority=\"low\" loading=\"lazy\" alt=\"\" title=\"\" width=\"730\" height=\"undefined\" id=\"8270607-Libre-1305373304_embed\"\/><\/div><\/div>\n<p id=\"p-1787698063887-41736\">Vale recordar que, desde la semana pasada, por una iniciativa del equipo econ\u00f3mico de Luis Caputo, <strong>todas las empresas pueden acceder a financiamiento en d\u00f3lares, sin importar si son generadoras de divisas<\/strong>. De todos modos, la liberalizaci\u00f3n no es total, ya que persisten algunas restricciones.<\/p>\n<\/div>\n<div id=\"\">\n<p id=\"p-1787698325279-18749\">La m\u00e1s relevante de ellas es que <strong>los bancos pueden prestar hasta el 15% de sus dep\u00f3sitos<\/strong>. En paralelo, esas financiaciones estar\u00e1n sujetas a un tratamiento prudencial m\u00e1s exigente y, de acuerdo con lo comunicado por la autoridad monetaria, los bancos deber\u00e1n evaluar la capacidad de repago de los tomadores bajo escenarios de variaci\u00f3n del tipo de cambio de diferente magnitud.<\/p>\n<\/div>\n<div id=\"\">\n<p id=\"p-1787698695699-24231\">Con estas medidas, el Gobierno busca que una mayor parte de los d\u00f3lares que tienen los argentinos sirva para <strong>dinamizar la actividad econ\u00f3mica<\/strong> a trav\u00e9s del consumo y, fundamentalmente, de la inversi\u00f3n. Adicionalmente, pretende<strong> incrementar la oferta de divisas en el Mercado Libre de Cambios (MLC)<\/strong> y as\u00ed compensar la merma estacional de estos meses; es por ello que las empresas tendr\u00e1n la obligaci\u00f3n de liquidar los d\u00f3lares en la \u00abventanilla\u00bb del BCRA.<\/p>\n<\/div>\n<div id=\"\">\n<h2 id=\"p-1787863110906-15554\">El Gobierno impulsa el cr\u00e9dito en d\u00f3lares: \u00bfacompa\u00f1ar\u00e1n los dep\u00f3sitos?<\/h2>\n<p id=\"p-1787697083107-98517\">Seg\u00fan <strong>Salvador Vitelli<\/strong>, Head of research de Romano,<strong> la nueva normativa del BCRA podr\u00eda aportar unos u$s6.500 millones extras de financiamiento<\/strong>. Sin embargo, aclar\u00f3 que<strong> no necesariamente esto implique un aumento en el ratio sobre dep\u00f3sitos, ya que \u00abesos pr\u00e9stamos crear\u00edan nuevos dep\u00f3sitos<\/strong> y as\u00ed sucesivamente\u00bb. \u00abInfluye all\u00ed tambi\u00e9n encajes y el m\u00e1ximo normativo de 15%\u00bb, acot\u00f3.<\/p>\n<p id=\"p-1787857355940-505\">Con una mirada algo distinta, para el el Doctor en Econom\u00eda y exdirector del BCRA,<strong> Jorge Carrera<\/strong>, <strong>los dep\u00f3sitos \u00abse van a estancar como siempre ocurre en periodos preelectorales, salvo que la Inocencia Fiscal II sea un gran \u00e9xito y si hay mucha volatilidad podr\u00edan incluso caer\u00bb<\/strong>. Sobre esto \u00faltimo, los m\u00e1s optimistas sostienen que el proyecto del oficialismo podr\u00eda atraer hasta u$s20.000 millones.<\/p>\n<p id=\"p-1787864490750-34074\">En ese sentido, <strong>avizora un incremento en el ratio<\/strong>, \u00absobre todo si los prestan a gente que no tiene ingresos con precios asociados a d\u00f3lares y ocurriese una devaluaci\u00f3n riesgo de descalce\u00bb. \u00ab<strong>Igual no se cuanto se van a arriesgar los bancos grandes<\/strong>\u00ab, aclar\u00f3, en conversaciones con este medio.<\/p>\n<p id=\"p-1787855687827-24891\">Por su parte, desde Empiria tambi\u00e9n esperan que crezca el ratio. \u00abNo me imagino que una eventual suba de la tasa pasiva llegue a incentivar el aumento de dep\u00f3sitos en d\u00f3lares\u00bb, acot\u00f3 en di\u00e1logo con <strong>\u00c1mbito<\/strong> el economista de la entidad, <strong>Bautista Santamar\u00eda. <\/strong><\/p>\n<h2 id=\"p-1787863158128-89063\">Una nueva flexibilizaci\u00f3n para los cr\u00e9ditos en d\u00f3lares, con potenciales beneficios pero tambi\u00e9n con riesgos<\/h2>\n<p id=\"p-1787699639728-23274\">Previamente, el Gobierno ya hab\u00eda habilitado el otorgamiento de pr\u00e9stamos en \u00abbillete verde\u00bb a empresas no exportadoras, siempre y cuando los fondos de los bancos estuvieran respaldado por la colocaci\u00f3n de <strong>Obligaciones Negociables (ONs).<\/strong> Todo esto en un contexto en el cual <strong>los dep\u00f3sitos en d\u00f3lares crecieron exponencialmente desde que Javier Milei asumi\u00f3 la presidencia y ya superan los u$s40.000 millones, r\u00e9cord en 26 a\u00f1os.<\/strong><\/p>\n<p id=\"p-1787699802484-42393\">La mayor parte del incremento durante la gesti\u00f3n libertaria se dio luego del primer <strong>blanqueo de capitales<\/strong>, que estuvo vigente entre julio y noviembre de 2024. El blanqueo tuvo varias etapas, a lo cual se le sum\u00f3, a comienzos de este a\u00f1o, la Ley de Inocencia Fiscal, que estableci\u00f3 un mecanismo que bloquea investigaciones sobre el origen de los fondos, previo a la medida, siempre y cuando el contribuyente cumpla con sus impuestos de ahora en adelante y no incorpore ninguna factura ap\u00f3crifa.<\/p>\n<p id=\"p-1787699597342-54796\">El cr\u00e9dito en moneda estadounidense toma cada vez m\u00e1s relevancia, teniendo en cuenta que <strong>el financiamiento en pesos, fundamentalmente a familias, encuentra un serio l\u00edmite<\/strong> en los niveles actuales de morosidad y en las tasas de inter\u00e9s que muestran algunas l\u00edneas como las de pr\u00e9stamos personales.<\/p>\n<p id=\"p-1787701233901-49615\"><strong>Sobre las nuevas medidas, en el mercado ven cuestiones positivas<\/strong> como la posibilidad de convertir ahorro en inversi\u00f3n, lo cual podr\u00eda ayudar a impulsar la actividad econ\u00f3mica. El otro aporte fundamental es el flujo de divisas que potencialmente puede proveer al MLC.<\/p>\n<p id=\"p-1787851106735-28233\"><strong>Pero tambi\u00e9n existen riesgos<\/strong>. Teniendo en cuenta que el tipo de cambio real est\u00e1 bajo, en t\u00e9rminos hist\u00f3ricos, y que las elecciones presidenciales est\u00e1n a la vuelta de la esquina, no est\u00e1n del todo descartados nuevos episodios de recalentamiento en el valor del d\u00f3lar. En un hipot\u00e9tico escenario como ese, puede darse un descalce de monedas entre los beneficiarios del financiamiento que tengan ingresos en pesos.<\/p>\n<\/p><\/div>\n<p><script>\n!function(f,b,e,v,n,t,s)\n{if(f.fbq)return;n=f.fbq=function(){n.callMethod?\nn.callMethod.apply(n,arguments):n.queue.push(arguments)};\nif(!f._fbq)f._fbq=n;n.push=n;n.loaded=!0;n.version='2.0';\nn.queue=[];t=b.createElement(e);t.async=!0;\nt.src=v;s=b.getElementsByTagName(e)[0];\ns.parentNode.insertBefore(t,s)}(window,document,'script',\n'https:\/\/connect.facebook.net\/en_US\/fbevents.js');\nfbq('init', '2047048335588113');\nfbq('track', 'PageView');\n<\/script><br \/>\n<br \/><\/p>\n","protected":false},"excerpt":{"rendered":"<p>El stock de cr\u00e9ditos en d\u00f3lares ya representa un 62% de los dep\u00f3sitos en moneda dura, un r\u00e9cord desde 2019. Muchos especialistas estiman que el porcentaje seguir\u00e1 al alza a partir de la reciente flexibilizaci\u00f3n que dispuso el Gobierno para el otorgamiento de financiamiento a quienes no generan ingresos en divisas, aunque hay quienes sostienen [&hellip;]<\/p>\n","protected":false},"author":1,"featured_media":209646,"comment_status":"closed","ping_status":"closed","sticky":false,"template":"","format":"standard","meta":{"footnotes":""},"categories":[28],"tags":[],"class_list":["post-209645","post","type-post","status-publish","format-standard","has-post-thumbnail","hentry","category-economia"],"yoast_head":"<!-- This site is optimized with the Yoast SEO plugin v24.4 - https:\/\/yoast.com\/wordpress\/plugins\/seo\/ -->\n<title>el ratio sobre dep\u00f3sitos marc\u00f3 un r\u00e9cord desde 2019, \u00bfseguir\u00e1 subiendo tras la flexibilizaci\u00f3n? - GYS NOTICIAS |<\/title>\n<meta name=\"robots\" content=\"index, follow, max-snippet:-1, max-image-preview:large, max-video-preview:-1\" \/>\n<link rel=\"canonical\" href=\"https:\/\/gysfm.com.ar\/inicio\/el-ratio-sobre-depositos-marco-un-record-desde-2019-seguira-subiendo-tras-la-flexibilizacion\/\" \/>\n<meta property=\"og:locale\" content=\"es_ES\" \/>\n<meta property=\"og:type\" content=\"article\" \/>\n<meta property=\"og:title\" content=\"el ratio sobre dep\u00f3sitos marc\u00f3 un r\u00e9cord desde 2019, \u00bfseguir\u00e1 subiendo tras la flexibilizaci\u00f3n? - GYS NOTICIAS |\" \/>\n<meta property=\"og:description\" content=\"El stock de cr\u00e9ditos en d\u00f3lares ya representa un 62% de los dep\u00f3sitos en moneda dura, un r\u00e9cord desde 2019. Muchos especialistas estiman que el porcentaje seguir\u00e1 al alza a partir de la reciente flexibilizaci\u00f3n que dispuso el Gobierno para el otorgamiento de financiamiento a quienes no generan ingresos en divisas, aunque hay quienes sostienen [&hellip;]\" \/>\n<meta property=\"og:url\" content=\"https:\/\/gysfm.com.ar\/inicio\/el-ratio-sobre-depositos-marco-un-record-desde-2019-seguira-subiendo-tras-la-flexibilizacion\/\" \/>\n<meta property=\"og:site_name\" content=\"GYS NOTICIAS |\" \/>\n<meta property=\"article:published_time\" content=\"2026-08-28T11:08:20+00:00\" \/>\n<meta property=\"og:image\" content=\"https:\/\/media.ambito.com\/p\/0b13ac97eb628a5a2f2b34079950228f\/adjuntos\/239\/imagenes\/043\/608\/0043608680\/730x0\/smart\/creditos-depositos-dolar.png\" \/>\n<meta name=\"author\" content=\"admin\" \/>\n<meta name=\"twitter:card\" content=\"summary_large_image\" \/>\n<meta name=\"twitter:label1\" content=\"Escrito por\" \/>\n\t<meta name=\"twitter:data1\" content=\"admin\" \/>\n\t<meta name=\"twitter:label2\" content=\"Tiempo de lectura\" \/>\n\t<meta name=\"twitter:data2\" content=\"5 minutos\" \/>\n<script type=\"application\/ld+json\" class=\"yoast-schema-graph\">{\"@context\":\"https:\/\/schema.org\",\"@graph\":[{\"@type\":\"Article\",\"@id\":\"https:\/\/gysfm.com.ar\/inicio\/el-ratio-sobre-depositos-marco-un-record-desde-2019-seguira-subiendo-tras-la-flexibilizacion\/#article\",\"isPartOf\":{\"@id\":\"https:\/\/gysfm.com.ar\/inicio\/el-ratio-sobre-depositos-marco-un-record-desde-2019-seguira-subiendo-tras-la-flexibilizacion\/\"},\"author\":{\"name\":\"admin\",\"@id\":\"https:\/\/gysfm.com.ar\/inicio\/#\/schema\/person\/5bedd7ecd35cc35548d89effafa23696\"},\"headline\":\"el ratio sobre dep\u00f3sitos marc\u00f3 un r\u00e9cord desde 2019, \u00bfseguir\u00e1 subiendo tras la flexibilizaci\u00f3n?\",\"datePublished\":\"2026-08-28T11:08:20+00:00\",\"mainEntityOfPage\":{\"@id\":\"https:\/\/gysfm.com.ar\/inicio\/el-ratio-sobre-depositos-marco-un-record-desde-2019-seguira-subiendo-tras-la-flexibilizacion\/\"},\"wordCount\":942,\"publisher\":{\"@id\":\"https:\/\/gysfm.com.ar\/inicio\/#organization\"},\"image\":{\"@id\":\"https:\/\/gysfm.com.ar\/inicio\/el-ratio-sobre-depositos-marco-un-record-desde-2019-seguira-subiendo-tras-la-flexibilizacion\/#primaryimage\"},\"thumbnailUrl\":\"https:\/\/gysfm.com.ar\/inicio\/wp-content\/uploads\/2026\/08\/dolares-millones-plata.jpg\",\"articleSection\":[\"ECONOMIA\"],\"inLanguage\":\"es\"},{\"@type\":\"WebPage\",\"@id\":\"https:\/\/gysfm.com.ar\/inicio\/el-ratio-sobre-depositos-marco-un-record-desde-2019-seguira-subiendo-tras-la-flexibilizacion\/\",\"url\":\"https:\/\/gysfm.com.ar\/inicio\/el-ratio-sobre-depositos-marco-un-record-desde-2019-seguira-subiendo-tras-la-flexibilizacion\/\",\"name\":\"el ratio sobre dep\u00f3sitos marc\u00f3 un r\u00e9cord desde 2019, \u00bfseguir\u00e1 subiendo tras la flexibilizaci\u00f3n? - GYS NOTICIAS |\",\"isPartOf\":{\"@id\":\"https:\/\/gysfm.com.ar\/inicio\/#website\"},\"primaryImageOfPage\":{\"@id\":\"https:\/\/gysfm.com.ar\/inicio\/el-ratio-sobre-depositos-marco-un-record-desde-2019-seguira-subiendo-tras-la-flexibilizacion\/#primaryimage\"},\"image\":{\"@id\":\"https:\/\/gysfm.com.ar\/inicio\/el-ratio-sobre-depositos-marco-un-record-desde-2019-seguira-subiendo-tras-la-flexibilizacion\/#primaryimage\"},\"thumbnailUrl\":\"https:\/\/gysfm.com.ar\/inicio\/wp-content\/uploads\/2026\/08\/dolares-millones-plata.jpg\",\"datePublished\":\"2026-08-28T11:08:20+00:00\",\"breadcrumb\":{\"@id\":\"https:\/\/gysfm.com.ar\/inicio\/el-ratio-sobre-depositos-marco-un-record-desde-2019-seguira-subiendo-tras-la-flexibilizacion\/#breadcrumb\"},\"inLanguage\":\"es\",\"potentialAction\":[{\"@type\":\"ReadAction\",\"target\":[\"https:\/\/gysfm.com.ar\/inicio\/el-ratio-sobre-depositos-marco-un-record-desde-2019-seguira-subiendo-tras-la-flexibilizacion\/\"]}]},{\"@type\":\"ImageObject\",\"inLanguage\":\"es\",\"@id\":\"https:\/\/gysfm.com.ar\/inicio\/el-ratio-sobre-depositos-marco-un-record-desde-2019-seguira-subiendo-tras-la-flexibilizacion\/#primaryimage\",\"url\":\"https:\/\/gysfm.com.ar\/inicio\/wp-content\/uploads\/2026\/08\/dolares-millones-plata.jpg\",\"contentUrl\":\"https:\/\/gysfm.com.ar\/inicio\/wp-content\/uploads\/2026\/08\/dolares-millones-plata.jpg\",\"width\":1200,\"height\":675},{\"@type\":\"BreadcrumbList\",\"@id\":\"https:\/\/gysfm.com.ar\/inicio\/el-ratio-sobre-depositos-marco-un-record-desde-2019-seguira-subiendo-tras-la-flexibilizacion\/#breadcrumb\",\"itemListElement\":[{\"@type\":\"ListItem\",\"position\":1,\"name\":\"Portada\",\"item\":\"https:\/\/gysfm.com.ar\/inicio\/\"},{\"@type\":\"ListItem\",\"position\":2,\"name\":\"el ratio sobre dep\u00f3sitos marc\u00f3 un r\u00e9cord desde 2019, \u00bfseguir\u00e1 subiendo tras la flexibilizaci\u00f3n?\"}]},{\"@type\":\"WebSite\",\"@id\":\"https:\/\/gysfm.com.ar\/inicio\/#website\",\"url\":\"https:\/\/gysfm.com.ar\/inicio\/\",\"name\":\"GYS NOTICIAS |\",\"description\":\"DIARIO - RADIO ONLINE SAN JUAN ARGENTINA\",\"publisher\":{\"@id\":\"https:\/\/gysfm.com.ar\/inicio\/#organization\"},\"potentialAction\":[{\"@type\":\"SearchAction\",\"target\":{\"@type\":\"EntryPoint\",\"urlTemplate\":\"https:\/\/gysfm.com.ar\/inicio\/?s={search_term_string}\"},\"query-input\":{\"@type\":\"PropertyValueSpecification\",\"valueRequired\":true,\"valueName\":\"search_term_string\"}}],\"inLanguage\":\"es\"},{\"@type\":\"Organization\",\"@id\":\"https:\/\/gysfm.com.ar\/inicio\/#organization\",\"name\":\"GYS NOTICIAS |\",\"url\":\"https:\/\/gysfm.com.ar\/inicio\/\",\"logo\":{\"@type\":\"ImageObject\",\"inLanguage\":\"es\",\"@id\":\"https:\/\/gysfm.com.ar\/inicio\/#\/schema\/logo\/image\/\",\"url\":\"https:\/\/gysfm.com.ar\/inicio\/wp-content\/uploads\/2023\/07\/LOGOGYS-OK.png\",\"contentUrl\":\"https:\/\/gysfm.com.ar\/inicio\/wp-content\/uploads\/2023\/07\/LOGOGYS-OK.png\",\"width\":1170,\"height\":872,\"caption\":\"GYS NOTICIAS |\"},\"image\":{\"@id\":\"https:\/\/gysfm.com.ar\/inicio\/#\/schema\/logo\/image\/\"}},{\"@type\":\"Person\",\"@id\":\"https:\/\/gysfm.com.ar\/inicio\/#\/schema\/person\/5bedd7ecd35cc35548d89effafa23696\",\"name\":\"admin\",\"image\":{\"@type\":\"ImageObject\",\"inLanguage\":\"es\",\"@id\":\"https:\/\/gysfm.com.ar\/inicio\/#\/schema\/person\/image\/\",\"url\":\"https:\/\/secure.gravatar.com\/avatar\/c331d312b5243fb64d5ba28108a447b27c925295129a363082c9ea52c28d32c2?s=96&d=mm&r=g\",\"contentUrl\":\"https:\/\/secure.gravatar.com\/avatar\/c331d312b5243fb64d5ba28108a447b27c925295129a363082c9ea52c28d32c2?s=96&d=mm&r=g\",\"caption\":\"admin\"},\"sameAs\":[\"https:\/\/gysfm.com.ar\/inicio\"],\"url\":\"https:\/\/gysfm.com.ar\/inicio\/author\/admin\/\"}]}<\/script>\n<!-- \/ Yoast SEO plugin. -->","yoast_head_json":{"title":"el ratio sobre dep\u00f3sitos marc\u00f3 un r\u00e9cord desde 2019, \u00bfseguir\u00e1 subiendo tras la flexibilizaci\u00f3n? - GYS NOTICIAS |","robots":{"index":"index","follow":"follow","max-snippet":"max-snippet:-1","max-image-preview":"max-image-preview:large","max-video-preview":"max-video-preview:-1"},"canonical":"https:\/\/gysfm.com.ar\/inicio\/el-ratio-sobre-depositos-marco-un-record-desde-2019-seguira-subiendo-tras-la-flexibilizacion\/","og_locale":"es_ES","og_type":"article","og_title":"el ratio sobre dep\u00f3sitos marc\u00f3 un r\u00e9cord desde 2019, \u00bfseguir\u00e1 subiendo tras la flexibilizaci\u00f3n? - GYS NOTICIAS |","og_description":"El stock de cr\u00e9ditos en d\u00f3lares ya representa un 62% de los dep\u00f3sitos en moneda dura, un r\u00e9cord desde 2019. Muchos especialistas estiman que el porcentaje seguir\u00e1 al alza a partir de la reciente flexibilizaci\u00f3n que dispuso el Gobierno para el otorgamiento de financiamiento a quienes no generan ingresos en divisas, aunque hay quienes sostienen [&hellip;]","og_url":"https:\/\/gysfm.com.ar\/inicio\/el-ratio-sobre-depositos-marco-un-record-desde-2019-seguira-subiendo-tras-la-flexibilizacion\/","og_site_name":"GYS NOTICIAS |","article_published_time":"2026-08-28T11:08:20+00:00","og_image":[{"url":"https:\/\/media.ambito.com\/p\/0b13ac97eb628a5a2f2b34079950228f\/adjuntos\/239\/imagenes\/043\/608\/0043608680\/730x0\/smart\/creditos-depositos-dolar.png","type":"","width":"","height":""}],"author":"admin","twitter_card":"summary_large_image","twitter_misc":{"Escrito por":"admin","Tiempo de lectura":"5 minutos"},"schema":{"@context":"https:\/\/schema.org","@graph":[{"@type":"Article","@id":"https:\/\/gysfm.com.ar\/inicio\/el-ratio-sobre-depositos-marco-un-record-desde-2019-seguira-subiendo-tras-la-flexibilizacion\/#article","isPartOf":{"@id":"https:\/\/gysfm.com.ar\/inicio\/el-ratio-sobre-depositos-marco-un-record-desde-2019-seguira-subiendo-tras-la-flexibilizacion\/"},"author":{"name":"admin","@id":"https:\/\/gysfm.com.ar\/inicio\/#\/schema\/person\/5bedd7ecd35cc35548d89effafa23696"},"headline":"el ratio sobre dep\u00f3sitos marc\u00f3 un r\u00e9cord desde 2019, \u00bfseguir\u00e1 subiendo tras la flexibilizaci\u00f3n?","datePublished":"2026-08-28T11:08:20+00:00","mainEntityOfPage":{"@id":"https:\/\/gysfm.com.ar\/inicio\/el-ratio-sobre-depositos-marco-un-record-desde-2019-seguira-subiendo-tras-la-flexibilizacion\/"},"wordCount":942,"publisher":{"@id":"https:\/\/gysfm.com.ar\/inicio\/#organization"},"image":{"@id":"https:\/\/gysfm.com.ar\/inicio\/el-ratio-sobre-depositos-marco-un-record-desde-2019-seguira-subiendo-tras-la-flexibilizacion\/#primaryimage"},"thumbnailUrl":"https:\/\/gysfm.com.ar\/inicio\/wp-content\/uploads\/2026\/08\/dolares-millones-plata.jpg","articleSection":["ECONOMIA"],"inLanguage":"es"},{"@type":"WebPage","@id":"https:\/\/gysfm.com.ar\/inicio\/el-ratio-sobre-depositos-marco-un-record-desde-2019-seguira-subiendo-tras-la-flexibilizacion\/","url":"https:\/\/gysfm.com.ar\/inicio\/el-ratio-sobre-depositos-marco-un-record-desde-2019-seguira-subiendo-tras-la-flexibilizacion\/","name":"el ratio sobre dep\u00f3sitos marc\u00f3 un r\u00e9cord desde 2019, \u00bfseguir\u00e1 subiendo tras la flexibilizaci\u00f3n? - GYS NOTICIAS |","isPartOf":{"@id":"https:\/\/gysfm.com.ar\/inicio\/#website"},"primaryImageOfPage":{"@id":"https:\/\/gysfm.com.ar\/inicio\/el-ratio-sobre-depositos-marco-un-record-desde-2019-seguira-subiendo-tras-la-flexibilizacion\/#primaryimage"},"image":{"@id":"https:\/\/gysfm.com.ar\/inicio\/el-ratio-sobre-depositos-marco-un-record-desde-2019-seguira-subiendo-tras-la-flexibilizacion\/#primaryimage"},"thumbnailUrl":"https:\/\/gysfm.com.ar\/inicio\/wp-content\/uploads\/2026\/08\/dolares-millones-plata.jpg","datePublished":"2026-08-28T11:08:20+00:00","breadcrumb":{"@id":"https:\/\/gysfm.com.ar\/inicio\/el-ratio-sobre-depositos-marco-un-record-desde-2019-seguira-subiendo-tras-la-flexibilizacion\/#breadcrumb"},"inLanguage":"es","potentialAction":[{"@type":"ReadAction","target":["https:\/\/gysfm.com.ar\/inicio\/el-ratio-sobre-depositos-marco-un-record-desde-2019-seguira-subiendo-tras-la-flexibilizacion\/"]}]},{"@type":"ImageObject","inLanguage":"es","@id":"https:\/\/gysfm.com.ar\/inicio\/el-ratio-sobre-depositos-marco-un-record-desde-2019-seguira-subiendo-tras-la-flexibilizacion\/#primaryimage","url":"https:\/\/gysfm.com.ar\/inicio\/wp-content\/uploads\/2026\/08\/dolares-millones-plata.jpg","contentUrl":"https:\/\/gysfm.com.ar\/inicio\/wp-content\/uploads\/2026\/08\/dolares-millones-plata.jpg","width":1200,"height":675},{"@type":"BreadcrumbList","@id":"https:\/\/gysfm.com.ar\/inicio\/el-ratio-sobre-depositos-marco-un-record-desde-2019-seguira-subiendo-tras-la-flexibilizacion\/#breadcrumb","itemListElement":[{"@type":"ListItem","position":1,"name":"Portada","item":"https:\/\/gysfm.com.ar\/inicio\/"},{"@type":"ListItem","position":2,"name":"el ratio sobre dep\u00f3sitos marc\u00f3 un r\u00e9cord desde 2019, \u00bfseguir\u00e1 subiendo tras la flexibilizaci\u00f3n?"}]},{"@type":"WebSite","@id":"https:\/\/gysfm.com.ar\/inicio\/#website","url":"https:\/\/gysfm.com.ar\/inicio\/","name":"GYS NOTICIAS |","description":"DIARIO - RADIO ONLINE SAN JUAN ARGENTINA","publisher":{"@id":"https:\/\/gysfm.com.ar\/inicio\/#organization"},"potentialAction":[{"@type":"SearchAction","target":{"@type":"EntryPoint","urlTemplate":"https:\/\/gysfm.com.ar\/inicio\/?s={search_term_string}"},"query-input":{"@type":"PropertyValueSpecification","valueRequired":true,"valueName":"search_term_string"}}],"inLanguage":"es"},{"@type":"Organization","@id":"https:\/\/gysfm.com.ar\/inicio\/#organization","name":"GYS NOTICIAS |","url":"https:\/\/gysfm.com.ar\/inicio\/","logo":{"@type":"ImageObject","inLanguage":"es","@id":"https:\/\/gysfm.com.ar\/inicio\/#\/schema\/logo\/image\/","url":"https:\/\/gysfm.com.ar\/inicio\/wp-content\/uploads\/2023\/07\/LOGOGYS-OK.png","contentUrl":"https:\/\/gysfm.com.ar\/inicio\/wp-content\/uploads\/2023\/07\/LOGOGYS-OK.png","width":1170,"height":872,"caption":"GYS NOTICIAS |"},"image":{"@id":"https:\/\/gysfm.com.ar\/inicio\/#\/schema\/logo\/image\/"}},{"@type":"Person","@id":"https:\/\/gysfm.com.ar\/inicio\/#\/schema\/person\/5bedd7ecd35cc35548d89effafa23696","name":"admin","image":{"@type":"ImageObject","inLanguage":"es","@id":"https:\/\/gysfm.com.ar\/inicio\/#\/schema\/person\/image\/","url":"https:\/\/secure.gravatar.com\/avatar\/c331d312b5243fb64d5ba28108a447b27c925295129a363082c9ea52c28d32c2?s=96&d=mm&r=g","contentUrl":"https:\/\/secure.gravatar.com\/avatar\/c331d312b5243fb64d5ba28108a447b27c925295129a363082c9ea52c28d32c2?s=96&d=mm&r=g","caption":"admin"},"sameAs":["https:\/\/gysfm.com.ar\/inicio"],"url":"https:\/\/gysfm.com.ar\/inicio\/author\/admin\/"}]}},"_links":{"self":[{"href":"https:\/\/gysfm.com.ar\/inicio\/wp-json\/wp\/v2\/posts\/209645","targetHints":{"allow":["GET"]}}],"collection":[{"href":"https:\/\/gysfm.com.ar\/inicio\/wp-json\/wp\/v2\/posts"}],"about":[{"href":"https:\/\/gysfm.com.ar\/inicio\/wp-json\/wp\/v2\/types\/post"}],"author":[{"embeddable":true,"href":"https:\/\/gysfm.com.ar\/inicio\/wp-json\/wp\/v2\/users\/1"}],"replies":[{"embeddable":true,"href":"https:\/\/gysfm.com.ar\/inicio\/wp-json\/wp\/v2\/comments?post=209645"}],"version-history":[{"count":0,"href":"https:\/\/gysfm.com.ar\/inicio\/wp-json\/wp\/v2\/posts\/209645\/revisions"}],"wp:featuredmedia":[{"embeddable":true,"href":"https:\/\/gysfm.com.ar\/inicio\/wp-json\/wp\/v2\/media\/209646"}],"wp:attachment":[{"href":"https:\/\/gysfm.com.ar\/inicio\/wp-json\/wp\/v2\/media?parent=209645"}],"wp:term":[{"taxonomy":"category","embeddable":true,"href":"https:\/\/gysfm.com.ar\/inicio\/wp-json\/wp\/v2\/categories?post=209645"},{"taxonomy":"post_tag","embeddable":true,"href":"https:\/\/gysfm.com.ar\/inicio\/wp-json\/wp\/v2\/tags?post=209645"}],"curies":[{"name":"wp","href":"https:\/\/api.w.org\/{rel}","templated":true}]}}