{"id":209643,"date":"2026-08-28T07:17:07","date_gmt":"2026-08-28T10:17:07","guid":{"rendered":"https:\/\/gysfm.com.ar\/inicio\/trump-le-cambio-el-nombre-por-decreto-a-un-lago-que-comparte-con-canada-y-ahora-dice-que-quiere-rebautizar-un-oceano\/"},"modified":"2026-08-28T07:17:07","modified_gmt":"2026-08-28T10:17:07","slug":"trump-le-cambio-el-nombre-por-decreto-a-un-lago-que-comparte-con-canada-y-ahora-dice-que-quiere-rebautizar-un-oceano","status":"publish","type":"post","link":"https:\/\/gysfm.com.ar\/inicio\/trump-le-cambio-el-nombre-por-decreto-a-un-lago-que-comparte-con-canada-y-ahora-dice-que-quiere-rebautizar-un-oceano\/","title":{"rendered":"Trump le cambi\u00f3 el nombre por decreto a un lago que comparte con Canad\u00e1 y ahora dice que quiere rebautizar un oc\u00e9ano"},"content":{"rendered":"<p> <br \/>\n<\/p>\n<div>\n<p class=\"com-paragraph --capital --s text-left\">WASHINGTON.\u2013 El presidente de Estados Unidos, <a href=\"https:\/\/www.lanacion.com.ar\/el-mundo\/tanto-en-el-pais-como-en-el-extranjero-el-respeto-hacia-trump-se-transforma-cada-vez-mas-en-desafio-nid26082026\/\" target=\"_self\" title=\"https:\/\/www.lanacion.com.ar\/el-mundo\/tanto-en-el-pais-como-en-el-extranjero-el-respeto-hacia-trump-se-transforma-cada-vez-mas-en-desafio-nid26082026\/\" class=\"com-link break-word\" data-mrf-recirculation=\"n_link_parrafo\"><strong>Donald Trump<\/strong><\/a><strong>, firm\u00f3 este jueves una orden ejecutiva para cambiar \u201cinmediatamente\u201d el nombre del lago Ontario por <\/strong><a href=\"https:\/\/www.lanacion.com.ar\/estados-unidos\/trump-considera-renombrar-el-lago-ontario-como-lago-america-en-plena-guerra-comercial-con-canada-nid25082026-2\/\" target=\"_self\" title=\"https:\/\/www.lanacion.com.ar\/estados-unidos\/trump-considera-renombrar-el-lago-ontario-como-lago-america-en-plena-guerra-comercial-con-canada-nid25082026-2\/\" class=\"com-link break-word\" data-mrf-recirculation=\"n_link_parrafo\"><strong>\u201cLago de Am\u00e9rica\u201d<\/strong><\/a>, en una nueva escalada simb\u00f3lica de la confrontaci\u00f3n diplom\u00e1tica y comercial entre <a href=\"https:\/\/www.lanacion.com.ar\/estados-unidos\/eeuu-pone-en-pausa-las-citas-para-visas-de-inmigrante-para-solicitantes-de-todo-el-mundo-nid26082026\/\" target=\"_self\" title=\"https:\/\/www.lanacion.com.ar\/estados-unidos\/eeuu-pone-en-pausa-las-citas-para-visas-de-inmigrante-para-solicitantes-de-todo-el-mundo-nid26082026\/\" class=\"com-link break-word\" data-mrf-recirculation=\"n_link_parrafo\">Washington<\/a> y <a href=\"https:\/\/www.lanacion.com.ar\/el-mundo\/la-disputa-comercial-entre-canada-y-estados-unidos-abre-un-inesperado-frente-por-el-idioma-nid25082026\/\" target=\"_self\" title=\"https:\/\/www.lanacion.com.ar\/el-mundo\/la-disputa-comercial-entre-canada-y-estados-unidos-abre-un-inesperado-frente-por-el-idioma-nid25082026\/\" class=\"com-link break-word\" data-mrf-recirculation=\"n_link_parrafo\">Ottawa<\/a>.<\/p>\n<p class=\"com-paragraph --s\">\u201cVamos a cambiar el nombre del lago Ontario, con efecto inmediato, a Lago de Am\u00e9rica\u201d, dijo Trump en el Despacho Oval antes de firmar la orden. La medida instruye al secretario del Interior, Doug Burgum, a actualizar el Sistema de Informaci\u00f3n de Nombres Geogr\u00e1ficos de Estados Unidos para incorporar la nueva denominaci\u00f3n.<\/p>\n<p class=\"com-paragraph --s\"><strong>Mark Carney, primer ministro de Canad\u00e1, le respondi\u00f3 con firmeza a Trump<\/strong> y asegur\u00f3 que el <strong>Lago Ontario se llamar\u00e1 as\u00ed \u201cahora y siempre\u201d<\/strong>.<\/p>\n<p class=\"com-paragraph --s\">En un mensaje publicado en X, record\u00f3 que el nombre Ontario proviene de la palabra wendat \u201cOntari\u2019io\u201d, que significa \u201cel lago es hermoso, el lago es grande\u201d, y que tiene m\u00e1s de 400 a\u00f1os de historia, anteriores tanto a la Confederaci\u00f3n canadiense como a la independencia estadounidense. \u201cSabemos que los Estados Unidos est\u00e1n cambiando. Sus relaciones comerciales, su pol\u00edtica exterior, sus monumentos nacionales, sus hidr\u00f3nimos\u201d, escribi\u00f3.<strong> \u201cLas canadienses y los canadienses tambi\u00e9n saben que hay que llamar a las cosas por su nombre, y este lago se llama Lago Ontario, hoy y siempre\u201d<\/strong>, sever\u00f3.<\/p>\n<p class=\"com-paragraph --s\">El anuncio de Trump se produjo en medio de una <strong>creciente disputa comercial con Canad\u00e1<\/strong>, despu\u00e9s del fracaso de las negociaciones entre ambos pa\u00edses y de la<strong> imposici\u00f3n de nuevos aranceles<\/strong>. <\/p>\n<p class=\"com-paragraph --s\">Las autoridades canadienses ya anticiparon que <strong>no reconocer\u00e1n el cambio de nombre<\/strong>, que afecta a uno de los Grandes Lagos y a una masa de agua compartida por los dos pa\u00edses.<\/p>\n<p class=\"com-paragraph --s\">Trump, que en los \u00faltimos d\u00edas hab\u00eda amenazado con rebautizar el lago, asegur\u00f3 que la decisi\u00f3n no buscaba enviar \u201cning\u00fan mensaje\u201d a Canad\u00e1. \u201cLlevo mucho tiempo pensando en el Lago de Am\u00e9rica\u201d, afirm\u00f3.<\/p>\n<p class=\"com-paragraph --s\">El presidente estadounidense traz\u00f3 adem\u00e1s un paralelismo con otra de sus iniciativas de pol\u00edtica geogr\u00e1fica como el cambio de nombre del <strong>Golfo de M\u00e9xico a \u201cGolfo de Am\u00e9rica\u201d<\/strong>, que orden\u00f3 poco despu\u00e9s de regresar a la Casa Blanca para un segundo mandato.<\/p>\n<p class=\"com-paragraph --s\"><strong>\u201cSi lo piensas bien, tenemos un golfo y tenemos un lago. Ahora, lo \u00fanico que nos falta es un oc\u00e9ano\u201d<\/strong>, dijo Trump, en tono jocoso, sin precisar si se refer\u00eda al Atl\u00e1ntico o al Pac\u00edfico.<\/p>\n<p class=\"com-paragraph --s\">La nueva denominaci\u00f3n del lago fue anunciada apenas dos d\u00edas despu\u00e9s de que Trump planteara p\u00fablicamente la posibilidad en su red social Truth Social. \u201cEstados Unidos est\u00e1 considerando seriamente cambiar el nombre del lago Ontario a lago Am\u00e9rica, ya que no esperamos seguir haciendo muchos negocios con Ontario\u201d, hab\u00eda escrito.<\/p>\n<p><h2 class=\"font-primary font-w-bold text-subheading-lg text-left container-center-100 mb-8\"><span>Un lago en el centro de la disputa<\/span><\/h2>\n<\/p>\n<p class=\"com-paragraph --s\">El cambio de nombre llega en un momento particularmente tenso entre Washington y Ottawa. <strong>Trump elev\u00f3 recientemente al 50% los aranceles sobre determinados productos canadienses<\/strong>, despu\u00e9s de que fracasaran las conversaciones comerciales, y tambi\u00e9n <strong>amenaz\u00f3 con aplicar nuevos grav\u00e1menes de la misma magnitud a veh\u00edculos, autopartes y productos de acero<\/strong>.<\/p>\n<p class=\"com-paragraph --s\">El primer ministro canadiense, <strong>Mark Carney, respondi\u00f3 con medidas de represalia y acus\u00f3 a Estados Unidos de poner en riesgo industrias fundamentales de su pa\u00eds<\/strong>. <\/p>\n<p class=\"com-paragraph --s\">A su vez, el <strong>premier de Ontario<\/strong>, Doug Ford, protagoniz\u00f3 un duro intercambio p\u00fablico con Trump y <strong>calific\u00f3 la amenaza de rebautizar el lago como \u201cpura ret\u00f3rica\u201d<\/strong>. Ford sostuvo que la guerra comercial est\u00e1 perjudicando a ambos pa\u00edses y llam\u00f3 a Washington y Ottawa a \u201cvolver a la mesa de negociaciones\u201d.<\/p>\n<p class=\"com-paragraph --s\">El<strong> lago Ontario tiene adem\u00e1s una importancia econ\u00f3mica que trasciende a la provincia canadiense<\/strong> que lleva su nombre. La frontera entre Estados Unidos y Canad\u00e1 atraviesa sus aguas y el lago separa, entre otros puntos, la ciudad estadounidense de Buffalo de Toronto, la ciudad m\u00e1s poblada de Canad\u00e1.<\/p>\n<p class=\"com-paragraph --s\"><strong>Ontario es tambi\u00e9n un importante socio comercial para Estados Unidos y el principal destino de las exportaciones de m\u00e1s de una docena de estados estadounidenses.<\/strong> Por eso, la disputa comercial tiene consecuencias directas para empresas y trabajadores de ambos lados de la frontera.<\/p>\n<p><h2 class=\"font-primary font-w-bold text-subheading-lg text-left container-center-100 mb-8\"><span>Un nombre con siglos de historia<\/span><\/h2>\n<\/p>\n<p class=\"com-paragraph --s\">El lago Ontario tiene un nombre que precede a la existencia de Estados Unidos y Canad\u00e1 como pa\u00edses modernos. El nombre deriva de una expresi\u00f3n ind\u00edgena asociada al pueblo hur\u00f3n, \u201cOntari\u2019io\u201d, vinculada a la idea de \u201clago de aguas brillantes\u201d. La provincia canadiense de Ontario, creada en 1867, tom\u00f3 posteriormente su nombre del lago.<\/p>\n<p class=\"com-paragraph --s\">Estados Unidos puede modificar oficialmente los nombres geogr\u00e1ficos que utiliza su gobierno federal, pero <strong>Trump no tiene autoridad para obligar a Canad\u00e1 ni a otros organismos internacionales a adoptar la nueva denominaci\u00f3n<\/strong>.<\/p>\n<div class=\"content-media\">\n<section role=\"button\" class=\"mod-media   \">\n<figure role=\"button\" tabindex=\"0\" class=\"mod-figure \"><figcaption class=\"mod-figcaption\"><span class=\"com-text --caption --twoxs\">Dos personas miran el lago Ontario desde el puerto Toronto<\/span><span class=\"com-text --credit --twoxs\">Keito Newman &#8211; The Canadian Press<\/span><\/figcaption><\/figure>\n<\/section>\n<\/div>\n<p class=\"com-paragraph --s\"><strong>Tampoco existe una \u00fanica autoridad internacional con poder absoluto para decidir los nombres de todas las masas de agua compartidas <\/strong>por distintos pa\u00edses. <\/p>\n<p class=\"com-paragraph --s\">La Organizaci\u00f3n Hidrogr\u00e1fica Internacional trabaja para establecer criterios comunes en la cartograf\u00eda y denominaci\u00f3n de mares, oc\u00e9anos y aguas navegables, pero los nombres de cuerpos de agua internacionales pueden seguir siendo objeto de decisiones nacionales.<\/p>\n<p class=\"com-paragraph --s\"><strong>Agencias AP y AFP<\/strong><\/p>\n<section class=\"container-center-100 mb-40 border border-bottom border-thin border-neutral-light-700\">\n<hr\/>\n<\/section>\n<\/div>\n<p><script id=\"facebookpixel\" defer=\"\" type=\"text\/javascript\">\n        !function(f,b,e,v,n,t,s)\n        {if(f.fbq)return;n=f.fbq=function(){n.callMethod?\n        n.callMethod.apply(n,arguments):n.queue.push(arguments)};\n        if(!f._fbq)f._fbq=n;n.push=n;n.loaded=!0;n.version='2.0';\n        n.queue=[];t=b.createElement(e);t.async=!0;\n        t.src=v;s=b.getElementsByTagName(e)[0];\n        s.parentNode.insertBefore(t,s)}(window, document,'script',\n        'https:\/\/connect.facebook.net\/en_US\/fbevents.js');\n        fbq('init', '492459597522335');\n        fbq('track', 'PageView');\n    <\/script><br \/>\n<br \/><\/p>\n","protected":false},"excerpt":{"rendered":"<p>WASHINGTON.\u2013 El presidente de Estados Unidos, Donald Trump, firm\u00f3 este jueves una orden ejecutiva para cambiar \u201cinmediatamente\u201d el nombre del lago Ontario por \u201cLago de Am\u00e9rica\u201d, en una nueva escalada simb\u00f3lica de la confrontaci\u00f3n diplom\u00e1tica y comercial entre Washington y Ottawa. \u201cVamos a cambiar el nombre del lago Ontario, con efecto inmediato, a Lago de [&hellip;]<\/p>\n","protected":false},"author":2,"featured_media":209349,"comment_status":"closed","ping_status":"closed","sticky":false,"template":"","format":"standard","meta":{"footnotes":""},"categories":[26],"tags":[],"class_list":["post-209643","post","type-post","status-publish","format-standard","has-post-thumbnail","hentry","category-internacionales"],"yoast_head":"<!-- This site is optimized with the Yoast SEO plugin v24.4 - https:\/\/yoast.com\/wordpress\/plugins\/seo\/ -->\n<title>Trump le cambi\u00f3 el nombre por decreto a un lago que comparte con Canad\u00e1 y ahora dice que quiere rebautizar un oc\u00e9ano - GYS NOTICIAS |<\/title>\n<meta name=\"robots\" content=\"index, follow, max-snippet:-1, max-image-preview:large, max-video-preview:-1\" \/>\n<link rel=\"canonical\" href=\"https:\/\/gysfm.com.ar\/inicio\/trump-le-cambio-el-nombre-por-decreto-a-un-lago-que-comparte-con-canada-y-ahora-dice-que-quiere-rebautizar-un-oceano\/\" \/>\n<meta property=\"og:locale\" content=\"es_ES\" \/>\n<meta property=\"og:type\" content=\"article\" \/>\n<meta property=\"og:title\" content=\"Trump le cambi\u00f3 el nombre por decreto a un lago que comparte con Canad\u00e1 y ahora dice que quiere rebautizar un oc\u00e9ano - GYS NOTICIAS |\" \/>\n<meta property=\"og:description\" content=\"WASHINGTON.\u2013 El presidente de Estados Unidos, Donald Trump, firm\u00f3 este jueves una orden ejecutiva para cambiar \u201cinmediatamente\u201d el nombre del lago Ontario por \u201cLago de Am\u00e9rica\u201d, en una nueva escalada simb\u00f3lica de la confrontaci\u00f3n diplom\u00e1tica y comercial entre Washington y Ottawa. \u201cVamos a cambiar el nombre del lago Ontario, con efecto inmediato, a Lago de [&hellip;]\" \/>\n<meta property=\"og:url\" content=\"https:\/\/gysfm.com.ar\/inicio\/trump-le-cambio-el-nombre-por-decreto-a-un-lago-que-comparte-con-canada-y-ahora-dice-que-quiere-rebautizar-un-oceano\/\" \/>\n<meta property=\"og:site_name\" content=\"GYS NOTICIAS |\" \/>\n<meta property=\"article:published_time\" content=\"2026-08-28T10:17:07+00:00\" \/>\n<meta property=\"og:image\" content=\"https:\/\/gysfm.com.ar\/inicio\/wp-content\/uploads\/2026\/08\/lago-6ISHA4IGFRBTDI6YPXX5IVDLTY.jpg\" \/>\n\t<meta property=\"og:image:width\" content=\"1200\" \/>\n\t<meta property=\"og:image:height\" content=\"800\" \/>\n\t<meta property=\"og:image:type\" content=\"image\/jpeg\" \/>\n<meta name=\"author\" content=\"Prensa G&amp;S FM\" \/>\n<meta name=\"twitter:card\" content=\"summary_large_image\" \/>\n<meta name=\"twitter:label1\" content=\"Escrito por\" \/>\n\t<meta name=\"twitter:data1\" content=\"Prensa G&amp;S FM\" \/>\n\t<meta name=\"twitter:label2\" content=\"Tiempo de lectura\" \/>\n\t<meta name=\"twitter:data2\" content=\"4 minutos\" \/>\n<script type=\"application\/ld+json\" class=\"yoast-schema-graph\">{\"@context\":\"https:\/\/schema.org\",\"@graph\":[{\"@type\":\"Article\",\"@id\":\"https:\/\/gysfm.com.ar\/inicio\/trump-le-cambio-el-nombre-por-decreto-a-un-lago-que-comparte-con-canada-y-ahora-dice-que-quiere-rebautizar-un-oceano\/#article\",\"isPartOf\":{\"@id\":\"https:\/\/gysfm.com.ar\/inicio\/trump-le-cambio-el-nombre-por-decreto-a-un-lago-que-comparte-con-canada-y-ahora-dice-que-quiere-rebautizar-un-oceano\/\"},\"author\":{\"name\":\"Prensa G&amp;S FM\",\"@id\":\"https:\/\/gysfm.com.ar\/inicio\/#\/schema\/person\/3abba7593ef2ad19e1be221d54383dc5\"},\"headline\":\"Trump le cambi\u00f3 el nombre por decreto a un lago que comparte con Canad\u00e1 y ahora dice que quiere rebautizar un oc\u00e9ano\",\"datePublished\":\"2026-08-28T10:17:07+00:00\",\"mainEntityOfPage\":{\"@id\":\"https:\/\/gysfm.com.ar\/inicio\/trump-le-cambio-el-nombre-por-decreto-a-un-lago-que-comparte-con-canada-y-ahora-dice-que-quiere-rebautizar-un-oceano\/\"},\"wordCount\":918,\"publisher\":{\"@id\":\"https:\/\/gysfm.com.ar\/inicio\/#organization\"},\"image\":{\"@id\":\"https:\/\/gysfm.com.ar\/inicio\/trump-le-cambio-el-nombre-por-decreto-a-un-lago-que-comparte-con-canada-y-ahora-dice-que-quiere-rebautizar-un-oceano\/#primaryimage\"},\"thumbnailUrl\":\"https:\/\/gysfm.com.ar\/inicio\/wp-content\/uploads\/2026\/08\/lago-6ISHA4IGFRBTDI6YPXX5IVDLTY.jpg\",\"articleSection\":[\"INTERNACIONALES\"],\"inLanguage\":\"es\"},{\"@type\":\"WebPage\",\"@id\":\"https:\/\/gysfm.com.ar\/inicio\/trump-le-cambio-el-nombre-por-decreto-a-un-lago-que-comparte-con-canada-y-ahora-dice-que-quiere-rebautizar-un-oceano\/\",\"url\":\"https:\/\/gysfm.com.ar\/inicio\/trump-le-cambio-el-nombre-por-decreto-a-un-lago-que-comparte-con-canada-y-ahora-dice-que-quiere-rebautizar-un-oceano\/\",\"name\":\"Trump le cambi\u00f3 el nombre por decreto a un lago que comparte con Canad\u00e1 y ahora dice que quiere rebautizar un oc\u00e9ano - GYS NOTICIAS |\",\"isPartOf\":{\"@id\":\"https:\/\/gysfm.com.ar\/inicio\/#website\"},\"primaryImageOfPage\":{\"@id\":\"https:\/\/gysfm.com.ar\/inicio\/trump-le-cambio-el-nombre-por-decreto-a-un-lago-que-comparte-con-canada-y-ahora-dice-que-quiere-rebautizar-un-oceano\/#primaryimage\"},\"image\":{\"@id\":\"https:\/\/gysfm.com.ar\/inicio\/trump-le-cambio-el-nombre-por-decreto-a-un-lago-que-comparte-con-canada-y-ahora-dice-que-quiere-rebautizar-un-oceano\/#primaryimage\"},\"thumbnailUrl\":\"https:\/\/gysfm.com.ar\/inicio\/wp-content\/uploads\/2026\/08\/lago-6ISHA4IGFRBTDI6YPXX5IVDLTY.jpg\",\"datePublished\":\"2026-08-28T10:17:07+00:00\",\"breadcrumb\":{\"@id\":\"https:\/\/gysfm.com.ar\/inicio\/trump-le-cambio-el-nombre-por-decreto-a-un-lago-que-comparte-con-canada-y-ahora-dice-que-quiere-rebautizar-un-oceano\/#breadcrumb\"},\"inLanguage\":\"es\",\"potentialAction\":[{\"@type\":\"ReadAction\",\"target\":[\"https:\/\/gysfm.com.ar\/inicio\/trump-le-cambio-el-nombre-por-decreto-a-un-lago-que-comparte-con-canada-y-ahora-dice-que-quiere-rebautizar-un-oceano\/\"]}]},{\"@type\":\"ImageObject\",\"inLanguage\":\"es\",\"@id\":\"https:\/\/gysfm.com.ar\/inicio\/trump-le-cambio-el-nombre-por-decreto-a-un-lago-que-comparte-con-canada-y-ahora-dice-que-quiere-rebautizar-un-oceano\/#primaryimage\",\"url\":\"https:\/\/gysfm.com.ar\/inicio\/wp-content\/uploads\/2026\/08\/lago-6ISHA4IGFRBTDI6YPXX5IVDLTY.jpg\",\"contentUrl\":\"https:\/\/gysfm.com.ar\/inicio\/wp-content\/uploads\/2026\/08\/lago-6ISHA4IGFRBTDI6YPXX5IVDLTY.jpg\",\"width\":1200,\"height\":800},{\"@type\":\"BreadcrumbList\",\"@id\":\"https:\/\/gysfm.com.ar\/inicio\/trump-le-cambio-el-nombre-por-decreto-a-un-lago-que-comparte-con-canada-y-ahora-dice-que-quiere-rebautizar-un-oceano\/#breadcrumb\",\"itemListElement\":[{\"@type\":\"ListItem\",\"position\":1,\"name\":\"Portada\",\"item\":\"https:\/\/gysfm.com.ar\/inicio\/\"},{\"@type\":\"ListItem\",\"position\":2,\"name\":\"Trump le cambi\u00f3 el nombre por decreto a un lago que comparte con Canad\u00e1 y ahora dice que quiere rebautizar un oc\u00e9ano\"}]},{\"@type\":\"WebSite\",\"@id\":\"https:\/\/gysfm.com.ar\/inicio\/#website\",\"url\":\"https:\/\/gysfm.com.ar\/inicio\/\",\"name\":\"GYS NOTICIAS |\",\"description\":\"DIARIO - RADIO ONLINE SAN JUAN ARGENTINA\",\"publisher\":{\"@id\":\"https:\/\/gysfm.com.ar\/inicio\/#organization\"},\"potentialAction\":[{\"@type\":\"SearchAction\",\"target\":{\"@type\":\"EntryPoint\",\"urlTemplate\":\"https:\/\/gysfm.com.ar\/inicio\/?s={search_term_string}\"},\"query-input\":{\"@type\":\"PropertyValueSpecification\",\"valueRequired\":true,\"valueName\":\"search_term_string\"}}],\"inLanguage\":\"es\"},{\"@type\":\"Organization\",\"@id\":\"https:\/\/gysfm.com.ar\/inicio\/#organization\",\"name\":\"GYS NOTICIAS |\",\"url\":\"https:\/\/gysfm.com.ar\/inicio\/\",\"logo\":{\"@type\":\"ImageObject\",\"inLanguage\":\"es\",\"@id\":\"https:\/\/gysfm.com.ar\/inicio\/#\/schema\/logo\/image\/\",\"url\":\"https:\/\/gysfm.com.ar\/inicio\/wp-content\/uploads\/2023\/07\/LOGOGYS-OK.png\",\"contentUrl\":\"https:\/\/gysfm.com.ar\/inicio\/wp-content\/uploads\/2023\/07\/LOGOGYS-OK.png\",\"width\":1170,\"height\":872,\"caption\":\"GYS NOTICIAS |\"},\"image\":{\"@id\":\"https:\/\/gysfm.com.ar\/inicio\/#\/schema\/logo\/image\/\"}},{\"@type\":\"Person\",\"@id\":\"https:\/\/gysfm.com.ar\/inicio\/#\/schema\/person\/3abba7593ef2ad19e1be221d54383dc5\",\"name\":\"Prensa G&amp;S FM\",\"image\":{\"@type\":\"ImageObject\",\"inLanguage\":\"es\",\"@id\":\"https:\/\/gysfm.com.ar\/inicio\/#\/schema\/person\/image\/\",\"url\":\"https:\/\/secure.gravatar.com\/avatar\/096ec78df02049ab018702bb4ccedf659377fa92a26540b5247612077a0dbd29?s=96&d=mm&r=g\",\"contentUrl\":\"https:\/\/secure.gravatar.com\/avatar\/096ec78df02049ab018702bb4ccedf659377fa92a26540b5247612077a0dbd29?s=96&d=mm&r=g\",\"caption\":\"Prensa G&amp;S FM\"},\"sameAs\":[\"https:\/\/gysfm.com.ar\/\"],\"url\":\"https:\/\/gysfm.com.ar\/inicio\/author\/lucasm\/\"}]}<\/script>\n<!-- \/ Yoast SEO plugin. -->","yoast_head_json":{"title":"Trump le cambi\u00f3 el nombre por decreto a un lago que comparte con Canad\u00e1 y ahora dice que quiere rebautizar un oc\u00e9ano - GYS NOTICIAS |","robots":{"index":"index","follow":"follow","max-snippet":"max-snippet:-1","max-image-preview":"max-image-preview:large","max-video-preview":"max-video-preview:-1"},"canonical":"https:\/\/gysfm.com.ar\/inicio\/trump-le-cambio-el-nombre-por-decreto-a-un-lago-que-comparte-con-canada-y-ahora-dice-que-quiere-rebautizar-un-oceano\/","og_locale":"es_ES","og_type":"article","og_title":"Trump le cambi\u00f3 el nombre por decreto a un lago que comparte con Canad\u00e1 y ahora dice que quiere rebautizar un oc\u00e9ano - GYS NOTICIAS |","og_description":"WASHINGTON.\u2013 El presidente de Estados Unidos, Donald Trump, firm\u00f3 este jueves una orden ejecutiva para cambiar \u201cinmediatamente\u201d el nombre del lago Ontario por \u201cLago de Am\u00e9rica\u201d, en una nueva escalada simb\u00f3lica de la confrontaci\u00f3n diplom\u00e1tica y comercial entre Washington y Ottawa. \u201cVamos a cambiar el nombre del lago Ontario, con efecto inmediato, a Lago de [&hellip;]","og_url":"https:\/\/gysfm.com.ar\/inicio\/trump-le-cambio-el-nombre-por-decreto-a-un-lago-que-comparte-con-canada-y-ahora-dice-que-quiere-rebautizar-un-oceano\/","og_site_name":"GYS NOTICIAS |","article_published_time":"2026-08-28T10:17:07+00:00","og_image":[{"width":1200,"height":800,"url":"https:\/\/gysfm.com.ar\/inicio\/wp-content\/uploads\/2026\/08\/lago-6ISHA4IGFRBTDI6YPXX5IVDLTY.jpg","type":"image\/jpeg"}],"author":"Prensa G&amp;S FM","twitter_card":"summary_large_image","twitter_misc":{"Escrito por":"Prensa G&amp;S FM","Tiempo de lectura":"4 minutos"},"schema":{"@context":"https:\/\/schema.org","@graph":[{"@type":"Article","@id":"https:\/\/gysfm.com.ar\/inicio\/trump-le-cambio-el-nombre-por-decreto-a-un-lago-que-comparte-con-canada-y-ahora-dice-que-quiere-rebautizar-un-oceano\/#article","isPartOf":{"@id":"https:\/\/gysfm.com.ar\/inicio\/trump-le-cambio-el-nombre-por-decreto-a-un-lago-que-comparte-con-canada-y-ahora-dice-que-quiere-rebautizar-un-oceano\/"},"author":{"name":"Prensa G&amp;S FM","@id":"https:\/\/gysfm.com.ar\/inicio\/#\/schema\/person\/3abba7593ef2ad19e1be221d54383dc5"},"headline":"Trump le cambi\u00f3 el nombre por decreto a un lago que comparte con Canad\u00e1 y ahora dice que quiere rebautizar un oc\u00e9ano","datePublished":"2026-08-28T10:17:07+00:00","mainEntityOfPage":{"@id":"https:\/\/gysfm.com.ar\/inicio\/trump-le-cambio-el-nombre-por-decreto-a-un-lago-que-comparte-con-canada-y-ahora-dice-que-quiere-rebautizar-un-oceano\/"},"wordCount":918,"publisher":{"@id":"https:\/\/gysfm.com.ar\/inicio\/#organization"},"image":{"@id":"https:\/\/gysfm.com.ar\/inicio\/trump-le-cambio-el-nombre-por-decreto-a-un-lago-que-comparte-con-canada-y-ahora-dice-que-quiere-rebautizar-un-oceano\/#primaryimage"},"thumbnailUrl":"https:\/\/gysfm.com.ar\/inicio\/wp-content\/uploads\/2026\/08\/lago-6ISHA4IGFRBTDI6YPXX5IVDLTY.jpg","articleSection":["INTERNACIONALES"],"inLanguage":"es"},{"@type":"WebPage","@id":"https:\/\/gysfm.com.ar\/inicio\/trump-le-cambio-el-nombre-por-decreto-a-un-lago-que-comparte-con-canada-y-ahora-dice-que-quiere-rebautizar-un-oceano\/","url":"https:\/\/gysfm.com.ar\/inicio\/trump-le-cambio-el-nombre-por-decreto-a-un-lago-que-comparte-con-canada-y-ahora-dice-que-quiere-rebautizar-un-oceano\/","name":"Trump le cambi\u00f3 el nombre por decreto a un lago que comparte con Canad\u00e1 y ahora dice que quiere rebautizar un oc\u00e9ano - GYS NOTICIAS |","isPartOf":{"@id":"https:\/\/gysfm.com.ar\/inicio\/#website"},"primaryImageOfPage":{"@id":"https:\/\/gysfm.com.ar\/inicio\/trump-le-cambio-el-nombre-por-decreto-a-un-lago-que-comparte-con-canada-y-ahora-dice-que-quiere-rebautizar-un-oceano\/#primaryimage"},"image":{"@id":"https:\/\/gysfm.com.ar\/inicio\/trump-le-cambio-el-nombre-por-decreto-a-un-lago-que-comparte-con-canada-y-ahora-dice-que-quiere-rebautizar-un-oceano\/#primaryimage"},"thumbnailUrl":"https:\/\/gysfm.com.ar\/inicio\/wp-content\/uploads\/2026\/08\/lago-6ISHA4IGFRBTDI6YPXX5IVDLTY.jpg","datePublished":"2026-08-28T10:17:07+00:00","breadcrumb":{"@id":"https:\/\/gysfm.com.ar\/inicio\/trump-le-cambio-el-nombre-por-decreto-a-un-lago-que-comparte-con-canada-y-ahora-dice-que-quiere-rebautizar-un-oceano\/#breadcrumb"},"inLanguage":"es","potentialAction":[{"@type":"ReadAction","target":["https:\/\/gysfm.com.ar\/inicio\/trump-le-cambio-el-nombre-por-decreto-a-un-lago-que-comparte-con-canada-y-ahora-dice-que-quiere-rebautizar-un-oceano\/"]}]},{"@type":"ImageObject","inLanguage":"es","@id":"https:\/\/gysfm.com.ar\/inicio\/trump-le-cambio-el-nombre-por-decreto-a-un-lago-que-comparte-con-canada-y-ahora-dice-que-quiere-rebautizar-un-oceano\/#primaryimage","url":"https:\/\/gysfm.com.ar\/inicio\/wp-content\/uploads\/2026\/08\/lago-6ISHA4IGFRBTDI6YPXX5IVDLTY.jpg","contentUrl":"https:\/\/gysfm.com.ar\/inicio\/wp-content\/uploads\/2026\/08\/lago-6ISHA4IGFRBTDI6YPXX5IVDLTY.jpg","width":1200,"height":800},{"@type":"BreadcrumbList","@id":"https:\/\/gysfm.com.ar\/inicio\/trump-le-cambio-el-nombre-por-decreto-a-un-lago-que-comparte-con-canada-y-ahora-dice-que-quiere-rebautizar-un-oceano\/#breadcrumb","itemListElement":[{"@type":"ListItem","position":1,"name":"Portada","item":"https:\/\/gysfm.com.ar\/inicio\/"},{"@type":"ListItem","position":2,"name":"Trump le cambi\u00f3 el nombre por decreto a un lago que comparte con Canad\u00e1 y ahora dice que quiere rebautizar un oc\u00e9ano"}]},{"@type":"WebSite","@id":"https:\/\/gysfm.com.ar\/inicio\/#website","url":"https:\/\/gysfm.com.ar\/inicio\/","name":"GYS NOTICIAS |","description":"DIARIO - RADIO ONLINE SAN JUAN ARGENTINA","publisher":{"@id":"https:\/\/gysfm.com.ar\/inicio\/#organization"},"potentialAction":[{"@type":"SearchAction","target":{"@type":"EntryPoint","urlTemplate":"https:\/\/gysfm.com.ar\/inicio\/?s={search_term_string}"},"query-input":{"@type":"PropertyValueSpecification","valueRequired":true,"valueName":"search_term_string"}}],"inLanguage":"es"},{"@type":"Organization","@id":"https:\/\/gysfm.com.ar\/inicio\/#organization","name":"GYS NOTICIAS |","url":"https:\/\/gysfm.com.ar\/inicio\/","logo":{"@type":"ImageObject","inLanguage":"es","@id":"https:\/\/gysfm.com.ar\/inicio\/#\/schema\/logo\/image\/","url":"https:\/\/gysfm.com.ar\/inicio\/wp-content\/uploads\/2023\/07\/LOGOGYS-OK.png","contentUrl":"https:\/\/gysfm.com.ar\/inicio\/wp-content\/uploads\/2023\/07\/LOGOGYS-OK.png","width":1170,"height":872,"caption":"GYS NOTICIAS |"},"image":{"@id":"https:\/\/gysfm.com.ar\/inicio\/#\/schema\/logo\/image\/"}},{"@type":"Person","@id":"https:\/\/gysfm.com.ar\/inicio\/#\/schema\/person\/3abba7593ef2ad19e1be221d54383dc5","name":"Prensa G&amp;S FM","image":{"@type":"ImageObject","inLanguage":"es","@id":"https:\/\/gysfm.com.ar\/inicio\/#\/schema\/person\/image\/","url":"https:\/\/secure.gravatar.com\/avatar\/096ec78df02049ab018702bb4ccedf659377fa92a26540b5247612077a0dbd29?s=96&d=mm&r=g","contentUrl":"https:\/\/secure.gravatar.com\/avatar\/096ec78df02049ab018702bb4ccedf659377fa92a26540b5247612077a0dbd29?s=96&d=mm&r=g","caption":"Prensa G&amp;S FM"},"sameAs":["https:\/\/gysfm.com.ar\/"],"url":"https:\/\/gysfm.com.ar\/inicio\/author\/lucasm\/"}]}},"_links":{"self":[{"href":"https:\/\/gysfm.com.ar\/inicio\/wp-json\/wp\/v2\/posts\/209643","targetHints":{"allow":["GET"]}}],"collection":[{"href":"https:\/\/gysfm.com.ar\/inicio\/wp-json\/wp\/v2\/posts"}],"about":[{"href":"https:\/\/gysfm.com.ar\/inicio\/wp-json\/wp\/v2\/types\/post"}],"author":[{"embeddable":true,"href":"https:\/\/gysfm.com.ar\/inicio\/wp-json\/wp\/v2\/users\/2"}],"replies":[{"embeddable":true,"href":"https:\/\/gysfm.com.ar\/inicio\/wp-json\/wp\/v2\/comments?post=209643"}],"version-history":[{"count":1,"href":"https:\/\/gysfm.com.ar\/inicio\/wp-json\/wp\/v2\/posts\/209643\/revisions"}],"predecessor-version":[{"id":209644,"href":"https:\/\/gysfm.com.ar\/inicio\/wp-json\/wp\/v2\/posts\/209643\/revisions\/209644"}],"wp:featuredmedia":[{"embeddable":true,"href":"https:\/\/gysfm.com.ar\/inicio\/wp-json\/wp\/v2\/media\/209349"}],"wp:attachment":[{"href":"https:\/\/gysfm.com.ar\/inicio\/wp-json\/wp\/v2\/media?parent=209643"}],"wp:term":[{"taxonomy":"category","embeddable":true,"href":"https:\/\/gysfm.com.ar\/inicio\/wp-json\/wp\/v2\/categories?post=209643"},{"taxonomy":"post_tag","embeddable":true,"href":"https:\/\/gysfm.com.ar\/inicio\/wp-json\/wp\/v2\/tags?post=209643"}],"curies":[{"name":"wp","href":"https:\/\/api.w.org\/{rel}","templated":true}]}}